{"id":6449,"date":"2024-10-24T14:08:06","date_gmt":"2024-10-24T12:08:06","guid":{"rendered":"https:\/\/agrupacionespsoe.es\/castello\/?p=6449"},"modified":"2026-03-24T09:09:01","modified_gmt":"2026-03-24T08:09:01","slug":"el-pspv-vota-en-contra-de-una-subida-de-impuestos-del-gobierno-de-begona-carrasco-que-supondra-a-las-familias-pagar-una-media-de-86-euros-mas-en-2025","status":"publish","type":"post","link":"https:\/\/agrupacionespsoe.es\/castello\/va\/el-pspv-vota-en-contra-de-una-subida-de-impuestos-del-gobierno-de-begona-carrasco-que-supondra-a-las-familias-pagar-una-media-de-86-euros-mas-en-2025\/","title":{"rendered":"El PSPV vota en contra de una subida de impuestos del gobierno de Bego\u00f1a Carrasco que supondr\u00e1 a las familias pagar una media de 86 euros m\u00e1s en 2025"},"content":{"rendered":"\n<ul class=\"wp-block-list\">\n<li><em><strong>La concejala socialista M\u00f3nica Barab\u00e1s ha acusado a Bego\u00f1a Carrasco de &#8220;ocultar la subida de la tasa de basuras, prometiendo en la campa\u00f1a electoral de 2023 bajar los impuestos a la ciudadan\u00eda, cuando sab\u00eda que esta tasa deb\u00eda aplicarse a partir de abril de 2025 en cumplimiento de una directiva europea&#8221;<\/strong><\/em><\/li>\n\n\n\n<li><em><strong>La revisi\u00f3n de las ordenanzas fiscales, aprobada hoy con el voto a favor de PP y Vox, supondr\u00e1 en t\u00e9rminos generales que una familia que tenga una vivienda de un valor catastral de 70.000 \u20ac s ver\u00e1 rebajado su IBI en solo 8 \u20ac, a lo que se sumar\u00e1 una rebaja de apenas 2 \u20ac si dispone de un veh\u00edculo medio de 10 CV\u201d<\/strong><\/em><\/li>\n\n\n\n<li><em><strong>Frente a ello, PP y Vox han aprobado hoy una subida de la tasa de basuras con un incremento medio de 96 euros, &#8220;con lo que al final tendremos que cada familia de Castell\u00f3 deber\u00e1 pagar en 2025 una media de 86 euros m\u00e1s en impuestos&#8221;<\/strong><\/em><\/li>\n\n\n\n<li><em><strong>Para M\u00f3nica Barab\u00e1s, &#8220;estamos ante un nuevo enga\u00f1o de Carrasco y del Partido Popular, incapaz de tomar medidas valientes para compensar el aumento de la tasa de basuras, de obligado cumplimiento porque as\u00ed lo marc\u00f3 una directiva europea que, hay que recordarlo, fue impulsada en 2008 por un comisario europeo del grupo de centro derecha al que pertenece el PP&#8221;<\/strong><\/em><\/li>\n<\/ul>\n\n\n\n<figure class=\"wp-block-video\"><video autoplay controls src=\"https:\/\/agrupacionespsoe.es\/castello\/wp-content\/uploads\/sites\/45\/2024\/10\/20241024-El-PSPV-vota-en-contra-de-una-subida-de-impuestos-del-gobierno-de-Begona-Carrasco-que-supondra-a-las-familias-pagar-una-media-de-86-euros-mas-en-2025.mp4\"><\/video><\/figure>\n\n\n\n<p>El gobierno de la derecha y la ultraderecha liderado por <strong>Bego\u00f1a Carrasco<\/strong> \u201cha perpetrado hoy\u201d un aumento de la presi\u00f3n fiscal a las familias de Castell\u00f3 que supondr\u00e1 una media de m\u00e1s de 86 euros m\u00e1s a pagar durante 2025\u201d. Pese a las propuestas fiscales del Grupo Municipal Socialista, en las que se planteaban \u201cmedidas valientes\u201d para compensar el incremento de la tasa de basuras el a\u00f1o que viene, \u201cCarrasco nos ha vuelto a demostrar hoy dos cosas: que es incapaz de gestionar y que hace de la mentira el principal instrumento de su actividad pol\u00edtica\u201d.<\/p>\n\n\n\n<p>La concejala socialista <strong>M\u00f3nica Barab\u00e1s<\/strong> ha sido la encargada defender las tesis del PSPV en el pleno extraordinario celebrado esta ma\u00f1ana, en el que \u201cla ultraderecha de Vox y la derecha ultra del PP\u201d han votado en conjunto \u201ca favor de cobrarle m\u00e1s a los y las castellonenses en 2025\u201d. De las cinco ordenanzas aprobadas hoy, el PSPV se ha abstenido en la de ocupaci\u00f3n de v\u00eda p\u00fablica, pero ha votado en contra de las cuatro restantes: el Impuesto de Bienes Inmuebles, el Impuesto sobre el Incremento del Valor de los Terrenos de Naturaleza Urbana, la Ordenanza Fiscal del Impuesto sobre Veh\u00edculos de Tracci\u00f3n Mec\u00e1nica y la modificaci\u00f3n de la Ordenanza Fiscal de las tasas por recogida de residuos s\u00f3lidos urbanos, tratamiento y eliminaci\u00f3n.<\/p>\n\n\n\n<p>Barab\u00e1s, en su intervenci\u00f3n, ha acusado a Bego\u00f1a Carrasco de \u201cquerer ocultar siempre la subida de la tasa de basuras, prometiendo en la campa\u00f1a electoral de 2023 bajar los impuestos a la ciudadan\u00eda cuando sab\u00eda que esta tasa deb\u00eda aplicarse a partir de abril de 2025 en cumplimiento de las directivas europeas&#8221;.<\/p>\n\n\n\n<p>La revisi\u00f3n de las ordenanzas fiscales que han planteado PP y Vox \u201csupondr\u00e1 en t\u00e9rminos generales que una familia que tenga una vivienda de un valor catastral de 70.000 \u20ac ver\u00e1 rebajado su IBI en solo 8 \u20ac, a lo que se sumar\u00e1 una rebaja de apenas 2 \u20ac si dispone de un veh\u00edculo medio de 10 CV\u201d. Frente a ello, el gobierno de Carrasco &#8220;ha ratificado hoy una subida de la tasa de basuras con un incremento medio de 96 euros, con lo que al final tendremos que cada familia de Castell\u00f3 deber\u00e1 pagar en 2025 una media de 86 euros m\u00e1s en impuestos\u201d.<\/p>\n\n\n\n<p>Y para el sector hostelero, \u201cya sabemos que van a presumir\u201d de mantener la exenci\u00f3n de las tasas de ocupaci\u00f3n de v\u00eda p\u00fablica (OVP), \u201cpero la realidad es que un bar con una superficie de 125 metros cuadrados y una OVP de 11,8 m\u00b2 pagar\u00e1 1.345 euros en 2025 al multiplicar por 2 el coste de la basura, una tasa que tambi\u00e9n se duplicar\u00e1 para el resto de negocios sin que el PP haga nada por compensarlo\u201d.<\/p>\n\n\n\n<p>Para la concejala socialista, &#8220;estamos ante la plasmaci\u00f3n de un nuevo enga\u00f1o de Carrasco y del Partido Popular, incapaces de tomar medidas valientes para compensar el aumento de la tasa de basuras, de obligado cumplimiento porque as\u00ed lo marc\u00f3 una directiva europea que, hay que recordarlo, fue impulsada en 2008 por un comisario europeo del grupo al que pertenece el PP&#8221;.<\/p>\n\n\n\n<p>El problema, como ha expuesto la concejala socialista, es que \u201cBego\u00f1a Carrasco, y el PP en general, han sido esclavos de sus palabras, vendiendo continuamente humo con sus promesas populistas de bajada de impuestos conociendo la existencia de esta tasa\u201d.<\/p>\n\n\n\n<p><strong>Demagogia sobre la basura<\/strong><br>En el debate plenario, M\u00f3nica Barab\u00e1s ha recordado que el aumento de la tasa local de residuos s\u00f3lidos urbanos en 2025 parte de una directiva europea impuesta en 2008 por el comisario de Medio Ambiente Stavros Dimas, representante del centro-derecha europeo\u201d. Una directiva que oblig\u00f3 a los estados miembros a tomar medidas en lo que respecta a las tasas y sistemas de pago.<\/p>\n\n\n\n<p>Ello llev\u00f3 a la aprobaci\u00f3n, en el Congreso de los Diputados, de la Ley\/2022 del 8 de abril, \u201cLey a la que el Partido Popular no se opuso aunque eso no haya impedido que la presidenta provincial del PP, Marta Barrachina, haya mentido sin tapujos al escribir estos d\u00edas en un art\u00edculo de opini\u00f3n que el PP vot\u00f3 en contra: eso es falso\u201d.<\/p>\n\n\n\n<p>Una Ley de 2022 que, en cualquier caso, \u201ccumpl\u00eda con las recomendaciones de la Comisi\u00f3n Europea y que recog\u00eda la necesidad de implantar, en el plazo de tres a\u00f1os, una tasa por el servicio de recogida, transporte y tratamiento de residuos\u201d. El pasado a\u00f1o, en 2023, la Comisi\u00f3n Europea \u201cvolvi\u00f3 apuntar que Espa\u00f1a estaba en riesgo de incumplimiento de los objetivos de residuos municipales en 2025, lo que pod\u00eda acarrear sanciones, y esto tambi\u00e9n lo sab\u00eda el PP\u201d.<\/p>\n\n\n\n<p>Para M\u00f3nica Barab\u00e1s, \u201clo lamentable de todo este tema es que aqu\u00ed no hab\u00eda guerra alguna que abrir, porque se trataba de cumplir la ley, y el PP ten\u00eda la posibilidad de haber realizado reuniones de trabajo con el Partido Socialista para buscar f\u00f3rmulas que amortiguasen de forma conjunta este aumento de la tasa, pero nunca han querido dialogar\u201d.<\/p>\n","protected":false},"excerpt":{"rendered":"<p>El gobierno de la derecha y la ultraderecha liderado por Bego\u00f1a Carrasco \u201cha perpetrado hoy\u201d un aumento de la presi\u00f3n fiscal a las familias de Castell\u00f3 que supondr\u00e1 una media de m\u00e1s de 86 euros m\u00e1s a pagar durante 2025\u201d. Pese a las propuestas fiscales del Grupo Municipal Socialista, en las que se planteaban \u201cmedidas &#8230;<\/p>\n","protected":false},"author":48,"featured_media":6451,"comment_status":"open","ping_status":"open","sticky":false,"template":"","format":"standard","meta":{"_jetpack_memberships_contains_paid_content":false,"footnotes":"","jetpack_publicize_message":"","jetpack_publicize_feature_enabled":true,"jetpack_social_post_already_shared":false,"jetpack_social_options":{"image_generator_settings":{"template":"highway","default_image_id":0,"font":"","enabled":false},"version":2}},"categories":[22],"tags":[109,1157,446],"class_list":["post-6449","post","type-post","status-publish","format-standard","has-post-thumbnail","hentry","category-gms-va","tag-monica-barabas-va","tag-multes","tag-todos-va"],"yoast_head":"<!-- This site is optimized with the Yoast SEO plugin v24.0 - https:\/\/yoast.com\/wordpress\/plugins\/seo\/ -->\n<title>El PSPV vota en contra de una subida de impuestos del gobierno de Bego\u00f1a Carrasco que supondr\u00e1 a las familias pagar una media de 86 euros m\u00e1s en 2025 - PSPV-PSOE CASTELL\u00d3<\/title>\n<meta name=\"robots\" content=\"index, follow, max-snippet:-1, max-image-preview:large, max-video-preview:-1\" \/>\n<link rel=\"canonical\" href=\"https:\/\/agrupacionespsoe.es\/castello\/va\/el-pspv-vota-en-contra-de-una-subida-de-impuestos-del-gobierno-de-begona-carrasco-que-supondra-a-las-familias-pagar-una-media-de-86-euros-mas-en-2025\/\" \/>\n<meta property=\"og:locale\" content=\"es_ES\" \/>\n<meta property=\"og:type\" content=\"article\" \/>\n<meta property=\"og:title\" content=\"El PSPV vota en contra de una subida de impuestos del gobierno de Bego\u00f1a Carrasco que supondr\u00e1 a las familias pagar una media de 86 euros m\u00e1s en 2025 - PSPV-PSOE CASTELL\u00d3\" \/>\n<meta property=\"og:description\" content=\"El gobierno de la derecha y la ultraderecha liderado por Bego\u00f1a Carrasco \u201cha perpetrado hoy\u201d un aumento de la presi\u00f3n fiscal a las familias de Castell\u00f3 que supondr\u00e1 una media de m\u00e1s de 86 euros m\u00e1s a pagar durante 2025\u201d. Pese a las propuestas fiscales del Grupo Municipal Socialista, en las que se planteaban \u201cmedidas ...\" \/>\n<meta property=\"og:url\" content=\"https:\/\/agrupacionespsoe.es\/castello\/va\/el-pspv-vota-en-contra-de-una-subida-de-impuestos-del-gobierno-de-begona-carrasco-que-supondra-a-las-familias-pagar-una-media-de-86-euros-mas-en-2025\/\" \/>\n<meta property=\"og:site_name\" content=\"PSPV-PSOE CASTELL\u00d3\" \/>\n<meta property=\"article:publisher\" content=\"https:\/\/www.facebook.com\/pspv.castellodelaplana\" \/>\n<meta property=\"article:published_time\" content=\"2024-10-24T12:08:06+00:00\" \/>\n<meta property=\"article:modified_time\" content=\"2026-03-24T08:09:01+00:00\" \/>\n<meta property=\"og:image\" content=\"https:\/\/agrupacionespsoe.es\/castello\/wp-content\/uploads\/sites\/45\/2024\/10\/20241024-El-PSPV-vota-en-contra-de-una-subida-de-impuestos-del-gobierno-de-Begona-Carrasco-que-supondra-a-las-familias-pagar-una-media-de-86-euros-mas-en-2025-scaled.jpg\" \/>\n\t<meta property=\"og:image:width\" content=\"2560\" \/>\n\t<meta property=\"og:image:height\" content=\"1920\" \/>\n\t<meta property=\"og:image:type\" content=\"image\/jpeg\" \/>\n<meta name=\"author\" content=\"castello1\" \/>\n<meta name=\"twitter:card\" content=\"summary_large_image\" \/>\n<meta name=\"twitter:creator\" content=\"@pspv_cs\" \/>\n<meta name=\"twitter:site\" content=\"@pspv_cs\" \/>\n<meta name=\"twitter:label1\" content=\"Escrito por\" \/>\n\t<meta name=\"twitter:data1\" content=\"castello1\" \/>\n\t<meta name=\"twitter:label2\" content=\"Tiempo de lectura\" \/>\n\t<meta name=\"twitter:data2\" content=\"5 minutos\" \/>\n<script type=\"application\/ld+json\" class=\"yoast-schema-graph\">{\"@context\":\"https:\/\/schema.org\",\"@graph\":[{\"@type\":\"Article\",\"@id\":\"https:\/\/agrupacionespsoe.es\/castello\/va\/el-pspv-vota-en-contra-de-una-subida-de-impuestos-del-gobierno-de-begona-carrasco-que-supondra-a-las-familias-pagar-una-media-de-86-euros-mas-en-2025\/#article\",\"isPartOf\":{\"@id\":\"https:\/\/agrupacionespsoe.es\/castello\/va\/el-pspv-vota-en-contra-de-una-subida-de-impuestos-del-gobierno-de-begona-carrasco-que-supondra-a-las-familias-pagar-una-media-de-86-euros-mas-en-2025\/\"},\"author\":{\"name\":\"castello1\",\"@id\":\"https:\/\/agrupacionespsoe.es\/castello\/#\/schema\/person\/f3bc5b2f9dc6a399e9e98596ae24a20a\"},\"headline\":\"El PSPV vota en contra de una subida de impuestos del gobierno de Bego\u00f1a Carrasco que supondr\u00e1 a las familias pagar una media de 86 euros m\u00e1s en 2025\",\"datePublished\":\"2024-10-24T12:08:06+00:00\",\"dateModified\":\"2026-03-24T08:09:01+00:00\",\"mainEntityOfPage\":{\"@id\":\"https:\/\/agrupacionespsoe.es\/castello\/va\/el-pspv-vota-en-contra-de-una-subida-de-impuestos-del-gobierno-de-begona-carrasco-que-supondra-a-las-familias-pagar-una-media-de-86-euros-mas-en-2025\/\"},\"wordCount\":1106,\"commentCount\":0,\"publisher\":{\"@id\":\"https:\/\/agrupacionespsoe.es\/castello\/#organization\"},\"image\":{\"@id\":\"https:\/\/agrupacionespsoe.es\/castello\/va\/el-pspv-vota-en-contra-de-una-subida-de-impuestos-del-gobierno-de-begona-carrasco-que-supondra-a-las-familias-pagar-una-media-de-86-euros-mas-en-2025\/#primaryimage\"},\"thumbnailUrl\":\"https:\/\/agrupacionespsoe.es\/castello\/wp-content\/uploads\/sites\/45\/2024\/10\/20241024-El-PSPV-vota-en-contra-de-una-subida-de-impuestos-del-gobierno-de-Begona-Carrasco-que-supondra-a-las-familias-pagar-una-media-de-86-euros-mas-en-2025-scaled.jpg\",\"keywords\":[\"M\u00f3nica Barab\u00e1s\",\"Multes\",\"Todos\"],\"articleSection\":[\"Grup Municipal Socialista\"],\"inLanguage\":\"es\",\"potentialAction\":[{\"@type\":\"CommentAction\",\"name\":\"Comment\",\"target\":[\"https:\/\/agrupacionespsoe.es\/castello\/va\/el-pspv-vota-en-contra-de-una-subida-de-impuestos-del-gobierno-de-begona-carrasco-que-supondra-a-las-familias-pagar-una-media-de-86-euros-mas-en-2025\/#respond\"]}]},{\"@type\":\"WebPage\",\"@id\":\"https:\/\/agrupacionespsoe.es\/castello\/va\/el-pspv-vota-en-contra-de-una-subida-de-impuestos-del-gobierno-de-begona-carrasco-que-supondra-a-las-familias-pagar-una-media-de-86-euros-mas-en-2025\/\",\"url\":\"https:\/\/agrupacionespsoe.es\/castello\/va\/el-pspv-vota-en-contra-de-una-subida-de-impuestos-del-gobierno-de-begona-carrasco-que-supondra-a-las-familias-pagar-una-media-de-86-euros-mas-en-2025\/\",\"name\":\"El PSPV vota en contra de una subida de impuestos del gobierno de Bego\u00f1a Carrasco que supondr\u00e1 a las familias pagar una media de 86 euros m\u00e1s en 2025 - PSPV-PSOE CASTELL\u00d3\",\"isPartOf\":{\"@id\":\"https:\/\/agrupacionespsoe.es\/castello\/#website\"},\"primaryImageOfPage\":{\"@id\":\"https:\/\/agrupacionespsoe.es\/castello\/va\/el-pspv-vota-en-contra-de-una-subida-de-impuestos-del-gobierno-de-begona-carrasco-que-supondra-a-las-familias-pagar-una-media-de-86-euros-mas-en-2025\/#primaryimage\"},\"image\":{\"@id\":\"https:\/\/agrupacionespsoe.es\/castello\/va\/el-pspv-vota-en-contra-de-una-subida-de-impuestos-del-gobierno-de-begona-carrasco-que-supondra-a-las-familias-pagar-una-media-de-86-euros-mas-en-2025\/#primaryimage\"},\"thumbnailUrl\":\"https:\/\/agrupacionespsoe.es\/castello\/wp-content\/uploads\/sites\/45\/2024\/10\/20241024-El-PSPV-vota-en-contra-de-una-subida-de-impuestos-del-gobierno-de-Begona-Carrasco-que-supondra-a-las-familias-pagar-una-media-de-86-euros-mas-en-2025-scaled.jpg\",\"datePublished\":\"2024-10-24T12:08:06+00:00\",\"dateModified\":\"2026-03-24T08:09:01+00:00\",\"breadcrumb\":{\"@id\":\"https:\/\/agrupacionespsoe.es\/castello\/va\/el-pspv-vota-en-contra-de-una-subida-de-impuestos-del-gobierno-de-begona-carrasco-que-supondra-a-las-familias-pagar-una-media-de-86-euros-mas-en-2025\/#breadcrumb\"},\"inLanguage\":\"es\",\"potentialAction\":[{\"@type\":\"ReadAction\",\"target\":[\"https:\/\/agrupacionespsoe.es\/castello\/va\/el-pspv-vota-en-contra-de-una-subida-de-impuestos-del-gobierno-de-begona-carrasco-que-supondra-a-las-familias-pagar-una-media-de-86-euros-mas-en-2025\/\"]}]},{\"@type\":\"ImageObject\",\"inLanguage\":\"es\",\"@id\":\"https:\/\/agrupacionespsoe.es\/castello\/va\/el-pspv-vota-en-contra-de-una-subida-de-impuestos-del-gobierno-de-begona-carrasco-que-supondra-a-las-familias-pagar-una-media-de-86-euros-mas-en-2025\/#primaryimage\",\"url\":\"https:\/\/agrupacionespsoe.es\/castello\/wp-content\/uploads\/sites\/45\/2024\/10\/20241024-El-PSPV-vota-en-contra-de-una-subida-de-impuestos-del-gobierno-de-Begona-Carrasco-que-supondra-a-las-familias-pagar-una-media-de-86-euros-mas-en-2025-scaled.jpg\",\"contentUrl\":\"https:\/\/agrupacionespsoe.es\/castello\/wp-content\/uploads\/sites\/45\/2024\/10\/20241024-El-PSPV-vota-en-contra-de-una-subida-de-impuestos-del-gobierno-de-Begona-Carrasco-que-supondra-a-las-familias-pagar-una-media-de-86-euros-mas-en-2025-scaled.jpg\",\"width\":2560,\"height\":1920},{\"@type\":\"BreadcrumbList\",\"@id\":\"https:\/\/agrupacionespsoe.es\/castello\/va\/el-pspv-vota-en-contra-de-una-subida-de-impuestos-del-gobierno-de-begona-carrasco-que-supondra-a-las-familias-pagar-una-media-de-86-euros-mas-en-2025\/#breadcrumb\",\"itemListElement\":[{\"@type\":\"ListItem\",\"position\":1,\"name\":\"Portada\",\"item\":\"https:\/\/agrupacionespsoe.es\/castello\/\"},{\"@type\":\"ListItem\",\"position\":2,\"name\":\"El PSPV vota en contra de una subida de impuestos del gobierno de Bego\u00f1a Carrasco que supondr\u00e1 a las familias pagar una media de 86 euros m\u00e1s en 2025\"}]},{\"@type\":\"WebSite\",\"@id\":\"https:\/\/agrupacionespsoe.es\/castello\/#website\",\"url\":\"https:\/\/agrupacionespsoe.es\/castello\/\",\"name\":\"PSPV-PSOE CASTELL\u00d3\",\"description\":\"PSPV-PSOE | Agrupaci\u00f3 de Castell\u00f3\",\"publisher\":{\"@id\":\"https:\/\/agrupacionespsoe.es\/castello\/#organization\"},\"potentialAction\":[{\"@type\":\"SearchAction\",\"target\":{\"@type\":\"EntryPoint\",\"urlTemplate\":\"https:\/\/agrupacionespsoe.es\/castello\/?s={search_term_string}\"},\"query-input\":{\"@type\":\"PropertyValueSpecification\",\"valueRequired\":true,\"valueName\":\"search_term_string\"}}],\"inLanguage\":\"es\"},{\"@type\":\"Organization\",\"@id\":\"https:\/\/agrupacionespsoe.es\/castello\/#organization\",\"name\":\"PSPV-PSOE Castell\u00f3\",\"url\":\"https:\/\/agrupacionespsoe.es\/castello\/\",\"logo\":{\"@type\":\"ImageObject\",\"inLanguage\":\"es\",\"@id\":\"https:\/\/agrupacionespsoe.es\/castello\/#\/schema\/logo\/image\/\",\"url\":\"https:\/\/agrupacionespsoe.es\/castello\/wp-content\/uploads\/sites\/45\/2023\/04\/PORTADA-PSOE-CASTELLO.jpg\",\"contentUrl\":\"https:\/\/agrupacionespsoe.es\/castello\/wp-content\/uploads\/sites\/45\/2023\/04\/PORTADA-PSOE-CASTELLO.jpg\",\"width\":2500,\"height\":2500,\"caption\":\"PSPV-PSOE Castell\u00f3\"},\"image\":{\"@id\":\"https:\/\/agrupacionespsoe.es\/castello\/#\/schema\/logo\/image\/\"},\"sameAs\":[\"https:\/\/www.facebook.com\/pspv.castellodelaplana\",\"https:\/\/x.com\/pspv_cs\",\"https:\/\/www.instagram.com\/pspvpsoecastello\/\"]},{\"@type\":\"Person\",\"@id\":\"https:\/\/agrupacionespsoe.es\/castello\/#\/schema\/person\/f3bc5b2f9dc6a399e9e98596ae24a20a\",\"name\":\"castello1\",\"image\":{\"@type\":\"ImageObject\",\"inLanguage\":\"es\",\"@id\":\"https:\/\/agrupacionespsoe.es\/castello\/#\/schema\/person\/image\/\",\"url\":\"https:\/\/secure.gravatar.com\/avatar\/5f1da428d6479d1127419c0b58796865?s=96&d=mm&r=g\",\"contentUrl\":\"https:\/\/secure.gravatar.com\/avatar\/5f1da428d6479d1127419c0b58796865?s=96&d=mm&r=g\",\"caption\":\"castello1\"},\"url\":\"https:\/\/agrupacionespsoe.es\/castello\/author\/castello1\/\"}]}<\/script>\n<!-- \/ Yoast SEO plugin. -->","yoast_head_json":{"title":"El PSPV vota en contra de una subida de impuestos del gobierno de Bego\u00f1a Carrasco que supondr\u00e1 a las familias pagar una media de 86 euros m\u00e1s en 2025 - PSPV-PSOE CASTELL\u00d3","robots":{"index":"index","follow":"follow","max-snippet":"max-snippet:-1","max-image-preview":"max-image-preview:large","max-video-preview":"max-video-preview:-1"},"canonical":"https:\/\/agrupacionespsoe.es\/castello\/va\/el-pspv-vota-en-contra-de-una-subida-de-impuestos-del-gobierno-de-begona-carrasco-que-supondra-a-las-familias-pagar-una-media-de-86-euros-mas-en-2025\/","og_locale":"es_ES","og_type":"article","og_title":"El PSPV vota en contra de una subida de impuestos del gobierno de Bego\u00f1a Carrasco que supondr\u00e1 a las familias pagar una media de 86 euros m\u00e1s en 2025 - PSPV-PSOE CASTELL\u00d3","og_description":"El gobierno de la derecha y la ultraderecha liderado por Bego\u00f1a Carrasco \u201cha perpetrado hoy\u201d un aumento de la presi\u00f3n fiscal a las familias de Castell\u00f3 que supondr\u00e1 una media de m\u00e1s de 86 euros m\u00e1s a pagar durante 2025\u201d. Pese a las propuestas fiscales del Grupo Municipal Socialista, en las que se planteaban \u201cmedidas ...","og_url":"https:\/\/agrupacionespsoe.es\/castello\/va\/el-pspv-vota-en-contra-de-una-subida-de-impuestos-del-gobierno-de-begona-carrasco-que-supondra-a-las-familias-pagar-una-media-de-86-euros-mas-en-2025\/","og_site_name":"PSPV-PSOE CASTELL\u00d3","article_publisher":"https:\/\/www.facebook.com\/pspv.castellodelaplana","article_published_time":"2024-10-24T12:08:06+00:00","article_modified_time":"2026-03-24T08:09:01+00:00","og_image":[{"width":2560,"height":1920,"url":"https:\/\/agrupacionespsoe.es\/castello\/wp-content\/uploads\/sites\/45\/2024\/10\/20241024-El-PSPV-vota-en-contra-de-una-subida-de-impuestos-del-gobierno-de-Begona-Carrasco-que-supondra-a-las-familias-pagar-una-media-de-86-euros-mas-en-2025-scaled.jpg","type":"image\/jpeg"}],"author":"castello1","twitter_card":"summary_large_image","twitter_creator":"@pspv_cs","twitter_site":"@pspv_cs","twitter_misc":{"Escrito por":"castello1","Tiempo de lectura":"5 minutos"},"schema":{"@context":"https:\/\/schema.org","@graph":[{"@type":"Article","@id":"https:\/\/agrupacionespsoe.es\/castello\/va\/el-pspv-vota-en-contra-de-una-subida-de-impuestos-del-gobierno-de-begona-carrasco-que-supondra-a-las-familias-pagar-una-media-de-86-euros-mas-en-2025\/#article","isPartOf":{"@id":"https:\/\/agrupacionespsoe.es\/castello\/va\/el-pspv-vota-en-contra-de-una-subida-de-impuestos-del-gobierno-de-begona-carrasco-que-supondra-a-las-familias-pagar-una-media-de-86-euros-mas-en-2025\/"},"author":{"name":"castello1","@id":"https:\/\/agrupacionespsoe.es\/castello\/#\/schema\/person\/f3bc5b2f9dc6a399e9e98596ae24a20a"},"headline":"El PSPV vota en contra de una subida de impuestos del gobierno de Bego\u00f1a Carrasco que supondr\u00e1 a las familias pagar una media de 86 euros m\u00e1s en 2025","datePublished":"2024-10-24T12:08:06+00:00","dateModified":"2026-03-24T08:09:01+00:00","mainEntityOfPage":{"@id":"https:\/\/agrupacionespsoe.es\/castello\/va\/el-pspv-vota-en-contra-de-una-subida-de-impuestos-del-gobierno-de-begona-carrasco-que-supondra-a-las-familias-pagar-una-media-de-86-euros-mas-en-2025\/"},"wordCount":1106,"commentCount":0,"publisher":{"@id":"https:\/\/agrupacionespsoe.es\/castello\/#organization"},"image":{"@id":"https:\/\/agrupacionespsoe.es\/castello\/va\/el-pspv-vota-en-contra-de-una-subida-de-impuestos-del-gobierno-de-begona-carrasco-que-supondra-a-las-familias-pagar-una-media-de-86-euros-mas-en-2025\/#primaryimage"},"thumbnailUrl":"https:\/\/agrupacionespsoe.es\/castello\/wp-content\/uploads\/sites\/45\/2024\/10\/20241024-El-PSPV-vota-en-contra-de-una-subida-de-impuestos-del-gobierno-de-Begona-Carrasco-que-supondra-a-las-familias-pagar-una-media-de-86-euros-mas-en-2025-scaled.jpg","keywords":["M\u00f3nica Barab\u00e1s","Multes","Todos"],"articleSection":["Grup Municipal Socialista"],"inLanguage":"es","potentialAction":[{"@type":"CommentAction","name":"Comment","target":["https:\/\/agrupacionespsoe.es\/castello\/va\/el-pspv-vota-en-contra-de-una-subida-de-impuestos-del-gobierno-de-begona-carrasco-que-supondra-a-las-familias-pagar-una-media-de-86-euros-mas-en-2025\/#respond"]}]},{"@type":"WebPage","@id":"https:\/\/agrupacionespsoe.es\/castello\/va\/el-pspv-vota-en-contra-de-una-subida-de-impuestos-del-gobierno-de-begona-carrasco-que-supondra-a-las-familias-pagar-una-media-de-86-euros-mas-en-2025\/","url":"https:\/\/agrupacionespsoe.es\/castello\/va\/el-pspv-vota-en-contra-de-una-subida-de-impuestos-del-gobierno-de-begona-carrasco-que-supondra-a-las-familias-pagar-una-media-de-86-euros-mas-en-2025\/","name":"El PSPV vota en contra de una subida de impuestos del gobierno de Bego\u00f1a Carrasco que supondr\u00e1 a las familias pagar una media de 86 euros m\u00e1s en 2025 - PSPV-PSOE CASTELL\u00d3","isPartOf":{"@id":"https:\/\/agrupacionespsoe.es\/castello\/#website"},"primaryImageOfPage":{"@id":"https:\/\/agrupacionespsoe.es\/castello\/va\/el-pspv-vota-en-contra-de-una-subida-de-impuestos-del-gobierno-de-begona-carrasco-que-supondra-a-las-familias-pagar-una-media-de-86-euros-mas-en-2025\/#primaryimage"},"image":{"@id":"https:\/\/agrupacionespsoe.es\/castello\/va\/el-pspv-vota-en-contra-de-una-subida-de-impuestos-del-gobierno-de-begona-carrasco-que-supondra-a-las-familias-pagar-una-media-de-86-euros-mas-en-2025\/#primaryimage"},"thumbnailUrl":"https:\/\/agrupacionespsoe.es\/castello\/wp-content\/uploads\/sites\/45\/2024\/10\/20241024-El-PSPV-vota-en-contra-de-una-subida-de-impuestos-del-gobierno-de-Begona-Carrasco-que-supondra-a-las-familias-pagar-una-media-de-86-euros-mas-en-2025-scaled.jpg","datePublished":"2024-10-24T12:08:06+00:00","dateModified":"2026-03-24T08:09:01+00:00","breadcrumb":{"@id":"https:\/\/agrupacionespsoe.es\/castello\/va\/el-pspv-vota-en-contra-de-una-subida-de-impuestos-del-gobierno-de-begona-carrasco-que-supondra-a-las-familias-pagar-una-media-de-86-euros-mas-en-2025\/#breadcrumb"},"inLanguage":"es","potentialAction":[{"@type":"ReadAction","target":["https:\/\/agrupacionespsoe.es\/castello\/va\/el-pspv-vota-en-contra-de-una-subida-de-impuestos-del-gobierno-de-begona-carrasco-que-supondra-a-las-familias-pagar-una-media-de-86-euros-mas-en-2025\/"]}]},{"@type":"ImageObject","inLanguage":"es","@id":"https:\/\/agrupacionespsoe.es\/castello\/va\/el-pspv-vota-en-contra-de-una-subida-de-impuestos-del-gobierno-de-begona-carrasco-que-supondra-a-las-familias-pagar-una-media-de-86-euros-mas-en-2025\/#primaryimage","url":"https:\/\/agrupacionespsoe.es\/castello\/wp-content\/uploads\/sites\/45\/2024\/10\/20241024-El-PSPV-vota-en-contra-de-una-subida-de-impuestos-del-gobierno-de-Begona-Carrasco-que-supondra-a-las-familias-pagar-una-media-de-86-euros-mas-en-2025-scaled.jpg","contentUrl":"https:\/\/agrupacionespsoe.es\/castello\/wp-content\/uploads\/sites\/45\/2024\/10\/20241024-El-PSPV-vota-en-contra-de-una-subida-de-impuestos-del-gobierno-de-Begona-Carrasco-que-supondra-a-las-familias-pagar-una-media-de-86-euros-mas-en-2025-scaled.jpg","width":2560,"height":1920},{"@type":"BreadcrumbList","@id":"https:\/\/agrupacionespsoe.es\/castello\/va\/el-pspv-vota-en-contra-de-una-subida-de-impuestos-del-gobierno-de-begona-carrasco-que-supondra-a-las-familias-pagar-una-media-de-86-euros-mas-en-2025\/#breadcrumb","itemListElement":[{"@type":"ListItem","position":1,"name":"Portada","item":"https:\/\/agrupacionespsoe.es\/castello\/"},{"@type":"ListItem","position":2,"name":"El PSPV vota en contra de una subida de impuestos del gobierno de Bego\u00f1a Carrasco que supondr\u00e1 a las familias pagar una media de 86 euros m\u00e1s en 2025"}]},{"@type":"WebSite","@id":"https:\/\/agrupacionespsoe.es\/castello\/#website","url":"https:\/\/agrupacionespsoe.es\/castello\/","name":"PSPV-PSOE CASTELL\u00d3","description":"PSPV-PSOE | Agrupaci\u00f3 de Castell\u00f3","publisher":{"@id":"https:\/\/agrupacionespsoe.es\/castello\/#organization"},"potentialAction":[{"@type":"SearchAction","target":{"@type":"EntryPoint","urlTemplate":"https:\/\/agrupacionespsoe.es\/castello\/?s={search_term_string}"},"query-input":{"@type":"PropertyValueSpecification","valueRequired":true,"valueName":"search_term_string"}}],"inLanguage":"es"},{"@type":"Organization","@id":"https:\/\/agrupacionespsoe.es\/castello\/#organization","name":"PSPV-PSOE Castell\u00f3","url":"https:\/\/agrupacionespsoe.es\/castello\/","logo":{"@type":"ImageObject","inLanguage":"es","@id":"https:\/\/agrupacionespsoe.es\/castello\/#\/schema\/logo\/image\/","url":"https:\/\/agrupacionespsoe.es\/castello\/wp-content\/uploads\/sites\/45\/2023\/04\/PORTADA-PSOE-CASTELLO.jpg","contentUrl":"https:\/\/agrupacionespsoe.es\/castello\/wp-content\/uploads\/sites\/45\/2023\/04\/PORTADA-PSOE-CASTELLO.jpg","width":2500,"height":2500,"caption":"PSPV-PSOE Castell\u00f3"},"image":{"@id":"https:\/\/agrupacionespsoe.es\/castello\/#\/schema\/logo\/image\/"},"sameAs":["https:\/\/www.facebook.com\/pspv.castellodelaplana","https:\/\/x.com\/pspv_cs","https:\/\/www.instagram.com\/pspvpsoecastello\/"]},{"@type":"Person","@id":"https:\/\/agrupacionespsoe.es\/castello\/#\/schema\/person\/f3bc5b2f9dc6a399e9e98596ae24a20a","name":"castello1","image":{"@type":"ImageObject","inLanguage":"es","@id":"https:\/\/agrupacionespsoe.es\/castello\/#\/schema\/person\/image\/","url":"https:\/\/secure.gravatar.com\/avatar\/5f1da428d6479d1127419c0b58796865?s=96&d=mm&r=g","contentUrl":"https:\/\/secure.gravatar.com\/avatar\/5f1da428d6479d1127419c0b58796865?s=96&d=mm&r=g","caption":"castello1"},"url":"https:\/\/agrupacionespsoe.es\/castello\/author\/castello1\/"}]}},"jetpack_publicize_connections":[],"jetpack_featured_media_url":"https:\/\/agrupacionespsoe.es\/castello\/wp-content\/uploads\/sites\/45\/2024\/10\/20241024-El-PSPV-vota-en-contra-de-una-subida-de-impuestos-del-gobierno-de-Begona-Carrasco-que-supondra-a-las-familias-pagar-una-media-de-86-euros-mas-en-2025-scaled.jpg","jetpack_sharing_enabled":true,"_links":{"self":[{"href":"https:\/\/agrupacionespsoe.es\/castello\/wp-json\/wp\/v2\/posts\/6449","targetHints":{"allow":["GET"]}}],"collection":[{"href":"https:\/\/agrupacionespsoe.es\/castello\/wp-json\/wp\/v2\/posts"}],"about":[{"href":"https:\/\/agrupacionespsoe.es\/castello\/wp-json\/wp\/v2\/types\/post"}],"author":[{"embeddable":true,"href":"https:\/\/agrupacionespsoe.es\/castello\/wp-json\/wp\/v2\/users\/48"}],"replies":[{"embeddable":true,"href":"https:\/\/agrupacionespsoe.es\/castello\/wp-json\/wp\/v2\/comments?post=6449"}],"version-history":[{"count":2,"href":"https:\/\/agrupacionespsoe.es\/castello\/wp-json\/wp\/v2\/posts\/6449\/revisions"}],"predecessor-version":[{"id":6453,"href":"https:\/\/agrupacionespsoe.es\/castello\/wp-json\/wp\/v2\/posts\/6449\/revisions\/6453"}],"wp:featuredmedia":[{"embeddable":true,"href":"https:\/\/agrupacionespsoe.es\/castello\/wp-json\/wp\/v2\/media\/6451"}],"wp:attachment":[{"href":"https:\/\/agrupacionespsoe.es\/castello\/wp-json\/wp\/v2\/media?parent=6449"}],"wp:term":[{"taxonomy":"category","embeddable":true,"href":"https:\/\/agrupacionespsoe.es\/castello\/wp-json\/wp\/v2\/categories?post=6449"},{"taxonomy":"post_tag","embeddable":true,"href":"https:\/\/agrupacionespsoe.es\/castello\/wp-json\/wp\/v2\/tags?post=6449"}],"curies":[{"name":"wp","href":"https:\/\/api.w.org\/{rel}","templated":true}]}}