{"id":6412,"date":"2024-10-19T13:22:34","date_gmt":"2024-10-19T11:22:34","guid":{"rendered":"https:\/\/agrupacionespsoe.es\/castello\/?p=6412"},"modified":"2026-03-24T08:57:25","modified_gmt":"2026-03-24T07:57:25","slug":"el-pspv-de-castello-lamenta-la-incapacitat-de-carrasco-per-a-compensar-laugment-de-la-taxa-descombraries-amb-una-rebaixa-valenta-de-libi-a-la-ciutadania","status":"publish","type":"post","link":"https:\/\/agrupacionespsoe.es\/castello\/va\/el-pspv-de-castello-lamenta-la-incapacitat-de-carrasco-per-a-compensar-laugment-de-la-taxa-descombraries-amb-una-rebaixa-valenta-de-libi-a-la-ciutadania\/","title":{"rendered":"El PSPV de Castell\u00f3 lamenta la \u201cincapacitat\u201d de Carrasco per a compensar l&#8217;augment de la taxa d&#8217;escombraries amb una rebaixa \u201cvalenta\u201d de l&#8217;IBI a la ciutadania"},"content":{"rendered":"\n<ul class=\"wp-block-list\">\n<li><em><strong>El Grup Municipal Socialista va proposar a l&#8217;equip de govern\u00a0de\u00a0PPVox compensar l&#8217;increment del cost de les escombraries, d&#8217;obligat compliment en aplicaci\u00f3 d&#8217;una directiva europea, amb una rebaixa similar en l&#8217;Impost de B\u00e9ns Immobles, \u201cper\u00f2 tenim a una alcaldessa inefica\u00e7 que a m\u00e9s va mentir als i les castellonenques en campanya electoral, als quals va ocultar que havia de pujar la taxa a partir d&#8217;abril de 2025\u201d<\/strong><\/em><\/li>\n\n\n\n<li><em><strong>La portaveu socialista, Patricia Puerta, aplaudeix que el PP haja acceptat la proposta del PSPV de bonificar als ve\u00efns i ve\u00efnes que domicilien el pagament dels seus tributs, encara que l&#8217;haja deixat en un 3% enfront del 5% que propos\u00e0vem\u201d<\/strong><\/em><\/li>\n<\/ul>\n\n\n\n<figure class=\"wp-block-audio\"><audio controls src=\"https:\/\/agrupacionespsoe.es\/castello\/wp-content\/uploads\/sites\/45\/2024\/10\/20241019-El-PSPV-de-Castello-lamenta-la-incapacidad-de-Carrasco-para-compensar-el-aumento-de-la-tasa-de-basura-con-una-rebaja-valiente-del-IBI-a-la-ciudadania.mp3\" autoplay><\/audio><figcaption class=\"wp-element-caption\">Declaracions Patricia Puerta<\/figcaption><\/figure>\n\n\n\n<p>El Grup Municipal Socialista de Castell\u00f3 ha lamentat l&#8217;\u00aboportunitat perduda\u00bb de <strong>Bego\u00f1a Carrasco<\/strong> \u00abper a fer front de manera valenta a l&#8217;increment en 2025 de la taxa d&#8217;escombraries, un augment d&#8217;impostos \u00abque ve obligat per l&#8217;aplicaci\u00f3 d&#8217;una directiva europea que va avalar a Brussel\u00b7les el Partit Popular Europeu i que va comptar amb l&#8217;aprovaci\u00f3 d&#8217;una Llei en el Congr\u00e9s a la qual no es va oposar el PP, per molt que ara la dreta vulga mantindre el seu discurs del fang i manipulador de la realitat\u00bb.<\/p>\n\n\n\n<p>La rebaixa anunciada ahir pel PP d&#8217;Impost de B\u00e9ns Immobles en un 2 per cent per a 2025 \u00abno \u00e9s m\u00e9s que fum, perqu\u00e8 a penes suposar\u00e0 uns pocs euros en la butxaca de les fam\u00edlies\u00bb, assenyala la portaveu del Grup Municipal Socialista, <strong>Patricia Puerta<\/strong>. Des del PSPV, com va quedar registrat el passat 8 d&#8217;octubre, es va proposar al PP un complet canvi en les ordenances fiscals, en el qual s&#8217;arreplegava que l&#8217;ajuntament compensara l&#8217;augment de la taxa d&#8217;escombraries amb una rebaixa similar en l&#8217;IBI, \u00abper\u00f2 ja hem vist el que el preocupa a Carrasco l&#8217;economia de les fam\u00edlies\u00bb.<br><br>En tot el debat sobre el denominat \u2018basurazo\u2019 \u00abl&#8217;\u00fanica cosa que est\u00e0 fent el PP \u00e9s buscar, una vegada m\u00e9s, l&#8217;enfrontament, perqu\u00e8 la senyora Carrasco, la senyora <strong>Barrachina<\/strong> i tot el PP saben des de fa anys que a l&#8217;abril de 2025 calia pujar la taxa, perqu\u00e8 de no fer-ho Espanya s&#8217;enfronta a sancions\u00bb. Enfront d&#8217;aix\u00f2, \u201cara veiem com Carrasco va enganyar la ciutadania en l&#8217;\u00faltima campanya electoral, anunciant reduccions d&#8217;impostos quan sabia de l&#8217;exist\u00e8ncia d&#8217;aquesta exig\u00e8ncia europea per a l&#8217;any que ve\u00bb.<\/p>\n\n\n\n<p>Malgrat tot, Patricia Puerta torna a mostrar la disposici\u00f3 del Partit Socialista a treballar de la m\u00e0 amb el PP \u00aben benefici dels i les castellonenques, sense buscar l&#8217;enfrontament continu en temes d&#8217;aquesta rellev\u00e0ncia, encara que ja veiem que tenim enfronte a un govern escorat a la dreta m\u00e9s ultra que en aquest any s&#8217;ha dedicat nom\u00e9s al fang i a fer oposici\u00f3 de l&#8217;oposici\u00f3\u00bb.<\/p>\n\n\n\n<p>La portaveu socialista ha assenyalat que un exemple d&#8217;aquesta possibilitat d&#8217;acords es refereix a la mesura, anunciada ahir pel regidor d&#8217;Hisenda, <strong>Juan Carlos Redondo<\/strong>, de bonificar amb un 3 per cent als ve\u00efns i ve\u00efnes que decidisquen domiciliar el pagament dels seus impostos. \u00abSe li va oblidar dir a Red\u00f3 que era una de les propostes que els vam fer arribar el 8 d&#8217;octubre des del PSPV, encara que la nostra plantejava bonificacions del 5%, per\u00f2 benvinguda siga\u00bb.<\/p>\n\n\n\n<p>Patricia Puerta ha recordat que el Grup Municipal Socialista a l&#8217;Ajuntament de Castell\u00f3 va registrar fa 11 dies les seues propostes per a la modificaci\u00f3 de les ordenances fiscals municipals de 2025, una iniciativa en la qual s&#8217;ha treballat de la m\u00e0 amb l&#8217;executiva local i coordinada pels regidors <strong>M\u00f3nica Barab\u00e1s<\/strong> i <strong>Jorge Ribes<\/strong>.<br><br>Entre elles s&#8217;apostava per mesures per a compensar amb una rebaixa de l&#8217;Impost de B\u00e9ns immobles (IBI) l&#8217;augment de la taxa d&#8217;escombraries l&#8217;any vinent, noves bonificacions per a la ciutadania, la \u00abprogressivitat\u00bb perqu\u00e8 paguen m\u00e9s els que m\u00e9s tenen o carregar l&#8217;IBI a les confessions religioses que disposen d&#8217;edificis no vinculats al culte. A aix\u00f2 s&#8217;uniria mantindre les bonificacions per fam\u00edlia nombrosa per\u00f2 incloure a m\u00e9s com a novetat a les fam\u00edlies monoparentals\/monomarentals, \u201calguna cosa que veiem que tamb\u00e9 sembla que ha sigut acceptat pel PP\u201d, explica la portaveu socialista.<\/p>\n","protected":false},"excerpt":{"rendered":"<p>El Grup Municipal Socialista de Castell\u00f3 ha lamentat l&#8217;\u00aboportunitat perduda\u00bb de Bego\u00f1a Carrasco \u00abper a fer front de manera valenta a l&#8217;increment en 2025 de la taxa d&#8217;escombraries, un augment d&#8217;impostos \u00abque ve obligat per l&#8217;aplicaci\u00f3 d&#8217;una directiva europea que va avalar a Brussel\u00b7les el Partit Popular Europeu i que va comptar amb l&#8217;aprovaci\u00f3 d&#8217;una &#8230;<\/p>\n","protected":false},"author":48,"featured_media":6304,"comment_status":"open","ping_status":"open","sticky":false,"template":"","format":"standard","meta":{"_jetpack_memberships_contains_paid_content":false,"footnotes":"","jetpack_publicize_message":"","jetpack_publicize_feature_enabled":true,"jetpack_social_post_already_shared":false,"jetpack_social_options":{"image_generator_settings":{"template":"highway","default_image_id":0,"font":"","enabled":false},"version":2}},"categories":[22],"tags":[1153,93,109,83,446],"class_list":["post-6412","post","type-post","status-publish","format-standard","has-post-thumbnail","hentry","category-gms-va","tag-basurazo-va","tag-jorge-ribes-va","tag-monica-barabas-va","tag-patricia-puerta-va","tag-todos-va"],"yoast_head":"<!-- This site is optimized with the Yoast SEO plugin v24.0 - https:\/\/yoast.com\/wordpress\/plugins\/seo\/ -->\n<title>El PSPV de Castell\u00f3 lamenta la \u201cincapacitat\u201d de Carrasco per a compensar l&#039;augment de la taxa d&#039;escombraries amb una rebaixa \u201cvalenta\u201d de l&#039;IBI a la ciutadania - PSPV-PSOE CASTELL\u00d3<\/title>\n<meta name=\"robots\" content=\"index, follow, max-snippet:-1, max-image-preview:large, max-video-preview:-1\" \/>\n<link rel=\"canonical\" href=\"https:\/\/agrupacionespsoe.es\/castello\/va\/el-pspv-de-castello-lamenta-la-incapacitat-de-carrasco-per-a-compensar-laugment-de-la-taxa-descombraries-amb-una-rebaixa-valenta-de-libi-a-la-ciutadania\/\" \/>\n<meta property=\"og:locale\" content=\"es_ES\" \/>\n<meta property=\"og:type\" content=\"article\" \/>\n<meta property=\"og:title\" content=\"El PSPV de Castell\u00f3 lamenta la \u201cincapacitat\u201d de Carrasco per a compensar l&#039;augment de la taxa d&#039;escombraries amb una rebaixa \u201cvalenta\u201d de l&#039;IBI a la ciutadania - PSPV-PSOE CASTELL\u00d3\" \/>\n<meta property=\"og:description\" content=\"El Grup Municipal Socialista de Castell\u00f3 ha lamentat l&#8217;\u00aboportunitat perduda\u00bb de Bego\u00f1a Carrasco \u00abper a fer front de manera valenta a l&#8217;increment en 2025 de la taxa d&#8217;escombraries, un augment d&#8217;impostos \u00abque ve obligat per l&#8217;aplicaci\u00f3 d&#8217;una directiva europea que va avalar a Brussel\u00b7les el Partit Popular Europeu i que va comptar amb l&#8217;aprovaci\u00f3 d&#8217;una ...\" \/>\n<meta property=\"og:url\" content=\"https:\/\/agrupacionespsoe.es\/castello\/va\/el-pspv-de-castello-lamenta-la-incapacitat-de-carrasco-per-a-compensar-laugment-de-la-taxa-descombraries-amb-una-rebaixa-valenta-de-libi-a-la-ciutadania\/\" \/>\n<meta property=\"og:site_name\" content=\"PSPV-PSOE CASTELL\u00d3\" \/>\n<meta property=\"article:publisher\" content=\"https:\/\/www.facebook.com\/pspv.castellodelaplana\" \/>\n<meta property=\"article:published_time\" content=\"2024-10-19T11:22:34+00:00\" \/>\n<meta property=\"article:modified_time\" content=\"2026-03-24T07:57:25+00:00\" \/>\n<meta property=\"og:image\" content=\"https:\/\/agrupacionespsoe.es\/castello\/wp-content\/uploads\/sites\/45\/2024\/10\/20241008-El-PSPV-de-Castello-propone-rebajar-el-IBI-a-la-ciudadania-en-una-cantidad-equivalente-al-aumento-de-la-tasa-de-basura-en-2025-1-scaled.jpg\" \/>\n\t<meta property=\"og:image:width\" content=\"2560\" \/>\n\t<meta property=\"og:image:height\" content=\"1920\" \/>\n\t<meta property=\"og:image:type\" content=\"image\/jpeg\" \/>\n<meta name=\"author\" content=\"castello1\" \/>\n<meta name=\"twitter:card\" content=\"summary_large_image\" \/>\n<meta name=\"twitter:creator\" content=\"@pspv_cs\" \/>\n<meta name=\"twitter:site\" content=\"@pspv_cs\" \/>\n<meta name=\"twitter:label1\" content=\"Escrito por\" \/>\n\t<meta name=\"twitter:data1\" content=\"castello1\" \/>\n\t<meta name=\"twitter:label2\" content=\"Tiempo de lectura\" \/>\n\t<meta name=\"twitter:data2\" content=\"4 minutos\" \/>\n<script type=\"application\/ld+json\" class=\"yoast-schema-graph\">{\"@context\":\"https:\/\/schema.org\",\"@graph\":[{\"@type\":\"Article\",\"@id\":\"https:\/\/agrupacionespsoe.es\/castello\/va\/el-pspv-de-castello-lamenta-la-incapacitat-de-carrasco-per-a-compensar-laugment-de-la-taxa-descombraries-amb-una-rebaixa-valenta-de-libi-a-la-ciutadania\/#article\",\"isPartOf\":{\"@id\":\"https:\/\/agrupacionespsoe.es\/castello\/va\/el-pspv-de-castello-lamenta-la-incapacitat-de-carrasco-per-a-compensar-laugment-de-la-taxa-descombraries-amb-una-rebaixa-valenta-de-libi-a-la-ciutadania\/\"},\"author\":{\"name\":\"castello1\",\"@id\":\"https:\/\/agrupacionespsoe.es\/castello\/#\/schema\/person\/f3bc5b2f9dc6a399e9e98596ae24a20a\"},\"headline\":\"El PSPV de Castell\u00f3 lamenta la \u201cincapacitat\u201d de Carrasco per a compensar l&#8217;augment de la taxa d&#8217;escombraries amb una rebaixa \u201cvalenta\u201d de l&#8217;IBI a la ciutadania\",\"datePublished\":\"2024-10-19T11:22:34+00:00\",\"dateModified\":\"2026-03-24T07:57:25+00:00\",\"mainEntityOfPage\":{\"@id\":\"https:\/\/agrupacionespsoe.es\/castello\/va\/el-pspv-de-castello-lamenta-la-incapacitat-de-carrasco-per-a-compensar-laugment-de-la-taxa-descombraries-amb-una-rebaixa-valenta-de-libi-a-la-ciutadania\/\"},\"wordCount\":712,\"commentCount\":0,\"publisher\":{\"@id\":\"https:\/\/agrupacionespsoe.es\/castello\/#organization\"},\"image\":{\"@id\":\"https:\/\/agrupacionespsoe.es\/castello\/va\/el-pspv-de-castello-lamenta-la-incapacitat-de-carrasco-per-a-compensar-laugment-de-la-taxa-descombraries-amb-una-rebaixa-valenta-de-libi-a-la-ciutadania\/#primaryimage\"},\"thumbnailUrl\":\"https:\/\/agrupacionespsoe.es\/castello\/wp-content\/uploads\/sites\/45\/2024\/10\/20241008-El-PSPV-de-Castello-propone-rebajar-el-IBI-a-la-ciudadania-en-una-cantidad-equivalente-al-aumento-de-la-tasa-de-basura-en-2025-1-scaled.jpg\",\"keywords\":[\"Basurazo\",\"Jorge Ribes\",\"M\u00f3nica Barab\u00e1s\",\"Patricia Puerta\",\"Todos\"],\"articleSection\":[\"Grup Municipal Socialista\"],\"inLanguage\":\"es\",\"potentialAction\":[{\"@type\":\"CommentAction\",\"name\":\"Comment\",\"target\":[\"https:\/\/agrupacionespsoe.es\/castello\/va\/el-pspv-de-castello-lamenta-la-incapacitat-de-carrasco-per-a-compensar-laugment-de-la-taxa-descombraries-amb-una-rebaixa-valenta-de-libi-a-la-ciutadania\/#respond\"]}]},{\"@type\":\"WebPage\",\"@id\":\"https:\/\/agrupacionespsoe.es\/castello\/va\/el-pspv-de-castello-lamenta-la-incapacitat-de-carrasco-per-a-compensar-laugment-de-la-taxa-descombraries-amb-una-rebaixa-valenta-de-libi-a-la-ciutadania\/\",\"url\":\"https:\/\/agrupacionespsoe.es\/castello\/va\/el-pspv-de-castello-lamenta-la-incapacitat-de-carrasco-per-a-compensar-laugment-de-la-taxa-descombraries-amb-una-rebaixa-valenta-de-libi-a-la-ciutadania\/\",\"name\":\"El PSPV de Castell\u00f3 lamenta la \u201cincapacitat\u201d de Carrasco per a compensar l'augment de la taxa d'escombraries amb una rebaixa \u201cvalenta\u201d de l'IBI a la ciutadania - PSPV-PSOE CASTELL\u00d3\",\"isPartOf\":{\"@id\":\"https:\/\/agrupacionespsoe.es\/castello\/#website\"},\"primaryImageOfPage\":{\"@id\":\"https:\/\/agrupacionespsoe.es\/castello\/va\/el-pspv-de-castello-lamenta-la-incapacitat-de-carrasco-per-a-compensar-laugment-de-la-taxa-descombraries-amb-una-rebaixa-valenta-de-libi-a-la-ciutadania\/#primaryimage\"},\"image\":{\"@id\":\"https:\/\/agrupacionespsoe.es\/castello\/va\/el-pspv-de-castello-lamenta-la-incapacitat-de-carrasco-per-a-compensar-laugment-de-la-taxa-descombraries-amb-una-rebaixa-valenta-de-libi-a-la-ciutadania\/#primaryimage\"},\"thumbnailUrl\":\"https:\/\/agrupacionespsoe.es\/castello\/wp-content\/uploads\/sites\/45\/2024\/10\/20241008-El-PSPV-de-Castello-propone-rebajar-el-IBI-a-la-ciudadania-en-una-cantidad-equivalente-al-aumento-de-la-tasa-de-basura-en-2025-1-scaled.jpg\",\"datePublished\":\"2024-10-19T11:22:34+00:00\",\"dateModified\":\"2026-03-24T07:57:25+00:00\",\"breadcrumb\":{\"@id\":\"https:\/\/agrupacionespsoe.es\/castello\/va\/el-pspv-de-castello-lamenta-la-incapacitat-de-carrasco-per-a-compensar-laugment-de-la-taxa-descombraries-amb-una-rebaixa-valenta-de-libi-a-la-ciutadania\/#breadcrumb\"},\"inLanguage\":\"es\",\"potentialAction\":[{\"@type\":\"ReadAction\",\"target\":[\"https:\/\/agrupacionespsoe.es\/castello\/va\/el-pspv-de-castello-lamenta-la-incapacitat-de-carrasco-per-a-compensar-laugment-de-la-taxa-descombraries-amb-una-rebaixa-valenta-de-libi-a-la-ciutadania\/\"]}]},{\"@type\":\"ImageObject\",\"inLanguage\":\"es\",\"@id\":\"https:\/\/agrupacionespsoe.es\/castello\/va\/el-pspv-de-castello-lamenta-la-incapacitat-de-carrasco-per-a-compensar-laugment-de-la-taxa-descombraries-amb-una-rebaixa-valenta-de-libi-a-la-ciutadania\/#primaryimage\",\"url\":\"https:\/\/agrupacionespsoe.es\/castello\/wp-content\/uploads\/sites\/45\/2024\/10\/20241008-El-PSPV-de-Castello-propone-rebajar-el-IBI-a-la-ciudadania-en-una-cantidad-equivalente-al-aumento-de-la-tasa-de-basura-en-2025-1-scaled.jpg\",\"contentUrl\":\"https:\/\/agrupacionespsoe.es\/castello\/wp-content\/uploads\/sites\/45\/2024\/10\/20241008-El-PSPV-de-Castello-propone-rebajar-el-IBI-a-la-ciudadania-en-una-cantidad-equivalente-al-aumento-de-la-tasa-de-basura-en-2025-1-scaled.jpg\",\"width\":2560,\"height\":1920},{\"@type\":\"BreadcrumbList\",\"@id\":\"https:\/\/agrupacionespsoe.es\/castello\/va\/el-pspv-de-castello-lamenta-la-incapacitat-de-carrasco-per-a-compensar-laugment-de-la-taxa-descombraries-amb-una-rebaixa-valenta-de-libi-a-la-ciutadania\/#breadcrumb\",\"itemListElement\":[{\"@type\":\"ListItem\",\"position\":1,\"name\":\"Portada\",\"item\":\"https:\/\/agrupacionespsoe.es\/castello\/\"},{\"@type\":\"ListItem\",\"position\":2,\"name\":\"El PSPV de Castell\u00f3 lamenta la \u201cincapacitat\u201d de Carrasco per a compensar l&#8217;augment de la taxa d&#8217;escombraries amb una rebaixa \u201cvalenta\u201d de l&#8217;IBI a la ciutadania\"}]},{\"@type\":\"WebSite\",\"@id\":\"https:\/\/agrupacionespsoe.es\/castello\/#website\",\"url\":\"https:\/\/agrupacionespsoe.es\/castello\/\",\"name\":\"PSPV-PSOE CASTELL\u00d3\",\"description\":\"PSPV-PSOE | Agrupaci\u00f3 de Castell\u00f3\",\"publisher\":{\"@id\":\"https:\/\/agrupacionespsoe.es\/castello\/#organization\"},\"potentialAction\":[{\"@type\":\"SearchAction\",\"target\":{\"@type\":\"EntryPoint\",\"urlTemplate\":\"https:\/\/agrupacionespsoe.es\/castello\/?s={search_term_string}\"},\"query-input\":{\"@type\":\"PropertyValueSpecification\",\"valueRequired\":true,\"valueName\":\"search_term_string\"}}],\"inLanguage\":\"es\"},{\"@type\":\"Organization\",\"@id\":\"https:\/\/agrupacionespsoe.es\/castello\/#organization\",\"name\":\"PSPV-PSOE Castell\u00f3\",\"url\":\"https:\/\/agrupacionespsoe.es\/castello\/\",\"logo\":{\"@type\":\"ImageObject\",\"inLanguage\":\"es\",\"@id\":\"https:\/\/agrupacionespsoe.es\/castello\/#\/schema\/logo\/image\/\",\"url\":\"https:\/\/agrupacionespsoe.es\/castello\/wp-content\/uploads\/sites\/45\/2023\/04\/PORTADA-PSOE-CASTELLO.jpg\",\"contentUrl\":\"https:\/\/agrupacionespsoe.es\/castello\/wp-content\/uploads\/sites\/45\/2023\/04\/PORTADA-PSOE-CASTELLO.jpg\",\"width\":2500,\"height\":2500,\"caption\":\"PSPV-PSOE Castell\u00f3\"},\"image\":{\"@id\":\"https:\/\/agrupacionespsoe.es\/castello\/#\/schema\/logo\/image\/\"},\"sameAs\":[\"https:\/\/www.facebook.com\/pspv.castellodelaplana\",\"https:\/\/x.com\/pspv_cs\",\"https:\/\/www.instagram.com\/pspvpsoecastello\/\"]},{\"@type\":\"Person\",\"@id\":\"https:\/\/agrupacionespsoe.es\/castello\/#\/schema\/person\/f3bc5b2f9dc6a399e9e98596ae24a20a\",\"name\":\"castello1\",\"image\":{\"@type\":\"ImageObject\",\"inLanguage\":\"es\",\"@id\":\"https:\/\/agrupacionespsoe.es\/castello\/#\/schema\/person\/image\/\",\"url\":\"https:\/\/secure.gravatar.com\/avatar\/5f1da428d6479d1127419c0b58796865?s=96&d=mm&r=g\",\"contentUrl\":\"https:\/\/secure.gravatar.com\/avatar\/5f1da428d6479d1127419c0b58796865?s=96&d=mm&r=g\",\"caption\":\"castello1\"},\"url\":\"https:\/\/agrupacionespsoe.es\/castello\/author\/castello1\/\"}]}<\/script>\n<!-- \/ Yoast SEO plugin. -->","yoast_head_json":{"title":"El PSPV de Castell\u00f3 lamenta la \u201cincapacitat\u201d de Carrasco per a compensar l'augment de la taxa d'escombraries amb una rebaixa \u201cvalenta\u201d de l'IBI a la ciutadania - PSPV-PSOE CASTELL\u00d3","robots":{"index":"index","follow":"follow","max-snippet":"max-snippet:-1","max-image-preview":"max-image-preview:large","max-video-preview":"max-video-preview:-1"},"canonical":"https:\/\/agrupacionespsoe.es\/castello\/va\/el-pspv-de-castello-lamenta-la-incapacitat-de-carrasco-per-a-compensar-laugment-de-la-taxa-descombraries-amb-una-rebaixa-valenta-de-libi-a-la-ciutadania\/","og_locale":"es_ES","og_type":"article","og_title":"El PSPV de Castell\u00f3 lamenta la \u201cincapacitat\u201d de Carrasco per a compensar l'augment de la taxa d'escombraries amb una rebaixa \u201cvalenta\u201d de l'IBI a la ciutadania - PSPV-PSOE CASTELL\u00d3","og_description":"El Grup Municipal Socialista de Castell\u00f3 ha lamentat l&#8217;\u00aboportunitat perduda\u00bb de Bego\u00f1a Carrasco \u00abper a fer front de manera valenta a l&#8217;increment en 2025 de la taxa d&#8217;escombraries, un augment d&#8217;impostos \u00abque ve obligat per l&#8217;aplicaci\u00f3 d&#8217;una directiva europea que va avalar a Brussel\u00b7les el Partit Popular Europeu i que va comptar amb l&#8217;aprovaci\u00f3 d&#8217;una ...","og_url":"https:\/\/agrupacionespsoe.es\/castello\/va\/el-pspv-de-castello-lamenta-la-incapacitat-de-carrasco-per-a-compensar-laugment-de-la-taxa-descombraries-amb-una-rebaixa-valenta-de-libi-a-la-ciutadania\/","og_site_name":"PSPV-PSOE CASTELL\u00d3","article_publisher":"https:\/\/www.facebook.com\/pspv.castellodelaplana","article_published_time":"2024-10-19T11:22:34+00:00","article_modified_time":"2026-03-24T07:57:25+00:00","og_image":[{"width":2560,"height":1920,"url":"https:\/\/agrupacionespsoe.es\/castello\/wp-content\/uploads\/sites\/45\/2024\/10\/20241008-El-PSPV-de-Castello-propone-rebajar-el-IBI-a-la-ciudadania-en-una-cantidad-equivalente-al-aumento-de-la-tasa-de-basura-en-2025-1-scaled.jpg","type":"image\/jpeg"}],"author":"castello1","twitter_card":"summary_large_image","twitter_creator":"@pspv_cs","twitter_site":"@pspv_cs","twitter_misc":{"Escrito por":"castello1","Tiempo de lectura":"4 minutos"},"schema":{"@context":"https:\/\/schema.org","@graph":[{"@type":"Article","@id":"https:\/\/agrupacionespsoe.es\/castello\/va\/el-pspv-de-castello-lamenta-la-incapacitat-de-carrasco-per-a-compensar-laugment-de-la-taxa-descombraries-amb-una-rebaixa-valenta-de-libi-a-la-ciutadania\/#article","isPartOf":{"@id":"https:\/\/agrupacionespsoe.es\/castello\/va\/el-pspv-de-castello-lamenta-la-incapacitat-de-carrasco-per-a-compensar-laugment-de-la-taxa-descombraries-amb-una-rebaixa-valenta-de-libi-a-la-ciutadania\/"},"author":{"name":"castello1","@id":"https:\/\/agrupacionespsoe.es\/castello\/#\/schema\/person\/f3bc5b2f9dc6a399e9e98596ae24a20a"},"headline":"El PSPV de Castell\u00f3 lamenta la \u201cincapacitat\u201d de Carrasco per a compensar l&#8217;augment de la taxa d&#8217;escombraries amb una rebaixa \u201cvalenta\u201d de l&#8217;IBI a la ciutadania","datePublished":"2024-10-19T11:22:34+00:00","dateModified":"2026-03-24T07:57:25+00:00","mainEntityOfPage":{"@id":"https:\/\/agrupacionespsoe.es\/castello\/va\/el-pspv-de-castello-lamenta-la-incapacitat-de-carrasco-per-a-compensar-laugment-de-la-taxa-descombraries-amb-una-rebaixa-valenta-de-libi-a-la-ciutadania\/"},"wordCount":712,"commentCount":0,"publisher":{"@id":"https:\/\/agrupacionespsoe.es\/castello\/#organization"},"image":{"@id":"https:\/\/agrupacionespsoe.es\/castello\/va\/el-pspv-de-castello-lamenta-la-incapacitat-de-carrasco-per-a-compensar-laugment-de-la-taxa-descombraries-amb-una-rebaixa-valenta-de-libi-a-la-ciutadania\/#primaryimage"},"thumbnailUrl":"https:\/\/agrupacionespsoe.es\/castello\/wp-content\/uploads\/sites\/45\/2024\/10\/20241008-El-PSPV-de-Castello-propone-rebajar-el-IBI-a-la-ciudadania-en-una-cantidad-equivalente-al-aumento-de-la-tasa-de-basura-en-2025-1-scaled.jpg","keywords":["Basurazo","Jorge Ribes","M\u00f3nica Barab\u00e1s","Patricia Puerta","Todos"],"articleSection":["Grup Municipal Socialista"],"inLanguage":"es","potentialAction":[{"@type":"CommentAction","name":"Comment","target":["https:\/\/agrupacionespsoe.es\/castello\/va\/el-pspv-de-castello-lamenta-la-incapacitat-de-carrasco-per-a-compensar-laugment-de-la-taxa-descombraries-amb-una-rebaixa-valenta-de-libi-a-la-ciutadania\/#respond"]}]},{"@type":"WebPage","@id":"https:\/\/agrupacionespsoe.es\/castello\/va\/el-pspv-de-castello-lamenta-la-incapacitat-de-carrasco-per-a-compensar-laugment-de-la-taxa-descombraries-amb-una-rebaixa-valenta-de-libi-a-la-ciutadania\/","url":"https:\/\/agrupacionespsoe.es\/castello\/va\/el-pspv-de-castello-lamenta-la-incapacitat-de-carrasco-per-a-compensar-laugment-de-la-taxa-descombraries-amb-una-rebaixa-valenta-de-libi-a-la-ciutadania\/","name":"El PSPV de Castell\u00f3 lamenta la \u201cincapacitat\u201d de Carrasco per a compensar l'augment de la taxa d'escombraries amb una rebaixa \u201cvalenta\u201d de l'IBI a la ciutadania - PSPV-PSOE CASTELL\u00d3","isPartOf":{"@id":"https:\/\/agrupacionespsoe.es\/castello\/#website"},"primaryImageOfPage":{"@id":"https:\/\/agrupacionespsoe.es\/castello\/va\/el-pspv-de-castello-lamenta-la-incapacitat-de-carrasco-per-a-compensar-laugment-de-la-taxa-descombraries-amb-una-rebaixa-valenta-de-libi-a-la-ciutadania\/#primaryimage"},"image":{"@id":"https:\/\/agrupacionespsoe.es\/castello\/va\/el-pspv-de-castello-lamenta-la-incapacitat-de-carrasco-per-a-compensar-laugment-de-la-taxa-descombraries-amb-una-rebaixa-valenta-de-libi-a-la-ciutadania\/#primaryimage"},"thumbnailUrl":"https:\/\/agrupacionespsoe.es\/castello\/wp-content\/uploads\/sites\/45\/2024\/10\/20241008-El-PSPV-de-Castello-propone-rebajar-el-IBI-a-la-ciudadania-en-una-cantidad-equivalente-al-aumento-de-la-tasa-de-basura-en-2025-1-scaled.jpg","datePublished":"2024-10-19T11:22:34+00:00","dateModified":"2026-03-24T07:57:25+00:00","breadcrumb":{"@id":"https:\/\/agrupacionespsoe.es\/castello\/va\/el-pspv-de-castello-lamenta-la-incapacitat-de-carrasco-per-a-compensar-laugment-de-la-taxa-descombraries-amb-una-rebaixa-valenta-de-libi-a-la-ciutadania\/#breadcrumb"},"inLanguage":"es","potentialAction":[{"@type":"ReadAction","target":["https:\/\/agrupacionespsoe.es\/castello\/va\/el-pspv-de-castello-lamenta-la-incapacitat-de-carrasco-per-a-compensar-laugment-de-la-taxa-descombraries-amb-una-rebaixa-valenta-de-libi-a-la-ciutadania\/"]}]},{"@type":"ImageObject","inLanguage":"es","@id":"https:\/\/agrupacionespsoe.es\/castello\/va\/el-pspv-de-castello-lamenta-la-incapacitat-de-carrasco-per-a-compensar-laugment-de-la-taxa-descombraries-amb-una-rebaixa-valenta-de-libi-a-la-ciutadania\/#primaryimage","url":"https:\/\/agrupacionespsoe.es\/castello\/wp-content\/uploads\/sites\/45\/2024\/10\/20241008-El-PSPV-de-Castello-propone-rebajar-el-IBI-a-la-ciudadania-en-una-cantidad-equivalente-al-aumento-de-la-tasa-de-basura-en-2025-1-scaled.jpg","contentUrl":"https:\/\/agrupacionespsoe.es\/castello\/wp-content\/uploads\/sites\/45\/2024\/10\/20241008-El-PSPV-de-Castello-propone-rebajar-el-IBI-a-la-ciudadania-en-una-cantidad-equivalente-al-aumento-de-la-tasa-de-basura-en-2025-1-scaled.jpg","width":2560,"height":1920},{"@type":"BreadcrumbList","@id":"https:\/\/agrupacionespsoe.es\/castello\/va\/el-pspv-de-castello-lamenta-la-incapacitat-de-carrasco-per-a-compensar-laugment-de-la-taxa-descombraries-amb-una-rebaixa-valenta-de-libi-a-la-ciutadania\/#breadcrumb","itemListElement":[{"@type":"ListItem","position":1,"name":"Portada","item":"https:\/\/agrupacionespsoe.es\/castello\/"},{"@type":"ListItem","position":2,"name":"El PSPV de Castell\u00f3 lamenta la \u201cincapacitat\u201d de Carrasco per a compensar l&#8217;augment de la taxa d&#8217;escombraries amb una rebaixa \u201cvalenta\u201d de l&#8217;IBI a la ciutadania"}]},{"@type":"WebSite","@id":"https:\/\/agrupacionespsoe.es\/castello\/#website","url":"https:\/\/agrupacionespsoe.es\/castello\/","name":"PSPV-PSOE CASTELL\u00d3","description":"PSPV-PSOE | Agrupaci\u00f3 de Castell\u00f3","publisher":{"@id":"https:\/\/agrupacionespsoe.es\/castello\/#organization"},"potentialAction":[{"@type":"SearchAction","target":{"@type":"EntryPoint","urlTemplate":"https:\/\/agrupacionespsoe.es\/castello\/?s={search_term_string}"},"query-input":{"@type":"PropertyValueSpecification","valueRequired":true,"valueName":"search_term_string"}}],"inLanguage":"es"},{"@type":"Organization","@id":"https:\/\/agrupacionespsoe.es\/castello\/#organization","name":"PSPV-PSOE Castell\u00f3","url":"https:\/\/agrupacionespsoe.es\/castello\/","logo":{"@type":"ImageObject","inLanguage":"es","@id":"https:\/\/agrupacionespsoe.es\/castello\/#\/schema\/logo\/image\/","url":"https:\/\/agrupacionespsoe.es\/castello\/wp-content\/uploads\/sites\/45\/2023\/04\/PORTADA-PSOE-CASTELLO.jpg","contentUrl":"https:\/\/agrupacionespsoe.es\/castello\/wp-content\/uploads\/sites\/45\/2023\/04\/PORTADA-PSOE-CASTELLO.jpg","width":2500,"height":2500,"caption":"PSPV-PSOE Castell\u00f3"},"image":{"@id":"https:\/\/agrupacionespsoe.es\/castello\/#\/schema\/logo\/image\/"},"sameAs":["https:\/\/www.facebook.com\/pspv.castellodelaplana","https:\/\/x.com\/pspv_cs","https:\/\/www.instagram.com\/pspvpsoecastello\/"]},{"@type":"Person","@id":"https:\/\/agrupacionespsoe.es\/castello\/#\/schema\/person\/f3bc5b2f9dc6a399e9e98596ae24a20a","name":"castello1","image":{"@type":"ImageObject","inLanguage":"es","@id":"https:\/\/agrupacionespsoe.es\/castello\/#\/schema\/person\/image\/","url":"https:\/\/secure.gravatar.com\/avatar\/5f1da428d6479d1127419c0b58796865?s=96&d=mm&r=g","contentUrl":"https:\/\/secure.gravatar.com\/avatar\/5f1da428d6479d1127419c0b58796865?s=96&d=mm&r=g","caption":"castello1"},"url":"https:\/\/agrupacionespsoe.es\/castello\/author\/castello1\/"}]}},"jetpack_publicize_connections":[],"jetpack_featured_media_url":"https:\/\/agrupacionespsoe.es\/castello\/wp-content\/uploads\/sites\/45\/2024\/10\/20241008-El-PSPV-de-Castello-propone-rebajar-el-IBI-a-la-ciudadania-en-una-cantidad-equivalente-al-aumento-de-la-tasa-de-basura-en-2025-1-scaled.jpg","jetpack_sharing_enabled":true,"_links":{"self":[{"href":"https:\/\/agrupacionespsoe.es\/castello\/wp-json\/wp\/v2\/posts\/6412","targetHints":{"allow":["GET"]}}],"collection":[{"href":"https:\/\/agrupacionespsoe.es\/castello\/wp-json\/wp\/v2\/posts"}],"about":[{"href":"https:\/\/agrupacionespsoe.es\/castello\/wp-json\/wp\/v2\/types\/post"}],"author":[{"embeddable":true,"href":"https:\/\/agrupacionespsoe.es\/castello\/wp-json\/wp\/v2\/users\/48"}],"replies":[{"embeddable":true,"href":"https:\/\/agrupacionespsoe.es\/castello\/wp-json\/wp\/v2\/comments?post=6412"}],"version-history":[{"count":2,"href":"https:\/\/agrupacionespsoe.es\/castello\/wp-json\/wp\/v2\/posts\/6412\/revisions"}],"predecessor-version":[{"id":6414,"href":"https:\/\/agrupacionespsoe.es\/castello\/wp-json\/wp\/v2\/posts\/6412\/revisions\/6414"}],"wp:featuredmedia":[{"embeddable":true,"href":"https:\/\/agrupacionespsoe.es\/castello\/wp-json\/wp\/v2\/media\/6304"}],"wp:attachment":[{"href":"https:\/\/agrupacionespsoe.es\/castello\/wp-json\/wp\/v2\/media?parent=6412"}],"wp:term":[{"taxonomy":"category","embeddable":true,"href":"https:\/\/agrupacionespsoe.es\/castello\/wp-json\/wp\/v2\/categories?post=6412"},{"taxonomy":"post_tag","embeddable":true,"href":"https:\/\/agrupacionespsoe.es\/castello\/wp-json\/wp\/v2\/tags?post=6412"}],"curies":[{"name":"wp","href":"https:\/\/api.w.org\/{rel}","templated":true}]}}