{"id":6377,"date":"2024-10-16T15:12:18","date_gmt":"2024-10-16T13:12:18","guid":{"rendered":"https:\/\/agrupacionespsoe.es\/castello\/?p=6377"},"modified":"2024-10-16T15:12:19","modified_gmt":"2024-10-16T13:12:19","slug":"el-pspv-denuncia-el-abando-del-grau-de-castello-per-part-del-regidor-de-seguretat-antonio-ortola-davant-laugment-de-robatoris-en-vehicles","status":"publish","type":"post","link":"https:\/\/agrupacionespsoe.es\/castello\/va\/el-pspv-denuncia-el-abando-del-grau-de-castello-per-part-del-regidor-de-seguretat-antonio-ortola-davant-laugment-de-robatoris-en-vehicles\/","title":{"rendered":"El PSPV den\u00fancia el \u201caband\u00f3\u201d del Grau de Castell\u00f3 per part del regidor de Seguretat, Antonio Ortol\u00e1, davant l&#8217;augment de robatoris en vehicles"},"content":{"rendered":"\n<ul class=\"wp-block-list\">\n<li><em><strong>Mary Carmen Ribera, regidora del PSPV, assenyala que hui dimecres \u201chem tornat a despertar-nos amb el trencament de cristalls en diversos cotxes aparcats prop de la parr\u00f2quia de Sant Pere, que se sumen als del passat dissabte al costat de la pla\u00e7a Verge del Carmen i la piscina Emilio Fabregat\u201d<\/strong><\/em><\/li>\n\n\n\n<li><em><strong>El Grup Municipal Socialista lamenta la \u201cincapacitat\u201d de l&#8217;edil de la ultradreta a l&#8217;hora de \u201cdotar dels mitjans adequats al Grau, perqu\u00e8 ning\u00fa sap on estan els refor\u00e7os dels quals tant parla\u201d<\/strong><\/em><\/li>\n<\/ul>\n\n\n\n<figure class=\"wp-block-audio\"><audio controls src=\"https:\/\/agrupacionespsoe.es\/castello\/wp-content\/uploads\/sites\/45\/2024\/10\/20241016-El-PSPV-denuncia-el-abandono-del-Grau-de-Castello-por-parte-del-concejal-de-Seguridad-Antonio-Ortola-ante-el-aumento-de-robos-en-vehiculos.mp3\" autoplay><\/audio><figcaption class=\"wp-element-caption\">Declaracions Mary Ribera<\/figcaption><\/figure>\n\n\n\n<p>La regidora socialista <strong>Mary Carmen Ribera<\/strong> ha exigit al regidor de Seguretat Ciutadana de Castell\u00f3, <strong>Antonio Ortol\u00e1<\/strong>, \u201cque treballe un poc m\u00e9s i deixe de prioritzar les seues proclames ideol\u00f2giques enfront de les seues obligacions com a edil perqu\u00e8 ni tan sols coneix els actes delictius que es produeixen a la seua ciutat\u201d.<br><br>L&#8217;exemple est\u00e0 al Grau de Castell\u00f3, on els ve\u00efns i ve\u00efnes han mostrat la seua preocupaci\u00f3 en xarxes socials davant l&#8217;augment de robatoris en vehicles aparcats en diferents punts del districte. Ja el dissabte passat es va alertar de cotxes amb els cristalls trencats prop la pla\u00e7a Verge del Carmen i la piscina Emilio Fabregat , \u201ci hui han aparegut m\u00e9s al costat de la parr\u00f2quia de Sant Pere\u201d, assenyala Ribera.<\/p>\n\n\n\n<p>Dilluns passat, en la Comissi\u00f3 d&#8217;Estudi de Ciutadania, Participaci\u00f3 i Seguretat, les representants socialistes, <strong>M\u00f3nica Barab\u00e1s<\/strong> i <strong>Anunciaci\u00f3n Lainez<\/strong>, van preguntar directament a Ortol\u00e1 sobre els fets del dissabte i les mesures que anava a adoptar l&#8217;ajuntament, \u201cper\u00f2 la seua cara de sorpresa va ser un clar exemple que ni est\u00e0 ni se li espera\u201d.<\/p>\n\n\n\n<p>Ribera subratlla que \u201cfa mesos que el senyor Ortol\u00e1 va anunciar a so de bombo i platerets que s&#8217;anava a refor\u00e7ar la pres\u00e8ncia policial al Grau, la qual cosa inclo\u00efa 8 agents nous, per\u00f2 l&#8217;\u00fanica veritat \u00e9s que el portaveu de la ultradreta nom\u00e9s sap vendre fum, fer-se fotos de cara a la galeria i deixar de costat a la ciutadania\u201d.<br><br>Mary Carmen Ribera lamenta que \u201cel regidor de Seguretat de Castell\u00f3 est\u00e0 m\u00e9s preocupat a abocar els seus discursos d&#8217;odi contra la immigraci\u00f3 i a llan\u00e7ar faules en les xarxes socials que a atallar els actes delictius que es registren a Castell\u00f3, alguna cosa que sembla no importar-li res a l&#8217;alcaldessa, <strong>Bego\u00f1a Carrasco<\/strong>, que calla cont\u00ednuament davant els seus continus discursos esguitats de racisme\u201d.<\/p>\n","protected":false},"excerpt":{"rendered":"<p>La regidora socialista Mary Carmen Ribera ha exigit al regidor de Seguretat Ciutadana de Castell\u00f3, Antonio Ortol\u00e1, \u201cque treballe un poc m\u00e9s i deixe de prioritzar les seues proclames ideol\u00f2giques enfront de les seues obligacions com a edil perqu\u00e8 ni tan sols coneix els actes delictius que es produeixen a la seua ciutat\u201d. L&#8217;exemple est\u00e0 &#8230;<\/p>\n","protected":false},"author":48,"featured_media":6375,"comment_status":"open","ping_status":"open","sticky":false,"template":"","format":"standard","meta":{"_jetpack_memberships_contains_paid_content":false,"footnotes":"","jetpack_publicize_message":"","jetpack_publicize_feature_enabled":true,"jetpack_social_post_already_shared":false,"jetpack_social_options":{"image_generator_settings":{"template":"highway","default_image_id":0,"font":"","enabled":false},"version":2}},"categories":[22],"tags":[97,101,109,446],"class_list":["post-6377","post","type-post","status-publish","format-standard","has-post-thumbnail","hentry","category-gms-va","tag-anun-lainez-va","tag-mary-carmen-ribera-va","tag-monica-barabas-va","tag-todos-va"],"yoast_head":"<!-- This site is optimized with the Yoast SEO plugin v24.0 - https:\/\/yoast.com\/wordpress\/plugins\/seo\/ -->\n<title>El PSPV den\u00fancia el \u201caband\u00f3\u201d del Grau de Castell\u00f3 per part del regidor de Seguretat, Antonio Ortol\u00e1, davant l&#039;augment de robatoris en vehicles - PSPV-PSOE CASTELL\u00d3<\/title>\n<meta name=\"robots\" content=\"index, follow, max-snippet:-1, max-image-preview:large, max-video-preview:-1\" \/>\n<link rel=\"canonical\" href=\"https:\/\/agrupacionespsoe.es\/castello\/va\/el-pspv-denuncia-el-abando-del-grau-de-castello-per-part-del-regidor-de-seguretat-antonio-ortola-davant-laugment-de-robatoris-en-vehicles\/\" \/>\n<meta property=\"og:locale\" content=\"es_ES\" \/>\n<meta property=\"og:type\" content=\"article\" \/>\n<meta property=\"og:title\" content=\"El PSPV den\u00fancia el \u201caband\u00f3\u201d del Grau de Castell\u00f3 per part del regidor de Seguretat, Antonio Ortol\u00e1, davant l&#039;augment de robatoris en vehicles - PSPV-PSOE CASTELL\u00d3\" \/>\n<meta property=\"og:description\" content=\"La regidora socialista Mary Carmen Ribera ha exigit al regidor de Seguretat Ciutadana de Castell\u00f3, Antonio Ortol\u00e1, \u201cque treballe un poc m\u00e9s i deixe de prioritzar les seues proclames ideol\u00f2giques enfront de les seues obligacions com a edil perqu\u00e8 ni tan sols coneix els actes delictius que es produeixen a la seua ciutat\u201d. L&#8217;exemple est\u00e0 ...\" \/>\n<meta property=\"og:url\" content=\"https:\/\/agrupacionespsoe.es\/castello\/va\/el-pspv-denuncia-el-abando-del-grau-de-castello-per-part-del-regidor-de-seguretat-antonio-ortola-davant-laugment-de-robatoris-en-vehicles\/\" \/>\n<meta property=\"og:site_name\" content=\"PSPV-PSOE CASTELL\u00d3\" \/>\n<meta property=\"article:publisher\" content=\"https:\/\/www.facebook.com\/pspv.castellodelaplana\" \/>\n<meta property=\"article:published_time\" content=\"2024-10-16T13:12:18+00:00\" \/>\n<meta property=\"article:modified_time\" content=\"2024-10-16T13:12:19+00:00\" \/>\n<meta property=\"og:image\" content=\"https:\/\/agrupacionespsoe.es\/castello\/wp-content\/uploads\/sites\/45\/2024\/10\/20241016-El-PSPV-denuncia-el-abandono-del-Grau-de-Castello-por-parte-del-concejal-de-Seguridad-Antonio-Ortola-ante-el-aumento-de-robos-en-vehiculos.jpg\" \/>\n\t<meta property=\"og:image:width\" content=\"2040\" \/>\n\t<meta property=\"og:image:height\" content=\"1536\" \/>\n\t<meta property=\"og:image:type\" content=\"image\/jpeg\" \/>\n<meta name=\"author\" content=\"castello1\" \/>\n<meta name=\"twitter:card\" content=\"summary_large_image\" \/>\n<meta name=\"twitter:creator\" content=\"@pspv_cs\" \/>\n<meta name=\"twitter:site\" content=\"@pspv_cs\" \/>\n<meta name=\"twitter:label1\" content=\"Escrito por\" \/>\n\t<meta name=\"twitter:data1\" content=\"castello1\" \/>\n\t<meta name=\"twitter:label2\" content=\"Tiempo de lectura\" \/>\n\t<meta name=\"twitter:data2\" content=\"2 minutos\" \/>\n<script type=\"application\/ld+json\" class=\"yoast-schema-graph\">{\"@context\":\"https:\/\/schema.org\",\"@graph\":[{\"@type\":\"Article\",\"@id\":\"https:\/\/agrupacionespsoe.es\/castello\/va\/el-pspv-denuncia-el-abando-del-grau-de-castello-per-part-del-regidor-de-seguretat-antonio-ortola-davant-laugment-de-robatoris-en-vehicles\/#article\",\"isPartOf\":{\"@id\":\"https:\/\/agrupacionespsoe.es\/castello\/va\/el-pspv-denuncia-el-abando-del-grau-de-castello-per-part-del-regidor-de-seguretat-antonio-ortola-davant-laugment-de-robatoris-en-vehicles\/\"},\"author\":{\"name\":\"castello1\",\"@id\":\"https:\/\/agrupacionespsoe.es\/castello\/#\/schema\/person\/f3bc5b2f9dc6a399e9e98596ae24a20a\"},\"headline\":\"El PSPV den\u00fancia el \u201caband\u00f3\u201d del Grau de Castell\u00f3 per part del regidor de Seguretat, Antonio Ortol\u00e1, davant l&#8217;augment de robatoris en vehicles\",\"datePublished\":\"2024-10-16T13:12:18+00:00\",\"dateModified\":\"2024-10-16T13:12:19+00:00\",\"mainEntityOfPage\":{\"@id\":\"https:\/\/agrupacionespsoe.es\/castello\/va\/el-pspv-denuncia-el-abando-del-grau-de-castello-per-part-del-regidor-de-seguretat-antonio-ortola-davant-laugment-de-robatoris-en-vehicles\/\"},\"wordCount\":433,\"commentCount\":0,\"publisher\":{\"@id\":\"https:\/\/agrupacionespsoe.es\/castello\/#organization\"},\"image\":{\"@id\":\"https:\/\/agrupacionespsoe.es\/castello\/va\/el-pspv-denuncia-el-abando-del-grau-de-castello-per-part-del-regidor-de-seguretat-antonio-ortola-davant-laugment-de-robatoris-en-vehicles\/#primaryimage\"},\"thumbnailUrl\":\"https:\/\/agrupacionespsoe.es\/castello\/wp-content\/uploads\/sites\/45\/2024\/10\/20241016-El-PSPV-denuncia-el-abandono-del-Grau-de-Castello-por-parte-del-concejal-de-Seguridad-Antonio-Ortola-ante-el-aumento-de-robos-en-vehiculos.jpg\",\"keywords\":[\"Anun L\u00e1inez\",\"Mary Carmen Ribera\",\"M\u00f3nica Barab\u00e1s\",\"Todos\"],\"articleSection\":[\"Grup Municipal Socialista\"],\"inLanguage\":\"es\",\"potentialAction\":[{\"@type\":\"CommentAction\",\"name\":\"Comment\",\"target\":[\"https:\/\/agrupacionespsoe.es\/castello\/va\/el-pspv-denuncia-el-abando-del-grau-de-castello-per-part-del-regidor-de-seguretat-antonio-ortola-davant-laugment-de-robatoris-en-vehicles\/#respond\"]}]},{\"@type\":\"WebPage\",\"@id\":\"https:\/\/agrupacionespsoe.es\/castello\/va\/el-pspv-denuncia-el-abando-del-grau-de-castello-per-part-del-regidor-de-seguretat-antonio-ortola-davant-laugment-de-robatoris-en-vehicles\/\",\"url\":\"https:\/\/agrupacionespsoe.es\/castello\/va\/el-pspv-denuncia-el-abando-del-grau-de-castello-per-part-del-regidor-de-seguretat-antonio-ortola-davant-laugment-de-robatoris-en-vehicles\/\",\"name\":\"El PSPV den\u00fancia el \u201caband\u00f3\u201d del Grau de Castell\u00f3 per part del regidor de Seguretat, Antonio Ortol\u00e1, davant l'augment de robatoris en vehicles - PSPV-PSOE CASTELL\u00d3\",\"isPartOf\":{\"@id\":\"https:\/\/agrupacionespsoe.es\/castello\/#website\"},\"primaryImageOfPage\":{\"@id\":\"https:\/\/agrupacionespsoe.es\/castello\/va\/el-pspv-denuncia-el-abando-del-grau-de-castello-per-part-del-regidor-de-seguretat-antonio-ortola-davant-laugment-de-robatoris-en-vehicles\/#primaryimage\"},\"image\":{\"@id\":\"https:\/\/agrupacionespsoe.es\/castello\/va\/el-pspv-denuncia-el-abando-del-grau-de-castello-per-part-del-regidor-de-seguretat-antonio-ortola-davant-laugment-de-robatoris-en-vehicles\/#primaryimage\"},\"thumbnailUrl\":\"https:\/\/agrupacionespsoe.es\/castello\/wp-content\/uploads\/sites\/45\/2024\/10\/20241016-El-PSPV-denuncia-el-abandono-del-Grau-de-Castello-por-parte-del-concejal-de-Seguridad-Antonio-Ortola-ante-el-aumento-de-robos-en-vehiculos.jpg\",\"datePublished\":\"2024-10-16T13:12:18+00:00\",\"dateModified\":\"2024-10-16T13:12:19+00:00\",\"breadcrumb\":{\"@id\":\"https:\/\/agrupacionespsoe.es\/castello\/va\/el-pspv-denuncia-el-abando-del-grau-de-castello-per-part-del-regidor-de-seguretat-antonio-ortola-davant-laugment-de-robatoris-en-vehicles\/#breadcrumb\"},\"inLanguage\":\"es\",\"potentialAction\":[{\"@type\":\"ReadAction\",\"target\":[\"https:\/\/agrupacionespsoe.es\/castello\/va\/el-pspv-denuncia-el-abando-del-grau-de-castello-per-part-del-regidor-de-seguretat-antonio-ortola-davant-laugment-de-robatoris-en-vehicles\/\"]}]},{\"@type\":\"ImageObject\",\"inLanguage\":\"es\",\"@id\":\"https:\/\/agrupacionespsoe.es\/castello\/va\/el-pspv-denuncia-el-abando-del-grau-de-castello-per-part-del-regidor-de-seguretat-antonio-ortola-davant-laugment-de-robatoris-en-vehicles\/#primaryimage\",\"url\":\"https:\/\/agrupacionespsoe.es\/castello\/wp-content\/uploads\/sites\/45\/2024\/10\/20241016-El-PSPV-denuncia-el-abandono-del-Grau-de-Castello-por-parte-del-concejal-de-Seguridad-Antonio-Ortola-ante-el-aumento-de-robos-en-vehiculos.jpg\",\"contentUrl\":\"https:\/\/agrupacionespsoe.es\/castello\/wp-content\/uploads\/sites\/45\/2024\/10\/20241016-El-PSPV-denuncia-el-abandono-del-Grau-de-Castello-por-parte-del-concejal-de-Seguridad-Antonio-Ortola-ante-el-aumento-de-robos-en-vehiculos.jpg\",\"width\":2040,\"height\":1536},{\"@type\":\"BreadcrumbList\",\"@id\":\"https:\/\/agrupacionespsoe.es\/castello\/va\/el-pspv-denuncia-el-abando-del-grau-de-castello-per-part-del-regidor-de-seguretat-antonio-ortola-davant-laugment-de-robatoris-en-vehicles\/#breadcrumb\",\"itemListElement\":[{\"@type\":\"ListItem\",\"position\":1,\"name\":\"Portada\",\"item\":\"https:\/\/agrupacionespsoe.es\/castello\/\"},{\"@type\":\"ListItem\",\"position\":2,\"name\":\"El PSPV den\u00fancia el \u201caband\u00f3\u201d del Grau de Castell\u00f3 per part del regidor de Seguretat, Antonio Ortol\u00e1, davant l&#8217;augment de robatoris en vehicles\"}]},{\"@type\":\"WebSite\",\"@id\":\"https:\/\/agrupacionespsoe.es\/castello\/#website\",\"url\":\"https:\/\/agrupacionespsoe.es\/castello\/\",\"name\":\"PSPV-PSOE CASTELL\u00d3\",\"description\":\"PSPV-PSOE | Agrupaci\u00f3 de Castell\u00f3\",\"publisher\":{\"@id\":\"https:\/\/agrupacionespsoe.es\/castello\/#organization\"},\"potentialAction\":[{\"@type\":\"SearchAction\",\"target\":{\"@type\":\"EntryPoint\",\"urlTemplate\":\"https:\/\/agrupacionespsoe.es\/castello\/?s={search_term_string}\"},\"query-input\":{\"@type\":\"PropertyValueSpecification\",\"valueRequired\":true,\"valueName\":\"search_term_string\"}}],\"inLanguage\":\"es\"},{\"@type\":\"Organization\",\"@id\":\"https:\/\/agrupacionespsoe.es\/castello\/#organization\",\"name\":\"PSPV-PSOE Castell\u00f3\",\"url\":\"https:\/\/agrupacionespsoe.es\/castello\/\",\"logo\":{\"@type\":\"ImageObject\",\"inLanguage\":\"es\",\"@id\":\"https:\/\/agrupacionespsoe.es\/castello\/#\/schema\/logo\/image\/\",\"url\":\"https:\/\/agrupacionespsoe.es\/castello\/wp-content\/uploads\/sites\/45\/2023\/04\/PORTADA-PSOE-CASTELLO.jpg\",\"contentUrl\":\"https:\/\/agrupacionespsoe.es\/castello\/wp-content\/uploads\/sites\/45\/2023\/04\/PORTADA-PSOE-CASTELLO.jpg\",\"width\":2500,\"height\":2500,\"caption\":\"PSPV-PSOE Castell\u00f3\"},\"image\":{\"@id\":\"https:\/\/agrupacionespsoe.es\/castello\/#\/schema\/logo\/image\/\"},\"sameAs\":[\"https:\/\/www.facebook.com\/pspv.castellodelaplana\",\"https:\/\/x.com\/pspv_cs\",\"https:\/\/www.instagram.com\/pspvpsoecastello\/\"]},{\"@type\":\"Person\",\"@id\":\"https:\/\/agrupacionespsoe.es\/castello\/#\/schema\/person\/f3bc5b2f9dc6a399e9e98596ae24a20a\",\"name\":\"castello1\",\"image\":{\"@type\":\"ImageObject\",\"inLanguage\":\"es\",\"@id\":\"https:\/\/agrupacionespsoe.es\/castello\/#\/schema\/person\/image\/\",\"url\":\"https:\/\/secure.gravatar.com\/avatar\/5f1da428d6479d1127419c0b58796865?s=96&d=mm&r=g\",\"contentUrl\":\"https:\/\/secure.gravatar.com\/avatar\/5f1da428d6479d1127419c0b58796865?s=96&d=mm&r=g\",\"caption\":\"castello1\"},\"url\":\"https:\/\/agrupacionespsoe.es\/castello\/author\/castello1\/\"}]}<\/script>\n<!-- \/ Yoast SEO plugin. -->","yoast_head_json":{"title":"El PSPV den\u00fancia el \u201caband\u00f3\u201d del Grau de Castell\u00f3 per part del regidor de Seguretat, Antonio Ortol\u00e1, davant l'augment de robatoris en vehicles - PSPV-PSOE CASTELL\u00d3","robots":{"index":"index","follow":"follow","max-snippet":"max-snippet:-1","max-image-preview":"max-image-preview:large","max-video-preview":"max-video-preview:-1"},"canonical":"https:\/\/agrupacionespsoe.es\/castello\/va\/el-pspv-denuncia-el-abando-del-grau-de-castello-per-part-del-regidor-de-seguretat-antonio-ortola-davant-laugment-de-robatoris-en-vehicles\/","og_locale":"es_ES","og_type":"article","og_title":"El PSPV den\u00fancia el \u201caband\u00f3\u201d del Grau de Castell\u00f3 per part del regidor de Seguretat, Antonio Ortol\u00e1, davant l'augment de robatoris en vehicles - PSPV-PSOE CASTELL\u00d3","og_description":"La regidora socialista Mary Carmen Ribera ha exigit al regidor de Seguretat Ciutadana de Castell\u00f3, Antonio Ortol\u00e1, \u201cque treballe un poc m\u00e9s i deixe de prioritzar les seues proclames ideol\u00f2giques enfront de les seues obligacions com a edil perqu\u00e8 ni tan sols coneix els actes delictius que es produeixen a la seua ciutat\u201d. L&#8217;exemple est\u00e0 ...","og_url":"https:\/\/agrupacionespsoe.es\/castello\/va\/el-pspv-denuncia-el-abando-del-grau-de-castello-per-part-del-regidor-de-seguretat-antonio-ortola-davant-laugment-de-robatoris-en-vehicles\/","og_site_name":"PSPV-PSOE CASTELL\u00d3","article_publisher":"https:\/\/www.facebook.com\/pspv.castellodelaplana","article_published_time":"2024-10-16T13:12:18+00:00","article_modified_time":"2024-10-16T13:12:19+00:00","og_image":[{"width":2040,"height":1536,"url":"https:\/\/agrupacionespsoe.es\/castello\/wp-content\/uploads\/sites\/45\/2024\/10\/20241016-El-PSPV-denuncia-el-abandono-del-Grau-de-Castello-por-parte-del-concejal-de-Seguridad-Antonio-Ortola-ante-el-aumento-de-robos-en-vehiculos.jpg","type":"image\/jpeg"}],"author":"castello1","twitter_card":"summary_large_image","twitter_creator":"@pspv_cs","twitter_site":"@pspv_cs","twitter_misc":{"Escrito por":"castello1","Tiempo de lectura":"2 minutos"},"schema":{"@context":"https:\/\/schema.org","@graph":[{"@type":"Article","@id":"https:\/\/agrupacionespsoe.es\/castello\/va\/el-pspv-denuncia-el-abando-del-grau-de-castello-per-part-del-regidor-de-seguretat-antonio-ortola-davant-laugment-de-robatoris-en-vehicles\/#article","isPartOf":{"@id":"https:\/\/agrupacionespsoe.es\/castello\/va\/el-pspv-denuncia-el-abando-del-grau-de-castello-per-part-del-regidor-de-seguretat-antonio-ortola-davant-laugment-de-robatoris-en-vehicles\/"},"author":{"name":"castello1","@id":"https:\/\/agrupacionespsoe.es\/castello\/#\/schema\/person\/f3bc5b2f9dc6a399e9e98596ae24a20a"},"headline":"El PSPV den\u00fancia el \u201caband\u00f3\u201d del Grau de Castell\u00f3 per part del regidor de Seguretat, Antonio Ortol\u00e1, davant l&#8217;augment de robatoris en vehicles","datePublished":"2024-10-16T13:12:18+00:00","dateModified":"2024-10-16T13:12:19+00:00","mainEntityOfPage":{"@id":"https:\/\/agrupacionespsoe.es\/castello\/va\/el-pspv-denuncia-el-abando-del-grau-de-castello-per-part-del-regidor-de-seguretat-antonio-ortola-davant-laugment-de-robatoris-en-vehicles\/"},"wordCount":433,"commentCount":0,"publisher":{"@id":"https:\/\/agrupacionespsoe.es\/castello\/#organization"},"image":{"@id":"https:\/\/agrupacionespsoe.es\/castello\/va\/el-pspv-denuncia-el-abando-del-grau-de-castello-per-part-del-regidor-de-seguretat-antonio-ortola-davant-laugment-de-robatoris-en-vehicles\/#primaryimage"},"thumbnailUrl":"https:\/\/agrupacionespsoe.es\/castello\/wp-content\/uploads\/sites\/45\/2024\/10\/20241016-El-PSPV-denuncia-el-abandono-del-Grau-de-Castello-por-parte-del-concejal-de-Seguridad-Antonio-Ortola-ante-el-aumento-de-robos-en-vehiculos.jpg","keywords":["Anun L\u00e1inez","Mary Carmen Ribera","M\u00f3nica Barab\u00e1s","Todos"],"articleSection":["Grup Municipal Socialista"],"inLanguage":"es","potentialAction":[{"@type":"CommentAction","name":"Comment","target":["https:\/\/agrupacionespsoe.es\/castello\/va\/el-pspv-denuncia-el-abando-del-grau-de-castello-per-part-del-regidor-de-seguretat-antonio-ortola-davant-laugment-de-robatoris-en-vehicles\/#respond"]}]},{"@type":"WebPage","@id":"https:\/\/agrupacionespsoe.es\/castello\/va\/el-pspv-denuncia-el-abando-del-grau-de-castello-per-part-del-regidor-de-seguretat-antonio-ortola-davant-laugment-de-robatoris-en-vehicles\/","url":"https:\/\/agrupacionespsoe.es\/castello\/va\/el-pspv-denuncia-el-abando-del-grau-de-castello-per-part-del-regidor-de-seguretat-antonio-ortola-davant-laugment-de-robatoris-en-vehicles\/","name":"El PSPV den\u00fancia el \u201caband\u00f3\u201d del Grau de Castell\u00f3 per part del regidor de Seguretat, Antonio Ortol\u00e1, davant l'augment de robatoris en vehicles - PSPV-PSOE CASTELL\u00d3","isPartOf":{"@id":"https:\/\/agrupacionespsoe.es\/castello\/#website"},"primaryImageOfPage":{"@id":"https:\/\/agrupacionespsoe.es\/castello\/va\/el-pspv-denuncia-el-abando-del-grau-de-castello-per-part-del-regidor-de-seguretat-antonio-ortola-davant-laugment-de-robatoris-en-vehicles\/#primaryimage"},"image":{"@id":"https:\/\/agrupacionespsoe.es\/castello\/va\/el-pspv-denuncia-el-abando-del-grau-de-castello-per-part-del-regidor-de-seguretat-antonio-ortola-davant-laugment-de-robatoris-en-vehicles\/#primaryimage"},"thumbnailUrl":"https:\/\/agrupacionespsoe.es\/castello\/wp-content\/uploads\/sites\/45\/2024\/10\/20241016-El-PSPV-denuncia-el-abandono-del-Grau-de-Castello-por-parte-del-concejal-de-Seguridad-Antonio-Ortola-ante-el-aumento-de-robos-en-vehiculos.jpg","datePublished":"2024-10-16T13:12:18+00:00","dateModified":"2024-10-16T13:12:19+00:00","breadcrumb":{"@id":"https:\/\/agrupacionespsoe.es\/castello\/va\/el-pspv-denuncia-el-abando-del-grau-de-castello-per-part-del-regidor-de-seguretat-antonio-ortola-davant-laugment-de-robatoris-en-vehicles\/#breadcrumb"},"inLanguage":"es","potentialAction":[{"@type":"ReadAction","target":["https:\/\/agrupacionespsoe.es\/castello\/va\/el-pspv-denuncia-el-abando-del-grau-de-castello-per-part-del-regidor-de-seguretat-antonio-ortola-davant-laugment-de-robatoris-en-vehicles\/"]}]},{"@type":"ImageObject","inLanguage":"es","@id":"https:\/\/agrupacionespsoe.es\/castello\/va\/el-pspv-denuncia-el-abando-del-grau-de-castello-per-part-del-regidor-de-seguretat-antonio-ortola-davant-laugment-de-robatoris-en-vehicles\/#primaryimage","url":"https:\/\/agrupacionespsoe.es\/castello\/wp-content\/uploads\/sites\/45\/2024\/10\/20241016-El-PSPV-denuncia-el-abandono-del-Grau-de-Castello-por-parte-del-concejal-de-Seguridad-Antonio-Ortola-ante-el-aumento-de-robos-en-vehiculos.jpg","contentUrl":"https:\/\/agrupacionespsoe.es\/castello\/wp-content\/uploads\/sites\/45\/2024\/10\/20241016-El-PSPV-denuncia-el-abandono-del-Grau-de-Castello-por-parte-del-concejal-de-Seguridad-Antonio-Ortola-ante-el-aumento-de-robos-en-vehiculos.jpg","width":2040,"height":1536},{"@type":"BreadcrumbList","@id":"https:\/\/agrupacionespsoe.es\/castello\/va\/el-pspv-denuncia-el-abando-del-grau-de-castello-per-part-del-regidor-de-seguretat-antonio-ortola-davant-laugment-de-robatoris-en-vehicles\/#breadcrumb","itemListElement":[{"@type":"ListItem","position":1,"name":"Portada","item":"https:\/\/agrupacionespsoe.es\/castello\/"},{"@type":"ListItem","position":2,"name":"El PSPV den\u00fancia el \u201caband\u00f3\u201d del Grau de Castell\u00f3 per part del regidor de Seguretat, Antonio Ortol\u00e1, davant l&#8217;augment de robatoris en vehicles"}]},{"@type":"WebSite","@id":"https:\/\/agrupacionespsoe.es\/castello\/#website","url":"https:\/\/agrupacionespsoe.es\/castello\/","name":"PSPV-PSOE CASTELL\u00d3","description":"PSPV-PSOE | Agrupaci\u00f3 de Castell\u00f3","publisher":{"@id":"https:\/\/agrupacionespsoe.es\/castello\/#organization"},"potentialAction":[{"@type":"SearchAction","target":{"@type":"EntryPoint","urlTemplate":"https:\/\/agrupacionespsoe.es\/castello\/?s={search_term_string}"},"query-input":{"@type":"PropertyValueSpecification","valueRequired":true,"valueName":"search_term_string"}}],"inLanguage":"es"},{"@type":"Organization","@id":"https:\/\/agrupacionespsoe.es\/castello\/#organization","name":"PSPV-PSOE Castell\u00f3","url":"https:\/\/agrupacionespsoe.es\/castello\/","logo":{"@type":"ImageObject","inLanguage":"es","@id":"https:\/\/agrupacionespsoe.es\/castello\/#\/schema\/logo\/image\/","url":"https:\/\/agrupacionespsoe.es\/castello\/wp-content\/uploads\/sites\/45\/2023\/04\/PORTADA-PSOE-CASTELLO.jpg","contentUrl":"https:\/\/agrupacionespsoe.es\/castello\/wp-content\/uploads\/sites\/45\/2023\/04\/PORTADA-PSOE-CASTELLO.jpg","width":2500,"height":2500,"caption":"PSPV-PSOE Castell\u00f3"},"image":{"@id":"https:\/\/agrupacionespsoe.es\/castello\/#\/schema\/logo\/image\/"},"sameAs":["https:\/\/www.facebook.com\/pspv.castellodelaplana","https:\/\/x.com\/pspv_cs","https:\/\/www.instagram.com\/pspvpsoecastello\/"]},{"@type":"Person","@id":"https:\/\/agrupacionespsoe.es\/castello\/#\/schema\/person\/f3bc5b2f9dc6a399e9e98596ae24a20a","name":"castello1","image":{"@type":"ImageObject","inLanguage":"es","@id":"https:\/\/agrupacionespsoe.es\/castello\/#\/schema\/person\/image\/","url":"https:\/\/secure.gravatar.com\/avatar\/5f1da428d6479d1127419c0b58796865?s=96&d=mm&r=g","contentUrl":"https:\/\/secure.gravatar.com\/avatar\/5f1da428d6479d1127419c0b58796865?s=96&d=mm&r=g","caption":"castello1"},"url":"https:\/\/agrupacionespsoe.es\/castello\/author\/castello1\/"}]}},"jetpack_publicize_connections":[],"jetpack_featured_media_url":"https:\/\/agrupacionespsoe.es\/castello\/wp-content\/uploads\/sites\/45\/2024\/10\/20241016-El-PSPV-denuncia-el-abandono-del-Grau-de-Castello-por-parte-del-concejal-de-Seguridad-Antonio-Ortola-ante-el-aumento-de-robos-en-vehiculos.jpg","jetpack_sharing_enabled":true,"_links":{"self":[{"href":"https:\/\/agrupacionespsoe.es\/castello\/wp-json\/wp\/v2\/posts\/6377","targetHints":{"allow":["GET"]}}],"collection":[{"href":"https:\/\/agrupacionespsoe.es\/castello\/wp-json\/wp\/v2\/posts"}],"about":[{"href":"https:\/\/agrupacionespsoe.es\/castello\/wp-json\/wp\/v2\/types\/post"}],"author":[{"embeddable":true,"href":"https:\/\/agrupacionespsoe.es\/castello\/wp-json\/wp\/v2\/users\/48"}],"replies":[{"embeddable":true,"href":"https:\/\/agrupacionespsoe.es\/castello\/wp-json\/wp\/v2\/comments?post=6377"}],"version-history":[{"count":2,"href":"https:\/\/agrupacionespsoe.es\/castello\/wp-json\/wp\/v2\/posts\/6377\/revisions"}],"predecessor-version":[{"id":6379,"href":"https:\/\/agrupacionespsoe.es\/castello\/wp-json\/wp\/v2\/posts\/6377\/revisions\/6379"}],"wp:featuredmedia":[{"embeddable":true,"href":"https:\/\/agrupacionespsoe.es\/castello\/wp-json\/wp\/v2\/media\/6375"}],"wp:attachment":[{"href":"https:\/\/agrupacionespsoe.es\/castello\/wp-json\/wp\/v2\/media?parent=6377"}],"wp:term":[{"taxonomy":"category","embeddable":true,"href":"https:\/\/agrupacionespsoe.es\/castello\/wp-json\/wp\/v2\/categories?post=6377"},{"taxonomy":"post_tag","embeddable":true,"href":"https:\/\/agrupacionespsoe.es\/castello\/wp-json\/wp\/v2\/tags?post=6377"}],"curies":[{"name":"wp","href":"https:\/\/api.w.org\/{rel}","templated":true}]}}