{"id":6351,"date":"2024-10-14T16:20:24","date_gmt":"2024-10-14T14:20:24","guid":{"rendered":"https:\/\/agrupacionespsoe.es\/castello\/?p=6351"},"modified":"2024-10-14T16:20:25","modified_gmt":"2024-10-14T14:20:25","slug":"lopez-el-pp-sha-carregat-el-concepte-de-via-ciclopedestre-del-carrer-sant-felix-en-deixar-via-lliure-a-lacces-de-vehicles-pel-centre-de-castello","status":"publish","type":"post","link":"https:\/\/agrupacionespsoe.es\/castello\/va\/lopez-el-pp-sha-carregat-el-concepte-de-via-ciclopedestre-del-carrer-sant-felix-en-deixar-via-lliure-a-lacces-de-vehicles-pel-centre-de-castello\/","title":{"rendered":"L\u00f3pez: \u201cEl PP s&#8217;ha carregat el concepte de via ciclopedestre del carrer Sant F\u00e9lix en deixar via lliure a l&#8217;acc\u00e9s de vehicles pel centre de Castell\u00f3\u201d"},"content":{"rendered":"\n<p>El Grup Municipal Socialista de Castell\u00f3 ha mantingut hui les seues cr\u00edtiques al govern municipal de <strong>Bego\u00f1a Carrasco<\/strong> per \u201chaver desvirtuat per complet\u201d el concepte de la Zona de Baixes Emissions (ZBE) en donar \u201cvia lliure als vehicles a uns carrers on el vianant i el ciclista eren els \u00fanics protagonistes\u201d, assenyala <strong>Jos\u00e9 Luis L\u00f3pez<\/strong>, portaveu adjunt socialista.<\/p>\n\n\n\n<p>\u00c9s en aquest \u00e0mbit en el qual se circumscriu la cr\u00edtica del PSPV al projecte desenvolupat en la zona del carrer Sant F\u00e9lix, \u201cque va ser dissenyat com una plataforma \u00fanica amb prioritat ciclopedestre, d&#8217;aqu\u00ed ve que es reconvertira l&#8217;anterior carril bici de la zona, que ara ha quedat totalment desmantellada per l&#8217;obsessi\u00f3 del Partit Popular de tornar a convertir el centre en una zona de continu pas de vehicles, arraconant aix\u00ed els projectes de mobilitat sostenible impulsats per l&#8217;anterior govern de l\u2019Acord de Fadrell\u201d.<\/p>\n\n\n\n<p>En aquesta l\u00ednia, Jos\u00e9 Luis L\u00f3pez ha advertit al govern PPVox que presideix Bego\u00f1a Carrasco \u201cque est\u00e0 jugant amb foc amb totes les reinterpretacions que est\u00e0 fent amb les Zones de Baixes Emissions de Castell\u00f3, projectes que es poden desenvolupar gr\u00e0cies al treball del PSPV per a captar fons europeus\u201d. En concret van ser m\u00e9s d&#8217;11 milions els que han arribat d&#8217;Europa, \u201ci tots i totes sabem que l&#8217;Ajuntament de Castell\u00f3 podria perdre&#8217;ls si Carrasco i el seu regidor d&#8217;Urbanisme, Sergio Toledo, continuen alterant els seus objectius, la qual cosa seria sens dubte catastr\u00f2fic per a tots els i les castellonenques&#8221;.<\/p>\n\n\n\n<p>Sobre aquest tema, L\u00f3pez assenyala que \u201cno cal anar-se molt lluny, en concret a Val\u00e8ncia, on el Ministeri de Transports ja li ha advertit a la seua alcaldessa, tamb\u00e9 del PP, que pot perdre el finan\u00e7ament europeu si no executa com estan previstos alguns dels seus projectes en zones de baixes emissions\u201d.<\/p>\n\n\n\n<p>En aquest context, el portaveu socialista insisteix que el treball desenvolupat per l\u2019Acord de Fadrell al carrer Sant F\u00e9lix \u201cdonava la prioritat absoluta al vianant i al ciclista, per\u00f2 ja sabem que el model de la dreta d&#8217;aquesta ciutat \u00e9s tornar a un model de ciutat insostenible amb el tr\u00e0nsit de vehicles cotxe com a gran protagonista\u201d.<\/p>\n","protected":false},"excerpt":{"rendered":"<p>El Grup Municipal Socialista de Castell\u00f3 ha mantingut hui les seues cr\u00edtiques al govern municipal de Bego\u00f1a Carrasco per \u201chaver desvirtuat per complet\u201d el concepte de la Zona de Baixes Emissions (ZBE) en donar \u201cvia lliure als vehicles a uns carrers on el vianant i el ciclista eren els \u00fanics protagonistes\u201d, assenyala Jos\u00e9 Luis L\u00f3pez, &#8230;<\/p>\n","protected":false},"author":48,"featured_media":3534,"comment_status":"open","ping_status":"open","sticky":false,"template":"","format":"standard","meta":{"_jetpack_memberships_contains_paid_content":false,"footnotes":"","jetpack_publicize_message":"","jetpack_publicize_feature_enabled":true,"jetpack_social_post_already_shared":false,"jetpack_social_options":{"image_generator_settings":{"template":"highway","default_image_id":0,"font":"","enabled":false},"version":2}},"categories":[22],"tags":[87,446],"class_list":["post-6351","post","type-post","status-publish","format-standard","has-post-thumbnail","hentry","category-gms-va","tag-jose-luis-lopez-va","tag-todos-va"],"yoast_head":"<!-- This site is optimized with the Yoast SEO plugin v24.0 - https:\/\/yoast.com\/wordpress\/plugins\/seo\/ -->\n<title>L\u00f3pez: \u201cEl PP s&#039;ha carregat el concepte de via ciclopedestre del carrer Sant F\u00e9lix en deixar via lliure a l&#039;acc\u00e9s de vehicles pel centre de Castell\u00f3\u201d - PSPV-PSOE CASTELL\u00d3<\/title>\n<meta name=\"robots\" content=\"index, follow, max-snippet:-1, max-image-preview:large, max-video-preview:-1\" \/>\n<link rel=\"canonical\" href=\"https:\/\/agrupacionespsoe.es\/castello\/va\/lopez-el-pp-sha-carregat-el-concepte-de-via-ciclopedestre-del-carrer-sant-felix-en-deixar-via-lliure-a-lacces-de-vehicles-pel-centre-de-castello\/\" \/>\n<meta property=\"og:locale\" content=\"es_ES\" \/>\n<meta property=\"og:type\" content=\"article\" \/>\n<meta property=\"og:title\" content=\"L\u00f3pez: \u201cEl PP s&#039;ha carregat el concepte de via ciclopedestre del carrer Sant F\u00e9lix en deixar via lliure a l&#039;acc\u00e9s de vehicles pel centre de Castell\u00f3\u201d - PSPV-PSOE CASTELL\u00d3\" \/>\n<meta property=\"og:description\" content=\"El Grup Municipal Socialista de Castell\u00f3 ha mantingut hui les seues cr\u00edtiques al govern municipal de Bego\u00f1a Carrasco per \u201chaver desvirtuat per complet\u201d el concepte de la Zona de Baixes Emissions (ZBE) en donar \u201cvia lliure als vehicles a uns carrers on el vianant i el ciclista eren els \u00fanics protagonistes\u201d, assenyala Jos\u00e9 Luis L\u00f3pez, ...\" \/>\n<meta property=\"og:url\" content=\"https:\/\/agrupacionespsoe.es\/castello\/va\/lopez-el-pp-sha-carregat-el-concepte-de-via-ciclopedestre-del-carrer-sant-felix-en-deixar-via-lliure-a-lacces-de-vehicles-pel-centre-de-castello\/\" \/>\n<meta property=\"og:site_name\" content=\"PSPV-PSOE CASTELL\u00d3\" \/>\n<meta property=\"article:publisher\" content=\"https:\/\/www.facebook.com\/pspv.castellodelaplana\" \/>\n<meta property=\"article:published_time\" content=\"2024-10-14T14:20:24+00:00\" \/>\n<meta property=\"article:modified_time\" content=\"2024-10-14T14:20:25+00:00\" \/>\n<meta property=\"og:image\" content=\"https:\/\/agrupacionespsoe.es\/castello\/wp-content\/uploads\/sites\/45\/2023\/12\/20231229-El-PSPV-exige-a-Ortola-que-se-preocupe-por-la-seguridad-y-el-bienestar-de-las-personas-sin-hogar-de-Castello-y-no-ignore-a-las-dos.jpeg\" \/>\n\t<meta property=\"og:image:width\" content=\"1600\" \/>\n\t<meta property=\"og:image:height\" content=\"1066\" \/>\n\t<meta property=\"og:image:type\" content=\"image\/jpeg\" \/>\n<meta name=\"author\" content=\"castello1\" \/>\n<meta name=\"twitter:card\" content=\"summary_large_image\" \/>\n<meta name=\"twitter:creator\" content=\"@pspv_cs\" \/>\n<meta name=\"twitter:site\" content=\"@pspv_cs\" \/>\n<meta name=\"twitter:label1\" content=\"Escrito por\" \/>\n\t<meta name=\"twitter:data1\" content=\"castello1\" \/>\n\t<meta name=\"twitter:label2\" content=\"Tiempo de lectura\" \/>\n\t<meta name=\"twitter:data2\" content=\"2 minutos\" \/>\n<script type=\"application\/ld+json\" class=\"yoast-schema-graph\">{\"@context\":\"https:\/\/schema.org\",\"@graph\":[{\"@type\":\"Article\",\"@id\":\"https:\/\/agrupacionespsoe.es\/castello\/va\/lopez-el-pp-sha-carregat-el-concepte-de-via-ciclopedestre-del-carrer-sant-felix-en-deixar-via-lliure-a-lacces-de-vehicles-pel-centre-de-castello\/#article\",\"isPartOf\":{\"@id\":\"https:\/\/agrupacionespsoe.es\/castello\/va\/lopez-el-pp-sha-carregat-el-concepte-de-via-ciclopedestre-del-carrer-sant-felix-en-deixar-via-lliure-a-lacces-de-vehicles-pel-centre-de-castello\/\"},\"author\":{\"name\":\"castello1\",\"@id\":\"https:\/\/agrupacionespsoe.es\/castello\/#\/schema\/person\/f3bc5b2f9dc6a399e9e98596ae24a20a\"},\"headline\":\"L\u00f3pez: \u201cEl PP s&#8217;ha carregat el concepte de via ciclopedestre del carrer Sant F\u00e9lix en deixar via lliure a l&#8217;acc\u00e9s de vehicles pel centre de Castell\u00f3\u201d\",\"datePublished\":\"2024-10-14T14:20:24+00:00\",\"dateModified\":\"2024-10-14T14:20:25+00:00\",\"mainEntityOfPage\":{\"@id\":\"https:\/\/agrupacionespsoe.es\/castello\/va\/lopez-el-pp-sha-carregat-el-concepte-de-via-ciclopedestre-del-carrer-sant-felix-en-deixar-via-lliure-a-lacces-de-vehicles-pel-centre-de-castello\/\"},\"wordCount\":400,\"commentCount\":0,\"publisher\":{\"@id\":\"https:\/\/agrupacionespsoe.es\/castello\/#organization\"},\"image\":{\"@id\":\"https:\/\/agrupacionespsoe.es\/castello\/va\/lopez-el-pp-sha-carregat-el-concepte-de-via-ciclopedestre-del-carrer-sant-felix-en-deixar-via-lliure-a-lacces-de-vehicles-pel-centre-de-castello\/#primaryimage\"},\"thumbnailUrl\":\"https:\/\/agrupacionespsoe.es\/castello\/wp-content\/uploads\/sites\/45\/2023\/12\/20231229-El-PSPV-exige-a-Ortola-que-se-preocupe-por-la-seguridad-y-el-bienestar-de-las-personas-sin-hogar-de-Castello-y-no-ignore-a-las-dos.jpeg\",\"keywords\":[\"Jos\u00e9 Luis L\u00f3pez\",\"Todos\"],\"articleSection\":[\"Grup Municipal Socialista\"],\"inLanguage\":\"es\",\"potentialAction\":[{\"@type\":\"CommentAction\",\"name\":\"Comment\",\"target\":[\"https:\/\/agrupacionespsoe.es\/castello\/va\/lopez-el-pp-sha-carregat-el-concepte-de-via-ciclopedestre-del-carrer-sant-felix-en-deixar-via-lliure-a-lacces-de-vehicles-pel-centre-de-castello\/#respond\"]}]},{\"@type\":\"WebPage\",\"@id\":\"https:\/\/agrupacionespsoe.es\/castello\/va\/lopez-el-pp-sha-carregat-el-concepte-de-via-ciclopedestre-del-carrer-sant-felix-en-deixar-via-lliure-a-lacces-de-vehicles-pel-centre-de-castello\/\",\"url\":\"https:\/\/agrupacionespsoe.es\/castello\/va\/lopez-el-pp-sha-carregat-el-concepte-de-via-ciclopedestre-del-carrer-sant-felix-en-deixar-via-lliure-a-lacces-de-vehicles-pel-centre-de-castello\/\",\"name\":\"L\u00f3pez: \u201cEl PP s'ha carregat el concepte de via ciclopedestre del carrer Sant F\u00e9lix en deixar via lliure a l'acc\u00e9s de vehicles pel centre de Castell\u00f3\u201d - PSPV-PSOE CASTELL\u00d3\",\"isPartOf\":{\"@id\":\"https:\/\/agrupacionespsoe.es\/castello\/#website\"},\"primaryImageOfPage\":{\"@id\":\"https:\/\/agrupacionespsoe.es\/castello\/va\/lopez-el-pp-sha-carregat-el-concepte-de-via-ciclopedestre-del-carrer-sant-felix-en-deixar-via-lliure-a-lacces-de-vehicles-pel-centre-de-castello\/#primaryimage\"},\"image\":{\"@id\":\"https:\/\/agrupacionespsoe.es\/castello\/va\/lopez-el-pp-sha-carregat-el-concepte-de-via-ciclopedestre-del-carrer-sant-felix-en-deixar-via-lliure-a-lacces-de-vehicles-pel-centre-de-castello\/#primaryimage\"},\"thumbnailUrl\":\"https:\/\/agrupacionespsoe.es\/castello\/wp-content\/uploads\/sites\/45\/2023\/12\/20231229-El-PSPV-exige-a-Ortola-que-se-preocupe-por-la-seguridad-y-el-bienestar-de-las-personas-sin-hogar-de-Castello-y-no-ignore-a-las-dos.jpeg\",\"datePublished\":\"2024-10-14T14:20:24+00:00\",\"dateModified\":\"2024-10-14T14:20:25+00:00\",\"breadcrumb\":{\"@id\":\"https:\/\/agrupacionespsoe.es\/castello\/va\/lopez-el-pp-sha-carregat-el-concepte-de-via-ciclopedestre-del-carrer-sant-felix-en-deixar-via-lliure-a-lacces-de-vehicles-pel-centre-de-castello\/#breadcrumb\"},\"inLanguage\":\"es\",\"potentialAction\":[{\"@type\":\"ReadAction\",\"target\":[\"https:\/\/agrupacionespsoe.es\/castello\/va\/lopez-el-pp-sha-carregat-el-concepte-de-via-ciclopedestre-del-carrer-sant-felix-en-deixar-via-lliure-a-lacces-de-vehicles-pel-centre-de-castello\/\"]}]},{\"@type\":\"ImageObject\",\"inLanguage\":\"es\",\"@id\":\"https:\/\/agrupacionespsoe.es\/castello\/va\/lopez-el-pp-sha-carregat-el-concepte-de-via-ciclopedestre-del-carrer-sant-felix-en-deixar-via-lliure-a-lacces-de-vehicles-pel-centre-de-castello\/#primaryimage\",\"url\":\"https:\/\/agrupacionespsoe.es\/castello\/wp-content\/uploads\/sites\/45\/2023\/12\/20231229-El-PSPV-exige-a-Ortola-que-se-preocupe-por-la-seguridad-y-el-bienestar-de-las-personas-sin-hogar-de-Castello-y-no-ignore-a-las-dos.jpeg\",\"contentUrl\":\"https:\/\/agrupacionespsoe.es\/castello\/wp-content\/uploads\/sites\/45\/2023\/12\/20231229-El-PSPV-exige-a-Ortola-que-se-preocupe-por-la-seguridad-y-el-bienestar-de-las-personas-sin-hogar-de-Castello-y-no-ignore-a-las-dos.jpeg\",\"width\":1600,\"height\":1066},{\"@type\":\"BreadcrumbList\",\"@id\":\"https:\/\/agrupacionespsoe.es\/castello\/va\/lopez-el-pp-sha-carregat-el-concepte-de-via-ciclopedestre-del-carrer-sant-felix-en-deixar-via-lliure-a-lacces-de-vehicles-pel-centre-de-castello\/#breadcrumb\",\"itemListElement\":[{\"@type\":\"ListItem\",\"position\":1,\"name\":\"Portada\",\"item\":\"https:\/\/agrupacionespsoe.es\/castello\/\"},{\"@type\":\"ListItem\",\"position\":2,\"name\":\"L\u00f3pez: \u201cEl PP s&#8217;ha carregat el concepte de via ciclopedestre del carrer Sant F\u00e9lix en deixar via lliure a l&#8217;acc\u00e9s de vehicles pel centre de Castell\u00f3\u201d\"}]},{\"@type\":\"WebSite\",\"@id\":\"https:\/\/agrupacionespsoe.es\/castello\/#website\",\"url\":\"https:\/\/agrupacionespsoe.es\/castello\/\",\"name\":\"PSPV-PSOE CASTELL\u00d3\",\"description\":\"PSPV-PSOE | Agrupaci\u00f3 de Castell\u00f3\",\"publisher\":{\"@id\":\"https:\/\/agrupacionespsoe.es\/castello\/#organization\"},\"potentialAction\":[{\"@type\":\"SearchAction\",\"target\":{\"@type\":\"EntryPoint\",\"urlTemplate\":\"https:\/\/agrupacionespsoe.es\/castello\/?s={search_term_string}\"},\"query-input\":{\"@type\":\"PropertyValueSpecification\",\"valueRequired\":true,\"valueName\":\"search_term_string\"}}],\"inLanguage\":\"es\"},{\"@type\":\"Organization\",\"@id\":\"https:\/\/agrupacionespsoe.es\/castello\/#organization\",\"name\":\"PSPV-PSOE Castell\u00f3\",\"url\":\"https:\/\/agrupacionespsoe.es\/castello\/\",\"logo\":{\"@type\":\"ImageObject\",\"inLanguage\":\"es\",\"@id\":\"https:\/\/agrupacionespsoe.es\/castello\/#\/schema\/logo\/image\/\",\"url\":\"https:\/\/agrupacionespsoe.es\/castello\/wp-content\/uploads\/sites\/45\/2023\/04\/PORTADA-PSOE-CASTELLO.jpg\",\"contentUrl\":\"https:\/\/agrupacionespsoe.es\/castello\/wp-content\/uploads\/sites\/45\/2023\/04\/PORTADA-PSOE-CASTELLO.jpg\",\"width\":2500,\"height\":2500,\"caption\":\"PSPV-PSOE Castell\u00f3\"},\"image\":{\"@id\":\"https:\/\/agrupacionespsoe.es\/castello\/#\/schema\/logo\/image\/\"},\"sameAs\":[\"https:\/\/www.facebook.com\/pspv.castellodelaplana\",\"https:\/\/x.com\/pspv_cs\",\"https:\/\/www.instagram.com\/pspvpsoecastello\/\"]},{\"@type\":\"Person\",\"@id\":\"https:\/\/agrupacionespsoe.es\/castello\/#\/schema\/person\/f3bc5b2f9dc6a399e9e98596ae24a20a\",\"name\":\"castello1\",\"image\":{\"@type\":\"ImageObject\",\"inLanguage\":\"es\",\"@id\":\"https:\/\/agrupacionespsoe.es\/castello\/#\/schema\/person\/image\/\",\"url\":\"https:\/\/secure.gravatar.com\/avatar\/5f1da428d6479d1127419c0b58796865?s=96&d=mm&r=g\",\"contentUrl\":\"https:\/\/secure.gravatar.com\/avatar\/5f1da428d6479d1127419c0b58796865?s=96&d=mm&r=g\",\"caption\":\"castello1\"},\"url\":\"https:\/\/agrupacionespsoe.es\/castello\/author\/castello1\/\"}]}<\/script>\n<!-- \/ Yoast SEO plugin. -->","yoast_head_json":{"title":"L\u00f3pez: \u201cEl PP s'ha carregat el concepte de via ciclopedestre del carrer Sant F\u00e9lix en deixar via lliure a l'acc\u00e9s de vehicles pel centre de Castell\u00f3\u201d - PSPV-PSOE CASTELL\u00d3","robots":{"index":"index","follow":"follow","max-snippet":"max-snippet:-1","max-image-preview":"max-image-preview:large","max-video-preview":"max-video-preview:-1"},"canonical":"https:\/\/agrupacionespsoe.es\/castello\/va\/lopez-el-pp-sha-carregat-el-concepte-de-via-ciclopedestre-del-carrer-sant-felix-en-deixar-via-lliure-a-lacces-de-vehicles-pel-centre-de-castello\/","og_locale":"es_ES","og_type":"article","og_title":"L\u00f3pez: \u201cEl PP s'ha carregat el concepte de via ciclopedestre del carrer Sant F\u00e9lix en deixar via lliure a l'acc\u00e9s de vehicles pel centre de Castell\u00f3\u201d - PSPV-PSOE CASTELL\u00d3","og_description":"El Grup Municipal Socialista de Castell\u00f3 ha mantingut hui les seues cr\u00edtiques al govern municipal de Bego\u00f1a Carrasco per \u201chaver desvirtuat per complet\u201d el concepte de la Zona de Baixes Emissions (ZBE) en donar \u201cvia lliure als vehicles a uns carrers on el vianant i el ciclista eren els \u00fanics protagonistes\u201d, assenyala Jos\u00e9 Luis L\u00f3pez, ...","og_url":"https:\/\/agrupacionespsoe.es\/castello\/va\/lopez-el-pp-sha-carregat-el-concepte-de-via-ciclopedestre-del-carrer-sant-felix-en-deixar-via-lliure-a-lacces-de-vehicles-pel-centre-de-castello\/","og_site_name":"PSPV-PSOE CASTELL\u00d3","article_publisher":"https:\/\/www.facebook.com\/pspv.castellodelaplana","article_published_time":"2024-10-14T14:20:24+00:00","article_modified_time":"2024-10-14T14:20:25+00:00","og_image":[{"width":1600,"height":1066,"url":"https:\/\/agrupacionespsoe.es\/castello\/wp-content\/uploads\/sites\/45\/2023\/12\/20231229-El-PSPV-exige-a-Ortola-que-se-preocupe-por-la-seguridad-y-el-bienestar-de-las-personas-sin-hogar-de-Castello-y-no-ignore-a-las-dos.jpeg","type":"image\/jpeg"}],"author":"castello1","twitter_card":"summary_large_image","twitter_creator":"@pspv_cs","twitter_site":"@pspv_cs","twitter_misc":{"Escrito por":"castello1","Tiempo de lectura":"2 minutos"},"schema":{"@context":"https:\/\/schema.org","@graph":[{"@type":"Article","@id":"https:\/\/agrupacionespsoe.es\/castello\/va\/lopez-el-pp-sha-carregat-el-concepte-de-via-ciclopedestre-del-carrer-sant-felix-en-deixar-via-lliure-a-lacces-de-vehicles-pel-centre-de-castello\/#article","isPartOf":{"@id":"https:\/\/agrupacionespsoe.es\/castello\/va\/lopez-el-pp-sha-carregat-el-concepte-de-via-ciclopedestre-del-carrer-sant-felix-en-deixar-via-lliure-a-lacces-de-vehicles-pel-centre-de-castello\/"},"author":{"name":"castello1","@id":"https:\/\/agrupacionespsoe.es\/castello\/#\/schema\/person\/f3bc5b2f9dc6a399e9e98596ae24a20a"},"headline":"L\u00f3pez: \u201cEl PP s&#8217;ha carregat el concepte de via ciclopedestre del carrer Sant F\u00e9lix en deixar via lliure a l&#8217;acc\u00e9s de vehicles pel centre de Castell\u00f3\u201d","datePublished":"2024-10-14T14:20:24+00:00","dateModified":"2024-10-14T14:20:25+00:00","mainEntityOfPage":{"@id":"https:\/\/agrupacionespsoe.es\/castello\/va\/lopez-el-pp-sha-carregat-el-concepte-de-via-ciclopedestre-del-carrer-sant-felix-en-deixar-via-lliure-a-lacces-de-vehicles-pel-centre-de-castello\/"},"wordCount":400,"commentCount":0,"publisher":{"@id":"https:\/\/agrupacionespsoe.es\/castello\/#organization"},"image":{"@id":"https:\/\/agrupacionespsoe.es\/castello\/va\/lopez-el-pp-sha-carregat-el-concepte-de-via-ciclopedestre-del-carrer-sant-felix-en-deixar-via-lliure-a-lacces-de-vehicles-pel-centre-de-castello\/#primaryimage"},"thumbnailUrl":"https:\/\/agrupacionespsoe.es\/castello\/wp-content\/uploads\/sites\/45\/2023\/12\/20231229-El-PSPV-exige-a-Ortola-que-se-preocupe-por-la-seguridad-y-el-bienestar-de-las-personas-sin-hogar-de-Castello-y-no-ignore-a-las-dos.jpeg","keywords":["Jos\u00e9 Luis L\u00f3pez","Todos"],"articleSection":["Grup Municipal Socialista"],"inLanguage":"es","potentialAction":[{"@type":"CommentAction","name":"Comment","target":["https:\/\/agrupacionespsoe.es\/castello\/va\/lopez-el-pp-sha-carregat-el-concepte-de-via-ciclopedestre-del-carrer-sant-felix-en-deixar-via-lliure-a-lacces-de-vehicles-pel-centre-de-castello\/#respond"]}]},{"@type":"WebPage","@id":"https:\/\/agrupacionespsoe.es\/castello\/va\/lopez-el-pp-sha-carregat-el-concepte-de-via-ciclopedestre-del-carrer-sant-felix-en-deixar-via-lliure-a-lacces-de-vehicles-pel-centre-de-castello\/","url":"https:\/\/agrupacionespsoe.es\/castello\/va\/lopez-el-pp-sha-carregat-el-concepte-de-via-ciclopedestre-del-carrer-sant-felix-en-deixar-via-lliure-a-lacces-de-vehicles-pel-centre-de-castello\/","name":"L\u00f3pez: \u201cEl PP s'ha carregat el concepte de via ciclopedestre del carrer Sant F\u00e9lix en deixar via lliure a l'acc\u00e9s de vehicles pel centre de Castell\u00f3\u201d - PSPV-PSOE CASTELL\u00d3","isPartOf":{"@id":"https:\/\/agrupacionespsoe.es\/castello\/#website"},"primaryImageOfPage":{"@id":"https:\/\/agrupacionespsoe.es\/castello\/va\/lopez-el-pp-sha-carregat-el-concepte-de-via-ciclopedestre-del-carrer-sant-felix-en-deixar-via-lliure-a-lacces-de-vehicles-pel-centre-de-castello\/#primaryimage"},"image":{"@id":"https:\/\/agrupacionespsoe.es\/castello\/va\/lopez-el-pp-sha-carregat-el-concepte-de-via-ciclopedestre-del-carrer-sant-felix-en-deixar-via-lliure-a-lacces-de-vehicles-pel-centre-de-castello\/#primaryimage"},"thumbnailUrl":"https:\/\/agrupacionespsoe.es\/castello\/wp-content\/uploads\/sites\/45\/2023\/12\/20231229-El-PSPV-exige-a-Ortola-que-se-preocupe-por-la-seguridad-y-el-bienestar-de-las-personas-sin-hogar-de-Castello-y-no-ignore-a-las-dos.jpeg","datePublished":"2024-10-14T14:20:24+00:00","dateModified":"2024-10-14T14:20:25+00:00","breadcrumb":{"@id":"https:\/\/agrupacionespsoe.es\/castello\/va\/lopez-el-pp-sha-carregat-el-concepte-de-via-ciclopedestre-del-carrer-sant-felix-en-deixar-via-lliure-a-lacces-de-vehicles-pel-centre-de-castello\/#breadcrumb"},"inLanguage":"es","potentialAction":[{"@type":"ReadAction","target":["https:\/\/agrupacionespsoe.es\/castello\/va\/lopez-el-pp-sha-carregat-el-concepte-de-via-ciclopedestre-del-carrer-sant-felix-en-deixar-via-lliure-a-lacces-de-vehicles-pel-centre-de-castello\/"]}]},{"@type":"ImageObject","inLanguage":"es","@id":"https:\/\/agrupacionespsoe.es\/castello\/va\/lopez-el-pp-sha-carregat-el-concepte-de-via-ciclopedestre-del-carrer-sant-felix-en-deixar-via-lliure-a-lacces-de-vehicles-pel-centre-de-castello\/#primaryimage","url":"https:\/\/agrupacionespsoe.es\/castello\/wp-content\/uploads\/sites\/45\/2023\/12\/20231229-El-PSPV-exige-a-Ortola-que-se-preocupe-por-la-seguridad-y-el-bienestar-de-las-personas-sin-hogar-de-Castello-y-no-ignore-a-las-dos.jpeg","contentUrl":"https:\/\/agrupacionespsoe.es\/castello\/wp-content\/uploads\/sites\/45\/2023\/12\/20231229-El-PSPV-exige-a-Ortola-que-se-preocupe-por-la-seguridad-y-el-bienestar-de-las-personas-sin-hogar-de-Castello-y-no-ignore-a-las-dos.jpeg","width":1600,"height":1066},{"@type":"BreadcrumbList","@id":"https:\/\/agrupacionespsoe.es\/castello\/va\/lopez-el-pp-sha-carregat-el-concepte-de-via-ciclopedestre-del-carrer-sant-felix-en-deixar-via-lliure-a-lacces-de-vehicles-pel-centre-de-castello\/#breadcrumb","itemListElement":[{"@type":"ListItem","position":1,"name":"Portada","item":"https:\/\/agrupacionespsoe.es\/castello\/"},{"@type":"ListItem","position":2,"name":"L\u00f3pez: \u201cEl PP s&#8217;ha carregat el concepte de via ciclopedestre del carrer Sant F\u00e9lix en deixar via lliure a l&#8217;acc\u00e9s de vehicles pel centre de Castell\u00f3\u201d"}]},{"@type":"WebSite","@id":"https:\/\/agrupacionespsoe.es\/castello\/#website","url":"https:\/\/agrupacionespsoe.es\/castello\/","name":"PSPV-PSOE CASTELL\u00d3","description":"PSPV-PSOE | Agrupaci\u00f3 de Castell\u00f3","publisher":{"@id":"https:\/\/agrupacionespsoe.es\/castello\/#organization"},"potentialAction":[{"@type":"SearchAction","target":{"@type":"EntryPoint","urlTemplate":"https:\/\/agrupacionespsoe.es\/castello\/?s={search_term_string}"},"query-input":{"@type":"PropertyValueSpecification","valueRequired":true,"valueName":"search_term_string"}}],"inLanguage":"es"},{"@type":"Organization","@id":"https:\/\/agrupacionespsoe.es\/castello\/#organization","name":"PSPV-PSOE Castell\u00f3","url":"https:\/\/agrupacionespsoe.es\/castello\/","logo":{"@type":"ImageObject","inLanguage":"es","@id":"https:\/\/agrupacionespsoe.es\/castello\/#\/schema\/logo\/image\/","url":"https:\/\/agrupacionespsoe.es\/castello\/wp-content\/uploads\/sites\/45\/2023\/04\/PORTADA-PSOE-CASTELLO.jpg","contentUrl":"https:\/\/agrupacionespsoe.es\/castello\/wp-content\/uploads\/sites\/45\/2023\/04\/PORTADA-PSOE-CASTELLO.jpg","width":2500,"height":2500,"caption":"PSPV-PSOE Castell\u00f3"},"image":{"@id":"https:\/\/agrupacionespsoe.es\/castello\/#\/schema\/logo\/image\/"},"sameAs":["https:\/\/www.facebook.com\/pspv.castellodelaplana","https:\/\/x.com\/pspv_cs","https:\/\/www.instagram.com\/pspvpsoecastello\/"]},{"@type":"Person","@id":"https:\/\/agrupacionespsoe.es\/castello\/#\/schema\/person\/f3bc5b2f9dc6a399e9e98596ae24a20a","name":"castello1","image":{"@type":"ImageObject","inLanguage":"es","@id":"https:\/\/agrupacionespsoe.es\/castello\/#\/schema\/person\/image\/","url":"https:\/\/secure.gravatar.com\/avatar\/5f1da428d6479d1127419c0b58796865?s=96&d=mm&r=g","contentUrl":"https:\/\/secure.gravatar.com\/avatar\/5f1da428d6479d1127419c0b58796865?s=96&d=mm&r=g","caption":"castello1"},"url":"https:\/\/agrupacionespsoe.es\/castello\/author\/castello1\/"}]}},"jetpack_publicize_connections":[],"jetpack_featured_media_url":"https:\/\/agrupacionespsoe.es\/castello\/wp-content\/uploads\/sites\/45\/2023\/12\/20231229-El-PSPV-exige-a-Ortola-que-se-preocupe-por-la-seguridad-y-el-bienestar-de-las-personas-sin-hogar-de-Castello-y-no-ignore-a-las-dos.jpeg","jetpack_sharing_enabled":true,"_links":{"self":[{"href":"https:\/\/agrupacionespsoe.es\/castello\/wp-json\/wp\/v2\/posts\/6351","targetHints":{"allow":["GET"]}}],"collection":[{"href":"https:\/\/agrupacionespsoe.es\/castello\/wp-json\/wp\/v2\/posts"}],"about":[{"href":"https:\/\/agrupacionespsoe.es\/castello\/wp-json\/wp\/v2\/types\/post"}],"author":[{"embeddable":true,"href":"https:\/\/agrupacionespsoe.es\/castello\/wp-json\/wp\/v2\/users\/48"}],"replies":[{"embeddable":true,"href":"https:\/\/agrupacionespsoe.es\/castello\/wp-json\/wp\/v2\/comments?post=6351"}],"version-history":[{"count":2,"href":"https:\/\/agrupacionespsoe.es\/castello\/wp-json\/wp\/v2\/posts\/6351\/revisions"}],"predecessor-version":[{"id":6353,"href":"https:\/\/agrupacionespsoe.es\/castello\/wp-json\/wp\/v2\/posts\/6351\/revisions\/6353"}],"wp:featuredmedia":[{"embeddable":true,"href":"https:\/\/agrupacionespsoe.es\/castello\/wp-json\/wp\/v2\/media\/3534"}],"wp:attachment":[{"href":"https:\/\/agrupacionespsoe.es\/castello\/wp-json\/wp\/v2\/media?parent=6351"}],"wp:term":[{"taxonomy":"category","embeddable":true,"href":"https:\/\/agrupacionespsoe.es\/castello\/wp-json\/wp\/v2\/categories?post=6351"},{"taxonomy":"post_tag","embeddable":true,"href":"https:\/\/agrupacionespsoe.es\/castello\/wp-json\/wp\/v2\/tags?post=6351"}],"curies":[{"name":"wp","href":"https:\/\/api.w.org\/{rel}","templated":true}]}}