{"id":6310,"date":"2024-10-08T18:01:41","date_gmt":"2024-10-08T16:01:41","guid":{"rendered":"https:\/\/agrupacionespsoe.es\/castello\/?p=6310"},"modified":"2026-03-24T08:57:29","modified_gmt":"2026-03-24T07:57:29","slug":"el-pspv-de-castello-proposa-rebaixar-libi-a-la-ciutadania-en-una-quantitat-equivalent-a-laugment-de-la-taxa-descombraries-en-2025-per-laplicacio-de-les-directives-europees","status":"publish","type":"post","link":"https:\/\/agrupacionespsoe.es\/castello\/va\/el-pspv-de-castello-proposa-rebaixar-libi-a-la-ciutadania-en-una-quantitat-equivalent-a-laugment-de-la-taxa-descombraries-en-2025-per-laplicacio-de-les-directives-europees\/","title":{"rendered":"El PSPV de Castell\u00f3 proposa rebaixar l&#8217;IBI a la ciutadania en una quantitat equivalent a l&#8217;augment de la taxa d&#8217;escombraries en 2025 per l&#8217;aplicaci\u00f3 de les directives europees"},"content":{"rendered":"\n<p><em>\u25cf<\/em>&nbsp;<em><strong>El Grup Municipal Socialista registra a l&#8217;ajuntament la seua proposta de modificaci\u00f3 d&#8217;ordenances fiscals, que inclou, com ha explicat l&#8217;edil socialista M\u00f3nica Barab\u00e1s, bonificar un 5 per cent als ve\u00efns i ve\u00efnes que tinguen domiciliats de forma fraccionada els seus pagaments de taxes i impostos, deduccions a les fam\u00edlies monoparentals\/monomarentals, rebaixes de l&#8217;IBI en immobles que acrediten el foment de l&#8217;ocupaci\u00f3 o carregar aquest impost a les confessions religioses que tenen edificis no destinats al culte<\/strong><\/em><\/p>\n\n\n\n<p><em>\u25cf <strong>L&#8217;edil socialista Jorge Ribes ha recordat a Bego\u00f1a Carrasco que \u201cel \u2018basurazo\u2019 del qual tant es queixa ara ve marcat per una directiva europea, aprovada amb els vots a favor del PP europeu, per la qual cosa nom\u00e9s oculta la seua absoluta incapacitat ja que \u00e9s responsabilitat municipal gestionar la taxa d&#8217;escombraries\u201d<\/strong><\/em><\/p>\n\n\n\n<p><em>\u25cf<\/em>\u00a0<em><strong>La portaveu socialista, Patricia Puerta, ha lamentat la \u201cactitud de l&#8217;equip de govern, que primer ens demana aportacions per a negociar les noves ordenances fiscals i ara ens diu que la reuni\u00f3 convocada el divendres 11 d&#8217;octubre ser\u00e0 merament informativa, la qual cosa es tradueix de nou en el corr\u00f3 i a menystindre les nostres propostes\u201d<\/strong><\/em><\/p>\n\n\n\n<div class=\"wp-block-buttons is-content-justification-center is-layout-flex wp-container-core-buttons-is-layout-1 wp-block-buttons-is-layout-flex\">\n<div class=\"wp-block-button\"><a class=\"wp-block-button__link has-white-color has-primary-background-color has-text-color has-background has-link-color wp-element-button\" href=\"https:\/\/agrupacionespsoe.es\/castello\/wp-content\/uploads\/sites\/45\/2024\/10\/Propuesta-PSPV-ordenanzas-fiscales-2025.pdf\">Proposta PSPV ordenances fiscals 2025<\/a><\/div>\n<\/div>\n\n\n\n<p>El Grup Municipal Socialista a l&#8217;Ajuntament de Castell\u00f3 ha registrat les seues propostes per a la modificaci\u00f3 de les ordenances fiscals municipals de 2025, una iniciativa que arreplega mesures per a compensar amb una rebaixa de l&#8217;Impost de B\u00e9ns immobles (IBI) l&#8217;augment de la taxa d&#8217;escombraries l&#8217;any vinent, noves bonificacions per a la ciutadania, la \u00abprogressivitat\u00bb perqu\u00e8 paguen m\u00e9s els que m\u00e9s tenen o carregar l&#8217;IBI a les confessions religioses que disposen d&#8217;edificis no vinculats al culte.<\/p>\n\n\n\n<p>Les propostes les han desgranades hui <strong>Patricia Puerta<\/strong>, <strong>M\u00f3nica Barab\u00e1s<\/strong> i <strong>Jorge Ribes<\/strong>, els qui han donat trasllat del document al regidor d&#8217;Hisenda del govern PPVox, <strong>Juan Carlos Redondo<\/strong>, per a tractar-les per part de tots els grups pol\u00edtics de la corporaci\u00f3. Sobre aquest tema Patricia Puerta, portaveu socialista, ha recordat que la setmana passada \u00abens van demanar que plantej\u00e0rem iniciatives, encara que la nostra sorpresa hui ha sigut llegir en la premsa que se&#8217;ns convoca a una reuni\u00f3 el divendres 11 per a \u2018informar\u2019 de les seues ordenances fiscals, per\u00f2 sembla que de negociaci\u00f3, poca\u00bb.<\/p>\n\n\n\n<p>Jorge Ribes ha destacat el treball realitzat des del grup socialista \u00abamb la mirada sempre basada en la progressivitat fiscal perqu\u00e8 les persones que m\u00e9s tenen siguen les que m\u00e9s paguen, complint aix\u00ed un doble objectiu: reduir les desigualtats en el municipi i finan\u00e7ar els serveis p\u00fablics que s&#8217;han de donar a la ciutat\u00bb.<\/p>\n\n\n\n<p>Ribes s&#8217;ha referit a m\u00e9s \u00aba un tema de gran actualitat com \u00e9s el denominat \u2018basurazo\u2019, una q\u00fcesti\u00f3 que es coneixia ja des de fa temps i del qual la senyora alcaldessa, <strong>Bego\u00f1a Carrasco<\/strong>, sembla que vol culpar tamb\u00e9 a <strong>Pedro S\u00e1nchez<\/strong>\u00bb. El regidor socialista ha explicat que \u00abla compet\u00e8ncia en gesti\u00f3 de residus \u00e9s exclusivament municipal\u00bb i ha recordat a m\u00e9s que \u00abl&#8217;aplicaci\u00f3 d&#8217;aquesta taxa d&#8217;escombraries \u00e9s fruit d&#8217;una normativa europea aprovada amb els vots a favor del PP europeu i amb el govern de la comissi\u00f3 europea en mans tamb\u00e9 del Partit Popular europeu\u00bb.<\/p>\n\n\n\n<p>Per tot aix\u00f2, \u00abla sensaci\u00f3 que queda \u00e9s la incapacitat de Carrasco per a governar i complir amb totes les seues promeses de rebaixa massiva d&#8217;impostos en campanya electoral, perqu\u00e8 ja sabem que quan el PP va a Brussel\u00b7les \u00e9s per a intentar que no arriben a Castell\u00f3 fons europeus, com aix\u00ed es va produir durant l&#8217;anterior govern socialista de l\u2019Acord de Fadrell\u00bb.<\/p>\n\n\n\n<p><strong>Les propostes<\/strong><br>El detall de les propostes del Grup Municipal Socialista ha vingut de la m\u00e0 de M\u00f3nica Barab\u00e1s, qui ha explicat que l&#8217;objectiu \u00e9s \u00abcorresponsabilitat, progressivitat i equilibri pressupostari perqu\u00e8 no perillen serveis p\u00fablics essencials\u00bb. A nivell general, es proposa que es bonifique el 5 per cent en tots els impostos i taxes que domicilien de forma fraccionada els ve\u00efns i ve\u00efnes de Castell\u00f3\u00bb. Barab\u00e1s ha insistit en la import\u00e0ncia d&#8217;aquest pas \u00abperqu\u00e8 tamb\u00e9 suposaria un alleujament per a les arques municipals ja que es disposaria de fons econ\u00f2mics a l&#8217;inici de l&#8217;any, perqu\u00e8 tots els exercicis l&#8217;ajuntament ha de rec\u00f3rrer a pr\u00e9stecs per falta de liquiditat\u00bb.<br><br>Pel que respecta a l&#8217;Impost de B\u00e9ns immobles (IBI), el grup socialista proposa, en l&#8217;IBI r\u00fastic, reduir el tipus aplicable en un 2%, passant aix\u00ed del 0,60% actual al 0,5880%. No obstant aix\u00f2, el major gruix d&#8217;actuacions es refereix a l&#8217;IBI urb\u00e0, fins al punt que la proposta socialista passa per rebaixar-ho a la ciutadania \u00aben una quantitat equivalent a l&#8217;increment de la recaptaci\u00f3 per l&#8217;adequaci\u00f3 a la normativa europea de la taxa d&#8217;escombraries, actuant sobre el tipus efectiu per a habitatges i locals comercials no diferenciats per usos, de manera que la recaptaci\u00f3 siga similar a la d&#8217;exercicis anteriors\u00bb.<br>Al costat d&#8217;aix\u00f2, incrementar la bonificaci\u00f3 del 25% al 95% de la quota integral de l&#8217;impost a favor dels immobles en els quals es desenvolupen activitats econ\u00f2miques que siguen declarades d&#8217;especial inter\u00e9s o utilitat municipal per conc\u00f3rrer circumst\u00e0ncies historicoart\u00edstiques que justifiquen tal declaraci\u00f3 i de foment de l&#8217;ocupaci\u00f3.<\/p>\n\n\n\n<p>Altres propostes en aquest apartat \u00e9s una bonificaci\u00f3 de 50 per cent de la quota \u00edntegra de l&#8217;impost a favor dels b\u00e9ns immobles en els quals s&#8217;hagen instal\u00b7lat punts de rec\u00e0rrega per a vehicles el\u00e8ctrics. A aix\u00f2 s&#8217;uniria mantindre les bonificacions per fam\u00edlia nombrosa, per\u00f2 incloure a m\u00e9s com a novetat a les fam\u00edlies monoparentals\/monomarentals.<\/p>\n\n\n\n<p>Un altre pas positiu, segons les perspectiva del PSPV de Castell\u00f3, \u00e9s bonificar el 95 per cent de la quota a favor d&#8217;immobles en els quals es desenvolupen activitats econ\u00f2miques d&#8217;especial inter\u00e9s o utilitat municipal per veure&#8217;s afectades per les obres dutes a terme en les Zones de Baixes Emissions, incloent en aquest punt als comer\u00e7os afectats per obres, sempre que es justifique l&#8217;inter\u00e9s municipal.<\/p>\n\n\n\n<p><strong>Immobles desocupats<\/strong><br>El Grup Municipal Socialista proposa, al marge de les modificacions citades, aplicar un increment del 50% als immobles d&#8217;\u00fas residencial desocupats amb car\u00e0cter permanent, tal com permet l&#8217;Article 72 del TRLHL. \u00abAquesta mesura buscaria incentivar l&#8217;eixida al mercat de lloguer de molts immobles i, com a conseq\u00fc\u00e8ncia, ajudaria a millorar el dret constitucional de l&#8217;acc\u00e9s a un habitatge digne, de la mateixa manera combatria l&#8217;especulaci\u00f3 i promouria un major \u00fas dels immobles\u00bb, ha explicat M\u00f3nica Barab\u00e1s, qui tamb\u00e9 ha defensat \u00abcobrar l&#8217;IBI a totes les confessions religioses per aquells immobles de la seua titularitat l&#8217;\u00fas de la qual no estiga destinat al culte\u00bb, entre altres iniciatives.<\/p>\n","protected":false},"excerpt":{"rendered":"<p>\u25cf&nbsp;El Grup Municipal Socialista registra a l&#8217;ajuntament la seua proposta de modificaci\u00f3 d&#8217;ordenances fiscals, que inclou, com ha explicat l&#8217;edil socialista M\u00f3nica Barab\u00e1s, bonificar un 5 per cent als ve\u00efns i ve\u00efnes que tinguen domiciliats de forma fraccionada els seus pagaments de taxes i impostos, deduccions a les fam\u00edlies monoparentals\/monomarentals, rebaixes de l&#8217;IBI en immobles &#8230;<\/p>\n","protected":false},"author":48,"featured_media":6304,"comment_status":"open","ping_status":"open","sticky":false,"template":"","format":"standard","meta":{"_jetpack_memberships_contains_paid_content":false,"footnotes":"","jetpack_publicize_message":"","jetpack_publicize_feature_enabled":true,"jetpack_social_post_already_shared":false,"jetpack_social_options":{"image_generator_settings":{"template":"highway","default_image_id":0,"font":"","enabled":false},"version":2}},"categories":[22],"tags":[1153,93,109,83,446],"class_list":["post-6310","post","type-post","status-publish","format-standard","has-post-thumbnail","hentry","category-gms-va","tag-basurazo-va","tag-jorge-ribes-va","tag-monica-barabas-va","tag-patricia-puerta-va","tag-todos-va"],"yoast_head":"<!-- This site is optimized with the Yoast SEO plugin v24.0 - https:\/\/yoast.com\/wordpress\/plugins\/seo\/ -->\n<title>El PSPV de Castell\u00f3 proposa rebaixar l&#039;IBI a la ciutadania en una quantitat equivalent a l&#039;augment de la taxa d&#039;escombraries en 2025 per l&#039;aplicaci\u00f3 de les directives europees - PSPV-PSOE CASTELL\u00d3<\/title>\n<meta name=\"robots\" content=\"index, follow, max-snippet:-1, max-image-preview:large, max-video-preview:-1\" \/>\n<link rel=\"canonical\" href=\"https:\/\/agrupacionespsoe.es\/castello\/va\/el-pspv-de-castello-proposa-rebaixar-libi-a-la-ciutadania-en-una-quantitat-equivalent-a-laugment-de-la-taxa-descombraries-en-2025-per-laplicacio-de-les-directives-europees\/\" \/>\n<meta property=\"og:locale\" content=\"es_ES\" \/>\n<meta property=\"og:type\" content=\"article\" \/>\n<meta property=\"og:title\" content=\"El PSPV de Castell\u00f3 proposa rebaixar l&#039;IBI a la ciutadania en una quantitat equivalent a l&#039;augment de la taxa d&#039;escombraries en 2025 per l&#039;aplicaci\u00f3 de les directives europees - PSPV-PSOE CASTELL\u00d3\" \/>\n<meta property=\"og:description\" content=\"\u25cf&nbsp;El Grup Municipal Socialista registra a l&#8217;ajuntament la seua proposta de modificaci\u00f3 d&#8217;ordenances fiscals, que inclou, com ha explicat l&#8217;edil socialista M\u00f3nica Barab\u00e1s, bonificar un 5 per cent als ve\u00efns i ve\u00efnes que tinguen domiciliats de forma fraccionada els seus pagaments de taxes i impostos, deduccions a les fam\u00edlies monoparentals\/monomarentals, rebaixes de l&#8217;IBI en immobles ...\" \/>\n<meta property=\"og:url\" content=\"https:\/\/agrupacionespsoe.es\/castello\/va\/el-pspv-de-castello-proposa-rebaixar-libi-a-la-ciutadania-en-una-quantitat-equivalent-a-laugment-de-la-taxa-descombraries-en-2025-per-laplicacio-de-les-directives-europees\/\" \/>\n<meta property=\"og:site_name\" content=\"PSPV-PSOE CASTELL\u00d3\" \/>\n<meta property=\"article:publisher\" content=\"https:\/\/www.facebook.com\/pspv.castellodelaplana\" \/>\n<meta property=\"article:published_time\" content=\"2024-10-08T16:01:41+00:00\" \/>\n<meta property=\"article:modified_time\" content=\"2026-03-24T07:57:29+00:00\" \/>\n<meta property=\"og:image\" content=\"https:\/\/agrupacionespsoe.es\/castello\/wp-content\/uploads\/sites\/45\/2024\/10\/20241008-El-PSPV-de-Castello-propone-rebajar-el-IBI-a-la-ciudadania-en-una-cantidad-equivalente-al-aumento-de-la-tasa-de-basura-en-2025-1-scaled.jpg\" \/>\n\t<meta property=\"og:image:width\" content=\"2560\" \/>\n\t<meta property=\"og:image:height\" content=\"1920\" \/>\n\t<meta property=\"og:image:type\" content=\"image\/jpeg\" \/>\n<meta name=\"author\" content=\"castello1\" \/>\n<meta name=\"twitter:card\" content=\"summary_large_image\" \/>\n<meta name=\"twitter:creator\" content=\"@pspv_cs\" \/>\n<meta name=\"twitter:site\" content=\"@pspv_cs\" \/>\n<meta name=\"twitter:label1\" content=\"Escrito por\" \/>\n\t<meta name=\"twitter:data1\" content=\"castello1\" \/>\n\t<meta name=\"twitter:label2\" content=\"Tiempo de lectura\" \/>\n\t<meta name=\"twitter:data2\" content=\"5 minutos\" \/>\n<script type=\"application\/ld+json\" class=\"yoast-schema-graph\">{\"@context\":\"https:\/\/schema.org\",\"@graph\":[{\"@type\":\"Article\",\"@id\":\"https:\/\/agrupacionespsoe.es\/castello\/va\/el-pspv-de-castello-proposa-rebaixar-libi-a-la-ciutadania-en-una-quantitat-equivalent-a-laugment-de-la-taxa-descombraries-en-2025-per-laplicacio-de-les-directives-europees\/#article\",\"isPartOf\":{\"@id\":\"https:\/\/agrupacionespsoe.es\/castello\/va\/el-pspv-de-castello-proposa-rebaixar-libi-a-la-ciutadania-en-una-quantitat-equivalent-a-laugment-de-la-taxa-descombraries-en-2025-per-laplicacio-de-les-directives-europees\/\"},\"author\":{\"name\":\"castello1\",\"@id\":\"https:\/\/agrupacionespsoe.es\/castello\/#\/schema\/person\/f3bc5b2f9dc6a399e9e98596ae24a20a\"},\"headline\":\"El PSPV de Castell\u00f3 proposa rebaixar l&#8217;IBI a la ciutadania en una quantitat equivalent a l&#8217;augment de la taxa d&#8217;escombraries en 2025 per l&#8217;aplicaci\u00f3 de les directives europees\",\"datePublished\":\"2024-10-08T16:01:41+00:00\",\"dateModified\":\"2026-03-24T07:57:29+00:00\",\"mainEntityOfPage\":{\"@id\":\"https:\/\/agrupacionespsoe.es\/castello\/va\/el-pspv-de-castello-proposa-rebaixar-libi-a-la-ciutadania-en-una-quantitat-equivalent-a-laugment-de-la-taxa-descombraries-en-2025-per-laplicacio-de-les-directives-europees\/\"},\"wordCount\":1135,\"commentCount\":0,\"publisher\":{\"@id\":\"https:\/\/agrupacionespsoe.es\/castello\/#organization\"},\"image\":{\"@id\":\"https:\/\/agrupacionespsoe.es\/castello\/va\/el-pspv-de-castello-proposa-rebaixar-libi-a-la-ciutadania-en-una-quantitat-equivalent-a-laugment-de-la-taxa-descombraries-en-2025-per-laplicacio-de-les-directives-europees\/#primaryimage\"},\"thumbnailUrl\":\"https:\/\/agrupacionespsoe.es\/castello\/wp-content\/uploads\/sites\/45\/2024\/10\/20241008-El-PSPV-de-Castello-propone-rebajar-el-IBI-a-la-ciudadania-en-una-cantidad-equivalente-al-aumento-de-la-tasa-de-basura-en-2025-1-scaled.jpg\",\"keywords\":[\"Basurazo\",\"Jorge Ribes\",\"M\u00f3nica Barab\u00e1s\",\"Patricia Puerta\",\"Todos\"],\"articleSection\":[\"Grup Municipal Socialista\"],\"inLanguage\":\"es\",\"potentialAction\":[{\"@type\":\"CommentAction\",\"name\":\"Comment\",\"target\":[\"https:\/\/agrupacionespsoe.es\/castello\/va\/el-pspv-de-castello-proposa-rebaixar-libi-a-la-ciutadania-en-una-quantitat-equivalent-a-laugment-de-la-taxa-descombraries-en-2025-per-laplicacio-de-les-directives-europees\/#respond\"]}]},{\"@type\":\"WebPage\",\"@id\":\"https:\/\/agrupacionespsoe.es\/castello\/va\/el-pspv-de-castello-proposa-rebaixar-libi-a-la-ciutadania-en-una-quantitat-equivalent-a-laugment-de-la-taxa-descombraries-en-2025-per-laplicacio-de-les-directives-europees\/\",\"url\":\"https:\/\/agrupacionespsoe.es\/castello\/va\/el-pspv-de-castello-proposa-rebaixar-libi-a-la-ciutadania-en-una-quantitat-equivalent-a-laugment-de-la-taxa-descombraries-en-2025-per-laplicacio-de-les-directives-europees\/\",\"name\":\"El PSPV de Castell\u00f3 proposa rebaixar l'IBI a la ciutadania en una quantitat equivalent a l'augment de la taxa d'escombraries en 2025 per l'aplicaci\u00f3 de les directives europees - PSPV-PSOE CASTELL\u00d3\",\"isPartOf\":{\"@id\":\"https:\/\/agrupacionespsoe.es\/castello\/#website\"},\"primaryImageOfPage\":{\"@id\":\"https:\/\/agrupacionespsoe.es\/castello\/va\/el-pspv-de-castello-proposa-rebaixar-libi-a-la-ciutadania-en-una-quantitat-equivalent-a-laugment-de-la-taxa-descombraries-en-2025-per-laplicacio-de-les-directives-europees\/#primaryimage\"},\"image\":{\"@id\":\"https:\/\/agrupacionespsoe.es\/castello\/va\/el-pspv-de-castello-proposa-rebaixar-libi-a-la-ciutadania-en-una-quantitat-equivalent-a-laugment-de-la-taxa-descombraries-en-2025-per-laplicacio-de-les-directives-europees\/#primaryimage\"},\"thumbnailUrl\":\"https:\/\/agrupacionespsoe.es\/castello\/wp-content\/uploads\/sites\/45\/2024\/10\/20241008-El-PSPV-de-Castello-propone-rebajar-el-IBI-a-la-ciudadania-en-una-cantidad-equivalente-al-aumento-de-la-tasa-de-basura-en-2025-1-scaled.jpg\",\"datePublished\":\"2024-10-08T16:01:41+00:00\",\"dateModified\":\"2026-03-24T07:57:29+00:00\",\"breadcrumb\":{\"@id\":\"https:\/\/agrupacionespsoe.es\/castello\/va\/el-pspv-de-castello-proposa-rebaixar-libi-a-la-ciutadania-en-una-quantitat-equivalent-a-laugment-de-la-taxa-descombraries-en-2025-per-laplicacio-de-les-directives-europees\/#breadcrumb\"},\"inLanguage\":\"es\",\"potentialAction\":[{\"@type\":\"ReadAction\",\"target\":[\"https:\/\/agrupacionespsoe.es\/castello\/va\/el-pspv-de-castello-proposa-rebaixar-libi-a-la-ciutadania-en-una-quantitat-equivalent-a-laugment-de-la-taxa-descombraries-en-2025-per-laplicacio-de-les-directives-europees\/\"]}]},{\"@type\":\"ImageObject\",\"inLanguage\":\"es\",\"@id\":\"https:\/\/agrupacionespsoe.es\/castello\/va\/el-pspv-de-castello-proposa-rebaixar-libi-a-la-ciutadania-en-una-quantitat-equivalent-a-laugment-de-la-taxa-descombraries-en-2025-per-laplicacio-de-les-directives-europees\/#primaryimage\",\"url\":\"https:\/\/agrupacionespsoe.es\/castello\/wp-content\/uploads\/sites\/45\/2024\/10\/20241008-El-PSPV-de-Castello-propone-rebajar-el-IBI-a-la-ciudadania-en-una-cantidad-equivalente-al-aumento-de-la-tasa-de-basura-en-2025-1-scaled.jpg\",\"contentUrl\":\"https:\/\/agrupacionespsoe.es\/castello\/wp-content\/uploads\/sites\/45\/2024\/10\/20241008-El-PSPV-de-Castello-propone-rebajar-el-IBI-a-la-ciudadania-en-una-cantidad-equivalente-al-aumento-de-la-tasa-de-basura-en-2025-1-scaled.jpg\",\"width\":2560,\"height\":1920},{\"@type\":\"BreadcrumbList\",\"@id\":\"https:\/\/agrupacionespsoe.es\/castello\/va\/el-pspv-de-castello-proposa-rebaixar-libi-a-la-ciutadania-en-una-quantitat-equivalent-a-laugment-de-la-taxa-descombraries-en-2025-per-laplicacio-de-les-directives-europees\/#breadcrumb\",\"itemListElement\":[{\"@type\":\"ListItem\",\"position\":1,\"name\":\"Portada\",\"item\":\"https:\/\/agrupacionespsoe.es\/castello\/\"},{\"@type\":\"ListItem\",\"position\":2,\"name\":\"El PSPV de Castell\u00f3 proposa rebaixar l&#8217;IBI a la ciutadania en una quantitat equivalent a l&#8217;augment de la taxa d&#8217;escombraries en 2025 per l&#8217;aplicaci\u00f3 de les directives europees\"}]},{\"@type\":\"WebSite\",\"@id\":\"https:\/\/agrupacionespsoe.es\/castello\/#website\",\"url\":\"https:\/\/agrupacionespsoe.es\/castello\/\",\"name\":\"PSPV-PSOE CASTELL\u00d3\",\"description\":\"PSPV-PSOE | Agrupaci\u00f3 de Castell\u00f3\",\"publisher\":{\"@id\":\"https:\/\/agrupacionespsoe.es\/castello\/#organization\"},\"potentialAction\":[{\"@type\":\"SearchAction\",\"target\":{\"@type\":\"EntryPoint\",\"urlTemplate\":\"https:\/\/agrupacionespsoe.es\/castello\/?s={search_term_string}\"},\"query-input\":{\"@type\":\"PropertyValueSpecification\",\"valueRequired\":true,\"valueName\":\"search_term_string\"}}],\"inLanguage\":\"es\"},{\"@type\":\"Organization\",\"@id\":\"https:\/\/agrupacionespsoe.es\/castello\/#organization\",\"name\":\"PSPV-PSOE Castell\u00f3\",\"url\":\"https:\/\/agrupacionespsoe.es\/castello\/\",\"logo\":{\"@type\":\"ImageObject\",\"inLanguage\":\"es\",\"@id\":\"https:\/\/agrupacionespsoe.es\/castello\/#\/schema\/logo\/image\/\",\"url\":\"https:\/\/agrupacionespsoe.es\/castello\/wp-content\/uploads\/sites\/45\/2023\/04\/PORTADA-PSOE-CASTELLO.jpg\",\"contentUrl\":\"https:\/\/agrupacionespsoe.es\/castello\/wp-content\/uploads\/sites\/45\/2023\/04\/PORTADA-PSOE-CASTELLO.jpg\",\"width\":2500,\"height\":2500,\"caption\":\"PSPV-PSOE Castell\u00f3\"},\"image\":{\"@id\":\"https:\/\/agrupacionespsoe.es\/castello\/#\/schema\/logo\/image\/\"},\"sameAs\":[\"https:\/\/www.facebook.com\/pspv.castellodelaplana\",\"https:\/\/x.com\/pspv_cs\",\"https:\/\/www.instagram.com\/pspvpsoecastello\/\"]},{\"@type\":\"Person\",\"@id\":\"https:\/\/agrupacionespsoe.es\/castello\/#\/schema\/person\/f3bc5b2f9dc6a399e9e98596ae24a20a\",\"name\":\"castello1\",\"image\":{\"@type\":\"ImageObject\",\"inLanguage\":\"es\",\"@id\":\"https:\/\/agrupacionespsoe.es\/castello\/#\/schema\/person\/image\/\",\"url\":\"https:\/\/secure.gravatar.com\/avatar\/5f1da428d6479d1127419c0b58796865?s=96&d=mm&r=g\",\"contentUrl\":\"https:\/\/secure.gravatar.com\/avatar\/5f1da428d6479d1127419c0b58796865?s=96&d=mm&r=g\",\"caption\":\"castello1\"},\"url\":\"https:\/\/agrupacionespsoe.es\/castello\/author\/castello1\/\"}]}<\/script>\n<!-- \/ Yoast SEO plugin. -->","yoast_head_json":{"title":"El PSPV de Castell\u00f3 proposa rebaixar l'IBI a la ciutadania en una quantitat equivalent a l'augment de la taxa d'escombraries en 2025 per l'aplicaci\u00f3 de les directives europees - PSPV-PSOE CASTELL\u00d3","robots":{"index":"index","follow":"follow","max-snippet":"max-snippet:-1","max-image-preview":"max-image-preview:large","max-video-preview":"max-video-preview:-1"},"canonical":"https:\/\/agrupacionespsoe.es\/castello\/va\/el-pspv-de-castello-proposa-rebaixar-libi-a-la-ciutadania-en-una-quantitat-equivalent-a-laugment-de-la-taxa-descombraries-en-2025-per-laplicacio-de-les-directives-europees\/","og_locale":"es_ES","og_type":"article","og_title":"El PSPV de Castell\u00f3 proposa rebaixar l'IBI a la ciutadania en una quantitat equivalent a l'augment de la taxa d'escombraries en 2025 per l'aplicaci\u00f3 de les directives europees - PSPV-PSOE CASTELL\u00d3","og_description":"\u25cf&nbsp;El Grup Municipal Socialista registra a l&#8217;ajuntament la seua proposta de modificaci\u00f3 d&#8217;ordenances fiscals, que inclou, com ha explicat l&#8217;edil socialista M\u00f3nica Barab\u00e1s, bonificar un 5 per cent als ve\u00efns i ve\u00efnes que tinguen domiciliats de forma fraccionada els seus pagaments de taxes i impostos, deduccions a les fam\u00edlies monoparentals\/monomarentals, rebaixes de l&#8217;IBI en immobles ...","og_url":"https:\/\/agrupacionespsoe.es\/castello\/va\/el-pspv-de-castello-proposa-rebaixar-libi-a-la-ciutadania-en-una-quantitat-equivalent-a-laugment-de-la-taxa-descombraries-en-2025-per-laplicacio-de-les-directives-europees\/","og_site_name":"PSPV-PSOE CASTELL\u00d3","article_publisher":"https:\/\/www.facebook.com\/pspv.castellodelaplana","article_published_time":"2024-10-08T16:01:41+00:00","article_modified_time":"2026-03-24T07:57:29+00:00","og_image":[{"width":2560,"height":1920,"url":"https:\/\/agrupacionespsoe.es\/castello\/wp-content\/uploads\/sites\/45\/2024\/10\/20241008-El-PSPV-de-Castello-propone-rebajar-el-IBI-a-la-ciudadania-en-una-cantidad-equivalente-al-aumento-de-la-tasa-de-basura-en-2025-1-scaled.jpg","type":"image\/jpeg"}],"author":"castello1","twitter_card":"summary_large_image","twitter_creator":"@pspv_cs","twitter_site":"@pspv_cs","twitter_misc":{"Escrito por":"castello1","Tiempo de lectura":"5 minutos"},"schema":{"@context":"https:\/\/schema.org","@graph":[{"@type":"Article","@id":"https:\/\/agrupacionespsoe.es\/castello\/va\/el-pspv-de-castello-proposa-rebaixar-libi-a-la-ciutadania-en-una-quantitat-equivalent-a-laugment-de-la-taxa-descombraries-en-2025-per-laplicacio-de-les-directives-europees\/#article","isPartOf":{"@id":"https:\/\/agrupacionespsoe.es\/castello\/va\/el-pspv-de-castello-proposa-rebaixar-libi-a-la-ciutadania-en-una-quantitat-equivalent-a-laugment-de-la-taxa-descombraries-en-2025-per-laplicacio-de-les-directives-europees\/"},"author":{"name":"castello1","@id":"https:\/\/agrupacionespsoe.es\/castello\/#\/schema\/person\/f3bc5b2f9dc6a399e9e98596ae24a20a"},"headline":"El PSPV de Castell\u00f3 proposa rebaixar l&#8217;IBI a la ciutadania en una quantitat equivalent a l&#8217;augment de la taxa d&#8217;escombraries en 2025 per l&#8217;aplicaci\u00f3 de les directives europees","datePublished":"2024-10-08T16:01:41+00:00","dateModified":"2026-03-24T07:57:29+00:00","mainEntityOfPage":{"@id":"https:\/\/agrupacionespsoe.es\/castello\/va\/el-pspv-de-castello-proposa-rebaixar-libi-a-la-ciutadania-en-una-quantitat-equivalent-a-laugment-de-la-taxa-descombraries-en-2025-per-laplicacio-de-les-directives-europees\/"},"wordCount":1135,"commentCount":0,"publisher":{"@id":"https:\/\/agrupacionespsoe.es\/castello\/#organization"},"image":{"@id":"https:\/\/agrupacionespsoe.es\/castello\/va\/el-pspv-de-castello-proposa-rebaixar-libi-a-la-ciutadania-en-una-quantitat-equivalent-a-laugment-de-la-taxa-descombraries-en-2025-per-laplicacio-de-les-directives-europees\/#primaryimage"},"thumbnailUrl":"https:\/\/agrupacionespsoe.es\/castello\/wp-content\/uploads\/sites\/45\/2024\/10\/20241008-El-PSPV-de-Castello-propone-rebajar-el-IBI-a-la-ciudadania-en-una-cantidad-equivalente-al-aumento-de-la-tasa-de-basura-en-2025-1-scaled.jpg","keywords":["Basurazo","Jorge Ribes","M\u00f3nica Barab\u00e1s","Patricia Puerta","Todos"],"articleSection":["Grup Municipal Socialista"],"inLanguage":"es","potentialAction":[{"@type":"CommentAction","name":"Comment","target":["https:\/\/agrupacionespsoe.es\/castello\/va\/el-pspv-de-castello-proposa-rebaixar-libi-a-la-ciutadania-en-una-quantitat-equivalent-a-laugment-de-la-taxa-descombraries-en-2025-per-laplicacio-de-les-directives-europees\/#respond"]}]},{"@type":"WebPage","@id":"https:\/\/agrupacionespsoe.es\/castello\/va\/el-pspv-de-castello-proposa-rebaixar-libi-a-la-ciutadania-en-una-quantitat-equivalent-a-laugment-de-la-taxa-descombraries-en-2025-per-laplicacio-de-les-directives-europees\/","url":"https:\/\/agrupacionespsoe.es\/castello\/va\/el-pspv-de-castello-proposa-rebaixar-libi-a-la-ciutadania-en-una-quantitat-equivalent-a-laugment-de-la-taxa-descombraries-en-2025-per-laplicacio-de-les-directives-europees\/","name":"El PSPV de Castell\u00f3 proposa rebaixar l'IBI a la ciutadania en una quantitat equivalent a l'augment de la taxa d'escombraries en 2025 per l'aplicaci\u00f3 de les directives europees - PSPV-PSOE CASTELL\u00d3","isPartOf":{"@id":"https:\/\/agrupacionespsoe.es\/castello\/#website"},"primaryImageOfPage":{"@id":"https:\/\/agrupacionespsoe.es\/castello\/va\/el-pspv-de-castello-proposa-rebaixar-libi-a-la-ciutadania-en-una-quantitat-equivalent-a-laugment-de-la-taxa-descombraries-en-2025-per-laplicacio-de-les-directives-europees\/#primaryimage"},"image":{"@id":"https:\/\/agrupacionespsoe.es\/castello\/va\/el-pspv-de-castello-proposa-rebaixar-libi-a-la-ciutadania-en-una-quantitat-equivalent-a-laugment-de-la-taxa-descombraries-en-2025-per-laplicacio-de-les-directives-europees\/#primaryimage"},"thumbnailUrl":"https:\/\/agrupacionespsoe.es\/castello\/wp-content\/uploads\/sites\/45\/2024\/10\/20241008-El-PSPV-de-Castello-propone-rebajar-el-IBI-a-la-ciudadania-en-una-cantidad-equivalente-al-aumento-de-la-tasa-de-basura-en-2025-1-scaled.jpg","datePublished":"2024-10-08T16:01:41+00:00","dateModified":"2026-03-24T07:57:29+00:00","breadcrumb":{"@id":"https:\/\/agrupacionespsoe.es\/castello\/va\/el-pspv-de-castello-proposa-rebaixar-libi-a-la-ciutadania-en-una-quantitat-equivalent-a-laugment-de-la-taxa-descombraries-en-2025-per-laplicacio-de-les-directives-europees\/#breadcrumb"},"inLanguage":"es","potentialAction":[{"@type":"ReadAction","target":["https:\/\/agrupacionespsoe.es\/castello\/va\/el-pspv-de-castello-proposa-rebaixar-libi-a-la-ciutadania-en-una-quantitat-equivalent-a-laugment-de-la-taxa-descombraries-en-2025-per-laplicacio-de-les-directives-europees\/"]}]},{"@type":"ImageObject","inLanguage":"es","@id":"https:\/\/agrupacionespsoe.es\/castello\/va\/el-pspv-de-castello-proposa-rebaixar-libi-a-la-ciutadania-en-una-quantitat-equivalent-a-laugment-de-la-taxa-descombraries-en-2025-per-laplicacio-de-les-directives-europees\/#primaryimage","url":"https:\/\/agrupacionespsoe.es\/castello\/wp-content\/uploads\/sites\/45\/2024\/10\/20241008-El-PSPV-de-Castello-propone-rebajar-el-IBI-a-la-ciudadania-en-una-cantidad-equivalente-al-aumento-de-la-tasa-de-basura-en-2025-1-scaled.jpg","contentUrl":"https:\/\/agrupacionespsoe.es\/castello\/wp-content\/uploads\/sites\/45\/2024\/10\/20241008-El-PSPV-de-Castello-propone-rebajar-el-IBI-a-la-ciudadania-en-una-cantidad-equivalente-al-aumento-de-la-tasa-de-basura-en-2025-1-scaled.jpg","width":2560,"height":1920},{"@type":"BreadcrumbList","@id":"https:\/\/agrupacionespsoe.es\/castello\/va\/el-pspv-de-castello-proposa-rebaixar-libi-a-la-ciutadania-en-una-quantitat-equivalent-a-laugment-de-la-taxa-descombraries-en-2025-per-laplicacio-de-les-directives-europees\/#breadcrumb","itemListElement":[{"@type":"ListItem","position":1,"name":"Portada","item":"https:\/\/agrupacionespsoe.es\/castello\/"},{"@type":"ListItem","position":2,"name":"El PSPV de Castell\u00f3 proposa rebaixar l&#8217;IBI a la ciutadania en una quantitat equivalent a l&#8217;augment de la taxa d&#8217;escombraries en 2025 per l&#8217;aplicaci\u00f3 de les directives europees"}]},{"@type":"WebSite","@id":"https:\/\/agrupacionespsoe.es\/castello\/#website","url":"https:\/\/agrupacionespsoe.es\/castello\/","name":"PSPV-PSOE CASTELL\u00d3","description":"PSPV-PSOE | Agrupaci\u00f3 de Castell\u00f3","publisher":{"@id":"https:\/\/agrupacionespsoe.es\/castello\/#organization"},"potentialAction":[{"@type":"SearchAction","target":{"@type":"EntryPoint","urlTemplate":"https:\/\/agrupacionespsoe.es\/castello\/?s={search_term_string}"},"query-input":{"@type":"PropertyValueSpecification","valueRequired":true,"valueName":"search_term_string"}}],"inLanguage":"es"},{"@type":"Organization","@id":"https:\/\/agrupacionespsoe.es\/castello\/#organization","name":"PSPV-PSOE Castell\u00f3","url":"https:\/\/agrupacionespsoe.es\/castello\/","logo":{"@type":"ImageObject","inLanguage":"es","@id":"https:\/\/agrupacionespsoe.es\/castello\/#\/schema\/logo\/image\/","url":"https:\/\/agrupacionespsoe.es\/castello\/wp-content\/uploads\/sites\/45\/2023\/04\/PORTADA-PSOE-CASTELLO.jpg","contentUrl":"https:\/\/agrupacionespsoe.es\/castello\/wp-content\/uploads\/sites\/45\/2023\/04\/PORTADA-PSOE-CASTELLO.jpg","width":2500,"height":2500,"caption":"PSPV-PSOE Castell\u00f3"},"image":{"@id":"https:\/\/agrupacionespsoe.es\/castello\/#\/schema\/logo\/image\/"},"sameAs":["https:\/\/www.facebook.com\/pspv.castellodelaplana","https:\/\/x.com\/pspv_cs","https:\/\/www.instagram.com\/pspvpsoecastello\/"]},{"@type":"Person","@id":"https:\/\/agrupacionespsoe.es\/castello\/#\/schema\/person\/f3bc5b2f9dc6a399e9e98596ae24a20a","name":"castello1","image":{"@type":"ImageObject","inLanguage":"es","@id":"https:\/\/agrupacionespsoe.es\/castello\/#\/schema\/person\/image\/","url":"https:\/\/secure.gravatar.com\/avatar\/5f1da428d6479d1127419c0b58796865?s=96&d=mm&r=g","contentUrl":"https:\/\/secure.gravatar.com\/avatar\/5f1da428d6479d1127419c0b58796865?s=96&d=mm&r=g","caption":"castello1"},"url":"https:\/\/agrupacionespsoe.es\/castello\/author\/castello1\/"}]}},"jetpack_publicize_connections":[],"jetpack_featured_media_url":"https:\/\/agrupacionespsoe.es\/castello\/wp-content\/uploads\/sites\/45\/2024\/10\/20241008-El-PSPV-de-Castello-propone-rebajar-el-IBI-a-la-ciudadania-en-una-cantidad-equivalente-al-aumento-de-la-tasa-de-basura-en-2025-1-scaled.jpg","jetpack_sharing_enabled":true,"_links":{"self":[{"href":"https:\/\/agrupacionespsoe.es\/castello\/wp-json\/wp\/v2\/posts\/6310","targetHints":{"allow":["GET"]}}],"collection":[{"href":"https:\/\/agrupacionespsoe.es\/castello\/wp-json\/wp\/v2\/posts"}],"about":[{"href":"https:\/\/agrupacionespsoe.es\/castello\/wp-json\/wp\/v2\/types\/post"}],"author":[{"embeddable":true,"href":"https:\/\/agrupacionespsoe.es\/castello\/wp-json\/wp\/v2\/users\/48"}],"replies":[{"embeddable":true,"href":"https:\/\/agrupacionespsoe.es\/castello\/wp-json\/wp\/v2\/comments?post=6310"}],"version-history":[{"count":4,"href":"https:\/\/agrupacionespsoe.es\/castello\/wp-json\/wp\/v2\/posts\/6310\/revisions"}],"predecessor-version":[{"id":6319,"href":"https:\/\/agrupacionespsoe.es\/castello\/wp-json\/wp\/v2\/posts\/6310\/revisions\/6319"}],"wp:featuredmedia":[{"embeddable":true,"href":"https:\/\/agrupacionespsoe.es\/castello\/wp-json\/wp\/v2\/media\/6304"}],"wp:attachment":[{"href":"https:\/\/agrupacionespsoe.es\/castello\/wp-json\/wp\/v2\/media?parent=6310"}],"wp:term":[{"taxonomy":"category","embeddable":true,"href":"https:\/\/agrupacionespsoe.es\/castello\/wp-json\/wp\/v2\/categories?post=6310"},{"taxonomy":"post_tag","embeddable":true,"href":"https:\/\/agrupacionespsoe.es\/castello\/wp-json\/wp\/v2\/tags?post=6310"}],"curies":[{"name":"wp","href":"https:\/\/api.w.org\/{rel}","templated":true}]}}