{"id":5691,"date":"2024-07-17T13:46:17","date_gmt":"2024-07-17T11:46:17","guid":{"rendered":"https:\/\/agrupacionespsoe.es\/castello\/?p=5691"},"modified":"2024-07-24T12:30:45","modified_gmt":"2024-07-24T10:30:45","slug":"el-pspv-registra-una-mocio-perque-lajuntament-pose-tots-els-mitjans-necessaris-per-a-acollir-menors-migrants-no-acompanyats","status":"publish","type":"post","link":"https:\/\/agrupacionespsoe.es\/castello\/va\/el-pspv-registra-una-mocio-perque-lajuntament-pose-tots-els-mitjans-necessaris-per-a-acollir-menors-migrants-no-acompanyats\/","title":{"rendered":"El PSPV registra una moci\u00f3 perqu\u00e8 l&#8217;ajuntament pose tots els mitjans necessaris per a acollir menors migrants no acompanyats"},"content":{"rendered":"\n<p><em><em>\u25cf<\/em><\/em> <strong><em>El Grup Municipal Socialista insta a condemnar qualsevol declaraci\u00f3 pol\u00edtica que fomente i incite discursos d&#8217;odi i actituds xen\u00f2fobes i racistes per part de membres del govern municipal i per representants pol\u00edtics cap a les persones estrangeres<\/em><\/strong><\/p>\n\n\n\n<figure class=\"wp-block-audio\"><audio controls src=\"https:\/\/agrupacionespsoe.es\/castello\/wp-content\/uploads\/sites\/45\/2024\/07\/NdP-mocion-acogida-menores.mp3\" autoplay><\/audio><figcaption class=\"wp-element-caption\"><strong>Declaracions M\u00f3nica Barab\u00e1s<\/strong><\/figcaption><\/figure>\n\n\n\n<p>El Grup Municipal Socialista a l&#8217;Ajuntament de Castell\u00f3 ha presentat una moci\u00f3, per al seu debat i aprovaci\u00f3 en el ple, en la qual s&#8217;insta el govern local a posar tots els mitjans necessaris perqu\u00e8 Castell\u00f3 puga acollir a menors no acompanyats, habilitar espais de titularitat municipal per a l&#8217;acolliment d&#8217;aquests menors, aix\u00ed com sol\u00b7licitar de manera oficial a la Generalitat Valenciana que habilite amb la mateixa fi els de titularitat auton\u00f2mica.<\/p>\n\n\n\n<p>La moci\u00f3 recull a m\u00e9s que l&#8217;ajuntament trasllade a la Generalitat Valenciana la necessitat de fer pol\u00edtiques migrat\u00f2ries que representen el sentir del poble castellonenc, com s\u00f3n les pol\u00edtiques migrat\u00f2ries acollidores, i insta a condemnar qualsevol declaraci\u00f3 pol\u00edtica que fomente i incite discursos d&#8217;odi i actituds xen\u00f2fobes i racistes per part de membres del govern municipal i per representants pol\u00edtics cap a les persones estrangeres.<\/p>\n\n\n\n<p>El text presentat pels socialistes explica que el Govern d&#8217;Espanya ha proposat una reforma de la Llei d&#8217;Estrangeria a les Comunitats Aut\u00f2nomes perqu\u00e8 puguen ser acollits, de manera obligat\u00f2ria, un nombre major de menors migrants no acompanyats de Can\u00e0ries, Ceuta i Melilla davant la creixent pressi\u00f3 migrat\u00f2ria que pateixen aquests territoris. Perqu\u00e8 les compet\u00e8ncies en mat\u00e8ria de menors corresponen a les Comunitats Aut\u00f2nomes, per\u00f2 la solidaritat volunt\u00e0ria no ha funcionat. En l&#8217;\u00faltim repartiment de menors acordat entre CCAA en 2023, es va establir la distribuci\u00f3 de l&#8217;acolliment de 373 menors migrants no acompanyats. El 80% d&#8217;aquests trasllats no s&#8217;ha arribat a complir i finalment nom\u00e9s s&#8217;han derivat 67 menors. La situaci\u00f3 \u00e9s cada vegada m\u00e9s preocupant, tenint en compte que es tracta de Drets Humans i de l&#8217;obligatori compliment dels Drets Internacionals de la Inf\u00e0ncia.<\/p>\n\n\n\n<p>La regidora socialista, <strong>M\u00f3nica Barabas<\/strong>, ha lamentat que \u201camb els nous governs de PPVOX ha canviat molt la situaci\u00f3 per a les persones migrants, ja que ara, la dreta, demostra una total falta d&#8217;humanitat i empatia amb les persones m\u00e9s vulnerables: els xiquets i les xiquetes. Les i els socialistes no deixarem de defensar la solidaritat que hem de tindre com a societat perqu\u00e8 el govern valenci\u00e0 del PP sembla continuar segrestat pel partit d&#8217;ultradreta VOX, donant suport a pol\u00edtiques migrat\u00f2ries extremistes. El govern valenci\u00e0 del PP ha de ser valent i no deixar-se fer xantatge per l&#8217;extrema dreta. La ciutat de Castell\u00f3 ha sigut de les primeres de la Comunitat Valenciana que va aprovar la seua condici\u00f3 de Ciutat Refugi i hem de continuar sent exemple de solidaritat\u201d.<\/p>\n\n\n\n<p>Finalment, Barabas, ha posat l&#8217;accent en la necessitat de condemnar qualsevol declaraci\u00f3 pol\u00edtica que fomente i incite discursos d&#8217;odi i actituds xen\u00f2fobes i racistes per part de membres del govern municipal i per representants pol\u00edtics cap a les persones estrangeres, i ha tornat a exigir a l&#8217;alcaldessa, <strong>Bego\u00f1a Carrasco<\/strong>, que \u201cpose fre d&#8217;una vegada a l&#8217;odi que emana d&#8217;alguns regidors i regidores del seu equip de govern, com el portaveu de VOX, <strong>Antonio Ortol\u00e1<\/strong>, comprometent-se a fer de Castell\u00f3 una ciutat lliure d&#8217;odi, acollidora d&#8217;immigrants\u201d.<\/p>\n","protected":false},"excerpt":{"rendered":"<p>\u25cf El Grup Municipal Socialista insta a condemnar qualsevol declaraci\u00f3 pol\u00edtica que fomente i incite discursos d&#8217;odi i actituds xen\u00f2fobes i racistes per part de membres del govern municipal i per representants pol\u00edtics cap a les persones estrangeres El Grup Municipal Socialista a l&#8217;Ajuntament de Castell\u00f3 ha presentat una moci\u00f3, per al seu debat i &#8230;<\/p>\n","protected":false},"author":48,"featured_media":5637,"comment_status":"open","ping_status":"open","sticky":false,"template":"","format":"standard","meta":{"_jetpack_memberships_contains_paid_content":false,"footnotes":"","jetpack_publicize_message":"","jetpack_publicize_feature_enabled":true,"jetpack_social_post_already_shared":false,"jetpack_social_options":{"image_generator_settings":{"template":"highway","default_image_id":0,"font":"","enabled":false},"version":2}},"categories":[22],"tags":[109,446],"class_list":["post-5691","post","type-post","status-publish","format-standard","has-post-thumbnail","hentry","category-gms-va","tag-monica-barabas-va","tag-todos-va"],"yoast_head":"<!-- This site is optimized with the Yoast SEO plugin v24.0 - https:\/\/yoast.com\/wordpress\/plugins\/seo\/ -->\n<title>El PSPV registra una moci\u00f3 perqu\u00e8 l&#039;ajuntament pose tots els mitjans necessaris per a acollir menors migrants no acompanyats - PSPV-PSOE CASTELL\u00d3<\/title>\n<meta name=\"robots\" content=\"index, follow, max-snippet:-1, max-image-preview:large, max-video-preview:-1\" \/>\n<link rel=\"canonical\" href=\"https:\/\/agrupacionespsoe.es\/castello\/va\/el-pspv-registra-una-mocio-perque-lajuntament-pose-tots-els-mitjans-necessaris-per-a-acollir-menors-migrants-no-acompanyats\/\" \/>\n<meta property=\"og:locale\" content=\"es_ES\" \/>\n<meta property=\"og:type\" content=\"article\" \/>\n<meta property=\"og:title\" content=\"El PSPV registra una moci\u00f3 perqu\u00e8 l&#039;ajuntament pose tots els mitjans necessaris per a acollir menors migrants no acompanyats - PSPV-PSOE CASTELL\u00d3\" \/>\n<meta property=\"og:description\" content=\"\u25cf El Grup Municipal Socialista insta a condemnar qualsevol declaraci\u00f3 pol\u00edtica que fomente i incite discursos d&#8217;odi i actituds xen\u00f2fobes i racistes per part de membres del govern municipal i per representants pol\u00edtics cap a les persones estrangeres El Grup Municipal Socialista a l&#8217;Ajuntament de Castell\u00f3 ha presentat una moci\u00f3, per al seu debat i ...\" \/>\n<meta property=\"og:url\" content=\"https:\/\/agrupacionespsoe.es\/castello\/va\/el-pspv-registra-una-mocio-perque-lajuntament-pose-tots-els-mitjans-necessaris-per-a-acollir-menors-migrants-no-acompanyats\/\" \/>\n<meta property=\"og:site_name\" content=\"PSPV-PSOE CASTELL\u00d3\" \/>\n<meta property=\"article:publisher\" content=\"https:\/\/www.facebook.com\/pspv.castellodelaplana\" \/>\n<meta property=\"article:published_time\" content=\"2024-07-17T11:46:17+00:00\" \/>\n<meta property=\"article:modified_time\" content=\"2024-07-24T10:30:45+00:00\" \/>\n<meta property=\"og:image\" content=\"https:\/\/agrupacionespsoe.es\/castello\/wp-content\/uploads\/sites\/45\/2024\/07\/20240712-Begona-Carrasco-abandona-el-pleno-del-Ayuntamiento-de-Castello-en-mitad-de-la-sesion-sin-dar-explicaciones-y-sin-tener-en-la-agenda-ningun-acto-oficial-scaled.jpg\" \/>\n\t<meta property=\"og:image:width\" content=\"2560\" \/>\n\t<meta property=\"og:image:height\" content=\"1920\" \/>\n\t<meta property=\"og:image:type\" content=\"image\/jpeg\" \/>\n<meta name=\"author\" content=\"castello1\" \/>\n<meta name=\"twitter:card\" content=\"summary_large_image\" \/>\n<meta name=\"twitter:creator\" content=\"@pspv_cs\" \/>\n<meta name=\"twitter:site\" content=\"@pspv_cs\" \/>\n<meta name=\"twitter:label1\" content=\"Escrito por\" \/>\n\t<meta name=\"twitter:data1\" content=\"castello1\" \/>\n\t<meta name=\"twitter:label2\" content=\"Tiempo de lectura\" \/>\n\t<meta name=\"twitter:data2\" content=\"3 minutos\" \/>\n<script type=\"application\/ld+json\" class=\"yoast-schema-graph\">{\"@context\":\"https:\/\/schema.org\",\"@graph\":[{\"@type\":\"Article\",\"@id\":\"https:\/\/agrupacionespsoe.es\/castello\/va\/el-pspv-registra-una-mocio-perque-lajuntament-pose-tots-els-mitjans-necessaris-per-a-acollir-menors-migrants-no-acompanyats\/#article\",\"isPartOf\":{\"@id\":\"https:\/\/agrupacionespsoe.es\/castello\/va\/el-pspv-registra-una-mocio-perque-lajuntament-pose-tots-els-mitjans-necessaris-per-a-acollir-menors-migrants-no-acompanyats\/\"},\"author\":{\"name\":\"castello1\",\"@id\":\"https:\/\/agrupacionespsoe.es\/castello\/#\/schema\/person\/f3bc5b2f9dc6a399e9e98596ae24a20a\"},\"headline\":\"El PSPV registra una moci\u00f3 perqu\u00e8 l&#8217;ajuntament pose tots els mitjans necessaris per a acollir menors migrants no acompanyats\",\"datePublished\":\"2024-07-17T11:46:17+00:00\",\"dateModified\":\"2024-07-24T10:30:45+00:00\",\"mainEntityOfPage\":{\"@id\":\"https:\/\/agrupacionespsoe.es\/castello\/va\/el-pspv-registra-una-mocio-perque-lajuntament-pose-tots-els-mitjans-necessaris-per-a-acollir-menors-migrants-no-acompanyats\/\"},\"wordCount\":577,\"commentCount\":0,\"publisher\":{\"@id\":\"https:\/\/agrupacionespsoe.es\/castello\/#organization\"},\"image\":{\"@id\":\"https:\/\/agrupacionespsoe.es\/castello\/va\/el-pspv-registra-una-mocio-perque-lajuntament-pose-tots-els-mitjans-necessaris-per-a-acollir-menors-migrants-no-acompanyats\/#primaryimage\"},\"thumbnailUrl\":\"https:\/\/agrupacionespsoe.es\/castello\/wp-content\/uploads\/sites\/45\/2024\/07\/20240712-Begona-Carrasco-abandona-el-pleno-del-Ayuntamiento-de-Castello-en-mitad-de-la-sesion-sin-dar-explicaciones-y-sin-tener-en-la-agenda-ningun-acto-oficial-scaled.jpg\",\"keywords\":[\"M\u00f3nica Barab\u00e1s\",\"Todos\"],\"articleSection\":[\"Grup Municipal Socialista\"],\"inLanguage\":\"es\",\"potentialAction\":[{\"@type\":\"CommentAction\",\"name\":\"Comment\",\"target\":[\"https:\/\/agrupacionespsoe.es\/castello\/va\/el-pspv-registra-una-mocio-perque-lajuntament-pose-tots-els-mitjans-necessaris-per-a-acollir-menors-migrants-no-acompanyats\/#respond\"]}]},{\"@type\":\"WebPage\",\"@id\":\"https:\/\/agrupacionespsoe.es\/castello\/va\/el-pspv-registra-una-mocio-perque-lajuntament-pose-tots-els-mitjans-necessaris-per-a-acollir-menors-migrants-no-acompanyats\/\",\"url\":\"https:\/\/agrupacionespsoe.es\/castello\/va\/el-pspv-registra-una-mocio-perque-lajuntament-pose-tots-els-mitjans-necessaris-per-a-acollir-menors-migrants-no-acompanyats\/\",\"name\":\"El PSPV registra una moci\u00f3 perqu\u00e8 l'ajuntament pose tots els mitjans necessaris per a acollir menors migrants no acompanyats - PSPV-PSOE CASTELL\u00d3\",\"isPartOf\":{\"@id\":\"https:\/\/agrupacionespsoe.es\/castello\/#website\"},\"primaryImageOfPage\":{\"@id\":\"https:\/\/agrupacionespsoe.es\/castello\/va\/el-pspv-registra-una-mocio-perque-lajuntament-pose-tots-els-mitjans-necessaris-per-a-acollir-menors-migrants-no-acompanyats\/#primaryimage\"},\"image\":{\"@id\":\"https:\/\/agrupacionespsoe.es\/castello\/va\/el-pspv-registra-una-mocio-perque-lajuntament-pose-tots-els-mitjans-necessaris-per-a-acollir-menors-migrants-no-acompanyats\/#primaryimage\"},\"thumbnailUrl\":\"https:\/\/agrupacionespsoe.es\/castello\/wp-content\/uploads\/sites\/45\/2024\/07\/20240712-Begona-Carrasco-abandona-el-pleno-del-Ayuntamiento-de-Castello-en-mitad-de-la-sesion-sin-dar-explicaciones-y-sin-tener-en-la-agenda-ningun-acto-oficial-scaled.jpg\",\"datePublished\":\"2024-07-17T11:46:17+00:00\",\"dateModified\":\"2024-07-24T10:30:45+00:00\",\"breadcrumb\":{\"@id\":\"https:\/\/agrupacionespsoe.es\/castello\/va\/el-pspv-registra-una-mocio-perque-lajuntament-pose-tots-els-mitjans-necessaris-per-a-acollir-menors-migrants-no-acompanyats\/#breadcrumb\"},\"inLanguage\":\"es\",\"potentialAction\":[{\"@type\":\"ReadAction\",\"target\":[\"https:\/\/agrupacionespsoe.es\/castello\/va\/el-pspv-registra-una-mocio-perque-lajuntament-pose-tots-els-mitjans-necessaris-per-a-acollir-menors-migrants-no-acompanyats\/\"]}]},{\"@type\":\"ImageObject\",\"inLanguage\":\"es\",\"@id\":\"https:\/\/agrupacionespsoe.es\/castello\/va\/el-pspv-registra-una-mocio-perque-lajuntament-pose-tots-els-mitjans-necessaris-per-a-acollir-menors-migrants-no-acompanyats\/#primaryimage\",\"url\":\"https:\/\/agrupacionespsoe.es\/castello\/wp-content\/uploads\/sites\/45\/2024\/07\/20240712-Begona-Carrasco-abandona-el-pleno-del-Ayuntamiento-de-Castello-en-mitad-de-la-sesion-sin-dar-explicaciones-y-sin-tener-en-la-agenda-ningun-acto-oficial-scaled.jpg\",\"contentUrl\":\"https:\/\/agrupacionespsoe.es\/castello\/wp-content\/uploads\/sites\/45\/2024\/07\/20240712-Begona-Carrasco-abandona-el-pleno-del-Ayuntamiento-de-Castello-en-mitad-de-la-sesion-sin-dar-explicaciones-y-sin-tener-en-la-agenda-ningun-acto-oficial-scaled.jpg\",\"width\":2560,\"height\":1920},{\"@type\":\"BreadcrumbList\",\"@id\":\"https:\/\/agrupacionespsoe.es\/castello\/va\/el-pspv-registra-una-mocio-perque-lajuntament-pose-tots-els-mitjans-necessaris-per-a-acollir-menors-migrants-no-acompanyats\/#breadcrumb\",\"itemListElement\":[{\"@type\":\"ListItem\",\"position\":1,\"name\":\"Portada\",\"item\":\"https:\/\/agrupacionespsoe.es\/castello\/\"},{\"@type\":\"ListItem\",\"position\":2,\"name\":\"El PSPV registra una moci\u00f3 perqu\u00e8 l&#8217;ajuntament pose tots els mitjans necessaris per a acollir menors migrants no acompanyats\"}]},{\"@type\":\"WebSite\",\"@id\":\"https:\/\/agrupacionespsoe.es\/castello\/#website\",\"url\":\"https:\/\/agrupacionespsoe.es\/castello\/\",\"name\":\"PSPV-PSOE CASTELL\u00d3\",\"description\":\"PSPV-PSOE | Agrupaci\u00f3 de Castell\u00f3\",\"publisher\":{\"@id\":\"https:\/\/agrupacionespsoe.es\/castello\/#organization\"},\"potentialAction\":[{\"@type\":\"SearchAction\",\"target\":{\"@type\":\"EntryPoint\",\"urlTemplate\":\"https:\/\/agrupacionespsoe.es\/castello\/?s={search_term_string}\"},\"query-input\":{\"@type\":\"PropertyValueSpecification\",\"valueRequired\":true,\"valueName\":\"search_term_string\"}}],\"inLanguage\":\"es\"},{\"@type\":\"Organization\",\"@id\":\"https:\/\/agrupacionespsoe.es\/castello\/#organization\",\"name\":\"PSPV-PSOE Castell\u00f3\",\"url\":\"https:\/\/agrupacionespsoe.es\/castello\/\",\"logo\":{\"@type\":\"ImageObject\",\"inLanguage\":\"es\",\"@id\":\"https:\/\/agrupacionespsoe.es\/castello\/#\/schema\/logo\/image\/\",\"url\":\"https:\/\/agrupacionespsoe.es\/castello\/wp-content\/uploads\/sites\/45\/2023\/04\/PORTADA-PSOE-CASTELLO.jpg\",\"contentUrl\":\"https:\/\/agrupacionespsoe.es\/castello\/wp-content\/uploads\/sites\/45\/2023\/04\/PORTADA-PSOE-CASTELLO.jpg\",\"width\":2500,\"height\":2500,\"caption\":\"PSPV-PSOE Castell\u00f3\"},\"image\":{\"@id\":\"https:\/\/agrupacionespsoe.es\/castello\/#\/schema\/logo\/image\/\"},\"sameAs\":[\"https:\/\/www.facebook.com\/pspv.castellodelaplana\",\"https:\/\/x.com\/pspv_cs\",\"https:\/\/www.instagram.com\/pspvpsoecastello\/\"]},{\"@type\":\"Person\",\"@id\":\"https:\/\/agrupacionespsoe.es\/castello\/#\/schema\/person\/f3bc5b2f9dc6a399e9e98596ae24a20a\",\"name\":\"castello1\",\"image\":{\"@type\":\"ImageObject\",\"inLanguage\":\"es\",\"@id\":\"https:\/\/agrupacionespsoe.es\/castello\/#\/schema\/person\/image\/\",\"url\":\"https:\/\/secure.gravatar.com\/avatar\/5f1da428d6479d1127419c0b58796865?s=96&d=mm&r=g\",\"contentUrl\":\"https:\/\/secure.gravatar.com\/avatar\/5f1da428d6479d1127419c0b58796865?s=96&d=mm&r=g\",\"caption\":\"castello1\"},\"url\":\"https:\/\/agrupacionespsoe.es\/castello\/author\/castello1\/\"}]}<\/script>\n<!-- \/ Yoast SEO plugin. -->","yoast_head_json":{"title":"El PSPV registra una moci\u00f3 perqu\u00e8 l'ajuntament pose tots els mitjans necessaris per a acollir menors migrants no acompanyats - PSPV-PSOE CASTELL\u00d3","robots":{"index":"index","follow":"follow","max-snippet":"max-snippet:-1","max-image-preview":"max-image-preview:large","max-video-preview":"max-video-preview:-1"},"canonical":"https:\/\/agrupacionespsoe.es\/castello\/va\/el-pspv-registra-una-mocio-perque-lajuntament-pose-tots-els-mitjans-necessaris-per-a-acollir-menors-migrants-no-acompanyats\/","og_locale":"es_ES","og_type":"article","og_title":"El PSPV registra una moci\u00f3 perqu\u00e8 l'ajuntament pose tots els mitjans necessaris per a acollir menors migrants no acompanyats - PSPV-PSOE CASTELL\u00d3","og_description":"\u25cf El Grup Municipal Socialista insta a condemnar qualsevol declaraci\u00f3 pol\u00edtica que fomente i incite discursos d&#8217;odi i actituds xen\u00f2fobes i racistes per part de membres del govern municipal i per representants pol\u00edtics cap a les persones estrangeres El Grup Municipal Socialista a l&#8217;Ajuntament de Castell\u00f3 ha presentat una moci\u00f3, per al seu debat i ...","og_url":"https:\/\/agrupacionespsoe.es\/castello\/va\/el-pspv-registra-una-mocio-perque-lajuntament-pose-tots-els-mitjans-necessaris-per-a-acollir-menors-migrants-no-acompanyats\/","og_site_name":"PSPV-PSOE CASTELL\u00d3","article_publisher":"https:\/\/www.facebook.com\/pspv.castellodelaplana","article_published_time":"2024-07-17T11:46:17+00:00","article_modified_time":"2024-07-24T10:30:45+00:00","og_image":[{"width":2560,"height":1920,"url":"https:\/\/agrupacionespsoe.es\/castello\/wp-content\/uploads\/sites\/45\/2024\/07\/20240712-Begona-Carrasco-abandona-el-pleno-del-Ayuntamiento-de-Castello-en-mitad-de-la-sesion-sin-dar-explicaciones-y-sin-tener-en-la-agenda-ningun-acto-oficial-scaled.jpg","type":"image\/jpeg"}],"author":"castello1","twitter_card":"summary_large_image","twitter_creator":"@pspv_cs","twitter_site":"@pspv_cs","twitter_misc":{"Escrito por":"castello1","Tiempo de lectura":"3 minutos"},"schema":{"@context":"https:\/\/schema.org","@graph":[{"@type":"Article","@id":"https:\/\/agrupacionespsoe.es\/castello\/va\/el-pspv-registra-una-mocio-perque-lajuntament-pose-tots-els-mitjans-necessaris-per-a-acollir-menors-migrants-no-acompanyats\/#article","isPartOf":{"@id":"https:\/\/agrupacionespsoe.es\/castello\/va\/el-pspv-registra-una-mocio-perque-lajuntament-pose-tots-els-mitjans-necessaris-per-a-acollir-menors-migrants-no-acompanyats\/"},"author":{"name":"castello1","@id":"https:\/\/agrupacionespsoe.es\/castello\/#\/schema\/person\/f3bc5b2f9dc6a399e9e98596ae24a20a"},"headline":"El PSPV registra una moci\u00f3 perqu\u00e8 l&#8217;ajuntament pose tots els mitjans necessaris per a acollir menors migrants no acompanyats","datePublished":"2024-07-17T11:46:17+00:00","dateModified":"2024-07-24T10:30:45+00:00","mainEntityOfPage":{"@id":"https:\/\/agrupacionespsoe.es\/castello\/va\/el-pspv-registra-una-mocio-perque-lajuntament-pose-tots-els-mitjans-necessaris-per-a-acollir-menors-migrants-no-acompanyats\/"},"wordCount":577,"commentCount":0,"publisher":{"@id":"https:\/\/agrupacionespsoe.es\/castello\/#organization"},"image":{"@id":"https:\/\/agrupacionespsoe.es\/castello\/va\/el-pspv-registra-una-mocio-perque-lajuntament-pose-tots-els-mitjans-necessaris-per-a-acollir-menors-migrants-no-acompanyats\/#primaryimage"},"thumbnailUrl":"https:\/\/agrupacionespsoe.es\/castello\/wp-content\/uploads\/sites\/45\/2024\/07\/20240712-Begona-Carrasco-abandona-el-pleno-del-Ayuntamiento-de-Castello-en-mitad-de-la-sesion-sin-dar-explicaciones-y-sin-tener-en-la-agenda-ningun-acto-oficial-scaled.jpg","keywords":["M\u00f3nica Barab\u00e1s","Todos"],"articleSection":["Grup Municipal Socialista"],"inLanguage":"es","potentialAction":[{"@type":"CommentAction","name":"Comment","target":["https:\/\/agrupacionespsoe.es\/castello\/va\/el-pspv-registra-una-mocio-perque-lajuntament-pose-tots-els-mitjans-necessaris-per-a-acollir-menors-migrants-no-acompanyats\/#respond"]}]},{"@type":"WebPage","@id":"https:\/\/agrupacionespsoe.es\/castello\/va\/el-pspv-registra-una-mocio-perque-lajuntament-pose-tots-els-mitjans-necessaris-per-a-acollir-menors-migrants-no-acompanyats\/","url":"https:\/\/agrupacionespsoe.es\/castello\/va\/el-pspv-registra-una-mocio-perque-lajuntament-pose-tots-els-mitjans-necessaris-per-a-acollir-menors-migrants-no-acompanyats\/","name":"El PSPV registra una moci\u00f3 perqu\u00e8 l'ajuntament pose tots els mitjans necessaris per a acollir menors migrants no acompanyats - PSPV-PSOE CASTELL\u00d3","isPartOf":{"@id":"https:\/\/agrupacionespsoe.es\/castello\/#website"},"primaryImageOfPage":{"@id":"https:\/\/agrupacionespsoe.es\/castello\/va\/el-pspv-registra-una-mocio-perque-lajuntament-pose-tots-els-mitjans-necessaris-per-a-acollir-menors-migrants-no-acompanyats\/#primaryimage"},"image":{"@id":"https:\/\/agrupacionespsoe.es\/castello\/va\/el-pspv-registra-una-mocio-perque-lajuntament-pose-tots-els-mitjans-necessaris-per-a-acollir-menors-migrants-no-acompanyats\/#primaryimage"},"thumbnailUrl":"https:\/\/agrupacionespsoe.es\/castello\/wp-content\/uploads\/sites\/45\/2024\/07\/20240712-Begona-Carrasco-abandona-el-pleno-del-Ayuntamiento-de-Castello-en-mitad-de-la-sesion-sin-dar-explicaciones-y-sin-tener-en-la-agenda-ningun-acto-oficial-scaled.jpg","datePublished":"2024-07-17T11:46:17+00:00","dateModified":"2024-07-24T10:30:45+00:00","breadcrumb":{"@id":"https:\/\/agrupacionespsoe.es\/castello\/va\/el-pspv-registra-una-mocio-perque-lajuntament-pose-tots-els-mitjans-necessaris-per-a-acollir-menors-migrants-no-acompanyats\/#breadcrumb"},"inLanguage":"es","potentialAction":[{"@type":"ReadAction","target":["https:\/\/agrupacionespsoe.es\/castello\/va\/el-pspv-registra-una-mocio-perque-lajuntament-pose-tots-els-mitjans-necessaris-per-a-acollir-menors-migrants-no-acompanyats\/"]}]},{"@type":"ImageObject","inLanguage":"es","@id":"https:\/\/agrupacionespsoe.es\/castello\/va\/el-pspv-registra-una-mocio-perque-lajuntament-pose-tots-els-mitjans-necessaris-per-a-acollir-menors-migrants-no-acompanyats\/#primaryimage","url":"https:\/\/agrupacionespsoe.es\/castello\/wp-content\/uploads\/sites\/45\/2024\/07\/20240712-Begona-Carrasco-abandona-el-pleno-del-Ayuntamiento-de-Castello-en-mitad-de-la-sesion-sin-dar-explicaciones-y-sin-tener-en-la-agenda-ningun-acto-oficial-scaled.jpg","contentUrl":"https:\/\/agrupacionespsoe.es\/castello\/wp-content\/uploads\/sites\/45\/2024\/07\/20240712-Begona-Carrasco-abandona-el-pleno-del-Ayuntamiento-de-Castello-en-mitad-de-la-sesion-sin-dar-explicaciones-y-sin-tener-en-la-agenda-ningun-acto-oficial-scaled.jpg","width":2560,"height":1920},{"@type":"BreadcrumbList","@id":"https:\/\/agrupacionespsoe.es\/castello\/va\/el-pspv-registra-una-mocio-perque-lajuntament-pose-tots-els-mitjans-necessaris-per-a-acollir-menors-migrants-no-acompanyats\/#breadcrumb","itemListElement":[{"@type":"ListItem","position":1,"name":"Portada","item":"https:\/\/agrupacionespsoe.es\/castello\/"},{"@type":"ListItem","position":2,"name":"El PSPV registra una moci\u00f3 perqu\u00e8 l&#8217;ajuntament pose tots els mitjans necessaris per a acollir menors migrants no acompanyats"}]},{"@type":"WebSite","@id":"https:\/\/agrupacionespsoe.es\/castello\/#website","url":"https:\/\/agrupacionespsoe.es\/castello\/","name":"PSPV-PSOE CASTELL\u00d3","description":"PSPV-PSOE | Agrupaci\u00f3 de Castell\u00f3","publisher":{"@id":"https:\/\/agrupacionespsoe.es\/castello\/#organization"},"potentialAction":[{"@type":"SearchAction","target":{"@type":"EntryPoint","urlTemplate":"https:\/\/agrupacionespsoe.es\/castello\/?s={search_term_string}"},"query-input":{"@type":"PropertyValueSpecification","valueRequired":true,"valueName":"search_term_string"}}],"inLanguage":"es"},{"@type":"Organization","@id":"https:\/\/agrupacionespsoe.es\/castello\/#organization","name":"PSPV-PSOE Castell\u00f3","url":"https:\/\/agrupacionespsoe.es\/castello\/","logo":{"@type":"ImageObject","inLanguage":"es","@id":"https:\/\/agrupacionespsoe.es\/castello\/#\/schema\/logo\/image\/","url":"https:\/\/agrupacionespsoe.es\/castello\/wp-content\/uploads\/sites\/45\/2023\/04\/PORTADA-PSOE-CASTELLO.jpg","contentUrl":"https:\/\/agrupacionespsoe.es\/castello\/wp-content\/uploads\/sites\/45\/2023\/04\/PORTADA-PSOE-CASTELLO.jpg","width":2500,"height":2500,"caption":"PSPV-PSOE Castell\u00f3"},"image":{"@id":"https:\/\/agrupacionespsoe.es\/castello\/#\/schema\/logo\/image\/"},"sameAs":["https:\/\/www.facebook.com\/pspv.castellodelaplana","https:\/\/x.com\/pspv_cs","https:\/\/www.instagram.com\/pspvpsoecastello\/"]},{"@type":"Person","@id":"https:\/\/agrupacionespsoe.es\/castello\/#\/schema\/person\/f3bc5b2f9dc6a399e9e98596ae24a20a","name":"castello1","image":{"@type":"ImageObject","inLanguage":"es","@id":"https:\/\/agrupacionespsoe.es\/castello\/#\/schema\/person\/image\/","url":"https:\/\/secure.gravatar.com\/avatar\/5f1da428d6479d1127419c0b58796865?s=96&d=mm&r=g","contentUrl":"https:\/\/secure.gravatar.com\/avatar\/5f1da428d6479d1127419c0b58796865?s=96&d=mm&r=g","caption":"castello1"},"url":"https:\/\/agrupacionespsoe.es\/castello\/author\/castello1\/"}]}},"jetpack_publicize_connections":[],"jetpack_featured_media_url":"https:\/\/agrupacionespsoe.es\/castello\/wp-content\/uploads\/sites\/45\/2024\/07\/20240712-Begona-Carrasco-abandona-el-pleno-del-Ayuntamiento-de-Castello-en-mitad-de-la-sesion-sin-dar-explicaciones-y-sin-tener-en-la-agenda-ningun-acto-oficial-scaled.jpg","jetpack_sharing_enabled":true,"_links":{"self":[{"href":"https:\/\/agrupacionespsoe.es\/castello\/wp-json\/wp\/v2\/posts\/5691","targetHints":{"allow":["GET"]}}],"collection":[{"href":"https:\/\/agrupacionespsoe.es\/castello\/wp-json\/wp\/v2\/posts"}],"about":[{"href":"https:\/\/agrupacionespsoe.es\/castello\/wp-json\/wp\/v2\/types\/post"}],"author":[{"embeddable":true,"href":"https:\/\/agrupacionespsoe.es\/castello\/wp-json\/wp\/v2\/users\/48"}],"replies":[{"embeddable":true,"href":"https:\/\/agrupacionespsoe.es\/castello\/wp-json\/wp\/v2\/comments?post=5691"}],"version-history":[{"count":5,"href":"https:\/\/agrupacionespsoe.es\/castello\/wp-json\/wp\/v2\/posts\/5691\/revisions"}],"predecessor-version":[{"id":5700,"href":"https:\/\/agrupacionespsoe.es\/castello\/wp-json\/wp\/v2\/posts\/5691\/revisions\/5700"}],"wp:featuredmedia":[{"embeddable":true,"href":"https:\/\/agrupacionespsoe.es\/castello\/wp-json\/wp\/v2\/media\/5637"}],"wp:attachment":[{"href":"https:\/\/agrupacionespsoe.es\/castello\/wp-json\/wp\/v2\/media?parent=5691"}],"wp:term":[{"taxonomy":"category","embeddable":true,"href":"https:\/\/agrupacionespsoe.es\/castello\/wp-json\/wp\/v2\/categories?post=5691"},{"taxonomy":"post_tag","embeddable":true,"href":"https:\/\/agrupacionespsoe.es\/castello\/wp-json\/wp\/v2\/tags?post=5691"}],"curies":[{"name":"wp","href":"https:\/\/api.w.org\/{rel}","templated":true}]}}