{"id":5688,"date":"2024-07-17T13:44:31","date_gmt":"2024-07-17T11:44:31","guid":{"rendered":"https:\/\/agrupacionespsoe.es\/castello\/?p=5688"},"modified":"2024-07-24T12:30:45","modified_gmt":"2024-07-24T10:30:45","slug":"el-pspv-registra-una-mocion-para-que-el-ayuntamiento-ponga-todos-los-medios-necesarios-para-acoger-menores-migrantes-no-acompanados","status":"publish","type":"post","link":"https:\/\/agrupacionespsoe.es\/castello\/el-pspv-registra-una-mocion-para-que-el-ayuntamiento-ponga-todos-los-medios-necesarios-para-acoger-menores-migrantes-no-acompanados\/","title":{"rendered":"El PSPV registra una moci\u00f3n para que el ayuntamiento ponga todos los medios necesarios para acoger menores migrantes no acompa\u00f1ados"},"content":{"rendered":"\n<p><em><em>\u25cf<\/em><\/em> <strong><em>El Grupo Municipal Socialista insta a condenar cualquier declaraci\u00f3n pol\u00edtica que fomente e incite discursos de odio y actitudes xen\u00f3fobas y racistas por parte de miembros del gobierno municipal&nbsp;y por representantes pol\u00edticos hacia las personas extranjeras<\/em><\/strong><\/p>\n\n\n\n<figure class=\"wp-block-audio\"><audio controls src=\"https:\/\/agrupacionespsoe.es\/castello\/wp-content\/uploads\/sites\/45\/2024\/07\/NdP-mocion-acogida-menores-1.mp3\" autoplay><\/audio><figcaption class=\"wp-element-caption\"><strong>Declaraciones M\u00f3nica Barab\u00e1s<\/strong><\/figcaption><\/figure>\n\n\n\n<p>El Grupo Municipal Socialista en el Ayuntamiento de Castell\u00f3 ha presentado una moci\u00f3n, para su debate y aprobaci\u00f3n en el pleno, en la que se insta al gobierno local a poner todos los medios necesarios para que Castell\u00f3 pueda acoger a menores no acompa\u00f1ados, habilitar espacios de titularidad municipal para la acogida de estos menores, as\u00ed como solicitar de forma oficial a la Generalitat Valenciana que habilite con el mismo fin los de titularidad auton\u00f3mica.&nbsp;<\/p>\n\n\n\n<p>La moci\u00f3n recoge adem\u00e1s que el ayuntamiento traslade a la Generalitat Valenciana la necesidad de hacer pol\u00edticas migratorias que representen el sentir del pueblo castellonense, como son las pol\u00edticas migratorias acogedoras, e insta a condenar cualquier declaraci\u00f3n pol\u00edtica que fomente e incite discursos de odio y actitudes xen\u00f3fobas y racistas por parte de miembros del gobierno municipal y por representantes pol\u00edticos hacia las personas extranjeras.&nbsp;<\/p>\n\n\n\n<p>El texto presentado por los socialistas explica que el Gobierno de Espa\u00f1a ha propuesto una reforma de la Ley de Extranjer\u00eda a las Comunidades Aut\u00f3nomas para que puedan ser acogidos, de forma obligatoria, un n\u00famero mayor de menores migrantes no acompa\u00f1ados de Canarias, Ceuta y Melilla ante la creciente presi\u00f3n migratoria que sufren estos territorios. Porque las competencias en materia de menores corresponden a las Comunidades Aut\u00f3nomas, pero la solidaridad voluntaria no ha funcionado. En el \u00faltimo reparto de menores acordado entre CCAA en 2023, se estableci\u00f3 la distribuci\u00f3n de la acogida de 373 menores migrantes no acompa\u00f1ados. El 80% de estos traslados no se ha llegado a cumplir y finalmente s\u00f3lo se han derivado 67 menores. La situaci\u00f3n es cada vez m\u00e1s preocupante, teniendo en cuenta que se trata de Derechos Humanos y del obligatorio cumplimiento de los Derechos Internacionales de la Infancia.<\/p>\n\n\n\n<p>La concejala socialista, <strong>M\u00f3nica Barabas<\/strong>, ha lamentado que \u201ccon los nuevos gobiernos de PPVOX ha cambiado mucho la situaci\u00f3n para las personas migrantes, ya que ahora, la derecha, demuestra una total falta de humanidad y empat\u00eda con las personas m\u00e1s vulnerables: los ni\u00f1os y las ni\u00f1as. Las y los socialistas no dejaremos de defender la solidaridad que debemos tener como sociedad puesto que el gobierno valenciano del PP parece continuar secuestrado por el partido de ultraderecha VOX, apoyando pol\u00edticas migratorias extremistas. El gobierno valenciano del PP debe ser valiente y no dejarse chantajear por la extrema derecha. La ciudad de Castell\u00f3 ha sido de las primeras de la Comunitat Valenciana que aprob\u00f3 su condici\u00f3n de Ciudad Refugio y debemos seguir siendo ejemplo de solidaridad\u201d.<\/p>\n\n\n\n<p>Por \u00faltimo, Barabas, ha hecho hincapi\u00e9 en la necesidad de&nbsp;condenar cualquier declaraci\u00f3n pol\u00edtica que fomente e incite discursos de odio y actitudes xen\u00f3fobas y racistas por parte de miembros del gobierno municipal&nbsp;y por representantes pol\u00edticos hacia las personas extranjeras,&nbsp;y ha vuelto a exigir a la alcaldesa, <strong>Bego\u00f1a Carrasco<\/strong>, que \u201cponga freno de una vez al odio que emana de algunos concejales y concejalas de su equipo de gobierno, como el portavoz de VOX, <strong>Antonio Ortol\u00e1<\/strong>, comprometi\u00e9ndose a hacer de Castell\u00f3 una ciudad libre de odio, acogedora de inmigrantes\u201d.<\/p>\n","protected":false},"excerpt":{"rendered":"<p>\u25cf El Grupo Municipal Socialista insta a condenar cualquier declaraci\u00f3n pol\u00edtica que fomente e incite discursos de odio y actitudes xen\u00f3fobas y racistas por parte de miembros del gobierno municipal&nbsp;y por representantes pol\u00edticos hacia las personas extranjeras El Grupo Municipal Socialista en el Ayuntamiento de Castell\u00f3 ha presentado una moci\u00f3n, para su debate y aprobaci\u00f3n &#8230;<\/p>\n","protected":false},"author":48,"featured_media":5637,"comment_status":"open","ping_status":"open","sticky":false,"template":"","format":"standard","meta":{"_jetpack_memberships_contains_paid_content":false,"footnotes":"","jetpack_publicize_message":"","jetpack_publicize_feature_enabled":true,"jetpack_social_post_already_shared":false,"jetpack_social_options":{"image_generator_settings":{"template":"highway","default_image_id":0,"font":"","enabled":false},"version":2}},"categories":[33],"tags":[107,448],"class_list":["post-5688","post","type-post","status-publish","format-standard","has-post-thumbnail","hentry","category-gms","tag-monica-barabas","tag-todos-es"],"yoast_head":"<!-- This site is optimized with the Yoast SEO plugin v24.0 - https:\/\/yoast.com\/wordpress\/plugins\/seo\/ -->\n<title>El PSPV registra una moci\u00f3n para que el ayuntamiento ponga todos los medios necesarios para acoger menores migrantes no acompa\u00f1ados - PSPV-PSOE CASTELL\u00d3<\/title>\n<meta name=\"robots\" content=\"index, follow, max-snippet:-1, max-image-preview:large, max-video-preview:-1\" \/>\n<link rel=\"canonical\" href=\"https:\/\/agrupacionespsoe.es\/castello\/el-pspv-registra-una-mocion-para-que-el-ayuntamiento-ponga-todos-los-medios-necesarios-para-acoger-menores-migrantes-no-acompanados\/\" \/>\n<meta property=\"og:locale\" content=\"es_ES\" \/>\n<meta property=\"og:type\" content=\"article\" \/>\n<meta property=\"og:title\" content=\"El PSPV registra una moci\u00f3n para que el ayuntamiento ponga todos los medios necesarios para acoger menores migrantes no acompa\u00f1ados - PSPV-PSOE CASTELL\u00d3\" \/>\n<meta property=\"og:description\" content=\"\u25cf El Grupo Municipal Socialista insta a condenar cualquier declaraci\u00f3n pol\u00edtica que fomente e incite discursos de odio y actitudes xen\u00f3fobas y racistas por parte de miembros del gobierno municipal&nbsp;y por representantes pol\u00edticos hacia las personas extranjeras El Grupo Municipal Socialista en el Ayuntamiento de Castell\u00f3 ha presentado una moci\u00f3n, para su debate y aprobaci\u00f3n ...\" \/>\n<meta property=\"og:url\" content=\"https:\/\/agrupacionespsoe.es\/castello\/el-pspv-registra-una-mocion-para-que-el-ayuntamiento-ponga-todos-los-medios-necesarios-para-acoger-menores-migrantes-no-acompanados\/\" \/>\n<meta property=\"og:site_name\" content=\"PSPV-PSOE CASTELL\u00d3\" \/>\n<meta property=\"article:publisher\" content=\"https:\/\/www.facebook.com\/pspv.castellodelaplana\" \/>\n<meta property=\"article:published_time\" content=\"2024-07-17T11:44:31+00:00\" \/>\n<meta property=\"article:modified_time\" content=\"2024-07-24T10:30:45+00:00\" \/>\n<meta property=\"og:image\" content=\"https:\/\/agrupacionespsoe.es\/castello\/wp-content\/uploads\/sites\/45\/2024\/07\/20240712-Begona-Carrasco-abandona-el-pleno-del-Ayuntamiento-de-Castello-en-mitad-de-la-sesion-sin-dar-explicaciones-y-sin-tener-en-la-agenda-ningun-acto-oficial-scaled.jpg\" \/>\n\t<meta property=\"og:image:width\" content=\"2560\" \/>\n\t<meta property=\"og:image:height\" content=\"1920\" \/>\n\t<meta property=\"og:image:type\" content=\"image\/jpeg\" \/>\n<meta name=\"author\" content=\"castello1\" \/>\n<meta name=\"twitter:card\" content=\"summary_large_image\" \/>\n<meta name=\"twitter:creator\" content=\"@pspv_cs\" \/>\n<meta name=\"twitter:site\" content=\"@pspv_cs\" \/>\n<meta name=\"twitter:label1\" content=\"Escrito por\" \/>\n\t<meta name=\"twitter:data1\" content=\"castello1\" \/>\n\t<meta name=\"twitter:label2\" content=\"Tiempo de lectura\" \/>\n\t<meta name=\"twitter:data2\" content=\"3 minutos\" \/>\n<script type=\"application\/ld+json\" class=\"yoast-schema-graph\">{\"@context\":\"https:\/\/schema.org\",\"@graph\":[{\"@type\":\"Article\",\"@id\":\"https:\/\/agrupacionespsoe.es\/castello\/el-pspv-registra-una-mocion-para-que-el-ayuntamiento-ponga-todos-los-medios-necesarios-para-acoger-menores-migrantes-no-acompanados\/#article\",\"isPartOf\":{\"@id\":\"https:\/\/agrupacionespsoe.es\/castello\/el-pspv-registra-una-mocion-para-que-el-ayuntamiento-ponga-todos-los-medios-necesarios-para-acoger-menores-migrantes-no-acompanados\/\"},\"author\":{\"name\":\"castello1\",\"@id\":\"https:\/\/agrupacionespsoe.es\/castello\/#\/schema\/person\/f3bc5b2f9dc6a399e9e98596ae24a20a\"},\"headline\":\"El PSPV registra una moci\u00f3n para que el ayuntamiento ponga todos los medios necesarios para acoger menores migrantes no acompa\u00f1ados\",\"datePublished\":\"2024-07-17T11:44:31+00:00\",\"dateModified\":\"2024-07-24T10:30:45+00:00\",\"mainEntityOfPage\":{\"@id\":\"https:\/\/agrupacionespsoe.es\/castello\/el-pspv-registra-una-mocion-para-que-el-ayuntamiento-ponga-todos-los-medios-necesarios-para-acoger-menores-migrantes-no-acompanados\/\"},\"wordCount\":607,\"commentCount\":0,\"publisher\":{\"@id\":\"https:\/\/agrupacionespsoe.es\/castello\/#organization\"},\"image\":{\"@id\":\"https:\/\/agrupacionespsoe.es\/castello\/el-pspv-registra-una-mocion-para-que-el-ayuntamiento-ponga-todos-los-medios-necesarios-para-acoger-menores-migrantes-no-acompanados\/#primaryimage\"},\"thumbnailUrl\":\"https:\/\/agrupacionespsoe.es\/castello\/wp-content\/uploads\/sites\/45\/2024\/07\/20240712-Begona-Carrasco-abandona-el-pleno-del-Ayuntamiento-de-Castello-en-mitad-de-la-sesion-sin-dar-explicaciones-y-sin-tener-en-la-agenda-ningun-acto-oficial-scaled.jpg\",\"keywords\":[\"M\u00f3nica Barab\u00e1s\",\"Todos\"],\"articleSection\":[\"Grupo Municipal Socialista\"],\"inLanguage\":\"es\",\"potentialAction\":[{\"@type\":\"CommentAction\",\"name\":\"Comment\",\"target\":[\"https:\/\/agrupacionespsoe.es\/castello\/el-pspv-registra-una-mocion-para-que-el-ayuntamiento-ponga-todos-los-medios-necesarios-para-acoger-menores-migrantes-no-acompanados\/#respond\"]}]},{\"@type\":\"WebPage\",\"@id\":\"https:\/\/agrupacionespsoe.es\/castello\/el-pspv-registra-una-mocion-para-que-el-ayuntamiento-ponga-todos-los-medios-necesarios-para-acoger-menores-migrantes-no-acompanados\/\",\"url\":\"https:\/\/agrupacionespsoe.es\/castello\/el-pspv-registra-una-mocion-para-que-el-ayuntamiento-ponga-todos-los-medios-necesarios-para-acoger-menores-migrantes-no-acompanados\/\",\"name\":\"El PSPV registra una moci\u00f3n para que el ayuntamiento ponga todos los medios necesarios para acoger menores migrantes no acompa\u00f1ados - PSPV-PSOE CASTELL\u00d3\",\"isPartOf\":{\"@id\":\"https:\/\/agrupacionespsoe.es\/castello\/#website\"},\"primaryImageOfPage\":{\"@id\":\"https:\/\/agrupacionespsoe.es\/castello\/el-pspv-registra-una-mocion-para-que-el-ayuntamiento-ponga-todos-los-medios-necesarios-para-acoger-menores-migrantes-no-acompanados\/#primaryimage\"},\"image\":{\"@id\":\"https:\/\/agrupacionespsoe.es\/castello\/el-pspv-registra-una-mocion-para-que-el-ayuntamiento-ponga-todos-los-medios-necesarios-para-acoger-menores-migrantes-no-acompanados\/#primaryimage\"},\"thumbnailUrl\":\"https:\/\/agrupacionespsoe.es\/castello\/wp-content\/uploads\/sites\/45\/2024\/07\/20240712-Begona-Carrasco-abandona-el-pleno-del-Ayuntamiento-de-Castello-en-mitad-de-la-sesion-sin-dar-explicaciones-y-sin-tener-en-la-agenda-ningun-acto-oficial-scaled.jpg\",\"datePublished\":\"2024-07-17T11:44:31+00:00\",\"dateModified\":\"2024-07-24T10:30:45+00:00\",\"breadcrumb\":{\"@id\":\"https:\/\/agrupacionespsoe.es\/castello\/el-pspv-registra-una-mocion-para-que-el-ayuntamiento-ponga-todos-los-medios-necesarios-para-acoger-menores-migrantes-no-acompanados\/#breadcrumb\"},\"inLanguage\":\"es\",\"potentialAction\":[{\"@type\":\"ReadAction\",\"target\":[\"https:\/\/agrupacionespsoe.es\/castello\/el-pspv-registra-una-mocion-para-que-el-ayuntamiento-ponga-todos-los-medios-necesarios-para-acoger-menores-migrantes-no-acompanados\/\"]}]},{\"@type\":\"ImageObject\",\"inLanguage\":\"es\",\"@id\":\"https:\/\/agrupacionespsoe.es\/castello\/el-pspv-registra-una-mocion-para-que-el-ayuntamiento-ponga-todos-los-medios-necesarios-para-acoger-menores-migrantes-no-acompanados\/#primaryimage\",\"url\":\"https:\/\/agrupacionespsoe.es\/castello\/wp-content\/uploads\/sites\/45\/2024\/07\/20240712-Begona-Carrasco-abandona-el-pleno-del-Ayuntamiento-de-Castello-en-mitad-de-la-sesion-sin-dar-explicaciones-y-sin-tener-en-la-agenda-ningun-acto-oficial-scaled.jpg\",\"contentUrl\":\"https:\/\/agrupacionespsoe.es\/castello\/wp-content\/uploads\/sites\/45\/2024\/07\/20240712-Begona-Carrasco-abandona-el-pleno-del-Ayuntamiento-de-Castello-en-mitad-de-la-sesion-sin-dar-explicaciones-y-sin-tener-en-la-agenda-ningun-acto-oficial-scaled.jpg\",\"width\":2560,\"height\":1920},{\"@type\":\"BreadcrumbList\",\"@id\":\"https:\/\/agrupacionespsoe.es\/castello\/el-pspv-registra-una-mocion-para-que-el-ayuntamiento-ponga-todos-los-medios-necesarios-para-acoger-menores-migrantes-no-acompanados\/#breadcrumb\",\"itemListElement\":[{\"@type\":\"ListItem\",\"position\":1,\"name\":\"Portada\",\"item\":\"https:\/\/agrupacionespsoe.es\/castello\/\"},{\"@type\":\"ListItem\",\"position\":2,\"name\":\"El PSPV registra una moci\u00f3n para que el ayuntamiento ponga todos los medios necesarios para acoger menores migrantes no acompa\u00f1ados\"}]},{\"@type\":\"WebSite\",\"@id\":\"https:\/\/agrupacionespsoe.es\/castello\/#website\",\"url\":\"https:\/\/agrupacionespsoe.es\/castello\/\",\"name\":\"PSPV-PSOE CASTELL\u00d3\",\"description\":\"PSPV-PSOE | Agrupaci\u00f3 de Castell\u00f3\",\"publisher\":{\"@id\":\"https:\/\/agrupacionespsoe.es\/castello\/#organization\"},\"potentialAction\":[{\"@type\":\"SearchAction\",\"target\":{\"@type\":\"EntryPoint\",\"urlTemplate\":\"https:\/\/agrupacionespsoe.es\/castello\/?s={search_term_string}\"},\"query-input\":{\"@type\":\"PropertyValueSpecification\",\"valueRequired\":true,\"valueName\":\"search_term_string\"}}],\"inLanguage\":\"es\"},{\"@type\":\"Organization\",\"@id\":\"https:\/\/agrupacionespsoe.es\/castello\/#organization\",\"name\":\"PSPV-PSOE Castell\u00f3\",\"url\":\"https:\/\/agrupacionespsoe.es\/castello\/\",\"logo\":{\"@type\":\"ImageObject\",\"inLanguage\":\"es\",\"@id\":\"https:\/\/agrupacionespsoe.es\/castello\/#\/schema\/logo\/image\/\",\"url\":\"https:\/\/agrupacionespsoe.es\/castello\/wp-content\/uploads\/sites\/45\/2023\/04\/PORTADA-PSOE-CASTELLO.jpg\",\"contentUrl\":\"https:\/\/agrupacionespsoe.es\/castello\/wp-content\/uploads\/sites\/45\/2023\/04\/PORTADA-PSOE-CASTELLO.jpg\",\"width\":2500,\"height\":2500,\"caption\":\"PSPV-PSOE Castell\u00f3\"},\"image\":{\"@id\":\"https:\/\/agrupacionespsoe.es\/castello\/#\/schema\/logo\/image\/\"},\"sameAs\":[\"https:\/\/www.facebook.com\/pspv.castellodelaplana\",\"https:\/\/x.com\/pspv_cs\",\"https:\/\/www.instagram.com\/pspvpsoecastello\/\"]},{\"@type\":\"Person\",\"@id\":\"https:\/\/agrupacionespsoe.es\/castello\/#\/schema\/person\/f3bc5b2f9dc6a399e9e98596ae24a20a\",\"name\":\"castello1\",\"image\":{\"@type\":\"ImageObject\",\"inLanguage\":\"es\",\"@id\":\"https:\/\/agrupacionespsoe.es\/castello\/#\/schema\/person\/image\/\",\"url\":\"https:\/\/secure.gravatar.com\/avatar\/5f1da428d6479d1127419c0b58796865?s=96&d=mm&r=g\",\"contentUrl\":\"https:\/\/secure.gravatar.com\/avatar\/5f1da428d6479d1127419c0b58796865?s=96&d=mm&r=g\",\"caption\":\"castello1\"},\"url\":\"https:\/\/agrupacionespsoe.es\/castello\/author\/castello1\/\"}]}<\/script>\n<!-- \/ Yoast SEO plugin. -->","yoast_head_json":{"title":"El PSPV registra una moci\u00f3n para que el ayuntamiento ponga todos los medios necesarios para acoger menores migrantes no acompa\u00f1ados - PSPV-PSOE CASTELL\u00d3","robots":{"index":"index","follow":"follow","max-snippet":"max-snippet:-1","max-image-preview":"max-image-preview:large","max-video-preview":"max-video-preview:-1"},"canonical":"https:\/\/agrupacionespsoe.es\/castello\/el-pspv-registra-una-mocion-para-que-el-ayuntamiento-ponga-todos-los-medios-necesarios-para-acoger-menores-migrantes-no-acompanados\/","og_locale":"es_ES","og_type":"article","og_title":"El PSPV registra una moci\u00f3n para que el ayuntamiento ponga todos los medios necesarios para acoger menores migrantes no acompa\u00f1ados - PSPV-PSOE CASTELL\u00d3","og_description":"\u25cf El Grupo Municipal Socialista insta a condenar cualquier declaraci\u00f3n pol\u00edtica que fomente e incite discursos de odio y actitudes xen\u00f3fobas y racistas por parte de miembros del gobierno municipal&nbsp;y por representantes pol\u00edticos hacia las personas extranjeras El Grupo Municipal Socialista en el Ayuntamiento de Castell\u00f3 ha presentado una moci\u00f3n, para su debate y aprobaci\u00f3n ...","og_url":"https:\/\/agrupacionespsoe.es\/castello\/el-pspv-registra-una-mocion-para-que-el-ayuntamiento-ponga-todos-los-medios-necesarios-para-acoger-menores-migrantes-no-acompanados\/","og_site_name":"PSPV-PSOE CASTELL\u00d3","article_publisher":"https:\/\/www.facebook.com\/pspv.castellodelaplana","article_published_time":"2024-07-17T11:44:31+00:00","article_modified_time":"2024-07-24T10:30:45+00:00","og_image":[{"width":2560,"height":1920,"url":"https:\/\/agrupacionespsoe.es\/castello\/wp-content\/uploads\/sites\/45\/2024\/07\/20240712-Begona-Carrasco-abandona-el-pleno-del-Ayuntamiento-de-Castello-en-mitad-de-la-sesion-sin-dar-explicaciones-y-sin-tener-en-la-agenda-ningun-acto-oficial-scaled.jpg","type":"image\/jpeg"}],"author":"castello1","twitter_card":"summary_large_image","twitter_creator":"@pspv_cs","twitter_site":"@pspv_cs","twitter_misc":{"Escrito por":"castello1","Tiempo de lectura":"3 minutos"},"schema":{"@context":"https:\/\/schema.org","@graph":[{"@type":"Article","@id":"https:\/\/agrupacionespsoe.es\/castello\/el-pspv-registra-una-mocion-para-que-el-ayuntamiento-ponga-todos-los-medios-necesarios-para-acoger-menores-migrantes-no-acompanados\/#article","isPartOf":{"@id":"https:\/\/agrupacionespsoe.es\/castello\/el-pspv-registra-una-mocion-para-que-el-ayuntamiento-ponga-todos-los-medios-necesarios-para-acoger-menores-migrantes-no-acompanados\/"},"author":{"name":"castello1","@id":"https:\/\/agrupacionespsoe.es\/castello\/#\/schema\/person\/f3bc5b2f9dc6a399e9e98596ae24a20a"},"headline":"El PSPV registra una moci\u00f3n para que el ayuntamiento ponga todos los medios necesarios para acoger menores migrantes no acompa\u00f1ados","datePublished":"2024-07-17T11:44:31+00:00","dateModified":"2024-07-24T10:30:45+00:00","mainEntityOfPage":{"@id":"https:\/\/agrupacionespsoe.es\/castello\/el-pspv-registra-una-mocion-para-que-el-ayuntamiento-ponga-todos-los-medios-necesarios-para-acoger-menores-migrantes-no-acompanados\/"},"wordCount":607,"commentCount":0,"publisher":{"@id":"https:\/\/agrupacionespsoe.es\/castello\/#organization"},"image":{"@id":"https:\/\/agrupacionespsoe.es\/castello\/el-pspv-registra-una-mocion-para-que-el-ayuntamiento-ponga-todos-los-medios-necesarios-para-acoger-menores-migrantes-no-acompanados\/#primaryimage"},"thumbnailUrl":"https:\/\/agrupacionespsoe.es\/castello\/wp-content\/uploads\/sites\/45\/2024\/07\/20240712-Begona-Carrasco-abandona-el-pleno-del-Ayuntamiento-de-Castello-en-mitad-de-la-sesion-sin-dar-explicaciones-y-sin-tener-en-la-agenda-ningun-acto-oficial-scaled.jpg","keywords":["M\u00f3nica Barab\u00e1s","Todos"],"articleSection":["Grupo Municipal Socialista"],"inLanguage":"es","potentialAction":[{"@type":"CommentAction","name":"Comment","target":["https:\/\/agrupacionespsoe.es\/castello\/el-pspv-registra-una-mocion-para-que-el-ayuntamiento-ponga-todos-los-medios-necesarios-para-acoger-menores-migrantes-no-acompanados\/#respond"]}]},{"@type":"WebPage","@id":"https:\/\/agrupacionespsoe.es\/castello\/el-pspv-registra-una-mocion-para-que-el-ayuntamiento-ponga-todos-los-medios-necesarios-para-acoger-menores-migrantes-no-acompanados\/","url":"https:\/\/agrupacionespsoe.es\/castello\/el-pspv-registra-una-mocion-para-que-el-ayuntamiento-ponga-todos-los-medios-necesarios-para-acoger-menores-migrantes-no-acompanados\/","name":"El PSPV registra una moci\u00f3n para que el ayuntamiento ponga todos los medios necesarios para acoger menores migrantes no acompa\u00f1ados - PSPV-PSOE CASTELL\u00d3","isPartOf":{"@id":"https:\/\/agrupacionespsoe.es\/castello\/#website"},"primaryImageOfPage":{"@id":"https:\/\/agrupacionespsoe.es\/castello\/el-pspv-registra-una-mocion-para-que-el-ayuntamiento-ponga-todos-los-medios-necesarios-para-acoger-menores-migrantes-no-acompanados\/#primaryimage"},"image":{"@id":"https:\/\/agrupacionespsoe.es\/castello\/el-pspv-registra-una-mocion-para-que-el-ayuntamiento-ponga-todos-los-medios-necesarios-para-acoger-menores-migrantes-no-acompanados\/#primaryimage"},"thumbnailUrl":"https:\/\/agrupacionespsoe.es\/castello\/wp-content\/uploads\/sites\/45\/2024\/07\/20240712-Begona-Carrasco-abandona-el-pleno-del-Ayuntamiento-de-Castello-en-mitad-de-la-sesion-sin-dar-explicaciones-y-sin-tener-en-la-agenda-ningun-acto-oficial-scaled.jpg","datePublished":"2024-07-17T11:44:31+00:00","dateModified":"2024-07-24T10:30:45+00:00","breadcrumb":{"@id":"https:\/\/agrupacionespsoe.es\/castello\/el-pspv-registra-una-mocion-para-que-el-ayuntamiento-ponga-todos-los-medios-necesarios-para-acoger-menores-migrantes-no-acompanados\/#breadcrumb"},"inLanguage":"es","potentialAction":[{"@type":"ReadAction","target":["https:\/\/agrupacionespsoe.es\/castello\/el-pspv-registra-una-mocion-para-que-el-ayuntamiento-ponga-todos-los-medios-necesarios-para-acoger-menores-migrantes-no-acompanados\/"]}]},{"@type":"ImageObject","inLanguage":"es","@id":"https:\/\/agrupacionespsoe.es\/castello\/el-pspv-registra-una-mocion-para-que-el-ayuntamiento-ponga-todos-los-medios-necesarios-para-acoger-menores-migrantes-no-acompanados\/#primaryimage","url":"https:\/\/agrupacionespsoe.es\/castello\/wp-content\/uploads\/sites\/45\/2024\/07\/20240712-Begona-Carrasco-abandona-el-pleno-del-Ayuntamiento-de-Castello-en-mitad-de-la-sesion-sin-dar-explicaciones-y-sin-tener-en-la-agenda-ningun-acto-oficial-scaled.jpg","contentUrl":"https:\/\/agrupacionespsoe.es\/castello\/wp-content\/uploads\/sites\/45\/2024\/07\/20240712-Begona-Carrasco-abandona-el-pleno-del-Ayuntamiento-de-Castello-en-mitad-de-la-sesion-sin-dar-explicaciones-y-sin-tener-en-la-agenda-ningun-acto-oficial-scaled.jpg","width":2560,"height":1920},{"@type":"BreadcrumbList","@id":"https:\/\/agrupacionespsoe.es\/castello\/el-pspv-registra-una-mocion-para-que-el-ayuntamiento-ponga-todos-los-medios-necesarios-para-acoger-menores-migrantes-no-acompanados\/#breadcrumb","itemListElement":[{"@type":"ListItem","position":1,"name":"Portada","item":"https:\/\/agrupacionespsoe.es\/castello\/"},{"@type":"ListItem","position":2,"name":"El PSPV registra una moci\u00f3n para que el ayuntamiento ponga todos los medios necesarios para acoger menores migrantes no acompa\u00f1ados"}]},{"@type":"WebSite","@id":"https:\/\/agrupacionespsoe.es\/castello\/#website","url":"https:\/\/agrupacionespsoe.es\/castello\/","name":"PSPV-PSOE CASTELL\u00d3","description":"PSPV-PSOE | Agrupaci\u00f3 de Castell\u00f3","publisher":{"@id":"https:\/\/agrupacionespsoe.es\/castello\/#organization"},"potentialAction":[{"@type":"SearchAction","target":{"@type":"EntryPoint","urlTemplate":"https:\/\/agrupacionespsoe.es\/castello\/?s={search_term_string}"},"query-input":{"@type":"PropertyValueSpecification","valueRequired":true,"valueName":"search_term_string"}}],"inLanguage":"es"},{"@type":"Organization","@id":"https:\/\/agrupacionespsoe.es\/castello\/#organization","name":"PSPV-PSOE Castell\u00f3","url":"https:\/\/agrupacionespsoe.es\/castello\/","logo":{"@type":"ImageObject","inLanguage":"es","@id":"https:\/\/agrupacionespsoe.es\/castello\/#\/schema\/logo\/image\/","url":"https:\/\/agrupacionespsoe.es\/castello\/wp-content\/uploads\/sites\/45\/2023\/04\/PORTADA-PSOE-CASTELLO.jpg","contentUrl":"https:\/\/agrupacionespsoe.es\/castello\/wp-content\/uploads\/sites\/45\/2023\/04\/PORTADA-PSOE-CASTELLO.jpg","width":2500,"height":2500,"caption":"PSPV-PSOE Castell\u00f3"},"image":{"@id":"https:\/\/agrupacionespsoe.es\/castello\/#\/schema\/logo\/image\/"},"sameAs":["https:\/\/www.facebook.com\/pspv.castellodelaplana","https:\/\/x.com\/pspv_cs","https:\/\/www.instagram.com\/pspvpsoecastello\/"]},{"@type":"Person","@id":"https:\/\/agrupacionespsoe.es\/castello\/#\/schema\/person\/f3bc5b2f9dc6a399e9e98596ae24a20a","name":"castello1","image":{"@type":"ImageObject","inLanguage":"es","@id":"https:\/\/agrupacionespsoe.es\/castello\/#\/schema\/person\/image\/","url":"https:\/\/secure.gravatar.com\/avatar\/5f1da428d6479d1127419c0b58796865?s=96&d=mm&r=g","contentUrl":"https:\/\/secure.gravatar.com\/avatar\/5f1da428d6479d1127419c0b58796865?s=96&d=mm&r=g","caption":"castello1"},"url":"https:\/\/agrupacionespsoe.es\/castello\/author\/castello1\/"}]}},"jetpack_publicize_connections":[],"jetpack_featured_media_url":"https:\/\/agrupacionespsoe.es\/castello\/wp-content\/uploads\/sites\/45\/2024\/07\/20240712-Begona-Carrasco-abandona-el-pleno-del-Ayuntamiento-de-Castello-en-mitad-de-la-sesion-sin-dar-explicaciones-y-sin-tener-en-la-agenda-ningun-acto-oficial-scaled.jpg","jetpack_sharing_enabled":true,"_links":{"self":[{"href":"https:\/\/agrupacionespsoe.es\/castello\/wp-json\/wp\/v2\/posts\/5688","targetHints":{"allow":["GET"]}}],"collection":[{"href":"https:\/\/agrupacionespsoe.es\/castello\/wp-json\/wp\/v2\/posts"}],"about":[{"href":"https:\/\/agrupacionespsoe.es\/castello\/wp-json\/wp\/v2\/types\/post"}],"author":[{"embeddable":true,"href":"https:\/\/agrupacionespsoe.es\/castello\/wp-json\/wp\/v2\/users\/48"}],"replies":[{"embeddable":true,"href":"https:\/\/agrupacionespsoe.es\/castello\/wp-json\/wp\/v2\/comments?post=5688"}],"version-history":[{"count":4,"href":"https:\/\/agrupacionespsoe.es\/castello\/wp-json\/wp\/v2\/posts\/5688\/revisions"}],"predecessor-version":[{"id":5699,"href":"https:\/\/agrupacionespsoe.es\/castello\/wp-json\/wp\/v2\/posts\/5688\/revisions\/5699"}],"wp:featuredmedia":[{"embeddable":true,"href":"https:\/\/agrupacionespsoe.es\/castello\/wp-json\/wp\/v2\/media\/5637"}],"wp:attachment":[{"href":"https:\/\/agrupacionespsoe.es\/castello\/wp-json\/wp\/v2\/media?parent=5688"}],"wp:term":[{"taxonomy":"category","embeddable":true,"href":"https:\/\/agrupacionespsoe.es\/castello\/wp-json\/wp\/v2\/categories?post=5688"},{"taxonomy":"post_tag","embeddable":true,"href":"https:\/\/agrupacionespsoe.es\/castello\/wp-json\/wp\/v2\/tags?post=5688"}],"curies":[{"name":"wp","href":"https:\/\/api.w.org\/{rel}","templated":true}]}}