{"id":5636,"date":"2024-07-12T13:36:30","date_gmt":"2024-07-12T11:36:30","guid":{"rendered":"https:\/\/agrupacionespsoe.es\/castello\/?p=5636"},"modified":"2026-03-24T09:14:12","modified_gmt":"2026-03-24T08:14:12","slug":"begona-carrasco-abandona-el-pleno-del-ayuntamiento-de-castello-en-mitad-de-la-sesion-sin-dar-explicaciones-y-sin-tener-en-la-agenda-ningun-acto-oficial","status":"publish","type":"post","link":"https:\/\/agrupacionespsoe.es\/castello\/begona-carrasco-abandona-el-pleno-del-ayuntamiento-de-castello-en-mitad-de-la-sesion-sin-dar-explicaciones-y-sin-tener-en-la-agenda-ningun-acto-oficial\/","title":{"rendered":"Bego\u00f1a Carrasco abandona el pleno del Ayuntamiento de Castell\u00f3 en mitad de la sesi\u00f3n sin dar explicaciones y sin tener en la agenda ning\u00fan acto oficial"},"content":{"rendered":"\n<p><em><em>\u25cf<\/em><\/em> <strong><em>El portavoz del PP, Sergio Toledo, da una explicaci\u00f3n poco cre\u00edble en p\u00fablico al justificar esta &#8216;espantada&#8217; por cuestiones de agenda tras preguntar el PSPV por la \u2018desaparici\u00f3n\u2019 de la alcaldesa<\/em><\/strong><\/p>\n\n\n\n<p><em><em>\u25cf<\/em><\/em> <strong><em>La portavoz socialista, Patricia Puerta, afea esta actitud de Carrasco y recuerda que \u201ces la primera vez en la historia de esta ciudad que la alcaldesa abandona el pleno sin dar justificaci\u00f3n alguna a la ciudadan\u00eda; solo espero que no haya salido corriendo para irse de vacaciones\u201d<\/em><\/strong><\/p>\n\n\n\n<figure class=\"wp-block-embed is-type-video is-provider-youtube wp-block-embed-youtube wp-embed-aspect-16-9 wp-has-aspect-ratio\"><div class=\"wp-block-embed__wrapper\">\n<iframe loading=\"lazy\" title=\"Bego\u00f1a Carrasco abandona el pleno del Ayuntamiento de Castell\u00f3 en mitad de la sesi\u00f3n\" width=\"500\" height=\"281\" src=\"https:\/\/www.youtube.com\/embed\/au1LtD2F328?feature=oembed\" frameborder=\"0\" allow=\"accelerometer; autoplay; clipboard-write; encrypted-media; gyroscope; picture-in-picture; web-share\" referrerpolicy=\"strict-origin-when-cross-origin\" allowfullscreen><\/iframe>\n<\/div><figcaption class=\"wp-element-caption\">Intervenciones de M\u00f3nica Barab\u00e1s y Patricia Puerta<\/figcaption><\/figure>\n\n\n\n<div class=\"wp-block-columns is-layout-flex wp-container-core-columns-is-layout-1 wp-block-columns-is-layout-flex\">\n<div class=\"wp-block-column is-layout-flow wp-block-column-is-layout-flow\">\n<div class=\"wp-block-buttons is-content-justification-center is-layout-flex wp-container-core-buttons-is-layout-1 wp-block-buttons-is-layout-flex\">\n<div class=\"wp-block-button\"><a class=\"wp-block-button__link has-white-color has-primary-background-color has-text-color has-background has-link-color wp-element-button\" href=\"https:\/\/agrupacionespsoe.es\/castello\/wp-content\/uploads\/sites\/45\/2024\/07\/Decreto-Sustitucion-Alcaldesa-12-al-14-J.pdf\" target=\"_blank\" rel=\"noreferrer noopener\">Decreto de sustituci\u00f3n<\/a><\/div>\n<\/div>\n<\/div>\n\n\n\n<div class=\"wp-block-column is-layout-flow wp-block-column-is-layout-flow\">\n<div class=\"wp-block-buttons is-content-justification-center is-layout-flex wp-container-core-buttons-is-layout-2 wp-block-buttons-is-layout-flex\">\n<div class=\"wp-block-button\"><a class=\"wp-block-button__link has-white-color has-primary-background-color has-text-color has-background has-link-color wp-element-button\" href=\"https:\/\/agrupacionespsoe.es\/castello\/wp-content\/uploads\/sites\/45\/2024\/07\/CALENDARIO-SESIONES-PLENO-2024.-env-16-01-24.pdf\" target=\"_blank\" rel=\"noreferrer noopener\">Calendario de sesiones<\/a><\/div>\n<\/div>\n<\/div>\n<\/div>\n\n\n\n<p>\u201cEs la primera vez en la historia de esta ciudad que un alcalde o alcaldesa de Castell\u00f3 abandona el pleno sin dar justificaci\u00f3n alguna a la ciudadan\u00eda; solo espero que no haya salido corriendo para irse de vacaciones\u201d. As\u00ed de contundente se expres\u00f3 ayer la portavoz del Grupo Municipal Socialista, <strong>Patricia Puerta<\/strong>, en el apartado de ruegos y preguntas de la sesi\u00f3n plenaria de ayer en el ayuntamiento, tras ver c\u00f3mo <strong>Bego\u00f1a Carrasco<\/strong>, en mitad del pleno, y sin dar explicaciones, abandon\u00f3 la sala para no volver.<\/p>\n\n\n\n<p>Patricia Puerta, adem\u00e1s, ha subrayado la \u201cnula credibilidad\u201d del portavoz del PP y primer teniente de alcalde, Sergio Toledo, encargado de sustituir a la alcaldesa para presidir el pleno, al se\u00f1alar, \u201cclaramente alterado\u201d, que la primera edil hab\u00eda abandonado la sesi\u00f3n porque \u2018<em>le han llamado por motivos de agenda<\/em>\u2019. Es m\u00e1s, \u201cToledo lleg\u00f3 hasta apagar el micr\u00f3fono de nuestra compa\u00f1era, M\u00f3nica Barab\u00e1s, por estar recriminando en ese momento la ausencia de Bego\u00f1a Carrasco\u201d.<\/p>\n\n\n\n<p><strong>Sergio Toledo<\/strong>, adem\u00e1s, \u201cintent\u00f3 manipular la realidad al se\u00f1alar que tampoco estaba en el pleno un concejal de nuestro grupo, <strong>Joaqu\u00edn Giner<\/strong>, edil cuya ausencia desde el inicio estaba plenamente justificada por motivos laborales, como as\u00ed incluso explic\u00f3 la propia alcaldesa cuando comenz\u00f3 el pleno\u201d. Un hecho \u201cque en nada se parece a lo que hizo Carrasco, agacharse durante el debate sobre la moci\u00f3n socialista sobre la vivienda y salir por la puerta de atr\u00e1s sin dar explicaci\u00f3n alguna\u201d.<\/p>\n\n\n\n<p>A esto se a\u00f1ade adem\u00e1s \u201cel papel siempre estelar del concejal campe\u00f3n de las Multas, el se\u00f1or <strong>Cristian Ram\u00edrez<\/strong>, que, quiz\u00e1s porque no sab\u00eda d\u00f3nde aparcar, lleg\u00f3 tarde, con el pleno ya en marcha y bajo la inquisitoria mirada de su compa\u00f1ero <strong>Vicent Sales<\/strong>\u201d, ha ironizado Puerta.<\/p>\n\n\n\n<p>Para la portavoz del Grupo Municipal Socialista, \u201cestamos ante un desprecio absoluto de la instituci\u00f3n por parte del Partido Popular y, en especial, de su alcaldesa, que tendr\u00e1 que explicar en alg\u00fan momento por qu\u00e9 se fue del ayuntamiento\u201d. Una sesi\u00f3n plenaria que est\u00e1 marcada en el calendario oficial del ayuntamiento desde enero de este a\u00f1o y que corresponde al habitual adelanto de los plenos del mes de agosto.<\/p>\n\n\n\n<p>Para Patricia Puerta, \u201ces curioso todo lo que ha rodeado este pleno, porque ya el pasado mes de junio el portavoz del equipo de gobierno, Vicent Sales, hizo todo lo posible para adelantarlo dos d\u00edas sin decirnos la raz\u00f3n, pero ya hemos visto que alg\u00fan motivo parece haber detr\u00e1s cuando la alcaldesa se ha fugado a mitad de la sesi\u00f3n\u201d.<\/p>\n\n\n\n<p>A ello se une el decreto de alcald\u00eda del 3 de julio en el que se dispon\u00eda \u2018<em>la sustituci\u00f3n temporal de la alcaldesa, Bego\u00f1a Carrasco, del 12 al 14 de julio por parte del Primer Teniente de Alcald\u00eda, Sergio Toledo<\/em>\u2019. \u201cComo se podr\u00e1 comprobar, s\u00ed estaba prevista la ausencia de Carrasco, pero a partir de hoy viernes 12 julio, no ayer, con un pleno previsto y marcado en el calendario desde hace medio a\u00f1o\u201d, subraya Patricia Puerta.<\/p>\n","protected":false},"excerpt":{"rendered":"<p>\u25cf El portavoz del PP, Sergio Toledo, da una explicaci\u00f3n poco cre\u00edble en p\u00fablico al justificar esta &#8216;espantada&#8217; por cuestiones de agenda tras preguntar el PSPV por la \u2018desaparici\u00f3n\u2019 de la alcaldesa \u25cf La portavoz socialista, Patricia Puerta, afea esta actitud de Carrasco y recuerda que \u201ces la primera vez en la historia de esta &#8230;<\/p>\n","protected":false},"author":48,"featured_media":5637,"comment_status":"open","ping_status":"open","sticky":false,"template":"","format":"standard","meta":{"_jetpack_memberships_contains_paid_content":false,"footnotes":"","jetpack_publicize_message":"","jetpack_publicize_feature_enabled":true,"jetpack_social_post_already_shared":false,"jetpack_social_options":{"image_generator_settings":{"template":"highway","default_image_id":0,"font":"","enabled":false},"version":2}},"categories":[33],"tags":[107,1155,81,448],"class_list":["post-5636","post","type-post","status-publish","format-standard","has-post-thumbnail","hentry","category-gms","tag-monica-barabas","tag-multas","tag-patricia-puerta","tag-todos-es"],"yoast_head":"<!-- This site is optimized with the Yoast SEO plugin v24.0 - https:\/\/yoast.com\/wordpress\/plugins\/seo\/ -->\n<title>Bego\u00f1a Carrasco abandona el pleno del Ayuntamiento de Castell\u00f3 en mitad de la sesi\u00f3n sin dar explicaciones y sin tener en la agenda ning\u00fan acto oficial - PSPV-PSOE CASTELL\u00d3<\/title>\n<meta name=\"robots\" content=\"index, follow, max-snippet:-1, max-image-preview:large, max-video-preview:-1\" \/>\n<link rel=\"canonical\" href=\"https:\/\/agrupacionespsoe.es\/castello\/begona-carrasco-abandona-el-pleno-del-ayuntamiento-de-castello-en-mitad-de-la-sesion-sin-dar-explicaciones-y-sin-tener-en-la-agenda-ningun-acto-oficial\/\" \/>\n<meta property=\"og:locale\" content=\"es_ES\" \/>\n<meta property=\"og:type\" content=\"article\" \/>\n<meta property=\"og:title\" content=\"Bego\u00f1a Carrasco abandona el pleno del Ayuntamiento de Castell\u00f3 en mitad de la sesi\u00f3n sin dar explicaciones y sin tener en la agenda ning\u00fan acto oficial - PSPV-PSOE CASTELL\u00d3\" \/>\n<meta property=\"og:description\" content=\"\u25cf El portavoz del PP, Sergio Toledo, da una explicaci\u00f3n poco cre\u00edble en p\u00fablico al justificar esta &#8216;espantada&#8217; por cuestiones de agenda tras preguntar el PSPV por la \u2018desaparici\u00f3n\u2019 de la alcaldesa \u25cf La portavoz socialista, Patricia Puerta, afea esta actitud de Carrasco y recuerda que \u201ces la primera vez en la historia de esta ...\" \/>\n<meta property=\"og:url\" content=\"https:\/\/agrupacionespsoe.es\/castello\/begona-carrasco-abandona-el-pleno-del-ayuntamiento-de-castello-en-mitad-de-la-sesion-sin-dar-explicaciones-y-sin-tener-en-la-agenda-ningun-acto-oficial\/\" \/>\n<meta property=\"og:site_name\" content=\"PSPV-PSOE CASTELL\u00d3\" \/>\n<meta property=\"article:publisher\" content=\"https:\/\/www.facebook.com\/pspv.castellodelaplana\" \/>\n<meta property=\"article:published_time\" content=\"2024-07-12T11:36:30+00:00\" \/>\n<meta property=\"article:modified_time\" content=\"2026-03-24T08:14:12+00:00\" \/>\n<meta property=\"og:image\" content=\"https:\/\/agrupacionespsoe.es\/castello\/wp-content\/uploads\/sites\/45\/2024\/07\/20240712-Begona-Carrasco-abandona-el-pleno-del-Ayuntamiento-de-Castello-en-mitad-de-la-sesion-sin-dar-explicaciones-y-sin-tener-en-la-agenda-ningun-acto-oficial-scaled.jpg\" \/>\n\t<meta property=\"og:image:width\" content=\"2560\" \/>\n\t<meta property=\"og:image:height\" content=\"1920\" \/>\n\t<meta property=\"og:image:type\" content=\"image\/jpeg\" \/>\n<meta name=\"author\" content=\"castello1\" \/>\n<meta name=\"twitter:card\" content=\"summary_large_image\" \/>\n<meta name=\"twitter:creator\" content=\"@pspv_cs\" \/>\n<meta name=\"twitter:site\" content=\"@pspv_cs\" \/>\n<meta name=\"twitter:label1\" content=\"Escrito por\" \/>\n\t<meta name=\"twitter:data1\" content=\"castello1\" \/>\n\t<meta name=\"twitter:label2\" content=\"Tiempo de lectura\" \/>\n\t<meta name=\"twitter:data2\" content=\"3 minutos\" \/>\n<script type=\"application\/ld+json\" class=\"yoast-schema-graph\">{\"@context\":\"https:\/\/schema.org\",\"@graph\":[{\"@type\":\"Article\",\"@id\":\"https:\/\/agrupacionespsoe.es\/castello\/begona-carrasco-abandona-el-pleno-del-ayuntamiento-de-castello-en-mitad-de-la-sesion-sin-dar-explicaciones-y-sin-tener-en-la-agenda-ningun-acto-oficial\/#article\",\"isPartOf\":{\"@id\":\"https:\/\/agrupacionespsoe.es\/castello\/begona-carrasco-abandona-el-pleno-del-ayuntamiento-de-castello-en-mitad-de-la-sesion-sin-dar-explicaciones-y-sin-tener-en-la-agenda-ningun-acto-oficial\/\"},\"author\":{\"name\":\"castello1\",\"@id\":\"https:\/\/agrupacionespsoe.es\/castello\/#\/schema\/person\/f3bc5b2f9dc6a399e9e98596ae24a20a\"},\"headline\":\"Bego\u00f1a Carrasco abandona el pleno del Ayuntamiento de Castell\u00f3 en mitad de la sesi\u00f3n sin dar explicaciones y sin tener en la agenda ning\u00fan acto oficial\",\"datePublished\":\"2024-07-12T11:36:30+00:00\",\"dateModified\":\"2026-03-24T08:14:12+00:00\",\"mainEntityOfPage\":{\"@id\":\"https:\/\/agrupacionespsoe.es\/castello\/begona-carrasco-abandona-el-pleno-del-ayuntamiento-de-castello-en-mitad-de-la-sesion-sin-dar-explicaciones-y-sin-tener-en-la-agenda-ningun-acto-oficial\/\"},\"wordCount\":668,\"commentCount\":0,\"publisher\":{\"@id\":\"https:\/\/agrupacionespsoe.es\/castello\/#organization\"},\"image\":{\"@id\":\"https:\/\/agrupacionespsoe.es\/castello\/begona-carrasco-abandona-el-pleno-del-ayuntamiento-de-castello-en-mitad-de-la-sesion-sin-dar-explicaciones-y-sin-tener-en-la-agenda-ningun-acto-oficial\/#primaryimage\"},\"thumbnailUrl\":\"https:\/\/agrupacionespsoe.es\/castello\/wp-content\/uploads\/sites\/45\/2024\/07\/20240712-Begona-Carrasco-abandona-el-pleno-del-Ayuntamiento-de-Castello-en-mitad-de-la-sesion-sin-dar-explicaciones-y-sin-tener-en-la-agenda-ningun-acto-oficial-scaled.jpg\",\"keywords\":[\"M\u00f3nica Barab\u00e1s\",\"Multas\",\"Patricia Puerta\",\"Todos\"],\"articleSection\":[\"Grupo Municipal Socialista\"],\"inLanguage\":\"es\",\"potentialAction\":[{\"@type\":\"CommentAction\",\"name\":\"Comment\",\"target\":[\"https:\/\/agrupacionespsoe.es\/castello\/begona-carrasco-abandona-el-pleno-del-ayuntamiento-de-castello-en-mitad-de-la-sesion-sin-dar-explicaciones-y-sin-tener-en-la-agenda-ningun-acto-oficial\/#respond\"]}]},{\"@type\":\"WebPage\",\"@id\":\"https:\/\/agrupacionespsoe.es\/castello\/begona-carrasco-abandona-el-pleno-del-ayuntamiento-de-castello-en-mitad-de-la-sesion-sin-dar-explicaciones-y-sin-tener-en-la-agenda-ningun-acto-oficial\/\",\"url\":\"https:\/\/agrupacionespsoe.es\/castello\/begona-carrasco-abandona-el-pleno-del-ayuntamiento-de-castello-en-mitad-de-la-sesion-sin-dar-explicaciones-y-sin-tener-en-la-agenda-ningun-acto-oficial\/\",\"name\":\"Bego\u00f1a Carrasco abandona el pleno del Ayuntamiento de Castell\u00f3 en mitad de la sesi\u00f3n sin dar explicaciones y sin tener en la agenda ning\u00fan acto oficial - PSPV-PSOE CASTELL\u00d3\",\"isPartOf\":{\"@id\":\"https:\/\/agrupacionespsoe.es\/castello\/#website\"},\"primaryImageOfPage\":{\"@id\":\"https:\/\/agrupacionespsoe.es\/castello\/begona-carrasco-abandona-el-pleno-del-ayuntamiento-de-castello-en-mitad-de-la-sesion-sin-dar-explicaciones-y-sin-tener-en-la-agenda-ningun-acto-oficial\/#primaryimage\"},\"image\":{\"@id\":\"https:\/\/agrupacionespsoe.es\/castello\/begona-carrasco-abandona-el-pleno-del-ayuntamiento-de-castello-en-mitad-de-la-sesion-sin-dar-explicaciones-y-sin-tener-en-la-agenda-ningun-acto-oficial\/#primaryimage\"},\"thumbnailUrl\":\"https:\/\/agrupacionespsoe.es\/castello\/wp-content\/uploads\/sites\/45\/2024\/07\/20240712-Begona-Carrasco-abandona-el-pleno-del-Ayuntamiento-de-Castello-en-mitad-de-la-sesion-sin-dar-explicaciones-y-sin-tener-en-la-agenda-ningun-acto-oficial-scaled.jpg\",\"datePublished\":\"2024-07-12T11:36:30+00:00\",\"dateModified\":\"2026-03-24T08:14:12+00:00\",\"breadcrumb\":{\"@id\":\"https:\/\/agrupacionespsoe.es\/castello\/begona-carrasco-abandona-el-pleno-del-ayuntamiento-de-castello-en-mitad-de-la-sesion-sin-dar-explicaciones-y-sin-tener-en-la-agenda-ningun-acto-oficial\/#breadcrumb\"},\"inLanguage\":\"es\",\"potentialAction\":[{\"@type\":\"ReadAction\",\"target\":[\"https:\/\/agrupacionespsoe.es\/castello\/begona-carrasco-abandona-el-pleno-del-ayuntamiento-de-castello-en-mitad-de-la-sesion-sin-dar-explicaciones-y-sin-tener-en-la-agenda-ningun-acto-oficial\/\"]}]},{\"@type\":\"ImageObject\",\"inLanguage\":\"es\",\"@id\":\"https:\/\/agrupacionespsoe.es\/castello\/begona-carrasco-abandona-el-pleno-del-ayuntamiento-de-castello-en-mitad-de-la-sesion-sin-dar-explicaciones-y-sin-tener-en-la-agenda-ningun-acto-oficial\/#primaryimage\",\"url\":\"https:\/\/agrupacionespsoe.es\/castello\/wp-content\/uploads\/sites\/45\/2024\/07\/20240712-Begona-Carrasco-abandona-el-pleno-del-Ayuntamiento-de-Castello-en-mitad-de-la-sesion-sin-dar-explicaciones-y-sin-tener-en-la-agenda-ningun-acto-oficial-scaled.jpg\",\"contentUrl\":\"https:\/\/agrupacionespsoe.es\/castello\/wp-content\/uploads\/sites\/45\/2024\/07\/20240712-Begona-Carrasco-abandona-el-pleno-del-Ayuntamiento-de-Castello-en-mitad-de-la-sesion-sin-dar-explicaciones-y-sin-tener-en-la-agenda-ningun-acto-oficial-scaled.jpg\",\"width\":2560,\"height\":1920},{\"@type\":\"BreadcrumbList\",\"@id\":\"https:\/\/agrupacionespsoe.es\/castello\/begona-carrasco-abandona-el-pleno-del-ayuntamiento-de-castello-en-mitad-de-la-sesion-sin-dar-explicaciones-y-sin-tener-en-la-agenda-ningun-acto-oficial\/#breadcrumb\",\"itemListElement\":[{\"@type\":\"ListItem\",\"position\":1,\"name\":\"Portada\",\"item\":\"https:\/\/agrupacionespsoe.es\/castello\/\"},{\"@type\":\"ListItem\",\"position\":2,\"name\":\"Bego\u00f1a Carrasco abandona el pleno del Ayuntamiento de Castell\u00f3 en mitad de la sesi\u00f3n sin dar explicaciones y sin tener en la agenda ning\u00fan acto oficial\"}]},{\"@type\":\"WebSite\",\"@id\":\"https:\/\/agrupacionespsoe.es\/castello\/#website\",\"url\":\"https:\/\/agrupacionespsoe.es\/castello\/\",\"name\":\"PSPV-PSOE CASTELL\u00d3\",\"description\":\"PSPV-PSOE | Agrupaci\u00f3 de Castell\u00f3\",\"publisher\":{\"@id\":\"https:\/\/agrupacionespsoe.es\/castello\/#organization\"},\"potentialAction\":[{\"@type\":\"SearchAction\",\"target\":{\"@type\":\"EntryPoint\",\"urlTemplate\":\"https:\/\/agrupacionespsoe.es\/castello\/?s={search_term_string}\"},\"query-input\":{\"@type\":\"PropertyValueSpecification\",\"valueRequired\":true,\"valueName\":\"search_term_string\"}}],\"inLanguage\":\"es\"},{\"@type\":\"Organization\",\"@id\":\"https:\/\/agrupacionespsoe.es\/castello\/#organization\",\"name\":\"PSPV-PSOE Castell\u00f3\",\"url\":\"https:\/\/agrupacionespsoe.es\/castello\/\",\"logo\":{\"@type\":\"ImageObject\",\"inLanguage\":\"es\",\"@id\":\"https:\/\/agrupacionespsoe.es\/castello\/#\/schema\/logo\/image\/\",\"url\":\"https:\/\/agrupacionespsoe.es\/castello\/wp-content\/uploads\/sites\/45\/2023\/04\/PORTADA-PSOE-CASTELLO.jpg\",\"contentUrl\":\"https:\/\/agrupacionespsoe.es\/castello\/wp-content\/uploads\/sites\/45\/2023\/04\/PORTADA-PSOE-CASTELLO.jpg\",\"width\":2500,\"height\":2500,\"caption\":\"PSPV-PSOE Castell\u00f3\"},\"image\":{\"@id\":\"https:\/\/agrupacionespsoe.es\/castello\/#\/schema\/logo\/image\/\"},\"sameAs\":[\"https:\/\/www.facebook.com\/pspv.castellodelaplana\",\"https:\/\/x.com\/pspv_cs\",\"https:\/\/www.instagram.com\/pspvpsoecastello\/\"]},{\"@type\":\"Person\",\"@id\":\"https:\/\/agrupacionespsoe.es\/castello\/#\/schema\/person\/f3bc5b2f9dc6a399e9e98596ae24a20a\",\"name\":\"castello1\",\"image\":{\"@type\":\"ImageObject\",\"inLanguage\":\"es\",\"@id\":\"https:\/\/agrupacionespsoe.es\/castello\/#\/schema\/person\/image\/\",\"url\":\"https:\/\/secure.gravatar.com\/avatar\/5f1da428d6479d1127419c0b58796865?s=96&d=mm&r=g\",\"contentUrl\":\"https:\/\/secure.gravatar.com\/avatar\/5f1da428d6479d1127419c0b58796865?s=96&d=mm&r=g\",\"caption\":\"castello1\"},\"url\":\"https:\/\/agrupacionespsoe.es\/castello\/author\/castello1\/\"}]}<\/script>\n<!-- \/ Yoast SEO plugin. -->","yoast_head_json":{"title":"Bego\u00f1a Carrasco abandona el pleno del Ayuntamiento de Castell\u00f3 en mitad de la sesi\u00f3n sin dar explicaciones y sin tener en la agenda ning\u00fan acto oficial - PSPV-PSOE CASTELL\u00d3","robots":{"index":"index","follow":"follow","max-snippet":"max-snippet:-1","max-image-preview":"max-image-preview:large","max-video-preview":"max-video-preview:-1"},"canonical":"https:\/\/agrupacionespsoe.es\/castello\/begona-carrasco-abandona-el-pleno-del-ayuntamiento-de-castello-en-mitad-de-la-sesion-sin-dar-explicaciones-y-sin-tener-en-la-agenda-ningun-acto-oficial\/","og_locale":"es_ES","og_type":"article","og_title":"Bego\u00f1a Carrasco abandona el pleno del Ayuntamiento de Castell\u00f3 en mitad de la sesi\u00f3n sin dar explicaciones y sin tener en la agenda ning\u00fan acto oficial - PSPV-PSOE CASTELL\u00d3","og_description":"\u25cf El portavoz del PP, Sergio Toledo, da una explicaci\u00f3n poco cre\u00edble en p\u00fablico al justificar esta &#8216;espantada&#8217; por cuestiones de agenda tras preguntar el PSPV por la \u2018desaparici\u00f3n\u2019 de la alcaldesa \u25cf La portavoz socialista, Patricia Puerta, afea esta actitud de Carrasco y recuerda que \u201ces la primera vez en la historia de esta ...","og_url":"https:\/\/agrupacionespsoe.es\/castello\/begona-carrasco-abandona-el-pleno-del-ayuntamiento-de-castello-en-mitad-de-la-sesion-sin-dar-explicaciones-y-sin-tener-en-la-agenda-ningun-acto-oficial\/","og_site_name":"PSPV-PSOE CASTELL\u00d3","article_publisher":"https:\/\/www.facebook.com\/pspv.castellodelaplana","article_published_time":"2024-07-12T11:36:30+00:00","article_modified_time":"2026-03-24T08:14:12+00:00","og_image":[{"width":2560,"height":1920,"url":"https:\/\/agrupacionespsoe.es\/castello\/wp-content\/uploads\/sites\/45\/2024\/07\/20240712-Begona-Carrasco-abandona-el-pleno-del-Ayuntamiento-de-Castello-en-mitad-de-la-sesion-sin-dar-explicaciones-y-sin-tener-en-la-agenda-ningun-acto-oficial-scaled.jpg","type":"image\/jpeg"}],"author":"castello1","twitter_card":"summary_large_image","twitter_creator":"@pspv_cs","twitter_site":"@pspv_cs","twitter_misc":{"Escrito por":"castello1","Tiempo de lectura":"3 minutos"},"schema":{"@context":"https:\/\/schema.org","@graph":[{"@type":"Article","@id":"https:\/\/agrupacionespsoe.es\/castello\/begona-carrasco-abandona-el-pleno-del-ayuntamiento-de-castello-en-mitad-de-la-sesion-sin-dar-explicaciones-y-sin-tener-en-la-agenda-ningun-acto-oficial\/#article","isPartOf":{"@id":"https:\/\/agrupacionespsoe.es\/castello\/begona-carrasco-abandona-el-pleno-del-ayuntamiento-de-castello-en-mitad-de-la-sesion-sin-dar-explicaciones-y-sin-tener-en-la-agenda-ningun-acto-oficial\/"},"author":{"name":"castello1","@id":"https:\/\/agrupacionespsoe.es\/castello\/#\/schema\/person\/f3bc5b2f9dc6a399e9e98596ae24a20a"},"headline":"Bego\u00f1a Carrasco abandona el pleno del Ayuntamiento de Castell\u00f3 en mitad de la sesi\u00f3n sin dar explicaciones y sin tener en la agenda ning\u00fan acto oficial","datePublished":"2024-07-12T11:36:30+00:00","dateModified":"2026-03-24T08:14:12+00:00","mainEntityOfPage":{"@id":"https:\/\/agrupacionespsoe.es\/castello\/begona-carrasco-abandona-el-pleno-del-ayuntamiento-de-castello-en-mitad-de-la-sesion-sin-dar-explicaciones-y-sin-tener-en-la-agenda-ningun-acto-oficial\/"},"wordCount":668,"commentCount":0,"publisher":{"@id":"https:\/\/agrupacionespsoe.es\/castello\/#organization"},"image":{"@id":"https:\/\/agrupacionespsoe.es\/castello\/begona-carrasco-abandona-el-pleno-del-ayuntamiento-de-castello-en-mitad-de-la-sesion-sin-dar-explicaciones-y-sin-tener-en-la-agenda-ningun-acto-oficial\/#primaryimage"},"thumbnailUrl":"https:\/\/agrupacionespsoe.es\/castello\/wp-content\/uploads\/sites\/45\/2024\/07\/20240712-Begona-Carrasco-abandona-el-pleno-del-Ayuntamiento-de-Castello-en-mitad-de-la-sesion-sin-dar-explicaciones-y-sin-tener-en-la-agenda-ningun-acto-oficial-scaled.jpg","keywords":["M\u00f3nica Barab\u00e1s","Multas","Patricia Puerta","Todos"],"articleSection":["Grupo Municipal Socialista"],"inLanguage":"es","potentialAction":[{"@type":"CommentAction","name":"Comment","target":["https:\/\/agrupacionespsoe.es\/castello\/begona-carrasco-abandona-el-pleno-del-ayuntamiento-de-castello-en-mitad-de-la-sesion-sin-dar-explicaciones-y-sin-tener-en-la-agenda-ningun-acto-oficial\/#respond"]}]},{"@type":"WebPage","@id":"https:\/\/agrupacionespsoe.es\/castello\/begona-carrasco-abandona-el-pleno-del-ayuntamiento-de-castello-en-mitad-de-la-sesion-sin-dar-explicaciones-y-sin-tener-en-la-agenda-ningun-acto-oficial\/","url":"https:\/\/agrupacionespsoe.es\/castello\/begona-carrasco-abandona-el-pleno-del-ayuntamiento-de-castello-en-mitad-de-la-sesion-sin-dar-explicaciones-y-sin-tener-en-la-agenda-ningun-acto-oficial\/","name":"Bego\u00f1a Carrasco abandona el pleno del Ayuntamiento de Castell\u00f3 en mitad de la sesi\u00f3n sin dar explicaciones y sin tener en la agenda ning\u00fan acto oficial - PSPV-PSOE CASTELL\u00d3","isPartOf":{"@id":"https:\/\/agrupacionespsoe.es\/castello\/#website"},"primaryImageOfPage":{"@id":"https:\/\/agrupacionespsoe.es\/castello\/begona-carrasco-abandona-el-pleno-del-ayuntamiento-de-castello-en-mitad-de-la-sesion-sin-dar-explicaciones-y-sin-tener-en-la-agenda-ningun-acto-oficial\/#primaryimage"},"image":{"@id":"https:\/\/agrupacionespsoe.es\/castello\/begona-carrasco-abandona-el-pleno-del-ayuntamiento-de-castello-en-mitad-de-la-sesion-sin-dar-explicaciones-y-sin-tener-en-la-agenda-ningun-acto-oficial\/#primaryimage"},"thumbnailUrl":"https:\/\/agrupacionespsoe.es\/castello\/wp-content\/uploads\/sites\/45\/2024\/07\/20240712-Begona-Carrasco-abandona-el-pleno-del-Ayuntamiento-de-Castello-en-mitad-de-la-sesion-sin-dar-explicaciones-y-sin-tener-en-la-agenda-ningun-acto-oficial-scaled.jpg","datePublished":"2024-07-12T11:36:30+00:00","dateModified":"2026-03-24T08:14:12+00:00","breadcrumb":{"@id":"https:\/\/agrupacionespsoe.es\/castello\/begona-carrasco-abandona-el-pleno-del-ayuntamiento-de-castello-en-mitad-de-la-sesion-sin-dar-explicaciones-y-sin-tener-en-la-agenda-ningun-acto-oficial\/#breadcrumb"},"inLanguage":"es","potentialAction":[{"@type":"ReadAction","target":["https:\/\/agrupacionespsoe.es\/castello\/begona-carrasco-abandona-el-pleno-del-ayuntamiento-de-castello-en-mitad-de-la-sesion-sin-dar-explicaciones-y-sin-tener-en-la-agenda-ningun-acto-oficial\/"]}]},{"@type":"ImageObject","inLanguage":"es","@id":"https:\/\/agrupacionespsoe.es\/castello\/begona-carrasco-abandona-el-pleno-del-ayuntamiento-de-castello-en-mitad-de-la-sesion-sin-dar-explicaciones-y-sin-tener-en-la-agenda-ningun-acto-oficial\/#primaryimage","url":"https:\/\/agrupacionespsoe.es\/castello\/wp-content\/uploads\/sites\/45\/2024\/07\/20240712-Begona-Carrasco-abandona-el-pleno-del-Ayuntamiento-de-Castello-en-mitad-de-la-sesion-sin-dar-explicaciones-y-sin-tener-en-la-agenda-ningun-acto-oficial-scaled.jpg","contentUrl":"https:\/\/agrupacionespsoe.es\/castello\/wp-content\/uploads\/sites\/45\/2024\/07\/20240712-Begona-Carrasco-abandona-el-pleno-del-Ayuntamiento-de-Castello-en-mitad-de-la-sesion-sin-dar-explicaciones-y-sin-tener-en-la-agenda-ningun-acto-oficial-scaled.jpg","width":2560,"height":1920},{"@type":"BreadcrumbList","@id":"https:\/\/agrupacionespsoe.es\/castello\/begona-carrasco-abandona-el-pleno-del-ayuntamiento-de-castello-en-mitad-de-la-sesion-sin-dar-explicaciones-y-sin-tener-en-la-agenda-ningun-acto-oficial\/#breadcrumb","itemListElement":[{"@type":"ListItem","position":1,"name":"Portada","item":"https:\/\/agrupacionespsoe.es\/castello\/"},{"@type":"ListItem","position":2,"name":"Bego\u00f1a Carrasco abandona el pleno del Ayuntamiento de Castell\u00f3 en mitad de la sesi\u00f3n sin dar explicaciones y sin tener en la agenda ning\u00fan acto oficial"}]},{"@type":"WebSite","@id":"https:\/\/agrupacionespsoe.es\/castello\/#website","url":"https:\/\/agrupacionespsoe.es\/castello\/","name":"PSPV-PSOE CASTELL\u00d3","description":"PSPV-PSOE | Agrupaci\u00f3 de Castell\u00f3","publisher":{"@id":"https:\/\/agrupacionespsoe.es\/castello\/#organization"},"potentialAction":[{"@type":"SearchAction","target":{"@type":"EntryPoint","urlTemplate":"https:\/\/agrupacionespsoe.es\/castello\/?s={search_term_string}"},"query-input":{"@type":"PropertyValueSpecification","valueRequired":true,"valueName":"search_term_string"}}],"inLanguage":"es"},{"@type":"Organization","@id":"https:\/\/agrupacionespsoe.es\/castello\/#organization","name":"PSPV-PSOE Castell\u00f3","url":"https:\/\/agrupacionespsoe.es\/castello\/","logo":{"@type":"ImageObject","inLanguage":"es","@id":"https:\/\/agrupacionespsoe.es\/castello\/#\/schema\/logo\/image\/","url":"https:\/\/agrupacionespsoe.es\/castello\/wp-content\/uploads\/sites\/45\/2023\/04\/PORTADA-PSOE-CASTELLO.jpg","contentUrl":"https:\/\/agrupacionespsoe.es\/castello\/wp-content\/uploads\/sites\/45\/2023\/04\/PORTADA-PSOE-CASTELLO.jpg","width":2500,"height":2500,"caption":"PSPV-PSOE Castell\u00f3"},"image":{"@id":"https:\/\/agrupacionespsoe.es\/castello\/#\/schema\/logo\/image\/"},"sameAs":["https:\/\/www.facebook.com\/pspv.castellodelaplana","https:\/\/x.com\/pspv_cs","https:\/\/www.instagram.com\/pspvpsoecastello\/"]},{"@type":"Person","@id":"https:\/\/agrupacionespsoe.es\/castello\/#\/schema\/person\/f3bc5b2f9dc6a399e9e98596ae24a20a","name":"castello1","image":{"@type":"ImageObject","inLanguage":"es","@id":"https:\/\/agrupacionespsoe.es\/castello\/#\/schema\/person\/image\/","url":"https:\/\/secure.gravatar.com\/avatar\/5f1da428d6479d1127419c0b58796865?s=96&d=mm&r=g","contentUrl":"https:\/\/secure.gravatar.com\/avatar\/5f1da428d6479d1127419c0b58796865?s=96&d=mm&r=g","caption":"castello1"},"url":"https:\/\/agrupacionespsoe.es\/castello\/author\/castello1\/"}]}},"jetpack_publicize_connections":[],"jetpack_featured_media_url":"https:\/\/agrupacionespsoe.es\/castello\/wp-content\/uploads\/sites\/45\/2024\/07\/20240712-Begona-Carrasco-abandona-el-pleno-del-Ayuntamiento-de-Castello-en-mitad-de-la-sesion-sin-dar-explicaciones-y-sin-tener-en-la-agenda-ningun-acto-oficial-scaled.jpg","jetpack_sharing_enabled":true,"_links":{"self":[{"href":"https:\/\/agrupacionespsoe.es\/castello\/wp-json\/wp\/v2\/posts\/5636","targetHints":{"allow":["GET"]}}],"collection":[{"href":"https:\/\/agrupacionespsoe.es\/castello\/wp-json\/wp\/v2\/posts"}],"about":[{"href":"https:\/\/agrupacionespsoe.es\/castello\/wp-json\/wp\/v2\/types\/post"}],"author":[{"embeddable":true,"href":"https:\/\/agrupacionespsoe.es\/castello\/wp-json\/wp\/v2\/users\/48"}],"replies":[{"embeddable":true,"href":"https:\/\/agrupacionespsoe.es\/castello\/wp-json\/wp\/v2\/comments?post=5636"}],"version-history":[{"count":11,"href":"https:\/\/agrupacionespsoe.es\/castello\/wp-json\/wp\/v2\/posts\/5636\/revisions"}],"predecessor-version":[{"id":5656,"href":"https:\/\/agrupacionespsoe.es\/castello\/wp-json\/wp\/v2\/posts\/5636\/revisions\/5656"}],"wp:featuredmedia":[{"embeddable":true,"href":"https:\/\/agrupacionespsoe.es\/castello\/wp-json\/wp\/v2\/media\/5637"}],"wp:attachment":[{"href":"https:\/\/agrupacionespsoe.es\/castello\/wp-json\/wp\/v2\/media?parent=5636"}],"wp:term":[{"taxonomy":"category","embeddable":true,"href":"https:\/\/agrupacionespsoe.es\/castello\/wp-json\/wp\/v2\/categories?post=5636"},{"taxonomy":"post_tag","embeddable":true,"href":"https:\/\/agrupacionespsoe.es\/castello\/wp-json\/wp\/v2\/tags?post=5636"}],"curies":[{"name":"wp","href":"https:\/\/api.w.org\/{rel}","templated":true}]}}