{"id":5634,"date":"2024-07-12T12:00:00","date_gmt":"2024-07-12T10:00:00","guid":{"rendered":"https:\/\/agrupacionespsoe.es\/castello\/?p=5634"},"modified":"2024-07-24T12:30:52","modified_gmt":"2024-07-24T10:30:52","slug":"ciega-y-sorda","status":"publish","type":"post","link":"https:\/\/agrupacionespsoe.es\/castello\/ciega-y-sorda\/","title":{"rendered":"Ciega y sorda"},"content":{"rendered":"\n<p>Odio. Les sale por todos los poros del cuerpo cuando se expresan sobre la inmigraci\u00f3n. As\u00ed es Vox, que&nbsp;culpa de todos los males de este pa\u00eds -y del mundo mundial-&nbsp;a&nbsp;los inmigrantes.&nbsp;As\u00ed ha pasado&nbsp;tambi\u00e9n&nbsp;en Castell\u00f3,&nbsp;donde&nbsp;<strong>Antonio Ortol\u00e1<\/strong>, portavoz de Vox y&nbsp;concejal del \u00c1rea de Seguridad&nbsp;por obra y gracia de&nbsp;<strong>Bego\u00f1a Carrasco<\/strong>,&nbsp;suelta sin sonrojarse&nbsp;que el 50% de las infracciones&nbsp;y delitos en nuestro pa\u00eds&nbsp;los cometen los inmigrantes.<\/p>\n\n\n\n<p>Pero la alcaldesa sigue sin reaccionar, permitiendo que&nbsp;estos&nbsp;discursos&nbsp;racistas, que&nbsp;incitan&nbsp;al odio&nbsp;entre&nbsp;la ciudadan\u00eda,&nbsp;se escuchen en cada&nbsp;pleno. Es Carrasco la que baja las orejas cuando el se\u00f1or Ortol\u00e1 no duda en insinuar que la mitad de los inmigrantes que vienen Espa\u00f1a, que solo buscan un futuro para sus familias, sean los culpables de robar, violar o matar.<\/p>\n\n\n\n<p>Basta ya, se\u00f1ora Carrasco. Sit\u00faese en el lado correcto de la historia. No haga o\u00eddos sordos y&nbsp;rompa&nbsp;con Vox. Porque no hay mayor ciego que el que no quiere ver que en nuestra ciudad no caben&nbsp;ni&nbsp;el&nbsp;odio, ni&nbsp;el&nbsp;racismo,&nbsp;ni la&nbsp;xenofobia.<\/p>\n\n\n\n<p>Lleva un a\u00f1o al frente del Gobierno de la Verg\u00fcenza, pero a\u00fan tiene una oportunidad de no quedar marcada. Sea valiente y&nbsp;desm\u00e1rquese de una ultraderecha con la que cada vez est\u00e1 m\u00e1s mimetizada. Si lo hace, aqu\u00ed encontrar\u00e1 al Partido Socialista para recuperar Castell\u00f3 como lo que es: una ciudad libre de odio, enfrentada al racismo y acogedora de inmigrantes.<\/p>\n\n\n\n<p class=\"has-text-align-right\"><em><strong>M\u00f3nica Barab\u00e1s<\/strong><\/em><br><em>Concejala\u00a0del Grupo Municipal Socialista<\/em> <em>en el Ayuntamiento de Castell\u00f3<\/em><\/p>\n","protected":false},"excerpt":{"rendered":"<p>Odio. Les sale por todos los poros del cuerpo cuando se expresan sobre la inmigraci\u00f3n. As\u00ed es Vox, que&nbsp;culpa de todos los males de este pa\u00eds -y del mundo mundial-&nbsp;a&nbsp;los inmigrantes.&nbsp;As\u00ed ha pasado&nbsp;tambi\u00e9n&nbsp;en Castell\u00f3,&nbsp;donde&nbsp;Antonio Ortol\u00e1, portavoz de Vox y&nbsp;concejal del \u00c1rea de Seguridad&nbsp;por obra y gracia de&nbsp;Bego\u00f1a Carrasco,&nbsp;suelta sin sonrojarse&nbsp;que el 50% de las infracciones&nbsp;y &#8230;<\/p>\n","protected":false},"author":48,"featured_media":847,"comment_status":"open","ping_status":"open","sticky":false,"template":"","format":"standard","meta":{"_jetpack_memberships_contains_paid_content":false,"footnotes":"","jetpack_publicize_message":"","jetpack_publicize_feature_enabled":true,"jetpack_social_post_already_shared":false,"jetpack_social_options":{"image_generator_settings":{"template":"highway","default_image_id":0,"font":"","enabled":false},"version":2}},"categories":[33,50],"tags":[107,448],"class_list":["post-5634","post","type-post","status-publish","format-standard","has-post-thumbnail","hentry","category-gms","category-opinion","tag-monica-barabas","tag-todos-es"],"yoast_head":"<!-- This site is optimized with the Yoast SEO plugin v24.0 - https:\/\/yoast.com\/wordpress\/plugins\/seo\/ -->\n<title>Ciega y sorda - PSPV-PSOE CASTELL\u00d3<\/title>\n<meta name=\"robots\" content=\"index, follow, max-snippet:-1, max-image-preview:large, max-video-preview:-1\" \/>\n<link rel=\"canonical\" href=\"https:\/\/agrupacionespsoe.es\/castello\/ciega-y-sorda\/\" \/>\n<meta property=\"og:locale\" content=\"es_ES\" \/>\n<meta property=\"og:type\" content=\"article\" \/>\n<meta property=\"og:title\" content=\"Ciega y sorda - PSPV-PSOE CASTELL\u00d3\" \/>\n<meta property=\"og:description\" content=\"Odio. Les sale por todos los poros del cuerpo cuando se expresan sobre la inmigraci\u00f3n. As\u00ed es Vox, que&nbsp;culpa de todos los males de este pa\u00eds -y del mundo mundial-&nbsp;a&nbsp;los inmigrantes.&nbsp;As\u00ed ha pasado&nbsp;tambi\u00e9n&nbsp;en Castell\u00f3,&nbsp;donde&nbsp;Antonio Ortol\u00e1, portavoz de Vox y&nbsp;concejal del \u00c1rea de Seguridad&nbsp;por obra y gracia de&nbsp;Bego\u00f1a Carrasco,&nbsp;suelta sin sonrojarse&nbsp;que el 50% de las infracciones&nbsp;y ...\" \/>\n<meta property=\"og:url\" content=\"https:\/\/agrupacionespsoe.es\/castello\/ciega-y-sorda\/\" \/>\n<meta property=\"og:site_name\" content=\"PSPV-PSOE CASTELL\u00d3\" \/>\n<meta property=\"article:publisher\" content=\"https:\/\/www.facebook.com\/pspv.castellodelaplana\" \/>\n<meta property=\"article:published_time\" content=\"2024-07-12T10:00:00+00:00\" \/>\n<meta property=\"article:modified_time\" content=\"2024-07-24T10:30:52+00:00\" \/>\n<meta property=\"og:image\" content=\"https:\/\/agrupacionespsoe.es\/castello\/wp-content\/uploads\/sites\/45\/2023\/04\/9.-MONICA-BARABAS-2-1-scaled.jpg\" \/>\n\t<meta property=\"og:image:width\" content=\"2560\" \/>\n\t<meta property=\"og:image:height\" content=\"2560\" \/>\n\t<meta property=\"og:image:type\" content=\"image\/jpeg\" \/>\n<meta name=\"author\" content=\"castello1\" \/>\n<meta name=\"twitter:card\" content=\"summary_large_image\" \/>\n<meta name=\"twitter:creator\" content=\"@pspv_cs\" \/>\n<meta name=\"twitter:site\" content=\"@pspv_cs\" \/>\n<meta name=\"twitter:label1\" content=\"Escrito por\" \/>\n\t<meta name=\"twitter:data1\" content=\"castello1\" \/>\n\t<meta name=\"twitter:label2\" content=\"Tiempo de lectura\" \/>\n\t<meta name=\"twitter:data2\" content=\"2 minutos\" \/>\n<script type=\"application\/ld+json\" class=\"yoast-schema-graph\">{\"@context\":\"https:\/\/schema.org\",\"@graph\":[{\"@type\":\"Article\",\"@id\":\"https:\/\/agrupacionespsoe.es\/castello\/ciega-y-sorda\/#article\",\"isPartOf\":{\"@id\":\"https:\/\/agrupacionespsoe.es\/castello\/ciega-y-sorda\/\"},\"author\":{\"name\":\"castello1\",\"@id\":\"https:\/\/agrupacionespsoe.es\/castello\/#\/schema\/person\/f3bc5b2f9dc6a399e9e98596ae24a20a\"},\"headline\":\"Ciega y sorda\",\"datePublished\":\"2024-07-12T10:00:00+00:00\",\"dateModified\":\"2024-07-24T10:30:52+00:00\",\"mainEntityOfPage\":{\"@id\":\"https:\/\/agrupacionespsoe.es\/castello\/ciega-y-sorda\/\"},\"wordCount\":313,\"commentCount\":0,\"publisher\":{\"@id\":\"https:\/\/agrupacionespsoe.es\/castello\/#organization\"},\"image\":{\"@id\":\"https:\/\/agrupacionespsoe.es\/castello\/ciega-y-sorda\/#primaryimage\"},\"thumbnailUrl\":\"https:\/\/agrupacionespsoe.es\/castello\/wp-content\/uploads\/sites\/45\/2023\/04\/9.-MONICA-BARABAS-2-1-scaled.jpg\",\"keywords\":[\"M\u00f3nica Barab\u00e1s\",\"Todos\"],\"articleSection\":[\"Grupo Municipal Socialista\",\"Opini\u00f3n\"],\"inLanguage\":\"es\",\"potentialAction\":[{\"@type\":\"CommentAction\",\"name\":\"Comment\",\"target\":[\"https:\/\/agrupacionespsoe.es\/castello\/ciega-y-sorda\/#respond\"]}]},{\"@type\":\"WebPage\",\"@id\":\"https:\/\/agrupacionespsoe.es\/castello\/ciega-y-sorda\/\",\"url\":\"https:\/\/agrupacionespsoe.es\/castello\/ciega-y-sorda\/\",\"name\":\"Ciega y sorda - PSPV-PSOE CASTELL\u00d3\",\"isPartOf\":{\"@id\":\"https:\/\/agrupacionespsoe.es\/castello\/#website\"},\"primaryImageOfPage\":{\"@id\":\"https:\/\/agrupacionespsoe.es\/castello\/ciega-y-sorda\/#primaryimage\"},\"image\":{\"@id\":\"https:\/\/agrupacionespsoe.es\/castello\/ciega-y-sorda\/#primaryimage\"},\"thumbnailUrl\":\"https:\/\/agrupacionespsoe.es\/castello\/wp-content\/uploads\/sites\/45\/2023\/04\/9.-MONICA-BARABAS-2-1-scaled.jpg\",\"datePublished\":\"2024-07-12T10:00:00+00:00\",\"dateModified\":\"2024-07-24T10:30:52+00:00\",\"breadcrumb\":{\"@id\":\"https:\/\/agrupacionespsoe.es\/castello\/ciega-y-sorda\/#breadcrumb\"},\"inLanguage\":\"es\",\"potentialAction\":[{\"@type\":\"ReadAction\",\"target\":[\"https:\/\/agrupacionespsoe.es\/castello\/ciega-y-sorda\/\"]}]},{\"@type\":\"ImageObject\",\"inLanguage\":\"es\",\"@id\":\"https:\/\/agrupacionespsoe.es\/castello\/ciega-y-sorda\/#primaryimage\",\"url\":\"https:\/\/agrupacionespsoe.es\/castello\/wp-content\/uploads\/sites\/45\/2023\/04\/9.-MONICA-BARABAS-2-1-scaled.jpg\",\"contentUrl\":\"https:\/\/agrupacionespsoe.es\/castello\/wp-content\/uploads\/sites\/45\/2023\/04\/9.-MONICA-BARABAS-2-1-scaled.jpg\",\"width\":2560,\"height\":2560},{\"@type\":\"BreadcrumbList\",\"@id\":\"https:\/\/agrupacionespsoe.es\/castello\/ciega-y-sorda\/#breadcrumb\",\"itemListElement\":[{\"@type\":\"ListItem\",\"position\":1,\"name\":\"Portada\",\"item\":\"https:\/\/agrupacionespsoe.es\/castello\/\"},{\"@type\":\"ListItem\",\"position\":2,\"name\":\"Ciega y sorda\"}]},{\"@type\":\"WebSite\",\"@id\":\"https:\/\/agrupacionespsoe.es\/castello\/#website\",\"url\":\"https:\/\/agrupacionespsoe.es\/castello\/\",\"name\":\"PSPV-PSOE CASTELL\u00d3\",\"description\":\"PSPV-PSOE | Agrupaci\u00f3 de Castell\u00f3\",\"publisher\":{\"@id\":\"https:\/\/agrupacionespsoe.es\/castello\/#organization\"},\"potentialAction\":[{\"@type\":\"SearchAction\",\"target\":{\"@type\":\"EntryPoint\",\"urlTemplate\":\"https:\/\/agrupacionespsoe.es\/castello\/?s={search_term_string}\"},\"query-input\":{\"@type\":\"PropertyValueSpecification\",\"valueRequired\":true,\"valueName\":\"search_term_string\"}}],\"inLanguage\":\"es\"},{\"@type\":\"Organization\",\"@id\":\"https:\/\/agrupacionespsoe.es\/castello\/#organization\",\"name\":\"PSPV-PSOE Castell\u00f3\",\"url\":\"https:\/\/agrupacionespsoe.es\/castello\/\",\"logo\":{\"@type\":\"ImageObject\",\"inLanguage\":\"es\",\"@id\":\"https:\/\/agrupacionespsoe.es\/castello\/#\/schema\/logo\/image\/\",\"url\":\"https:\/\/agrupacionespsoe.es\/castello\/wp-content\/uploads\/sites\/45\/2023\/04\/PORTADA-PSOE-CASTELLO.jpg\",\"contentUrl\":\"https:\/\/agrupacionespsoe.es\/castello\/wp-content\/uploads\/sites\/45\/2023\/04\/PORTADA-PSOE-CASTELLO.jpg\",\"width\":2500,\"height\":2500,\"caption\":\"PSPV-PSOE Castell\u00f3\"},\"image\":{\"@id\":\"https:\/\/agrupacionespsoe.es\/castello\/#\/schema\/logo\/image\/\"},\"sameAs\":[\"https:\/\/www.facebook.com\/pspv.castellodelaplana\",\"https:\/\/x.com\/pspv_cs\",\"https:\/\/www.instagram.com\/pspvpsoecastello\/\"]},{\"@type\":\"Person\",\"@id\":\"https:\/\/agrupacionespsoe.es\/castello\/#\/schema\/person\/f3bc5b2f9dc6a399e9e98596ae24a20a\",\"name\":\"castello1\",\"image\":{\"@type\":\"ImageObject\",\"inLanguage\":\"es\",\"@id\":\"https:\/\/agrupacionespsoe.es\/castello\/#\/schema\/person\/image\/\",\"url\":\"https:\/\/secure.gravatar.com\/avatar\/5f1da428d6479d1127419c0b58796865?s=96&d=mm&r=g\",\"contentUrl\":\"https:\/\/secure.gravatar.com\/avatar\/5f1da428d6479d1127419c0b58796865?s=96&d=mm&r=g\",\"caption\":\"castello1\"},\"url\":\"https:\/\/agrupacionespsoe.es\/castello\/author\/castello1\/\"}]}<\/script>\n<!-- \/ Yoast SEO plugin. -->","yoast_head_json":{"title":"Ciega y sorda - PSPV-PSOE CASTELL\u00d3","robots":{"index":"index","follow":"follow","max-snippet":"max-snippet:-1","max-image-preview":"max-image-preview:large","max-video-preview":"max-video-preview:-1"},"canonical":"https:\/\/agrupacionespsoe.es\/castello\/ciega-y-sorda\/","og_locale":"es_ES","og_type":"article","og_title":"Ciega y sorda - PSPV-PSOE CASTELL\u00d3","og_description":"Odio. Les sale por todos los poros del cuerpo cuando se expresan sobre la inmigraci\u00f3n. As\u00ed es Vox, que&nbsp;culpa de todos los males de este pa\u00eds -y del mundo mundial-&nbsp;a&nbsp;los inmigrantes.&nbsp;As\u00ed ha pasado&nbsp;tambi\u00e9n&nbsp;en Castell\u00f3,&nbsp;donde&nbsp;Antonio Ortol\u00e1, portavoz de Vox y&nbsp;concejal del \u00c1rea de Seguridad&nbsp;por obra y gracia de&nbsp;Bego\u00f1a Carrasco,&nbsp;suelta sin sonrojarse&nbsp;que el 50% de las infracciones&nbsp;y ...","og_url":"https:\/\/agrupacionespsoe.es\/castello\/ciega-y-sorda\/","og_site_name":"PSPV-PSOE CASTELL\u00d3","article_publisher":"https:\/\/www.facebook.com\/pspv.castellodelaplana","article_published_time":"2024-07-12T10:00:00+00:00","article_modified_time":"2024-07-24T10:30:52+00:00","og_image":[{"width":2560,"height":2560,"url":"https:\/\/agrupacionespsoe.es\/castello\/wp-content\/uploads\/sites\/45\/2023\/04\/9.-MONICA-BARABAS-2-1-scaled.jpg","type":"image\/jpeg"}],"author":"castello1","twitter_card":"summary_large_image","twitter_creator":"@pspv_cs","twitter_site":"@pspv_cs","twitter_misc":{"Escrito por":"castello1","Tiempo de lectura":"2 minutos"},"schema":{"@context":"https:\/\/schema.org","@graph":[{"@type":"Article","@id":"https:\/\/agrupacionespsoe.es\/castello\/ciega-y-sorda\/#article","isPartOf":{"@id":"https:\/\/agrupacionespsoe.es\/castello\/ciega-y-sorda\/"},"author":{"name":"castello1","@id":"https:\/\/agrupacionespsoe.es\/castello\/#\/schema\/person\/f3bc5b2f9dc6a399e9e98596ae24a20a"},"headline":"Ciega y sorda","datePublished":"2024-07-12T10:00:00+00:00","dateModified":"2024-07-24T10:30:52+00:00","mainEntityOfPage":{"@id":"https:\/\/agrupacionespsoe.es\/castello\/ciega-y-sorda\/"},"wordCount":313,"commentCount":0,"publisher":{"@id":"https:\/\/agrupacionespsoe.es\/castello\/#organization"},"image":{"@id":"https:\/\/agrupacionespsoe.es\/castello\/ciega-y-sorda\/#primaryimage"},"thumbnailUrl":"https:\/\/agrupacionespsoe.es\/castello\/wp-content\/uploads\/sites\/45\/2023\/04\/9.-MONICA-BARABAS-2-1-scaled.jpg","keywords":["M\u00f3nica Barab\u00e1s","Todos"],"articleSection":["Grupo Municipal Socialista","Opini\u00f3n"],"inLanguage":"es","potentialAction":[{"@type":"CommentAction","name":"Comment","target":["https:\/\/agrupacionespsoe.es\/castello\/ciega-y-sorda\/#respond"]}]},{"@type":"WebPage","@id":"https:\/\/agrupacionespsoe.es\/castello\/ciega-y-sorda\/","url":"https:\/\/agrupacionespsoe.es\/castello\/ciega-y-sorda\/","name":"Ciega y sorda - PSPV-PSOE CASTELL\u00d3","isPartOf":{"@id":"https:\/\/agrupacionespsoe.es\/castello\/#website"},"primaryImageOfPage":{"@id":"https:\/\/agrupacionespsoe.es\/castello\/ciega-y-sorda\/#primaryimage"},"image":{"@id":"https:\/\/agrupacionespsoe.es\/castello\/ciega-y-sorda\/#primaryimage"},"thumbnailUrl":"https:\/\/agrupacionespsoe.es\/castello\/wp-content\/uploads\/sites\/45\/2023\/04\/9.-MONICA-BARABAS-2-1-scaled.jpg","datePublished":"2024-07-12T10:00:00+00:00","dateModified":"2024-07-24T10:30:52+00:00","breadcrumb":{"@id":"https:\/\/agrupacionespsoe.es\/castello\/ciega-y-sorda\/#breadcrumb"},"inLanguage":"es","potentialAction":[{"@type":"ReadAction","target":["https:\/\/agrupacionespsoe.es\/castello\/ciega-y-sorda\/"]}]},{"@type":"ImageObject","inLanguage":"es","@id":"https:\/\/agrupacionespsoe.es\/castello\/ciega-y-sorda\/#primaryimage","url":"https:\/\/agrupacionespsoe.es\/castello\/wp-content\/uploads\/sites\/45\/2023\/04\/9.-MONICA-BARABAS-2-1-scaled.jpg","contentUrl":"https:\/\/agrupacionespsoe.es\/castello\/wp-content\/uploads\/sites\/45\/2023\/04\/9.-MONICA-BARABAS-2-1-scaled.jpg","width":2560,"height":2560},{"@type":"BreadcrumbList","@id":"https:\/\/agrupacionespsoe.es\/castello\/ciega-y-sorda\/#breadcrumb","itemListElement":[{"@type":"ListItem","position":1,"name":"Portada","item":"https:\/\/agrupacionespsoe.es\/castello\/"},{"@type":"ListItem","position":2,"name":"Ciega y sorda"}]},{"@type":"WebSite","@id":"https:\/\/agrupacionespsoe.es\/castello\/#website","url":"https:\/\/agrupacionespsoe.es\/castello\/","name":"PSPV-PSOE CASTELL\u00d3","description":"PSPV-PSOE | Agrupaci\u00f3 de Castell\u00f3","publisher":{"@id":"https:\/\/agrupacionespsoe.es\/castello\/#organization"},"potentialAction":[{"@type":"SearchAction","target":{"@type":"EntryPoint","urlTemplate":"https:\/\/agrupacionespsoe.es\/castello\/?s={search_term_string}"},"query-input":{"@type":"PropertyValueSpecification","valueRequired":true,"valueName":"search_term_string"}}],"inLanguage":"es"},{"@type":"Organization","@id":"https:\/\/agrupacionespsoe.es\/castello\/#organization","name":"PSPV-PSOE Castell\u00f3","url":"https:\/\/agrupacionespsoe.es\/castello\/","logo":{"@type":"ImageObject","inLanguage":"es","@id":"https:\/\/agrupacionespsoe.es\/castello\/#\/schema\/logo\/image\/","url":"https:\/\/agrupacionespsoe.es\/castello\/wp-content\/uploads\/sites\/45\/2023\/04\/PORTADA-PSOE-CASTELLO.jpg","contentUrl":"https:\/\/agrupacionespsoe.es\/castello\/wp-content\/uploads\/sites\/45\/2023\/04\/PORTADA-PSOE-CASTELLO.jpg","width":2500,"height":2500,"caption":"PSPV-PSOE Castell\u00f3"},"image":{"@id":"https:\/\/agrupacionespsoe.es\/castello\/#\/schema\/logo\/image\/"},"sameAs":["https:\/\/www.facebook.com\/pspv.castellodelaplana","https:\/\/x.com\/pspv_cs","https:\/\/www.instagram.com\/pspvpsoecastello\/"]},{"@type":"Person","@id":"https:\/\/agrupacionespsoe.es\/castello\/#\/schema\/person\/f3bc5b2f9dc6a399e9e98596ae24a20a","name":"castello1","image":{"@type":"ImageObject","inLanguage":"es","@id":"https:\/\/agrupacionespsoe.es\/castello\/#\/schema\/person\/image\/","url":"https:\/\/secure.gravatar.com\/avatar\/5f1da428d6479d1127419c0b58796865?s=96&d=mm&r=g","contentUrl":"https:\/\/secure.gravatar.com\/avatar\/5f1da428d6479d1127419c0b58796865?s=96&d=mm&r=g","caption":"castello1"},"url":"https:\/\/agrupacionespsoe.es\/castello\/author\/castello1\/"}]}},"jetpack_publicize_connections":[],"jetpack_featured_media_url":"https:\/\/agrupacionespsoe.es\/castello\/wp-content\/uploads\/sites\/45\/2023\/04\/9.-MONICA-BARABAS-2-1-scaled.jpg","jetpack_sharing_enabled":true,"_links":{"self":[{"href":"https:\/\/agrupacionespsoe.es\/castello\/wp-json\/wp\/v2\/posts\/5634","targetHints":{"allow":["GET"]}}],"collection":[{"href":"https:\/\/agrupacionespsoe.es\/castello\/wp-json\/wp\/v2\/posts"}],"about":[{"href":"https:\/\/agrupacionespsoe.es\/castello\/wp-json\/wp\/v2\/types\/post"}],"author":[{"embeddable":true,"href":"https:\/\/agrupacionespsoe.es\/castello\/wp-json\/wp\/v2\/users\/48"}],"replies":[{"embeddable":true,"href":"https:\/\/agrupacionespsoe.es\/castello\/wp-json\/wp\/v2\/comments?post=5634"}],"version-history":[{"count":1,"href":"https:\/\/agrupacionespsoe.es\/castello\/wp-json\/wp\/v2\/posts\/5634\/revisions"}],"predecessor-version":[{"id":5635,"href":"https:\/\/agrupacionespsoe.es\/castello\/wp-json\/wp\/v2\/posts\/5634\/revisions\/5635"}],"wp:featuredmedia":[{"embeddable":true,"href":"https:\/\/agrupacionespsoe.es\/castello\/wp-json\/wp\/v2\/media\/847"}],"wp:attachment":[{"href":"https:\/\/agrupacionespsoe.es\/castello\/wp-json\/wp\/v2\/media?parent=5634"}],"wp:term":[{"taxonomy":"category","embeddable":true,"href":"https:\/\/agrupacionespsoe.es\/castello\/wp-json\/wp\/v2\/categories?post=5634"},{"taxonomy":"post_tag","embeddable":true,"href":"https:\/\/agrupacionespsoe.es\/castello\/wp-json\/wp\/v2\/tags?post=5634"}],"curies":[{"name":"wp","href":"https:\/\/api.w.org\/{rel}","templated":true}]}}