{"id":5615,"date":"2024-07-11T16:35:53","date_gmt":"2024-07-11T14:35:53","guid":{"rendered":"https:\/\/agrupacionespsoe.es\/castello\/?p=5615"},"modified":"2024-07-11T16:36:55","modified_gmt":"2024-07-11T14:36:55","slug":"el-pspv-de-castello-acusa-a-carrasco-de-ser-complice-del-discurso-racista-y-de-odio-de-vox-pide-que-rompa-el-pacto-y-ofrece-su-apoyo-para-los-presupuestos-de-2025","status":"publish","type":"post","link":"https:\/\/agrupacionespsoe.es\/castello\/el-pspv-de-castello-acusa-a-carrasco-de-ser-complice-del-discurso-racista-y-de-odio-de-vox-pide-que-rompa-el-pacto-y-ofrece-su-apoyo-para-los-presupuestos-de-2025\/","title":{"rendered":"El PSPV de Castell\u00f3 acusa a Carrasco de ser c\u00f3mplice del discurso racista y de odio de Vox, pide que rompa el pacto y ofrece su apoyo para los presupuestos de 2025"},"content":{"rendered":"\n<p><em><em>\u25cf<\/em><\/em> <em><strong>El Grupo Municipal Socialista exige al Partido Popular, y en especial a la alcaldesa, Bego\u00f1a Carrasco, \u201cque pongan freno a los discursos de odio\u201d de sus socios de gobierno en el ayuntamiento y \u201csaquen del gobierno municipal a la ultraderecha\u201d, porque si no \u201cestar\u00e1n avalando su desprecio a la inmigraci\u00f3n y su continua vinculaci\u00f3n con la delincuencia que hoy hemos vuelto a escuchar en boca del portavoz de Vox, Antonio Ortol\u00e1\u201d<\/strong><\/em><\/p>\n\n\n\n<figure class=\"wp-block-audio\"><audio controls src=\"https:\/\/agrupacionespsoe.es\/castello\/wp-content\/uploads\/sites\/45\/2024\/07\/20240711-El-PSPV-de-Castello-acusa-a-Carrasco-de-ser-complice-del-discurso-racista-y-de-odio-de-Vox-pide-que-rompa-el-pactoPuerta.mp3\" autoplay><\/audio><figcaption class=\"wp-element-caption\">Intervenci\u00f3n Patricia Puerta<\/figcaption><\/figure>\n\n\n\n<p>El Grupo Municipal Socialista de Castell\u00f3 ha calificado de \u201clamentable\u201d el \u201cnuevo espect\u00e1culo racista\u201d de Vox en el pleno municipal sin que el Partido Popular, con una alcaldesa, Bego\u00f1a Carrasco, ausente, sea capaz de \u201cponer freno a los discursos de odio de sus socios de gobierno, con los que son absolutamente c\u00f3mplices si no rompen el pacto de manera inmediata\u201d.<\/p>\n\n\n\n<p><strong>Patricia Puerta<\/strong>, portavoz del Grupo Municipal Socialista, se ha mostrado clara en el apartado de ruegos y preguntas, en el que ha acusado directamente a Carrasco de \u201cser la responsable de mantener en su cargo a personas con actitudes racistas tan execrables como la del concejal de Seguridad Ciudadana y portavoz de Vox, <strong>Antonio Ortol\u00e1<\/strong>\u201d. En este sentido, ha se\u00f1alado que, \u201cpor el bien de la ciudadan\u00eda, la alcaldesa tiene que acabar con el odio que emana desde la bancada de Vox, desde los socios del PP\u201d, para lo que le ha exigido que \u201crompa\u201d con los cuatro ediles de la ultraderecha, \u201ccon los que cada vez est\u00e1n m\u00e1s mimetizados\u201d.<\/p>\n\n\n\n<p>Tras el pleno, la portavoz del PSPV ha se\u00f1alado que \u201csi <strong>Bego\u00f1a Carrasco<\/strong> tiene la valent\u00eda, y sobre todo la responsabilidad con la ciudadan\u00eda, de romper con la ultraderecha, desde el Partido Socialista le tendemos la mano para sentarnos a negociar unos presupuestos de 2025 justos, solidarios, sostenibles y de futuro para una ciudad, Castell\u00f3, que no puede estar sometida al odio que emana de un gobierno municipal que representa a todos los vecinos y vecinas\u201d.<\/p>\n\n\n\n<p>La cuesti\u00f3n de la inmigraci\u00f3n, y la vinculaci\u00f3n continua que hace Vox con la delincuencia, ha estado presente en la sesi\u00f3n plenaria, donde Ortol\u00e1 \u201cuna vez m\u00e1s ha dado un discurso digno de guardar en el museo de los horrores, con racismo y odio hacia los inmigrantes inaceptable\u201d, ha se\u00f1alado al finalizar la sesi\u00f3n plenaria.<\/p>\n\n\n\n<p>En el transcurso del pleno, la concejala socialista<strong> M\u00f3nica Barab\u00e1s<\/strong> ha trasladado a los presentes las recientes palabras del jugador de f\u00fatbol Nico Williams, quien recordaba el sufrimiento de su familia caminando por el desierto para llegar a Espa\u00f1a y \u201cbuscar un futuro mejor, no para robar\u201d. Un Nico Williams que dijo que \u201cnadie sale siendo racista, porque es una cuesti\u00f3n de educaci\u00f3n\u201d.<\/p>\n\n\n\n<figure class=\"wp-block-image size-large\"><img loading=\"lazy\" decoding=\"async\" width=\"1024\" height=\"683\" data-attachment-id=\"5617\" data-permalink=\"https:\/\/agrupacionespsoe.es\/castello\/el-pspv-de-castello-acusa-a-carrasco-de-ser-complice-del-discurso-racista-y-de-odio-de-vox-pide-que-rompa-el-pacto-y-ofrece-su-apoyo-para-los-presupuestos-de-2025\/20240711-el-pspv-de-castello-acusa-a-carrasco-de-ser-complice-del-discurso-racista-y-de-odio-de-vox-pide-que-rompa-el-pactobarabas\/\" data-orig-file=\"https:\/\/agrupacionespsoe.es\/castello\/wp-content\/uploads\/sites\/45\/2024\/07\/20240711-El-PSPV-de-Castello-acusa-a-Carrasco-de-ser-complice-del-discurso-racista-y-de-odio-de-Vox-pide-que-rompa-el-pactoBarabas-scaled.jpeg\" data-orig-size=\"2560,1707\" data-comments-opened=\"1\" data-image-meta=\"{&quot;aperture&quot;:&quot;0&quot;,&quot;credit&quot;:&quot;&quot;,&quot;camera&quot;:&quot;&quot;,&quot;caption&quot;:&quot;&quot;,&quot;created_timestamp&quot;:&quot;0&quot;,&quot;copyright&quot;:&quot;&quot;,&quot;focal_length&quot;:&quot;0&quot;,&quot;iso&quot;:&quot;0&quot;,&quot;shutter_speed&quot;:&quot;0&quot;,&quot;title&quot;:&quot;&quot;,&quot;orientation&quot;:&quot;0&quot;}\" data-image-title=\"20240711 &#8211; El PSPV de Castell\u00f3 acusa a Carrasco de ser c\u00f3mplice del discurso racista y de odio de Vox, pide que rompa el pacto(Barab\u00e1s)\" data-image-description=\"&lt;p&gt;M\u00f3nica Barab\u00e1s&lt;\/p&gt;\n\" data-image-caption=\"\" data-medium-file=\"https:\/\/agrupacionespsoe.es\/castello\/wp-content\/uploads\/sites\/45\/2024\/07\/20240711-El-PSPV-de-Castello-acusa-a-Carrasco-de-ser-complice-del-discurso-racista-y-de-odio-de-Vox-pide-que-rompa-el-pactoBarabas-300x200.jpeg\" data-large-file=\"https:\/\/agrupacionespsoe.es\/castello\/wp-content\/uploads\/sites\/45\/2024\/07\/20240711-El-PSPV-de-Castello-acusa-a-Carrasco-de-ser-complice-del-discurso-racista-y-de-odio-de-Vox-pide-que-rompa-el-pactoBarabas-1024x683.jpeg\" src=\"https:\/\/agrupacionespsoe.es\/castello\/wp-content\/uploads\/sites\/45\/2024\/07\/20240711-El-PSPV-de-Castello-acusa-a-Carrasco-de-ser-complice-del-discurso-racista-y-de-odio-de-Vox-pide-que-rompa-el-pactoBarabas-1024x683.jpeg\" alt=\"\" class=\"wp-image-5617\" srcset=\"https:\/\/agrupacionespsoe.es\/castello\/wp-content\/uploads\/sites\/45\/2024\/07\/20240711-El-PSPV-de-Castello-acusa-a-Carrasco-de-ser-complice-del-discurso-racista-y-de-odio-de-Vox-pide-que-rompa-el-pactoBarabas-1024x683.jpeg 1024w, https:\/\/agrupacionespsoe.es\/castello\/wp-content\/uploads\/sites\/45\/2024\/07\/20240711-El-PSPV-de-Castello-acusa-a-Carrasco-de-ser-complice-del-discurso-racista-y-de-odio-de-Vox-pide-que-rompa-el-pactoBarabas-300x200.jpeg 300w, https:\/\/agrupacionespsoe.es\/castello\/wp-content\/uploads\/sites\/45\/2024\/07\/20240711-El-PSPV-de-Castello-acusa-a-Carrasco-de-ser-complice-del-discurso-racista-y-de-odio-de-Vox-pide-que-rompa-el-pactoBarabas-768x512.jpeg 768w, https:\/\/agrupacionespsoe.es\/castello\/wp-content\/uploads\/sites\/45\/2024\/07\/20240711-El-PSPV-de-Castello-acusa-a-Carrasco-de-ser-complice-del-discurso-racista-y-de-odio-de-Vox-pide-que-rompa-el-pactoBarabas-1536x1024.jpeg 1536w, https:\/\/agrupacionespsoe.es\/castello\/wp-content\/uploads\/sites\/45\/2024\/07\/20240711-El-PSPV-de-Castello-acusa-a-Carrasco-de-ser-complice-del-discurso-racista-y-de-odio-de-Vox-pide-que-rompa-el-pactoBarabas-2048x1366.jpeg 2048w\" sizes=\"auto, (max-width: 1024px) 100vw, 1024px\" \/><\/figure>\n\n\n\n<p>Para M\u00f3nica Barab\u00e1s, \u201ca m\u00e1s de uno y una presente en la sala le deben salir sarpullidos cuando ven en la selecci\u00f3n espa\u00f1ola de f\u00fatbol a Nico Williams, vasco, negro y espa\u00f1ol, y a Lamine Yamal, catal\u00e1n, negro y espa\u00f1ol, una conjunci\u00f3n de factores que seguro altera a la bancada de la derecha y la ultraderecha\u201d.<\/p>\n\n\n\n<p>En este punto, la concejal socialista ha recordado las continuas reflexiones de Antonio Ortol\u00e1, \u201cpara el que parece ser que la mitad de los inmigrantes, o m\u00e1s, que llegan de sus pa\u00edses a Espa\u00f1a son delincuentes, agresores sexuales, ladrones o terroristas\u201d. Barab\u00e1s ha a\u00f1adido que \u201cpor supuesto puede haber delincuencia generada por inmigrantes, igual que hay delitos en su entorno, en el de familias de alta cuna, de rancio abolengo y de espa\u00f1olismo excelso\u201d, ha ironizado la edil socialista.<\/p>\n\n\n\n<figure class=\"wp-block-audio\"><audio controls src=\"https:\/\/agrupacionespsoe.es\/castello\/wp-content\/uploads\/sites\/45\/2024\/07\/20240711-El-PSPV-de-Castello-acusa-a-Carrasco-de-ser-complice-del-discurso-racista-y-de-odio-de-Vox-pide-que-rompa-el-pactoBarabas.mp3\"><\/audio><figcaption class=\"wp-element-caption\">Intervenci\u00f3n M\u00f3nica Barab\u00e1s<\/figcaption><\/figure>\n\n\n\n<p>Como ha se\u00f1alado en su intervenci\u00f3n M\u00f3nica Barab\u00e1s, \u201ctan inmigrantes han sido los padres de Williams y Yamal como los que siguen luchando en la calle, en los campos, en los pueblos, en las ciudades, por un futuro mejor, ese futuro que tantos espa\u00f1oles y espa\u00f1olas buscaron en Europa\u201d.<\/p>\n\n\n\n<p>Por tal motivo, la concejala socialista ha trasladado un ruego al Partido Popular, con especial mirada hacia la alcaldesa, que ha decidido abandonar este pleno sin dar explicaci\u00f3n alguna, \u201cuna alcaldesa que es la m\u00e1xima responsable de mantener en su cargo a personas con discursos racistas como los del concejal de Seguridad Ciudadana, el se\u00f1or Antonio Ortol\u00e1\u201d. Y el ruego es \u201cponerle freno de una vez al odio que emana de algunos concejales y concejalas del equipo de gobierno PPVox, comprometi\u00e9ndose adem\u00e1s a hacer de Castell\u00f3 una ciudad libre de odio, acogedora de inmigrantes\u201d.<\/p>\n","protected":false},"excerpt":{"rendered":"<p>\u25cf El Grupo Municipal Socialista exige al Partido Popular, y en especial a la alcaldesa, Bego\u00f1a Carrasco, \u201cque pongan freno a los discursos de odio\u201d de sus socios de gobierno en el ayuntamiento y \u201csaquen del gobierno municipal a la ultraderecha\u201d, porque si no \u201cestar\u00e1n avalando su desprecio a la inmigraci\u00f3n y su continua vinculaci\u00f3n &#8230;<\/p>\n","protected":false},"author":48,"featured_media":5619,"comment_status":"open","ping_status":"open","sticky":false,"template":"","format":"standard","meta":{"_jetpack_memberships_contains_paid_content":false,"footnotes":"","jetpack_publicize_message":"","jetpack_publicize_feature_enabled":true,"jetpack_social_post_already_shared":false,"jetpack_social_options":{"image_generator_settings":{"template":"highway","default_image_id":0,"font":"","enabled":false},"version":2}},"categories":[33],"tags":[107,81,448],"class_list":["post-5615","post","type-post","status-publish","format-standard","has-post-thumbnail","hentry","category-gms","tag-monica-barabas","tag-patricia-puerta","tag-todos-es"],"yoast_head":"<!-- This site is optimized with the Yoast SEO plugin v24.0 - https:\/\/yoast.com\/wordpress\/plugins\/seo\/ -->\n<title>El PSPV de Castell\u00f3 acusa a Carrasco de ser c\u00f3mplice del discurso racista y de odio de Vox, pide que rompa el pacto y ofrece su apoyo para los presupuestos de 2025 - PSPV-PSOE CASTELL\u00d3<\/title>\n<meta name=\"robots\" content=\"index, follow, max-snippet:-1, max-image-preview:large, max-video-preview:-1\" \/>\n<link rel=\"canonical\" href=\"https:\/\/agrupacionespsoe.es\/castello\/el-pspv-de-castello-acusa-a-carrasco-de-ser-complice-del-discurso-racista-y-de-odio-de-vox-pide-que-rompa-el-pacto-y-ofrece-su-apoyo-para-los-presupuestos-de-2025\/\" \/>\n<meta property=\"og:locale\" content=\"es_ES\" \/>\n<meta property=\"og:type\" content=\"article\" \/>\n<meta property=\"og:title\" content=\"El PSPV de Castell\u00f3 acusa a Carrasco de ser c\u00f3mplice del discurso racista y de odio de Vox, pide que rompa el pacto y ofrece su apoyo para los presupuestos de 2025 - PSPV-PSOE CASTELL\u00d3\" \/>\n<meta property=\"og:description\" content=\"\u25cf El Grupo Municipal Socialista exige al Partido Popular, y en especial a la alcaldesa, Bego\u00f1a Carrasco, \u201cque pongan freno a los discursos de odio\u201d de sus socios de gobierno en el ayuntamiento y \u201csaquen del gobierno municipal a la ultraderecha\u201d, porque si no \u201cestar\u00e1n avalando su desprecio a la inmigraci\u00f3n y su continua vinculaci\u00f3n ...\" \/>\n<meta property=\"og:url\" content=\"https:\/\/agrupacionespsoe.es\/castello\/el-pspv-de-castello-acusa-a-carrasco-de-ser-complice-del-discurso-racista-y-de-odio-de-vox-pide-que-rompa-el-pacto-y-ofrece-su-apoyo-para-los-presupuestos-de-2025\/\" \/>\n<meta property=\"og:site_name\" content=\"PSPV-PSOE CASTELL\u00d3\" \/>\n<meta property=\"article:publisher\" content=\"https:\/\/www.facebook.com\/pspv.castellodelaplana\" \/>\n<meta property=\"article:published_time\" content=\"2024-07-11T14:35:53+00:00\" \/>\n<meta property=\"article:modified_time\" content=\"2024-07-11T14:36:55+00:00\" \/>\n<meta property=\"og:image\" content=\"https:\/\/agrupacionespsoe.es\/castello\/wp-content\/uploads\/sites\/45\/2024\/07\/20240711-El-PSPV-de-Castello-acusa-a-Carrasco-de-ser-complice-del-discurso-racista-y-de-odio-de-Vox-pide-que-rompa-el-pactoPuerta.jpeg\" \/>\n\t<meta property=\"og:image:width\" content=\"1600\" \/>\n\t<meta property=\"og:image:height\" content=\"1066\" \/>\n\t<meta property=\"og:image:type\" content=\"image\/jpeg\" \/>\n<meta name=\"author\" content=\"castello1\" \/>\n<meta name=\"twitter:card\" content=\"summary_large_image\" \/>\n<meta name=\"twitter:creator\" content=\"@pspv_cs\" \/>\n<meta name=\"twitter:site\" content=\"@pspv_cs\" \/>\n<meta name=\"twitter:label1\" content=\"Escrito por\" \/>\n\t<meta name=\"twitter:data1\" content=\"castello1\" \/>\n\t<meta name=\"twitter:label2\" content=\"Tiempo de lectura\" \/>\n\t<meta name=\"twitter:data2\" content=\"4 minutos\" \/>\n<script type=\"application\/ld+json\" class=\"yoast-schema-graph\">{\"@context\":\"https:\/\/schema.org\",\"@graph\":[{\"@type\":\"Article\",\"@id\":\"https:\/\/agrupacionespsoe.es\/castello\/el-pspv-de-castello-acusa-a-carrasco-de-ser-complice-del-discurso-racista-y-de-odio-de-vox-pide-que-rompa-el-pacto-y-ofrece-su-apoyo-para-los-presupuestos-de-2025\/#article\",\"isPartOf\":{\"@id\":\"https:\/\/agrupacionespsoe.es\/castello\/el-pspv-de-castello-acusa-a-carrasco-de-ser-complice-del-discurso-racista-y-de-odio-de-vox-pide-que-rompa-el-pacto-y-ofrece-su-apoyo-para-los-presupuestos-de-2025\/\"},\"author\":{\"name\":\"castello1\",\"@id\":\"https:\/\/agrupacionespsoe.es\/castello\/#\/schema\/person\/f3bc5b2f9dc6a399e9e98596ae24a20a\"},\"headline\":\"El PSPV de Castell\u00f3 acusa a Carrasco de ser c\u00f3mplice del discurso racista y de odio de Vox, pide que rompa el pacto y ofrece su apoyo para los presupuestos de 2025\",\"datePublished\":\"2024-07-11T14:35:53+00:00\",\"dateModified\":\"2024-07-11T14:36:55+00:00\",\"mainEntityOfPage\":{\"@id\":\"https:\/\/agrupacionespsoe.es\/castello\/el-pspv-de-castello-acusa-a-carrasco-de-ser-complice-del-discurso-racista-y-de-odio-de-vox-pide-que-rompa-el-pacto-y-ofrece-su-apoyo-para-los-presupuestos-de-2025\/\"},\"wordCount\":809,\"commentCount\":0,\"publisher\":{\"@id\":\"https:\/\/agrupacionespsoe.es\/castello\/#organization\"},\"image\":{\"@id\":\"https:\/\/agrupacionespsoe.es\/castello\/el-pspv-de-castello-acusa-a-carrasco-de-ser-complice-del-discurso-racista-y-de-odio-de-vox-pide-que-rompa-el-pacto-y-ofrece-su-apoyo-para-los-presupuestos-de-2025\/#primaryimage\"},\"thumbnailUrl\":\"https:\/\/agrupacionespsoe.es\/castello\/wp-content\/uploads\/sites\/45\/2024\/07\/20240711-El-PSPV-de-Castello-acusa-a-Carrasco-de-ser-complice-del-discurso-racista-y-de-odio-de-Vox-pide-que-rompa-el-pactoPuerta.jpeg\",\"keywords\":[\"M\u00f3nica Barab\u00e1s\",\"Patricia Puerta\",\"Todos\"],\"articleSection\":[\"Grupo Municipal Socialista\"],\"inLanguage\":\"es\",\"potentialAction\":[{\"@type\":\"CommentAction\",\"name\":\"Comment\",\"target\":[\"https:\/\/agrupacionespsoe.es\/castello\/el-pspv-de-castello-acusa-a-carrasco-de-ser-complice-del-discurso-racista-y-de-odio-de-vox-pide-que-rompa-el-pacto-y-ofrece-su-apoyo-para-los-presupuestos-de-2025\/#respond\"]}]},{\"@type\":\"WebPage\",\"@id\":\"https:\/\/agrupacionespsoe.es\/castello\/el-pspv-de-castello-acusa-a-carrasco-de-ser-complice-del-discurso-racista-y-de-odio-de-vox-pide-que-rompa-el-pacto-y-ofrece-su-apoyo-para-los-presupuestos-de-2025\/\",\"url\":\"https:\/\/agrupacionespsoe.es\/castello\/el-pspv-de-castello-acusa-a-carrasco-de-ser-complice-del-discurso-racista-y-de-odio-de-vox-pide-que-rompa-el-pacto-y-ofrece-su-apoyo-para-los-presupuestos-de-2025\/\",\"name\":\"El PSPV de Castell\u00f3 acusa a Carrasco de ser c\u00f3mplice del discurso racista y de odio de Vox, pide que rompa el pacto y ofrece su apoyo para los presupuestos de 2025 - PSPV-PSOE CASTELL\u00d3\",\"isPartOf\":{\"@id\":\"https:\/\/agrupacionespsoe.es\/castello\/#website\"},\"primaryImageOfPage\":{\"@id\":\"https:\/\/agrupacionespsoe.es\/castello\/el-pspv-de-castello-acusa-a-carrasco-de-ser-complice-del-discurso-racista-y-de-odio-de-vox-pide-que-rompa-el-pacto-y-ofrece-su-apoyo-para-los-presupuestos-de-2025\/#primaryimage\"},\"image\":{\"@id\":\"https:\/\/agrupacionespsoe.es\/castello\/el-pspv-de-castello-acusa-a-carrasco-de-ser-complice-del-discurso-racista-y-de-odio-de-vox-pide-que-rompa-el-pacto-y-ofrece-su-apoyo-para-los-presupuestos-de-2025\/#primaryimage\"},\"thumbnailUrl\":\"https:\/\/agrupacionespsoe.es\/castello\/wp-content\/uploads\/sites\/45\/2024\/07\/20240711-El-PSPV-de-Castello-acusa-a-Carrasco-de-ser-complice-del-discurso-racista-y-de-odio-de-Vox-pide-que-rompa-el-pactoPuerta.jpeg\",\"datePublished\":\"2024-07-11T14:35:53+00:00\",\"dateModified\":\"2024-07-11T14:36:55+00:00\",\"breadcrumb\":{\"@id\":\"https:\/\/agrupacionespsoe.es\/castello\/el-pspv-de-castello-acusa-a-carrasco-de-ser-complice-del-discurso-racista-y-de-odio-de-vox-pide-que-rompa-el-pacto-y-ofrece-su-apoyo-para-los-presupuestos-de-2025\/#breadcrumb\"},\"inLanguage\":\"es\",\"potentialAction\":[{\"@type\":\"ReadAction\",\"target\":[\"https:\/\/agrupacionespsoe.es\/castello\/el-pspv-de-castello-acusa-a-carrasco-de-ser-complice-del-discurso-racista-y-de-odio-de-vox-pide-que-rompa-el-pacto-y-ofrece-su-apoyo-para-los-presupuestos-de-2025\/\"]}]},{\"@type\":\"ImageObject\",\"inLanguage\":\"es\",\"@id\":\"https:\/\/agrupacionespsoe.es\/castello\/el-pspv-de-castello-acusa-a-carrasco-de-ser-complice-del-discurso-racista-y-de-odio-de-vox-pide-que-rompa-el-pacto-y-ofrece-su-apoyo-para-los-presupuestos-de-2025\/#primaryimage\",\"url\":\"https:\/\/agrupacionespsoe.es\/castello\/wp-content\/uploads\/sites\/45\/2024\/07\/20240711-El-PSPV-de-Castello-acusa-a-Carrasco-de-ser-complice-del-discurso-racista-y-de-odio-de-Vox-pide-que-rompa-el-pactoPuerta.jpeg\",\"contentUrl\":\"https:\/\/agrupacionespsoe.es\/castello\/wp-content\/uploads\/sites\/45\/2024\/07\/20240711-El-PSPV-de-Castello-acusa-a-Carrasco-de-ser-complice-del-discurso-racista-y-de-odio-de-Vox-pide-que-rompa-el-pactoPuerta.jpeg\",\"width\":1600,\"height\":1066},{\"@type\":\"BreadcrumbList\",\"@id\":\"https:\/\/agrupacionespsoe.es\/castello\/el-pspv-de-castello-acusa-a-carrasco-de-ser-complice-del-discurso-racista-y-de-odio-de-vox-pide-que-rompa-el-pacto-y-ofrece-su-apoyo-para-los-presupuestos-de-2025\/#breadcrumb\",\"itemListElement\":[{\"@type\":\"ListItem\",\"position\":1,\"name\":\"Portada\",\"item\":\"https:\/\/agrupacionespsoe.es\/castello\/\"},{\"@type\":\"ListItem\",\"position\":2,\"name\":\"El PSPV de Castell\u00f3 acusa a Carrasco de ser c\u00f3mplice del discurso racista y de odio de Vox, pide que rompa el pacto y ofrece su apoyo para los presupuestos de 2025\"}]},{\"@type\":\"WebSite\",\"@id\":\"https:\/\/agrupacionespsoe.es\/castello\/#website\",\"url\":\"https:\/\/agrupacionespsoe.es\/castello\/\",\"name\":\"PSPV-PSOE CASTELL\u00d3\",\"description\":\"PSPV-PSOE | Agrupaci\u00f3 de Castell\u00f3\",\"publisher\":{\"@id\":\"https:\/\/agrupacionespsoe.es\/castello\/#organization\"},\"potentialAction\":[{\"@type\":\"SearchAction\",\"target\":{\"@type\":\"EntryPoint\",\"urlTemplate\":\"https:\/\/agrupacionespsoe.es\/castello\/?s={search_term_string}\"},\"query-input\":{\"@type\":\"PropertyValueSpecification\",\"valueRequired\":true,\"valueName\":\"search_term_string\"}}],\"inLanguage\":\"es\"},{\"@type\":\"Organization\",\"@id\":\"https:\/\/agrupacionespsoe.es\/castello\/#organization\",\"name\":\"PSPV-PSOE Castell\u00f3\",\"url\":\"https:\/\/agrupacionespsoe.es\/castello\/\",\"logo\":{\"@type\":\"ImageObject\",\"inLanguage\":\"es\",\"@id\":\"https:\/\/agrupacionespsoe.es\/castello\/#\/schema\/logo\/image\/\",\"url\":\"https:\/\/agrupacionespsoe.es\/castello\/wp-content\/uploads\/sites\/45\/2023\/04\/PORTADA-PSOE-CASTELLO.jpg\",\"contentUrl\":\"https:\/\/agrupacionespsoe.es\/castello\/wp-content\/uploads\/sites\/45\/2023\/04\/PORTADA-PSOE-CASTELLO.jpg\",\"width\":2500,\"height\":2500,\"caption\":\"PSPV-PSOE Castell\u00f3\"},\"image\":{\"@id\":\"https:\/\/agrupacionespsoe.es\/castello\/#\/schema\/logo\/image\/\"},\"sameAs\":[\"https:\/\/www.facebook.com\/pspv.castellodelaplana\",\"https:\/\/x.com\/pspv_cs\",\"https:\/\/www.instagram.com\/pspvpsoecastello\/\"]},{\"@type\":\"Person\",\"@id\":\"https:\/\/agrupacionespsoe.es\/castello\/#\/schema\/person\/f3bc5b2f9dc6a399e9e98596ae24a20a\",\"name\":\"castello1\",\"image\":{\"@type\":\"ImageObject\",\"inLanguage\":\"es\",\"@id\":\"https:\/\/agrupacionespsoe.es\/castello\/#\/schema\/person\/image\/\",\"url\":\"https:\/\/secure.gravatar.com\/avatar\/5f1da428d6479d1127419c0b58796865?s=96&d=mm&r=g\",\"contentUrl\":\"https:\/\/secure.gravatar.com\/avatar\/5f1da428d6479d1127419c0b58796865?s=96&d=mm&r=g\",\"caption\":\"castello1\"},\"url\":\"https:\/\/agrupacionespsoe.es\/castello\/author\/castello1\/\"}]}<\/script>\n<!-- \/ Yoast SEO plugin. -->","yoast_head_json":{"title":"El PSPV de Castell\u00f3 acusa a Carrasco de ser c\u00f3mplice del discurso racista y de odio de Vox, pide que rompa el pacto y ofrece su apoyo para los presupuestos de 2025 - PSPV-PSOE CASTELL\u00d3","robots":{"index":"index","follow":"follow","max-snippet":"max-snippet:-1","max-image-preview":"max-image-preview:large","max-video-preview":"max-video-preview:-1"},"canonical":"https:\/\/agrupacionespsoe.es\/castello\/el-pspv-de-castello-acusa-a-carrasco-de-ser-complice-del-discurso-racista-y-de-odio-de-vox-pide-que-rompa-el-pacto-y-ofrece-su-apoyo-para-los-presupuestos-de-2025\/","og_locale":"es_ES","og_type":"article","og_title":"El PSPV de Castell\u00f3 acusa a Carrasco de ser c\u00f3mplice del discurso racista y de odio de Vox, pide que rompa el pacto y ofrece su apoyo para los presupuestos de 2025 - PSPV-PSOE CASTELL\u00d3","og_description":"\u25cf El Grupo Municipal Socialista exige al Partido Popular, y en especial a la alcaldesa, Bego\u00f1a Carrasco, \u201cque pongan freno a los discursos de odio\u201d de sus socios de gobierno en el ayuntamiento y \u201csaquen del gobierno municipal a la ultraderecha\u201d, porque si no \u201cestar\u00e1n avalando su desprecio a la inmigraci\u00f3n y su continua vinculaci\u00f3n ...","og_url":"https:\/\/agrupacionespsoe.es\/castello\/el-pspv-de-castello-acusa-a-carrasco-de-ser-complice-del-discurso-racista-y-de-odio-de-vox-pide-que-rompa-el-pacto-y-ofrece-su-apoyo-para-los-presupuestos-de-2025\/","og_site_name":"PSPV-PSOE CASTELL\u00d3","article_publisher":"https:\/\/www.facebook.com\/pspv.castellodelaplana","article_published_time":"2024-07-11T14:35:53+00:00","article_modified_time":"2024-07-11T14:36:55+00:00","og_image":[{"width":1600,"height":1066,"url":"https:\/\/agrupacionespsoe.es\/castello\/wp-content\/uploads\/sites\/45\/2024\/07\/20240711-El-PSPV-de-Castello-acusa-a-Carrasco-de-ser-complice-del-discurso-racista-y-de-odio-de-Vox-pide-que-rompa-el-pactoPuerta.jpeg","type":"image\/jpeg"}],"author":"castello1","twitter_card":"summary_large_image","twitter_creator":"@pspv_cs","twitter_site":"@pspv_cs","twitter_misc":{"Escrito por":"castello1","Tiempo de lectura":"4 minutos"},"schema":{"@context":"https:\/\/schema.org","@graph":[{"@type":"Article","@id":"https:\/\/agrupacionespsoe.es\/castello\/el-pspv-de-castello-acusa-a-carrasco-de-ser-complice-del-discurso-racista-y-de-odio-de-vox-pide-que-rompa-el-pacto-y-ofrece-su-apoyo-para-los-presupuestos-de-2025\/#article","isPartOf":{"@id":"https:\/\/agrupacionespsoe.es\/castello\/el-pspv-de-castello-acusa-a-carrasco-de-ser-complice-del-discurso-racista-y-de-odio-de-vox-pide-que-rompa-el-pacto-y-ofrece-su-apoyo-para-los-presupuestos-de-2025\/"},"author":{"name":"castello1","@id":"https:\/\/agrupacionespsoe.es\/castello\/#\/schema\/person\/f3bc5b2f9dc6a399e9e98596ae24a20a"},"headline":"El PSPV de Castell\u00f3 acusa a Carrasco de ser c\u00f3mplice del discurso racista y de odio de Vox, pide que rompa el pacto y ofrece su apoyo para los presupuestos de 2025","datePublished":"2024-07-11T14:35:53+00:00","dateModified":"2024-07-11T14:36:55+00:00","mainEntityOfPage":{"@id":"https:\/\/agrupacionespsoe.es\/castello\/el-pspv-de-castello-acusa-a-carrasco-de-ser-complice-del-discurso-racista-y-de-odio-de-vox-pide-que-rompa-el-pacto-y-ofrece-su-apoyo-para-los-presupuestos-de-2025\/"},"wordCount":809,"commentCount":0,"publisher":{"@id":"https:\/\/agrupacionespsoe.es\/castello\/#organization"},"image":{"@id":"https:\/\/agrupacionespsoe.es\/castello\/el-pspv-de-castello-acusa-a-carrasco-de-ser-complice-del-discurso-racista-y-de-odio-de-vox-pide-que-rompa-el-pacto-y-ofrece-su-apoyo-para-los-presupuestos-de-2025\/#primaryimage"},"thumbnailUrl":"https:\/\/agrupacionespsoe.es\/castello\/wp-content\/uploads\/sites\/45\/2024\/07\/20240711-El-PSPV-de-Castello-acusa-a-Carrasco-de-ser-complice-del-discurso-racista-y-de-odio-de-Vox-pide-que-rompa-el-pactoPuerta.jpeg","keywords":["M\u00f3nica Barab\u00e1s","Patricia Puerta","Todos"],"articleSection":["Grupo Municipal Socialista"],"inLanguage":"es","potentialAction":[{"@type":"CommentAction","name":"Comment","target":["https:\/\/agrupacionespsoe.es\/castello\/el-pspv-de-castello-acusa-a-carrasco-de-ser-complice-del-discurso-racista-y-de-odio-de-vox-pide-que-rompa-el-pacto-y-ofrece-su-apoyo-para-los-presupuestos-de-2025\/#respond"]}]},{"@type":"WebPage","@id":"https:\/\/agrupacionespsoe.es\/castello\/el-pspv-de-castello-acusa-a-carrasco-de-ser-complice-del-discurso-racista-y-de-odio-de-vox-pide-que-rompa-el-pacto-y-ofrece-su-apoyo-para-los-presupuestos-de-2025\/","url":"https:\/\/agrupacionespsoe.es\/castello\/el-pspv-de-castello-acusa-a-carrasco-de-ser-complice-del-discurso-racista-y-de-odio-de-vox-pide-que-rompa-el-pacto-y-ofrece-su-apoyo-para-los-presupuestos-de-2025\/","name":"El PSPV de Castell\u00f3 acusa a Carrasco de ser c\u00f3mplice del discurso racista y de odio de Vox, pide que rompa el pacto y ofrece su apoyo para los presupuestos de 2025 - PSPV-PSOE CASTELL\u00d3","isPartOf":{"@id":"https:\/\/agrupacionespsoe.es\/castello\/#website"},"primaryImageOfPage":{"@id":"https:\/\/agrupacionespsoe.es\/castello\/el-pspv-de-castello-acusa-a-carrasco-de-ser-complice-del-discurso-racista-y-de-odio-de-vox-pide-que-rompa-el-pacto-y-ofrece-su-apoyo-para-los-presupuestos-de-2025\/#primaryimage"},"image":{"@id":"https:\/\/agrupacionespsoe.es\/castello\/el-pspv-de-castello-acusa-a-carrasco-de-ser-complice-del-discurso-racista-y-de-odio-de-vox-pide-que-rompa-el-pacto-y-ofrece-su-apoyo-para-los-presupuestos-de-2025\/#primaryimage"},"thumbnailUrl":"https:\/\/agrupacionespsoe.es\/castello\/wp-content\/uploads\/sites\/45\/2024\/07\/20240711-El-PSPV-de-Castello-acusa-a-Carrasco-de-ser-complice-del-discurso-racista-y-de-odio-de-Vox-pide-que-rompa-el-pactoPuerta.jpeg","datePublished":"2024-07-11T14:35:53+00:00","dateModified":"2024-07-11T14:36:55+00:00","breadcrumb":{"@id":"https:\/\/agrupacionespsoe.es\/castello\/el-pspv-de-castello-acusa-a-carrasco-de-ser-complice-del-discurso-racista-y-de-odio-de-vox-pide-que-rompa-el-pacto-y-ofrece-su-apoyo-para-los-presupuestos-de-2025\/#breadcrumb"},"inLanguage":"es","potentialAction":[{"@type":"ReadAction","target":["https:\/\/agrupacionespsoe.es\/castello\/el-pspv-de-castello-acusa-a-carrasco-de-ser-complice-del-discurso-racista-y-de-odio-de-vox-pide-que-rompa-el-pacto-y-ofrece-su-apoyo-para-los-presupuestos-de-2025\/"]}]},{"@type":"ImageObject","inLanguage":"es","@id":"https:\/\/agrupacionespsoe.es\/castello\/el-pspv-de-castello-acusa-a-carrasco-de-ser-complice-del-discurso-racista-y-de-odio-de-vox-pide-que-rompa-el-pacto-y-ofrece-su-apoyo-para-los-presupuestos-de-2025\/#primaryimage","url":"https:\/\/agrupacionespsoe.es\/castello\/wp-content\/uploads\/sites\/45\/2024\/07\/20240711-El-PSPV-de-Castello-acusa-a-Carrasco-de-ser-complice-del-discurso-racista-y-de-odio-de-Vox-pide-que-rompa-el-pactoPuerta.jpeg","contentUrl":"https:\/\/agrupacionespsoe.es\/castello\/wp-content\/uploads\/sites\/45\/2024\/07\/20240711-El-PSPV-de-Castello-acusa-a-Carrasco-de-ser-complice-del-discurso-racista-y-de-odio-de-Vox-pide-que-rompa-el-pactoPuerta.jpeg","width":1600,"height":1066},{"@type":"BreadcrumbList","@id":"https:\/\/agrupacionespsoe.es\/castello\/el-pspv-de-castello-acusa-a-carrasco-de-ser-complice-del-discurso-racista-y-de-odio-de-vox-pide-que-rompa-el-pacto-y-ofrece-su-apoyo-para-los-presupuestos-de-2025\/#breadcrumb","itemListElement":[{"@type":"ListItem","position":1,"name":"Portada","item":"https:\/\/agrupacionespsoe.es\/castello\/"},{"@type":"ListItem","position":2,"name":"El PSPV de Castell\u00f3 acusa a Carrasco de ser c\u00f3mplice del discurso racista y de odio de Vox, pide que rompa el pacto y ofrece su apoyo para los presupuestos de 2025"}]},{"@type":"WebSite","@id":"https:\/\/agrupacionespsoe.es\/castello\/#website","url":"https:\/\/agrupacionespsoe.es\/castello\/","name":"PSPV-PSOE CASTELL\u00d3","description":"PSPV-PSOE | Agrupaci\u00f3 de Castell\u00f3","publisher":{"@id":"https:\/\/agrupacionespsoe.es\/castello\/#organization"},"potentialAction":[{"@type":"SearchAction","target":{"@type":"EntryPoint","urlTemplate":"https:\/\/agrupacionespsoe.es\/castello\/?s={search_term_string}"},"query-input":{"@type":"PropertyValueSpecification","valueRequired":true,"valueName":"search_term_string"}}],"inLanguage":"es"},{"@type":"Organization","@id":"https:\/\/agrupacionespsoe.es\/castello\/#organization","name":"PSPV-PSOE Castell\u00f3","url":"https:\/\/agrupacionespsoe.es\/castello\/","logo":{"@type":"ImageObject","inLanguage":"es","@id":"https:\/\/agrupacionespsoe.es\/castello\/#\/schema\/logo\/image\/","url":"https:\/\/agrupacionespsoe.es\/castello\/wp-content\/uploads\/sites\/45\/2023\/04\/PORTADA-PSOE-CASTELLO.jpg","contentUrl":"https:\/\/agrupacionespsoe.es\/castello\/wp-content\/uploads\/sites\/45\/2023\/04\/PORTADA-PSOE-CASTELLO.jpg","width":2500,"height":2500,"caption":"PSPV-PSOE Castell\u00f3"},"image":{"@id":"https:\/\/agrupacionespsoe.es\/castello\/#\/schema\/logo\/image\/"},"sameAs":["https:\/\/www.facebook.com\/pspv.castellodelaplana","https:\/\/x.com\/pspv_cs","https:\/\/www.instagram.com\/pspvpsoecastello\/"]},{"@type":"Person","@id":"https:\/\/agrupacionespsoe.es\/castello\/#\/schema\/person\/f3bc5b2f9dc6a399e9e98596ae24a20a","name":"castello1","image":{"@type":"ImageObject","inLanguage":"es","@id":"https:\/\/agrupacionespsoe.es\/castello\/#\/schema\/person\/image\/","url":"https:\/\/secure.gravatar.com\/avatar\/5f1da428d6479d1127419c0b58796865?s=96&d=mm&r=g","contentUrl":"https:\/\/secure.gravatar.com\/avatar\/5f1da428d6479d1127419c0b58796865?s=96&d=mm&r=g","caption":"castello1"},"url":"https:\/\/agrupacionespsoe.es\/castello\/author\/castello1\/"}]}},"jetpack_publicize_connections":[],"jetpack_featured_media_url":"https:\/\/agrupacionespsoe.es\/castello\/wp-content\/uploads\/sites\/45\/2024\/07\/20240711-El-PSPV-de-Castello-acusa-a-Carrasco-de-ser-complice-del-discurso-racista-y-de-odio-de-Vox-pide-que-rompa-el-pactoPuerta.jpeg","jetpack_sharing_enabled":true,"_links":{"self":[{"href":"https:\/\/agrupacionespsoe.es\/castello\/wp-json\/wp\/v2\/posts\/5615","targetHints":{"allow":["GET"]}}],"collection":[{"href":"https:\/\/agrupacionespsoe.es\/castello\/wp-json\/wp\/v2\/posts"}],"about":[{"href":"https:\/\/agrupacionespsoe.es\/castello\/wp-json\/wp\/v2\/types\/post"}],"author":[{"embeddable":true,"href":"https:\/\/agrupacionespsoe.es\/castello\/wp-json\/wp\/v2\/users\/48"}],"replies":[{"embeddable":true,"href":"https:\/\/agrupacionespsoe.es\/castello\/wp-json\/wp\/v2\/comments?post=5615"}],"version-history":[{"count":3,"href":"https:\/\/agrupacionespsoe.es\/castello\/wp-json\/wp\/v2\/posts\/5615\/revisions"}],"predecessor-version":[{"id":5623,"href":"https:\/\/agrupacionespsoe.es\/castello\/wp-json\/wp\/v2\/posts\/5615\/revisions\/5623"}],"wp:featuredmedia":[{"embeddable":true,"href":"https:\/\/agrupacionespsoe.es\/castello\/wp-json\/wp\/v2\/media\/5619"}],"wp:attachment":[{"href":"https:\/\/agrupacionespsoe.es\/castello\/wp-json\/wp\/v2\/media?parent=5615"}],"wp:term":[{"taxonomy":"category","embeddable":true,"href":"https:\/\/agrupacionespsoe.es\/castello\/wp-json\/wp\/v2\/categories?post=5615"},{"taxonomy":"post_tag","embeddable":true,"href":"https:\/\/agrupacionespsoe.es\/castello\/wp-json\/wp\/v2\/tags?post=5615"}],"curies":[{"name":"wp","href":"https:\/\/api.w.org\/{rel}","templated":true}]}}