{"id":5486,"date":"2024-06-27T18:42:02","date_gmt":"2024-06-27T16:42:02","guid":{"rendered":"https:\/\/agrupacionespsoe.es\/castello\/?p=5486"},"modified":"2024-07-04T17:42:10","modified_gmt":"2024-07-04T15:42:10","slug":"el-pspv-recolza-les-ajudes-al-comerc-afectat-per-les-obres-en-la-zones-de-baixa-emissions-de-castello-pero-exigeix-a-carrasco-participacio-dels-comerciants-en-les-bases","status":"publish","type":"post","link":"https:\/\/agrupacionespsoe.es\/castello\/va\/el-pspv-recolza-les-ajudes-al-comerc-afectat-per-les-obres-en-la-zones-de-baixa-emissions-de-castello-pero-exigeix-a-carrasco-participacio-dels-comerciants-en-les-bases\/","title":{"rendered":"El PSPV recolza les ajudes al comer\u00e7 afectat per les obres en la zones de baixa emissions de Castell\u00f3 per\u00f2 exigeix a Carrasco participaci\u00f3 dels comerciants en les bases"},"content":{"rendered":"\n<h6 class=\"wp-block-heading\"><em>\u25cf<\/em> <strong><em>El Grup Municipal Socialista tem que la modificaci\u00f3 de cr\u00e8dits siga una \u201cmera operaci\u00f3 de maquillatge\u201d i confia que \u201cno es deixe la coordinaci\u00f3 de les subvencions en mans del regidor Alberto Vidal, \u201cque ja hem vist com ha sigut capa\u00e7 de convertir-nos en la riota nacional amb campanyes infames com la del Dia de la Sogra\u201d<\/em><\/strong><\/h6>\n\n\n\n<h6 class=\"wp-block-heading\"><em><em>\u25cf<\/em><\/em> <em><strong>El PSPV critica a l&#8217;equip de govern PP-Vox per vetar la declaraci\u00f3 institucional per a adherir-se al manifest de la FVMP del Dia Internacional de l&#8217;Orgull i qualifica de \u201clamentables\u201d les paraules d&#8217;un c\u00e0rrec del Partit Popular com l&#8217;alcaldessa de Val\u00e8ncia, Mar\u00eda Jos\u00e9 Catal\u00e1, assenyalant que no penjava la bandera del col\u00b7lectiu LGTBI en la fa\u00e7ana de l&#8217;ajuntament perqu\u00e8 tampoc ho feia amb les banderes de \u201cmalalties\u201d com l&#8217;Alzheimer o l&#8217;ELA<\/strong><\/em><\/h6>\n\n\n\n<h6 class=\"wp-block-heading\"><em>\u25cf<\/em> <strong><em>La portaveu socialista, Patricia Puerta, reclama a la alcaldesa de Castell\u00f3 el \u201ccessament fulminant\u201d del regidor de Seguretat Ciutadana, l&#8217;ultradret\u00e0 Antonio Ortol\u00e1, per les seues \u201cmenyspreables paraules xen\u00f2fobes pel cas de l&#8217;assassinat d&#8217;un home a Gata de Gorgos, vinculant la immigraci\u00f3 amb la delinq\u00fc\u00e8ncia\u201d<\/em><\/strong><\/h6>\n\n\n\n<p>El Grup Municipal Socialista ha recolzat amb el seu vot a favor la modificaci\u00f3 de cr\u00e8dits de l&#8217;Ajuntament de Castell\u00f3 per a articular ajudes per valor de 2 milions d&#8217;euros al comer\u00e7 afectat per les obres de la zona de baixes emissions. La regidora <strong>M\u00f3nica Barab\u00e1s<\/strong>, que ha defensat en el ple la postura del PSPV, ha destacat que \u201ctots i totes hem d&#8217;anar de bracet per a recolzar als nostres i les nostres comerciants, per\u00f2 estarem vigilants perqu\u00e8 no estiguem davant una operaci\u00f3 de maquillatge que quede en res\u201d.<\/p>\n\n\n\n<figure class=\"wp-block-video\"><video controls src=\"https:\/\/agrupacionespsoe.es\/castello\/wp-content\/uploads\/sites\/45\/2024\/06\/monica-barabas-comercio.mp4\"><\/video><figcaption class=\"wp-element-caption\">Intervenci\u00f3n de M\u00f3nica Barab\u00e1s en el Pleno<\/figcaption><\/figure>\n\n\n\n<p>En el debat plenari, M\u00f3nica Barab\u00e1s ha reclamat a l&#8217;equip de govern PP-Vox \u201ctranspar\u00e8ncia\u201d i, sobretot, \u201cparticipaci\u00f3 directa dels propis comer\u00e7os en els \u00f2rgans corresponents, perqu\u00e8 elaborar les bases perqu\u00e8 arriben ajudes per lucre cessant hauria de comptar amb totes les parts i no estar a costa d&#8217;un regidor de Comer\u00e7, com el senyor <strong>Alberto Vidal<\/strong>, que ja ens ha mostrat la seua capacitat per a convertir-nos en riota nacional amb la seua infame campanya del Dia de la Sogra\u201d.<\/p>\n\n\n\n<p>Una campanya que, despr\u00e9s d&#8217;escoltar el mateix Vidal en la sessi\u00f3 plen\u00e0ria de hui, \u201cens ratifica en dues coses: que ha sigut un frac\u00e0s, perqu\u00e8 ni tan sols l&#8217;edil sap quines vendes ha generat, i que \u00e9s un regidor covard, incapa\u00e7 d&#8217;assumir els seus errors en culpar de la campanya a l&#8217;empresa de creativitat, com si el senyor Vidal passara per ac\u00ed de casualitat\u201d, ha ironitzat l&#8217;edil socialista.<\/p>\n\n\n\n<p>Barab\u00e1s ha mostrat tamb\u00e9 la seua \u201csorpresa\u201d per la defensa que fa ara <strong>Bego\u00f1a Carrasco<\/strong> dels projectes inclosos en la zona de baixes emissions, \u201cquan ha estat mesos i mesos, des de l&#8217;oposici\u00f3, criticant-los\u201d. Ara \u201cestem davant la gran defensora d&#8217;aquests projectes i fins i tot diu que tindrem una ciutat m\u00e9s bonica i m\u00e9s verda\u201d, assenyala M\u00f3nica Barab\u00e1s, qui recorda que si aix\u00f2 va si pot ser \u201c\u00e9s perqu\u00e8 l&#8217;anterior govern de progr\u00e9s liderat pel Partit Socialista es va encarregar d&#8217;impulsar-lo\u201d<\/p>\n\n\n\n<p><strong>Moci\u00f3 LGTBI+<\/strong><br>D&#8217;altra banda, el Grup Municipal Socialista ha votat a favor de la moci\u00f3 de Comprom\u00eds per a recuperar la unitat d&#8217;acci\u00f3 del moviment LGTBI+ de Castell\u00f3, proposta que ha comptat amb el rebuig de PP-Vox, \u201cla qual cosa torna a deixar a la senyora Carrasco en mans de la ultradreta, per molt que ara vulga fer-se capdavantera dels drets del col\u00b7lectiu LGTBI\u201d.<\/p>\n\n\n\n<figure class=\"wp-block-video\"><video controls src=\"https:\/\/agrupacionespsoe.es\/castello\/wp-content\/uploads\/sites\/45\/2024\/06\/jose-luis-mocion-lgtbi.mp4\"><\/video><\/figure>\n\n\n\n<p><strong>Jos\u00e9 Luis L\u00f3pez<\/strong>, portaveu adjunt socialista, ha aprofitat per a criticar especialment l&#8217;actitud del govern municipal en vetar la declaraci\u00f3 institucional, plantejada pel PSPV, per a adherir-se al manifest de la FVMP del Dia Internacional de l&#8217;Orgull. \u201cPoc ens pot sorprendre, en qualsevol cas, la postura en aquest tema del PP, quan ahir mateix ens vam trobar amb unes lamentables paraules d&#8217;un c\u00e0rrec del Partit Popular com l&#8217;alcaldessa de Val\u00e8ncia, <strong>Mar\u00eda Jos\u00e9 Catal\u00e1<\/strong>, assenyalant que no penjava la bandera del col\u00b7lectiu LGTBI en la fa\u00e7ana de l&#8217;ajuntament perqu\u00e8 tampoc ho feia amb les banderes de malalties com l&#8217;Alzheimer o l&#8217;ELA\u201d. \u201cDe veritat, senyora Carrasco, que en el seu partit s\u00f3n capa\u00e7os de comparar l&#8217;homosexualitat amb una malaltia? Vost\u00e9s s&#8217;escolten? Fan vergonya\u201d, ha assenyalat de manera contundent Jos\u00e9 Luis L\u00f3pez des del faristol del ple.<\/p>\n\n\n\n<p>El portaveu adjunt socialista ja ha advertit que quan PP i Vox, \u201cjunts o regirats\u201d, retiren o amaguen els llibres LGTBI de les prestatgeries de biblioteques, \u201cnosaltres i nosaltres omplirem cada rac\u00f3 dels nostres pobles i ciutats de llibres feministes i LGTBI\u201d; quan prohibisquen o amaguen les banderes LGTBI en les fa\u00e7anes dels ajuntaments, \u201cnosaltres i nosaltres omplirem els carrers amb els colors de la bandera de l&#8217;orgull\u201d; quan cancel\u00b7len pel\u00b7l\u00edcules per eixir dues dones fent-se una besada, \u201cnosaltres i nosaltres difondrem eixes pel\u00b7l\u00edcules per a fomentar la diversitat\u201d, i quan ens insulten i ens diguen ramats de colorins, llavors ens tindran davant, perqu\u00e8 davant tanta intoler\u00e0ncia, irresponsabilitat i odi, nosaltres i nosaltres ens defensarem amb totes les nostres forces amb toler\u00e0ncia, respecte i amor, molt d&#8217;amor, ja que el contrari, senyora Carrasco, seria la indifer\u00e8ncia\u201d, ha recalcat L\u00f3pez.<\/p>\n\n\n\n<p><strong>Dimissi\u00f3 de Ortol\u00e1<\/strong><br>Ja en l&#8217;apartat de precs i preguntes, la portaveu socialista, <strong>Patricia Puerta<\/strong>, ha exigit a l&#8217;alcaldessa, Bego\u00f1a Carrasco, el \u201ccessament fulminant del seu regidor de Seguretat, el senyor <strong>Antonio Ortol\u00e1<\/strong>, si no vol que l&#8217;arrossegue al fang\u201d. Puerta ha acusat a Carrasco de \u201cser l&#8217;\u00fanica responsable de tindre en l&#8217;equip de govern a un regidor amb un discurs xen\u00f2fob que no cap en la nostra societat\u201d.<\/p>\n\n\n\n<figure class=\"wp-block-audio\"><audio controls src=\"https:\/\/agrupacionespsoe.es\/castello\/wp-content\/uploads\/sites\/45\/2024\/06\/patricia-dimision-ortola.mp3\"><\/audio><figcaption class=\"wp-element-caption\">Declaraciones Patricia Puerta<\/figcaption><\/figure>\n\n\n\n<p>Per a la portaveu socialista, \u201cvincular la immigraci\u00f3, dia rere dia, amb la delinq\u00fc\u00e8ncia \u00e9s incitar a l&#8217;odi, alguna cosa que se li dona molt b\u00e9 al senyor Ortol\u00e1, com vam veure tamb\u00e9 en altres \u00e0mbits, amb els seus v\u00eddeos contra col\u00b7lectius com la Cosa Nostra, que ja veiem com va acabar en les passades festes de la Magdalena\u201d.<\/p>\n\n\n\n<p>Patricia Puerta ha apuntat que \u201cCarrasco est\u00e0 cada vegada m\u00e9s mimetitzada amb la ultradreta, perqu\u00e8 amb el seu silenci assumeix de manera palesa els discursos racistes del seu regidor de Seguretat Ciutadana, en aquest cas per les seues \u201cmenyspreables paraules xen\u00f2fobes despr\u00e9s de l&#8217;assassinat d&#8217;un home a Gata de Gorgos, vinculant la immigraci\u00f3 amb la delinq\u00fc\u00e8ncia\u201d.<\/p>\n\n\n\n<p>L&#8217;edil socialista li ha plantejat a l&#8217;alcaldessa \u201cque siga capa\u00e7 de dir-li a tots i totes les seues votants immigrants, que segurament els tindr\u00e0, que s\u00f3n delinq\u00fcents. I si no ho diu, anuncie almenys que, dem\u00e0 mateix, signatura el cessament del senyor Ortol\u00e1, el seu regidor ni m\u00e9s ni menys que de Seguretat Ciutadana, amb un discurs sempre ple d&#8217;odi al qual vost\u00e9, senyora Carrasco, li ha posat la catifa roja\u201d.<\/p>\n","protected":false},"excerpt":{"rendered":"<p>\u25cf El Grup Municipal Socialista tem que la modificaci\u00f3 de cr\u00e8dits siga una \u201cmera operaci\u00f3 de maquillatge\u201d i confia que \u201cno es deixe la coordinaci\u00f3 de les subvencions en mans del regidor Alberto Vidal, \u201cque ja hem vist com ha sigut capa\u00e7 de convertir-nos en la riota nacional amb campanyes infames com la del Dia &#8230;<\/p>\n","protected":false},"author":48,"featured_media":5483,"comment_status":"open","ping_status":"open","sticky":false,"template":"","format":"standard","meta":{"_jetpack_memberships_contains_paid_content":false,"footnotes":"","jetpack_publicize_message":"","jetpack_publicize_feature_enabled":true,"jetpack_social_post_already_shared":false,"jetpack_social_options":{"image_generator_settings":{"template":"highway","default_image_id":0,"font":"","enabled":false},"version":2}},"categories":[22],"tags":[87,109,83,446],"class_list":["post-5486","post","type-post","status-publish","format-standard","has-post-thumbnail","hentry","category-gms-va","tag-jose-luis-lopez-va","tag-monica-barabas-va","tag-patricia-puerta-va","tag-todos-va"],"yoast_head":"<!-- This site is optimized with the Yoast SEO plugin v24.0 - https:\/\/yoast.com\/wordpress\/plugins\/seo\/ -->\n<title>El PSPV recolza les ajudes al comer\u00e7 afectat per les obres en la zones de baixa emissions de Castell\u00f3 per\u00f2 exigeix a Carrasco participaci\u00f3 dels comerciants en les bases - PSPV-PSOE CASTELL\u00d3<\/title>\n<meta name=\"robots\" content=\"index, follow, max-snippet:-1, max-image-preview:large, max-video-preview:-1\" \/>\n<link rel=\"canonical\" href=\"https:\/\/agrupacionespsoe.es\/castello\/va\/el-pspv-recolza-les-ajudes-al-comerc-afectat-per-les-obres-en-la-zones-de-baixa-emissions-de-castello-pero-exigeix-a-carrasco-participacio-dels-comerciants-en-les-bases\/\" \/>\n<meta property=\"og:locale\" content=\"es_ES\" \/>\n<meta property=\"og:type\" content=\"article\" \/>\n<meta property=\"og:title\" content=\"El PSPV recolza les ajudes al comer\u00e7 afectat per les obres en la zones de baixa emissions de Castell\u00f3 per\u00f2 exigeix a Carrasco participaci\u00f3 dels comerciants en les bases - PSPV-PSOE CASTELL\u00d3\" \/>\n<meta property=\"og:description\" content=\"\u25cf El Grup Municipal Socialista tem que la modificaci\u00f3 de cr\u00e8dits siga una \u201cmera operaci\u00f3 de maquillatge\u201d i confia que \u201cno es deixe la coordinaci\u00f3 de les subvencions en mans del regidor Alberto Vidal, \u201cque ja hem vist com ha sigut capa\u00e7 de convertir-nos en la riota nacional amb campanyes infames com la del Dia ...\" \/>\n<meta property=\"og:url\" content=\"https:\/\/agrupacionespsoe.es\/castello\/va\/el-pspv-recolza-les-ajudes-al-comerc-afectat-per-les-obres-en-la-zones-de-baixa-emissions-de-castello-pero-exigeix-a-carrasco-participacio-dels-comerciants-en-les-bases\/\" \/>\n<meta property=\"og:site_name\" content=\"PSPV-PSOE CASTELL\u00d3\" \/>\n<meta property=\"article:publisher\" content=\"https:\/\/www.facebook.com\/pspv.castellodelaplana\" \/>\n<meta property=\"article:published_time\" content=\"2024-06-27T16:42:02+00:00\" \/>\n<meta property=\"article:modified_time\" content=\"2024-07-04T15:42:10+00:00\" \/>\n<meta property=\"og:image\" content=\"https:\/\/agrupacionespsoe.es\/castello\/wp-content\/uploads\/sites\/45\/2024\/06\/20240627-El-PSPV-respalda-las-ayudas-al-comercio-afectado-por-las-obras-en-la-zonas-de-baja-emisiones-de-Castello-pero-exige-a-Carrasco-participacion-scaled.jpg\" \/>\n\t<meta property=\"og:image:width\" content=\"2560\" \/>\n\t<meta property=\"og:image:height\" content=\"1920\" \/>\n\t<meta property=\"og:image:type\" content=\"image\/jpeg\" \/>\n<meta name=\"author\" content=\"castello1\" \/>\n<meta name=\"twitter:card\" content=\"summary_large_image\" \/>\n<meta name=\"twitter:creator\" content=\"@pspv_cs\" \/>\n<meta name=\"twitter:site\" content=\"@pspv_cs\" \/>\n<meta name=\"twitter:label1\" content=\"Escrito por\" \/>\n\t<meta name=\"twitter:data1\" content=\"castello1\" \/>\n\t<meta name=\"twitter:label2\" content=\"Tiempo de lectura\" \/>\n\t<meta name=\"twitter:data2\" content=\"6 minutos\" \/>\n<script type=\"application\/ld+json\" class=\"yoast-schema-graph\">{\"@context\":\"https:\/\/schema.org\",\"@graph\":[{\"@type\":\"Article\",\"@id\":\"https:\/\/agrupacionespsoe.es\/castello\/va\/el-pspv-recolza-les-ajudes-al-comerc-afectat-per-les-obres-en-la-zones-de-baixa-emissions-de-castello-pero-exigeix-a-carrasco-participacio-dels-comerciants-en-les-bases\/#article\",\"isPartOf\":{\"@id\":\"https:\/\/agrupacionespsoe.es\/castello\/va\/el-pspv-recolza-les-ajudes-al-comerc-afectat-per-les-obres-en-la-zones-de-baixa-emissions-de-castello-pero-exigeix-a-carrasco-participacio-dels-comerciants-en-les-bases\/\"},\"author\":{\"name\":\"castello1\",\"@id\":\"https:\/\/agrupacionespsoe.es\/castello\/#\/schema\/person\/f3bc5b2f9dc6a399e9e98596ae24a20a\"},\"headline\":\"El PSPV recolza les ajudes al comer\u00e7 afectat per les obres en la zones de baixa emissions de Castell\u00f3 per\u00f2 exigeix a Carrasco participaci\u00f3 dels comerciants en les bases\",\"datePublished\":\"2024-06-27T16:42:02+00:00\",\"dateModified\":\"2024-07-04T15:42:10+00:00\",\"mainEntityOfPage\":{\"@id\":\"https:\/\/agrupacionespsoe.es\/castello\/va\/el-pspv-recolza-les-ajudes-al-comerc-afectat-per-les-obres-en-la-zones-de-baixa-emissions-de-castello-pero-exigeix-a-carrasco-participacio-dels-comerciants-en-les-bases\/\"},\"wordCount\":1185,\"commentCount\":0,\"publisher\":{\"@id\":\"https:\/\/agrupacionespsoe.es\/castello\/#organization\"},\"image\":{\"@id\":\"https:\/\/agrupacionespsoe.es\/castello\/va\/el-pspv-recolza-les-ajudes-al-comerc-afectat-per-les-obres-en-la-zones-de-baixa-emissions-de-castello-pero-exigeix-a-carrasco-participacio-dels-comerciants-en-les-bases\/#primaryimage\"},\"thumbnailUrl\":\"https:\/\/agrupacionespsoe.es\/castello\/wp-content\/uploads\/sites\/45\/2024\/06\/20240627-El-PSPV-respalda-las-ayudas-al-comercio-afectado-por-las-obras-en-la-zonas-de-baja-emisiones-de-Castello-pero-exige-a-Carrasco-participacion-scaled.jpg\",\"keywords\":[\"Jos\u00e9 Luis L\u00f3pez\",\"M\u00f3nica Barab\u00e1s\",\"Patricia Puerta\",\"Todos\"],\"articleSection\":[\"Grup Municipal Socialista\"],\"inLanguage\":\"es\",\"potentialAction\":[{\"@type\":\"CommentAction\",\"name\":\"Comment\",\"target\":[\"https:\/\/agrupacionespsoe.es\/castello\/va\/el-pspv-recolza-les-ajudes-al-comerc-afectat-per-les-obres-en-la-zones-de-baixa-emissions-de-castello-pero-exigeix-a-carrasco-participacio-dels-comerciants-en-les-bases\/#respond\"]}]},{\"@type\":\"WebPage\",\"@id\":\"https:\/\/agrupacionespsoe.es\/castello\/va\/el-pspv-recolza-les-ajudes-al-comerc-afectat-per-les-obres-en-la-zones-de-baixa-emissions-de-castello-pero-exigeix-a-carrasco-participacio-dels-comerciants-en-les-bases\/\",\"url\":\"https:\/\/agrupacionespsoe.es\/castello\/va\/el-pspv-recolza-les-ajudes-al-comerc-afectat-per-les-obres-en-la-zones-de-baixa-emissions-de-castello-pero-exigeix-a-carrasco-participacio-dels-comerciants-en-les-bases\/\",\"name\":\"El PSPV recolza les ajudes al comer\u00e7 afectat per les obres en la zones de baixa emissions de Castell\u00f3 per\u00f2 exigeix a Carrasco participaci\u00f3 dels comerciants en les bases - PSPV-PSOE CASTELL\u00d3\",\"isPartOf\":{\"@id\":\"https:\/\/agrupacionespsoe.es\/castello\/#website\"},\"primaryImageOfPage\":{\"@id\":\"https:\/\/agrupacionespsoe.es\/castello\/va\/el-pspv-recolza-les-ajudes-al-comerc-afectat-per-les-obres-en-la-zones-de-baixa-emissions-de-castello-pero-exigeix-a-carrasco-participacio-dels-comerciants-en-les-bases\/#primaryimage\"},\"image\":{\"@id\":\"https:\/\/agrupacionespsoe.es\/castello\/va\/el-pspv-recolza-les-ajudes-al-comerc-afectat-per-les-obres-en-la-zones-de-baixa-emissions-de-castello-pero-exigeix-a-carrasco-participacio-dels-comerciants-en-les-bases\/#primaryimage\"},\"thumbnailUrl\":\"https:\/\/agrupacionespsoe.es\/castello\/wp-content\/uploads\/sites\/45\/2024\/06\/20240627-El-PSPV-respalda-las-ayudas-al-comercio-afectado-por-las-obras-en-la-zonas-de-baja-emisiones-de-Castello-pero-exige-a-Carrasco-participacion-scaled.jpg\",\"datePublished\":\"2024-06-27T16:42:02+00:00\",\"dateModified\":\"2024-07-04T15:42:10+00:00\",\"breadcrumb\":{\"@id\":\"https:\/\/agrupacionespsoe.es\/castello\/va\/el-pspv-recolza-les-ajudes-al-comerc-afectat-per-les-obres-en-la-zones-de-baixa-emissions-de-castello-pero-exigeix-a-carrasco-participacio-dels-comerciants-en-les-bases\/#breadcrumb\"},\"inLanguage\":\"es\",\"potentialAction\":[{\"@type\":\"ReadAction\",\"target\":[\"https:\/\/agrupacionespsoe.es\/castello\/va\/el-pspv-recolza-les-ajudes-al-comerc-afectat-per-les-obres-en-la-zones-de-baixa-emissions-de-castello-pero-exigeix-a-carrasco-participacio-dels-comerciants-en-les-bases\/\"]}]},{\"@type\":\"ImageObject\",\"inLanguage\":\"es\",\"@id\":\"https:\/\/agrupacionespsoe.es\/castello\/va\/el-pspv-recolza-les-ajudes-al-comerc-afectat-per-les-obres-en-la-zones-de-baixa-emissions-de-castello-pero-exigeix-a-carrasco-participacio-dels-comerciants-en-les-bases\/#primaryimage\",\"url\":\"https:\/\/agrupacionespsoe.es\/castello\/wp-content\/uploads\/sites\/45\/2024\/06\/20240627-El-PSPV-respalda-las-ayudas-al-comercio-afectado-por-las-obras-en-la-zonas-de-baja-emisiones-de-Castello-pero-exige-a-Carrasco-participacion-scaled.jpg\",\"contentUrl\":\"https:\/\/agrupacionespsoe.es\/castello\/wp-content\/uploads\/sites\/45\/2024\/06\/20240627-El-PSPV-respalda-las-ayudas-al-comercio-afectado-por-las-obras-en-la-zonas-de-baja-emisiones-de-Castello-pero-exige-a-Carrasco-participacion-scaled.jpg\",\"width\":2560,\"height\":1920},{\"@type\":\"BreadcrumbList\",\"@id\":\"https:\/\/agrupacionespsoe.es\/castello\/va\/el-pspv-recolza-les-ajudes-al-comerc-afectat-per-les-obres-en-la-zones-de-baixa-emissions-de-castello-pero-exigeix-a-carrasco-participacio-dels-comerciants-en-les-bases\/#breadcrumb\",\"itemListElement\":[{\"@type\":\"ListItem\",\"position\":1,\"name\":\"Portada\",\"item\":\"https:\/\/agrupacionespsoe.es\/castello\/\"},{\"@type\":\"ListItem\",\"position\":2,\"name\":\"El PSPV recolza les ajudes al comer\u00e7 afectat per les obres en la zones de baixa emissions de Castell\u00f3 per\u00f2 exigeix a Carrasco participaci\u00f3 dels comerciants en les bases\"}]},{\"@type\":\"WebSite\",\"@id\":\"https:\/\/agrupacionespsoe.es\/castello\/#website\",\"url\":\"https:\/\/agrupacionespsoe.es\/castello\/\",\"name\":\"PSPV-PSOE CASTELL\u00d3\",\"description\":\"PSPV-PSOE | Agrupaci\u00f3 de Castell\u00f3\",\"publisher\":{\"@id\":\"https:\/\/agrupacionespsoe.es\/castello\/#organization\"},\"potentialAction\":[{\"@type\":\"SearchAction\",\"target\":{\"@type\":\"EntryPoint\",\"urlTemplate\":\"https:\/\/agrupacionespsoe.es\/castello\/?s={search_term_string}\"},\"query-input\":{\"@type\":\"PropertyValueSpecification\",\"valueRequired\":true,\"valueName\":\"search_term_string\"}}],\"inLanguage\":\"es\"},{\"@type\":\"Organization\",\"@id\":\"https:\/\/agrupacionespsoe.es\/castello\/#organization\",\"name\":\"PSPV-PSOE Castell\u00f3\",\"url\":\"https:\/\/agrupacionespsoe.es\/castello\/\",\"logo\":{\"@type\":\"ImageObject\",\"inLanguage\":\"es\",\"@id\":\"https:\/\/agrupacionespsoe.es\/castello\/#\/schema\/logo\/image\/\",\"url\":\"https:\/\/agrupacionespsoe.es\/castello\/wp-content\/uploads\/sites\/45\/2023\/04\/PORTADA-PSOE-CASTELLO.jpg\",\"contentUrl\":\"https:\/\/agrupacionespsoe.es\/castello\/wp-content\/uploads\/sites\/45\/2023\/04\/PORTADA-PSOE-CASTELLO.jpg\",\"width\":2500,\"height\":2500,\"caption\":\"PSPV-PSOE Castell\u00f3\"},\"image\":{\"@id\":\"https:\/\/agrupacionespsoe.es\/castello\/#\/schema\/logo\/image\/\"},\"sameAs\":[\"https:\/\/www.facebook.com\/pspv.castellodelaplana\",\"https:\/\/x.com\/pspv_cs\",\"https:\/\/www.instagram.com\/pspvpsoecastello\/\"]},{\"@type\":\"Person\",\"@id\":\"https:\/\/agrupacionespsoe.es\/castello\/#\/schema\/person\/f3bc5b2f9dc6a399e9e98596ae24a20a\",\"name\":\"castello1\",\"image\":{\"@type\":\"ImageObject\",\"inLanguage\":\"es\",\"@id\":\"https:\/\/agrupacionespsoe.es\/castello\/#\/schema\/person\/image\/\",\"url\":\"https:\/\/secure.gravatar.com\/avatar\/5f1da428d6479d1127419c0b58796865?s=96&d=mm&r=g\",\"contentUrl\":\"https:\/\/secure.gravatar.com\/avatar\/5f1da428d6479d1127419c0b58796865?s=96&d=mm&r=g\",\"caption\":\"castello1\"},\"url\":\"https:\/\/agrupacionespsoe.es\/castello\/author\/castello1\/\"}]}<\/script>\n<!-- \/ Yoast SEO plugin. -->","yoast_head_json":{"title":"El PSPV recolza les ajudes al comer\u00e7 afectat per les obres en la zones de baixa emissions de Castell\u00f3 per\u00f2 exigeix a Carrasco participaci\u00f3 dels comerciants en les bases - PSPV-PSOE CASTELL\u00d3","robots":{"index":"index","follow":"follow","max-snippet":"max-snippet:-1","max-image-preview":"max-image-preview:large","max-video-preview":"max-video-preview:-1"},"canonical":"https:\/\/agrupacionespsoe.es\/castello\/va\/el-pspv-recolza-les-ajudes-al-comerc-afectat-per-les-obres-en-la-zones-de-baixa-emissions-de-castello-pero-exigeix-a-carrasco-participacio-dels-comerciants-en-les-bases\/","og_locale":"es_ES","og_type":"article","og_title":"El PSPV recolza les ajudes al comer\u00e7 afectat per les obres en la zones de baixa emissions de Castell\u00f3 per\u00f2 exigeix a Carrasco participaci\u00f3 dels comerciants en les bases - PSPV-PSOE CASTELL\u00d3","og_description":"\u25cf El Grup Municipal Socialista tem que la modificaci\u00f3 de cr\u00e8dits siga una \u201cmera operaci\u00f3 de maquillatge\u201d i confia que \u201cno es deixe la coordinaci\u00f3 de les subvencions en mans del regidor Alberto Vidal, \u201cque ja hem vist com ha sigut capa\u00e7 de convertir-nos en la riota nacional amb campanyes infames com la del Dia ...","og_url":"https:\/\/agrupacionespsoe.es\/castello\/va\/el-pspv-recolza-les-ajudes-al-comerc-afectat-per-les-obres-en-la-zones-de-baixa-emissions-de-castello-pero-exigeix-a-carrasco-participacio-dels-comerciants-en-les-bases\/","og_site_name":"PSPV-PSOE CASTELL\u00d3","article_publisher":"https:\/\/www.facebook.com\/pspv.castellodelaplana","article_published_time":"2024-06-27T16:42:02+00:00","article_modified_time":"2024-07-04T15:42:10+00:00","og_image":[{"width":2560,"height":1920,"url":"https:\/\/agrupacionespsoe.es\/castello\/wp-content\/uploads\/sites\/45\/2024\/06\/20240627-El-PSPV-respalda-las-ayudas-al-comercio-afectado-por-las-obras-en-la-zonas-de-baja-emisiones-de-Castello-pero-exige-a-Carrasco-participacion-scaled.jpg","type":"image\/jpeg"}],"author":"castello1","twitter_card":"summary_large_image","twitter_creator":"@pspv_cs","twitter_site":"@pspv_cs","twitter_misc":{"Escrito por":"castello1","Tiempo de lectura":"6 minutos"},"schema":{"@context":"https:\/\/schema.org","@graph":[{"@type":"Article","@id":"https:\/\/agrupacionespsoe.es\/castello\/va\/el-pspv-recolza-les-ajudes-al-comerc-afectat-per-les-obres-en-la-zones-de-baixa-emissions-de-castello-pero-exigeix-a-carrasco-participacio-dels-comerciants-en-les-bases\/#article","isPartOf":{"@id":"https:\/\/agrupacionespsoe.es\/castello\/va\/el-pspv-recolza-les-ajudes-al-comerc-afectat-per-les-obres-en-la-zones-de-baixa-emissions-de-castello-pero-exigeix-a-carrasco-participacio-dels-comerciants-en-les-bases\/"},"author":{"name":"castello1","@id":"https:\/\/agrupacionespsoe.es\/castello\/#\/schema\/person\/f3bc5b2f9dc6a399e9e98596ae24a20a"},"headline":"El PSPV recolza les ajudes al comer\u00e7 afectat per les obres en la zones de baixa emissions de Castell\u00f3 per\u00f2 exigeix a Carrasco participaci\u00f3 dels comerciants en les bases","datePublished":"2024-06-27T16:42:02+00:00","dateModified":"2024-07-04T15:42:10+00:00","mainEntityOfPage":{"@id":"https:\/\/agrupacionespsoe.es\/castello\/va\/el-pspv-recolza-les-ajudes-al-comerc-afectat-per-les-obres-en-la-zones-de-baixa-emissions-de-castello-pero-exigeix-a-carrasco-participacio-dels-comerciants-en-les-bases\/"},"wordCount":1185,"commentCount":0,"publisher":{"@id":"https:\/\/agrupacionespsoe.es\/castello\/#organization"},"image":{"@id":"https:\/\/agrupacionespsoe.es\/castello\/va\/el-pspv-recolza-les-ajudes-al-comerc-afectat-per-les-obres-en-la-zones-de-baixa-emissions-de-castello-pero-exigeix-a-carrasco-participacio-dels-comerciants-en-les-bases\/#primaryimage"},"thumbnailUrl":"https:\/\/agrupacionespsoe.es\/castello\/wp-content\/uploads\/sites\/45\/2024\/06\/20240627-El-PSPV-respalda-las-ayudas-al-comercio-afectado-por-las-obras-en-la-zonas-de-baja-emisiones-de-Castello-pero-exige-a-Carrasco-participacion-scaled.jpg","keywords":["Jos\u00e9 Luis L\u00f3pez","M\u00f3nica Barab\u00e1s","Patricia Puerta","Todos"],"articleSection":["Grup Municipal Socialista"],"inLanguage":"es","potentialAction":[{"@type":"CommentAction","name":"Comment","target":["https:\/\/agrupacionespsoe.es\/castello\/va\/el-pspv-recolza-les-ajudes-al-comerc-afectat-per-les-obres-en-la-zones-de-baixa-emissions-de-castello-pero-exigeix-a-carrasco-participacio-dels-comerciants-en-les-bases\/#respond"]}]},{"@type":"WebPage","@id":"https:\/\/agrupacionespsoe.es\/castello\/va\/el-pspv-recolza-les-ajudes-al-comerc-afectat-per-les-obres-en-la-zones-de-baixa-emissions-de-castello-pero-exigeix-a-carrasco-participacio-dels-comerciants-en-les-bases\/","url":"https:\/\/agrupacionespsoe.es\/castello\/va\/el-pspv-recolza-les-ajudes-al-comerc-afectat-per-les-obres-en-la-zones-de-baixa-emissions-de-castello-pero-exigeix-a-carrasco-participacio-dels-comerciants-en-les-bases\/","name":"El PSPV recolza les ajudes al comer\u00e7 afectat per les obres en la zones de baixa emissions de Castell\u00f3 per\u00f2 exigeix a Carrasco participaci\u00f3 dels comerciants en les bases - PSPV-PSOE CASTELL\u00d3","isPartOf":{"@id":"https:\/\/agrupacionespsoe.es\/castello\/#website"},"primaryImageOfPage":{"@id":"https:\/\/agrupacionespsoe.es\/castello\/va\/el-pspv-recolza-les-ajudes-al-comerc-afectat-per-les-obres-en-la-zones-de-baixa-emissions-de-castello-pero-exigeix-a-carrasco-participacio-dels-comerciants-en-les-bases\/#primaryimage"},"image":{"@id":"https:\/\/agrupacionespsoe.es\/castello\/va\/el-pspv-recolza-les-ajudes-al-comerc-afectat-per-les-obres-en-la-zones-de-baixa-emissions-de-castello-pero-exigeix-a-carrasco-participacio-dels-comerciants-en-les-bases\/#primaryimage"},"thumbnailUrl":"https:\/\/agrupacionespsoe.es\/castello\/wp-content\/uploads\/sites\/45\/2024\/06\/20240627-El-PSPV-respalda-las-ayudas-al-comercio-afectado-por-las-obras-en-la-zonas-de-baja-emisiones-de-Castello-pero-exige-a-Carrasco-participacion-scaled.jpg","datePublished":"2024-06-27T16:42:02+00:00","dateModified":"2024-07-04T15:42:10+00:00","breadcrumb":{"@id":"https:\/\/agrupacionespsoe.es\/castello\/va\/el-pspv-recolza-les-ajudes-al-comerc-afectat-per-les-obres-en-la-zones-de-baixa-emissions-de-castello-pero-exigeix-a-carrasco-participacio-dels-comerciants-en-les-bases\/#breadcrumb"},"inLanguage":"es","potentialAction":[{"@type":"ReadAction","target":["https:\/\/agrupacionespsoe.es\/castello\/va\/el-pspv-recolza-les-ajudes-al-comerc-afectat-per-les-obres-en-la-zones-de-baixa-emissions-de-castello-pero-exigeix-a-carrasco-participacio-dels-comerciants-en-les-bases\/"]}]},{"@type":"ImageObject","inLanguage":"es","@id":"https:\/\/agrupacionespsoe.es\/castello\/va\/el-pspv-recolza-les-ajudes-al-comerc-afectat-per-les-obres-en-la-zones-de-baixa-emissions-de-castello-pero-exigeix-a-carrasco-participacio-dels-comerciants-en-les-bases\/#primaryimage","url":"https:\/\/agrupacionespsoe.es\/castello\/wp-content\/uploads\/sites\/45\/2024\/06\/20240627-El-PSPV-respalda-las-ayudas-al-comercio-afectado-por-las-obras-en-la-zonas-de-baja-emisiones-de-Castello-pero-exige-a-Carrasco-participacion-scaled.jpg","contentUrl":"https:\/\/agrupacionespsoe.es\/castello\/wp-content\/uploads\/sites\/45\/2024\/06\/20240627-El-PSPV-respalda-las-ayudas-al-comercio-afectado-por-las-obras-en-la-zonas-de-baja-emisiones-de-Castello-pero-exige-a-Carrasco-participacion-scaled.jpg","width":2560,"height":1920},{"@type":"BreadcrumbList","@id":"https:\/\/agrupacionespsoe.es\/castello\/va\/el-pspv-recolza-les-ajudes-al-comerc-afectat-per-les-obres-en-la-zones-de-baixa-emissions-de-castello-pero-exigeix-a-carrasco-participacio-dels-comerciants-en-les-bases\/#breadcrumb","itemListElement":[{"@type":"ListItem","position":1,"name":"Portada","item":"https:\/\/agrupacionespsoe.es\/castello\/"},{"@type":"ListItem","position":2,"name":"El PSPV recolza les ajudes al comer\u00e7 afectat per les obres en la zones de baixa emissions de Castell\u00f3 per\u00f2 exigeix a Carrasco participaci\u00f3 dels comerciants en les bases"}]},{"@type":"WebSite","@id":"https:\/\/agrupacionespsoe.es\/castello\/#website","url":"https:\/\/agrupacionespsoe.es\/castello\/","name":"PSPV-PSOE CASTELL\u00d3","description":"PSPV-PSOE | Agrupaci\u00f3 de Castell\u00f3","publisher":{"@id":"https:\/\/agrupacionespsoe.es\/castello\/#organization"},"potentialAction":[{"@type":"SearchAction","target":{"@type":"EntryPoint","urlTemplate":"https:\/\/agrupacionespsoe.es\/castello\/?s={search_term_string}"},"query-input":{"@type":"PropertyValueSpecification","valueRequired":true,"valueName":"search_term_string"}}],"inLanguage":"es"},{"@type":"Organization","@id":"https:\/\/agrupacionespsoe.es\/castello\/#organization","name":"PSPV-PSOE Castell\u00f3","url":"https:\/\/agrupacionespsoe.es\/castello\/","logo":{"@type":"ImageObject","inLanguage":"es","@id":"https:\/\/agrupacionespsoe.es\/castello\/#\/schema\/logo\/image\/","url":"https:\/\/agrupacionespsoe.es\/castello\/wp-content\/uploads\/sites\/45\/2023\/04\/PORTADA-PSOE-CASTELLO.jpg","contentUrl":"https:\/\/agrupacionespsoe.es\/castello\/wp-content\/uploads\/sites\/45\/2023\/04\/PORTADA-PSOE-CASTELLO.jpg","width":2500,"height":2500,"caption":"PSPV-PSOE Castell\u00f3"},"image":{"@id":"https:\/\/agrupacionespsoe.es\/castello\/#\/schema\/logo\/image\/"},"sameAs":["https:\/\/www.facebook.com\/pspv.castellodelaplana","https:\/\/x.com\/pspv_cs","https:\/\/www.instagram.com\/pspvpsoecastello\/"]},{"@type":"Person","@id":"https:\/\/agrupacionespsoe.es\/castello\/#\/schema\/person\/f3bc5b2f9dc6a399e9e98596ae24a20a","name":"castello1","image":{"@type":"ImageObject","inLanguage":"es","@id":"https:\/\/agrupacionespsoe.es\/castello\/#\/schema\/person\/image\/","url":"https:\/\/secure.gravatar.com\/avatar\/5f1da428d6479d1127419c0b58796865?s=96&d=mm&r=g","contentUrl":"https:\/\/secure.gravatar.com\/avatar\/5f1da428d6479d1127419c0b58796865?s=96&d=mm&r=g","caption":"castello1"},"url":"https:\/\/agrupacionespsoe.es\/castello\/author\/castello1\/"}]}},"jetpack_publicize_connections":[],"jetpack_featured_media_url":"https:\/\/agrupacionespsoe.es\/castello\/wp-content\/uploads\/sites\/45\/2024\/06\/20240627-El-PSPV-respalda-las-ayudas-al-comercio-afectado-por-las-obras-en-la-zonas-de-baja-emisiones-de-Castello-pero-exige-a-Carrasco-participacion-scaled.jpg","jetpack_sharing_enabled":true,"_links":{"self":[{"href":"https:\/\/agrupacionespsoe.es\/castello\/wp-json\/wp\/v2\/posts\/5486","targetHints":{"allow":["GET"]}}],"collection":[{"href":"https:\/\/agrupacionespsoe.es\/castello\/wp-json\/wp\/v2\/posts"}],"about":[{"href":"https:\/\/agrupacionespsoe.es\/castello\/wp-json\/wp\/v2\/types\/post"}],"author":[{"embeddable":true,"href":"https:\/\/agrupacionespsoe.es\/castello\/wp-json\/wp\/v2\/users\/48"}],"replies":[{"embeddable":true,"href":"https:\/\/agrupacionespsoe.es\/castello\/wp-json\/wp\/v2\/comments?post=5486"}],"version-history":[{"count":3,"href":"https:\/\/agrupacionespsoe.es\/castello\/wp-json\/wp\/v2\/posts\/5486\/revisions"}],"predecessor-version":[{"id":5490,"href":"https:\/\/agrupacionespsoe.es\/castello\/wp-json\/wp\/v2\/posts\/5486\/revisions\/5490"}],"wp:featuredmedia":[{"embeddable":true,"href":"https:\/\/agrupacionespsoe.es\/castello\/wp-json\/wp\/v2\/media\/5483"}],"wp:attachment":[{"href":"https:\/\/agrupacionespsoe.es\/castello\/wp-json\/wp\/v2\/media?parent=5486"}],"wp:term":[{"taxonomy":"category","embeddable":true,"href":"https:\/\/agrupacionespsoe.es\/castello\/wp-json\/wp\/v2\/categories?post=5486"},{"taxonomy":"post_tag","embeddable":true,"href":"https:\/\/agrupacionespsoe.es\/castello\/wp-json\/wp\/v2\/tags?post=5486"}],"curies":[{"name":"wp","href":"https:\/\/api.w.org\/{rel}","templated":true}]}}