{"id":5478,"date":"2024-06-27T18:39:50","date_gmt":"2024-06-27T16:39:50","guid":{"rendered":"https:\/\/agrupacionespsoe.es\/castello\/?p=5478"},"modified":"2024-07-04T17:42:10","modified_gmt":"2024-07-04T15:42:10","slug":"el-pspv-respalda-las-ayudas-al-comercio-afectado-por-las-obras-en-la-zonas-de-baja-emisiones-de-castello-pero-exige-a-carrasco-participacion-de-los-comerciantes-en-las-bases","status":"publish","type":"post","link":"https:\/\/agrupacionespsoe.es\/castello\/el-pspv-respalda-las-ayudas-al-comercio-afectado-por-las-obras-en-la-zonas-de-baja-emisiones-de-castello-pero-exige-a-carrasco-participacion-de-los-comerciantes-en-las-bases\/","title":{"rendered":"El PSPV respalda las ayudas al comercio afectado por las obras en la zonas de baja emisiones de Castell\u00f3 pero exige a Carrasco participaci\u00f3n de los comerciantes en las bases"},"content":{"rendered":"\n<h6 class=\"wp-block-heading\"><em>\u25cf<\/em> <em><strong>El Grupo Municipal Socialista teme que la modificaci\u00f3n de cr\u00e9ditos sea una \u201cmera operaci\u00f3n de maquillaje\u201d y conf\u00eda en que \u201cno se deje la coordinaci\u00f3n de las subvenciones en manos del concejal Alberto Vidal, \u201cque ya hemos visto c\u00f3mo ha sido capaz de convertirnos en el hazmerre\u00edr nacional con campa\u00f1as infames como la del D\u00eda de la Suegra\u201d<\/strong><\/em><\/h6>\n\n\n\n<h6 class=\"wp-block-heading\"><em><em>\u25cf<\/em><\/em> <em><strong>El PSPV critica al equipo de gobierno PP-Vox por vetar la declaraci\u00f3n institucional para adherirse al manifiesto de la FVMP del D\u00eda Internacional del Orgullo y califica de \u201clamentables\u201d las palabras de un cargo del Partido Popular como la alcaldesa de Valencia, Mar\u00eda Jos\u00e9 Catal\u00e1, se\u00f1alando que no colgaba la bandera del colectivo LGTBI en la fachada del ayuntamiento porque tampoco lo hac\u00eda con las banderas de \u201cenfermedades\u201d como el Alzh\u00e9imer o la ELA<\/strong><\/em><\/h6>\n\n\n\n<h6 class=\"wp-block-heading\"><em>\u25cf<\/em> <em><strong>La portavoz socialista, Patricia Puerta, reclama a la alcaldesa de Castell\u00f3 el \u201ccese fulminante\u201d del concejal de Seguridad Ciudadana, el ultraderechista Antonio Ortol\u00e1, por sus \u201cdespreciables palabras xen\u00f3fobas por el caso del asesinato de un hombre en Gata de Gorgos, vinculando la inmigraci\u00f3n con la delincuencia\u201d<\/strong><\/em><\/h6>\n\n\n\n<p>El Grupo Municipal Socialista ha respaldado con su voto a favor la modificaci\u00f3n de cr\u00e9ditos del Ayuntamiento de Castell\u00f3 para articular ayudas por valor de 2 millones de euros al comercio afectado por las obras de la zona de bajas emisiones. La concejala <strong>M\u00f3nica Barab\u00e1s<\/strong>, que ha defendido en el pleno la postura del PSPV, ha destacado que \u201ctodos y todas debemos ir de la mano para respaldar a nuestros y nuestras comerciantes, pero estaremos vigilantes para que no estemos ante una operaci\u00f3n de maquillaje que quede en nada\u201d.<\/p>\n\n\n\n<figure class=\"wp-block-video\"><video controls src=\"https:\/\/agrupacionespsoe.es\/castello\/wp-content\/uploads\/sites\/45\/2024\/06\/monica-barabas-comercio.mp4\"><\/video><figcaption class=\"wp-element-caption\">Intervenci\u00f3n de M\u00f3nica Barab\u00e1s en el Pleno<\/figcaption><\/figure>\n\n\n\n<p>En el debate plenario, M\u00f3nica Barab\u00e1s ha reclamado al equipo de gobierno PP-Vox \u201ctransparencia\u201d y, sobre todo, \u201cparticipaci\u00f3n directa de los propios comercios en los \u00f3rganos correspondientes, porque elaborar las bases para que lleguen ayudas por lucro cesante deber\u00eda contar con todas las partes y no estar a expensas de un concejal de Comercio, como el se\u00f1or <strong>Alberto Vidal<\/strong>, que ya nos ha mostrado su capacidad para convertirnos en hazmerre\u00edr nacional con su infame campa\u00f1a del D\u00eda de la Suegra\u201d.<\/p>\n\n\n\n<p>Una campa\u00f1a que, tras escuchar al propio Vidal en la sesi\u00f3n plenaria de hoy, \u201cnos ratifica en dos cosas: que ha sido un fracaso, porque ni siquiera el edil sabe qu\u00e9 ventas ha generado, y que es un concejal cobarde, incapaz de asumir sus errores al culpar de la campa\u00f1a a la empresa de creatividad, como si el se\u00f1or Vidal pasase por ah\u00ed de casualidad\u201d, ha ironizado la edil socialista.<\/p>\n\n\n\n<p>Barab\u00e1s ha mostrado tambi\u00e9n su \u201csorpresa\u201d por la defensa que hace ahora <strong>Bego\u00f1a Carrasco<\/strong> de los proyectos incluidos en la zona de bajas emisiones, \u201ccuando ha estado meses y meses, desde la oposici\u00f3n, critic\u00e1ndolos\u201d. Ahora \u201cestamos ante la gran defensora de estos proyectos e incluso dice que tendremos una ciudad m\u00e1s bonita y m\u00e1s verde\u201d, se\u00f1ala M\u00f3nica Barab\u00e1s, quien recuerda que si eso va a ser posible \u201ces porque el anterior gobierno de progreso liderado por el Partido Socialista se encarg\u00f3 de impulsarlo\u201d.<\/p>\n\n\n\n<p><strong>Moci\u00f3n LGTBI+<\/strong><br>Por otro lado, el Grupo Municipal Socialista ha votado a favor de la moci\u00f3n de Comprom\u00eds para recuperar la unidad de acci\u00f3n del movimiento LGTBI+ de Castell\u00f3, propuesta que ha contado con el rechazo de PP-Vox, \u201clo que vuelve a dejar a la se\u00f1ora Carrasco en manos de la ultraderecha, por mucho que ahora quiera hacerse adalid de los derechos del colectivo LGTBI\u201d.<\/p>\n\n\n\n<figure class=\"wp-block-video\"><video controls src=\"https:\/\/agrupacionespsoe.es\/castello\/wp-content\/uploads\/sites\/45\/2024\/06\/jose-luis-mocion-lgtbi.mp4\"><\/video><\/figure>\n\n\n\n<p><strong>Jos\u00e9 Luis L\u00f3pez<\/strong>, portavoz adjunto socialista, ha aprovechado para criticar especialmente la actitud del gobierno municipal al vetar la declaraci\u00f3n institucional, planteada por el PSPV, para adherirse al manifiesto de la FVMP del D\u00eda Internacional del Orgullo. \u201cPoco nos puede sorprender, en cualquier caso, la postura en este tema del PP, cuando ayer mismo nos encontramos con unas lamentables palabras de un cargo del Partido Popular como la alcaldesa de Valencia, <strong>Mar\u00eda Jos\u00e9 Catal\u00e1<\/strong>, se\u00f1alando que no colgaba la bandera del colectivo LGTBI en la fachada del ayuntamiento porque tampoco lo hac\u00eda con las banderas de enfermedades como el Alzheimer o la ELA\u201d. \u201cDe verdad, se\u00f1ora Carrasco, que en su partido son capaces de comparar la homosexualidad con una enfermedad? \u00bfUstedes se escuchan? Dan verg\u00fcenza\u201d, ha se\u00f1alado de forma contundente Jos\u00e9 Luis L\u00f3pez desde el atril del pleno.<\/p>\n\n\n\n<p>El portavoz adjunto socialista ya ha advertido que cuando PP y Vox, \u201cjuntos o revueltos\u201d, retiren o escondan los libros LGTBI de las estanter\u00edas de bibliotecas, \u201cnosotros y nosotras llenaremos cada rinc\u00f3n de nuestros pueblos y ciudades de libros feministas y LGTBI\u201d; cuando proh\u00edban o escondan las banderas LGTBI en las fachadas de los ayuntamientos, \u201cnosotros y nosotras llenaremos las calles con los colores de la bandera del orgullo\u201d; cuando cancelen pel\u00edculas por salir dos mujeres d\u00e1ndose un beso, \u201cnosotros y nosotras difundiremos esas pel\u00edculas para fomentar la diversidad\u201d, y cuando nos insulten y nos llamen reba\u00f1os de colorines, entonces nos tendr\u00e1n enfrente, porque ante tanta intolerancia, irresponsabilidad y odio, nosotros y nosotras nos defenderemos con todas nuestras fuerzas con tolerancia, respeto y amor, mucho amor, ya que lo contrario, se\u00f1ora Carrasco, ser\u00eda la indiferencia\u201d, ha recalcado L\u00f3pez.<\/p>\n\n\n\n<p><strong>Dimisi\u00f3n de Ortol\u00e1<\/strong><br>Ya en el apartado de ruegos y preguntas, la portavoz socialista, <strong>Patricia Puerta<\/strong>, ha exigido a la alcaldesa, Bego\u00f1a Carrasco, que \u201ccese de manera fulminante a su concejal de Seguridad, el se\u00f1or <strong>Antonio Ortol\u00e1<\/strong>, si no quiere que la arrastre al fango\u201d. Puerta ha acusado a Carrasco de \u201cser la \u00fanica responsable de tener en el equipo de gobierno a un concejal con un discurso xen\u00f3fobo que no cabe en nuestra sociedad\u201d.<\/p>\n\n\n\n<figure class=\"wp-block-audio\"><audio controls src=\"https:\/\/agrupacionespsoe.es\/castello\/wp-content\/uploads\/sites\/45\/2024\/06\/patricia-dimision-ortola.mp3\"><\/audio><figcaption class=\"wp-element-caption\">Declaraciones Patricia Puerta<\/figcaption><\/figure>\n\n\n\n<p>Para la portavoz socialista, \u201cvincular la inmigraci\u00f3n, d\u00eda tras d\u00eda, con la delincuencia es incitar al odio, algo que se le da muy bien al se\u00f1or Ortol\u00e1, como vimos tambi\u00e9n en otros \u00e1mbitos, con sus v\u00eddeos contra colectivos como la Cosa Nostra, que ya vemos c\u00f3mo acab\u00f3 en las pasadas fiestas de la Magdalena\u201d.<\/p>\n\n\n\n<p>Patricia Puerta ha apuntado que \u201cCarrasco est\u00e1 cada vez m\u00e1s mimetizada con la ultraderecha, porque con su silencio asume de forma patente los discursos racistas de su concejal de Seguridad Ciudadana, en este caso por sus \u201cdespreciables palabras xen\u00f3fobas tras el asesinato de un hombre en Gata de Gorgos, vinculando la inmigraci\u00f3n con la delincuencia\u201d.<\/p>\n\n\n\n<p>La edil socialista le ha planteado a la alcaldesa \u201cque sea capaz de decirle a todos y todas sus votantes inmigrantes, que seguramente los tendr\u00e1, que son delincuentes. Y si no lo dice, anuncie al menos que, ma\u00f1ana mismo, firma el cese del se\u00f1or Ortol\u00e1, su concejal nada menos que de Seguridad Ciudadana, con un discurso siempre lleno de odio al que usted, se\u00f1ora Carrasco, le ha puesto la alfombra roja\u201d.<\/p>\n","protected":false},"excerpt":{"rendered":"<p>\u25cf El Grupo Municipal Socialista teme que la modificaci\u00f3n de cr\u00e9ditos sea una \u201cmera operaci\u00f3n de maquillaje\u201d y conf\u00eda en que \u201cno se deje la coordinaci\u00f3n de las subvenciones en manos del concejal Alberto Vidal, \u201cque ya hemos visto c\u00f3mo ha sido capaz de convertirnos en el hazmerre\u00edr nacional con campa\u00f1as infames como la del &#8230;<\/p>\n","protected":false},"author":48,"featured_media":5483,"comment_status":"open","ping_status":"open","sticky":false,"template":"","format":"standard","meta":{"_jetpack_memberships_contains_paid_content":false,"footnotes":"","jetpack_publicize_message":"","jetpack_publicize_feature_enabled":true,"jetpack_social_post_already_shared":false,"jetpack_social_options":{"image_generator_settings":{"template":"highway","default_image_id":0,"font":"","enabled":false},"version":2}},"categories":[33],"tags":[85,107,81,448],"class_list":["post-5478","post","type-post","status-publish","format-standard","has-post-thumbnail","hentry","category-gms","tag-jose-luis-lopez","tag-monica-barabas","tag-patricia-puerta","tag-todos-es"],"yoast_head":"<!-- This site is optimized with the Yoast SEO plugin v24.0 - https:\/\/yoast.com\/wordpress\/plugins\/seo\/ -->\n<title>El PSPV respalda las ayudas al comercio afectado por las obras en la zonas de baja emisiones de Castell\u00f3 pero exige a Carrasco participaci\u00f3n de los comerciantes en las bases - PSPV-PSOE CASTELL\u00d3<\/title>\n<meta name=\"robots\" content=\"index, follow, max-snippet:-1, max-image-preview:large, max-video-preview:-1\" \/>\n<link rel=\"canonical\" href=\"https:\/\/agrupacionespsoe.es\/castello\/el-pspv-respalda-las-ayudas-al-comercio-afectado-por-las-obras-en-la-zonas-de-baja-emisiones-de-castello-pero-exige-a-carrasco-participacion-de-los-comerciantes-en-las-bases\/\" \/>\n<meta property=\"og:locale\" content=\"es_ES\" \/>\n<meta property=\"og:type\" content=\"article\" \/>\n<meta property=\"og:title\" content=\"El PSPV respalda las ayudas al comercio afectado por las obras en la zonas de baja emisiones de Castell\u00f3 pero exige a Carrasco participaci\u00f3n de los comerciantes en las bases - PSPV-PSOE CASTELL\u00d3\" \/>\n<meta property=\"og:description\" content=\"\u25cf El Grupo Municipal Socialista teme que la modificaci\u00f3n de cr\u00e9ditos sea una \u201cmera operaci\u00f3n de maquillaje\u201d y conf\u00eda en que \u201cno se deje la coordinaci\u00f3n de las subvenciones en manos del concejal Alberto Vidal, \u201cque ya hemos visto c\u00f3mo ha sido capaz de convertirnos en el hazmerre\u00edr nacional con campa\u00f1as infames como la del ...\" \/>\n<meta property=\"og:url\" content=\"https:\/\/agrupacionespsoe.es\/castello\/el-pspv-respalda-las-ayudas-al-comercio-afectado-por-las-obras-en-la-zonas-de-baja-emisiones-de-castello-pero-exige-a-carrasco-participacion-de-los-comerciantes-en-las-bases\/\" \/>\n<meta property=\"og:site_name\" content=\"PSPV-PSOE CASTELL\u00d3\" \/>\n<meta property=\"article:publisher\" content=\"https:\/\/www.facebook.com\/pspv.castellodelaplana\" \/>\n<meta property=\"article:published_time\" content=\"2024-06-27T16:39:50+00:00\" \/>\n<meta property=\"article:modified_time\" content=\"2024-07-04T15:42:10+00:00\" \/>\n<meta property=\"og:image\" content=\"https:\/\/agrupacionespsoe.es\/castello\/wp-content\/uploads\/sites\/45\/2024\/06\/20240627-El-PSPV-respalda-las-ayudas-al-comercio-afectado-por-las-obras-en-la-zonas-de-baja-emisiones-de-Castello-pero-exige-a-Carrasco-participacion-scaled.jpg\" \/>\n\t<meta property=\"og:image:width\" content=\"2560\" \/>\n\t<meta property=\"og:image:height\" content=\"1920\" \/>\n\t<meta property=\"og:image:type\" content=\"image\/jpeg\" \/>\n<meta name=\"author\" content=\"castello1\" \/>\n<meta name=\"twitter:card\" content=\"summary_large_image\" \/>\n<meta name=\"twitter:creator\" content=\"@pspv_cs\" \/>\n<meta name=\"twitter:site\" content=\"@pspv_cs\" \/>\n<meta name=\"twitter:label1\" content=\"Escrito por\" \/>\n\t<meta name=\"twitter:data1\" content=\"castello1\" \/>\n\t<meta name=\"twitter:label2\" content=\"Tiempo de lectura\" \/>\n\t<meta name=\"twitter:data2\" content=\"6 minutos\" \/>\n<script type=\"application\/ld+json\" class=\"yoast-schema-graph\">{\"@context\":\"https:\/\/schema.org\",\"@graph\":[{\"@type\":\"Article\",\"@id\":\"https:\/\/agrupacionespsoe.es\/castello\/el-pspv-respalda-las-ayudas-al-comercio-afectado-por-las-obras-en-la-zonas-de-baja-emisiones-de-castello-pero-exige-a-carrasco-participacion-de-los-comerciantes-en-las-bases\/#article\",\"isPartOf\":{\"@id\":\"https:\/\/agrupacionespsoe.es\/castello\/el-pspv-respalda-las-ayudas-al-comercio-afectado-por-las-obras-en-la-zonas-de-baja-emisiones-de-castello-pero-exige-a-carrasco-participacion-de-los-comerciantes-en-las-bases\/\"},\"author\":{\"name\":\"castello1\",\"@id\":\"https:\/\/agrupacionespsoe.es\/castello\/#\/schema\/person\/f3bc5b2f9dc6a399e9e98596ae24a20a\"},\"headline\":\"El PSPV respalda las ayudas al comercio afectado por las obras en la zonas de baja emisiones de Castell\u00f3 pero exige a Carrasco participaci\u00f3n de los comerciantes en las bases\",\"datePublished\":\"2024-06-27T16:39:50+00:00\",\"dateModified\":\"2024-07-04T15:42:10+00:00\",\"mainEntityOfPage\":{\"@id\":\"https:\/\/agrupacionespsoe.es\/castello\/el-pspv-respalda-las-ayudas-al-comercio-afectado-por-las-obras-en-la-zonas-de-baja-emisiones-de-castello-pero-exige-a-carrasco-participacion-de-los-comerciantes-en-las-bases\/\"},\"wordCount\":1226,\"commentCount\":0,\"publisher\":{\"@id\":\"https:\/\/agrupacionespsoe.es\/castello\/#organization\"},\"image\":{\"@id\":\"https:\/\/agrupacionespsoe.es\/castello\/el-pspv-respalda-las-ayudas-al-comercio-afectado-por-las-obras-en-la-zonas-de-baja-emisiones-de-castello-pero-exige-a-carrasco-participacion-de-los-comerciantes-en-las-bases\/#primaryimage\"},\"thumbnailUrl\":\"https:\/\/agrupacionespsoe.es\/castello\/wp-content\/uploads\/sites\/45\/2024\/06\/20240627-El-PSPV-respalda-las-ayudas-al-comercio-afectado-por-las-obras-en-la-zonas-de-baja-emisiones-de-Castello-pero-exige-a-Carrasco-participacion-scaled.jpg\",\"keywords\":[\"Jos\u00e9 Luis L\u00f3pez\",\"M\u00f3nica Barab\u00e1s\",\"Patricia Puerta\",\"Todos\"],\"articleSection\":[\"Grupo Municipal Socialista\"],\"inLanguage\":\"es\",\"potentialAction\":[{\"@type\":\"CommentAction\",\"name\":\"Comment\",\"target\":[\"https:\/\/agrupacionespsoe.es\/castello\/el-pspv-respalda-las-ayudas-al-comercio-afectado-por-las-obras-en-la-zonas-de-baja-emisiones-de-castello-pero-exige-a-carrasco-participacion-de-los-comerciantes-en-las-bases\/#respond\"]}]},{\"@type\":\"WebPage\",\"@id\":\"https:\/\/agrupacionespsoe.es\/castello\/el-pspv-respalda-las-ayudas-al-comercio-afectado-por-las-obras-en-la-zonas-de-baja-emisiones-de-castello-pero-exige-a-carrasco-participacion-de-los-comerciantes-en-las-bases\/\",\"url\":\"https:\/\/agrupacionespsoe.es\/castello\/el-pspv-respalda-las-ayudas-al-comercio-afectado-por-las-obras-en-la-zonas-de-baja-emisiones-de-castello-pero-exige-a-carrasco-participacion-de-los-comerciantes-en-las-bases\/\",\"name\":\"El PSPV respalda las ayudas al comercio afectado por las obras en la zonas de baja emisiones de Castell\u00f3 pero exige a Carrasco participaci\u00f3n de los comerciantes en las bases - PSPV-PSOE CASTELL\u00d3\",\"isPartOf\":{\"@id\":\"https:\/\/agrupacionespsoe.es\/castello\/#website\"},\"primaryImageOfPage\":{\"@id\":\"https:\/\/agrupacionespsoe.es\/castello\/el-pspv-respalda-las-ayudas-al-comercio-afectado-por-las-obras-en-la-zonas-de-baja-emisiones-de-castello-pero-exige-a-carrasco-participacion-de-los-comerciantes-en-las-bases\/#primaryimage\"},\"image\":{\"@id\":\"https:\/\/agrupacionespsoe.es\/castello\/el-pspv-respalda-las-ayudas-al-comercio-afectado-por-las-obras-en-la-zonas-de-baja-emisiones-de-castello-pero-exige-a-carrasco-participacion-de-los-comerciantes-en-las-bases\/#primaryimage\"},\"thumbnailUrl\":\"https:\/\/agrupacionespsoe.es\/castello\/wp-content\/uploads\/sites\/45\/2024\/06\/20240627-El-PSPV-respalda-las-ayudas-al-comercio-afectado-por-las-obras-en-la-zonas-de-baja-emisiones-de-Castello-pero-exige-a-Carrasco-participacion-scaled.jpg\",\"datePublished\":\"2024-06-27T16:39:50+00:00\",\"dateModified\":\"2024-07-04T15:42:10+00:00\",\"breadcrumb\":{\"@id\":\"https:\/\/agrupacionespsoe.es\/castello\/el-pspv-respalda-las-ayudas-al-comercio-afectado-por-las-obras-en-la-zonas-de-baja-emisiones-de-castello-pero-exige-a-carrasco-participacion-de-los-comerciantes-en-las-bases\/#breadcrumb\"},\"inLanguage\":\"es\",\"potentialAction\":[{\"@type\":\"ReadAction\",\"target\":[\"https:\/\/agrupacionespsoe.es\/castello\/el-pspv-respalda-las-ayudas-al-comercio-afectado-por-las-obras-en-la-zonas-de-baja-emisiones-de-castello-pero-exige-a-carrasco-participacion-de-los-comerciantes-en-las-bases\/\"]}]},{\"@type\":\"ImageObject\",\"inLanguage\":\"es\",\"@id\":\"https:\/\/agrupacionespsoe.es\/castello\/el-pspv-respalda-las-ayudas-al-comercio-afectado-por-las-obras-en-la-zonas-de-baja-emisiones-de-castello-pero-exige-a-carrasco-participacion-de-los-comerciantes-en-las-bases\/#primaryimage\",\"url\":\"https:\/\/agrupacionespsoe.es\/castello\/wp-content\/uploads\/sites\/45\/2024\/06\/20240627-El-PSPV-respalda-las-ayudas-al-comercio-afectado-por-las-obras-en-la-zonas-de-baja-emisiones-de-Castello-pero-exige-a-Carrasco-participacion-scaled.jpg\",\"contentUrl\":\"https:\/\/agrupacionespsoe.es\/castello\/wp-content\/uploads\/sites\/45\/2024\/06\/20240627-El-PSPV-respalda-las-ayudas-al-comercio-afectado-por-las-obras-en-la-zonas-de-baja-emisiones-de-Castello-pero-exige-a-Carrasco-participacion-scaled.jpg\",\"width\":2560,\"height\":1920},{\"@type\":\"BreadcrumbList\",\"@id\":\"https:\/\/agrupacionespsoe.es\/castello\/el-pspv-respalda-las-ayudas-al-comercio-afectado-por-las-obras-en-la-zonas-de-baja-emisiones-de-castello-pero-exige-a-carrasco-participacion-de-los-comerciantes-en-las-bases\/#breadcrumb\",\"itemListElement\":[{\"@type\":\"ListItem\",\"position\":1,\"name\":\"Portada\",\"item\":\"https:\/\/agrupacionespsoe.es\/castello\/\"},{\"@type\":\"ListItem\",\"position\":2,\"name\":\"El PSPV respalda las ayudas al comercio afectado por las obras en la zonas de baja emisiones de Castell\u00f3 pero exige a Carrasco participaci\u00f3n de los comerciantes en las bases\"}]},{\"@type\":\"WebSite\",\"@id\":\"https:\/\/agrupacionespsoe.es\/castello\/#website\",\"url\":\"https:\/\/agrupacionespsoe.es\/castello\/\",\"name\":\"PSPV-PSOE CASTELL\u00d3\",\"description\":\"PSPV-PSOE | Agrupaci\u00f3 de Castell\u00f3\",\"publisher\":{\"@id\":\"https:\/\/agrupacionespsoe.es\/castello\/#organization\"},\"potentialAction\":[{\"@type\":\"SearchAction\",\"target\":{\"@type\":\"EntryPoint\",\"urlTemplate\":\"https:\/\/agrupacionespsoe.es\/castello\/?s={search_term_string}\"},\"query-input\":{\"@type\":\"PropertyValueSpecification\",\"valueRequired\":true,\"valueName\":\"search_term_string\"}}],\"inLanguage\":\"es\"},{\"@type\":\"Organization\",\"@id\":\"https:\/\/agrupacionespsoe.es\/castello\/#organization\",\"name\":\"PSPV-PSOE Castell\u00f3\",\"url\":\"https:\/\/agrupacionespsoe.es\/castello\/\",\"logo\":{\"@type\":\"ImageObject\",\"inLanguage\":\"es\",\"@id\":\"https:\/\/agrupacionespsoe.es\/castello\/#\/schema\/logo\/image\/\",\"url\":\"https:\/\/agrupacionespsoe.es\/castello\/wp-content\/uploads\/sites\/45\/2023\/04\/PORTADA-PSOE-CASTELLO.jpg\",\"contentUrl\":\"https:\/\/agrupacionespsoe.es\/castello\/wp-content\/uploads\/sites\/45\/2023\/04\/PORTADA-PSOE-CASTELLO.jpg\",\"width\":2500,\"height\":2500,\"caption\":\"PSPV-PSOE Castell\u00f3\"},\"image\":{\"@id\":\"https:\/\/agrupacionespsoe.es\/castello\/#\/schema\/logo\/image\/\"},\"sameAs\":[\"https:\/\/www.facebook.com\/pspv.castellodelaplana\",\"https:\/\/x.com\/pspv_cs\",\"https:\/\/www.instagram.com\/pspvpsoecastello\/\"]},{\"@type\":\"Person\",\"@id\":\"https:\/\/agrupacionespsoe.es\/castello\/#\/schema\/person\/f3bc5b2f9dc6a399e9e98596ae24a20a\",\"name\":\"castello1\",\"image\":{\"@type\":\"ImageObject\",\"inLanguage\":\"es\",\"@id\":\"https:\/\/agrupacionespsoe.es\/castello\/#\/schema\/person\/image\/\",\"url\":\"https:\/\/secure.gravatar.com\/avatar\/5f1da428d6479d1127419c0b58796865?s=96&d=mm&r=g\",\"contentUrl\":\"https:\/\/secure.gravatar.com\/avatar\/5f1da428d6479d1127419c0b58796865?s=96&d=mm&r=g\",\"caption\":\"castello1\"},\"url\":\"https:\/\/agrupacionespsoe.es\/castello\/author\/castello1\/\"}]}<\/script>\n<!-- \/ Yoast SEO plugin. -->","yoast_head_json":{"title":"El PSPV respalda las ayudas al comercio afectado por las obras en la zonas de baja emisiones de Castell\u00f3 pero exige a Carrasco participaci\u00f3n de los comerciantes en las bases - PSPV-PSOE CASTELL\u00d3","robots":{"index":"index","follow":"follow","max-snippet":"max-snippet:-1","max-image-preview":"max-image-preview:large","max-video-preview":"max-video-preview:-1"},"canonical":"https:\/\/agrupacionespsoe.es\/castello\/el-pspv-respalda-las-ayudas-al-comercio-afectado-por-las-obras-en-la-zonas-de-baja-emisiones-de-castello-pero-exige-a-carrasco-participacion-de-los-comerciantes-en-las-bases\/","og_locale":"es_ES","og_type":"article","og_title":"El PSPV respalda las ayudas al comercio afectado por las obras en la zonas de baja emisiones de Castell\u00f3 pero exige a Carrasco participaci\u00f3n de los comerciantes en las bases - PSPV-PSOE CASTELL\u00d3","og_description":"\u25cf El Grupo Municipal Socialista teme que la modificaci\u00f3n de cr\u00e9ditos sea una \u201cmera operaci\u00f3n de maquillaje\u201d y conf\u00eda en que \u201cno se deje la coordinaci\u00f3n de las subvenciones en manos del concejal Alberto Vidal, \u201cque ya hemos visto c\u00f3mo ha sido capaz de convertirnos en el hazmerre\u00edr nacional con campa\u00f1as infames como la del ...","og_url":"https:\/\/agrupacionespsoe.es\/castello\/el-pspv-respalda-las-ayudas-al-comercio-afectado-por-las-obras-en-la-zonas-de-baja-emisiones-de-castello-pero-exige-a-carrasco-participacion-de-los-comerciantes-en-las-bases\/","og_site_name":"PSPV-PSOE CASTELL\u00d3","article_publisher":"https:\/\/www.facebook.com\/pspv.castellodelaplana","article_published_time":"2024-06-27T16:39:50+00:00","article_modified_time":"2024-07-04T15:42:10+00:00","og_image":[{"width":2560,"height":1920,"url":"https:\/\/agrupacionespsoe.es\/castello\/wp-content\/uploads\/sites\/45\/2024\/06\/20240627-El-PSPV-respalda-las-ayudas-al-comercio-afectado-por-las-obras-en-la-zonas-de-baja-emisiones-de-Castello-pero-exige-a-Carrasco-participacion-scaled.jpg","type":"image\/jpeg"}],"author":"castello1","twitter_card":"summary_large_image","twitter_creator":"@pspv_cs","twitter_site":"@pspv_cs","twitter_misc":{"Escrito por":"castello1","Tiempo de lectura":"6 minutos"},"schema":{"@context":"https:\/\/schema.org","@graph":[{"@type":"Article","@id":"https:\/\/agrupacionespsoe.es\/castello\/el-pspv-respalda-las-ayudas-al-comercio-afectado-por-las-obras-en-la-zonas-de-baja-emisiones-de-castello-pero-exige-a-carrasco-participacion-de-los-comerciantes-en-las-bases\/#article","isPartOf":{"@id":"https:\/\/agrupacionespsoe.es\/castello\/el-pspv-respalda-las-ayudas-al-comercio-afectado-por-las-obras-en-la-zonas-de-baja-emisiones-de-castello-pero-exige-a-carrasco-participacion-de-los-comerciantes-en-las-bases\/"},"author":{"name":"castello1","@id":"https:\/\/agrupacionespsoe.es\/castello\/#\/schema\/person\/f3bc5b2f9dc6a399e9e98596ae24a20a"},"headline":"El PSPV respalda las ayudas al comercio afectado por las obras en la zonas de baja emisiones de Castell\u00f3 pero exige a Carrasco participaci\u00f3n de los comerciantes en las bases","datePublished":"2024-06-27T16:39:50+00:00","dateModified":"2024-07-04T15:42:10+00:00","mainEntityOfPage":{"@id":"https:\/\/agrupacionespsoe.es\/castello\/el-pspv-respalda-las-ayudas-al-comercio-afectado-por-las-obras-en-la-zonas-de-baja-emisiones-de-castello-pero-exige-a-carrasco-participacion-de-los-comerciantes-en-las-bases\/"},"wordCount":1226,"commentCount":0,"publisher":{"@id":"https:\/\/agrupacionespsoe.es\/castello\/#organization"},"image":{"@id":"https:\/\/agrupacionespsoe.es\/castello\/el-pspv-respalda-las-ayudas-al-comercio-afectado-por-las-obras-en-la-zonas-de-baja-emisiones-de-castello-pero-exige-a-carrasco-participacion-de-los-comerciantes-en-las-bases\/#primaryimage"},"thumbnailUrl":"https:\/\/agrupacionespsoe.es\/castello\/wp-content\/uploads\/sites\/45\/2024\/06\/20240627-El-PSPV-respalda-las-ayudas-al-comercio-afectado-por-las-obras-en-la-zonas-de-baja-emisiones-de-Castello-pero-exige-a-Carrasco-participacion-scaled.jpg","keywords":["Jos\u00e9 Luis L\u00f3pez","M\u00f3nica Barab\u00e1s","Patricia Puerta","Todos"],"articleSection":["Grupo Municipal Socialista"],"inLanguage":"es","potentialAction":[{"@type":"CommentAction","name":"Comment","target":["https:\/\/agrupacionespsoe.es\/castello\/el-pspv-respalda-las-ayudas-al-comercio-afectado-por-las-obras-en-la-zonas-de-baja-emisiones-de-castello-pero-exige-a-carrasco-participacion-de-los-comerciantes-en-las-bases\/#respond"]}]},{"@type":"WebPage","@id":"https:\/\/agrupacionespsoe.es\/castello\/el-pspv-respalda-las-ayudas-al-comercio-afectado-por-las-obras-en-la-zonas-de-baja-emisiones-de-castello-pero-exige-a-carrasco-participacion-de-los-comerciantes-en-las-bases\/","url":"https:\/\/agrupacionespsoe.es\/castello\/el-pspv-respalda-las-ayudas-al-comercio-afectado-por-las-obras-en-la-zonas-de-baja-emisiones-de-castello-pero-exige-a-carrasco-participacion-de-los-comerciantes-en-las-bases\/","name":"El PSPV respalda las ayudas al comercio afectado por las obras en la zonas de baja emisiones de Castell\u00f3 pero exige a Carrasco participaci\u00f3n de los comerciantes en las bases - PSPV-PSOE CASTELL\u00d3","isPartOf":{"@id":"https:\/\/agrupacionespsoe.es\/castello\/#website"},"primaryImageOfPage":{"@id":"https:\/\/agrupacionespsoe.es\/castello\/el-pspv-respalda-las-ayudas-al-comercio-afectado-por-las-obras-en-la-zonas-de-baja-emisiones-de-castello-pero-exige-a-carrasco-participacion-de-los-comerciantes-en-las-bases\/#primaryimage"},"image":{"@id":"https:\/\/agrupacionespsoe.es\/castello\/el-pspv-respalda-las-ayudas-al-comercio-afectado-por-las-obras-en-la-zonas-de-baja-emisiones-de-castello-pero-exige-a-carrasco-participacion-de-los-comerciantes-en-las-bases\/#primaryimage"},"thumbnailUrl":"https:\/\/agrupacionespsoe.es\/castello\/wp-content\/uploads\/sites\/45\/2024\/06\/20240627-El-PSPV-respalda-las-ayudas-al-comercio-afectado-por-las-obras-en-la-zonas-de-baja-emisiones-de-Castello-pero-exige-a-Carrasco-participacion-scaled.jpg","datePublished":"2024-06-27T16:39:50+00:00","dateModified":"2024-07-04T15:42:10+00:00","breadcrumb":{"@id":"https:\/\/agrupacionespsoe.es\/castello\/el-pspv-respalda-las-ayudas-al-comercio-afectado-por-las-obras-en-la-zonas-de-baja-emisiones-de-castello-pero-exige-a-carrasco-participacion-de-los-comerciantes-en-las-bases\/#breadcrumb"},"inLanguage":"es","potentialAction":[{"@type":"ReadAction","target":["https:\/\/agrupacionespsoe.es\/castello\/el-pspv-respalda-las-ayudas-al-comercio-afectado-por-las-obras-en-la-zonas-de-baja-emisiones-de-castello-pero-exige-a-carrasco-participacion-de-los-comerciantes-en-las-bases\/"]}]},{"@type":"ImageObject","inLanguage":"es","@id":"https:\/\/agrupacionespsoe.es\/castello\/el-pspv-respalda-las-ayudas-al-comercio-afectado-por-las-obras-en-la-zonas-de-baja-emisiones-de-castello-pero-exige-a-carrasco-participacion-de-los-comerciantes-en-las-bases\/#primaryimage","url":"https:\/\/agrupacionespsoe.es\/castello\/wp-content\/uploads\/sites\/45\/2024\/06\/20240627-El-PSPV-respalda-las-ayudas-al-comercio-afectado-por-las-obras-en-la-zonas-de-baja-emisiones-de-Castello-pero-exige-a-Carrasco-participacion-scaled.jpg","contentUrl":"https:\/\/agrupacionespsoe.es\/castello\/wp-content\/uploads\/sites\/45\/2024\/06\/20240627-El-PSPV-respalda-las-ayudas-al-comercio-afectado-por-las-obras-en-la-zonas-de-baja-emisiones-de-Castello-pero-exige-a-Carrasco-participacion-scaled.jpg","width":2560,"height":1920},{"@type":"BreadcrumbList","@id":"https:\/\/agrupacionespsoe.es\/castello\/el-pspv-respalda-las-ayudas-al-comercio-afectado-por-las-obras-en-la-zonas-de-baja-emisiones-de-castello-pero-exige-a-carrasco-participacion-de-los-comerciantes-en-las-bases\/#breadcrumb","itemListElement":[{"@type":"ListItem","position":1,"name":"Portada","item":"https:\/\/agrupacionespsoe.es\/castello\/"},{"@type":"ListItem","position":2,"name":"El PSPV respalda las ayudas al comercio afectado por las obras en la zonas de baja emisiones de Castell\u00f3 pero exige a Carrasco participaci\u00f3n de los comerciantes en las bases"}]},{"@type":"WebSite","@id":"https:\/\/agrupacionespsoe.es\/castello\/#website","url":"https:\/\/agrupacionespsoe.es\/castello\/","name":"PSPV-PSOE CASTELL\u00d3","description":"PSPV-PSOE | Agrupaci\u00f3 de Castell\u00f3","publisher":{"@id":"https:\/\/agrupacionespsoe.es\/castello\/#organization"},"potentialAction":[{"@type":"SearchAction","target":{"@type":"EntryPoint","urlTemplate":"https:\/\/agrupacionespsoe.es\/castello\/?s={search_term_string}"},"query-input":{"@type":"PropertyValueSpecification","valueRequired":true,"valueName":"search_term_string"}}],"inLanguage":"es"},{"@type":"Organization","@id":"https:\/\/agrupacionespsoe.es\/castello\/#organization","name":"PSPV-PSOE Castell\u00f3","url":"https:\/\/agrupacionespsoe.es\/castello\/","logo":{"@type":"ImageObject","inLanguage":"es","@id":"https:\/\/agrupacionespsoe.es\/castello\/#\/schema\/logo\/image\/","url":"https:\/\/agrupacionespsoe.es\/castello\/wp-content\/uploads\/sites\/45\/2023\/04\/PORTADA-PSOE-CASTELLO.jpg","contentUrl":"https:\/\/agrupacionespsoe.es\/castello\/wp-content\/uploads\/sites\/45\/2023\/04\/PORTADA-PSOE-CASTELLO.jpg","width":2500,"height":2500,"caption":"PSPV-PSOE Castell\u00f3"},"image":{"@id":"https:\/\/agrupacionespsoe.es\/castello\/#\/schema\/logo\/image\/"},"sameAs":["https:\/\/www.facebook.com\/pspv.castellodelaplana","https:\/\/x.com\/pspv_cs","https:\/\/www.instagram.com\/pspvpsoecastello\/"]},{"@type":"Person","@id":"https:\/\/agrupacionespsoe.es\/castello\/#\/schema\/person\/f3bc5b2f9dc6a399e9e98596ae24a20a","name":"castello1","image":{"@type":"ImageObject","inLanguage":"es","@id":"https:\/\/agrupacionespsoe.es\/castello\/#\/schema\/person\/image\/","url":"https:\/\/secure.gravatar.com\/avatar\/5f1da428d6479d1127419c0b58796865?s=96&d=mm&r=g","contentUrl":"https:\/\/secure.gravatar.com\/avatar\/5f1da428d6479d1127419c0b58796865?s=96&d=mm&r=g","caption":"castello1"},"url":"https:\/\/agrupacionespsoe.es\/castello\/author\/castello1\/"}]}},"jetpack_publicize_connections":[],"jetpack_featured_media_url":"https:\/\/agrupacionespsoe.es\/castello\/wp-content\/uploads\/sites\/45\/2024\/06\/20240627-El-PSPV-respalda-las-ayudas-al-comercio-afectado-por-las-obras-en-la-zonas-de-baja-emisiones-de-Castello-pero-exige-a-Carrasco-participacion-scaled.jpg","jetpack_sharing_enabled":true,"_links":{"self":[{"href":"https:\/\/agrupacionespsoe.es\/castello\/wp-json\/wp\/v2\/posts\/5478","targetHints":{"allow":["GET"]}}],"collection":[{"href":"https:\/\/agrupacionespsoe.es\/castello\/wp-json\/wp\/v2\/posts"}],"about":[{"href":"https:\/\/agrupacionespsoe.es\/castello\/wp-json\/wp\/v2\/types\/post"}],"author":[{"embeddable":true,"href":"https:\/\/agrupacionespsoe.es\/castello\/wp-json\/wp\/v2\/users\/48"}],"replies":[{"embeddable":true,"href":"https:\/\/agrupacionespsoe.es\/castello\/wp-json\/wp\/v2\/comments?post=5478"}],"version-history":[{"count":5,"href":"https:\/\/agrupacionespsoe.es\/castello\/wp-json\/wp\/v2\/posts\/5478\/revisions"}],"predecessor-version":[{"id":5492,"href":"https:\/\/agrupacionespsoe.es\/castello\/wp-json\/wp\/v2\/posts\/5478\/revisions\/5492"}],"wp:featuredmedia":[{"embeddable":true,"href":"https:\/\/agrupacionespsoe.es\/castello\/wp-json\/wp\/v2\/media\/5483"}],"wp:attachment":[{"href":"https:\/\/agrupacionespsoe.es\/castello\/wp-json\/wp\/v2\/media?parent=5478"}],"wp:term":[{"taxonomy":"category","embeddable":true,"href":"https:\/\/agrupacionespsoe.es\/castello\/wp-json\/wp\/v2\/categories?post=5478"},{"taxonomy":"post_tag","embeddable":true,"href":"https:\/\/agrupacionespsoe.es\/castello\/wp-json\/wp\/v2\/tags?post=5478"}],"curies":[{"name":"wp","href":"https:\/\/api.w.org\/{rel}","templated":true}]}}