{"id":5239,"date":"2024-06-19T15:14:16","date_gmt":"2024-06-19T13:14:16","guid":{"rendered":"https:\/\/agrupacionespsoe.es\/castello\/?p=5239"},"modified":"2024-07-04T17:42:35","modified_gmt":"2024-07-04T15:42:35","slug":"el-pspv-de-castello-reclama-a-pp-y-vox-su-apoyo-para-exigir-a-mazon-que-retire-por-discriminador-y-segregador-el-decreto-de-admision-educativa-del-consell","status":"publish","type":"post","link":"https:\/\/agrupacionespsoe.es\/castello\/el-pspv-de-castello-reclama-a-pp-y-vox-su-apoyo-para-exigir-a-mazon-que-retire-por-discriminador-y-segregador-el-decreto-de-admision-educativa-del-consell\/","title":{"rendered":"El PSPV de Castell\u00f3 reclama a PP y Vox su apoyo para exigir a Maz\u00f3n que retire por \u201cdiscriminador y segregador\u201d el decreto de admisi\u00f3n educativa del Consell"},"content":{"rendered":"\n<p><strong><em>El Grupo Municipal Socialista presenta una propuesta de Declaraci\u00f3n Institucional en la que se solicita anular el distrito \u00fanico al incumplir el criterio prioritario de la ley estatal de puntuar y priorizar por la proximidad al centro<\/em><\/strong><\/p>\n\n\n\n<p>El Grupo Municipal Socialista ha reclamado a la alcaldesa de Castell\u00f3, <strong>Bego\u00f1a Carrasco<\/strong>, \u201cque se ponga al lado de las familias y exija a su jefe en la Generalitat, <strong>Carlos Maz\u00f3n<\/strong>, que elimine de forma inmediata el inaceptable, segregador y discriminatorio decreto por el que se regula el proceso de admisi\u00f3n en los colegios e institutos de la Comunitat Valenciana\u201d. <strong>Patricia Puerta<\/strong>, portavoz socialista, destaca que la propuesta de PP y Vox ha producido un absoluto rechazo por parte de las asociaciones de padres y madres, adem\u00e1s de estar ya bajo investigaci\u00f3n del S\u00edndic de Greuges, por lo que considera que \u201cel Ayuntamiento de Castell\u00f3 debe dar un paso al frente y reclamar la paralizaci\u00f3n del decreto 48\/2024 del 23 de abril\u201d\u00b7.<\/p>\n\n\n\n<p>La propuesta de Declaraci\u00f3n Institucional, registrada hoy por el Partido Socialista, ser\u00e1 debatida este viernes en Junta de Portavoces para que todas las formaciones se pronuncien de cara al pleno del jueves 27 de junio. En el texto, adem\u00e1s, se insta al Consell de la Generalitat Valenciana a la supresi\u00f3n de todo lo relativo al distrito \u00fanico al incumplir el criterio prioritario de la ley estatal de puntuar y priorizar por la proximidad al centro. Adem\u00e1s, se propone la eliminaci\u00f3n del punto espec\u00edfico asignado al consejo escolar que est\u00e1 generando discriminaci\u00f3n y segregaci\u00f3n.<\/p>\n\n\n\n<p>Desde el grupo Municipal Socialista se subraya que el decreto de admisi\u00f3n que estaba en vigor desde 2016, impulsado por el gobierno del Bot\u00e0nic, funcionaba sin generar ning\u00fan problema ni rechazo entre los diferentes sectores de la comunidad educativa en la Comunitat Valenciana, ya que la mayor\u00eda de familias consegu\u00edan plaza en el centro que eleg\u00edan como primera o segunda opci\u00f3n. Frente a ello, \u201cquerer ahora volver al debate del Distrito \u00danico bajo la falsa premisa de la libertad de elecci\u00f3n solo oculta el problema de segregaci\u00f3n que se est\u00e1 generando por este nuevo decreto\u201d.<\/p>\n\n\n\n<p>Al poner la misma puntuaci\u00f3n al alumnado de todo el municipio \u201cse incumple de una forma tajante uno de los tres criterios fundamentales establecidos por la ley estatal, criterio que siempre ha estado en todas las leyes estatales promulgadas en Espa\u00f1a, que es la proximidad al centro, del domicilio o lugar de trabajo de padres y madres\u201d.<\/p>\n\n\n\n<p>La ley estatal tambi\u00e9n marca que ning\u00fan criterio complementario debe superar el 30% de la puntuaci\u00f3n total para que ning\u00fan criterio se convierta en excluyente. Ante esto, el decreto aprobado ahora por el Consell de la derecha y la ultraderecha \u201cincumple este requisito ya que algunos de los puntos pueden superar el 30%\u201d.<\/p>\n\n\n\n<p>Lo m\u00e1s llamativo desde este punto de vista \u201ces conceder que los consejos escolares tengan un punto espec\u00edfico para libre disposici\u00f3n, que se ha traducido en puntos como haber nacido en la Comunitat Valenciana, haber ido a un colegio religioso o que padres y madres tengan trabajo\u201d. Para el Grupo Municipal Socialista, con estas propuestas \u201cse \u00e9sta segregando al alumnado valenciano y se \u00e9sta institucionalizando la discriminaci\u00f3n\u201d. Y eso porque, en la pr\u00e1ctica, ser\u00e1n los colegios los que elijan al alumnado y no las familias las que decidan a que centro llevar a sus hijos e hijas\u201d, se\u00f1ala la portavoz socialista.<\/p>\n","protected":false},"excerpt":{"rendered":"<p>El Grupo Municipal Socialista presenta una propuesta de Declaraci\u00f3n Institucional en la que se solicita anular el distrito \u00fanico al incumplir el criterio prioritario de la ley estatal de puntuar y priorizar por la proximidad al centro El Grupo Municipal Socialista ha reclamado a la alcaldesa de Castell\u00f3, Bego\u00f1a Carrasco, \u201cque se ponga al lado &#8230;<\/p>\n","protected":false},"author":48,"featured_media":3457,"comment_status":"open","ping_status":"open","sticky":false,"template":"","format":"standard","meta":{"_jetpack_memberships_contains_paid_content":false,"footnotes":"","jetpack_publicize_message":"","jetpack_publicize_feature_enabled":true,"jetpack_social_post_already_shared":false,"jetpack_social_options":{"image_generator_settings":{"template":"highway","default_image_id":0,"font":"","enabled":false},"version":2}},"categories":[33],"tags":[81,448],"class_list":["post-5239","post","type-post","status-publish","format-standard","has-post-thumbnail","hentry","category-gms","tag-patricia-puerta","tag-todos-es"],"yoast_head":"<!-- This site is optimized with the Yoast SEO plugin v24.0 - https:\/\/yoast.com\/wordpress\/plugins\/seo\/ -->\n<title>El PSPV de Castell\u00f3 reclama a PP y Vox su apoyo para exigir a Maz\u00f3n que retire por \u201cdiscriminador y segregador\u201d el decreto de admisi\u00f3n educativa del Consell - PSPV-PSOE CASTELL\u00d3<\/title>\n<meta name=\"robots\" content=\"index, follow, max-snippet:-1, max-image-preview:large, max-video-preview:-1\" \/>\n<link rel=\"canonical\" href=\"https:\/\/agrupacionespsoe.es\/castello\/el-pspv-de-castello-reclama-a-pp-y-vox-su-apoyo-para-exigir-a-mazon-que-retire-por-discriminador-y-segregador-el-decreto-de-admision-educativa-del-consell\/\" \/>\n<meta property=\"og:locale\" content=\"es_ES\" \/>\n<meta property=\"og:type\" content=\"article\" \/>\n<meta property=\"og:title\" content=\"El PSPV de Castell\u00f3 reclama a PP y Vox su apoyo para exigir a Maz\u00f3n que retire por \u201cdiscriminador y segregador\u201d el decreto de admisi\u00f3n educativa del Consell - PSPV-PSOE CASTELL\u00d3\" \/>\n<meta property=\"og:description\" content=\"El Grupo Municipal Socialista presenta una propuesta de Declaraci\u00f3n Institucional en la que se solicita anular el distrito \u00fanico al incumplir el criterio prioritario de la ley estatal de puntuar y priorizar por la proximidad al centro El Grupo Municipal Socialista ha reclamado a la alcaldesa de Castell\u00f3, Bego\u00f1a Carrasco, \u201cque se ponga al lado ...\" \/>\n<meta property=\"og:url\" content=\"https:\/\/agrupacionespsoe.es\/castello\/el-pspv-de-castello-reclama-a-pp-y-vox-su-apoyo-para-exigir-a-mazon-que-retire-por-discriminador-y-segregador-el-decreto-de-admision-educativa-del-consell\/\" \/>\n<meta property=\"og:site_name\" content=\"PSPV-PSOE CASTELL\u00d3\" \/>\n<meta property=\"article:publisher\" content=\"https:\/\/www.facebook.com\/pspv.castellodelaplana\" \/>\n<meta property=\"article:published_time\" content=\"2024-06-19T13:14:16+00:00\" \/>\n<meta property=\"article:modified_time\" content=\"2024-07-04T15:42:35+00:00\" \/>\n<meta property=\"og:image\" content=\"https:\/\/agrupacionespsoe.es\/castello\/wp-content\/uploads\/sites\/45\/2023\/12\/20231219-El-PSPV-presenta-dos-enmiendas-al-presupuesto-de-Turismo-de-Castello-para-reforzar-las-partidas-de-promocion-turistica-scaled.jpg\" \/>\n\t<meta property=\"og:image:width\" content=\"2560\" \/>\n\t<meta property=\"og:image:height\" content=\"1920\" \/>\n\t<meta property=\"og:image:type\" content=\"image\/jpeg\" \/>\n<meta name=\"author\" content=\"castello1\" \/>\n<meta name=\"twitter:card\" content=\"summary_large_image\" \/>\n<meta name=\"twitter:creator\" content=\"@pspv_cs\" \/>\n<meta name=\"twitter:site\" content=\"@pspv_cs\" \/>\n<meta name=\"twitter:label1\" content=\"Escrito por\" \/>\n\t<meta name=\"twitter:data1\" content=\"castello1\" \/>\n\t<meta name=\"twitter:label2\" content=\"Tiempo de lectura\" \/>\n\t<meta name=\"twitter:data2\" content=\"3 minutos\" \/>\n<script type=\"application\/ld+json\" class=\"yoast-schema-graph\">{\"@context\":\"https:\/\/schema.org\",\"@graph\":[{\"@type\":\"Article\",\"@id\":\"https:\/\/agrupacionespsoe.es\/castello\/el-pspv-de-castello-reclama-a-pp-y-vox-su-apoyo-para-exigir-a-mazon-que-retire-por-discriminador-y-segregador-el-decreto-de-admision-educativa-del-consell\/#article\",\"isPartOf\":{\"@id\":\"https:\/\/agrupacionespsoe.es\/castello\/el-pspv-de-castello-reclama-a-pp-y-vox-su-apoyo-para-exigir-a-mazon-que-retire-por-discriminador-y-segregador-el-decreto-de-admision-educativa-del-consell\/\"},\"author\":{\"name\":\"castello1\",\"@id\":\"https:\/\/agrupacionespsoe.es\/castello\/#\/schema\/person\/f3bc5b2f9dc6a399e9e98596ae24a20a\"},\"headline\":\"El PSPV de Castell\u00f3 reclama a PP y Vox su apoyo para exigir a Maz\u00f3n que retire por \u201cdiscriminador y segregador\u201d el decreto de admisi\u00f3n educativa del Consell\",\"datePublished\":\"2024-06-19T13:14:16+00:00\",\"dateModified\":\"2024-07-04T15:42:35+00:00\",\"mainEntityOfPage\":{\"@id\":\"https:\/\/agrupacionespsoe.es\/castello\/el-pspv-de-castello-reclama-a-pp-y-vox-su-apoyo-para-exigir-a-mazon-que-retire-por-discriminador-y-segregador-el-decreto-de-admision-educativa-del-consell\/\"},\"wordCount\":620,\"commentCount\":0,\"publisher\":{\"@id\":\"https:\/\/agrupacionespsoe.es\/castello\/#organization\"},\"image\":{\"@id\":\"https:\/\/agrupacionespsoe.es\/castello\/el-pspv-de-castello-reclama-a-pp-y-vox-su-apoyo-para-exigir-a-mazon-que-retire-por-discriminador-y-segregador-el-decreto-de-admision-educativa-del-consell\/#primaryimage\"},\"thumbnailUrl\":\"https:\/\/agrupacionespsoe.es\/castello\/wp-content\/uploads\/sites\/45\/2023\/12\/20231219-El-PSPV-presenta-dos-enmiendas-al-presupuesto-de-Turismo-de-Castello-para-reforzar-las-partidas-de-promocion-turistica-scaled.jpg\",\"keywords\":[\"Patricia Puerta\",\"Todos\"],\"articleSection\":[\"Grupo Municipal Socialista\"],\"inLanguage\":\"es\",\"potentialAction\":[{\"@type\":\"CommentAction\",\"name\":\"Comment\",\"target\":[\"https:\/\/agrupacionespsoe.es\/castello\/el-pspv-de-castello-reclama-a-pp-y-vox-su-apoyo-para-exigir-a-mazon-que-retire-por-discriminador-y-segregador-el-decreto-de-admision-educativa-del-consell\/#respond\"]}]},{\"@type\":\"WebPage\",\"@id\":\"https:\/\/agrupacionespsoe.es\/castello\/el-pspv-de-castello-reclama-a-pp-y-vox-su-apoyo-para-exigir-a-mazon-que-retire-por-discriminador-y-segregador-el-decreto-de-admision-educativa-del-consell\/\",\"url\":\"https:\/\/agrupacionespsoe.es\/castello\/el-pspv-de-castello-reclama-a-pp-y-vox-su-apoyo-para-exigir-a-mazon-que-retire-por-discriminador-y-segregador-el-decreto-de-admision-educativa-del-consell\/\",\"name\":\"El PSPV de Castell\u00f3 reclama a PP y Vox su apoyo para exigir a Maz\u00f3n que retire por \u201cdiscriminador y segregador\u201d el decreto de admisi\u00f3n educativa del Consell - PSPV-PSOE CASTELL\u00d3\",\"isPartOf\":{\"@id\":\"https:\/\/agrupacionespsoe.es\/castello\/#website\"},\"primaryImageOfPage\":{\"@id\":\"https:\/\/agrupacionespsoe.es\/castello\/el-pspv-de-castello-reclama-a-pp-y-vox-su-apoyo-para-exigir-a-mazon-que-retire-por-discriminador-y-segregador-el-decreto-de-admision-educativa-del-consell\/#primaryimage\"},\"image\":{\"@id\":\"https:\/\/agrupacionespsoe.es\/castello\/el-pspv-de-castello-reclama-a-pp-y-vox-su-apoyo-para-exigir-a-mazon-que-retire-por-discriminador-y-segregador-el-decreto-de-admision-educativa-del-consell\/#primaryimage\"},\"thumbnailUrl\":\"https:\/\/agrupacionespsoe.es\/castello\/wp-content\/uploads\/sites\/45\/2023\/12\/20231219-El-PSPV-presenta-dos-enmiendas-al-presupuesto-de-Turismo-de-Castello-para-reforzar-las-partidas-de-promocion-turistica-scaled.jpg\",\"datePublished\":\"2024-06-19T13:14:16+00:00\",\"dateModified\":\"2024-07-04T15:42:35+00:00\",\"breadcrumb\":{\"@id\":\"https:\/\/agrupacionespsoe.es\/castello\/el-pspv-de-castello-reclama-a-pp-y-vox-su-apoyo-para-exigir-a-mazon-que-retire-por-discriminador-y-segregador-el-decreto-de-admision-educativa-del-consell\/#breadcrumb\"},\"inLanguage\":\"es\",\"potentialAction\":[{\"@type\":\"ReadAction\",\"target\":[\"https:\/\/agrupacionespsoe.es\/castello\/el-pspv-de-castello-reclama-a-pp-y-vox-su-apoyo-para-exigir-a-mazon-que-retire-por-discriminador-y-segregador-el-decreto-de-admision-educativa-del-consell\/\"]}]},{\"@type\":\"ImageObject\",\"inLanguage\":\"es\",\"@id\":\"https:\/\/agrupacionespsoe.es\/castello\/el-pspv-de-castello-reclama-a-pp-y-vox-su-apoyo-para-exigir-a-mazon-que-retire-por-discriminador-y-segregador-el-decreto-de-admision-educativa-del-consell\/#primaryimage\",\"url\":\"https:\/\/agrupacionespsoe.es\/castello\/wp-content\/uploads\/sites\/45\/2023\/12\/20231219-El-PSPV-presenta-dos-enmiendas-al-presupuesto-de-Turismo-de-Castello-para-reforzar-las-partidas-de-promocion-turistica-scaled.jpg\",\"contentUrl\":\"https:\/\/agrupacionespsoe.es\/castello\/wp-content\/uploads\/sites\/45\/2023\/12\/20231219-El-PSPV-presenta-dos-enmiendas-al-presupuesto-de-Turismo-de-Castello-para-reforzar-las-partidas-de-promocion-turistica-scaled.jpg\",\"width\":2560,\"height\":1920},{\"@type\":\"BreadcrumbList\",\"@id\":\"https:\/\/agrupacionespsoe.es\/castello\/el-pspv-de-castello-reclama-a-pp-y-vox-su-apoyo-para-exigir-a-mazon-que-retire-por-discriminador-y-segregador-el-decreto-de-admision-educativa-del-consell\/#breadcrumb\",\"itemListElement\":[{\"@type\":\"ListItem\",\"position\":1,\"name\":\"Portada\",\"item\":\"https:\/\/agrupacionespsoe.es\/castello\/\"},{\"@type\":\"ListItem\",\"position\":2,\"name\":\"El PSPV de Castell\u00f3 reclama a PP y Vox su apoyo para exigir a Maz\u00f3n que retire por \u201cdiscriminador y segregador\u201d el decreto de admisi\u00f3n educativa del Consell\"}]},{\"@type\":\"WebSite\",\"@id\":\"https:\/\/agrupacionespsoe.es\/castello\/#website\",\"url\":\"https:\/\/agrupacionespsoe.es\/castello\/\",\"name\":\"PSPV-PSOE CASTELL\u00d3\",\"description\":\"PSPV-PSOE | Agrupaci\u00f3 de Castell\u00f3\",\"publisher\":{\"@id\":\"https:\/\/agrupacionespsoe.es\/castello\/#organization\"},\"potentialAction\":[{\"@type\":\"SearchAction\",\"target\":{\"@type\":\"EntryPoint\",\"urlTemplate\":\"https:\/\/agrupacionespsoe.es\/castello\/?s={search_term_string}\"},\"query-input\":{\"@type\":\"PropertyValueSpecification\",\"valueRequired\":true,\"valueName\":\"search_term_string\"}}],\"inLanguage\":\"es\"},{\"@type\":\"Organization\",\"@id\":\"https:\/\/agrupacionespsoe.es\/castello\/#organization\",\"name\":\"PSPV-PSOE Castell\u00f3\",\"url\":\"https:\/\/agrupacionespsoe.es\/castello\/\",\"logo\":{\"@type\":\"ImageObject\",\"inLanguage\":\"es\",\"@id\":\"https:\/\/agrupacionespsoe.es\/castello\/#\/schema\/logo\/image\/\",\"url\":\"https:\/\/agrupacionespsoe.es\/castello\/wp-content\/uploads\/sites\/45\/2023\/04\/PORTADA-PSOE-CASTELLO.jpg\",\"contentUrl\":\"https:\/\/agrupacionespsoe.es\/castello\/wp-content\/uploads\/sites\/45\/2023\/04\/PORTADA-PSOE-CASTELLO.jpg\",\"width\":2500,\"height\":2500,\"caption\":\"PSPV-PSOE Castell\u00f3\"},\"image\":{\"@id\":\"https:\/\/agrupacionespsoe.es\/castello\/#\/schema\/logo\/image\/\"},\"sameAs\":[\"https:\/\/www.facebook.com\/pspv.castellodelaplana\",\"https:\/\/x.com\/pspv_cs\",\"https:\/\/www.instagram.com\/pspvpsoecastello\/\"]},{\"@type\":\"Person\",\"@id\":\"https:\/\/agrupacionespsoe.es\/castello\/#\/schema\/person\/f3bc5b2f9dc6a399e9e98596ae24a20a\",\"name\":\"castello1\",\"image\":{\"@type\":\"ImageObject\",\"inLanguage\":\"es\",\"@id\":\"https:\/\/agrupacionespsoe.es\/castello\/#\/schema\/person\/image\/\",\"url\":\"https:\/\/secure.gravatar.com\/avatar\/5f1da428d6479d1127419c0b58796865?s=96&d=mm&r=g\",\"contentUrl\":\"https:\/\/secure.gravatar.com\/avatar\/5f1da428d6479d1127419c0b58796865?s=96&d=mm&r=g\",\"caption\":\"castello1\"},\"url\":\"https:\/\/agrupacionespsoe.es\/castello\/author\/castello1\/\"}]}<\/script>\n<!-- \/ Yoast SEO plugin. -->","yoast_head_json":{"title":"El PSPV de Castell\u00f3 reclama a PP y Vox su apoyo para exigir a Maz\u00f3n que retire por \u201cdiscriminador y segregador\u201d el decreto de admisi\u00f3n educativa del Consell - PSPV-PSOE CASTELL\u00d3","robots":{"index":"index","follow":"follow","max-snippet":"max-snippet:-1","max-image-preview":"max-image-preview:large","max-video-preview":"max-video-preview:-1"},"canonical":"https:\/\/agrupacionespsoe.es\/castello\/el-pspv-de-castello-reclama-a-pp-y-vox-su-apoyo-para-exigir-a-mazon-que-retire-por-discriminador-y-segregador-el-decreto-de-admision-educativa-del-consell\/","og_locale":"es_ES","og_type":"article","og_title":"El PSPV de Castell\u00f3 reclama a PP y Vox su apoyo para exigir a Maz\u00f3n que retire por \u201cdiscriminador y segregador\u201d el decreto de admisi\u00f3n educativa del Consell - PSPV-PSOE CASTELL\u00d3","og_description":"El Grupo Municipal Socialista presenta una propuesta de Declaraci\u00f3n Institucional en la que se solicita anular el distrito \u00fanico al incumplir el criterio prioritario de la ley estatal de puntuar y priorizar por la proximidad al centro El Grupo Municipal Socialista ha reclamado a la alcaldesa de Castell\u00f3, Bego\u00f1a Carrasco, \u201cque se ponga al lado ...","og_url":"https:\/\/agrupacionespsoe.es\/castello\/el-pspv-de-castello-reclama-a-pp-y-vox-su-apoyo-para-exigir-a-mazon-que-retire-por-discriminador-y-segregador-el-decreto-de-admision-educativa-del-consell\/","og_site_name":"PSPV-PSOE CASTELL\u00d3","article_publisher":"https:\/\/www.facebook.com\/pspv.castellodelaplana","article_published_time":"2024-06-19T13:14:16+00:00","article_modified_time":"2024-07-04T15:42:35+00:00","og_image":[{"width":2560,"height":1920,"url":"https:\/\/agrupacionespsoe.es\/castello\/wp-content\/uploads\/sites\/45\/2023\/12\/20231219-El-PSPV-presenta-dos-enmiendas-al-presupuesto-de-Turismo-de-Castello-para-reforzar-las-partidas-de-promocion-turistica-scaled.jpg","type":"image\/jpeg"}],"author":"castello1","twitter_card":"summary_large_image","twitter_creator":"@pspv_cs","twitter_site":"@pspv_cs","twitter_misc":{"Escrito por":"castello1","Tiempo de lectura":"3 minutos"},"schema":{"@context":"https:\/\/schema.org","@graph":[{"@type":"Article","@id":"https:\/\/agrupacionespsoe.es\/castello\/el-pspv-de-castello-reclama-a-pp-y-vox-su-apoyo-para-exigir-a-mazon-que-retire-por-discriminador-y-segregador-el-decreto-de-admision-educativa-del-consell\/#article","isPartOf":{"@id":"https:\/\/agrupacionespsoe.es\/castello\/el-pspv-de-castello-reclama-a-pp-y-vox-su-apoyo-para-exigir-a-mazon-que-retire-por-discriminador-y-segregador-el-decreto-de-admision-educativa-del-consell\/"},"author":{"name":"castello1","@id":"https:\/\/agrupacionespsoe.es\/castello\/#\/schema\/person\/f3bc5b2f9dc6a399e9e98596ae24a20a"},"headline":"El PSPV de Castell\u00f3 reclama a PP y Vox su apoyo para exigir a Maz\u00f3n que retire por \u201cdiscriminador y segregador\u201d el decreto de admisi\u00f3n educativa del Consell","datePublished":"2024-06-19T13:14:16+00:00","dateModified":"2024-07-04T15:42:35+00:00","mainEntityOfPage":{"@id":"https:\/\/agrupacionespsoe.es\/castello\/el-pspv-de-castello-reclama-a-pp-y-vox-su-apoyo-para-exigir-a-mazon-que-retire-por-discriminador-y-segregador-el-decreto-de-admision-educativa-del-consell\/"},"wordCount":620,"commentCount":0,"publisher":{"@id":"https:\/\/agrupacionespsoe.es\/castello\/#organization"},"image":{"@id":"https:\/\/agrupacionespsoe.es\/castello\/el-pspv-de-castello-reclama-a-pp-y-vox-su-apoyo-para-exigir-a-mazon-que-retire-por-discriminador-y-segregador-el-decreto-de-admision-educativa-del-consell\/#primaryimage"},"thumbnailUrl":"https:\/\/agrupacionespsoe.es\/castello\/wp-content\/uploads\/sites\/45\/2023\/12\/20231219-El-PSPV-presenta-dos-enmiendas-al-presupuesto-de-Turismo-de-Castello-para-reforzar-las-partidas-de-promocion-turistica-scaled.jpg","keywords":["Patricia Puerta","Todos"],"articleSection":["Grupo Municipal Socialista"],"inLanguage":"es","potentialAction":[{"@type":"CommentAction","name":"Comment","target":["https:\/\/agrupacionespsoe.es\/castello\/el-pspv-de-castello-reclama-a-pp-y-vox-su-apoyo-para-exigir-a-mazon-que-retire-por-discriminador-y-segregador-el-decreto-de-admision-educativa-del-consell\/#respond"]}]},{"@type":"WebPage","@id":"https:\/\/agrupacionespsoe.es\/castello\/el-pspv-de-castello-reclama-a-pp-y-vox-su-apoyo-para-exigir-a-mazon-que-retire-por-discriminador-y-segregador-el-decreto-de-admision-educativa-del-consell\/","url":"https:\/\/agrupacionespsoe.es\/castello\/el-pspv-de-castello-reclama-a-pp-y-vox-su-apoyo-para-exigir-a-mazon-que-retire-por-discriminador-y-segregador-el-decreto-de-admision-educativa-del-consell\/","name":"El PSPV de Castell\u00f3 reclama a PP y Vox su apoyo para exigir a Maz\u00f3n que retire por \u201cdiscriminador y segregador\u201d el decreto de admisi\u00f3n educativa del Consell - PSPV-PSOE CASTELL\u00d3","isPartOf":{"@id":"https:\/\/agrupacionespsoe.es\/castello\/#website"},"primaryImageOfPage":{"@id":"https:\/\/agrupacionespsoe.es\/castello\/el-pspv-de-castello-reclama-a-pp-y-vox-su-apoyo-para-exigir-a-mazon-que-retire-por-discriminador-y-segregador-el-decreto-de-admision-educativa-del-consell\/#primaryimage"},"image":{"@id":"https:\/\/agrupacionespsoe.es\/castello\/el-pspv-de-castello-reclama-a-pp-y-vox-su-apoyo-para-exigir-a-mazon-que-retire-por-discriminador-y-segregador-el-decreto-de-admision-educativa-del-consell\/#primaryimage"},"thumbnailUrl":"https:\/\/agrupacionespsoe.es\/castello\/wp-content\/uploads\/sites\/45\/2023\/12\/20231219-El-PSPV-presenta-dos-enmiendas-al-presupuesto-de-Turismo-de-Castello-para-reforzar-las-partidas-de-promocion-turistica-scaled.jpg","datePublished":"2024-06-19T13:14:16+00:00","dateModified":"2024-07-04T15:42:35+00:00","breadcrumb":{"@id":"https:\/\/agrupacionespsoe.es\/castello\/el-pspv-de-castello-reclama-a-pp-y-vox-su-apoyo-para-exigir-a-mazon-que-retire-por-discriminador-y-segregador-el-decreto-de-admision-educativa-del-consell\/#breadcrumb"},"inLanguage":"es","potentialAction":[{"@type":"ReadAction","target":["https:\/\/agrupacionespsoe.es\/castello\/el-pspv-de-castello-reclama-a-pp-y-vox-su-apoyo-para-exigir-a-mazon-que-retire-por-discriminador-y-segregador-el-decreto-de-admision-educativa-del-consell\/"]}]},{"@type":"ImageObject","inLanguage":"es","@id":"https:\/\/agrupacionespsoe.es\/castello\/el-pspv-de-castello-reclama-a-pp-y-vox-su-apoyo-para-exigir-a-mazon-que-retire-por-discriminador-y-segregador-el-decreto-de-admision-educativa-del-consell\/#primaryimage","url":"https:\/\/agrupacionespsoe.es\/castello\/wp-content\/uploads\/sites\/45\/2023\/12\/20231219-El-PSPV-presenta-dos-enmiendas-al-presupuesto-de-Turismo-de-Castello-para-reforzar-las-partidas-de-promocion-turistica-scaled.jpg","contentUrl":"https:\/\/agrupacionespsoe.es\/castello\/wp-content\/uploads\/sites\/45\/2023\/12\/20231219-El-PSPV-presenta-dos-enmiendas-al-presupuesto-de-Turismo-de-Castello-para-reforzar-las-partidas-de-promocion-turistica-scaled.jpg","width":2560,"height":1920},{"@type":"BreadcrumbList","@id":"https:\/\/agrupacionespsoe.es\/castello\/el-pspv-de-castello-reclama-a-pp-y-vox-su-apoyo-para-exigir-a-mazon-que-retire-por-discriminador-y-segregador-el-decreto-de-admision-educativa-del-consell\/#breadcrumb","itemListElement":[{"@type":"ListItem","position":1,"name":"Portada","item":"https:\/\/agrupacionespsoe.es\/castello\/"},{"@type":"ListItem","position":2,"name":"El PSPV de Castell\u00f3 reclama a PP y Vox su apoyo para exigir a Maz\u00f3n que retire por \u201cdiscriminador y segregador\u201d el decreto de admisi\u00f3n educativa del Consell"}]},{"@type":"WebSite","@id":"https:\/\/agrupacionespsoe.es\/castello\/#website","url":"https:\/\/agrupacionespsoe.es\/castello\/","name":"PSPV-PSOE CASTELL\u00d3","description":"PSPV-PSOE | Agrupaci\u00f3 de Castell\u00f3","publisher":{"@id":"https:\/\/agrupacionespsoe.es\/castello\/#organization"},"potentialAction":[{"@type":"SearchAction","target":{"@type":"EntryPoint","urlTemplate":"https:\/\/agrupacionespsoe.es\/castello\/?s={search_term_string}"},"query-input":{"@type":"PropertyValueSpecification","valueRequired":true,"valueName":"search_term_string"}}],"inLanguage":"es"},{"@type":"Organization","@id":"https:\/\/agrupacionespsoe.es\/castello\/#organization","name":"PSPV-PSOE Castell\u00f3","url":"https:\/\/agrupacionespsoe.es\/castello\/","logo":{"@type":"ImageObject","inLanguage":"es","@id":"https:\/\/agrupacionespsoe.es\/castello\/#\/schema\/logo\/image\/","url":"https:\/\/agrupacionespsoe.es\/castello\/wp-content\/uploads\/sites\/45\/2023\/04\/PORTADA-PSOE-CASTELLO.jpg","contentUrl":"https:\/\/agrupacionespsoe.es\/castello\/wp-content\/uploads\/sites\/45\/2023\/04\/PORTADA-PSOE-CASTELLO.jpg","width":2500,"height":2500,"caption":"PSPV-PSOE Castell\u00f3"},"image":{"@id":"https:\/\/agrupacionespsoe.es\/castello\/#\/schema\/logo\/image\/"},"sameAs":["https:\/\/www.facebook.com\/pspv.castellodelaplana","https:\/\/x.com\/pspv_cs","https:\/\/www.instagram.com\/pspvpsoecastello\/"]},{"@type":"Person","@id":"https:\/\/agrupacionespsoe.es\/castello\/#\/schema\/person\/f3bc5b2f9dc6a399e9e98596ae24a20a","name":"castello1","image":{"@type":"ImageObject","inLanguage":"es","@id":"https:\/\/agrupacionespsoe.es\/castello\/#\/schema\/person\/image\/","url":"https:\/\/secure.gravatar.com\/avatar\/5f1da428d6479d1127419c0b58796865?s=96&d=mm&r=g","contentUrl":"https:\/\/secure.gravatar.com\/avatar\/5f1da428d6479d1127419c0b58796865?s=96&d=mm&r=g","caption":"castello1"},"url":"https:\/\/agrupacionespsoe.es\/castello\/author\/castello1\/"}]}},"jetpack_publicize_connections":[],"jetpack_featured_media_url":"https:\/\/agrupacionespsoe.es\/castello\/wp-content\/uploads\/sites\/45\/2023\/12\/20231219-El-PSPV-presenta-dos-enmiendas-al-presupuesto-de-Turismo-de-Castello-para-reforzar-las-partidas-de-promocion-turistica-scaled.jpg","jetpack_sharing_enabled":true,"_links":{"self":[{"href":"https:\/\/agrupacionespsoe.es\/castello\/wp-json\/wp\/v2\/posts\/5239","targetHints":{"allow":["GET"]}}],"collection":[{"href":"https:\/\/agrupacionespsoe.es\/castello\/wp-json\/wp\/v2\/posts"}],"about":[{"href":"https:\/\/agrupacionespsoe.es\/castello\/wp-json\/wp\/v2\/types\/post"}],"author":[{"embeddable":true,"href":"https:\/\/agrupacionespsoe.es\/castello\/wp-json\/wp\/v2\/users\/48"}],"replies":[{"embeddable":true,"href":"https:\/\/agrupacionespsoe.es\/castello\/wp-json\/wp\/v2\/comments?post=5239"}],"version-history":[{"count":2,"href":"https:\/\/agrupacionespsoe.es\/castello\/wp-json\/wp\/v2\/posts\/5239\/revisions"}],"predecessor-version":[{"id":5241,"href":"https:\/\/agrupacionespsoe.es\/castello\/wp-json\/wp\/v2\/posts\/5239\/revisions\/5241"}],"wp:featuredmedia":[{"embeddable":true,"href":"https:\/\/agrupacionespsoe.es\/castello\/wp-json\/wp\/v2\/media\/3457"}],"wp:attachment":[{"href":"https:\/\/agrupacionespsoe.es\/castello\/wp-json\/wp\/v2\/media?parent=5239"}],"wp:term":[{"taxonomy":"category","embeddable":true,"href":"https:\/\/agrupacionespsoe.es\/castello\/wp-json\/wp\/v2\/categories?post=5239"},{"taxonomy":"post_tag","embeddable":true,"href":"https:\/\/agrupacionespsoe.es\/castello\/wp-json\/wp\/v2\/tags?post=5239"}],"curies":[{"name":"wp","href":"https:\/\/api.w.org\/{rel}","templated":true}]}}