{"id":5182,"date":"2024-06-14T17:08:04","date_gmt":"2024-06-14T15:08:04","guid":{"rendered":"https:\/\/agrupacionespsoe.es\/castello\/?p=5182"},"modified":"2024-07-04T17:42:41","modified_gmt":"2024-07-04T15:42:41","slug":"el-pspv-propone-a-todos-los-grupos-del-ayuntamiento-de-castello-adherirse-a-la-declaracion-institucional-de-la-fvmp-para-conmemorar-el-dia-internacional-del-orgullo","status":"publish","type":"post","link":"https:\/\/agrupacionespsoe.es\/castello\/el-pspv-propone-a-todos-los-grupos-del-ayuntamiento-de-castello-adherirse-a-la-declaracion-institucional-de-la-fvmp-para-conmemorar-el-dia-internacional-del-orgullo\/","title":{"rendered":"El PSPV propone a todos los grupos del Ayuntamiento de Castell\u00f3 adherirse a la declaraci\u00f3n institucional de la FVMP para conmemorar el D\u00eda Internacional del Orgullo"},"content":{"rendered":"\n<p>El Grupo Municipal Socialista del Ayuntamiento de Castell\u00f3 ha registrado una propuesta de Declaraci\u00f3n Internacional para que el consistorio municipal se adhiera al texto de la Federaci\u00f3n Valenciana de Municipios y Provincias (FVMP) en conmemoraci\u00f3n del D\u00eda Internacional del Orgullo, que se celebrar\u00e1 el pr\u00f3ximo 28 de junio. El escrito tendr\u00e1 que ser ratificado por todos los grupos pol\u00edticos en la Junta de Portavoces para poder ser aprobado en el pleno de este mes, que est\u00e1 previsto para el jueves 27 de junio.<\/p>\n\n\n\n<p>Desde el Grupo Municipal Socialista se pide as\u00ed al Ayuntamiento de Castell\u00f3 que reitere su compromiso y apoyo al colectivo LGTBI de la Comunitat Valenciana. \u201cY lo hacemos desde el firme compromiso de esta instituci\u00f3n con la defensa de la libertad, la dignidad del ser humano y el respecto de todas las personas a vivir y vivir su orientaci\u00f3n sexual como libremente deseen\u201d, recoge el texto de la declaraci\u00f3n institucional.<\/p>\n\n\n\n<p>Se trata \u201cde una cosa tan sencilla como dejar a las personas vivir con plenitud y libertad sus derechos, una cosa tan valiente como denunciar cualquier manifestaci\u00f3n de LGTBI-fobia y una cosa tan bonita como dejar que la gente sienta y&nbsp;ame&nbsp;en plena libertad\u201d.<\/p>\n\n\n\n<p>El D\u00eda Internacional del Orgullo se celebra en conmemoraci\u00f3n de los disturbios de Stonewall (Nueva York, los EE. UU.) de 1969, que supuso el inicio del movimiento de liberaci\u00f3n homosexual, sin duda la conmemoraci\u00f3n m\u00e1s ligada al concepto de igualdad, de libertad y de respecto a la diversidad.<\/p>\n\n\n\n<p>En la celebraci\u00f3n, un a\u00f1o m\u00e1s, del D\u00eda Internacional del Orgullo \u201cpodemos sentirnos, como sociedad y como pueblo, orgullosos de ser un pa\u00eds, una Comunitat, una provincia y una ciudad ejemplares en el respeto hacia la igualdad de todas las personas, una sociedad democr\u00e1tica, diversa y respetuosa con todos sus miembros\u201d.<\/p>\n\n\n\n<p>Eso s\u00ed, es imprescindible \u201crecordar, solidarizarnos y levantar nuestra voz por todas las personas, de muchos lugares del mundo, donde la homosexualidad sigue penalizada,&nbsp;pues en&nbsp;muchos pa\u00edses las personas del colectivo LGTBI son perseguidas, amenazadas e incluso ejecutadas por, simplemente, expresar sus sentimientos\u201d.<\/p>\n\n\n\n<p>Muchos han sido los avances sociales conseguidos en el \u00e1mbito nacional, comunitario y europeo por las personas lesbianas, gays, bisexuales, transexuales e intersexuales, comentando as\u00ed valores universales y democr\u00e1ticos como la igualdad, el respeto, la diversidad y la libertad. Valores que representan y hacen valer lo mejor del ser humano y de cualquier sociedad democr\u00e1tica y valores contrapuestos a otros que hay que erradicar, como la intolerancia, la discriminaci\u00f3n o la violencia.<\/p>\n\n\n\n<p>Por eso, con la Declaraci\u00f3n Institucional propuesta por el PSPV \u201cqueremos que desde el Ayuntamiento de Castell\u00f3&nbsp;se&nbsp;reconozca la labor de tantas personas que, a t\u00edtulo personal o en el desarrollo de su trabajo, luchan para conseguir un mundo m\u00e1s justo, m\u00e1s humano, m\u00e1s respetuoso con la diversidad y m\u00e1s igualitaria\u201d.<\/p>\n\n\n\n<p>Espa\u00f1a es, sin lugar a dudas, una de las naciones en la cual mayor protecci\u00f3n y respeto disfrutan las personas del colectivo LGTBI y, por lo tanto, una de las sociedades m\u00e1s igualitarias y justas del planeta. \u201cGracias a todos esos hombres y mujeres que, comprometidos con esta causa y con independencia de su ideolog\u00eda, nos han permitido ser&nbsp;lo&nbsp;que hoy somos\u201d.<\/p>\n\n\n\n<p>Espa\u00f1a, la Comunitat Valenciana, la provincia de Castell\u00f3 y la ciudad de Castell\u00f3 de la Plana, \u201corgullosos y conscientes del que se ha conseguido, tienen que continuar trabajando por la abolici\u00f3n de cualquier indicio de discriminaci\u00f3n en los derechos de las personas LGTBI, impulsando pol\u00edticas basadas en la libertad y en la diversidad y garantizando los derechos de este colectivo\u201d.<\/p>\n","protected":false},"excerpt":{"rendered":"<p>El Grupo Municipal Socialista del Ayuntamiento de Castell\u00f3 ha registrado una propuesta de Declaraci\u00f3n Internacional para que el consistorio municipal se adhiera al texto de la Federaci\u00f3n Valenciana de Municipios y Provincias (FVMP) en conmemoraci\u00f3n del D\u00eda Internacional del Orgullo, que se celebrar\u00e1 el pr\u00f3ximo 28 de junio. El escrito tendr\u00e1 que ser ratificado por &#8230;<\/p>\n","protected":false},"author":48,"featured_media":4823,"comment_status":"open","ping_status":"open","sticky":false,"template":"","format":"standard","meta":{"_jetpack_memberships_contains_paid_content":false,"footnotes":"","jetpack_publicize_message":"","jetpack_publicize_feature_enabled":true,"jetpack_social_post_already_shared":false,"jetpack_social_options":{"image_generator_settings":{"template":"highway","default_image_id":0,"font":"","enabled":false},"version":2}},"categories":[33],"tags":[95,103,91,85,111,99,107,81,115,448],"class_list":["post-5182","post","type-post","status-publish","format-standard","has-post-thumbnail","hentry","category-gms","tag-anun-lainez","tag-joaquin-giner","tag-jorge-ribes","tag-jose-luis-lopez","tag-jose-segura","tag-mary-carmen-ribera","tag-monica-barabas","tag-patricia-puerta","tag-pilar-escuder","tag-todos-es"],"yoast_head":"<!-- This site is optimized with the Yoast SEO plugin v24.0 - https:\/\/yoast.com\/wordpress\/plugins\/seo\/ -->\n<title>El PSPV propone a todos los grupos del Ayuntamiento de Castell\u00f3 adherirse a la declaraci\u00f3n institucional de la FVMP para conmemorar el D\u00eda Internacional del Orgullo - PSPV-PSOE CASTELL\u00d3<\/title>\n<meta name=\"robots\" content=\"index, follow, max-snippet:-1, max-image-preview:large, max-video-preview:-1\" \/>\n<link rel=\"canonical\" href=\"https:\/\/agrupacionespsoe.es\/castello\/el-pspv-propone-a-todos-los-grupos-del-ayuntamiento-de-castello-adherirse-a-la-declaracion-institucional-de-la-fvmp-para-conmemorar-el-dia-internacional-del-orgullo\/\" \/>\n<meta property=\"og:locale\" content=\"es_ES\" \/>\n<meta property=\"og:type\" content=\"article\" \/>\n<meta property=\"og:title\" content=\"El PSPV propone a todos los grupos del Ayuntamiento de Castell\u00f3 adherirse a la declaraci\u00f3n institucional de la FVMP para conmemorar el D\u00eda Internacional del Orgullo - PSPV-PSOE CASTELL\u00d3\" \/>\n<meta property=\"og:description\" content=\"El Grupo Municipal Socialista del Ayuntamiento de Castell\u00f3 ha registrado una propuesta de Declaraci\u00f3n Internacional para que el consistorio municipal se adhiera al texto de la Federaci\u00f3n Valenciana de Municipios y Provincias (FVMP) en conmemoraci\u00f3n del D\u00eda Internacional del Orgullo, que se celebrar\u00e1 el pr\u00f3ximo 28 de junio. El escrito tendr\u00e1 que ser ratificado por ...\" \/>\n<meta property=\"og:url\" content=\"https:\/\/agrupacionespsoe.es\/castello\/el-pspv-propone-a-todos-los-grupos-del-ayuntamiento-de-castello-adherirse-a-la-declaracion-institucional-de-la-fvmp-para-conmemorar-el-dia-internacional-del-orgullo\/\" \/>\n<meta property=\"og:site_name\" content=\"PSPV-PSOE CASTELL\u00d3\" \/>\n<meta property=\"article:publisher\" content=\"https:\/\/www.facebook.com\/pspv.castellodelaplana\" \/>\n<meta property=\"article:published_time\" content=\"2024-06-14T15:08:04+00:00\" \/>\n<meta property=\"article:modified_time\" content=\"2024-07-04T15:42:41+00:00\" \/>\n<meta property=\"og:image\" content=\"https:\/\/agrupacionespsoe.es\/castello\/wp-content\/uploads\/sites\/45\/2024\/05\/20240509-El-PSPV-acusa-a-Begona-Carrasco-de-incumplir-la-mocion-conjunta-que-instaba-a-crear-una-comision-con-el-CD-Castellon-scaled.jpg\" \/>\n\t<meta property=\"og:image:width\" content=\"2560\" \/>\n\t<meta property=\"og:image:height\" content=\"1920\" \/>\n\t<meta property=\"og:image:type\" content=\"image\/jpeg\" \/>\n<meta name=\"author\" content=\"castello1\" \/>\n<meta name=\"twitter:card\" content=\"summary_large_image\" \/>\n<meta name=\"twitter:creator\" content=\"@pspv_cs\" \/>\n<meta name=\"twitter:site\" content=\"@pspv_cs\" \/>\n<meta name=\"twitter:label1\" content=\"Escrito por\" \/>\n\t<meta name=\"twitter:data1\" content=\"castello1\" \/>\n\t<meta name=\"twitter:label2\" content=\"Tiempo de lectura\" \/>\n\t<meta name=\"twitter:data2\" content=\"3 minutos\" \/>\n<script type=\"application\/ld+json\" class=\"yoast-schema-graph\">{\"@context\":\"https:\/\/schema.org\",\"@graph\":[{\"@type\":\"Article\",\"@id\":\"https:\/\/agrupacionespsoe.es\/castello\/el-pspv-propone-a-todos-los-grupos-del-ayuntamiento-de-castello-adherirse-a-la-declaracion-institucional-de-la-fvmp-para-conmemorar-el-dia-internacional-del-orgullo\/#article\",\"isPartOf\":{\"@id\":\"https:\/\/agrupacionespsoe.es\/castello\/el-pspv-propone-a-todos-los-grupos-del-ayuntamiento-de-castello-adherirse-a-la-declaracion-institucional-de-la-fvmp-para-conmemorar-el-dia-internacional-del-orgullo\/\"},\"author\":{\"name\":\"castello1\",\"@id\":\"https:\/\/agrupacionespsoe.es\/castello\/#\/schema\/person\/f3bc5b2f9dc6a399e9e98596ae24a20a\"},\"headline\":\"El PSPV propone a todos los grupos del Ayuntamiento de Castell\u00f3 adherirse a la declaraci\u00f3n institucional de la FVMP para conmemorar el D\u00eda Internacional del Orgullo\",\"datePublished\":\"2024-06-14T15:08:04+00:00\",\"dateModified\":\"2024-07-04T15:42:41+00:00\",\"mainEntityOfPage\":{\"@id\":\"https:\/\/agrupacionespsoe.es\/castello\/el-pspv-propone-a-todos-los-grupos-del-ayuntamiento-de-castello-adherirse-a-la-declaracion-institucional-de-la-fvmp-para-conmemorar-el-dia-internacional-del-orgullo\/\"},\"wordCount\":660,\"commentCount\":0,\"publisher\":{\"@id\":\"https:\/\/agrupacionespsoe.es\/castello\/#organization\"},\"image\":{\"@id\":\"https:\/\/agrupacionespsoe.es\/castello\/el-pspv-propone-a-todos-los-grupos-del-ayuntamiento-de-castello-adherirse-a-la-declaracion-institucional-de-la-fvmp-para-conmemorar-el-dia-internacional-del-orgullo\/#primaryimage\"},\"thumbnailUrl\":\"https:\/\/agrupacionespsoe.es\/castello\/wp-content\/uploads\/sites\/45\/2024\/05\/20240509-El-PSPV-acusa-a-Begona-Carrasco-de-incumplir-la-mocion-conjunta-que-instaba-a-crear-una-comision-con-el-CD-Castellon-scaled.jpg\",\"keywords\":[\"Anun L\u00e1inez\",\"Joaqu\u00edn Giner\",\"Jorge Ribes\",\"Jos\u00e9 Luis L\u00f3pez\",\"Jos\u00e9 Segura\",\"Mary Carmen Ribera\",\"M\u00f3nica Barab\u00e1s\",\"Patricia Puerta\",\"Pilar Escuder\",\"Todos\"],\"articleSection\":[\"Grupo Municipal Socialista\"],\"inLanguage\":\"es\",\"potentialAction\":[{\"@type\":\"CommentAction\",\"name\":\"Comment\",\"target\":[\"https:\/\/agrupacionespsoe.es\/castello\/el-pspv-propone-a-todos-los-grupos-del-ayuntamiento-de-castello-adherirse-a-la-declaracion-institucional-de-la-fvmp-para-conmemorar-el-dia-internacional-del-orgullo\/#respond\"]}]},{\"@type\":\"WebPage\",\"@id\":\"https:\/\/agrupacionespsoe.es\/castello\/el-pspv-propone-a-todos-los-grupos-del-ayuntamiento-de-castello-adherirse-a-la-declaracion-institucional-de-la-fvmp-para-conmemorar-el-dia-internacional-del-orgullo\/\",\"url\":\"https:\/\/agrupacionespsoe.es\/castello\/el-pspv-propone-a-todos-los-grupos-del-ayuntamiento-de-castello-adherirse-a-la-declaracion-institucional-de-la-fvmp-para-conmemorar-el-dia-internacional-del-orgullo\/\",\"name\":\"El PSPV propone a todos los grupos del Ayuntamiento de Castell\u00f3 adherirse a la declaraci\u00f3n institucional de la FVMP para conmemorar el D\u00eda Internacional del Orgullo - PSPV-PSOE CASTELL\u00d3\",\"isPartOf\":{\"@id\":\"https:\/\/agrupacionespsoe.es\/castello\/#website\"},\"primaryImageOfPage\":{\"@id\":\"https:\/\/agrupacionespsoe.es\/castello\/el-pspv-propone-a-todos-los-grupos-del-ayuntamiento-de-castello-adherirse-a-la-declaracion-institucional-de-la-fvmp-para-conmemorar-el-dia-internacional-del-orgullo\/#primaryimage\"},\"image\":{\"@id\":\"https:\/\/agrupacionespsoe.es\/castello\/el-pspv-propone-a-todos-los-grupos-del-ayuntamiento-de-castello-adherirse-a-la-declaracion-institucional-de-la-fvmp-para-conmemorar-el-dia-internacional-del-orgullo\/#primaryimage\"},\"thumbnailUrl\":\"https:\/\/agrupacionespsoe.es\/castello\/wp-content\/uploads\/sites\/45\/2024\/05\/20240509-El-PSPV-acusa-a-Begona-Carrasco-de-incumplir-la-mocion-conjunta-que-instaba-a-crear-una-comision-con-el-CD-Castellon-scaled.jpg\",\"datePublished\":\"2024-06-14T15:08:04+00:00\",\"dateModified\":\"2024-07-04T15:42:41+00:00\",\"breadcrumb\":{\"@id\":\"https:\/\/agrupacionespsoe.es\/castello\/el-pspv-propone-a-todos-los-grupos-del-ayuntamiento-de-castello-adherirse-a-la-declaracion-institucional-de-la-fvmp-para-conmemorar-el-dia-internacional-del-orgullo\/#breadcrumb\"},\"inLanguage\":\"es\",\"potentialAction\":[{\"@type\":\"ReadAction\",\"target\":[\"https:\/\/agrupacionespsoe.es\/castello\/el-pspv-propone-a-todos-los-grupos-del-ayuntamiento-de-castello-adherirse-a-la-declaracion-institucional-de-la-fvmp-para-conmemorar-el-dia-internacional-del-orgullo\/\"]}]},{\"@type\":\"ImageObject\",\"inLanguage\":\"es\",\"@id\":\"https:\/\/agrupacionespsoe.es\/castello\/el-pspv-propone-a-todos-los-grupos-del-ayuntamiento-de-castello-adherirse-a-la-declaracion-institucional-de-la-fvmp-para-conmemorar-el-dia-internacional-del-orgullo\/#primaryimage\",\"url\":\"https:\/\/agrupacionespsoe.es\/castello\/wp-content\/uploads\/sites\/45\/2024\/05\/20240509-El-PSPV-acusa-a-Begona-Carrasco-de-incumplir-la-mocion-conjunta-que-instaba-a-crear-una-comision-con-el-CD-Castellon-scaled.jpg\",\"contentUrl\":\"https:\/\/agrupacionespsoe.es\/castello\/wp-content\/uploads\/sites\/45\/2024\/05\/20240509-El-PSPV-acusa-a-Begona-Carrasco-de-incumplir-la-mocion-conjunta-que-instaba-a-crear-una-comision-con-el-CD-Castellon-scaled.jpg\",\"width\":2560,\"height\":1920},{\"@type\":\"BreadcrumbList\",\"@id\":\"https:\/\/agrupacionespsoe.es\/castello\/el-pspv-propone-a-todos-los-grupos-del-ayuntamiento-de-castello-adherirse-a-la-declaracion-institucional-de-la-fvmp-para-conmemorar-el-dia-internacional-del-orgullo\/#breadcrumb\",\"itemListElement\":[{\"@type\":\"ListItem\",\"position\":1,\"name\":\"Portada\",\"item\":\"https:\/\/agrupacionespsoe.es\/castello\/\"},{\"@type\":\"ListItem\",\"position\":2,\"name\":\"El PSPV propone a todos los grupos del Ayuntamiento de Castell\u00f3 adherirse a la declaraci\u00f3n institucional de la FVMP para conmemorar el D\u00eda Internacional del Orgullo\"}]},{\"@type\":\"WebSite\",\"@id\":\"https:\/\/agrupacionespsoe.es\/castello\/#website\",\"url\":\"https:\/\/agrupacionespsoe.es\/castello\/\",\"name\":\"PSPV-PSOE CASTELL\u00d3\",\"description\":\"PSPV-PSOE | Agrupaci\u00f3 de Castell\u00f3\",\"publisher\":{\"@id\":\"https:\/\/agrupacionespsoe.es\/castello\/#organization\"},\"potentialAction\":[{\"@type\":\"SearchAction\",\"target\":{\"@type\":\"EntryPoint\",\"urlTemplate\":\"https:\/\/agrupacionespsoe.es\/castello\/?s={search_term_string}\"},\"query-input\":{\"@type\":\"PropertyValueSpecification\",\"valueRequired\":true,\"valueName\":\"search_term_string\"}}],\"inLanguage\":\"es\"},{\"@type\":\"Organization\",\"@id\":\"https:\/\/agrupacionespsoe.es\/castello\/#organization\",\"name\":\"PSPV-PSOE Castell\u00f3\",\"url\":\"https:\/\/agrupacionespsoe.es\/castello\/\",\"logo\":{\"@type\":\"ImageObject\",\"inLanguage\":\"es\",\"@id\":\"https:\/\/agrupacionespsoe.es\/castello\/#\/schema\/logo\/image\/\",\"url\":\"https:\/\/agrupacionespsoe.es\/castello\/wp-content\/uploads\/sites\/45\/2023\/04\/PORTADA-PSOE-CASTELLO.jpg\",\"contentUrl\":\"https:\/\/agrupacionespsoe.es\/castello\/wp-content\/uploads\/sites\/45\/2023\/04\/PORTADA-PSOE-CASTELLO.jpg\",\"width\":2500,\"height\":2500,\"caption\":\"PSPV-PSOE Castell\u00f3\"},\"image\":{\"@id\":\"https:\/\/agrupacionespsoe.es\/castello\/#\/schema\/logo\/image\/\"},\"sameAs\":[\"https:\/\/www.facebook.com\/pspv.castellodelaplana\",\"https:\/\/x.com\/pspv_cs\",\"https:\/\/www.instagram.com\/pspvpsoecastello\/\"]},{\"@type\":\"Person\",\"@id\":\"https:\/\/agrupacionespsoe.es\/castello\/#\/schema\/person\/f3bc5b2f9dc6a399e9e98596ae24a20a\",\"name\":\"castello1\",\"image\":{\"@type\":\"ImageObject\",\"inLanguage\":\"es\",\"@id\":\"https:\/\/agrupacionespsoe.es\/castello\/#\/schema\/person\/image\/\",\"url\":\"https:\/\/secure.gravatar.com\/avatar\/5f1da428d6479d1127419c0b58796865?s=96&d=mm&r=g\",\"contentUrl\":\"https:\/\/secure.gravatar.com\/avatar\/5f1da428d6479d1127419c0b58796865?s=96&d=mm&r=g\",\"caption\":\"castello1\"},\"url\":\"https:\/\/agrupacionespsoe.es\/castello\/author\/castello1\/\"}]}<\/script>\n<!-- \/ Yoast SEO plugin. -->","yoast_head_json":{"title":"El PSPV propone a todos los grupos del Ayuntamiento de Castell\u00f3 adherirse a la declaraci\u00f3n institucional de la FVMP para conmemorar el D\u00eda Internacional del Orgullo - PSPV-PSOE CASTELL\u00d3","robots":{"index":"index","follow":"follow","max-snippet":"max-snippet:-1","max-image-preview":"max-image-preview:large","max-video-preview":"max-video-preview:-1"},"canonical":"https:\/\/agrupacionespsoe.es\/castello\/el-pspv-propone-a-todos-los-grupos-del-ayuntamiento-de-castello-adherirse-a-la-declaracion-institucional-de-la-fvmp-para-conmemorar-el-dia-internacional-del-orgullo\/","og_locale":"es_ES","og_type":"article","og_title":"El PSPV propone a todos los grupos del Ayuntamiento de Castell\u00f3 adherirse a la declaraci\u00f3n institucional de la FVMP para conmemorar el D\u00eda Internacional del Orgullo - PSPV-PSOE CASTELL\u00d3","og_description":"El Grupo Municipal Socialista del Ayuntamiento de Castell\u00f3 ha registrado una propuesta de Declaraci\u00f3n Internacional para que el consistorio municipal se adhiera al texto de la Federaci\u00f3n Valenciana de Municipios y Provincias (FVMP) en conmemoraci\u00f3n del D\u00eda Internacional del Orgullo, que se celebrar\u00e1 el pr\u00f3ximo 28 de junio. El escrito tendr\u00e1 que ser ratificado por ...","og_url":"https:\/\/agrupacionespsoe.es\/castello\/el-pspv-propone-a-todos-los-grupos-del-ayuntamiento-de-castello-adherirse-a-la-declaracion-institucional-de-la-fvmp-para-conmemorar-el-dia-internacional-del-orgullo\/","og_site_name":"PSPV-PSOE CASTELL\u00d3","article_publisher":"https:\/\/www.facebook.com\/pspv.castellodelaplana","article_published_time":"2024-06-14T15:08:04+00:00","article_modified_time":"2024-07-04T15:42:41+00:00","og_image":[{"width":2560,"height":1920,"url":"https:\/\/agrupacionespsoe.es\/castello\/wp-content\/uploads\/sites\/45\/2024\/05\/20240509-El-PSPV-acusa-a-Begona-Carrasco-de-incumplir-la-mocion-conjunta-que-instaba-a-crear-una-comision-con-el-CD-Castellon-scaled.jpg","type":"image\/jpeg"}],"author":"castello1","twitter_card":"summary_large_image","twitter_creator":"@pspv_cs","twitter_site":"@pspv_cs","twitter_misc":{"Escrito por":"castello1","Tiempo de lectura":"3 minutos"},"schema":{"@context":"https:\/\/schema.org","@graph":[{"@type":"Article","@id":"https:\/\/agrupacionespsoe.es\/castello\/el-pspv-propone-a-todos-los-grupos-del-ayuntamiento-de-castello-adherirse-a-la-declaracion-institucional-de-la-fvmp-para-conmemorar-el-dia-internacional-del-orgullo\/#article","isPartOf":{"@id":"https:\/\/agrupacionespsoe.es\/castello\/el-pspv-propone-a-todos-los-grupos-del-ayuntamiento-de-castello-adherirse-a-la-declaracion-institucional-de-la-fvmp-para-conmemorar-el-dia-internacional-del-orgullo\/"},"author":{"name":"castello1","@id":"https:\/\/agrupacionespsoe.es\/castello\/#\/schema\/person\/f3bc5b2f9dc6a399e9e98596ae24a20a"},"headline":"El PSPV propone a todos los grupos del Ayuntamiento de Castell\u00f3 adherirse a la declaraci\u00f3n institucional de la FVMP para conmemorar el D\u00eda Internacional del Orgullo","datePublished":"2024-06-14T15:08:04+00:00","dateModified":"2024-07-04T15:42:41+00:00","mainEntityOfPage":{"@id":"https:\/\/agrupacionespsoe.es\/castello\/el-pspv-propone-a-todos-los-grupos-del-ayuntamiento-de-castello-adherirse-a-la-declaracion-institucional-de-la-fvmp-para-conmemorar-el-dia-internacional-del-orgullo\/"},"wordCount":660,"commentCount":0,"publisher":{"@id":"https:\/\/agrupacionespsoe.es\/castello\/#organization"},"image":{"@id":"https:\/\/agrupacionespsoe.es\/castello\/el-pspv-propone-a-todos-los-grupos-del-ayuntamiento-de-castello-adherirse-a-la-declaracion-institucional-de-la-fvmp-para-conmemorar-el-dia-internacional-del-orgullo\/#primaryimage"},"thumbnailUrl":"https:\/\/agrupacionespsoe.es\/castello\/wp-content\/uploads\/sites\/45\/2024\/05\/20240509-El-PSPV-acusa-a-Begona-Carrasco-de-incumplir-la-mocion-conjunta-que-instaba-a-crear-una-comision-con-el-CD-Castellon-scaled.jpg","keywords":["Anun L\u00e1inez","Joaqu\u00edn Giner","Jorge Ribes","Jos\u00e9 Luis L\u00f3pez","Jos\u00e9 Segura","Mary Carmen Ribera","M\u00f3nica Barab\u00e1s","Patricia Puerta","Pilar Escuder","Todos"],"articleSection":["Grupo Municipal Socialista"],"inLanguage":"es","potentialAction":[{"@type":"CommentAction","name":"Comment","target":["https:\/\/agrupacionespsoe.es\/castello\/el-pspv-propone-a-todos-los-grupos-del-ayuntamiento-de-castello-adherirse-a-la-declaracion-institucional-de-la-fvmp-para-conmemorar-el-dia-internacional-del-orgullo\/#respond"]}]},{"@type":"WebPage","@id":"https:\/\/agrupacionespsoe.es\/castello\/el-pspv-propone-a-todos-los-grupos-del-ayuntamiento-de-castello-adherirse-a-la-declaracion-institucional-de-la-fvmp-para-conmemorar-el-dia-internacional-del-orgullo\/","url":"https:\/\/agrupacionespsoe.es\/castello\/el-pspv-propone-a-todos-los-grupos-del-ayuntamiento-de-castello-adherirse-a-la-declaracion-institucional-de-la-fvmp-para-conmemorar-el-dia-internacional-del-orgullo\/","name":"El PSPV propone a todos los grupos del Ayuntamiento de Castell\u00f3 adherirse a la declaraci\u00f3n institucional de la FVMP para conmemorar el D\u00eda Internacional del Orgullo - PSPV-PSOE CASTELL\u00d3","isPartOf":{"@id":"https:\/\/agrupacionespsoe.es\/castello\/#website"},"primaryImageOfPage":{"@id":"https:\/\/agrupacionespsoe.es\/castello\/el-pspv-propone-a-todos-los-grupos-del-ayuntamiento-de-castello-adherirse-a-la-declaracion-institucional-de-la-fvmp-para-conmemorar-el-dia-internacional-del-orgullo\/#primaryimage"},"image":{"@id":"https:\/\/agrupacionespsoe.es\/castello\/el-pspv-propone-a-todos-los-grupos-del-ayuntamiento-de-castello-adherirse-a-la-declaracion-institucional-de-la-fvmp-para-conmemorar-el-dia-internacional-del-orgullo\/#primaryimage"},"thumbnailUrl":"https:\/\/agrupacionespsoe.es\/castello\/wp-content\/uploads\/sites\/45\/2024\/05\/20240509-El-PSPV-acusa-a-Begona-Carrasco-de-incumplir-la-mocion-conjunta-que-instaba-a-crear-una-comision-con-el-CD-Castellon-scaled.jpg","datePublished":"2024-06-14T15:08:04+00:00","dateModified":"2024-07-04T15:42:41+00:00","breadcrumb":{"@id":"https:\/\/agrupacionespsoe.es\/castello\/el-pspv-propone-a-todos-los-grupos-del-ayuntamiento-de-castello-adherirse-a-la-declaracion-institucional-de-la-fvmp-para-conmemorar-el-dia-internacional-del-orgullo\/#breadcrumb"},"inLanguage":"es","potentialAction":[{"@type":"ReadAction","target":["https:\/\/agrupacionespsoe.es\/castello\/el-pspv-propone-a-todos-los-grupos-del-ayuntamiento-de-castello-adherirse-a-la-declaracion-institucional-de-la-fvmp-para-conmemorar-el-dia-internacional-del-orgullo\/"]}]},{"@type":"ImageObject","inLanguage":"es","@id":"https:\/\/agrupacionespsoe.es\/castello\/el-pspv-propone-a-todos-los-grupos-del-ayuntamiento-de-castello-adherirse-a-la-declaracion-institucional-de-la-fvmp-para-conmemorar-el-dia-internacional-del-orgullo\/#primaryimage","url":"https:\/\/agrupacionespsoe.es\/castello\/wp-content\/uploads\/sites\/45\/2024\/05\/20240509-El-PSPV-acusa-a-Begona-Carrasco-de-incumplir-la-mocion-conjunta-que-instaba-a-crear-una-comision-con-el-CD-Castellon-scaled.jpg","contentUrl":"https:\/\/agrupacionespsoe.es\/castello\/wp-content\/uploads\/sites\/45\/2024\/05\/20240509-El-PSPV-acusa-a-Begona-Carrasco-de-incumplir-la-mocion-conjunta-que-instaba-a-crear-una-comision-con-el-CD-Castellon-scaled.jpg","width":2560,"height":1920},{"@type":"BreadcrumbList","@id":"https:\/\/agrupacionespsoe.es\/castello\/el-pspv-propone-a-todos-los-grupos-del-ayuntamiento-de-castello-adherirse-a-la-declaracion-institucional-de-la-fvmp-para-conmemorar-el-dia-internacional-del-orgullo\/#breadcrumb","itemListElement":[{"@type":"ListItem","position":1,"name":"Portada","item":"https:\/\/agrupacionespsoe.es\/castello\/"},{"@type":"ListItem","position":2,"name":"El PSPV propone a todos los grupos del Ayuntamiento de Castell\u00f3 adherirse a la declaraci\u00f3n institucional de la FVMP para conmemorar el D\u00eda Internacional del Orgullo"}]},{"@type":"WebSite","@id":"https:\/\/agrupacionespsoe.es\/castello\/#website","url":"https:\/\/agrupacionespsoe.es\/castello\/","name":"PSPV-PSOE CASTELL\u00d3","description":"PSPV-PSOE | Agrupaci\u00f3 de Castell\u00f3","publisher":{"@id":"https:\/\/agrupacionespsoe.es\/castello\/#organization"},"potentialAction":[{"@type":"SearchAction","target":{"@type":"EntryPoint","urlTemplate":"https:\/\/agrupacionespsoe.es\/castello\/?s={search_term_string}"},"query-input":{"@type":"PropertyValueSpecification","valueRequired":true,"valueName":"search_term_string"}}],"inLanguage":"es"},{"@type":"Organization","@id":"https:\/\/agrupacionespsoe.es\/castello\/#organization","name":"PSPV-PSOE Castell\u00f3","url":"https:\/\/agrupacionespsoe.es\/castello\/","logo":{"@type":"ImageObject","inLanguage":"es","@id":"https:\/\/agrupacionespsoe.es\/castello\/#\/schema\/logo\/image\/","url":"https:\/\/agrupacionespsoe.es\/castello\/wp-content\/uploads\/sites\/45\/2023\/04\/PORTADA-PSOE-CASTELLO.jpg","contentUrl":"https:\/\/agrupacionespsoe.es\/castello\/wp-content\/uploads\/sites\/45\/2023\/04\/PORTADA-PSOE-CASTELLO.jpg","width":2500,"height":2500,"caption":"PSPV-PSOE Castell\u00f3"},"image":{"@id":"https:\/\/agrupacionespsoe.es\/castello\/#\/schema\/logo\/image\/"},"sameAs":["https:\/\/www.facebook.com\/pspv.castellodelaplana","https:\/\/x.com\/pspv_cs","https:\/\/www.instagram.com\/pspvpsoecastello\/"]},{"@type":"Person","@id":"https:\/\/agrupacionespsoe.es\/castello\/#\/schema\/person\/f3bc5b2f9dc6a399e9e98596ae24a20a","name":"castello1","image":{"@type":"ImageObject","inLanguage":"es","@id":"https:\/\/agrupacionespsoe.es\/castello\/#\/schema\/person\/image\/","url":"https:\/\/secure.gravatar.com\/avatar\/5f1da428d6479d1127419c0b58796865?s=96&d=mm&r=g","contentUrl":"https:\/\/secure.gravatar.com\/avatar\/5f1da428d6479d1127419c0b58796865?s=96&d=mm&r=g","caption":"castello1"},"url":"https:\/\/agrupacionespsoe.es\/castello\/author\/castello1\/"}]}},"jetpack_publicize_connections":[],"jetpack_featured_media_url":"https:\/\/agrupacionespsoe.es\/castello\/wp-content\/uploads\/sites\/45\/2024\/05\/20240509-El-PSPV-acusa-a-Begona-Carrasco-de-incumplir-la-mocion-conjunta-que-instaba-a-crear-una-comision-con-el-CD-Castellon-scaled.jpg","jetpack_sharing_enabled":true,"_links":{"self":[{"href":"https:\/\/agrupacionespsoe.es\/castello\/wp-json\/wp\/v2\/posts\/5182","targetHints":{"allow":["GET"]}}],"collection":[{"href":"https:\/\/agrupacionespsoe.es\/castello\/wp-json\/wp\/v2\/posts"}],"about":[{"href":"https:\/\/agrupacionespsoe.es\/castello\/wp-json\/wp\/v2\/types\/post"}],"author":[{"embeddable":true,"href":"https:\/\/agrupacionespsoe.es\/castello\/wp-json\/wp\/v2\/users\/48"}],"replies":[{"embeddable":true,"href":"https:\/\/agrupacionespsoe.es\/castello\/wp-json\/wp\/v2\/comments?post=5182"}],"version-history":[{"count":2,"href":"https:\/\/agrupacionespsoe.es\/castello\/wp-json\/wp\/v2\/posts\/5182\/revisions"}],"predecessor-version":[{"id":5184,"href":"https:\/\/agrupacionespsoe.es\/castello\/wp-json\/wp\/v2\/posts\/5182\/revisions\/5184"}],"wp:featuredmedia":[{"embeddable":true,"href":"https:\/\/agrupacionespsoe.es\/castello\/wp-json\/wp\/v2\/media\/4823"}],"wp:attachment":[{"href":"https:\/\/agrupacionespsoe.es\/castello\/wp-json\/wp\/v2\/media?parent=5182"}],"wp:term":[{"taxonomy":"category","embeddable":true,"href":"https:\/\/agrupacionespsoe.es\/castello\/wp-json\/wp\/v2\/categories?post=5182"},{"taxonomy":"post_tag","embeddable":true,"href":"https:\/\/agrupacionespsoe.es\/castello\/wp-json\/wp\/v2\/tags?post=5182"}],"curies":[{"name":"wp","href":"https:\/\/api.w.org\/{rel}","templated":true}]}}