{"id":4965,"date":"2024-05-23T16:34:38","date_gmt":"2024-05-23T14:34:38","guid":{"rendered":"https:\/\/agrupacionespsoe.es\/castello\/?p=4965"},"modified":"2026-03-24T09:09:36","modified_gmt":"2026-03-24T08:09:36","slug":"el-pspv-presenta-una-declaracio-institucional-perque-lajuntament-de-castello-mostre-el-seu-suport-al-moviment-estudiantil-en-defensa-de-palestina","status":"publish","type":"post","link":"https:\/\/agrupacionespsoe.es\/castello\/va\/el-pspv-presenta-una-declaracio-institucional-perque-lajuntament-de-castello-mostre-el-seu-suport-al-moviment-estudiantil-en-defensa-de-palestina\/","title":{"rendered":"El PSPV presenta una declaraci\u00f3 institucional perqu\u00e8 l&#8217;Ajuntament de Castell\u00f3 mostre el seu suport al moviment estudiantil en defensa de Palestina"},"content":{"rendered":"\n<p>El Grup Municipal Socialista ha registrat una Declaraci\u00f3 Institucional perqu\u00e8 l&#8217;Ajuntament de Castell\u00f3 mostre el seu suport al moviment estudiantil universitari que es manifesta per la pau i en defensa de Palestina, iniciativa que s&#8217;est\u00e0 desenvolupant per nombrosos campus espanyols, entre ells el de la Universitat Jaume I de Castell\u00f3. La proposta ser\u00e0 debatuda inicialment en la Junta de Portaveus del dilluns 27 de maig, on els quatre grups pol\u00edtics han d&#8217;avalar el text perqu\u00e8 puga ser aprovat en el ple del dijous 30 de maig.<\/p>\n\n\n\n<p>La vulneraci\u00f3 de drets fonamentals que pateix la poblaci\u00f3 civil palestina en el marc de la invasi\u00f3 israeliana \u00e9s la que ha portat al fet que els universitaris i universit\u00e0ries de la Comunitat Valenciana encap\u00e7alen acampades pac\u00edfiques en els seus respectius campus, on demanen la fi de les hostilitats d&#8217;Israel a la Franja de Gaza. Aquestes concentracions han sigut les primeres d&#8217;Espanya per a fer costat al poble palest\u00ed i al\u00e7ar la veu contra els atacs desproporcionats que s&#8217;han perpetrat per Israel des de fa justament set mesos.<\/p>\n\n\n\n<p>Les autoritats de la Franja de Gaza assenyalaven aquesta setmana que l&#8217;ofensiva israeliana ha deixat m\u00e9s de 35.000&nbsp;persones mortes, la majoria dones i menors d&#8217;edat, i 79.000 ferides. Des de l&#8217;inici d&#8217;aquesta nova etapa del conflicte, un dels m\u00e9s llargs de la nostra hist\u00f2ria contempor\u00e0nia, s&#8217;acumulen m\u00e9s de 10.000 desapareguts, segons dades de la Defensa Civil de Gaza, i per aix\u00f2 es tem que la xifra de morts siga molt superior. A m\u00e9s, les ag\u00e8ncies de Nacions Unides i altres entitats d&#8217;ajuda humanit\u00e0ria que brinden assist\u00e8ncia en la poblaci\u00f3 palestina han advertit que ens enfrontem a una cat\u00e0strofe sense precedents.<\/p>\n\n\n\n<p>L&#8217;escalada de viol\u00e8ncia que est\u00e0 patint la poblaci\u00f3 civil palestina ha portat al sistema al costat del col\u00b7lapse. En aquest sentit, l&#8217;ag\u00e8ncia de l&#8217;ONU per als refugiats palestins (UNRWA) recorda que no arriben aliments i tampoc combustible a la Franja de Gaza, per la qual cosa totes les operacions humanit\u00e0ries i els serveis sanitaris podrien ser suspesos.<\/p>\n\n\n\n<p>La mem\u00f2ria que atresorem com a societat, segons recull el text de la Declaraci\u00f3 Institucional proposta pel Grup Municipal Socialista de Castell\u00f3, ens recorda el paper fonamental que ha exercit la joventut com a agent de canvi. El moviment estudiantil sempre ha fet hist\u00f2ria en la lluita pels drets socials, la consolidaci\u00f3 dels valors democr\u00e0tics i la defensa de la just\u00edcia social. Actualment, les protestes universit\u00e0ries que demanen la fi de les hostilitats a Palestina s&#8217;han multiplicat per tota Europa i representen una resist\u00e8ncia pac\u00edfica que pret\u00e9n construir un m\u00f3n m\u00e9s just, equitatiu i segur.<\/p>\n","protected":false},"excerpt":{"rendered":"<p>El Grup Municipal Socialista ha registrat una Declaraci\u00f3 Institucional perqu\u00e8 l&#8217;Ajuntament de Castell\u00f3 mostre el seu suport al moviment estudiantil universitari que es manifesta per la pau i en defensa de Palestina, iniciativa que s&#8217;est\u00e0 desenvolupant per nombrosos campus espanyols, entre ells el de la Universitat Jaume I de Castell\u00f3. La proposta ser\u00e0 debatuda inicialment &#8230;<\/p>\n","protected":false},"author":48,"featured_media":4887,"comment_status":"open","ping_status":"open","sticky":false,"template":"","format":"standard","meta":{"_jetpack_memberships_contains_paid_content":false,"footnotes":"","jetpack_publicize_message":"","jetpack_publicize_feature_enabled":true,"jetpack_social_post_already_shared":false,"jetpack_social_options":{"image_generator_settings":{"template":"highway","default_image_id":0,"font":"","enabled":false},"version":2}},"categories":[22],"tags":[97,105,93,87,113,101,109,1157,83,117,446],"class_list":["post-4965","post","type-post","status-publish","format-standard","has-post-thumbnail","hentry","category-gms-va","tag-anun-lainez-va","tag-joaquin-giner-va","tag-jorge-ribes-va","tag-jose-luis-lopez-va","tag-jose-segura-va","tag-mary-carmen-ribera-va","tag-monica-barabas-va","tag-multes","tag-patricia-puerta-va","tag-pilar-escuder-va","tag-todos-va"],"yoast_head":"<!-- This site is optimized with the Yoast SEO plugin v24.0 - https:\/\/yoast.com\/wordpress\/plugins\/seo\/ -->\n<title>El PSPV presenta una declaraci\u00f3 institucional perqu\u00e8 l&#039;Ajuntament de Castell\u00f3 mostre el seu suport al moviment estudiantil en defensa de Palestina - PSPV-PSOE CASTELL\u00d3<\/title>\n<meta name=\"robots\" content=\"index, follow, max-snippet:-1, max-image-preview:large, max-video-preview:-1\" \/>\n<link rel=\"canonical\" href=\"https:\/\/agrupacionespsoe.es\/castello\/va\/el-pspv-presenta-una-declaracio-institucional-perque-lajuntament-de-castello-mostre-el-seu-suport-al-moviment-estudiantil-en-defensa-de-palestina\/\" \/>\n<meta property=\"og:locale\" content=\"es_ES\" \/>\n<meta property=\"og:type\" content=\"article\" \/>\n<meta property=\"og:title\" content=\"El PSPV presenta una declaraci\u00f3 institucional perqu\u00e8 l&#039;Ajuntament de Castell\u00f3 mostre el seu suport al moviment estudiantil en defensa de Palestina - PSPV-PSOE CASTELL\u00d3\" \/>\n<meta property=\"og:description\" content=\"El Grup Municipal Socialista ha registrat una Declaraci\u00f3 Institucional perqu\u00e8 l&#8217;Ajuntament de Castell\u00f3 mostre el seu suport al moviment estudiantil universitari que es manifesta per la pau i en defensa de Palestina, iniciativa que s&#8217;est\u00e0 desenvolupant per nombrosos campus espanyols, entre ells el de la Universitat Jaume I de Castell\u00f3. La proposta ser\u00e0 debatuda inicialment ...\" \/>\n<meta property=\"og:url\" content=\"https:\/\/agrupacionespsoe.es\/castello\/va\/el-pspv-presenta-una-declaracio-institucional-perque-lajuntament-de-castello-mostre-el-seu-suport-al-moviment-estudiantil-en-defensa-de-palestina\/\" \/>\n<meta property=\"og:site_name\" content=\"PSPV-PSOE CASTELL\u00d3\" \/>\n<meta property=\"article:publisher\" content=\"https:\/\/www.facebook.com\/pspv.castellodelaplana\" \/>\n<meta property=\"article:published_time\" content=\"2024-05-23T14:34:38+00:00\" \/>\n<meta property=\"article:modified_time\" content=\"2026-03-24T08:09:36+00:00\" \/>\n<meta property=\"og:image\" content=\"https:\/\/agrupacionespsoe.es\/castello\/wp-content\/uploads\/sites\/45\/2024\/05\/20240516-Puerta-Todos-los-proyectos-de-los-que-se-siente-tan-orgullosa-Begona-Carrasco-en-su-primer-ano-de-alcaldesa-son-iniciativas-scaled.jpg\" \/>\n\t<meta property=\"og:image:width\" content=\"2560\" \/>\n\t<meta property=\"og:image:height\" content=\"1920\" \/>\n\t<meta property=\"og:image:type\" content=\"image\/jpeg\" \/>\n<meta name=\"author\" content=\"castello1\" \/>\n<meta name=\"twitter:card\" content=\"summary_large_image\" \/>\n<meta name=\"twitter:creator\" content=\"@pspv_cs\" \/>\n<meta name=\"twitter:site\" content=\"@pspv_cs\" \/>\n<meta name=\"twitter:label1\" content=\"Escrito por\" \/>\n\t<meta name=\"twitter:data1\" content=\"castello1\" \/>\n\t<meta name=\"twitter:label2\" content=\"Tiempo de lectura\" \/>\n\t<meta name=\"twitter:data2\" content=\"2 minutos\" \/>\n<script type=\"application\/ld+json\" class=\"yoast-schema-graph\">{\"@context\":\"https:\/\/schema.org\",\"@graph\":[{\"@type\":\"Article\",\"@id\":\"https:\/\/agrupacionespsoe.es\/castello\/va\/el-pspv-presenta-una-declaracio-institucional-perque-lajuntament-de-castello-mostre-el-seu-suport-al-moviment-estudiantil-en-defensa-de-palestina\/#article\",\"isPartOf\":{\"@id\":\"https:\/\/agrupacionespsoe.es\/castello\/va\/el-pspv-presenta-una-declaracio-institucional-perque-lajuntament-de-castello-mostre-el-seu-suport-al-moviment-estudiantil-en-defensa-de-palestina\/\"},\"author\":{\"name\":\"castello1\",\"@id\":\"https:\/\/agrupacionespsoe.es\/castello\/#\/schema\/person\/f3bc5b2f9dc6a399e9e98596ae24a20a\"},\"headline\":\"El PSPV presenta una declaraci\u00f3 institucional perqu\u00e8 l&#8217;Ajuntament de Castell\u00f3 mostre el seu suport al moviment estudiantil en defensa de Palestina\",\"datePublished\":\"2024-05-23T14:34:38+00:00\",\"dateModified\":\"2026-03-24T08:09:36+00:00\",\"mainEntityOfPage\":{\"@id\":\"https:\/\/agrupacionespsoe.es\/castello\/va\/el-pspv-presenta-una-declaracio-institucional-perque-lajuntament-de-castello-mostre-el-seu-suport-al-moviment-estudiantil-en-defensa-de-palestina\/\"},\"wordCount\":473,\"commentCount\":0,\"publisher\":{\"@id\":\"https:\/\/agrupacionespsoe.es\/castello\/#organization\"},\"image\":{\"@id\":\"https:\/\/agrupacionespsoe.es\/castello\/va\/el-pspv-presenta-una-declaracio-institucional-perque-lajuntament-de-castello-mostre-el-seu-suport-al-moviment-estudiantil-en-defensa-de-palestina\/#primaryimage\"},\"thumbnailUrl\":\"https:\/\/agrupacionespsoe.es\/castello\/wp-content\/uploads\/sites\/45\/2024\/05\/20240516-Puerta-Todos-los-proyectos-de-los-que-se-siente-tan-orgullosa-Begona-Carrasco-en-su-primer-ano-de-alcaldesa-son-iniciativas-scaled.jpg\",\"keywords\":[\"Anun L\u00e1inez\",\"Joaqu\u00edn Giner\",\"Jorge Ribes\",\"Jos\u00e9 Luis L\u00f3pez\",\"Jos\u00e9 Segura\",\"Mary Carmen Ribera\",\"M\u00f3nica Barab\u00e1s\",\"Multes\",\"Patricia Puerta\",\"Pilar Escuder\",\"Todos\"],\"articleSection\":[\"Grup Municipal Socialista\"],\"inLanguage\":\"es\",\"potentialAction\":[{\"@type\":\"CommentAction\",\"name\":\"Comment\",\"target\":[\"https:\/\/agrupacionespsoe.es\/castello\/va\/el-pspv-presenta-una-declaracio-institucional-perque-lajuntament-de-castello-mostre-el-seu-suport-al-moviment-estudiantil-en-defensa-de-palestina\/#respond\"]}]},{\"@type\":\"WebPage\",\"@id\":\"https:\/\/agrupacionespsoe.es\/castello\/va\/el-pspv-presenta-una-declaracio-institucional-perque-lajuntament-de-castello-mostre-el-seu-suport-al-moviment-estudiantil-en-defensa-de-palestina\/\",\"url\":\"https:\/\/agrupacionespsoe.es\/castello\/va\/el-pspv-presenta-una-declaracio-institucional-perque-lajuntament-de-castello-mostre-el-seu-suport-al-moviment-estudiantil-en-defensa-de-palestina\/\",\"name\":\"El PSPV presenta una declaraci\u00f3 institucional perqu\u00e8 l'Ajuntament de Castell\u00f3 mostre el seu suport al moviment estudiantil en defensa de Palestina - PSPV-PSOE CASTELL\u00d3\",\"isPartOf\":{\"@id\":\"https:\/\/agrupacionespsoe.es\/castello\/#website\"},\"primaryImageOfPage\":{\"@id\":\"https:\/\/agrupacionespsoe.es\/castello\/va\/el-pspv-presenta-una-declaracio-institucional-perque-lajuntament-de-castello-mostre-el-seu-suport-al-moviment-estudiantil-en-defensa-de-palestina\/#primaryimage\"},\"image\":{\"@id\":\"https:\/\/agrupacionespsoe.es\/castello\/va\/el-pspv-presenta-una-declaracio-institucional-perque-lajuntament-de-castello-mostre-el-seu-suport-al-moviment-estudiantil-en-defensa-de-palestina\/#primaryimage\"},\"thumbnailUrl\":\"https:\/\/agrupacionespsoe.es\/castello\/wp-content\/uploads\/sites\/45\/2024\/05\/20240516-Puerta-Todos-los-proyectos-de-los-que-se-siente-tan-orgullosa-Begona-Carrasco-en-su-primer-ano-de-alcaldesa-son-iniciativas-scaled.jpg\",\"datePublished\":\"2024-05-23T14:34:38+00:00\",\"dateModified\":\"2026-03-24T08:09:36+00:00\",\"breadcrumb\":{\"@id\":\"https:\/\/agrupacionespsoe.es\/castello\/va\/el-pspv-presenta-una-declaracio-institucional-perque-lajuntament-de-castello-mostre-el-seu-suport-al-moviment-estudiantil-en-defensa-de-palestina\/#breadcrumb\"},\"inLanguage\":\"es\",\"potentialAction\":[{\"@type\":\"ReadAction\",\"target\":[\"https:\/\/agrupacionespsoe.es\/castello\/va\/el-pspv-presenta-una-declaracio-institucional-perque-lajuntament-de-castello-mostre-el-seu-suport-al-moviment-estudiantil-en-defensa-de-palestina\/\"]}]},{\"@type\":\"ImageObject\",\"inLanguage\":\"es\",\"@id\":\"https:\/\/agrupacionespsoe.es\/castello\/va\/el-pspv-presenta-una-declaracio-institucional-perque-lajuntament-de-castello-mostre-el-seu-suport-al-moviment-estudiantil-en-defensa-de-palestina\/#primaryimage\",\"url\":\"https:\/\/agrupacionespsoe.es\/castello\/wp-content\/uploads\/sites\/45\/2024\/05\/20240516-Puerta-Todos-los-proyectos-de-los-que-se-siente-tan-orgullosa-Begona-Carrasco-en-su-primer-ano-de-alcaldesa-son-iniciativas-scaled.jpg\",\"contentUrl\":\"https:\/\/agrupacionespsoe.es\/castello\/wp-content\/uploads\/sites\/45\/2024\/05\/20240516-Puerta-Todos-los-proyectos-de-los-que-se-siente-tan-orgullosa-Begona-Carrasco-en-su-primer-ano-de-alcaldesa-son-iniciativas-scaled.jpg\",\"width\":2560,\"height\":1920},{\"@type\":\"BreadcrumbList\",\"@id\":\"https:\/\/agrupacionespsoe.es\/castello\/va\/el-pspv-presenta-una-declaracio-institucional-perque-lajuntament-de-castello-mostre-el-seu-suport-al-moviment-estudiantil-en-defensa-de-palestina\/#breadcrumb\",\"itemListElement\":[{\"@type\":\"ListItem\",\"position\":1,\"name\":\"Portada\",\"item\":\"https:\/\/agrupacionespsoe.es\/castello\/\"},{\"@type\":\"ListItem\",\"position\":2,\"name\":\"El PSPV presenta una declaraci\u00f3 institucional perqu\u00e8 l&#8217;Ajuntament de Castell\u00f3 mostre el seu suport al moviment estudiantil en defensa de Palestina\"}]},{\"@type\":\"WebSite\",\"@id\":\"https:\/\/agrupacionespsoe.es\/castello\/#website\",\"url\":\"https:\/\/agrupacionespsoe.es\/castello\/\",\"name\":\"PSPV-PSOE CASTELL\u00d3\",\"description\":\"PSPV-PSOE | Agrupaci\u00f3 de Castell\u00f3\",\"publisher\":{\"@id\":\"https:\/\/agrupacionespsoe.es\/castello\/#organization\"},\"potentialAction\":[{\"@type\":\"SearchAction\",\"target\":{\"@type\":\"EntryPoint\",\"urlTemplate\":\"https:\/\/agrupacionespsoe.es\/castello\/?s={search_term_string}\"},\"query-input\":{\"@type\":\"PropertyValueSpecification\",\"valueRequired\":true,\"valueName\":\"search_term_string\"}}],\"inLanguage\":\"es\"},{\"@type\":\"Organization\",\"@id\":\"https:\/\/agrupacionespsoe.es\/castello\/#organization\",\"name\":\"PSPV-PSOE Castell\u00f3\",\"url\":\"https:\/\/agrupacionespsoe.es\/castello\/\",\"logo\":{\"@type\":\"ImageObject\",\"inLanguage\":\"es\",\"@id\":\"https:\/\/agrupacionespsoe.es\/castello\/#\/schema\/logo\/image\/\",\"url\":\"https:\/\/agrupacionespsoe.es\/castello\/wp-content\/uploads\/sites\/45\/2023\/04\/PORTADA-PSOE-CASTELLO.jpg\",\"contentUrl\":\"https:\/\/agrupacionespsoe.es\/castello\/wp-content\/uploads\/sites\/45\/2023\/04\/PORTADA-PSOE-CASTELLO.jpg\",\"width\":2500,\"height\":2500,\"caption\":\"PSPV-PSOE Castell\u00f3\"},\"image\":{\"@id\":\"https:\/\/agrupacionespsoe.es\/castello\/#\/schema\/logo\/image\/\"},\"sameAs\":[\"https:\/\/www.facebook.com\/pspv.castellodelaplana\",\"https:\/\/x.com\/pspv_cs\",\"https:\/\/www.instagram.com\/pspvpsoecastello\/\"]},{\"@type\":\"Person\",\"@id\":\"https:\/\/agrupacionespsoe.es\/castello\/#\/schema\/person\/f3bc5b2f9dc6a399e9e98596ae24a20a\",\"name\":\"castello1\",\"image\":{\"@type\":\"ImageObject\",\"inLanguage\":\"es\",\"@id\":\"https:\/\/agrupacionespsoe.es\/castello\/#\/schema\/person\/image\/\",\"url\":\"https:\/\/secure.gravatar.com\/avatar\/5f1da428d6479d1127419c0b58796865?s=96&d=mm&r=g\",\"contentUrl\":\"https:\/\/secure.gravatar.com\/avatar\/5f1da428d6479d1127419c0b58796865?s=96&d=mm&r=g\",\"caption\":\"castello1\"},\"url\":\"https:\/\/agrupacionespsoe.es\/castello\/author\/castello1\/\"}]}<\/script>\n<!-- \/ Yoast SEO plugin. -->","yoast_head_json":{"title":"El PSPV presenta una declaraci\u00f3 institucional perqu\u00e8 l'Ajuntament de Castell\u00f3 mostre el seu suport al moviment estudiantil en defensa de Palestina - PSPV-PSOE CASTELL\u00d3","robots":{"index":"index","follow":"follow","max-snippet":"max-snippet:-1","max-image-preview":"max-image-preview:large","max-video-preview":"max-video-preview:-1"},"canonical":"https:\/\/agrupacionespsoe.es\/castello\/va\/el-pspv-presenta-una-declaracio-institucional-perque-lajuntament-de-castello-mostre-el-seu-suport-al-moviment-estudiantil-en-defensa-de-palestina\/","og_locale":"es_ES","og_type":"article","og_title":"El PSPV presenta una declaraci\u00f3 institucional perqu\u00e8 l'Ajuntament de Castell\u00f3 mostre el seu suport al moviment estudiantil en defensa de Palestina - PSPV-PSOE CASTELL\u00d3","og_description":"El Grup Municipal Socialista ha registrat una Declaraci\u00f3 Institucional perqu\u00e8 l&#8217;Ajuntament de Castell\u00f3 mostre el seu suport al moviment estudiantil universitari que es manifesta per la pau i en defensa de Palestina, iniciativa que s&#8217;est\u00e0 desenvolupant per nombrosos campus espanyols, entre ells el de la Universitat Jaume I de Castell\u00f3. La proposta ser\u00e0 debatuda inicialment ...","og_url":"https:\/\/agrupacionespsoe.es\/castello\/va\/el-pspv-presenta-una-declaracio-institucional-perque-lajuntament-de-castello-mostre-el-seu-suport-al-moviment-estudiantil-en-defensa-de-palestina\/","og_site_name":"PSPV-PSOE CASTELL\u00d3","article_publisher":"https:\/\/www.facebook.com\/pspv.castellodelaplana","article_published_time":"2024-05-23T14:34:38+00:00","article_modified_time":"2026-03-24T08:09:36+00:00","og_image":[{"width":2560,"height":1920,"url":"https:\/\/agrupacionespsoe.es\/castello\/wp-content\/uploads\/sites\/45\/2024\/05\/20240516-Puerta-Todos-los-proyectos-de-los-que-se-siente-tan-orgullosa-Begona-Carrasco-en-su-primer-ano-de-alcaldesa-son-iniciativas-scaled.jpg","type":"image\/jpeg"}],"author":"castello1","twitter_card":"summary_large_image","twitter_creator":"@pspv_cs","twitter_site":"@pspv_cs","twitter_misc":{"Escrito por":"castello1","Tiempo de lectura":"2 minutos"},"schema":{"@context":"https:\/\/schema.org","@graph":[{"@type":"Article","@id":"https:\/\/agrupacionespsoe.es\/castello\/va\/el-pspv-presenta-una-declaracio-institucional-perque-lajuntament-de-castello-mostre-el-seu-suport-al-moviment-estudiantil-en-defensa-de-palestina\/#article","isPartOf":{"@id":"https:\/\/agrupacionespsoe.es\/castello\/va\/el-pspv-presenta-una-declaracio-institucional-perque-lajuntament-de-castello-mostre-el-seu-suport-al-moviment-estudiantil-en-defensa-de-palestina\/"},"author":{"name":"castello1","@id":"https:\/\/agrupacionespsoe.es\/castello\/#\/schema\/person\/f3bc5b2f9dc6a399e9e98596ae24a20a"},"headline":"El PSPV presenta una declaraci\u00f3 institucional perqu\u00e8 l&#8217;Ajuntament de Castell\u00f3 mostre el seu suport al moviment estudiantil en defensa de Palestina","datePublished":"2024-05-23T14:34:38+00:00","dateModified":"2026-03-24T08:09:36+00:00","mainEntityOfPage":{"@id":"https:\/\/agrupacionespsoe.es\/castello\/va\/el-pspv-presenta-una-declaracio-institucional-perque-lajuntament-de-castello-mostre-el-seu-suport-al-moviment-estudiantil-en-defensa-de-palestina\/"},"wordCount":473,"commentCount":0,"publisher":{"@id":"https:\/\/agrupacionespsoe.es\/castello\/#organization"},"image":{"@id":"https:\/\/agrupacionespsoe.es\/castello\/va\/el-pspv-presenta-una-declaracio-institucional-perque-lajuntament-de-castello-mostre-el-seu-suport-al-moviment-estudiantil-en-defensa-de-palestina\/#primaryimage"},"thumbnailUrl":"https:\/\/agrupacionespsoe.es\/castello\/wp-content\/uploads\/sites\/45\/2024\/05\/20240516-Puerta-Todos-los-proyectos-de-los-que-se-siente-tan-orgullosa-Begona-Carrasco-en-su-primer-ano-de-alcaldesa-son-iniciativas-scaled.jpg","keywords":["Anun L\u00e1inez","Joaqu\u00edn Giner","Jorge Ribes","Jos\u00e9 Luis L\u00f3pez","Jos\u00e9 Segura","Mary Carmen Ribera","M\u00f3nica Barab\u00e1s","Multes","Patricia Puerta","Pilar Escuder","Todos"],"articleSection":["Grup Municipal Socialista"],"inLanguage":"es","potentialAction":[{"@type":"CommentAction","name":"Comment","target":["https:\/\/agrupacionespsoe.es\/castello\/va\/el-pspv-presenta-una-declaracio-institucional-perque-lajuntament-de-castello-mostre-el-seu-suport-al-moviment-estudiantil-en-defensa-de-palestina\/#respond"]}]},{"@type":"WebPage","@id":"https:\/\/agrupacionespsoe.es\/castello\/va\/el-pspv-presenta-una-declaracio-institucional-perque-lajuntament-de-castello-mostre-el-seu-suport-al-moviment-estudiantil-en-defensa-de-palestina\/","url":"https:\/\/agrupacionespsoe.es\/castello\/va\/el-pspv-presenta-una-declaracio-institucional-perque-lajuntament-de-castello-mostre-el-seu-suport-al-moviment-estudiantil-en-defensa-de-palestina\/","name":"El PSPV presenta una declaraci\u00f3 institucional perqu\u00e8 l'Ajuntament de Castell\u00f3 mostre el seu suport al moviment estudiantil en defensa de Palestina - PSPV-PSOE CASTELL\u00d3","isPartOf":{"@id":"https:\/\/agrupacionespsoe.es\/castello\/#website"},"primaryImageOfPage":{"@id":"https:\/\/agrupacionespsoe.es\/castello\/va\/el-pspv-presenta-una-declaracio-institucional-perque-lajuntament-de-castello-mostre-el-seu-suport-al-moviment-estudiantil-en-defensa-de-palestina\/#primaryimage"},"image":{"@id":"https:\/\/agrupacionespsoe.es\/castello\/va\/el-pspv-presenta-una-declaracio-institucional-perque-lajuntament-de-castello-mostre-el-seu-suport-al-moviment-estudiantil-en-defensa-de-palestina\/#primaryimage"},"thumbnailUrl":"https:\/\/agrupacionespsoe.es\/castello\/wp-content\/uploads\/sites\/45\/2024\/05\/20240516-Puerta-Todos-los-proyectos-de-los-que-se-siente-tan-orgullosa-Begona-Carrasco-en-su-primer-ano-de-alcaldesa-son-iniciativas-scaled.jpg","datePublished":"2024-05-23T14:34:38+00:00","dateModified":"2026-03-24T08:09:36+00:00","breadcrumb":{"@id":"https:\/\/agrupacionespsoe.es\/castello\/va\/el-pspv-presenta-una-declaracio-institucional-perque-lajuntament-de-castello-mostre-el-seu-suport-al-moviment-estudiantil-en-defensa-de-palestina\/#breadcrumb"},"inLanguage":"es","potentialAction":[{"@type":"ReadAction","target":["https:\/\/agrupacionespsoe.es\/castello\/va\/el-pspv-presenta-una-declaracio-institucional-perque-lajuntament-de-castello-mostre-el-seu-suport-al-moviment-estudiantil-en-defensa-de-palestina\/"]}]},{"@type":"ImageObject","inLanguage":"es","@id":"https:\/\/agrupacionespsoe.es\/castello\/va\/el-pspv-presenta-una-declaracio-institucional-perque-lajuntament-de-castello-mostre-el-seu-suport-al-moviment-estudiantil-en-defensa-de-palestina\/#primaryimage","url":"https:\/\/agrupacionespsoe.es\/castello\/wp-content\/uploads\/sites\/45\/2024\/05\/20240516-Puerta-Todos-los-proyectos-de-los-que-se-siente-tan-orgullosa-Begona-Carrasco-en-su-primer-ano-de-alcaldesa-son-iniciativas-scaled.jpg","contentUrl":"https:\/\/agrupacionespsoe.es\/castello\/wp-content\/uploads\/sites\/45\/2024\/05\/20240516-Puerta-Todos-los-proyectos-de-los-que-se-siente-tan-orgullosa-Begona-Carrasco-en-su-primer-ano-de-alcaldesa-son-iniciativas-scaled.jpg","width":2560,"height":1920},{"@type":"BreadcrumbList","@id":"https:\/\/agrupacionespsoe.es\/castello\/va\/el-pspv-presenta-una-declaracio-institucional-perque-lajuntament-de-castello-mostre-el-seu-suport-al-moviment-estudiantil-en-defensa-de-palestina\/#breadcrumb","itemListElement":[{"@type":"ListItem","position":1,"name":"Portada","item":"https:\/\/agrupacionespsoe.es\/castello\/"},{"@type":"ListItem","position":2,"name":"El PSPV presenta una declaraci\u00f3 institucional perqu\u00e8 l&#8217;Ajuntament de Castell\u00f3 mostre el seu suport al moviment estudiantil en defensa de Palestina"}]},{"@type":"WebSite","@id":"https:\/\/agrupacionespsoe.es\/castello\/#website","url":"https:\/\/agrupacionespsoe.es\/castello\/","name":"PSPV-PSOE CASTELL\u00d3","description":"PSPV-PSOE | Agrupaci\u00f3 de Castell\u00f3","publisher":{"@id":"https:\/\/agrupacionespsoe.es\/castello\/#organization"},"potentialAction":[{"@type":"SearchAction","target":{"@type":"EntryPoint","urlTemplate":"https:\/\/agrupacionespsoe.es\/castello\/?s={search_term_string}"},"query-input":{"@type":"PropertyValueSpecification","valueRequired":true,"valueName":"search_term_string"}}],"inLanguage":"es"},{"@type":"Organization","@id":"https:\/\/agrupacionespsoe.es\/castello\/#organization","name":"PSPV-PSOE Castell\u00f3","url":"https:\/\/agrupacionespsoe.es\/castello\/","logo":{"@type":"ImageObject","inLanguage":"es","@id":"https:\/\/agrupacionespsoe.es\/castello\/#\/schema\/logo\/image\/","url":"https:\/\/agrupacionespsoe.es\/castello\/wp-content\/uploads\/sites\/45\/2023\/04\/PORTADA-PSOE-CASTELLO.jpg","contentUrl":"https:\/\/agrupacionespsoe.es\/castello\/wp-content\/uploads\/sites\/45\/2023\/04\/PORTADA-PSOE-CASTELLO.jpg","width":2500,"height":2500,"caption":"PSPV-PSOE Castell\u00f3"},"image":{"@id":"https:\/\/agrupacionespsoe.es\/castello\/#\/schema\/logo\/image\/"},"sameAs":["https:\/\/www.facebook.com\/pspv.castellodelaplana","https:\/\/x.com\/pspv_cs","https:\/\/www.instagram.com\/pspvpsoecastello\/"]},{"@type":"Person","@id":"https:\/\/agrupacionespsoe.es\/castello\/#\/schema\/person\/f3bc5b2f9dc6a399e9e98596ae24a20a","name":"castello1","image":{"@type":"ImageObject","inLanguage":"es","@id":"https:\/\/agrupacionespsoe.es\/castello\/#\/schema\/person\/image\/","url":"https:\/\/secure.gravatar.com\/avatar\/5f1da428d6479d1127419c0b58796865?s=96&d=mm&r=g","contentUrl":"https:\/\/secure.gravatar.com\/avatar\/5f1da428d6479d1127419c0b58796865?s=96&d=mm&r=g","caption":"castello1"},"url":"https:\/\/agrupacionespsoe.es\/castello\/author\/castello1\/"}]}},"jetpack_publicize_connections":[],"jetpack_featured_media_url":"https:\/\/agrupacionespsoe.es\/castello\/wp-content\/uploads\/sites\/45\/2024\/05\/20240516-Puerta-Todos-los-proyectos-de-los-que-se-siente-tan-orgullosa-Begona-Carrasco-en-su-primer-ano-de-alcaldesa-son-iniciativas-scaled.jpg","jetpack_sharing_enabled":true,"_links":{"self":[{"href":"https:\/\/agrupacionespsoe.es\/castello\/wp-json\/wp\/v2\/posts\/4965","targetHints":{"allow":["GET"]}}],"collection":[{"href":"https:\/\/agrupacionespsoe.es\/castello\/wp-json\/wp\/v2\/posts"}],"about":[{"href":"https:\/\/agrupacionespsoe.es\/castello\/wp-json\/wp\/v2\/types\/post"}],"author":[{"embeddable":true,"href":"https:\/\/agrupacionespsoe.es\/castello\/wp-json\/wp\/v2\/users\/48"}],"replies":[{"embeddable":true,"href":"https:\/\/agrupacionespsoe.es\/castello\/wp-json\/wp\/v2\/comments?post=4965"}],"version-history":[{"count":2,"href":"https:\/\/agrupacionespsoe.es\/castello\/wp-json\/wp\/v2\/posts\/4965\/revisions"}],"predecessor-version":[{"id":4967,"href":"https:\/\/agrupacionespsoe.es\/castello\/wp-json\/wp\/v2\/posts\/4965\/revisions\/4967"}],"wp:featuredmedia":[{"embeddable":true,"href":"https:\/\/agrupacionespsoe.es\/castello\/wp-json\/wp\/v2\/media\/4887"}],"wp:attachment":[{"href":"https:\/\/agrupacionespsoe.es\/castello\/wp-json\/wp\/v2\/media?parent=4965"}],"wp:term":[{"taxonomy":"category","embeddable":true,"href":"https:\/\/agrupacionespsoe.es\/castello\/wp-json\/wp\/v2\/categories?post=4965"},{"taxonomy":"post_tag","embeddable":true,"href":"https:\/\/agrupacionespsoe.es\/castello\/wp-json\/wp\/v2\/tags?post=4965"}],"curies":[{"name":"wp","href":"https:\/\/api.w.org\/{rel}","templated":true}]}}