{"id":4412,"date":"2024-03-22T11:12:42","date_gmt":"2024-03-22T10:12:42","guid":{"rendered":"https:\/\/agrupacionespsoe.es\/castello\/?p=4412"},"modified":"2024-03-22T12:02:57","modified_gmt":"2024-03-22T11:02:57","slug":"des-edificant","status":"publish","type":"post","link":"https:\/\/agrupacionespsoe.es\/castello\/des-edificant\/","title":{"rendered":"Des-Edificant"},"content":{"rendered":"\n<p>El&nbsp;<em>Pla Edificant <\/em>aprobado por el Gobierno del&nbsp;<em>Bot\u00e0nic<\/em>&nbsp;en octubre del 2017 ha supuesto una trasformaci\u00f3n m\u00e1s que positiva en muchos de los municipios de La Comunitat Valenciana, porque se han mejorado y creado muchas de las infraestructuras educativas que durante a\u00f1os estuvieron olvidadas por los gobiernos del partido Popular.<\/p>\n\n\n\n<p>Gracias a este plan, y la colaboraci\u00f3n entre el Ayuntamiento de Castell\u00f3 y la Generalitat, se han realizado obras de rehabilitaci\u00f3n, ampliaci\u00f3n y modernizaci\u00f3n de los edificios, as\u00ed como la construcci\u00f3n de nuevos espacios educativos. Los CEIP Vicent Mar\u00e7\u00e0 y Herrero ya son una realidad desde hace m\u00e1s de un a\u00f1o y Sebasti\u00e1n Elcano y Mestre Can\u00f3s se encuentran en este momento en plena ejecuci\u00f3n.<\/p>\n\n\n\n<p>Adem\u00e1s, este programa tambi\u00e9n ha permitido la creaci\u00f3n de nuevos centros educativos en zonas donde la demanda de plazas escolares era alta, lo que ha supuesto una gran mejora en la calidad de la educaci\u00f3n, reduciendo la ratio de alumnos por aula y facilitando el acceso a la educaci\u00f3n a un mayor n\u00famero de estudiantes, adem\u00e1s de promover la participaci\u00f3n de la comunidad educativa en la toma de decisiones.<\/p>\n\n\n\n<p>En resumen, para Castell\u00f3 ha supuesto una verdadera revoluci\u00f3n en la educaci\u00f3n, porque gracias a esta iniciativa nuestros centros educativos cuentan con instalaciones modernas y adaptadas a las necesidades del siglo XXI.<\/p>\n\n\n\n<p>Por ese motivo, desde el&nbsp;<em>Acord de Fadrell<\/em>&nbsp;aprobamos la solicitud de adhesi\u00f3n al&nbsp;<em>Pla Edificant&nbsp;<\/em>de nuevas iniciativas en nuestra ciudad en colaboraci\u00f3n con el Consell Escolar Municipal, actuaciones m\u00e1s que necesarias para continuar las reformas de los CEIP Cervantes, San Agust\u00edn, Bisbe Climent, Maestro Armelles o Carles Selma y la construcci\u00f3n del nuevo IES Cr\u00e8mor.<\/p>\n\n\n\n<p>Pero por desgracia vemos como para el Se\u00f1or Maz\u00f3n, alumno aventajado de Zaplana Camps, esto no es prioritario, y lo m\u00e1s lamentable es que sea con el silencio c\u00f3mplice del gobierno municipal en Castell. El Consell del PP y VOX olvida las inversiones, que junto a la comunidad educativa, hab\u00edamos comprometido con el Gobierno del Bot\u00e0nic. Pero la alcaldesa,&nbsp;<strong>Bego\u00f1a Carrasco,&nbsp;<\/strong>calla. Ni est\u00e1 ni se le espera.<\/p>\n\n\n\n<p class=\"has-text-align-right\"><strong><em>Jos\u00e9 Luis L\u00f3pez Ib\u00e1\u00f1ez<br><\/em><\/strong><em>Portavoz adjunto del Grupo Municipal Socialista<\/em> <em>en el Ayuntamiento de Castell\u00f3<\/em><\/p>\n","protected":false},"excerpt":{"rendered":"<p>El&nbsp;Pla Edificant aprobado por el Gobierno del&nbsp;Bot\u00e0nic&nbsp;en octubre del 2017 ha supuesto una trasformaci\u00f3n m\u00e1s que positiva en muchos de los municipios de La Comunitat Valenciana, porque se han mejorado y creado muchas de las infraestructuras educativas que durante a\u00f1os estuvieron olvidadas por los gobiernos del partido Popular. Gracias a este plan, y la colaboraci\u00f3n &#8230;<\/p>\n","protected":false},"author":48,"featured_media":840,"comment_status":"open","ping_status":"open","sticky":false,"template":"","format":"standard","meta":{"_jetpack_memberships_contains_paid_content":false,"footnotes":"","jetpack_publicize_message":"","jetpack_publicize_feature_enabled":true,"jetpack_social_post_already_shared":false,"jetpack_social_options":{"image_generator_settings":{"template":"highway","default_image_id":0,"font":"","enabled":false},"version":2}},"categories":[33,50],"tags":[85],"class_list":["post-4412","post","type-post","status-publish","format-standard","has-post-thumbnail","hentry","category-gms","category-opinion","tag-jose-luis-lopez"],"yoast_head":"<!-- This site is optimized with the Yoast SEO plugin v24.0 - https:\/\/yoast.com\/wordpress\/plugins\/seo\/ -->\n<title>Des-Edificant - PSPV-PSOE CASTELL\u00d3<\/title>\n<meta name=\"robots\" content=\"index, follow, max-snippet:-1, max-image-preview:large, max-video-preview:-1\" \/>\n<link rel=\"canonical\" href=\"https:\/\/agrupacionespsoe.es\/castello\/des-edificant\/\" \/>\n<meta property=\"og:locale\" content=\"es_ES\" \/>\n<meta property=\"og:type\" content=\"article\" \/>\n<meta property=\"og:title\" content=\"Des-Edificant - PSPV-PSOE CASTELL\u00d3\" \/>\n<meta property=\"og:description\" content=\"El&nbsp;Pla Edificant aprobado por el Gobierno del&nbsp;Bot\u00e0nic&nbsp;en octubre del 2017 ha supuesto una trasformaci\u00f3n m\u00e1s que positiva en muchos de los municipios de La Comunitat Valenciana, porque se han mejorado y creado muchas de las infraestructuras educativas que durante a\u00f1os estuvieron olvidadas por los gobiernos del partido Popular. Gracias a este plan, y la colaboraci\u00f3n ...\" \/>\n<meta property=\"og:url\" content=\"https:\/\/agrupacionespsoe.es\/castello\/des-edificant\/\" \/>\n<meta property=\"og:site_name\" content=\"PSPV-PSOE CASTELL\u00d3\" \/>\n<meta property=\"article:publisher\" content=\"https:\/\/www.facebook.com\/pspv.castellodelaplana\" \/>\n<meta property=\"article:published_time\" content=\"2024-03-22T10:12:42+00:00\" \/>\n<meta property=\"article:modified_time\" content=\"2024-03-22T11:02:57+00:00\" \/>\n<meta property=\"og:image\" content=\"https:\/\/agrupacionespsoe.es\/castello\/wp-content\/uploads\/sites\/45\/2023\/04\/2.-JOSE-LUIS-LOPEZ-IBANEZ-2-1-scaled.jpg\" \/>\n\t<meta property=\"og:image:width\" content=\"2560\" \/>\n\t<meta property=\"og:image:height\" content=\"2560\" \/>\n\t<meta property=\"og:image:type\" content=\"image\/jpeg\" \/>\n<meta name=\"author\" content=\"castello1\" \/>\n<meta name=\"twitter:card\" content=\"summary_large_image\" \/>\n<meta name=\"twitter:creator\" content=\"@pspv_cs\" \/>\n<meta name=\"twitter:site\" content=\"@pspv_cs\" \/>\n<meta name=\"twitter:label1\" content=\"Escrito por\" \/>\n\t<meta name=\"twitter:data1\" content=\"castello1\" \/>\n\t<meta name=\"twitter:label2\" content=\"Tiempo de lectura\" \/>\n\t<meta name=\"twitter:data2\" content=\"2 minutos\" \/>\n<script type=\"application\/ld+json\" class=\"yoast-schema-graph\">{\"@context\":\"https:\/\/schema.org\",\"@graph\":[{\"@type\":\"Article\",\"@id\":\"https:\/\/agrupacionespsoe.es\/castello\/des-edificant\/#article\",\"isPartOf\":{\"@id\":\"https:\/\/agrupacionespsoe.es\/castello\/des-edificant\/\"},\"author\":{\"name\":\"castello1\",\"@id\":\"https:\/\/agrupacionespsoe.es\/castello\/#\/schema\/person\/f3bc5b2f9dc6a399e9e98596ae24a20a\"},\"headline\":\"Des-Edificant\",\"datePublished\":\"2024-03-22T10:12:42+00:00\",\"dateModified\":\"2024-03-22T11:02:57+00:00\",\"mainEntityOfPage\":{\"@id\":\"https:\/\/agrupacionespsoe.es\/castello\/des-edificant\/\"},\"wordCount\":405,\"commentCount\":0,\"publisher\":{\"@id\":\"https:\/\/agrupacionespsoe.es\/castello\/#organization\"},\"image\":{\"@id\":\"https:\/\/agrupacionespsoe.es\/castello\/des-edificant\/#primaryimage\"},\"thumbnailUrl\":\"https:\/\/agrupacionespsoe.es\/castello\/wp-content\/uploads\/sites\/45\/2023\/04\/2.-JOSE-LUIS-LOPEZ-IBANEZ-2-1-scaled.jpg\",\"keywords\":[\"Jos\u00e9 Luis L\u00f3pez\"],\"articleSection\":[\"Grupo Municipal Socialista\",\"Opini\u00f3n\"],\"inLanguage\":\"es\",\"potentialAction\":[{\"@type\":\"CommentAction\",\"name\":\"Comment\",\"target\":[\"https:\/\/agrupacionespsoe.es\/castello\/des-edificant\/#respond\"]}]},{\"@type\":\"WebPage\",\"@id\":\"https:\/\/agrupacionespsoe.es\/castello\/des-edificant\/\",\"url\":\"https:\/\/agrupacionespsoe.es\/castello\/des-edificant\/\",\"name\":\"Des-Edificant - PSPV-PSOE CASTELL\u00d3\",\"isPartOf\":{\"@id\":\"https:\/\/agrupacionespsoe.es\/castello\/#website\"},\"primaryImageOfPage\":{\"@id\":\"https:\/\/agrupacionespsoe.es\/castello\/des-edificant\/#primaryimage\"},\"image\":{\"@id\":\"https:\/\/agrupacionespsoe.es\/castello\/des-edificant\/#primaryimage\"},\"thumbnailUrl\":\"https:\/\/agrupacionespsoe.es\/castello\/wp-content\/uploads\/sites\/45\/2023\/04\/2.-JOSE-LUIS-LOPEZ-IBANEZ-2-1-scaled.jpg\",\"datePublished\":\"2024-03-22T10:12:42+00:00\",\"dateModified\":\"2024-03-22T11:02:57+00:00\",\"breadcrumb\":{\"@id\":\"https:\/\/agrupacionespsoe.es\/castello\/des-edificant\/#breadcrumb\"},\"inLanguage\":\"es\",\"potentialAction\":[{\"@type\":\"ReadAction\",\"target\":[\"https:\/\/agrupacionespsoe.es\/castello\/des-edificant\/\"]}]},{\"@type\":\"ImageObject\",\"inLanguage\":\"es\",\"@id\":\"https:\/\/agrupacionespsoe.es\/castello\/des-edificant\/#primaryimage\",\"url\":\"https:\/\/agrupacionespsoe.es\/castello\/wp-content\/uploads\/sites\/45\/2023\/04\/2.-JOSE-LUIS-LOPEZ-IBANEZ-2-1-scaled.jpg\",\"contentUrl\":\"https:\/\/agrupacionespsoe.es\/castello\/wp-content\/uploads\/sites\/45\/2023\/04\/2.-JOSE-LUIS-LOPEZ-IBANEZ-2-1-scaled.jpg\",\"width\":2560,\"height\":2560},{\"@type\":\"BreadcrumbList\",\"@id\":\"https:\/\/agrupacionespsoe.es\/castello\/des-edificant\/#breadcrumb\",\"itemListElement\":[{\"@type\":\"ListItem\",\"position\":1,\"name\":\"Portada\",\"item\":\"https:\/\/agrupacionespsoe.es\/castello\/\"},{\"@type\":\"ListItem\",\"position\":2,\"name\":\"Des-Edificant\"}]},{\"@type\":\"WebSite\",\"@id\":\"https:\/\/agrupacionespsoe.es\/castello\/#website\",\"url\":\"https:\/\/agrupacionespsoe.es\/castello\/\",\"name\":\"PSPV-PSOE CASTELL\u00d3\",\"description\":\"PSPV-PSOE | Agrupaci\u00f3 de Castell\u00f3\",\"publisher\":{\"@id\":\"https:\/\/agrupacionespsoe.es\/castello\/#organization\"},\"potentialAction\":[{\"@type\":\"SearchAction\",\"target\":{\"@type\":\"EntryPoint\",\"urlTemplate\":\"https:\/\/agrupacionespsoe.es\/castello\/?s={search_term_string}\"},\"query-input\":{\"@type\":\"PropertyValueSpecification\",\"valueRequired\":true,\"valueName\":\"search_term_string\"}}],\"inLanguage\":\"es\"},{\"@type\":\"Organization\",\"@id\":\"https:\/\/agrupacionespsoe.es\/castello\/#organization\",\"name\":\"PSPV-PSOE Castell\u00f3\",\"url\":\"https:\/\/agrupacionespsoe.es\/castello\/\",\"logo\":{\"@type\":\"ImageObject\",\"inLanguage\":\"es\",\"@id\":\"https:\/\/agrupacionespsoe.es\/castello\/#\/schema\/logo\/image\/\",\"url\":\"https:\/\/agrupacionespsoe.es\/castello\/wp-content\/uploads\/sites\/45\/2023\/04\/PORTADA-PSOE-CASTELLO.jpg\",\"contentUrl\":\"https:\/\/agrupacionespsoe.es\/castello\/wp-content\/uploads\/sites\/45\/2023\/04\/PORTADA-PSOE-CASTELLO.jpg\",\"width\":2500,\"height\":2500,\"caption\":\"PSPV-PSOE Castell\u00f3\"},\"image\":{\"@id\":\"https:\/\/agrupacionespsoe.es\/castello\/#\/schema\/logo\/image\/\"},\"sameAs\":[\"https:\/\/www.facebook.com\/pspv.castellodelaplana\",\"https:\/\/x.com\/pspv_cs\",\"https:\/\/www.instagram.com\/pspvpsoecastello\/\"]},{\"@type\":\"Person\",\"@id\":\"https:\/\/agrupacionespsoe.es\/castello\/#\/schema\/person\/f3bc5b2f9dc6a399e9e98596ae24a20a\",\"name\":\"castello1\",\"image\":{\"@type\":\"ImageObject\",\"inLanguage\":\"es\",\"@id\":\"https:\/\/agrupacionespsoe.es\/castello\/#\/schema\/person\/image\/\",\"url\":\"https:\/\/secure.gravatar.com\/avatar\/5f1da428d6479d1127419c0b58796865?s=96&d=mm&r=g\",\"contentUrl\":\"https:\/\/secure.gravatar.com\/avatar\/5f1da428d6479d1127419c0b58796865?s=96&d=mm&r=g\",\"caption\":\"castello1\"},\"url\":\"https:\/\/agrupacionespsoe.es\/castello\/author\/castello1\/\"}]}<\/script>\n<!-- \/ Yoast SEO plugin. -->","yoast_head_json":{"title":"Des-Edificant - PSPV-PSOE CASTELL\u00d3","robots":{"index":"index","follow":"follow","max-snippet":"max-snippet:-1","max-image-preview":"max-image-preview:large","max-video-preview":"max-video-preview:-1"},"canonical":"https:\/\/agrupacionespsoe.es\/castello\/des-edificant\/","og_locale":"es_ES","og_type":"article","og_title":"Des-Edificant - PSPV-PSOE CASTELL\u00d3","og_description":"El&nbsp;Pla Edificant aprobado por el Gobierno del&nbsp;Bot\u00e0nic&nbsp;en octubre del 2017 ha supuesto una trasformaci\u00f3n m\u00e1s que positiva en muchos de los municipios de La Comunitat Valenciana, porque se han mejorado y creado muchas de las infraestructuras educativas que durante a\u00f1os estuvieron olvidadas por los gobiernos del partido Popular. Gracias a este plan, y la colaboraci\u00f3n ...","og_url":"https:\/\/agrupacionespsoe.es\/castello\/des-edificant\/","og_site_name":"PSPV-PSOE CASTELL\u00d3","article_publisher":"https:\/\/www.facebook.com\/pspv.castellodelaplana","article_published_time":"2024-03-22T10:12:42+00:00","article_modified_time":"2024-03-22T11:02:57+00:00","og_image":[{"width":2560,"height":2560,"url":"https:\/\/agrupacionespsoe.es\/castello\/wp-content\/uploads\/sites\/45\/2023\/04\/2.-JOSE-LUIS-LOPEZ-IBANEZ-2-1-scaled.jpg","type":"image\/jpeg"}],"author":"castello1","twitter_card":"summary_large_image","twitter_creator":"@pspv_cs","twitter_site":"@pspv_cs","twitter_misc":{"Escrito por":"castello1","Tiempo de lectura":"2 minutos"},"schema":{"@context":"https:\/\/schema.org","@graph":[{"@type":"Article","@id":"https:\/\/agrupacionespsoe.es\/castello\/des-edificant\/#article","isPartOf":{"@id":"https:\/\/agrupacionespsoe.es\/castello\/des-edificant\/"},"author":{"name":"castello1","@id":"https:\/\/agrupacionespsoe.es\/castello\/#\/schema\/person\/f3bc5b2f9dc6a399e9e98596ae24a20a"},"headline":"Des-Edificant","datePublished":"2024-03-22T10:12:42+00:00","dateModified":"2024-03-22T11:02:57+00:00","mainEntityOfPage":{"@id":"https:\/\/agrupacionespsoe.es\/castello\/des-edificant\/"},"wordCount":405,"commentCount":0,"publisher":{"@id":"https:\/\/agrupacionespsoe.es\/castello\/#organization"},"image":{"@id":"https:\/\/agrupacionespsoe.es\/castello\/des-edificant\/#primaryimage"},"thumbnailUrl":"https:\/\/agrupacionespsoe.es\/castello\/wp-content\/uploads\/sites\/45\/2023\/04\/2.-JOSE-LUIS-LOPEZ-IBANEZ-2-1-scaled.jpg","keywords":["Jos\u00e9 Luis L\u00f3pez"],"articleSection":["Grupo Municipal Socialista","Opini\u00f3n"],"inLanguage":"es","potentialAction":[{"@type":"CommentAction","name":"Comment","target":["https:\/\/agrupacionespsoe.es\/castello\/des-edificant\/#respond"]}]},{"@type":"WebPage","@id":"https:\/\/agrupacionespsoe.es\/castello\/des-edificant\/","url":"https:\/\/agrupacionespsoe.es\/castello\/des-edificant\/","name":"Des-Edificant - PSPV-PSOE CASTELL\u00d3","isPartOf":{"@id":"https:\/\/agrupacionespsoe.es\/castello\/#website"},"primaryImageOfPage":{"@id":"https:\/\/agrupacionespsoe.es\/castello\/des-edificant\/#primaryimage"},"image":{"@id":"https:\/\/agrupacionespsoe.es\/castello\/des-edificant\/#primaryimage"},"thumbnailUrl":"https:\/\/agrupacionespsoe.es\/castello\/wp-content\/uploads\/sites\/45\/2023\/04\/2.-JOSE-LUIS-LOPEZ-IBANEZ-2-1-scaled.jpg","datePublished":"2024-03-22T10:12:42+00:00","dateModified":"2024-03-22T11:02:57+00:00","breadcrumb":{"@id":"https:\/\/agrupacionespsoe.es\/castello\/des-edificant\/#breadcrumb"},"inLanguage":"es","potentialAction":[{"@type":"ReadAction","target":["https:\/\/agrupacionespsoe.es\/castello\/des-edificant\/"]}]},{"@type":"ImageObject","inLanguage":"es","@id":"https:\/\/agrupacionespsoe.es\/castello\/des-edificant\/#primaryimage","url":"https:\/\/agrupacionespsoe.es\/castello\/wp-content\/uploads\/sites\/45\/2023\/04\/2.-JOSE-LUIS-LOPEZ-IBANEZ-2-1-scaled.jpg","contentUrl":"https:\/\/agrupacionespsoe.es\/castello\/wp-content\/uploads\/sites\/45\/2023\/04\/2.-JOSE-LUIS-LOPEZ-IBANEZ-2-1-scaled.jpg","width":2560,"height":2560},{"@type":"BreadcrumbList","@id":"https:\/\/agrupacionespsoe.es\/castello\/des-edificant\/#breadcrumb","itemListElement":[{"@type":"ListItem","position":1,"name":"Portada","item":"https:\/\/agrupacionespsoe.es\/castello\/"},{"@type":"ListItem","position":2,"name":"Des-Edificant"}]},{"@type":"WebSite","@id":"https:\/\/agrupacionespsoe.es\/castello\/#website","url":"https:\/\/agrupacionespsoe.es\/castello\/","name":"PSPV-PSOE CASTELL\u00d3","description":"PSPV-PSOE | Agrupaci\u00f3 de Castell\u00f3","publisher":{"@id":"https:\/\/agrupacionespsoe.es\/castello\/#organization"},"potentialAction":[{"@type":"SearchAction","target":{"@type":"EntryPoint","urlTemplate":"https:\/\/agrupacionespsoe.es\/castello\/?s={search_term_string}"},"query-input":{"@type":"PropertyValueSpecification","valueRequired":true,"valueName":"search_term_string"}}],"inLanguage":"es"},{"@type":"Organization","@id":"https:\/\/agrupacionespsoe.es\/castello\/#organization","name":"PSPV-PSOE Castell\u00f3","url":"https:\/\/agrupacionespsoe.es\/castello\/","logo":{"@type":"ImageObject","inLanguage":"es","@id":"https:\/\/agrupacionespsoe.es\/castello\/#\/schema\/logo\/image\/","url":"https:\/\/agrupacionespsoe.es\/castello\/wp-content\/uploads\/sites\/45\/2023\/04\/PORTADA-PSOE-CASTELLO.jpg","contentUrl":"https:\/\/agrupacionespsoe.es\/castello\/wp-content\/uploads\/sites\/45\/2023\/04\/PORTADA-PSOE-CASTELLO.jpg","width":2500,"height":2500,"caption":"PSPV-PSOE Castell\u00f3"},"image":{"@id":"https:\/\/agrupacionespsoe.es\/castello\/#\/schema\/logo\/image\/"},"sameAs":["https:\/\/www.facebook.com\/pspv.castellodelaplana","https:\/\/x.com\/pspv_cs","https:\/\/www.instagram.com\/pspvpsoecastello\/"]},{"@type":"Person","@id":"https:\/\/agrupacionespsoe.es\/castello\/#\/schema\/person\/f3bc5b2f9dc6a399e9e98596ae24a20a","name":"castello1","image":{"@type":"ImageObject","inLanguage":"es","@id":"https:\/\/agrupacionespsoe.es\/castello\/#\/schema\/person\/image\/","url":"https:\/\/secure.gravatar.com\/avatar\/5f1da428d6479d1127419c0b58796865?s=96&d=mm&r=g","contentUrl":"https:\/\/secure.gravatar.com\/avatar\/5f1da428d6479d1127419c0b58796865?s=96&d=mm&r=g","caption":"castello1"},"url":"https:\/\/agrupacionespsoe.es\/castello\/author\/castello1\/"}]}},"jetpack_publicize_connections":[],"jetpack_featured_media_url":"https:\/\/agrupacionespsoe.es\/castello\/wp-content\/uploads\/sites\/45\/2023\/04\/2.-JOSE-LUIS-LOPEZ-IBANEZ-2-1-scaled.jpg","jetpack_sharing_enabled":true,"_links":{"self":[{"href":"https:\/\/agrupacionespsoe.es\/castello\/wp-json\/wp\/v2\/posts\/4412","targetHints":{"allow":["GET"]}}],"collection":[{"href":"https:\/\/agrupacionespsoe.es\/castello\/wp-json\/wp\/v2\/posts"}],"about":[{"href":"https:\/\/agrupacionespsoe.es\/castello\/wp-json\/wp\/v2\/types\/post"}],"author":[{"embeddable":true,"href":"https:\/\/agrupacionespsoe.es\/castello\/wp-json\/wp\/v2\/users\/48"}],"replies":[{"embeddable":true,"href":"https:\/\/agrupacionespsoe.es\/castello\/wp-json\/wp\/v2\/comments?post=4412"}],"version-history":[{"count":3,"href":"https:\/\/agrupacionespsoe.es\/castello\/wp-json\/wp\/v2\/posts\/4412\/revisions"}],"predecessor-version":[{"id":4424,"href":"https:\/\/agrupacionespsoe.es\/castello\/wp-json\/wp\/v2\/posts\/4412\/revisions\/4424"}],"wp:featuredmedia":[{"embeddable":true,"href":"https:\/\/agrupacionespsoe.es\/castello\/wp-json\/wp\/v2\/media\/840"}],"wp:attachment":[{"href":"https:\/\/agrupacionespsoe.es\/castello\/wp-json\/wp\/v2\/media?parent=4412"}],"wp:term":[{"taxonomy":"category","embeddable":true,"href":"https:\/\/agrupacionespsoe.es\/castello\/wp-json\/wp\/v2\/categories?post=4412"},{"taxonomy":"post_tag","embeddable":true,"href":"https:\/\/agrupacionespsoe.es\/castello\/wp-json\/wp\/v2\/tags?post=4412"}],"curies":[{"name":"wp","href":"https:\/\/api.w.org\/{rel}","templated":true}]}}