{"id":4355,"date":"2024-03-15T12:00:00","date_gmt":"2024-03-15T11:00:00","guid":{"rendered":"https:\/\/agrupacionespsoe.es\/castello\/?p=4355"},"modified":"2024-03-14T13:25:22","modified_gmt":"2024-03-14T12:25:22","slug":"la-alcaldesa-del-humo-y-la-gaita","status":"publish","type":"post","link":"https:\/\/agrupacionespsoe.es\/castello\/la-alcaldesa-del-humo-y-la-gaita\/","title":{"rendered":"La alcaldesa del humo\u00a0y la gaita"},"content":{"rendered":"\n<p>Castell\u00f3 deja atr\u00e1s 9 intensos d\u00edas de fiestas fundacionales, una Magdalena en la que los y las castellonenses han sido la pieza fundamental para su buen desarrollo y que ha sido un \u00e9xito de participaci\u00f3n\u2026 Como siempre.<\/p>\n\n\n\n<p>La alcaldesa,&nbsp;<strong>Bego\u00f1a Carrasco<\/strong>,&nbsp;es una alumna aventajada de&nbsp;<strong>Isabel Ayuso<\/strong>, porque nos vende a diario un discurso populista digno de&nbsp;<strong>Trump<\/strong>. En su balance de las fiestas solo le ha faltado decir que invent\u00f3&nbsp;la p\u00f3lvora.&nbsp;Eso s\u00ed, innovadores, un rato, con ese Desfile de \u2018Gaitas\u2019 que anunciaron&nbsp;a todo color y que refleja su falta de control. Menudo petardazo.<\/p>\n\n\n\n<p>Habla de r\u00e9cord hist\u00f3rico de participaci\u00f3n, pero&nbsp;elude que&nbsp;en 2023 hubo 20.000 personas m\u00e1s en la Romer\u00eda. Insiste en que la media de ocupaci\u00f3n&nbsp;hotelera&nbsp;ha sido del 95 %, pero los datos oficiales&nbsp;del&nbsp;Patronato de Turismo destapan sus mentiras porque&nbsp;el dato real&nbsp;apenas llega&nbsp;al&nbsp;70&nbsp;%. Insiste en el impacto econ\u00f3mico de las fiestas. Faltar\u00eda m\u00e1s, pero pregunte&nbsp;a los&nbsp;hosteleros&nbsp;que pagan de forma constante sus impuestos para ver si est\u00e1n tan entusiasmados como la alcaldesa del humo&nbsp;y la gaita.<\/p>\n\n\n\n<p>Su falta de humildad es lamentable.\u00a0Es\u00a0capaz de inventarse una realidad paralela. Apunta a\u00a0fiestas hist\u00f3ricas por\u00a0lograr\u00a0el Bien de Inter\u00e9s Cultural para el Desfile de Gaiatas, pero oculta que fue el anterior gobierno municipal\u00a0de\u00a0<strong>Amparo Marco<\/strong>, junto al trabajo\u00a0inestimable\u00a0de\u00a0<strong>Agust\u00edn Mon<\/strong>, el que inici\u00f3 y defini\u00f3 este reconocimiento.<\/p>\n\n\n\n<p>No pasa nada por ser agradecidos,&nbsp;se\u00f1ora&nbsp;Carrasco,&nbsp;pero&nbsp;a usted&nbsp;le&nbsp;falta humildad y le&nbsp;sobra prepotencia. Lleva&nbsp;8&nbsp;meses como alcaldesa, pero le falta mucho recorrido para mantener una actitud institucional de altura. Les invito a verla en los plenos municipales, donde saca todos sus fuegos de artificio.<\/p>\n\n\n\n<p>Problemas de protocolo,&nbsp;burla en el reparto de programas,&nbsp;impuntualidad de la alcaldesa y gobierno municipal, una Ofrenda de Flores descafeinada, suciedad en las calles, inseguridad ciudadana marcada por la agresi\u00f3n fascista a la Cosa Nostra\u2026<\/p>\n\n\n\n<p>S\u00ed, se\u00f1ora alcaldesa, la Magdalena ha sido un \u00e9xito, pero gracias a toda la ciudadan\u00eda y colectivos que forman parte de ella. Usted&nbsp;a ver si aprende a templar&nbsp;gaitas.<\/p>\n\n\n\n<p class=\"has-text-align-right\"><em>Patricia Puerta Barber\u00e1<br>Portavoz del Grupo Municipal Socialista<\/em> <em>en el Ayuntamiento de Castell\u00f3<\/em><\/p>\n","protected":false},"excerpt":{"rendered":"<p>Castell\u00f3 deja atr\u00e1s 9 intensos d\u00edas de fiestas fundacionales, una Magdalena en la que los y las castellonenses han sido la pieza fundamental para su buen desarrollo y que ha sido un \u00e9xito de participaci\u00f3n\u2026 Como siempre. La alcaldesa,&nbsp;Bego\u00f1a Carrasco,&nbsp;es una alumna aventajada de&nbsp;Isabel Ayuso, porque nos vende a diario un discurso populista digno de&nbsp;Trump. &#8230;<\/p>\n","protected":false},"author":48,"featured_media":499,"comment_status":"open","ping_status":"open","sticky":false,"template":"","format":"standard","meta":{"_jetpack_memberships_contains_paid_content":false,"footnotes":"","jetpack_publicize_message":"","jetpack_publicize_feature_enabled":true,"jetpack_social_post_already_shared":false,"jetpack_social_options":{"image_generator_settings":{"template":"highway","default_image_id":0,"font":"","enabled":false},"version":2}},"categories":[33,50],"tags":[81],"class_list":["post-4355","post","type-post","status-publish","format-standard","has-post-thumbnail","hentry","category-gms","category-opinion","tag-patricia-puerta"],"yoast_head":"<!-- This site is optimized with the Yoast SEO plugin v24.0 - https:\/\/yoast.com\/wordpress\/plugins\/seo\/ -->\n<title>La alcaldesa del humo\u00a0y la gaita - PSPV-PSOE CASTELL\u00d3<\/title>\n<meta name=\"robots\" content=\"index, follow, max-snippet:-1, max-image-preview:large, max-video-preview:-1\" \/>\n<link rel=\"canonical\" href=\"https:\/\/agrupacionespsoe.es\/castello\/la-alcaldesa-del-humo-y-la-gaita\/\" \/>\n<meta property=\"og:locale\" content=\"es_ES\" \/>\n<meta property=\"og:type\" content=\"article\" \/>\n<meta property=\"og:title\" content=\"La alcaldesa del humo\u00a0y la gaita - PSPV-PSOE CASTELL\u00d3\" \/>\n<meta property=\"og:description\" content=\"Castell\u00f3 deja atr\u00e1s 9 intensos d\u00edas de fiestas fundacionales, una Magdalena en la que los y las castellonenses han sido la pieza fundamental para su buen desarrollo y que ha sido un \u00e9xito de participaci\u00f3n\u2026 Como siempre. La alcaldesa,&nbsp;Bego\u00f1a Carrasco,&nbsp;es una alumna aventajada de&nbsp;Isabel Ayuso, porque nos vende a diario un discurso populista digno de&nbsp;Trump. ...\" \/>\n<meta property=\"og:url\" content=\"https:\/\/agrupacionespsoe.es\/castello\/la-alcaldesa-del-humo-y-la-gaita\/\" \/>\n<meta property=\"og:site_name\" content=\"PSPV-PSOE CASTELL\u00d3\" \/>\n<meta property=\"article:publisher\" content=\"https:\/\/www.facebook.com\/pspv.castellodelaplana\" \/>\n<meta property=\"article:published_time\" content=\"2024-03-15T11:00:00+00:00\" \/>\n<meta property=\"article:modified_time\" content=\"2024-03-14T12:25:22+00:00\" \/>\n<meta property=\"og:image\" content=\"https:\/\/agrupacionespsoe.es\/castello\/wp-content\/uploads\/sites\/45\/2023\/04\/3.-PATRICIA-PUERTA-BARBERA-2-scaled.jpg\" \/>\n\t<meta property=\"og:image:width\" content=\"2560\" \/>\n\t<meta property=\"og:image:height\" content=\"2560\" \/>\n\t<meta property=\"og:image:type\" content=\"image\/jpeg\" \/>\n<meta name=\"author\" content=\"castello1\" \/>\n<meta name=\"twitter:card\" content=\"summary_large_image\" \/>\n<meta name=\"twitter:creator\" content=\"@pspv_cs\" \/>\n<meta name=\"twitter:site\" content=\"@pspv_cs\" \/>\n<meta name=\"twitter:label1\" content=\"Escrito por\" \/>\n\t<meta name=\"twitter:data1\" content=\"castello1\" \/>\n\t<meta name=\"twitter:label2\" content=\"Tiempo de lectura\" \/>\n\t<meta name=\"twitter:data2\" content=\"2 minutos\" \/>\n<script type=\"application\/ld+json\" class=\"yoast-schema-graph\">{\"@context\":\"https:\/\/schema.org\",\"@graph\":[{\"@type\":\"Article\",\"@id\":\"https:\/\/agrupacionespsoe.es\/castello\/la-alcaldesa-del-humo-y-la-gaita\/#article\",\"isPartOf\":{\"@id\":\"https:\/\/agrupacionespsoe.es\/castello\/la-alcaldesa-del-humo-y-la-gaita\/\"},\"author\":{\"name\":\"castello1\",\"@id\":\"https:\/\/agrupacionespsoe.es\/castello\/#\/schema\/person\/f3bc5b2f9dc6a399e9e98596ae24a20a\"},\"headline\":\"La alcaldesa del humo\u00a0y la gaita\",\"datePublished\":\"2024-03-15T11:00:00+00:00\",\"dateModified\":\"2024-03-14T12:25:22+00:00\",\"mainEntityOfPage\":{\"@id\":\"https:\/\/agrupacionespsoe.es\/castello\/la-alcaldesa-del-humo-y-la-gaita\/\"},\"wordCount\":424,\"commentCount\":0,\"publisher\":{\"@id\":\"https:\/\/agrupacionespsoe.es\/castello\/#organization\"},\"image\":{\"@id\":\"https:\/\/agrupacionespsoe.es\/castello\/la-alcaldesa-del-humo-y-la-gaita\/#primaryimage\"},\"thumbnailUrl\":\"https:\/\/agrupacionespsoe.es\/castello\/wp-content\/uploads\/sites\/45\/2023\/04\/3.-PATRICIA-PUERTA-BARBERA-2-scaled.jpg\",\"keywords\":[\"Patricia Puerta\"],\"articleSection\":[\"Grupo Municipal Socialista\",\"Opini\u00f3n\"],\"inLanguage\":\"es\",\"potentialAction\":[{\"@type\":\"CommentAction\",\"name\":\"Comment\",\"target\":[\"https:\/\/agrupacionespsoe.es\/castello\/la-alcaldesa-del-humo-y-la-gaita\/#respond\"]}]},{\"@type\":\"WebPage\",\"@id\":\"https:\/\/agrupacionespsoe.es\/castello\/la-alcaldesa-del-humo-y-la-gaita\/\",\"url\":\"https:\/\/agrupacionespsoe.es\/castello\/la-alcaldesa-del-humo-y-la-gaita\/\",\"name\":\"La alcaldesa del humo\u00a0y la gaita - PSPV-PSOE CASTELL\u00d3\",\"isPartOf\":{\"@id\":\"https:\/\/agrupacionespsoe.es\/castello\/#website\"},\"primaryImageOfPage\":{\"@id\":\"https:\/\/agrupacionespsoe.es\/castello\/la-alcaldesa-del-humo-y-la-gaita\/#primaryimage\"},\"image\":{\"@id\":\"https:\/\/agrupacionespsoe.es\/castello\/la-alcaldesa-del-humo-y-la-gaita\/#primaryimage\"},\"thumbnailUrl\":\"https:\/\/agrupacionespsoe.es\/castello\/wp-content\/uploads\/sites\/45\/2023\/04\/3.-PATRICIA-PUERTA-BARBERA-2-scaled.jpg\",\"datePublished\":\"2024-03-15T11:00:00+00:00\",\"dateModified\":\"2024-03-14T12:25:22+00:00\",\"breadcrumb\":{\"@id\":\"https:\/\/agrupacionespsoe.es\/castello\/la-alcaldesa-del-humo-y-la-gaita\/#breadcrumb\"},\"inLanguage\":\"es\",\"potentialAction\":[{\"@type\":\"ReadAction\",\"target\":[\"https:\/\/agrupacionespsoe.es\/castello\/la-alcaldesa-del-humo-y-la-gaita\/\"]}]},{\"@type\":\"ImageObject\",\"inLanguage\":\"es\",\"@id\":\"https:\/\/agrupacionespsoe.es\/castello\/la-alcaldesa-del-humo-y-la-gaita\/#primaryimage\",\"url\":\"https:\/\/agrupacionespsoe.es\/castello\/wp-content\/uploads\/sites\/45\/2023\/04\/3.-PATRICIA-PUERTA-BARBERA-2-scaled.jpg\",\"contentUrl\":\"https:\/\/agrupacionespsoe.es\/castello\/wp-content\/uploads\/sites\/45\/2023\/04\/3.-PATRICIA-PUERTA-BARBERA-2-scaled.jpg\",\"width\":2560,\"height\":2560},{\"@type\":\"BreadcrumbList\",\"@id\":\"https:\/\/agrupacionespsoe.es\/castello\/la-alcaldesa-del-humo-y-la-gaita\/#breadcrumb\",\"itemListElement\":[{\"@type\":\"ListItem\",\"position\":1,\"name\":\"Portada\",\"item\":\"https:\/\/agrupacionespsoe.es\/castello\/\"},{\"@type\":\"ListItem\",\"position\":2,\"name\":\"La alcaldesa del humo\u00a0y la gaita\"}]},{\"@type\":\"WebSite\",\"@id\":\"https:\/\/agrupacionespsoe.es\/castello\/#website\",\"url\":\"https:\/\/agrupacionespsoe.es\/castello\/\",\"name\":\"PSPV-PSOE CASTELL\u00d3\",\"description\":\"PSPV-PSOE | Agrupaci\u00f3 de Castell\u00f3\",\"publisher\":{\"@id\":\"https:\/\/agrupacionespsoe.es\/castello\/#organization\"},\"potentialAction\":[{\"@type\":\"SearchAction\",\"target\":{\"@type\":\"EntryPoint\",\"urlTemplate\":\"https:\/\/agrupacionespsoe.es\/castello\/?s={search_term_string}\"},\"query-input\":{\"@type\":\"PropertyValueSpecification\",\"valueRequired\":true,\"valueName\":\"search_term_string\"}}],\"inLanguage\":\"es\"},{\"@type\":\"Organization\",\"@id\":\"https:\/\/agrupacionespsoe.es\/castello\/#organization\",\"name\":\"PSPV-PSOE Castell\u00f3\",\"url\":\"https:\/\/agrupacionespsoe.es\/castello\/\",\"logo\":{\"@type\":\"ImageObject\",\"inLanguage\":\"es\",\"@id\":\"https:\/\/agrupacionespsoe.es\/castello\/#\/schema\/logo\/image\/\",\"url\":\"https:\/\/agrupacionespsoe.es\/castello\/wp-content\/uploads\/sites\/45\/2023\/04\/PORTADA-PSOE-CASTELLO.jpg\",\"contentUrl\":\"https:\/\/agrupacionespsoe.es\/castello\/wp-content\/uploads\/sites\/45\/2023\/04\/PORTADA-PSOE-CASTELLO.jpg\",\"width\":2500,\"height\":2500,\"caption\":\"PSPV-PSOE Castell\u00f3\"},\"image\":{\"@id\":\"https:\/\/agrupacionespsoe.es\/castello\/#\/schema\/logo\/image\/\"},\"sameAs\":[\"https:\/\/www.facebook.com\/pspv.castellodelaplana\",\"https:\/\/x.com\/pspv_cs\",\"https:\/\/www.instagram.com\/pspvpsoecastello\/\"]},{\"@type\":\"Person\",\"@id\":\"https:\/\/agrupacionespsoe.es\/castello\/#\/schema\/person\/f3bc5b2f9dc6a399e9e98596ae24a20a\",\"name\":\"castello1\",\"image\":{\"@type\":\"ImageObject\",\"inLanguage\":\"es\",\"@id\":\"https:\/\/agrupacionespsoe.es\/castello\/#\/schema\/person\/image\/\",\"url\":\"https:\/\/secure.gravatar.com\/avatar\/5f1da428d6479d1127419c0b58796865?s=96&d=mm&r=g\",\"contentUrl\":\"https:\/\/secure.gravatar.com\/avatar\/5f1da428d6479d1127419c0b58796865?s=96&d=mm&r=g\",\"caption\":\"castello1\"},\"url\":\"https:\/\/agrupacionespsoe.es\/castello\/author\/castello1\/\"}]}<\/script>\n<!-- \/ Yoast SEO plugin. -->","yoast_head_json":{"title":"La alcaldesa del humo\u00a0y la gaita - PSPV-PSOE CASTELL\u00d3","robots":{"index":"index","follow":"follow","max-snippet":"max-snippet:-1","max-image-preview":"max-image-preview:large","max-video-preview":"max-video-preview:-1"},"canonical":"https:\/\/agrupacionespsoe.es\/castello\/la-alcaldesa-del-humo-y-la-gaita\/","og_locale":"es_ES","og_type":"article","og_title":"La alcaldesa del humo\u00a0y la gaita - PSPV-PSOE CASTELL\u00d3","og_description":"Castell\u00f3 deja atr\u00e1s 9 intensos d\u00edas de fiestas fundacionales, una Magdalena en la que los y las castellonenses han sido la pieza fundamental para su buen desarrollo y que ha sido un \u00e9xito de participaci\u00f3n\u2026 Como siempre. La alcaldesa,&nbsp;Bego\u00f1a Carrasco,&nbsp;es una alumna aventajada de&nbsp;Isabel Ayuso, porque nos vende a diario un discurso populista digno de&nbsp;Trump. ...","og_url":"https:\/\/agrupacionespsoe.es\/castello\/la-alcaldesa-del-humo-y-la-gaita\/","og_site_name":"PSPV-PSOE CASTELL\u00d3","article_publisher":"https:\/\/www.facebook.com\/pspv.castellodelaplana","article_published_time":"2024-03-15T11:00:00+00:00","article_modified_time":"2024-03-14T12:25:22+00:00","og_image":[{"width":2560,"height":2560,"url":"https:\/\/agrupacionespsoe.es\/castello\/wp-content\/uploads\/sites\/45\/2023\/04\/3.-PATRICIA-PUERTA-BARBERA-2-scaled.jpg","type":"image\/jpeg"}],"author":"castello1","twitter_card":"summary_large_image","twitter_creator":"@pspv_cs","twitter_site":"@pspv_cs","twitter_misc":{"Escrito por":"castello1","Tiempo de lectura":"2 minutos"},"schema":{"@context":"https:\/\/schema.org","@graph":[{"@type":"Article","@id":"https:\/\/agrupacionespsoe.es\/castello\/la-alcaldesa-del-humo-y-la-gaita\/#article","isPartOf":{"@id":"https:\/\/agrupacionespsoe.es\/castello\/la-alcaldesa-del-humo-y-la-gaita\/"},"author":{"name":"castello1","@id":"https:\/\/agrupacionespsoe.es\/castello\/#\/schema\/person\/f3bc5b2f9dc6a399e9e98596ae24a20a"},"headline":"La alcaldesa del humo\u00a0y la gaita","datePublished":"2024-03-15T11:00:00+00:00","dateModified":"2024-03-14T12:25:22+00:00","mainEntityOfPage":{"@id":"https:\/\/agrupacionespsoe.es\/castello\/la-alcaldesa-del-humo-y-la-gaita\/"},"wordCount":424,"commentCount":0,"publisher":{"@id":"https:\/\/agrupacionespsoe.es\/castello\/#organization"},"image":{"@id":"https:\/\/agrupacionespsoe.es\/castello\/la-alcaldesa-del-humo-y-la-gaita\/#primaryimage"},"thumbnailUrl":"https:\/\/agrupacionespsoe.es\/castello\/wp-content\/uploads\/sites\/45\/2023\/04\/3.-PATRICIA-PUERTA-BARBERA-2-scaled.jpg","keywords":["Patricia Puerta"],"articleSection":["Grupo Municipal Socialista","Opini\u00f3n"],"inLanguage":"es","potentialAction":[{"@type":"CommentAction","name":"Comment","target":["https:\/\/agrupacionespsoe.es\/castello\/la-alcaldesa-del-humo-y-la-gaita\/#respond"]}]},{"@type":"WebPage","@id":"https:\/\/agrupacionespsoe.es\/castello\/la-alcaldesa-del-humo-y-la-gaita\/","url":"https:\/\/agrupacionespsoe.es\/castello\/la-alcaldesa-del-humo-y-la-gaita\/","name":"La alcaldesa del humo\u00a0y la gaita - PSPV-PSOE CASTELL\u00d3","isPartOf":{"@id":"https:\/\/agrupacionespsoe.es\/castello\/#website"},"primaryImageOfPage":{"@id":"https:\/\/agrupacionespsoe.es\/castello\/la-alcaldesa-del-humo-y-la-gaita\/#primaryimage"},"image":{"@id":"https:\/\/agrupacionespsoe.es\/castello\/la-alcaldesa-del-humo-y-la-gaita\/#primaryimage"},"thumbnailUrl":"https:\/\/agrupacionespsoe.es\/castello\/wp-content\/uploads\/sites\/45\/2023\/04\/3.-PATRICIA-PUERTA-BARBERA-2-scaled.jpg","datePublished":"2024-03-15T11:00:00+00:00","dateModified":"2024-03-14T12:25:22+00:00","breadcrumb":{"@id":"https:\/\/agrupacionespsoe.es\/castello\/la-alcaldesa-del-humo-y-la-gaita\/#breadcrumb"},"inLanguage":"es","potentialAction":[{"@type":"ReadAction","target":["https:\/\/agrupacionespsoe.es\/castello\/la-alcaldesa-del-humo-y-la-gaita\/"]}]},{"@type":"ImageObject","inLanguage":"es","@id":"https:\/\/agrupacionespsoe.es\/castello\/la-alcaldesa-del-humo-y-la-gaita\/#primaryimage","url":"https:\/\/agrupacionespsoe.es\/castello\/wp-content\/uploads\/sites\/45\/2023\/04\/3.-PATRICIA-PUERTA-BARBERA-2-scaled.jpg","contentUrl":"https:\/\/agrupacionespsoe.es\/castello\/wp-content\/uploads\/sites\/45\/2023\/04\/3.-PATRICIA-PUERTA-BARBERA-2-scaled.jpg","width":2560,"height":2560},{"@type":"BreadcrumbList","@id":"https:\/\/agrupacionespsoe.es\/castello\/la-alcaldesa-del-humo-y-la-gaita\/#breadcrumb","itemListElement":[{"@type":"ListItem","position":1,"name":"Portada","item":"https:\/\/agrupacionespsoe.es\/castello\/"},{"@type":"ListItem","position":2,"name":"La alcaldesa del humo\u00a0y la gaita"}]},{"@type":"WebSite","@id":"https:\/\/agrupacionespsoe.es\/castello\/#website","url":"https:\/\/agrupacionespsoe.es\/castello\/","name":"PSPV-PSOE CASTELL\u00d3","description":"PSPV-PSOE | Agrupaci\u00f3 de Castell\u00f3","publisher":{"@id":"https:\/\/agrupacionespsoe.es\/castello\/#organization"},"potentialAction":[{"@type":"SearchAction","target":{"@type":"EntryPoint","urlTemplate":"https:\/\/agrupacionespsoe.es\/castello\/?s={search_term_string}"},"query-input":{"@type":"PropertyValueSpecification","valueRequired":true,"valueName":"search_term_string"}}],"inLanguage":"es"},{"@type":"Organization","@id":"https:\/\/agrupacionespsoe.es\/castello\/#organization","name":"PSPV-PSOE Castell\u00f3","url":"https:\/\/agrupacionespsoe.es\/castello\/","logo":{"@type":"ImageObject","inLanguage":"es","@id":"https:\/\/agrupacionespsoe.es\/castello\/#\/schema\/logo\/image\/","url":"https:\/\/agrupacionespsoe.es\/castello\/wp-content\/uploads\/sites\/45\/2023\/04\/PORTADA-PSOE-CASTELLO.jpg","contentUrl":"https:\/\/agrupacionespsoe.es\/castello\/wp-content\/uploads\/sites\/45\/2023\/04\/PORTADA-PSOE-CASTELLO.jpg","width":2500,"height":2500,"caption":"PSPV-PSOE Castell\u00f3"},"image":{"@id":"https:\/\/agrupacionespsoe.es\/castello\/#\/schema\/logo\/image\/"},"sameAs":["https:\/\/www.facebook.com\/pspv.castellodelaplana","https:\/\/x.com\/pspv_cs","https:\/\/www.instagram.com\/pspvpsoecastello\/"]},{"@type":"Person","@id":"https:\/\/agrupacionespsoe.es\/castello\/#\/schema\/person\/f3bc5b2f9dc6a399e9e98596ae24a20a","name":"castello1","image":{"@type":"ImageObject","inLanguage":"es","@id":"https:\/\/agrupacionespsoe.es\/castello\/#\/schema\/person\/image\/","url":"https:\/\/secure.gravatar.com\/avatar\/5f1da428d6479d1127419c0b58796865?s=96&d=mm&r=g","contentUrl":"https:\/\/secure.gravatar.com\/avatar\/5f1da428d6479d1127419c0b58796865?s=96&d=mm&r=g","caption":"castello1"},"url":"https:\/\/agrupacionespsoe.es\/castello\/author\/castello1\/"}]}},"jetpack_publicize_connections":[],"jetpack_featured_media_url":"https:\/\/agrupacionespsoe.es\/castello\/wp-content\/uploads\/sites\/45\/2023\/04\/3.-PATRICIA-PUERTA-BARBERA-2-scaled.jpg","jetpack_sharing_enabled":true,"_links":{"self":[{"href":"https:\/\/agrupacionespsoe.es\/castello\/wp-json\/wp\/v2\/posts\/4355","targetHints":{"allow":["GET"]}}],"collection":[{"href":"https:\/\/agrupacionespsoe.es\/castello\/wp-json\/wp\/v2\/posts"}],"about":[{"href":"https:\/\/agrupacionespsoe.es\/castello\/wp-json\/wp\/v2\/types\/post"}],"author":[{"embeddable":true,"href":"https:\/\/agrupacionespsoe.es\/castello\/wp-json\/wp\/v2\/users\/48"}],"replies":[{"embeddable":true,"href":"https:\/\/agrupacionespsoe.es\/castello\/wp-json\/wp\/v2\/comments?post=4355"}],"version-history":[{"count":4,"href":"https:\/\/agrupacionespsoe.es\/castello\/wp-json\/wp\/v2\/posts\/4355\/revisions"}],"predecessor-version":[{"id":4359,"href":"https:\/\/agrupacionespsoe.es\/castello\/wp-json\/wp\/v2\/posts\/4355\/revisions\/4359"}],"wp:featuredmedia":[{"embeddable":true,"href":"https:\/\/agrupacionespsoe.es\/castello\/wp-json\/wp\/v2\/media\/499"}],"wp:attachment":[{"href":"https:\/\/agrupacionespsoe.es\/castello\/wp-json\/wp\/v2\/media?parent=4355"}],"wp:term":[{"taxonomy":"category","embeddable":true,"href":"https:\/\/agrupacionespsoe.es\/castello\/wp-json\/wp\/v2\/categories?post=4355"},{"taxonomy":"post_tag","embeddable":true,"href":"https:\/\/agrupacionespsoe.es\/castello\/wp-json\/wp\/v2\/tags?post=4355"}],"curies":[{"name":"wp","href":"https:\/\/api.w.org\/{rel}","templated":true}]}}