{"id":4315,"date":"2024-03-08T12:00:00","date_gmt":"2024-03-08T11:00:00","guid":{"rendered":"https:\/\/agrupacionespsoe.es\/castello\/?p=4315"},"modified":"2024-03-08T01:01:51","modified_gmt":"2024-03-08T00:01:51","slug":"8m-mas-que-nunca","status":"publish","type":"post","link":"https:\/\/agrupacionespsoe.es\/castello\/8m-mas-que-nunca\/","title":{"rendered":"8M, m\u00e1s que nunca"},"content":{"rendered":"\n<p>El peligro se palpa en cada rinc\u00f3n de la sociedad. No es un mensaje alarmista, es la realidad de tener a la ultraderecha en el gobierno. Cualquier pa\u00eds de Europa le ha puesto el cerrojo a los fascistas, pero en Espa\u00f1a hay quien pretende normalizar lo que nunca deber\u00eda serlo.<\/p>\n\n\n\n<p>La historia juzgar\u00e1 este momento,&nbsp;especialmente t\u00f3xico,&nbsp;en el que el Partido Popular aparecer\u00e1 como el gran culpable de los retrocesos&nbsp;en igualdad, en derechos&nbsp;sociales&nbsp;y en general en el&nbsp;bienestar social que se ha&nbsp;logrado todos estos a\u00f1os&nbsp;gracias a los gobiernos de progreso liderados por el PSPV.<\/p>\n\n\n\n<p>En Castell\u00f3 de la Plana llevamos 8 meses de gobierno de PP-Vox, suficiente para ver su absoluto desprecio por los derechos de las mujeres. Y no se equivoquen, el culpable no es el ultraderechista Antoni Ortol\u00e1, quien seguro tendr\u00e1 que rendir cuentas en alg\u00fan momento por los discursos de odio que imparte y las consecuencias que provoca.<\/p>\n\n\n\n<p>Aqu\u00ed el gran problema lo tenemos en la alcaldesa, Bego\u00f1a Carrasco, que empez\u00f3 secuestrada por Vox, pero que con el paso del tiempo nos ha demostrado que&nbsp;les&nbsp;ha adelantado&nbsp;por&nbsp;la derecha.&nbsp;Porque fue Carrasco la que elimin\u00f3 la concejal\u00eda de Feminismo y LGTBI, ella sola, una decisi\u00f3n que&nbsp;refleja lo que piensa, lo que siente.<\/p>\n\n\n\n<p>Dijo la alcaldesa que asumir\u00eda directamente todas las cuestiones de Igualdad, y ya nos&nbsp;ha demostrado&nbsp;por qu\u00e9: los derechos de las mujeres son para ella un tema menor. Tuvo la oportunidad de redimir sus pecados en el pleno del pasado 29 de febrero,&nbsp;en el&nbsp;que PSPV y Comprom\u00eds presentaron dos propuestas: una Declaraci\u00f3n Institucional (DI) y una moci\u00f3n para ir de la mano por el 8M D\u00eda Internacional de la Mujer.<\/p>\n\n\n\n<p>La l\u00edder del PP&nbsp;lo tuvo claro: vetar la DI y vaciar de contenido la moci\u00f3n. Es la primera vez que el Partido Popular se ha desmarcado de una propuesta sobre el 8M, algo que para nada es inocente ni anecd\u00f3tica. La sociedad castellonense debe plantarse ante esta regresi\u00f3n, alzar la voz m\u00e1s que&nbsp;nunca&nbsp;este 8M&nbsp;y hacer frente, todos los d\u00edas, a la p\u00e9rdida de derechos que alienta desde su trono Bego\u00f1a Carrasco.<\/p>\n\n\n\n<p class=\"has-text-align-right\"><em><strong>Patricia Puerta Barber\u00e1<\/strong><\/em><br><em>Portavoz\u00a0del Grupo Municipal Socialista<\/em> <em>en el Ayuntamiento de Castell\u00f3<\/em><\/p>\n","protected":false},"excerpt":{"rendered":"<p>El peligro se palpa en cada rinc\u00f3n de la sociedad. No es un mensaje alarmista, es la realidad de tener a la ultraderecha en el gobierno. Cualquier pa\u00eds de Europa le ha puesto el cerrojo a los fascistas, pero en Espa\u00f1a hay quien pretende normalizar lo que nunca deber\u00eda serlo. La historia juzgar\u00e1 este momento,&nbsp;especialmente &#8230;<\/p>\n","protected":false},"author":48,"featured_media":499,"comment_status":"open","ping_status":"open","sticky":false,"template":"","format":"standard","meta":{"_jetpack_memberships_contains_paid_content":false,"footnotes":"","jetpack_publicize_message":"","jetpack_publicize_feature_enabled":true,"jetpack_social_post_already_shared":false,"jetpack_social_options":{"image_generator_settings":{"template":"highway","default_image_id":0,"font":"","enabled":false},"version":2}},"categories":[33,50],"tags":[81],"class_list":["post-4315","post","type-post","status-publish","format-standard","has-post-thumbnail","hentry","category-gms","category-opinion","tag-patricia-puerta"],"yoast_head":"<!-- This site is optimized with the Yoast SEO plugin v24.0 - https:\/\/yoast.com\/wordpress\/plugins\/seo\/ -->\n<title>8M, m\u00e1s que nunca - PSPV-PSOE CASTELL\u00d3<\/title>\n<meta name=\"robots\" content=\"index, follow, max-snippet:-1, max-image-preview:large, max-video-preview:-1\" \/>\n<link rel=\"canonical\" href=\"https:\/\/agrupacionespsoe.es\/castello\/8m-mas-que-nunca\/\" \/>\n<meta property=\"og:locale\" content=\"es_ES\" \/>\n<meta property=\"og:type\" content=\"article\" \/>\n<meta property=\"og:title\" content=\"8M, m\u00e1s que nunca - PSPV-PSOE CASTELL\u00d3\" \/>\n<meta property=\"og:description\" content=\"El peligro se palpa en cada rinc\u00f3n de la sociedad. No es un mensaje alarmista, es la realidad de tener a la ultraderecha en el gobierno. Cualquier pa\u00eds de Europa le ha puesto el cerrojo a los fascistas, pero en Espa\u00f1a hay quien pretende normalizar lo que nunca deber\u00eda serlo. La historia juzgar\u00e1 este momento,&nbsp;especialmente ...\" \/>\n<meta property=\"og:url\" content=\"https:\/\/agrupacionespsoe.es\/castello\/8m-mas-que-nunca\/\" \/>\n<meta property=\"og:site_name\" content=\"PSPV-PSOE CASTELL\u00d3\" \/>\n<meta property=\"article:publisher\" content=\"https:\/\/www.facebook.com\/pspv.castellodelaplana\" \/>\n<meta property=\"article:published_time\" content=\"2024-03-08T11:00:00+00:00\" \/>\n<meta property=\"article:modified_time\" content=\"2024-03-08T00:01:51+00:00\" \/>\n<meta property=\"og:image\" content=\"https:\/\/agrupacionespsoe.es\/castello\/wp-content\/uploads\/sites\/45\/2023\/04\/3.-PATRICIA-PUERTA-BARBERA-2-scaled.jpg\" \/>\n\t<meta property=\"og:image:width\" content=\"2560\" \/>\n\t<meta property=\"og:image:height\" content=\"2560\" \/>\n\t<meta property=\"og:image:type\" content=\"image\/jpeg\" \/>\n<meta name=\"author\" content=\"castello1\" \/>\n<meta name=\"twitter:card\" content=\"summary_large_image\" \/>\n<meta name=\"twitter:creator\" content=\"@pspv_cs\" \/>\n<meta name=\"twitter:site\" content=\"@pspv_cs\" \/>\n<meta name=\"twitter:label1\" content=\"Escrito por\" \/>\n\t<meta name=\"twitter:data1\" content=\"castello1\" \/>\n\t<meta name=\"twitter:label2\" content=\"Tiempo de lectura\" \/>\n\t<meta name=\"twitter:data2\" content=\"2 minutos\" \/>\n<script type=\"application\/ld+json\" class=\"yoast-schema-graph\">{\"@context\":\"https:\/\/schema.org\",\"@graph\":[{\"@type\":\"Article\",\"@id\":\"https:\/\/agrupacionespsoe.es\/castello\/8m-mas-que-nunca\/#article\",\"isPartOf\":{\"@id\":\"https:\/\/agrupacionespsoe.es\/castello\/8m-mas-que-nunca\/\"},\"author\":{\"name\":\"castello1\",\"@id\":\"https:\/\/agrupacionespsoe.es\/castello\/#\/schema\/person\/f3bc5b2f9dc6a399e9e98596ae24a20a\"},\"headline\":\"8M, m\u00e1s que nunca\",\"datePublished\":\"2024-03-08T11:00:00+00:00\",\"dateModified\":\"2024-03-08T00:01:51+00:00\",\"mainEntityOfPage\":{\"@id\":\"https:\/\/agrupacionespsoe.es\/castello\/8m-mas-que-nunca\/\"},\"wordCount\":423,\"commentCount\":0,\"publisher\":{\"@id\":\"https:\/\/agrupacionespsoe.es\/castello\/#organization\"},\"image\":{\"@id\":\"https:\/\/agrupacionespsoe.es\/castello\/8m-mas-que-nunca\/#primaryimage\"},\"thumbnailUrl\":\"https:\/\/agrupacionespsoe.es\/castello\/wp-content\/uploads\/sites\/45\/2023\/04\/3.-PATRICIA-PUERTA-BARBERA-2-scaled.jpg\",\"keywords\":[\"Patricia Puerta\"],\"articleSection\":[\"Grupo Municipal Socialista\",\"Opini\u00f3n\"],\"inLanguage\":\"es\",\"potentialAction\":[{\"@type\":\"CommentAction\",\"name\":\"Comment\",\"target\":[\"https:\/\/agrupacionespsoe.es\/castello\/8m-mas-que-nunca\/#respond\"]}]},{\"@type\":\"WebPage\",\"@id\":\"https:\/\/agrupacionespsoe.es\/castello\/8m-mas-que-nunca\/\",\"url\":\"https:\/\/agrupacionespsoe.es\/castello\/8m-mas-que-nunca\/\",\"name\":\"8M, m\u00e1s que nunca - PSPV-PSOE CASTELL\u00d3\",\"isPartOf\":{\"@id\":\"https:\/\/agrupacionespsoe.es\/castello\/#website\"},\"primaryImageOfPage\":{\"@id\":\"https:\/\/agrupacionespsoe.es\/castello\/8m-mas-que-nunca\/#primaryimage\"},\"image\":{\"@id\":\"https:\/\/agrupacionespsoe.es\/castello\/8m-mas-que-nunca\/#primaryimage\"},\"thumbnailUrl\":\"https:\/\/agrupacionespsoe.es\/castello\/wp-content\/uploads\/sites\/45\/2023\/04\/3.-PATRICIA-PUERTA-BARBERA-2-scaled.jpg\",\"datePublished\":\"2024-03-08T11:00:00+00:00\",\"dateModified\":\"2024-03-08T00:01:51+00:00\",\"breadcrumb\":{\"@id\":\"https:\/\/agrupacionespsoe.es\/castello\/8m-mas-que-nunca\/#breadcrumb\"},\"inLanguage\":\"es\",\"potentialAction\":[{\"@type\":\"ReadAction\",\"target\":[\"https:\/\/agrupacionespsoe.es\/castello\/8m-mas-que-nunca\/\"]}]},{\"@type\":\"ImageObject\",\"inLanguage\":\"es\",\"@id\":\"https:\/\/agrupacionespsoe.es\/castello\/8m-mas-que-nunca\/#primaryimage\",\"url\":\"https:\/\/agrupacionespsoe.es\/castello\/wp-content\/uploads\/sites\/45\/2023\/04\/3.-PATRICIA-PUERTA-BARBERA-2-scaled.jpg\",\"contentUrl\":\"https:\/\/agrupacionespsoe.es\/castello\/wp-content\/uploads\/sites\/45\/2023\/04\/3.-PATRICIA-PUERTA-BARBERA-2-scaled.jpg\",\"width\":2560,\"height\":2560},{\"@type\":\"BreadcrumbList\",\"@id\":\"https:\/\/agrupacionespsoe.es\/castello\/8m-mas-que-nunca\/#breadcrumb\",\"itemListElement\":[{\"@type\":\"ListItem\",\"position\":1,\"name\":\"Portada\",\"item\":\"https:\/\/agrupacionespsoe.es\/castello\/\"},{\"@type\":\"ListItem\",\"position\":2,\"name\":\"8M, m\u00e1s que nunca\"}]},{\"@type\":\"WebSite\",\"@id\":\"https:\/\/agrupacionespsoe.es\/castello\/#website\",\"url\":\"https:\/\/agrupacionespsoe.es\/castello\/\",\"name\":\"PSPV-PSOE CASTELL\u00d3\",\"description\":\"PSPV-PSOE | Agrupaci\u00f3 de Castell\u00f3\",\"publisher\":{\"@id\":\"https:\/\/agrupacionespsoe.es\/castello\/#organization\"},\"potentialAction\":[{\"@type\":\"SearchAction\",\"target\":{\"@type\":\"EntryPoint\",\"urlTemplate\":\"https:\/\/agrupacionespsoe.es\/castello\/?s={search_term_string}\"},\"query-input\":{\"@type\":\"PropertyValueSpecification\",\"valueRequired\":true,\"valueName\":\"search_term_string\"}}],\"inLanguage\":\"es\"},{\"@type\":\"Organization\",\"@id\":\"https:\/\/agrupacionespsoe.es\/castello\/#organization\",\"name\":\"PSPV-PSOE Castell\u00f3\",\"url\":\"https:\/\/agrupacionespsoe.es\/castello\/\",\"logo\":{\"@type\":\"ImageObject\",\"inLanguage\":\"es\",\"@id\":\"https:\/\/agrupacionespsoe.es\/castello\/#\/schema\/logo\/image\/\",\"url\":\"https:\/\/agrupacionespsoe.es\/castello\/wp-content\/uploads\/sites\/45\/2023\/04\/PORTADA-PSOE-CASTELLO.jpg\",\"contentUrl\":\"https:\/\/agrupacionespsoe.es\/castello\/wp-content\/uploads\/sites\/45\/2023\/04\/PORTADA-PSOE-CASTELLO.jpg\",\"width\":2500,\"height\":2500,\"caption\":\"PSPV-PSOE Castell\u00f3\"},\"image\":{\"@id\":\"https:\/\/agrupacionespsoe.es\/castello\/#\/schema\/logo\/image\/\"},\"sameAs\":[\"https:\/\/www.facebook.com\/pspv.castellodelaplana\",\"https:\/\/x.com\/pspv_cs\",\"https:\/\/www.instagram.com\/pspvpsoecastello\/\"]},{\"@type\":\"Person\",\"@id\":\"https:\/\/agrupacionespsoe.es\/castello\/#\/schema\/person\/f3bc5b2f9dc6a399e9e98596ae24a20a\",\"name\":\"castello1\",\"image\":{\"@type\":\"ImageObject\",\"inLanguage\":\"es\",\"@id\":\"https:\/\/agrupacionespsoe.es\/castello\/#\/schema\/person\/image\/\",\"url\":\"https:\/\/secure.gravatar.com\/avatar\/5f1da428d6479d1127419c0b58796865?s=96&d=mm&r=g\",\"contentUrl\":\"https:\/\/secure.gravatar.com\/avatar\/5f1da428d6479d1127419c0b58796865?s=96&d=mm&r=g\",\"caption\":\"castello1\"},\"url\":\"https:\/\/agrupacionespsoe.es\/castello\/author\/castello1\/\"}]}<\/script>\n<!-- \/ Yoast SEO plugin. -->","yoast_head_json":{"title":"8M, m\u00e1s que nunca - PSPV-PSOE CASTELL\u00d3","robots":{"index":"index","follow":"follow","max-snippet":"max-snippet:-1","max-image-preview":"max-image-preview:large","max-video-preview":"max-video-preview:-1"},"canonical":"https:\/\/agrupacionespsoe.es\/castello\/8m-mas-que-nunca\/","og_locale":"es_ES","og_type":"article","og_title":"8M, m\u00e1s que nunca - PSPV-PSOE CASTELL\u00d3","og_description":"El peligro se palpa en cada rinc\u00f3n de la sociedad. No es un mensaje alarmista, es la realidad de tener a la ultraderecha en el gobierno. Cualquier pa\u00eds de Europa le ha puesto el cerrojo a los fascistas, pero en Espa\u00f1a hay quien pretende normalizar lo que nunca deber\u00eda serlo. La historia juzgar\u00e1 este momento,&nbsp;especialmente ...","og_url":"https:\/\/agrupacionespsoe.es\/castello\/8m-mas-que-nunca\/","og_site_name":"PSPV-PSOE CASTELL\u00d3","article_publisher":"https:\/\/www.facebook.com\/pspv.castellodelaplana","article_published_time":"2024-03-08T11:00:00+00:00","article_modified_time":"2024-03-08T00:01:51+00:00","og_image":[{"width":2560,"height":2560,"url":"https:\/\/agrupacionespsoe.es\/castello\/wp-content\/uploads\/sites\/45\/2023\/04\/3.-PATRICIA-PUERTA-BARBERA-2-scaled.jpg","type":"image\/jpeg"}],"author":"castello1","twitter_card":"summary_large_image","twitter_creator":"@pspv_cs","twitter_site":"@pspv_cs","twitter_misc":{"Escrito por":"castello1","Tiempo de lectura":"2 minutos"},"schema":{"@context":"https:\/\/schema.org","@graph":[{"@type":"Article","@id":"https:\/\/agrupacionespsoe.es\/castello\/8m-mas-que-nunca\/#article","isPartOf":{"@id":"https:\/\/agrupacionespsoe.es\/castello\/8m-mas-que-nunca\/"},"author":{"name":"castello1","@id":"https:\/\/agrupacionespsoe.es\/castello\/#\/schema\/person\/f3bc5b2f9dc6a399e9e98596ae24a20a"},"headline":"8M, m\u00e1s que nunca","datePublished":"2024-03-08T11:00:00+00:00","dateModified":"2024-03-08T00:01:51+00:00","mainEntityOfPage":{"@id":"https:\/\/agrupacionespsoe.es\/castello\/8m-mas-que-nunca\/"},"wordCount":423,"commentCount":0,"publisher":{"@id":"https:\/\/agrupacionespsoe.es\/castello\/#organization"},"image":{"@id":"https:\/\/agrupacionespsoe.es\/castello\/8m-mas-que-nunca\/#primaryimage"},"thumbnailUrl":"https:\/\/agrupacionespsoe.es\/castello\/wp-content\/uploads\/sites\/45\/2023\/04\/3.-PATRICIA-PUERTA-BARBERA-2-scaled.jpg","keywords":["Patricia Puerta"],"articleSection":["Grupo Municipal Socialista","Opini\u00f3n"],"inLanguage":"es","potentialAction":[{"@type":"CommentAction","name":"Comment","target":["https:\/\/agrupacionespsoe.es\/castello\/8m-mas-que-nunca\/#respond"]}]},{"@type":"WebPage","@id":"https:\/\/agrupacionespsoe.es\/castello\/8m-mas-que-nunca\/","url":"https:\/\/agrupacionespsoe.es\/castello\/8m-mas-que-nunca\/","name":"8M, m\u00e1s que nunca - PSPV-PSOE CASTELL\u00d3","isPartOf":{"@id":"https:\/\/agrupacionespsoe.es\/castello\/#website"},"primaryImageOfPage":{"@id":"https:\/\/agrupacionespsoe.es\/castello\/8m-mas-que-nunca\/#primaryimage"},"image":{"@id":"https:\/\/agrupacionespsoe.es\/castello\/8m-mas-que-nunca\/#primaryimage"},"thumbnailUrl":"https:\/\/agrupacionespsoe.es\/castello\/wp-content\/uploads\/sites\/45\/2023\/04\/3.-PATRICIA-PUERTA-BARBERA-2-scaled.jpg","datePublished":"2024-03-08T11:00:00+00:00","dateModified":"2024-03-08T00:01:51+00:00","breadcrumb":{"@id":"https:\/\/agrupacionespsoe.es\/castello\/8m-mas-que-nunca\/#breadcrumb"},"inLanguage":"es","potentialAction":[{"@type":"ReadAction","target":["https:\/\/agrupacionespsoe.es\/castello\/8m-mas-que-nunca\/"]}]},{"@type":"ImageObject","inLanguage":"es","@id":"https:\/\/agrupacionespsoe.es\/castello\/8m-mas-que-nunca\/#primaryimage","url":"https:\/\/agrupacionespsoe.es\/castello\/wp-content\/uploads\/sites\/45\/2023\/04\/3.-PATRICIA-PUERTA-BARBERA-2-scaled.jpg","contentUrl":"https:\/\/agrupacionespsoe.es\/castello\/wp-content\/uploads\/sites\/45\/2023\/04\/3.-PATRICIA-PUERTA-BARBERA-2-scaled.jpg","width":2560,"height":2560},{"@type":"BreadcrumbList","@id":"https:\/\/agrupacionespsoe.es\/castello\/8m-mas-que-nunca\/#breadcrumb","itemListElement":[{"@type":"ListItem","position":1,"name":"Portada","item":"https:\/\/agrupacionespsoe.es\/castello\/"},{"@type":"ListItem","position":2,"name":"8M, m\u00e1s que nunca"}]},{"@type":"WebSite","@id":"https:\/\/agrupacionespsoe.es\/castello\/#website","url":"https:\/\/agrupacionespsoe.es\/castello\/","name":"PSPV-PSOE CASTELL\u00d3","description":"PSPV-PSOE | Agrupaci\u00f3 de Castell\u00f3","publisher":{"@id":"https:\/\/agrupacionespsoe.es\/castello\/#organization"},"potentialAction":[{"@type":"SearchAction","target":{"@type":"EntryPoint","urlTemplate":"https:\/\/agrupacionespsoe.es\/castello\/?s={search_term_string}"},"query-input":{"@type":"PropertyValueSpecification","valueRequired":true,"valueName":"search_term_string"}}],"inLanguage":"es"},{"@type":"Organization","@id":"https:\/\/agrupacionespsoe.es\/castello\/#organization","name":"PSPV-PSOE Castell\u00f3","url":"https:\/\/agrupacionespsoe.es\/castello\/","logo":{"@type":"ImageObject","inLanguage":"es","@id":"https:\/\/agrupacionespsoe.es\/castello\/#\/schema\/logo\/image\/","url":"https:\/\/agrupacionespsoe.es\/castello\/wp-content\/uploads\/sites\/45\/2023\/04\/PORTADA-PSOE-CASTELLO.jpg","contentUrl":"https:\/\/agrupacionespsoe.es\/castello\/wp-content\/uploads\/sites\/45\/2023\/04\/PORTADA-PSOE-CASTELLO.jpg","width":2500,"height":2500,"caption":"PSPV-PSOE Castell\u00f3"},"image":{"@id":"https:\/\/agrupacionespsoe.es\/castello\/#\/schema\/logo\/image\/"},"sameAs":["https:\/\/www.facebook.com\/pspv.castellodelaplana","https:\/\/x.com\/pspv_cs","https:\/\/www.instagram.com\/pspvpsoecastello\/"]},{"@type":"Person","@id":"https:\/\/agrupacionespsoe.es\/castello\/#\/schema\/person\/f3bc5b2f9dc6a399e9e98596ae24a20a","name":"castello1","image":{"@type":"ImageObject","inLanguage":"es","@id":"https:\/\/agrupacionespsoe.es\/castello\/#\/schema\/person\/image\/","url":"https:\/\/secure.gravatar.com\/avatar\/5f1da428d6479d1127419c0b58796865?s=96&d=mm&r=g","contentUrl":"https:\/\/secure.gravatar.com\/avatar\/5f1da428d6479d1127419c0b58796865?s=96&d=mm&r=g","caption":"castello1"},"url":"https:\/\/agrupacionespsoe.es\/castello\/author\/castello1\/"}]}},"jetpack_publicize_connections":[],"jetpack_featured_media_url":"https:\/\/agrupacionespsoe.es\/castello\/wp-content\/uploads\/sites\/45\/2023\/04\/3.-PATRICIA-PUERTA-BARBERA-2-scaled.jpg","jetpack_sharing_enabled":true,"_links":{"self":[{"href":"https:\/\/agrupacionespsoe.es\/castello\/wp-json\/wp\/v2\/posts\/4315","targetHints":{"allow":["GET"]}}],"collection":[{"href":"https:\/\/agrupacionespsoe.es\/castello\/wp-json\/wp\/v2\/posts"}],"about":[{"href":"https:\/\/agrupacionespsoe.es\/castello\/wp-json\/wp\/v2\/types\/post"}],"author":[{"embeddable":true,"href":"https:\/\/agrupacionespsoe.es\/castello\/wp-json\/wp\/v2\/users\/48"}],"replies":[{"embeddable":true,"href":"https:\/\/agrupacionespsoe.es\/castello\/wp-json\/wp\/v2\/comments?post=4315"}],"version-history":[{"count":1,"href":"https:\/\/agrupacionespsoe.es\/castello\/wp-json\/wp\/v2\/posts\/4315\/revisions"}],"predecessor-version":[{"id":4316,"href":"https:\/\/agrupacionespsoe.es\/castello\/wp-json\/wp\/v2\/posts\/4315\/revisions\/4316"}],"wp:featuredmedia":[{"embeddable":true,"href":"https:\/\/agrupacionespsoe.es\/castello\/wp-json\/wp\/v2\/media\/499"}],"wp:attachment":[{"href":"https:\/\/agrupacionespsoe.es\/castello\/wp-json\/wp\/v2\/media?parent=4315"}],"wp:term":[{"taxonomy":"category","embeddable":true,"href":"https:\/\/agrupacionespsoe.es\/castello\/wp-json\/wp\/v2\/categories?post=4315"},{"taxonomy":"post_tag","embeddable":true,"href":"https:\/\/agrupacionespsoe.es\/castello\/wp-json\/wp\/v2\/tags?post=4315"}],"curies":[{"name":"wp","href":"https:\/\/api.w.org\/{rel}","templated":true}]}}