{"id":4134,"date":"2024-02-23T12:00:00","date_gmt":"2024-02-23T11:00:00","guid":{"rendered":"https:\/\/agrupacionespsoe.es\/castello\/?p=4134"},"modified":"2024-02-22T11:58:28","modified_gmt":"2024-02-22T10:58:28","slug":"la-concejala-extraordinaria-y-urgente","status":"publish","type":"post","link":"https:\/\/agrupacionespsoe.es\/castello\/la-concejala-extraordinaria-y-urgente\/","title":{"rendered":"La concejala Extraordinaria\u00a0y Urgente"},"content":{"rendered":"\n<p><strong>Noelia Selma<\/strong>, la&nbsp;<em>Reina de&nbsp;<\/em><em>la<\/em><em>&nbsp;Fiesta<\/em>, es un claro ejemplo de lo que es el gobierno municipal de&nbsp;<strong>Bego\u00f1a Carrasco<\/strong>: el caos. Podr\u00edamos llamarla la&nbsp;<em>concejala&nbsp;<\/em><em>Extraordinaria y&nbsp;<\/em><em>Urgente<\/em>, porque as\u00ed es como convoca los consejos rectores del Patronato Municipal de Fiestas que preside.<\/p>\n\n\n\n<p>Su desprecio a los y las representantes del ente es absoluto, con convocatorias con menos de 24 horas que denotan su absoluta incapacidad parar llevar el tim\u00f3n de las fiestas. Selma y Carrasco tienen una palabra comod\u00edn,&nbsp;<em>Autonom\u00eda<\/em>, y de tanto repetirla se la creen. Igual la cambian en breve por&nbsp;<em>Libertad<\/em>, que tanto manipulan.<\/p>\n\n\n\n<p>Pero no, se\u00f1ora&nbsp;<em>concejala&nbsp;<\/em><em>Extraordinaria y&nbsp;<\/em><em>Urgente<\/em>, aqu\u00ed no hay autonom\u00eda. Esto es el rodillo, en todo su esplendor, en el que tanto se regodea el Partido Popular cada vez que gobierna. Cr\u00e8anme cuando les digo que la Junta de Fiestas es, a fecha de hoy, un juguete en manos&nbsp;de&nbsp;Selma, quien con su silencio cobarde esquiva todas las cuestiones que le realizamos en los \u00f3rganos oficiales, algunas realmente graves, como los informes de seguridad vinculados a la pasada Cabalgata de Reyes.<\/p>\n\n\n\n<p>No, se\u00f1ora Selma, aqu\u00ed no hay autonom\u00eda, porque para el presupuesto de 2024 ustedes se han reservado partidas gen\u00e9ricas, de futuro incierto y arbitrario, rechazando todas nuestras propuestas destinadas a ampliar las partidas para las gaiatas,&nbsp;<em>festes de carrer<\/em>&nbsp;y grupos perif\u00e9ricos. Eso s\u00ed ser\u00eda apostar por la autonom\u00eda.<\/p>\n\n\n\n<p>Solo han pasado 8 meses desde que tom\u00f3 posesi\u00f3n de su acta de concejala y lleva una carrera fulgurante como concejala<em>\u00a0Extraordinaria y Urgente<\/em>. Tiene el honor de generar un enfrentamiento inaceptable con el Ayuntamiento de Vila-real al vetarle a su reina y corte de honor utilizar, como era tradicional, su propia carroza. Y ya veremos si no ser\u00e1 el \u00fanico municipio en no acudir a la Cabalgata del Preg\u00f3 por este desprecio que extienden por otros pueblos de la provincia.<\/p>\n\n\n\n<p>Pero da igual: Noelia Selma, la concejala, se cree que sigue siendo la presidenta, de la Junta. Puede con todo, hasta con arrinconar la autonom\u00eda. Ella s\u00ed va subida en una carroza, pero de humo.<\/p>\n\n\n\n<p class=\"has-text-align-right\"><em><strong>Pilar Escuder Moll\u00f3n<\/strong><\/em><br><em>Concejala del Grupo Municipal Socialista<\/em> <em>en el Ayuntamiento de Castell\u00f3<\/em><\/p>\n","protected":false},"excerpt":{"rendered":"<p>Noelia Selma, la&nbsp;Reina de&nbsp;la&nbsp;Fiesta, es un claro ejemplo de lo que es el gobierno municipal de&nbsp;Bego\u00f1a Carrasco: el caos. Podr\u00edamos llamarla la&nbsp;concejala&nbsp;Extraordinaria y&nbsp;Urgente, porque as\u00ed es como convoca los consejos rectores del Patronato Municipal de Fiestas que preside. Su desprecio a los y las representantes del ente es absoluto, con convocatorias con menos de 24 &#8230;<\/p>\n","protected":false},"author":48,"featured_media":1074,"comment_status":"open","ping_status":"open","sticky":false,"template":"","format":"standard","meta":{"_jetpack_memberships_contains_paid_content":false,"footnotes":"","jetpack_publicize_message":"","jetpack_publicize_feature_enabled":true,"jetpack_social_post_already_shared":false,"jetpack_social_options":{"image_generator_settings":{"template":"highway","default_image_id":0,"font":"","enabled":false},"version":2}},"categories":[33,50],"tags":[],"class_list":["post-4134","post","type-post","status-publish","format-standard","has-post-thumbnail","hentry","category-gms","category-opinion"],"yoast_head":"<!-- This site is optimized with the Yoast SEO plugin v24.0 - https:\/\/yoast.com\/wordpress\/plugins\/seo\/ -->\n<title>La concejala Extraordinaria\u00a0y Urgente - PSPV-PSOE CASTELL\u00d3<\/title>\n<meta name=\"robots\" content=\"index, follow, max-snippet:-1, max-image-preview:large, max-video-preview:-1\" \/>\n<link rel=\"canonical\" href=\"https:\/\/agrupacionespsoe.es\/castello\/la-concejala-extraordinaria-y-urgente\/\" \/>\n<meta property=\"og:locale\" content=\"es_ES\" \/>\n<meta property=\"og:type\" content=\"article\" \/>\n<meta property=\"og:title\" content=\"La concejala Extraordinaria\u00a0y Urgente - PSPV-PSOE CASTELL\u00d3\" \/>\n<meta property=\"og:description\" content=\"Noelia Selma, la&nbsp;Reina de&nbsp;la&nbsp;Fiesta, es un claro ejemplo de lo que es el gobierno municipal de&nbsp;Bego\u00f1a Carrasco: el caos. Podr\u00edamos llamarla la&nbsp;concejala&nbsp;Extraordinaria y&nbsp;Urgente, porque as\u00ed es como convoca los consejos rectores del Patronato Municipal de Fiestas que preside. Su desprecio a los y las representantes del ente es absoluto, con convocatorias con menos de 24 ...\" \/>\n<meta property=\"og:url\" content=\"https:\/\/agrupacionespsoe.es\/castello\/la-concejala-extraordinaria-y-urgente\/\" \/>\n<meta property=\"og:site_name\" content=\"PSPV-PSOE CASTELL\u00d3\" \/>\n<meta property=\"article:publisher\" content=\"https:\/\/www.facebook.com\/pspv.castellodelaplana\" \/>\n<meta property=\"article:published_time\" content=\"2024-02-23T11:00:00+00:00\" \/>\n<meta property=\"article:modified_time\" content=\"2024-02-22T10:58:28+00:00\" \/>\n<meta property=\"og:image\" content=\"https:\/\/agrupacionespsoe.es\/castello\/wp-content\/uploads\/sites\/45\/2023\/04\/11.-PILAR-ESCUDER-MOLLON-2-scaled.jpg\" \/>\n\t<meta property=\"og:image:width\" content=\"2560\" \/>\n\t<meta property=\"og:image:height\" content=\"2560\" \/>\n\t<meta property=\"og:image:type\" content=\"image\/jpeg\" \/>\n<meta name=\"author\" content=\"castello1\" \/>\n<meta name=\"twitter:card\" content=\"summary_large_image\" \/>\n<meta name=\"twitter:creator\" content=\"@pspv_cs\" \/>\n<meta name=\"twitter:site\" content=\"@pspv_cs\" \/>\n<meta name=\"twitter:label1\" content=\"Escrito por\" \/>\n\t<meta name=\"twitter:data1\" content=\"castello1\" \/>\n\t<meta name=\"twitter:label2\" content=\"Tiempo de lectura\" \/>\n\t<meta name=\"twitter:data2\" content=\"2 minutos\" \/>\n<script type=\"application\/ld+json\" class=\"yoast-schema-graph\">{\"@context\":\"https:\/\/schema.org\",\"@graph\":[{\"@type\":\"Article\",\"@id\":\"https:\/\/agrupacionespsoe.es\/castello\/la-concejala-extraordinaria-y-urgente\/#article\",\"isPartOf\":{\"@id\":\"https:\/\/agrupacionespsoe.es\/castello\/la-concejala-extraordinaria-y-urgente\/\"},\"author\":{\"name\":\"castello1\",\"@id\":\"https:\/\/agrupacionespsoe.es\/castello\/#\/schema\/person\/f3bc5b2f9dc6a399e9e98596ae24a20a\"},\"headline\":\"La concejala Extraordinaria\u00a0y Urgente\",\"datePublished\":\"2024-02-23T11:00:00+00:00\",\"dateModified\":\"2024-02-22T10:58:28+00:00\",\"mainEntityOfPage\":{\"@id\":\"https:\/\/agrupacionespsoe.es\/castello\/la-concejala-extraordinaria-y-urgente\/\"},\"wordCount\":396,\"commentCount\":0,\"publisher\":{\"@id\":\"https:\/\/agrupacionespsoe.es\/castello\/#organization\"},\"image\":{\"@id\":\"https:\/\/agrupacionespsoe.es\/castello\/la-concejala-extraordinaria-y-urgente\/#primaryimage\"},\"thumbnailUrl\":\"https:\/\/agrupacionespsoe.es\/castello\/wp-content\/uploads\/sites\/45\/2023\/04\/11.-PILAR-ESCUDER-MOLLON-2-scaled.jpg\",\"articleSection\":[\"Grupo Municipal Socialista\",\"Opini\u00f3n\"],\"inLanguage\":\"es\",\"potentialAction\":[{\"@type\":\"CommentAction\",\"name\":\"Comment\",\"target\":[\"https:\/\/agrupacionespsoe.es\/castello\/la-concejala-extraordinaria-y-urgente\/#respond\"]}]},{\"@type\":\"WebPage\",\"@id\":\"https:\/\/agrupacionespsoe.es\/castello\/la-concejala-extraordinaria-y-urgente\/\",\"url\":\"https:\/\/agrupacionespsoe.es\/castello\/la-concejala-extraordinaria-y-urgente\/\",\"name\":\"La concejala Extraordinaria\u00a0y Urgente - PSPV-PSOE CASTELL\u00d3\",\"isPartOf\":{\"@id\":\"https:\/\/agrupacionespsoe.es\/castello\/#website\"},\"primaryImageOfPage\":{\"@id\":\"https:\/\/agrupacionespsoe.es\/castello\/la-concejala-extraordinaria-y-urgente\/#primaryimage\"},\"image\":{\"@id\":\"https:\/\/agrupacionespsoe.es\/castello\/la-concejala-extraordinaria-y-urgente\/#primaryimage\"},\"thumbnailUrl\":\"https:\/\/agrupacionespsoe.es\/castello\/wp-content\/uploads\/sites\/45\/2023\/04\/11.-PILAR-ESCUDER-MOLLON-2-scaled.jpg\",\"datePublished\":\"2024-02-23T11:00:00+00:00\",\"dateModified\":\"2024-02-22T10:58:28+00:00\",\"breadcrumb\":{\"@id\":\"https:\/\/agrupacionespsoe.es\/castello\/la-concejala-extraordinaria-y-urgente\/#breadcrumb\"},\"inLanguage\":\"es\",\"potentialAction\":[{\"@type\":\"ReadAction\",\"target\":[\"https:\/\/agrupacionespsoe.es\/castello\/la-concejala-extraordinaria-y-urgente\/\"]}]},{\"@type\":\"ImageObject\",\"inLanguage\":\"es\",\"@id\":\"https:\/\/agrupacionespsoe.es\/castello\/la-concejala-extraordinaria-y-urgente\/#primaryimage\",\"url\":\"https:\/\/agrupacionespsoe.es\/castello\/wp-content\/uploads\/sites\/45\/2023\/04\/11.-PILAR-ESCUDER-MOLLON-2-scaled.jpg\",\"contentUrl\":\"https:\/\/agrupacionespsoe.es\/castello\/wp-content\/uploads\/sites\/45\/2023\/04\/11.-PILAR-ESCUDER-MOLLON-2-scaled.jpg\",\"width\":2560,\"height\":2560},{\"@type\":\"BreadcrumbList\",\"@id\":\"https:\/\/agrupacionespsoe.es\/castello\/la-concejala-extraordinaria-y-urgente\/#breadcrumb\",\"itemListElement\":[{\"@type\":\"ListItem\",\"position\":1,\"name\":\"Portada\",\"item\":\"https:\/\/agrupacionespsoe.es\/castello\/\"},{\"@type\":\"ListItem\",\"position\":2,\"name\":\"La concejala Extraordinaria\u00a0y Urgente\"}]},{\"@type\":\"WebSite\",\"@id\":\"https:\/\/agrupacionespsoe.es\/castello\/#website\",\"url\":\"https:\/\/agrupacionespsoe.es\/castello\/\",\"name\":\"PSPV-PSOE CASTELL\u00d3\",\"description\":\"PSPV-PSOE | Agrupaci\u00f3 de Castell\u00f3\",\"publisher\":{\"@id\":\"https:\/\/agrupacionespsoe.es\/castello\/#organization\"},\"potentialAction\":[{\"@type\":\"SearchAction\",\"target\":{\"@type\":\"EntryPoint\",\"urlTemplate\":\"https:\/\/agrupacionespsoe.es\/castello\/?s={search_term_string}\"},\"query-input\":{\"@type\":\"PropertyValueSpecification\",\"valueRequired\":true,\"valueName\":\"search_term_string\"}}],\"inLanguage\":\"es\"},{\"@type\":\"Organization\",\"@id\":\"https:\/\/agrupacionespsoe.es\/castello\/#organization\",\"name\":\"PSPV-PSOE Castell\u00f3\",\"url\":\"https:\/\/agrupacionespsoe.es\/castello\/\",\"logo\":{\"@type\":\"ImageObject\",\"inLanguage\":\"es\",\"@id\":\"https:\/\/agrupacionespsoe.es\/castello\/#\/schema\/logo\/image\/\",\"url\":\"https:\/\/agrupacionespsoe.es\/castello\/wp-content\/uploads\/sites\/45\/2023\/04\/PORTADA-PSOE-CASTELLO.jpg\",\"contentUrl\":\"https:\/\/agrupacionespsoe.es\/castello\/wp-content\/uploads\/sites\/45\/2023\/04\/PORTADA-PSOE-CASTELLO.jpg\",\"width\":2500,\"height\":2500,\"caption\":\"PSPV-PSOE Castell\u00f3\"},\"image\":{\"@id\":\"https:\/\/agrupacionespsoe.es\/castello\/#\/schema\/logo\/image\/\"},\"sameAs\":[\"https:\/\/www.facebook.com\/pspv.castellodelaplana\",\"https:\/\/x.com\/pspv_cs\",\"https:\/\/www.instagram.com\/pspvpsoecastello\/\"]},{\"@type\":\"Person\",\"@id\":\"https:\/\/agrupacionespsoe.es\/castello\/#\/schema\/person\/f3bc5b2f9dc6a399e9e98596ae24a20a\",\"name\":\"castello1\",\"image\":{\"@type\":\"ImageObject\",\"inLanguage\":\"es\",\"@id\":\"https:\/\/agrupacionespsoe.es\/castello\/#\/schema\/person\/image\/\",\"url\":\"https:\/\/secure.gravatar.com\/avatar\/5f1da428d6479d1127419c0b58796865?s=96&d=mm&r=g\",\"contentUrl\":\"https:\/\/secure.gravatar.com\/avatar\/5f1da428d6479d1127419c0b58796865?s=96&d=mm&r=g\",\"caption\":\"castello1\"},\"url\":\"https:\/\/agrupacionespsoe.es\/castello\/author\/castello1\/\"}]}<\/script>\n<!-- \/ Yoast SEO plugin. -->","yoast_head_json":{"title":"La concejala Extraordinaria\u00a0y Urgente - PSPV-PSOE CASTELL\u00d3","robots":{"index":"index","follow":"follow","max-snippet":"max-snippet:-1","max-image-preview":"max-image-preview:large","max-video-preview":"max-video-preview:-1"},"canonical":"https:\/\/agrupacionespsoe.es\/castello\/la-concejala-extraordinaria-y-urgente\/","og_locale":"es_ES","og_type":"article","og_title":"La concejala Extraordinaria\u00a0y Urgente - PSPV-PSOE CASTELL\u00d3","og_description":"Noelia Selma, la&nbsp;Reina de&nbsp;la&nbsp;Fiesta, es un claro ejemplo de lo que es el gobierno municipal de&nbsp;Bego\u00f1a Carrasco: el caos. Podr\u00edamos llamarla la&nbsp;concejala&nbsp;Extraordinaria y&nbsp;Urgente, porque as\u00ed es como convoca los consejos rectores del Patronato Municipal de Fiestas que preside. Su desprecio a los y las representantes del ente es absoluto, con convocatorias con menos de 24 ...","og_url":"https:\/\/agrupacionespsoe.es\/castello\/la-concejala-extraordinaria-y-urgente\/","og_site_name":"PSPV-PSOE CASTELL\u00d3","article_publisher":"https:\/\/www.facebook.com\/pspv.castellodelaplana","article_published_time":"2024-02-23T11:00:00+00:00","article_modified_time":"2024-02-22T10:58:28+00:00","og_image":[{"width":2560,"height":2560,"url":"https:\/\/agrupacionespsoe.es\/castello\/wp-content\/uploads\/sites\/45\/2023\/04\/11.-PILAR-ESCUDER-MOLLON-2-scaled.jpg","type":"image\/jpeg"}],"author":"castello1","twitter_card":"summary_large_image","twitter_creator":"@pspv_cs","twitter_site":"@pspv_cs","twitter_misc":{"Escrito por":"castello1","Tiempo de lectura":"2 minutos"},"schema":{"@context":"https:\/\/schema.org","@graph":[{"@type":"Article","@id":"https:\/\/agrupacionespsoe.es\/castello\/la-concejala-extraordinaria-y-urgente\/#article","isPartOf":{"@id":"https:\/\/agrupacionespsoe.es\/castello\/la-concejala-extraordinaria-y-urgente\/"},"author":{"name":"castello1","@id":"https:\/\/agrupacionespsoe.es\/castello\/#\/schema\/person\/f3bc5b2f9dc6a399e9e98596ae24a20a"},"headline":"La concejala Extraordinaria\u00a0y Urgente","datePublished":"2024-02-23T11:00:00+00:00","dateModified":"2024-02-22T10:58:28+00:00","mainEntityOfPage":{"@id":"https:\/\/agrupacionespsoe.es\/castello\/la-concejala-extraordinaria-y-urgente\/"},"wordCount":396,"commentCount":0,"publisher":{"@id":"https:\/\/agrupacionespsoe.es\/castello\/#organization"},"image":{"@id":"https:\/\/agrupacionespsoe.es\/castello\/la-concejala-extraordinaria-y-urgente\/#primaryimage"},"thumbnailUrl":"https:\/\/agrupacionespsoe.es\/castello\/wp-content\/uploads\/sites\/45\/2023\/04\/11.-PILAR-ESCUDER-MOLLON-2-scaled.jpg","articleSection":["Grupo Municipal Socialista","Opini\u00f3n"],"inLanguage":"es","potentialAction":[{"@type":"CommentAction","name":"Comment","target":["https:\/\/agrupacionespsoe.es\/castello\/la-concejala-extraordinaria-y-urgente\/#respond"]}]},{"@type":"WebPage","@id":"https:\/\/agrupacionespsoe.es\/castello\/la-concejala-extraordinaria-y-urgente\/","url":"https:\/\/agrupacionespsoe.es\/castello\/la-concejala-extraordinaria-y-urgente\/","name":"La concejala Extraordinaria\u00a0y Urgente - PSPV-PSOE CASTELL\u00d3","isPartOf":{"@id":"https:\/\/agrupacionespsoe.es\/castello\/#website"},"primaryImageOfPage":{"@id":"https:\/\/agrupacionespsoe.es\/castello\/la-concejala-extraordinaria-y-urgente\/#primaryimage"},"image":{"@id":"https:\/\/agrupacionespsoe.es\/castello\/la-concejala-extraordinaria-y-urgente\/#primaryimage"},"thumbnailUrl":"https:\/\/agrupacionespsoe.es\/castello\/wp-content\/uploads\/sites\/45\/2023\/04\/11.-PILAR-ESCUDER-MOLLON-2-scaled.jpg","datePublished":"2024-02-23T11:00:00+00:00","dateModified":"2024-02-22T10:58:28+00:00","breadcrumb":{"@id":"https:\/\/agrupacionespsoe.es\/castello\/la-concejala-extraordinaria-y-urgente\/#breadcrumb"},"inLanguage":"es","potentialAction":[{"@type":"ReadAction","target":["https:\/\/agrupacionespsoe.es\/castello\/la-concejala-extraordinaria-y-urgente\/"]}]},{"@type":"ImageObject","inLanguage":"es","@id":"https:\/\/agrupacionespsoe.es\/castello\/la-concejala-extraordinaria-y-urgente\/#primaryimage","url":"https:\/\/agrupacionespsoe.es\/castello\/wp-content\/uploads\/sites\/45\/2023\/04\/11.-PILAR-ESCUDER-MOLLON-2-scaled.jpg","contentUrl":"https:\/\/agrupacionespsoe.es\/castello\/wp-content\/uploads\/sites\/45\/2023\/04\/11.-PILAR-ESCUDER-MOLLON-2-scaled.jpg","width":2560,"height":2560},{"@type":"BreadcrumbList","@id":"https:\/\/agrupacionespsoe.es\/castello\/la-concejala-extraordinaria-y-urgente\/#breadcrumb","itemListElement":[{"@type":"ListItem","position":1,"name":"Portada","item":"https:\/\/agrupacionespsoe.es\/castello\/"},{"@type":"ListItem","position":2,"name":"La concejala Extraordinaria\u00a0y Urgente"}]},{"@type":"WebSite","@id":"https:\/\/agrupacionespsoe.es\/castello\/#website","url":"https:\/\/agrupacionespsoe.es\/castello\/","name":"PSPV-PSOE CASTELL\u00d3","description":"PSPV-PSOE | Agrupaci\u00f3 de Castell\u00f3","publisher":{"@id":"https:\/\/agrupacionespsoe.es\/castello\/#organization"},"potentialAction":[{"@type":"SearchAction","target":{"@type":"EntryPoint","urlTemplate":"https:\/\/agrupacionespsoe.es\/castello\/?s={search_term_string}"},"query-input":{"@type":"PropertyValueSpecification","valueRequired":true,"valueName":"search_term_string"}}],"inLanguage":"es"},{"@type":"Organization","@id":"https:\/\/agrupacionespsoe.es\/castello\/#organization","name":"PSPV-PSOE Castell\u00f3","url":"https:\/\/agrupacionespsoe.es\/castello\/","logo":{"@type":"ImageObject","inLanguage":"es","@id":"https:\/\/agrupacionespsoe.es\/castello\/#\/schema\/logo\/image\/","url":"https:\/\/agrupacionespsoe.es\/castello\/wp-content\/uploads\/sites\/45\/2023\/04\/PORTADA-PSOE-CASTELLO.jpg","contentUrl":"https:\/\/agrupacionespsoe.es\/castello\/wp-content\/uploads\/sites\/45\/2023\/04\/PORTADA-PSOE-CASTELLO.jpg","width":2500,"height":2500,"caption":"PSPV-PSOE Castell\u00f3"},"image":{"@id":"https:\/\/agrupacionespsoe.es\/castello\/#\/schema\/logo\/image\/"},"sameAs":["https:\/\/www.facebook.com\/pspv.castellodelaplana","https:\/\/x.com\/pspv_cs","https:\/\/www.instagram.com\/pspvpsoecastello\/"]},{"@type":"Person","@id":"https:\/\/agrupacionespsoe.es\/castello\/#\/schema\/person\/f3bc5b2f9dc6a399e9e98596ae24a20a","name":"castello1","image":{"@type":"ImageObject","inLanguage":"es","@id":"https:\/\/agrupacionespsoe.es\/castello\/#\/schema\/person\/image\/","url":"https:\/\/secure.gravatar.com\/avatar\/5f1da428d6479d1127419c0b58796865?s=96&d=mm&r=g","contentUrl":"https:\/\/secure.gravatar.com\/avatar\/5f1da428d6479d1127419c0b58796865?s=96&d=mm&r=g","caption":"castello1"},"url":"https:\/\/agrupacionespsoe.es\/castello\/author\/castello1\/"}]}},"jetpack_publicize_connections":[],"jetpack_featured_media_url":"https:\/\/agrupacionespsoe.es\/castello\/wp-content\/uploads\/sites\/45\/2023\/04\/11.-PILAR-ESCUDER-MOLLON-2-scaled.jpg","jetpack_sharing_enabled":true,"_links":{"self":[{"href":"https:\/\/agrupacionespsoe.es\/castello\/wp-json\/wp\/v2\/posts\/4134","targetHints":{"allow":["GET"]}}],"collection":[{"href":"https:\/\/agrupacionespsoe.es\/castello\/wp-json\/wp\/v2\/posts"}],"about":[{"href":"https:\/\/agrupacionespsoe.es\/castello\/wp-json\/wp\/v2\/types\/post"}],"author":[{"embeddable":true,"href":"https:\/\/agrupacionespsoe.es\/castello\/wp-json\/wp\/v2\/users\/48"}],"replies":[{"embeddable":true,"href":"https:\/\/agrupacionespsoe.es\/castello\/wp-json\/wp\/v2\/comments?post=4134"}],"version-history":[{"count":1,"href":"https:\/\/agrupacionespsoe.es\/castello\/wp-json\/wp\/v2\/posts\/4134\/revisions"}],"predecessor-version":[{"id":4135,"href":"https:\/\/agrupacionespsoe.es\/castello\/wp-json\/wp\/v2\/posts\/4134\/revisions\/4135"}],"wp:featuredmedia":[{"embeddable":true,"href":"https:\/\/agrupacionespsoe.es\/castello\/wp-json\/wp\/v2\/media\/1074"}],"wp:attachment":[{"href":"https:\/\/agrupacionespsoe.es\/castello\/wp-json\/wp\/v2\/media?parent=4134"}],"wp:term":[{"taxonomy":"category","embeddable":true,"href":"https:\/\/agrupacionespsoe.es\/castello\/wp-json\/wp\/v2\/categories?post=4134"},{"taxonomy":"post_tag","embeddable":true,"href":"https:\/\/agrupacionespsoe.es\/castello\/wp-json\/wp\/v2\/tags?post=4134"}],"curies":[{"name":"wp","href":"https:\/\/api.w.org\/{rel}","templated":true}]}}