{"id":3891,"date":"2024-02-07T16:09:11","date_gmt":"2024-02-07T15:09:11","guid":{"rendered":"https:\/\/agrupacionespsoe.es\/castello\/?p=3891"},"modified":"2026-03-24T09:14:45","modified_gmt":"2026-03-24T08:14:45","slug":"begona-carrasco-menteix-en-dir-que-les-multes-a-cristian-ramirez-son-de-lambit-privat-perque-el-pp-ja-ha-reconegut-almenys-9-en-la-seua-epoca-com-a-edil-de-mobilitat","status":"publish","type":"post","link":"https:\/\/agrupacionespsoe.es\/castello\/begona-carrasco-menteix-en-dir-que-les-multes-a-cristian-ramirez-son-de-lambit-privat-perque-el-pp-ja-ha-reconegut-almenys-9-en-la-seua-epoca-com-a-edil-de-mobilitat\/","title":{"rendered":"\u201cBego\u00f1a Carrasco menteix en dir que les multes a Cristian Ram\u00edrez s\u00f3n de l&#8217;\u00e0mbit privat perqu\u00e8 el PP ja ha reconegut almenys 9 en la seua \u00e8poca com a edil de Mobilitat\u201d"},"content":{"rendered":"\n<h6 class=\"wp-block-heading\"><strong><em>El Grup Municipal Socialista den\u00fancia la \u201cprotectora de l&#8217;alcaldessa, que encara que diga el contrari justifica la inacceptable conducta de l&#8217;edil, convertint-se en c\u00f2mplice de la burla que suposa per als i les castellonenques que Ram\u00edrez seguisca en el seu c\u00e0rrec\u201d<\/em><\/strong><\/h6>\n\n\n\n<figure class=\"wp-block-audio\"><audio controls src=\"https:\/\/agrupacionespsoe.es\/castello\/wp-content\/uploads\/sites\/45\/2024\/02\/20240207-Begona-Carrasco-miente-al-decir-que-las-multas-a-Cristian-Ramirez-son-del-ambito-privado-porque-el-PP-ya-ha-reconocido-al-menos-9-en-su-epoca-como-edil-de-Movilidad.mp3\" autoplay><\/audio><\/figure>\n\n\n\n<p>La portaveu del Grup Municipal Socialista a l&#8217;Ajuntament de Castell\u00f3, Patricia Puerta, ha qualificat de \u201cvergonyoses\u201d les paraules de l&#8217;alcaldessa, Bego\u00f1a Carrasco, \u201cper a qui l&#8217;esc\u00e0ndol de les multes en zona blava sense pagar del seu regidor de Mobilitat, Cristian Ram\u00edrez, \u201cnom\u00e9s es mereixen una xicoteta renyina p\u00fablica malgrat recon\u00e9ixer que no es pot justificar la conducta de l&#8217;edil del Partit Popular\u201d.<\/p>\n\n\n\n<p>Patricia Puerta ha acusat a Carrasco de \u201cmofar-se dels i les castellonenques, als quals s\u00ed que se&#8217;ls embarga el compte quan no paguen una multa, en assenyalar ahir, davant els mitjans de comunicaci\u00f3, que les multes ja reconegudes per Cristian Ram\u00edrez, de moment 29, se circumscriuen \u00fanicament al seu \u00e0mbit privat\u201d. Tal com ha confessat el propi portaveu de l&#8217;equip de govern, Vicent Sales, \u201calmenys 9 d&#8217;eixes 29 multes corresponen a l&#8217;\u00e8poca de Cristian Ram\u00edrez com a regidor de Mobilitat, aix\u00ed que de privat, res\u201d.<\/p>\n\n\n\n<p>Si ja un c\u00e0rrec p\u00fablic, com reconeix Carrasco, \u201cha de ser exemplar\u201d, en aquest cas ens trobem que les infraccions per aparcar malament i les multes impagades \u201cs\u00f3n del propi responsable de coordinar les pol\u00edtiques de mobilitat de la ciutat, i aix\u00f2 inclou la zona blava de la qual tan aficionat \u00e9s\u201d, ressalta Patricia Puerta, qui considera que \u201cestem davant uns fets greus que per al PP no es mereixen m\u00e9s que una reprimenda\u201d.<\/p>\n\n\n\n<p><strong>Immoralitat<\/strong><br>\u201cQue diga ara Bego\u00f1a Carrasco que s&#8217;encarregar\u00e0 ella personalment que Cristian Ram\u00edrez continue complint amb la seua responsabilitat ciutadana i no tinga m\u00e9s multes, com la mare que repr\u00e9n al fill xicotet que s&#8217;ha portat malament a casa, \u00e9s pat\u00e8tic, perqu\u00e8 \u00e9s fer els ulls grossos davant una absoluta immoralitat\u201d, afig Puerta.<\/p>\n\n\n\n<p>Segons la portaveu socialista, \u201cles paraules de l&#8217;alcaldessa, en les quals confessa que ni pot, ni deu, ni vol justificar la conducta de Cristian Ram\u00edrez, s\u00f3n buides, de cara a la galeria, perqu\u00e8 ella sap, i la ciutadania tamb\u00e9, que de no ser per la den\u00fancia socialista fa una setmana en el ple, el regidor del PP encara no hauria pagat eixes 29 multes que deia descon\u00e9ixer fins a eixe dia\u201d. Cristian Ram\u00edrez, Bego\u00f1a Carrasco i Vicent Sales \u201cens han de prendre a tots i totes per ignorants, perqu\u00e8 a tothom que li posen una multa per infracci\u00f3 en la zona blava li deixen la sanci\u00f3 inicial en paper en el cotxe\u201d.<\/p>\n\n\n\n<p><strong>Les 134 multes presumptament sense pagar<\/strong><br>Per\u00f2, com recorda Patricia Puerta, la gravetat dels fets, que ja de per si mateix existeix amb eixes 29 multes, \u00e9s molt m\u00e9s \u00e0mplia. El Grup Municipal Socialista, com ja s&#8217;ha comentat durant aquests dies, ha reclamat al regidor de Mobilitat de l&#8217;Ajuntament de Castell\u00f3, Cristian Ram\u00edrez, que \u201cexplique p\u00fablicament el recorregut de les 134 multes que, presumptament, no ha abonat per aparcar de manera irregular en la zona blava de la ciutat des de febrer de 2023 a gener de 2024\u201d. La portaveu del PSPV assenyala que \u201cqualsevol ciutad\u00e0 i ciutadana sap que si li notifiquen una multa i no la paga, m\u00e9s prompte que tard li embarguen el compte, i ac\u00ed sembla que el senyor Ram\u00edrez tinga un tracte presumptament especial\u201d.<\/p>\n\n\n\n<p>Per a Puerta, \u201cla qual cosa no entenen els ve\u00efns i ve\u00efnes \u00e9s com \u00e9s possible que aquestes 29 multes, de 2019, 2020, 2021, 2022 i 2023 eren desconegudes pel senyor regidor. Aix\u00f2 no t\u00e9 cap sentit perqu\u00e8 estem parlant de multes de fa fins i tot quasi 5 anys i \u00e9s ins\u00f2lit que no estigueren notificades i no tinguera embargada el compte\u201d.<\/p>\n\n\n\n<p>Bego\u00f1a Carrasco, tal com apunta la regidora socialista \u201cno pot definir com un error el que \u00e9s un modus operandi inacceptable del seu regidor i no pot dir que aix\u00f2 ja s&#8217;ha solucionat perqu\u00e8 Ram\u00edrez ja ha pagat, quan encara hem de saber qu\u00e8 ha passat amb les 134 sancions que, presumptament, no ha abonat\u201d. Segons el parer de la portaveu socialista, \u201cla pregunta que es fa tota la ciutadania \u00e9s qu\u00e8 haguera passat si no hagu\u00e9rem denunciat aquesta situaci\u00f3 en el ple. I la resposta crec que la tenim tots i totes clara\u201d.<\/p>\n","protected":false},"excerpt":{"rendered":"<p>El Grup Municipal Socialista den\u00fancia la \u201cprotectora de l&#8217;alcaldessa, que encara que diga el contrari justifica la inacceptable conducta de l&#8217;edil, convertint-se en c\u00f2mplice de la burla que suposa per als i les castellonenques que Ram\u00edrez seguisca en el seu c\u00e0rrec\u201d La portaveu del Grup Municipal Socialista a l&#8217;Ajuntament de Castell\u00f3, Patricia Puerta, ha qualificat &#8230;<\/p>\n","protected":false},"author":48,"featured_media":3846,"comment_status":"open","ping_status":"open","sticky":false,"template":"","format":"standard","meta":{"_jetpack_memberships_contains_paid_content":false,"footnotes":"","jetpack_publicize_message":"","jetpack_publicize_feature_enabled":true,"jetpack_social_post_already_shared":false,"jetpack_social_options":{"image_generator_settings":{"template":"highway","default_image_id":0,"font":"","enabled":false},"version":2}},"categories":[33],"tags":[1155,81],"class_list":["post-3891","post","type-post","status-publish","format-standard","has-post-thumbnail","hentry","category-gms","tag-multas","tag-patricia-puerta"],"yoast_head":"<!-- This site is optimized with the Yoast SEO plugin v24.0 - https:\/\/yoast.com\/wordpress\/plugins\/seo\/ -->\n<title>\u201cBego\u00f1a Carrasco menteix en dir que les multes a Cristian Ram\u00edrez s\u00f3n de l&#039;\u00e0mbit privat perqu\u00e8 el PP ja ha reconegut almenys 9 en la seua \u00e8poca com a edil de Mobilitat\u201d - PSPV-PSOE CASTELL\u00d3<\/title>\n<meta name=\"robots\" content=\"index, follow, max-snippet:-1, max-image-preview:large, max-video-preview:-1\" \/>\n<link rel=\"canonical\" href=\"https:\/\/agrupacionespsoe.es\/castello\/begona-carrasco-menteix-en-dir-que-les-multes-a-cristian-ramirez-son-de-lambit-privat-perque-el-pp-ja-ha-reconegut-almenys-9-en-la-seua-epoca-com-a-edil-de-mobilitat\/\" \/>\n<meta property=\"og:locale\" content=\"es_ES\" \/>\n<meta property=\"og:type\" content=\"article\" \/>\n<meta property=\"og:title\" content=\"\u201cBego\u00f1a Carrasco menteix en dir que les multes a Cristian Ram\u00edrez s\u00f3n de l&#039;\u00e0mbit privat perqu\u00e8 el PP ja ha reconegut almenys 9 en la seua \u00e8poca com a edil de Mobilitat\u201d - PSPV-PSOE CASTELL\u00d3\" \/>\n<meta property=\"og:description\" content=\"El Grup Municipal Socialista den\u00fancia la \u201cprotectora de l&#8217;alcaldessa, que encara que diga el contrari justifica la inacceptable conducta de l&#8217;edil, convertint-se en c\u00f2mplice de la burla que suposa per als i les castellonenques que Ram\u00edrez seguisca en el seu c\u00e0rrec\u201d La portaveu del Grup Municipal Socialista a l&#8217;Ajuntament de Castell\u00f3, Patricia Puerta, ha qualificat ...\" \/>\n<meta property=\"og:url\" content=\"https:\/\/agrupacionespsoe.es\/castello\/begona-carrasco-menteix-en-dir-que-les-multes-a-cristian-ramirez-son-de-lambit-privat-perque-el-pp-ja-ha-reconegut-almenys-9-en-la-seua-epoca-com-a-edil-de-mobilitat\/\" \/>\n<meta property=\"og:site_name\" content=\"PSPV-PSOE CASTELL\u00d3\" \/>\n<meta property=\"article:publisher\" content=\"https:\/\/www.facebook.com\/pspv.castellodelaplana\" \/>\n<meta property=\"article:published_time\" content=\"2024-02-07T15:09:11+00:00\" \/>\n<meta property=\"article:modified_time\" content=\"2026-03-24T08:14:45+00:00\" \/>\n<meta property=\"og:image\" content=\"https:\/\/agrupacionespsoe.es\/castello\/wp-content\/uploads\/sites\/45\/2024\/02\/20240202-Patricia-Puerta-Cristian-Ramirez-sigue-sin-dimitir-pese-a-haber-confirmado-ya-al-menos-62-multas-por-infracciones-de-aparcamiento-en-la-zona-azul-de-Castello.jpeg\" \/>\n\t<meta property=\"og:image:width\" content=\"1600\" \/>\n\t<meta property=\"og:image:height\" content=\"1066\" \/>\n\t<meta property=\"og:image:type\" content=\"image\/jpeg\" \/>\n<meta name=\"author\" content=\"castello1\" \/>\n<meta name=\"twitter:card\" content=\"summary_large_image\" \/>\n<meta name=\"twitter:creator\" content=\"@pspv_cs\" \/>\n<meta name=\"twitter:site\" content=\"@pspv_cs\" \/>\n<meta name=\"twitter:label1\" content=\"Escrito por\" \/>\n\t<meta name=\"twitter:data1\" content=\"castello1\" \/>\n\t<meta name=\"twitter:label2\" content=\"Tiempo de lectura\" \/>\n\t<meta name=\"twitter:data2\" content=\"4 minutos\" \/>\n<script type=\"application\/ld+json\" class=\"yoast-schema-graph\">{\"@context\":\"https:\/\/schema.org\",\"@graph\":[{\"@type\":\"Article\",\"@id\":\"https:\/\/agrupacionespsoe.es\/castello\/begona-carrasco-menteix-en-dir-que-les-multes-a-cristian-ramirez-son-de-lambit-privat-perque-el-pp-ja-ha-reconegut-almenys-9-en-la-seua-epoca-com-a-edil-de-mobilitat\/#article\",\"isPartOf\":{\"@id\":\"https:\/\/agrupacionespsoe.es\/castello\/begona-carrasco-menteix-en-dir-que-les-multes-a-cristian-ramirez-son-de-lambit-privat-perque-el-pp-ja-ha-reconegut-almenys-9-en-la-seua-epoca-com-a-edil-de-mobilitat\/\"},\"author\":{\"name\":\"castello1\",\"@id\":\"https:\/\/agrupacionespsoe.es\/castello\/#\/schema\/person\/f3bc5b2f9dc6a399e9e98596ae24a20a\"},\"headline\":\"\u201cBego\u00f1a Carrasco menteix en dir que les multes a Cristian Ram\u00edrez s\u00f3n de l&#8217;\u00e0mbit privat perqu\u00e8 el PP ja ha reconegut almenys 9 en la seua \u00e8poca com a edil de Mobilitat\u201d\",\"datePublished\":\"2024-02-07T15:09:11+00:00\",\"dateModified\":\"2026-03-24T08:14:45+00:00\",\"mainEntityOfPage\":{\"@id\":\"https:\/\/agrupacionespsoe.es\/castello\/begona-carrasco-menteix-en-dir-que-les-multes-a-cristian-ramirez-son-de-lambit-privat-perque-el-pp-ja-ha-reconegut-almenys-9-en-la-seua-epoca-com-a-edil-de-mobilitat\/\"},\"wordCount\":771,\"commentCount\":0,\"publisher\":{\"@id\":\"https:\/\/agrupacionespsoe.es\/castello\/#organization\"},\"image\":{\"@id\":\"https:\/\/agrupacionespsoe.es\/castello\/begona-carrasco-menteix-en-dir-que-les-multes-a-cristian-ramirez-son-de-lambit-privat-perque-el-pp-ja-ha-reconegut-almenys-9-en-la-seua-epoca-com-a-edil-de-mobilitat\/#primaryimage\"},\"thumbnailUrl\":\"https:\/\/agrupacionespsoe.es\/castello\/wp-content\/uploads\/sites\/45\/2024\/02\/20240202-Patricia-Puerta-Cristian-Ramirez-sigue-sin-dimitir-pese-a-haber-confirmado-ya-al-menos-62-multas-por-infracciones-de-aparcamiento-en-la-zona-azul-de-Castello.jpeg\",\"keywords\":[\"Multas\",\"Patricia Puerta\"],\"articleSection\":[\"Grupo Municipal Socialista\"],\"inLanguage\":\"es\",\"potentialAction\":[{\"@type\":\"CommentAction\",\"name\":\"Comment\",\"target\":[\"https:\/\/agrupacionespsoe.es\/castello\/begona-carrasco-menteix-en-dir-que-les-multes-a-cristian-ramirez-son-de-lambit-privat-perque-el-pp-ja-ha-reconegut-almenys-9-en-la-seua-epoca-com-a-edil-de-mobilitat\/#respond\"]}]},{\"@type\":\"WebPage\",\"@id\":\"https:\/\/agrupacionespsoe.es\/castello\/begona-carrasco-menteix-en-dir-que-les-multes-a-cristian-ramirez-son-de-lambit-privat-perque-el-pp-ja-ha-reconegut-almenys-9-en-la-seua-epoca-com-a-edil-de-mobilitat\/\",\"url\":\"https:\/\/agrupacionespsoe.es\/castello\/begona-carrasco-menteix-en-dir-que-les-multes-a-cristian-ramirez-son-de-lambit-privat-perque-el-pp-ja-ha-reconegut-almenys-9-en-la-seua-epoca-com-a-edil-de-mobilitat\/\",\"name\":\"\u201cBego\u00f1a Carrasco menteix en dir que les multes a Cristian Ram\u00edrez s\u00f3n de l'\u00e0mbit privat perqu\u00e8 el PP ja ha reconegut almenys 9 en la seua \u00e8poca com a edil de Mobilitat\u201d - PSPV-PSOE CASTELL\u00d3\",\"isPartOf\":{\"@id\":\"https:\/\/agrupacionespsoe.es\/castello\/#website\"},\"primaryImageOfPage\":{\"@id\":\"https:\/\/agrupacionespsoe.es\/castello\/begona-carrasco-menteix-en-dir-que-les-multes-a-cristian-ramirez-son-de-lambit-privat-perque-el-pp-ja-ha-reconegut-almenys-9-en-la-seua-epoca-com-a-edil-de-mobilitat\/#primaryimage\"},\"image\":{\"@id\":\"https:\/\/agrupacionespsoe.es\/castello\/begona-carrasco-menteix-en-dir-que-les-multes-a-cristian-ramirez-son-de-lambit-privat-perque-el-pp-ja-ha-reconegut-almenys-9-en-la-seua-epoca-com-a-edil-de-mobilitat\/#primaryimage\"},\"thumbnailUrl\":\"https:\/\/agrupacionespsoe.es\/castello\/wp-content\/uploads\/sites\/45\/2024\/02\/20240202-Patricia-Puerta-Cristian-Ramirez-sigue-sin-dimitir-pese-a-haber-confirmado-ya-al-menos-62-multas-por-infracciones-de-aparcamiento-en-la-zona-azul-de-Castello.jpeg\",\"datePublished\":\"2024-02-07T15:09:11+00:00\",\"dateModified\":\"2026-03-24T08:14:45+00:00\",\"breadcrumb\":{\"@id\":\"https:\/\/agrupacionespsoe.es\/castello\/begona-carrasco-menteix-en-dir-que-les-multes-a-cristian-ramirez-son-de-lambit-privat-perque-el-pp-ja-ha-reconegut-almenys-9-en-la-seua-epoca-com-a-edil-de-mobilitat\/#breadcrumb\"},\"inLanguage\":\"es\",\"potentialAction\":[{\"@type\":\"ReadAction\",\"target\":[\"https:\/\/agrupacionespsoe.es\/castello\/begona-carrasco-menteix-en-dir-que-les-multes-a-cristian-ramirez-son-de-lambit-privat-perque-el-pp-ja-ha-reconegut-almenys-9-en-la-seua-epoca-com-a-edil-de-mobilitat\/\"]}]},{\"@type\":\"ImageObject\",\"inLanguage\":\"es\",\"@id\":\"https:\/\/agrupacionespsoe.es\/castello\/begona-carrasco-menteix-en-dir-que-les-multes-a-cristian-ramirez-son-de-lambit-privat-perque-el-pp-ja-ha-reconegut-almenys-9-en-la-seua-epoca-com-a-edil-de-mobilitat\/#primaryimage\",\"url\":\"https:\/\/agrupacionespsoe.es\/castello\/wp-content\/uploads\/sites\/45\/2024\/02\/20240202-Patricia-Puerta-Cristian-Ramirez-sigue-sin-dimitir-pese-a-haber-confirmado-ya-al-menos-62-multas-por-infracciones-de-aparcamiento-en-la-zona-azul-de-Castello.jpeg\",\"contentUrl\":\"https:\/\/agrupacionespsoe.es\/castello\/wp-content\/uploads\/sites\/45\/2024\/02\/20240202-Patricia-Puerta-Cristian-Ramirez-sigue-sin-dimitir-pese-a-haber-confirmado-ya-al-menos-62-multas-por-infracciones-de-aparcamiento-en-la-zona-azul-de-Castello.jpeg\",\"width\":1600,\"height\":1066},{\"@type\":\"BreadcrumbList\",\"@id\":\"https:\/\/agrupacionespsoe.es\/castello\/begona-carrasco-menteix-en-dir-que-les-multes-a-cristian-ramirez-son-de-lambit-privat-perque-el-pp-ja-ha-reconegut-almenys-9-en-la-seua-epoca-com-a-edil-de-mobilitat\/#breadcrumb\",\"itemListElement\":[{\"@type\":\"ListItem\",\"position\":1,\"name\":\"Portada\",\"item\":\"https:\/\/agrupacionespsoe.es\/castello\/\"},{\"@type\":\"ListItem\",\"position\":2,\"name\":\"\u201cBego\u00f1a Carrasco menteix en dir que les multes a Cristian Ram\u00edrez s\u00f3n de l&#8217;\u00e0mbit privat perqu\u00e8 el PP ja ha reconegut almenys 9 en la seua \u00e8poca com a edil de Mobilitat\u201d\"}]},{\"@type\":\"WebSite\",\"@id\":\"https:\/\/agrupacionespsoe.es\/castello\/#website\",\"url\":\"https:\/\/agrupacionespsoe.es\/castello\/\",\"name\":\"PSPV-PSOE CASTELL\u00d3\",\"description\":\"PSPV-PSOE | Agrupaci\u00f3 de Castell\u00f3\",\"publisher\":{\"@id\":\"https:\/\/agrupacionespsoe.es\/castello\/#organization\"},\"potentialAction\":[{\"@type\":\"SearchAction\",\"target\":{\"@type\":\"EntryPoint\",\"urlTemplate\":\"https:\/\/agrupacionespsoe.es\/castello\/?s={search_term_string}\"},\"query-input\":{\"@type\":\"PropertyValueSpecification\",\"valueRequired\":true,\"valueName\":\"search_term_string\"}}],\"inLanguage\":\"es\"},{\"@type\":\"Organization\",\"@id\":\"https:\/\/agrupacionespsoe.es\/castello\/#organization\",\"name\":\"PSPV-PSOE Castell\u00f3\",\"url\":\"https:\/\/agrupacionespsoe.es\/castello\/\",\"logo\":{\"@type\":\"ImageObject\",\"inLanguage\":\"es\",\"@id\":\"https:\/\/agrupacionespsoe.es\/castello\/#\/schema\/logo\/image\/\",\"url\":\"https:\/\/agrupacionespsoe.es\/castello\/wp-content\/uploads\/sites\/45\/2023\/04\/PORTADA-PSOE-CASTELLO.jpg\",\"contentUrl\":\"https:\/\/agrupacionespsoe.es\/castello\/wp-content\/uploads\/sites\/45\/2023\/04\/PORTADA-PSOE-CASTELLO.jpg\",\"width\":2500,\"height\":2500,\"caption\":\"PSPV-PSOE Castell\u00f3\"},\"image\":{\"@id\":\"https:\/\/agrupacionespsoe.es\/castello\/#\/schema\/logo\/image\/\"},\"sameAs\":[\"https:\/\/www.facebook.com\/pspv.castellodelaplana\",\"https:\/\/x.com\/pspv_cs\",\"https:\/\/www.instagram.com\/pspvpsoecastello\/\"]},{\"@type\":\"Person\",\"@id\":\"https:\/\/agrupacionespsoe.es\/castello\/#\/schema\/person\/f3bc5b2f9dc6a399e9e98596ae24a20a\",\"name\":\"castello1\",\"image\":{\"@type\":\"ImageObject\",\"inLanguage\":\"es\",\"@id\":\"https:\/\/agrupacionespsoe.es\/castello\/#\/schema\/person\/image\/\",\"url\":\"https:\/\/secure.gravatar.com\/avatar\/5f1da428d6479d1127419c0b58796865?s=96&d=mm&r=g\",\"contentUrl\":\"https:\/\/secure.gravatar.com\/avatar\/5f1da428d6479d1127419c0b58796865?s=96&d=mm&r=g\",\"caption\":\"castello1\"},\"url\":\"https:\/\/agrupacionespsoe.es\/castello\/author\/castello1\/\"}]}<\/script>\n<!-- \/ Yoast SEO plugin. -->","yoast_head_json":{"title":"\u201cBego\u00f1a Carrasco menteix en dir que les multes a Cristian Ram\u00edrez s\u00f3n de l'\u00e0mbit privat perqu\u00e8 el PP ja ha reconegut almenys 9 en la seua \u00e8poca com a edil de Mobilitat\u201d - PSPV-PSOE CASTELL\u00d3","robots":{"index":"index","follow":"follow","max-snippet":"max-snippet:-1","max-image-preview":"max-image-preview:large","max-video-preview":"max-video-preview:-1"},"canonical":"https:\/\/agrupacionespsoe.es\/castello\/begona-carrasco-menteix-en-dir-que-les-multes-a-cristian-ramirez-son-de-lambit-privat-perque-el-pp-ja-ha-reconegut-almenys-9-en-la-seua-epoca-com-a-edil-de-mobilitat\/","og_locale":"es_ES","og_type":"article","og_title":"\u201cBego\u00f1a Carrasco menteix en dir que les multes a Cristian Ram\u00edrez s\u00f3n de l'\u00e0mbit privat perqu\u00e8 el PP ja ha reconegut almenys 9 en la seua \u00e8poca com a edil de Mobilitat\u201d - PSPV-PSOE CASTELL\u00d3","og_description":"El Grup Municipal Socialista den\u00fancia la \u201cprotectora de l&#8217;alcaldessa, que encara que diga el contrari justifica la inacceptable conducta de l&#8217;edil, convertint-se en c\u00f2mplice de la burla que suposa per als i les castellonenques que Ram\u00edrez seguisca en el seu c\u00e0rrec\u201d La portaveu del Grup Municipal Socialista a l&#8217;Ajuntament de Castell\u00f3, Patricia Puerta, ha qualificat ...","og_url":"https:\/\/agrupacionespsoe.es\/castello\/begona-carrasco-menteix-en-dir-que-les-multes-a-cristian-ramirez-son-de-lambit-privat-perque-el-pp-ja-ha-reconegut-almenys-9-en-la-seua-epoca-com-a-edil-de-mobilitat\/","og_site_name":"PSPV-PSOE CASTELL\u00d3","article_publisher":"https:\/\/www.facebook.com\/pspv.castellodelaplana","article_published_time":"2024-02-07T15:09:11+00:00","article_modified_time":"2026-03-24T08:14:45+00:00","og_image":[{"width":1600,"height":1066,"url":"https:\/\/agrupacionespsoe.es\/castello\/wp-content\/uploads\/sites\/45\/2024\/02\/20240202-Patricia-Puerta-Cristian-Ramirez-sigue-sin-dimitir-pese-a-haber-confirmado-ya-al-menos-62-multas-por-infracciones-de-aparcamiento-en-la-zona-azul-de-Castello.jpeg","type":"image\/jpeg"}],"author":"castello1","twitter_card":"summary_large_image","twitter_creator":"@pspv_cs","twitter_site":"@pspv_cs","twitter_misc":{"Escrito por":"castello1","Tiempo de lectura":"4 minutos"},"schema":{"@context":"https:\/\/schema.org","@graph":[{"@type":"Article","@id":"https:\/\/agrupacionespsoe.es\/castello\/begona-carrasco-menteix-en-dir-que-les-multes-a-cristian-ramirez-son-de-lambit-privat-perque-el-pp-ja-ha-reconegut-almenys-9-en-la-seua-epoca-com-a-edil-de-mobilitat\/#article","isPartOf":{"@id":"https:\/\/agrupacionespsoe.es\/castello\/begona-carrasco-menteix-en-dir-que-les-multes-a-cristian-ramirez-son-de-lambit-privat-perque-el-pp-ja-ha-reconegut-almenys-9-en-la-seua-epoca-com-a-edil-de-mobilitat\/"},"author":{"name":"castello1","@id":"https:\/\/agrupacionespsoe.es\/castello\/#\/schema\/person\/f3bc5b2f9dc6a399e9e98596ae24a20a"},"headline":"\u201cBego\u00f1a Carrasco menteix en dir que les multes a Cristian Ram\u00edrez s\u00f3n de l&#8217;\u00e0mbit privat perqu\u00e8 el PP ja ha reconegut almenys 9 en la seua \u00e8poca com a edil de Mobilitat\u201d","datePublished":"2024-02-07T15:09:11+00:00","dateModified":"2026-03-24T08:14:45+00:00","mainEntityOfPage":{"@id":"https:\/\/agrupacionespsoe.es\/castello\/begona-carrasco-menteix-en-dir-que-les-multes-a-cristian-ramirez-son-de-lambit-privat-perque-el-pp-ja-ha-reconegut-almenys-9-en-la-seua-epoca-com-a-edil-de-mobilitat\/"},"wordCount":771,"commentCount":0,"publisher":{"@id":"https:\/\/agrupacionespsoe.es\/castello\/#organization"},"image":{"@id":"https:\/\/agrupacionespsoe.es\/castello\/begona-carrasco-menteix-en-dir-que-les-multes-a-cristian-ramirez-son-de-lambit-privat-perque-el-pp-ja-ha-reconegut-almenys-9-en-la-seua-epoca-com-a-edil-de-mobilitat\/#primaryimage"},"thumbnailUrl":"https:\/\/agrupacionespsoe.es\/castello\/wp-content\/uploads\/sites\/45\/2024\/02\/20240202-Patricia-Puerta-Cristian-Ramirez-sigue-sin-dimitir-pese-a-haber-confirmado-ya-al-menos-62-multas-por-infracciones-de-aparcamiento-en-la-zona-azul-de-Castello.jpeg","keywords":["Multas","Patricia Puerta"],"articleSection":["Grupo Municipal Socialista"],"inLanguage":"es","potentialAction":[{"@type":"CommentAction","name":"Comment","target":["https:\/\/agrupacionespsoe.es\/castello\/begona-carrasco-menteix-en-dir-que-les-multes-a-cristian-ramirez-son-de-lambit-privat-perque-el-pp-ja-ha-reconegut-almenys-9-en-la-seua-epoca-com-a-edil-de-mobilitat\/#respond"]}]},{"@type":"WebPage","@id":"https:\/\/agrupacionespsoe.es\/castello\/begona-carrasco-menteix-en-dir-que-les-multes-a-cristian-ramirez-son-de-lambit-privat-perque-el-pp-ja-ha-reconegut-almenys-9-en-la-seua-epoca-com-a-edil-de-mobilitat\/","url":"https:\/\/agrupacionespsoe.es\/castello\/begona-carrasco-menteix-en-dir-que-les-multes-a-cristian-ramirez-son-de-lambit-privat-perque-el-pp-ja-ha-reconegut-almenys-9-en-la-seua-epoca-com-a-edil-de-mobilitat\/","name":"\u201cBego\u00f1a Carrasco menteix en dir que les multes a Cristian Ram\u00edrez s\u00f3n de l'\u00e0mbit privat perqu\u00e8 el PP ja ha reconegut almenys 9 en la seua \u00e8poca com a edil de Mobilitat\u201d - PSPV-PSOE CASTELL\u00d3","isPartOf":{"@id":"https:\/\/agrupacionespsoe.es\/castello\/#website"},"primaryImageOfPage":{"@id":"https:\/\/agrupacionespsoe.es\/castello\/begona-carrasco-menteix-en-dir-que-les-multes-a-cristian-ramirez-son-de-lambit-privat-perque-el-pp-ja-ha-reconegut-almenys-9-en-la-seua-epoca-com-a-edil-de-mobilitat\/#primaryimage"},"image":{"@id":"https:\/\/agrupacionespsoe.es\/castello\/begona-carrasco-menteix-en-dir-que-les-multes-a-cristian-ramirez-son-de-lambit-privat-perque-el-pp-ja-ha-reconegut-almenys-9-en-la-seua-epoca-com-a-edil-de-mobilitat\/#primaryimage"},"thumbnailUrl":"https:\/\/agrupacionespsoe.es\/castello\/wp-content\/uploads\/sites\/45\/2024\/02\/20240202-Patricia-Puerta-Cristian-Ramirez-sigue-sin-dimitir-pese-a-haber-confirmado-ya-al-menos-62-multas-por-infracciones-de-aparcamiento-en-la-zona-azul-de-Castello.jpeg","datePublished":"2024-02-07T15:09:11+00:00","dateModified":"2026-03-24T08:14:45+00:00","breadcrumb":{"@id":"https:\/\/agrupacionespsoe.es\/castello\/begona-carrasco-menteix-en-dir-que-les-multes-a-cristian-ramirez-son-de-lambit-privat-perque-el-pp-ja-ha-reconegut-almenys-9-en-la-seua-epoca-com-a-edil-de-mobilitat\/#breadcrumb"},"inLanguage":"es","potentialAction":[{"@type":"ReadAction","target":["https:\/\/agrupacionespsoe.es\/castello\/begona-carrasco-menteix-en-dir-que-les-multes-a-cristian-ramirez-son-de-lambit-privat-perque-el-pp-ja-ha-reconegut-almenys-9-en-la-seua-epoca-com-a-edil-de-mobilitat\/"]}]},{"@type":"ImageObject","inLanguage":"es","@id":"https:\/\/agrupacionespsoe.es\/castello\/begona-carrasco-menteix-en-dir-que-les-multes-a-cristian-ramirez-son-de-lambit-privat-perque-el-pp-ja-ha-reconegut-almenys-9-en-la-seua-epoca-com-a-edil-de-mobilitat\/#primaryimage","url":"https:\/\/agrupacionespsoe.es\/castello\/wp-content\/uploads\/sites\/45\/2024\/02\/20240202-Patricia-Puerta-Cristian-Ramirez-sigue-sin-dimitir-pese-a-haber-confirmado-ya-al-menos-62-multas-por-infracciones-de-aparcamiento-en-la-zona-azul-de-Castello.jpeg","contentUrl":"https:\/\/agrupacionespsoe.es\/castello\/wp-content\/uploads\/sites\/45\/2024\/02\/20240202-Patricia-Puerta-Cristian-Ramirez-sigue-sin-dimitir-pese-a-haber-confirmado-ya-al-menos-62-multas-por-infracciones-de-aparcamiento-en-la-zona-azul-de-Castello.jpeg","width":1600,"height":1066},{"@type":"BreadcrumbList","@id":"https:\/\/agrupacionespsoe.es\/castello\/begona-carrasco-menteix-en-dir-que-les-multes-a-cristian-ramirez-son-de-lambit-privat-perque-el-pp-ja-ha-reconegut-almenys-9-en-la-seua-epoca-com-a-edil-de-mobilitat\/#breadcrumb","itemListElement":[{"@type":"ListItem","position":1,"name":"Portada","item":"https:\/\/agrupacionespsoe.es\/castello\/"},{"@type":"ListItem","position":2,"name":"\u201cBego\u00f1a Carrasco menteix en dir que les multes a Cristian Ram\u00edrez s\u00f3n de l&#8217;\u00e0mbit privat perqu\u00e8 el PP ja ha reconegut almenys 9 en la seua \u00e8poca com a edil de Mobilitat\u201d"}]},{"@type":"WebSite","@id":"https:\/\/agrupacionespsoe.es\/castello\/#website","url":"https:\/\/agrupacionespsoe.es\/castello\/","name":"PSPV-PSOE CASTELL\u00d3","description":"PSPV-PSOE | Agrupaci\u00f3 de Castell\u00f3","publisher":{"@id":"https:\/\/agrupacionespsoe.es\/castello\/#organization"},"potentialAction":[{"@type":"SearchAction","target":{"@type":"EntryPoint","urlTemplate":"https:\/\/agrupacionespsoe.es\/castello\/?s={search_term_string}"},"query-input":{"@type":"PropertyValueSpecification","valueRequired":true,"valueName":"search_term_string"}}],"inLanguage":"es"},{"@type":"Organization","@id":"https:\/\/agrupacionespsoe.es\/castello\/#organization","name":"PSPV-PSOE Castell\u00f3","url":"https:\/\/agrupacionespsoe.es\/castello\/","logo":{"@type":"ImageObject","inLanguage":"es","@id":"https:\/\/agrupacionespsoe.es\/castello\/#\/schema\/logo\/image\/","url":"https:\/\/agrupacionespsoe.es\/castello\/wp-content\/uploads\/sites\/45\/2023\/04\/PORTADA-PSOE-CASTELLO.jpg","contentUrl":"https:\/\/agrupacionespsoe.es\/castello\/wp-content\/uploads\/sites\/45\/2023\/04\/PORTADA-PSOE-CASTELLO.jpg","width":2500,"height":2500,"caption":"PSPV-PSOE Castell\u00f3"},"image":{"@id":"https:\/\/agrupacionespsoe.es\/castello\/#\/schema\/logo\/image\/"},"sameAs":["https:\/\/www.facebook.com\/pspv.castellodelaplana","https:\/\/x.com\/pspv_cs","https:\/\/www.instagram.com\/pspvpsoecastello\/"]},{"@type":"Person","@id":"https:\/\/agrupacionespsoe.es\/castello\/#\/schema\/person\/f3bc5b2f9dc6a399e9e98596ae24a20a","name":"castello1","image":{"@type":"ImageObject","inLanguage":"es","@id":"https:\/\/agrupacionespsoe.es\/castello\/#\/schema\/person\/image\/","url":"https:\/\/secure.gravatar.com\/avatar\/5f1da428d6479d1127419c0b58796865?s=96&d=mm&r=g","contentUrl":"https:\/\/secure.gravatar.com\/avatar\/5f1da428d6479d1127419c0b58796865?s=96&d=mm&r=g","caption":"castello1"},"url":"https:\/\/agrupacionespsoe.es\/castello\/author\/castello1\/"}]}},"jetpack_publicize_connections":[],"jetpack_featured_media_url":"https:\/\/agrupacionespsoe.es\/castello\/wp-content\/uploads\/sites\/45\/2024\/02\/20240202-Patricia-Puerta-Cristian-Ramirez-sigue-sin-dimitir-pese-a-haber-confirmado-ya-al-menos-62-multas-por-infracciones-de-aparcamiento-en-la-zona-azul-de-Castello.jpeg","jetpack_sharing_enabled":true,"_links":{"self":[{"href":"https:\/\/agrupacionespsoe.es\/castello\/wp-json\/wp\/v2\/posts\/3891","targetHints":{"allow":["GET"]}}],"collection":[{"href":"https:\/\/agrupacionespsoe.es\/castello\/wp-json\/wp\/v2\/posts"}],"about":[{"href":"https:\/\/agrupacionespsoe.es\/castello\/wp-json\/wp\/v2\/types\/post"}],"author":[{"embeddable":true,"href":"https:\/\/agrupacionespsoe.es\/castello\/wp-json\/wp\/v2\/users\/48"}],"replies":[{"embeddable":true,"href":"https:\/\/agrupacionespsoe.es\/castello\/wp-json\/wp\/v2\/comments?post=3891"}],"version-history":[{"count":4,"href":"https:\/\/agrupacionespsoe.es\/castello\/wp-json\/wp\/v2\/posts\/3891\/revisions"}],"predecessor-version":[{"id":3936,"href":"https:\/\/agrupacionespsoe.es\/castello\/wp-json\/wp\/v2\/posts\/3891\/revisions\/3936"}],"wp:featuredmedia":[{"embeddable":true,"href":"https:\/\/agrupacionespsoe.es\/castello\/wp-json\/wp\/v2\/media\/3846"}],"wp:attachment":[{"href":"https:\/\/agrupacionespsoe.es\/castello\/wp-json\/wp\/v2\/media?parent=3891"}],"wp:term":[{"taxonomy":"category","embeddable":true,"href":"https:\/\/agrupacionespsoe.es\/castello\/wp-json\/wp\/v2\/categories?post=3891"},{"taxonomy":"post_tag","embeddable":true,"href":"https:\/\/agrupacionespsoe.es\/castello\/wp-json\/wp\/v2\/tags?post=3891"}],"curies":[{"name":"wp","href":"https:\/\/api.w.org\/{rel}","templated":true}]}}