{"id":3886,"date":"2024-02-07T16:07:04","date_gmt":"2024-02-07T15:07:04","guid":{"rendered":"https:\/\/agrupacionespsoe.es\/castello\/?p=3886"},"modified":"2026-03-24T09:13:07","modified_gmt":"2026-03-24T08:13:07","slug":"begona-carrasco-miente-al-decir-que-las-multas-a-cristian-ramirez-son-del-ambito-privado-porque-el-pp-ya-ha-reconocido-al-menos-9-en-su-epoca-como-edil-de-movilidad","status":"publish","type":"post","link":"https:\/\/agrupacionespsoe.es\/castello\/begona-carrasco-miente-al-decir-que-las-multas-a-cristian-ramirez-son-del-ambito-privado-porque-el-pp-ya-ha-reconocido-al-menos-9-en-su-epoca-como-edil-de-movilidad\/","title":{"rendered":"\u201cBego\u00f1a Carrasco miente al decir que las multas a Cristian Ram\u00edrez son del \u00e1mbito privado porque el PP ya ha reconocido al menos 9 en su \u00e9poca como edil de Movilidad\u201d"},"content":{"rendered":"\n<h6 class=\"wp-block-heading\"><strong><em>El Grupo Municipal Socialista denuncia la \u201cactitud protectora de la alcaldesa, que aunque diga lo contrario justifica la inaceptable conducta del edil, convirti\u00e9ndose en c\u00f3mplice de la burla que supone para los y las castellonenses que Ram\u00edrez siga en su cargo\u201d<\/em><\/strong><\/h6>\n\n\n\n<figure class=\"wp-block-audio\"><audio controls src=\"https:\/\/agrupacionespsoe.es\/castello\/wp-content\/uploads\/sites\/45\/2024\/02\/20240207-Begona-Carrasco-miente-al-decir-que-las-multas-a-Cristian-Ramirez-son-del-ambito-privado-porque-el-PP-ya-ha-reconocido-al-menos-9-en-su-epoca-como-edil-de-Movilidad.mp3\" autoplay><\/audio><\/figure>\n\n\n\n<p>La portavoz del Grupo Municipal Socialista en el Ayuntamiento de Castell\u00f3, Patricia Puerta, ha calificado de \u201cvergonzosas\u201d las palabras de la alcaldesa, Bego\u00f1a Carrasco, \u201cpara quien el esc\u00e1ndalo de las multas en zona azul sin pagar de su concejal de Movilidad, Cristian Ram\u00edrez, \u201csolo se merecen una peque\u00f1a ri\u00f1a p\u00fablica pese a reconocer que no se puede justificar la conducta del edil del Partido Popular\u201d.<\/p>\n\n\n\n<p>Patricia Puerta ha acusado a Carrasco de \u201cmofarse de los y las castellonenses, a los que s\u00ed se les embarga la cuenta cuando no pagan una multa, al se\u00f1alar ayer, ante los medios de comunicaci\u00f3n, que las multas ya reconocidas por Cristian Ram\u00edrez, de momento 29, se circunscriben \u00fanicamente a su \u00e1mbito privado\u201d. Tal y como ha confesado el propio portavoz del equipo de gobierno, Vicent Sales, \u201cal menos 9 de esas 29 multas corresponden a la \u00e9poca de Cristian Ram\u00edrez como concejal de Movilidad, as\u00ed que de privado, nada\u201d.<\/p>\n\n\n\n<p>Si ya un cargo p\u00fablico, como reconoce Carrasco, \u201cdebe ser ejemplar\u201d, en este caso nos encontramos con que las infracciones por aparcar mal y las multas impagadas \u201cson del propio responsable de coordinar las pol\u00edticas de movilidad de la ciudad, y esto incluye la zona azul de la que tan aficionado es\u201d, resalta Patricia Puerta, quien considera que \u201cestamos ante unos hechos grav\u00edsimos que para el PP no se merecen m\u00e1s que una reprimenda\u201d.<\/p>\n\n\n\n<p><strong>Inmoralidad<\/strong><br>\u201cQue diga ahora Bego\u00f1a Carrasco que se va a encargar ella personalmente de que Cristian Ram\u00edrez siga cumpliendo con su responsabilidad ciudadana y no tenga m\u00e1s multas, como la madre que reprende al hijo peque\u00f1o que se ha portado mal en casa, es pat\u00e9tico, porque es hacer la vista gorda ante una absoluta inmoralidad\u201d, a\u00f1ade Puerta.<\/p>\n\n\n\n<p>Seg\u00fan la portavoz socialista, \u201clas palabras de la alcaldesa, en las que confiesa que ni puede, ni debe, ni quiere justificar la conducta de Cristian Ram\u00edrez, son huecas, de cara a la galer\u00eda, porque ella sabe, y la ciudadan\u00eda tambi\u00e9n, que de no ser por la denuncia socialista hace una semana en el pleno, el concejal del PP a\u00fan no habr\u00eda pagado esas 29 multas que dec\u00eda desconocer hasta ese d\u00eda\u201d. Cristian Ram\u00edrez, Bego\u00f1a Carrasco y Vicent Sales \u201cnos deben tomar a todos y todas por ignorantes, porque a todo el mundo que le ponen una multa por infracci\u00f3n en la zona azul le dejan la sanci\u00f3n inicial en papel en el coche\u201d.<\/p>\n\n\n\n<p><strong>Las 134 multas presuntamente sin pagar<\/strong><br>Pero, como recuerda Patricia Puerta, la gravedad de los hechos, que ya de por s\u00ed existe con esas 29 multas, es mucho m\u00e1s amplia. El Grupo Municipal Socialista, como ya se ha comentado durante estos d\u00edas, ha reclamado al concejal de Movilidad del Ayuntamiento de Castell\u00f3, Cristian Ram\u00edrez, que \u201cexplique p\u00fablicamente el recorrido de las 134 multas que, presuntamente, no ha abonado por aparcar de forma irregular en la zona azul de la ciudad desde febrero de 2023 a enero de 2024\u201d. La portavoz del PSPV se\u00f1ala que \u201ccualquier ciudadano y ciudadana sabe que si le notifican una multa y no la paga, m\u00e1s pronto que tarde le embargan la cuenta, y aqu\u00ed parece que el se\u00f1or Ram\u00edrez tenga un trato presuntamente especial\u201d.<\/p>\n\n\n\n<p>Para Puerta, \u201clo que no entienden los vecinos y vecinas es c\u00f3mo es posible que estas 29 multas, de 2019, 2020, 2021, 2022 y 2023 eran desconocidas por el se\u00f1or concejal. Esto no tiene ning\u00fan sentido porque estamos hablando de multas de hace incluso casi 5 a\u00f1os y es ins\u00f3lito que no estuviesen notificadas y no tuviese embargada la cuenta\u201d.<\/p>\n\n\n\n<p>Bego\u00f1a Carrasco, tal y como apunta la concejala socialista, \u201cno puede definir como un&nbsp;<em>error<\/em>&nbsp;lo que es un&nbsp;<em>modus operandi<\/em>&nbsp;inaceptable de su concejal y no puede decir que esto ya se ha solucionado porque Ram\u00edrez ya ha pagado, cuando a\u00fan tenemos que saber qu\u00e9 ha pasado con las 134 sanciones que, presuntamente, no ha abonado\u201d. A juicio de la portavoz socialista, \u201cla pregunta que se hace toda la ciudadan\u00eda es qu\u00e9 hubiese pasado si no hubi\u00e9semos denunciado esta situaci\u00f3n en el pleno. Y la respuesta creo que la tenemos todos y todas clara\u201d.<\/p>\n","protected":false},"excerpt":{"rendered":"<p>El Grupo Municipal Socialista denuncia la \u201cactitud protectora de la alcaldesa, que aunque diga lo contrario justifica la inaceptable conducta del edil, convirti\u00e9ndose en c\u00f3mplice de la burla que supone para los y las castellonenses que Ram\u00edrez siga en su cargo\u201d La portavoz del Grupo Municipal Socialista en el Ayuntamiento de Castell\u00f3, Patricia Puerta, ha &#8230;<\/p>\n","protected":false},"author":48,"featured_media":3846,"comment_status":"open","ping_status":"open","sticky":false,"template":"","format":"standard","meta":{"_jetpack_memberships_contains_paid_content":false,"footnotes":"","jetpack_publicize_message":"","jetpack_publicize_feature_enabled":true,"jetpack_social_post_already_shared":false,"jetpack_social_options":{"image_generator_settings":{"template":"highway","default_image_id":0,"font":"","enabled":false},"version":2}},"categories":[33],"tags":[1155,81],"class_list":["post-3886","post","type-post","status-publish","format-standard","has-post-thumbnail","hentry","category-gms","tag-multas","tag-patricia-puerta"],"yoast_head":"<!-- This site is optimized with the Yoast SEO plugin v24.0 - https:\/\/yoast.com\/wordpress\/plugins\/seo\/ -->\n<title>\u201cBego\u00f1a Carrasco miente al decir que las multas a Cristian Ram\u00edrez son del \u00e1mbito privado porque el PP ya ha reconocido al menos 9 en su \u00e9poca como edil de Movilidad\u201d - PSPV-PSOE CASTELL\u00d3<\/title>\n<meta name=\"robots\" content=\"index, follow, max-snippet:-1, max-image-preview:large, max-video-preview:-1\" \/>\n<link rel=\"canonical\" href=\"https:\/\/agrupacionespsoe.es\/castello\/begona-carrasco-miente-al-decir-que-las-multas-a-cristian-ramirez-son-del-ambito-privado-porque-el-pp-ya-ha-reconocido-al-menos-9-en-su-epoca-como-edil-de-movilidad\/\" \/>\n<meta property=\"og:locale\" content=\"es_ES\" \/>\n<meta property=\"og:type\" content=\"article\" \/>\n<meta property=\"og:title\" content=\"\u201cBego\u00f1a Carrasco miente al decir que las multas a Cristian Ram\u00edrez son del \u00e1mbito privado porque el PP ya ha reconocido al menos 9 en su \u00e9poca como edil de Movilidad\u201d - PSPV-PSOE CASTELL\u00d3\" \/>\n<meta property=\"og:description\" content=\"El Grupo Municipal Socialista denuncia la \u201cactitud protectora de la alcaldesa, que aunque diga lo contrario justifica la inaceptable conducta del edil, convirti\u00e9ndose en c\u00f3mplice de la burla que supone para los y las castellonenses que Ram\u00edrez siga en su cargo\u201d La portavoz del Grupo Municipal Socialista en el Ayuntamiento de Castell\u00f3, Patricia Puerta, ha ...\" \/>\n<meta property=\"og:url\" content=\"https:\/\/agrupacionespsoe.es\/castello\/begona-carrasco-miente-al-decir-que-las-multas-a-cristian-ramirez-son-del-ambito-privado-porque-el-pp-ya-ha-reconocido-al-menos-9-en-su-epoca-como-edil-de-movilidad\/\" \/>\n<meta property=\"og:site_name\" content=\"PSPV-PSOE CASTELL\u00d3\" \/>\n<meta property=\"article:publisher\" content=\"https:\/\/www.facebook.com\/pspv.castellodelaplana\" \/>\n<meta property=\"article:published_time\" content=\"2024-02-07T15:07:04+00:00\" \/>\n<meta property=\"article:modified_time\" content=\"2026-03-24T08:13:07+00:00\" \/>\n<meta property=\"og:image\" content=\"https:\/\/agrupacionespsoe.es\/castello\/wp-content\/uploads\/sites\/45\/2024\/02\/20240202-Patricia-Puerta-Cristian-Ramirez-sigue-sin-dimitir-pese-a-haber-confirmado-ya-al-menos-62-multas-por-infracciones-de-aparcamiento-en-la-zona-azul-de-Castello.jpeg\" \/>\n\t<meta property=\"og:image:width\" content=\"1600\" \/>\n\t<meta property=\"og:image:height\" content=\"1066\" \/>\n\t<meta property=\"og:image:type\" content=\"image\/jpeg\" \/>\n<meta name=\"author\" content=\"castello1\" \/>\n<meta name=\"twitter:card\" content=\"summary_large_image\" \/>\n<meta name=\"twitter:creator\" content=\"@pspv_cs\" \/>\n<meta name=\"twitter:site\" content=\"@pspv_cs\" \/>\n<meta name=\"twitter:label1\" content=\"Escrito por\" \/>\n\t<meta name=\"twitter:data1\" content=\"castello1\" \/>\n\t<meta name=\"twitter:label2\" content=\"Tiempo de lectura\" \/>\n\t<meta name=\"twitter:data2\" content=\"4 minutos\" \/>\n<script type=\"application\/ld+json\" class=\"yoast-schema-graph\">{\"@context\":\"https:\/\/schema.org\",\"@graph\":[{\"@type\":\"Article\",\"@id\":\"https:\/\/agrupacionespsoe.es\/castello\/begona-carrasco-miente-al-decir-que-las-multas-a-cristian-ramirez-son-del-ambito-privado-porque-el-pp-ya-ha-reconocido-al-menos-9-en-su-epoca-como-edil-de-movilidad\/#article\",\"isPartOf\":{\"@id\":\"https:\/\/agrupacionespsoe.es\/castello\/begona-carrasco-miente-al-decir-que-las-multas-a-cristian-ramirez-son-del-ambito-privado-porque-el-pp-ya-ha-reconocido-al-menos-9-en-su-epoca-como-edil-de-movilidad\/\"},\"author\":{\"name\":\"castello1\",\"@id\":\"https:\/\/agrupacionespsoe.es\/castello\/#\/schema\/person\/f3bc5b2f9dc6a399e9e98596ae24a20a\"},\"headline\":\"\u201cBego\u00f1a Carrasco miente al decir que las multas a Cristian Ram\u00edrez son del \u00e1mbito privado porque el PP ya ha reconocido al menos 9 en su \u00e9poca como edil de Movilidad\u201d\",\"datePublished\":\"2024-02-07T15:07:04+00:00\",\"dateModified\":\"2026-03-24T08:13:07+00:00\",\"mainEntityOfPage\":{\"@id\":\"https:\/\/agrupacionespsoe.es\/castello\/begona-carrasco-miente-al-decir-que-las-multas-a-cristian-ramirez-son-del-ambito-privado-porque-el-pp-ya-ha-reconocido-al-menos-9-en-su-epoca-como-edil-de-movilidad\/\"},\"wordCount\":798,\"commentCount\":0,\"publisher\":{\"@id\":\"https:\/\/agrupacionespsoe.es\/castello\/#organization\"},\"image\":{\"@id\":\"https:\/\/agrupacionespsoe.es\/castello\/begona-carrasco-miente-al-decir-que-las-multas-a-cristian-ramirez-son-del-ambito-privado-porque-el-pp-ya-ha-reconocido-al-menos-9-en-su-epoca-como-edil-de-movilidad\/#primaryimage\"},\"thumbnailUrl\":\"https:\/\/agrupacionespsoe.es\/castello\/wp-content\/uploads\/sites\/45\/2024\/02\/20240202-Patricia-Puerta-Cristian-Ramirez-sigue-sin-dimitir-pese-a-haber-confirmado-ya-al-menos-62-multas-por-infracciones-de-aparcamiento-en-la-zona-azul-de-Castello.jpeg\",\"keywords\":[\"Multas\",\"Patricia Puerta\"],\"articleSection\":[\"Grupo Municipal Socialista\"],\"inLanguage\":\"es\",\"potentialAction\":[{\"@type\":\"CommentAction\",\"name\":\"Comment\",\"target\":[\"https:\/\/agrupacionespsoe.es\/castello\/begona-carrasco-miente-al-decir-que-las-multas-a-cristian-ramirez-son-del-ambito-privado-porque-el-pp-ya-ha-reconocido-al-menos-9-en-su-epoca-como-edil-de-movilidad\/#respond\"]}]},{\"@type\":\"WebPage\",\"@id\":\"https:\/\/agrupacionespsoe.es\/castello\/begona-carrasco-miente-al-decir-que-las-multas-a-cristian-ramirez-son-del-ambito-privado-porque-el-pp-ya-ha-reconocido-al-menos-9-en-su-epoca-como-edil-de-movilidad\/\",\"url\":\"https:\/\/agrupacionespsoe.es\/castello\/begona-carrasco-miente-al-decir-que-las-multas-a-cristian-ramirez-son-del-ambito-privado-porque-el-pp-ya-ha-reconocido-al-menos-9-en-su-epoca-como-edil-de-movilidad\/\",\"name\":\"\u201cBego\u00f1a Carrasco miente al decir que las multas a Cristian Ram\u00edrez son del \u00e1mbito privado porque el PP ya ha reconocido al menos 9 en su \u00e9poca como edil de Movilidad\u201d - PSPV-PSOE CASTELL\u00d3\",\"isPartOf\":{\"@id\":\"https:\/\/agrupacionespsoe.es\/castello\/#website\"},\"primaryImageOfPage\":{\"@id\":\"https:\/\/agrupacionespsoe.es\/castello\/begona-carrasco-miente-al-decir-que-las-multas-a-cristian-ramirez-son-del-ambito-privado-porque-el-pp-ya-ha-reconocido-al-menos-9-en-su-epoca-como-edil-de-movilidad\/#primaryimage\"},\"image\":{\"@id\":\"https:\/\/agrupacionespsoe.es\/castello\/begona-carrasco-miente-al-decir-que-las-multas-a-cristian-ramirez-son-del-ambito-privado-porque-el-pp-ya-ha-reconocido-al-menos-9-en-su-epoca-como-edil-de-movilidad\/#primaryimage\"},\"thumbnailUrl\":\"https:\/\/agrupacionespsoe.es\/castello\/wp-content\/uploads\/sites\/45\/2024\/02\/20240202-Patricia-Puerta-Cristian-Ramirez-sigue-sin-dimitir-pese-a-haber-confirmado-ya-al-menos-62-multas-por-infracciones-de-aparcamiento-en-la-zona-azul-de-Castello.jpeg\",\"datePublished\":\"2024-02-07T15:07:04+00:00\",\"dateModified\":\"2026-03-24T08:13:07+00:00\",\"breadcrumb\":{\"@id\":\"https:\/\/agrupacionespsoe.es\/castello\/begona-carrasco-miente-al-decir-que-las-multas-a-cristian-ramirez-son-del-ambito-privado-porque-el-pp-ya-ha-reconocido-al-menos-9-en-su-epoca-como-edil-de-movilidad\/#breadcrumb\"},\"inLanguage\":\"es\",\"potentialAction\":[{\"@type\":\"ReadAction\",\"target\":[\"https:\/\/agrupacionespsoe.es\/castello\/begona-carrasco-miente-al-decir-que-las-multas-a-cristian-ramirez-son-del-ambito-privado-porque-el-pp-ya-ha-reconocido-al-menos-9-en-su-epoca-como-edil-de-movilidad\/\"]}]},{\"@type\":\"ImageObject\",\"inLanguage\":\"es\",\"@id\":\"https:\/\/agrupacionespsoe.es\/castello\/begona-carrasco-miente-al-decir-que-las-multas-a-cristian-ramirez-son-del-ambito-privado-porque-el-pp-ya-ha-reconocido-al-menos-9-en-su-epoca-como-edil-de-movilidad\/#primaryimage\",\"url\":\"https:\/\/agrupacionespsoe.es\/castello\/wp-content\/uploads\/sites\/45\/2024\/02\/20240202-Patricia-Puerta-Cristian-Ramirez-sigue-sin-dimitir-pese-a-haber-confirmado-ya-al-menos-62-multas-por-infracciones-de-aparcamiento-en-la-zona-azul-de-Castello.jpeg\",\"contentUrl\":\"https:\/\/agrupacionespsoe.es\/castello\/wp-content\/uploads\/sites\/45\/2024\/02\/20240202-Patricia-Puerta-Cristian-Ramirez-sigue-sin-dimitir-pese-a-haber-confirmado-ya-al-menos-62-multas-por-infracciones-de-aparcamiento-en-la-zona-azul-de-Castello.jpeg\",\"width\":1600,\"height\":1066},{\"@type\":\"BreadcrumbList\",\"@id\":\"https:\/\/agrupacionespsoe.es\/castello\/begona-carrasco-miente-al-decir-que-las-multas-a-cristian-ramirez-son-del-ambito-privado-porque-el-pp-ya-ha-reconocido-al-menos-9-en-su-epoca-como-edil-de-movilidad\/#breadcrumb\",\"itemListElement\":[{\"@type\":\"ListItem\",\"position\":1,\"name\":\"Portada\",\"item\":\"https:\/\/agrupacionespsoe.es\/castello\/\"},{\"@type\":\"ListItem\",\"position\":2,\"name\":\"\u201cBego\u00f1a Carrasco miente al decir que las multas a Cristian Ram\u00edrez son del \u00e1mbito privado porque el PP ya ha reconocido al menos 9 en su \u00e9poca como edil de Movilidad\u201d\"}]},{\"@type\":\"WebSite\",\"@id\":\"https:\/\/agrupacionespsoe.es\/castello\/#website\",\"url\":\"https:\/\/agrupacionespsoe.es\/castello\/\",\"name\":\"PSPV-PSOE CASTELL\u00d3\",\"description\":\"PSPV-PSOE | Agrupaci\u00f3 de Castell\u00f3\",\"publisher\":{\"@id\":\"https:\/\/agrupacionespsoe.es\/castello\/#organization\"},\"potentialAction\":[{\"@type\":\"SearchAction\",\"target\":{\"@type\":\"EntryPoint\",\"urlTemplate\":\"https:\/\/agrupacionespsoe.es\/castello\/?s={search_term_string}\"},\"query-input\":{\"@type\":\"PropertyValueSpecification\",\"valueRequired\":true,\"valueName\":\"search_term_string\"}}],\"inLanguage\":\"es\"},{\"@type\":\"Organization\",\"@id\":\"https:\/\/agrupacionespsoe.es\/castello\/#organization\",\"name\":\"PSPV-PSOE Castell\u00f3\",\"url\":\"https:\/\/agrupacionespsoe.es\/castello\/\",\"logo\":{\"@type\":\"ImageObject\",\"inLanguage\":\"es\",\"@id\":\"https:\/\/agrupacionespsoe.es\/castello\/#\/schema\/logo\/image\/\",\"url\":\"https:\/\/agrupacionespsoe.es\/castello\/wp-content\/uploads\/sites\/45\/2023\/04\/PORTADA-PSOE-CASTELLO.jpg\",\"contentUrl\":\"https:\/\/agrupacionespsoe.es\/castello\/wp-content\/uploads\/sites\/45\/2023\/04\/PORTADA-PSOE-CASTELLO.jpg\",\"width\":2500,\"height\":2500,\"caption\":\"PSPV-PSOE Castell\u00f3\"},\"image\":{\"@id\":\"https:\/\/agrupacionespsoe.es\/castello\/#\/schema\/logo\/image\/\"},\"sameAs\":[\"https:\/\/www.facebook.com\/pspv.castellodelaplana\",\"https:\/\/x.com\/pspv_cs\",\"https:\/\/www.instagram.com\/pspvpsoecastello\/\"]},{\"@type\":\"Person\",\"@id\":\"https:\/\/agrupacionespsoe.es\/castello\/#\/schema\/person\/f3bc5b2f9dc6a399e9e98596ae24a20a\",\"name\":\"castello1\",\"image\":{\"@type\":\"ImageObject\",\"inLanguage\":\"es\",\"@id\":\"https:\/\/agrupacionespsoe.es\/castello\/#\/schema\/person\/image\/\",\"url\":\"https:\/\/secure.gravatar.com\/avatar\/5f1da428d6479d1127419c0b58796865?s=96&d=mm&r=g\",\"contentUrl\":\"https:\/\/secure.gravatar.com\/avatar\/5f1da428d6479d1127419c0b58796865?s=96&d=mm&r=g\",\"caption\":\"castello1\"},\"url\":\"https:\/\/agrupacionespsoe.es\/castello\/author\/castello1\/\"}]}<\/script>\n<!-- \/ Yoast SEO plugin. -->","yoast_head_json":{"title":"\u201cBego\u00f1a Carrasco miente al decir que las multas a Cristian Ram\u00edrez son del \u00e1mbito privado porque el PP ya ha reconocido al menos 9 en su \u00e9poca como edil de Movilidad\u201d - PSPV-PSOE CASTELL\u00d3","robots":{"index":"index","follow":"follow","max-snippet":"max-snippet:-1","max-image-preview":"max-image-preview:large","max-video-preview":"max-video-preview:-1"},"canonical":"https:\/\/agrupacionespsoe.es\/castello\/begona-carrasco-miente-al-decir-que-las-multas-a-cristian-ramirez-son-del-ambito-privado-porque-el-pp-ya-ha-reconocido-al-menos-9-en-su-epoca-como-edil-de-movilidad\/","og_locale":"es_ES","og_type":"article","og_title":"\u201cBego\u00f1a Carrasco miente al decir que las multas a Cristian Ram\u00edrez son del \u00e1mbito privado porque el PP ya ha reconocido al menos 9 en su \u00e9poca como edil de Movilidad\u201d - PSPV-PSOE CASTELL\u00d3","og_description":"El Grupo Municipal Socialista denuncia la \u201cactitud protectora de la alcaldesa, que aunque diga lo contrario justifica la inaceptable conducta del edil, convirti\u00e9ndose en c\u00f3mplice de la burla que supone para los y las castellonenses que Ram\u00edrez siga en su cargo\u201d La portavoz del Grupo Municipal Socialista en el Ayuntamiento de Castell\u00f3, Patricia Puerta, ha ...","og_url":"https:\/\/agrupacionespsoe.es\/castello\/begona-carrasco-miente-al-decir-que-las-multas-a-cristian-ramirez-son-del-ambito-privado-porque-el-pp-ya-ha-reconocido-al-menos-9-en-su-epoca-como-edil-de-movilidad\/","og_site_name":"PSPV-PSOE CASTELL\u00d3","article_publisher":"https:\/\/www.facebook.com\/pspv.castellodelaplana","article_published_time":"2024-02-07T15:07:04+00:00","article_modified_time":"2026-03-24T08:13:07+00:00","og_image":[{"width":1600,"height":1066,"url":"https:\/\/agrupacionespsoe.es\/castello\/wp-content\/uploads\/sites\/45\/2024\/02\/20240202-Patricia-Puerta-Cristian-Ramirez-sigue-sin-dimitir-pese-a-haber-confirmado-ya-al-menos-62-multas-por-infracciones-de-aparcamiento-en-la-zona-azul-de-Castello.jpeg","type":"image\/jpeg"}],"author":"castello1","twitter_card":"summary_large_image","twitter_creator":"@pspv_cs","twitter_site":"@pspv_cs","twitter_misc":{"Escrito por":"castello1","Tiempo de lectura":"4 minutos"},"schema":{"@context":"https:\/\/schema.org","@graph":[{"@type":"Article","@id":"https:\/\/agrupacionespsoe.es\/castello\/begona-carrasco-miente-al-decir-que-las-multas-a-cristian-ramirez-son-del-ambito-privado-porque-el-pp-ya-ha-reconocido-al-menos-9-en-su-epoca-como-edil-de-movilidad\/#article","isPartOf":{"@id":"https:\/\/agrupacionespsoe.es\/castello\/begona-carrasco-miente-al-decir-que-las-multas-a-cristian-ramirez-son-del-ambito-privado-porque-el-pp-ya-ha-reconocido-al-menos-9-en-su-epoca-como-edil-de-movilidad\/"},"author":{"name":"castello1","@id":"https:\/\/agrupacionespsoe.es\/castello\/#\/schema\/person\/f3bc5b2f9dc6a399e9e98596ae24a20a"},"headline":"\u201cBego\u00f1a Carrasco miente al decir que las multas a Cristian Ram\u00edrez son del \u00e1mbito privado porque el PP ya ha reconocido al menos 9 en su \u00e9poca como edil de Movilidad\u201d","datePublished":"2024-02-07T15:07:04+00:00","dateModified":"2026-03-24T08:13:07+00:00","mainEntityOfPage":{"@id":"https:\/\/agrupacionespsoe.es\/castello\/begona-carrasco-miente-al-decir-que-las-multas-a-cristian-ramirez-son-del-ambito-privado-porque-el-pp-ya-ha-reconocido-al-menos-9-en-su-epoca-como-edil-de-movilidad\/"},"wordCount":798,"commentCount":0,"publisher":{"@id":"https:\/\/agrupacionespsoe.es\/castello\/#organization"},"image":{"@id":"https:\/\/agrupacionespsoe.es\/castello\/begona-carrasco-miente-al-decir-que-las-multas-a-cristian-ramirez-son-del-ambito-privado-porque-el-pp-ya-ha-reconocido-al-menos-9-en-su-epoca-como-edil-de-movilidad\/#primaryimage"},"thumbnailUrl":"https:\/\/agrupacionespsoe.es\/castello\/wp-content\/uploads\/sites\/45\/2024\/02\/20240202-Patricia-Puerta-Cristian-Ramirez-sigue-sin-dimitir-pese-a-haber-confirmado-ya-al-menos-62-multas-por-infracciones-de-aparcamiento-en-la-zona-azul-de-Castello.jpeg","keywords":["Multas","Patricia Puerta"],"articleSection":["Grupo Municipal Socialista"],"inLanguage":"es","potentialAction":[{"@type":"CommentAction","name":"Comment","target":["https:\/\/agrupacionespsoe.es\/castello\/begona-carrasco-miente-al-decir-que-las-multas-a-cristian-ramirez-son-del-ambito-privado-porque-el-pp-ya-ha-reconocido-al-menos-9-en-su-epoca-como-edil-de-movilidad\/#respond"]}]},{"@type":"WebPage","@id":"https:\/\/agrupacionespsoe.es\/castello\/begona-carrasco-miente-al-decir-que-las-multas-a-cristian-ramirez-son-del-ambito-privado-porque-el-pp-ya-ha-reconocido-al-menos-9-en-su-epoca-como-edil-de-movilidad\/","url":"https:\/\/agrupacionespsoe.es\/castello\/begona-carrasco-miente-al-decir-que-las-multas-a-cristian-ramirez-son-del-ambito-privado-porque-el-pp-ya-ha-reconocido-al-menos-9-en-su-epoca-como-edil-de-movilidad\/","name":"\u201cBego\u00f1a Carrasco miente al decir que las multas a Cristian Ram\u00edrez son del \u00e1mbito privado porque el PP ya ha reconocido al menos 9 en su \u00e9poca como edil de Movilidad\u201d - PSPV-PSOE CASTELL\u00d3","isPartOf":{"@id":"https:\/\/agrupacionespsoe.es\/castello\/#website"},"primaryImageOfPage":{"@id":"https:\/\/agrupacionespsoe.es\/castello\/begona-carrasco-miente-al-decir-que-las-multas-a-cristian-ramirez-son-del-ambito-privado-porque-el-pp-ya-ha-reconocido-al-menos-9-en-su-epoca-como-edil-de-movilidad\/#primaryimage"},"image":{"@id":"https:\/\/agrupacionespsoe.es\/castello\/begona-carrasco-miente-al-decir-que-las-multas-a-cristian-ramirez-son-del-ambito-privado-porque-el-pp-ya-ha-reconocido-al-menos-9-en-su-epoca-como-edil-de-movilidad\/#primaryimage"},"thumbnailUrl":"https:\/\/agrupacionespsoe.es\/castello\/wp-content\/uploads\/sites\/45\/2024\/02\/20240202-Patricia-Puerta-Cristian-Ramirez-sigue-sin-dimitir-pese-a-haber-confirmado-ya-al-menos-62-multas-por-infracciones-de-aparcamiento-en-la-zona-azul-de-Castello.jpeg","datePublished":"2024-02-07T15:07:04+00:00","dateModified":"2026-03-24T08:13:07+00:00","breadcrumb":{"@id":"https:\/\/agrupacionespsoe.es\/castello\/begona-carrasco-miente-al-decir-que-las-multas-a-cristian-ramirez-son-del-ambito-privado-porque-el-pp-ya-ha-reconocido-al-menos-9-en-su-epoca-como-edil-de-movilidad\/#breadcrumb"},"inLanguage":"es","potentialAction":[{"@type":"ReadAction","target":["https:\/\/agrupacionespsoe.es\/castello\/begona-carrasco-miente-al-decir-que-las-multas-a-cristian-ramirez-son-del-ambito-privado-porque-el-pp-ya-ha-reconocido-al-menos-9-en-su-epoca-como-edil-de-movilidad\/"]}]},{"@type":"ImageObject","inLanguage":"es","@id":"https:\/\/agrupacionespsoe.es\/castello\/begona-carrasco-miente-al-decir-que-las-multas-a-cristian-ramirez-son-del-ambito-privado-porque-el-pp-ya-ha-reconocido-al-menos-9-en-su-epoca-como-edil-de-movilidad\/#primaryimage","url":"https:\/\/agrupacionespsoe.es\/castello\/wp-content\/uploads\/sites\/45\/2024\/02\/20240202-Patricia-Puerta-Cristian-Ramirez-sigue-sin-dimitir-pese-a-haber-confirmado-ya-al-menos-62-multas-por-infracciones-de-aparcamiento-en-la-zona-azul-de-Castello.jpeg","contentUrl":"https:\/\/agrupacionespsoe.es\/castello\/wp-content\/uploads\/sites\/45\/2024\/02\/20240202-Patricia-Puerta-Cristian-Ramirez-sigue-sin-dimitir-pese-a-haber-confirmado-ya-al-menos-62-multas-por-infracciones-de-aparcamiento-en-la-zona-azul-de-Castello.jpeg","width":1600,"height":1066},{"@type":"BreadcrumbList","@id":"https:\/\/agrupacionespsoe.es\/castello\/begona-carrasco-miente-al-decir-que-las-multas-a-cristian-ramirez-son-del-ambito-privado-porque-el-pp-ya-ha-reconocido-al-menos-9-en-su-epoca-como-edil-de-movilidad\/#breadcrumb","itemListElement":[{"@type":"ListItem","position":1,"name":"Portada","item":"https:\/\/agrupacionespsoe.es\/castello\/"},{"@type":"ListItem","position":2,"name":"\u201cBego\u00f1a Carrasco miente al decir que las multas a Cristian Ram\u00edrez son del \u00e1mbito privado porque el PP ya ha reconocido al menos 9 en su \u00e9poca como edil de Movilidad\u201d"}]},{"@type":"WebSite","@id":"https:\/\/agrupacionespsoe.es\/castello\/#website","url":"https:\/\/agrupacionespsoe.es\/castello\/","name":"PSPV-PSOE CASTELL\u00d3","description":"PSPV-PSOE | Agrupaci\u00f3 de Castell\u00f3","publisher":{"@id":"https:\/\/agrupacionespsoe.es\/castello\/#organization"},"potentialAction":[{"@type":"SearchAction","target":{"@type":"EntryPoint","urlTemplate":"https:\/\/agrupacionespsoe.es\/castello\/?s={search_term_string}"},"query-input":{"@type":"PropertyValueSpecification","valueRequired":true,"valueName":"search_term_string"}}],"inLanguage":"es"},{"@type":"Organization","@id":"https:\/\/agrupacionespsoe.es\/castello\/#organization","name":"PSPV-PSOE Castell\u00f3","url":"https:\/\/agrupacionespsoe.es\/castello\/","logo":{"@type":"ImageObject","inLanguage":"es","@id":"https:\/\/agrupacionespsoe.es\/castello\/#\/schema\/logo\/image\/","url":"https:\/\/agrupacionespsoe.es\/castello\/wp-content\/uploads\/sites\/45\/2023\/04\/PORTADA-PSOE-CASTELLO.jpg","contentUrl":"https:\/\/agrupacionespsoe.es\/castello\/wp-content\/uploads\/sites\/45\/2023\/04\/PORTADA-PSOE-CASTELLO.jpg","width":2500,"height":2500,"caption":"PSPV-PSOE Castell\u00f3"},"image":{"@id":"https:\/\/agrupacionespsoe.es\/castello\/#\/schema\/logo\/image\/"},"sameAs":["https:\/\/www.facebook.com\/pspv.castellodelaplana","https:\/\/x.com\/pspv_cs","https:\/\/www.instagram.com\/pspvpsoecastello\/"]},{"@type":"Person","@id":"https:\/\/agrupacionespsoe.es\/castello\/#\/schema\/person\/f3bc5b2f9dc6a399e9e98596ae24a20a","name":"castello1","image":{"@type":"ImageObject","inLanguage":"es","@id":"https:\/\/agrupacionespsoe.es\/castello\/#\/schema\/person\/image\/","url":"https:\/\/secure.gravatar.com\/avatar\/5f1da428d6479d1127419c0b58796865?s=96&d=mm&r=g","contentUrl":"https:\/\/secure.gravatar.com\/avatar\/5f1da428d6479d1127419c0b58796865?s=96&d=mm&r=g","caption":"castello1"},"url":"https:\/\/agrupacionespsoe.es\/castello\/author\/castello1\/"}]}},"jetpack_publicize_connections":[],"jetpack_featured_media_url":"https:\/\/agrupacionespsoe.es\/castello\/wp-content\/uploads\/sites\/45\/2024\/02\/20240202-Patricia-Puerta-Cristian-Ramirez-sigue-sin-dimitir-pese-a-haber-confirmado-ya-al-menos-62-multas-por-infracciones-de-aparcamiento-en-la-zona-azul-de-Castello.jpeg","jetpack_sharing_enabled":true,"_links":{"self":[{"href":"https:\/\/agrupacionespsoe.es\/castello\/wp-json\/wp\/v2\/posts\/3886","targetHints":{"allow":["GET"]}}],"collection":[{"href":"https:\/\/agrupacionespsoe.es\/castello\/wp-json\/wp\/v2\/posts"}],"about":[{"href":"https:\/\/agrupacionespsoe.es\/castello\/wp-json\/wp\/v2\/types\/post"}],"author":[{"embeddable":true,"href":"https:\/\/agrupacionespsoe.es\/castello\/wp-json\/wp\/v2\/users\/48"}],"replies":[{"embeddable":true,"href":"https:\/\/agrupacionespsoe.es\/castello\/wp-json\/wp\/v2\/comments?post=3886"}],"version-history":[{"count":4,"href":"https:\/\/agrupacionespsoe.es\/castello\/wp-json\/wp\/v2\/posts\/3886\/revisions"}],"predecessor-version":[{"id":3937,"href":"https:\/\/agrupacionespsoe.es\/castello\/wp-json\/wp\/v2\/posts\/3886\/revisions\/3937"}],"wp:featuredmedia":[{"embeddable":true,"href":"https:\/\/agrupacionespsoe.es\/castello\/wp-json\/wp\/v2\/media\/3846"}],"wp:attachment":[{"href":"https:\/\/agrupacionespsoe.es\/castello\/wp-json\/wp\/v2\/media?parent=3886"}],"wp:term":[{"taxonomy":"category","embeddable":true,"href":"https:\/\/agrupacionespsoe.es\/castello\/wp-json\/wp\/v2\/categories?post=3886"},{"taxonomy":"post_tag","embeddable":true,"href":"https:\/\/agrupacionespsoe.es\/castello\/wp-json\/wp\/v2\/tags?post=3886"}],"curies":[{"name":"wp","href":"https:\/\/api.w.org\/{rel}","templated":true}]}}