{"id":3797,"date":"2024-01-30T13:14:00","date_gmt":"2024-01-30T12:14:00","guid":{"rendered":"https:\/\/agrupacionespsoe.es\/castello\/?p=3797"},"modified":"2024-06-19T11:17:59","modified_gmt":"2024-06-19T09:17:59","slug":"el-pspv-qualifica-de-servil-a-begona-carrasco-en-vetar-una-declaracio-institucional-per-a-instar-a-mazon-a-garantir-mes-personal-i-assistencia-de-qualitat-a-lhospital-provincial","status":"publish","type":"post","link":"https:\/\/agrupacionespsoe.es\/castello\/va\/el-pspv-qualifica-de-servil-a-begona-carrasco-en-vetar-una-declaracio-institucional-per-a-instar-a-mazon-a-garantir-mes-personal-i-assistencia-de-qualitat-a-lhospital-provincial\/","title":{"rendered":"El PSPV qualifica de \u201cservil\u201d a Bego\u00f1a Carrasco en vetar una Declaraci\u00f3 Institucional per a instar a Maz\u00f3n a garantir m\u00e9s personal i assist\u00e8ncia de qualitat a l&#8217;Hospital Provincial"},"content":{"rendered":"\n<h6 class=\"wp-block-heading\"><strong><em>El text impulsat pel Grup Municipal Socialista, bloquejat per PP i Vox en la Junta de Portaveus, contemplava exigir a la Generalitat que \u201cdone tots els passos necessaris per a millorar la plantilla i cobrir les baixes en les diferents \u00e0rees sanit\u00e0ries del centre, especialment de l&#8217;\u00e0rea d&#8217;oncologia<\/em><\/strong><\/h6>\n\n\n\n<h6 class=\"wp-block-heading\"><strong><em>La portaveu socialista, Patricia Puerta, lamenta que \u201ca la primera oportunitat la alcaldessa, que tant ha exigit des de l&#8217;oposici\u00f3 al Consell de Ximo Puig en q\u00fcestions sanit\u00e0ries, es plegue davant el seu cap Maz\u00f3n i deixe de costat als i les castellonenques<\/em><\/strong><\/h6>\n\n\n\n<p>L&#8217;alcaldessa de Castell\u00f3. Bego\u00f1a Carrasco, \u201cha mostrat el servil que \u00e9s al seu president Carlos Maz\u00f3n en vetar una proposta del PSPV que li exigia una urgent soluci\u00f3 a la falta de personal del Consorci Hospitalari Provincial de Castell\u00f3\u201d. Aix\u00ed ho considera la portaveu del Grup Municipal Socialista, Patricia Puerta, despr\u00e9s del veto del PP i Vox a la Declaraci\u00f3 Institucional plantejada pel PSPV, \u201cque l&#8217;\u00fanica cosa que recollia era exigir a la Generalitat que done tots els passos necessaris per a millorar la plantilla i cobrir les baixes en les diferents \u00e0rees sanit\u00e0ries del centre, especialment de l&#8217;\u00e0rea d&#8217;oncologia, amb l&#8217;objectiu de garantir una assist\u00e8ncia sanit\u00e0ria de qualitat\u201d.<\/p>\n\n\n\n<p>Aquest vot en contra en la Junta de Portaveus per part de la dreta i la ultradreta impedir\u00e0, com destaca Patricia Puerta, \u201cque l&#8217;ajuntament vote una declaraci\u00f3 institucional que nom\u00e9s demana millor assist\u00e8ncia sanit\u00e0ria als ve\u00efns de la capital i de la prov\u00edncia\u201d. Aix\u00f2 s\u00ed, com a contrapartida \u201cens permet veure el vertader rostre de Bego\u00f1a Carrasco, que a la primera oportunitat s&#8217;ha plegat davant el seu cap Maz\u00f3n i ha deixat de costat als i les castellonenques\u201d.<\/p>\n\n\n\n<p>Segons la portaveu socialista, \u201cja tenim clar que comptem amb una alcaldessa incapa\u00e7 de reivindicar res davant la Generalitat, com hem vist en els lamentables pressupostos auton\u00f2mics previstos per a Castell\u00f3 en 2024 amb el silenci c\u00f2mplice de Carrasco\u201d.<\/p>\n\n\n\n<p>Eixe veto a la Declaraci\u00f3 Institucional proposta pel PSPV \u201c\u00e9s m\u00e9s incompressible si cap davant les \u00faltimes dades fetes p\u00fablics per la Conselleria de Sanitat, on es recull que l&#8217;Hospital Provincial de Castell\u00f3, situat en la capital de la Plana, \u00e9s el centre sanitari amb major llista d&#8217;espera de tota la Comunitat Valenciana, amb 143 dies, fregant per aix\u00f2 els cinc mesos\u201d.<\/p>\n\n\n\n<p>A m\u00e9s, l&#8217;Hospital Provincial de Castell\u00f3 est\u00e0 derivant en l&#8217;actualitat pacients oncol\u00f2gics a Val\u00e8ncia per falta de metges en Medicina Nuclear. \u00abEstem parlant d&#8217;un centre de refer\u00e8ncia en oncologia i l&#8217;\u00fanic de la xarxa sanit\u00e0ria provincial que compta amb Medicina Nuclear, realitzant prop de 200 exploracions amb PET TAC al mes\u00bb, tal com destaca la portaveu del Grup Municipal Socialista, Patricia Puerta.<br><br>Aquest d\u00e8ficit de personal provoca que pacients tant de l&#8217;\u00e0rea de Salut de Castell\u00f3 com de La Plana o Vinar\u00f2s hagen de traslladar-se a l&#8217;Hospital 9 d&#8217;Octubre de Val\u00e8ncia per a ser atesos, apunta la regidora socialista, qui assenyala que, \u00abigual que des de l&#8217;oposici\u00f3 estava el PP reclamant sempre millores per a les instal\u00b7lacions sanit\u00e0ries de la capital i la prov\u00edncia, \u00abpens\u00e0vem que no tindria problema a donar suport a la nostra proposta, encara que ja hem vist la nul\u00b7la capacitat de Carrasco per reclamar res davant la Generalitat\u00bb.<\/p>\n","protected":false},"excerpt":{"rendered":"<p>El text impulsat pel Grup Municipal Socialista, bloquejat per PP i Vox en la Junta de Portaveus, contemplava exigir a la Generalitat que \u201cdone tots els passos necessaris per a millorar la plantilla i cobrir les baixes en les diferents \u00e0rees sanit\u00e0ries del centre, especialment de l&#8217;\u00e0rea d&#8217;oncologia La portaveu socialista, Patricia Puerta, lamenta que &#8230;<\/p>\n","protected":false},"author":48,"featured_media":3794,"comment_status":"open","ping_status":"open","sticky":false,"template":"","format":"standard","meta":{"_jetpack_memberships_contains_paid_content":false,"footnotes":"","jetpack_publicize_message":"","jetpack_publicize_feature_enabled":true,"jetpack_social_post_already_shared":false,"jetpack_social_options":{"image_generator_settings":{"template":"highway","default_image_id":0,"font":"","enabled":false},"version":2}},"categories":[22],"tags":[97,105,93,87,113,101,109,83,117],"class_list":["post-3797","post","type-post","status-publish","format-standard","has-post-thumbnail","hentry","category-gms-va","tag-anun-lainez-va","tag-joaquin-giner-va","tag-jorge-ribes-va","tag-jose-luis-lopez-va","tag-jose-segura-va","tag-mary-carmen-ribera-va","tag-monica-barabas-va","tag-patricia-puerta-va","tag-pilar-escuder-va"],"yoast_head":"<!-- This site is optimized with the Yoast SEO plugin v24.0 - https:\/\/yoast.com\/wordpress\/plugins\/seo\/ -->\n<title>El PSPV qualifica de \u201cservil\u201d a Bego\u00f1a Carrasco en vetar una Declaraci\u00f3 Institucional per a instar a Maz\u00f3n a garantir m\u00e9s personal i assist\u00e8ncia de qualitat a l&#039;Hospital Provincial - PSPV-PSOE CASTELL\u00d3<\/title>\n<meta name=\"robots\" content=\"index, follow, max-snippet:-1, max-image-preview:large, max-video-preview:-1\" \/>\n<link rel=\"canonical\" href=\"https:\/\/agrupacionespsoe.es\/castello\/va\/el-pspv-qualifica-de-servil-a-begona-carrasco-en-vetar-una-declaracio-institucional-per-a-instar-a-mazon-a-garantir-mes-personal-i-assistencia-de-qualitat-a-lhospital-provincial\/\" \/>\n<meta property=\"og:locale\" content=\"es_ES\" \/>\n<meta property=\"og:type\" content=\"article\" \/>\n<meta property=\"og:title\" content=\"El PSPV qualifica de \u201cservil\u201d a Bego\u00f1a Carrasco en vetar una Declaraci\u00f3 Institucional per a instar a Maz\u00f3n a garantir m\u00e9s personal i assist\u00e8ncia de qualitat a l&#039;Hospital Provincial - PSPV-PSOE CASTELL\u00d3\" \/>\n<meta property=\"og:description\" content=\"El text impulsat pel Grup Municipal Socialista, bloquejat per PP i Vox en la Junta de Portaveus, contemplava exigir a la Generalitat que \u201cdone tots els passos necessaris per a millorar la plantilla i cobrir les baixes en les diferents \u00e0rees sanit\u00e0ries del centre, especialment de l&#8217;\u00e0rea d&#8217;oncologia La portaveu socialista, Patricia Puerta, lamenta que ...\" \/>\n<meta property=\"og:url\" content=\"https:\/\/agrupacionespsoe.es\/castello\/va\/el-pspv-qualifica-de-servil-a-begona-carrasco-en-vetar-una-declaracio-institucional-per-a-instar-a-mazon-a-garantir-mes-personal-i-assistencia-de-qualitat-a-lhospital-provincial\/\" \/>\n<meta property=\"og:site_name\" content=\"PSPV-PSOE CASTELL\u00d3\" \/>\n<meta property=\"article:publisher\" content=\"https:\/\/www.facebook.com\/pspv.castellodelaplana\" \/>\n<meta property=\"article:published_time\" content=\"2024-01-30T12:14:00+00:00\" \/>\n<meta property=\"article:modified_time\" content=\"2024-06-19T09:17:59+00:00\" \/>\n<meta property=\"og:image\" content=\"https:\/\/agrupacionespsoe.es\/castello\/wp-content\/uploads\/sites\/45\/2024\/01\/20240130-El-PSPV-califica-de-servil-a-Begona-Carrasco-al-vetar-una-Declaracion-Institucional-para-instar-a-Mazon.jpeg\" \/>\n\t<meta property=\"og:image:width\" content=\"1600\" \/>\n\t<meta property=\"og:image:height\" content=\"1066\" \/>\n\t<meta property=\"og:image:type\" content=\"image\/jpeg\" \/>\n<meta name=\"author\" content=\"castello1\" \/>\n<meta name=\"twitter:card\" content=\"summary_large_image\" \/>\n<meta name=\"twitter:creator\" content=\"@pspv_cs\" \/>\n<meta name=\"twitter:site\" content=\"@pspv_cs\" \/>\n<meta name=\"twitter:label1\" content=\"Escrito por\" \/>\n\t<meta name=\"twitter:data1\" content=\"castello1\" \/>\n\t<meta name=\"twitter:label2\" content=\"Tiempo de lectura\" \/>\n\t<meta name=\"twitter:data2\" content=\"3 minutos\" \/>\n<script type=\"application\/ld+json\" class=\"yoast-schema-graph\">{\"@context\":\"https:\/\/schema.org\",\"@graph\":[{\"@type\":\"Article\",\"@id\":\"https:\/\/agrupacionespsoe.es\/castello\/va\/el-pspv-qualifica-de-servil-a-begona-carrasco-en-vetar-una-declaracio-institucional-per-a-instar-a-mazon-a-garantir-mes-personal-i-assistencia-de-qualitat-a-lhospital-provincial\/#article\",\"isPartOf\":{\"@id\":\"https:\/\/agrupacionespsoe.es\/castello\/va\/el-pspv-qualifica-de-servil-a-begona-carrasco-en-vetar-una-declaracio-institucional-per-a-instar-a-mazon-a-garantir-mes-personal-i-assistencia-de-qualitat-a-lhospital-provincial\/\"},\"author\":{\"name\":\"castello1\",\"@id\":\"https:\/\/agrupacionespsoe.es\/castello\/#\/schema\/person\/f3bc5b2f9dc6a399e9e98596ae24a20a\"},\"headline\":\"El PSPV qualifica de \u201cservil\u201d a Bego\u00f1a Carrasco en vetar una Declaraci\u00f3 Institucional per a instar a Maz\u00f3n a garantir m\u00e9s personal i assist\u00e8ncia de qualitat a l&#8217;Hospital Provincial\",\"datePublished\":\"2024-01-30T12:14:00+00:00\",\"dateModified\":\"2024-06-19T09:17:59+00:00\",\"mainEntityOfPage\":{\"@id\":\"https:\/\/agrupacionespsoe.es\/castello\/va\/el-pspv-qualifica-de-servil-a-begona-carrasco-en-vetar-una-declaracio-institucional-per-a-instar-a-mazon-a-garantir-mes-personal-i-assistencia-de-qualitat-a-lhospital-provincial\/\"},\"wordCount\":599,\"commentCount\":0,\"publisher\":{\"@id\":\"https:\/\/agrupacionespsoe.es\/castello\/#organization\"},\"image\":{\"@id\":\"https:\/\/agrupacionespsoe.es\/castello\/va\/el-pspv-qualifica-de-servil-a-begona-carrasco-en-vetar-una-declaracio-institucional-per-a-instar-a-mazon-a-garantir-mes-personal-i-assistencia-de-qualitat-a-lhospital-provincial\/#primaryimage\"},\"thumbnailUrl\":\"https:\/\/agrupacionespsoe.es\/castello\/wp-content\/uploads\/sites\/45\/2024\/01\/20240130-El-PSPV-califica-de-servil-a-Begona-Carrasco-al-vetar-una-Declaracion-Institucional-para-instar-a-Mazon.jpeg\",\"keywords\":[\"Anun L\u00e1inez\",\"Joaqu\u00edn Giner\",\"Jorge Ribes\",\"Jos\u00e9 Luis L\u00f3pez\",\"Jos\u00e9 Segura\",\"Mary Carmen Ribera\",\"M\u00f3nica Barab\u00e1s\",\"Patricia Puerta\",\"Pilar Escuder\"],\"articleSection\":[\"Grup Municipal Socialista\"],\"inLanguage\":\"es\",\"potentialAction\":[{\"@type\":\"CommentAction\",\"name\":\"Comment\",\"target\":[\"https:\/\/agrupacionespsoe.es\/castello\/va\/el-pspv-qualifica-de-servil-a-begona-carrasco-en-vetar-una-declaracio-institucional-per-a-instar-a-mazon-a-garantir-mes-personal-i-assistencia-de-qualitat-a-lhospital-provincial\/#respond\"]}]},{\"@type\":\"WebPage\",\"@id\":\"https:\/\/agrupacionespsoe.es\/castello\/va\/el-pspv-qualifica-de-servil-a-begona-carrasco-en-vetar-una-declaracio-institucional-per-a-instar-a-mazon-a-garantir-mes-personal-i-assistencia-de-qualitat-a-lhospital-provincial\/\",\"url\":\"https:\/\/agrupacionespsoe.es\/castello\/va\/el-pspv-qualifica-de-servil-a-begona-carrasco-en-vetar-una-declaracio-institucional-per-a-instar-a-mazon-a-garantir-mes-personal-i-assistencia-de-qualitat-a-lhospital-provincial\/\",\"name\":\"El PSPV qualifica de \u201cservil\u201d a Bego\u00f1a Carrasco en vetar una Declaraci\u00f3 Institucional per a instar a Maz\u00f3n a garantir m\u00e9s personal i assist\u00e8ncia de qualitat a l'Hospital Provincial - PSPV-PSOE CASTELL\u00d3\",\"isPartOf\":{\"@id\":\"https:\/\/agrupacionespsoe.es\/castello\/#website\"},\"primaryImageOfPage\":{\"@id\":\"https:\/\/agrupacionespsoe.es\/castello\/va\/el-pspv-qualifica-de-servil-a-begona-carrasco-en-vetar-una-declaracio-institucional-per-a-instar-a-mazon-a-garantir-mes-personal-i-assistencia-de-qualitat-a-lhospital-provincial\/#primaryimage\"},\"image\":{\"@id\":\"https:\/\/agrupacionespsoe.es\/castello\/va\/el-pspv-qualifica-de-servil-a-begona-carrasco-en-vetar-una-declaracio-institucional-per-a-instar-a-mazon-a-garantir-mes-personal-i-assistencia-de-qualitat-a-lhospital-provincial\/#primaryimage\"},\"thumbnailUrl\":\"https:\/\/agrupacionespsoe.es\/castello\/wp-content\/uploads\/sites\/45\/2024\/01\/20240130-El-PSPV-califica-de-servil-a-Begona-Carrasco-al-vetar-una-Declaracion-Institucional-para-instar-a-Mazon.jpeg\",\"datePublished\":\"2024-01-30T12:14:00+00:00\",\"dateModified\":\"2024-06-19T09:17:59+00:00\",\"breadcrumb\":{\"@id\":\"https:\/\/agrupacionespsoe.es\/castello\/va\/el-pspv-qualifica-de-servil-a-begona-carrasco-en-vetar-una-declaracio-institucional-per-a-instar-a-mazon-a-garantir-mes-personal-i-assistencia-de-qualitat-a-lhospital-provincial\/#breadcrumb\"},\"inLanguage\":\"es\",\"potentialAction\":[{\"@type\":\"ReadAction\",\"target\":[\"https:\/\/agrupacionespsoe.es\/castello\/va\/el-pspv-qualifica-de-servil-a-begona-carrasco-en-vetar-una-declaracio-institucional-per-a-instar-a-mazon-a-garantir-mes-personal-i-assistencia-de-qualitat-a-lhospital-provincial\/\"]}]},{\"@type\":\"ImageObject\",\"inLanguage\":\"es\",\"@id\":\"https:\/\/agrupacionespsoe.es\/castello\/va\/el-pspv-qualifica-de-servil-a-begona-carrasco-en-vetar-una-declaracio-institucional-per-a-instar-a-mazon-a-garantir-mes-personal-i-assistencia-de-qualitat-a-lhospital-provincial\/#primaryimage\",\"url\":\"https:\/\/agrupacionespsoe.es\/castello\/wp-content\/uploads\/sites\/45\/2024\/01\/20240130-El-PSPV-califica-de-servil-a-Begona-Carrasco-al-vetar-una-Declaracion-Institucional-para-instar-a-Mazon.jpeg\",\"contentUrl\":\"https:\/\/agrupacionespsoe.es\/castello\/wp-content\/uploads\/sites\/45\/2024\/01\/20240130-El-PSPV-califica-de-servil-a-Begona-Carrasco-al-vetar-una-Declaracion-Institucional-para-instar-a-Mazon.jpeg\",\"width\":1600,\"height\":1066},{\"@type\":\"BreadcrumbList\",\"@id\":\"https:\/\/agrupacionespsoe.es\/castello\/va\/el-pspv-qualifica-de-servil-a-begona-carrasco-en-vetar-una-declaracio-institucional-per-a-instar-a-mazon-a-garantir-mes-personal-i-assistencia-de-qualitat-a-lhospital-provincial\/#breadcrumb\",\"itemListElement\":[{\"@type\":\"ListItem\",\"position\":1,\"name\":\"Portada\",\"item\":\"https:\/\/agrupacionespsoe.es\/castello\/\"},{\"@type\":\"ListItem\",\"position\":2,\"name\":\"El PSPV qualifica de \u201cservil\u201d a Bego\u00f1a Carrasco en vetar una Declaraci\u00f3 Institucional per a instar a Maz\u00f3n a garantir m\u00e9s personal i assist\u00e8ncia de qualitat a l&#8217;Hospital Provincial\"}]},{\"@type\":\"WebSite\",\"@id\":\"https:\/\/agrupacionespsoe.es\/castello\/#website\",\"url\":\"https:\/\/agrupacionespsoe.es\/castello\/\",\"name\":\"PSPV-PSOE CASTELL\u00d3\",\"description\":\"PSPV-PSOE | Agrupaci\u00f3 de Castell\u00f3\",\"publisher\":{\"@id\":\"https:\/\/agrupacionespsoe.es\/castello\/#organization\"},\"potentialAction\":[{\"@type\":\"SearchAction\",\"target\":{\"@type\":\"EntryPoint\",\"urlTemplate\":\"https:\/\/agrupacionespsoe.es\/castello\/?s={search_term_string}\"},\"query-input\":{\"@type\":\"PropertyValueSpecification\",\"valueRequired\":true,\"valueName\":\"search_term_string\"}}],\"inLanguage\":\"es\"},{\"@type\":\"Organization\",\"@id\":\"https:\/\/agrupacionespsoe.es\/castello\/#organization\",\"name\":\"PSPV-PSOE Castell\u00f3\",\"url\":\"https:\/\/agrupacionespsoe.es\/castello\/\",\"logo\":{\"@type\":\"ImageObject\",\"inLanguage\":\"es\",\"@id\":\"https:\/\/agrupacionespsoe.es\/castello\/#\/schema\/logo\/image\/\",\"url\":\"https:\/\/agrupacionespsoe.es\/castello\/wp-content\/uploads\/sites\/45\/2023\/04\/PORTADA-PSOE-CASTELLO.jpg\",\"contentUrl\":\"https:\/\/agrupacionespsoe.es\/castello\/wp-content\/uploads\/sites\/45\/2023\/04\/PORTADA-PSOE-CASTELLO.jpg\",\"width\":2500,\"height\":2500,\"caption\":\"PSPV-PSOE Castell\u00f3\"},\"image\":{\"@id\":\"https:\/\/agrupacionespsoe.es\/castello\/#\/schema\/logo\/image\/\"},\"sameAs\":[\"https:\/\/www.facebook.com\/pspv.castellodelaplana\",\"https:\/\/x.com\/pspv_cs\",\"https:\/\/www.instagram.com\/pspvpsoecastello\/\"]},{\"@type\":\"Person\",\"@id\":\"https:\/\/agrupacionespsoe.es\/castello\/#\/schema\/person\/f3bc5b2f9dc6a399e9e98596ae24a20a\",\"name\":\"castello1\",\"image\":{\"@type\":\"ImageObject\",\"inLanguage\":\"es\",\"@id\":\"https:\/\/agrupacionespsoe.es\/castello\/#\/schema\/person\/image\/\",\"url\":\"https:\/\/secure.gravatar.com\/avatar\/5f1da428d6479d1127419c0b58796865?s=96&d=mm&r=g\",\"contentUrl\":\"https:\/\/secure.gravatar.com\/avatar\/5f1da428d6479d1127419c0b58796865?s=96&d=mm&r=g\",\"caption\":\"castello1\"},\"url\":\"https:\/\/agrupacionespsoe.es\/castello\/author\/castello1\/\"}]}<\/script>\n<!-- \/ Yoast SEO plugin. -->","yoast_head_json":{"title":"El PSPV qualifica de \u201cservil\u201d a Bego\u00f1a Carrasco en vetar una Declaraci\u00f3 Institucional per a instar a Maz\u00f3n a garantir m\u00e9s personal i assist\u00e8ncia de qualitat a l'Hospital Provincial - PSPV-PSOE CASTELL\u00d3","robots":{"index":"index","follow":"follow","max-snippet":"max-snippet:-1","max-image-preview":"max-image-preview:large","max-video-preview":"max-video-preview:-1"},"canonical":"https:\/\/agrupacionespsoe.es\/castello\/va\/el-pspv-qualifica-de-servil-a-begona-carrasco-en-vetar-una-declaracio-institucional-per-a-instar-a-mazon-a-garantir-mes-personal-i-assistencia-de-qualitat-a-lhospital-provincial\/","og_locale":"es_ES","og_type":"article","og_title":"El PSPV qualifica de \u201cservil\u201d a Bego\u00f1a Carrasco en vetar una Declaraci\u00f3 Institucional per a instar a Maz\u00f3n a garantir m\u00e9s personal i assist\u00e8ncia de qualitat a l'Hospital Provincial - PSPV-PSOE CASTELL\u00d3","og_description":"El text impulsat pel Grup Municipal Socialista, bloquejat per PP i Vox en la Junta de Portaveus, contemplava exigir a la Generalitat que \u201cdone tots els passos necessaris per a millorar la plantilla i cobrir les baixes en les diferents \u00e0rees sanit\u00e0ries del centre, especialment de l&#8217;\u00e0rea d&#8217;oncologia La portaveu socialista, Patricia Puerta, lamenta que ...","og_url":"https:\/\/agrupacionespsoe.es\/castello\/va\/el-pspv-qualifica-de-servil-a-begona-carrasco-en-vetar-una-declaracio-institucional-per-a-instar-a-mazon-a-garantir-mes-personal-i-assistencia-de-qualitat-a-lhospital-provincial\/","og_site_name":"PSPV-PSOE CASTELL\u00d3","article_publisher":"https:\/\/www.facebook.com\/pspv.castellodelaplana","article_published_time":"2024-01-30T12:14:00+00:00","article_modified_time":"2024-06-19T09:17:59+00:00","og_image":[{"width":1600,"height":1066,"url":"https:\/\/agrupacionespsoe.es\/castello\/wp-content\/uploads\/sites\/45\/2024\/01\/20240130-El-PSPV-califica-de-servil-a-Begona-Carrasco-al-vetar-una-Declaracion-Institucional-para-instar-a-Mazon.jpeg","type":"image\/jpeg"}],"author":"castello1","twitter_card":"summary_large_image","twitter_creator":"@pspv_cs","twitter_site":"@pspv_cs","twitter_misc":{"Escrito por":"castello1","Tiempo de lectura":"3 minutos"},"schema":{"@context":"https:\/\/schema.org","@graph":[{"@type":"Article","@id":"https:\/\/agrupacionespsoe.es\/castello\/va\/el-pspv-qualifica-de-servil-a-begona-carrasco-en-vetar-una-declaracio-institucional-per-a-instar-a-mazon-a-garantir-mes-personal-i-assistencia-de-qualitat-a-lhospital-provincial\/#article","isPartOf":{"@id":"https:\/\/agrupacionespsoe.es\/castello\/va\/el-pspv-qualifica-de-servil-a-begona-carrasco-en-vetar-una-declaracio-institucional-per-a-instar-a-mazon-a-garantir-mes-personal-i-assistencia-de-qualitat-a-lhospital-provincial\/"},"author":{"name":"castello1","@id":"https:\/\/agrupacionespsoe.es\/castello\/#\/schema\/person\/f3bc5b2f9dc6a399e9e98596ae24a20a"},"headline":"El PSPV qualifica de \u201cservil\u201d a Bego\u00f1a Carrasco en vetar una Declaraci\u00f3 Institucional per a instar a Maz\u00f3n a garantir m\u00e9s personal i assist\u00e8ncia de qualitat a l&#8217;Hospital Provincial","datePublished":"2024-01-30T12:14:00+00:00","dateModified":"2024-06-19T09:17:59+00:00","mainEntityOfPage":{"@id":"https:\/\/agrupacionespsoe.es\/castello\/va\/el-pspv-qualifica-de-servil-a-begona-carrasco-en-vetar-una-declaracio-institucional-per-a-instar-a-mazon-a-garantir-mes-personal-i-assistencia-de-qualitat-a-lhospital-provincial\/"},"wordCount":599,"commentCount":0,"publisher":{"@id":"https:\/\/agrupacionespsoe.es\/castello\/#organization"},"image":{"@id":"https:\/\/agrupacionespsoe.es\/castello\/va\/el-pspv-qualifica-de-servil-a-begona-carrasco-en-vetar-una-declaracio-institucional-per-a-instar-a-mazon-a-garantir-mes-personal-i-assistencia-de-qualitat-a-lhospital-provincial\/#primaryimage"},"thumbnailUrl":"https:\/\/agrupacionespsoe.es\/castello\/wp-content\/uploads\/sites\/45\/2024\/01\/20240130-El-PSPV-califica-de-servil-a-Begona-Carrasco-al-vetar-una-Declaracion-Institucional-para-instar-a-Mazon.jpeg","keywords":["Anun L\u00e1inez","Joaqu\u00edn Giner","Jorge Ribes","Jos\u00e9 Luis L\u00f3pez","Jos\u00e9 Segura","Mary Carmen Ribera","M\u00f3nica Barab\u00e1s","Patricia Puerta","Pilar Escuder"],"articleSection":["Grup Municipal Socialista"],"inLanguage":"es","potentialAction":[{"@type":"CommentAction","name":"Comment","target":["https:\/\/agrupacionespsoe.es\/castello\/va\/el-pspv-qualifica-de-servil-a-begona-carrasco-en-vetar-una-declaracio-institucional-per-a-instar-a-mazon-a-garantir-mes-personal-i-assistencia-de-qualitat-a-lhospital-provincial\/#respond"]}]},{"@type":"WebPage","@id":"https:\/\/agrupacionespsoe.es\/castello\/va\/el-pspv-qualifica-de-servil-a-begona-carrasco-en-vetar-una-declaracio-institucional-per-a-instar-a-mazon-a-garantir-mes-personal-i-assistencia-de-qualitat-a-lhospital-provincial\/","url":"https:\/\/agrupacionespsoe.es\/castello\/va\/el-pspv-qualifica-de-servil-a-begona-carrasco-en-vetar-una-declaracio-institucional-per-a-instar-a-mazon-a-garantir-mes-personal-i-assistencia-de-qualitat-a-lhospital-provincial\/","name":"El PSPV qualifica de \u201cservil\u201d a Bego\u00f1a Carrasco en vetar una Declaraci\u00f3 Institucional per a instar a Maz\u00f3n a garantir m\u00e9s personal i assist\u00e8ncia de qualitat a l'Hospital Provincial - PSPV-PSOE CASTELL\u00d3","isPartOf":{"@id":"https:\/\/agrupacionespsoe.es\/castello\/#website"},"primaryImageOfPage":{"@id":"https:\/\/agrupacionespsoe.es\/castello\/va\/el-pspv-qualifica-de-servil-a-begona-carrasco-en-vetar-una-declaracio-institucional-per-a-instar-a-mazon-a-garantir-mes-personal-i-assistencia-de-qualitat-a-lhospital-provincial\/#primaryimage"},"image":{"@id":"https:\/\/agrupacionespsoe.es\/castello\/va\/el-pspv-qualifica-de-servil-a-begona-carrasco-en-vetar-una-declaracio-institucional-per-a-instar-a-mazon-a-garantir-mes-personal-i-assistencia-de-qualitat-a-lhospital-provincial\/#primaryimage"},"thumbnailUrl":"https:\/\/agrupacionespsoe.es\/castello\/wp-content\/uploads\/sites\/45\/2024\/01\/20240130-El-PSPV-califica-de-servil-a-Begona-Carrasco-al-vetar-una-Declaracion-Institucional-para-instar-a-Mazon.jpeg","datePublished":"2024-01-30T12:14:00+00:00","dateModified":"2024-06-19T09:17:59+00:00","breadcrumb":{"@id":"https:\/\/agrupacionespsoe.es\/castello\/va\/el-pspv-qualifica-de-servil-a-begona-carrasco-en-vetar-una-declaracio-institucional-per-a-instar-a-mazon-a-garantir-mes-personal-i-assistencia-de-qualitat-a-lhospital-provincial\/#breadcrumb"},"inLanguage":"es","potentialAction":[{"@type":"ReadAction","target":["https:\/\/agrupacionespsoe.es\/castello\/va\/el-pspv-qualifica-de-servil-a-begona-carrasco-en-vetar-una-declaracio-institucional-per-a-instar-a-mazon-a-garantir-mes-personal-i-assistencia-de-qualitat-a-lhospital-provincial\/"]}]},{"@type":"ImageObject","inLanguage":"es","@id":"https:\/\/agrupacionespsoe.es\/castello\/va\/el-pspv-qualifica-de-servil-a-begona-carrasco-en-vetar-una-declaracio-institucional-per-a-instar-a-mazon-a-garantir-mes-personal-i-assistencia-de-qualitat-a-lhospital-provincial\/#primaryimage","url":"https:\/\/agrupacionespsoe.es\/castello\/wp-content\/uploads\/sites\/45\/2024\/01\/20240130-El-PSPV-califica-de-servil-a-Begona-Carrasco-al-vetar-una-Declaracion-Institucional-para-instar-a-Mazon.jpeg","contentUrl":"https:\/\/agrupacionespsoe.es\/castello\/wp-content\/uploads\/sites\/45\/2024\/01\/20240130-El-PSPV-califica-de-servil-a-Begona-Carrasco-al-vetar-una-Declaracion-Institucional-para-instar-a-Mazon.jpeg","width":1600,"height":1066},{"@type":"BreadcrumbList","@id":"https:\/\/agrupacionespsoe.es\/castello\/va\/el-pspv-qualifica-de-servil-a-begona-carrasco-en-vetar-una-declaracio-institucional-per-a-instar-a-mazon-a-garantir-mes-personal-i-assistencia-de-qualitat-a-lhospital-provincial\/#breadcrumb","itemListElement":[{"@type":"ListItem","position":1,"name":"Portada","item":"https:\/\/agrupacionespsoe.es\/castello\/"},{"@type":"ListItem","position":2,"name":"El PSPV qualifica de \u201cservil\u201d a Bego\u00f1a Carrasco en vetar una Declaraci\u00f3 Institucional per a instar a Maz\u00f3n a garantir m\u00e9s personal i assist\u00e8ncia de qualitat a l&#8217;Hospital Provincial"}]},{"@type":"WebSite","@id":"https:\/\/agrupacionespsoe.es\/castello\/#website","url":"https:\/\/agrupacionespsoe.es\/castello\/","name":"PSPV-PSOE CASTELL\u00d3","description":"PSPV-PSOE | Agrupaci\u00f3 de Castell\u00f3","publisher":{"@id":"https:\/\/agrupacionespsoe.es\/castello\/#organization"},"potentialAction":[{"@type":"SearchAction","target":{"@type":"EntryPoint","urlTemplate":"https:\/\/agrupacionespsoe.es\/castello\/?s={search_term_string}"},"query-input":{"@type":"PropertyValueSpecification","valueRequired":true,"valueName":"search_term_string"}}],"inLanguage":"es"},{"@type":"Organization","@id":"https:\/\/agrupacionespsoe.es\/castello\/#organization","name":"PSPV-PSOE Castell\u00f3","url":"https:\/\/agrupacionespsoe.es\/castello\/","logo":{"@type":"ImageObject","inLanguage":"es","@id":"https:\/\/agrupacionespsoe.es\/castello\/#\/schema\/logo\/image\/","url":"https:\/\/agrupacionespsoe.es\/castello\/wp-content\/uploads\/sites\/45\/2023\/04\/PORTADA-PSOE-CASTELLO.jpg","contentUrl":"https:\/\/agrupacionespsoe.es\/castello\/wp-content\/uploads\/sites\/45\/2023\/04\/PORTADA-PSOE-CASTELLO.jpg","width":2500,"height":2500,"caption":"PSPV-PSOE Castell\u00f3"},"image":{"@id":"https:\/\/agrupacionespsoe.es\/castello\/#\/schema\/logo\/image\/"},"sameAs":["https:\/\/www.facebook.com\/pspv.castellodelaplana","https:\/\/x.com\/pspv_cs","https:\/\/www.instagram.com\/pspvpsoecastello\/"]},{"@type":"Person","@id":"https:\/\/agrupacionespsoe.es\/castello\/#\/schema\/person\/f3bc5b2f9dc6a399e9e98596ae24a20a","name":"castello1","image":{"@type":"ImageObject","inLanguage":"es","@id":"https:\/\/agrupacionespsoe.es\/castello\/#\/schema\/person\/image\/","url":"https:\/\/secure.gravatar.com\/avatar\/5f1da428d6479d1127419c0b58796865?s=96&d=mm&r=g","contentUrl":"https:\/\/secure.gravatar.com\/avatar\/5f1da428d6479d1127419c0b58796865?s=96&d=mm&r=g","caption":"castello1"},"url":"https:\/\/agrupacionespsoe.es\/castello\/author\/castello1\/"}]}},"jetpack_publicize_connections":[],"jetpack_featured_media_url":"https:\/\/agrupacionespsoe.es\/castello\/wp-content\/uploads\/sites\/45\/2024\/01\/20240130-El-PSPV-califica-de-servil-a-Begona-Carrasco-al-vetar-una-Declaracion-Institucional-para-instar-a-Mazon.jpeg","jetpack_sharing_enabled":true,"_links":{"self":[{"href":"https:\/\/agrupacionespsoe.es\/castello\/wp-json\/wp\/v2\/posts\/3797","targetHints":{"allow":["GET"]}}],"collection":[{"href":"https:\/\/agrupacionespsoe.es\/castello\/wp-json\/wp\/v2\/posts"}],"about":[{"href":"https:\/\/agrupacionespsoe.es\/castello\/wp-json\/wp\/v2\/types\/post"}],"author":[{"embeddable":true,"href":"https:\/\/agrupacionespsoe.es\/castello\/wp-json\/wp\/v2\/users\/48"}],"replies":[{"embeddable":true,"href":"https:\/\/agrupacionespsoe.es\/castello\/wp-json\/wp\/v2\/comments?post=3797"}],"version-history":[{"count":3,"href":"https:\/\/agrupacionespsoe.es\/castello\/wp-json\/wp\/v2\/posts\/3797\/revisions"}],"predecessor-version":[{"id":3950,"href":"https:\/\/agrupacionespsoe.es\/castello\/wp-json\/wp\/v2\/posts\/3797\/revisions\/3950"}],"wp:featuredmedia":[{"embeddable":true,"href":"https:\/\/agrupacionespsoe.es\/castello\/wp-json\/wp\/v2\/media\/3794"}],"wp:attachment":[{"href":"https:\/\/agrupacionespsoe.es\/castello\/wp-json\/wp\/v2\/media?parent=3797"}],"wp:term":[{"taxonomy":"category","embeddable":true,"href":"https:\/\/agrupacionespsoe.es\/castello\/wp-json\/wp\/v2\/categories?post=3797"},{"taxonomy":"post_tag","embeddable":true,"href":"https:\/\/agrupacionespsoe.es\/castello\/wp-json\/wp\/v2\/tags?post=3797"}],"curies":[{"name":"wp","href":"https:\/\/api.w.org\/{rel}","templated":true}]}}