{"id":3793,"date":"2024-01-30T13:11:39","date_gmt":"2024-01-30T12:11:39","guid":{"rendered":"https:\/\/agrupacionespsoe.es\/castello\/?p=3793"},"modified":"2024-02-12T09:36:46","modified_gmt":"2024-02-12T08:36:46","slug":"el-pspv-califica-de-servil-a-begona-carrasco-al-vetar-una-declaracion-institucional-para-instar-a-mazon-a-garantizar-mas-personal-y-asistencia-de-calidad-en-el-hospital-provincial","status":"publish","type":"post","link":"https:\/\/agrupacionespsoe.es\/castello\/el-pspv-califica-de-servil-a-begona-carrasco-al-vetar-una-declaracion-institucional-para-instar-a-mazon-a-garantizar-mas-personal-y-asistencia-de-calidad-en-el-hospital-provincial\/","title":{"rendered":"El PSPV califica de \u201cservil\u201d a Bego\u00f1a Carrasco al vetar una Declaraci\u00f3n Institucional para instar a Maz\u00f3n a garantizar m\u00e1s personal y asistencia de calidad en el Hospital Provincial"},"content":{"rendered":"\n<h6 class=\"wp-block-heading\"><strong><em>El texto impulsado por el Grupo Municipal Socialista, bloqueado por PP y Vox en la Junta de Portavoces, contemplaba exigir a la Generalitat que \u201cd\u00e9 todos los pasos necesarios para mejorar la plantilla y cubrir las bajas en las diferentes \u00e1reas sanitarias del centro, en especial del \u00e1rea de oncolog\u00eda\u201d<\/em><\/strong><\/h6>\n\n\n\n<h6 class=\"wp-block-heading\"><strong><em>La portavoz socialista, Patricia Puerta, lamenta que \u201ca la primera de cambio\u00a0la\u00a0alcaldesa, que tanto ha exigido desde la oposici\u00f3n al Consell de Ximo Puig en cuestiones sanitarias, se pliegue ante su jefe Maz\u00f3n y deje de lado a los y las castellonenses<\/em><\/strong><\/h6>\n\n\n\n<p>La alcaldesa de Castell\u00f3. Bego\u00f1a Carrasco, \u201cha mostrado lo servil que es a su presidente Carlos Maz\u00f3n al vetar una propuesta del PSPV que le exig\u00eda una urgente soluci\u00f3n a la falta de personal del Consorcio Hospitalario Provincial de Castell\u00f3\u201d. As\u00ed lo considera la portavoz del Grupo Municipal Socialista, Patricia Puerta, tras el veto del PP y Vox a la Declaraci\u00f3n Institucional planteada por el PSPV, \u201cque lo \u00fanico que recog\u00eda era exigir a la Generalitat que d\u00e9 todos los pasos necesarios para mejorar la plantilla y cubrir las bajas en las diferentes \u00e1reas sanitarias del centro, en especial del \u00e1rea de oncolog\u00eda, con el objetivo de garantizar una asistencia sanitaria de calidad\u201d.<\/p>\n\n\n\n<p>Este voto en contra en la Junta de Portavoces por parte de la derecha y la ultraderecha impedir\u00e1, como destaca Patricia Puerta, \u201cque el ayuntamiento vote una declaraci\u00f3n institucional que solo pide mejor asistencia sanitaria a los vecinos de la capital y de la provincia\u201d. Eso s\u00ed, como contrapartida \u201cnos permite ver el verdadero rostro de Bego\u00f1a Carrasco, que a la primera de cambio se ha plegado ante su jefe Maz\u00f3n y ha dejado de lado a los y las castellonenses\u201d.<\/p>\n\n\n\n<p>Seg\u00fan la portavoz socialista, \u201cya tenemos claro que contamos con una alcaldesa incapaz de reivindicar nada ante la Generalitat, como hemos visto en los lamentables presupuestos auton\u00f3micos previstos para Castell\u00f3 en 2024 con el silencio c\u00f3mplice de Carrasco\u201d.<\/p>\n\n\n\n<p>Ese veto a la Declaraci\u00f3n Institucional propuesta por el PSPV \u201ces m\u00e1s incompresible si cabe ante los \u00faltimos datos hechos p\u00fablicos por la Conselleria de Sanidad, donde se recoge que el Hospital Provincial de Castell\u00f3, ubicado en la capital de la Plana, es el centro sanitario con mayor lista de espera de toda la Comunitat Valenciana, con 143 d\u00edas, rozando por ello los cinco meses\u201d.<\/p>\n\n\n\n<p>Adem\u00e1s, el Hospital Provincial de Castell\u00f3 est\u00e1 derivando en la actualidad pacientes oncol\u00f3gicos a Val\u00e8ncia por falta de m\u00e9dicos en Medicina Nuclear. \u00abEstamos hablando de un centro de referencia en oncolog\u00eda y el \u00fanico de la red sanitaria provincial que cuenta con Medicina Nuclear, realizando cerca de 200 exploraciones con PET TAC al mes\u00bb, tal y como destaca la portavoz del Grupo Municipal Socialista, Patricia Puerta.<\/p>\n\n\n\n<p>Este d\u00e9ficit de personal provoca que pacientes tanto del \u00e1rea de Salud de Castell\u00f3 como de La Plana o Vinar\u00f2s tengan que trasladarse al Hospital 9 de Octubre de Val\u00e8ncia para ser atendidos, apunta la concejala socialista, quien se\u00f1ala que, \u00abigual que desde la oposici\u00f3n estaba el PP reclamando siempre mejoras para las instalaciones sanitarias de la capital y la provincia, \u00abpens\u00e1bamos que no tendr\u00eda problema en apoyar nuestra propuesta, aunque ya hemos visto la nula capacidad de Carrasco por reclamar nada ante la Generalitat\u00bb.<\/p>\n","protected":false},"excerpt":{"rendered":"<p>El texto impulsado por el Grupo Municipal Socialista, bloqueado por PP y Vox en la Junta de Portavoces, contemplaba exigir a la Generalitat que \u201cd\u00e9 todos los pasos necesarios para mejorar la plantilla y cubrir las bajas en las diferentes \u00e1reas sanitarias del centro, en especial del \u00e1rea de oncolog\u00eda\u201d La portavoz socialista, Patricia Puerta, &#8230;<\/p>\n","protected":false},"author":48,"featured_media":3794,"comment_status":"open","ping_status":"open","sticky":false,"template":"","format":"standard","meta":{"_jetpack_memberships_contains_paid_content":false,"footnotes":"","jetpack_publicize_message":"","jetpack_publicize_feature_enabled":true,"jetpack_social_post_already_shared":false,"jetpack_social_options":{"image_generator_settings":{"template":"highway","default_image_id":0,"font":"","enabled":false},"version":2}},"categories":[33],"tags":[95,103,91,85,111,99,107,81,115],"class_list":["post-3793","post","type-post","status-publish","format-standard","has-post-thumbnail","hentry","category-gms","tag-anun-lainez","tag-joaquin-giner","tag-jorge-ribes","tag-jose-luis-lopez","tag-jose-segura","tag-mary-carmen-ribera","tag-monica-barabas","tag-patricia-puerta","tag-pilar-escuder"],"yoast_head":"<!-- This site is optimized with the Yoast SEO plugin v24.0 - https:\/\/yoast.com\/wordpress\/plugins\/seo\/ -->\n<title>El PSPV califica de \u201cservil\u201d a Bego\u00f1a Carrasco al vetar una Declaraci\u00f3n Institucional para instar a Maz\u00f3n a garantizar m\u00e1s personal y asistencia de calidad en el Hospital Provincial - PSPV-PSOE CASTELL\u00d3<\/title>\n<meta name=\"robots\" content=\"index, follow, max-snippet:-1, max-image-preview:large, max-video-preview:-1\" \/>\n<link rel=\"canonical\" href=\"https:\/\/agrupacionespsoe.es\/castello\/el-pspv-califica-de-servil-a-begona-carrasco-al-vetar-una-declaracion-institucional-para-instar-a-mazon-a-garantizar-mas-personal-y-asistencia-de-calidad-en-el-hospital-provincial\/\" \/>\n<meta property=\"og:locale\" content=\"es_ES\" \/>\n<meta property=\"og:type\" content=\"article\" \/>\n<meta property=\"og:title\" content=\"El PSPV califica de \u201cservil\u201d a Bego\u00f1a Carrasco al vetar una Declaraci\u00f3n Institucional para instar a Maz\u00f3n a garantizar m\u00e1s personal y asistencia de calidad en el Hospital Provincial - PSPV-PSOE CASTELL\u00d3\" \/>\n<meta property=\"og:description\" content=\"El texto impulsado por el Grupo Municipal Socialista, bloqueado por PP y Vox en la Junta de Portavoces, contemplaba exigir a la Generalitat que \u201cd\u00e9 todos los pasos necesarios para mejorar la plantilla y cubrir las bajas en las diferentes \u00e1reas sanitarias del centro, en especial del \u00e1rea de oncolog\u00eda\u201d La portavoz socialista, Patricia Puerta, ...\" \/>\n<meta property=\"og:url\" content=\"https:\/\/agrupacionespsoe.es\/castello\/el-pspv-califica-de-servil-a-begona-carrasco-al-vetar-una-declaracion-institucional-para-instar-a-mazon-a-garantizar-mas-personal-y-asistencia-de-calidad-en-el-hospital-provincial\/\" \/>\n<meta property=\"og:site_name\" content=\"PSPV-PSOE CASTELL\u00d3\" \/>\n<meta property=\"article:publisher\" content=\"https:\/\/www.facebook.com\/pspv.castellodelaplana\" \/>\n<meta property=\"article:published_time\" content=\"2024-01-30T12:11:39+00:00\" \/>\n<meta property=\"article:modified_time\" content=\"2024-02-12T08:36:46+00:00\" \/>\n<meta property=\"og:image\" content=\"https:\/\/agrupacionespsoe.es\/castello\/wp-content\/uploads\/sites\/45\/2024\/01\/20240130-El-PSPV-califica-de-servil-a-Begona-Carrasco-al-vetar-una-Declaracion-Institucional-para-instar-a-Mazon.jpeg\" \/>\n\t<meta property=\"og:image:width\" content=\"1600\" \/>\n\t<meta property=\"og:image:height\" content=\"1066\" \/>\n\t<meta property=\"og:image:type\" content=\"image\/jpeg\" \/>\n<meta name=\"author\" content=\"castello1\" \/>\n<meta name=\"twitter:card\" content=\"summary_large_image\" \/>\n<meta name=\"twitter:creator\" content=\"@pspv_cs\" \/>\n<meta name=\"twitter:site\" content=\"@pspv_cs\" \/>\n<meta name=\"twitter:label1\" content=\"Escrito por\" \/>\n\t<meta name=\"twitter:data1\" content=\"castello1\" \/>\n\t<meta name=\"twitter:label2\" content=\"Tiempo de lectura\" \/>\n\t<meta name=\"twitter:data2\" content=\"3 minutos\" \/>\n<script type=\"application\/ld+json\" class=\"yoast-schema-graph\">{\"@context\":\"https:\/\/schema.org\",\"@graph\":[{\"@type\":\"Article\",\"@id\":\"https:\/\/agrupacionespsoe.es\/castello\/el-pspv-califica-de-servil-a-begona-carrasco-al-vetar-una-declaracion-institucional-para-instar-a-mazon-a-garantizar-mas-personal-y-asistencia-de-calidad-en-el-hospital-provincial\/#article\",\"isPartOf\":{\"@id\":\"https:\/\/agrupacionespsoe.es\/castello\/el-pspv-califica-de-servil-a-begona-carrasco-al-vetar-una-declaracion-institucional-para-instar-a-mazon-a-garantizar-mas-personal-y-asistencia-de-calidad-en-el-hospital-provincial\/\"},\"author\":{\"name\":\"castello1\",\"@id\":\"https:\/\/agrupacionespsoe.es\/castello\/#\/schema\/person\/f3bc5b2f9dc6a399e9e98596ae24a20a\"},\"headline\":\"El PSPV califica de \u201cservil\u201d a Bego\u00f1a Carrasco al vetar una Declaraci\u00f3n Institucional para instar a Maz\u00f3n a garantizar m\u00e1s personal y asistencia de calidad en el Hospital Provincial\",\"datePublished\":\"2024-01-30T12:11:39+00:00\",\"dateModified\":\"2024-02-12T08:36:46+00:00\",\"mainEntityOfPage\":{\"@id\":\"https:\/\/agrupacionespsoe.es\/castello\/el-pspv-califica-de-servil-a-begona-carrasco-al-vetar-una-declaracion-institucional-para-instar-a-mazon-a-garantizar-mas-personal-y-asistencia-de-calidad-en-el-hospital-provincial\/\"},\"wordCount\":603,\"commentCount\":0,\"publisher\":{\"@id\":\"https:\/\/agrupacionespsoe.es\/castello\/#organization\"},\"image\":{\"@id\":\"https:\/\/agrupacionespsoe.es\/castello\/el-pspv-califica-de-servil-a-begona-carrasco-al-vetar-una-declaracion-institucional-para-instar-a-mazon-a-garantizar-mas-personal-y-asistencia-de-calidad-en-el-hospital-provincial\/#primaryimage\"},\"thumbnailUrl\":\"https:\/\/agrupacionespsoe.es\/castello\/wp-content\/uploads\/sites\/45\/2024\/01\/20240130-El-PSPV-califica-de-servil-a-Begona-Carrasco-al-vetar-una-Declaracion-Institucional-para-instar-a-Mazon.jpeg\",\"keywords\":[\"Anun L\u00e1inez\",\"Joaqu\u00edn Giner\",\"Jorge Ribes\",\"Jos\u00e9 Luis L\u00f3pez\",\"Jos\u00e9 Segura\",\"Mary Carmen Ribera\",\"M\u00f3nica Barab\u00e1s\",\"Patricia Puerta\",\"Pilar Escuder\"],\"articleSection\":[\"Grupo Municipal Socialista\"],\"inLanguage\":\"es\",\"potentialAction\":[{\"@type\":\"CommentAction\",\"name\":\"Comment\",\"target\":[\"https:\/\/agrupacionespsoe.es\/castello\/el-pspv-califica-de-servil-a-begona-carrasco-al-vetar-una-declaracion-institucional-para-instar-a-mazon-a-garantizar-mas-personal-y-asistencia-de-calidad-en-el-hospital-provincial\/#respond\"]}]},{\"@type\":\"WebPage\",\"@id\":\"https:\/\/agrupacionespsoe.es\/castello\/el-pspv-califica-de-servil-a-begona-carrasco-al-vetar-una-declaracion-institucional-para-instar-a-mazon-a-garantizar-mas-personal-y-asistencia-de-calidad-en-el-hospital-provincial\/\",\"url\":\"https:\/\/agrupacionespsoe.es\/castello\/el-pspv-califica-de-servil-a-begona-carrasco-al-vetar-una-declaracion-institucional-para-instar-a-mazon-a-garantizar-mas-personal-y-asistencia-de-calidad-en-el-hospital-provincial\/\",\"name\":\"El PSPV califica de \u201cservil\u201d a Bego\u00f1a Carrasco al vetar una Declaraci\u00f3n Institucional para instar a Maz\u00f3n a garantizar m\u00e1s personal y asistencia de calidad en el Hospital Provincial - PSPV-PSOE CASTELL\u00d3\",\"isPartOf\":{\"@id\":\"https:\/\/agrupacionespsoe.es\/castello\/#website\"},\"primaryImageOfPage\":{\"@id\":\"https:\/\/agrupacionespsoe.es\/castello\/el-pspv-califica-de-servil-a-begona-carrasco-al-vetar-una-declaracion-institucional-para-instar-a-mazon-a-garantizar-mas-personal-y-asistencia-de-calidad-en-el-hospital-provincial\/#primaryimage\"},\"image\":{\"@id\":\"https:\/\/agrupacionespsoe.es\/castello\/el-pspv-califica-de-servil-a-begona-carrasco-al-vetar-una-declaracion-institucional-para-instar-a-mazon-a-garantizar-mas-personal-y-asistencia-de-calidad-en-el-hospital-provincial\/#primaryimage\"},\"thumbnailUrl\":\"https:\/\/agrupacionespsoe.es\/castello\/wp-content\/uploads\/sites\/45\/2024\/01\/20240130-El-PSPV-califica-de-servil-a-Begona-Carrasco-al-vetar-una-Declaracion-Institucional-para-instar-a-Mazon.jpeg\",\"datePublished\":\"2024-01-30T12:11:39+00:00\",\"dateModified\":\"2024-02-12T08:36:46+00:00\",\"breadcrumb\":{\"@id\":\"https:\/\/agrupacionespsoe.es\/castello\/el-pspv-califica-de-servil-a-begona-carrasco-al-vetar-una-declaracion-institucional-para-instar-a-mazon-a-garantizar-mas-personal-y-asistencia-de-calidad-en-el-hospital-provincial\/#breadcrumb\"},\"inLanguage\":\"es\",\"potentialAction\":[{\"@type\":\"ReadAction\",\"target\":[\"https:\/\/agrupacionespsoe.es\/castello\/el-pspv-califica-de-servil-a-begona-carrasco-al-vetar-una-declaracion-institucional-para-instar-a-mazon-a-garantizar-mas-personal-y-asistencia-de-calidad-en-el-hospital-provincial\/\"]}]},{\"@type\":\"ImageObject\",\"inLanguage\":\"es\",\"@id\":\"https:\/\/agrupacionespsoe.es\/castello\/el-pspv-califica-de-servil-a-begona-carrasco-al-vetar-una-declaracion-institucional-para-instar-a-mazon-a-garantizar-mas-personal-y-asistencia-de-calidad-en-el-hospital-provincial\/#primaryimage\",\"url\":\"https:\/\/agrupacionespsoe.es\/castello\/wp-content\/uploads\/sites\/45\/2024\/01\/20240130-El-PSPV-califica-de-servil-a-Begona-Carrasco-al-vetar-una-Declaracion-Institucional-para-instar-a-Mazon.jpeg\",\"contentUrl\":\"https:\/\/agrupacionespsoe.es\/castello\/wp-content\/uploads\/sites\/45\/2024\/01\/20240130-El-PSPV-califica-de-servil-a-Begona-Carrasco-al-vetar-una-Declaracion-Institucional-para-instar-a-Mazon.jpeg\",\"width\":1600,\"height\":1066},{\"@type\":\"BreadcrumbList\",\"@id\":\"https:\/\/agrupacionespsoe.es\/castello\/el-pspv-califica-de-servil-a-begona-carrasco-al-vetar-una-declaracion-institucional-para-instar-a-mazon-a-garantizar-mas-personal-y-asistencia-de-calidad-en-el-hospital-provincial\/#breadcrumb\",\"itemListElement\":[{\"@type\":\"ListItem\",\"position\":1,\"name\":\"Portada\",\"item\":\"https:\/\/agrupacionespsoe.es\/castello\/\"},{\"@type\":\"ListItem\",\"position\":2,\"name\":\"El PSPV califica de \u201cservil\u201d a Bego\u00f1a Carrasco al vetar una Declaraci\u00f3n Institucional para instar a Maz\u00f3n a garantizar m\u00e1s personal y asistencia de calidad en el Hospital Provincial\"}]},{\"@type\":\"WebSite\",\"@id\":\"https:\/\/agrupacionespsoe.es\/castello\/#website\",\"url\":\"https:\/\/agrupacionespsoe.es\/castello\/\",\"name\":\"PSPV-PSOE CASTELL\u00d3\",\"description\":\"PSPV-PSOE | Agrupaci\u00f3 de Castell\u00f3\",\"publisher\":{\"@id\":\"https:\/\/agrupacionespsoe.es\/castello\/#organization\"},\"potentialAction\":[{\"@type\":\"SearchAction\",\"target\":{\"@type\":\"EntryPoint\",\"urlTemplate\":\"https:\/\/agrupacionespsoe.es\/castello\/?s={search_term_string}\"},\"query-input\":{\"@type\":\"PropertyValueSpecification\",\"valueRequired\":true,\"valueName\":\"search_term_string\"}}],\"inLanguage\":\"es\"},{\"@type\":\"Organization\",\"@id\":\"https:\/\/agrupacionespsoe.es\/castello\/#organization\",\"name\":\"PSPV-PSOE Castell\u00f3\",\"url\":\"https:\/\/agrupacionespsoe.es\/castello\/\",\"logo\":{\"@type\":\"ImageObject\",\"inLanguage\":\"es\",\"@id\":\"https:\/\/agrupacionespsoe.es\/castello\/#\/schema\/logo\/image\/\",\"url\":\"https:\/\/agrupacionespsoe.es\/castello\/wp-content\/uploads\/sites\/45\/2023\/04\/PORTADA-PSOE-CASTELLO.jpg\",\"contentUrl\":\"https:\/\/agrupacionespsoe.es\/castello\/wp-content\/uploads\/sites\/45\/2023\/04\/PORTADA-PSOE-CASTELLO.jpg\",\"width\":2500,\"height\":2500,\"caption\":\"PSPV-PSOE Castell\u00f3\"},\"image\":{\"@id\":\"https:\/\/agrupacionespsoe.es\/castello\/#\/schema\/logo\/image\/\"},\"sameAs\":[\"https:\/\/www.facebook.com\/pspv.castellodelaplana\",\"https:\/\/x.com\/pspv_cs\",\"https:\/\/www.instagram.com\/pspvpsoecastello\/\"]},{\"@type\":\"Person\",\"@id\":\"https:\/\/agrupacionespsoe.es\/castello\/#\/schema\/person\/f3bc5b2f9dc6a399e9e98596ae24a20a\",\"name\":\"castello1\",\"image\":{\"@type\":\"ImageObject\",\"inLanguage\":\"es\",\"@id\":\"https:\/\/agrupacionespsoe.es\/castello\/#\/schema\/person\/image\/\",\"url\":\"https:\/\/secure.gravatar.com\/avatar\/5f1da428d6479d1127419c0b58796865?s=96&d=mm&r=g\",\"contentUrl\":\"https:\/\/secure.gravatar.com\/avatar\/5f1da428d6479d1127419c0b58796865?s=96&d=mm&r=g\",\"caption\":\"castello1\"},\"url\":\"https:\/\/agrupacionespsoe.es\/castello\/author\/castello1\/\"}]}<\/script>\n<!-- \/ Yoast SEO plugin. -->","yoast_head_json":{"title":"El PSPV califica de \u201cservil\u201d a Bego\u00f1a Carrasco al vetar una Declaraci\u00f3n Institucional para instar a Maz\u00f3n a garantizar m\u00e1s personal y asistencia de calidad en el Hospital Provincial - PSPV-PSOE CASTELL\u00d3","robots":{"index":"index","follow":"follow","max-snippet":"max-snippet:-1","max-image-preview":"max-image-preview:large","max-video-preview":"max-video-preview:-1"},"canonical":"https:\/\/agrupacionespsoe.es\/castello\/el-pspv-califica-de-servil-a-begona-carrasco-al-vetar-una-declaracion-institucional-para-instar-a-mazon-a-garantizar-mas-personal-y-asistencia-de-calidad-en-el-hospital-provincial\/","og_locale":"es_ES","og_type":"article","og_title":"El PSPV califica de \u201cservil\u201d a Bego\u00f1a Carrasco al vetar una Declaraci\u00f3n Institucional para instar a Maz\u00f3n a garantizar m\u00e1s personal y asistencia de calidad en el Hospital Provincial - PSPV-PSOE CASTELL\u00d3","og_description":"El texto impulsado por el Grupo Municipal Socialista, bloqueado por PP y Vox en la Junta de Portavoces, contemplaba exigir a la Generalitat que \u201cd\u00e9 todos los pasos necesarios para mejorar la plantilla y cubrir las bajas en las diferentes \u00e1reas sanitarias del centro, en especial del \u00e1rea de oncolog\u00eda\u201d La portavoz socialista, Patricia Puerta, ...","og_url":"https:\/\/agrupacionespsoe.es\/castello\/el-pspv-califica-de-servil-a-begona-carrasco-al-vetar-una-declaracion-institucional-para-instar-a-mazon-a-garantizar-mas-personal-y-asistencia-de-calidad-en-el-hospital-provincial\/","og_site_name":"PSPV-PSOE CASTELL\u00d3","article_publisher":"https:\/\/www.facebook.com\/pspv.castellodelaplana","article_published_time":"2024-01-30T12:11:39+00:00","article_modified_time":"2024-02-12T08:36:46+00:00","og_image":[{"width":1600,"height":1066,"url":"https:\/\/agrupacionespsoe.es\/castello\/wp-content\/uploads\/sites\/45\/2024\/01\/20240130-El-PSPV-califica-de-servil-a-Begona-Carrasco-al-vetar-una-Declaracion-Institucional-para-instar-a-Mazon.jpeg","type":"image\/jpeg"}],"author":"castello1","twitter_card":"summary_large_image","twitter_creator":"@pspv_cs","twitter_site":"@pspv_cs","twitter_misc":{"Escrito por":"castello1","Tiempo de lectura":"3 minutos"},"schema":{"@context":"https:\/\/schema.org","@graph":[{"@type":"Article","@id":"https:\/\/agrupacionespsoe.es\/castello\/el-pspv-califica-de-servil-a-begona-carrasco-al-vetar-una-declaracion-institucional-para-instar-a-mazon-a-garantizar-mas-personal-y-asistencia-de-calidad-en-el-hospital-provincial\/#article","isPartOf":{"@id":"https:\/\/agrupacionespsoe.es\/castello\/el-pspv-califica-de-servil-a-begona-carrasco-al-vetar-una-declaracion-institucional-para-instar-a-mazon-a-garantizar-mas-personal-y-asistencia-de-calidad-en-el-hospital-provincial\/"},"author":{"name":"castello1","@id":"https:\/\/agrupacionespsoe.es\/castello\/#\/schema\/person\/f3bc5b2f9dc6a399e9e98596ae24a20a"},"headline":"El PSPV califica de \u201cservil\u201d a Bego\u00f1a Carrasco al vetar una Declaraci\u00f3n Institucional para instar a Maz\u00f3n a garantizar m\u00e1s personal y asistencia de calidad en el Hospital Provincial","datePublished":"2024-01-30T12:11:39+00:00","dateModified":"2024-02-12T08:36:46+00:00","mainEntityOfPage":{"@id":"https:\/\/agrupacionespsoe.es\/castello\/el-pspv-califica-de-servil-a-begona-carrasco-al-vetar-una-declaracion-institucional-para-instar-a-mazon-a-garantizar-mas-personal-y-asistencia-de-calidad-en-el-hospital-provincial\/"},"wordCount":603,"commentCount":0,"publisher":{"@id":"https:\/\/agrupacionespsoe.es\/castello\/#organization"},"image":{"@id":"https:\/\/agrupacionespsoe.es\/castello\/el-pspv-califica-de-servil-a-begona-carrasco-al-vetar-una-declaracion-institucional-para-instar-a-mazon-a-garantizar-mas-personal-y-asistencia-de-calidad-en-el-hospital-provincial\/#primaryimage"},"thumbnailUrl":"https:\/\/agrupacionespsoe.es\/castello\/wp-content\/uploads\/sites\/45\/2024\/01\/20240130-El-PSPV-califica-de-servil-a-Begona-Carrasco-al-vetar-una-Declaracion-Institucional-para-instar-a-Mazon.jpeg","keywords":["Anun L\u00e1inez","Joaqu\u00edn Giner","Jorge Ribes","Jos\u00e9 Luis L\u00f3pez","Jos\u00e9 Segura","Mary Carmen Ribera","M\u00f3nica Barab\u00e1s","Patricia Puerta","Pilar Escuder"],"articleSection":["Grupo Municipal Socialista"],"inLanguage":"es","potentialAction":[{"@type":"CommentAction","name":"Comment","target":["https:\/\/agrupacionespsoe.es\/castello\/el-pspv-califica-de-servil-a-begona-carrasco-al-vetar-una-declaracion-institucional-para-instar-a-mazon-a-garantizar-mas-personal-y-asistencia-de-calidad-en-el-hospital-provincial\/#respond"]}]},{"@type":"WebPage","@id":"https:\/\/agrupacionespsoe.es\/castello\/el-pspv-califica-de-servil-a-begona-carrasco-al-vetar-una-declaracion-institucional-para-instar-a-mazon-a-garantizar-mas-personal-y-asistencia-de-calidad-en-el-hospital-provincial\/","url":"https:\/\/agrupacionespsoe.es\/castello\/el-pspv-califica-de-servil-a-begona-carrasco-al-vetar-una-declaracion-institucional-para-instar-a-mazon-a-garantizar-mas-personal-y-asistencia-de-calidad-en-el-hospital-provincial\/","name":"El PSPV califica de \u201cservil\u201d a Bego\u00f1a Carrasco al vetar una Declaraci\u00f3n Institucional para instar a Maz\u00f3n a garantizar m\u00e1s personal y asistencia de calidad en el Hospital Provincial - PSPV-PSOE CASTELL\u00d3","isPartOf":{"@id":"https:\/\/agrupacionespsoe.es\/castello\/#website"},"primaryImageOfPage":{"@id":"https:\/\/agrupacionespsoe.es\/castello\/el-pspv-califica-de-servil-a-begona-carrasco-al-vetar-una-declaracion-institucional-para-instar-a-mazon-a-garantizar-mas-personal-y-asistencia-de-calidad-en-el-hospital-provincial\/#primaryimage"},"image":{"@id":"https:\/\/agrupacionespsoe.es\/castello\/el-pspv-califica-de-servil-a-begona-carrasco-al-vetar-una-declaracion-institucional-para-instar-a-mazon-a-garantizar-mas-personal-y-asistencia-de-calidad-en-el-hospital-provincial\/#primaryimage"},"thumbnailUrl":"https:\/\/agrupacionespsoe.es\/castello\/wp-content\/uploads\/sites\/45\/2024\/01\/20240130-El-PSPV-califica-de-servil-a-Begona-Carrasco-al-vetar-una-Declaracion-Institucional-para-instar-a-Mazon.jpeg","datePublished":"2024-01-30T12:11:39+00:00","dateModified":"2024-02-12T08:36:46+00:00","breadcrumb":{"@id":"https:\/\/agrupacionespsoe.es\/castello\/el-pspv-califica-de-servil-a-begona-carrasco-al-vetar-una-declaracion-institucional-para-instar-a-mazon-a-garantizar-mas-personal-y-asistencia-de-calidad-en-el-hospital-provincial\/#breadcrumb"},"inLanguage":"es","potentialAction":[{"@type":"ReadAction","target":["https:\/\/agrupacionespsoe.es\/castello\/el-pspv-califica-de-servil-a-begona-carrasco-al-vetar-una-declaracion-institucional-para-instar-a-mazon-a-garantizar-mas-personal-y-asistencia-de-calidad-en-el-hospital-provincial\/"]}]},{"@type":"ImageObject","inLanguage":"es","@id":"https:\/\/agrupacionespsoe.es\/castello\/el-pspv-califica-de-servil-a-begona-carrasco-al-vetar-una-declaracion-institucional-para-instar-a-mazon-a-garantizar-mas-personal-y-asistencia-de-calidad-en-el-hospital-provincial\/#primaryimage","url":"https:\/\/agrupacionespsoe.es\/castello\/wp-content\/uploads\/sites\/45\/2024\/01\/20240130-El-PSPV-califica-de-servil-a-Begona-Carrasco-al-vetar-una-Declaracion-Institucional-para-instar-a-Mazon.jpeg","contentUrl":"https:\/\/agrupacionespsoe.es\/castello\/wp-content\/uploads\/sites\/45\/2024\/01\/20240130-El-PSPV-califica-de-servil-a-Begona-Carrasco-al-vetar-una-Declaracion-Institucional-para-instar-a-Mazon.jpeg","width":1600,"height":1066},{"@type":"BreadcrumbList","@id":"https:\/\/agrupacionespsoe.es\/castello\/el-pspv-califica-de-servil-a-begona-carrasco-al-vetar-una-declaracion-institucional-para-instar-a-mazon-a-garantizar-mas-personal-y-asistencia-de-calidad-en-el-hospital-provincial\/#breadcrumb","itemListElement":[{"@type":"ListItem","position":1,"name":"Portada","item":"https:\/\/agrupacionespsoe.es\/castello\/"},{"@type":"ListItem","position":2,"name":"El PSPV califica de \u201cservil\u201d a Bego\u00f1a Carrasco al vetar una Declaraci\u00f3n Institucional para instar a Maz\u00f3n a garantizar m\u00e1s personal y asistencia de calidad en el Hospital Provincial"}]},{"@type":"WebSite","@id":"https:\/\/agrupacionespsoe.es\/castello\/#website","url":"https:\/\/agrupacionespsoe.es\/castello\/","name":"PSPV-PSOE CASTELL\u00d3","description":"PSPV-PSOE | Agrupaci\u00f3 de Castell\u00f3","publisher":{"@id":"https:\/\/agrupacionespsoe.es\/castello\/#organization"},"potentialAction":[{"@type":"SearchAction","target":{"@type":"EntryPoint","urlTemplate":"https:\/\/agrupacionespsoe.es\/castello\/?s={search_term_string}"},"query-input":{"@type":"PropertyValueSpecification","valueRequired":true,"valueName":"search_term_string"}}],"inLanguage":"es"},{"@type":"Organization","@id":"https:\/\/agrupacionespsoe.es\/castello\/#organization","name":"PSPV-PSOE Castell\u00f3","url":"https:\/\/agrupacionespsoe.es\/castello\/","logo":{"@type":"ImageObject","inLanguage":"es","@id":"https:\/\/agrupacionespsoe.es\/castello\/#\/schema\/logo\/image\/","url":"https:\/\/agrupacionespsoe.es\/castello\/wp-content\/uploads\/sites\/45\/2023\/04\/PORTADA-PSOE-CASTELLO.jpg","contentUrl":"https:\/\/agrupacionespsoe.es\/castello\/wp-content\/uploads\/sites\/45\/2023\/04\/PORTADA-PSOE-CASTELLO.jpg","width":2500,"height":2500,"caption":"PSPV-PSOE Castell\u00f3"},"image":{"@id":"https:\/\/agrupacionespsoe.es\/castello\/#\/schema\/logo\/image\/"},"sameAs":["https:\/\/www.facebook.com\/pspv.castellodelaplana","https:\/\/x.com\/pspv_cs","https:\/\/www.instagram.com\/pspvpsoecastello\/"]},{"@type":"Person","@id":"https:\/\/agrupacionespsoe.es\/castello\/#\/schema\/person\/f3bc5b2f9dc6a399e9e98596ae24a20a","name":"castello1","image":{"@type":"ImageObject","inLanguage":"es","@id":"https:\/\/agrupacionespsoe.es\/castello\/#\/schema\/person\/image\/","url":"https:\/\/secure.gravatar.com\/avatar\/5f1da428d6479d1127419c0b58796865?s=96&d=mm&r=g","contentUrl":"https:\/\/secure.gravatar.com\/avatar\/5f1da428d6479d1127419c0b58796865?s=96&d=mm&r=g","caption":"castello1"},"url":"https:\/\/agrupacionespsoe.es\/castello\/author\/castello1\/"}]}},"jetpack_publicize_connections":[],"jetpack_featured_media_url":"https:\/\/agrupacionespsoe.es\/castello\/wp-content\/uploads\/sites\/45\/2024\/01\/20240130-El-PSPV-califica-de-servil-a-Begona-Carrasco-al-vetar-una-Declaracion-Institucional-para-instar-a-Mazon.jpeg","jetpack_sharing_enabled":true,"_links":{"self":[{"href":"https:\/\/agrupacionespsoe.es\/castello\/wp-json\/wp\/v2\/posts\/3793","targetHints":{"allow":["GET"]}}],"collection":[{"href":"https:\/\/agrupacionespsoe.es\/castello\/wp-json\/wp\/v2\/posts"}],"about":[{"href":"https:\/\/agrupacionespsoe.es\/castello\/wp-json\/wp\/v2\/types\/post"}],"author":[{"embeddable":true,"href":"https:\/\/agrupacionespsoe.es\/castello\/wp-json\/wp\/v2\/users\/48"}],"replies":[{"embeddable":true,"href":"https:\/\/agrupacionespsoe.es\/castello\/wp-json\/wp\/v2\/comments?post=3793"}],"version-history":[{"count":3,"href":"https:\/\/agrupacionespsoe.es\/castello\/wp-json\/wp\/v2\/posts\/3793\/revisions"}],"predecessor-version":[{"id":3951,"href":"https:\/\/agrupacionespsoe.es\/castello\/wp-json\/wp\/v2\/posts\/3793\/revisions\/3951"}],"wp:featuredmedia":[{"embeddable":true,"href":"https:\/\/agrupacionespsoe.es\/castello\/wp-json\/wp\/v2\/media\/3794"}],"wp:attachment":[{"href":"https:\/\/agrupacionespsoe.es\/castello\/wp-json\/wp\/v2\/media?parent=3793"}],"wp:term":[{"taxonomy":"category","embeddable":true,"href":"https:\/\/agrupacionespsoe.es\/castello\/wp-json\/wp\/v2\/categories?post=3793"},{"taxonomy":"post_tag","embeddable":true,"href":"https:\/\/agrupacionespsoe.es\/castello\/wp-json\/wp\/v2\/tags?post=3793"}],"curies":[{"name":"wp","href":"https:\/\/api.w.org\/{rel}","templated":true}]}}