{"id":3706,"date":"2024-01-19T12:00:00","date_gmt":"2024-01-19T11:00:00","guid":{"rendered":"https:\/\/agrupacionespsoe.es\/castello\/?p=3706"},"modified":"2024-01-19T09:59:16","modified_gmt":"2024-01-19T08:59:16","slug":"los-vendedores-de-crecepelo","status":"publish","type":"post","link":"https:\/\/agrupacionespsoe.es\/castello\/los-vendedores-de-crecepelo\/","title":{"rendered":"Los vendedores de crecepelo"},"content":{"rendered":"\n<p>Todos y todas tenemos en la mente esas pel\u00edculas del oeste en las que sal\u00eda la figura del vendedor de crecepelo, ese personaje capaz de&nbsp;colocarte&nbsp;una f\u00f3rmula milagrosa que,&nbsp;parad\u00f3jicamente,&nbsp;era una tomadura de pelo. Estos artistas de la manipulaci\u00f3n y el enga\u00f1o perviven en el tiempo.<\/p>\n\n\n\n<p>El actual equipo de gobierno del Ayuntamiento de Castell\u00f3 est\u00e1 plagado de embaucadores, pero les reconozco\u00a0su arte de trileros. Desde el portavoz del equipo de gobierno, <strong>Vicent Sales<\/strong>, que\u00a0en\u00a0los plenos nos demuestra habitualmente su incontrolable bilis en intervenciones\u00a0dignas\u00a0de un charlat\u00e1n; pasando por el portavoz del PP, <strong>Sergio Toledo<\/strong>, el mamporrero del grupo capaz de hablar y hablar sin nada que aportar; o el concejal de Hacienda, <strong>Juan Carlos Redondo<\/strong>, que ayer nos demostr\u00f3 sus dotes de prestidigitador, para vendernos como fant\u00e1stico un presupuesto nefasto, y\u00a0nos mostr\u00f3\u00a0su malicia para atacar a nuestra portavoz, Patricia Puerta, ausente por convalecencia m\u00e9dica.<\/p>\n\n\n\n<p>Pero no se olviden de la jefa de la cuadrilla, <strong>Bego\u00f1a Carrasco<\/strong>, a la que aplaudo por saber vender tanto lo poco que producen. Lleva meses enga\u00f1ando a la ciudadan\u00eda con promesas\u00a0incumplidas y hasta llega a\u00a0hacernos creer\u00a0que, vamos, es pr\u00e1cticamente la inventora de la Navidad. Con ella ha llegado la luz y la diversi\u00f3n, -menudo discurso ayer de postureo, se\u00f1ora Carrasco-,\u00a0pero\u00a0no se ha dado cuenta que ha unido su futuro\u00a0a los herederos del pasado m\u00e1s negro.<\/p>\n\n\n\n<p>Carrasco nos vendi\u00f3 ayer un crecepelo en forma de ciudad superguay, con&nbsp;proyectos pensados en&nbsp;las personas. Pero no, se\u00f1ora alcaldesa. Usted enga\u00f1a a los castellonenses,&nbsp;porque vende como suyas&nbsp;inversiones&nbsp;socialistas&nbsp;y&nbsp;nos intenta colar un nuevo brebaje en forma de rebaja fiscal que solo es gaseosa, con una p\u00edrrica reducci\u00f3n del IBI que apenas supondr\u00e1 pagar de media al a\u00f1o a las familias 16 euros menos.<\/p>\n\n\n\n<p>No, su presupuesto no es solidario ni social,&nbsp;porque recupera convenios a dedo para afines a PP y Vox y constatan que tenemos a una alcaldesa secuestrada por las tesis negacionistas de la ultraderecha.<\/p>\n\n\n\n<p>Castell\u00f3 no necesita faranduleros. Tenga cuidado con&nbsp;tanto crecepelo.<\/p>\n\n\n\n<p class=\"has-text-align-right\"><em><strong>Jos\u00e9 Luis L\u00f3pez Ib\u00e1\u00f1ez<\/strong><\/em><br><em>Portavoz adjunto del Grupo Municipal Socialista<\/em> <em>en el Ayuntamiento&nbsp;de Castell\u00f3<\/em><\/p>\n","protected":false},"excerpt":{"rendered":"<p>Todos y todas tenemos en la mente esas pel\u00edculas del oeste en las que sal\u00eda la figura del vendedor de crecepelo, ese personaje capaz de&nbsp;colocarte&nbsp;una f\u00f3rmula milagrosa que,&nbsp;parad\u00f3jicamente,&nbsp;era una tomadura de pelo. Estos artistas de la manipulaci\u00f3n y el enga\u00f1o perviven en el tiempo. El actual equipo de gobierno del Ayuntamiento de Castell\u00f3 est\u00e1 plagado &#8230;<\/p>\n","protected":false},"author":48,"featured_media":497,"comment_status":"open","ping_status":"open","sticky":false,"template":"","format":"standard","meta":{"_jetpack_memberships_contains_paid_content":false,"footnotes":"","jetpack_publicize_message":"","jetpack_publicize_feature_enabled":true,"jetpack_social_post_already_shared":false,"jetpack_social_options":{"image_generator_settings":{"template":"highway","default_image_id":0,"font":"","enabled":false},"version":2}},"categories":[33,50],"tags":[85],"class_list":["post-3706","post","type-post","status-publish","format-standard","has-post-thumbnail","hentry","category-gms","category-opinion","tag-jose-luis-lopez"],"yoast_head":"<!-- This site is optimized with the Yoast SEO plugin v24.0 - https:\/\/yoast.com\/wordpress\/plugins\/seo\/ -->\n<title>Los vendedores de crecepelo - PSPV-PSOE CASTELL\u00d3<\/title>\n<meta name=\"robots\" content=\"index, follow, max-snippet:-1, max-image-preview:large, max-video-preview:-1\" \/>\n<link rel=\"canonical\" href=\"https:\/\/agrupacionespsoe.es\/castello\/los-vendedores-de-crecepelo\/\" \/>\n<meta property=\"og:locale\" content=\"es_ES\" \/>\n<meta property=\"og:type\" content=\"article\" \/>\n<meta property=\"og:title\" content=\"Los vendedores de crecepelo - PSPV-PSOE CASTELL\u00d3\" \/>\n<meta property=\"og:description\" content=\"Todos y todas tenemos en la mente esas pel\u00edculas del oeste en las que sal\u00eda la figura del vendedor de crecepelo, ese personaje capaz de&nbsp;colocarte&nbsp;una f\u00f3rmula milagrosa que,&nbsp;parad\u00f3jicamente,&nbsp;era una tomadura de pelo. Estos artistas de la manipulaci\u00f3n y el enga\u00f1o perviven en el tiempo. El actual equipo de gobierno del Ayuntamiento de Castell\u00f3 est\u00e1 plagado ...\" \/>\n<meta property=\"og:url\" content=\"https:\/\/agrupacionespsoe.es\/castello\/los-vendedores-de-crecepelo\/\" \/>\n<meta property=\"og:site_name\" content=\"PSPV-PSOE CASTELL\u00d3\" \/>\n<meta property=\"article:publisher\" content=\"https:\/\/www.facebook.com\/pspv.castellodelaplana\" \/>\n<meta property=\"article:published_time\" content=\"2024-01-19T11:00:00+00:00\" \/>\n<meta property=\"article:modified_time\" content=\"2024-01-19T08:59:16+00:00\" \/>\n<meta property=\"og:image\" content=\"https:\/\/agrupacionespsoe.es\/castello\/wp-content\/uploads\/sites\/45\/2023\/04\/2.-JOSE-LUIS-LOPEZ-IBANEZ-2-scaled.jpg\" \/>\n\t<meta property=\"og:image:width\" content=\"2560\" \/>\n\t<meta property=\"og:image:height\" content=\"2560\" \/>\n\t<meta property=\"og:image:type\" content=\"image\/jpeg\" \/>\n<meta name=\"author\" content=\"castello1\" \/>\n<meta name=\"twitter:card\" content=\"summary_large_image\" \/>\n<meta name=\"twitter:creator\" content=\"@pspv_cs\" \/>\n<meta name=\"twitter:site\" content=\"@pspv_cs\" \/>\n<meta name=\"twitter:label1\" content=\"Escrito por\" \/>\n\t<meta name=\"twitter:data1\" content=\"castello1\" \/>\n\t<meta name=\"twitter:label2\" content=\"Tiempo de lectura\" \/>\n\t<meta name=\"twitter:data2\" content=\"2 minutos\" \/>\n<script type=\"application\/ld+json\" class=\"yoast-schema-graph\">{\"@context\":\"https:\/\/schema.org\",\"@graph\":[{\"@type\":\"Article\",\"@id\":\"https:\/\/agrupacionespsoe.es\/castello\/los-vendedores-de-crecepelo\/#article\",\"isPartOf\":{\"@id\":\"https:\/\/agrupacionespsoe.es\/castello\/los-vendedores-de-crecepelo\/\"},\"author\":{\"name\":\"castello1\",\"@id\":\"https:\/\/agrupacionespsoe.es\/castello\/#\/schema\/person\/f3bc5b2f9dc6a399e9e98596ae24a20a\"},\"headline\":\"Los vendedores de crecepelo\",\"datePublished\":\"2024-01-19T11:00:00+00:00\",\"dateModified\":\"2024-01-19T08:59:16+00:00\",\"mainEntityOfPage\":{\"@id\":\"https:\/\/agrupacionespsoe.es\/castello\/los-vendedores-de-crecepelo\/\"},\"wordCount\":401,\"commentCount\":0,\"publisher\":{\"@id\":\"https:\/\/agrupacionespsoe.es\/castello\/#organization\"},\"image\":{\"@id\":\"https:\/\/agrupacionespsoe.es\/castello\/los-vendedores-de-crecepelo\/#primaryimage\"},\"thumbnailUrl\":\"https:\/\/agrupacionespsoe.es\/castello\/wp-content\/uploads\/sites\/45\/2023\/04\/2.-JOSE-LUIS-LOPEZ-IBANEZ-2-scaled.jpg\",\"keywords\":[\"Jos\u00e9 Luis L\u00f3pez\"],\"articleSection\":[\"Grupo Municipal Socialista\",\"Opini\u00f3n\"],\"inLanguage\":\"es\",\"potentialAction\":[{\"@type\":\"CommentAction\",\"name\":\"Comment\",\"target\":[\"https:\/\/agrupacionespsoe.es\/castello\/los-vendedores-de-crecepelo\/#respond\"]}]},{\"@type\":\"WebPage\",\"@id\":\"https:\/\/agrupacionespsoe.es\/castello\/los-vendedores-de-crecepelo\/\",\"url\":\"https:\/\/agrupacionespsoe.es\/castello\/los-vendedores-de-crecepelo\/\",\"name\":\"Los vendedores de crecepelo - PSPV-PSOE CASTELL\u00d3\",\"isPartOf\":{\"@id\":\"https:\/\/agrupacionespsoe.es\/castello\/#website\"},\"primaryImageOfPage\":{\"@id\":\"https:\/\/agrupacionespsoe.es\/castello\/los-vendedores-de-crecepelo\/#primaryimage\"},\"image\":{\"@id\":\"https:\/\/agrupacionespsoe.es\/castello\/los-vendedores-de-crecepelo\/#primaryimage\"},\"thumbnailUrl\":\"https:\/\/agrupacionespsoe.es\/castello\/wp-content\/uploads\/sites\/45\/2023\/04\/2.-JOSE-LUIS-LOPEZ-IBANEZ-2-scaled.jpg\",\"datePublished\":\"2024-01-19T11:00:00+00:00\",\"dateModified\":\"2024-01-19T08:59:16+00:00\",\"breadcrumb\":{\"@id\":\"https:\/\/agrupacionespsoe.es\/castello\/los-vendedores-de-crecepelo\/#breadcrumb\"},\"inLanguage\":\"es\",\"potentialAction\":[{\"@type\":\"ReadAction\",\"target\":[\"https:\/\/agrupacionespsoe.es\/castello\/los-vendedores-de-crecepelo\/\"]}]},{\"@type\":\"ImageObject\",\"inLanguage\":\"es\",\"@id\":\"https:\/\/agrupacionespsoe.es\/castello\/los-vendedores-de-crecepelo\/#primaryimage\",\"url\":\"https:\/\/agrupacionespsoe.es\/castello\/wp-content\/uploads\/sites\/45\/2023\/04\/2.-JOSE-LUIS-LOPEZ-IBANEZ-2-scaled.jpg\",\"contentUrl\":\"https:\/\/agrupacionespsoe.es\/castello\/wp-content\/uploads\/sites\/45\/2023\/04\/2.-JOSE-LUIS-LOPEZ-IBANEZ-2-scaled.jpg\",\"width\":2560,\"height\":2560},{\"@type\":\"BreadcrumbList\",\"@id\":\"https:\/\/agrupacionespsoe.es\/castello\/los-vendedores-de-crecepelo\/#breadcrumb\",\"itemListElement\":[{\"@type\":\"ListItem\",\"position\":1,\"name\":\"Portada\",\"item\":\"https:\/\/agrupacionespsoe.es\/castello\/\"},{\"@type\":\"ListItem\",\"position\":2,\"name\":\"Los vendedores de crecepelo\"}]},{\"@type\":\"WebSite\",\"@id\":\"https:\/\/agrupacionespsoe.es\/castello\/#website\",\"url\":\"https:\/\/agrupacionespsoe.es\/castello\/\",\"name\":\"PSPV-PSOE CASTELL\u00d3\",\"description\":\"PSPV-PSOE | Agrupaci\u00f3 de Castell\u00f3\",\"publisher\":{\"@id\":\"https:\/\/agrupacionespsoe.es\/castello\/#organization\"},\"potentialAction\":[{\"@type\":\"SearchAction\",\"target\":{\"@type\":\"EntryPoint\",\"urlTemplate\":\"https:\/\/agrupacionespsoe.es\/castello\/?s={search_term_string}\"},\"query-input\":{\"@type\":\"PropertyValueSpecification\",\"valueRequired\":true,\"valueName\":\"search_term_string\"}}],\"inLanguage\":\"es\"},{\"@type\":\"Organization\",\"@id\":\"https:\/\/agrupacionespsoe.es\/castello\/#organization\",\"name\":\"PSPV-PSOE Castell\u00f3\",\"url\":\"https:\/\/agrupacionespsoe.es\/castello\/\",\"logo\":{\"@type\":\"ImageObject\",\"inLanguage\":\"es\",\"@id\":\"https:\/\/agrupacionespsoe.es\/castello\/#\/schema\/logo\/image\/\",\"url\":\"https:\/\/agrupacionespsoe.es\/castello\/wp-content\/uploads\/sites\/45\/2023\/04\/PORTADA-PSOE-CASTELLO.jpg\",\"contentUrl\":\"https:\/\/agrupacionespsoe.es\/castello\/wp-content\/uploads\/sites\/45\/2023\/04\/PORTADA-PSOE-CASTELLO.jpg\",\"width\":2500,\"height\":2500,\"caption\":\"PSPV-PSOE Castell\u00f3\"},\"image\":{\"@id\":\"https:\/\/agrupacionespsoe.es\/castello\/#\/schema\/logo\/image\/\"},\"sameAs\":[\"https:\/\/www.facebook.com\/pspv.castellodelaplana\",\"https:\/\/x.com\/pspv_cs\",\"https:\/\/www.instagram.com\/pspvpsoecastello\/\"]},{\"@type\":\"Person\",\"@id\":\"https:\/\/agrupacionespsoe.es\/castello\/#\/schema\/person\/f3bc5b2f9dc6a399e9e98596ae24a20a\",\"name\":\"castello1\",\"image\":{\"@type\":\"ImageObject\",\"inLanguage\":\"es\",\"@id\":\"https:\/\/agrupacionespsoe.es\/castello\/#\/schema\/person\/image\/\",\"url\":\"https:\/\/secure.gravatar.com\/avatar\/5f1da428d6479d1127419c0b58796865?s=96&d=mm&r=g\",\"contentUrl\":\"https:\/\/secure.gravatar.com\/avatar\/5f1da428d6479d1127419c0b58796865?s=96&d=mm&r=g\",\"caption\":\"castello1\"},\"url\":\"https:\/\/agrupacionespsoe.es\/castello\/author\/castello1\/\"}]}<\/script>\n<!-- \/ Yoast SEO plugin. -->","yoast_head_json":{"title":"Los vendedores de crecepelo - PSPV-PSOE CASTELL\u00d3","robots":{"index":"index","follow":"follow","max-snippet":"max-snippet:-1","max-image-preview":"max-image-preview:large","max-video-preview":"max-video-preview:-1"},"canonical":"https:\/\/agrupacionespsoe.es\/castello\/los-vendedores-de-crecepelo\/","og_locale":"es_ES","og_type":"article","og_title":"Los vendedores de crecepelo - PSPV-PSOE CASTELL\u00d3","og_description":"Todos y todas tenemos en la mente esas pel\u00edculas del oeste en las que sal\u00eda la figura del vendedor de crecepelo, ese personaje capaz de&nbsp;colocarte&nbsp;una f\u00f3rmula milagrosa que,&nbsp;parad\u00f3jicamente,&nbsp;era una tomadura de pelo. Estos artistas de la manipulaci\u00f3n y el enga\u00f1o perviven en el tiempo. El actual equipo de gobierno del Ayuntamiento de Castell\u00f3 est\u00e1 plagado ...","og_url":"https:\/\/agrupacionespsoe.es\/castello\/los-vendedores-de-crecepelo\/","og_site_name":"PSPV-PSOE CASTELL\u00d3","article_publisher":"https:\/\/www.facebook.com\/pspv.castellodelaplana","article_published_time":"2024-01-19T11:00:00+00:00","article_modified_time":"2024-01-19T08:59:16+00:00","og_image":[{"width":2560,"height":2560,"url":"https:\/\/agrupacionespsoe.es\/castello\/wp-content\/uploads\/sites\/45\/2023\/04\/2.-JOSE-LUIS-LOPEZ-IBANEZ-2-scaled.jpg","type":"image\/jpeg"}],"author":"castello1","twitter_card":"summary_large_image","twitter_creator":"@pspv_cs","twitter_site":"@pspv_cs","twitter_misc":{"Escrito por":"castello1","Tiempo de lectura":"2 minutos"},"schema":{"@context":"https:\/\/schema.org","@graph":[{"@type":"Article","@id":"https:\/\/agrupacionespsoe.es\/castello\/los-vendedores-de-crecepelo\/#article","isPartOf":{"@id":"https:\/\/agrupacionespsoe.es\/castello\/los-vendedores-de-crecepelo\/"},"author":{"name":"castello1","@id":"https:\/\/agrupacionespsoe.es\/castello\/#\/schema\/person\/f3bc5b2f9dc6a399e9e98596ae24a20a"},"headline":"Los vendedores de crecepelo","datePublished":"2024-01-19T11:00:00+00:00","dateModified":"2024-01-19T08:59:16+00:00","mainEntityOfPage":{"@id":"https:\/\/agrupacionespsoe.es\/castello\/los-vendedores-de-crecepelo\/"},"wordCount":401,"commentCount":0,"publisher":{"@id":"https:\/\/agrupacionespsoe.es\/castello\/#organization"},"image":{"@id":"https:\/\/agrupacionespsoe.es\/castello\/los-vendedores-de-crecepelo\/#primaryimage"},"thumbnailUrl":"https:\/\/agrupacionespsoe.es\/castello\/wp-content\/uploads\/sites\/45\/2023\/04\/2.-JOSE-LUIS-LOPEZ-IBANEZ-2-scaled.jpg","keywords":["Jos\u00e9 Luis L\u00f3pez"],"articleSection":["Grupo Municipal Socialista","Opini\u00f3n"],"inLanguage":"es","potentialAction":[{"@type":"CommentAction","name":"Comment","target":["https:\/\/agrupacionespsoe.es\/castello\/los-vendedores-de-crecepelo\/#respond"]}]},{"@type":"WebPage","@id":"https:\/\/agrupacionespsoe.es\/castello\/los-vendedores-de-crecepelo\/","url":"https:\/\/agrupacionespsoe.es\/castello\/los-vendedores-de-crecepelo\/","name":"Los vendedores de crecepelo - PSPV-PSOE CASTELL\u00d3","isPartOf":{"@id":"https:\/\/agrupacionespsoe.es\/castello\/#website"},"primaryImageOfPage":{"@id":"https:\/\/agrupacionespsoe.es\/castello\/los-vendedores-de-crecepelo\/#primaryimage"},"image":{"@id":"https:\/\/agrupacionespsoe.es\/castello\/los-vendedores-de-crecepelo\/#primaryimage"},"thumbnailUrl":"https:\/\/agrupacionespsoe.es\/castello\/wp-content\/uploads\/sites\/45\/2023\/04\/2.-JOSE-LUIS-LOPEZ-IBANEZ-2-scaled.jpg","datePublished":"2024-01-19T11:00:00+00:00","dateModified":"2024-01-19T08:59:16+00:00","breadcrumb":{"@id":"https:\/\/agrupacionespsoe.es\/castello\/los-vendedores-de-crecepelo\/#breadcrumb"},"inLanguage":"es","potentialAction":[{"@type":"ReadAction","target":["https:\/\/agrupacionespsoe.es\/castello\/los-vendedores-de-crecepelo\/"]}]},{"@type":"ImageObject","inLanguage":"es","@id":"https:\/\/agrupacionespsoe.es\/castello\/los-vendedores-de-crecepelo\/#primaryimage","url":"https:\/\/agrupacionespsoe.es\/castello\/wp-content\/uploads\/sites\/45\/2023\/04\/2.-JOSE-LUIS-LOPEZ-IBANEZ-2-scaled.jpg","contentUrl":"https:\/\/agrupacionespsoe.es\/castello\/wp-content\/uploads\/sites\/45\/2023\/04\/2.-JOSE-LUIS-LOPEZ-IBANEZ-2-scaled.jpg","width":2560,"height":2560},{"@type":"BreadcrumbList","@id":"https:\/\/agrupacionespsoe.es\/castello\/los-vendedores-de-crecepelo\/#breadcrumb","itemListElement":[{"@type":"ListItem","position":1,"name":"Portada","item":"https:\/\/agrupacionespsoe.es\/castello\/"},{"@type":"ListItem","position":2,"name":"Los vendedores de crecepelo"}]},{"@type":"WebSite","@id":"https:\/\/agrupacionespsoe.es\/castello\/#website","url":"https:\/\/agrupacionespsoe.es\/castello\/","name":"PSPV-PSOE CASTELL\u00d3","description":"PSPV-PSOE | Agrupaci\u00f3 de Castell\u00f3","publisher":{"@id":"https:\/\/agrupacionespsoe.es\/castello\/#organization"},"potentialAction":[{"@type":"SearchAction","target":{"@type":"EntryPoint","urlTemplate":"https:\/\/agrupacionespsoe.es\/castello\/?s={search_term_string}"},"query-input":{"@type":"PropertyValueSpecification","valueRequired":true,"valueName":"search_term_string"}}],"inLanguage":"es"},{"@type":"Organization","@id":"https:\/\/agrupacionespsoe.es\/castello\/#organization","name":"PSPV-PSOE Castell\u00f3","url":"https:\/\/agrupacionespsoe.es\/castello\/","logo":{"@type":"ImageObject","inLanguage":"es","@id":"https:\/\/agrupacionespsoe.es\/castello\/#\/schema\/logo\/image\/","url":"https:\/\/agrupacionespsoe.es\/castello\/wp-content\/uploads\/sites\/45\/2023\/04\/PORTADA-PSOE-CASTELLO.jpg","contentUrl":"https:\/\/agrupacionespsoe.es\/castello\/wp-content\/uploads\/sites\/45\/2023\/04\/PORTADA-PSOE-CASTELLO.jpg","width":2500,"height":2500,"caption":"PSPV-PSOE Castell\u00f3"},"image":{"@id":"https:\/\/agrupacionespsoe.es\/castello\/#\/schema\/logo\/image\/"},"sameAs":["https:\/\/www.facebook.com\/pspv.castellodelaplana","https:\/\/x.com\/pspv_cs","https:\/\/www.instagram.com\/pspvpsoecastello\/"]},{"@type":"Person","@id":"https:\/\/agrupacionespsoe.es\/castello\/#\/schema\/person\/f3bc5b2f9dc6a399e9e98596ae24a20a","name":"castello1","image":{"@type":"ImageObject","inLanguage":"es","@id":"https:\/\/agrupacionespsoe.es\/castello\/#\/schema\/person\/image\/","url":"https:\/\/secure.gravatar.com\/avatar\/5f1da428d6479d1127419c0b58796865?s=96&d=mm&r=g","contentUrl":"https:\/\/secure.gravatar.com\/avatar\/5f1da428d6479d1127419c0b58796865?s=96&d=mm&r=g","caption":"castello1"},"url":"https:\/\/agrupacionespsoe.es\/castello\/author\/castello1\/"}]}},"jetpack_publicize_connections":[],"jetpack_featured_media_url":"https:\/\/agrupacionespsoe.es\/castello\/wp-content\/uploads\/sites\/45\/2023\/04\/2.-JOSE-LUIS-LOPEZ-IBANEZ-2-scaled.jpg","jetpack_sharing_enabled":true,"_links":{"self":[{"href":"https:\/\/agrupacionespsoe.es\/castello\/wp-json\/wp\/v2\/posts\/3706","targetHints":{"allow":["GET"]}}],"collection":[{"href":"https:\/\/agrupacionespsoe.es\/castello\/wp-json\/wp\/v2\/posts"}],"about":[{"href":"https:\/\/agrupacionespsoe.es\/castello\/wp-json\/wp\/v2\/types\/post"}],"author":[{"embeddable":true,"href":"https:\/\/agrupacionespsoe.es\/castello\/wp-json\/wp\/v2\/users\/48"}],"replies":[{"embeddable":true,"href":"https:\/\/agrupacionespsoe.es\/castello\/wp-json\/wp\/v2\/comments?post=3706"}],"version-history":[{"count":3,"href":"https:\/\/agrupacionespsoe.es\/castello\/wp-json\/wp\/v2\/posts\/3706\/revisions"}],"predecessor-version":[{"id":3711,"href":"https:\/\/agrupacionespsoe.es\/castello\/wp-json\/wp\/v2\/posts\/3706\/revisions\/3711"}],"wp:featuredmedia":[{"embeddable":true,"href":"https:\/\/agrupacionespsoe.es\/castello\/wp-json\/wp\/v2\/media\/497"}],"wp:attachment":[{"href":"https:\/\/agrupacionespsoe.es\/castello\/wp-json\/wp\/v2\/media?parent=3706"}],"wp:term":[{"taxonomy":"category","embeddable":true,"href":"https:\/\/agrupacionespsoe.es\/castello\/wp-json\/wp\/v2\/categories?post=3706"},{"taxonomy":"post_tag","embeddable":true,"href":"https:\/\/agrupacionespsoe.es\/castello\/wp-json\/wp\/v2\/tags?post=3706"}],"curies":[{"name":"wp","href":"https:\/\/api.w.org\/{rel}","templated":true}]}}