{"id":3385,"date":"2023-12-12T16:27:40","date_gmt":"2023-12-12T15:27:40","guid":{"rendered":"https:\/\/agrupacionespsoe.es\/castello\/?p=3385"},"modified":"2024-06-19T11:19:07","modified_gmt":"2024-06-19T09:19:07","slug":"el-pspv-de-castello-presenta-una-declaracio-institucional-per-a-reclamar-a-la-generalitat-que-dote-de-mitjans-materials-i-humans-als-centres-de-salut-de-la-ciutat","status":"publish","type":"post","link":"https:\/\/agrupacionespsoe.es\/castello\/va\/el-pspv-de-castello-presenta-una-declaracio-institucional-per-a-reclamar-a-la-generalitat-que-dote-de-mitjans-materials-i-humans-als-centres-de-salut-de-la-ciutat\/","title":{"rendered":"El PSPV de Castell\u00f3 presenta una Declaraci\u00f3 Institucional per a reclamar a la Generalitat que dote de mitjans materials i humans als centres de salut de la ciutat"},"content":{"rendered":"\n<p><em><strong>La proposta del Grup Municipal Socialista incideix en l&#8217;actual saturaci\u00f3 del\u00a0Servei d&#8217;Atenci\u00f3 Prim\u00e0ria i planteja el suport de tots els grups pol\u00edtics de l&#8217;ajuntament per a millorar les condicions laborals dels sanitaris i prestar un servei de qualitat als pacients<\/strong><\/em><\/p>\n\n\n\n<p>El Grup Municipal Socialista ha registrat una Declaraci\u00f3 Institucional per a reclamar a la Conselleria de&nbsp;Sanitat que dote dels mitjans materials i professionals necessaris als centres d&#8217;Atenci\u00f3 Prim\u00e0ria de Castell\u00f3 amb la finalitat de prestar un servei de qualitat i evitar aix\u00ed la saturaci\u00f3 del sistema sanitari.<\/p>\n\n\n\n<p>La proposta socialista, que busca l&#8217;acord de tots els grups pol\u00edtics per a poder aprovar-la en el ple del dijous 21 de desembre, recull tamb\u00e9 instar l&#8217;administraci\u00f3 auton\u00f2mica que adopte les mesures necess\u00e0ries per a prestar, ja siga a nivell presencial com a via telef\u00f2nica, una atenci\u00f3 amb totes les garanties per al pacient i per al facultatiu.<\/p>\n\n\n\n<p>En aquesta l\u00ednia, en la iniciativa tamb\u00e9 es reclama a la Generalitat Valenciana que complisca amb els terminis per a la construcci\u00f3 del centre de salut Sequiol i que s&#8217;\u00f2briga el servei d&#8217;Urg\u00e8ncies del centre de salut Raval-Universitat.<\/p>\n\n\n\n<p>L&#8217;Atenci\u00f3 Prim\u00e0ria a Espanya, tal com se subratlla en la proposta de Declaraci\u00f3 Institucional, \u00e9s una dels nostres senyals d&#8217;identitat i pilar fonamental per a aconseguir el dret a la protecci\u00f3 de la salut i poder garantir una atenci\u00f3 pr\u00f2xima, equitativa i cohesionada en tot el territori.<\/p>\n\n\n\n<p>El Sistema d&#8217;Atenci\u00f3 Prim\u00e0ria, que s&#8217;ha vist afectat per la recent pand\u00e8mia de la Colvid-19, passa en l&#8217;actualitat per complicats moments en els diferents centres sanitaris i ambulatoris de la nostra ciutat, amb una saturaci\u00f3 en el servei que provoca conseq\u00fc\u00e8ncies en l&#8217;atenci\u00f3 que es presta a la ciutadania.<\/p>\n\n\n\n<p>La Conselleria de Sanitat, en aquests cinc mesos del nou govern auton\u00f2mic, no ha abordat fins a la data amb efic\u00e0cia i agilitat les necessitats del servei, per la qual cosa deixa solos als professionals sanitaris i usuaris, que veuen com des de l&#8217;Administraci\u00f3 Auton\u00f2mica es demora un pla efectiu que dote de m\u00e9s recursos sanitaris a la ciutat de Castell\u00f3, per a acabar aix\u00ed amb les llistes d&#8217;espera.<\/p>\n\n\n\n<p>Aix\u00ed mateix, des de la Conselleria de Sanitat s&#8217;ha anunciat que nom\u00e9s es donaran a con\u00e9ixer les llistes d&#8217;espera dues vegades a l&#8217;any en lloc d&#8217;una vegada al mes, com es feia fins el mes de juliol passat, el que deixa als ciutadans i ciutadanes sense informaci\u00f3 per a fiscalitzar la gesti\u00f3 sanit\u00e0ria de la Generalitat.<\/p>\n\n\n\n<p>La ciutadania trasllada la dificultat que suposa contactar a vegades amb els centres de salut per a demanar cita amb el seu metge d&#8217;atenci\u00f3 prim\u00e0ria. A aix\u00f2 s&#8217;uneix aconseguir cita amb una demora superior moltes vegades a set dies, ja siga presencial o via telef\u00f2nica. Pese a l&#8217;enorme esfor\u00e7 del personal sanitari per a reduir al m\u00e0xim els temps i agilitzar les llistes d&#8217;espera, s\u00f3n moltes les persones que opten per acudir als serveis d&#8217;Urg\u00e8ncies, la qual cosa suposa la saturaci\u00f3 del sistema.<\/p>\n\n\n\n<p>Des de la ger\u00e8ncia del Departament de Salut de Castell\u00f3 s&#8217;ha reconegut recentment, tal com han recollit els mitjans de comunicaci\u00f3, que Atenci\u00f3 Prim\u00e0ria t\u00e9 un d\u00e8ficit de personal, la qual cosa suposa crear un nus que afecta de manera exponencial a serveis com a Urg\u00e8ncies de l&#8217;Hospital General Universitari de Castell\u00f3.<\/p>\n\n\n\n<p>Per part seua, des de la direcci\u00f3 del Col\u00b7legi Oficial de Metges de Castell\u00f3&nbsp;(Comcas) s&#8217;ha advertit aquest mateix mes de desembre de la falta de recursos en personal i infraestructures en diversos centres hospitalaris i de salut de la prov\u00edncia, que al seu judici ens situa en posici\u00f3 de desigualtat respecte a la resta de la Comunitat Valenciana.<\/p>\n\n\n\n<p>Des del Grup Municipal Socialista es recorda a m\u00e9s que la ciutat de Castell\u00f3 t\u00e9 en marxa les obres per a construir el centre de salut de Sequiol, per\u00f2 segueix pendent que s&#8217;\u00f2briga el servei d&#8217;Urg\u00e8ncies del centre de salut Raval-Universitat. \u201cTot aix\u00f2 deixa com a conclusi\u00f3 que ha de ser prioritari per a la Generalitat Valenciana dotar de serveis, recursos i personal al sistema sanitari p\u00fablic per a posar fi a aquesta situaci\u00f3\u201d, conclou el text.<\/p>\n","protected":false},"excerpt":{"rendered":"<p>La proposta del Grup Municipal Socialista incideix en l&#8217;actual saturaci\u00f3 del\u00a0Servei d&#8217;Atenci\u00f3 Prim\u00e0ria i planteja el suport de tots els grups pol\u00edtics de l&#8217;ajuntament per a millorar les condicions laborals dels sanitaris i prestar un servei de qualitat als pacients El Grup Municipal Socialista ha registrat una Declaraci\u00f3 Institucional per a reclamar a la Conselleria &#8230;<\/p>\n","protected":false},"author":48,"featured_media":3382,"comment_status":"open","ping_status":"open","sticky":false,"template":"","format":"standard","meta":{"_jetpack_memberships_contains_paid_content":false,"footnotes":"","jetpack_publicize_message":"","jetpack_publicize_feature_enabled":true,"jetpack_social_post_already_shared":false,"jetpack_social_options":{"image_generator_settings":{"template":"highway","default_image_id":0,"font":"","enabled":false},"version":2}},"categories":[22],"tags":[97,105,93,87,113,101,109,83,117],"class_list":["post-3385","post","type-post","status-publish","format-standard","has-post-thumbnail","hentry","category-gms-va","tag-anun-lainez-va","tag-joaquin-giner-va","tag-jorge-ribes-va","tag-jose-luis-lopez-va","tag-jose-segura-va","tag-mary-carmen-ribera-va","tag-monica-barabas-va","tag-patricia-puerta-va","tag-pilar-escuder-va"],"yoast_head":"<!-- This site is optimized with the Yoast SEO plugin v24.0 - https:\/\/yoast.com\/wordpress\/plugins\/seo\/ -->\n<title>El PSPV de Castell\u00f3 presenta una Declaraci\u00f3 Institucional per a reclamar a la Generalitat que dote de mitjans materials i humans als centres de salut de la ciutat - PSPV-PSOE CASTELL\u00d3<\/title>\n<meta name=\"robots\" content=\"index, follow, max-snippet:-1, max-image-preview:large, max-video-preview:-1\" \/>\n<link rel=\"canonical\" href=\"https:\/\/agrupacionespsoe.es\/castello\/va\/el-pspv-de-castello-presenta-una-declaracio-institucional-per-a-reclamar-a-la-generalitat-que-dote-de-mitjans-materials-i-humans-als-centres-de-salut-de-la-ciutat\/\" \/>\n<meta property=\"og:locale\" content=\"es_ES\" \/>\n<meta property=\"og:type\" content=\"article\" \/>\n<meta property=\"og:title\" content=\"El PSPV de Castell\u00f3 presenta una Declaraci\u00f3 Institucional per a reclamar a la Generalitat que dote de mitjans materials i humans als centres de salut de la ciutat - PSPV-PSOE CASTELL\u00d3\" \/>\n<meta property=\"og:description\" content=\"La proposta del Grup Municipal Socialista incideix en l&#8217;actual saturaci\u00f3 del\u00a0Servei d&#8217;Atenci\u00f3 Prim\u00e0ria i planteja el suport de tots els grups pol\u00edtics de l&#8217;ajuntament per a millorar les condicions laborals dels sanitaris i prestar un servei de qualitat als pacients El Grup Municipal Socialista ha registrat una Declaraci\u00f3 Institucional per a reclamar a la Conselleria ...\" \/>\n<meta property=\"og:url\" content=\"https:\/\/agrupacionespsoe.es\/castello\/va\/el-pspv-de-castello-presenta-una-declaracio-institucional-per-a-reclamar-a-la-generalitat-que-dote-de-mitjans-materials-i-humans-als-centres-de-salut-de-la-ciutat\/\" \/>\n<meta property=\"og:site_name\" content=\"PSPV-PSOE CASTELL\u00d3\" \/>\n<meta property=\"article:publisher\" content=\"https:\/\/www.facebook.com\/pspv.castellodelaplana\" \/>\n<meta property=\"article:published_time\" content=\"2023-12-12T15:27:40+00:00\" \/>\n<meta property=\"article:modified_time\" content=\"2024-06-19T09:19:07+00:00\" \/>\n<meta property=\"og:image\" content=\"https:\/\/agrupacionespsoe.es\/castello\/wp-content\/uploads\/sites\/45\/2023\/12\/20231212-El-PSPV-de-Castello-presenta-una-Declaracion-Institucional-para-reclamar-a-la-Generalitat.jpeg\" \/>\n\t<meta property=\"og:image:width\" content=\"1600\" \/>\n\t<meta property=\"og:image:height\" content=\"1066\" \/>\n\t<meta property=\"og:image:type\" content=\"image\/jpeg\" \/>\n<meta name=\"author\" content=\"castello1\" \/>\n<meta name=\"twitter:card\" content=\"summary_large_image\" \/>\n<meta name=\"twitter:creator\" content=\"@pspv_cs\" \/>\n<meta name=\"twitter:site\" content=\"@pspv_cs\" \/>\n<meta name=\"twitter:label1\" content=\"Escrito por\" \/>\n\t<meta name=\"twitter:data1\" content=\"castello1\" \/>\n\t<meta name=\"twitter:label2\" content=\"Tiempo de lectura\" \/>\n\t<meta name=\"twitter:data2\" content=\"4 minutos\" \/>\n<script type=\"application\/ld+json\" class=\"yoast-schema-graph\">{\"@context\":\"https:\/\/schema.org\",\"@graph\":[{\"@type\":\"Article\",\"@id\":\"https:\/\/agrupacionespsoe.es\/castello\/va\/el-pspv-de-castello-presenta-una-declaracio-institucional-per-a-reclamar-a-la-generalitat-que-dote-de-mitjans-materials-i-humans-als-centres-de-salut-de-la-ciutat\/#article\",\"isPartOf\":{\"@id\":\"https:\/\/agrupacionespsoe.es\/castello\/va\/el-pspv-de-castello-presenta-una-declaracio-institucional-per-a-reclamar-a-la-generalitat-que-dote-de-mitjans-materials-i-humans-als-centres-de-salut-de-la-ciutat\/\"},\"author\":{\"name\":\"castello1\",\"@id\":\"https:\/\/agrupacionespsoe.es\/castello\/#\/schema\/person\/f3bc5b2f9dc6a399e9e98596ae24a20a\"},\"headline\":\"El PSPV de Castell\u00f3 presenta una Declaraci\u00f3 Institucional per a reclamar a la Generalitat que dote de mitjans materials i humans als centres de salut de la ciutat\",\"datePublished\":\"2023-12-12T15:27:40+00:00\",\"dateModified\":\"2024-06-19T09:19:07+00:00\",\"mainEntityOfPage\":{\"@id\":\"https:\/\/agrupacionespsoe.es\/castello\/va\/el-pspv-de-castello-presenta-una-declaracio-institucional-per-a-reclamar-a-la-generalitat-que-dote-de-mitjans-materials-i-humans-als-centres-de-salut-de-la-ciutat\/\"},\"wordCount\":743,\"commentCount\":0,\"publisher\":{\"@id\":\"https:\/\/agrupacionespsoe.es\/castello\/#organization\"},\"image\":{\"@id\":\"https:\/\/agrupacionespsoe.es\/castello\/va\/el-pspv-de-castello-presenta-una-declaracio-institucional-per-a-reclamar-a-la-generalitat-que-dote-de-mitjans-materials-i-humans-als-centres-de-salut-de-la-ciutat\/#primaryimage\"},\"thumbnailUrl\":\"https:\/\/agrupacionespsoe.es\/castello\/wp-content\/uploads\/sites\/45\/2023\/12\/20231212-El-PSPV-de-Castello-presenta-una-Declaracion-Institucional-para-reclamar-a-la-Generalitat.jpeg\",\"keywords\":[\"Anun L\u00e1inez\",\"Joaqu\u00edn Giner\",\"Jorge Ribes\",\"Jos\u00e9 Luis L\u00f3pez\",\"Jos\u00e9 Segura\",\"Mary Carmen Ribera\",\"M\u00f3nica Barab\u00e1s\",\"Patricia Puerta\",\"Pilar Escuder\"],\"articleSection\":[\"Grup Municipal Socialista\"],\"inLanguage\":\"es\",\"potentialAction\":[{\"@type\":\"CommentAction\",\"name\":\"Comment\",\"target\":[\"https:\/\/agrupacionespsoe.es\/castello\/va\/el-pspv-de-castello-presenta-una-declaracio-institucional-per-a-reclamar-a-la-generalitat-que-dote-de-mitjans-materials-i-humans-als-centres-de-salut-de-la-ciutat\/#respond\"]}]},{\"@type\":\"WebPage\",\"@id\":\"https:\/\/agrupacionespsoe.es\/castello\/va\/el-pspv-de-castello-presenta-una-declaracio-institucional-per-a-reclamar-a-la-generalitat-que-dote-de-mitjans-materials-i-humans-als-centres-de-salut-de-la-ciutat\/\",\"url\":\"https:\/\/agrupacionespsoe.es\/castello\/va\/el-pspv-de-castello-presenta-una-declaracio-institucional-per-a-reclamar-a-la-generalitat-que-dote-de-mitjans-materials-i-humans-als-centres-de-salut-de-la-ciutat\/\",\"name\":\"El PSPV de Castell\u00f3 presenta una Declaraci\u00f3 Institucional per a reclamar a la Generalitat que dote de mitjans materials i humans als centres de salut de la ciutat - PSPV-PSOE CASTELL\u00d3\",\"isPartOf\":{\"@id\":\"https:\/\/agrupacionespsoe.es\/castello\/#website\"},\"primaryImageOfPage\":{\"@id\":\"https:\/\/agrupacionespsoe.es\/castello\/va\/el-pspv-de-castello-presenta-una-declaracio-institucional-per-a-reclamar-a-la-generalitat-que-dote-de-mitjans-materials-i-humans-als-centres-de-salut-de-la-ciutat\/#primaryimage\"},\"image\":{\"@id\":\"https:\/\/agrupacionespsoe.es\/castello\/va\/el-pspv-de-castello-presenta-una-declaracio-institucional-per-a-reclamar-a-la-generalitat-que-dote-de-mitjans-materials-i-humans-als-centres-de-salut-de-la-ciutat\/#primaryimage\"},\"thumbnailUrl\":\"https:\/\/agrupacionespsoe.es\/castello\/wp-content\/uploads\/sites\/45\/2023\/12\/20231212-El-PSPV-de-Castello-presenta-una-Declaracion-Institucional-para-reclamar-a-la-Generalitat.jpeg\",\"datePublished\":\"2023-12-12T15:27:40+00:00\",\"dateModified\":\"2024-06-19T09:19:07+00:00\",\"breadcrumb\":{\"@id\":\"https:\/\/agrupacionespsoe.es\/castello\/va\/el-pspv-de-castello-presenta-una-declaracio-institucional-per-a-reclamar-a-la-generalitat-que-dote-de-mitjans-materials-i-humans-als-centres-de-salut-de-la-ciutat\/#breadcrumb\"},\"inLanguage\":\"es\",\"potentialAction\":[{\"@type\":\"ReadAction\",\"target\":[\"https:\/\/agrupacionespsoe.es\/castello\/va\/el-pspv-de-castello-presenta-una-declaracio-institucional-per-a-reclamar-a-la-generalitat-que-dote-de-mitjans-materials-i-humans-als-centres-de-salut-de-la-ciutat\/\"]}]},{\"@type\":\"ImageObject\",\"inLanguage\":\"es\",\"@id\":\"https:\/\/agrupacionespsoe.es\/castello\/va\/el-pspv-de-castello-presenta-una-declaracio-institucional-per-a-reclamar-a-la-generalitat-que-dote-de-mitjans-materials-i-humans-als-centres-de-salut-de-la-ciutat\/#primaryimage\",\"url\":\"https:\/\/agrupacionespsoe.es\/castello\/wp-content\/uploads\/sites\/45\/2023\/12\/20231212-El-PSPV-de-Castello-presenta-una-Declaracion-Institucional-para-reclamar-a-la-Generalitat.jpeg\",\"contentUrl\":\"https:\/\/agrupacionespsoe.es\/castello\/wp-content\/uploads\/sites\/45\/2023\/12\/20231212-El-PSPV-de-Castello-presenta-una-Declaracion-Institucional-para-reclamar-a-la-Generalitat.jpeg\",\"width\":1600,\"height\":1066},{\"@type\":\"BreadcrumbList\",\"@id\":\"https:\/\/agrupacionespsoe.es\/castello\/va\/el-pspv-de-castello-presenta-una-declaracio-institucional-per-a-reclamar-a-la-generalitat-que-dote-de-mitjans-materials-i-humans-als-centres-de-salut-de-la-ciutat\/#breadcrumb\",\"itemListElement\":[{\"@type\":\"ListItem\",\"position\":1,\"name\":\"Portada\",\"item\":\"https:\/\/agrupacionespsoe.es\/castello\/\"},{\"@type\":\"ListItem\",\"position\":2,\"name\":\"El PSPV de Castell\u00f3 presenta una Declaraci\u00f3 Institucional per a reclamar a la Generalitat que dote de mitjans materials i humans als centres de salut de la ciutat\"}]},{\"@type\":\"WebSite\",\"@id\":\"https:\/\/agrupacionespsoe.es\/castello\/#website\",\"url\":\"https:\/\/agrupacionespsoe.es\/castello\/\",\"name\":\"PSPV-PSOE CASTELL\u00d3\",\"description\":\"PSPV-PSOE | Agrupaci\u00f3 de Castell\u00f3\",\"publisher\":{\"@id\":\"https:\/\/agrupacionespsoe.es\/castello\/#organization\"},\"potentialAction\":[{\"@type\":\"SearchAction\",\"target\":{\"@type\":\"EntryPoint\",\"urlTemplate\":\"https:\/\/agrupacionespsoe.es\/castello\/?s={search_term_string}\"},\"query-input\":{\"@type\":\"PropertyValueSpecification\",\"valueRequired\":true,\"valueName\":\"search_term_string\"}}],\"inLanguage\":\"es\"},{\"@type\":\"Organization\",\"@id\":\"https:\/\/agrupacionespsoe.es\/castello\/#organization\",\"name\":\"PSPV-PSOE Castell\u00f3\",\"url\":\"https:\/\/agrupacionespsoe.es\/castello\/\",\"logo\":{\"@type\":\"ImageObject\",\"inLanguage\":\"es\",\"@id\":\"https:\/\/agrupacionespsoe.es\/castello\/#\/schema\/logo\/image\/\",\"url\":\"https:\/\/agrupacionespsoe.es\/castello\/wp-content\/uploads\/sites\/45\/2023\/04\/PORTADA-PSOE-CASTELLO.jpg\",\"contentUrl\":\"https:\/\/agrupacionespsoe.es\/castello\/wp-content\/uploads\/sites\/45\/2023\/04\/PORTADA-PSOE-CASTELLO.jpg\",\"width\":2500,\"height\":2500,\"caption\":\"PSPV-PSOE Castell\u00f3\"},\"image\":{\"@id\":\"https:\/\/agrupacionespsoe.es\/castello\/#\/schema\/logo\/image\/\"},\"sameAs\":[\"https:\/\/www.facebook.com\/pspv.castellodelaplana\",\"https:\/\/x.com\/pspv_cs\",\"https:\/\/www.instagram.com\/pspvpsoecastello\/\"]},{\"@type\":\"Person\",\"@id\":\"https:\/\/agrupacionespsoe.es\/castello\/#\/schema\/person\/f3bc5b2f9dc6a399e9e98596ae24a20a\",\"name\":\"castello1\",\"image\":{\"@type\":\"ImageObject\",\"inLanguage\":\"es\",\"@id\":\"https:\/\/agrupacionespsoe.es\/castello\/#\/schema\/person\/image\/\",\"url\":\"https:\/\/secure.gravatar.com\/avatar\/5f1da428d6479d1127419c0b58796865?s=96&d=mm&r=g\",\"contentUrl\":\"https:\/\/secure.gravatar.com\/avatar\/5f1da428d6479d1127419c0b58796865?s=96&d=mm&r=g\",\"caption\":\"castello1\"},\"url\":\"https:\/\/agrupacionespsoe.es\/castello\/author\/castello1\/\"}]}<\/script>\n<!-- \/ Yoast SEO plugin. -->","yoast_head_json":{"title":"El PSPV de Castell\u00f3 presenta una Declaraci\u00f3 Institucional per a reclamar a la Generalitat que dote de mitjans materials i humans als centres de salut de la ciutat - PSPV-PSOE CASTELL\u00d3","robots":{"index":"index","follow":"follow","max-snippet":"max-snippet:-1","max-image-preview":"max-image-preview:large","max-video-preview":"max-video-preview:-1"},"canonical":"https:\/\/agrupacionespsoe.es\/castello\/va\/el-pspv-de-castello-presenta-una-declaracio-institucional-per-a-reclamar-a-la-generalitat-que-dote-de-mitjans-materials-i-humans-als-centres-de-salut-de-la-ciutat\/","og_locale":"es_ES","og_type":"article","og_title":"El PSPV de Castell\u00f3 presenta una Declaraci\u00f3 Institucional per a reclamar a la Generalitat que dote de mitjans materials i humans als centres de salut de la ciutat - PSPV-PSOE CASTELL\u00d3","og_description":"La proposta del Grup Municipal Socialista incideix en l&#8217;actual saturaci\u00f3 del\u00a0Servei d&#8217;Atenci\u00f3 Prim\u00e0ria i planteja el suport de tots els grups pol\u00edtics de l&#8217;ajuntament per a millorar les condicions laborals dels sanitaris i prestar un servei de qualitat als pacients El Grup Municipal Socialista ha registrat una Declaraci\u00f3 Institucional per a reclamar a la Conselleria ...","og_url":"https:\/\/agrupacionespsoe.es\/castello\/va\/el-pspv-de-castello-presenta-una-declaracio-institucional-per-a-reclamar-a-la-generalitat-que-dote-de-mitjans-materials-i-humans-als-centres-de-salut-de-la-ciutat\/","og_site_name":"PSPV-PSOE CASTELL\u00d3","article_publisher":"https:\/\/www.facebook.com\/pspv.castellodelaplana","article_published_time":"2023-12-12T15:27:40+00:00","article_modified_time":"2024-06-19T09:19:07+00:00","og_image":[{"width":1600,"height":1066,"url":"https:\/\/agrupacionespsoe.es\/castello\/wp-content\/uploads\/sites\/45\/2023\/12\/20231212-El-PSPV-de-Castello-presenta-una-Declaracion-Institucional-para-reclamar-a-la-Generalitat.jpeg","type":"image\/jpeg"}],"author":"castello1","twitter_card":"summary_large_image","twitter_creator":"@pspv_cs","twitter_site":"@pspv_cs","twitter_misc":{"Escrito por":"castello1","Tiempo de lectura":"4 minutos"},"schema":{"@context":"https:\/\/schema.org","@graph":[{"@type":"Article","@id":"https:\/\/agrupacionespsoe.es\/castello\/va\/el-pspv-de-castello-presenta-una-declaracio-institucional-per-a-reclamar-a-la-generalitat-que-dote-de-mitjans-materials-i-humans-als-centres-de-salut-de-la-ciutat\/#article","isPartOf":{"@id":"https:\/\/agrupacionespsoe.es\/castello\/va\/el-pspv-de-castello-presenta-una-declaracio-institucional-per-a-reclamar-a-la-generalitat-que-dote-de-mitjans-materials-i-humans-als-centres-de-salut-de-la-ciutat\/"},"author":{"name":"castello1","@id":"https:\/\/agrupacionespsoe.es\/castello\/#\/schema\/person\/f3bc5b2f9dc6a399e9e98596ae24a20a"},"headline":"El PSPV de Castell\u00f3 presenta una Declaraci\u00f3 Institucional per a reclamar a la Generalitat que dote de mitjans materials i humans als centres de salut de la ciutat","datePublished":"2023-12-12T15:27:40+00:00","dateModified":"2024-06-19T09:19:07+00:00","mainEntityOfPage":{"@id":"https:\/\/agrupacionespsoe.es\/castello\/va\/el-pspv-de-castello-presenta-una-declaracio-institucional-per-a-reclamar-a-la-generalitat-que-dote-de-mitjans-materials-i-humans-als-centres-de-salut-de-la-ciutat\/"},"wordCount":743,"commentCount":0,"publisher":{"@id":"https:\/\/agrupacionespsoe.es\/castello\/#organization"},"image":{"@id":"https:\/\/agrupacionespsoe.es\/castello\/va\/el-pspv-de-castello-presenta-una-declaracio-institucional-per-a-reclamar-a-la-generalitat-que-dote-de-mitjans-materials-i-humans-als-centres-de-salut-de-la-ciutat\/#primaryimage"},"thumbnailUrl":"https:\/\/agrupacionespsoe.es\/castello\/wp-content\/uploads\/sites\/45\/2023\/12\/20231212-El-PSPV-de-Castello-presenta-una-Declaracion-Institucional-para-reclamar-a-la-Generalitat.jpeg","keywords":["Anun L\u00e1inez","Joaqu\u00edn Giner","Jorge Ribes","Jos\u00e9 Luis L\u00f3pez","Jos\u00e9 Segura","Mary Carmen Ribera","M\u00f3nica Barab\u00e1s","Patricia Puerta","Pilar Escuder"],"articleSection":["Grup Municipal Socialista"],"inLanguage":"es","potentialAction":[{"@type":"CommentAction","name":"Comment","target":["https:\/\/agrupacionespsoe.es\/castello\/va\/el-pspv-de-castello-presenta-una-declaracio-institucional-per-a-reclamar-a-la-generalitat-que-dote-de-mitjans-materials-i-humans-als-centres-de-salut-de-la-ciutat\/#respond"]}]},{"@type":"WebPage","@id":"https:\/\/agrupacionespsoe.es\/castello\/va\/el-pspv-de-castello-presenta-una-declaracio-institucional-per-a-reclamar-a-la-generalitat-que-dote-de-mitjans-materials-i-humans-als-centres-de-salut-de-la-ciutat\/","url":"https:\/\/agrupacionespsoe.es\/castello\/va\/el-pspv-de-castello-presenta-una-declaracio-institucional-per-a-reclamar-a-la-generalitat-que-dote-de-mitjans-materials-i-humans-als-centres-de-salut-de-la-ciutat\/","name":"El PSPV de Castell\u00f3 presenta una Declaraci\u00f3 Institucional per a reclamar a la Generalitat que dote de mitjans materials i humans als centres de salut de la ciutat - PSPV-PSOE CASTELL\u00d3","isPartOf":{"@id":"https:\/\/agrupacionespsoe.es\/castello\/#website"},"primaryImageOfPage":{"@id":"https:\/\/agrupacionespsoe.es\/castello\/va\/el-pspv-de-castello-presenta-una-declaracio-institucional-per-a-reclamar-a-la-generalitat-que-dote-de-mitjans-materials-i-humans-als-centres-de-salut-de-la-ciutat\/#primaryimage"},"image":{"@id":"https:\/\/agrupacionespsoe.es\/castello\/va\/el-pspv-de-castello-presenta-una-declaracio-institucional-per-a-reclamar-a-la-generalitat-que-dote-de-mitjans-materials-i-humans-als-centres-de-salut-de-la-ciutat\/#primaryimage"},"thumbnailUrl":"https:\/\/agrupacionespsoe.es\/castello\/wp-content\/uploads\/sites\/45\/2023\/12\/20231212-El-PSPV-de-Castello-presenta-una-Declaracion-Institucional-para-reclamar-a-la-Generalitat.jpeg","datePublished":"2023-12-12T15:27:40+00:00","dateModified":"2024-06-19T09:19:07+00:00","breadcrumb":{"@id":"https:\/\/agrupacionespsoe.es\/castello\/va\/el-pspv-de-castello-presenta-una-declaracio-institucional-per-a-reclamar-a-la-generalitat-que-dote-de-mitjans-materials-i-humans-als-centres-de-salut-de-la-ciutat\/#breadcrumb"},"inLanguage":"es","potentialAction":[{"@type":"ReadAction","target":["https:\/\/agrupacionespsoe.es\/castello\/va\/el-pspv-de-castello-presenta-una-declaracio-institucional-per-a-reclamar-a-la-generalitat-que-dote-de-mitjans-materials-i-humans-als-centres-de-salut-de-la-ciutat\/"]}]},{"@type":"ImageObject","inLanguage":"es","@id":"https:\/\/agrupacionespsoe.es\/castello\/va\/el-pspv-de-castello-presenta-una-declaracio-institucional-per-a-reclamar-a-la-generalitat-que-dote-de-mitjans-materials-i-humans-als-centres-de-salut-de-la-ciutat\/#primaryimage","url":"https:\/\/agrupacionespsoe.es\/castello\/wp-content\/uploads\/sites\/45\/2023\/12\/20231212-El-PSPV-de-Castello-presenta-una-Declaracion-Institucional-para-reclamar-a-la-Generalitat.jpeg","contentUrl":"https:\/\/agrupacionespsoe.es\/castello\/wp-content\/uploads\/sites\/45\/2023\/12\/20231212-El-PSPV-de-Castello-presenta-una-Declaracion-Institucional-para-reclamar-a-la-Generalitat.jpeg","width":1600,"height":1066},{"@type":"BreadcrumbList","@id":"https:\/\/agrupacionespsoe.es\/castello\/va\/el-pspv-de-castello-presenta-una-declaracio-institucional-per-a-reclamar-a-la-generalitat-que-dote-de-mitjans-materials-i-humans-als-centres-de-salut-de-la-ciutat\/#breadcrumb","itemListElement":[{"@type":"ListItem","position":1,"name":"Portada","item":"https:\/\/agrupacionespsoe.es\/castello\/"},{"@type":"ListItem","position":2,"name":"El PSPV de Castell\u00f3 presenta una Declaraci\u00f3 Institucional per a reclamar a la Generalitat que dote de mitjans materials i humans als centres de salut de la ciutat"}]},{"@type":"WebSite","@id":"https:\/\/agrupacionespsoe.es\/castello\/#website","url":"https:\/\/agrupacionespsoe.es\/castello\/","name":"PSPV-PSOE CASTELL\u00d3","description":"PSPV-PSOE | Agrupaci\u00f3 de Castell\u00f3","publisher":{"@id":"https:\/\/agrupacionespsoe.es\/castello\/#organization"},"potentialAction":[{"@type":"SearchAction","target":{"@type":"EntryPoint","urlTemplate":"https:\/\/agrupacionespsoe.es\/castello\/?s={search_term_string}"},"query-input":{"@type":"PropertyValueSpecification","valueRequired":true,"valueName":"search_term_string"}}],"inLanguage":"es"},{"@type":"Organization","@id":"https:\/\/agrupacionespsoe.es\/castello\/#organization","name":"PSPV-PSOE Castell\u00f3","url":"https:\/\/agrupacionespsoe.es\/castello\/","logo":{"@type":"ImageObject","inLanguage":"es","@id":"https:\/\/agrupacionespsoe.es\/castello\/#\/schema\/logo\/image\/","url":"https:\/\/agrupacionespsoe.es\/castello\/wp-content\/uploads\/sites\/45\/2023\/04\/PORTADA-PSOE-CASTELLO.jpg","contentUrl":"https:\/\/agrupacionespsoe.es\/castello\/wp-content\/uploads\/sites\/45\/2023\/04\/PORTADA-PSOE-CASTELLO.jpg","width":2500,"height":2500,"caption":"PSPV-PSOE Castell\u00f3"},"image":{"@id":"https:\/\/agrupacionespsoe.es\/castello\/#\/schema\/logo\/image\/"},"sameAs":["https:\/\/www.facebook.com\/pspv.castellodelaplana","https:\/\/x.com\/pspv_cs","https:\/\/www.instagram.com\/pspvpsoecastello\/"]},{"@type":"Person","@id":"https:\/\/agrupacionespsoe.es\/castello\/#\/schema\/person\/f3bc5b2f9dc6a399e9e98596ae24a20a","name":"castello1","image":{"@type":"ImageObject","inLanguage":"es","@id":"https:\/\/agrupacionespsoe.es\/castello\/#\/schema\/person\/image\/","url":"https:\/\/secure.gravatar.com\/avatar\/5f1da428d6479d1127419c0b58796865?s=96&d=mm&r=g","contentUrl":"https:\/\/secure.gravatar.com\/avatar\/5f1da428d6479d1127419c0b58796865?s=96&d=mm&r=g","caption":"castello1"},"url":"https:\/\/agrupacionespsoe.es\/castello\/author\/castello1\/"}]}},"jetpack_publicize_connections":[],"jetpack_featured_media_url":"https:\/\/agrupacionespsoe.es\/castello\/wp-content\/uploads\/sites\/45\/2023\/12\/20231212-El-PSPV-de-Castello-presenta-una-Declaracion-Institucional-para-reclamar-a-la-Generalitat.jpeg","jetpack_sharing_enabled":true,"_links":{"self":[{"href":"https:\/\/agrupacionespsoe.es\/castello\/wp-json\/wp\/v2\/posts\/3385","targetHints":{"allow":["GET"]}}],"collection":[{"href":"https:\/\/agrupacionespsoe.es\/castello\/wp-json\/wp\/v2\/posts"}],"about":[{"href":"https:\/\/agrupacionespsoe.es\/castello\/wp-json\/wp\/v2\/types\/post"}],"author":[{"embeddable":true,"href":"https:\/\/agrupacionespsoe.es\/castello\/wp-json\/wp\/v2\/users\/48"}],"replies":[{"embeddable":true,"href":"https:\/\/agrupacionespsoe.es\/castello\/wp-json\/wp\/v2\/comments?post=3385"}],"version-history":[{"count":3,"href":"https:\/\/agrupacionespsoe.es\/castello\/wp-json\/wp\/v2\/posts\/3385\/revisions"}],"predecessor-version":[{"id":4037,"href":"https:\/\/agrupacionespsoe.es\/castello\/wp-json\/wp\/v2\/posts\/3385\/revisions\/4037"}],"wp:featuredmedia":[{"embeddable":true,"href":"https:\/\/agrupacionespsoe.es\/castello\/wp-json\/wp\/v2\/media\/3382"}],"wp:attachment":[{"href":"https:\/\/agrupacionespsoe.es\/castello\/wp-json\/wp\/v2\/media?parent=3385"}],"wp:term":[{"taxonomy":"category","embeddable":true,"href":"https:\/\/agrupacionespsoe.es\/castello\/wp-json\/wp\/v2\/categories?post=3385"},{"taxonomy":"post_tag","embeddable":true,"href":"https:\/\/agrupacionespsoe.es\/castello\/wp-json\/wp\/v2\/tags?post=3385"}],"curies":[{"name":"wp","href":"https:\/\/api.w.org\/{rel}","templated":true}]}}