{"id":3381,"date":"2023-12-12T16:26:31","date_gmt":"2023-12-12T15:26:31","guid":{"rendered":"https:\/\/agrupacionespsoe.es\/castello\/?p=3381"},"modified":"2024-02-12T09:58:00","modified_gmt":"2024-02-12T08:58:00","slug":"el-pspv-de-castello-presenta-una-declaracion-institucional-para-reclamar-a-la-generalitat-que-dote-de-medios-materiales-y-humanos-a-los-centros-de-salud-de-la-ciudad","status":"publish","type":"post","link":"https:\/\/agrupacionespsoe.es\/castello\/el-pspv-de-castello-presenta-una-declaracion-institucional-para-reclamar-a-la-generalitat-que-dote-de-medios-materiales-y-humanos-a-los-centros-de-salud-de-la-ciudad\/","title":{"rendered":"El PSPV\u00a0de Castell\u00f3 presenta una Declaraci\u00f3n Institucional para reclamar a la Generalitat que dote de medios materiales y humanos a los centros de salud de la ciudad"},"content":{"rendered":"\n<p><strong><em>La propuesta del Grupo Municipal Socialista incide en la actual saturaci\u00f3n del servicio de Atenci\u00f3n Primaria y plantea el respaldo de todos los grupos pol\u00edticos del ayuntamiento para mejorar las condiciones laborales de los sanitarios y prestar un servicio de calidad a los pacientes<\/em><\/strong><\/p>\n\n\n\n<p>El Grupo Municipal Socialista ha registrado una Declaraci\u00f3n Institucional para reclamar a la Conselleria de Sanitat que dote de los medios materiales y profesionales necesarios a los centros de Atenci\u00f3n Primaria de Castell\u00f3 con el fin de prestar un servicio de calidad y evitar as\u00ed la saturaci\u00f3n del sistema sanitario.<\/p>\n\n\n\n<p>La propuesta socialista, que busca el acuerdo de todos los grupos pol\u00edticos para poder aprobarla en el pleno del jueves 21 de diciembre, recoge tambi\u00e9n instar a la administraci\u00f3n auton\u00f3mica a que adopte las medidas necesarias para prestar, ya sea a nivel presencial como v\u00eda telef\u00f3nica, una atenci\u00f3n con todas las garant\u00edas para el paciente y para el facultativo.<\/p>\n\n\n\n<p>En esta l\u00ednea, en la iniciativa tambi\u00e9n se reclama a la Generalitat Valenciana que cumpla con los plazos para la construcci\u00f3n del centro de salud Sequiol y que se abra el servicio de Urgencias del centro de salud Raval-Universitat.<\/p>\n\n\n\n<p>La Atenci\u00f3n Primaria en Espa\u00f1a, tal y como se subraya en la propuesta de Declaraci\u00f3n Institucional, es una de nuestras se\u00f1as de identidad y pilar fundamental para lograr el derecho a la protecci\u00f3n de la salud y poder garantizar una atenci\u00f3n cercana, equitativa y cohesionada en todo el territorio.<\/p>\n\n\n\n<p>El Sistema de Atenci\u00f3n Primaria, que se ha visto afectado por la reciente pandemia de la Colvid-19, pasa en la actualidad por complicados momentos en los diferentes centros sanitarios y ambulatorios de nuestra ciudad, con una saturaci\u00f3n en el servicio que provoca consecuencias en la atenci\u00f3n que se presta a la ciudadan\u00eda.<\/p>\n\n\n\n<p>La Conselleria de Sanitat, en estos cinco meses del nuevo gobierno auton\u00f3mico, no ha abordado hasta la fecha con eficacia y agilidad las necesidades del servicio, por lo que deja solos a los profesionales sanitarios y usuarios, que ven como desde la Administraci\u00f3n Auton\u00f3mica se demora un plan efectivo que dote de m\u00e1s recursos sanitarios a la ciudad de Castell\u00f3, para acabar as\u00ed con las listas de espera.<\/p>\n\n\n\n<p>Asimismo, desde la Conselleria de Sanitat se ha anunciado que solo se van a dar a conocer las listas de espera dos veces al a\u00f1o en lugar de una vez al mes, como se ven\u00eda haciendo hasta el pasado mes de julio, lo que deja a los ciudadanos y ciudadanas sin informaci\u00f3n para fiscalizar la gesti\u00f3n sanitaria de la Generalitat.<\/p>\n\n\n\n<p>La ciudadan\u00eda traslada la dificultad que supone contactar en ocasiones con los centros de salud para pedir cita con su m\u00e9dico de atenci\u00f3n primaria. A ello se une lograr cita con una demora superior muchas veces a siete d\u00edas, ya sea presencial o v\u00eda telef\u00f3nica. Pese al enorme esfuerzo del personal sanitario para reducir al m\u00e1ximo los tiempos y agilizar las listas de espera, son muchas las personas que optan por acudir a los servicios de Urgencias, lo que supone la saturaci\u00f3n del sistema.<\/p>\n\n\n\n<p>Desde la gerencia del Departamento de Salud de Castell\u00f3 se ha reconocido recientemente, tal y como han recogido los medios de comunicaci\u00f3n, que Atenci\u00f3n Primaria tiene un d\u00e9ficit de personal, lo que supone crear un nudo que afecta de forma exponencial a servicios como Urgencias del Hospital General Universitario de Castell\u00f3.<\/p>\n\n\n\n<p>Por su parte, desde la direcci\u00f3n del Colegio Oficial de M\u00e9dicos de Castell\u00f3n (Comcas) se ha advertido este mismo mes de diciembre de la falta de recursos en personal e infraestructuras en varios centros hospitalarios y de salud de la provincia, que a su juicio nos sit\u00faa en posici\u00f3n de desigualdad respecto al resto de la Comunitat Valenciana.<\/p>\n\n\n\n<p>Desde el Grupo Municipal Socialista se recuerda adem\u00e1s que la ciudad de Castell\u00f3 tiene en marcha las obras para construir el centro de salud de Sequiol, pero sigue pendiente de que se abra el servicio de Urgencias del centro de salud Raval-Universitat. \u201cTodo ello deja como conclusi\u00f3n que debe ser prioritario para la Generalitat Valenciana dotar de servicios, recursos y personal al sistema sanitario p\u00fablico para acabar con esta situaci\u00f3n\u201d, concluye el texto.<\/p>\n","protected":false},"excerpt":{"rendered":"<p>La propuesta del Grupo Municipal Socialista incide en la actual saturaci\u00f3n del servicio de Atenci\u00f3n Primaria y plantea el respaldo de todos los grupos pol\u00edticos del ayuntamiento para mejorar las condiciones laborales de los sanitarios y prestar un servicio de calidad a los pacientes El Grupo Municipal Socialista ha registrado una Declaraci\u00f3n Institucional para reclamar &#8230;<\/p>\n","protected":false},"author":48,"featured_media":3382,"comment_status":"open","ping_status":"open","sticky":false,"template":"","format":"standard","meta":{"_jetpack_memberships_contains_paid_content":false,"footnotes":"","jetpack_publicize_message":"","jetpack_publicize_feature_enabled":true,"jetpack_social_post_already_shared":false,"jetpack_social_options":{"image_generator_settings":{"template":"highway","default_image_id":0,"font":"","enabled":false},"version":2}},"categories":[33],"tags":[95,103,91,85,111,99,107,81,115],"class_list":["post-3381","post","type-post","status-publish","format-standard","has-post-thumbnail","hentry","category-gms","tag-anun-lainez","tag-joaquin-giner","tag-jorge-ribes","tag-jose-luis-lopez","tag-jose-segura","tag-mary-carmen-ribera","tag-monica-barabas","tag-patricia-puerta","tag-pilar-escuder"],"yoast_head":"<!-- This site is optimized with the Yoast SEO plugin v24.0 - https:\/\/yoast.com\/wordpress\/plugins\/seo\/ -->\n<title>El PSPV\u00a0de Castell\u00f3 presenta una Declaraci\u00f3n Institucional para reclamar a la Generalitat que dote de medios materiales y humanos a los centros de salud de la ciudad - PSPV-PSOE CASTELL\u00d3<\/title>\n<meta name=\"robots\" content=\"index, follow, max-snippet:-1, max-image-preview:large, max-video-preview:-1\" \/>\n<link rel=\"canonical\" href=\"https:\/\/agrupacionespsoe.es\/castello\/el-pspv-de-castello-presenta-una-declaracion-institucional-para-reclamar-a-la-generalitat-que-dote-de-medios-materiales-y-humanos-a-los-centros-de-salud-de-la-ciudad\/\" \/>\n<meta property=\"og:locale\" content=\"es_ES\" \/>\n<meta property=\"og:type\" content=\"article\" \/>\n<meta property=\"og:title\" content=\"El PSPV\u00a0de Castell\u00f3 presenta una Declaraci\u00f3n Institucional para reclamar a la Generalitat que dote de medios materiales y humanos a los centros de salud de la ciudad - PSPV-PSOE CASTELL\u00d3\" \/>\n<meta property=\"og:description\" content=\"La propuesta del Grupo Municipal Socialista incide en la actual saturaci\u00f3n del servicio de Atenci\u00f3n Primaria y plantea el respaldo de todos los grupos pol\u00edticos del ayuntamiento para mejorar las condiciones laborales de los sanitarios y prestar un servicio de calidad a los pacientes El Grupo Municipal Socialista ha registrado una Declaraci\u00f3n Institucional para reclamar ...\" \/>\n<meta property=\"og:url\" content=\"https:\/\/agrupacionespsoe.es\/castello\/el-pspv-de-castello-presenta-una-declaracion-institucional-para-reclamar-a-la-generalitat-que-dote-de-medios-materiales-y-humanos-a-los-centros-de-salud-de-la-ciudad\/\" \/>\n<meta property=\"og:site_name\" content=\"PSPV-PSOE CASTELL\u00d3\" \/>\n<meta property=\"article:publisher\" content=\"https:\/\/www.facebook.com\/pspv.castellodelaplana\" \/>\n<meta property=\"article:published_time\" content=\"2023-12-12T15:26:31+00:00\" \/>\n<meta property=\"article:modified_time\" content=\"2024-02-12T08:58:00+00:00\" \/>\n<meta property=\"og:image\" content=\"https:\/\/agrupacionespsoe.es\/castello\/wp-content\/uploads\/sites\/45\/2023\/12\/20231212-El-PSPV-de-Castello-presenta-una-Declaracion-Institucional-para-reclamar-a-la-Generalitat.jpeg\" \/>\n\t<meta property=\"og:image:width\" content=\"1600\" \/>\n\t<meta property=\"og:image:height\" content=\"1066\" \/>\n\t<meta property=\"og:image:type\" content=\"image\/jpeg\" \/>\n<meta name=\"author\" content=\"castello1\" \/>\n<meta name=\"twitter:card\" content=\"summary_large_image\" \/>\n<meta name=\"twitter:creator\" content=\"@pspv_cs\" \/>\n<meta name=\"twitter:site\" content=\"@pspv_cs\" \/>\n<meta name=\"twitter:label1\" content=\"Escrito por\" \/>\n\t<meta name=\"twitter:data1\" content=\"castello1\" \/>\n\t<meta name=\"twitter:label2\" content=\"Tiempo de lectura\" \/>\n\t<meta name=\"twitter:data2\" content=\"4 minutos\" \/>\n<script type=\"application\/ld+json\" class=\"yoast-schema-graph\">{\"@context\":\"https:\/\/schema.org\",\"@graph\":[{\"@type\":\"Article\",\"@id\":\"https:\/\/agrupacionespsoe.es\/castello\/el-pspv-de-castello-presenta-una-declaracion-institucional-para-reclamar-a-la-generalitat-que-dote-de-medios-materiales-y-humanos-a-los-centros-de-salud-de-la-ciudad\/#article\",\"isPartOf\":{\"@id\":\"https:\/\/agrupacionespsoe.es\/castello\/el-pspv-de-castello-presenta-una-declaracion-institucional-para-reclamar-a-la-generalitat-que-dote-de-medios-materiales-y-humanos-a-los-centros-de-salud-de-la-ciudad\/\"},\"author\":{\"name\":\"castello1\",\"@id\":\"https:\/\/agrupacionespsoe.es\/castello\/#\/schema\/person\/f3bc5b2f9dc6a399e9e98596ae24a20a\"},\"headline\":\"El PSPV\u00a0de Castell\u00f3 presenta una Declaraci\u00f3n Institucional para reclamar a la Generalitat que dote de medios materiales y humanos a los centros de salud de la ciudad\",\"datePublished\":\"2023-12-12T15:26:31+00:00\",\"dateModified\":\"2024-02-12T08:58:00+00:00\",\"mainEntityOfPage\":{\"@id\":\"https:\/\/agrupacionespsoe.es\/castello\/el-pspv-de-castello-presenta-una-declaracion-institucional-para-reclamar-a-la-generalitat-que-dote-de-medios-materiales-y-humanos-a-los-centros-de-salud-de-la-ciudad\/\"},\"wordCount\":770,\"commentCount\":0,\"publisher\":{\"@id\":\"https:\/\/agrupacionespsoe.es\/castello\/#organization\"},\"image\":{\"@id\":\"https:\/\/agrupacionespsoe.es\/castello\/el-pspv-de-castello-presenta-una-declaracion-institucional-para-reclamar-a-la-generalitat-que-dote-de-medios-materiales-y-humanos-a-los-centros-de-salud-de-la-ciudad\/#primaryimage\"},\"thumbnailUrl\":\"https:\/\/agrupacionespsoe.es\/castello\/wp-content\/uploads\/sites\/45\/2023\/12\/20231212-El-PSPV-de-Castello-presenta-una-Declaracion-Institucional-para-reclamar-a-la-Generalitat.jpeg\",\"keywords\":[\"Anun L\u00e1inez\",\"Joaqu\u00edn Giner\",\"Jorge Ribes\",\"Jos\u00e9 Luis L\u00f3pez\",\"Jos\u00e9 Segura\",\"Mary Carmen Ribera\",\"M\u00f3nica Barab\u00e1s\",\"Patricia Puerta\",\"Pilar Escuder\"],\"articleSection\":[\"Grupo Municipal Socialista\"],\"inLanguage\":\"es\",\"potentialAction\":[{\"@type\":\"CommentAction\",\"name\":\"Comment\",\"target\":[\"https:\/\/agrupacionespsoe.es\/castello\/el-pspv-de-castello-presenta-una-declaracion-institucional-para-reclamar-a-la-generalitat-que-dote-de-medios-materiales-y-humanos-a-los-centros-de-salud-de-la-ciudad\/#respond\"]}]},{\"@type\":\"WebPage\",\"@id\":\"https:\/\/agrupacionespsoe.es\/castello\/el-pspv-de-castello-presenta-una-declaracion-institucional-para-reclamar-a-la-generalitat-que-dote-de-medios-materiales-y-humanos-a-los-centros-de-salud-de-la-ciudad\/\",\"url\":\"https:\/\/agrupacionespsoe.es\/castello\/el-pspv-de-castello-presenta-una-declaracion-institucional-para-reclamar-a-la-generalitat-que-dote-de-medios-materiales-y-humanos-a-los-centros-de-salud-de-la-ciudad\/\",\"name\":\"El PSPV\u00a0de Castell\u00f3 presenta una Declaraci\u00f3n Institucional para reclamar a la Generalitat que dote de medios materiales y humanos a los centros de salud de la ciudad - PSPV-PSOE CASTELL\u00d3\",\"isPartOf\":{\"@id\":\"https:\/\/agrupacionespsoe.es\/castello\/#website\"},\"primaryImageOfPage\":{\"@id\":\"https:\/\/agrupacionespsoe.es\/castello\/el-pspv-de-castello-presenta-una-declaracion-institucional-para-reclamar-a-la-generalitat-que-dote-de-medios-materiales-y-humanos-a-los-centros-de-salud-de-la-ciudad\/#primaryimage\"},\"image\":{\"@id\":\"https:\/\/agrupacionespsoe.es\/castello\/el-pspv-de-castello-presenta-una-declaracion-institucional-para-reclamar-a-la-generalitat-que-dote-de-medios-materiales-y-humanos-a-los-centros-de-salud-de-la-ciudad\/#primaryimage\"},\"thumbnailUrl\":\"https:\/\/agrupacionespsoe.es\/castello\/wp-content\/uploads\/sites\/45\/2023\/12\/20231212-El-PSPV-de-Castello-presenta-una-Declaracion-Institucional-para-reclamar-a-la-Generalitat.jpeg\",\"datePublished\":\"2023-12-12T15:26:31+00:00\",\"dateModified\":\"2024-02-12T08:58:00+00:00\",\"breadcrumb\":{\"@id\":\"https:\/\/agrupacionespsoe.es\/castello\/el-pspv-de-castello-presenta-una-declaracion-institucional-para-reclamar-a-la-generalitat-que-dote-de-medios-materiales-y-humanos-a-los-centros-de-salud-de-la-ciudad\/#breadcrumb\"},\"inLanguage\":\"es\",\"potentialAction\":[{\"@type\":\"ReadAction\",\"target\":[\"https:\/\/agrupacionespsoe.es\/castello\/el-pspv-de-castello-presenta-una-declaracion-institucional-para-reclamar-a-la-generalitat-que-dote-de-medios-materiales-y-humanos-a-los-centros-de-salud-de-la-ciudad\/\"]}]},{\"@type\":\"ImageObject\",\"inLanguage\":\"es\",\"@id\":\"https:\/\/agrupacionespsoe.es\/castello\/el-pspv-de-castello-presenta-una-declaracion-institucional-para-reclamar-a-la-generalitat-que-dote-de-medios-materiales-y-humanos-a-los-centros-de-salud-de-la-ciudad\/#primaryimage\",\"url\":\"https:\/\/agrupacionespsoe.es\/castello\/wp-content\/uploads\/sites\/45\/2023\/12\/20231212-El-PSPV-de-Castello-presenta-una-Declaracion-Institucional-para-reclamar-a-la-Generalitat.jpeg\",\"contentUrl\":\"https:\/\/agrupacionespsoe.es\/castello\/wp-content\/uploads\/sites\/45\/2023\/12\/20231212-El-PSPV-de-Castello-presenta-una-Declaracion-Institucional-para-reclamar-a-la-Generalitat.jpeg\",\"width\":1600,\"height\":1066},{\"@type\":\"BreadcrumbList\",\"@id\":\"https:\/\/agrupacionespsoe.es\/castello\/el-pspv-de-castello-presenta-una-declaracion-institucional-para-reclamar-a-la-generalitat-que-dote-de-medios-materiales-y-humanos-a-los-centros-de-salud-de-la-ciudad\/#breadcrumb\",\"itemListElement\":[{\"@type\":\"ListItem\",\"position\":1,\"name\":\"Portada\",\"item\":\"https:\/\/agrupacionespsoe.es\/castello\/\"},{\"@type\":\"ListItem\",\"position\":2,\"name\":\"El PSPV\u00a0de Castell\u00f3 presenta una Declaraci\u00f3n Institucional para reclamar a la Generalitat que dote de medios materiales y humanos a los centros de salud de la ciudad\"}]},{\"@type\":\"WebSite\",\"@id\":\"https:\/\/agrupacionespsoe.es\/castello\/#website\",\"url\":\"https:\/\/agrupacionespsoe.es\/castello\/\",\"name\":\"PSPV-PSOE CASTELL\u00d3\",\"description\":\"PSPV-PSOE | Agrupaci\u00f3 de Castell\u00f3\",\"publisher\":{\"@id\":\"https:\/\/agrupacionespsoe.es\/castello\/#organization\"},\"potentialAction\":[{\"@type\":\"SearchAction\",\"target\":{\"@type\":\"EntryPoint\",\"urlTemplate\":\"https:\/\/agrupacionespsoe.es\/castello\/?s={search_term_string}\"},\"query-input\":{\"@type\":\"PropertyValueSpecification\",\"valueRequired\":true,\"valueName\":\"search_term_string\"}}],\"inLanguage\":\"es\"},{\"@type\":\"Organization\",\"@id\":\"https:\/\/agrupacionespsoe.es\/castello\/#organization\",\"name\":\"PSPV-PSOE Castell\u00f3\",\"url\":\"https:\/\/agrupacionespsoe.es\/castello\/\",\"logo\":{\"@type\":\"ImageObject\",\"inLanguage\":\"es\",\"@id\":\"https:\/\/agrupacionespsoe.es\/castello\/#\/schema\/logo\/image\/\",\"url\":\"https:\/\/agrupacionespsoe.es\/castello\/wp-content\/uploads\/sites\/45\/2023\/04\/PORTADA-PSOE-CASTELLO.jpg\",\"contentUrl\":\"https:\/\/agrupacionespsoe.es\/castello\/wp-content\/uploads\/sites\/45\/2023\/04\/PORTADA-PSOE-CASTELLO.jpg\",\"width\":2500,\"height\":2500,\"caption\":\"PSPV-PSOE Castell\u00f3\"},\"image\":{\"@id\":\"https:\/\/agrupacionespsoe.es\/castello\/#\/schema\/logo\/image\/\"},\"sameAs\":[\"https:\/\/www.facebook.com\/pspv.castellodelaplana\",\"https:\/\/x.com\/pspv_cs\",\"https:\/\/www.instagram.com\/pspvpsoecastello\/\"]},{\"@type\":\"Person\",\"@id\":\"https:\/\/agrupacionespsoe.es\/castello\/#\/schema\/person\/f3bc5b2f9dc6a399e9e98596ae24a20a\",\"name\":\"castello1\",\"image\":{\"@type\":\"ImageObject\",\"inLanguage\":\"es\",\"@id\":\"https:\/\/agrupacionespsoe.es\/castello\/#\/schema\/person\/image\/\",\"url\":\"https:\/\/secure.gravatar.com\/avatar\/5f1da428d6479d1127419c0b58796865?s=96&d=mm&r=g\",\"contentUrl\":\"https:\/\/secure.gravatar.com\/avatar\/5f1da428d6479d1127419c0b58796865?s=96&d=mm&r=g\",\"caption\":\"castello1\"},\"url\":\"https:\/\/agrupacionespsoe.es\/castello\/author\/castello1\/\"}]}<\/script>\n<!-- \/ Yoast SEO plugin. -->","yoast_head_json":{"title":"El PSPV\u00a0de Castell\u00f3 presenta una Declaraci\u00f3n Institucional para reclamar a la Generalitat que dote de medios materiales y humanos a los centros de salud de la ciudad - PSPV-PSOE CASTELL\u00d3","robots":{"index":"index","follow":"follow","max-snippet":"max-snippet:-1","max-image-preview":"max-image-preview:large","max-video-preview":"max-video-preview:-1"},"canonical":"https:\/\/agrupacionespsoe.es\/castello\/el-pspv-de-castello-presenta-una-declaracion-institucional-para-reclamar-a-la-generalitat-que-dote-de-medios-materiales-y-humanos-a-los-centros-de-salud-de-la-ciudad\/","og_locale":"es_ES","og_type":"article","og_title":"El PSPV\u00a0de Castell\u00f3 presenta una Declaraci\u00f3n Institucional para reclamar a la Generalitat que dote de medios materiales y humanos a los centros de salud de la ciudad - PSPV-PSOE CASTELL\u00d3","og_description":"La propuesta del Grupo Municipal Socialista incide en la actual saturaci\u00f3n del servicio de Atenci\u00f3n Primaria y plantea el respaldo de todos los grupos pol\u00edticos del ayuntamiento para mejorar las condiciones laborales de los sanitarios y prestar un servicio de calidad a los pacientes El Grupo Municipal Socialista ha registrado una Declaraci\u00f3n Institucional para reclamar ...","og_url":"https:\/\/agrupacionespsoe.es\/castello\/el-pspv-de-castello-presenta-una-declaracion-institucional-para-reclamar-a-la-generalitat-que-dote-de-medios-materiales-y-humanos-a-los-centros-de-salud-de-la-ciudad\/","og_site_name":"PSPV-PSOE CASTELL\u00d3","article_publisher":"https:\/\/www.facebook.com\/pspv.castellodelaplana","article_published_time":"2023-12-12T15:26:31+00:00","article_modified_time":"2024-02-12T08:58:00+00:00","og_image":[{"width":1600,"height":1066,"url":"https:\/\/agrupacionespsoe.es\/castello\/wp-content\/uploads\/sites\/45\/2023\/12\/20231212-El-PSPV-de-Castello-presenta-una-Declaracion-Institucional-para-reclamar-a-la-Generalitat.jpeg","type":"image\/jpeg"}],"author":"castello1","twitter_card":"summary_large_image","twitter_creator":"@pspv_cs","twitter_site":"@pspv_cs","twitter_misc":{"Escrito por":"castello1","Tiempo de lectura":"4 minutos"},"schema":{"@context":"https:\/\/schema.org","@graph":[{"@type":"Article","@id":"https:\/\/agrupacionespsoe.es\/castello\/el-pspv-de-castello-presenta-una-declaracion-institucional-para-reclamar-a-la-generalitat-que-dote-de-medios-materiales-y-humanos-a-los-centros-de-salud-de-la-ciudad\/#article","isPartOf":{"@id":"https:\/\/agrupacionespsoe.es\/castello\/el-pspv-de-castello-presenta-una-declaracion-institucional-para-reclamar-a-la-generalitat-que-dote-de-medios-materiales-y-humanos-a-los-centros-de-salud-de-la-ciudad\/"},"author":{"name":"castello1","@id":"https:\/\/agrupacionespsoe.es\/castello\/#\/schema\/person\/f3bc5b2f9dc6a399e9e98596ae24a20a"},"headline":"El PSPV\u00a0de Castell\u00f3 presenta una Declaraci\u00f3n Institucional para reclamar a la Generalitat que dote de medios materiales y humanos a los centros de salud de la ciudad","datePublished":"2023-12-12T15:26:31+00:00","dateModified":"2024-02-12T08:58:00+00:00","mainEntityOfPage":{"@id":"https:\/\/agrupacionespsoe.es\/castello\/el-pspv-de-castello-presenta-una-declaracion-institucional-para-reclamar-a-la-generalitat-que-dote-de-medios-materiales-y-humanos-a-los-centros-de-salud-de-la-ciudad\/"},"wordCount":770,"commentCount":0,"publisher":{"@id":"https:\/\/agrupacionespsoe.es\/castello\/#organization"},"image":{"@id":"https:\/\/agrupacionespsoe.es\/castello\/el-pspv-de-castello-presenta-una-declaracion-institucional-para-reclamar-a-la-generalitat-que-dote-de-medios-materiales-y-humanos-a-los-centros-de-salud-de-la-ciudad\/#primaryimage"},"thumbnailUrl":"https:\/\/agrupacionespsoe.es\/castello\/wp-content\/uploads\/sites\/45\/2023\/12\/20231212-El-PSPV-de-Castello-presenta-una-Declaracion-Institucional-para-reclamar-a-la-Generalitat.jpeg","keywords":["Anun L\u00e1inez","Joaqu\u00edn Giner","Jorge Ribes","Jos\u00e9 Luis L\u00f3pez","Jos\u00e9 Segura","Mary Carmen Ribera","M\u00f3nica Barab\u00e1s","Patricia Puerta","Pilar Escuder"],"articleSection":["Grupo Municipal Socialista"],"inLanguage":"es","potentialAction":[{"@type":"CommentAction","name":"Comment","target":["https:\/\/agrupacionespsoe.es\/castello\/el-pspv-de-castello-presenta-una-declaracion-institucional-para-reclamar-a-la-generalitat-que-dote-de-medios-materiales-y-humanos-a-los-centros-de-salud-de-la-ciudad\/#respond"]}]},{"@type":"WebPage","@id":"https:\/\/agrupacionespsoe.es\/castello\/el-pspv-de-castello-presenta-una-declaracion-institucional-para-reclamar-a-la-generalitat-que-dote-de-medios-materiales-y-humanos-a-los-centros-de-salud-de-la-ciudad\/","url":"https:\/\/agrupacionespsoe.es\/castello\/el-pspv-de-castello-presenta-una-declaracion-institucional-para-reclamar-a-la-generalitat-que-dote-de-medios-materiales-y-humanos-a-los-centros-de-salud-de-la-ciudad\/","name":"El PSPV\u00a0de Castell\u00f3 presenta una Declaraci\u00f3n Institucional para reclamar a la Generalitat que dote de medios materiales y humanos a los centros de salud de la ciudad - PSPV-PSOE CASTELL\u00d3","isPartOf":{"@id":"https:\/\/agrupacionespsoe.es\/castello\/#website"},"primaryImageOfPage":{"@id":"https:\/\/agrupacionespsoe.es\/castello\/el-pspv-de-castello-presenta-una-declaracion-institucional-para-reclamar-a-la-generalitat-que-dote-de-medios-materiales-y-humanos-a-los-centros-de-salud-de-la-ciudad\/#primaryimage"},"image":{"@id":"https:\/\/agrupacionespsoe.es\/castello\/el-pspv-de-castello-presenta-una-declaracion-institucional-para-reclamar-a-la-generalitat-que-dote-de-medios-materiales-y-humanos-a-los-centros-de-salud-de-la-ciudad\/#primaryimage"},"thumbnailUrl":"https:\/\/agrupacionespsoe.es\/castello\/wp-content\/uploads\/sites\/45\/2023\/12\/20231212-El-PSPV-de-Castello-presenta-una-Declaracion-Institucional-para-reclamar-a-la-Generalitat.jpeg","datePublished":"2023-12-12T15:26:31+00:00","dateModified":"2024-02-12T08:58:00+00:00","breadcrumb":{"@id":"https:\/\/agrupacionespsoe.es\/castello\/el-pspv-de-castello-presenta-una-declaracion-institucional-para-reclamar-a-la-generalitat-que-dote-de-medios-materiales-y-humanos-a-los-centros-de-salud-de-la-ciudad\/#breadcrumb"},"inLanguage":"es","potentialAction":[{"@type":"ReadAction","target":["https:\/\/agrupacionespsoe.es\/castello\/el-pspv-de-castello-presenta-una-declaracion-institucional-para-reclamar-a-la-generalitat-que-dote-de-medios-materiales-y-humanos-a-los-centros-de-salud-de-la-ciudad\/"]}]},{"@type":"ImageObject","inLanguage":"es","@id":"https:\/\/agrupacionespsoe.es\/castello\/el-pspv-de-castello-presenta-una-declaracion-institucional-para-reclamar-a-la-generalitat-que-dote-de-medios-materiales-y-humanos-a-los-centros-de-salud-de-la-ciudad\/#primaryimage","url":"https:\/\/agrupacionespsoe.es\/castello\/wp-content\/uploads\/sites\/45\/2023\/12\/20231212-El-PSPV-de-Castello-presenta-una-Declaracion-Institucional-para-reclamar-a-la-Generalitat.jpeg","contentUrl":"https:\/\/agrupacionespsoe.es\/castello\/wp-content\/uploads\/sites\/45\/2023\/12\/20231212-El-PSPV-de-Castello-presenta-una-Declaracion-Institucional-para-reclamar-a-la-Generalitat.jpeg","width":1600,"height":1066},{"@type":"BreadcrumbList","@id":"https:\/\/agrupacionespsoe.es\/castello\/el-pspv-de-castello-presenta-una-declaracion-institucional-para-reclamar-a-la-generalitat-que-dote-de-medios-materiales-y-humanos-a-los-centros-de-salud-de-la-ciudad\/#breadcrumb","itemListElement":[{"@type":"ListItem","position":1,"name":"Portada","item":"https:\/\/agrupacionespsoe.es\/castello\/"},{"@type":"ListItem","position":2,"name":"El PSPV\u00a0de Castell\u00f3 presenta una Declaraci\u00f3n Institucional para reclamar a la Generalitat que dote de medios materiales y humanos a los centros de salud de la ciudad"}]},{"@type":"WebSite","@id":"https:\/\/agrupacionespsoe.es\/castello\/#website","url":"https:\/\/agrupacionespsoe.es\/castello\/","name":"PSPV-PSOE CASTELL\u00d3","description":"PSPV-PSOE | Agrupaci\u00f3 de Castell\u00f3","publisher":{"@id":"https:\/\/agrupacionespsoe.es\/castello\/#organization"},"potentialAction":[{"@type":"SearchAction","target":{"@type":"EntryPoint","urlTemplate":"https:\/\/agrupacionespsoe.es\/castello\/?s={search_term_string}"},"query-input":{"@type":"PropertyValueSpecification","valueRequired":true,"valueName":"search_term_string"}}],"inLanguage":"es"},{"@type":"Organization","@id":"https:\/\/agrupacionespsoe.es\/castello\/#organization","name":"PSPV-PSOE Castell\u00f3","url":"https:\/\/agrupacionespsoe.es\/castello\/","logo":{"@type":"ImageObject","inLanguage":"es","@id":"https:\/\/agrupacionespsoe.es\/castello\/#\/schema\/logo\/image\/","url":"https:\/\/agrupacionespsoe.es\/castello\/wp-content\/uploads\/sites\/45\/2023\/04\/PORTADA-PSOE-CASTELLO.jpg","contentUrl":"https:\/\/agrupacionespsoe.es\/castello\/wp-content\/uploads\/sites\/45\/2023\/04\/PORTADA-PSOE-CASTELLO.jpg","width":2500,"height":2500,"caption":"PSPV-PSOE Castell\u00f3"},"image":{"@id":"https:\/\/agrupacionespsoe.es\/castello\/#\/schema\/logo\/image\/"},"sameAs":["https:\/\/www.facebook.com\/pspv.castellodelaplana","https:\/\/x.com\/pspv_cs","https:\/\/www.instagram.com\/pspvpsoecastello\/"]},{"@type":"Person","@id":"https:\/\/agrupacionespsoe.es\/castello\/#\/schema\/person\/f3bc5b2f9dc6a399e9e98596ae24a20a","name":"castello1","image":{"@type":"ImageObject","inLanguage":"es","@id":"https:\/\/agrupacionespsoe.es\/castello\/#\/schema\/person\/image\/","url":"https:\/\/secure.gravatar.com\/avatar\/5f1da428d6479d1127419c0b58796865?s=96&d=mm&r=g","contentUrl":"https:\/\/secure.gravatar.com\/avatar\/5f1da428d6479d1127419c0b58796865?s=96&d=mm&r=g","caption":"castello1"},"url":"https:\/\/agrupacionespsoe.es\/castello\/author\/castello1\/"}]}},"jetpack_publicize_connections":[],"jetpack_featured_media_url":"https:\/\/agrupacionespsoe.es\/castello\/wp-content\/uploads\/sites\/45\/2023\/12\/20231212-El-PSPV-de-Castello-presenta-una-Declaracion-Institucional-para-reclamar-a-la-Generalitat.jpeg","jetpack_sharing_enabled":true,"_links":{"self":[{"href":"https:\/\/agrupacionespsoe.es\/castello\/wp-json\/wp\/v2\/posts\/3381","targetHints":{"allow":["GET"]}}],"collection":[{"href":"https:\/\/agrupacionespsoe.es\/castello\/wp-json\/wp\/v2\/posts"}],"about":[{"href":"https:\/\/agrupacionespsoe.es\/castello\/wp-json\/wp\/v2\/types\/post"}],"author":[{"embeddable":true,"href":"https:\/\/agrupacionespsoe.es\/castello\/wp-json\/wp\/v2\/users\/48"}],"replies":[{"embeddable":true,"href":"https:\/\/agrupacionespsoe.es\/castello\/wp-json\/wp\/v2\/comments?post=3381"}],"version-history":[{"count":3,"href":"https:\/\/agrupacionespsoe.es\/castello\/wp-json\/wp\/v2\/posts\/3381\/revisions"}],"predecessor-version":[{"id":4027,"href":"https:\/\/agrupacionespsoe.es\/castello\/wp-json\/wp\/v2\/posts\/3381\/revisions\/4027"}],"wp:featuredmedia":[{"embeddable":true,"href":"https:\/\/agrupacionespsoe.es\/castello\/wp-json\/wp\/v2\/media\/3382"}],"wp:attachment":[{"href":"https:\/\/agrupacionespsoe.es\/castello\/wp-json\/wp\/v2\/media?parent=3381"}],"wp:term":[{"taxonomy":"category","embeddable":true,"href":"https:\/\/agrupacionespsoe.es\/castello\/wp-json\/wp\/v2\/categories?post=3381"},{"taxonomy":"post_tag","embeddable":true,"href":"https:\/\/agrupacionespsoe.es\/castello\/wp-json\/wp\/v2\/tags?post=3381"}],"curies":[{"name":"wp","href":"https:\/\/api.w.org\/{rel}","templated":true}]}}