{"id":3334,"date":"2023-11-23T10:15:14","date_gmt":"2023-11-23T09:15:14","guid":{"rendered":"https:\/\/agrupacionespsoe.es\/castello\/?p=3334"},"modified":"2024-06-19T11:19:16","modified_gmt":"2024-06-19T09:19:16","slug":"el-pspv-presenta-una-declaracio-institucional-a-lajuntament-de-castello-per-a-reclamar-al-govern-i-la-generalitat-que-potencien-les-mesures-de-suport-al-sector-ceramic","status":"publish","type":"post","link":"https:\/\/agrupacionespsoe.es\/castello\/va\/el-pspv-presenta-una-declaracio-institucional-a-lajuntament-de-castello-per-a-reclamar-al-govern-i-la-generalitat-que-potencien-les-mesures-de-suport-al-sector-ceramic\/","title":{"rendered":"El PSPV presenta una Declaraci\u00f3 Institucional a l&#8217;Ajuntament de Castell\u00f3 per a reclamar al Govern i la Generalitat que potencien les mesures de suport al sector cer\u00e0mic"},"content":{"rendered":"\n<p><strong><em><em>La proposta, que haur\u00e0 de ser analitzada per tots els grups municipals en la Junta de Portaveus, subratlla la necessitat que totes dues administracions continuen desenvolupant mesures urgents i accessibles per a fer front als costos energ\u00e8tics<\/em><\/em><\/strong><\/p>\n\n\n\n<p>El Grup Municipal Socialista ha presentat una proposta de Declaraci\u00f3 Institucional per a la seua aprovaci\u00f3 en el pr\u00f2xim ple per a reclamar al Govern d&#8217;Espanya i la Generalitat que potencien els seus plans de mesures de suport al sector cer\u00e0mic. Es tracta de la tercera ind\u00fastria espanyola que m\u00e9s super\u00e0vit comercial aporta al pa\u00eds i amb una fortalesa exportadora aconseguida gr\u00e0cies als esfor\u00e7os de la ind\u00fastria en disseny i innovaci\u00f3, tant de producci\u00f3, de comercialitzaci\u00f3 com de producte.<\/p>\n\n\n\n<p>Malgrat el seu avantatge competitiu, en els \u00faltims temps el cl\u00faster cer\u00e0mic espanyol s&#8217;ha vist greument afectat per l&#8217;augment dels costos energ\u00e8tics, per noves traves comercials i aranzel\u00e0ries d&#8217;alguns mercats importadors com l&#8217;Ar\u00e0bia Saudita i, m\u00e9s recentment, per l&#8217;esclat de la guerra a Ucra\u00efna, ja que el mercat rus \u00e9s un dels principals pa\u00efsos importadors i a m\u00e9s les compres de caol\u00ed i argiles a R\u00fassia i a Ucra\u00efna suposen un important percentatge sobre el total.<\/p>\n\n\n\n<p>Els empresaris del sector ja venien avisant de la dram\u00e0tica situaci\u00f3 en la qual es trobaven. La magnitud geopol\u00edtica d&#8217;aquesta crisi fa fonamental i indispensable que des de les institucions estatal i auton\u00f2mica s&#8217;adopten mesures excepcionals i coherents per a ajudar a minimitzar el seu impacte en la ind\u00fastria taulellera.<br><br>Per tot aix\u00f2, des del Grup Municipal Socialista es proposa al ple l&#8217;adopci\u00f3 d&#8217;un acord que recull diversos punts. En primer lloc, instar el Govern d&#8217;Espanya a continuar desenvolupant mesures urgents i accessibles per a fer front als costos energ\u00e8tics en el sector cer\u00e0mic, que complementen i reforcen tots els passos adoptats fins a la data, la qual cosa implica ampliar les ajudes directes als sectors gasintensius.<br><br>Aix\u00ed mateix, instar les institucions competents a adoptar totes les mesures necess\u00e0ries per a reduir de manera directa i immediata el cost de totes les energies i dels seus usos, inclosos els industrials, amb especial atenci\u00f3 al preu del gas natural. Al costat d&#8217;aix\u00f2, demanar al Govern d&#8217;Espanya que aconseguisca la reducci\u00f3 dels peatges i c\u00e0rrecs del subministrament de gas, de manera an\u00e0loga a la proposta de peatges d&#8217;electricitat als grans consumidors.<\/p>\n\n\n\n<p>La Declaraci\u00f3 Institucional tamb\u00e9 recull reclamar al Govern d&#8217;Espanya que revise la Llei General de Subvencions per a estudiar la modificaci\u00f3 de l&#8217;article 13.3 bis amb l&#8217;objectiu que no supose una barrera per a l&#8217;acc\u00e9s a les ajudes p\u00fabliques per part de les empreses del sector tauleller.<\/p>\n\n\n\n<p>D&#8217;altra banda, s&#8217;insta la Conselleria d&#8217;Economia Sostenible a dotar d&#8217;una l\u00ednia d&#8217;ajudes urgents i extraordin\u00e0ries per a les empreses taulelleres, a m\u00e9s de reclamar a la Generalitat i al Govern que desbloquegen i agilitzen la tramitaci\u00f3 de les iniciatives que promouen solucions alternatives al de l&#8217;\u00fas del gas.<\/p>\n\n\n\n<p>Finalment, s&#8217;exigeix a la Generalitat que implemente un Pacte Valenci\u00e0 de l&#8217;Hidrogen Verd, comptant amb els principals actors i sectors implicats en la generaci\u00f3, i que potencie l&#8217;\u00fas d&#8217;aquesta font energ\u00e8tica amb la finalitat de, entre altres, reduir la depend\u00e8ncia energ\u00e8tica i donar una major estabilitat en els costos de producci\u00f3 a les empreses que formen part del cl\u00faster de la cer\u00e0mica de Castell\u00f3.<br><br>El sector cer\u00e0mic de la Comunitat Valenciana \u00e9s l\u00edder mundial per qualitat, disseny i funcionalitat, tecnol\u00f2gicament capdavanter i avan\u00e7at en I+D+i, amb una estrat\u00e8gia basada fonamentalment en el valor i en la qualitat de producte. Un sector que t\u00e9 una facturaci\u00f3 mitjana anual de 3.500 milions d&#8217;euros, que dona ocupaci\u00f3 directa a m\u00e9s de 17.000 persones en la Comunitat Valenciana, i que representa el 14.4 per cent del PIB regional i m\u00e9s del 20 per cent del total del PIB a la prov\u00edncia de Castell\u00f3.<br><br><strong>Ajudes del Govern<\/strong><br>Dins de tot aquest context, cal recordar que el passat 15 d&#8217;octubre el Ministeri d&#8217;Ind\u00fastria, Comer\u00e7 i Turisme va publicar la proposta de resoluci\u00f3 provisional de les ajudes de 450 milions d&#8217;euros per a la compensaci\u00f3 dels costos addicionals deguts a l&#8217;augment excepcional dels preus del gas natural durant l&#8217;any 2022, unes ajudes que es basen en el Marc Temporal de Crisi i Transici\u00f3 de la Comissi\u00f3 Europea. Aquesta iniciativa respon al comprom\u00eds expl\u00edcit del Govern amb les empreses gasintensives, perqu\u00e8 sectors tan importants per a l&#8217;economia nacional puguen continuar amb la seua activitat productiva. D&#8217;aquesta quantitat, 94.583.671 euros van dirigits a 129 instal\u00b7lacions industrials de la Comunitat Valenciana.<br><br>El mecanisme d&#8217;ajuda va ser establit per Reial Decret Llei 20\/2022, de 27 de desembre, que va donar el mandat al Ministeri d&#8217;Ind\u00fastria, Comer\u00e7 i Turisme l&#8217;articulaci\u00f3 d&#8217;una l\u00ednia d&#8217;ajudes amb la finalitat de compensar els costos addicionals deguts a l&#8217;augment excepcional dels preus del gas natural durant 2022 per als consumidors industrials o sectors intensius en consum de gas natural (gasintensius). Aquest mandat es va complir mitjan\u00e7ant l&#8217;Ordre ICT\/744\/2023, de 7 de juliol, per la qual es regulen les bases de la l\u00ednia d&#8217;ajudes, pr\u00e8via aprovaci\u00f3 per la Comissi\u00f3 Europea.<\/p>\n\n\n\n<p>En aquesta l\u00ednia, el Butllet\u00ed Oficial de l&#8217;Estat va publicar l&#8217;\u00faltim dijous de juny una modificaci\u00f3 de la Llei General de Subvencions que permetia una excepci\u00f3 de sis mesos al compliment de la Llei de Morositat per a les empreses que volien optar a les ajudes de 450 milions per a la ind\u00fastria gasintensiva, donant resposta aix\u00ed a les peticions del sector. Amb aix\u00f2, les empreses interessades en les subvencions ni tenien l&#8217;obligaci\u00f3 d&#8217;acreditar un per\u00edode mitj\u00e0 de pagament inferior a 60 dies, sent exigible aquest requisit als sis mesos.<\/p>\n\n\n\n<p><strong>PERTE de Descarbonitzaci\u00f3<\/strong><br>Aquestes ajudes coincideixen amb la convocat\u00f2ria imminent de la primera l\u00ednia d&#8217;ajudes del PERTE de Descarbonitzaci\u00f3, que estar\u00e0 dotada amb 1.000 milions d&#8217;euros, dels m\u00e9s de 3.100 que es preveuen d&#8217;inversi\u00f3 p\u00fablica. Aquest PERTE servir\u00e0 per a finan\u00e7ar les inversions precises per a avan\u00e7ar en l&#8217;efici\u00e8ncia energ\u00e8tica d&#8217;aquest sector, al qual el Govern acompanyar\u00e0 en l&#8217;urgent proc\u00e9s de transformaci\u00f3 ecol\u00f2gica sense que aquesta supose una disrupci\u00f3.<\/p>\n\n\n\n<p>Segons les dades del Ministeri d&#8217;Ind\u00fastria, Comer\u00e7 i Turisme, es preveu amb el PERTE una inversi\u00f3 p\u00fablica de 3.100 milions d&#8217;euros que permetr\u00e0 mobilitzar fins a 11.800 milions d&#8217;euros d&#8217;inversi\u00f3 total; un increment de la competitivitat del sector en al voltant d&#8217;un 10%; la creaci\u00f3 d&#8217;unes 8.000 ocupacions; i una reducci\u00f3 de les emissions que podria aconseguir els 13 milions de tones de CO\u2082 a l&#8217;any.<\/p>\n\n\n\n<p>Malgrat tot, el Govern i la Generalitat Valenciana no poden baixar la gu\u00e0rdia i han d&#8217;abordar la situaci\u00f3 de la cer\u00e0mica donant-li una soluci\u00f3 estructural i abordant els desafiaments energ\u00e8tics de futur, que passen entre altres aspectes per fomentar l&#8217;hidrogen verd. Els costos energ\u00e8tics, en l&#8217;actual context, s\u00f3n, sens dubte, el gran repte per a garantir la superviv\u00e8ncia d&#8217;un sector econ\u00f2mic clau per a les comarques de Castell\u00f3.<\/p>\n","protected":false},"excerpt":{"rendered":"<p>La proposta, que haur\u00e0 de ser analitzada per tots els grups municipals en la Junta de Portaveus, subratlla la necessitat que totes dues administracions continuen desenvolupant mesures urgents i accessibles per a fer front als costos energ\u00e8tics El Grup Municipal Socialista ha presentat una proposta de Declaraci\u00f3 Institucional per a la seua aprovaci\u00f3 en el &#8230;<\/p>\n","protected":false},"author":48,"featured_media":3332,"comment_status":"open","ping_status":"open","sticky":false,"template":"","format":"standard","meta":{"_jetpack_memberships_contains_paid_content":false,"footnotes":"","jetpack_publicize_message":"","jetpack_publicize_feature_enabled":true,"jetpack_social_post_already_shared":false,"jetpack_social_options":{"image_generator_settings":{"template":"highway","default_image_id":0,"font":"","enabled":false},"version":2}},"categories":[22],"tags":[97,105,93,87,113,101,109,83,117],"class_list":["post-3334","post","type-post","status-publish","format-standard","has-post-thumbnail","hentry","category-gms-va","tag-anun-lainez-va","tag-joaquin-giner-va","tag-jorge-ribes-va","tag-jose-luis-lopez-va","tag-jose-segura-va","tag-mary-carmen-ribera-va","tag-monica-barabas-va","tag-patricia-puerta-va","tag-pilar-escuder-va"],"yoast_head":"<!-- This site is optimized with the Yoast SEO plugin v24.0 - https:\/\/yoast.com\/wordpress\/plugins\/seo\/ -->\n<title>El PSPV presenta una Declaraci\u00f3 Institucional a l&#039;Ajuntament de Castell\u00f3 per a reclamar al Govern i la Generalitat que potencien les mesures de suport al sector cer\u00e0mic - PSPV-PSOE CASTELL\u00d3<\/title>\n<meta name=\"robots\" content=\"index, follow, max-snippet:-1, max-image-preview:large, max-video-preview:-1\" \/>\n<link rel=\"canonical\" href=\"https:\/\/agrupacionespsoe.es\/castello\/va\/el-pspv-presenta-una-declaracio-institucional-a-lajuntament-de-castello-per-a-reclamar-al-govern-i-la-generalitat-que-potencien-les-mesures-de-suport-al-sector-ceramic\/\" \/>\n<meta property=\"og:locale\" content=\"es_ES\" \/>\n<meta property=\"og:type\" content=\"article\" \/>\n<meta property=\"og:title\" content=\"El PSPV presenta una Declaraci\u00f3 Institucional a l&#039;Ajuntament de Castell\u00f3 per a reclamar al Govern i la Generalitat que potencien les mesures de suport al sector cer\u00e0mic - PSPV-PSOE CASTELL\u00d3\" \/>\n<meta property=\"og:description\" content=\"La proposta, que haur\u00e0 de ser analitzada per tots els grups municipals en la Junta de Portaveus, subratlla la necessitat que totes dues administracions continuen desenvolupant mesures urgents i accessibles per a fer front als costos energ\u00e8tics El Grup Municipal Socialista ha presentat una proposta de Declaraci\u00f3 Institucional per a la seua aprovaci\u00f3 en el ...\" \/>\n<meta property=\"og:url\" content=\"https:\/\/agrupacionespsoe.es\/castello\/va\/el-pspv-presenta-una-declaracio-institucional-a-lajuntament-de-castello-per-a-reclamar-al-govern-i-la-generalitat-que-potencien-les-mesures-de-suport-al-sector-ceramic\/\" \/>\n<meta property=\"og:site_name\" content=\"PSPV-PSOE CASTELL\u00d3\" \/>\n<meta property=\"article:publisher\" content=\"https:\/\/www.facebook.com\/pspv.castellodelaplana\" \/>\n<meta property=\"article:published_time\" content=\"2023-11-23T09:15:14+00:00\" \/>\n<meta property=\"article:modified_time\" content=\"2024-06-19T09:19:16+00:00\" \/>\n<meta property=\"og:image\" content=\"https:\/\/agrupacionespsoe.es\/castello\/wp-content\/uploads\/sites\/45\/2023\/12\/20231123-El-PSPV-presenta-una-Declaracion-Institucional-en-el-Ayuntamiento-de-Castello-para-reclamar-al-Gobierno-y-la-Generalitat.jpeg\" \/>\n\t<meta property=\"og:image:width\" content=\"1600\" \/>\n\t<meta property=\"og:image:height\" content=\"1066\" \/>\n\t<meta property=\"og:image:type\" content=\"image\/jpeg\" \/>\n<meta name=\"author\" content=\"castello1\" \/>\n<meta name=\"twitter:card\" content=\"summary_large_image\" \/>\n<meta name=\"twitter:creator\" content=\"@pspv_cs\" \/>\n<meta name=\"twitter:site\" content=\"@pspv_cs\" \/>\n<meta name=\"twitter:label1\" content=\"Escrito por\" \/>\n\t<meta name=\"twitter:data1\" content=\"castello1\" \/>\n\t<meta name=\"twitter:label2\" content=\"Tiempo de lectura\" \/>\n\t<meta name=\"twitter:data2\" content=\"6 minutos\" \/>\n<script type=\"application\/ld+json\" class=\"yoast-schema-graph\">{\"@context\":\"https:\/\/schema.org\",\"@graph\":[{\"@type\":\"Article\",\"@id\":\"https:\/\/agrupacionespsoe.es\/castello\/va\/el-pspv-presenta-una-declaracio-institucional-a-lajuntament-de-castello-per-a-reclamar-al-govern-i-la-generalitat-que-potencien-les-mesures-de-suport-al-sector-ceramic\/#article\",\"isPartOf\":{\"@id\":\"https:\/\/agrupacionespsoe.es\/castello\/va\/el-pspv-presenta-una-declaracio-institucional-a-lajuntament-de-castello-per-a-reclamar-al-govern-i-la-generalitat-que-potencien-les-mesures-de-suport-al-sector-ceramic\/\"},\"author\":{\"name\":\"castello1\",\"@id\":\"https:\/\/agrupacionespsoe.es\/castello\/#\/schema\/person\/f3bc5b2f9dc6a399e9e98596ae24a20a\"},\"headline\":\"El PSPV presenta una Declaraci\u00f3 Institucional a l&#8217;Ajuntament de Castell\u00f3 per a reclamar al Govern i la Generalitat que potencien les mesures de suport al sector cer\u00e0mic\",\"datePublished\":\"2023-11-23T09:15:14+00:00\",\"dateModified\":\"2024-06-19T09:19:16+00:00\",\"mainEntityOfPage\":{\"@id\":\"https:\/\/agrupacionespsoe.es\/castello\/va\/el-pspv-presenta-una-declaracio-institucional-a-lajuntament-de-castello-per-a-reclamar-al-govern-i-la-generalitat-que-potencien-les-mesures-de-suport-al-sector-ceramic\/\"},\"wordCount\":1210,\"commentCount\":0,\"publisher\":{\"@id\":\"https:\/\/agrupacionespsoe.es\/castello\/#organization\"},\"image\":{\"@id\":\"https:\/\/agrupacionespsoe.es\/castello\/va\/el-pspv-presenta-una-declaracio-institucional-a-lajuntament-de-castello-per-a-reclamar-al-govern-i-la-generalitat-que-potencien-les-mesures-de-suport-al-sector-ceramic\/#primaryimage\"},\"thumbnailUrl\":\"https:\/\/agrupacionespsoe.es\/castello\/wp-content\/uploads\/sites\/45\/2023\/12\/20231123-El-PSPV-presenta-una-Declaracion-Institucional-en-el-Ayuntamiento-de-Castello-para-reclamar-al-Gobierno-y-la-Generalitat.jpeg\",\"keywords\":[\"Anun L\u00e1inez\",\"Joaqu\u00edn Giner\",\"Jorge Ribes\",\"Jos\u00e9 Luis L\u00f3pez\",\"Jos\u00e9 Segura\",\"Mary Carmen Ribera\",\"M\u00f3nica Barab\u00e1s\",\"Patricia Puerta\",\"Pilar Escuder\"],\"articleSection\":[\"Grup Municipal Socialista\"],\"inLanguage\":\"es\",\"potentialAction\":[{\"@type\":\"CommentAction\",\"name\":\"Comment\",\"target\":[\"https:\/\/agrupacionespsoe.es\/castello\/va\/el-pspv-presenta-una-declaracio-institucional-a-lajuntament-de-castello-per-a-reclamar-al-govern-i-la-generalitat-que-potencien-les-mesures-de-suport-al-sector-ceramic\/#respond\"]}]},{\"@type\":\"WebPage\",\"@id\":\"https:\/\/agrupacionespsoe.es\/castello\/va\/el-pspv-presenta-una-declaracio-institucional-a-lajuntament-de-castello-per-a-reclamar-al-govern-i-la-generalitat-que-potencien-les-mesures-de-suport-al-sector-ceramic\/\",\"url\":\"https:\/\/agrupacionespsoe.es\/castello\/va\/el-pspv-presenta-una-declaracio-institucional-a-lajuntament-de-castello-per-a-reclamar-al-govern-i-la-generalitat-que-potencien-les-mesures-de-suport-al-sector-ceramic\/\",\"name\":\"El PSPV presenta una Declaraci\u00f3 Institucional a l'Ajuntament de Castell\u00f3 per a reclamar al Govern i la Generalitat que potencien les mesures de suport al sector cer\u00e0mic - PSPV-PSOE CASTELL\u00d3\",\"isPartOf\":{\"@id\":\"https:\/\/agrupacionespsoe.es\/castello\/#website\"},\"primaryImageOfPage\":{\"@id\":\"https:\/\/agrupacionespsoe.es\/castello\/va\/el-pspv-presenta-una-declaracio-institucional-a-lajuntament-de-castello-per-a-reclamar-al-govern-i-la-generalitat-que-potencien-les-mesures-de-suport-al-sector-ceramic\/#primaryimage\"},\"image\":{\"@id\":\"https:\/\/agrupacionespsoe.es\/castello\/va\/el-pspv-presenta-una-declaracio-institucional-a-lajuntament-de-castello-per-a-reclamar-al-govern-i-la-generalitat-que-potencien-les-mesures-de-suport-al-sector-ceramic\/#primaryimage\"},\"thumbnailUrl\":\"https:\/\/agrupacionespsoe.es\/castello\/wp-content\/uploads\/sites\/45\/2023\/12\/20231123-El-PSPV-presenta-una-Declaracion-Institucional-en-el-Ayuntamiento-de-Castello-para-reclamar-al-Gobierno-y-la-Generalitat.jpeg\",\"datePublished\":\"2023-11-23T09:15:14+00:00\",\"dateModified\":\"2024-06-19T09:19:16+00:00\",\"breadcrumb\":{\"@id\":\"https:\/\/agrupacionespsoe.es\/castello\/va\/el-pspv-presenta-una-declaracio-institucional-a-lajuntament-de-castello-per-a-reclamar-al-govern-i-la-generalitat-que-potencien-les-mesures-de-suport-al-sector-ceramic\/#breadcrumb\"},\"inLanguage\":\"es\",\"potentialAction\":[{\"@type\":\"ReadAction\",\"target\":[\"https:\/\/agrupacionespsoe.es\/castello\/va\/el-pspv-presenta-una-declaracio-institucional-a-lajuntament-de-castello-per-a-reclamar-al-govern-i-la-generalitat-que-potencien-les-mesures-de-suport-al-sector-ceramic\/\"]}]},{\"@type\":\"ImageObject\",\"inLanguage\":\"es\",\"@id\":\"https:\/\/agrupacionespsoe.es\/castello\/va\/el-pspv-presenta-una-declaracio-institucional-a-lajuntament-de-castello-per-a-reclamar-al-govern-i-la-generalitat-que-potencien-les-mesures-de-suport-al-sector-ceramic\/#primaryimage\",\"url\":\"https:\/\/agrupacionespsoe.es\/castello\/wp-content\/uploads\/sites\/45\/2023\/12\/20231123-El-PSPV-presenta-una-Declaracion-Institucional-en-el-Ayuntamiento-de-Castello-para-reclamar-al-Gobierno-y-la-Generalitat.jpeg\",\"contentUrl\":\"https:\/\/agrupacionespsoe.es\/castello\/wp-content\/uploads\/sites\/45\/2023\/12\/20231123-El-PSPV-presenta-una-Declaracion-Institucional-en-el-Ayuntamiento-de-Castello-para-reclamar-al-Gobierno-y-la-Generalitat.jpeg\",\"width\":1600,\"height\":1066},{\"@type\":\"BreadcrumbList\",\"@id\":\"https:\/\/agrupacionespsoe.es\/castello\/va\/el-pspv-presenta-una-declaracio-institucional-a-lajuntament-de-castello-per-a-reclamar-al-govern-i-la-generalitat-que-potencien-les-mesures-de-suport-al-sector-ceramic\/#breadcrumb\",\"itemListElement\":[{\"@type\":\"ListItem\",\"position\":1,\"name\":\"Portada\",\"item\":\"https:\/\/agrupacionespsoe.es\/castello\/\"},{\"@type\":\"ListItem\",\"position\":2,\"name\":\"El PSPV presenta una Declaraci\u00f3 Institucional a l&#8217;Ajuntament de Castell\u00f3 per a reclamar al Govern i la Generalitat que potencien les mesures de suport al sector cer\u00e0mic\"}]},{\"@type\":\"WebSite\",\"@id\":\"https:\/\/agrupacionespsoe.es\/castello\/#website\",\"url\":\"https:\/\/agrupacionespsoe.es\/castello\/\",\"name\":\"PSPV-PSOE CASTELL\u00d3\",\"description\":\"PSPV-PSOE | Agrupaci\u00f3 de Castell\u00f3\",\"publisher\":{\"@id\":\"https:\/\/agrupacionespsoe.es\/castello\/#organization\"},\"potentialAction\":[{\"@type\":\"SearchAction\",\"target\":{\"@type\":\"EntryPoint\",\"urlTemplate\":\"https:\/\/agrupacionespsoe.es\/castello\/?s={search_term_string}\"},\"query-input\":{\"@type\":\"PropertyValueSpecification\",\"valueRequired\":true,\"valueName\":\"search_term_string\"}}],\"inLanguage\":\"es\"},{\"@type\":\"Organization\",\"@id\":\"https:\/\/agrupacionespsoe.es\/castello\/#organization\",\"name\":\"PSPV-PSOE Castell\u00f3\",\"url\":\"https:\/\/agrupacionespsoe.es\/castello\/\",\"logo\":{\"@type\":\"ImageObject\",\"inLanguage\":\"es\",\"@id\":\"https:\/\/agrupacionespsoe.es\/castello\/#\/schema\/logo\/image\/\",\"url\":\"https:\/\/agrupacionespsoe.es\/castello\/wp-content\/uploads\/sites\/45\/2023\/04\/PORTADA-PSOE-CASTELLO.jpg\",\"contentUrl\":\"https:\/\/agrupacionespsoe.es\/castello\/wp-content\/uploads\/sites\/45\/2023\/04\/PORTADA-PSOE-CASTELLO.jpg\",\"width\":2500,\"height\":2500,\"caption\":\"PSPV-PSOE Castell\u00f3\"},\"image\":{\"@id\":\"https:\/\/agrupacionespsoe.es\/castello\/#\/schema\/logo\/image\/\"},\"sameAs\":[\"https:\/\/www.facebook.com\/pspv.castellodelaplana\",\"https:\/\/x.com\/pspv_cs\",\"https:\/\/www.instagram.com\/pspvpsoecastello\/\"]},{\"@type\":\"Person\",\"@id\":\"https:\/\/agrupacionespsoe.es\/castello\/#\/schema\/person\/f3bc5b2f9dc6a399e9e98596ae24a20a\",\"name\":\"castello1\",\"image\":{\"@type\":\"ImageObject\",\"inLanguage\":\"es\",\"@id\":\"https:\/\/agrupacionespsoe.es\/castello\/#\/schema\/person\/image\/\",\"url\":\"https:\/\/secure.gravatar.com\/avatar\/5f1da428d6479d1127419c0b58796865?s=96&d=mm&r=g\",\"contentUrl\":\"https:\/\/secure.gravatar.com\/avatar\/5f1da428d6479d1127419c0b58796865?s=96&d=mm&r=g\",\"caption\":\"castello1\"},\"url\":\"https:\/\/agrupacionespsoe.es\/castello\/author\/castello1\/\"}]}<\/script>\n<!-- \/ Yoast SEO plugin. -->","yoast_head_json":{"title":"El PSPV presenta una Declaraci\u00f3 Institucional a l'Ajuntament de Castell\u00f3 per a reclamar al Govern i la Generalitat que potencien les mesures de suport al sector cer\u00e0mic - PSPV-PSOE CASTELL\u00d3","robots":{"index":"index","follow":"follow","max-snippet":"max-snippet:-1","max-image-preview":"max-image-preview:large","max-video-preview":"max-video-preview:-1"},"canonical":"https:\/\/agrupacionespsoe.es\/castello\/va\/el-pspv-presenta-una-declaracio-institucional-a-lajuntament-de-castello-per-a-reclamar-al-govern-i-la-generalitat-que-potencien-les-mesures-de-suport-al-sector-ceramic\/","og_locale":"es_ES","og_type":"article","og_title":"El PSPV presenta una Declaraci\u00f3 Institucional a l'Ajuntament de Castell\u00f3 per a reclamar al Govern i la Generalitat que potencien les mesures de suport al sector cer\u00e0mic - PSPV-PSOE CASTELL\u00d3","og_description":"La proposta, que haur\u00e0 de ser analitzada per tots els grups municipals en la Junta de Portaveus, subratlla la necessitat que totes dues administracions continuen desenvolupant mesures urgents i accessibles per a fer front als costos energ\u00e8tics El Grup Municipal Socialista ha presentat una proposta de Declaraci\u00f3 Institucional per a la seua aprovaci\u00f3 en el ...","og_url":"https:\/\/agrupacionespsoe.es\/castello\/va\/el-pspv-presenta-una-declaracio-institucional-a-lajuntament-de-castello-per-a-reclamar-al-govern-i-la-generalitat-que-potencien-les-mesures-de-suport-al-sector-ceramic\/","og_site_name":"PSPV-PSOE CASTELL\u00d3","article_publisher":"https:\/\/www.facebook.com\/pspv.castellodelaplana","article_published_time":"2023-11-23T09:15:14+00:00","article_modified_time":"2024-06-19T09:19:16+00:00","og_image":[{"width":1600,"height":1066,"url":"https:\/\/agrupacionespsoe.es\/castello\/wp-content\/uploads\/sites\/45\/2023\/12\/20231123-El-PSPV-presenta-una-Declaracion-Institucional-en-el-Ayuntamiento-de-Castello-para-reclamar-al-Gobierno-y-la-Generalitat.jpeg","type":"image\/jpeg"}],"author":"castello1","twitter_card":"summary_large_image","twitter_creator":"@pspv_cs","twitter_site":"@pspv_cs","twitter_misc":{"Escrito por":"castello1","Tiempo de lectura":"6 minutos"},"schema":{"@context":"https:\/\/schema.org","@graph":[{"@type":"Article","@id":"https:\/\/agrupacionespsoe.es\/castello\/va\/el-pspv-presenta-una-declaracio-institucional-a-lajuntament-de-castello-per-a-reclamar-al-govern-i-la-generalitat-que-potencien-les-mesures-de-suport-al-sector-ceramic\/#article","isPartOf":{"@id":"https:\/\/agrupacionespsoe.es\/castello\/va\/el-pspv-presenta-una-declaracio-institucional-a-lajuntament-de-castello-per-a-reclamar-al-govern-i-la-generalitat-que-potencien-les-mesures-de-suport-al-sector-ceramic\/"},"author":{"name":"castello1","@id":"https:\/\/agrupacionespsoe.es\/castello\/#\/schema\/person\/f3bc5b2f9dc6a399e9e98596ae24a20a"},"headline":"El PSPV presenta una Declaraci\u00f3 Institucional a l&#8217;Ajuntament de Castell\u00f3 per a reclamar al Govern i la Generalitat que potencien les mesures de suport al sector cer\u00e0mic","datePublished":"2023-11-23T09:15:14+00:00","dateModified":"2024-06-19T09:19:16+00:00","mainEntityOfPage":{"@id":"https:\/\/agrupacionespsoe.es\/castello\/va\/el-pspv-presenta-una-declaracio-institucional-a-lajuntament-de-castello-per-a-reclamar-al-govern-i-la-generalitat-que-potencien-les-mesures-de-suport-al-sector-ceramic\/"},"wordCount":1210,"commentCount":0,"publisher":{"@id":"https:\/\/agrupacionespsoe.es\/castello\/#organization"},"image":{"@id":"https:\/\/agrupacionespsoe.es\/castello\/va\/el-pspv-presenta-una-declaracio-institucional-a-lajuntament-de-castello-per-a-reclamar-al-govern-i-la-generalitat-que-potencien-les-mesures-de-suport-al-sector-ceramic\/#primaryimage"},"thumbnailUrl":"https:\/\/agrupacionespsoe.es\/castello\/wp-content\/uploads\/sites\/45\/2023\/12\/20231123-El-PSPV-presenta-una-Declaracion-Institucional-en-el-Ayuntamiento-de-Castello-para-reclamar-al-Gobierno-y-la-Generalitat.jpeg","keywords":["Anun L\u00e1inez","Joaqu\u00edn Giner","Jorge Ribes","Jos\u00e9 Luis L\u00f3pez","Jos\u00e9 Segura","Mary Carmen Ribera","M\u00f3nica Barab\u00e1s","Patricia Puerta","Pilar Escuder"],"articleSection":["Grup Municipal Socialista"],"inLanguage":"es","potentialAction":[{"@type":"CommentAction","name":"Comment","target":["https:\/\/agrupacionespsoe.es\/castello\/va\/el-pspv-presenta-una-declaracio-institucional-a-lajuntament-de-castello-per-a-reclamar-al-govern-i-la-generalitat-que-potencien-les-mesures-de-suport-al-sector-ceramic\/#respond"]}]},{"@type":"WebPage","@id":"https:\/\/agrupacionespsoe.es\/castello\/va\/el-pspv-presenta-una-declaracio-institucional-a-lajuntament-de-castello-per-a-reclamar-al-govern-i-la-generalitat-que-potencien-les-mesures-de-suport-al-sector-ceramic\/","url":"https:\/\/agrupacionespsoe.es\/castello\/va\/el-pspv-presenta-una-declaracio-institucional-a-lajuntament-de-castello-per-a-reclamar-al-govern-i-la-generalitat-que-potencien-les-mesures-de-suport-al-sector-ceramic\/","name":"El PSPV presenta una Declaraci\u00f3 Institucional a l'Ajuntament de Castell\u00f3 per a reclamar al Govern i la Generalitat que potencien les mesures de suport al sector cer\u00e0mic - PSPV-PSOE CASTELL\u00d3","isPartOf":{"@id":"https:\/\/agrupacionespsoe.es\/castello\/#website"},"primaryImageOfPage":{"@id":"https:\/\/agrupacionespsoe.es\/castello\/va\/el-pspv-presenta-una-declaracio-institucional-a-lajuntament-de-castello-per-a-reclamar-al-govern-i-la-generalitat-que-potencien-les-mesures-de-suport-al-sector-ceramic\/#primaryimage"},"image":{"@id":"https:\/\/agrupacionespsoe.es\/castello\/va\/el-pspv-presenta-una-declaracio-institucional-a-lajuntament-de-castello-per-a-reclamar-al-govern-i-la-generalitat-que-potencien-les-mesures-de-suport-al-sector-ceramic\/#primaryimage"},"thumbnailUrl":"https:\/\/agrupacionespsoe.es\/castello\/wp-content\/uploads\/sites\/45\/2023\/12\/20231123-El-PSPV-presenta-una-Declaracion-Institucional-en-el-Ayuntamiento-de-Castello-para-reclamar-al-Gobierno-y-la-Generalitat.jpeg","datePublished":"2023-11-23T09:15:14+00:00","dateModified":"2024-06-19T09:19:16+00:00","breadcrumb":{"@id":"https:\/\/agrupacionespsoe.es\/castello\/va\/el-pspv-presenta-una-declaracio-institucional-a-lajuntament-de-castello-per-a-reclamar-al-govern-i-la-generalitat-que-potencien-les-mesures-de-suport-al-sector-ceramic\/#breadcrumb"},"inLanguage":"es","potentialAction":[{"@type":"ReadAction","target":["https:\/\/agrupacionespsoe.es\/castello\/va\/el-pspv-presenta-una-declaracio-institucional-a-lajuntament-de-castello-per-a-reclamar-al-govern-i-la-generalitat-que-potencien-les-mesures-de-suport-al-sector-ceramic\/"]}]},{"@type":"ImageObject","inLanguage":"es","@id":"https:\/\/agrupacionespsoe.es\/castello\/va\/el-pspv-presenta-una-declaracio-institucional-a-lajuntament-de-castello-per-a-reclamar-al-govern-i-la-generalitat-que-potencien-les-mesures-de-suport-al-sector-ceramic\/#primaryimage","url":"https:\/\/agrupacionespsoe.es\/castello\/wp-content\/uploads\/sites\/45\/2023\/12\/20231123-El-PSPV-presenta-una-Declaracion-Institucional-en-el-Ayuntamiento-de-Castello-para-reclamar-al-Gobierno-y-la-Generalitat.jpeg","contentUrl":"https:\/\/agrupacionespsoe.es\/castello\/wp-content\/uploads\/sites\/45\/2023\/12\/20231123-El-PSPV-presenta-una-Declaracion-Institucional-en-el-Ayuntamiento-de-Castello-para-reclamar-al-Gobierno-y-la-Generalitat.jpeg","width":1600,"height":1066},{"@type":"BreadcrumbList","@id":"https:\/\/agrupacionespsoe.es\/castello\/va\/el-pspv-presenta-una-declaracio-institucional-a-lajuntament-de-castello-per-a-reclamar-al-govern-i-la-generalitat-que-potencien-les-mesures-de-suport-al-sector-ceramic\/#breadcrumb","itemListElement":[{"@type":"ListItem","position":1,"name":"Portada","item":"https:\/\/agrupacionespsoe.es\/castello\/"},{"@type":"ListItem","position":2,"name":"El PSPV presenta una Declaraci\u00f3 Institucional a l&#8217;Ajuntament de Castell\u00f3 per a reclamar al Govern i la Generalitat que potencien les mesures de suport al sector cer\u00e0mic"}]},{"@type":"WebSite","@id":"https:\/\/agrupacionespsoe.es\/castello\/#website","url":"https:\/\/agrupacionespsoe.es\/castello\/","name":"PSPV-PSOE CASTELL\u00d3","description":"PSPV-PSOE | Agrupaci\u00f3 de Castell\u00f3","publisher":{"@id":"https:\/\/agrupacionespsoe.es\/castello\/#organization"},"potentialAction":[{"@type":"SearchAction","target":{"@type":"EntryPoint","urlTemplate":"https:\/\/agrupacionespsoe.es\/castello\/?s={search_term_string}"},"query-input":{"@type":"PropertyValueSpecification","valueRequired":true,"valueName":"search_term_string"}}],"inLanguage":"es"},{"@type":"Organization","@id":"https:\/\/agrupacionespsoe.es\/castello\/#organization","name":"PSPV-PSOE Castell\u00f3","url":"https:\/\/agrupacionespsoe.es\/castello\/","logo":{"@type":"ImageObject","inLanguage":"es","@id":"https:\/\/agrupacionespsoe.es\/castello\/#\/schema\/logo\/image\/","url":"https:\/\/agrupacionespsoe.es\/castello\/wp-content\/uploads\/sites\/45\/2023\/04\/PORTADA-PSOE-CASTELLO.jpg","contentUrl":"https:\/\/agrupacionespsoe.es\/castello\/wp-content\/uploads\/sites\/45\/2023\/04\/PORTADA-PSOE-CASTELLO.jpg","width":2500,"height":2500,"caption":"PSPV-PSOE Castell\u00f3"},"image":{"@id":"https:\/\/agrupacionespsoe.es\/castello\/#\/schema\/logo\/image\/"},"sameAs":["https:\/\/www.facebook.com\/pspv.castellodelaplana","https:\/\/x.com\/pspv_cs","https:\/\/www.instagram.com\/pspvpsoecastello\/"]},{"@type":"Person","@id":"https:\/\/agrupacionespsoe.es\/castello\/#\/schema\/person\/f3bc5b2f9dc6a399e9e98596ae24a20a","name":"castello1","image":{"@type":"ImageObject","inLanguage":"es","@id":"https:\/\/agrupacionespsoe.es\/castello\/#\/schema\/person\/image\/","url":"https:\/\/secure.gravatar.com\/avatar\/5f1da428d6479d1127419c0b58796865?s=96&d=mm&r=g","contentUrl":"https:\/\/secure.gravatar.com\/avatar\/5f1da428d6479d1127419c0b58796865?s=96&d=mm&r=g","caption":"castello1"},"url":"https:\/\/agrupacionespsoe.es\/castello\/author\/castello1\/"}]}},"jetpack_publicize_connections":[],"jetpack_featured_media_url":"https:\/\/agrupacionespsoe.es\/castello\/wp-content\/uploads\/sites\/45\/2023\/12\/20231123-El-PSPV-presenta-una-Declaracion-Institucional-en-el-Ayuntamiento-de-Castello-para-reclamar-al-Gobierno-y-la-Generalitat.jpeg","jetpack_sharing_enabled":true,"_links":{"self":[{"href":"https:\/\/agrupacionespsoe.es\/castello\/wp-json\/wp\/v2\/posts\/3334","targetHints":{"allow":["GET"]}}],"collection":[{"href":"https:\/\/agrupacionespsoe.es\/castello\/wp-json\/wp\/v2\/posts"}],"about":[{"href":"https:\/\/agrupacionespsoe.es\/castello\/wp-json\/wp\/v2\/types\/post"}],"author":[{"embeddable":true,"href":"https:\/\/agrupacionespsoe.es\/castello\/wp-json\/wp\/v2\/users\/48"}],"replies":[{"embeddable":true,"href":"https:\/\/agrupacionespsoe.es\/castello\/wp-json\/wp\/v2\/comments?post=3334"}],"version-history":[{"count":2,"href":"https:\/\/agrupacionespsoe.es\/castello\/wp-json\/wp\/v2\/posts\/3334\/revisions"}],"predecessor-version":[{"id":3336,"href":"https:\/\/agrupacionespsoe.es\/castello\/wp-json\/wp\/v2\/posts\/3334\/revisions\/3336"}],"wp:featuredmedia":[{"embeddable":true,"href":"https:\/\/agrupacionespsoe.es\/castello\/wp-json\/wp\/v2\/media\/3332"}],"wp:attachment":[{"href":"https:\/\/agrupacionespsoe.es\/castello\/wp-json\/wp\/v2\/media?parent=3334"}],"wp:term":[{"taxonomy":"category","embeddable":true,"href":"https:\/\/agrupacionespsoe.es\/castello\/wp-json\/wp\/v2\/categories?post=3334"},{"taxonomy":"post_tag","embeddable":true,"href":"https:\/\/agrupacionespsoe.es\/castello\/wp-json\/wp\/v2\/tags?post=3334"}],"curies":[{"name":"wp","href":"https:\/\/api.w.org\/{rel}","templated":true}]}}