{"id":3316,"date":"2023-11-24T09:58:07","date_gmt":"2023-11-24T08:58:07","guid":{"rendered":"https:\/\/agrupacionespsoe.es\/castello\/?p=3316"},"modified":"2023-12-09T10:00:04","modified_gmt":"2023-12-09T09:00:04","slug":"la-primera-en-la-frente","status":"publish","type":"post","link":"https:\/\/agrupacionespsoe.es\/castello\/la-primera-en-la-frente\/","title":{"rendered":"La primera en la frente"},"content":{"rendered":"\n<p>Ya conocemos el proyecto de presupuestos del Consell para 2024, unas cuentas que discriminan y ningunean a la provincia de Castell\u00f3n, especialmente a su capital, Castell\u00f3 de la Plana. La bajada de&nbsp;inversiones en la provincia es del 20% respecto a los \u00faltimos presupuestos del Bot\u00e0nic, pasando de 177 millones de euros a 142, y nuestra ciudad sufre recortes en infraestructuras clave que hasta la fecha hab\u00edan contado con el impulso de la Generalitat durante los mandatos progresistas. No deja de ser llamativo que la Conselleria de Infraestructuras, liderada por una exconcejala de Castell\u00f3,&nbsp;<strong>Salom\u00e9 Pradas<\/strong>, sea la&nbsp;que&nbsp;m\u00e1s cae, un 34%. Enhorabuena, se\u00f1ora Pradas.<\/p>\n\n\n\n<p>\u00bfCu\u00e1ntas veces hemos o\u00eddo a&nbsp;<strong>Bego\u00f1a Carrasco<\/strong>&nbsp;exigir la nueva construcci\u00f3n del Hospital General? Hoy calla ante el cambio de opini\u00f3n de su jefe de filas y se conforma con una mera ampliaci\u00f3n de esta infraestructura, dotada adem\u00e1s con una partida presupuestaria irrisoria. Carrasco se ha quedado muda.<\/p>\n\n\n\n<p>Algo similar ocurre con la ronda Oeste, que ahora trocean al limitarse a presupuestar solo un primer tramo, entre las carreteras de Borriol y Alcora, con 75.000 \u20ac, que dar\u00e1 como mucho para redactar el proyecto. Con esta significativa variaci\u00f3n, mucho me temo que no ser\u00e1 una realidad esta legislatura.<\/p>\n\n\n\n<p>Peor suerte ha tenido la residencia de mayores de la calle Onda, cuyas obras ya estaban adjudicadas y que deb\u00edan haber comenzado este verano. Una dotaci\u00f3n que desaparece del presupuesto del Consell. De nuevo, ante el ninguneo de Maz\u00f3n, el silencio de&nbsp;<strong>Carrasco<\/strong>, esa que reclamaba en\u00e9rgicamente en la oposici\u00f3n.<\/p>\n\n\n\n<p>Cero euros tambi\u00e9n para la FP Mar\u00edtimo-Pesquera del Grau o la estaci\u00f3n intermodal, de vital importancia para el impulso econ\u00f3mico de Castell\u00f3 y provincia, Es curioso que Sagunt s\u00ed que cuente con presupuesto para proyectos similares.<\/p>\n\n\n\n<p>La primera en la frente.&nbsp;<strong>Maz\u00f3n<\/strong>&nbsp;ha elaborado unos presupuestos que desprecian las necesidades de Castell\u00f3. Eso s\u00ed, lo m\u00e1s lamentable es constatar la nula influencia de la alcaldesa. Por ello, le animamos a que apoye la declaraci\u00f3n institucional presentada por el PSPV para reclamar al Consell lo que ella no es capaz de exigirle a su amigo Maz\u00f3n.<\/p>\n\n\n\n<p class=\"has-text-align-right\"><strong><em>Patricia Puerta Barber\u00e1<\/em><br><\/strong><em>Portavoz del Grupo Municipal Socialista<\/em> <em>en el Ayuntamiento de Castell\u00f3<\/em><\/p>\n","protected":false},"excerpt":{"rendered":"<p>Ya conocemos el proyecto de presupuestos del Consell para 2024, unas cuentas que discriminan y ningunean a la provincia de Castell\u00f3n, especialmente a su capital, Castell\u00f3 de la Plana. La bajada de&nbsp;inversiones en la provincia es del 20% respecto a los \u00faltimos presupuestos del Bot\u00e0nic, pasando de 177 millones de euros a 142, y nuestra &#8230;<\/p>\n","protected":false},"author":48,"featured_media":499,"comment_status":"open","ping_status":"open","sticky":false,"template":"","format":"standard","meta":{"_jetpack_memberships_contains_paid_content":false,"footnotes":"","jetpack_publicize_message":"","jetpack_publicize_feature_enabled":true,"jetpack_social_post_already_shared":false,"jetpack_social_options":{"image_generator_settings":{"template":"highway","default_image_id":0,"font":"","enabled":false},"version":2}},"categories":[33,50],"tags":[81],"class_list":["post-3316","post","type-post","status-publish","format-standard","has-post-thumbnail","hentry","category-gms","category-opinion","tag-patricia-puerta"],"yoast_head":"<!-- This site is optimized with the Yoast SEO plugin v24.0 - https:\/\/yoast.com\/wordpress\/plugins\/seo\/ -->\n<title>La primera en la frente - PSPV-PSOE CASTELL\u00d3<\/title>\n<meta name=\"robots\" content=\"index, follow, max-snippet:-1, max-image-preview:large, max-video-preview:-1\" \/>\n<link rel=\"canonical\" href=\"https:\/\/agrupacionespsoe.es\/castello\/la-primera-en-la-frente\/\" \/>\n<meta property=\"og:locale\" content=\"es_ES\" \/>\n<meta property=\"og:type\" content=\"article\" \/>\n<meta property=\"og:title\" content=\"La primera en la frente - PSPV-PSOE CASTELL\u00d3\" \/>\n<meta property=\"og:description\" content=\"Ya conocemos el proyecto de presupuestos del Consell para 2024, unas cuentas que discriminan y ningunean a la provincia de Castell\u00f3n, especialmente a su capital, Castell\u00f3 de la Plana. La bajada de&nbsp;inversiones en la provincia es del 20% respecto a los \u00faltimos presupuestos del Bot\u00e0nic, pasando de 177 millones de euros a 142, y nuestra ...\" \/>\n<meta property=\"og:url\" content=\"https:\/\/agrupacionespsoe.es\/castello\/la-primera-en-la-frente\/\" \/>\n<meta property=\"og:site_name\" content=\"PSPV-PSOE CASTELL\u00d3\" \/>\n<meta property=\"article:publisher\" content=\"https:\/\/www.facebook.com\/pspv.castellodelaplana\" \/>\n<meta property=\"article:published_time\" content=\"2023-11-24T08:58:07+00:00\" \/>\n<meta property=\"article:modified_time\" content=\"2023-12-09T09:00:04+00:00\" \/>\n<meta property=\"og:image\" content=\"https:\/\/agrupacionespsoe.es\/castello\/wp-content\/uploads\/sites\/45\/2023\/04\/3.-PATRICIA-PUERTA-BARBERA-2-scaled.jpg\" \/>\n\t<meta property=\"og:image:width\" content=\"2560\" \/>\n\t<meta property=\"og:image:height\" content=\"2560\" \/>\n\t<meta property=\"og:image:type\" content=\"image\/jpeg\" \/>\n<meta name=\"author\" content=\"castello1\" \/>\n<meta name=\"twitter:card\" content=\"summary_large_image\" \/>\n<meta name=\"twitter:creator\" content=\"@pspv_cs\" \/>\n<meta name=\"twitter:site\" content=\"@pspv_cs\" \/>\n<meta name=\"twitter:label1\" content=\"Escrito por\" \/>\n\t<meta name=\"twitter:data1\" content=\"castello1\" \/>\n\t<meta name=\"twitter:label2\" content=\"Tiempo de lectura\" \/>\n\t<meta name=\"twitter:data2\" content=\"2 minutos\" \/>\n<script type=\"application\/ld+json\" class=\"yoast-schema-graph\">{\"@context\":\"https:\/\/schema.org\",\"@graph\":[{\"@type\":\"Article\",\"@id\":\"https:\/\/agrupacionespsoe.es\/castello\/la-primera-en-la-frente\/#article\",\"isPartOf\":{\"@id\":\"https:\/\/agrupacionespsoe.es\/castello\/la-primera-en-la-frente\/\"},\"author\":{\"name\":\"castello1\",\"@id\":\"https:\/\/agrupacionespsoe.es\/castello\/#\/schema\/person\/f3bc5b2f9dc6a399e9e98596ae24a20a\"},\"headline\":\"La primera en la frente\",\"datePublished\":\"2023-11-24T08:58:07+00:00\",\"dateModified\":\"2023-12-09T09:00:04+00:00\",\"mainEntityOfPage\":{\"@id\":\"https:\/\/agrupacionespsoe.es\/castello\/la-primera-en-la-frente\/\"},\"wordCount\":395,\"commentCount\":0,\"publisher\":{\"@id\":\"https:\/\/agrupacionespsoe.es\/castello\/#organization\"},\"image\":{\"@id\":\"https:\/\/agrupacionespsoe.es\/castello\/la-primera-en-la-frente\/#primaryimage\"},\"thumbnailUrl\":\"https:\/\/agrupacionespsoe.es\/castello\/wp-content\/uploads\/sites\/45\/2023\/04\/3.-PATRICIA-PUERTA-BARBERA-2-scaled.jpg\",\"keywords\":[\"Patricia Puerta\"],\"articleSection\":[\"Grupo Municipal Socialista\",\"Opini\u00f3n\"],\"inLanguage\":\"es\",\"potentialAction\":[{\"@type\":\"CommentAction\",\"name\":\"Comment\",\"target\":[\"https:\/\/agrupacionespsoe.es\/castello\/la-primera-en-la-frente\/#respond\"]}]},{\"@type\":\"WebPage\",\"@id\":\"https:\/\/agrupacionespsoe.es\/castello\/la-primera-en-la-frente\/\",\"url\":\"https:\/\/agrupacionespsoe.es\/castello\/la-primera-en-la-frente\/\",\"name\":\"La primera en la frente - PSPV-PSOE CASTELL\u00d3\",\"isPartOf\":{\"@id\":\"https:\/\/agrupacionespsoe.es\/castello\/#website\"},\"primaryImageOfPage\":{\"@id\":\"https:\/\/agrupacionespsoe.es\/castello\/la-primera-en-la-frente\/#primaryimage\"},\"image\":{\"@id\":\"https:\/\/agrupacionespsoe.es\/castello\/la-primera-en-la-frente\/#primaryimage\"},\"thumbnailUrl\":\"https:\/\/agrupacionespsoe.es\/castello\/wp-content\/uploads\/sites\/45\/2023\/04\/3.-PATRICIA-PUERTA-BARBERA-2-scaled.jpg\",\"datePublished\":\"2023-11-24T08:58:07+00:00\",\"dateModified\":\"2023-12-09T09:00:04+00:00\",\"breadcrumb\":{\"@id\":\"https:\/\/agrupacionespsoe.es\/castello\/la-primera-en-la-frente\/#breadcrumb\"},\"inLanguage\":\"es\",\"potentialAction\":[{\"@type\":\"ReadAction\",\"target\":[\"https:\/\/agrupacionespsoe.es\/castello\/la-primera-en-la-frente\/\"]}]},{\"@type\":\"ImageObject\",\"inLanguage\":\"es\",\"@id\":\"https:\/\/agrupacionespsoe.es\/castello\/la-primera-en-la-frente\/#primaryimage\",\"url\":\"https:\/\/agrupacionespsoe.es\/castello\/wp-content\/uploads\/sites\/45\/2023\/04\/3.-PATRICIA-PUERTA-BARBERA-2-scaled.jpg\",\"contentUrl\":\"https:\/\/agrupacionespsoe.es\/castello\/wp-content\/uploads\/sites\/45\/2023\/04\/3.-PATRICIA-PUERTA-BARBERA-2-scaled.jpg\",\"width\":2560,\"height\":2560},{\"@type\":\"BreadcrumbList\",\"@id\":\"https:\/\/agrupacionespsoe.es\/castello\/la-primera-en-la-frente\/#breadcrumb\",\"itemListElement\":[{\"@type\":\"ListItem\",\"position\":1,\"name\":\"Portada\",\"item\":\"https:\/\/agrupacionespsoe.es\/castello\/\"},{\"@type\":\"ListItem\",\"position\":2,\"name\":\"La primera en la frente\"}]},{\"@type\":\"WebSite\",\"@id\":\"https:\/\/agrupacionespsoe.es\/castello\/#website\",\"url\":\"https:\/\/agrupacionespsoe.es\/castello\/\",\"name\":\"PSPV-PSOE CASTELL\u00d3\",\"description\":\"PSPV-PSOE | Agrupaci\u00f3 de Castell\u00f3\",\"publisher\":{\"@id\":\"https:\/\/agrupacionespsoe.es\/castello\/#organization\"},\"potentialAction\":[{\"@type\":\"SearchAction\",\"target\":{\"@type\":\"EntryPoint\",\"urlTemplate\":\"https:\/\/agrupacionespsoe.es\/castello\/?s={search_term_string}\"},\"query-input\":{\"@type\":\"PropertyValueSpecification\",\"valueRequired\":true,\"valueName\":\"search_term_string\"}}],\"inLanguage\":\"es\"},{\"@type\":\"Organization\",\"@id\":\"https:\/\/agrupacionespsoe.es\/castello\/#organization\",\"name\":\"PSPV-PSOE Castell\u00f3\",\"url\":\"https:\/\/agrupacionespsoe.es\/castello\/\",\"logo\":{\"@type\":\"ImageObject\",\"inLanguage\":\"es\",\"@id\":\"https:\/\/agrupacionespsoe.es\/castello\/#\/schema\/logo\/image\/\",\"url\":\"https:\/\/agrupacionespsoe.es\/castello\/wp-content\/uploads\/sites\/45\/2023\/04\/PORTADA-PSOE-CASTELLO.jpg\",\"contentUrl\":\"https:\/\/agrupacionespsoe.es\/castello\/wp-content\/uploads\/sites\/45\/2023\/04\/PORTADA-PSOE-CASTELLO.jpg\",\"width\":2500,\"height\":2500,\"caption\":\"PSPV-PSOE Castell\u00f3\"},\"image\":{\"@id\":\"https:\/\/agrupacionespsoe.es\/castello\/#\/schema\/logo\/image\/\"},\"sameAs\":[\"https:\/\/www.facebook.com\/pspv.castellodelaplana\",\"https:\/\/x.com\/pspv_cs\",\"https:\/\/www.instagram.com\/pspvpsoecastello\/\"]},{\"@type\":\"Person\",\"@id\":\"https:\/\/agrupacionespsoe.es\/castello\/#\/schema\/person\/f3bc5b2f9dc6a399e9e98596ae24a20a\",\"name\":\"castello1\",\"image\":{\"@type\":\"ImageObject\",\"inLanguage\":\"es\",\"@id\":\"https:\/\/agrupacionespsoe.es\/castello\/#\/schema\/person\/image\/\",\"url\":\"https:\/\/secure.gravatar.com\/avatar\/5f1da428d6479d1127419c0b58796865?s=96&d=mm&r=g\",\"contentUrl\":\"https:\/\/secure.gravatar.com\/avatar\/5f1da428d6479d1127419c0b58796865?s=96&d=mm&r=g\",\"caption\":\"castello1\"},\"url\":\"https:\/\/agrupacionespsoe.es\/castello\/author\/castello1\/\"}]}<\/script>\n<!-- \/ Yoast SEO plugin. -->","yoast_head_json":{"title":"La primera en la frente - PSPV-PSOE CASTELL\u00d3","robots":{"index":"index","follow":"follow","max-snippet":"max-snippet:-1","max-image-preview":"max-image-preview:large","max-video-preview":"max-video-preview:-1"},"canonical":"https:\/\/agrupacionespsoe.es\/castello\/la-primera-en-la-frente\/","og_locale":"es_ES","og_type":"article","og_title":"La primera en la frente - PSPV-PSOE CASTELL\u00d3","og_description":"Ya conocemos el proyecto de presupuestos del Consell para 2024, unas cuentas que discriminan y ningunean a la provincia de Castell\u00f3n, especialmente a su capital, Castell\u00f3 de la Plana. La bajada de&nbsp;inversiones en la provincia es del 20% respecto a los \u00faltimos presupuestos del Bot\u00e0nic, pasando de 177 millones de euros a 142, y nuestra ...","og_url":"https:\/\/agrupacionespsoe.es\/castello\/la-primera-en-la-frente\/","og_site_name":"PSPV-PSOE CASTELL\u00d3","article_publisher":"https:\/\/www.facebook.com\/pspv.castellodelaplana","article_published_time":"2023-11-24T08:58:07+00:00","article_modified_time":"2023-12-09T09:00:04+00:00","og_image":[{"width":2560,"height":2560,"url":"https:\/\/agrupacionespsoe.es\/castello\/wp-content\/uploads\/sites\/45\/2023\/04\/3.-PATRICIA-PUERTA-BARBERA-2-scaled.jpg","type":"image\/jpeg"}],"author":"castello1","twitter_card":"summary_large_image","twitter_creator":"@pspv_cs","twitter_site":"@pspv_cs","twitter_misc":{"Escrito por":"castello1","Tiempo de lectura":"2 minutos"},"schema":{"@context":"https:\/\/schema.org","@graph":[{"@type":"Article","@id":"https:\/\/agrupacionespsoe.es\/castello\/la-primera-en-la-frente\/#article","isPartOf":{"@id":"https:\/\/agrupacionespsoe.es\/castello\/la-primera-en-la-frente\/"},"author":{"name":"castello1","@id":"https:\/\/agrupacionespsoe.es\/castello\/#\/schema\/person\/f3bc5b2f9dc6a399e9e98596ae24a20a"},"headline":"La primera en la frente","datePublished":"2023-11-24T08:58:07+00:00","dateModified":"2023-12-09T09:00:04+00:00","mainEntityOfPage":{"@id":"https:\/\/agrupacionespsoe.es\/castello\/la-primera-en-la-frente\/"},"wordCount":395,"commentCount":0,"publisher":{"@id":"https:\/\/agrupacionespsoe.es\/castello\/#organization"},"image":{"@id":"https:\/\/agrupacionespsoe.es\/castello\/la-primera-en-la-frente\/#primaryimage"},"thumbnailUrl":"https:\/\/agrupacionespsoe.es\/castello\/wp-content\/uploads\/sites\/45\/2023\/04\/3.-PATRICIA-PUERTA-BARBERA-2-scaled.jpg","keywords":["Patricia Puerta"],"articleSection":["Grupo Municipal Socialista","Opini\u00f3n"],"inLanguage":"es","potentialAction":[{"@type":"CommentAction","name":"Comment","target":["https:\/\/agrupacionespsoe.es\/castello\/la-primera-en-la-frente\/#respond"]}]},{"@type":"WebPage","@id":"https:\/\/agrupacionespsoe.es\/castello\/la-primera-en-la-frente\/","url":"https:\/\/agrupacionespsoe.es\/castello\/la-primera-en-la-frente\/","name":"La primera en la frente - PSPV-PSOE CASTELL\u00d3","isPartOf":{"@id":"https:\/\/agrupacionespsoe.es\/castello\/#website"},"primaryImageOfPage":{"@id":"https:\/\/agrupacionespsoe.es\/castello\/la-primera-en-la-frente\/#primaryimage"},"image":{"@id":"https:\/\/agrupacionespsoe.es\/castello\/la-primera-en-la-frente\/#primaryimage"},"thumbnailUrl":"https:\/\/agrupacionespsoe.es\/castello\/wp-content\/uploads\/sites\/45\/2023\/04\/3.-PATRICIA-PUERTA-BARBERA-2-scaled.jpg","datePublished":"2023-11-24T08:58:07+00:00","dateModified":"2023-12-09T09:00:04+00:00","breadcrumb":{"@id":"https:\/\/agrupacionespsoe.es\/castello\/la-primera-en-la-frente\/#breadcrumb"},"inLanguage":"es","potentialAction":[{"@type":"ReadAction","target":["https:\/\/agrupacionespsoe.es\/castello\/la-primera-en-la-frente\/"]}]},{"@type":"ImageObject","inLanguage":"es","@id":"https:\/\/agrupacionespsoe.es\/castello\/la-primera-en-la-frente\/#primaryimage","url":"https:\/\/agrupacionespsoe.es\/castello\/wp-content\/uploads\/sites\/45\/2023\/04\/3.-PATRICIA-PUERTA-BARBERA-2-scaled.jpg","contentUrl":"https:\/\/agrupacionespsoe.es\/castello\/wp-content\/uploads\/sites\/45\/2023\/04\/3.-PATRICIA-PUERTA-BARBERA-2-scaled.jpg","width":2560,"height":2560},{"@type":"BreadcrumbList","@id":"https:\/\/agrupacionespsoe.es\/castello\/la-primera-en-la-frente\/#breadcrumb","itemListElement":[{"@type":"ListItem","position":1,"name":"Portada","item":"https:\/\/agrupacionespsoe.es\/castello\/"},{"@type":"ListItem","position":2,"name":"La primera en la frente"}]},{"@type":"WebSite","@id":"https:\/\/agrupacionespsoe.es\/castello\/#website","url":"https:\/\/agrupacionespsoe.es\/castello\/","name":"PSPV-PSOE CASTELL\u00d3","description":"PSPV-PSOE | Agrupaci\u00f3 de Castell\u00f3","publisher":{"@id":"https:\/\/agrupacionespsoe.es\/castello\/#organization"},"potentialAction":[{"@type":"SearchAction","target":{"@type":"EntryPoint","urlTemplate":"https:\/\/agrupacionespsoe.es\/castello\/?s={search_term_string}"},"query-input":{"@type":"PropertyValueSpecification","valueRequired":true,"valueName":"search_term_string"}}],"inLanguage":"es"},{"@type":"Organization","@id":"https:\/\/agrupacionespsoe.es\/castello\/#organization","name":"PSPV-PSOE Castell\u00f3","url":"https:\/\/agrupacionespsoe.es\/castello\/","logo":{"@type":"ImageObject","inLanguage":"es","@id":"https:\/\/agrupacionespsoe.es\/castello\/#\/schema\/logo\/image\/","url":"https:\/\/agrupacionespsoe.es\/castello\/wp-content\/uploads\/sites\/45\/2023\/04\/PORTADA-PSOE-CASTELLO.jpg","contentUrl":"https:\/\/agrupacionespsoe.es\/castello\/wp-content\/uploads\/sites\/45\/2023\/04\/PORTADA-PSOE-CASTELLO.jpg","width":2500,"height":2500,"caption":"PSPV-PSOE Castell\u00f3"},"image":{"@id":"https:\/\/agrupacionespsoe.es\/castello\/#\/schema\/logo\/image\/"},"sameAs":["https:\/\/www.facebook.com\/pspv.castellodelaplana","https:\/\/x.com\/pspv_cs","https:\/\/www.instagram.com\/pspvpsoecastello\/"]},{"@type":"Person","@id":"https:\/\/agrupacionespsoe.es\/castello\/#\/schema\/person\/f3bc5b2f9dc6a399e9e98596ae24a20a","name":"castello1","image":{"@type":"ImageObject","inLanguage":"es","@id":"https:\/\/agrupacionespsoe.es\/castello\/#\/schema\/person\/image\/","url":"https:\/\/secure.gravatar.com\/avatar\/5f1da428d6479d1127419c0b58796865?s=96&d=mm&r=g","contentUrl":"https:\/\/secure.gravatar.com\/avatar\/5f1da428d6479d1127419c0b58796865?s=96&d=mm&r=g","caption":"castello1"},"url":"https:\/\/agrupacionespsoe.es\/castello\/author\/castello1\/"}]}},"jetpack_publicize_connections":[],"jetpack_featured_media_url":"https:\/\/agrupacionespsoe.es\/castello\/wp-content\/uploads\/sites\/45\/2023\/04\/3.-PATRICIA-PUERTA-BARBERA-2-scaled.jpg","jetpack_sharing_enabled":true,"_links":{"self":[{"href":"https:\/\/agrupacionespsoe.es\/castello\/wp-json\/wp\/v2\/posts\/3316","targetHints":{"allow":["GET"]}}],"collection":[{"href":"https:\/\/agrupacionespsoe.es\/castello\/wp-json\/wp\/v2\/posts"}],"about":[{"href":"https:\/\/agrupacionespsoe.es\/castello\/wp-json\/wp\/v2\/types\/post"}],"author":[{"embeddable":true,"href":"https:\/\/agrupacionespsoe.es\/castello\/wp-json\/wp\/v2\/users\/48"}],"replies":[{"embeddable":true,"href":"https:\/\/agrupacionespsoe.es\/castello\/wp-json\/wp\/v2\/comments?post=3316"}],"version-history":[{"count":1,"href":"https:\/\/agrupacionespsoe.es\/castello\/wp-json\/wp\/v2\/posts\/3316\/revisions"}],"predecessor-version":[{"id":3317,"href":"https:\/\/agrupacionespsoe.es\/castello\/wp-json\/wp\/v2\/posts\/3316\/revisions\/3317"}],"wp:featuredmedia":[{"embeddable":true,"href":"https:\/\/agrupacionespsoe.es\/castello\/wp-json\/wp\/v2\/media\/499"}],"wp:attachment":[{"href":"https:\/\/agrupacionespsoe.es\/castello\/wp-json\/wp\/v2\/media?parent=3316"}],"wp:term":[{"taxonomy":"category","embeddable":true,"href":"https:\/\/agrupacionespsoe.es\/castello\/wp-json\/wp\/v2\/categories?post=3316"},{"taxonomy":"post_tag","embeddable":true,"href":"https:\/\/agrupacionespsoe.es\/castello\/wp-json\/wp\/v2\/tags?post=3316"}],"curies":[{"name":"wp","href":"https:\/\/api.w.org\/{rel}","templated":true}]}}