{"id":3307,"date":"2023-12-08T12:00:00","date_gmt":"2023-12-08T11:00:00","guid":{"rendered":"https:\/\/agrupacionespsoe.es\/castello\/?p=3307"},"modified":"2023-12-07T14:37:39","modified_gmt":"2023-12-07T13:37:39","slug":"30-anos-de-participacion-ciudadana","status":"publish","type":"post","link":"https:\/\/agrupacionespsoe.es\/castello\/30-anos-de-participacion-ciudadana\/","title":{"rendered":"30 a\u00f1os de participaci\u00f3n ciudadana"},"content":{"rendered":"\n<p>La participaci\u00f3n ciudadana es un pilar fundamental en cualquier sociedad democr\u00e1tica pues con ella se construye una ciudad m\u00e1s justa, inclusiva y equitativa. En el caso de Castell\u00f3, adquiere una importancia a\u00fan mayor ya que es una herramienta clave para el desarrollo y el progreso de nuestra ciudad.<\/p>\n\n\n\n<p>La participaci\u00f3n ciudadana implica que los vecinos de Castelll\u00f3 tengan la oportunidad de involucrarse en la toma de decisiones que afectan a sus barrios, expresando as\u00ed sus opiniones, y propuestas para contribuir activamente a la construcci\u00f3n de pol\u00edticas p\u00fablicas.<\/p>\n\n\n\n<p>La participaci\u00f3n vecinal promueve la transparencia y la rendici\u00f3n de cuentas por parte de las autoridades. Cuando los ciudadanos tienen la oportunidad de participar en la toma de decisiones se genera un mayor control sobre las acciones y pol\u00edticas p\u00fablicas, evitando as\u00ed la arbitrariedad y la corrupci\u00f3n.<\/p>\n\n\n\n<p>En Castell\u00f3 celebramos en 2023 el tercer decenio de la participaci\u00f3n ciudadana, que ha adquirido un papel relevante en los \u00faltimos a\u00f1os. El Ayuntamiento ha implementado diferentes mecanismos de participaci\u00f3n, como los presupuestos participativos, los consejos ciudadanos y las consultas p\u00fablicas.<\/p>\n\n\n\n<p>Inversiones y proyectos de los gobiernos de progreso que ha liderado el PSPV, como el Camino de la Plana, Serradal y la Ratlla; el puente Europa que une el Raval Universitario con los barrios de la Avenida Alcora, el Parque de la Panderola y Josefina L\u00f3pez, la Avenida de Lid\u00f3n, la Plaza de la Paz, la Avenida Enrique Gimeno y Castell Vell o el encauzamiento del Barranco del Sol, han contado con la participaci\u00f3n p\u00fablica para transformar Castell\u00f3 en estos \u00faltimos ocho a\u00f1os.<\/p>\n\n\n\n<p>Sin embargo, a\u00fan queda mucho por hacer en t\u00e9rminos de participaci\u00f3n ciudadana. Es necesario seguir promoviendo espacios de di\u00e1logo y debate, as\u00ed como garantizar que las decisiones tomadas sean realmente vinculantes y se implementen de manera efectiva. PP y Vox se llenan la boca hablando de una participaci\u00f3n vecinal que el PSPV ha demostrado con creces. Y ya han demostrado, con su alcaldesa al frente, que no son de fiar.<\/p>\n\n\n\n<p class=\"has-text-align-right\"><em><strong>Jos\u00e9 Luis L\u00f3pez Ib\u00e1\u00f1ez<br><\/strong>Portavoz adjunto del Grupo Municipal Socialista<\/em> <em>en el Ayuntamiento de Castell\u00f3<\/em><\/p>\n","protected":false},"excerpt":{"rendered":"<p>La participaci\u00f3n ciudadana es un pilar fundamental en cualquier sociedad democr\u00e1tica pues con ella se construye una ciudad m\u00e1s justa, inclusiva y equitativa. En el caso de Castell\u00f3, adquiere una importancia a\u00fan mayor ya que es una herramienta clave para el desarrollo y el progreso de nuestra ciudad. La participaci\u00f3n ciudadana implica que los vecinos &#8230;<\/p>\n","protected":false},"author":48,"featured_media":840,"comment_status":"open","ping_status":"open","sticky":false,"template":"","format":"standard","meta":{"_jetpack_memberships_contains_paid_content":false,"footnotes":"","jetpack_publicize_message":"","jetpack_publicize_feature_enabled":true,"jetpack_social_post_already_shared":false,"jetpack_social_options":{"image_generator_settings":{"template":"highway","default_image_id":0,"font":"","enabled":false},"version":2}},"categories":[33,50],"tags":[85],"class_list":["post-3307","post","type-post","status-publish","format-standard","has-post-thumbnail","hentry","category-gms","category-opinion","tag-jose-luis-lopez"],"yoast_head":"<!-- This site is optimized with the Yoast SEO plugin v24.0 - https:\/\/yoast.com\/wordpress\/plugins\/seo\/ -->\n<title>30 a\u00f1os de participaci\u00f3n ciudadana - PSPV-PSOE CASTELL\u00d3<\/title>\n<meta name=\"robots\" content=\"index, follow, max-snippet:-1, max-image-preview:large, max-video-preview:-1\" \/>\n<link rel=\"canonical\" href=\"https:\/\/agrupacionespsoe.es\/castello\/30-anos-de-participacion-ciudadana\/\" \/>\n<meta property=\"og:locale\" content=\"es_ES\" \/>\n<meta property=\"og:type\" content=\"article\" \/>\n<meta property=\"og:title\" content=\"30 a\u00f1os de participaci\u00f3n ciudadana - PSPV-PSOE CASTELL\u00d3\" \/>\n<meta property=\"og:description\" content=\"La participaci\u00f3n ciudadana es un pilar fundamental en cualquier sociedad democr\u00e1tica pues con ella se construye una ciudad m\u00e1s justa, inclusiva y equitativa. En el caso de Castell\u00f3, adquiere una importancia a\u00fan mayor ya que es una herramienta clave para el desarrollo y el progreso de nuestra ciudad. La participaci\u00f3n ciudadana implica que los vecinos ...\" \/>\n<meta property=\"og:url\" content=\"https:\/\/agrupacionespsoe.es\/castello\/30-anos-de-participacion-ciudadana\/\" \/>\n<meta property=\"og:site_name\" content=\"PSPV-PSOE CASTELL\u00d3\" \/>\n<meta property=\"article:publisher\" content=\"https:\/\/www.facebook.com\/pspv.castellodelaplana\" \/>\n<meta property=\"article:published_time\" content=\"2023-12-08T11:00:00+00:00\" \/>\n<meta property=\"article:modified_time\" content=\"2023-12-07T13:37:39+00:00\" \/>\n<meta property=\"og:image\" content=\"https:\/\/agrupacionespsoe.es\/castello\/wp-content\/uploads\/sites\/45\/2023\/04\/2.-JOSE-LUIS-LOPEZ-IBANEZ-2-1-scaled.jpg\" \/>\n\t<meta property=\"og:image:width\" content=\"2560\" \/>\n\t<meta property=\"og:image:height\" content=\"2560\" \/>\n\t<meta property=\"og:image:type\" content=\"image\/jpeg\" \/>\n<meta name=\"author\" content=\"castello1\" \/>\n<meta name=\"twitter:card\" content=\"summary_large_image\" \/>\n<meta name=\"twitter:creator\" content=\"@pspv_cs\" \/>\n<meta name=\"twitter:site\" content=\"@pspv_cs\" \/>\n<meta name=\"twitter:label1\" content=\"Escrito por\" \/>\n\t<meta name=\"twitter:data1\" content=\"castello1\" \/>\n\t<meta name=\"twitter:label2\" content=\"Tiempo de lectura\" \/>\n\t<meta name=\"twitter:data2\" content=\"2 minutos\" \/>\n<script type=\"application\/ld+json\" class=\"yoast-schema-graph\">{\"@context\":\"https:\/\/schema.org\",\"@graph\":[{\"@type\":\"Article\",\"@id\":\"https:\/\/agrupacionespsoe.es\/castello\/30-anos-de-participacion-ciudadana\/#article\",\"isPartOf\":{\"@id\":\"https:\/\/agrupacionespsoe.es\/castello\/30-anos-de-participacion-ciudadana\/\"},\"author\":{\"name\":\"castello1\",\"@id\":\"https:\/\/agrupacionespsoe.es\/castello\/#\/schema\/person\/f3bc5b2f9dc6a399e9e98596ae24a20a\"},\"headline\":\"30 a\u00f1os de participaci\u00f3n ciudadana\",\"datePublished\":\"2023-12-08T11:00:00+00:00\",\"dateModified\":\"2023-12-07T13:37:39+00:00\",\"mainEntityOfPage\":{\"@id\":\"https:\/\/agrupacionespsoe.es\/castello\/30-anos-de-participacion-ciudadana\/\"},\"wordCount\":377,\"commentCount\":0,\"publisher\":{\"@id\":\"https:\/\/agrupacionespsoe.es\/castello\/#organization\"},\"image\":{\"@id\":\"https:\/\/agrupacionespsoe.es\/castello\/30-anos-de-participacion-ciudadana\/#primaryimage\"},\"thumbnailUrl\":\"https:\/\/agrupacionespsoe.es\/castello\/wp-content\/uploads\/sites\/45\/2023\/04\/2.-JOSE-LUIS-LOPEZ-IBANEZ-2-1-scaled.jpg\",\"keywords\":[\"Jos\u00e9 Luis L\u00f3pez\"],\"articleSection\":[\"Grupo Municipal Socialista\",\"Opini\u00f3n\"],\"inLanguage\":\"es\",\"potentialAction\":[{\"@type\":\"CommentAction\",\"name\":\"Comment\",\"target\":[\"https:\/\/agrupacionespsoe.es\/castello\/30-anos-de-participacion-ciudadana\/#respond\"]}]},{\"@type\":\"WebPage\",\"@id\":\"https:\/\/agrupacionespsoe.es\/castello\/30-anos-de-participacion-ciudadana\/\",\"url\":\"https:\/\/agrupacionespsoe.es\/castello\/30-anos-de-participacion-ciudadana\/\",\"name\":\"30 a\u00f1os de participaci\u00f3n ciudadana - PSPV-PSOE CASTELL\u00d3\",\"isPartOf\":{\"@id\":\"https:\/\/agrupacionespsoe.es\/castello\/#website\"},\"primaryImageOfPage\":{\"@id\":\"https:\/\/agrupacionespsoe.es\/castello\/30-anos-de-participacion-ciudadana\/#primaryimage\"},\"image\":{\"@id\":\"https:\/\/agrupacionespsoe.es\/castello\/30-anos-de-participacion-ciudadana\/#primaryimage\"},\"thumbnailUrl\":\"https:\/\/agrupacionespsoe.es\/castello\/wp-content\/uploads\/sites\/45\/2023\/04\/2.-JOSE-LUIS-LOPEZ-IBANEZ-2-1-scaled.jpg\",\"datePublished\":\"2023-12-08T11:00:00+00:00\",\"dateModified\":\"2023-12-07T13:37:39+00:00\",\"breadcrumb\":{\"@id\":\"https:\/\/agrupacionespsoe.es\/castello\/30-anos-de-participacion-ciudadana\/#breadcrumb\"},\"inLanguage\":\"es\",\"potentialAction\":[{\"@type\":\"ReadAction\",\"target\":[\"https:\/\/agrupacionespsoe.es\/castello\/30-anos-de-participacion-ciudadana\/\"]}]},{\"@type\":\"ImageObject\",\"inLanguage\":\"es\",\"@id\":\"https:\/\/agrupacionespsoe.es\/castello\/30-anos-de-participacion-ciudadana\/#primaryimage\",\"url\":\"https:\/\/agrupacionespsoe.es\/castello\/wp-content\/uploads\/sites\/45\/2023\/04\/2.-JOSE-LUIS-LOPEZ-IBANEZ-2-1-scaled.jpg\",\"contentUrl\":\"https:\/\/agrupacionespsoe.es\/castello\/wp-content\/uploads\/sites\/45\/2023\/04\/2.-JOSE-LUIS-LOPEZ-IBANEZ-2-1-scaled.jpg\",\"width\":2560,\"height\":2560},{\"@type\":\"BreadcrumbList\",\"@id\":\"https:\/\/agrupacionespsoe.es\/castello\/30-anos-de-participacion-ciudadana\/#breadcrumb\",\"itemListElement\":[{\"@type\":\"ListItem\",\"position\":1,\"name\":\"Portada\",\"item\":\"https:\/\/agrupacionespsoe.es\/castello\/\"},{\"@type\":\"ListItem\",\"position\":2,\"name\":\"30 a\u00f1os de participaci\u00f3n ciudadana\"}]},{\"@type\":\"WebSite\",\"@id\":\"https:\/\/agrupacionespsoe.es\/castello\/#website\",\"url\":\"https:\/\/agrupacionespsoe.es\/castello\/\",\"name\":\"PSPV-PSOE CASTELL\u00d3\",\"description\":\"PSPV-PSOE | Agrupaci\u00f3 de Castell\u00f3\",\"publisher\":{\"@id\":\"https:\/\/agrupacionespsoe.es\/castello\/#organization\"},\"potentialAction\":[{\"@type\":\"SearchAction\",\"target\":{\"@type\":\"EntryPoint\",\"urlTemplate\":\"https:\/\/agrupacionespsoe.es\/castello\/?s={search_term_string}\"},\"query-input\":{\"@type\":\"PropertyValueSpecification\",\"valueRequired\":true,\"valueName\":\"search_term_string\"}}],\"inLanguage\":\"es\"},{\"@type\":\"Organization\",\"@id\":\"https:\/\/agrupacionespsoe.es\/castello\/#organization\",\"name\":\"PSPV-PSOE Castell\u00f3\",\"url\":\"https:\/\/agrupacionespsoe.es\/castello\/\",\"logo\":{\"@type\":\"ImageObject\",\"inLanguage\":\"es\",\"@id\":\"https:\/\/agrupacionespsoe.es\/castello\/#\/schema\/logo\/image\/\",\"url\":\"https:\/\/agrupacionespsoe.es\/castello\/wp-content\/uploads\/sites\/45\/2023\/04\/PORTADA-PSOE-CASTELLO.jpg\",\"contentUrl\":\"https:\/\/agrupacionespsoe.es\/castello\/wp-content\/uploads\/sites\/45\/2023\/04\/PORTADA-PSOE-CASTELLO.jpg\",\"width\":2500,\"height\":2500,\"caption\":\"PSPV-PSOE Castell\u00f3\"},\"image\":{\"@id\":\"https:\/\/agrupacionespsoe.es\/castello\/#\/schema\/logo\/image\/\"},\"sameAs\":[\"https:\/\/www.facebook.com\/pspv.castellodelaplana\",\"https:\/\/x.com\/pspv_cs\",\"https:\/\/www.instagram.com\/pspvpsoecastello\/\"]},{\"@type\":\"Person\",\"@id\":\"https:\/\/agrupacionespsoe.es\/castello\/#\/schema\/person\/f3bc5b2f9dc6a399e9e98596ae24a20a\",\"name\":\"castello1\",\"image\":{\"@type\":\"ImageObject\",\"inLanguage\":\"es\",\"@id\":\"https:\/\/agrupacionespsoe.es\/castello\/#\/schema\/person\/image\/\",\"url\":\"https:\/\/secure.gravatar.com\/avatar\/5f1da428d6479d1127419c0b58796865?s=96&d=mm&r=g\",\"contentUrl\":\"https:\/\/secure.gravatar.com\/avatar\/5f1da428d6479d1127419c0b58796865?s=96&d=mm&r=g\",\"caption\":\"castello1\"},\"url\":\"https:\/\/agrupacionespsoe.es\/castello\/author\/castello1\/\"}]}<\/script>\n<!-- \/ Yoast SEO plugin. -->","yoast_head_json":{"title":"30 a\u00f1os de participaci\u00f3n ciudadana - PSPV-PSOE CASTELL\u00d3","robots":{"index":"index","follow":"follow","max-snippet":"max-snippet:-1","max-image-preview":"max-image-preview:large","max-video-preview":"max-video-preview:-1"},"canonical":"https:\/\/agrupacionespsoe.es\/castello\/30-anos-de-participacion-ciudadana\/","og_locale":"es_ES","og_type":"article","og_title":"30 a\u00f1os de participaci\u00f3n ciudadana - PSPV-PSOE CASTELL\u00d3","og_description":"La participaci\u00f3n ciudadana es un pilar fundamental en cualquier sociedad democr\u00e1tica pues con ella se construye una ciudad m\u00e1s justa, inclusiva y equitativa. En el caso de Castell\u00f3, adquiere una importancia a\u00fan mayor ya que es una herramienta clave para el desarrollo y el progreso de nuestra ciudad. La participaci\u00f3n ciudadana implica que los vecinos ...","og_url":"https:\/\/agrupacionespsoe.es\/castello\/30-anos-de-participacion-ciudadana\/","og_site_name":"PSPV-PSOE CASTELL\u00d3","article_publisher":"https:\/\/www.facebook.com\/pspv.castellodelaplana","article_published_time":"2023-12-08T11:00:00+00:00","article_modified_time":"2023-12-07T13:37:39+00:00","og_image":[{"width":2560,"height":2560,"url":"https:\/\/agrupacionespsoe.es\/castello\/wp-content\/uploads\/sites\/45\/2023\/04\/2.-JOSE-LUIS-LOPEZ-IBANEZ-2-1-scaled.jpg","type":"image\/jpeg"}],"author":"castello1","twitter_card":"summary_large_image","twitter_creator":"@pspv_cs","twitter_site":"@pspv_cs","twitter_misc":{"Escrito por":"castello1","Tiempo de lectura":"2 minutos"},"schema":{"@context":"https:\/\/schema.org","@graph":[{"@type":"Article","@id":"https:\/\/agrupacionespsoe.es\/castello\/30-anos-de-participacion-ciudadana\/#article","isPartOf":{"@id":"https:\/\/agrupacionespsoe.es\/castello\/30-anos-de-participacion-ciudadana\/"},"author":{"name":"castello1","@id":"https:\/\/agrupacionespsoe.es\/castello\/#\/schema\/person\/f3bc5b2f9dc6a399e9e98596ae24a20a"},"headline":"30 a\u00f1os de participaci\u00f3n ciudadana","datePublished":"2023-12-08T11:00:00+00:00","dateModified":"2023-12-07T13:37:39+00:00","mainEntityOfPage":{"@id":"https:\/\/agrupacionespsoe.es\/castello\/30-anos-de-participacion-ciudadana\/"},"wordCount":377,"commentCount":0,"publisher":{"@id":"https:\/\/agrupacionespsoe.es\/castello\/#organization"},"image":{"@id":"https:\/\/agrupacionespsoe.es\/castello\/30-anos-de-participacion-ciudadana\/#primaryimage"},"thumbnailUrl":"https:\/\/agrupacionespsoe.es\/castello\/wp-content\/uploads\/sites\/45\/2023\/04\/2.-JOSE-LUIS-LOPEZ-IBANEZ-2-1-scaled.jpg","keywords":["Jos\u00e9 Luis L\u00f3pez"],"articleSection":["Grupo Municipal Socialista","Opini\u00f3n"],"inLanguage":"es","potentialAction":[{"@type":"CommentAction","name":"Comment","target":["https:\/\/agrupacionespsoe.es\/castello\/30-anos-de-participacion-ciudadana\/#respond"]}]},{"@type":"WebPage","@id":"https:\/\/agrupacionespsoe.es\/castello\/30-anos-de-participacion-ciudadana\/","url":"https:\/\/agrupacionespsoe.es\/castello\/30-anos-de-participacion-ciudadana\/","name":"30 a\u00f1os de participaci\u00f3n ciudadana - PSPV-PSOE CASTELL\u00d3","isPartOf":{"@id":"https:\/\/agrupacionespsoe.es\/castello\/#website"},"primaryImageOfPage":{"@id":"https:\/\/agrupacionespsoe.es\/castello\/30-anos-de-participacion-ciudadana\/#primaryimage"},"image":{"@id":"https:\/\/agrupacionespsoe.es\/castello\/30-anos-de-participacion-ciudadana\/#primaryimage"},"thumbnailUrl":"https:\/\/agrupacionespsoe.es\/castello\/wp-content\/uploads\/sites\/45\/2023\/04\/2.-JOSE-LUIS-LOPEZ-IBANEZ-2-1-scaled.jpg","datePublished":"2023-12-08T11:00:00+00:00","dateModified":"2023-12-07T13:37:39+00:00","breadcrumb":{"@id":"https:\/\/agrupacionespsoe.es\/castello\/30-anos-de-participacion-ciudadana\/#breadcrumb"},"inLanguage":"es","potentialAction":[{"@type":"ReadAction","target":["https:\/\/agrupacionespsoe.es\/castello\/30-anos-de-participacion-ciudadana\/"]}]},{"@type":"ImageObject","inLanguage":"es","@id":"https:\/\/agrupacionespsoe.es\/castello\/30-anos-de-participacion-ciudadana\/#primaryimage","url":"https:\/\/agrupacionespsoe.es\/castello\/wp-content\/uploads\/sites\/45\/2023\/04\/2.-JOSE-LUIS-LOPEZ-IBANEZ-2-1-scaled.jpg","contentUrl":"https:\/\/agrupacionespsoe.es\/castello\/wp-content\/uploads\/sites\/45\/2023\/04\/2.-JOSE-LUIS-LOPEZ-IBANEZ-2-1-scaled.jpg","width":2560,"height":2560},{"@type":"BreadcrumbList","@id":"https:\/\/agrupacionespsoe.es\/castello\/30-anos-de-participacion-ciudadana\/#breadcrumb","itemListElement":[{"@type":"ListItem","position":1,"name":"Portada","item":"https:\/\/agrupacionespsoe.es\/castello\/"},{"@type":"ListItem","position":2,"name":"30 a\u00f1os de participaci\u00f3n ciudadana"}]},{"@type":"WebSite","@id":"https:\/\/agrupacionespsoe.es\/castello\/#website","url":"https:\/\/agrupacionespsoe.es\/castello\/","name":"PSPV-PSOE CASTELL\u00d3","description":"PSPV-PSOE | Agrupaci\u00f3 de Castell\u00f3","publisher":{"@id":"https:\/\/agrupacionespsoe.es\/castello\/#organization"},"potentialAction":[{"@type":"SearchAction","target":{"@type":"EntryPoint","urlTemplate":"https:\/\/agrupacionespsoe.es\/castello\/?s={search_term_string}"},"query-input":{"@type":"PropertyValueSpecification","valueRequired":true,"valueName":"search_term_string"}}],"inLanguage":"es"},{"@type":"Organization","@id":"https:\/\/agrupacionespsoe.es\/castello\/#organization","name":"PSPV-PSOE Castell\u00f3","url":"https:\/\/agrupacionespsoe.es\/castello\/","logo":{"@type":"ImageObject","inLanguage":"es","@id":"https:\/\/agrupacionespsoe.es\/castello\/#\/schema\/logo\/image\/","url":"https:\/\/agrupacionespsoe.es\/castello\/wp-content\/uploads\/sites\/45\/2023\/04\/PORTADA-PSOE-CASTELLO.jpg","contentUrl":"https:\/\/agrupacionespsoe.es\/castello\/wp-content\/uploads\/sites\/45\/2023\/04\/PORTADA-PSOE-CASTELLO.jpg","width":2500,"height":2500,"caption":"PSPV-PSOE Castell\u00f3"},"image":{"@id":"https:\/\/agrupacionespsoe.es\/castello\/#\/schema\/logo\/image\/"},"sameAs":["https:\/\/www.facebook.com\/pspv.castellodelaplana","https:\/\/x.com\/pspv_cs","https:\/\/www.instagram.com\/pspvpsoecastello\/"]},{"@type":"Person","@id":"https:\/\/agrupacionespsoe.es\/castello\/#\/schema\/person\/f3bc5b2f9dc6a399e9e98596ae24a20a","name":"castello1","image":{"@type":"ImageObject","inLanguage":"es","@id":"https:\/\/agrupacionespsoe.es\/castello\/#\/schema\/person\/image\/","url":"https:\/\/secure.gravatar.com\/avatar\/5f1da428d6479d1127419c0b58796865?s=96&d=mm&r=g","contentUrl":"https:\/\/secure.gravatar.com\/avatar\/5f1da428d6479d1127419c0b58796865?s=96&d=mm&r=g","caption":"castello1"},"url":"https:\/\/agrupacionespsoe.es\/castello\/author\/castello1\/"}]}},"jetpack_publicize_connections":[],"jetpack_featured_media_url":"https:\/\/agrupacionespsoe.es\/castello\/wp-content\/uploads\/sites\/45\/2023\/04\/2.-JOSE-LUIS-LOPEZ-IBANEZ-2-1-scaled.jpg","jetpack_sharing_enabled":true,"_links":{"self":[{"href":"https:\/\/agrupacionespsoe.es\/castello\/wp-json\/wp\/v2\/posts\/3307","targetHints":{"allow":["GET"]}}],"collection":[{"href":"https:\/\/agrupacionespsoe.es\/castello\/wp-json\/wp\/v2\/posts"}],"about":[{"href":"https:\/\/agrupacionespsoe.es\/castello\/wp-json\/wp\/v2\/types\/post"}],"author":[{"embeddable":true,"href":"https:\/\/agrupacionespsoe.es\/castello\/wp-json\/wp\/v2\/users\/48"}],"replies":[{"embeddable":true,"href":"https:\/\/agrupacionespsoe.es\/castello\/wp-json\/wp\/v2\/comments?post=3307"}],"version-history":[{"count":2,"href":"https:\/\/agrupacionespsoe.es\/castello\/wp-json\/wp\/v2\/posts\/3307\/revisions"}],"predecessor-version":[{"id":3310,"href":"https:\/\/agrupacionespsoe.es\/castello\/wp-json\/wp\/v2\/posts\/3307\/revisions\/3310"}],"wp:featuredmedia":[{"embeddable":true,"href":"https:\/\/agrupacionespsoe.es\/castello\/wp-json\/wp\/v2\/media\/840"}],"wp:attachment":[{"href":"https:\/\/agrupacionespsoe.es\/castello\/wp-json\/wp\/v2\/media?parent=3307"}],"wp:term":[{"taxonomy":"category","embeddable":true,"href":"https:\/\/agrupacionespsoe.es\/castello\/wp-json\/wp\/v2\/categories?post=3307"},{"taxonomy":"post_tag","embeddable":true,"href":"https:\/\/agrupacionespsoe.es\/castello\/wp-json\/wp\/v2\/tags?post=3307"}],"curies":[{"name":"wp","href":"https:\/\/api.w.org\/{rel}","templated":true}]}}