{"id":3221,"date":"2023-11-17T11:07:41","date_gmt":"2023-11-17T10:07:41","guid":{"rendered":"https:\/\/agrupacionespsoe.es\/castello\/?p=3221"},"modified":"2023-12-04T11:08:47","modified_gmt":"2023-12-04T10:08:47","slug":"de-fruta-madre-carrasco","status":"publish","type":"post","link":"https:\/\/agrupacionespsoe.es\/castello\/de-fruta-madre-carrasco\/","title":{"rendered":"De \u2018fruta madre\u2019, Carrasco"},"content":{"rendered":"\n<p>Vuelven los tiempos del rodillo, de la prepotencia, de las risas burlonas y el desprecio. Regresa la etapa oscura marca de la casa del PP, ese que hace del insulto la base de sus argumentos.&nbsp;<strong>Bego\u00f1a Carrasco<\/strong>&nbsp;es la nueva jefa de la banda, esa que se cree por encima de lo divino y lo humano, capaz de inventarse un reglamento si no le gusta el que aprobaron democr\u00e1ticamente todos los grupos del Ayuntamiento de Castell\u00f3.<\/p>\n\n\n\n<p>\u00bfDemocracia? El PP ha pisoteado esta palabra de forma infame a nivel nacional, despreciando las mayor\u00edas que dieron en el Parlamento las elecciones del 23J. Hay que reconocerles que est\u00e1n conectados. Que&nbsp;<strong>Ayuso<\/strong>&nbsp;llame \u2018hijo de puta\u2019 al presidente del Gobierno,&nbsp;<strong>Pedro S\u00e1nchez<\/strong>, es porque se lo merece. Que el cantante&nbsp;<strong>Jos\u00e9 Manuel Soto<\/strong>&nbsp;mente a \u201cla puta madre de Pedro S\u00e1nchez y a la de 11 millones de espa\u00f1oles que le votaron es, para Bego\u00f1a Carrasco, libertad de expresi\u00f3n. Esta es la democracia del PP: el odio y el menosprecio.<\/p>\n\n\n\n<p>Carrasco ha metido en el gobierno municipal a Vox, la ultraderecha nost\u00e1lgica de&nbsp;<strong>Franco<\/strong>. Pero les voy a decir una cosa: olv\u00eddense de Vox. La ultraderecha ahora es el PP de Carrasco,&nbsp;<strong>Sales<\/strong>,&nbsp;<strong>Toledo<\/strong>&nbsp;y compa\u00f1\u00eda. Se acab\u00f3 el di\u00e1logo, vuelve la dictadura, el enga\u00f1o, la verg\u00fcenza y la manipulaci\u00f3n.<\/p>\n\n\n\n<p>Castell\u00f3 tiene muchas iniciativas que atender para seguir con las pol\u00edticas de progreso del PSPV de estos \u00faltimos 8 a\u00f1os, pero para el PP hay que gastarse recursos p\u00fablicos para convocar un pleno sobre el pacto de Gobierno de S\u00e1nchez y la Ley de Amnist\u00eda. Un pleno que consideran \u2018urgente\u2019 pese a que el PP ya&nbsp;ha modificado el reglamento en el Senado&nbsp;para dilatar la Ley.<\/p>\n\n\n\n<p>Carrasco se pasa por el forro los acuerdos pol\u00edticos, esos que dise\u00f1aron un reglamento que impide inventarse un pleno con ese contenido. Y qu\u00e9 contenido. Hay un punto que es sublime: \u201cEl Ayuntamiento de Castell\u00f3 condena la violencia en cualquier sede pol\u00edtica y colaborar\u00e1 para identificar a los responsables\u201d. El edil de Seguridad Ciudadana, el ultraderechista&nbsp;<strong>Antonio Ortol\u00e1<\/strong>, lo tiene f\u00e1cil,&nbsp;DIMITIR,&nbsp;porque fue el l\u00edder de la&nbsp;<em>kale borroka<\/em>&nbsp;contra el PSPV. Son de chiste, pero de los malos.<\/p>\n\n\n\n<p class=\"has-text-align-right\"><strong><em>Patricia\u00a0Puerta Barber\u00e1<\/em><br><\/strong><em>Portavoz del Grupo Municipal Socialista<\/em> <em>en el Ayuntamiento de Castell\u00f3<\/em><\/p>\n","protected":false},"excerpt":{"rendered":"<p>Vuelven los tiempos del rodillo, de la prepotencia, de las risas burlonas y el desprecio. Regresa la etapa oscura marca de la casa del PP, ese que hace del insulto la base de sus argumentos.&nbsp;Bego\u00f1a Carrasco&nbsp;es la nueva jefa de la banda, esa que se cree por encima de lo divino y lo humano, capaz &#8230;<\/p>\n","protected":false},"author":48,"featured_media":499,"comment_status":"open","ping_status":"open","sticky":false,"template":"","format":"standard","meta":{"_jetpack_memberships_contains_paid_content":false,"footnotes":"","jetpack_publicize_message":"","jetpack_publicize_feature_enabled":true,"jetpack_social_post_already_shared":false,"jetpack_social_options":{"image_generator_settings":{"template":"highway","default_image_id":0,"font":"","enabled":false},"version":2}},"categories":[33,50],"tags":[81],"class_list":["post-3221","post","type-post","status-publish","format-standard","has-post-thumbnail","hentry","category-gms","category-opinion","tag-patricia-puerta"],"yoast_head":"<!-- This site is optimized with the Yoast SEO plugin v24.0 - https:\/\/yoast.com\/wordpress\/plugins\/seo\/ -->\n<title>De \u2018fruta madre\u2019, Carrasco - PSPV-PSOE CASTELL\u00d3<\/title>\n<meta name=\"robots\" content=\"index, follow, max-snippet:-1, max-image-preview:large, max-video-preview:-1\" \/>\n<link rel=\"canonical\" href=\"https:\/\/agrupacionespsoe.es\/castello\/de-fruta-madre-carrasco\/\" \/>\n<meta property=\"og:locale\" content=\"es_ES\" \/>\n<meta property=\"og:type\" content=\"article\" \/>\n<meta property=\"og:title\" content=\"De \u2018fruta madre\u2019, Carrasco - PSPV-PSOE CASTELL\u00d3\" \/>\n<meta property=\"og:description\" content=\"Vuelven los tiempos del rodillo, de la prepotencia, de las risas burlonas y el desprecio. Regresa la etapa oscura marca de la casa del PP, ese que hace del insulto la base de sus argumentos.&nbsp;Bego\u00f1a Carrasco&nbsp;es la nueva jefa de la banda, esa que se cree por encima de lo divino y lo humano, capaz ...\" \/>\n<meta property=\"og:url\" content=\"https:\/\/agrupacionespsoe.es\/castello\/de-fruta-madre-carrasco\/\" \/>\n<meta property=\"og:site_name\" content=\"PSPV-PSOE CASTELL\u00d3\" \/>\n<meta property=\"article:publisher\" content=\"https:\/\/www.facebook.com\/pspv.castellodelaplana\" \/>\n<meta property=\"article:published_time\" content=\"2023-11-17T10:07:41+00:00\" \/>\n<meta property=\"article:modified_time\" content=\"2023-12-04T10:08:47+00:00\" \/>\n<meta property=\"og:image\" content=\"https:\/\/agrupacionespsoe.es\/castello\/wp-content\/uploads\/sites\/45\/2023\/04\/3.-PATRICIA-PUERTA-BARBERA-2-scaled.jpg\" \/>\n\t<meta property=\"og:image:width\" content=\"2560\" \/>\n\t<meta property=\"og:image:height\" content=\"2560\" \/>\n\t<meta property=\"og:image:type\" content=\"image\/jpeg\" \/>\n<meta name=\"author\" content=\"castello1\" \/>\n<meta name=\"twitter:card\" content=\"summary_large_image\" \/>\n<meta name=\"twitter:creator\" content=\"@pspv_cs\" \/>\n<meta name=\"twitter:site\" content=\"@pspv_cs\" \/>\n<meta name=\"twitter:label1\" content=\"Escrito por\" \/>\n\t<meta name=\"twitter:data1\" content=\"castello1\" \/>\n\t<meta name=\"twitter:label2\" content=\"Tiempo de lectura\" \/>\n\t<meta name=\"twitter:data2\" content=\"2 minutos\" \/>\n<script type=\"application\/ld+json\" class=\"yoast-schema-graph\">{\"@context\":\"https:\/\/schema.org\",\"@graph\":[{\"@type\":\"Article\",\"@id\":\"https:\/\/agrupacionespsoe.es\/castello\/de-fruta-madre-carrasco\/#article\",\"isPartOf\":{\"@id\":\"https:\/\/agrupacionespsoe.es\/castello\/de-fruta-madre-carrasco\/\"},\"author\":{\"name\":\"castello1\",\"@id\":\"https:\/\/agrupacionespsoe.es\/castello\/#\/schema\/person\/f3bc5b2f9dc6a399e9e98596ae24a20a\"},\"headline\":\"De \u2018fruta madre\u2019, Carrasco\",\"datePublished\":\"2023-11-17T10:07:41+00:00\",\"dateModified\":\"2023-12-04T10:08:47+00:00\",\"mainEntityOfPage\":{\"@id\":\"https:\/\/agrupacionespsoe.es\/castello\/de-fruta-madre-carrasco\/\"},\"wordCount\":423,\"commentCount\":0,\"publisher\":{\"@id\":\"https:\/\/agrupacionespsoe.es\/castello\/#organization\"},\"image\":{\"@id\":\"https:\/\/agrupacionespsoe.es\/castello\/de-fruta-madre-carrasco\/#primaryimage\"},\"thumbnailUrl\":\"https:\/\/agrupacionespsoe.es\/castello\/wp-content\/uploads\/sites\/45\/2023\/04\/3.-PATRICIA-PUERTA-BARBERA-2-scaled.jpg\",\"keywords\":[\"Patricia Puerta\"],\"articleSection\":[\"Grupo Municipal Socialista\",\"Opini\u00f3n\"],\"inLanguage\":\"es\",\"potentialAction\":[{\"@type\":\"CommentAction\",\"name\":\"Comment\",\"target\":[\"https:\/\/agrupacionespsoe.es\/castello\/de-fruta-madre-carrasco\/#respond\"]}]},{\"@type\":\"WebPage\",\"@id\":\"https:\/\/agrupacionespsoe.es\/castello\/de-fruta-madre-carrasco\/\",\"url\":\"https:\/\/agrupacionespsoe.es\/castello\/de-fruta-madre-carrasco\/\",\"name\":\"De \u2018fruta madre\u2019, Carrasco - PSPV-PSOE CASTELL\u00d3\",\"isPartOf\":{\"@id\":\"https:\/\/agrupacionespsoe.es\/castello\/#website\"},\"primaryImageOfPage\":{\"@id\":\"https:\/\/agrupacionespsoe.es\/castello\/de-fruta-madre-carrasco\/#primaryimage\"},\"image\":{\"@id\":\"https:\/\/agrupacionespsoe.es\/castello\/de-fruta-madre-carrasco\/#primaryimage\"},\"thumbnailUrl\":\"https:\/\/agrupacionespsoe.es\/castello\/wp-content\/uploads\/sites\/45\/2023\/04\/3.-PATRICIA-PUERTA-BARBERA-2-scaled.jpg\",\"datePublished\":\"2023-11-17T10:07:41+00:00\",\"dateModified\":\"2023-12-04T10:08:47+00:00\",\"breadcrumb\":{\"@id\":\"https:\/\/agrupacionespsoe.es\/castello\/de-fruta-madre-carrasco\/#breadcrumb\"},\"inLanguage\":\"es\",\"potentialAction\":[{\"@type\":\"ReadAction\",\"target\":[\"https:\/\/agrupacionespsoe.es\/castello\/de-fruta-madre-carrasco\/\"]}]},{\"@type\":\"ImageObject\",\"inLanguage\":\"es\",\"@id\":\"https:\/\/agrupacionespsoe.es\/castello\/de-fruta-madre-carrasco\/#primaryimage\",\"url\":\"https:\/\/agrupacionespsoe.es\/castello\/wp-content\/uploads\/sites\/45\/2023\/04\/3.-PATRICIA-PUERTA-BARBERA-2-scaled.jpg\",\"contentUrl\":\"https:\/\/agrupacionespsoe.es\/castello\/wp-content\/uploads\/sites\/45\/2023\/04\/3.-PATRICIA-PUERTA-BARBERA-2-scaled.jpg\",\"width\":2560,\"height\":2560},{\"@type\":\"BreadcrumbList\",\"@id\":\"https:\/\/agrupacionespsoe.es\/castello\/de-fruta-madre-carrasco\/#breadcrumb\",\"itemListElement\":[{\"@type\":\"ListItem\",\"position\":1,\"name\":\"Portada\",\"item\":\"https:\/\/agrupacionespsoe.es\/castello\/\"},{\"@type\":\"ListItem\",\"position\":2,\"name\":\"De \u2018fruta madre\u2019, Carrasco\"}]},{\"@type\":\"WebSite\",\"@id\":\"https:\/\/agrupacionespsoe.es\/castello\/#website\",\"url\":\"https:\/\/agrupacionespsoe.es\/castello\/\",\"name\":\"PSPV-PSOE CASTELL\u00d3\",\"description\":\"PSPV-PSOE | Agrupaci\u00f3 de Castell\u00f3\",\"publisher\":{\"@id\":\"https:\/\/agrupacionespsoe.es\/castello\/#organization\"},\"potentialAction\":[{\"@type\":\"SearchAction\",\"target\":{\"@type\":\"EntryPoint\",\"urlTemplate\":\"https:\/\/agrupacionespsoe.es\/castello\/?s={search_term_string}\"},\"query-input\":{\"@type\":\"PropertyValueSpecification\",\"valueRequired\":true,\"valueName\":\"search_term_string\"}}],\"inLanguage\":\"es\"},{\"@type\":\"Organization\",\"@id\":\"https:\/\/agrupacionespsoe.es\/castello\/#organization\",\"name\":\"PSPV-PSOE Castell\u00f3\",\"url\":\"https:\/\/agrupacionespsoe.es\/castello\/\",\"logo\":{\"@type\":\"ImageObject\",\"inLanguage\":\"es\",\"@id\":\"https:\/\/agrupacionespsoe.es\/castello\/#\/schema\/logo\/image\/\",\"url\":\"https:\/\/agrupacionespsoe.es\/castello\/wp-content\/uploads\/sites\/45\/2023\/04\/PORTADA-PSOE-CASTELLO.jpg\",\"contentUrl\":\"https:\/\/agrupacionespsoe.es\/castello\/wp-content\/uploads\/sites\/45\/2023\/04\/PORTADA-PSOE-CASTELLO.jpg\",\"width\":2500,\"height\":2500,\"caption\":\"PSPV-PSOE Castell\u00f3\"},\"image\":{\"@id\":\"https:\/\/agrupacionespsoe.es\/castello\/#\/schema\/logo\/image\/\"},\"sameAs\":[\"https:\/\/www.facebook.com\/pspv.castellodelaplana\",\"https:\/\/x.com\/pspv_cs\",\"https:\/\/www.instagram.com\/pspvpsoecastello\/\"]},{\"@type\":\"Person\",\"@id\":\"https:\/\/agrupacionespsoe.es\/castello\/#\/schema\/person\/f3bc5b2f9dc6a399e9e98596ae24a20a\",\"name\":\"castello1\",\"image\":{\"@type\":\"ImageObject\",\"inLanguage\":\"es\",\"@id\":\"https:\/\/agrupacionespsoe.es\/castello\/#\/schema\/person\/image\/\",\"url\":\"https:\/\/secure.gravatar.com\/avatar\/5f1da428d6479d1127419c0b58796865?s=96&d=mm&r=g\",\"contentUrl\":\"https:\/\/secure.gravatar.com\/avatar\/5f1da428d6479d1127419c0b58796865?s=96&d=mm&r=g\",\"caption\":\"castello1\"},\"url\":\"https:\/\/agrupacionespsoe.es\/castello\/author\/castello1\/\"}]}<\/script>\n<!-- \/ Yoast SEO plugin. -->","yoast_head_json":{"title":"De \u2018fruta madre\u2019, Carrasco - PSPV-PSOE CASTELL\u00d3","robots":{"index":"index","follow":"follow","max-snippet":"max-snippet:-1","max-image-preview":"max-image-preview:large","max-video-preview":"max-video-preview:-1"},"canonical":"https:\/\/agrupacionespsoe.es\/castello\/de-fruta-madre-carrasco\/","og_locale":"es_ES","og_type":"article","og_title":"De \u2018fruta madre\u2019, Carrasco - PSPV-PSOE CASTELL\u00d3","og_description":"Vuelven los tiempos del rodillo, de la prepotencia, de las risas burlonas y el desprecio. Regresa la etapa oscura marca de la casa del PP, ese que hace del insulto la base de sus argumentos.&nbsp;Bego\u00f1a Carrasco&nbsp;es la nueva jefa de la banda, esa que se cree por encima de lo divino y lo humano, capaz ...","og_url":"https:\/\/agrupacionespsoe.es\/castello\/de-fruta-madre-carrasco\/","og_site_name":"PSPV-PSOE CASTELL\u00d3","article_publisher":"https:\/\/www.facebook.com\/pspv.castellodelaplana","article_published_time":"2023-11-17T10:07:41+00:00","article_modified_time":"2023-12-04T10:08:47+00:00","og_image":[{"width":2560,"height":2560,"url":"https:\/\/agrupacionespsoe.es\/castello\/wp-content\/uploads\/sites\/45\/2023\/04\/3.-PATRICIA-PUERTA-BARBERA-2-scaled.jpg","type":"image\/jpeg"}],"author":"castello1","twitter_card":"summary_large_image","twitter_creator":"@pspv_cs","twitter_site":"@pspv_cs","twitter_misc":{"Escrito por":"castello1","Tiempo de lectura":"2 minutos"},"schema":{"@context":"https:\/\/schema.org","@graph":[{"@type":"Article","@id":"https:\/\/agrupacionespsoe.es\/castello\/de-fruta-madre-carrasco\/#article","isPartOf":{"@id":"https:\/\/agrupacionespsoe.es\/castello\/de-fruta-madre-carrasco\/"},"author":{"name":"castello1","@id":"https:\/\/agrupacionespsoe.es\/castello\/#\/schema\/person\/f3bc5b2f9dc6a399e9e98596ae24a20a"},"headline":"De \u2018fruta madre\u2019, Carrasco","datePublished":"2023-11-17T10:07:41+00:00","dateModified":"2023-12-04T10:08:47+00:00","mainEntityOfPage":{"@id":"https:\/\/agrupacionespsoe.es\/castello\/de-fruta-madre-carrasco\/"},"wordCount":423,"commentCount":0,"publisher":{"@id":"https:\/\/agrupacionespsoe.es\/castello\/#organization"},"image":{"@id":"https:\/\/agrupacionespsoe.es\/castello\/de-fruta-madre-carrasco\/#primaryimage"},"thumbnailUrl":"https:\/\/agrupacionespsoe.es\/castello\/wp-content\/uploads\/sites\/45\/2023\/04\/3.-PATRICIA-PUERTA-BARBERA-2-scaled.jpg","keywords":["Patricia Puerta"],"articleSection":["Grupo Municipal Socialista","Opini\u00f3n"],"inLanguage":"es","potentialAction":[{"@type":"CommentAction","name":"Comment","target":["https:\/\/agrupacionespsoe.es\/castello\/de-fruta-madre-carrasco\/#respond"]}]},{"@type":"WebPage","@id":"https:\/\/agrupacionespsoe.es\/castello\/de-fruta-madre-carrasco\/","url":"https:\/\/agrupacionespsoe.es\/castello\/de-fruta-madre-carrasco\/","name":"De \u2018fruta madre\u2019, Carrasco - PSPV-PSOE CASTELL\u00d3","isPartOf":{"@id":"https:\/\/agrupacionespsoe.es\/castello\/#website"},"primaryImageOfPage":{"@id":"https:\/\/agrupacionespsoe.es\/castello\/de-fruta-madre-carrasco\/#primaryimage"},"image":{"@id":"https:\/\/agrupacionespsoe.es\/castello\/de-fruta-madre-carrasco\/#primaryimage"},"thumbnailUrl":"https:\/\/agrupacionespsoe.es\/castello\/wp-content\/uploads\/sites\/45\/2023\/04\/3.-PATRICIA-PUERTA-BARBERA-2-scaled.jpg","datePublished":"2023-11-17T10:07:41+00:00","dateModified":"2023-12-04T10:08:47+00:00","breadcrumb":{"@id":"https:\/\/agrupacionespsoe.es\/castello\/de-fruta-madre-carrasco\/#breadcrumb"},"inLanguage":"es","potentialAction":[{"@type":"ReadAction","target":["https:\/\/agrupacionespsoe.es\/castello\/de-fruta-madre-carrasco\/"]}]},{"@type":"ImageObject","inLanguage":"es","@id":"https:\/\/agrupacionespsoe.es\/castello\/de-fruta-madre-carrasco\/#primaryimage","url":"https:\/\/agrupacionespsoe.es\/castello\/wp-content\/uploads\/sites\/45\/2023\/04\/3.-PATRICIA-PUERTA-BARBERA-2-scaled.jpg","contentUrl":"https:\/\/agrupacionespsoe.es\/castello\/wp-content\/uploads\/sites\/45\/2023\/04\/3.-PATRICIA-PUERTA-BARBERA-2-scaled.jpg","width":2560,"height":2560},{"@type":"BreadcrumbList","@id":"https:\/\/agrupacionespsoe.es\/castello\/de-fruta-madre-carrasco\/#breadcrumb","itemListElement":[{"@type":"ListItem","position":1,"name":"Portada","item":"https:\/\/agrupacionespsoe.es\/castello\/"},{"@type":"ListItem","position":2,"name":"De \u2018fruta madre\u2019, Carrasco"}]},{"@type":"WebSite","@id":"https:\/\/agrupacionespsoe.es\/castello\/#website","url":"https:\/\/agrupacionespsoe.es\/castello\/","name":"PSPV-PSOE CASTELL\u00d3","description":"PSPV-PSOE | Agrupaci\u00f3 de Castell\u00f3","publisher":{"@id":"https:\/\/agrupacionespsoe.es\/castello\/#organization"},"potentialAction":[{"@type":"SearchAction","target":{"@type":"EntryPoint","urlTemplate":"https:\/\/agrupacionespsoe.es\/castello\/?s={search_term_string}"},"query-input":{"@type":"PropertyValueSpecification","valueRequired":true,"valueName":"search_term_string"}}],"inLanguage":"es"},{"@type":"Organization","@id":"https:\/\/agrupacionespsoe.es\/castello\/#organization","name":"PSPV-PSOE Castell\u00f3","url":"https:\/\/agrupacionespsoe.es\/castello\/","logo":{"@type":"ImageObject","inLanguage":"es","@id":"https:\/\/agrupacionespsoe.es\/castello\/#\/schema\/logo\/image\/","url":"https:\/\/agrupacionespsoe.es\/castello\/wp-content\/uploads\/sites\/45\/2023\/04\/PORTADA-PSOE-CASTELLO.jpg","contentUrl":"https:\/\/agrupacionespsoe.es\/castello\/wp-content\/uploads\/sites\/45\/2023\/04\/PORTADA-PSOE-CASTELLO.jpg","width":2500,"height":2500,"caption":"PSPV-PSOE Castell\u00f3"},"image":{"@id":"https:\/\/agrupacionespsoe.es\/castello\/#\/schema\/logo\/image\/"},"sameAs":["https:\/\/www.facebook.com\/pspv.castellodelaplana","https:\/\/x.com\/pspv_cs","https:\/\/www.instagram.com\/pspvpsoecastello\/"]},{"@type":"Person","@id":"https:\/\/agrupacionespsoe.es\/castello\/#\/schema\/person\/f3bc5b2f9dc6a399e9e98596ae24a20a","name":"castello1","image":{"@type":"ImageObject","inLanguage":"es","@id":"https:\/\/agrupacionespsoe.es\/castello\/#\/schema\/person\/image\/","url":"https:\/\/secure.gravatar.com\/avatar\/5f1da428d6479d1127419c0b58796865?s=96&d=mm&r=g","contentUrl":"https:\/\/secure.gravatar.com\/avatar\/5f1da428d6479d1127419c0b58796865?s=96&d=mm&r=g","caption":"castello1"},"url":"https:\/\/agrupacionespsoe.es\/castello\/author\/castello1\/"}]}},"jetpack_publicize_connections":[],"jetpack_featured_media_url":"https:\/\/agrupacionespsoe.es\/castello\/wp-content\/uploads\/sites\/45\/2023\/04\/3.-PATRICIA-PUERTA-BARBERA-2-scaled.jpg","jetpack_sharing_enabled":true,"_links":{"self":[{"href":"https:\/\/agrupacionespsoe.es\/castello\/wp-json\/wp\/v2\/posts\/3221","targetHints":{"allow":["GET"]}}],"collection":[{"href":"https:\/\/agrupacionespsoe.es\/castello\/wp-json\/wp\/v2\/posts"}],"about":[{"href":"https:\/\/agrupacionespsoe.es\/castello\/wp-json\/wp\/v2\/types\/post"}],"author":[{"embeddable":true,"href":"https:\/\/agrupacionespsoe.es\/castello\/wp-json\/wp\/v2\/users\/48"}],"replies":[{"embeddable":true,"href":"https:\/\/agrupacionespsoe.es\/castello\/wp-json\/wp\/v2\/comments?post=3221"}],"version-history":[{"count":1,"href":"https:\/\/agrupacionespsoe.es\/castello\/wp-json\/wp\/v2\/posts\/3221\/revisions"}],"predecessor-version":[{"id":3222,"href":"https:\/\/agrupacionespsoe.es\/castello\/wp-json\/wp\/v2\/posts\/3221\/revisions\/3222"}],"wp:featuredmedia":[{"embeddable":true,"href":"https:\/\/agrupacionespsoe.es\/castello\/wp-json\/wp\/v2\/media\/499"}],"wp:attachment":[{"href":"https:\/\/agrupacionespsoe.es\/castello\/wp-json\/wp\/v2\/media?parent=3221"}],"wp:term":[{"taxonomy":"category","embeddable":true,"href":"https:\/\/agrupacionespsoe.es\/castello\/wp-json\/wp\/v2\/categories?post=3221"},{"taxonomy":"post_tag","embeddable":true,"href":"https:\/\/agrupacionespsoe.es\/castello\/wp-json\/wp\/v2\/tags?post=3221"}],"curies":[{"name":"wp","href":"https:\/\/api.w.org\/{rel}","templated":true}]}}