{"id":3198,"date":"2023-11-10T09:59:04","date_gmt":"2023-11-10T08:59:04","guid":{"rendered":"https:\/\/agrupacionespsoe.es\/castello\/?p=3198"},"modified":"2024-06-19T11:19:41","modified_gmt":"2024-06-19T09:19:41","slug":"el-grup-municipal-socialista-trasllada-a-ccoo-el-seu-compromis-per-a-reclamar-a-carrasco-que-amplie-la-plantilla-de-policia-local-bombers-i-agents-de-mobilitat","status":"publish","type":"post","link":"https:\/\/agrupacionespsoe.es\/castello\/va\/el-grup-municipal-socialista-trasllada-a-ccoo-el-seu-compromis-per-a-reclamar-a-carrasco-que-amplie-la-plantilla-de-policia-local-bombers-i-agents-de-mobilitat\/","title":{"rendered":"El Grup Municipal Socialista trasllada a CCOO el seu comprom\u00eds per a reclamar a Carrasco que amplie la plantilla de Policia Local, Bombers i Agents de Mobilitat"},"content":{"rendered":"\n<p><em><strong>Les regidores Patricia Puerta, M\u00f3nica Barab\u00e1s i Anunciaci\u00f3n La\u00ednez es reuneixen en el Grup Municipal Socialista amb representants del sindicat, que exigeixen al govern de la dreta i la ultradreta \u00abque realitzen una convocat\u00f2ria extraordin\u00e0ria com s\u00ed que es va fer en \u00e8poca de governs del PSPV\u201d<\/strong><\/em><\/p>\n\n\n\n<p>El Grup Municipal Socialista ha mantingut una reuni\u00f3 amb representants de CCOO, amb els qui han analitzat les necessitats de la plantilla de la Policia Local, Bombers i Agents de Mobilitat Urbana (AMU) i la negativa del govern liderat per la popular Bego\u00f1a Carrasco d&#8217;aprovar una convocat\u00f2ria extraordin\u00e0ria per a cobrir les places que fan falta per a la ciutat.<\/p>\n\n\n\n<p>Les regidores socialistes Patricia Puerta, M\u00f3nica Barab\u00e1s i Anunciaci\u00f3n La\u00ednez han deixat palesa davant l&#8217;organitzaci\u00f3 sindical que \u201cserem constants davant PP i Vox perqu\u00e8 realitzen una convocat\u00f2ria extraordin\u00e0ria despr\u00e9s de l&#8217;\u00faltim proc\u00e9s que es va iniciar en 2022, perqu\u00e8 poden fer-la per\u00f2 ja veiem que s&#8217;ompli molt la boca amb qu\u00e8 refor\u00e7aran les plantilles en Seguretat Ciutadana, per\u00f2 no fan els passos adequats per a fer-ho\u201d.<\/p>\n\n\n\n<p>Els representants de CCOO, en aquesta mateixa l\u00ednia, han subratllat que \u201chi ha partida pressupostada i l&#8217;Ajuntament t\u00e9 una bona possibilitat de fer-lo, per\u00f2 no sabem perqu\u00e8 no activen aquesta convocat\u00f2ria extraordin\u00e0ria\u201d perqu\u00e8 quan es va fer amb el PSPV al capdavant del govern municipal \u201cva ser molt eficient\u201d.<\/p>\n\n\n\n<p>Des del Grup Socialista s&#8217;ha recordat l&#8217;\u00faltima decisi\u00f3 del govern liderat per Bego\u00f1a Carrasco, \u201cque \u00e9s deixar d&#8217;ingressar ni m\u00e9s ni menys que 3,6 milions d&#8217;euros amb una operaci\u00f3 de maquillatge de rebaixa d&#8217;impostos que pr\u00e0cticament no notaran les fam\u00edlies de Castell\u00f3, com \u00e9s el tema de l&#8217;IBI, que a penes suposar\u00e0 uns 16 euros menys per casa en la factura\u201d.<\/p>\n\n\n\n<p>Amb aquesta falta d&#8217;ingressos, \u201chi haur\u00e0 per descomptat que retallar despeses, i aix\u00f2 tindr\u00e0 conseq\u00fc\u00e8ncies, sens dubte, en q\u00fcestions com la implantaci\u00f3 de la carrera professional o, per exemple, a assumir la millora de la plantilla\u201d.<br><br>Des de l&#8217;organitzaci\u00f3 sindical es recorda que fa falta un m\u00ednim de deu places per a cobrir les necessitats de la Policia Local, a m\u00e9s de demanar 8 que es van amortitzar en Bombers amb anteriors governs del PP, o tres vacants en AMU.<\/p>\n","protected":false},"excerpt":{"rendered":"<p>Les regidores Patricia Puerta, M\u00f3nica Barab\u00e1s i Anunciaci\u00f3n La\u00ednez es reuneixen en el Grup Municipal Socialista amb representants del sindicat, que exigeixen al govern de la dreta i la ultradreta \u00abque realitzen una convocat\u00f2ria extraordin\u00e0ria com s\u00ed que es va fer en \u00e8poca de governs del PSPV\u201d El Grup Municipal Socialista ha mantingut una reuni\u00f3 &#8230;<\/p>\n","protected":false},"author":48,"featured_media":3196,"comment_status":"open","ping_status":"open","sticky":false,"template":"","format":"standard","meta":{"_jetpack_memberships_contains_paid_content":false,"footnotes":"","jetpack_publicize_message":"","jetpack_publicize_feature_enabled":true,"jetpack_social_post_already_shared":false,"jetpack_social_options":{"image_generator_settings":{"template":"highway","default_image_id":0,"font":"","enabled":false},"version":2}},"categories":[22],"tags":[97,109,83],"class_list":["post-3198","post","type-post","status-publish","format-standard","has-post-thumbnail","hentry","category-gms-va","tag-anun-lainez-va","tag-monica-barabas-va","tag-patricia-puerta-va"],"yoast_head":"<!-- This site is optimized with the Yoast SEO plugin v24.0 - https:\/\/yoast.com\/wordpress\/plugins\/seo\/ -->\n<title>El Grup Municipal Socialista trasllada a CCOO el seu comprom\u00eds per a reclamar a Carrasco que amplie la plantilla de Policia Local, Bombers i Agents de Mobilitat - PSPV-PSOE CASTELL\u00d3<\/title>\n<meta name=\"robots\" content=\"index, follow, max-snippet:-1, max-image-preview:large, max-video-preview:-1\" \/>\n<link rel=\"canonical\" href=\"https:\/\/agrupacionespsoe.es\/castello\/va\/el-grup-municipal-socialista-trasllada-a-ccoo-el-seu-compromis-per-a-reclamar-a-carrasco-que-amplie-la-plantilla-de-policia-local-bombers-i-agents-de-mobilitat\/\" \/>\n<meta property=\"og:locale\" content=\"es_ES\" \/>\n<meta property=\"og:type\" content=\"article\" \/>\n<meta property=\"og:title\" content=\"El Grup Municipal Socialista trasllada a CCOO el seu comprom\u00eds per a reclamar a Carrasco que amplie la plantilla de Policia Local, Bombers i Agents de Mobilitat - PSPV-PSOE CASTELL\u00d3\" \/>\n<meta property=\"og:description\" content=\"Les regidores Patricia Puerta, M\u00f3nica Barab\u00e1s i Anunciaci\u00f3n La\u00ednez es reuneixen en el Grup Municipal Socialista amb representants del sindicat, que exigeixen al govern de la dreta i la ultradreta \u00abque realitzen una convocat\u00f2ria extraordin\u00e0ria com s\u00ed que es va fer en \u00e8poca de governs del PSPV\u201d El Grup Municipal Socialista ha mantingut una reuni\u00f3 ...\" \/>\n<meta property=\"og:url\" content=\"https:\/\/agrupacionespsoe.es\/castello\/va\/el-grup-municipal-socialista-trasllada-a-ccoo-el-seu-compromis-per-a-reclamar-a-carrasco-que-amplie-la-plantilla-de-policia-local-bombers-i-agents-de-mobilitat\/\" \/>\n<meta property=\"og:site_name\" content=\"PSPV-PSOE CASTELL\u00d3\" \/>\n<meta property=\"article:publisher\" content=\"https:\/\/www.facebook.com\/pspv.castellodelaplana\" \/>\n<meta property=\"article:published_time\" content=\"2023-11-10T08:59:04+00:00\" \/>\n<meta property=\"article:modified_time\" content=\"2024-06-19T09:19:41+00:00\" \/>\n<meta property=\"og:image\" content=\"https:\/\/agrupacionespsoe.es\/castello\/wp-content\/uploads\/sites\/45\/2023\/12\/20231110-El-Grupo-Municipal-Socialista-traslada-a-CCOO-su-compromiso-para-reclamar-a-Carrasco-que-amplie-la-plantilla-de-Policia-Local-Bomberos-y-Agentes-de-Movilidad-scaled.jpg\" \/>\n\t<meta property=\"og:image:width\" content=\"2560\" \/>\n\t<meta property=\"og:image:height\" content=\"1920\" \/>\n\t<meta property=\"og:image:type\" content=\"image\/jpeg\" \/>\n<meta name=\"author\" content=\"castello1\" \/>\n<meta name=\"twitter:card\" content=\"summary_large_image\" \/>\n<meta name=\"twitter:creator\" content=\"@pspv_cs\" \/>\n<meta name=\"twitter:site\" content=\"@pspv_cs\" \/>\n<meta name=\"twitter:label1\" content=\"Escrito por\" \/>\n\t<meta name=\"twitter:data1\" content=\"castello1\" \/>\n\t<meta name=\"twitter:label2\" content=\"Tiempo de lectura\" \/>\n\t<meta name=\"twitter:data2\" content=\"2 minutos\" \/>\n<script type=\"application\/ld+json\" class=\"yoast-schema-graph\">{\"@context\":\"https:\/\/schema.org\",\"@graph\":[{\"@type\":\"Article\",\"@id\":\"https:\/\/agrupacionespsoe.es\/castello\/va\/el-grup-municipal-socialista-trasllada-a-ccoo-el-seu-compromis-per-a-reclamar-a-carrasco-que-amplie-la-plantilla-de-policia-local-bombers-i-agents-de-mobilitat\/#article\",\"isPartOf\":{\"@id\":\"https:\/\/agrupacionespsoe.es\/castello\/va\/el-grup-municipal-socialista-trasllada-a-ccoo-el-seu-compromis-per-a-reclamar-a-carrasco-que-amplie-la-plantilla-de-policia-local-bombers-i-agents-de-mobilitat\/\"},\"author\":{\"name\":\"castello1\",\"@id\":\"https:\/\/agrupacionespsoe.es\/castello\/#\/schema\/person\/f3bc5b2f9dc6a399e9e98596ae24a20a\"},\"headline\":\"El Grup Municipal Socialista trasllada a CCOO el seu comprom\u00eds per a reclamar a Carrasco que amplie la plantilla de Policia Local, Bombers i Agents de Mobilitat\",\"datePublished\":\"2023-11-10T08:59:04+00:00\",\"dateModified\":\"2024-06-19T09:19:41+00:00\",\"mainEntityOfPage\":{\"@id\":\"https:\/\/agrupacionespsoe.es\/castello\/va\/el-grup-municipal-socialista-trasllada-a-ccoo-el-seu-compromis-per-a-reclamar-a-carrasco-que-amplie-la-plantilla-de-policia-local-bombers-i-agents-de-mobilitat\/\"},\"wordCount\":418,\"commentCount\":0,\"publisher\":{\"@id\":\"https:\/\/agrupacionespsoe.es\/castello\/#organization\"},\"image\":{\"@id\":\"https:\/\/agrupacionespsoe.es\/castello\/va\/el-grup-municipal-socialista-trasllada-a-ccoo-el-seu-compromis-per-a-reclamar-a-carrasco-que-amplie-la-plantilla-de-policia-local-bombers-i-agents-de-mobilitat\/#primaryimage\"},\"thumbnailUrl\":\"https:\/\/agrupacionespsoe.es\/castello\/wp-content\/uploads\/sites\/45\/2023\/12\/20231110-El-Grupo-Municipal-Socialista-traslada-a-CCOO-su-compromiso-para-reclamar-a-Carrasco-que-amplie-la-plantilla-de-Policia-Local-Bomberos-y-Agentes-de-Movilidad-scaled.jpg\",\"keywords\":[\"Anun L\u00e1inez\",\"M\u00f3nica Barab\u00e1s\",\"Patricia Puerta\"],\"articleSection\":[\"Grup Municipal Socialista\"],\"inLanguage\":\"es\",\"potentialAction\":[{\"@type\":\"CommentAction\",\"name\":\"Comment\",\"target\":[\"https:\/\/agrupacionespsoe.es\/castello\/va\/el-grup-municipal-socialista-trasllada-a-ccoo-el-seu-compromis-per-a-reclamar-a-carrasco-que-amplie-la-plantilla-de-policia-local-bombers-i-agents-de-mobilitat\/#respond\"]}]},{\"@type\":\"WebPage\",\"@id\":\"https:\/\/agrupacionespsoe.es\/castello\/va\/el-grup-municipal-socialista-trasllada-a-ccoo-el-seu-compromis-per-a-reclamar-a-carrasco-que-amplie-la-plantilla-de-policia-local-bombers-i-agents-de-mobilitat\/\",\"url\":\"https:\/\/agrupacionespsoe.es\/castello\/va\/el-grup-municipal-socialista-trasllada-a-ccoo-el-seu-compromis-per-a-reclamar-a-carrasco-que-amplie-la-plantilla-de-policia-local-bombers-i-agents-de-mobilitat\/\",\"name\":\"El Grup Municipal Socialista trasllada a CCOO el seu comprom\u00eds per a reclamar a Carrasco que amplie la plantilla de Policia Local, Bombers i Agents de Mobilitat - PSPV-PSOE CASTELL\u00d3\",\"isPartOf\":{\"@id\":\"https:\/\/agrupacionespsoe.es\/castello\/#website\"},\"primaryImageOfPage\":{\"@id\":\"https:\/\/agrupacionespsoe.es\/castello\/va\/el-grup-municipal-socialista-trasllada-a-ccoo-el-seu-compromis-per-a-reclamar-a-carrasco-que-amplie-la-plantilla-de-policia-local-bombers-i-agents-de-mobilitat\/#primaryimage\"},\"image\":{\"@id\":\"https:\/\/agrupacionespsoe.es\/castello\/va\/el-grup-municipal-socialista-trasllada-a-ccoo-el-seu-compromis-per-a-reclamar-a-carrasco-que-amplie-la-plantilla-de-policia-local-bombers-i-agents-de-mobilitat\/#primaryimage\"},\"thumbnailUrl\":\"https:\/\/agrupacionespsoe.es\/castello\/wp-content\/uploads\/sites\/45\/2023\/12\/20231110-El-Grupo-Municipal-Socialista-traslada-a-CCOO-su-compromiso-para-reclamar-a-Carrasco-que-amplie-la-plantilla-de-Policia-Local-Bomberos-y-Agentes-de-Movilidad-scaled.jpg\",\"datePublished\":\"2023-11-10T08:59:04+00:00\",\"dateModified\":\"2024-06-19T09:19:41+00:00\",\"breadcrumb\":{\"@id\":\"https:\/\/agrupacionespsoe.es\/castello\/va\/el-grup-municipal-socialista-trasllada-a-ccoo-el-seu-compromis-per-a-reclamar-a-carrasco-que-amplie-la-plantilla-de-policia-local-bombers-i-agents-de-mobilitat\/#breadcrumb\"},\"inLanguage\":\"es\",\"potentialAction\":[{\"@type\":\"ReadAction\",\"target\":[\"https:\/\/agrupacionespsoe.es\/castello\/va\/el-grup-municipal-socialista-trasllada-a-ccoo-el-seu-compromis-per-a-reclamar-a-carrasco-que-amplie-la-plantilla-de-policia-local-bombers-i-agents-de-mobilitat\/\"]}]},{\"@type\":\"ImageObject\",\"inLanguage\":\"es\",\"@id\":\"https:\/\/agrupacionespsoe.es\/castello\/va\/el-grup-municipal-socialista-trasllada-a-ccoo-el-seu-compromis-per-a-reclamar-a-carrasco-que-amplie-la-plantilla-de-policia-local-bombers-i-agents-de-mobilitat\/#primaryimage\",\"url\":\"https:\/\/agrupacionespsoe.es\/castello\/wp-content\/uploads\/sites\/45\/2023\/12\/20231110-El-Grupo-Municipal-Socialista-traslada-a-CCOO-su-compromiso-para-reclamar-a-Carrasco-que-amplie-la-plantilla-de-Policia-Local-Bomberos-y-Agentes-de-Movilidad-scaled.jpg\",\"contentUrl\":\"https:\/\/agrupacionespsoe.es\/castello\/wp-content\/uploads\/sites\/45\/2023\/12\/20231110-El-Grupo-Municipal-Socialista-traslada-a-CCOO-su-compromiso-para-reclamar-a-Carrasco-que-amplie-la-plantilla-de-Policia-Local-Bomberos-y-Agentes-de-Movilidad-scaled.jpg\",\"width\":2560,\"height\":1920},{\"@type\":\"BreadcrumbList\",\"@id\":\"https:\/\/agrupacionespsoe.es\/castello\/va\/el-grup-municipal-socialista-trasllada-a-ccoo-el-seu-compromis-per-a-reclamar-a-carrasco-que-amplie-la-plantilla-de-policia-local-bombers-i-agents-de-mobilitat\/#breadcrumb\",\"itemListElement\":[{\"@type\":\"ListItem\",\"position\":1,\"name\":\"Portada\",\"item\":\"https:\/\/agrupacionespsoe.es\/castello\/\"},{\"@type\":\"ListItem\",\"position\":2,\"name\":\"El Grup Municipal Socialista trasllada a CCOO el seu comprom\u00eds per a reclamar a Carrasco que amplie la plantilla de Policia Local, Bombers i Agents de Mobilitat\"}]},{\"@type\":\"WebSite\",\"@id\":\"https:\/\/agrupacionespsoe.es\/castello\/#website\",\"url\":\"https:\/\/agrupacionespsoe.es\/castello\/\",\"name\":\"PSPV-PSOE CASTELL\u00d3\",\"description\":\"PSPV-PSOE | Agrupaci\u00f3 de Castell\u00f3\",\"publisher\":{\"@id\":\"https:\/\/agrupacionespsoe.es\/castello\/#organization\"},\"potentialAction\":[{\"@type\":\"SearchAction\",\"target\":{\"@type\":\"EntryPoint\",\"urlTemplate\":\"https:\/\/agrupacionespsoe.es\/castello\/?s={search_term_string}\"},\"query-input\":{\"@type\":\"PropertyValueSpecification\",\"valueRequired\":true,\"valueName\":\"search_term_string\"}}],\"inLanguage\":\"es\"},{\"@type\":\"Organization\",\"@id\":\"https:\/\/agrupacionespsoe.es\/castello\/#organization\",\"name\":\"PSPV-PSOE Castell\u00f3\",\"url\":\"https:\/\/agrupacionespsoe.es\/castello\/\",\"logo\":{\"@type\":\"ImageObject\",\"inLanguage\":\"es\",\"@id\":\"https:\/\/agrupacionespsoe.es\/castello\/#\/schema\/logo\/image\/\",\"url\":\"https:\/\/agrupacionespsoe.es\/castello\/wp-content\/uploads\/sites\/45\/2023\/04\/PORTADA-PSOE-CASTELLO.jpg\",\"contentUrl\":\"https:\/\/agrupacionespsoe.es\/castello\/wp-content\/uploads\/sites\/45\/2023\/04\/PORTADA-PSOE-CASTELLO.jpg\",\"width\":2500,\"height\":2500,\"caption\":\"PSPV-PSOE Castell\u00f3\"},\"image\":{\"@id\":\"https:\/\/agrupacionespsoe.es\/castello\/#\/schema\/logo\/image\/\"},\"sameAs\":[\"https:\/\/www.facebook.com\/pspv.castellodelaplana\",\"https:\/\/x.com\/pspv_cs\",\"https:\/\/www.instagram.com\/pspvpsoecastello\/\"]},{\"@type\":\"Person\",\"@id\":\"https:\/\/agrupacionespsoe.es\/castello\/#\/schema\/person\/f3bc5b2f9dc6a399e9e98596ae24a20a\",\"name\":\"castello1\",\"image\":{\"@type\":\"ImageObject\",\"inLanguage\":\"es\",\"@id\":\"https:\/\/agrupacionespsoe.es\/castello\/#\/schema\/person\/image\/\",\"url\":\"https:\/\/secure.gravatar.com\/avatar\/5f1da428d6479d1127419c0b58796865?s=96&d=mm&r=g\",\"contentUrl\":\"https:\/\/secure.gravatar.com\/avatar\/5f1da428d6479d1127419c0b58796865?s=96&d=mm&r=g\",\"caption\":\"castello1\"},\"url\":\"https:\/\/agrupacionespsoe.es\/castello\/author\/castello1\/\"}]}<\/script>\n<!-- \/ Yoast SEO plugin. -->","yoast_head_json":{"title":"El Grup Municipal Socialista trasllada a CCOO el seu comprom\u00eds per a reclamar a Carrasco que amplie la plantilla de Policia Local, Bombers i Agents de Mobilitat - PSPV-PSOE CASTELL\u00d3","robots":{"index":"index","follow":"follow","max-snippet":"max-snippet:-1","max-image-preview":"max-image-preview:large","max-video-preview":"max-video-preview:-1"},"canonical":"https:\/\/agrupacionespsoe.es\/castello\/va\/el-grup-municipal-socialista-trasllada-a-ccoo-el-seu-compromis-per-a-reclamar-a-carrasco-que-amplie-la-plantilla-de-policia-local-bombers-i-agents-de-mobilitat\/","og_locale":"es_ES","og_type":"article","og_title":"El Grup Municipal Socialista trasllada a CCOO el seu comprom\u00eds per a reclamar a Carrasco que amplie la plantilla de Policia Local, Bombers i Agents de Mobilitat - PSPV-PSOE CASTELL\u00d3","og_description":"Les regidores Patricia Puerta, M\u00f3nica Barab\u00e1s i Anunciaci\u00f3n La\u00ednez es reuneixen en el Grup Municipal Socialista amb representants del sindicat, que exigeixen al govern de la dreta i la ultradreta \u00abque realitzen una convocat\u00f2ria extraordin\u00e0ria com s\u00ed que es va fer en \u00e8poca de governs del PSPV\u201d El Grup Municipal Socialista ha mantingut una reuni\u00f3 ...","og_url":"https:\/\/agrupacionespsoe.es\/castello\/va\/el-grup-municipal-socialista-trasllada-a-ccoo-el-seu-compromis-per-a-reclamar-a-carrasco-que-amplie-la-plantilla-de-policia-local-bombers-i-agents-de-mobilitat\/","og_site_name":"PSPV-PSOE CASTELL\u00d3","article_publisher":"https:\/\/www.facebook.com\/pspv.castellodelaplana","article_published_time":"2023-11-10T08:59:04+00:00","article_modified_time":"2024-06-19T09:19:41+00:00","og_image":[{"width":2560,"height":1920,"url":"https:\/\/agrupacionespsoe.es\/castello\/wp-content\/uploads\/sites\/45\/2023\/12\/20231110-El-Grupo-Municipal-Socialista-traslada-a-CCOO-su-compromiso-para-reclamar-a-Carrasco-que-amplie-la-plantilla-de-Policia-Local-Bomberos-y-Agentes-de-Movilidad-scaled.jpg","type":"image\/jpeg"}],"author":"castello1","twitter_card":"summary_large_image","twitter_creator":"@pspv_cs","twitter_site":"@pspv_cs","twitter_misc":{"Escrito por":"castello1","Tiempo de lectura":"2 minutos"},"schema":{"@context":"https:\/\/schema.org","@graph":[{"@type":"Article","@id":"https:\/\/agrupacionespsoe.es\/castello\/va\/el-grup-municipal-socialista-trasllada-a-ccoo-el-seu-compromis-per-a-reclamar-a-carrasco-que-amplie-la-plantilla-de-policia-local-bombers-i-agents-de-mobilitat\/#article","isPartOf":{"@id":"https:\/\/agrupacionespsoe.es\/castello\/va\/el-grup-municipal-socialista-trasllada-a-ccoo-el-seu-compromis-per-a-reclamar-a-carrasco-que-amplie-la-plantilla-de-policia-local-bombers-i-agents-de-mobilitat\/"},"author":{"name":"castello1","@id":"https:\/\/agrupacionespsoe.es\/castello\/#\/schema\/person\/f3bc5b2f9dc6a399e9e98596ae24a20a"},"headline":"El Grup Municipal Socialista trasllada a CCOO el seu comprom\u00eds per a reclamar a Carrasco que amplie la plantilla de Policia Local, Bombers i Agents de Mobilitat","datePublished":"2023-11-10T08:59:04+00:00","dateModified":"2024-06-19T09:19:41+00:00","mainEntityOfPage":{"@id":"https:\/\/agrupacionespsoe.es\/castello\/va\/el-grup-municipal-socialista-trasllada-a-ccoo-el-seu-compromis-per-a-reclamar-a-carrasco-que-amplie-la-plantilla-de-policia-local-bombers-i-agents-de-mobilitat\/"},"wordCount":418,"commentCount":0,"publisher":{"@id":"https:\/\/agrupacionespsoe.es\/castello\/#organization"},"image":{"@id":"https:\/\/agrupacionespsoe.es\/castello\/va\/el-grup-municipal-socialista-trasllada-a-ccoo-el-seu-compromis-per-a-reclamar-a-carrasco-que-amplie-la-plantilla-de-policia-local-bombers-i-agents-de-mobilitat\/#primaryimage"},"thumbnailUrl":"https:\/\/agrupacionespsoe.es\/castello\/wp-content\/uploads\/sites\/45\/2023\/12\/20231110-El-Grupo-Municipal-Socialista-traslada-a-CCOO-su-compromiso-para-reclamar-a-Carrasco-que-amplie-la-plantilla-de-Policia-Local-Bomberos-y-Agentes-de-Movilidad-scaled.jpg","keywords":["Anun L\u00e1inez","M\u00f3nica Barab\u00e1s","Patricia Puerta"],"articleSection":["Grup Municipal Socialista"],"inLanguage":"es","potentialAction":[{"@type":"CommentAction","name":"Comment","target":["https:\/\/agrupacionespsoe.es\/castello\/va\/el-grup-municipal-socialista-trasllada-a-ccoo-el-seu-compromis-per-a-reclamar-a-carrasco-que-amplie-la-plantilla-de-policia-local-bombers-i-agents-de-mobilitat\/#respond"]}]},{"@type":"WebPage","@id":"https:\/\/agrupacionespsoe.es\/castello\/va\/el-grup-municipal-socialista-trasllada-a-ccoo-el-seu-compromis-per-a-reclamar-a-carrasco-que-amplie-la-plantilla-de-policia-local-bombers-i-agents-de-mobilitat\/","url":"https:\/\/agrupacionespsoe.es\/castello\/va\/el-grup-municipal-socialista-trasllada-a-ccoo-el-seu-compromis-per-a-reclamar-a-carrasco-que-amplie-la-plantilla-de-policia-local-bombers-i-agents-de-mobilitat\/","name":"El Grup Municipal Socialista trasllada a CCOO el seu comprom\u00eds per a reclamar a Carrasco que amplie la plantilla de Policia Local, Bombers i Agents de Mobilitat - PSPV-PSOE CASTELL\u00d3","isPartOf":{"@id":"https:\/\/agrupacionespsoe.es\/castello\/#website"},"primaryImageOfPage":{"@id":"https:\/\/agrupacionespsoe.es\/castello\/va\/el-grup-municipal-socialista-trasllada-a-ccoo-el-seu-compromis-per-a-reclamar-a-carrasco-que-amplie-la-plantilla-de-policia-local-bombers-i-agents-de-mobilitat\/#primaryimage"},"image":{"@id":"https:\/\/agrupacionespsoe.es\/castello\/va\/el-grup-municipal-socialista-trasllada-a-ccoo-el-seu-compromis-per-a-reclamar-a-carrasco-que-amplie-la-plantilla-de-policia-local-bombers-i-agents-de-mobilitat\/#primaryimage"},"thumbnailUrl":"https:\/\/agrupacionespsoe.es\/castello\/wp-content\/uploads\/sites\/45\/2023\/12\/20231110-El-Grupo-Municipal-Socialista-traslada-a-CCOO-su-compromiso-para-reclamar-a-Carrasco-que-amplie-la-plantilla-de-Policia-Local-Bomberos-y-Agentes-de-Movilidad-scaled.jpg","datePublished":"2023-11-10T08:59:04+00:00","dateModified":"2024-06-19T09:19:41+00:00","breadcrumb":{"@id":"https:\/\/agrupacionespsoe.es\/castello\/va\/el-grup-municipal-socialista-trasllada-a-ccoo-el-seu-compromis-per-a-reclamar-a-carrasco-que-amplie-la-plantilla-de-policia-local-bombers-i-agents-de-mobilitat\/#breadcrumb"},"inLanguage":"es","potentialAction":[{"@type":"ReadAction","target":["https:\/\/agrupacionespsoe.es\/castello\/va\/el-grup-municipal-socialista-trasllada-a-ccoo-el-seu-compromis-per-a-reclamar-a-carrasco-que-amplie-la-plantilla-de-policia-local-bombers-i-agents-de-mobilitat\/"]}]},{"@type":"ImageObject","inLanguage":"es","@id":"https:\/\/agrupacionespsoe.es\/castello\/va\/el-grup-municipal-socialista-trasllada-a-ccoo-el-seu-compromis-per-a-reclamar-a-carrasco-que-amplie-la-plantilla-de-policia-local-bombers-i-agents-de-mobilitat\/#primaryimage","url":"https:\/\/agrupacionespsoe.es\/castello\/wp-content\/uploads\/sites\/45\/2023\/12\/20231110-El-Grupo-Municipal-Socialista-traslada-a-CCOO-su-compromiso-para-reclamar-a-Carrasco-que-amplie-la-plantilla-de-Policia-Local-Bomberos-y-Agentes-de-Movilidad-scaled.jpg","contentUrl":"https:\/\/agrupacionespsoe.es\/castello\/wp-content\/uploads\/sites\/45\/2023\/12\/20231110-El-Grupo-Municipal-Socialista-traslada-a-CCOO-su-compromiso-para-reclamar-a-Carrasco-que-amplie-la-plantilla-de-Policia-Local-Bomberos-y-Agentes-de-Movilidad-scaled.jpg","width":2560,"height":1920},{"@type":"BreadcrumbList","@id":"https:\/\/agrupacionespsoe.es\/castello\/va\/el-grup-municipal-socialista-trasllada-a-ccoo-el-seu-compromis-per-a-reclamar-a-carrasco-que-amplie-la-plantilla-de-policia-local-bombers-i-agents-de-mobilitat\/#breadcrumb","itemListElement":[{"@type":"ListItem","position":1,"name":"Portada","item":"https:\/\/agrupacionespsoe.es\/castello\/"},{"@type":"ListItem","position":2,"name":"El Grup Municipal Socialista trasllada a CCOO el seu comprom\u00eds per a reclamar a Carrasco que amplie la plantilla de Policia Local, Bombers i Agents de Mobilitat"}]},{"@type":"WebSite","@id":"https:\/\/agrupacionespsoe.es\/castello\/#website","url":"https:\/\/agrupacionespsoe.es\/castello\/","name":"PSPV-PSOE CASTELL\u00d3","description":"PSPV-PSOE | Agrupaci\u00f3 de Castell\u00f3","publisher":{"@id":"https:\/\/agrupacionespsoe.es\/castello\/#organization"},"potentialAction":[{"@type":"SearchAction","target":{"@type":"EntryPoint","urlTemplate":"https:\/\/agrupacionespsoe.es\/castello\/?s={search_term_string}"},"query-input":{"@type":"PropertyValueSpecification","valueRequired":true,"valueName":"search_term_string"}}],"inLanguage":"es"},{"@type":"Organization","@id":"https:\/\/agrupacionespsoe.es\/castello\/#organization","name":"PSPV-PSOE Castell\u00f3","url":"https:\/\/agrupacionespsoe.es\/castello\/","logo":{"@type":"ImageObject","inLanguage":"es","@id":"https:\/\/agrupacionespsoe.es\/castello\/#\/schema\/logo\/image\/","url":"https:\/\/agrupacionespsoe.es\/castello\/wp-content\/uploads\/sites\/45\/2023\/04\/PORTADA-PSOE-CASTELLO.jpg","contentUrl":"https:\/\/agrupacionespsoe.es\/castello\/wp-content\/uploads\/sites\/45\/2023\/04\/PORTADA-PSOE-CASTELLO.jpg","width":2500,"height":2500,"caption":"PSPV-PSOE Castell\u00f3"},"image":{"@id":"https:\/\/agrupacionespsoe.es\/castello\/#\/schema\/logo\/image\/"},"sameAs":["https:\/\/www.facebook.com\/pspv.castellodelaplana","https:\/\/x.com\/pspv_cs","https:\/\/www.instagram.com\/pspvpsoecastello\/"]},{"@type":"Person","@id":"https:\/\/agrupacionespsoe.es\/castello\/#\/schema\/person\/f3bc5b2f9dc6a399e9e98596ae24a20a","name":"castello1","image":{"@type":"ImageObject","inLanguage":"es","@id":"https:\/\/agrupacionespsoe.es\/castello\/#\/schema\/person\/image\/","url":"https:\/\/secure.gravatar.com\/avatar\/5f1da428d6479d1127419c0b58796865?s=96&d=mm&r=g","contentUrl":"https:\/\/secure.gravatar.com\/avatar\/5f1da428d6479d1127419c0b58796865?s=96&d=mm&r=g","caption":"castello1"},"url":"https:\/\/agrupacionespsoe.es\/castello\/author\/castello1\/"}]}},"jetpack_publicize_connections":[],"jetpack_featured_media_url":"https:\/\/agrupacionespsoe.es\/castello\/wp-content\/uploads\/sites\/45\/2023\/12\/20231110-El-Grupo-Municipal-Socialista-traslada-a-CCOO-su-compromiso-para-reclamar-a-Carrasco-que-amplie-la-plantilla-de-Policia-Local-Bomberos-y-Agentes-de-Movilidad-scaled.jpg","jetpack_sharing_enabled":true,"_links":{"self":[{"href":"https:\/\/agrupacionespsoe.es\/castello\/wp-json\/wp\/v2\/posts\/3198","targetHints":{"allow":["GET"]}}],"collection":[{"href":"https:\/\/agrupacionespsoe.es\/castello\/wp-json\/wp\/v2\/posts"}],"about":[{"href":"https:\/\/agrupacionespsoe.es\/castello\/wp-json\/wp\/v2\/types\/post"}],"author":[{"embeddable":true,"href":"https:\/\/agrupacionespsoe.es\/castello\/wp-json\/wp\/v2\/users\/48"}],"replies":[{"embeddable":true,"href":"https:\/\/agrupacionespsoe.es\/castello\/wp-json\/wp\/v2\/comments?post=3198"}],"version-history":[{"count":1,"href":"https:\/\/agrupacionespsoe.es\/castello\/wp-json\/wp\/v2\/posts\/3198\/revisions"}],"predecessor-version":[{"id":3199,"href":"https:\/\/agrupacionespsoe.es\/castello\/wp-json\/wp\/v2\/posts\/3198\/revisions\/3199"}],"wp:featuredmedia":[{"embeddable":true,"href":"https:\/\/agrupacionespsoe.es\/castello\/wp-json\/wp\/v2\/media\/3196"}],"wp:attachment":[{"href":"https:\/\/agrupacionespsoe.es\/castello\/wp-json\/wp\/v2\/media?parent=3198"}],"wp:term":[{"taxonomy":"category","embeddable":true,"href":"https:\/\/agrupacionespsoe.es\/castello\/wp-json\/wp\/v2\/categories?post=3198"},{"taxonomy":"post_tag","embeddable":true,"href":"https:\/\/agrupacionespsoe.es\/castello\/wp-json\/wp\/v2\/tags?post=3198"}],"curies":[{"name":"wp","href":"https:\/\/api.w.org\/{rel}","templated":true}]}}