{"id":3188,"date":"2023-11-10T12:00:00","date_gmt":"2023-11-10T11:00:00","guid":{"rendered":"https:\/\/agrupacionespsoe.es\/castello\/?p=3188"},"modified":"2023-12-04T09:49:17","modified_gmt":"2023-12-04T08:49:17","slug":"por-que-miente-begona-carrasco","status":"publish","type":"post","link":"https:\/\/agrupacionespsoe.es\/castello\/por-que-miente-begona-carrasco\/","title":{"rendered":"\u00bfPor qu\u00e9 miente Bego\u00f1a Carrasco?"},"content":{"rendered":"\n<p>Si el PP destaca por algo es por la falta de transparencia de sus dirigentes. Y es que estamos viendo en repetidas ocasiones c\u00f3mo ocultan los ingresos que perciben. \u00bfPor qu\u00e9 mienten? \u00bfQu\u00e9 ocultan? \u00bfSon de fiar quienes ocultan informaci\u00f3n de forma premeditada?<\/p>\n\n\n\n<p>La Ley de Transparencia exige que los cargos pol\u00edticos hagamos p\u00fablicos nuestros ingresos. Adem\u00e1s, en el Ayuntamiento de Castell\u00f3 existe un acuerdo plenario de diciembre de 2010 por el que toda la corporaci\u00f3n tenemos la obligaci\u00f3n de publicar nuestras declaraciones de actividades y de bienes. Pero la alcaldesa, Bego\u00f1a Carrasco, cree que est\u00e1 por encima del bien y del mal y decide, a\u00f1o tras a\u00f1o, enga\u00f1ar a la ciudadan\u00eda.<\/p>\n\n\n\n<p>La contradicci\u00f3n es de \u00f3rdago. Carrasco publica en la web municipal que ha trabajado durante 2022 como concejala de la oposici\u00f3n en el ayuntamiento y como letrada en la Oficina de V\u00edctimas del Delito de la Generalitat. Pero, sorpresa, solo declara su sueldo como concejala porque dice que desde enero de 2023 ya no trabaja como letrada. Y eso, a pesar de que desde la Secretar\u00eda del ayuntamiento se ha especificado bien claro que la declaraci\u00f3n de bienes debe hacer referencia a LOS INGRESOS PERCIBIDOS EN 2022.<\/p>\n\n\n\n<p>Esta falta de transparencia se ha convertido en el distintivo del PP. La alcaldesa de Val\u00e8ncia, M\u00aa Jos\u00e9 Catal\u00e1, tambi\u00e9n oculta lo que ingres\u00f3 en 2022 como profesora asociada de la Universidad Internacional de Valencia, entidad, dicho sea de paso, que privatiz\u00f3 ella misma en 2013 cuando era consellera de Educaci\u00f3n.<\/p>\n\n\n\n<p>Y no son casos aislados. Feijo\u00f3 y su comit\u00e9 de direcci\u00f3n (Gamarra, Bendodo, Gonz\u00e1lez Pons, Tellado, Bravo, Roll\u00e1n, Maroto, Navarro, Arenas\u2026) ocultaron durante a\u00f1o y medio sus salarios pese a lo que marca la ley. Esta opacidad permanente del PP es una falta de respeto intolerable a la ciudadan\u00eda.<\/p>\n\n\n\n<p>\u00bfQu\u00e9 es lo que no entiende Bego\u00f1a Carrasco? \u00bfPor qu\u00e9 miente? \u00bfQu\u00e9 esconde? No maree a la ciudadan\u00eda, alcaldesa. Nosotros no queremos indagar en su vida privada. No intoxique. Lo tiene muy f\u00e1cil: diga todo lo qu\u00e9 cobr\u00f3 en 2022, o quiz\u00e1s es que hay algo que no quiere que se sepa.<\/p>\n\n\n\n<p class=\"has-text-align-right\"><em><strong>Patricia Puerta Barber\u00e1<br><\/strong>Portavoz del Grupo Municipal Socialista en el Ayuntamiento de Castell\u00f3<\/em><\/p>\n","protected":false},"excerpt":{"rendered":"<p>Si el PP destaca por algo es por la falta de transparencia de sus dirigentes. Y es que estamos viendo en repetidas ocasiones c\u00f3mo ocultan los ingresos que perciben. \u00bfPor qu\u00e9 mienten? \u00bfQu\u00e9 ocultan? \u00bfSon de fiar quienes ocultan informaci\u00f3n de forma premeditada? La Ley de Transparencia exige que los cargos pol\u00edticos hagamos p\u00fablicos nuestros &#8230;<\/p>\n","protected":false},"author":48,"featured_media":499,"comment_status":"open","ping_status":"open","sticky":false,"template":"","format":"standard","meta":{"_jetpack_memberships_contains_paid_content":false,"footnotes":"","jetpack_publicize_message":"","jetpack_publicize_feature_enabled":true,"jetpack_social_post_already_shared":false,"jetpack_social_options":{"image_generator_settings":{"template":"highway","default_image_id":0,"font":"","enabled":false},"version":2}},"categories":[33,50],"tags":[81],"class_list":["post-3188","post","type-post","status-publish","format-standard","has-post-thumbnail","hentry","category-gms","category-opinion","tag-patricia-puerta"],"yoast_head":"<!-- This site is optimized with the Yoast SEO plugin v24.0 - https:\/\/yoast.com\/wordpress\/plugins\/seo\/ -->\n<title>\u00bfPor qu\u00e9 miente Bego\u00f1a Carrasco? - PSPV-PSOE CASTELL\u00d3<\/title>\n<meta name=\"robots\" content=\"index, follow, max-snippet:-1, max-image-preview:large, max-video-preview:-1\" \/>\n<link rel=\"canonical\" href=\"https:\/\/agrupacionespsoe.es\/castello\/por-que-miente-begona-carrasco\/\" \/>\n<meta property=\"og:locale\" content=\"es_ES\" \/>\n<meta property=\"og:type\" content=\"article\" \/>\n<meta property=\"og:title\" content=\"\u00bfPor qu\u00e9 miente Bego\u00f1a Carrasco? - PSPV-PSOE CASTELL\u00d3\" \/>\n<meta property=\"og:description\" content=\"Si el PP destaca por algo es por la falta de transparencia de sus dirigentes. Y es que estamos viendo en repetidas ocasiones c\u00f3mo ocultan los ingresos que perciben. \u00bfPor qu\u00e9 mienten? \u00bfQu\u00e9 ocultan? \u00bfSon de fiar quienes ocultan informaci\u00f3n de forma premeditada? La Ley de Transparencia exige que los cargos pol\u00edticos hagamos p\u00fablicos nuestros ...\" \/>\n<meta property=\"og:url\" content=\"https:\/\/agrupacionespsoe.es\/castello\/por-que-miente-begona-carrasco\/\" \/>\n<meta property=\"og:site_name\" content=\"PSPV-PSOE CASTELL\u00d3\" \/>\n<meta property=\"article:publisher\" content=\"https:\/\/www.facebook.com\/pspv.castellodelaplana\" \/>\n<meta property=\"article:published_time\" content=\"2023-11-10T11:00:00+00:00\" \/>\n<meta property=\"article:modified_time\" content=\"2023-12-04T08:49:17+00:00\" \/>\n<meta property=\"og:image\" content=\"https:\/\/agrupacionespsoe.es\/castello\/wp-content\/uploads\/sites\/45\/2023\/04\/3.-PATRICIA-PUERTA-BARBERA-2-scaled.jpg\" \/>\n\t<meta property=\"og:image:width\" content=\"2560\" \/>\n\t<meta property=\"og:image:height\" content=\"2560\" \/>\n\t<meta property=\"og:image:type\" content=\"image\/jpeg\" \/>\n<meta name=\"author\" content=\"castello1\" \/>\n<meta name=\"twitter:card\" content=\"summary_large_image\" \/>\n<meta name=\"twitter:creator\" content=\"@pspv_cs\" \/>\n<meta name=\"twitter:site\" content=\"@pspv_cs\" \/>\n<meta name=\"twitter:label1\" content=\"Escrito por\" \/>\n\t<meta name=\"twitter:data1\" content=\"castello1\" \/>\n\t<meta name=\"twitter:label2\" content=\"Tiempo de lectura\" \/>\n\t<meta name=\"twitter:data2\" content=\"2 minutos\" \/>\n<script type=\"application\/ld+json\" class=\"yoast-schema-graph\">{\"@context\":\"https:\/\/schema.org\",\"@graph\":[{\"@type\":\"Article\",\"@id\":\"https:\/\/agrupacionespsoe.es\/castello\/por-que-miente-begona-carrasco\/#article\",\"isPartOf\":{\"@id\":\"https:\/\/agrupacionespsoe.es\/castello\/por-que-miente-begona-carrasco\/\"},\"author\":{\"name\":\"castello1\",\"@id\":\"https:\/\/agrupacionespsoe.es\/castello\/#\/schema\/person\/f3bc5b2f9dc6a399e9e98596ae24a20a\"},\"headline\":\"\u00bfPor qu\u00e9 miente Bego\u00f1a Carrasco?\",\"datePublished\":\"2023-11-10T11:00:00+00:00\",\"dateModified\":\"2023-12-04T08:49:17+00:00\",\"mainEntityOfPage\":{\"@id\":\"https:\/\/agrupacionespsoe.es\/castello\/por-que-miente-begona-carrasco\/\"},\"wordCount\":392,\"commentCount\":0,\"publisher\":{\"@id\":\"https:\/\/agrupacionespsoe.es\/castello\/#organization\"},\"image\":{\"@id\":\"https:\/\/agrupacionespsoe.es\/castello\/por-que-miente-begona-carrasco\/#primaryimage\"},\"thumbnailUrl\":\"https:\/\/agrupacionespsoe.es\/castello\/wp-content\/uploads\/sites\/45\/2023\/04\/3.-PATRICIA-PUERTA-BARBERA-2-scaled.jpg\",\"keywords\":[\"Patricia Puerta\"],\"articleSection\":[\"Grupo Municipal Socialista\",\"Opini\u00f3n\"],\"inLanguage\":\"es\",\"potentialAction\":[{\"@type\":\"CommentAction\",\"name\":\"Comment\",\"target\":[\"https:\/\/agrupacionespsoe.es\/castello\/por-que-miente-begona-carrasco\/#respond\"]}]},{\"@type\":\"WebPage\",\"@id\":\"https:\/\/agrupacionespsoe.es\/castello\/por-que-miente-begona-carrasco\/\",\"url\":\"https:\/\/agrupacionespsoe.es\/castello\/por-que-miente-begona-carrasco\/\",\"name\":\"\u00bfPor qu\u00e9 miente Bego\u00f1a Carrasco? - PSPV-PSOE CASTELL\u00d3\",\"isPartOf\":{\"@id\":\"https:\/\/agrupacionespsoe.es\/castello\/#website\"},\"primaryImageOfPage\":{\"@id\":\"https:\/\/agrupacionespsoe.es\/castello\/por-que-miente-begona-carrasco\/#primaryimage\"},\"image\":{\"@id\":\"https:\/\/agrupacionespsoe.es\/castello\/por-que-miente-begona-carrasco\/#primaryimage\"},\"thumbnailUrl\":\"https:\/\/agrupacionespsoe.es\/castello\/wp-content\/uploads\/sites\/45\/2023\/04\/3.-PATRICIA-PUERTA-BARBERA-2-scaled.jpg\",\"datePublished\":\"2023-11-10T11:00:00+00:00\",\"dateModified\":\"2023-12-04T08:49:17+00:00\",\"breadcrumb\":{\"@id\":\"https:\/\/agrupacionespsoe.es\/castello\/por-que-miente-begona-carrasco\/#breadcrumb\"},\"inLanguage\":\"es\",\"potentialAction\":[{\"@type\":\"ReadAction\",\"target\":[\"https:\/\/agrupacionespsoe.es\/castello\/por-que-miente-begona-carrasco\/\"]}]},{\"@type\":\"ImageObject\",\"inLanguage\":\"es\",\"@id\":\"https:\/\/agrupacionespsoe.es\/castello\/por-que-miente-begona-carrasco\/#primaryimage\",\"url\":\"https:\/\/agrupacionespsoe.es\/castello\/wp-content\/uploads\/sites\/45\/2023\/04\/3.-PATRICIA-PUERTA-BARBERA-2-scaled.jpg\",\"contentUrl\":\"https:\/\/agrupacionespsoe.es\/castello\/wp-content\/uploads\/sites\/45\/2023\/04\/3.-PATRICIA-PUERTA-BARBERA-2-scaled.jpg\",\"width\":2560,\"height\":2560},{\"@type\":\"BreadcrumbList\",\"@id\":\"https:\/\/agrupacionespsoe.es\/castello\/por-que-miente-begona-carrasco\/#breadcrumb\",\"itemListElement\":[{\"@type\":\"ListItem\",\"position\":1,\"name\":\"Portada\",\"item\":\"https:\/\/agrupacionespsoe.es\/castello\/\"},{\"@type\":\"ListItem\",\"position\":2,\"name\":\"\u00bfPor qu\u00e9 miente Bego\u00f1a Carrasco?\"}]},{\"@type\":\"WebSite\",\"@id\":\"https:\/\/agrupacionespsoe.es\/castello\/#website\",\"url\":\"https:\/\/agrupacionespsoe.es\/castello\/\",\"name\":\"PSPV-PSOE CASTELL\u00d3\",\"description\":\"PSPV-PSOE | Agrupaci\u00f3 de Castell\u00f3\",\"publisher\":{\"@id\":\"https:\/\/agrupacionespsoe.es\/castello\/#organization\"},\"potentialAction\":[{\"@type\":\"SearchAction\",\"target\":{\"@type\":\"EntryPoint\",\"urlTemplate\":\"https:\/\/agrupacionespsoe.es\/castello\/?s={search_term_string}\"},\"query-input\":{\"@type\":\"PropertyValueSpecification\",\"valueRequired\":true,\"valueName\":\"search_term_string\"}}],\"inLanguage\":\"es\"},{\"@type\":\"Organization\",\"@id\":\"https:\/\/agrupacionespsoe.es\/castello\/#organization\",\"name\":\"PSPV-PSOE Castell\u00f3\",\"url\":\"https:\/\/agrupacionespsoe.es\/castello\/\",\"logo\":{\"@type\":\"ImageObject\",\"inLanguage\":\"es\",\"@id\":\"https:\/\/agrupacionespsoe.es\/castello\/#\/schema\/logo\/image\/\",\"url\":\"https:\/\/agrupacionespsoe.es\/castello\/wp-content\/uploads\/sites\/45\/2023\/04\/PORTADA-PSOE-CASTELLO.jpg\",\"contentUrl\":\"https:\/\/agrupacionespsoe.es\/castello\/wp-content\/uploads\/sites\/45\/2023\/04\/PORTADA-PSOE-CASTELLO.jpg\",\"width\":2500,\"height\":2500,\"caption\":\"PSPV-PSOE Castell\u00f3\"},\"image\":{\"@id\":\"https:\/\/agrupacionespsoe.es\/castello\/#\/schema\/logo\/image\/\"},\"sameAs\":[\"https:\/\/www.facebook.com\/pspv.castellodelaplana\",\"https:\/\/x.com\/pspv_cs\",\"https:\/\/www.instagram.com\/pspvpsoecastello\/\"]},{\"@type\":\"Person\",\"@id\":\"https:\/\/agrupacionespsoe.es\/castello\/#\/schema\/person\/f3bc5b2f9dc6a399e9e98596ae24a20a\",\"name\":\"castello1\",\"image\":{\"@type\":\"ImageObject\",\"inLanguage\":\"es\",\"@id\":\"https:\/\/agrupacionespsoe.es\/castello\/#\/schema\/person\/image\/\",\"url\":\"https:\/\/secure.gravatar.com\/avatar\/5f1da428d6479d1127419c0b58796865?s=96&d=mm&r=g\",\"contentUrl\":\"https:\/\/secure.gravatar.com\/avatar\/5f1da428d6479d1127419c0b58796865?s=96&d=mm&r=g\",\"caption\":\"castello1\"},\"url\":\"https:\/\/agrupacionespsoe.es\/castello\/author\/castello1\/\"}]}<\/script>\n<!-- \/ Yoast SEO plugin. -->","yoast_head_json":{"title":"\u00bfPor qu\u00e9 miente Bego\u00f1a Carrasco? - PSPV-PSOE CASTELL\u00d3","robots":{"index":"index","follow":"follow","max-snippet":"max-snippet:-1","max-image-preview":"max-image-preview:large","max-video-preview":"max-video-preview:-1"},"canonical":"https:\/\/agrupacionespsoe.es\/castello\/por-que-miente-begona-carrasco\/","og_locale":"es_ES","og_type":"article","og_title":"\u00bfPor qu\u00e9 miente Bego\u00f1a Carrasco? - PSPV-PSOE CASTELL\u00d3","og_description":"Si el PP destaca por algo es por la falta de transparencia de sus dirigentes. Y es que estamos viendo en repetidas ocasiones c\u00f3mo ocultan los ingresos que perciben. \u00bfPor qu\u00e9 mienten? \u00bfQu\u00e9 ocultan? \u00bfSon de fiar quienes ocultan informaci\u00f3n de forma premeditada? La Ley de Transparencia exige que los cargos pol\u00edticos hagamos p\u00fablicos nuestros ...","og_url":"https:\/\/agrupacionespsoe.es\/castello\/por-que-miente-begona-carrasco\/","og_site_name":"PSPV-PSOE CASTELL\u00d3","article_publisher":"https:\/\/www.facebook.com\/pspv.castellodelaplana","article_published_time":"2023-11-10T11:00:00+00:00","article_modified_time":"2023-12-04T08:49:17+00:00","og_image":[{"width":2560,"height":2560,"url":"https:\/\/agrupacionespsoe.es\/castello\/wp-content\/uploads\/sites\/45\/2023\/04\/3.-PATRICIA-PUERTA-BARBERA-2-scaled.jpg","type":"image\/jpeg"}],"author":"castello1","twitter_card":"summary_large_image","twitter_creator":"@pspv_cs","twitter_site":"@pspv_cs","twitter_misc":{"Escrito por":"castello1","Tiempo de lectura":"2 minutos"},"schema":{"@context":"https:\/\/schema.org","@graph":[{"@type":"Article","@id":"https:\/\/agrupacionespsoe.es\/castello\/por-que-miente-begona-carrasco\/#article","isPartOf":{"@id":"https:\/\/agrupacionespsoe.es\/castello\/por-que-miente-begona-carrasco\/"},"author":{"name":"castello1","@id":"https:\/\/agrupacionespsoe.es\/castello\/#\/schema\/person\/f3bc5b2f9dc6a399e9e98596ae24a20a"},"headline":"\u00bfPor qu\u00e9 miente Bego\u00f1a Carrasco?","datePublished":"2023-11-10T11:00:00+00:00","dateModified":"2023-12-04T08:49:17+00:00","mainEntityOfPage":{"@id":"https:\/\/agrupacionespsoe.es\/castello\/por-que-miente-begona-carrasco\/"},"wordCount":392,"commentCount":0,"publisher":{"@id":"https:\/\/agrupacionespsoe.es\/castello\/#organization"},"image":{"@id":"https:\/\/agrupacionespsoe.es\/castello\/por-que-miente-begona-carrasco\/#primaryimage"},"thumbnailUrl":"https:\/\/agrupacionespsoe.es\/castello\/wp-content\/uploads\/sites\/45\/2023\/04\/3.-PATRICIA-PUERTA-BARBERA-2-scaled.jpg","keywords":["Patricia Puerta"],"articleSection":["Grupo Municipal Socialista","Opini\u00f3n"],"inLanguage":"es","potentialAction":[{"@type":"CommentAction","name":"Comment","target":["https:\/\/agrupacionespsoe.es\/castello\/por-que-miente-begona-carrasco\/#respond"]}]},{"@type":"WebPage","@id":"https:\/\/agrupacionespsoe.es\/castello\/por-que-miente-begona-carrasco\/","url":"https:\/\/agrupacionespsoe.es\/castello\/por-que-miente-begona-carrasco\/","name":"\u00bfPor qu\u00e9 miente Bego\u00f1a Carrasco? - PSPV-PSOE CASTELL\u00d3","isPartOf":{"@id":"https:\/\/agrupacionespsoe.es\/castello\/#website"},"primaryImageOfPage":{"@id":"https:\/\/agrupacionespsoe.es\/castello\/por-que-miente-begona-carrasco\/#primaryimage"},"image":{"@id":"https:\/\/agrupacionespsoe.es\/castello\/por-que-miente-begona-carrasco\/#primaryimage"},"thumbnailUrl":"https:\/\/agrupacionespsoe.es\/castello\/wp-content\/uploads\/sites\/45\/2023\/04\/3.-PATRICIA-PUERTA-BARBERA-2-scaled.jpg","datePublished":"2023-11-10T11:00:00+00:00","dateModified":"2023-12-04T08:49:17+00:00","breadcrumb":{"@id":"https:\/\/agrupacionespsoe.es\/castello\/por-que-miente-begona-carrasco\/#breadcrumb"},"inLanguage":"es","potentialAction":[{"@type":"ReadAction","target":["https:\/\/agrupacionespsoe.es\/castello\/por-que-miente-begona-carrasco\/"]}]},{"@type":"ImageObject","inLanguage":"es","@id":"https:\/\/agrupacionespsoe.es\/castello\/por-que-miente-begona-carrasco\/#primaryimage","url":"https:\/\/agrupacionespsoe.es\/castello\/wp-content\/uploads\/sites\/45\/2023\/04\/3.-PATRICIA-PUERTA-BARBERA-2-scaled.jpg","contentUrl":"https:\/\/agrupacionespsoe.es\/castello\/wp-content\/uploads\/sites\/45\/2023\/04\/3.-PATRICIA-PUERTA-BARBERA-2-scaled.jpg","width":2560,"height":2560},{"@type":"BreadcrumbList","@id":"https:\/\/agrupacionespsoe.es\/castello\/por-que-miente-begona-carrasco\/#breadcrumb","itemListElement":[{"@type":"ListItem","position":1,"name":"Portada","item":"https:\/\/agrupacionespsoe.es\/castello\/"},{"@type":"ListItem","position":2,"name":"\u00bfPor qu\u00e9 miente Bego\u00f1a Carrasco?"}]},{"@type":"WebSite","@id":"https:\/\/agrupacionespsoe.es\/castello\/#website","url":"https:\/\/agrupacionespsoe.es\/castello\/","name":"PSPV-PSOE CASTELL\u00d3","description":"PSPV-PSOE | Agrupaci\u00f3 de Castell\u00f3","publisher":{"@id":"https:\/\/agrupacionespsoe.es\/castello\/#organization"},"potentialAction":[{"@type":"SearchAction","target":{"@type":"EntryPoint","urlTemplate":"https:\/\/agrupacionespsoe.es\/castello\/?s={search_term_string}"},"query-input":{"@type":"PropertyValueSpecification","valueRequired":true,"valueName":"search_term_string"}}],"inLanguage":"es"},{"@type":"Organization","@id":"https:\/\/agrupacionespsoe.es\/castello\/#organization","name":"PSPV-PSOE Castell\u00f3","url":"https:\/\/agrupacionespsoe.es\/castello\/","logo":{"@type":"ImageObject","inLanguage":"es","@id":"https:\/\/agrupacionespsoe.es\/castello\/#\/schema\/logo\/image\/","url":"https:\/\/agrupacionespsoe.es\/castello\/wp-content\/uploads\/sites\/45\/2023\/04\/PORTADA-PSOE-CASTELLO.jpg","contentUrl":"https:\/\/agrupacionespsoe.es\/castello\/wp-content\/uploads\/sites\/45\/2023\/04\/PORTADA-PSOE-CASTELLO.jpg","width":2500,"height":2500,"caption":"PSPV-PSOE Castell\u00f3"},"image":{"@id":"https:\/\/agrupacionespsoe.es\/castello\/#\/schema\/logo\/image\/"},"sameAs":["https:\/\/www.facebook.com\/pspv.castellodelaplana","https:\/\/x.com\/pspv_cs","https:\/\/www.instagram.com\/pspvpsoecastello\/"]},{"@type":"Person","@id":"https:\/\/agrupacionespsoe.es\/castello\/#\/schema\/person\/f3bc5b2f9dc6a399e9e98596ae24a20a","name":"castello1","image":{"@type":"ImageObject","inLanguage":"es","@id":"https:\/\/agrupacionespsoe.es\/castello\/#\/schema\/person\/image\/","url":"https:\/\/secure.gravatar.com\/avatar\/5f1da428d6479d1127419c0b58796865?s=96&d=mm&r=g","contentUrl":"https:\/\/secure.gravatar.com\/avatar\/5f1da428d6479d1127419c0b58796865?s=96&d=mm&r=g","caption":"castello1"},"url":"https:\/\/agrupacionespsoe.es\/castello\/author\/castello1\/"}]}},"jetpack_publicize_connections":[],"jetpack_featured_media_url":"https:\/\/agrupacionespsoe.es\/castello\/wp-content\/uploads\/sites\/45\/2023\/04\/3.-PATRICIA-PUERTA-BARBERA-2-scaled.jpg","jetpack_sharing_enabled":true,"_links":{"self":[{"href":"https:\/\/agrupacionespsoe.es\/castello\/wp-json\/wp\/v2\/posts\/3188","targetHints":{"allow":["GET"]}}],"collection":[{"href":"https:\/\/agrupacionespsoe.es\/castello\/wp-json\/wp\/v2\/posts"}],"about":[{"href":"https:\/\/agrupacionespsoe.es\/castello\/wp-json\/wp\/v2\/types\/post"}],"author":[{"embeddable":true,"href":"https:\/\/agrupacionespsoe.es\/castello\/wp-json\/wp\/v2\/users\/48"}],"replies":[{"embeddable":true,"href":"https:\/\/agrupacionespsoe.es\/castello\/wp-json\/wp\/v2\/comments?post=3188"}],"version-history":[{"count":1,"href":"https:\/\/agrupacionespsoe.es\/castello\/wp-json\/wp\/v2\/posts\/3188\/revisions"}],"predecessor-version":[{"id":3189,"href":"https:\/\/agrupacionespsoe.es\/castello\/wp-json\/wp\/v2\/posts\/3188\/revisions\/3189"}],"wp:featuredmedia":[{"embeddable":true,"href":"https:\/\/agrupacionespsoe.es\/castello\/wp-json\/wp\/v2\/media\/499"}],"wp:attachment":[{"href":"https:\/\/agrupacionespsoe.es\/castello\/wp-json\/wp\/v2\/media?parent=3188"}],"wp:term":[{"taxonomy":"category","embeddable":true,"href":"https:\/\/agrupacionespsoe.es\/castello\/wp-json\/wp\/v2\/categories?post=3188"},{"taxonomy":"post_tag","embeddable":true,"href":"https:\/\/agrupacionespsoe.es\/castello\/wp-json\/wp\/v2\/tags?post=3188"}],"curies":[{"name":"wp","href":"https:\/\/api.w.org\/{rel}","templated":true}]}}