{"id":3156,"date":"2023-12-01T12:25:42","date_gmt":"2023-12-01T11:25:42","guid":{"rendered":"https:\/\/agrupacionespsoe.es\/castello\/?p=3156"},"modified":"2023-12-01T12:26:58","modified_gmt":"2023-12-01T11:26:58","slug":"ortola-el-hooligan","status":"publish","type":"post","link":"https:\/\/agrupacionespsoe.es\/castello\/ortola-el-hooligan\/","title":{"rendered":"Ortol\u00e1 el \u2018hooligan\u2019"},"content":{"rendered":"\n<p>A todo el mundo nos gusta vivir en municipios seguros y, en ese \u00e1mbito, tiene mucho que ofrecer la instituci\u00f3n m\u00e1s cercana a la ciudadan\u00eda, el Ayuntamiento.<\/p>\n\n\n\n<p>As\u00ed nos lo hizo creer la alcaldesa, <strong>Bego\u00f1a Carrasco<\/strong>, en su toma de posesi\u00f3n, asumiendo las competencias de seguridad ciudadana como propias de la alcald\u00eda, preocupaci\u00f3n \u201cfingida\u201d que poco le dur\u00f3. Con la entrada de Vox en su gobierno&nbsp; la seguridad dej\u00f3 de preocuparle y la transfiri\u00f3 a <strong>Ortol\u00e1<\/strong>.<\/p>\n\n\n\n<p>Ya empezamos a ver s\u00edntomas preocupantes de que dejar la seguridad de nuestra ciudad en manos de la ultraderecha. As\u00ed se desprende del \u00faltimo informe de la unidad municipal de sugerencias y reclamaciones, pues en el tercer trimestre se han incrementado un 2% las incidencias relacionadas con la seguridad ciudadana, as\u00ed como la sensaci\u00f3n de inseguridad por parte de la poblaci\u00f3n.<\/p>\n\n\n\n<p>Pero, \u00bfqu\u00e9 podemos esperar de un edil que convoca en sus redes sociales&nbsp; concentraciones frente a la sede del PSOE, o que incluso vocifera mensajes de odio junto a la presidenta de Les Corts en estas protestas, que acaban con actos vand\u00e1licos en nuestras calles?<\/p>\n\n\n\n<p>\u00bfQu\u00e9 seguridad nos puede ofrecer un concejal que vitorea c\u00e1nticos fascistas en los partidos de f\u00fatbol junto a <em>hooligans<\/em> de ultraderecha?<\/p>\n\n\n\n<p>Ya hemos visto estos d\u00edas lo que le importa la seguridad ciudadana al se\u00f1or Ortol\u00e1, que nos vet\u00f3 incluso una declaraci\u00f3n institucional para condenar de forma un\u00e1nime los ataques a las sedes de los partidos pol\u00edticos. Pero claro, c\u00f3mo va a condenar algo en lo que est\u00e1 participando activamente.<\/p>\n\n\n\n<p>Tampoco ha tenido en cuenta, ni \u00e9l ni la alcaldesa, nuestra propuesta de contratar m\u00e1s polic\u00eda local a trav\u00e9s de la bolsa existente.<\/p>\n\n\n\n<p>En cambio, s\u00ed que autorizan escoltar a dos concejalas del PP durante la manifestaci\u00f3n del 25N. \u00bfTanto miedo causamos las feministas a PP y VOX?<\/p>\n\n\n\n<p>Miedo es lo que ellos hacen sentir a la ciudadan\u00eda con sus permanentes discursos de odio.<\/p>\n\n\n\n<p>Y todo esto consentido por la m\u00e1xima autoridad de la ciudad, la alcaldesa Bego\u00f1a Carrasco, a quien ayer en el pleno instamos por en\u00e9sima vez a que cese de las competencias de seguridad al se\u00f1or Ortol\u00e1 porque, si no, ella misma ser\u00e1 c\u00f3mplice de todos estos actos de odio.<\/p>\n\n\n\n<p class=\"has-text-align-right\"><strong><em>Patricia Puerta Barber\u00e1<\/em><br><\/strong><em>Portavoz del Grupo Municipal Socialista<\/em> <em>en el Ayuntamiento de Castell\u00f3<\/em><\/p>\n","protected":false},"excerpt":{"rendered":"<p>A todo el mundo nos gusta vivir en municipios seguros y, en ese \u00e1mbito, tiene mucho que ofrecer la instituci\u00f3n m\u00e1s cercana a la ciudadan\u00eda, el Ayuntamiento. As\u00ed nos lo hizo creer la alcaldesa, Bego\u00f1a Carrasco, en su toma de posesi\u00f3n, asumiendo las competencias de seguridad ciudadana como propias de la alcald\u00eda, preocupaci\u00f3n \u201cfingida\u201d que &#8230;<\/p>\n","protected":false},"author":48,"featured_media":499,"comment_status":"open","ping_status":"open","sticky":false,"template":"","format":"standard","meta":{"_jetpack_memberships_contains_paid_content":false,"footnotes":"","jetpack_publicize_message":"","jetpack_publicize_feature_enabled":true,"jetpack_social_post_already_shared":false,"jetpack_social_options":{"image_generator_settings":{"template":"highway","default_image_id":0,"font":"","enabled":false},"version":2}},"categories":[33,50],"tags":[81],"class_list":["post-3156","post","type-post","status-publish","format-standard","has-post-thumbnail","hentry","category-gms","category-opinion","tag-patricia-puerta"],"yoast_head":"<!-- This site is optimized with the Yoast SEO plugin v24.0 - https:\/\/yoast.com\/wordpress\/plugins\/seo\/ -->\n<title>Ortol\u00e1 el \u2018hooligan\u2019 - PSPV-PSOE CASTELL\u00d3<\/title>\n<meta name=\"robots\" content=\"index, follow, max-snippet:-1, max-image-preview:large, max-video-preview:-1\" \/>\n<link rel=\"canonical\" href=\"https:\/\/agrupacionespsoe.es\/castello\/ortola-el-hooligan\/\" \/>\n<meta property=\"og:locale\" content=\"es_ES\" \/>\n<meta property=\"og:type\" content=\"article\" \/>\n<meta property=\"og:title\" content=\"Ortol\u00e1 el \u2018hooligan\u2019 - PSPV-PSOE CASTELL\u00d3\" \/>\n<meta property=\"og:description\" content=\"A todo el mundo nos gusta vivir en municipios seguros y, en ese \u00e1mbito, tiene mucho que ofrecer la instituci\u00f3n m\u00e1s cercana a la ciudadan\u00eda, el Ayuntamiento. As\u00ed nos lo hizo creer la alcaldesa, Bego\u00f1a Carrasco, en su toma de posesi\u00f3n, asumiendo las competencias de seguridad ciudadana como propias de la alcald\u00eda, preocupaci\u00f3n \u201cfingida\u201d que ...\" \/>\n<meta property=\"og:url\" content=\"https:\/\/agrupacionespsoe.es\/castello\/ortola-el-hooligan\/\" \/>\n<meta property=\"og:site_name\" content=\"PSPV-PSOE CASTELL\u00d3\" \/>\n<meta property=\"article:publisher\" content=\"https:\/\/www.facebook.com\/pspv.castellodelaplana\" \/>\n<meta property=\"article:published_time\" content=\"2023-12-01T11:25:42+00:00\" \/>\n<meta property=\"article:modified_time\" content=\"2023-12-01T11:26:58+00:00\" \/>\n<meta property=\"og:image\" content=\"https:\/\/agrupacionespsoe.es\/castello\/wp-content\/uploads\/sites\/45\/2023\/04\/3.-PATRICIA-PUERTA-BARBERA-2-scaled.jpg\" \/>\n\t<meta property=\"og:image:width\" content=\"2560\" \/>\n\t<meta property=\"og:image:height\" content=\"2560\" \/>\n\t<meta property=\"og:image:type\" content=\"image\/jpeg\" \/>\n<meta name=\"author\" content=\"castello1\" \/>\n<meta name=\"twitter:card\" content=\"summary_large_image\" \/>\n<meta name=\"twitter:creator\" content=\"@pspv_cs\" \/>\n<meta name=\"twitter:site\" content=\"@pspv_cs\" \/>\n<meta name=\"twitter:label1\" content=\"Escrito por\" \/>\n\t<meta name=\"twitter:data1\" content=\"castello1\" \/>\n\t<meta name=\"twitter:label2\" content=\"Tiempo de lectura\" \/>\n\t<meta name=\"twitter:data2\" content=\"2 minutos\" \/>\n<script type=\"application\/ld+json\" class=\"yoast-schema-graph\">{\"@context\":\"https:\/\/schema.org\",\"@graph\":[{\"@type\":\"Article\",\"@id\":\"https:\/\/agrupacionespsoe.es\/castello\/ortola-el-hooligan\/#article\",\"isPartOf\":{\"@id\":\"https:\/\/agrupacionespsoe.es\/castello\/ortola-el-hooligan\/\"},\"author\":{\"name\":\"castello1\",\"@id\":\"https:\/\/agrupacionespsoe.es\/castello\/#\/schema\/person\/f3bc5b2f9dc6a399e9e98596ae24a20a\"},\"headline\":\"Ortol\u00e1 el \u2018hooligan\u2019\",\"datePublished\":\"2023-12-01T11:25:42+00:00\",\"dateModified\":\"2023-12-01T11:26:58+00:00\",\"mainEntityOfPage\":{\"@id\":\"https:\/\/agrupacionespsoe.es\/castello\/ortola-el-hooligan\/\"},\"wordCount\":411,\"commentCount\":0,\"publisher\":{\"@id\":\"https:\/\/agrupacionespsoe.es\/castello\/#organization\"},\"image\":{\"@id\":\"https:\/\/agrupacionespsoe.es\/castello\/ortola-el-hooligan\/#primaryimage\"},\"thumbnailUrl\":\"https:\/\/agrupacionespsoe.es\/castello\/wp-content\/uploads\/sites\/45\/2023\/04\/3.-PATRICIA-PUERTA-BARBERA-2-scaled.jpg\",\"keywords\":[\"Patricia Puerta\"],\"articleSection\":[\"Grupo Municipal Socialista\",\"Opini\u00f3n\"],\"inLanguage\":\"es\",\"potentialAction\":[{\"@type\":\"CommentAction\",\"name\":\"Comment\",\"target\":[\"https:\/\/agrupacionespsoe.es\/castello\/ortola-el-hooligan\/#respond\"]}]},{\"@type\":\"WebPage\",\"@id\":\"https:\/\/agrupacionespsoe.es\/castello\/ortola-el-hooligan\/\",\"url\":\"https:\/\/agrupacionespsoe.es\/castello\/ortola-el-hooligan\/\",\"name\":\"Ortol\u00e1 el \u2018hooligan\u2019 - PSPV-PSOE CASTELL\u00d3\",\"isPartOf\":{\"@id\":\"https:\/\/agrupacionespsoe.es\/castello\/#website\"},\"primaryImageOfPage\":{\"@id\":\"https:\/\/agrupacionespsoe.es\/castello\/ortola-el-hooligan\/#primaryimage\"},\"image\":{\"@id\":\"https:\/\/agrupacionespsoe.es\/castello\/ortola-el-hooligan\/#primaryimage\"},\"thumbnailUrl\":\"https:\/\/agrupacionespsoe.es\/castello\/wp-content\/uploads\/sites\/45\/2023\/04\/3.-PATRICIA-PUERTA-BARBERA-2-scaled.jpg\",\"datePublished\":\"2023-12-01T11:25:42+00:00\",\"dateModified\":\"2023-12-01T11:26:58+00:00\",\"breadcrumb\":{\"@id\":\"https:\/\/agrupacionespsoe.es\/castello\/ortola-el-hooligan\/#breadcrumb\"},\"inLanguage\":\"es\",\"potentialAction\":[{\"@type\":\"ReadAction\",\"target\":[\"https:\/\/agrupacionespsoe.es\/castello\/ortola-el-hooligan\/\"]}]},{\"@type\":\"ImageObject\",\"inLanguage\":\"es\",\"@id\":\"https:\/\/agrupacionespsoe.es\/castello\/ortola-el-hooligan\/#primaryimage\",\"url\":\"https:\/\/agrupacionespsoe.es\/castello\/wp-content\/uploads\/sites\/45\/2023\/04\/3.-PATRICIA-PUERTA-BARBERA-2-scaled.jpg\",\"contentUrl\":\"https:\/\/agrupacionespsoe.es\/castello\/wp-content\/uploads\/sites\/45\/2023\/04\/3.-PATRICIA-PUERTA-BARBERA-2-scaled.jpg\",\"width\":2560,\"height\":2560},{\"@type\":\"BreadcrumbList\",\"@id\":\"https:\/\/agrupacionespsoe.es\/castello\/ortola-el-hooligan\/#breadcrumb\",\"itemListElement\":[{\"@type\":\"ListItem\",\"position\":1,\"name\":\"Portada\",\"item\":\"https:\/\/agrupacionespsoe.es\/castello\/\"},{\"@type\":\"ListItem\",\"position\":2,\"name\":\"Ortol\u00e1 el \u2018hooligan\u2019\"}]},{\"@type\":\"WebSite\",\"@id\":\"https:\/\/agrupacionespsoe.es\/castello\/#website\",\"url\":\"https:\/\/agrupacionespsoe.es\/castello\/\",\"name\":\"PSPV-PSOE CASTELL\u00d3\",\"description\":\"PSPV-PSOE | Agrupaci\u00f3 de Castell\u00f3\",\"publisher\":{\"@id\":\"https:\/\/agrupacionespsoe.es\/castello\/#organization\"},\"potentialAction\":[{\"@type\":\"SearchAction\",\"target\":{\"@type\":\"EntryPoint\",\"urlTemplate\":\"https:\/\/agrupacionespsoe.es\/castello\/?s={search_term_string}\"},\"query-input\":{\"@type\":\"PropertyValueSpecification\",\"valueRequired\":true,\"valueName\":\"search_term_string\"}}],\"inLanguage\":\"es\"},{\"@type\":\"Organization\",\"@id\":\"https:\/\/agrupacionespsoe.es\/castello\/#organization\",\"name\":\"PSPV-PSOE Castell\u00f3\",\"url\":\"https:\/\/agrupacionespsoe.es\/castello\/\",\"logo\":{\"@type\":\"ImageObject\",\"inLanguage\":\"es\",\"@id\":\"https:\/\/agrupacionespsoe.es\/castello\/#\/schema\/logo\/image\/\",\"url\":\"https:\/\/agrupacionespsoe.es\/castello\/wp-content\/uploads\/sites\/45\/2023\/04\/PORTADA-PSOE-CASTELLO.jpg\",\"contentUrl\":\"https:\/\/agrupacionespsoe.es\/castello\/wp-content\/uploads\/sites\/45\/2023\/04\/PORTADA-PSOE-CASTELLO.jpg\",\"width\":2500,\"height\":2500,\"caption\":\"PSPV-PSOE Castell\u00f3\"},\"image\":{\"@id\":\"https:\/\/agrupacionespsoe.es\/castello\/#\/schema\/logo\/image\/\"},\"sameAs\":[\"https:\/\/www.facebook.com\/pspv.castellodelaplana\",\"https:\/\/x.com\/pspv_cs\",\"https:\/\/www.instagram.com\/pspvpsoecastello\/\"]},{\"@type\":\"Person\",\"@id\":\"https:\/\/agrupacionespsoe.es\/castello\/#\/schema\/person\/f3bc5b2f9dc6a399e9e98596ae24a20a\",\"name\":\"castello1\",\"image\":{\"@type\":\"ImageObject\",\"inLanguage\":\"es\",\"@id\":\"https:\/\/agrupacionespsoe.es\/castello\/#\/schema\/person\/image\/\",\"url\":\"https:\/\/secure.gravatar.com\/avatar\/5f1da428d6479d1127419c0b58796865?s=96&d=mm&r=g\",\"contentUrl\":\"https:\/\/secure.gravatar.com\/avatar\/5f1da428d6479d1127419c0b58796865?s=96&d=mm&r=g\",\"caption\":\"castello1\"},\"url\":\"https:\/\/agrupacionespsoe.es\/castello\/author\/castello1\/\"}]}<\/script>\n<!-- \/ Yoast SEO plugin. -->","yoast_head_json":{"title":"Ortol\u00e1 el \u2018hooligan\u2019 - PSPV-PSOE CASTELL\u00d3","robots":{"index":"index","follow":"follow","max-snippet":"max-snippet:-1","max-image-preview":"max-image-preview:large","max-video-preview":"max-video-preview:-1"},"canonical":"https:\/\/agrupacionespsoe.es\/castello\/ortola-el-hooligan\/","og_locale":"es_ES","og_type":"article","og_title":"Ortol\u00e1 el \u2018hooligan\u2019 - PSPV-PSOE CASTELL\u00d3","og_description":"A todo el mundo nos gusta vivir en municipios seguros y, en ese \u00e1mbito, tiene mucho que ofrecer la instituci\u00f3n m\u00e1s cercana a la ciudadan\u00eda, el Ayuntamiento. As\u00ed nos lo hizo creer la alcaldesa, Bego\u00f1a Carrasco, en su toma de posesi\u00f3n, asumiendo las competencias de seguridad ciudadana como propias de la alcald\u00eda, preocupaci\u00f3n \u201cfingida\u201d que ...","og_url":"https:\/\/agrupacionespsoe.es\/castello\/ortola-el-hooligan\/","og_site_name":"PSPV-PSOE CASTELL\u00d3","article_publisher":"https:\/\/www.facebook.com\/pspv.castellodelaplana","article_published_time":"2023-12-01T11:25:42+00:00","article_modified_time":"2023-12-01T11:26:58+00:00","og_image":[{"width":2560,"height":2560,"url":"https:\/\/agrupacionespsoe.es\/castello\/wp-content\/uploads\/sites\/45\/2023\/04\/3.-PATRICIA-PUERTA-BARBERA-2-scaled.jpg","type":"image\/jpeg"}],"author":"castello1","twitter_card":"summary_large_image","twitter_creator":"@pspv_cs","twitter_site":"@pspv_cs","twitter_misc":{"Escrito por":"castello1","Tiempo de lectura":"2 minutos"},"schema":{"@context":"https:\/\/schema.org","@graph":[{"@type":"Article","@id":"https:\/\/agrupacionespsoe.es\/castello\/ortola-el-hooligan\/#article","isPartOf":{"@id":"https:\/\/agrupacionespsoe.es\/castello\/ortola-el-hooligan\/"},"author":{"name":"castello1","@id":"https:\/\/agrupacionespsoe.es\/castello\/#\/schema\/person\/f3bc5b2f9dc6a399e9e98596ae24a20a"},"headline":"Ortol\u00e1 el \u2018hooligan\u2019","datePublished":"2023-12-01T11:25:42+00:00","dateModified":"2023-12-01T11:26:58+00:00","mainEntityOfPage":{"@id":"https:\/\/agrupacionespsoe.es\/castello\/ortola-el-hooligan\/"},"wordCount":411,"commentCount":0,"publisher":{"@id":"https:\/\/agrupacionespsoe.es\/castello\/#organization"},"image":{"@id":"https:\/\/agrupacionespsoe.es\/castello\/ortola-el-hooligan\/#primaryimage"},"thumbnailUrl":"https:\/\/agrupacionespsoe.es\/castello\/wp-content\/uploads\/sites\/45\/2023\/04\/3.-PATRICIA-PUERTA-BARBERA-2-scaled.jpg","keywords":["Patricia Puerta"],"articleSection":["Grupo Municipal Socialista","Opini\u00f3n"],"inLanguage":"es","potentialAction":[{"@type":"CommentAction","name":"Comment","target":["https:\/\/agrupacionespsoe.es\/castello\/ortola-el-hooligan\/#respond"]}]},{"@type":"WebPage","@id":"https:\/\/agrupacionespsoe.es\/castello\/ortola-el-hooligan\/","url":"https:\/\/agrupacionespsoe.es\/castello\/ortola-el-hooligan\/","name":"Ortol\u00e1 el \u2018hooligan\u2019 - PSPV-PSOE CASTELL\u00d3","isPartOf":{"@id":"https:\/\/agrupacionespsoe.es\/castello\/#website"},"primaryImageOfPage":{"@id":"https:\/\/agrupacionespsoe.es\/castello\/ortola-el-hooligan\/#primaryimage"},"image":{"@id":"https:\/\/agrupacionespsoe.es\/castello\/ortola-el-hooligan\/#primaryimage"},"thumbnailUrl":"https:\/\/agrupacionespsoe.es\/castello\/wp-content\/uploads\/sites\/45\/2023\/04\/3.-PATRICIA-PUERTA-BARBERA-2-scaled.jpg","datePublished":"2023-12-01T11:25:42+00:00","dateModified":"2023-12-01T11:26:58+00:00","breadcrumb":{"@id":"https:\/\/agrupacionespsoe.es\/castello\/ortola-el-hooligan\/#breadcrumb"},"inLanguage":"es","potentialAction":[{"@type":"ReadAction","target":["https:\/\/agrupacionespsoe.es\/castello\/ortola-el-hooligan\/"]}]},{"@type":"ImageObject","inLanguage":"es","@id":"https:\/\/agrupacionespsoe.es\/castello\/ortola-el-hooligan\/#primaryimage","url":"https:\/\/agrupacionespsoe.es\/castello\/wp-content\/uploads\/sites\/45\/2023\/04\/3.-PATRICIA-PUERTA-BARBERA-2-scaled.jpg","contentUrl":"https:\/\/agrupacionespsoe.es\/castello\/wp-content\/uploads\/sites\/45\/2023\/04\/3.-PATRICIA-PUERTA-BARBERA-2-scaled.jpg","width":2560,"height":2560},{"@type":"BreadcrumbList","@id":"https:\/\/agrupacionespsoe.es\/castello\/ortola-el-hooligan\/#breadcrumb","itemListElement":[{"@type":"ListItem","position":1,"name":"Portada","item":"https:\/\/agrupacionespsoe.es\/castello\/"},{"@type":"ListItem","position":2,"name":"Ortol\u00e1 el \u2018hooligan\u2019"}]},{"@type":"WebSite","@id":"https:\/\/agrupacionespsoe.es\/castello\/#website","url":"https:\/\/agrupacionespsoe.es\/castello\/","name":"PSPV-PSOE CASTELL\u00d3","description":"PSPV-PSOE | Agrupaci\u00f3 de Castell\u00f3","publisher":{"@id":"https:\/\/agrupacionespsoe.es\/castello\/#organization"},"potentialAction":[{"@type":"SearchAction","target":{"@type":"EntryPoint","urlTemplate":"https:\/\/agrupacionespsoe.es\/castello\/?s={search_term_string}"},"query-input":{"@type":"PropertyValueSpecification","valueRequired":true,"valueName":"search_term_string"}}],"inLanguage":"es"},{"@type":"Organization","@id":"https:\/\/agrupacionespsoe.es\/castello\/#organization","name":"PSPV-PSOE Castell\u00f3","url":"https:\/\/agrupacionespsoe.es\/castello\/","logo":{"@type":"ImageObject","inLanguage":"es","@id":"https:\/\/agrupacionespsoe.es\/castello\/#\/schema\/logo\/image\/","url":"https:\/\/agrupacionespsoe.es\/castello\/wp-content\/uploads\/sites\/45\/2023\/04\/PORTADA-PSOE-CASTELLO.jpg","contentUrl":"https:\/\/agrupacionespsoe.es\/castello\/wp-content\/uploads\/sites\/45\/2023\/04\/PORTADA-PSOE-CASTELLO.jpg","width":2500,"height":2500,"caption":"PSPV-PSOE Castell\u00f3"},"image":{"@id":"https:\/\/agrupacionespsoe.es\/castello\/#\/schema\/logo\/image\/"},"sameAs":["https:\/\/www.facebook.com\/pspv.castellodelaplana","https:\/\/x.com\/pspv_cs","https:\/\/www.instagram.com\/pspvpsoecastello\/"]},{"@type":"Person","@id":"https:\/\/agrupacionespsoe.es\/castello\/#\/schema\/person\/f3bc5b2f9dc6a399e9e98596ae24a20a","name":"castello1","image":{"@type":"ImageObject","inLanguage":"es","@id":"https:\/\/agrupacionespsoe.es\/castello\/#\/schema\/person\/image\/","url":"https:\/\/secure.gravatar.com\/avatar\/5f1da428d6479d1127419c0b58796865?s=96&d=mm&r=g","contentUrl":"https:\/\/secure.gravatar.com\/avatar\/5f1da428d6479d1127419c0b58796865?s=96&d=mm&r=g","caption":"castello1"},"url":"https:\/\/agrupacionespsoe.es\/castello\/author\/castello1\/"}]}},"jetpack_publicize_connections":[],"jetpack_featured_media_url":"https:\/\/agrupacionespsoe.es\/castello\/wp-content\/uploads\/sites\/45\/2023\/04\/3.-PATRICIA-PUERTA-BARBERA-2-scaled.jpg","jetpack_sharing_enabled":true,"_links":{"self":[{"href":"https:\/\/agrupacionespsoe.es\/castello\/wp-json\/wp\/v2\/posts\/3156","targetHints":{"allow":["GET"]}}],"collection":[{"href":"https:\/\/agrupacionespsoe.es\/castello\/wp-json\/wp\/v2\/posts"}],"about":[{"href":"https:\/\/agrupacionespsoe.es\/castello\/wp-json\/wp\/v2\/types\/post"}],"author":[{"embeddable":true,"href":"https:\/\/agrupacionespsoe.es\/castello\/wp-json\/wp\/v2\/users\/48"}],"replies":[{"embeddable":true,"href":"https:\/\/agrupacionespsoe.es\/castello\/wp-json\/wp\/v2\/comments?post=3156"}],"version-history":[{"count":1,"href":"https:\/\/agrupacionespsoe.es\/castello\/wp-json\/wp\/v2\/posts\/3156\/revisions"}],"predecessor-version":[{"id":3157,"href":"https:\/\/agrupacionespsoe.es\/castello\/wp-json\/wp\/v2\/posts\/3156\/revisions\/3157"}],"wp:featuredmedia":[{"embeddable":true,"href":"https:\/\/agrupacionespsoe.es\/castello\/wp-json\/wp\/v2\/media\/499"}],"wp:attachment":[{"href":"https:\/\/agrupacionespsoe.es\/castello\/wp-json\/wp\/v2\/media?parent=3156"}],"wp:term":[{"taxonomy":"category","embeddable":true,"href":"https:\/\/agrupacionespsoe.es\/castello\/wp-json\/wp\/v2\/categories?post=3156"},{"taxonomy":"post_tag","embeddable":true,"href":"https:\/\/agrupacionespsoe.es\/castello\/wp-json\/wp\/v2\/tags?post=3156"}],"curies":[{"name":"wp","href":"https:\/\/api.w.org\/{rel}","templated":true}]}}