{"id":2978,"date":"2023-10-27T12:00:00","date_gmt":"2023-10-27T10:00:00","guid":{"rendered":"https:\/\/agrupacionespsoe.es\/castello\/?p=2978"},"modified":"2023-10-26T19:20:07","modified_gmt":"2023-10-26T17:20:07","slug":"en-defensa-del-25n","status":"publish","type":"post","link":"https:\/\/agrupacionespsoe.es\/castello\/en-defensa-del-25n\/","title":{"rendered":"En defensa del 25N"},"content":{"rendered":"\n<p>Este ser\u00e1 el primer a\u00f1o en el que celebraremos el D\u00eda Internacional de la Eliminaci\u00f3n de la Violencia contra las Mujeres el 25N con un gobierno de la derecha y la ultraderecha en el Ayuntamiento de Castell\u00f3. No esperen sorpresas: para PP y Vox el t\u00e9rmino \u2018violencia machista\u2019 ya no existe, porque lo han borrado del esp\u00edritu de esta casa, casa de toda la ciudadan\u00eda. Nuestro reto en el pleno de ayer era consensuar una declaraci\u00f3n institucional. Qu\u00e9 ilusos, claro, porque ya la se\u00f1ora alcaldesa, Bego\u00f1a Carrasco, no necesit\u00f3 a Vox para cargarse el \u00e1rea de Feminismo de la instituci\u00f3n.<\/p>\n\n\n\n<p>El ayuntamiento debe garantizar entornos libres de violencia, proteger a las v\u00edctimas y hacer de la prevenci\u00f3n contra la violencia machista y la desigualdad una pol\u00edtica prioritaria. Pero el PP y Vox odian todo lo que suena a la lucha feminista. Son capaces de seguir negando la violencia de g\u00e9nero, esa que cada a\u00f1o supone una dura estad\u00edstica de mujeres asesinadas por sus parejas o exparejas.<\/p>\n\n\n\n<p>Y no dudan en pasar cualquier l\u00edmite. La primera enmienda a la totalidad a nuestra moci\u00f3n pasar\u00e1 a la historia de esta instituci\u00f3n por su indecencia: \u2018<em>Pondremos especial atenci\u00f3n al sistema de protecci\u00f3n de las menores tuteladas&nbsp;<\/em><em>para evitar lo que ha sucedido en comunidades gobernadas por la izquierda, donde han sido prostituidas ante la inacci\u00f3n -o a veces incluso la complicidad- de la Administraci\u00f3n<\/em>\u2019.<\/p>\n\n\n\n<p>\u00bfEn serio, se\u00f1ora Carrasco? Nada m\u00e1s leerlo les anunciamos medidas legales y por eso la \u2018suavizaron\u2019 ayer en el pleno. Eso s\u00ed, con el se\u00f1or Sales y Toledo volviendo a asentir con las cabezas cuando les le\u00eda esa absoluta barbaridad. Lo han retirado en el papel, pero lo mantienen en su alma.<\/p>\n\n\n\n<p>Y siempre con el mismo mantra: desvirt\u00faan la moci\u00f3n del 25N para hablar de la Ley del \u2018Solo el S\u00ed es S\u00ed\u2019, que dio respuesta a una reivindicaci\u00f3n hist\u00f3rica del movimiento feminista: la lucha contra la violencia sexual hacia las mujeres y los ni\u00f1os.<\/p>\n\n\n\n<p>Pero van a fracasar en su estrategia de intoxicaci\u00f3n porque, por mucho que intenten eliminar el concepto de violencia de g\u00e9nero, el PSOE ser\u00e1 fiel al movimiento feminista.<\/p>\n\n\n\n<p class=\"has-text-align-right\"><strong><em>M\u00f3nica Barab\u00e1s<\/em><br><\/strong><em>Concejala del Grupo Municipal Socialista en el Ayuntamiento de Castell\u00f3<\/em><\/p>\n","protected":false},"excerpt":{"rendered":"<p>Este ser\u00e1 el primer a\u00f1o en el que celebraremos el D\u00eda Internacional de la Eliminaci\u00f3n de la Violencia contra las Mujeres el 25N con un gobierno de la derecha y la ultraderecha en el Ayuntamiento de Castell\u00f3. No esperen sorpresas: para PP y Vox el t\u00e9rmino \u2018violencia machista\u2019 ya no existe, porque lo han borrado &#8230;<\/p>\n","protected":false},"author":48,"featured_media":847,"comment_status":"open","ping_status":"open","sticky":false,"template":"","format":"standard","meta":{"_jetpack_memberships_contains_paid_content":false,"footnotes":"","jetpack_publicize_message":"","jetpack_publicize_feature_enabled":true,"jetpack_social_post_already_shared":false,"jetpack_social_options":{"image_generator_settings":{"template":"highway","default_image_id":0,"font":"","enabled":false},"version":2}},"categories":[33,50],"tags":[107],"class_list":["post-2978","post","type-post","status-publish","format-standard","has-post-thumbnail","hentry","category-gms","category-opinion","tag-monica-barabas"],"yoast_head":"<!-- This site is optimized with the Yoast SEO plugin v24.0 - https:\/\/yoast.com\/wordpress\/plugins\/seo\/ -->\n<title>En defensa del 25N - PSPV-PSOE CASTELL\u00d3<\/title>\n<meta name=\"robots\" content=\"index, follow, max-snippet:-1, max-image-preview:large, max-video-preview:-1\" \/>\n<link rel=\"canonical\" href=\"https:\/\/agrupacionespsoe.es\/castello\/en-defensa-del-25n\/\" \/>\n<meta property=\"og:locale\" content=\"es_ES\" \/>\n<meta property=\"og:type\" content=\"article\" \/>\n<meta property=\"og:title\" content=\"En defensa del 25N - PSPV-PSOE CASTELL\u00d3\" \/>\n<meta property=\"og:description\" content=\"Este ser\u00e1 el primer a\u00f1o en el que celebraremos el D\u00eda Internacional de la Eliminaci\u00f3n de la Violencia contra las Mujeres el 25N con un gobierno de la derecha y la ultraderecha en el Ayuntamiento de Castell\u00f3. No esperen sorpresas: para PP y Vox el t\u00e9rmino \u2018violencia machista\u2019 ya no existe, porque lo han borrado ...\" \/>\n<meta property=\"og:url\" content=\"https:\/\/agrupacionespsoe.es\/castello\/en-defensa-del-25n\/\" \/>\n<meta property=\"og:site_name\" content=\"PSPV-PSOE CASTELL\u00d3\" \/>\n<meta property=\"article:publisher\" content=\"https:\/\/www.facebook.com\/pspv.castellodelaplana\" \/>\n<meta property=\"article:published_time\" content=\"2023-10-27T10:00:00+00:00\" \/>\n<meta property=\"article:modified_time\" content=\"2023-10-26T17:20:07+00:00\" \/>\n<meta property=\"og:image\" content=\"https:\/\/agrupacionespsoe.es\/castello\/wp-content\/uploads\/sites\/45\/2023\/04\/9.-MONICA-BARABAS-2-1-scaled.jpg\" \/>\n\t<meta property=\"og:image:width\" content=\"2560\" \/>\n\t<meta property=\"og:image:height\" content=\"2560\" \/>\n\t<meta property=\"og:image:type\" content=\"image\/jpeg\" \/>\n<meta name=\"author\" content=\"castello1\" \/>\n<meta name=\"twitter:card\" content=\"summary_large_image\" \/>\n<meta name=\"twitter:creator\" content=\"@pspv_cs\" \/>\n<meta name=\"twitter:site\" content=\"@pspv_cs\" \/>\n<meta name=\"twitter:label1\" content=\"Escrito por\" \/>\n\t<meta name=\"twitter:data1\" content=\"castello1\" \/>\n\t<meta name=\"twitter:label2\" content=\"Tiempo de lectura\" \/>\n\t<meta name=\"twitter:data2\" content=\"2 minutos\" \/>\n<script type=\"application\/ld+json\" class=\"yoast-schema-graph\">{\"@context\":\"https:\/\/schema.org\",\"@graph\":[{\"@type\":\"Article\",\"@id\":\"https:\/\/agrupacionespsoe.es\/castello\/en-defensa-del-25n\/#article\",\"isPartOf\":{\"@id\":\"https:\/\/agrupacionespsoe.es\/castello\/en-defensa-del-25n\/\"},\"author\":{\"name\":\"castello1\",\"@id\":\"https:\/\/agrupacionespsoe.es\/castello\/#\/schema\/person\/f3bc5b2f9dc6a399e9e98596ae24a20a\"},\"headline\":\"En defensa del 25N\",\"datePublished\":\"2023-10-27T10:00:00+00:00\",\"dateModified\":\"2023-10-26T17:20:07+00:00\",\"mainEntityOfPage\":{\"@id\":\"https:\/\/agrupacionespsoe.es\/castello\/en-defensa-del-25n\/\"},\"wordCount\":408,\"commentCount\":0,\"publisher\":{\"@id\":\"https:\/\/agrupacionespsoe.es\/castello\/#organization\"},\"image\":{\"@id\":\"https:\/\/agrupacionespsoe.es\/castello\/en-defensa-del-25n\/#primaryimage\"},\"thumbnailUrl\":\"https:\/\/agrupacionespsoe.es\/castello\/wp-content\/uploads\/sites\/45\/2023\/04\/9.-MONICA-BARABAS-2-1-scaled.jpg\",\"keywords\":[\"M\u00f3nica Barab\u00e1s\"],\"articleSection\":[\"Grupo Municipal Socialista\",\"Opini\u00f3n\"],\"inLanguage\":\"es\",\"potentialAction\":[{\"@type\":\"CommentAction\",\"name\":\"Comment\",\"target\":[\"https:\/\/agrupacionespsoe.es\/castello\/en-defensa-del-25n\/#respond\"]}]},{\"@type\":\"WebPage\",\"@id\":\"https:\/\/agrupacionespsoe.es\/castello\/en-defensa-del-25n\/\",\"url\":\"https:\/\/agrupacionespsoe.es\/castello\/en-defensa-del-25n\/\",\"name\":\"En defensa del 25N - PSPV-PSOE CASTELL\u00d3\",\"isPartOf\":{\"@id\":\"https:\/\/agrupacionespsoe.es\/castello\/#website\"},\"primaryImageOfPage\":{\"@id\":\"https:\/\/agrupacionespsoe.es\/castello\/en-defensa-del-25n\/#primaryimage\"},\"image\":{\"@id\":\"https:\/\/agrupacionespsoe.es\/castello\/en-defensa-del-25n\/#primaryimage\"},\"thumbnailUrl\":\"https:\/\/agrupacionespsoe.es\/castello\/wp-content\/uploads\/sites\/45\/2023\/04\/9.-MONICA-BARABAS-2-1-scaled.jpg\",\"datePublished\":\"2023-10-27T10:00:00+00:00\",\"dateModified\":\"2023-10-26T17:20:07+00:00\",\"breadcrumb\":{\"@id\":\"https:\/\/agrupacionespsoe.es\/castello\/en-defensa-del-25n\/#breadcrumb\"},\"inLanguage\":\"es\",\"potentialAction\":[{\"@type\":\"ReadAction\",\"target\":[\"https:\/\/agrupacionespsoe.es\/castello\/en-defensa-del-25n\/\"]}]},{\"@type\":\"ImageObject\",\"inLanguage\":\"es\",\"@id\":\"https:\/\/agrupacionespsoe.es\/castello\/en-defensa-del-25n\/#primaryimage\",\"url\":\"https:\/\/agrupacionespsoe.es\/castello\/wp-content\/uploads\/sites\/45\/2023\/04\/9.-MONICA-BARABAS-2-1-scaled.jpg\",\"contentUrl\":\"https:\/\/agrupacionespsoe.es\/castello\/wp-content\/uploads\/sites\/45\/2023\/04\/9.-MONICA-BARABAS-2-1-scaled.jpg\",\"width\":2560,\"height\":2560},{\"@type\":\"BreadcrumbList\",\"@id\":\"https:\/\/agrupacionespsoe.es\/castello\/en-defensa-del-25n\/#breadcrumb\",\"itemListElement\":[{\"@type\":\"ListItem\",\"position\":1,\"name\":\"Portada\",\"item\":\"https:\/\/agrupacionespsoe.es\/castello\/\"},{\"@type\":\"ListItem\",\"position\":2,\"name\":\"En defensa del 25N\"}]},{\"@type\":\"WebSite\",\"@id\":\"https:\/\/agrupacionespsoe.es\/castello\/#website\",\"url\":\"https:\/\/agrupacionespsoe.es\/castello\/\",\"name\":\"PSPV-PSOE CASTELL\u00d3\",\"description\":\"PSPV-PSOE | Agrupaci\u00f3 de Castell\u00f3\",\"publisher\":{\"@id\":\"https:\/\/agrupacionespsoe.es\/castello\/#organization\"},\"potentialAction\":[{\"@type\":\"SearchAction\",\"target\":{\"@type\":\"EntryPoint\",\"urlTemplate\":\"https:\/\/agrupacionespsoe.es\/castello\/?s={search_term_string}\"},\"query-input\":{\"@type\":\"PropertyValueSpecification\",\"valueRequired\":true,\"valueName\":\"search_term_string\"}}],\"inLanguage\":\"es\"},{\"@type\":\"Organization\",\"@id\":\"https:\/\/agrupacionespsoe.es\/castello\/#organization\",\"name\":\"PSPV-PSOE Castell\u00f3\",\"url\":\"https:\/\/agrupacionespsoe.es\/castello\/\",\"logo\":{\"@type\":\"ImageObject\",\"inLanguage\":\"es\",\"@id\":\"https:\/\/agrupacionespsoe.es\/castello\/#\/schema\/logo\/image\/\",\"url\":\"https:\/\/agrupacionespsoe.es\/castello\/wp-content\/uploads\/sites\/45\/2023\/04\/PORTADA-PSOE-CASTELLO.jpg\",\"contentUrl\":\"https:\/\/agrupacionespsoe.es\/castello\/wp-content\/uploads\/sites\/45\/2023\/04\/PORTADA-PSOE-CASTELLO.jpg\",\"width\":2500,\"height\":2500,\"caption\":\"PSPV-PSOE Castell\u00f3\"},\"image\":{\"@id\":\"https:\/\/agrupacionespsoe.es\/castello\/#\/schema\/logo\/image\/\"},\"sameAs\":[\"https:\/\/www.facebook.com\/pspv.castellodelaplana\",\"https:\/\/x.com\/pspv_cs\",\"https:\/\/www.instagram.com\/pspvpsoecastello\/\"]},{\"@type\":\"Person\",\"@id\":\"https:\/\/agrupacionespsoe.es\/castello\/#\/schema\/person\/f3bc5b2f9dc6a399e9e98596ae24a20a\",\"name\":\"castello1\",\"image\":{\"@type\":\"ImageObject\",\"inLanguage\":\"es\",\"@id\":\"https:\/\/agrupacionespsoe.es\/castello\/#\/schema\/person\/image\/\",\"url\":\"https:\/\/secure.gravatar.com\/avatar\/5f1da428d6479d1127419c0b58796865?s=96&d=mm&r=g\",\"contentUrl\":\"https:\/\/secure.gravatar.com\/avatar\/5f1da428d6479d1127419c0b58796865?s=96&d=mm&r=g\",\"caption\":\"castello1\"},\"url\":\"https:\/\/agrupacionespsoe.es\/castello\/author\/castello1\/\"}]}<\/script>\n<!-- \/ Yoast SEO plugin. -->","yoast_head_json":{"title":"En defensa del 25N - PSPV-PSOE CASTELL\u00d3","robots":{"index":"index","follow":"follow","max-snippet":"max-snippet:-1","max-image-preview":"max-image-preview:large","max-video-preview":"max-video-preview:-1"},"canonical":"https:\/\/agrupacionespsoe.es\/castello\/en-defensa-del-25n\/","og_locale":"es_ES","og_type":"article","og_title":"En defensa del 25N - PSPV-PSOE CASTELL\u00d3","og_description":"Este ser\u00e1 el primer a\u00f1o en el que celebraremos el D\u00eda Internacional de la Eliminaci\u00f3n de la Violencia contra las Mujeres el 25N con un gobierno de la derecha y la ultraderecha en el Ayuntamiento de Castell\u00f3. No esperen sorpresas: para PP y Vox el t\u00e9rmino \u2018violencia machista\u2019 ya no existe, porque lo han borrado ...","og_url":"https:\/\/agrupacionespsoe.es\/castello\/en-defensa-del-25n\/","og_site_name":"PSPV-PSOE CASTELL\u00d3","article_publisher":"https:\/\/www.facebook.com\/pspv.castellodelaplana","article_published_time":"2023-10-27T10:00:00+00:00","article_modified_time":"2023-10-26T17:20:07+00:00","og_image":[{"width":2560,"height":2560,"url":"https:\/\/agrupacionespsoe.es\/castello\/wp-content\/uploads\/sites\/45\/2023\/04\/9.-MONICA-BARABAS-2-1-scaled.jpg","type":"image\/jpeg"}],"author":"castello1","twitter_card":"summary_large_image","twitter_creator":"@pspv_cs","twitter_site":"@pspv_cs","twitter_misc":{"Escrito por":"castello1","Tiempo de lectura":"2 minutos"},"schema":{"@context":"https:\/\/schema.org","@graph":[{"@type":"Article","@id":"https:\/\/agrupacionespsoe.es\/castello\/en-defensa-del-25n\/#article","isPartOf":{"@id":"https:\/\/agrupacionespsoe.es\/castello\/en-defensa-del-25n\/"},"author":{"name":"castello1","@id":"https:\/\/agrupacionespsoe.es\/castello\/#\/schema\/person\/f3bc5b2f9dc6a399e9e98596ae24a20a"},"headline":"En defensa del 25N","datePublished":"2023-10-27T10:00:00+00:00","dateModified":"2023-10-26T17:20:07+00:00","mainEntityOfPage":{"@id":"https:\/\/agrupacionespsoe.es\/castello\/en-defensa-del-25n\/"},"wordCount":408,"commentCount":0,"publisher":{"@id":"https:\/\/agrupacionespsoe.es\/castello\/#organization"},"image":{"@id":"https:\/\/agrupacionespsoe.es\/castello\/en-defensa-del-25n\/#primaryimage"},"thumbnailUrl":"https:\/\/agrupacionespsoe.es\/castello\/wp-content\/uploads\/sites\/45\/2023\/04\/9.-MONICA-BARABAS-2-1-scaled.jpg","keywords":["M\u00f3nica Barab\u00e1s"],"articleSection":["Grupo Municipal Socialista","Opini\u00f3n"],"inLanguage":"es","potentialAction":[{"@type":"CommentAction","name":"Comment","target":["https:\/\/agrupacionespsoe.es\/castello\/en-defensa-del-25n\/#respond"]}]},{"@type":"WebPage","@id":"https:\/\/agrupacionespsoe.es\/castello\/en-defensa-del-25n\/","url":"https:\/\/agrupacionespsoe.es\/castello\/en-defensa-del-25n\/","name":"En defensa del 25N - PSPV-PSOE CASTELL\u00d3","isPartOf":{"@id":"https:\/\/agrupacionespsoe.es\/castello\/#website"},"primaryImageOfPage":{"@id":"https:\/\/agrupacionespsoe.es\/castello\/en-defensa-del-25n\/#primaryimage"},"image":{"@id":"https:\/\/agrupacionespsoe.es\/castello\/en-defensa-del-25n\/#primaryimage"},"thumbnailUrl":"https:\/\/agrupacionespsoe.es\/castello\/wp-content\/uploads\/sites\/45\/2023\/04\/9.-MONICA-BARABAS-2-1-scaled.jpg","datePublished":"2023-10-27T10:00:00+00:00","dateModified":"2023-10-26T17:20:07+00:00","breadcrumb":{"@id":"https:\/\/agrupacionespsoe.es\/castello\/en-defensa-del-25n\/#breadcrumb"},"inLanguage":"es","potentialAction":[{"@type":"ReadAction","target":["https:\/\/agrupacionespsoe.es\/castello\/en-defensa-del-25n\/"]}]},{"@type":"ImageObject","inLanguage":"es","@id":"https:\/\/agrupacionespsoe.es\/castello\/en-defensa-del-25n\/#primaryimage","url":"https:\/\/agrupacionespsoe.es\/castello\/wp-content\/uploads\/sites\/45\/2023\/04\/9.-MONICA-BARABAS-2-1-scaled.jpg","contentUrl":"https:\/\/agrupacionespsoe.es\/castello\/wp-content\/uploads\/sites\/45\/2023\/04\/9.-MONICA-BARABAS-2-1-scaled.jpg","width":2560,"height":2560},{"@type":"BreadcrumbList","@id":"https:\/\/agrupacionespsoe.es\/castello\/en-defensa-del-25n\/#breadcrumb","itemListElement":[{"@type":"ListItem","position":1,"name":"Portada","item":"https:\/\/agrupacionespsoe.es\/castello\/"},{"@type":"ListItem","position":2,"name":"En defensa del 25N"}]},{"@type":"WebSite","@id":"https:\/\/agrupacionespsoe.es\/castello\/#website","url":"https:\/\/agrupacionespsoe.es\/castello\/","name":"PSPV-PSOE CASTELL\u00d3","description":"PSPV-PSOE | Agrupaci\u00f3 de Castell\u00f3","publisher":{"@id":"https:\/\/agrupacionespsoe.es\/castello\/#organization"},"potentialAction":[{"@type":"SearchAction","target":{"@type":"EntryPoint","urlTemplate":"https:\/\/agrupacionespsoe.es\/castello\/?s={search_term_string}"},"query-input":{"@type":"PropertyValueSpecification","valueRequired":true,"valueName":"search_term_string"}}],"inLanguage":"es"},{"@type":"Organization","@id":"https:\/\/agrupacionespsoe.es\/castello\/#organization","name":"PSPV-PSOE Castell\u00f3","url":"https:\/\/agrupacionespsoe.es\/castello\/","logo":{"@type":"ImageObject","inLanguage":"es","@id":"https:\/\/agrupacionespsoe.es\/castello\/#\/schema\/logo\/image\/","url":"https:\/\/agrupacionespsoe.es\/castello\/wp-content\/uploads\/sites\/45\/2023\/04\/PORTADA-PSOE-CASTELLO.jpg","contentUrl":"https:\/\/agrupacionespsoe.es\/castello\/wp-content\/uploads\/sites\/45\/2023\/04\/PORTADA-PSOE-CASTELLO.jpg","width":2500,"height":2500,"caption":"PSPV-PSOE Castell\u00f3"},"image":{"@id":"https:\/\/agrupacionespsoe.es\/castello\/#\/schema\/logo\/image\/"},"sameAs":["https:\/\/www.facebook.com\/pspv.castellodelaplana","https:\/\/x.com\/pspv_cs","https:\/\/www.instagram.com\/pspvpsoecastello\/"]},{"@type":"Person","@id":"https:\/\/agrupacionespsoe.es\/castello\/#\/schema\/person\/f3bc5b2f9dc6a399e9e98596ae24a20a","name":"castello1","image":{"@type":"ImageObject","inLanguage":"es","@id":"https:\/\/agrupacionespsoe.es\/castello\/#\/schema\/person\/image\/","url":"https:\/\/secure.gravatar.com\/avatar\/5f1da428d6479d1127419c0b58796865?s=96&d=mm&r=g","contentUrl":"https:\/\/secure.gravatar.com\/avatar\/5f1da428d6479d1127419c0b58796865?s=96&d=mm&r=g","caption":"castello1"},"url":"https:\/\/agrupacionespsoe.es\/castello\/author\/castello1\/"}]}},"jetpack_publicize_connections":[],"jetpack_featured_media_url":"https:\/\/agrupacionespsoe.es\/castello\/wp-content\/uploads\/sites\/45\/2023\/04\/9.-MONICA-BARABAS-2-1-scaled.jpg","jetpack_sharing_enabled":true,"_links":{"self":[{"href":"https:\/\/agrupacionespsoe.es\/castello\/wp-json\/wp\/v2\/posts\/2978","targetHints":{"allow":["GET"]}}],"collection":[{"href":"https:\/\/agrupacionespsoe.es\/castello\/wp-json\/wp\/v2\/posts"}],"about":[{"href":"https:\/\/agrupacionespsoe.es\/castello\/wp-json\/wp\/v2\/types\/post"}],"author":[{"embeddable":true,"href":"https:\/\/agrupacionespsoe.es\/castello\/wp-json\/wp\/v2\/users\/48"}],"replies":[{"embeddable":true,"href":"https:\/\/agrupacionespsoe.es\/castello\/wp-json\/wp\/v2\/comments?post=2978"}],"version-history":[{"count":2,"href":"https:\/\/agrupacionespsoe.es\/castello\/wp-json\/wp\/v2\/posts\/2978\/revisions"}],"predecessor-version":[{"id":2980,"href":"https:\/\/agrupacionespsoe.es\/castello\/wp-json\/wp\/v2\/posts\/2978\/revisions\/2980"}],"wp:featuredmedia":[{"embeddable":true,"href":"https:\/\/agrupacionespsoe.es\/castello\/wp-json\/wp\/v2\/media\/847"}],"wp:attachment":[{"href":"https:\/\/agrupacionespsoe.es\/castello\/wp-json\/wp\/v2\/media?parent=2978"}],"wp:term":[{"taxonomy":"category","embeddable":true,"href":"https:\/\/agrupacionespsoe.es\/castello\/wp-json\/wp\/v2\/categories?post=2978"},{"taxonomy":"post_tag","embeddable":true,"href":"https:\/\/agrupacionespsoe.es\/castello\/wp-json\/wp\/v2\/tags?post=2978"}],"curies":[{"name":"wp","href":"https:\/\/api.w.org\/{rel}","templated":true}]}}