{"id":2975,"date":"2023-10-26T17:05:37","date_gmt":"2023-10-26T15:05:37","guid":{"rendered":"https:\/\/agrupacionespsoe.es\/castello\/?p=2975"},"modified":"2024-06-19T11:20:34","modified_gmt":"2024-06-19T09:20:34","slug":"el-pspv-adverteix-que-la-gran-rebaixa-fiscal-que-ens-ven-begona-carrasco-amb-la-reduccio-de-libi-nomes-suposa-una-mitjana-de-16-euros-per-cada-familia-de-castello","status":"publish","type":"post","link":"https:\/\/agrupacionespsoe.es\/castello\/va\/el-pspv-adverteix-que-la-gran-rebaixa-fiscal-que-ens-ven-begona-carrasco-amb-la-reduccio-de-libi-nomes-suposa-una-mitjana-de-16-euros-per-cada-familia-de-castello\/","title":{"rendered":"El PSPV adverteix que la \u201cgran rebaixa fiscal que ens ven Bego\u00f1a Carrasco amb la reducci\u00f3 de l&#8217;IBI nom\u00e9s suposa una mitjana de 16 euros per cada fam\u00edlia de Castell\u00f3\u201d"},"content":{"rendered":"\n<p><strong><em>El Grup Municipal Socialista tira en cara a l&#8217;alcaldessa els \u201cenganys a la poblaci\u00f3\u201d en proposar quan estava en l&#8217;oposici\u00f3 una rebaixa fiscal de 10 milions d&#8217;euros, \u201cque s&#8217;ha quedat en una mera operaci\u00f3 de maquillatge perqu\u00e8 la rebaixa de l&#8217;Impost de B\u00e9ns immobles \u201cnom\u00e9s dona per a un men\u00fa del dia\u201d, segons assenyala la regidora M\u00f3nica Barab\u00e1s.<\/em><\/strong><\/p>\n\n\n\n<p><em><strong>El PSPV trasllada en el ple la seua preocupaci\u00f3 per la reducci\u00f3 d&#8217;ingressos a conseq\u00fc\u00e8ncia de les rebaixes fiscals, \u201cperqu\u00e8 tots sabem que les retallades en els drets socials s\u00f3n sempre l&#8217;objectiu de la dreta i la ultradreta quan no li ixen els comptes\u201d<\/strong><\/em><\/p>\n\n\n\n<p>La proposta de l&#8217;equip de govern del PP i Vox per a \u2018alleujar\u2019 l&#8217;economia dom\u00e8stica de les fam\u00edlies de Castell\u00f3 amb una rebaixa d&#8217;impostos \u201cs&#8217;ha quedat en una pantomima i ens ha deixat palesa com enganya l&#8217;alcaldessa, la senyora Carrasco, a la ciutadania\u201d. L&#8217;aprovaci\u00f3 en el ple de la modificaci\u00f3 de les ordenances fiscals, que ha comptat amb l&#8217;abstenci\u00f3 del Partit Socialista, contempla una xicoteta rebaixa de l&#8217;Impost de B\u00e9ns immobles (IBI), \u201cque l&#8217;\u00fanica cosa que suposar\u00e0 \u00e9s que l&#8217;Ajuntament de Castell\u00f3 ingressar\u00e0 un mili\u00f3 d&#8217;euros menys, per\u00f2 per a les fam\u00edlies a penes un estalvi mitj\u00e0 de 16 euros en el rebut\u201d, assenyala la regidora socialista M\u00f3nica Barab\u00e1s, qui afig que \u201cnom\u00e9s dona per a un men\u00fa del dia\u201d.<\/p>\n\n\n\n<p>Barab\u00e1s, en el debat plenari, ha recordat que fa a penes un any Bego\u00f1a Carrasco, quan estava en l&#8217;oposici\u00f3, va plantejar una proposta una ambiciosa rebaixa fiscal de 10 milions d&#8217;euros per a reduir, \u201ctal com va dir, les \u2018cues de la fam\u2019\u201d. I al costat d&#8217;aix\u00f2, \u201cva dir que aix\u00f2 suposar\u00e0 crear m\u00e9s ocupaci\u00f3 i ser atractius per a noves empreses amb la bonificaci\u00f3 del ICIO, l&#8217;IAE, el BICE, o la congelaci\u00f3 de l&#8217;IVA. Somiava en gran\u201d.<\/p>\n\n\n\n<p>Ja en el seu moment des del Grup Municipal Socialista \u201cels advertim de la impossibilitat de complir-lo, i ac\u00ed ho hem vist plasmat. Quan diem que el Partit Popular no \u00e9s de fiar, perqu\u00e8 diuen una cosa en l&#8217;oposici\u00f3 i una altra quan governen, per alguna cosa ser\u00e0\u201d, ha afegit Barab\u00e1s. La rebaixa fiscal aprovada suma en total quasi 1,9 milions d&#8217;euros, \u201cmolt lluny dels 10 milions que va anunciar la senyora Carrasco fa un any i que ens mostra com riu la hui alcaldessa dels i les castellonenques\u201d.<\/p>\n\n\n\n<p>Incidint en i IBI, on s&#8217;ha aprovat una baixada del tipus general de 0.69 a 0.6624%, \u00ab\u00e9s el clar exemple de la demag\u00f2gia\u00bb. I ac\u00ed l&#8217;edil socialista ha recordat una frase de Bego\u00f1a Carrasco de fa a penes uns dies, quan va anunciar la modificaci\u00f3 fiscal: \u2018En un moment de pujada dels preus dels aliments, de les hipoteques i dels lloguers, els diners ha d&#8217;estar en la butxaca de les fam\u00edlies perqu\u00e8 puguen afrontar esta situaci\u00f3 d&#8217;increment desbocat de la inflaci\u00f3\u2019.<\/p>\n\n\n\n<p>\u00abMeravelloses paraules, senyora Carrasco: ha fet que l&#8217;ajuntament ingresse 1.011.683 euros menys a canvi de 16 euros d&#8217;estalvi per casa per a fer front a la inflaci\u00f3\u00bb, recalca M\u00f3nica Barab\u00e1s, qui insisteix que aix\u00f2 nom\u00e9s t\u00e9 un nom: \u00abmanipular a la ciutadania, encara que no ens hauria de sorprendre perqu\u00e8 el PP el porta en el seu ADN\u00bb.<\/p>\n\n\n\n<p><strong>Ocupaci\u00f3 Via P\u00fablica<\/strong><br>Respecte a la modificaci\u00f3 de l&#8217;Ordenan\u00e7a Fiscal de l&#8217;Ocupaci\u00f3 de Via P\u00fablica, des del Grup Municipal Socialista qualifiquen de \u00abinsuficient\u00bb una mesura que, a m\u00e9s, pot provocar efectes contraris entre els comerciants, \u00abperqu\u00e8 a veure com li expliquen al comer\u00e7 que no t\u00e9 terrassa que ells no tindran eixe benepl\u00e0cit fiscal malgrat patir tamb\u00e9 els efectes econ\u00f2mics derivats de la Covid, de la inflaci\u00f3 o de la pujada energ\u00e8tica\u00bb.<\/p>\n\n\n\n<p><strong>Moci\u00f3 del 25N<br><\/strong>Respecte a la moci\u00f3 socialista en defensa del Dia Internacional per l&#8217;Eliminaci\u00f3 de la Viol\u00e8ncia contra les Dones, el PSPV ha defensat que les administracions no facen marxa enrere en la lluita contra la viol\u00e8ncia masclista, \u00absobretot en aquelles institucions on s&#8217;ha perm\u00e9s l&#8217;acc\u00e9s de grups pol\u00edtics negacionistes de la viol\u00e8ncia de g\u00e8nere a labors de govern\u00bb, com \u00e9s el cas de l&#8217;Ajuntament de Castell\u00f3 amb PP i Vox.<\/p>\n\n\n\n<p>Sobre aquest tema, l&#8217;edil socialista M\u00f3nica Barab\u00e1s ha lamentat el veto de l&#8217;equip de govern a la proposta de declaraci\u00f3 institucional inicial i la posterior esmena a la totalitat, que desvirtua la proposta que l&#8217;Ajuntament de Castell\u00f3 es comprometa a continuar dissenyant estrat\u00e8gies d&#8217;actuaci\u00f3 i a continuar elaborant els pressupostos municipals amb perspectiva de g\u00e8nere.<\/p>\n\n\n\n<p>Barab\u00e1s ha recordat a m\u00e9s que en la Junta de Portaveus del passat dilluns PP i Vox, en una primera esmena a la totalitat que ara han suavitzat \u00abperqu\u00e8 anunciem mesures legals\u00bb, van acusar sense cap objecci\u00f3 a les comunitats governades per l&#8217;esquerra de ser \u2018c\u00f2mplices de la prostituci\u00f3 de menors tutelades\u2019, i \u00e9s el m\u00e9s menyspreable que hem vist aquests mesos per part de l&#8217;equip de govern.<\/p>\n","protected":false},"excerpt":{"rendered":"<p>El Grup Municipal Socialista tira en cara a l&#8217;alcaldessa els \u201cenganys a la poblaci\u00f3\u201d en proposar quan estava en l&#8217;oposici\u00f3 una rebaixa fiscal de 10 milions d&#8217;euros, \u201cque s&#8217;ha quedat en una mera operaci\u00f3 de maquillatge perqu\u00e8 la rebaixa de l&#8217;Impost de B\u00e9ns immobles \u201cnom\u00e9s dona per a un men\u00fa del dia\u201d, segons assenyala la &#8230;<\/p>\n","protected":false},"author":48,"featured_media":2973,"comment_status":"open","ping_status":"open","sticky":false,"template":"","format":"standard","meta":{"_jetpack_memberships_contains_paid_content":false,"footnotes":"","jetpack_publicize_message":"","jetpack_publicize_feature_enabled":true,"jetpack_social_post_already_shared":false,"jetpack_social_options":{"image_generator_settings":{"template":"highway","default_image_id":0,"font":"","enabled":false},"version":2}},"categories":[22],"tags":[109],"class_list":["post-2975","post","type-post","status-publish","format-standard","has-post-thumbnail","hentry","category-gms-va","tag-monica-barabas-va"],"yoast_head":"<!-- This site is optimized with the Yoast SEO plugin v24.0 - https:\/\/yoast.com\/wordpress\/plugins\/seo\/ -->\n<title>El PSPV adverteix que la \u201cgran rebaixa fiscal que ens ven Bego\u00f1a Carrasco amb la reducci\u00f3 de l&#039;IBI nom\u00e9s suposa una mitjana de 16 euros per cada fam\u00edlia de Castell\u00f3\u201d - PSPV-PSOE CASTELL\u00d3<\/title>\n<meta name=\"robots\" content=\"index, follow, max-snippet:-1, max-image-preview:large, max-video-preview:-1\" \/>\n<link rel=\"canonical\" href=\"https:\/\/agrupacionespsoe.es\/castello\/va\/el-pspv-adverteix-que-la-gran-rebaixa-fiscal-que-ens-ven-begona-carrasco-amb-la-reduccio-de-libi-nomes-suposa-una-mitjana-de-16-euros-per-cada-familia-de-castello\/\" \/>\n<meta property=\"og:locale\" content=\"es_ES\" \/>\n<meta property=\"og:type\" content=\"article\" \/>\n<meta property=\"og:title\" content=\"El PSPV adverteix que la \u201cgran rebaixa fiscal que ens ven Bego\u00f1a Carrasco amb la reducci\u00f3 de l&#039;IBI nom\u00e9s suposa una mitjana de 16 euros per cada fam\u00edlia de Castell\u00f3\u201d - PSPV-PSOE CASTELL\u00d3\" \/>\n<meta property=\"og:description\" content=\"El Grup Municipal Socialista tira en cara a l&#8217;alcaldessa els \u201cenganys a la poblaci\u00f3\u201d en proposar quan estava en l&#8217;oposici\u00f3 una rebaixa fiscal de 10 milions d&#8217;euros, \u201cque s&#8217;ha quedat en una mera operaci\u00f3 de maquillatge perqu\u00e8 la rebaixa de l&#8217;Impost de B\u00e9ns immobles \u201cnom\u00e9s dona per a un men\u00fa del dia\u201d, segons assenyala la ...\" \/>\n<meta property=\"og:url\" content=\"https:\/\/agrupacionespsoe.es\/castello\/va\/el-pspv-adverteix-que-la-gran-rebaixa-fiscal-que-ens-ven-begona-carrasco-amb-la-reduccio-de-libi-nomes-suposa-una-mitjana-de-16-euros-per-cada-familia-de-castello\/\" \/>\n<meta property=\"og:site_name\" content=\"PSPV-PSOE CASTELL\u00d3\" \/>\n<meta property=\"article:publisher\" content=\"https:\/\/www.facebook.com\/pspv.castellodelaplana\" \/>\n<meta property=\"article:published_time\" content=\"2023-10-26T15:05:37+00:00\" \/>\n<meta property=\"article:modified_time\" content=\"2024-06-19T09:20:34+00:00\" \/>\n<meta property=\"og:image\" content=\"https:\/\/agrupacionespsoe.es\/castello\/wp-content\/uploads\/sites\/45\/2023\/10\/20231026-El-PSPV-advierte-que-la-gran-rebaja-fiscal-que-nos-vende-Begona-Carrasco-con-la-reduccion-del-IBI-solo-supone-una-media-de-16-euros-para-cada-familia-de-Castello-1_1-scaled.jpg\" \/>\n\t<meta property=\"og:image:width\" content=\"2560\" \/>\n\t<meta property=\"og:image:height\" content=\"1920\" \/>\n\t<meta property=\"og:image:type\" content=\"image\/jpeg\" \/>\n<meta name=\"author\" content=\"castello1\" \/>\n<meta name=\"twitter:card\" content=\"summary_large_image\" \/>\n<meta name=\"twitter:creator\" content=\"@pspv_cs\" \/>\n<meta name=\"twitter:site\" content=\"@pspv_cs\" \/>\n<meta name=\"twitter:label1\" content=\"Escrito por\" \/>\n\t<meta name=\"twitter:data1\" content=\"castello1\" \/>\n\t<meta name=\"twitter:label2\" content=\"Tiempo de lectura\" \/>\n\t<meta name=\"twitter:data2\" content=\"4 minutos\" \/>\n<script type=\"application\/ld+json\" class=\"yoast-schema-graph\">{\"@context\":\"https:\/\/schema.org\",\"@graph\":[{\"@type\":\"Article\",\"@id\":\"https:\/\/agrupacionespsoe.es\/castello\/va\/el-pspv-adverteix-que-la-gran-rebaixa-fiscal-que-ens-ven-begona-carrasco-amb-la-reduccio-de-libi-nomes-suposa-una-mitjana-de-16-euros-per-cada-familia-de-castello\/#article\",\"isPartOf\":{\"@id\":\"https:\/\/agrupacionespsoe.es\/castello\/va\/el-pspv-adverteix-que-la-gran-rebaixa-fiscal-que-ens-ven-begona-carrasco-amb-la-reduccio-de-libi-nomes-suposa-una-mitjana-de-16-euros-per-cada-familia-de-castello\/\"},\"author\":{\"name\":\"castello1\",\"@id\":\"https:\/\/agrupacionespsoe.es\/castello\/#\/schema\/person\/f3bc5b2f9dc6a399e9e98596ae24a20a\"},\"headline\":\"El PSPV adverteix que la \u201cgran rebaixa fiscal que ens ven Bego\u00f1a Carrasco amb la reducci\u00f3 de l&#8217;IBI nom\u00e9s suposa una mitjana de 16 euros per cada fam\u00edlia de Castell\u00f3\u201d\",\"datePublished\":\"2023-10-26T15:05:37+00:00\",\"dateModified\":\"2024-06-19T09:20:34+00:00\",\"mainEntityOfPage\":{\"@id\":\"https:\/\/agrupacionespsoe.es\/castello\/va\/el-pspv-adverteix-que-la-gran-rebaixa-fiscal-que-ens-ven-begona-carrasco-amb-la-reduccio-de-libi-nomes-suposa-una-mitjana-de-16-euros-per-cada-familia-de-castello\/\"},\"wordCount\":864,\"commentCount\":0,\"publisher\":{\"@id\":\"https:\/\/agrupacionespsoe.es\/castello\/#organization\"},\"image\":{\"@id\":\"https:\/\/agrupacionespsoe.es\/castello\/va\/el-pspv-adverteix-que-la-gran-rebaixa-fiscal-que-ens-ven-begona-carrasco-amb-la-reduccio-de-libi-nomes-suposa-una-mitjana-de-16-euros-per-cada-familia-de-castello\/#primaryimage\"},\"thumbnailUrl\":\"https:\/\/agrupacionespsoe.es\/castello\/wp-content\/uploads\/sites\/45\/2023\/10\/20231026-El-PSPV-advierte-que-la-gran-rebaja-fiscal-que-nos-vende-Begona-Carrasco-con-la-reduccion-del-IBI-solo-supone-una-media-de-16-euros-para-cada-familia-de-Castello-1_1-scaled.jpg\",\"keywords\":[\"M\u00f3nica Barab\u00e1s\"],\"articleSection\":[\"Grup Municipal Socialista\"],\"inLanguage\":\"es\",\"potentialAction\":[{\"@type\":\"CommentAction\",\"name\":\"Comment\",\"target\":[\"https:\/\/agrupacionespsoe.es\/castello\/va\/el-pspv-adverteix-que-la-gran-rebaixa-fiscal-que-ens-ven-begona-carrasco-amb-la-reduccio-de-libi-nomes-suposa-una-mitjana-de-16-euros-per-cada-familia-de-castello\/#respond\"]}]},{\"@type\":\"WebPage\",\"@id\":\"https:\/\/agrupacionespsoe.es\/castello\/va\/el-pspv-adverteix-que-la-gran-rebaixa-fiscal-que-ens-ven-begona-carrasco-amb-la-reduccio-de-libi-nomes-suposa-una-mitjana-de-16-euros-per-cada-familia-de-castello\/\",\"url\":\"https:\/\/agrupacionespsoe.es\/castello\/va\/el-pspv-adverteix-que-la-gran-rebaixa-fiscal-que-ens-ven-begona-carrasco-amb-la-reduccio-de-libi-nomes-suposa-una-mitjana-de-16-euros-per-cada-familia-de-castello\/\",\"name\":\"El PSPV adverteix que la \u201cgran rebaixa fiscal que ens ven Bego\u00f1a Carrasco amb la reducci\u00f3 de l'IBI nom\u00e9s suposa una mitjana de 16 euros per cada fam\u00edlia de Castell\u00f3\u201d - PSPV-PSOE CASTELL\u00d3\",\"isPartOf\":{\"@id\":\"https:\/\/agrupacionespsoe.es\/castello\/#website\"},\"primaryImageOfPage\":{\"@id\":\"https:\/\/agrupacionespsoe.es\/castello\/va\/el-pspv-adverteix-que-la-gran-rebaixa-fiscal-que-ens-ven-begona-carrasco-amb-la-reduccio-de-libi-nomes-suposa-una-mitjana-de-16-euros-per-cada-familia-de-castello\/#primaryimage\"},\"image\":{\"@id\":\"https:\/\/agrupacionespsoe.es\/castello\/va\/el-pspv-adverteix-que-la-gran-rebaixa-fiscal-que-ens-ven-begona-carrasco-amb-la-reduccio-de-libi-nomes-suposa-una-mitjana-de-16-euros-per-cada-familia-de-castello\/#primaryimage\"},\"thumbnailUrl\":\"https:\/\/agrupacionespsoe.es\/castello\/wp-content\/uploads\/sites\/45\/2023\/10\/20231026-El-PSPV-advierte-que-la-gran-rebaja-fiscal-que-nos-vende-Begona-Carrasco-con-la-reduccion-del-IBI-solo-supone-una-media-de-16-euros-para-cada-familia-de-Castello-1_1-scaled.jpg\",\"datePublished\":\"2023-10-26T15:05:37+00:00\",\"dateModified\":\"2024-06-19T09:20:34+00:00\",\"breadcrumb\":{\"@id\":\"https:\/\/agrupacionespsoe.es\/castello\/va\/el-pspv-adverteix-que-la-gran-rebaixa-fiscal-que-ens-ven-begona-carrasco-amb-la-reduccio-de-libi-nomes-suposa-una-mitjana-de-16-euros-per-cada-familia-de-castello\/#breadcrumb\"},\"inLanguage\":\"es\",\"potentialAction\":[{\"@type\":\"ReadAction\",\"target\":[\"https:\/\/agrupacionespsoe.es\/castello\/va\/el-pspv-adverteix-que-la-gran-rebaixa-fiscal-que-ens-ven-begona-carrasco-amb-la-reduccio-de-libi-nomes-suposa-una-mitjana-de-16-euros-per-cada-familia-de-castello\/\"]}]},{\"@type\":\"ImageObject\",\"inLanguage\":\"es\",\"@id\":\"https:\/\/agrupacionespsoe.es\/castello\/va\/el-pspv-adverteix-que-la-gran-rebaixa-fiscal-que-ens-ven-begona-carrasco-amb-la-reduccio-de-libi-nomes-suposa-una-mitjana-de-16-euros-per-cada-familia-de-castello\/#primaryimage\",\"url\":\"https:\/\/agrupacionespsoe.es\/castello\/wp-content\/uploads\/sites\/45\/2023\/10\/20231026-El-PSPV-advierte-que-la-gran-rebaja-fiscal-que-nos-vende-Begona-Carrasco-con-la-reduccion-del-IBI-solo-supone-una-media-de-16-euros-para-cada-familia-de-Castello-1_1-scaled.jpg\",\"contentUrl\":\"https:\/\/agrupacionespsoe.es\/castello\/wp-content\/uploads\/sites\/45\/2023\/10\/20231026-El-PSPV-advierte-que-la-gran-rebaja-fiscal-que-nos-vende-Begona-Carrasco-con-la-reduccion-del-IBI-solo-supone-una-media-de-16-euros-para-cada-familia-de-Castello-1_1-scaled.jpg\",\"width\":2560,\"height\":1920},{\"@type\":\"BreadcrumbList\",\"@id\":\"https:\/\/agrupacionespsoe.es\/castello\/va\/el-pspv-adverteix-que-la-gran-rebaixa-fiscal-que-ens-ven-begona-carrasco-amb-la-reduccio-de-libi-nomes-suposa-una-mitjana-de-16-euros-per-cada-familia-de-castello\/#breadcrumb\",\"itemListElement\":[{\"@type\":\"ListItem\",\"position\":1,\"name\":\"Portada\",\"item\":\"https:\/\/agrupacionespsoe.es\/castello\/\"},{\"@type\":\"ListItem\",\"position\":2,\"name\":\"El PSPV adverteix que la \u201cgran rebaixa fiscal que ens ven Bego\u00f1a Carrasco amb la reducci\u00f3 de l&#8217;IBI nom\u00e9s suposa una mitjana de 16 euros per cada fam\u00edlia de Castell\u00f3\u201d\"}]},{\"@type\":\"WebSite\",\"@id\":\"https:\/\/agrupacionespsoe.es\/castello\/#website\",\"url\":\"https:\/\/agrupacionespsoe.es\/castello\/\",\"name\":\"PSPV-PSOE CASTELL\u00d3\",\"description\":\"PSPV-PSOE | Agrupaci\u00f3 de Castell\u00f3\",\"publisher\":{\"@id\":\"https:\/\/agrupacionespsoe.es\/castello\/#organization\"},\"potentialAction\":[{\"@type\":\"SearchAction\",\"target\":{\"@type\":\"EntryPoint\",\"urlTemplate\":\"https:\/\/agrupacionespsoe.es\/castello\/?s={search_term_string}\"},\"query-input\":{\"@type\":\"PropertyValueSpecification\",\"valueRequired\":true,\"valueName\":\"search_term_string\"}}],\"inLanguage\":\"es\"},{\"@type\":\"Organization\",\"@id\":\"https:\/\/agrupacionespsoe.es\/castello\/#organization\",\"name\":\"PSPV-PSOE Castell\u00f3\",\"url\":\"https:\/\/agrupacionespsoe.es\/castello\/\",\"logo\":{\"@type\":\"ImageObject\",\"inLanguage\":\"es\",\"@id\":\"https:\/\/agrupacionespsoe.es\/castello\/#\/schema\/logo\/image\/\",\"url\":\"https:\/\/agrupacionespsoe.es\/castello\/wp-content\/uploads\/sites\/45\/2023\/04\/PORTADA-PSOE-CASTELLO.jpg\",\"contentUrl\":\"https:\/\/agrupacionespsoe.es\/castello\/wp-content\/uploads\/sites\/45\/2023\/04\/PORTADA-PSOE-CASTELLO.jpg\",\"width\":2500,\"height\":2500,\"caption\":\"PSPV-PSOE Castell\u00f3\"},\"image\":{\"@id\":\"https:\/\/agrupacionespsoe.es\/castello\/#\/schema\/logo\/image\/\"},\"sameAs\":[\"https:\/\/www.facebook.com\/pspv.castellodelaplana\",\"https:\/\/x.com\/pspv_cs\",\"https:\/\/www.instagram.com\/pspvpsoecastello\/\"]},{\"@type\":\"Person\",\"@id\":\"https:\/\/agrupacionespsoe.es\/castello\/#\/schema\/person\/f3bc5b2f9dc6a399e9e98596ae24a20a\",\"name\":\"castello1\",\"image\":{\"@type\":\"ImageObject\",\"inLanguage\":\"es\",\"@id\":\"https:\/\/agrupacionespsoe.es\/castello\/#\/schema\/person\/image\/\",\"url\":\"https:\/\/secure.gravatar.com\/avatar\/5f1da428d6479d1127419c0b58796865?s=96&d=mm&r=g\",\"contentUrl\":\"https:\/\/secure.gravatar.com\/avatar\/5f1da428d6479d1127419c0b58796865?s=96&d=mm&r=g\",\"caption\":\"castello1\"},\"url\":\"https:\/\/agrupacionespsoe.es\/castello\/author\/castello1\/\"}]}<\/script>\n<!-- \/ Yoast SEO plugin. -->","yoast_head_json":{"title":"El PSPV adverteix que la \u201cgran rebaixa fiscal que ens ven Bego\u00f1a Carrasco amb la reducci\u00f3 de l'IBI nom\u00e9s suposa una mitjana de 16 euros per cada fam\u00edlia de Castell\u00f3\u201d - PSPV-PSOE CASTELL\u00d3","robots":{"index":"index","follow":"follow","max-snippet":"max-snippet:-1","max-image-preview":"max-image-preview:large","max-video-preview":"max-video-preview:-1"},"canonical":"https:\/\/agrupacionespsoe.es\/castello\/va\/el-pspv-adverteix-que-la-gran-rebaixa-fiscal-que-ens-ven-begona-carrasco-amb-la-reduccio-de-libi-nomes-suposa-una-mitjana-de-16-euros-per-cada-familia-de-castello\/","og_locale":"es_ES","og_type":"article","og_title":"El PSPV adverteix que la \u201cgran rebaixa fiscal que ens ven Bego\u00f1a Carrasco amb la reducci\u00f3 de l'IBI nom\u00e9s suposa una mitjana de 16 euros per cada fam\u00edlia de Castell\u00f3\u201d - PSPV-PSOE CASTELL\u00d3","og_description":"El Grup Municipal Socialista tira en cara a l&#8217;alcaldessa els \u201cenganys a la poblaci\u00f3\u201d en proposar quan estava en l&#8217;oposici\u00f3 una rebaixa fiscal de 10 milions d&#8217;euros, \u201cque s&#8217;ha quedat en una mera operaci\u00f3 de maquillatge perqu\u00e8 la rebaixa de l&#8217;Impost de B\u00e9ns immobles \u201cnom\u00e9s dona per a un men\u00fa del dia\u201d, segons assenyala la ...","og_url":"https:\/\/agrupacionespsoe.es\/castello\/va\/el-pspv-adverteix-que-la-gran-rebaixa-fiscal-que-ens-ven-begona-carrasco-amb-la-reduccio-de-libi-nomes-suposa-una-mitjana-de-16-euros-per-cada-familia-de-castello\/","og_site_name":"PSPV-PSOE CASTELL\u00d3","article_publisher":"https:\/\/www.facebook.com\/pspv.castellodelaplana","article_published_time":"2023-10-26T15:05:37+00:00","article_modified_time":"2024-06-19T09:20:34+00:00","og_image":[{"width":2560,"height":1920,"url":"https:\/\/agrupacionespsoe.es\/castello\/wp-content\/uploads\/sites\/45\/2023\/10\/20231026-El-PSPV-advierte-que-la-gran-rebaja-fiscal-que-nos-vende-Begona-Carrasco-con-la-reduccion-del-IBI-solo-supone-una-media-de-16-euros-para-cada-familia-de-Castello-1_1-scaled.jpg","type":"image\/jpeg"}],"author":"castello1","twitter_card":"summary_large_image","twitter_creator":"@pspv_cs","twitter_site":"@pspv_cs","twitter_misc":{"Escrito por":"castello1","Tiempo de lectura":"4 minutos"},"schema":{"@context":"https:\/\/schema.org","@graph":[{"@type":"Article","@id":"https:\/\/agrupacionespsoe.es\/castello\/va\/el-pspv-adverteix-que-la-gran-rebaixa-fiscal-que-ens-ven-begona-carrasco-amb-la-reduccio-de-libi-nomes-suposa-una-mitjana-de-16-euros-per-cada-familia-de-castello\/#article","isPartOf":{"@id":"https:\/\/agrupacionespsoe.es\/castello\/va\/el-pspv-adverteix-que-la-gran-rebaixa-fiscal-que-ens-ven-begona-carrasco-amb-la-reduccio-de-libi-nomes-suposa-una-mitjana-de-16-euros-per-cada-familia-de-castello\/"},"author":{"name":"castello1","@id":"https:\/\/agrupacionespsoe.es\/castello\/#\/schema\/person\/f3bc5b2f9dc6a399e9e98596ae24a20a"},"headline":"El PSPV adverteix que la \u201cgran rebaixa fiscal que ens ven Bego\u00f1a Carrasco amb la reducci\u00f3 de l&#8217;IBI nom\u00e9s suposa una mitjana de 16 euros per cada fam\u00edlia de Castell\u00f3\u201d","datePublished":"2023-10-26T15:05:37+00:00","dateModified":"2024-06-19T09:20:34+00:00","mainEntityOfPage":{"@id":"https:\/\/agrupacionespsoe.es\/castello\/va\/el-pspv-adverteix-que-la-gran-rebaixa-fiscal-que-ens-ven-begona-carrasco-amb-la-reduccio-de-libi-nomes-suposa-una-mitjana-de-16-euros-per-cada-familia-de-castello\/"},"wordCount":864,"commentCount":0,"publisher":{"@id":"https:\/\/agrupacionespsoe.es\/castello\/#organization"},"image":{"@id":"https:\/\/agrupacionespsoe.es\/castello\/va\/el-pspv-adverteix-que-la-gran-rebaixa-fiscal-que-ens-ven-begona-carrasco-amb-la-reduccio-de-libi-nomes-suposa-una-mitjana-de-16-euros-per-cada-familia-de-castello\/#primaryimage"},"thumbnailUrl":"https:\/\/agrupacionespsoe.es\/castello\/wp-content\/uploads\/sites\/45\/2023\/10\/20231026-El-PSPV-advierte-que-la-gran-rebaja-fiscal-que-nos-vende-Begona-Carrasco-con-la-reduccion-del-IBI-solo-supone-una-media-de-16-euros-para-cada-familia-de-Castello-1_1-scaled.jpg","keywords":["M\u00f3nica Barab\u00e1s"],"articleSection":["Grup Municipal Socialista"],"inLanguage":"es","potentialAction":[{"@type":"CommentAction","name":"Comment","target":["https:\/\/agrupacionespsoe.es\/castello\/va\/el-pspv-adverteix-que-la-gran-rebaixa-fiscal-que-ens-ven-begona-carrasco-amb-la-reduccio-de-libi-nomes-suposa-una-mitjana-de-16-euros-per-cada-familia-de-castello\/#respond"]}]},{"@type":"WebPage","@id":"https:\/\/agrupacionespsoe.es\/castello\/va\/el-pspv-adverteix-que-la-gran-rebaixa-fiscal-que-ens-ven-begona-carrasco-amb-la-reduccio-de-libi-nomes-suposa-una-mitjana-de-16-euros-per-cada-familia-de-castello\/","url":"https:\/\/agrupacionespsoe.es\/castello\/va\/el-pspv-adverteix-que-la-gran-rebaixa-fiscal-que-ens-ven-begona-carrasco-amb-la-reduccio-de-libi-nomes-suposa-una-mitjana-de-16-euros-per-cada-familia-de-castello\/","name":"El PSPV adverteix que la \u201cgran rebaixa fiscal que ens ven Bego\u00f1a Carrasco amb la reducci\u00f3 de l'IBI nom\u00e9s suposa una mitjana de 16 euros per cada fam\u00edlia de Castell\u00f3\u201d - PSPV-PSOE CASTELL\u00d3","isPartOf":{"@id":"https:\/\/agrupacionespsoe.es\/castello\/#website"},"primaryImageOfPage":{"@id":"https:\/\/agrupacionespsoe.es\/castello\/va\/el-pspv-adverteix-que-la-gran-rebaixa-fiscal-que-ens-ven-begona-carrasco-amb-la-reduccio-de-libi-nomes-suposa-una-mitjana-de-16-euros-per-cada-familia-de-castello\/#primaryimage"},"image":{"@id":"https:\/\/agrupacionespsoe.es\/castello\/va\/el-pspv-adverteix-que-la-gran-rebaixa-fiscal-que-ens-ven-begona-carrasco-amb-la-reduccio-de-libi-nomes-suposa-una-mitjana-de-16-euros-per-cada-familia-de-castello\/#primaryimage"},"thumbnailUrl":"https:\/\/agrupacionespsoe.es\/castello\/wp-content\/uploads\/sites\/45\/2023\/10\/20231026-El-PSPV-advierte-que-la-gran-rebaja-fiscal-que-nos-vende-Begona-Carrasco-con-la-reduccion-del-IBI-solo-supone-una-media-de-16-euros-para-cada-familia-de-Castello-1_1-scaled.jpg","datePublished":"2023-10-26T15:05:37+00:00","dateModified":"2024-06-19T09:20:34+00:00","breadcrumb":{"@id":"https:\/\/agrupacionespsoe.es\/castello\/va\/el-pspv-adverteix-que-la-gran-rebaixa-fiscal-que-ens-ven-begona-carrasco-amb-la-reduccio-de-libi-nomes-suposa-una-mitjana-de-16-euros-per-cada-familia-de-castello\/#breadcrumb"},"inLanguage":"es","potentialAction":[{"@type":"ReadAction","target":["https:\/\/agrupacionespsoe.es\/castello\/va\/el-pspv-adverteix-que-la-gran-rebaixa-fiscal-que-ens-ven-begona-carrasco-amb-la-reduccio-de-libi-nomes-suposa-una-mitjana-de-16-euros-per-cada-familia-de-castello\/"]}]},{"@type":"ImageObject","inLanguage":"es","@id":"https:\/\/agrupacionespsoe.es\/castello\/va\/el-pspv-adverteix-que-la-gran-rebaixa-fiscal-que-ens-ven-begona-carrasco-amb-la-reduccio-de-libi-nomes-suposa-una-mitjana-de-16-euros-per-cada-familia-de-castello\/#primaryimage","url":"https:\/\/agrupacionespsoe.es\/castello\/wp-content\/uploads\/sites\/45\/2023\/10\/20231026-El-PSPV-advierte-que-la-gran-rebaja-fiscal-que-nos-vende-Begona-Carrasco-con-la-reduccion-del-IBI-solo-supone-una-media-de-16-euros-para-cada-familia-de-Castello-1_1-scaled.jpg","contentUrl":"https:\/\/agrupacionespsoe.es\/castello\/wp-content\/uploads\/sites\/45\/2023\/10\/20231026-El-PSPV-advierte-que-la-gran-rebaja-fiscal-que-nos-vende-Begona-Carrasco-con-la-reduccion-del-IBI-solo-supone-una-media-de-16-euros-para-cada-familia-de-Castello-1_1-scaled.jpg","width":2560,"height":1920},{"@type":"BreadcrumbList","@id":"https:\/\/agrupacionespsoe.es\/castello\/va\/el-pspv-adverteix-que-la-gran-rebaixa-fiscal-que-ens-ven-begona-carrasco-amb-la-reduccio-de-libi-nomes-suposa-una-mitjana-de-16-euros-per-cada-familia-de-castello\/#breadcrumb","itemListElement":[{"@type":"ListItem","position":1,"name":"Portada","item":"https:\/\/agrupacionespsoe.es\/castello\/"},{"@type":"ListItem","position":2,"name":"El PSPV adverteix que la \u201cgran rebaixa fiscal que ens ven Bego\u00f1a Carrasco amb la reducci\u00f3 de l&#8217;IBI nom\u00e9s suposa una mitjana de 16 euros per cada fam\u00edlia de Castell\u00f3\u201d"}]},{"@type":"WebSite","@id":"https:\/\/agrupacionespsoe.es\/castello\/#website","url":"https:\/\/agrupacionespsoe.es\/castello\/","name":"PSPV-PSOE CASTELL\u00d3","description":"PSPV-PSOE | Agrupaci\u00f3 de Castell\u00f3","publisher":{"@id":"https:\/\/agrupacionespsoe.es\/castello\/#organization"},"potentialAction":[{"@type":"SearchAction","target":{"@type":"EntryPoint","urlTemplate":"https:\/\/agrupacionespsoe.es\/castello\/?s={search_term_string}"},"query-input":{"@type":"PropertyValueSpecification","valueRequired":true,"valueName":"search_term_string"}}],"inLanguage":"es"},{"@type":"Organization","@id":"https:\/\/agrupacionespsoe.es\/castello\/#organization","name":"PSPV-PSOE Castell\u00f3","url":"https:\/\/agrupacionespsoe.es\/castello\/","logo":{"@type":"ImageObject","inLanguage":"es","@id":"https:\/\/agrupacionespsoe.es\/castello\/#\/schema\/logo\/image\/","url":"https:\/\/agrupacionespsoe.es\/castello\/wp-content\/uploads\/sites\/45\/2023\/04\/PORTADA-PSOE-CASTELLO.jpg","contentUrl":"https:\/\/agrupacionespsoe.es\/castello\/wp-content\/uploads\/sites\/45\/2023\/04\/PORTADA-PSOE-CASTELLO.jpg","width":2500,"height":2500,"caption":"PSPV-PSOE Castell\u00f3"},"image":{"@id":"https:\/\/agrupacionespsoe.es\/castello\/#\/schema\/logo\/image\/"},"sameAs":["https:\/\/www.facebook.com\/pspv.castellodelaplana","https:\/\/x.com\/pspv_cs","https:\/\/www.instagram.com\/pspvpsoecastello\/"]},{"@type":"Person","@id":"https:\/\/agrupacionespsoe.es\/castello\/#\/schema\/person\/f3bc5b2f9dc6a399e9e98596ae24a20a","name":"castello1","image":{"@type":"ImageObject","inLanguage":"es","@id":"https:\/\/agrupacionespsoe.es\/castello\/#\/schema\/person\/image\/","url":"https:\/\/secure.gravatar.com\/avatar\/5f1da428d6479d1127419c0b58796865?s=96&d=mm&r=g","contentUrl":"https:\/\/secure.gravatar.com\/avatar\/5f1da428d6479d1127419c0b58796865?s=96&d=mm&r=g","caption":"castello1"},"url":"https:\/\/agrupacionespsoe.es\/castello\/author\/castello1\/"}]}},"jetpack_publicize_connections":[],"jetpack_featured_media_url":"https:\/\/agrupacionespsoe.es\/castello\/wp-content\/uploads\/sites\/45\/2023\/10\/20231026-El-PSPV-advierte-que-la-gran-rebaja-fiscal-que-nos-vende-Begona-Carrasco-con-la-reduccion-del-IBI-solo-supone-una-media-de-16-euros-para-cada-familia-de-Castello-1_1-scaled.jpg","jetpack_sharing_enabled":true,"_links":{"self":[{"href":"https:\/\/agrupacionespsoe.es\/castello\/wp-json\/wp\/v2\/posts\/2975","targetHints":{"allow":["GET"]}}],"collection":[{"href":"https:\/\/agrupacionespsoe.es\/castello\/wp-json\/wp\/v2\/posts"}],"about":[{"href":"https:\/\/agrupacionespsoe.es\/castello\/wp-json\/wp\/v2\/types\/post"}],"author":[{"embeddable":true,"href":"https:\/\/agrupacionespsoe.es\/castello\/wp-json\/wp\/v2\/users\/48"}],"replies":[{"embeddable":true,"href":"https:\/\/agrupacionespsoe.es\/castello\/wp-json\/wp\/v2\/comments?post=2975"}],"version-history":[{"count":3,"href":"https:\/\/agrupacionespsoe.es\/castello\/wp-json\/wp\/v2\/posts\/2975\/revisions"}],"predecessor-version":[{"id":3076,"href":"https:\/\/agrupacionespsoe.es\/castello\/wp-json\/wp\/v2\/posts\/2975\/revisions\/3076"}],"wp:featuredmedia":[{"embeddable":true,"href":"https:\/\/agrupacionespsoe.es\/castello\/wp-json\/wp\/v2\/media\/2973"}],"wp:attachment":[{"href":"https:\/\/agrupacionespsoe.es\/castello\/wp-json\/wp\/v2\/media?parent=2975"}],"wp:term":[{"taxonomy":"category","embeddable":true,"href":"https:\/\/agrupacionespsoe.es\/castello\/wp-json\/wp\/v2\/categories?post=2975"},{"taxonomy":"post_tag","embeddable":true,"href":"https:\/\/agrupacionespsoe.es\/castello\/wp-json\/wp\/v2\/tags?post=2975"}],"curies":[{"name":"wp","href":"https:\/\/api.w.org\/{rel}","templated":true}]}}