{"id":2888,"date":"2023-10-20T12:24:43","date_gmt":"2023-10-20T10:24:43","guid":{"rendered":"https:\/\/agrupacionespsoe.es\/castello\/?p=2888"},"modified":"2023-10-20T12:24:44","modified_gmt":"2023-10-20T10:24:44","slug":"ni-gasolinera-ni-mentiras","status":"publish","type":"post","link":"https:\/\/agrupacionespsoe.es\/castello\/ni-gasolinera-ni-mentiras\/","title":{"rendered":"Ni gasolinera, ni mentiras"},"content":{"rendered":"\n<p>El pasado 29 de septiembre se publicaba en el tabl\u00f3n de edictos del Ayuntamiento de Castell\u00f3 el sometimiento a exposici\u00f3n p\u00fablica de una licencia ambiental para la instalaci\u00f3n de una gasolinera en la esquina de las calles Villavieja y Pintor Carb\u00f3. Y es que semanas antes, el 17 de julio, con el nuevo equipo de gobierno ya en marcha, un promotor present\u00f3 la solicitud de licencia para la citada estaci\u00f3n de servicio.<\/p>\n\n\n\n<p>Las vecinas y vecinos afectados por esta instalaci\u00f3n ya han dicho alto y claro que NO a una gasolinera cerca de sus viviendas y de varios centros educativos.<\/p>\n\n\n\n<p>Desde que tuvimos conocimiento de esta noticia, los socialistas de Castell\u00f3 hemos dicho sin dudarlo que NO, pero PP y Vox parec\u00eda que estaban de vacaciones pues parece que ni conoc\u00edan esa solicitud, ni se hab\u00edan puesto a buscar alternativas.<\/p>\n\n\n\n<p>PP y Vox dicen ahora que esa petici\u00f3n se hab\u00eda hecho con el gobierno anterior del Acord de Fadrell. Eso es MENTIRA. Seguidamente nos acusaron de emitir informe de compatibilidad urban\u00edstica que permit\u00eda su instalaci\u00f3n. Otra MENTIRA m\u00e1s.<\/p>\n\n\n\n<p>Se nos acusa ahora diciendo que, con que la aprobaci\u00f3n del nuevo Plan General en noviembre de 2022, se reclasific\u00f3 ese solar y por eso se puede instalar ahora una gasolinera. Un nuevo embuste de PP y Vox. Esa parcela aparec\u00eda ya definida por primera vez en el Plan Parcial de Rafalafena como social-comunitaria y en el PGOU del 2000 dise\u00f1ado por el PP -anulado posteriormente por hasta 3 sentencias judiciales- tambi\u00e9n estaba como uso dotacional privado.<\/p>\n\n\n\n<p>Es ya con la ratificaci\u00f3n del nuevo Plan General en 2022 cuando esa parcela, en aplicaci\u00f3n del art\u00edculo 37 de la LOTUP aprobada en 2014 por el PP, cambia de nomenclatura a suelo terciario. Pero esto, insisto, NO CAMBIA NADA los usos de ese terreno.<\/p>\n\n\n\n<p>PP y Vox enga\u00f1an a los vecinos, pero en estos 4 meses ya se han destapado: la culpa de todos los males del mundo es del anterior gobierno y los \u00e9xitos en los que tanto hemos trabajado, medallitas para la vitrina de Bego\u00f1a Carrasco.<\/p>\n\n\n\n<p>Vuelvan ya de las vacaciones, trabajen y no enga\u00f1en. No queremos ni gasolinera, ni mentiras.<\/p>\n\n\n\n<p class=\"has-text-align-right\"><em><strong>Jos\u00e9 Luis L\u00f3pez<br><\/strong>Portavoz adjunto del Grupo Municipal Socialista en el Ayuntamiento de Castell\u00f3<\/em><\/p>\n","protected":false},"excerpt":{"rendered":"<p>El pasado 29 de septiembre se publicaba en el tabl\u00f3n de edictos del Ayuntamiento de Castell\u00f3 el sometimiento a exposici\u00f3n p\u00fablica de una licencia ambiental para la instalaci\u00f3n de una gasolinera en la esquina de las calles Villavieja y Pintor Carb\u00f3. Y es que semanas antes, el 17 de julio, con el nuevo equipo de &#8230;<\/p>\n","protected":false},"author":48,"featured_media":840,"comment_status":"open","ping_status":"open","sticky":false,"template":"","format":"standard","meta":{"_jetpack_memberships_contains_paid_content":false,"footnotes":"","jetpack_publicize_message":"","jetpack_publicize_feature_enabled":true,"jetpack_social_post_already_shared":false,"jetpack_social_options":{"image_generator_settings":{"template":"highway","default_image_id":0,"font":"","enabled":false},"version":2}},"categories":[33,50],"tags":[85],"class_list":["post-2888","post","type-post","status-publish","format-standard","has-post-thumbnail","hentry","category-gms","category-opinion","tag-jose-luis-lopez"],"yoast_head":"<!-- This site is optimized with the Yoast SEO plugin v24.0 - https:\/\/yoast.com\/wordpress\/plugins\/seo\/ -->\n<title>Ni gasolinera, ni mentiras - PSPV-PSOE CASTELL\u00d3<\/title>\n<meta name=\"robots\" content=\"index, follow, max-snippet:-1, max-image-preview:large, max-video-preview:-1\" \/>\n<link rel=\"canonical\" href=\"https:\/\/agrupacionespsoe.es\/castello\/ni-gasolinera-ni-mentiras\/\" \/>\n<meta property=\"og:locale\" content=\"es_ES\" \/>\n<meta property=\"og:type\" content=\"article\" \/>\n<meta property=\"og:title\" content=\"Ni gasolinera, ni mentiras - PSPV-PSOE CASTELL\u00d3\" \/>\n<meta property=\"og:description\" content=\"El pasado 29 de septiembre se publicaba en el tabl\u00f3n de edictos del Ayuntamiento de Castell\u00f3 el sometimiento a exposici\u00f3n p\u00fablica de una licencia ambiental para la instalaci\u00f3n de una gasolinera en la esquina de las calles Villavieja y Pintor Carb\u00f3. Y es que semanas antes, el 17 de julio, con el nuevo equipo de ...\" \/>\n<meta property=\"og:url\" content=\"https:\/\/agrupacionespsoe.es\/castello\/ni-gasolinera-ni-mentiras\/\" \/>\n<meta property=\"og:site_name\" content=\"PSPV-PSOE CASTELL\u00d3\" \/>\n<meta property=\"article:publisher\" content=\"https:\/\/www.facebook.com\/pspv.castellodelaplana\" \/>\n<meta property=\"article:published_time\" content=\"2023-10-20T10:24:43+00:00\" \/>\n<meta property=\"article:modified_time\" content=\"2023-10-20T10:24:44+00:00\" \/>\n<meta property=\"og:image\" content=\"https:\/\/agrupacionespsoe.es\/castello\/wp-content\/uploads\/sites\/45\/2023\/04\/2.-JOSE-LUIS-LOPEZ-IBANEZ-2-1-scaled.jpg\" \/>\n\t<meta property=\"og:image:width\" content=\"2560\" \/>\n\t<meta property=\"og:image:height\" content=\"2560\" \/>\n\t<meta property=\"og:image:type\" content=\"image\/jpeg\" \/>\n<meta name=\"author\" content=\"castello1\" \/>\n<meta name=\"twitter:card\" content=\"summary_large_image\" \/>\n<meta name=\"twitter:creator\" content=\"@pspv_cs\" \/>\n<meta name=\"twitter:site\" content=\"@pspv_cs\" \/>\n<meta name=\"twitter:label1\" content=\"Escrito por\" \/>\n\t<meta name=\"twitter:data1\" content=\"castello1\" \/>\n\t<meta name=\"twitter:label2\" content=\"Tiempo de lectura\" \/>\n\t<meta name=\"twitter:data2\" content=\"2 minutos\" \/>\n<script type=\"application\/ld+json\" class=\"yoast-schema-graph\">{\"@context\":\"https:\/\/schema.org\",\"@graph\":[{\"@type\":\"Article\",\"@id\":\"https:\/\/agrupacionespsoe.es\/castello\/ni-gasolinera-ni-mentiras\/#article\",\"isPartOf\":{\"@id\":\"https:\/\/agrupacionespsoe.es\/castello\/ni-gasolinera-ni-mentiras\/\"},\"author\":{\"name\":\"castello1\",\"@id\":\"https:\/\/agrupacionespsoe.es\/castello\/#\/schema\/person\/f3bc5b2f9dc6a399e9e98596ae24a20a\"},\"headline\":\"Ni gasolinera, ni mentiras\",\"datePublished\":\"2023-10-20T10:24:43+00:00\",\"dateModified\":\"2023-10-20T10:24:44+00:00\",\"mainEntityOfPage\":{\"@id\":\"https:\/\/agrupacionespsoe.es\/castello\/ni-gasolinera-ni-mentiras\/\"},\"wordCount\":394,\"commentCount\":0,\"publisher\":{\"@id\":\"https:\/\/agrupacionespsoe.es\/castello\/#organization\"},\"image\":{\"@id\":\"https:\/\/agrupacionespsoe.es\/castello\/ni-gasolinera-ni-mentiras\/#primaryimage\"},\"thumbnailUrl\":\"https:\/\/agrupacionespsoe.es\/castello\/wp-content\/uploads\/sites\/45\/2023\/04\/2.-JOSE-LUIS-LOPEZ-IBANEZ-2-1-scaled.jpg\",\"keywords\":[\"Jos\u00e9 Luis L\u00f3pez\"],\"articleSection\":[\"Grupo Municipal Socialista\",\"Opini\u00f3n\"],\"inLanguage\":\"es\",\"potentialAction\":[{\"@type\":\"CommentAction\",\"name\":\"Comment\",\"target\":[\"https:\/\/agrupacionespsoe.es\/castello\/ni-gasolinera-ni-mentiras\/#respond\"]}]},{\"@type\":\"WebPage\",\"@id\":\"https:\/\/agrupacionespsoe.es\/castello\/ni-gasolinera-ni-mentiras\/\",\"url\":\"https:\/\/agrupacionespsoe.es\/castello\/ni-gasolinera-ni-mentiras\/\",\"name\":\"Ni gasolinera, ni mentiras - PSPV-PSOE CASTELL\u00d3\",\"isPartOf\":{\"@id\":\"https:\/\/agrupacionespsoe.es\/castello\/#website\"},\"primaryImageOfPage\":{\"@id\":\"https:\/\/agrupacionespsoe.es\/castello\/ni-gasolinera-ni-mentiras\/#primaryimage\"},\"image\":{\"@id\":\"https:\/\/agrupacionespsoe.es\/castello\/ni-gasolinera-ni-mentiras\/#primaryimage\"},\"thumbnailUrl\":\"https:\/\/agrupacionespsoe.es\/castello\/wp-content\/uploads\/sites\/45\/2023\/04\/2.-JOSE-LUIS-LOPEZ-IBANEZ-2-1-scaled.jpg\",\"datePublished\":\"2023-10-20T10:24:43+00:00\",\"dateModified\":\"2023-10-20T10:24:44+00:00\",\"breadcrumb\":{\"@id\":\"https:\/\/agrupacionespsoe.es\/castello\/ni-gasolinera-ni-mentiras\/#breadcrumb\"},\"inLanguage\":\"es\",\"potentialAction\":[{\"@type\":\"ReadAction\",\"target\":[\"https:\/\/agrupacionespsoe.es\/castello\/ni-gasolinera-ni-mentiras\/\"]}]},{\"@type\":\"ImageObject\",\"inLanguage\":\"es\",\"@id\":\"https:\/\/agrupacionespsoe.es\/castello\/ni-gasolinera-ni-mentiras\/#primaryimage\",\"url\":\"https:\/\/agrupacionespsoe.es\/castello\/wp-content\/uploads\/sites\/45\/2023\/04\/2.-JOSE-LUIS-LOPEZ-IBANEZ-2-1-scaled.jpg\",\"contentUrl\":\"https:\/\/agrupacionespsoe.es\/castello\/wp-content\/uploads\/sites\/45\/2023\/04\/2.-JOSE-LUIS-LOPEZ-IBANEZ-2-1-scaled.jpg\",\"width\":2560,\"height\":2560},{\"@type\":\"BreadcrumbList\",\"@id\":\"https:\/\/agrupacionespsoe.es\/castello\/ni-gasolinera-ni-mentiras\/#breadcrumb\",\"itemListElement\":[{\"@type\":\"ListItem\",\"position\":1,\"name\":\"Portada\",\"item\":\"https:\/\/agrupacionespsoe.es\/castello\/\"},{\"@type\":\"ListItem\",\"position\":2,\"name\":\"Ni gasolinera, ni mentiras\"}]},{\"@type\":\"WebSite\",\"@id\":\"https:\/\/agrupacionespsoe.es\/castello\/#website\",\"url\":\"https:\/\/agrupacionespsoe.es\/castello\/\",\"name\":\"PSPV-PSOE CASTELL\u00d3\",\"description\":\"PSPV-PSOE | Agrupaci\u00f3 de Castell\u00f3\",\"publisher\":{\"@id\":\"https:\/\/agrupacionespsoe.es\/castello\/#organization\"},\"potentialAction\":[{\"@type\":\"SearchAction\",\"target\":{\"@type\":\"EntryPoint\",\"urlTemplate\":\"https:\/\/agrupacionespsoe.es\/castello\/?s={search_term_string}\"},\"query-input\":{\"@type\":\"PropertyValueSpecification\",\"valueRequired\":true,\"valueName\":\"search_term_string\"}}],\"inLanguage\":\"es\"},{\"@type\":\"Organization\",\"@id\":\"https:\/\/agrupacionespsoe.es\/castello\/#organization\",\"name\":\"PSPV-PSOE Castell\u00f3\",\"url\":\"https:\/\/agrupacionespsoe.es\/castello\/\",\"logo\":{\"@type\":\"ImageObject\",\"inLanguage\":\"es\",\"@id\":\"https:\/\/agrupacionespsoe.es\/castello\/#\/schema\/logo\/image\/\",\"url\":\"https:\/\/agrupacionespsoe.es\/castello\/wp-content\/uploads\/sites\/45\/2023\/04\/PORTADA-PSOE-CASTELLO.jpg\",\"contentUrl\":\"https:\/\/agrupacionespsoe.es\/castello\/wp-content\/uploads\/sites\/45\/2023\/04\/PORTADA-PSOE-CASTELLO.jpg\",\"width\":2500,\"height\":2500,\"caption\":\"PSPV-PSOE Castell\u00f3\"},\"image\":{\"@id\":\"https:\/\/agrupacionespsoe.es\/castello\/#\/schema\/logo\/image\/\"},\"sameAs\":[\"https:\/\/www.facebook.com\/pspv.castellodelaplana\",\"https:\/\/x.com\/pspv_cs\",\"https:\/\/www.instagram.com\/pspvpsoecastello\/\"]},{\"@type\":\"Person\",\"@id\":\"https:\/\/agrupacionespsoe.es\/castello\/#\/schema\/person\/f3bc5b2f9dc6a399e9e98596ae24a20a\",\"name\":\"castello1\",\"image\":{\"@type\":\"ImageObject\",\"inLanguage\":\"es\",\"@id\":\"https:\/\/agrupacionespsoe.es\/castello\/#\/schema\/person\/image\/\",\"url\":\"https:\/\/secure.gravatar.com\/avatar\/5f1da428d6479d1127419c0b58796865?s=96&d=mm&r=g\",\"contentUrl\":\"https:\/\/secure.gravatar.com\/avatar\/5f1da428d6479d1127419c0b58796865?s=96&d=mm&r=g\",\"caption\":\"castello1\"},\"url\":\"https:\/\/agrupacionespsoe.es\/castello\/author\/castello1\/\"}]}<\/script>\n<!-- \/ Yoast SEO plugin. -->","yoast_head_json":{"title":"Ni gasolinera, ni mentiras - PSPV-PSOE CASTELL\u00d3","robots":{"index":"index","follow":"follow","max-snippet":"max-snippet:-1","max-image-preview":"max-image-preview:large","max-video-preview":"max-video-preview:-1"},"canonical":"https:\/\/agrupacionespsoe.es\/castello\/ni-gasolinera-ni-mentiras\/","og_locale":"es_ES","og_type":"article","og_title":"Ni gasolinera, ni mentiras - PSPV-PSOE CASTELL\u00d3","og_description":"El pasado 29 de septiembre se publicaba en el tabl\u00f3n de edictos del Ayuntamiento de Castell\u00f3 el sometimiento a exposici\u00f3n p\u00fablica de una licencia ambiental para la instalaci\u00f3n de una gasolinera en la esquina de las calles Villavieja y Pintor Carb\u00f3. Y es que semanas antes, el 17 de julio, con el nuevo equipo de ...","og_url":"https:\/\/agrupacionespsoe.es\/castello\/ni-gasolinera-ni-mentiras\/","og_site_name":"PSPV-PSOE CASTELL\u00d3","article_publisher":"https:\/\/www.facebook.com\/pspv.castellodelaplana","article_published_time":"2023-10-20T10:24:43+00:00","article_modified_time":"2023-10-20T10:24:44+00:00","og_image":[{"width":2560,"height":2560,"url":"https:\/\/agrupacionespsoe.es\/castello\/wp-content\/uploads\/sites\/45\/2023\/04\/2.-JOSE-LUIS-LOPEZ-IBANEZ-2-1-scaled.jpg","type":"image\/jpeg"}],"author":"castello1","twitter_card":"summary_large_image","twitter_creator":"@pspv_cs","twitter_site":"@pspv_cs","twitter_misc":{"Escrito por":"castello1","Tiempo de lectura":"2 minutos"},"schema":{"@context":"https:\/\/schema.org","@graph":[{"@type":"Article","@id":"https:\/\/agrupacionespsoe.es\/castello\/ni-gasolinera-ni-mentiras\/#article","isPartOf":{"@id":"https:\/\/agrupacionespsoe.es\/castello\/ni-gasolinera-ni-mentiras\/"},"author":{"name":"castello1","@id":"https:\/\/agrupacionespsoe.es\/castello\/#\/schema\/person\/f3bc5b2f9dc6a399e9e98596ae24a20a"},"headline":"Ni gasolinera, ni mentiras","datePublished":"2023-10-20T10:24:43+00:00","dateModified":"2023-10-20T10:24:44+00:00","mainEntityOfPage":{"@id":"https:\/\/agrupacionespsoe.es\/castello\/ni-gasolinera-ni-mentiras\/"},"wordCount":394,"commentCount":0,"publisher":{"@id":"https:\/\/agrupacionespsoe.es\/castello\/#organization"},"image":{"@id":"https:\/\/agrupacionespsoe.es\/castello\/ni-gasolinera-ni-mentiras\/#primaryimage"},"thumbnailUrl":"https:\/\/agrupacionespsoe.es\/castello\/wp-content\/uploads\/sites\/45\/2023\/04\/2.-JOSE-LUIS-LOPEZ-IBANEZ-2-1-scaled.jpg","keywords":["Jos\u00e9 Luis L\u00f3pez"],"articleSection":["Grupo Municipal Socialista","Opini\u00f3n"],"inLanguage":"es","potentialAction":[{"@type":"CommentAction","name":"Comment","target":["https:\/\/agrupacionespsoe.es\/castello\/ni-gasolinera-ni-mentiras\/#respond"]}]},{"@type":"WebPage","@id":"https:\/\/agrupacionespsoe.es\/castello\/ni-gasolinera-ni-mentiras\/","url":"https:\/\/agrupacionespsoe.es\/castello\/ni-gasolinera-ni-mentiras\/","name":"Ni gasolinera, ni mentiras - PSPV-PSOE CASTELL\u00d3","isPartOf":{"@id":"https:\/\/agrupacionespsoe.es\/castello\/#website"},"primaryImageOfPage":{"@id":"https:\/\/agrupacionespsoe.es\/castello\/ni-gasolinera-ni-mentiras\/#primaryimage"},"image":{"@id":"https:\/\/agrupacionespsoe.es\/castello\/ni-gasolinera-ni-mentiras\/#primaryimage"},"thumbnailUrl":"https:\/\/agrupacionespsoe.es\/castello\/wp-content\/uploads\/sites\/45\/2023\/04\/2.-JOSE-LUIS-LOPEZ-IBANEZ-2-1-scaled.jpg","datePublished":"2023-10-20T10:24:43+00:00","dateModified":"2023-10-20T10:24:44+00:00","breadcrumb":{"@id":"https:\/\/agrupacionespsoe.es\/castello\/ni-gasolinera-ni-mentiras\/#breadcrumb"},"inLanguage":"es","potentialAction":[{"@type":"ReadAction","target":["https:\/\/agrupacionespsoe.es\/castello\/ni-gasolinera-ni-mentiras\/"]}]},{"@type":"ImageObject","inLanguage":"es","@id":"https:\/\/agrupacionespsoe.es\/castello\/ni-gasolinera-ni-mentiras\/#primaryimage","url":"https:\/\/agrupacionespsoe.es\/castello\/wp-content\/uploads\/sites\/45\/2023\/04\/2.-JOSE-LUIS-LOPEZ-IBANEZ-2-1-scaled.jpg","contentUrl":"https:\/\/agrupacionespsoe.es\/castello\/wp-content\/uploads\/sites\/45\/2023\/04\/2.-JOSE-LUIS-LOPEZ-IBANEZ-2-1-scaled.jpg","width":2560,"height":2560},{"@type":"BreadcrumbList","@id":"https:\/\/agrupacionespsoe.es\/castello\/ni-gasolinera-ni-mentiras\/#breadcrumb","itemListElement":[{"@type":"ListItem","position":1,"name":"Portada","item":"https:\/\/agrupacionespsoe.es\/castello\/"},{"@type":"ListItem","position":2,"name":"Ni gasolinera, ni mentiras"}]},{"@type":"WebSite","@id":"https:\/\/agrupacionespsoe.es\/castello\/#website","url":"https:\/\/agrupacionespsoe.es\/castello\/","name":"PSPV-PSOE CASTELL\u00d3","description":"PSPV-PSOE | Agrupaci\u00f3 de Castell\u00f3","publisher":{"@id":"https:\/\/agrupacionespsoe.es\/castello\/#organization"},"potentialAction":[{"@type":"SearchAction","target":{"@type":"EntryPoint","urlTemplate":"https:\/\/agrupacionespsoe.es\/castello\/?s={search_term_string}"},"query-input":{"@type":"PropertyValueSpecification","valueRequired":true,"valueName":"search_term_string"}}],"inLanguage":"es"},{"@type":"Organization","@id":"https:\/\/agrupacionespsoe.es\/castello\/#organization","name":"PSPV-PSOE Castell\u00f3","url":"https:\/\/agrupacionespsoe.es\/castello\/","logo":{"@type":"ImageObject","inLanguage":"es","@id":"https:\/\/agrupacionespsoe.es\/castello\/#\/schema\/logo\/image\/","url":"https:\/\/agrupacionespsoe.es\/castello\/wp-content\/uploads\/sites\/45\/2023\/04\/PORTADA-PSOE-CASTELLO.jpg","contentUrl":"https:\/\/agrupacionespsoe.es\/castello\/wp-content\/uploads\/sites\/45\/2023\/04\/PORTADA-PSOE-CASTELLO.jpg","width":2500,"height":2500,"caption":"PSPV-PSOE Castell\u00f3"},"image":{"@id":"https:\/\/agrupacionespsoe.es\/castello\/#\/schema\/logo\/image\/"},"sameAs":["https:\/\/www.facebook.com\/pspv.castellodelaplana","https:\/\/x.com\/pspv_cs","https:\/\/www.instagram.com\/pspvpsoecastello\/"]},{"@type":"Person","@id":"https:\/\/agrupacionespsoe.es\/castello\/#\/schema\/person\/f3bc5b2f9dc6a399e9e98596ae24a20a","name":"castello1","image":{"@type":"ImageObject","inLanguage":"es","@id":"https:\/\/agrupacionespsoe.es\/castello\/#\/schema\/person\/image\/","url":"https:\/\/secure.gravatar.com\/avatar\/5f1da428d6479d1127419c0b58796865?s=96&d=mm&r=g","contentUrl":"https:\/\/secure.gravatar.com\/avatar\/5f1da428d6479d1127419c0b58796865?s=96&d=mm&r=g","caption":"castello1"},"url":"https:\/\/agrupacionespsoe.es\/castello\/author\/castello1\/"}]}},"jetpack_publicize_connections":[],"jetpack_featured_media_url":"https:\/\/agrupacionespsoe.es\/castello\/wp-content\/uploads\/sites\/45\/2023\/04\/2.-JOSE-LUIS-LOPEZ-IBANEZ-2-1-scaled.jpg","jetpack_sharing_enabled":true,"_links":{"self":[{"href":"https:\/\/agrupacionespsoe.es\/castello\/wp-json\/wp\/v2\/posts\/2888","targetHints":{"allow":["GET"]}}],"collection":[{"href":"https:\/\/agrupacionespsoe.es\/castello\/wp-json\/wp\/v2\/posts"}],"about":[{"href":"https:\/\/agrupacionespsoe.es\/castello\/wp-json\/wp\/v2\/types\/post"}],"author":[{"embeddable":true,"href":"https:\/\/agrupacionespsoe.es\/castello\/wp-json\/wp\/v2\/users\/48"}],"replies":[{"embeddable":true,"href":"https:\/\/agrupacionespsoe.es\/castello\/wp-json\/wp\/v2\/comments?post=2888"}],"version-history":[{"count":1,"href":"https:\/\/agrupacionespsoe.es\/castello\/wp-json\/wp\/v2\/posts\/2888\/revisions"}],"predecessor-version":[{"id":2889,"href":"https:\/\/agrupacionespsoe.es\/castello\/wp-json\/wp\/v2\/posts\/2888\/revisions\/2889"}],"wp:featuredmedia":[{"embeddable":true,"href":"https:\/\/agrupacionespsoe.es\/castello\/wp-json\/wp\/v2\/media\/840"}],"wp:attachment":[{"href":"https:\/\/agrupacionespsoe.es\/castello\/wp-json\/wp\/v2\/media?parent=2888"}],"wp:term":[{"taxonomy":"category","embeddable":true,"href":"https:\/\/agrupacionespsoe.es\/castello\/wp-json\/wp\/v2\/categories?post=2888"},{"taxonomy":"post_tag","embeddable":true,"href":"https:\/\/agrupacionespsoe.es\/castello\/wp-json\/wp\/v2\/tags?post=2888"}],"curies":[{"name":"wp","href":"https:\/\/api.w.org\/{rel}","templated":true}]}}