{"id":2831,"date":"2023-10-11T17:25:33","date_gmt":"2023-10-11T15:25:33","guid":{"rendered":"https:\/\/agrupacionespsoe.es\/castello\/?p=2831"},"modified":"2024-06-19T11:20:42","modified_gmt":"2024-06-19T09:20:42","slug":"el-pspv-critica-la-falta-de-planificacio-de-lajuntament-de-castello-en-desconeixer-quan-tornara-a-obrir-la-platja-canina-al-grau-impulsada-en-2016","status":"publish","type":"post","link":"https:\/\/agrupacionespsoe.es\/castello\/va\/el-pspv-critica-la-falta-de-planificacio-de-lajuntament-de-castello-en-desconeixer-quan-tornara-a-obrir-la-platja-canina-al-grau-impulsada-en-2016\/","title":{"rendered":"El PSPV critica la falta de planificaci\u00f3 de l&#8217;Ajuntament de Castell\u00f3 en descon\u00e9ixer quan tornar\u00e0 a obrir la platja canina al Grau impulsada en 2016"},"content":{"rendered":"\n<p>L&#8217;equip de govern de l&#8217;Ajuntament de Castell\u00f3 \u201cha sigut incapa\u00e7 d&#8217;explicar-nos quan s&#8217;habilitar\u00e0 la platja canina que durant els \u00faltims anys s&#8217;ha obert a la platja de la Pineda del Grau per a \u00fas i gaudi dels usuaris i les mascotes de la ciutat\u201d.<\/p>\n\n\n\n<p>El Grup Municipal Socialista, a trav\u00e9s de les regidores M\u00f3nica Barab\u00e1s i Anunciaci\u00f3 Lainez, va traslladar dimarts passat a la Comissi\u00f3 d&#8217;Estudi de Ciutadania, Participaci\u00f3 i Seguretat una pregunta referida als terminis d&#8217;obertura de la platja canina, \u201cper\u00f2 van ser incapaces de donar una resposta clara malgrat que tots aquests anys s&#8217;ha habilitat a l&#8217;octubre\u201d.<\/p>\n\n\n\n<p>La platja canina va ser habilitada amb un projecte pilot a la tardor de 2016 per part del govern municipal liderat pel PSPV, que ha tingut la seua continu\u00eftat durant els sis anys seg\u00fcents \u201camb gran acceptaci\u00f3 per part dels i les castellonenques\u201d.<br><br>Amb un espai d&#8217;uns 3.500 metres, la platja canina ofereix habitualment una zona d&#8217;esplai en temporada baixa, d&#8217;octubre a mar\u00e7, \u201cper\u00f2 sembla que a l&#8217;actual equip de govern de PP i Vox hi ha altres prioritats per a la ciutadania, com el top\u00f2nim de la ciutat o retornar a la llista de carrers els noms franquistes eliminats pel compliment de la Llei de Mem\u00f2ria Democr\u00e0tica\u201d.<\/p>\n\n\n\n<p>Des del Grup Municipal Socialista s&#8217;ha reclamat al govern local que \u201ces pose les piles i \u00f2briga la platja canina en els pr\u00f2xims dies, perqu\u00e8 s\u00f3n molts els ve\u00efns i ve\u00efnes de Castell\u00f3 que s&#8217;acosten tots els anys per aquestes dates amb les seues mascotes per a poder gaudir d&#8217;aquesta zona d&#8217;esplai al costat de la mar\u201d.<\/p>\n","protected":false},"excerpt":{"rendered":"<p>L&#8217;equip de govern de l&#8217;Ajuntament de Castell\u00f3 \u201cha sigut incapa\u00e7 d&#8217;explicar-nos quan s&#8217;habilitar\u00e0 la platja canina que durant els \u00faltims anys s&#8217;ha obert a la platja de la Pineda del Grau per a \u00fas i gaudi dels usuaris i les mascotes de la ciutat\u201d. El Grup Municipal Socialista, a trav\u00e9s de les regidores M\u00f3nica Barab\u00e1s &#8230;<\/p>\n","protected":false},"author":48,"featured_media":2504,"comment_status":"open","ping_status":"open","sticky":false,"template":"","format":"standard","meta":{"_jetpack_memberships_contains_paid_content":false,"footnotes":"","jetpack_publicize_message":"","jetpack_publicize_feature_enabled":true,"jetpack_social_post_already_shared":false,"jetpack_social_options":{"image_generator_settings":{"template":"highway","default_image_id":0,"font":"","enabled":false},"version":2}},"categories":[22],"tags":[97,109],"class_list":["post-2831","post","type-post","status-publish","format-standard","has-post-thumbnail","hentry","category-gms-va","tag-anun-lainez-va","tag-monica-barabas-va"],"yoast_head":"<!-- This site is optimized with the Yoast SEO plugin v24.0 - https:\/\/yoast.com\/wordpress\/plugins\/seo\/ -->\n<title>El PSPV critica la falta de planificaci\u00f3 de l&#039;Ajuntament de Castell\u00f3 en descon\u00e9ixer quan tornar\u00e0 a obrir la platja canina al Grau impulsada en 2016 - PSPV-PSOE CASTELL\u00d3<\/title>\n<meta name=\"robots\" content=\"index, follow, max-snippet:-1, max-image-preview:large, max-video-preview:-1\" \/>\n<link rel=\"canonical\" href=\"https:\/\/agrupacionespsoe.es\/castello\/va\/el-pspv-critica-la-falta-de-planificacio-de-lajuntament-de-castello-en-desconeixer-quan-tornara-a-obrir-la-platja-canina-al-grau-impulsada-en-2016\/\" \/>\n<meta property=\"og:locale\" content=\"es_ES\" \/>\n<meta property=\"og:type\" content=\"article\" \/>\n<meta property=\"og:title\" content=\"El PSPV critica la falta de planificaci\u00f3 de l&#039;Ajuntament de Castell\u00f3 en descon\u00e9ixer quan tornar\u00e0 a obrir la platja canina al Grau impulsada en 2016 - PSPV-PSOE CASTELL\u00d3\" \/>\n<meta property=\"og:description\" content=\"L&#8217;equip de govern de l&#8217;Ajuntament de Castell\u00f3 \u201cha sigut incapa\u00e7 d&#8217;explicar-nos quan s&#8217;habilitar\u00e0 la platja canina que durant els \u00faltims anys s&#8217;ha obert a la platja de la Pineda del Grau per a \u00fas i gaudi dels usuaris i les mascotes de la ciutat\u201d. El Grup Municipal Socialista, a trav\u00e9s de les regidores M\u00f3nica Barab\u00e1s ...\" \/>\n<meta property=\"og:url\" content=\"https:\/\/agrupacionespsoe.es\/castello\/va\/el-pspv-critica-la-falta-de-planificacio-de-lajuntament-de-castello-en-desconeixer-quan-tornara-a-obrir-la-platja-canina-al-grau-impulsada-en-2016\/\" \/>\n<meta property=\"og:site_name\" content=\"PSPV-PSOE CASTELL\u00d3\" \/>\n<meta property=\"article:publisher\" content=\"https:\/\/www.facebook.com\/pspv.castellodelaplana\" \/>\n<meta property=\"article:published_time\" content=\"2023-10-11T15:25:33+00:00\" \/>\n<meta property=\"article:modified_time\" content=\"2024-06-19T09:20:42+00:00\" \/>\n<meta property=\"og:image\" content=\"https:\/\/agrupacionespsoe.es\/castello\/wp-content\/uploads\/sites\/45\/2023\/09\/20230912-El-PSPV-exige-a-Begona-Carrasco-que-publique-todos-sus-ingresos-tras-volver-a-ocultar-a-la-ciudadania-su-sueldo-como-letrada-en-la-declaracion-de-bienes-del-ayuntamiento-scaled.jpg\" \/>\n\t<meta property=\"og:image:width\" content=\"2560\" \/>\n\t<meta property=\"og:image:height\" content=\"1920\" \/>\n\t<meta property=\"og:image:type\" content=\"image\/jpeg\" \/>\n<meta name=\"author\" content=\"castello1\" \/>\n<meta name=\"twitter:card\" content=\"summary_large_image\" \/>\n<meta name=\"twitter:creator\" content=\"@pspv_cs\" \/>\n<meta name=\"twitter:site\" content=\"@pspv_cs\" \/>\n<meta name=\"twitter:label1\" content=\"Escrito por\" \/>\n\t<meta name=\"twitter:data1\" content=\"castello1\" \/>\n\t<meta name=\"twitter:label2\" content=\"Tiempo de lectura\" \/>\n\t<meta name=\"twitter:data2\" content=\"2 minutos\" \/>\n<script type=\"application\/ld+json\" class=\"yoast-schema-graph\">{\"@context\":\"https:\/\/schema.org\",\"@graph\":[{\"@type\":\"Article\",\"@id\":\"https:\/\/agrupacionespsoe.es\/castello\/va\/el-pspv-critica-la-falta-de-planificacio-de-lajuntament-de-castello-en-desconeixer-quan-tornara-a-obrir-la-platja-canina-al-grau-impulsada-en-2016\/#article\",\"isPartOf\":{\"@id\":\"https:\/\/agrupacionespsoe.es\/castello\/va\/el-pspv-critica-la-falta-de-planificacio-de-lajuntament-de-castello-en-desconeixer-quan-tornara-a-obrir-la-platja-canina-al-grau-impulsada-en-2016\/\"},\"author\":{\"name\":\"castello1\",\"@id\":\"https:\/\/agrupacionespsoe.es\/castello\/#\/schema\/person\/f3bc5b2f9dc6a399e9e98596ae24a20a\"},\"headline\":\"El PSPV critica la falta de planificaci\u00f3 de l&#8217;Ajuntament de Castell\u00f3 en descon\u00e9ixer quan tornar\u00e0 a obrir la platja canina al Grau impulsada en 2016\",\"datePublished\":\"2023-10-11T15:25:33+00:00\",\"dateModified\":\"2024-06-19T09:20:42+00:00\",\"mainEntityOfPage\":{\"@id\":\"https:\/\/agrupacionespsoe.es\/castello\/va\/el-pspv-critica-la-falta-de-planificacio-de-lajuntament-de-castello-en-desconeixer-quan-tornara-a-obrir-la-platja-canina-al-grau-impulsada-en-2016\/\"},\"wordCount\":299,\"commentCount\":0,\"publisher\":{\"@id\":\"https:\/\/agrupacionespsoe.es\/castello\/#organization\"},\"image\":{\"@id\":\"https:\/\/agrupacionespsoe.es\/castello\/va\/el-pspv-critica-la-falta-de-planificacio-de-lajuntament-de-castello-en-desconeixer-quan-tornara-a-obrir-la-platja-canina-al-grau-impulsada-en-2016\/#primaryimage\"},\"thumbnailUrl\":\"https:\/\/agrupacionespsoe.es\/castello\/wp-content\/uploads\/sites\/45\/2023\/09\/20230912-El-PSPV-exige-a-Begona-Carrasco-que-publique-todos-sus-ingresos-tras-volver-a-ocultar-a-la-ciudadania-su-sueldo-como-letrada-en-la-declaracion-de-bienes-del-ayuntamiento-scaled.jpg\",\"keywords\":[\"Anun L\u00e1inez\",\"M\u00f3nica Barab\u00e1s\"],\"articleSection\":[\"Grup Municipal Socialista\"],\"inLanguage\":\"es\",\"potentialAction\":[{\"@type\":\"CommentAction\",\"name\":\"Comment\",\"target\":[\"https:\/\/agrupacionespsoe.es\/castello\/va\/el-pspv-critica-la-falta-de-planificacio-de-lajuntament-de-castello-en-desconeixer-quan-tornara-a-obrir-la-platja-canina-al-grau-impulsada-en-2016\/#respond\"]}]},{\"@type\":\"WebPage\",\"@id\":\"https:\/\/agrupacionespsoe.es\/castello\/va\/el-pspv-critica-la-falta-de-planificacio-de-lajuntament-de-castello-en-desconeixer-quan-tornara-a-obrir-la-platja-canina-al-grau-impulsada-en-2016\/\",\"url\":\"https:\/\/agrupacionespsoe.es\/castello\/va\/el-pspv-critica-la-falta-de-planificacio-de-lajuntament-de-castello-en-desconeixer-quan-tornara-a-obrir-la-platja-canina-al-grau-impulsada-en-2016\/\",\"name\":\"El PSPV critica la falta de planificaci\u00f3 de l'Ajuntament de Castell\u00f3 en descon\u00e9ixer quan tornar\u00e0 a obrir la platja canina al Grau impulsada en 2016 - PSPV-PSOE CASTELL\u00d3\",\"isPartOf\":{\"@id\":\"https:\/\/agrupacionespsoe.es\/castello\/#website\"},\"primaryImageOfPage\":{\"@id\":\"https:\/\/agrupacionespsoe.es\/castello\/va\/el-pspv-critica-la-falta-de-planificacio-de-lajuntament-de-castello-en-desconeixer-quan-tornara-a-obrir-la-platja-canina-al-grau-impulsada-en-2016\/#primaryimage\"},\"image\":{\"@id\":\"https:\/\/agrupacionespsoe.es\/castello\/va\/el-pspv-critica-la-falta-de-planificacio-de-lajuntament-de-castello-en-desconeixer-quan-tornara-a-obrir-la-platja-canina-al-grau-impulsada-en-2016\/#primaryimage\"},\"thumbnailUrl\":\"https:\/\/agrupacionespsoe.es\/castello\/wp-content\/uploads\/sites\/45\/2023\/09\/20230912-El-PSPV-exige-a-Begona-Carrasco-que-publique-todos-sus-ingresos-tras-volver-a-ocultar-a-la-ciudadania-su-sueldo-como-letrada-en-la-declaracion-de-bienes-del-ayuntamiento-scaled.jpg\",\"datePublished\":\"2023-10-11T15:25:33+00:00\",\"dateModified\":\"2024-06-19T09:20:42+00:00\",\"breadcrumb\":{\"@id\":\"https:\/\/agrupacionespsoe.es\/castello\/va\/el-pspv-critica-la-falta-de-planificacio-de-lajuntament-de-castello-en-desconeixer-quan-tornara-a-obrir-la-platja-canina-al-grau-impulsada-en-2016\/#breadcrumb\"},\"inLanguage\":\"es\",\"potentialAction\":[{\"@type\":\"ReadAction\",\"target\":[\"https:\/\/agrupacionespsoe.es\/castello\/va\/el-pspv-critica-la-falta-de-planificacio-de-lajuntament-de-castello-en-desconeixer-quan-tornara-a-obrir-la-platja-canina-al-grau-impulsada-en-2016\/\"]}]},{\"@type\":\"ImageObject\",\"inLanguage\":\"es\",\"@id\":\"https:\/\/agrupacionespsoe.es\/castello\/va\/el-pspv-critica-la-falta-de-planificacio-de-lajuntament-de-castello-en-desconeixer-quan-tornara-a-obrir-la-platja-canina-al-grau-impulsada-en-2016\/#primaryimage\",\"url\":\"https:\/\/agrupacionespsoe.es\/castello\/wp-content\/uploads\/sites\/45\/2023\/09\/20230912-El-PSPV-exige-a-Begona-Carrasco-que-publique-todos-sus-ingresos-tras-volver-a-ocultar-a-la-ciudadania-su-sueldo-como-letrada-en-la-declaracion-de-bienes-del-ayuntamiento-scaled.jpg\",\"contentUrl\":\"https:\/\/agrupacionespsoe.es\/castello\/wp-content\/uploads\/sites\/45\/2023\/09\/20230912-El-PSPV-exige-a-Begona-Carrasco-que-publique-todos-sus-ingresos-tras-volver-a-ocultar-a-la-ciudadania-su-sueldo-como-letrada-en-la-declaracion-de-bienes-del-ayuntamiento-scaled.jpg\",\"width\":2560,\"height\":1920},{\"@type\":\"BreadcrumbList\",\"@id\":\"https:\/\/agrupacionespsoe.es\/castello\/va\/el-pspv-critica-la-falta-de-planificacio-de-lajuntament-de-castello-en-desconeixer-quan-tornara-a-obrir-la-platja-canina-al-grau-impulsada-en-2016\/#breadcrumb\",\"itemListElement\":[{\"@type\":\"ListItem\",\"position\":1,\"name\":\"Portada\",\"item\":\"https:\/\/agrupacionespsoe.es\/castello\/\"},{\"@type\":\"ListItem\",\"position\":2,\"name\":\"El PSPV critica la falta de planificaci\u00f3 de l&#8217;Ajuntament de Castell\u00f3 en descon\u00e9ixer quan tornar\u00e0 a obrir la platja canina al Grau impulsada en 2016\"}]},{\"@type\":\"WebSite\",\"@id\":\"https:\/\/agrupacionespsoe.es\/castello\/#website\",\"url\":\"https:\/\/agrupacionespsoe.es\/castello\/\",\"name\":\"PSPV-PSOE CASTELL\u00d3\",\"description\":\"PSPV-PSOE | Agrupaci\u00f3 de Castell\u00f3\",\"publisher\":{\"@id\":\"https:\/\/agrupacionespsoe.es\/castello\/#organization\"},\"potentialAction\":[{\"@type\":\"SearchAction\",\"target\":{\"@type\":\"EntryPoint\",\"urlTemplate\":\"https:\/\/agrupacionespsoe.es\/castello\/?s={search_term_string}\"},\"query-input\":{\"@type\":\"PropertyValueSpecification\",\"valueRequired\":true,\"valueName\":\"search_term_string\"}}],\"inLanguage\":\"es\"},{\"@type\":\"Organization\",\"@id\":\"https:\/\/agrupacionespsoe.es\/castello\/#organization\",\"name\":\"PSPV-PSOE Castell\u00f3\",\"url\":\"https:\/\/agrupacionespsoe.es\/castello\/\",\"logo\":{\"@type\":\"ImageObject\",\"inLanguage\":\"es\",\"@id\":\"https:\/\/agrupacionespsoe.es\/castello\/#\/schema\/logo\/image\/\",\"url\":\"https:\/\/agrupacionespsoe.es\/castello\/wp-content\/uploads\/sites\/45\/2023\/04\/PORTADA-PSOE-CASTELLO.jpg\",\"contentUrl\":\"https:\/\/agrupacionespsoe.es\/castello\/wp-content\/uploads\/sites\/45\/2023\/04\/PORTADA-PSOE-CASTELLO.jpg\",\"width\":2500,\"height\":2500,\"caption\":\"PSPV-PSOE Castell\u00f3\"},\"image\":{\"@id\":\"https:\/\/agrupacionespsoe.es\/castello\/#\/schema\/logo\/image\/\"},\"sameAs\":[\"https:\/\/www.facebook.com\/pspv.castellodelaplana\",\"https:\/\/x.com\/pspv_cs\",\"https:\/\/www.instagram.com\/pspvpsoecastello\/\"]},{\"@type\":\"Person\",\"@id\":\"https:\/\/agrupacionespsoe.es\/castello\/#\/schema\/person\/f3bc5b2f9dc6a399e9e98596ae24a20a\",\"name\":\"castello1\",\"image\":{\"@type\":\"ImageObject\",\"inLanguage\":\"es\",\"@id\":\"https:\/\/agrupacionespsoe.es\/castello\/#\/schema\/person\/image\/\",\"url\":\"https:\/\/secure.gravatar.com\/avatar\/5f1da428d6479d1127419c0b58796865?s=96&d=mm&r=g\",\"contentUrl\":\"https:\/\/secure.gravatar.com\/avatar\/5f1da428d6479d1127419c0b58796865?s=96&d=mm&r=g\",\"caption\":\"castello1\"},\"url\":\"https:\/\/agrupacionespsoe.es\/castello\/author\/castello1\/\"}]}<\/script>\n<!-- \/ Yoast SEO plugin. -->","yoast_head_json":{"title":"El PSPV critica la falta de planificaci\u00f3 de l'Ajuntament de Castell\u00f3 en descon\u00e9ixer quan tornar\u00e0 a obrir la platja canina al Grau impulsada en 2016 - PSPV-PSOE CASTELL\u00d3","robots":{"index":"index","follow":"follow","max-snippet":"max-snippet:-1","max-image-preview":"max-image-preview:large","max-video-preview":"max-video-preview:-1"},"canonical":"https:\/\/agrupacionespsoe.es\/castello\/va\/el-pspv-critica-la-falta-de-planificacio-de-lajuntament-de-castello-en-desconeixer-quan-tornara-a-obrir-la-platja-canina-al-grau-impulsada-en-2016\/","og_locale":"es_ES","og_type":"article","og_title":"El PSPV critica la falta de planificaci\u00f3 de l'Ajuntament de Castell\u00f3 en descon\u00e9ixer quan tornar\u00e0 a obrir la platja canina al Grau impulsada en 2016 - PSPV-PSOE CASTELL\u00d3","og_description":"L&#8217;equip de govern de l&#8217;Ajuntament de Castell\u00f3 \u201cha sigut incapa\u00e7 d&#8217;explicar-nos quan s&#8217;habilitar\u00e0 la platja canina que durant els \u00faltims anys s&#8217;ha obert a la platja de la Pineda del Grau per a \u00fas i gaudi dels usuaris i les mascotes de la ciutat\u201d. El Grup Municipal Socialista, a trav\u00e9s de les regidores M\u00f3nica Barab\u00e1s ...","og_url":"https:\/\/agrupacionespsoe.es\/castello\/va\/el-pspv-critica-la-falta-de-planificacio-de-lajuntament-de-castello-en-desconeixer-quan-tornara-a-obrir-la-platja-canina-al-grau-impulsada-en-2016\/","og_site_name":"PSPV-PSOE CASTELL\u00d3","article_publisher":"https:\/\/www.facebook.com\/pspv.castellodelaplana","article_published_time":"2023-10-11T15:25:33+00:00","article_modified_time":"2024-06-19T09:20:42+00:00","og_image":[{"width":2560,"height":1920,"url":"https:\/\/agrupacionespsoe.es\/castello\/wp-content\/uploads\/sites\/45\/2023\/09\/20230912-El-PSPV-exige-a-Begona-Carrasco-que-publique-todos-sus-ingresos-tras-volver-a-ocultar-a-la-ciudadania-su-sueldo-como-letrada-en-la-declaracion-de-bienes-del-ayuntamiento-scaled.jpg","type":"image\/jpeg"}],"author":"castello1","twitter_card":"summary_large_image","twitter_creator":"@pspv_cs","twitter_site":"@pspv_cs","twitter_misc":{"Escrito por":"castello1","Tiempo de lectura":"2 minutos"},"schema":{"@context":"https:\/\/schema.org","@graph":[{"@type":"Article","@id":"https:\/\/agrupacionespsoe.es\/castello\/va\/el-pspv-critica-la-falta-de-planificacio-de-lajuntament-de-castello-en-desconeixer-quan-tornara-a-obrir-la-platja-canina-al-grau-impulsada-en-2016\/#article","isPartOf":{"@id":"https:\/\/agrupacionespsoe.es\/castello\/va\/el-pspv-critica-la-falta-de-planificacio-de-lajuntament-de-castello-en-desconeixer-quan-tornara-a-obrir-la-platja-canina-al-grau-impulsada-en-2016\/"},"author":{"name":"castello1","@id":"https:\/\/agrupacionespsoe.es\/castello\/#\/schema\/person\/f3bc5b2f9dc6a399e9e98596ae24a20a"},"headline":"El PSPV critica la falta de planificaci\u00f3 de l&#8217;Ajuntament de Castell\u00f3 en descon\u00e9ixer quan tornar\u00e0 a obrir la platja canina al Grau impulsada en 2016","datePublished":"2023-10-11T15:25:33+00:00","dateModified":"2024-06-19T09:20:42+00:00","mainEntityOfPage":{"@id":"https:\/\/agrupacionespsoe.es\/castello\/va\/el-pspv-critica-la-falta-de-planificacio-de-lajuntament-de-castello-en-desconeixer-quan-tornara-a-obrir-la-platja-canina-al-grau-impulsada-en-2016\/"},"wordCount":299,"commentCount":0,"publisher":{"@id":"https:\/\/agrupacionespsoe.es\/castello\/#organization"},"image":{"@id":"https:\/\/agrupacionespsoe.es\/castello\/va\/el-pspv-critica-la-falta-de-planificacio-de-lajuntament-de-castello-en-desconeixer-quan-tornara-a-obrir-la-platja-canina-al-grau-impulsada-en-2016\/#primaryimage"},"thumbnailUrl":"https:\/\/agrupacionespsoe.es\/castello\/wp-content\/uploads\/sites\/45\/2023\/09\/20230912-El-PSPV-exige-a-Begona-Carrasco-que-publique-todos-sus-ingresos-tras-volver-a-ocultar-a-la-ciudadania-su-sueldo-como-letrada-en-la-declaracion-de-bienes-del-ayuntamiento-scaled.jpg","keywords":["Anun L\u00e1inez","M\u00f3nica Barab\u00e1s"],"articleSection":["Grup Municipal Socialista"],"inLanguage":"es","potentialAction":[{"@type":"CommentAction","name":"Comment","target":["https:\/\/agrupacionespsoe.es\/castello\/va\/el-pspv-critica-la-falta-de-planificacio-de-lajuntament-de-castello-en-desconeixer-quan-tornara-a-obrir-la-platja-canina-al-grau-impulsada-en-2016\/#respond"]}]},{"@type":"WebPage","@id":"https:\/\/agrupacionespsoe.es\/castello\/va\/el-pspv-critica-la-falta-de-planificacio-de-lajuntament-de-castello-en-desconeixer-quan-tornara-a-obrir-la-platja-canina-al-grau-impulsada-en-2016\/","url":"https:\/\/agrupacionespsoe.es\/castello\/va\/el-pspv-critica-la-falta-de-planificacio-de-lajuntament-de-castello-en-desconeixer-quan-tornara-a-obrir-la-platja-canina-al-grau-impulsada-en-2016\/","name":"El PSPV critica la falta de planificaci\u00f3 de l'Ajuntament de Castell\u00f3 en descon\u00e9ixer quan tornar\u00e0 a obrir la platja canina al Grau impulsada en 2016 - PSPV-PSOE CASTELL\u00d3","isPartOf":{"@id":"https:\/\/agrupacionespsoe.es\/castello\/#website"},"primaryImageOfPage":{"@id":"https:\/\/agrupacionespsoe.es\/castello\/va\/el-pspv-critica-la-falta-de-planificacio-de-lajuntament-de-castello-en-desconeixer-quan-tornara-a-obrir-la-platja-canina-al-grau-impulsada-en-2016\/#primaryimage"},"image":{"@id":"https:\/\/agrupacionespsoe.es\/castello\/va\/el-pspv-critica-la-falta-de-planificacio-de-lajuntament-de-castello-en-desconeixer-quan-tornara-a-obrir-la-platja-canina-al-grau-impulsada-en-2016\/#primaryimage"},"thumbnailUrl":"https:\/\/agrupacionespsoe.es\/castello\/wp-content\/uploads\/sites\/45\/2023\/09\/20230912-El-PSPV-exige-a-Begona-Carrasco-que-publique-todos-sus-ingresos-tras-volver-a-ocultar-a-la-ciudadania-su-sueldo-como-letrada-en-la-declaracion-de-bienes-del-ayuntamiento-scaled.jpg","datePublished":"2023-10-11T15:25:33+00:00","dateModified":"2024-06-19T09:20:42+00:00","breadcrumb":{"@id":"https:\/\/agrupacionespsoe.es\/castello\/va\/el-pspv-critica-la-falta-de-planificacio-de-lajuntament-de-castello-en-desconeixer-quan-tornara-a-obrir-la-platja-canina-al-grau-impulsada-en-2016\/#breadcrumb"},"inLanguage":"es","potentialAction":[{"@type":"ReadAction","target":["https:\/\/agrupacionespsoe.es\/castello\/va\/el-pspv-critica-la-falta-de-planificacio-de-lajuntament-de-castello-en-desconeixer-quan-tornara-a-obrir-la-platja-canina-al-grau-impulsada-en-2016\/"]}]},{"@type":"ImageObject","inLanguage":"es","@id":"https:\/\/agrupacionespsoe.es\/castello\/va\/el-pspv-critica-la-falta-de-planificacio-de-lajuntament-de-castello-en-desconeixer-quan-tornara-a-obrir-la-platja-canina-al-grau-impulsada-en-2016\/#primaryimage","url":"https:\/\/agrupacionespsoe.es\/castello\/wp-content\/uploads\/sites\/45\/2023\/09\/20230912-El-PSPV-exige-a-Begona-Carrasco-que-publique-todos-sus-ingresos-tras-volver-a-ocultar-a-la-ciudadania-su-sueldo-como-letrada-en-la-declaracion-de-bienes-del-ayuntamiento-scaled.jpg","contentUrl":"https:\/\/agrupacionespsoe.es\/castello\/wp-content\/uploads\/sites\/45\/2023\/09\/20230912-El-PSPV-exige-a-Begona-Carrasco-que-publique-todos-sus-ingresos-tras-volver-a-ocultar-a-la-ciudadania-su-sueldo-como-letrada-en-la-declaracion-de-bienes-del-ayuntamiento-scaled.jpg","width":2560,"height":1920},{"@type":"BreadcrumbList","@id":"https:\/\/agrupacionespsoe.es\/castello\/va\/el-pspv-critica-la-falta-de-planificacio-de-lajuntament-de-castello-en-desconeixer-quan-tornara-a-obrir-la-platja-canina-al-grau-impulsada-en-2016\/#breadcrumb","itemListElement":[{"@type":"ListItem","position":1,"name":"Portada","item":"https:\/\/agrupacionespsoe.es\/castello\/"},{"@type":"ListItem","position":2,"name":"El PSPV critica la falta de planificaci\u00f3 de l&#8217;Ajuntament de Castell\u00f3 en descon\u00e9ixer quan tornar\u00e0 a obrir la platja canina al Grau impulsada en 2016"}]},{"@type":"WebSite","@id":"https:\/\/agrupacionespsoe.es\/castello\/#website","url":"https:\/\/agrupacionespsoe.es\/castello\/","name":"PSPV-PSOE CASTELL\u00d3","description":"PSPV-PSOE | Agrupaci\u00f3 de Castell\u00f3","publisher":{"@id":"https:\/\/agrupacionespsoe.es\/castello\/#organization"},"potentialAction":[{"@type":"SearchAction","target":{"@type":"EntryPoint","urlTemplate":"https:\/\/agrupacionespsoe.es\/castello\/?s={search_term_string}"},"query-input":{"@type":"PropertyValueSpecification","valueRequired":true,"valueName":"search_term_string"}}],"inLanguage":"es"},{"@type":"Organization","@id":"https:\/\/agrupacionespsoe.es\/castello\/#organization","name":"PSPV-PSOE Castell\u00f3","url":"https:\/\/agrupacionespsoe.es\/castello\/","logo":{"@type":"ImageObject","inLanguage":"es","@id":"https:\/\/agrupacionespsoe.es\/castello\/#\/schema\/logo\/image\/","url":"https:\/\/agrupacionespsoe.es\/castello\/wp-content\/uploads\/sites\/45\/2023\/04\/PORTADA-PSOE-CASTELLO.jpg","contentUrl":"https:\/\/agrupacionespsoe.es\/castello\/wp-content\/uploads\/sites\/45\/2023\/04\/PORTADA-PSOE-CASTELLO.jpg","width":2500,"height":2500,"caption":"PSPV-PSOE Castell\u00f3"},"image":{"@id":"https:\/\/agrupacionespsoe.es\/castello\/#\/schema\/logo\/image\/"},"sameAs":["https:\/\/www.facebook.com\/pspv.castellodelaplana","https:\/\/x.com\/pspv_cs","https:\/\/www.instagram.com\/pspvpsoecastello\/"]},{"@type":"Person","@id":"https:\/\/agrupacionespsoe.es\/castello\/#\/schema\/person\/f3bc5b2f9dc6a399e9e98596ae24a20a","name":"castello1","image":{"@type":"ImageObject","inLanguage":"es","@id":"https:\/\/agrupacionespsoe.es\/castello\/#\/schema\/person\/image\/","url":"https:\/\/secure.gravatar.com\/avatar\/5f1da428d6479d1127419c0b58796865?s=96&d=mm&r=g","contentUrl":"https:\/\/secure.gravatar.com\/avatar\/5f1da428d6479d1127419c0b58796865?s=96&d=mm&r=g","caption":"castello1"},"url":"https:\/\/agrupacionespsoe.es\/castello\/author\/castello1\/"}]}},"jetpack_publicize_connections":[],"jetpack_featured_media_url":"https:\/\/agrupacionespsoe.es\/castello\/wp-content\/uploads\/sites\/45\/2023\/09\/20230912-El-PSPV-exige-a-Begona-Carrasco-que-publique-todos-sus-ingresos-tras-volver-a-ocultar-a-la-ciudadania-su-sueldo-como-letrada-en-la-declaracion-de-bienes-del-ayuntamiento-scaled.jpg","jetpack_sharing_enabled":true,"_links":{"self":[{"href":"https:\/\/agrupacionespsoe.es\/castello\/wp-json\/wp\/v2\/posts\/2831","targetHints":{"allow":["GET"]}}],"collection":[{"href":"https:\/\/agrupacionespsoe.es\/castello\/wp-json\/wp\/v2\/posts"}],"about":[{"href":"https:\/\/agrupacionespsoe.es\/castello\/wp-json\/wp\/v2\/types\/post"}],"author":[{"embeddable":true,"href":"https:\/\/agrupacionespsoe.es\/castello\/wp-json\/wp\/v2\/users\/48"}],"replies":[{"embeddable":true,"href":"https:\/\/agrupacionespsoe.es\/castello\/wp-json\/wp\/v2\/comments?post=2831"}],"version-history":[{"count":3,"href":"https:\/\/agrupacionespsoe.es\/castello\/wp-json\/wp\/v2\/posts\/2831\/revisions"}],"predecessor-version":[{"id":2920,"href":"https:\/\/agrupacionespsoe.es\/castello\/wp-json\/wp\/v2\/posts\/2831\/revisions\/2920"}],"wp:featuredmedia":[{"embeddable":true,"href":"https:\/\/agrupacionespsoe.es\/castello\/wp-json\/wp\/v2\/media\/2504"}],"wp:attachment":[{"href":"https:\/\/agrupacionespsoe.es\/castello\/wp-json\/wp\/v2\/media?parent=2831"}],"wp:term":[{"taxonomy":"category","embeddable":true,"href":"https:\/\/agrupacionespsoe.es\/castello\/wp-json\/wp\/v2\/categories?post=2831"},{"taxonomy":"post_tag","embeddable":true,"href":"https:\/\/agrupacionespsoe.es\/castello\/wp-json\/wp\/v2\/tags?post=2831"}],"curies":[{"name":"wp","href":"https:\/\/api.w.org\/{rel}","templated":true}]}}