{"id":2813,"date":"2023-10-10T17:11:29","date_gmt":"2023-10-10T15:11:29","guid":{"rendered":"https:\/\/agrupacionespsoe.es\/castello\/?p=2813"},"modified":"2024-06-19T11:20:42","modified_gmt":"2024-06-19T09:20:42","slug":"el-pspv-es-reuneix-amb-ugt-per-a-treballar-de-la-ma-en-les-reivindicacions-laborals-de-la-policia-local-els-agents-de-mobilitat-i-els-bombers-municipals-a-lajuntament-de-castello","status":"publish","type":"post","link":"https:\/\/agrupacionespsoe.es\/castello\/va\/el-pspv-es-reuneix-amb-ugt-per-a-treballar-de-la-ma-en-les-reivindicacions-laborals-de-la-policia-local-els-agents-de-mobilitat-i-els-bombers-municipals-a-lajuntament-de-castello\/","title":{"rendered":"El PSPV es reuneix amb UGT per a treballar de la m\u00e0 en les reivindicacions laborals de la Policia Local, els agents de mobilitat i els bombers municipals a l&#8217;Ajuntament de Castell\u00f3"},"content":{"rendered":"\n<p>Representants del Grup Municipal Socialista de l&#8217;Ajuntament de Castell\u00f3 i de la Uni\u00f3 General de Treballadores i Treballadors (UGT) han mantingut una reuni\u00f3 en la seu del sindicat en la capital de la Plana per a analitzar la situaci\u00f3 laboral dels agents de la Policia Local, els Agents de Mobilitat Urbana (AMU) i els bombers municipals.<\/p>\n\n\n\n<p>Les regidores socialistes Anunciaci\u00f3n Lainez i M\u00f3nica Barab\u00e1s han traslladat tot el seu suport a les seues reivindicacions, a m\u00e9s de subratllar que \u201cestarem al corrent de tot el que s&#8217;ha de desenvolupar en la creaci\u00f3 de places i en el proc\u00e9s d&#8217;estabilitzaci\u00f3 perqu\u00e8 ja hi ha un treball que va iniciar aquests anys l&#8217;equip de govern liderat pel PSPV\u201d, ha assenyalat Anunciaci\u00f3n Lainez.<\/p>\n\n\n\n<p>Des del sindicat UGT els seus representants han recordat que la plantilla d\u2019AMU es va posar en marxa en 2006 amb un total de 45 places \u201cper\u00f2 segueixen al carrer sense estar equiparats a uns altres de similars caracter\u00edstiques a nivell nacional, d&#8217;aqu\u00ed ve que reclamen passar a la categoria de c2\u201d. Sobre aquest tema, M\u00f3nica Barab\u00e1s, que va ser Responsable de Recursos Humans aquests \u00faltims quatre anys, ha recordat que ja estava en marxa l&#8217;elaboraci\u00f3 d&#8217;un informe de valoraci\u00f3\u201d.<\/p>\n\n\n\n<p>Pel que respecta a la Policia Local, des de l&#8217;organitzaci\u00f3 sindical han advertit que hi ha pendents diverses jubilacions per a 2024, d&#8217;aqu\u00ed ve que siga necessari treballar ja per a crear noves places. De la mateixa manera, es reclama que es cobrisca la RPT referida al cos de bombers. A aix\u00f2 s&#8217;uneix un ampli llistat de professionals que poden jubilar-se a curt termini, per la qual cosa tamb\u00e9 cal treballar de cara al futur sobre la situaci\u00f3 de la plantilla.<\/p>\n\n\n\n<p>Sobre aquest tema, les dues regidores socialistes, han traslladat als i les representants d&#8217;UGT que el PSPV ser\u00e0 \u201creivindicatiu\u201d amb totes les necessitats laborals de la policia local, els agents de mobilitat urbana i els bombers. El primer pas en aquest sentit ser\u00e0 \u201cveure com es negocien els pressupostos municipals, perqu\u00e8 ens temem ja que es plantegen una congelaci\u00f3 de salaris\u201d, han assenyalat Lainez i Barab\u00e1s.<\/p>\n","protected":false},"excerpt":{"rendered":"<p>Representants del Grup Municipal Socialista de l&#8217;Ajuntament de Castell\u00f3 i de la Uni\u00f3 General de Treballadores i Treballadors (UGT) han mantingut una reuni\u00f3 en la seu del sindicat en la capital de la Plana per a analitzar la situaci\u00f3 laboral dels agents de la Policia Local, els Agents de Mobilitat Urbana (AMU) i els bombers &#8230;<\/p>\n","protected":false},"author":48,"featured_media":2810,"comment_status":"open","ping_status":"open","sticky":false,"template":"","format":"standard","meta":{"_jetpack_memberships_contains_paid_content":false,"footnotes":"","jetpack_publicize_message":"","jetpack_publicize_feature_enabled":true,"jetpack_social_post_already_shared":false,"jetpack_social_options":{"image_generator_settings":{"template":"highway","default_image_id":0,"font":"","enabled":false},"version":2}},"categories":[22],"tags":[97,109],"class_list":["post-2813","post","type-post","status-publish","format-standard","has-post-thumbnail","hentry","category-gms-va","tag-anun-lainez-va","tag-monica-barabas-va"],"yoast_head":"<!-- This site is optimized with the Yoast SEO plugin v24.0 - https:\/\/yoast.com\/wordpress\/plugins\/seo\/ -->\n<title>El PSPV es reuneix amb UGT per a treballar de la m\u00e0 en les reivindicacions laborals de la Policia Local, els agents de mobilitat i els bombers municipals a l&#039;Ajuntament de Castell\u00f3 - PSPV-PSOE CASTELL\u00d3<\/title>\n<meta name=\"robots\" content=\"index, follow, max-snippet:-1, max-image-preview:large, max-video-preview:-1\" \/>\n<link rel=\"canonical\" href=\"https:\/\/agrupacionespsoe.es\/castello\/va\/el-pspv-es-reuneix-amb-ugt-per-a-treballar-de-la-ma-en-les-reivindicacions-laborals-de-la-policia-local-els-agents-de-mobilitat-i-els-bombers-municipals-a-lajuntament-de-castello\/\" \/>\n<meta property=\"og:locale\" content=\"es_ES\" \/>\n<meta property=\"og:type\" content=\"article\" \/>\n<meta property=\"og:title\" content=\"El PSPV es reuneix amb UGT per a treballar de la m\u00e0 en les reivindicacions laborals de la Policia Local, els agents de mobilitat i els bombers municipals a l&#039;Ajuntament de Castell\u00f3 - PSPV-PSOE CASTELL\u00d3\" \/>\n<meta property=\"og:description\" content=\"Representants del Grup Municipal Socialista de l&#8217;Ajuntament de Castell\u00f3 i de la Uni\u00f3 General de Treballadores i Treballadors (UGT) han mantingut una reuni\u00f3 en la seu del sindicat en la capital de la Plana per a analitzar la situaci\u00f3 laboral dels agents de la Policia Local, els Agents de Mobilitat Urbana (AMU) i els bombers ...\" \/>\n<meta property=\"og:url\" content=\"https:\/\/agrupacionespsoe.es\/castello\/va\/el-pspv-es-reuneix-amb-ugt-per-a-treballar-de-la-ma-en-les-reivindicacions-laborals-de-la-policia-local-els-agents-de-mobilitat-i-els-bombers-municipals-a-lajuntament-de-castello\/\" \/>\n<meta property=\"og:site_name\" content=\"PSPV-PSOE CASTELL\u00d3\" \/>\n<meta property=\"article:publisher\" content=\"https:\/\/www.facebook.com\/pspv.castellodelaplana\" \/>\n<meta property=\"article:published_time\" content=\"2023-10-10T15:11:29+00:00\" \/>\n<meta property=\"article:modified_time\" content=\"2024-06-19T09:20:42+00:00\" \/>\n<meta property=\"og:image\" content=\"https:\/\/agrupacionespsoe.es\/castello\/wp-content\/uploads\/sites\/45\/2023\/10\/20231010-El-PSPV-se-reune-con-UGT-para-trabajar-de-la-mano-en-las-reivindicaciones-laborales-de-la-Policia-Local-los-agentes-de-movilidad-y-los-bomberos-scaled.jpg\" \/>\n\t<meta property=\"og:image:width\" content=\"2560\" \/>\n\t<meta property=\"og:image:height\" content=\"1920\" \/>\n\t<meta property=\"og:image:type\" content=\"image\/jpeg\" \/>\n<meta name=\"author\" content=\"castello1\" \/>\n<meta name=\"twitter:card\" content=\"summary_large_image\" \/>\n<meta name=\"twitter:creator\" content=\"@pspv_cs\" \/>\n<meta name=\"twitter:site\" content=\"@pspv_cs\" \/>\n<meta name=\"twitter:label1\" content=\"Escrito por\" \/>\n\t<meta name=\"twitter:data1\" content=\"castello1\" \/>\n\t<meta name=\"twitter:label2\" content=\"Tiempo de lectura\" \/>\n\t<meta name=\"twitter:data2\" content=\"2 minutos\" \/>\n<script type=\"application\/ld+json\" class=\"yoast-schema-graph\">{\"@context\":\"https:\/\/schema.org\",\"@graph\":[{\"@type\":\"Article\",\"@id\":\"https:\/\/agrupacionespsoe.es\/castello\/va\/el-pspv-es-reuneix-amb-ugt-per-a-treballar-de-la-ma-en-les-reivindicacions-laborals-de-la-policia-local-els-agents-de-mobilitat-i-els-bombers-municipals-a-lajuntament-de-castello\/#article\",\"isPartOf\":{\"@id\":\"https:\/\/agrupacionespsoe.es\/castello\/va\/el-pspv-es-reuneix-amb-ugt-per-a-treballar-de-la-ma-en-les-reivindicacions-laborals-de-la-policia-local-els-agents-de-mobilitat-i-els-bombers-municipals-a-lajuntament-de-castello\/\"},\"author\":{\"name\":\"castello1\",\"@id\":\"https:\/\/agrupacionespsoe.es\/castello\/#\/schema\/person\/f3bc5b2f9dc6a399e9e98596ae24a20a\"},\"headline\":\"El PSPV es reuneix amb UGT per a treballar de la m\u00e0 en les reivindicacions laborals de la Policia Local, els agents de mobilitat i els bombers municipals a l&#8217;Ajuntament de Castell\u00f3\",\"datePublished\":\"2023-10-10T15:11:29+00:00\",\"dateModified\":\"2024-06-19T09:20:42+00:00\",\"mainEntityOfPage\":{\"@id\":\"https:\/\/agrupacionespsoe.es\/castello\/va\/el-pspv-es-reuneix-amb-ugt-per-a-treballar-de-la-ma-en-les-reivindicacions-laborals-de-la-policia-local-els-agents-de-mobilitat-i-els-bombers-municipals-a-lajuntament-de-castello\/\"},\"wordCount\":387,\"commentCount\":0,\"publisher\":{\"@id\":\"https:\/\/agrupacionespsoe.es\/castello\/#organization\"},\"image\":{\"@id\":\"https:\/\/agrupacionespsoe.es\/castello\/va\/el-pspv-es-reuneix-amb-ugt-per-a-treballar-de-la-ma-en-les-reivindicacions-laborals-de-la-policia-local-els-agents-de-mobilitat-i-els-bombers-municipals-a-lajuntament-de-castello\/#primaryimage\"},\"thumbnailUrl\":\"https:\/\/agrupacionespsoe.es\/castello\/wp-content\/uploads\/sites\/45\/2023\/10\/20231010-El-PSPV-se-reune-con-UGT-para-trabajar-de-la-mano-en-las-reivindicaciones-laborales-de-la-Policia-Local-los-agentes-de-movilidad-y-los-bomberos-scaled.jpg\",\"keywords\":[\"Anun L\u00e1inez\",\"M\u00f3nica Barab\u00e1s\"],\"articleSection\":[\"Grup Municipal Socialista\"],\"inLanguage\":\"es\",\"potentialAction\":[{\"@type\":\"CommentAction\",\"name\":\"Comment\",\"target\":[\"https:\/\/agrupacionespsoe.es\/castello\/va\/el-pspv-es-reuneix-amb-ugt-per-a-treballar-de-la-ma-en-les-reivindicacions-laborals-de-la-policia-local-els-agents-de-mobilitat-i-els-bombers-municipals-a-lajuntament-de-castello\/#respond\"]}]},{\"@type\":\"WebPage\",\"@id\":\"https:\/\/agrupacionespsoe.es\/castello\/va\/el-pspv-es-reuneix-amb-ugt-per-a-treballar-de-la-ma-en-les-reivindicacions-laborals-de-la-policia-local-els-agents-de-mobilitat-i-els-bombers-municipals-a-lajuntament-de-castello\/\",\"url\":\"https:\/\/agrupacionespsoe.es\/castello\/va\/el-pspv-es-reuneix-amb-ugt-per-a-treballar-de-la-ma-en-les-reivindicacions-laborals-de-la-policia-local-els-agents-de-mobilitat-i-els-bombers-municipals-a-lajuntament-de-castello\/\",\"name\":\"El PSPV es reuneix amb UGT per a treballar de la m\u00e0 en les reivindicacions laborals de la Policia Local, els agents de mobilitat i els bombers municipals a l'Ajuntament de Castell\u00f3 - PSPV-PSOE CASTELL\u00d3\",\"isPartOf\":{\"@id\":\"https:\/\/agrupacionespsoe.es\/castello\/#website\"},\"primaryImageOfPage\":{\"@id\":\"https:\/\/agrupacionespsoe.es\/castello\/va\/el-pspv-es-reuneix-amb-ugt-per-a-treballar-de-la-ma-en-les-reivindicacions-laborals-de-la-policia-local-els-agents-de-mobilitat-i-els-bombers-municipals-a-lajuntament-de-castello\/#primaryimage\"},\"image\":{\"@id\":\"https:\/\/agrupacionespsoe.es\/castello\/va\/el-pspv-es-reuneix-amb-ugt-per-a-treballar-de-la-ma-en-les-reivindicacions-laborals-de-la-policia-local-els-agents-de-mobilitat-i-els-bombers-municipals-a-lajuntament-de-castello\/#primaryimage\"},\"thumbnailUrl\":\"https:\/\/agrupacionespsoe.es\/castello\/wp-content\/uploads\/sites\/45\/2023\/10\/20231010-El-PSPV-se-reune-con-UGT-para-trabajar-de-la-mano-en-las-reivindicaciones-laborales-de-la-Policia-Local-los-agentes-de-movilidad-y-los-bomberos-scaled.jpg\",\"datePublished\":\"2023-10-10T15:11:29+00:00\",\"dateModified\":\"2024-06-19T09:20:42+00:00\",\"breadcrumb\":{\"@id\":\"https:\/\/agrupacionespsoe.es\/castello\/va\/el-pspv-es-reuneix-amb-ugt-per-a-treballar-de-la-ma-en-les-reivindicacions-laborals-de-la-policia-local-els-agents-de-mobilitat-i-els-bombers-municipals-a-lajuntament-de-castello\/#breadcrumb\"},\"inLanguage\":\"es\",\"potentialAction\":[{\"@type\":\"ReadAction\",\"target\":[\"https:\/\/agrupacionespsoe.es\/castello\/va\/el-pspv-es-reuneix-amb-ugt-per-a-treballar-de-la-ma-en-les-reivindicacions-laborals-de-la-policia-local-els-agents-de-mobilitat-i-els-bombers-municipals-a-lajuntament-de-castello\/\"]}]},{\"@type\":\"ImageObject\",\"inLanguage\":\"es\",\"@id\":\"https:\/\/agrupacionespsoe.es\/castello\/va\/el-pspv-es-reuneix-amb-ugt-per-a-treballar-de-la-ma-en-les-reivindicacions-laborals-de-la-policia-local-els-agents-de-mobilitat-i-els-bombers-municipals-a-lajuntament-de-castello\/#primaryimage\",\"url\":\"https:\/\/agrupacionespsoe.es\/castello\/wp-content\/uploads\/sites\/45\/2023\/10\/20231010-El-PSPV-se-reune-con-UGT-para-trabajar-de-la-mano-en-las-reivindicaciones-laborales-de-la-Policia-Local-los-agentes-de-movilidad-y-los-bomberos-scaled.jpg\",\"contentUrl\":\"https:\/\/agrupacionespsoe.es\/castello\/wp-content\/uploads\/sites\/45\/2023\/10\/20231010-El-PSPV-se-reune-con-UGT-para-trabajar-de-la-mano-en-las-reivindicaciones-laborales-de-la-Policia-Local-los-agentes-de-movilidad-y-los-bomberos-scaled.jpg\",\"width\":2560,\"height\":1920},{\"@type\":\"BreadcrumbList\",\"@id\":\"https:\/\/agrupacionespsoe.es\/castello\/va\/el-pspv-es-reuneix-amb-ugt-per-a-treballar-de-la-ma-en-les-reivindicacions-laborals-de-la-policia-local-els-agents-de-mobilitat-i-els-bombers-municipals-a-lajuntament-de-castello\/#breadcrumb\",\"itemListElement\":[{\"@type\":\"ListItem\",\"position\":1,\"name\":\"Portada\",\"item\":\"https:\/\/agrupacionespsoe.es\/castello\/\"},{\"@type\":\"ListItem\",\"position\":2,\"name\":\"El PSPV es reuneix amb UGT per a treballar de la m\u00e0 en les reivindicacions laborals de la Policia Local, els agents de mobilitat i els bombers municipals a l&#8217;Ajuntament de Castell\u00f3\"}]},{\"@type\":\"WebSite\",\"@id\":\"https:\/\/agrupacionespsoe.es\/castello\/#website\",\"url\":\"https:\/\/agrupacionespsoe.es\/castello\/\",\"name\":\"PSPV-PSOE CASTELL\u00d3\",\"description\":\"PSPV-PSOE | Agrupaci\u00f3 de Castell\u00f3\",\"publisher\":{\"@id\":\"https:\/\/agrupacionespsoe.es\/castello\/#organization\"},\"potentialAction\":[{\"@type\":\"SearchAction\",\"target\":{\"@type\":\"EntryPoint\",\"urlTemplate\":\"https:\/\/agrupacionespsoe.es\/castello\/?s={search_term_string}\"},\"query-input\":{\"@type\":\"PropertyValueSpecification\",\"valueRequired\":true,\"valueName\":\"search_term_string\"}}],\"inLanguage\":\"es\"},{\"@type\":\"Organization\",\"@id\":\"https:\/\/agrupacionespsoe.es\/castello\/#organization\",\"name\":\"PSPV-PSOE Castell\u00f3\",\"url\":\"https:\/\/agrupacionespsoe.es\/castello\/\",\"logo\":{\"@type\":\"ImageObject\",\"inLanguage\":\"es\",\"@id\":\"https:\/\/agrupacionespsoe.es\/castello\/#\/schema\/logo\/image\/\",\"url\":\"https:\/\/agrupacionespsoe.es\/castello\/wp-content\/uploads\/sites\/45\/2023\/04\/PORTADA-PSOE-CASTELLO.jpg\",\"contentUrl\":\"https:\/\/agrupacionespsoe.es\/castello\/wp-content\/uploads\/sites\/45\/2023\/04\/PORTADA-PSOE-CASTELLO.jpg\",\"width\":2500,\"height\":2500,\"caption\":\"PSPV-PSOE Castell\u00f3\"},\"image\":{\"@id\":\"https:\/\/agrupacionespsoe.es\/castello\/#\/schema\/logo\/image\/\"},\"sameAs\":[\"https:\/\/www.facebook.com\/pspv.castellodelaplana\",\"https:\/\/x.com\/pspv_cs\",\"https:\/\/www.instagram.com\/pspvpsoecastello\/\"]},{\"@type\":\"Person\",\"@id\":\"https:\/\/agrupacionespsoe.es\/castello\/#\/schema\/person\/f3bc5b2f9dc6a399e9e98596ae24a20a\",\"name\":\"castello1\",\"image\":{\"@type\":\"ImageObject\",\"inLanguage\":\"es\",\"@id\":\"https:\/\/agrupacionespsoe.es\/castello\/#\/schema\/person\/image\/\",\"url\":\"https:\/\/secure.gravatar.com\/avatar\/5f1da428d6479d1127419c0b58796865?s=96&d=mm&r=g\",\"contentUrl\":\"https:\/\/secure.gravatar.com\/avatar\/5f1da428d6479d1127419c0b58796865?s=96&d=mm&r=g\",\"caption\":\"castello1\"},\"url\":\"https:\/\/agrupacionespsoe.es\/castello\/author\/castello1\/\"}]}<\/script>\n<!-- \/ Yoast SEO plugin. -->","yoast_head_json":{"title":"El PSPV es reuneix amb UGT per a treballar de la m\u00e0 en les reivindicacions laborals de la Policia Local, els agents de mobilitat i els bombers municipals a l'Ajuntament de Castell\u00f3 - PSPV-PSOE CASTELL\u00d3","robots":{"index":"index","follow":"follow","max-snippet":"max-snippet:-1","max-image-preview":"max-image-preview:large","max-video-preview":"max-video-preview:-1"},"canonical":"https:\/\/agrupacionespsoe.es\/castello\/va\/el-pspv-es-reuneix-amb-ugt-per-a-treballar-de-la-ma-en-les-reivindicacions-laborals-de-la-policia-local-els-agents-de-mobilitat-i-els-bombers-municipals-a-lajuntament-de-castello\/","og_locale":"es_ES","og_type":"article","og_title":"El PSPV es reuneix amb UGT per a treballar de la m\u00e0 en les reivindicacions laborals de la Policia Local, els agents de mobilitat i els bombers municipals a l'Ajuntament de Castell\u00f3 - PSPV-PSOE CASTELL\u00d3","og_description":"Representants del Grup Municipal Socialista de l&#8217;Ajuntament de Castell\u00f3 i de la Uni\u00f3 General de Treballadores i Treballadors (UGT) han mantingut una reuni\u00f3 en la seu del sindicat en la capital de la Plana per a analitzar la situaci\u00f3 laboral dels agents de la Policia Local, els Agents de Mobilitat Urbana (AMU) i els bombers ...","og_url":"https:\/\/agrupacionespsoe.es\/castello\/va\/el-pspv-es-reuneix-amb-ugt-per-a-treballar-de-la-ma-en-les-reivindicacions-laborals-de-la-policia-local-els-agents-de-mobilitat-i-els-bombers-municipals-a-lajuntament-de-castello\/","og_site_name":"PSPV-PSOE CASTELL\u00d3","article_publisher":"https:\/\/www.facebook.com\/pspv.castellodelaplana","article_published_time":"2023-10-10T15:11:29+00:00","article_modified_time":"2024-06-19T09:20:42+00:00","og_image":[{"width":2560,"height":1920,"url":"https:\/\/agrupacionespsoe.es\/castello\/wp-content\/uploads\/sites\/45\/2023\/10\/20231010-El-PSPV-se-reune-con-UGT-para-trabajar-de-la-mano-en-las-reivindicaciones-laborales-de-la-Policia-Local-los-agentes-de-movilidad-y-los-bomberos-scaled.jpg","type":"image\/jpeg"}],"author":"castello1","twitter_card":"summary_large_image","twitter_creator":"@pspv_cs","twitter_site":"@pspv_cs","twitter_misc":{"Escrito por":"castello1","Tiempo de lectura":"2 minutos"},"schema":{"@context":"https:\/\/schema.org","@graph":[{"@type":"Article","@id":"https:\/\/agrupacionespsoe.es\/castello\/va\/el-pspv-es-reuneix-amb-ugt-per-a-treballar-de-la-ma-en-les-reivindicacions-laborals-de-la-policia-local-els-agents-de-mobilitat-i-els-bombers-municipals-a-lajuntament-de-castello\/#article","isPartOf":{"@id":"https:\/\/agrupacionespsoe.es\/castello\/va\/el-pspv-es-reuneix-amb-ugt-per-a-treballar-de-la-ma-en-les-reivindicacions-laborals-de-la-policia-local-els-agents-de-mobilitat-i-els-bombers-municipals-a-lajuntament-de-castello\/"},"author":{"name":"castello1","@id":"https:\/\/agrupacionespsoe.es\/castello\/#\/schema\/person\/f3bc5b2f9dc6a399e9e98596ae24a20a"},"headline":"El PSPV es reuneix amb UGT per a treballar de la m\u00e0 en les reivindicacions laborals de la Policia Local, els agents de mobilitat i els bombers municipals a l&#8217;Ajuntament de Castell\u00f3","datePublished":"2023-10-10T15:11:29+00:00","dateModified":"2024-06-19T09:20:42+00:00","mainEntityOfPage":{"@id":"https:\/\/agrupacionespsoe.es\/castello\/va\/el-pspv-es-reuneix-amb-ugt-per-a-treballar-de-la-ma-en-les-reivindicacions-laborals-de-la-policia-local-els-agents-de-mobilitat-i-els-bombers-municipals-a-lajuntament-de-castello\/"},"wordCount":387,"commentCount":0,"publisher":{"@id":"https:\/\/agrupacionespsoe.es\/castello\/#organization"},"image":{"@id":"https:\/\/agrupacionespsoe.es\/castello\/va\/el-pspv-es-reuneix-amb-ugt-per-a-treballar-de-la-ma-en-les-reivindicacions-laborals-de-la-policia-local-els-agents-de-mobilitat-i-els-bombers-municipals-a-lajuntament-de-castello\/#primaryimage"},"thumbnailUrl":"https:\/\/agrupacionespsoe.es\/castello\/wp-content\/uploads\/sites\/45\/2023\/10\/20231010-El-PSPV-se-reune-con-UGT-para-trabajar-de-la-mano-en-las-reivindicaciones-laborales-de-la-Policia-Local-los-agentes-de-movilidad-y-los-bomberos-scaled.jpg","keywords":["Anun L\u00e1inez","M\u00f3nica Barab\u00e1s"],"articleSection":["Grup Municipal Socialista"],"inLanguage":"es","potentialAction":[{"@type":"CommentAction","name":"Comment","target":["https:\/\/agrupacionespsoe.es\/castello\/va\/el-pspv-es-reuneix-amb-ugt-per-a-treballar-de-la-ma-en-les-reivindicacions-laborals-de-la-policia-local-els-agents-de-mobilitat-i-els-bombers-municipals-a-lajuntament-de-castello\/#respond"]}]},{"@type":"WebPage","@id":"https:\/\/agrupacionespsoe.es\/castello\/va\/el-pspv-es-reuneix-amb-ugt-per-a-treballar-de-la-ma-en-les-reivindicacions-laborals-de-la-policia-local-els-agents-de-mobilitat-i-els-bombers-municipals-a-lajuntament-de-castello\/","url":"https:\/\/agrupacionespsoe.es\/castello\/va\/el-pspv-es-reuneix-amb-ugt-per-a-treballar-de-la-ma-en-les-reivindicacions-laborals-de-la-policia-local-els-agents-de-mobilitat-i-els-bombers-municipals-a-lajuntament-de-castello\/","name":"El PSPV es reuneix amb UGT per a treballar de la m\u00e0 en les reivindicacions laborals de la Policia Local, els agents de mobilitat i els bombers municipals a l'Ajuntament de Castell\u00f3 - PSPV-PSOE CASTELL\u00d3","isPartOf":{"@id":"https:\/\/agrupacionespsoe.es\/castello\/#website"},"primaryImageOfPage":{"@id":"https:\/\/agrupacionespsoe.es\/castello\/va\/el-pspv-es-reuneix-amb-ugt-per-a-treballar-de-la-ma-en-les-reivindicacions-laborals-de-la-policia-local-els-agents-de-mobilitat-i-els-bombers-municipals-a-lajuntament-de-castello\/#primaryimage"},"image":{"@id":"https:\/\/agrupacionespsoe.es\/castello\/va\/el-pspv-es-reuneix-amb-ugt-per-a-treballar-de-la-ma-en-les-reivindicacions-laborals-de-la-policia-local-els-agents-de-mobilitat-i-els-bombers-municipals-a-lajuntament-de-castello\/#primaryimage"},"thumbnailUrl":"https:\/\/agrupacionespsoe.es\/castello\/wp-content\/uploads\/sites\/45\/2023\/10\/20231010-El-PSPV-se-reune-con-UGT-para-trabajar-de-la-mano-en-las-reivindicaciones-laborales-de-la-Policia-Local-los-agentes-de-movilidad-y-los-bomberos-scaled.jpg","datePublished":"2023-10-10T15:11:29+00:00","dateModified":"2024-06-19T09:20:42+00:00","breadcrumb":{"@id":"https:\/\/agrupacionespsoe.es\/castello\/va\/el-pspv-es-reuneix-amb-ugt-per-a-treballar-de-la-ma-en-les-reivindicacions-laborals-de-la-policia-local-els-agents-de-mobilitat-i-els-bombers-municipals-a-lajuntament-de-castello\/#breadcrumb"},"inLanguage":"es","potentialAction":[{"@type":"ReadAction","target":["https:\/\/agrupacionespsoe.es\/castello\/va\/el-pspv-es-reuneix-amb-ugt-per-a-treballar-de-la-ma-en-les-reivindicacions-laborals-de-la-policia-local-els-agents-de-mobilitat-i-els-bombers-municipals-a-lajuntament-de-castello\/"]}]},{"@type":"ImageObject","inLanguage":"es","@id":"https:\/\/agrupacionespsoe.es\/castello\/va\/el-pspv-es-reuneix-amb-ugt-per-a-treballar-de-la-ma-en-les-reivindicacions-laborals-de-la-policia-local-els-agents-de-mobilitat-i-els-bombers-municipals-a-lajuntament-de-castello\/#primaryimage","url":"https:\/\/agrupacionespsoe.es\/castello\/wp-content\/uploads\/sites\/45\/2023\/10\/20231010-El-PSPV-se-reune-con-UGT-para-trabajar-de-la-mano-en-las-reivindicaciones-laborales-de-la-Policia-Local-los-agentes-de-movilidad-y-los-bomberos-scaled.jpg","contentUrl":"https:\/\/agrupacionespsoe.es\/castello\/wp-content\/uploads\/sites\/45\/2023\/10\/20231010-El-PSPV-se-reune-con-UGT-para-trabajar-de-la-mano-en-las-reivindicaciones-laborales-de-la-Policia-Local-los-agentes-de-movilidad-y-los-bomberos-scaled.jpg","width":2560,"height":1920},{"@type":"BreadcrumbList","@id":"https:\/\/agrupacionespsoe.es\/castello\/va\/el-pspv-es-reuneix-amb-ugt-per-a-treballar-de-la-ma-en-les-reivindicacions-laborals-de-la-policia-local-els-agents-de-mobilitat-i-els-bombers-municipals-a-lajuntament-de-castello\/#breadcrumb","itemListElement":[{"@type":"ListItem","position":1,"name":"Portada","item":"https:\/\/agrupacionespsoe.es\/castello\/"},{"@type":"ListItem","position":2,"name":"El PSPV es reuneix amb UGT per a treballar de la m\u00e0 en les reivindicacions laborals de la Policia Local, els agents de mobilitat i els bombers municipals a l&#8217;Ajuntament de Castell\u00f3"}]},{"@type":"WebSite","@id":"https:\/\/agrupacionespsoe.es\/castello\/#website","url":"https:\/\/agrupacionespsoe.es\/castello\/","name":"PSPV-PSOE CASTELL\u00d3","description":"PSPV-PSOE | Agrupaci\u00f3 de Castell\u00f3","publisher":{"@id":"https:\/\/agrupacionespsoe.es\/castello\/#organization"},"potentialAction":[{"@type":"SearchAction","target":{"@type":"EntryPoint","urlTemplate":"https:\/\/agrupacionespsoe.es\/castello\/?s={search_term_string}"},"query-input":{"@type":"PropertyValueSpecification","valueRequired":true,"valueName":"search_term_string"}}],"inLanguage":"es"},{"@type":"Organization","@id":"https:\/\/agrupacionespsoe.es\/castello\/#organization","name":"PSPV-PSOE Castell\u00f3","url":"https:\/\/agrupacionespsoe.es\/castello\/","logo":{"@type":"ImageObject","inLanguage":"es","@id":"https:\/\/agrupacionespsoe.es\/castello\/#\/schema\/logo\/image\/","url":"https:\/\/agrupacionespsoe.es\/castello\/wp-content\/uploads\/sites\/45\/2023\/04\/PORTADA-PSOE-CASTELLO.jpg","contentUrl":"https:\/\/agrupacionespsoe.es\/castello\/wp-content\/uploads\/sites\/45\/2023\/04\/PORTADA-PSOE-CASTELLO.jpg","width":2500,"height":2500,"caption":"PSPV-PSOE Castell\u00f3"},"image":{"@id":"https:\/\/agrupacionespsoe.es\/castello\/#\/schema\/logo\/image\/"},"sameAs":["https:\/\/www.facebook.com\/pspv.castellodelaplana","https:\/\/x.com\/pspv_cs","https:\/\/www.instagram.com\/pspvpsoecastello\/"]},{"@type":"Person","@id":"https:\/\/agrupacionespsoe.es\/castello\/#\/schema\/person\/f3bc5b2f9dc6a399e9e98596ae24a20a","name":"castello1","image":{"@type":"ImageObject","inLanguage":"es","@id":"https:\/\/agrupacionespsoe.es\/castello\/#\/schema\/person\/image\/","url":"https:\/\/secure.gravatar.com\/avatar\/5f1da428d6479d1127419c0b58796865?s=96&d=mm&r=g","contentUrl":"https:\/\/secure.gravatar.com\/avatar\/5f1da428d6479d1127419c0b58796865?s=96&d=mm&r=g","caption":"castello1"},"url":"https:\/\/agrupacionespsoe.es\/castello\/author\/castello1\/"}]}},"jetpack_publicize_connections":[],"jetpack_featured_media_url":"https:\/\/agrupacionespsoe.es\/castello\/wp-content\/uploads\/sites\/45\/2023\/10\/20231010-El-PSPV-se-reune-con-UGT-para-trabajar-de-la-mano-en-las-reivindicaciones-laborales-de-la-Policia-Local-los-agentes-de-movilidad-y-los-bomberos-scaled.jpg","jetpack_sharing_enabled":true,"_links":{"self":[{"href":"https:\/\/agrupacionespsoe.es\/castello\/wp-json\/wp\/v2\/posts\/2813","targetHints":{"allow":["GET"]}}],"collection":[{"href":"https:\/\/agrupacionespsoe.es\/castello\/wp-json\/wp\/v2\/posts"}],"about":[{"href":"https:\/\/agrupacionespsoe.es\/castello\/wp-json\/wp\/v2\/types\/post"}],"author":[{"embeddable":true,"href":"https:\/\/agrupacionespsoe.es\/castello\/wp-json\/wp\/v2\/users\/48"}],"replies":[{"embeddable":true,"href":"https:\/\/agrupacionespsoe.es\/castello\/wp-json\/wp\/v2\/comments?post=2813"}],"version-history":[{"count":3,"href":"https:\/\/agrupacionespsoe.es\/castello\/wp-json\/wp\/v2\/posts\/2813\/revisions"}],"predecessor-version":[{"id":2922,"href":"https:\/\/agrupacionespsoe.es\/castello\/wp-json\/wp\/v2\/posts\/2813\/revisions\/2922"}],"wp:featuredmedia":[{"embeddable":true,"href":"https:\/\/agrupacionespsoe.es\/castello\/wp-json\/wp\/v2\/media\/2810"}],"wp:attachment":[{"href":"https:\/\/agrupacionespsoe.es\/castello\/wp-json\/wp\/v2\/media?parent=2813"}],"wp:term":[{"taxonomy":"category","embeddable":true,"href":"https:\/\/agrupacionespsoe.es\/castello\/wp-json\/wp\/v2\/categories?post=2813"},{"taxonomy":"post_tag","embeddable":true,"href":"https:\/\/agrupacionespsoe.es\/castello\/wp-json\/wp\/v2\/tags?post=2813"}],"curies":[{"name":"wp","href":"https:\/\/api.w.org\/{rel}","templated":true}]}}