{"id":2809,"date":"2023-10-10T17:10:53","date_gmt":"2023-10-10T15:10:53","guid":{"rendered":"https:\/\/agrupacionespsoe.es\/castello\/?p=2809"},"modified":"2023-10-23T13:35:57","modified_gmt":"2023-10-23T11:35:57","slug":"el-pspv-se-reune-con-ugt-para-trabajar-de-la-mano-en-las-reivindicaciones-laborales-de-la-policia-local-los-agentes-de-movilidad-y-los-bomberos-municipales-en-el-ayuntamiento-de-castello","status":"publish","type":"post","link":"https:\/\/agrupacionespsoe.es\/castello\/el-pspv-se-reune-con-ugt-para-trabajar-de-la-mano-en-las-reivindicaciones-laborales-de-la-policia-local-los-agentes-de-movilidad-y-los-bomberos-municipales-en-el-ayuntamiento-de-castello\/","title":{"rendered":"El PSPV se re\u00fane con UGT para trabajar de la mano en las reivindicaciones laborales de la Polic\u00eda Local, los agentes de movilidad y los bomberos municipales en el Ayuntamiento de Castell\u00f3"},"content":{"rendered":"\n<p>Representantes del Grupo Municipal Socialista del Ayuntamiento de Castell\u00f3 y de la Uni\u00f3n General de Trabajadoras y Trabajadores (UGT) han mantenido una reuni\u00f3n en la sede del sindicato en la capital de la Plana para analizar la situaci\u00f3n laboral de los agentes de la Polic\u00eda Local, los Agentes de Movilidad Urbana (AMU) y los bomberos municipales.<\/p>\n\n\n\n<p>Las concejalas socialistas Anunciaci\u00f3n Lainez y M\u00f3nica Barab\u00e1s han trasladado todo su apoyo a sus reivindicaciones, adem\u00e1s de subrayar que \u201cestaremos al tanto de todo lo que se debe desarrollar en la creaci\u00f3n de plazas y en el proceso de estabilizaci\u00f3n porque ya hay un trabajo que inici\u00f3 estos a\u00f1os el equipo de gobierno liderado por el PSPV\u201d, ha se\u00f1alado Anunciaci\u00f3n Lainez.<\/p>\n\n\n\n<p>Desde el sindicato UGT sus representantes han recordado que la plantilla de AMU se puso en marcha en 2006 con un total de 45 plazas \u201cpero siguen en la calle sin estar equiparados a otros de similares caracter\u00edsticas a nivel nacional, de ah\u00ed que reclamen pasar a la categor\u00eda de c2\u201d. Al respecto, M\u00f3nica Barab\u00e1s, que fue Responsable de Recursos Humanos estos \u00faltimos cuatro a\u00f1os, ha recordado que ya estaba en marcha la elaboraci\u00f3n de un informe de valoraci\u00f3n\u201d.<\/p>\n\n\n\n<p>Por lo que respecta a la Polic\u00eda Local, desde la organizaci\u00f3n sindical han advertido que hay pendientes varias jubilaciones para 2024, de ah\u00ed que sea necesario trabajar ya para crear nuevas plazas. De la misma manera, se reclama que se cubra la RPT referida al cuerpo de bomberos. A ello se une un amplio listado de profesionales que pueden jubilarse a corto plazo, por lo que tambi\u00e9n hay que trabajar de cara al futuro sobre la situaci\u00f3n de la plantilla.<\/p>\n\n\n\n<p>Al respecto, las dos concejalas socialistas, han trasladado a los y las representantes de UGT que el PSPV ser\u00e1 \u201creivindicativo\u201d con todas las necesidades laborales de la polic\u00eda local, los agentes de movilidad urbana y los bomberos. El primer paso en este sentido ser\u00e1 \u201cver c\u00f3mo se negocian los presupuestos municipales, porque nos tememos ya que se planteen una congelaci\u00f3n de salarios\u201d, han se\u00f1alado Lainez y Barab\u00e1s.<\/p>\n","protected":false},"excerpt":{"rendered":"<p>Representantes del Grupo Municipal Socialista del Ayuntamiento de Castell\u00f3 y de la Uni\u00f3n General de Trabajadoras y Trabajadores (UGT) han mantenido una reuni\u00f3n en la sede del sindicato en la capital de la Plana para analizar la situaci\u00f3n laboral de los agentes de la Polic\u00eda Local, los Agentes de Movilidad Urbana (AMU) y los bomberos &#8230;<\/p>\n","protected":false},"author":48,"featured_media":2810,"comment_status":"open","ping_status":"open","sticky":false,"template":"","format":"standard","meta":{"_jetpack_memberships_contains_paid_content":false,"footnotes":"","jetpack_publicize_message":"","jetpack_publicize_feature_enabled":true,"jetpack_social_post_already_shared":false,"jetpack_social_options":{"image_generator_settings":{"template":"highway","default_image_id":0,"font":"","enabled":false},"version":2}},"categories":[33],"tags":[95,107],"class_list":["post-2809","post","type-post","status-publish","format-standard","has-post-thumbnail","hentry","category-gms","tag-anun-lainez","tag-monica-barabas"],"yoast_head":"<!-- This site is optimized with the Yoast SEO plugin v24.0 - https:\/\/yoast.com\/wordpress\/plugins\/seo\/ -->\n<title>El PSPV se re\u00fane con UGT para trabajar de la mano en las reivindicaciones laborales de la Polic\u00eda Local, los agentes de movilidad y los bomberos municipales en el Ayuntamiento de Castell\u00f3 - PSPV-PSOE CASTELL\u00d3<\/title>\n<meta name=\"robots\" content=\"index, follow, max-snippet:-1, max-image-preview:large, max-video-preview:-1\" \/>\n<link rel=\"canonical\" href=\"https:\/\/agrupacionespsoe.es\/castello\/el-pspv-se-reune-con-ugt-para-trabajar-de-la-mano-en-las-reivindicaciones-laborales-de-la-policia-local-los-agentes-de-movilidad-y-los-bomberos-municipales-en-el-ayuntamiento-de-castello\/\" \/>\n<meta property=\"og:locale\" content=\"es_ES\" \/>\n<meta property=\"og:type\" content=\"article\" \/>\n<meta property=\"og:title\" content=\"El PSPV se re\u00fane con UGT para trabajar de la mano en las reivindicaciones laborales de la Polic\u00eda Local, los agentes de movilidad y los bomberos municipales en el Ayuntamiento de Castell\u00f3 - PSPV-PSOE CASTELL\u00d3\" \/>\n<meta property=\"og:description\" content=\"Representantes del Grupo Municipal Socialista del Ayuntamiento de Castell\u00f3 y de la Uni\u00f3n General de Trabajadoras y Trabajadores (UGT) han mantenido una reuni\u00f3n en la sede del sindicato en la capital de la Plana para analizar la situaci\u00f3n laboral de los agentes de la Polic\u00eda Local, los Agentes de Movilidad Urbana (AMU) y los bomberos ...\" \/>\n<meta property=\"og:url\" content=\"https:\/\/agrupacionespsoe.es\/castello\/el-pspv-se-reune-con-ugt-para-trabajar-de-la-mano-en-las-reivindicaciones-laborales-de-la-policia-local-los-agentes-de-movilidad-y-los-bomberos-municipales-en-el-ayuntamiento-de-castello\/\" \/>\n<meta property=\"og:site_name\" content=\"PSPV-PSOE CASTELL\u00d3\" \/>\n<meta property=\"article:publisher\" content=\"https:\/\/www.facebook.com\/pspv.castellodelaplana\" \/>\n<meta property=\"article:published_time\" content=\"2023-10-10T15:10:53+00:00\" \/>\n<meta property=\"article:modified_time\" content=\"2023-10-23T11:35:57+00:00\" \/>\n<meta property=\"og:image\" content=\"https:\/\/agrupacionespsoe.es\/castello\/wp-content\/uploads\/sites\/45\/2023\/10\/20231010-El-PSPV-se-reune-con-UGT-para-trabajar-de-la-mano-en-las-reivindicaciones-laborales-de-la-Policia-Local-los-agentes-de-movilidad-y-los-bomberos-scaled.jpg\" \/>\n\t<meta property=\"og:image:width\" content=\"2560\" \/>\n\t<meta property=\"og:image:height\" content=\"1920\" \/>\n\t<meta property=\"og:image:type\" content=\"image\/jpeg\" \/>\n<meta name=\"author\" content=\"castello1\" \/>\n<meta name=\"twitter:card\" content=\"summary_large_image\" \/>\n<meta name=\"twitter:creator\" content=\"@pspv_cs\" \/>\n<meta name=\"twitter:site\" content=\"@pspv_cs\" \/>\n<meta name=\"twitter:label1\" content=\"Escrito por\" \/>\n\t<meta name=\"twitter:data1\" content=\"castello1\" \/>\n\t<meta name=\"twitter:label2\" content=\"Tiempo de lectura\" \/>\n\t<meta name=\"twitter:data2\" content=\"2 minutos\" \/>\n<script type=\"application\/ld+json\" class=\"yoast-schema-graph\">{\"@context\":\"https:\/\/schema.org\",\"@graph\":[{\"@type\":\"Article\",\"@id\":\"https:\/\/agrupacionespsoe.es\/castello\/el-pspv-se-reune-con-ugt-para-trabajar-de-la-mano-en-las-reivindicaciones-laborales-de-la-policia-local-los-agentes-de-movilidad-y-los-bomberos-municipales-en-el-ayuntamiento-de-castello\/#article\",\"isPartOf\":{\"@id\":\"https:\/\/agrupacionespsoe.es\/castello\/el-pspv-se-reune-con-ugt-para-trabajar-de-la-mano-en-las-reivindicaciones-laborales-de-la-policia-local-los-agentes-de-movilidad-y-los-bomberos-municipales-en-el-ayuntamiento-de-castello\/\"},\"author\":{\"name\":\"castello1\",\"@id\":\"https:\/\/agrupacionespsoe.es\/castello\/#\/schema\/person\/f3bc5b2f9dc6a399e9e98596ae24a20a\"},\"headline\":\"El PSPV se re\u00fane con UGT para trabajar de la mano en las reivindicaciones laborales de la Polic\u00eda Local, los agentes de movilidad y los bomberos municipales en el Ayuntamiento de Castell\u00f3\",\"datePublished\":\"2023-10-10T15:10:53+00:00\",\"dateModified\":\"2023-10-23T11:35:57+00:00\",\"mainEntityOfPage\":{\"@id\":\"https:\/\/agrupacionespsoe.es\/castello\/el-pspv-se-reune-con-ugt-para-trabajar-de-la-mano-en-las-reivindicaciones-laborales-de-la-policia-local-los-agentes-de-movilidad-y-los-bomberos-municipales-en-el-ayuntamiento-de-castello\/\"},\"wordCount\":404,\"commentCount\":0,\"publisher\":{\"@id\":\"https:\/\/agrupacionespsoe.es\/castello\/#organization\"},\"image\":{\"@id\":\"https:\/\/agrupacionespsoe.es\/castello\/el-pspv-se-reune-con-ugt-para-trabajar-de-la-mano-en-las-reivindicaciones-laborales-de-la-policia-local-los-agentes-de-movilidad-y-los-bomberos-municipales-en-el-ayuntamiento-de-castello\/#primaryimage\"},\"thumbnailUrl\":\"https:\/\/agrupacionespsoe.es\/castello\/wp-content\/uploads\/sites\/45\/2023\/10\/20231010-El-PSPV-se-reune-con-UGT-para-trabajar-de-la-mano-en-las-reivindicaciones-laborales-de-la-Policia-Local-los-agentes-de-movilidad-y-los-bomberos-scaled.jpg\",\"keywords\":[\"Anun L\u00e1inez\",\"M\u00f3nica Barab\u00e1s\"],\"articleSection\":[\"Grupo Municipal Socialista\"],\"inLanguage\":\"es\",\"potentialAction\":[{\"@type\":\"CommentAction\",\"name\":\"Comment\",\"target\":[\"https:\/\/agrupacionespsoe.es\/castello\/el-pspv-se-reune-con-ugt-para-trabajar-de-la-mano-en-las-reivindicaciones-laborales-de-la-policia-local-los-agentes-de-movilidad-y-los-bomberos-municipales-en-el-ayuntamiento-de-castello\/#respond\"]}]},{\"@type\":\"WebPage\",\"@id\":\"https:\/\/agrupacionespsoe.es\/castello\/el-pspv-se-reune-con-ugt-para-trabajar-de-la-mano-en-las-reivindicaciones-laborales-de-la-policia-local-los-agentes-de-movilidad-y-los-bomberos-municipales-en-el-ayuntamiento-de-castello\/\",\"url\":\"https:\/\/agrupacionespsoe.es\/castello\/el-pspv-se-reune-con-ugt-para-trabajar-de-la-mano-en-las-reivindicaciones-laborales-de-la-policia-local-los-agentes-de-movilidad-y-los-bomberos-municipales-en-el-ayuntamiento-de-castello\/\",\"name\":\"El PSPV se re\u00fane con UGT para trabajar de la mano en las reivindicaciones laborales de la Polic\u00eda Local, los agentes de movilidad y los bomberos municipales en el Ayuntamiento de Castell\u00f3 - PSPV-PSOE CASTELL\u00d3\",\"isPartOf\":{\"@id\":\"https:\/\/agrupacionespsoe.es\/castello\/#website\"},\"primaryImageOfPage\":{\"@id\":\"https:\/\/agrupacionespsoe.es\/castello\/el-pspv-se-reune-con-ugt-para-trabajar-de-la-mano-en-las-reivindicaciones-laborales-de-la-policia-local-los-agentes-de-movilidad-y-los-bomberos-municipales-en-el-ayuntamiento-de-castello\/#primaryimage\"},\"image\":{\"@id\":\"https:\/\/agrupacionespsoe.es\/castello\/el-pspv-se-reune-con-ugt-para-trabajar-de-la-mano-en-las-reivindicaciones-laborales-de-la-policia-local-los-agentes-de-movilidad-y-los-bomberos-municipales-en-el-ayuntamiento-de-castello\/#primaryimage\"},\"thumbnailUrl\":\"https:\/\/agrupacionespsoe.es\/castello\/wp-content\/uploads\/sites\/45\/2023\/10\/20231010-El-PSPV-se-reune-con-UGT-para-trabajar-de-la-mano-en-las-reivindicaciones-laborales-de-la-Policia-Local-los-agentes-de-movilidad-y-los-bomberos-scaled.jpg\",\"datePublished\":\"2023-10-10T15:10:53+00:00\",\"dateModified\":\"2023-10-23T11:35:57+00:00\",\"breadcrumb\":{\"@id\":\"https:\/\/agrupacionespsoe.es\/castello\/el-pspv-se-reune-con-ugt-para-trabajar-de-la-mano-en-las-reivindicaciones-laborales-de-la-policia-local-los-agentes-de-movilidad-y-los-bomberos-municipales-en-el-ayuntamiento-de-castello\/#breadcrumb\"},\"inLanguage\":\"es\",\"potentialAction\":[{\"@type\":\"ReadAction\",\"target\":[\"https:\/\/agrupacionespsoe.es\/castello\/el-pspv-se-reune-con-ugt-para-trabajar-de-la-mano-en-las-reivindicaciones-laborales-de-la-policia-local-los-agentes-de-movilidad-y-los-bomberos-municipales-en-el-ayuntamiento-de-castello\/\"]}]},{\"@type\":\"ImageObject\",\"inLanguage\":\"es\",\"@id\":\"https:\/\/agrupacionespsoe.es\/castello\/el-pspv-se-reune-con-ugt-para-trabajar-de-la-mano-en-las-reivindicaciones-laborales-de-la-policia-local-los-agentes-de-movilidad-y-los-bomberos-municipales-en-el-ayuntamiento-de-castello\/#primaryimage\",\"url\":\"https:\/\/agrupacionespsoe.es\/castello\/wp-content\/uploads\/sites\/45\/2023\/10\/20231010-El-PSPV-se-reune-con-UGT-para-trabajar-de-la-mano-en-las-reivindicaciones-laborales-de-la-Policia-Local-los-agentes-de-movilidad-y-los-bomberos-scaled.jpg\",\"contentUrl\":\"https:\/\/agrupacionespsoe.es\/castello\/wp-content\/uploads\/sites\/45\/2023\/10\/20231010-El-PSPV-se-reune-con-UGT-para-trabajar-de-la-mano-en-las-reivindicaciones-laborales-de-la-Policia-Local-los-agentes-de-movilidad-y-los-bomberos-scaled.jpg\",\"width\":2560,\"height\":1920},{\"@type\":\"BreadcrumbList\",\"@id\":\"https:\/\/agrupacionespsoe.es\/castello\/el-pspv-se-reune-con-ugt-para-trabajar-de-la-mano-en-las-reivindicaciones-laborales-de-la-policia-local-los-agentes-de-movilidad-y-los-bomberos-municipales-en-el-ayuntamiento-de-castello\/#breadcrumb\",\"itemListElement\":[{\"@type\":\"ListItem\",\"position\":1,\"name\":\"Portada\",\"item\":\"https:\/\/agrupacionespsoe.es\/castello\/\"},{\"@type\":\"ListItem\",\"position\":2,\"name\":\"El PSPV se re\u00fane con UGT para trabajar de la mano en las reivindicaciones laborales de la Polic\u00eda Local, los agentes de movilidad y los bomberos municipales en el Ayuntamiento de Castell\u00f3\"}]},{\"@type\":\"WebSite\",\"@id\":\"https:\/\/agrupacionespsoe.es\/castello\/#website\",\"url\":\"https:\/\/agrupacionespsoe.es\/castello\/\",\"name\":\"PSPV-PSOE CASTELL\u00d3\",\"description\":\"PSPV-PSOE | Agrupaci\u00f3 de Castell\u00f3\",\"publisher\":{\"@id\":\"https:\/\/agrupacionespsoe.es\/castello\/#organization\"},\"potentialAction\":[{\"@type\":\"SearchAction\",\"target\":{\"@type\":\"EntryPoint\",\"urlTemplate\":\"https:\/\/agrupacionespsoe.es\/castello\/?s={search_term_string}\"},\"query-input\":{\"@type\":\"PropertyValueSpecification\",\"valueRequired\":true,\"valueName\":\"search_term_string\"}}],\"inLanguage\":\"es\"},{\"@type\":\"Organization\",\"@id\":\"https:\/\/agrupacionespsoe.es\/castello\/#organization\",\"name\":\"PSPV-PSOE Castell\u00f3\",\"url\":\"https:\/\/agrupacionespsoe.es\/castello\/\",\"logo\":{\"@type\":\"ImageObject\",\"inLanguage\":\"es\",\"@id\":\"https:\/\/agrupacionespsoe.es\/castello\/#\/schema\/logo\/image\/\",\"url\":\"https:\/\/agrupacionespsoe.es\/castello\/wp-content\/uploads\/sites\/45\/2023\/04\/PORTADA-PSOE-CASTELLO.jpg\",\"contentUrl\":\"https:\/\/agrupacionespsoe.es\/castello\/wp-content\/uploads\/sites\/45\/2023\/04\/PORTADA-PSOE-CASTELLO.jpg\",\"width\":2500,\"height\":2500,\"caption\":\"PSPV-PSOE Castell\u00f3\"},\"image\":{\"@id\":\"https:\/\/agrupacionespsoe.es\/castello\/#\/schema\/logo\/image\/\"},\"sameAs\":[\"https:\/\/www.facebook.com\/pspv.castellodelaplana\",\"https:\/\/x.com\/pspv_cs\",\"https:\/\/www.instagram.com\/pspvpsoecastello\/\"]},{\"@type\":\"Person\",\"@id\":\"https:\/\/agrupacionespsoe.es\/castello\/#\/schema\/person\/f3bc5b2f9dc6a399e9e98596ae24a20a\",\"name\":\"castello1\",\"image\":{\"@type\":\"ImageObject\",\"inLanguage\":\"es\",\"@id\":\"https:\/\/agrupacionespsoe.es\/castello\/#\/schema\/person\/image\/\",\"url\":\"https:\/\/secure.gravatar.com\/avatar\/5f1da428d6479d1127419c0b58796865?s=96&d=mm&r=g\",\"contentUrl\":\"https:\/\/secure.gravatar.com\/avatar\/5f1da428d6479d1127419c0b58796865?s=96&d=mm&r=g\",\"caption\":\"castello1\"},\"url\":\"https:\/\/agrupacionespsoe.es\/castello\/author\/castello1\/\"}]}<\/script>\n<!-- \/ Yoast SEO plugin. -->","yoast_head_json":{"title":"El PSPV se re\u00fane con UGT para trabajar de la mano en las reivindicaciones laborales de la Polic\u00eda Local, los agentes de movilidad y los bomberos municipales en el Ayuntamiento de Castell\u00f3 - PSPV-PSOE CASTELL\u00d3","robots":{"index":"index","follow":"follow","max-snippet":"max-snippet:-1","max-image-preview":"max-image-preview:large","max-video-preview":"max-video-preview:-1"},"canonical":"https:\/\/agrupacionespsoe.es\/castello\/el-pspv-se-reune-con-ugt-para-trabajar-de-la-mano-en-las-reivindicaciones-laborales-de-la-policia-local-los-agentes-de-movilidad-y-los-bomberos-municipales-en-el-ayuntamiento-de-castello\/","og_locale":"es_ES","og_type":"article","og_title":"El PSPV se re\u00fane con UGT para trabajar de la mano en las reivindicaciones laborales de la Polic\u00eda Local, los agentes de movilidad y los bomberos municipales en el Ayuntamiento de Castell\u00f3 - PSPV-PSOE CASTELL\u00d3","og_description":"Representantes del Grupo Municipal Socialista del Ayuntamiento de Castell\u00f3 y de la Uni\u00f3n General de Trabajadoras y Trabajadores (UGT) han mantenido una reuni\u00f3n en la sede del sindicato en la capital de la Plana para analizar la situaci\u00f3n laboral de los agentes de la Polic\u00eda Local, los Agentes de Movilidad Urbana (AMU) y los bomberos ...","og_url":"https:\/\/agrupacionespsoe.es\/castello\/el-pspv-se-reune-con-ugt-para-trabajar-de-la-mano-en-las-reivindicaciones-laborales-de-la-policia-local-los-agentes-de-movilidad-y-los-bomberos-municipales-en-el-ayuntamiento-de-castello\/","og_site_name":"PSPV-PSOE CASTELL\u00d3","article_publisher":"https:\/\/www.facebook.com\/pspv.castellodelaplana","article_published_time":"2023-10-10T15:10:53+00:00","article_modified_time":"2023-10-23T11:35:57+00:00","og_image":[{"width":2560,"height":1920,"url":"https:\/\/agrupacionespsoe.es\/castello\/wp-content\/uploads\/sites\/45\/2023\/10\/20231010-El-PSPV-se-reune-con-UGT-para-trabajar-de-la-mano-en-las-reivindicaciones-laborales-de-la-Policia-Local-los-agentes-de-movilidad-y-los-bomberos-scaled.jpg","type":"image\/jpeg"}],"author":"castello1","twitter_card":"summary_large_image","twitter_creator":"@pspv_cs","twitter_site":"@pspv_cs","twitter_misc":{"Escrito por":"castello1","Tiempo de lectura":"2 minutos"},"schema":{"@context":"https:\/\/schema.org","@graph":[{"@type":"Article","@id":"https:\/\/agrupacionespsoe.es\/castello\/el-pspv-se-reune-con-ugt-para-trabajar-de-la-mano-en-las-reivindicaciones-laborales-de-la-policia-local-los-agentes-de-movilidad-y-los-bomberos-municipales-en-el-ayuntamiento-de-castello\/#article","isPartOf":{"@id":"https:\/\/agrupacionespsoe.es\/castello\/el-pspv-se-reune-con-ugt-para-trabajar-de-la-mano-en-las-reivindicaciones-laborales-de-la-policia-local-los-agentes-de-movilidad-y-los-bomberos-municipales-en-el-ayuntamiento-de-castello\/"},"author":{"name":"castello1","@id":"https:\/\/agrupacionespsoe.es\/castello\/#\/schema\/person\/f3bc5b2f9dc6a399e9e98596ae24a20a"},"headline":"El PSPV se re\u00fane con UGT para trabajar de la mano en las reivindicaciones laborales de la Polic\u00eda Local, los agentes de movilidad y los bomberos municipales en el Ayuntamiento de Castell\u00f3","datePublished":"2023-10-10T15:10:53+00:00","dateModified":"2023-10-23T11:35:57+00:00","mainEntityOfPage":{"@id":"https:\/\/agrupacionespsoe.es\/castello\/el-pspv-se-reune-con-ugt-para-trabajar-de-la-mano-en-las-reivindicaciones-laborales-de-la-policia-local-los-agentes-de-movilidad-y-los-bomberos-municipales-en-el-ayuntamiento-de-castello\/"},"wordCount":404,"commentCount":0,"publisher":{"@id":"https:\/\/agrupacionespsoe.es\/castello\/#organization"},"image":{"@id":"https:\/\/agrupacionespsoe.es\/castello\/el-pspv-se-reune-con-ugt-para-trabajar-de-la-mano-en-las-reivindicaciones-laborales-de-la-policia-local-los-agentes-de-movilidad-y-los-bomberos-municipales-en-el-ayuntamiento-de-castello\/#primaryimage"},"thumbnailUrl":"https:\/\/agrupacionespsoe.es\/castello\/wp-content\/uploads\/sites\/45\/2023\/10\/20231010-El-PSPV-se-reune-con-UGT-para-trabajar-de-la-mano-en-las-reivindicaciones-laborales-de-la-Policia-Local-los-agentes-de-movilidad-y-los-bomberos-scaled.jpg","keywords":["Anun L\u00e1inez","M\u00f3nica Barab\u00e1s"],"articleSection":["Grupo Municipal Socialista"],"inLanguage":"es","potentialAction":[{"@type":"CommentAction","name":"Comment","target":["https:\/\/agrupacionespsoe.es\/castello\/el-pspv-se-reune-con-ugt-para-trabajar-de-la-mano-en-las-reivindicaciones-laborales-de-la-policia-local-los-agentes-de-movilidad-y-los-bomberos-municipales-en-el-ayuntamiento-de-castello\/#respond"]}]},{"@type":"WebPage","@id":"https:\/\/agrupacionespsoe.es\/castello\/el-pspv-se-reune-con-ugt-para-trabajar-de-la-mano-en-las-reivindicaciones-laborales-de-la-policia-local-los-agentes-de-movilidad-y-los-bomberos-municipales-en-el-ayuntamiento-de-castello\/","url":"https:\/\/agrupacionespsoe.es\/castello\/el-pspv-se-reune-con-ugt-para-trabajar-de-la-mano-en-las-reivindicaciones-laborales-de-la-policia-local-los-agentes-de-movilidad-y-los-bomberos-municipales-en-el-ayuntamiento-de-castello\/","name":"El PSPV se re\u00fane con UGT para trabajar de la mano en las reivindicaciones laborales de la Polic\u00eda Local, los agentes de movilidad y los bomberos municipales en el Ayuntamiento de Castell\u00f3 - PSPV-PSOE CASTELL\u00d3","isPartOf":{"@id":"https:\/\/agrupacionespsoe.es\/castello\/#website"},"primaryImageOfPage":{"@id":"https:\/\/agrupacionespsoe.es\/castello\/el-pspv-se-reune-con-ugt-para-trabajar-de-la-mano-en-las-reivindicaciones-laborales-de-la-policia-local-los-agentes-de-movilidad-y-los-bomberos-municipales-en-el-ayuntamiento-de-castello\/#primaryimage"},"image":{"@id":"https:\/\/agrupacionespsoe.es\/castello\/el-pspv-se-reune-con-ugt-para-trabajar-de-la-mano-en-las-reivindicaciones-laborales-de-la-policia-local-los-agentes-de-movilidad-y-los-bomberos-municipales-en-el-ayuntamiento-de-castello\/#primaryimage"},"thumbnailUrl":"https:\/\/agrupacionespsoe.es\/castello\/wp-content\/uploads\/sites\/45\/2023\/10\/20231010-El-PSPV-se-reune-con-UGT-para-trabajar-de-la-mano-en-las-reivindicaciones-laborales-de-la-Policia-Local-los-agentes-de-movilidad-y-los-bomberos-scaled.jpg","datePublished":"2023-10-10T15:10:53+00:00","dateModified":"2023-10-23T11:35:57+00:00","breadcrumb":{"@id":"https:\/\/agrupacionespsoe.es\/castello\/el-pspv-se-reune-con-ugt-para-trabajar-de-la-mano-en-las-reivindicaciones-laborales-de-la-policia-local-los-agentes-de-movilidad-y-los-bomberos-municipales-en-el-ayuntamiento-de-castello\/#breadcrumb"},"inLanguage":"es","potentialAction":[{"@type":"ReadAction","target":["https:\/\/agrupacionespsoe.es\/castello\/el-pspv-se-reune-con-ugt-para-trabajar-de-la-mano-en-las-reivindicaciones-laborales-de-la-policia-local-los-agentes-de-movilidad-y-los-bomberos-municipales-en-el-ayuntamiento-de-castello\/"]}]},{"@type":"ImageObject","inLanguage":"es","@id":"https:\/\/agrupacionespsoe.es\/castello\/el-pspv-se-reune-con-ugt-para-trabajar-de-la-mano-en-las-reivindicaciones-laborales-de-la-policia-local-los-agentes-de-movilidad-y-los-bomberos-municipales-en-el-ayuntamiento-de-castello\/#primaryimage","url":"https:\/\/agrupacionespsoe.es\/castello\/wp-content\/uploads\/sites\/45\/2023\/10\/20231010-El-PSPV-se-reune-con-UGT-para-trabajar-de-la-mano-en-las-reivindicaciones-laborales-de-la-Policia-Local-los-agentes-de-movilidad-y-los-bomberos-scaled.jpg","contentUrl":"https:\/\/agrupacionespsoe.es\/castello\/wp-content\/uploads\/sites\/45\/2023\/10\/20231010-El-PSPV-se-reune-con-UGT-para-trabajar-de-la-mano-en-las-reivindicaciones-laborales-de-la-Policia-Local-los-agentes-de-movilidad-y-los-bomberos-scaled.jpg","width":2560,"height":1920},{"@type":"BreadcrumbList","@id":"https:\/\/agrupacionespsoe.es\/castello\/el-pspv-se-reune-con-ugt-para-trabajar-de-la-mano-en-las-reivindicaciones-laborales-de-la-policia-local-los-agentes-de-movilidad-y-los-bomberos-municipales-en-el-ayuntamiento-de-castello\/#breadcrumb","itemListElement":[{"@type":"ListItem","position":1,"name":"Portada","item":"https:\/\/agrupacionespsoe.es\/castello\/"},{"@type":"ListItem","position":2,"name":"El PSPV se re\u00fane con UGT para trabajar de la mano en las reivindicaciones laborales de la Polic\u00eda Local, los agentes de movilidad y los bomberos municipales en el Ayuntamiento de Castell\u00f3"}]},{"@type":"WebSite","@id":"https:\/\/agrupacionespsoe.es\/castello\/#website","url":"https:\/\/agrupacionespsoe.es\/castello\/","name":"PSPV-PSOE CASTELL\u00d3","description":"PSPV-PSOE | Agrupaci\u00f3 de Castell\u00f3","publisher":{"@id":"https:\/\/agrupacionespsoe.es\/castello\/#organization"},"potentialAction":[{"@type":"SearchAction","target":{"@type":"EntryPoint","urlTemplate":"https:\/\/agrupacionespsoe.es\/castello\/?s={search_term_string}"},"query-input":{"@type":"PropertyValueSpecification","valueRequired":true,"valueName":"search_term_string"}}],"inLanguage":"es"},{"@type":"Organization","@id":"https:\/\/agrupacionespsoe.es\/castello\/#organization","name":"PSPV-PSOE Castell\u00f3","url":"https:\/\/agrupacionespsoe.es\/castello\/","logo":{"@type":"ImageObject","inLanguage":"es","@id":"https:\/\/agrupacionespsoe.es\/castello\/#\/schema\/logo\/image\/","url":"https:\/\/agrupacionespsoe.es\/castello\/wp-content\/uploads\/sites\/45\/2023\/04\/PORTADA-PSOE-CASTELLO.jpg","contentUrl":"https:\/\/agrupacionespsoe.es\/castello\/wp-content\/uploads\/sites\/45\/2023\/04\/PORTADA-PSOE-CASTELLO.jpg","width":2500,"height":2500,"caption":"PSPV-PSOE Castell\u00f3"},"image":{"@id":"https:\/\/agrupacionespsoe.es\/castello\/#\/schema\/logo\/image\/"},"sameAs":["https:\/\/www.facebook.com\/pspv.castellodelaplana","https:\/\/x.com\/pspv_cs","https:\/\/www.instagram.com\/pspvpsoecastello\/"]},{"@type":"Person","@id":"https:\/\/agrupacionespsoe.es\/castello\/#\/schema\/person\/f3bc5b2f9dc6a399e9e98596ae24a20a","name":"castello1","image":{"@type":"ImageObject","inLanguage":"es","@id":"https:\/\/agrupacionespsoe.es\/castello\/#\/schema\/person\/image\/","url":"https:\/\/secure.gravatar.com\/avatar\/5f1da428d6479d1127419c0b58796865?s=96&d=mm&r=g","contentUrl":"https:\/\/secure.gravatar.com\/avatar\/5f1da428d6479d1127419c0b58796865?s=96&d=mm&r=g","caption":"castello1"},"url":"https:\/\/agrupacionespsoe.es\/castello\/author\/castello1\/"}]}},"jetpack_publicize_connections":[],"jetpack_featured_media_url":"https:\/\/agrupacionespsoe.es\/castello\/wp-content\/uploads\/sites\/45\/2023\/10\/20231010-El-PSPV-se-reune-con-UGT-para-trabajar-de-la-mano-en-las-reivindicaciones-laborales-de-la-Policia-Local-los-agentes-de-movilidad-y-los-bomberos-scaled.jpg","jetpack_sharing_enabled":true,"_links":{"self":[{"href":"https:\/\/agrupacionespsoe.es\/castello\/wp-json\/wp\/v2\/posts\/2809","targetHints":{"allow":["GET"]}}],"collection":[{"href":"https:\/\/agrupacionespsoe.es\/castello\/wp-json\/wp\/v2\/posts"}],"about":[{"href":"https:\/\/agrupacionespsoe.es\/castello\/wp-json\/wp\/v2\/types\/post"}],"author":[{"embeddable":true,"href":"https:\/\/agrupacionespsoe.es\/castello\/wp-json\/wp\/v2\/users\/48"}],"replies":[{"embeddable":true,"href":"https:\/\/agrupacionespsoe.es\/castello\/wp-json\/wp\/v2\/comments?post=2809"}],"version-history":[{"count":3,"href":"https:\/\/agrupacionespsoe.es\/castello\/wp-json\/wp\/v2\/posts\/2809\/revisions"}],"predecessor-version":[{"id":2923,"href":"https:\/\/agrupacionespsoe.es\/castello\/wp-json\/wp\/v2\/posts\/2809\/revisions\/2923"}],"wp:featuredmedia":[{"embeddable":true,"href":"https:\/\/agrupacionespsoe.es\/castello\/wp-json\/wp\/v2\/media\/2810"}],"wp:attachment":[{"href":"https:\/\/agrupacionespsoe.es\/castello\/wp-json\/wp\/v2\/media?parent=2809"}],"wp:term":[{"taxonomy":"category","embeddable":true,"href":"https:\/\/agrupacionespsoe.es\/castello\/wp-json\/wp\/v2\/categories?post=2809"},{"taxonomy":"post_tag","embeddable":true,"href":"https:\/\/agrupacionespsoe.es\/castello\/wp-json\/wp\/v2\/tags?post=2809"}],"curies":[{"name":"wp","href":"https:\/\/api.w.org\/{rel}","templated":true}]}}