{"id":2806,"date":"2023-10-10T14:45:39","date_gmt":"2023-10-10T12:45:39","guid":{"rendered":"https:\/\/agrupacionespsoe.es\/castello\/?p=2806"},"modified":"2024-06-19T11:20:43","modified_gmt":"2024-06-19T09:20:43","slug":"el-grup-municipal-socialista-de-castello-mostra-el-seu-suport-a-la-labor-dafdem-en-el-dia-mundial-de-la-salut-mental","status":"publish","type":"post","link":"https:\/\/agrupacionespsoe.es\/castello\/va\/el-grup-municipal-socialista-de-castello-mostra-el-seu-suport-a-la-labor-dafdem-en-el-dia-mundial-de-la-salut-mental\/","title":{"rendered":"El grup municipal socialista de Castell\u00f3 mostra el seu suport a la labor d\u2019Afdem en el Dia Mundial de la\u00a0Salut\u00a0Mental"},"content":{"rendered":"\n<p>El Grup Municipal Socialista de l&#8217;Ajuntament de Castell\u00f3 ha participat hui en els actes per a celebrar el Dia Mundial de la Salut Mental, que han comptat amb la pres\u00e8ncia de l\u2019Associaci\u00f3 Salut Mental Castell\u00f3 (Afdem).<\/p>\n\n\n\n<p>Regidors i regidores del PSPV han destacat la necessitat de continuar apostant per al prevenci\u00f3, la detecci\u00f3, el tractament i la recuperaci\u00f3 com a passos necessaris per a continuar refor\u00e7ant l&#8217;atenci\u00f3 a la salut mental.<\/p>\n\n\n\n<p>En aquest sentit, des del grup municipal socialista s&#8217;ha posat en valor el treball diari de col\u00b7lectius com Afdem i ha encoratjat a les institucions a treballar en la defensa dels drets i en l&#8217;atenci\u00f3 de les persones amb problemes de salut mental.<\/p>\n","protected":false},"excerpt":{"rendered":"<p>El Grup Municipal Socialista de l&#8217;Ajuntament de Castell\u00f3 ha participat hui en els actes per a celebrar el Dia Mundial de la Salut Mental, que han comptat amb la pres\u00e8ncia de l\u2019Associaci\u00f3 Salut Mental Castell\u00f3 (Afdem). Regidors i regidores del PSPV han destacat la necessitat de continuar apostant per al prevenci\u00f3, la detecci\u00f3, el tractament &#8230;<\/p>\n","protected":false},"author":48,"featured_media":2803,"comment_status":"open","ping_status":"open","sticky":false,"template":"","format":"standard","meta":{"_jetpack_memberships_contains_paid_content":false,"footnotes":"","jetpack_publicize_message":"","jetpack_publicize_feature_enabled":true,"jetpack_social_post_already_shared":false,"jetpack_social_options":{"image_generator_settings":{"template":"highway","default_image_id":0,"font":"","enabled":false},"version":2}},"categories":[22],"tags":[87,101,109,83],"class_list":["post-2806","post","type-post","status-publish","format-standard","has-post-thumbnail","hentry","category-gms-va","tag-jose-luis-lopez-va","tag-mary-carmen-ribera-va","tag-monica-barabas-va","tag-patricia-puerta-va"],"yoast_head":"<!-- This site is optimized with the Yoast SEO plugin v24.0 - https:\/\/yoast.com\/wordpress\/plugins\/seo\/ -->\n<title>El grup municipal socialista de Castell\u00f3 mostra el seu suport a la labor d\u2019Afdem en el Dia Mundial de la\u00a0Salut\u00a0Mental - PSPV-PSOE CASTELL\u00d3<\/title>\n<meta name=\"robots\" content=\"index, follow, max-snippet:-1, max-image-preview:large, max-video-preview:-1\" \/>\n<link rel=\"canonical\" href=\"https:\/\/agrupacionespsoe.es\/castello\/va\/el-grup-municipal-socialista-de-castello-mostra-el-seu-suport-a-la-labor-dafdem-en-el-dia-mundial-de-la-salut-mental\/\" \/>\n<meta property=\"og:locale\" content=\"es_ES\" \/>\n<meta property=\"og:type\" content=\"article\" \/>\n<meta property=\"og:title\" content=\"El grup municipal socialista de Castell\u00f3 mostra el seu suport a la labor d\u2019Afdem en el Dia Mundial de la\u00a0Salut\u00a0Mental - PSPV-PSOE CASTELL\u00d3\" \/>\n<meta property=\"og:description\" content=\"El Grup Municipal Socialista de l&#8217;Ajuntament de Castell\u00f3 ha participat hui en els actes per a celebrar el Dia Mundial de la Salut Mental, que han comptat amb la pres\u00e8ncia de l\u2019Associaci\u00f3 Salut Mental Castell\u00f3 (Afdem). Regidors i regidores del PSPV han destacat la necessitat de continuar apostant per al prevenci\u00f3, la detecci\u00f3, el tractament ...\" \/>\n<meta property=\"og:url\" content=\"https:\/\/agrupacionespsoe.es\/castello\/va\/el-grup-municipal-socialista-de-castello-mostra-el-seu-suport-a-la-labor-dafdem-en-el-dia-mundial-de-la-salut-mental\/\" \/>\n<meta property=\"og:site_name\" content=\"PSPV-PSOE CASTELL\u00d3\" \/>\n<meta property=\"article:publisher\" content=\"https:\/\/www.facebook.com\/pspv.castellodelaplana\" \/>\n<meta property=\"article:published_time\" content=\"2023-10-10T12:45:39+00:00\" \/>\n<meta property=\"article:modified_time\" content=\"2024-06-19T09:20:43+00:00\" \/>\n<meta property=\"og:image\" content=\"https:\/\/agrupacionespsoe.es\/castello\/wp-content\/uploads\/sites\/45\/2023\/10\/20231010-El-grupo-municipal-socialista-de-Castello-muestra-su-apoyo-a-la-labor-de-Afdem-en-el-Dia-Mundial-de-la-Salud-Mental-scaled.jpg\" \/>\n\t<meta property=\"og:image:width\" content=\"2560\" \/>\n\t<meta property=\"og:image:height\" content=\"1920\" \/>\n\t<meta property=\"og:image:type\" content=\"image\/jpeg\" \/>\n<meta name=\"author\" content=\"castello1\" \/>\n<meta name=\"twitter:card\" content=\"summary_large_image\" \/>\n<meta name=\"twitter:creator\" content=\"@pspv_cs\" \/>\n<meta name=\"twitter:site\" content=\"@pspv_cs\" \/>\n<meta name=\"twitter:label1\" content=\"Escrito por\" \/>\n\t<meta name=\"twitter:data1\" content=\"castello1\" \/>\n\t<meta name=\"twitter:label2\" content=\"Tiempo de lectura\" \/>\n\t<meta name=\"twitter:data2\" content=\"1 minuto\" \/>\n<script type=\"application\/ld+json\" class=\"yoast-schema-graph\">{\"@context\":\"https:\/\/schema.org\",\"@graph\":[{\"@type\":\"Article\",\"@id\":\"https:\/\/agrupacionespsoe.es\/castello\/va\/el-grup-municipal-socialista-de-castello-mostra-el-seu-suport-a-la-labor-dafdem-en-el-dia-mundial-de-la-salut-mental\/#article\",\"isPartOf\":{\"@id\":\"https:\/\/agrupacionespsoe.es\/castello\/va\/el-grup-municipal-socialista-de-castello-mostra-el-seu-suport-a-la-labor-dafdem-en-el-dia-mundial-de-la-salut-mental\/\"},\"author\":{\"name\":\"castello1\",\"@id\":\"https:\/\/agrupacionespsoe.es\/castello\/#\/schema\/person\/f3bc5b2f9dc6a399e9e98596ae24a20a\"},\"headline\":\"El grup municipal socialista de Castell\u00f3 mostra el seu suport a la labor d\u2019Afdem en el Dia Mundial de la\u00a0Salut\u00a0Mental\",\"datePublished\":\"2023-10-10T12:45:39+00:00\",\"dateModified\":\"2024-06-19T09:20:43+00:00\",\"mainEntityOfPage\":{\"@id\":\"https:\/\/agrupacionespsoe.es\/castello\/va\/el-grup-municipal-socialista-de-castello-mostra-el-seu-suport-a-la-labor-dafdem-en-el-dia-mundial-de-la-salut-mental\/\"},\"wordCount\":141,\"commentCount\":0,\"publisher\":{\"@id\":\"https:\/\/agrupacionespsoe.es\/castello\/#organization\"},\"image\":{\"@id\":\"https:\/\/agrupacionespsoe.es\/castello\/va\/el-grup-municipal-socialista-de-castello-mostra-el-seu-suport-a-la-labor-dafdem-en-el-dia-mundial-de-la-salut-mental\/#primaryimage\"},\"thumbnailUrl\":\"https:\/\/agrupacionespsoe.es\/castello\/wp-content\/uploads\/sites\/45\/2023\/10\/20231010-El-grupo-municipal-socialista-de-Castello-muestra-su-apoyo-a-la-labor-de-Afdem-en-el-Dia-Mundial-de-la-Salud-Mental-scaled.jpg\",\"keywords\":[\"Jos\u00e9 Luis L\u00f3pez\",\"Mary Carmen Ribera\",\"M\u00f3nica Barab\u00e1s\",\"Patricia Puerta\"],\"articleSection\":[\"Grup Municipal Socialista\"],\"inLanguage\":\"es\",\"potentialAction\":[{\"@type\":\"CommentAction\",\"name\":\"Comment\",\"target\":[\"https:\/\/agrupacionespsoe.es\/castello\/va\/el-grup-municipal-socialista-de-castello-mostra-el-seu-suport-a-la-labor-dafdem-en-el-dia-mundial-de-la-salut-mental\/#respond\"]}]},{\"@type\":\"WebPage\",\"@id\":\"https:\/\/agrupacionespsoe.es\/castello\/va\/el-grup-municipal-socialista-de-castello-mostra-el-seu-suport-a-la-labor-dafdem-en-el-dia-mundial-de-la-salut-mental\/\",\"url\":\"https:\/\/agrupacionespsoe.es\/castello\/va\/el-grup-municipal-socialista-de-castello-mostra-el-seu-suport-a-la-labor-dafdem-en-el-dia-mundial-de-la-salut-mental\/\",\"name\":\"El grup municipal socialista de Castell\u00f3 mostra el seu suport a la labor d\u2019Afdem en el Dia Mundial de la\u00a0Salut\u00a0Mental - PSPV-PSOE CASTELL\u00d3\",\"isPartOf\":{\"@id\":\"https:\/\/agrupacionespsoe.es\/castello\/#website\"},\"primaryImageOfPage\":{\"@id\":\"https:\/\/agrupacionespsoe.es\/castello\/va\/el-grup-municipal-socialista-de-castello-mostra-el-seu-suport-a-la-labor-dafdem-en-el-dia-mundial-de-la-salut-mental\/#primaryimage\"},\"image\":{\"@id\":\"https:\/\/agrupacionespsoe.es\/castello\/va\/el-grup-municipal-socialista-de-castello-mostra-el-seu-suport-a-la-labor-dafdem-en-el-dia-mundial-de-la-salut-mental\/#primaryimage\"},\"thumbnailUrl\":\"https:\/\/agrupacionespsoe.es\/castello\/wp-content\/uploads\/sites\/45\/2023\/10\/20231010-El-grupo-municipal-socialista-de-Castello-muestra-su-apoyo-a-la-labor-de-Afdem-en-el-Dia-Mundial-de-la-Salud-Mental-scaled.jpg\",\"datePublished\":\"2023-10-10T12:45:39+00:00\",\"dateModified\":\"2024-06-19T09:20:43+00:00\",\"breadcrumb\":{\"@id\":\"https:\/\/agrupacionespsoe.es\/castello\/va\/el-grup-municipal-socialista-de-castello-mostra-el-seu-suport-a-la-labor-dafdem-en-el-dia-mundial-de-la-salut-mental\/#breadcrumb\"},\"inLanguage\":\"es\",\"potentialAction\":[{\"@type\":\"ReadAction\",\"target\":[\"https:\/\/agrupacionespsoe.es\/castello\/va\/el-grup-municipal-socialista-de-castello-mostra-el-seu-suport-a-la-labor-dafdem-en-el-dia-mundial-de-la-salut-mental\/\"]}]},{\"@type\":\"ImageObject\",\"inLanguage\":\"es\",\"@id\":\"https:\/\/agrupacionespsoe.es\/castello\/va\/el-grup-municipal-socialista-de-castello-mostra-el-seu-suport-a-la-labor-dafdem-en-el-dia-mundial-de-la-salut-mental\/#primaryimage\",\"url\":\"https:\/\/agrupacionespsoe.es\/castello\/wp-content\/uploads\/sites\/45\/2023\/10\/20231010-El-grupo-municipal-socialista-de-Castello-muestra-su-apoyo-a-la-labor-de-Afdem-en-el-Dia-Mundial-de-la-Salud-Mental-scaled.jpg\",\"contentUrl\":\"https:\/\/agrupacionespsoe.es\/castello\/wp-content\/uploads\/sites\/45\/2023\/10\/20231010-El-grupo-municipal-socialista-de-Castello-muestra-su-apoyo-a-la-labor-de-Afdem-en-el-Dia-Mundial-de-la-Salud-Mental-scaled.jpg\",\"width\":2560,\"height\":1920},{\"@type\":\"BreadcrumbList\",\"@id\":\"https:\/\/agrupacionespsoe.es\/castello\/va\/el-grup-municipal-socialista-de-castello-mostra-el-seu-suport-a-la-labor-dafdem-en-el-dia-mundial-de-la-salut-mental\/#breadcrumb\",\"itemListElement\":[{\"@type\":\"ListItem\",\"position\":1,\"name\":\"Portada\",\"item\":\"https:\/\/agrupacionespsoe.es\/castello\/\"},{\"@type\":\"ListItem\",\"position\":2,\"name\":\"El grup municipal socialista de Castell\u00f3 mostra el seu suport a la labor d\u2019Afdem en el Dia Mundial de la\u00a0Salut\u00a0Mental\"}]},{\"@type\":\"WebSite\",\"@id\":\"https:\/\/agrupacionespsoe.es\/castello\/#website\",\"url\":\"https:\/\/agrupacionespsoe.es\/castello\/\",\"name\":\"PSPV-PSOE CASTELL\u00d3\",\"description\":\"PSPV-PSOE | Agrupaci\u00f3 de Castell\u00f3\",\"publisher\":{\"@id\":\"https:\/\/agrupacionespsoe.es\/castello\/#organization\"},\"potentialAction\":[{\"@type\":\"SearchAction\",\"target\":{\"@type\":\"EntryPoint\",\"urlTemplate\":\"https:\/\/agrupacionespsoe.es\/castello\/?s={search_term_string}\"},\"query-input\":{\"@type\":\"PropertyValueSpecification\",\"valueRequired\":true,\"valueName\":\"search_term_string\"}}],\"inLanguage\":\"es\"},{\"@type\":\"Organization\",\"@id\":\"https:\/\/agrupacionespsoe.es\/castello\/#organization\",\"name\":\"PSPV-PSOE Castell\u00f3\",\"url\":\"https:\/\/agrupacionespsoe.es\/castello\/\",\"logo\":{\"@type\":\"ImageObject\",\"inLanguage\":\"es\",\"@id\":\"https:\/\/agrupacionespsoe.es\/castello\/#\/schema\/logo\/image\/\",\"url\":\"https:\/\/agrupacionespsoe.es\/castello\/wp-content\/uploads\/sites\/45\/2023\/04\/PORTADA-PSOE-CASTELLO.jpg\",\"contentUrl\":\"https:\/\/agrupacionespsoe.es\/castello\/wp-content\/uploads\/sites\/45\/2023\/04\/PORTADA-PSOE-CASTELLO.jpg\",\"width\":2500,\"height\":2500,\"caption\":\"PSPV-PSOE Castell\u00f3\"},\"image\":{\"@id\":\"https:\/\/agrupacionespsoe.es\/castello\/#\/schema\/logo\/image\/\"},\"sameAs\":[\"https:\/\/www.facebook.com\/pspv.castellodelaplana\",\"https:\/\/x.com\/pspv_cs\",\"https:\/\/www.instagram.com\/pspvpsoecastello\/\"]},{\"@type\":\"Person\",\"@id\":\"https:\/\/agrupacionespsoe.es\/castello\/#\/schema\/person\/f3bc5b2f9dc6a399e9e98596ae24a20a\",\"name\":\"castello1\",\"image\":{\"@type\":\"ImageObject\",\"inLanguage\":\"es\",\"@id\":\"https:\/\/agrupacionespsoe.es\/castello\/#\/schema\/person\/image\/\",\"url\":\"https:\/\/secure.gravatar.com\/avatar\/5f1da428d6479d1127419c0b58796865?s=96&d=mm&r=g\",\"contentUrl\":\"https:\/\/secure.gravatar.com\/avatar\/5f1da428d6479d1127419c0b58796865?s=96&d=mm&r=g\",\"caption\":\"castello1\"},\"url\":\"https:\/\/agrupacionespsoe.es\/castello\/author\/castello1\/\"}]}<\/script>\n<!-- \/ Yoast SEO plugin. -->","yoast_head_json":{"title":"El grup municipal socialista de Castell\u00f3 mostra el seu suport a la labor d\u2019Afdem en el Dia Mundial de la\u00a0Salut\u00a0Mental - PSPV-PSOE CASTELL\u00d3","robots":{"index":"index","follow":"follow","max-snippet":"max-snippet:-1","max-image-preview":"max-image-preview:large","max-video-preview":"max-video-preview:-1"},"canonical":"https:\/\/agrupacionespsoe.es\/castello\/va\/el-grup-municipal-socialista-de-castello-mostra-el-seu-suport-a-la-labor-dafdem-en-el-dia-mundial-de-la-salut-mental\/","og_locale":"es_ES","og_type":"article","og_title":"El grup municipal socialista de Castell\u00f3 mostra el seu suport a la labor d\u2019Afdem en el Dia Mundial de la\u00a0Salut\u00a0Mental - PSPV-PSOE CASTELL\u00d3","og_description":"El Grup Municipal Socialista de l&#8217;Ajuntament de Castell\u00f3 ha participat hui en els actes per a celebrar el Dia Mundial de la Salut Mental, que han comptat amb la pres\u00e8ncia de l\u2019Associaci\u00f3 Salut Mental Castell\u00f3 (Afdem). Regidors i regidores del PSPV han destacat la necessitat de continuar apostant per al prevenci\u00f3, la detecci\u00f3, el tractament ...","og_url":"https:\/\/agrupacionespsoe.es\/castello\/va\/el-grup-municipal-socialista-de-castello-mostra-el-seu-suport-a-la-labor-dafdem-en-el-dia-mundial-de-la-salut-mental\/","og_site_name":"PSPV-PSOE CASTELL\u00d3","article_publisher":"https:\/\/www.facebook.com\/pspv.castellodelaplana","article_published_time":"2023-10-10T12:45:39+00:00","article_modified_time":"2024-06-19T09:20:43+00:00","og_image":[{"width":2560,"height":1920,"url":"https:\/\/agrupacionespsoe.es\/castello\/wp-content\/uploads\/sites\/45\/2023\/10\/20231010-El-grupo-municipal-socialista-de-Castello-muestra-su-apoyo-a-la-labor-de-Afdem-en-el-Dia-Mundial-de-la-Salud-Mental-scaled.jpg","type":"image\/jpeg"}],"author":"castello1","twitter_card":"summary_large_image","twitter_creator":"@pspv_cs","twitter_site":"@pspv_cs","twitter_misc":{"Escrito por":"castello1","Tiempo de lectura":"1 minuto"},"schema":{"@context":"https:\/\/schema.org","@graph":[{"@type":"Article","@id":"https:\/\/agrupacionespsoe.es\/castello\/va\/el-grup-municipal-socialista-de-castello-mostra-el-seu-suport-a-la-labor-dafdem-en-el-dia-mundial-de-la-salut-mental\/#article","isPartOf":{"@id":"https:\/\/agrupacionespsoe.es\/castello\/va\/el-grup-municipal-socialista-de-castello-mostra-el-seu-suport-a-la-labor-dafdem-en-el-dia-mundial-de-la-salut-mental\/"},"author":{"name":"castello1","@id":"https:\/\/agrupacionespsoe.es\/castello\/#\/schema\/person\/f3bc5b2f9dc6a399e9e98596ae24a20a"},"headline":"El grup municipal socialista de Castell\u00f3 mostra el seu suport a la labor d\u2019Afdem en el Dia Mundial de la\u00a0Salut\u00a0Mental","datePublished":"2023-10-10T12:45:39+00:00","dateModified":"2024-06-19T09:20:43+00:00","mainEntityOfPage":{"@id":"https:\/\/agrupacionespsoe.es\/castello\/va\/el-grup-municipal-socialista-de-castello-mostra-el-seu-suport-a-la-labor-dafdem-en-el-dia-mundial-de-la-salut-mental\/"},"wordCount":141,"commentCount":0,"publisher":{"@id":"https:\/\/agrupacionespsoe.es\/castello\/#organization"},"image":{"@id":"https:\/\/agrupacionespsoe.es\/castello\/va\/el-grup-municipal-socialista-de-castello-mostra-el-seu-suport-a-la-labor-dafdem-en-el-dia-mundial-de-la-salut-mental\/#primaryimage"},"thumbnailUrl":"https:\/\/agrupacionespsoe.es\/castello\/wp-content\/uploads\/sites\/45\/2023\/10\/20231010-El-grupo-municipal-socialista-de-Castello-muestra-su-apoyo-a-la-labor-de-Afdem-en-el-Dia-Mundial-de-la-Salud-Mental-scaled.jpg","keywords":["Jos\u00e9 Luis L\u00f3pez","Mary Carmen Ribera","M\u00f3nica Barab\u00e1s","Patricia Puerta"],"articleSection":["Grup Municipal Socialista"],"inLanguage":"es","potentialAction":[{"@type":"CommentAction","name":"Comment","target":["https:\/\/agrupacionespsoe.es\/castello\/va\/el-grup-municipal-socialista-de-castello-mostra-el-seu-suport-a-la-labor-dafdem-en-el-dia-mundial-de-la-salut-mental\/#respond"]}]},{"@type":"WebPage","@id":"https:\/\/agrupacionespsoe.es\/castello\/va\/el-grup-municipal-socialista-de-castello-mostra-el-seu-suport-a-la-labor-dafdem-en-el-dia-mundial-de-la-salut-mental\/","url":"https:\/\/agrupacionespsoe.es\/castello\/va\/el-grup-municipal-socialista-de-castello-mostra-el-seu-suport-a-la-labor-dafdem-en-el-dia-mundial-de-la-salut-mental\/","name":"El grup municipal socialista de Castell\u00f3 mostra el seu suport a la labor d\u2019Afdem en el Dia Mundial de la\u00a0Salut\u00a0Mental - PSPV-PSOE CASTELL\u00d3","isPartOf":{"@id":"https:\/\/agrupacionespsoe.es\/castello\/#website"},"primaryImageOfPage":{"@id":"https:\/\/agrupacionespsoe.es\/castello\/va\/el-grup-municipal-socialista-de-castello-mostra-el-seu-suport-a-la-labor-dafdem-en-el-dia-mundial-de-la-salut-mental\/#primaryimage"},"image":{"@id":"https:\/\/agrupacionespsoe.es\/castello\/va\/el-grup-municipal-socialista-de-castello-mostra-el-seu-suport-a-la-labor-dafdem-en-el-dia-mundial-de-la-salut-mental\/#primaryimage"},"thumbnailUrl":"https:\/\/agrupacionespsoe.es\/castello\/wp-content\/uploads\/sites\/45\/2023\/10\/20231010-El-grupo-municipal-socialista-de-Castello-muestra-su-apoyo-a-la-labor-de-Afdem-en-el-Dia-Mundial-de-la-Salud-Mental-scaled.jpg","datePublished":"2023-10-10T12:45:39+00:00","dateModified":"2024-06-19T09:20:43+00:00","breadcrumb":{"@id":"https:\/\/agrupacionespsoe.es\/castello\/va\/el-grup-municipal-socialista-de-castello-mostra-el-seu-suport-a-la-labor-dafdem-en-el-dia-mundial-de-la-salut-mental\/#breadcrumb"},"inLanguage":"es","potentialAction":[{"@type":"ReadAction","target":["https:\/\/agrupacionespsoe.es\/castello\/va\/el-grup-municipal-socialista-de-castello-mostra-el-seu-suport-a-la-labor-dafdem-en-el-dia-mundial-de-la-salut-mental\/"]}]},{"@type":"ImageObject","inLanguage":"es","@id":"https:\/\/agrupacionespsoe.es\/castello\/va\/el-grup-municipal-socialista-de-castello-mostra-el-seu-suport-a-la-labor-dafdem-en-el-dia-mundial-de-la-salut-mental\/#primaryimage","url":"https:\/\/agrupacionespsoe.es\/castello\/wp-content\/uploads\/sites\/45\/2023\/10\/20231010-El-grupo-municipal-socialista-de-Castello-muestra-su-apoyo-a-la-labor-de-Afdem-en-el-Dia-Mundial-de-la-Salud-Mental-scaled.jpg","contentUrl":"https:\/\/agrupacionespsoe.es\/castello\/wp-content\/uploads\/sites\/45\/2023\/10\/20231010-El-grupo-municipal-socialista-de-Castello-muestra-su-apoyo-a-la-labor-de-Afdem-en-el-Dia-Mundial-de-la-Salud-Mental-scaled.jpg","width":2560,"height":1920},{"@type":"BreadcrumbList","@id":"https:\/\/agrupacionespsoe.es\/castello\/va\/el-grup-municipal-socialista-de-castello-mostra-el-seu-suport-a-la-labor-dafdem-en-el-dia-mundial-de-la-salut-mental\/#breadcrumb","itemListElement":[{"@type":"ListItem","position":1,"name":"Portada","item":"https:\/\/agrupacionespsoe.es\/castello\/"},{"@type":"ListItem","position":2,"name":"El grup municipal socialista de Castell\u00f3 mostra el seu suport a la labor d\u2019Afdem en el Dia Mundial de la\u00a0Salut\u00a0Mental"}]},{"@type":"WebSite","@id":"https:\/\/agrupacionespsoe.es\/castello\/#website","url":"https:\/\/agrupacionespsoe.es\/castello\/","name":"PSPV-PSOE CASTELL\u00d3","description":"PSPV-PSOE | Agrupaci\u00f3 de Castell\u00f3","publisher":{"@id":"https:\/\/agrupacionespsoe.es\/castello\/#organization"},"potentialAction":[{"@type":"SearchAction","target":{"@type":"EntryPoint","urlTemplate":"https:\/\/agrupacionespsoe.es\/castello\/?s={search_term_string}"},"query-input":{"@type":"PropertyValueSpecification","valueRequired":true,"valueName":"search_term_string"}}],"inLanguage":"es"},{"@type":"Organization","@id":"https:\/\/agrupacionespsoe.es\/castello\/#organization","name":"PSPV-PSOE Castell\u00f3","url":"https:\/\/agrupacionespsoe.es\/castello\/","logo":{"@type":"ImageObject","inLanguage":"es","@id":"https:\/\/agrupacionespsoe.es\/castello\/#\/schema\/logo\/image\/","url":"https:\/\/agrupacionespsoe.es\/castello\/wp-content\/uploads\/sites\/45\/2023\/04\/PORTADA-PSOE-CASTELLO.jpg","contentUrl":"https:\/\/agrupacionespsoe.es\/castello\/wp-content\/uploads\/sites\/45\/2023\/04\/PORTADA-PSOE-CASTELLO.jpg","width":2500,"height":2500,"caption":"PSPV-PSOE Castell\u00f3"},"image":{"@id":"https:\/\/agrupacionespsoe.es\/castello\/#\/schema\/logo\/image\/"},"sameAs":["https:\/\/www.facebook.com\/pspv.castellodelaplana","https:\/\/x.com\/pspv_cs","https:\/\/www.instagram.com\/pspvpsoecastello\/"]},{"@type":"Person","@id":"https:\/\/agrupacionespsoe.es\/castello\/#\/schema\/person\/f3bc5b2f9dc6a399e9e98596ae24a20a","name":"castello1","image":{"@type":"ImageObject","inLanguage":"es","@id":"https:\/\/agrupacionespsoe.es\/castello\/#\/schema\/person\/image\/","url":"https:\/\/secure.gravatar.com\/avatar\/5f1da428d6479d1127419c0b58796865?s=96&d=mm&r=g","contentUrl":"https:\/\/secure.gravatar.com\/avatar\/5f1da428d6479d1127419c0b58796865?s=96&d=mm&r=g","caption":"castello1"},"url":"https:\/\/agrupacionespsoe.es\/castello\/author\/castello1\/"}]}},"jetpack_publicize_connections":[],"jetpack_featured_media_url":"https:\/\/agrupacionespsoe.es\/castello\/wp-content\/uploads\/sites\/45\/2023\/10\/20231010-El-grupo-municipal-socialista-de-Castello-muestra-su-apoyo-a-la-labor-de-Afdem-en-el-Dia-Mundial-de-la-Salud-Mental-scaled.jpg","jetpack_sharing_enabled":true,"_links":{"self":[{"href":"https:\/\/agrupacionespsoe.es\/castello\/wp-json\/wp\/v2\/posts\/2806","targetHints":{"allow":["GET"]}}],"collection":[{"href":"https:\/\/agrupacionespsoe.es\/castello\/wp-json\/wp\/v2\/posts"}],"about":[{"href":"https:\/\/agrupacionespsoe.es\/castello\/wp-json\/wp\/v2\/types\/post"}],"author":[{"embeddable":true,"href":"https:\/\/agrupacionespsoe.es\/castello\/wp-json\/wp\/v2\/users\/48"}],"replies":[{"embeddable":true,"href":"https:\/\/agrupacionespsoe.es\/castello\/wp-json\/wp\/v2\/comments?post=2806"}],"version-history":[{"count":3,"href":"https:\/\/agrupacionespsoe.es\/castello\/wp-json\/wp\/v2\/posts\/2806\/revisions"}],"predecessor-version":[{"id":2816,"href":"https:\/\/agrupacionespsoe.es\/castello\/wp-json\/wp\/v2\/posts\/2806\/revisions\/2816"}],"wp:featuredmedia":[{"embeddable":true,"href":"https:\/\/agrupacionespsoe.es\/castello\/wp-json\/wp\/v2\/media\/2803"}],"wp:attachment":[{"href":"https:\/\/agrupacionespsoe.es\/castello\/wp-json\/wp\/v2\/media?parent=2806"}],"wp:term":[{"taxonomy":"category","embeddable":true,"href":"https:\/\/agrupacionespsoe.es\/castello\/wp-json\/wp\/v2\/categories?post=2806"},{"taxonomy":"post_tag","embeddable":true,"href":"https:\/\/agrupacionespsoe.es\/castello\/wp-json\/wp\/v2\/tags?post=2806"}],"curies":[{"name":"wp","href":"https:\/\/api.w.org\/{rel}","templated":true}]}}