{"id":2537,"date":"2023-09-15T13:59:43","date_gmt":"2023-09-15T11:59:43","guid":{"rendered":"https:\/\/agrupacionespsoe.es\/castello\/?p=2537"},"modified":"2024-06-19T11:21:14","modified_gmt":"2024-06-19T09:21:14","slug":"el-pspv-acusa-a-begona-carrasco-dassumir-les-tesis-de-vox-sobre-la-violencia-masclista-en-negar-el-terme-en-el-ple-i-definir-lo-nomes-com-a-violencia-contra-la-dona","status":"publish","type":"post","link":"https:\/\/agrupacionespsoe.es\/castello\/va\/el-pspv-acusa-a-begona-carrasco-dassumir-les-tesis-de-vox-sobre-la-violencia-masclista-en-negar-el-terme-en-el-ple-i-definir-lo-nomes-com-a-violencia-contra-la-dona\/","title":{"rendered":"El PSPV acusa a Bego\u00f1a Carrasco d&#8217;assumir les tesis de Vox sobre la viol\u00e8ncia masclista en negar el terme en el ple i definir-lo nom\u00e9s com a \u2018viol\u00e8ncia contra la dona\u2019"},"content":{"rendered":"\n<figure class=\"wp-block-video\"><video autoplay controls src=\"https:\/\/agrupacionespsoe.es\/castello\/wp-content\/uploads\/sites\/45\/2023\/09\/20230915-El-PSPV-acusa-a-Begona-Carrasco-de-asumir-las-tesis-de-Vox-sobre-la-violencia-machista-al-negar-el-termino-en-el-pleno-y-definirlo-solo-como-\u2018violencia-contra-la-mujer.mp4\"><\/video><\/figure>\n\n\n\n<p>El grup municipal socialista a l&#8217;Ajuntament de Castell\u00f3 ha qualificat de \u201cinacceptable\u201d que l&#8217;alcaldessa, Bego\u00f1a Carrasco, \u201cs&#8217;haja plegat al negacionisme dels seus amics de la ultradreta per a evitar utilitzar el terme de viol\u00e8ncia masclista\u2019 i deixar-lo en un gen\u00e8ric \u2018viol\u00e8ncia contra la dona\u2019 que reflecteix el seu menyspreu per tot el que est\u00e0 lluitant la societat espanyola durant tots aquests anys per a fer front a aquesta xacra\u201d.<\/p>\n\n\n\n<p>Aix\u00ed ho assenyala M\u00f3nica Barab\u00e1s, regidora del grup socialista, despr\u00e9s d&#8217;escoltar la resposta de Bego\u00f1a Carrasco en la sessi\u00f3 plen\u00e0ria d&#8217;ahir dijous, \u201ca una pregunta molt senzilla com era si l&#8217;alcaldessa mantindr\u00e0 el treball que s&#8217;ha estat realitzant durant aquests huit anys a l&#8217;ajuntament per a condemnar i combatre la viol\u00e8ncia masclista\u201d.<\/p>\n\n\n\n<p>Carrasco, com pot escoltar-se en el v\u00eddeo que recull la sessi\u00f3 plen\u00e0ria d&#8217;aquest dijous 14 de setembre, afirma que \u201c<em>aquest ajuntament tractar\u00e0 d&#8217;ajudar i protegir a totes les dones que siguen v\u00edctimes de la viol\u00e8ncia contra les dones<\/em>\u201d, per la qual cosa \u201cens mostra clarament que ha esborrat ja del seu discurs el terme \u2018viol\u00e8ncia masclista,\u2019, assumint aix\u00ed les tesis de la ultradreta\u201d.<\/p>\n\n\n\n<p>De fet, ja en el pacte de govern PP i Vox \u201cens van deixar clar qu\u00e8 pensen sobre la viol\u00e8ncia masclista en eliminar qualsevol accepci\u00f3 i integrar-ho en una \u00e0rea global sobre la viol\u00e8ncia\u201d.<\/p>\n\n\n\n<p>Per a la regidora socialista \u201c\u00e9s lamentable aquest pas arrere, quan portem ja aquest any 44 assassinats de dones a les mans de les seues parella o exparelles a Espanya\u201d, Segons M\u00f3nica Barab\u00e1s, \u201ccomencem blanquejat termes, seguim amb l&#8217;eliminaci\u00f3 de \u2018viol\u00e8ncia masclista\u2019 en les pancartes institucionals i qui sap el que ens trobarem despr\u00e9s\u201d.<\/p>\n\n\n\n<p>A m\u00e9s, tot aix\u00f2 es produeix just quan veiem que el seu cap el la Generalitat, Carlos Maz\u00f3n, \u201cens estava colant a un sotssecretari de Just\u00edcia que ha sigut condemnat per viol\u00e8ncia masclista, que afortunadament ja ha sigut destitu\u00eft\u201d.<\/p>\n","protected":false},"excerpt":{"rendered":"<p>El grup municipal socialista a l&#8217;Ajuntament de Castell\u00f3 ha qualificat de \u201cinacceptable\u201d que l&#8217;alcaldessa, Bego\u00f1a Carrasco, \u201cs&#8217;haja plegat al negacionisme dels seus amics de la ultradreta per a evitar utilitzar el terme de viol\u00e8ncia masclista\u2019 i deixar-lo en un gen\u00e8ric \u2018viol\u00e8ncia contra la dona\u2019 que reflecteix el seu menyspreu per tot el que est\u00e0 lluitant &#8230;<\/p>\n","protected":false},"author":48,"featured_media":2527,"comment_status":"open","ping_status":"open","sticky":false,"template":"","format":"standard","meta":{"_jetpack_memberships_contains_paid_content":false,"footnotes":"","jetpack_publicize_message":"","jetpack_publicize_feature_enabled":true,"jetpack_social_post_already_shared":false,"jetpack_social_options":{"image_generator_settings":{"template":"highway","default_image_id":0,"font":"","enabled":false},"version":2}},"categories":[22],"tags":[109],"class_list":["post-2537","post","type-post","status-publish","format-standard","has-post-thumbnail","hentry","category-gms-va","tag-monica-barabas-va"],"yoast_head":"<!-- This site is optimized with the Yoast SEO plugin v24.0 - https:\/\/yoast.com\/wordpress\/plugins\/seo\/ -->\n<title>El PSPV acusa a Bego\u00f1a Carrasco d&#039;assumir les tesis de Vox sobre la viol\u00e8ncia masclista en negar el terme en el ple i definir-lo nom\u00e9s com a \u2018viol\u00e8ncia contra la dona\u2019 - PSPV-PSOE CASTELL\u00d3<\/title>\n<meta name=\"robots\" content=\"index, follow, max-snippet:-1, max-image-preview:large, max-video-preview:-1\" \/>\n<link rel=\"canonical\" href=\"https:\/\/agrupacionespsoe.es\/castello\/va\/el-pspv-acusa-a-begona-carrasco-dassumir-les-tesis-de-vox-sobre-la-violencia-masclista-en-negar-el-terme-en-el-ple-i-definir-lo-nomes-com-a-violencia-contra-la-dona\/\" \/>\n<meta property=\"og:locale\" content=\"es_ES\" \/>\n<meta property=\"og:type\" content=\"article\" \/>\n<meta property=\"og:title\" content=\"El PSPV acusa a Bego\u00f1a Carrasco d&#039;assumir les tesis de Vox sobre la viol\u00e8ncia masclista en negar el terme en el ple i definir-lo nom\u00e9s com a \u2018viol\u00e8ncia contra la dona\u2019 - PSPV-PSOE CASTELL\u00d3\" \/>\n<meta property=\"og:description\" content=\"El grup municipal socialista a l&#8217;Ajuntament de Castell\u00f3 ha qualificat de \u201cinacceptable\u201d que l&#8217;alcaldessa, Bego\u00f1a Carrasco, \u201cs&#8217;haja plegat al negacionisme dels seus amics de la ultradreta per a evitar utilitzar el terme de viol\u00e8ncia masclista\u2019 i deixar-lo en un gen\u00e8ric \u2018viol\u00e8ncia contra la dona\u2019 que reflecteix el seu menyspreu per tot el que est\u00e0 lluitant ...\" \/>\n<meta property=\"og:url\" content=\"https:\/\/agrupacionespsoe.es\/castello\/va\/el-pspv-acusa-a-begona-carrasco-dassumir-les-tesis-de-vox-sobre-la-violencia-masclista-en-negar-el-terme-en-el-ple-i-definir-lo-nomes-com-a-violencia-contra-la-dona\/\" \/>\n<meta property=\"og:site_name\" content=\"PSPV-PSOE CASTELL\u00d3\" \/>\n<meta property=\"article:publisher\" content=\"https:\/\/www.facebook.com\/pspv.castellodelaplana\" \/>\n<meta property=\"article:published_time\" content=\"2023-09-15T11:59:43+00:00\" \/>\n<meta property=\"article:modified_time\" content=\"2024-06-19T09:21:14+00:00\" \/>\n<meta property=\"og:image\" content=\"https:\/\/agrupacionespsoe.es\/castello\/wp-content\/uploads\/sites\/45\/2023\/09\/20230915-El-PSPV-acusa-a-Begona-Carrasco-de-asumir-las-tesis-de-Vox-sobre-la-violencia-machista-al-negar-el-termino-en-el-pleno-y-definirlo-solo-como-\u2018violencia-contra-la-mujer-scaled.jpg\" \/>\n\t<meta property=\"og:image:width\" content=\"2560\" \/>\n\t<meta property=\"og:image:height\" content=\"1707\" \/>\n\t<meta property=\"og:image:type\" content=\"image\/jpeg\" \/>\n<meta name=\"author\" content=\"castello1\" \/>\n<meta name=\"twitter:card\" content=\"summary_large_image\" \/>\n<meta name=\"twitter:creator\" content=\"@pspv_cs\" \/>\n<meta name=\"twitter:site\" content=\"@pspv_cs\" \/>\n<meta name=\"twitter:label1\" content=\"Escrito por\" \/>\n\t<meta name=\"twitter:data1\" content=\"castello1\" \/>\n\t<meta name=\"twitter:label2\" content=\"Tiempo de lectura\" \/>\n\t<meta name=\"twitter:data2\" content=\"2 minutos\" \/>\n<script type=\"application\/ld+json\" class=\"yoast-schema-graph\">{\"@context\":\"https:\/\/schema.org\",\"@graph\":[{\"@type\":\"Article\",\"@id\":\"https:\/\/agrupacionespsoe.es\/castello\/va\/el-pspv-acusa-a-begona-carrasco-dassumir-les-tesis-de-vox-sobre-la-violencia-masclista-en-negar-el-terme-en-el-ple-i-definir-lo-nomes-com-a-violencia-contra-la-dona\/#article\",\"isPartOf\":{\"@id\":\"https:\/\/agrupacionespsoe.es\/castello\/va\/el-pspv-acusa-a-begona-carrasco-dassumir-les-tesis-de-vox-sobre-la-violencia-masclista-en-negar-el-terme-en-el-ple-i-definir-lo-nomes-com-a-violencia-contra-la-dona\/\"},\"author\":{\"name\":\"castello1\",\"@id\":\"https:\/\/agrupacionespsoe.es\/castello\/#\/schema\/person\/f3bc5b2f9dc6a399e9e98596ae24a20a\"},\"headline\":\"El PSPV acusa a Bego\u00f1a Carrasco d&#8217;assumir les tesis de Vox sobre la viol\u00e8ncia masclista en negar el terme en el ple i definir-lo nom\u00e9s com a \u2018viol\u00e8ncia contra la dona\u2019\",\"datePublished\":\"2023-09-15T11:59:43+00:00\",\"dateModified\":\"2024-06-19T09:21:14+00:00\",\"mainEntityOfPage\":{\"@id\":\"https:\/\/agrupacionespsoe.es\/castello\/va\/el-pspv-acusa-a-begona-carrasco-dassumir-les-tesis-de-vox-sobre-la-violencia-masclista-en-negar-el-terme-en-el-ple-i-definir-lo-nomes-com-a-violencia-contra-la-dona\/\"},\"wordCount\":370,\"commentCount\":0,\"publisher\":{\"@id\":\"https:\/\/agrupacionespsoe.es\/castello\/#organization\"},\"image\":{\"@id\":\"https:\/\/agrupacionespsoe.es\/castello\/va\/el-pspv-acusa-a-begona-carrasco-dassumir-les-tesis-de-vox-sobre-la-violencia-masclista-en-negar-el-terme-en-el-ple-i-definir-lo-nomes-com-a-violencia-contra-la-dona\/#primaryimage\"},\"thumbnailUrl\":\"https:\/\/agrupacionespsoe.es\/castello\/wp-content\/uploads\/sites\/45\/2023\/09\/20230915-El-PSPV-acusa-a-Begona-Carrasco-de-asumir-las-tesis-de-Vox-sobre-la-violencia-machista-al-negar-el-termino-en-el-pleno-y-definirlo-solo-como-\u2018violencia-contra-la-mujer-scaled.jpg\",\"keywords\":[\"M\u00f3nica Barab\u00e1s\"],\"articleSection\":[\"Grup Municipal Socialista\"],\"inLanguage\":\"es\",\"potentialAction\":[{\"@type\":\"CommentAction\",\"name\":\"Comment\",\"target\":[\"https:\/\/agrupacionespsoe.es\/castello\/va\/el-pspv-acusa-a-begona-carrasco-dassumir-les-tesis-de-vox-sobre-la-violencia-masclista-en-negar-el-terme-en-el-ple-i-definir-lo-nomes-com-a-violencia-contra-la-dona\/#respond\"]}]},{\"@type\":\"WebPage\",\"@id\":\"https:\/\/agrupacionespsoe.es\/castello\/va\/el-pspv-acusa-a-begona-carrasco-dassumir-les-tesis-de-vox-sobre-la-violencia-masclista-en-negar-el-terme-en-el-ple-i-definir-lo-nomes-com-a-violencia-contra-la-dona\/\",\"url\":\"https:\/\/agrupacionespsoe.es\/castello\/va\/el-pspv-acusa-a-begona-carrasco-dassumir-les-tesis-de-vox-sobre-la-violencia-masclista-en-negar-el-terme-en-el-ple-i-definir-lo-nomes-com-a-violencia-contra-la-dona\/\",\"name\":\"El PSPV acusa a Bego\u00f1a Carrasco d'assumir les tesis de Vox sobre la viol\u00e8ncia masclista en negar el terme en el ple i definir-lo nom\u00e9s com a \u2018viol\u00e8ncia contra la dona\u2019 - PSPV-PSOE CASTELL\u00d3\",\"isPartOf\":{\"@id\":\"https:\/\/agrupacionespsoe.es\/castello\/#website\"},\"primaryImageOfPage\":{\"@id\":\"https:\/\/agrupacionespsoe.es\/castello\/va\/el-pspv-acusa-a-begona-carrasco-dassumir-les-tesis-de-vox-sobre-la-violencia-masclista-en-negar-el-terme-en-el-ple-i-definir-lo-nomes-com-a-violencia-contra-la-dona\/#primaryimage\"},\"image\":{\"@id\":\"https:\/\/agrupacionespsoe.es\/castello\/va\/el-pspv-acusa-a-begona-carrasco-dassumir-les-tesis-de-vox-sobre-la-violencia-masclista-en-negar-el-terme-en-el-ple-i-definir-lo-nomes-com-a-violencia-contra-la-dona\/#primaryimage\"},\"thumbnailUrl\":\"https:\/\/agrupacionespsoe.es\/castello\/wp-content\/uploads\/sites\/45\/2023\/09\/20230915-El-PSPV-acusa-a-Begona-Carrasco-de-asumir-las-tesis-de-Vox-sobre-la-violencia-machista-al-negar-el-termino-en-el-pleno-y-definirlo-solo-como-\u2018violencia-contra-la-mujer-scaled.jpg\",\"datePublished\":\"2023-09-15T11:59:43+00:00\",\"dateModified\":\"2024-06-19T09:21:14+00:00\",\"breadcrumb\":{\"@id\":\"https:\/\/agrupacionespsoe.es\/castello\/va\/el-pspv-acusa-a-begona-carrasco-dassumir-les-tesis-de-vox-sobre-la-violencia-masclista-en-negar-el-terme-en-el-ple-i-definir-lo-nomes-com-a-violencia-contra-la-dona\/#breadcrumb\"},\"inLanguage\":\"es\",\"potentialAction\":[{\"@type\":\"ReadAction\",\"target\":[\"https:\/\/agrupacionespsoe.es\/castello\/va\/el-pspv-acusa-a-begona-carrasco-dassumir-les-tesis-de-vox-sobre-la-violencia-masclista-en-negar-el-terme-en-el-ple-i-definir-lo-nomes-com-a-violencia-contra-la-dona\/\"]}]},{\"@type\":\"ImageObject\",\"inLanguage\":\"es\",\"@id\":\"https:\/\/agrupacionespsoe.es\/castello\/va\/el-pspv-acusa-a-begona-carrasco-dassumir-les-tesis-de-vox-sobre-la-violencia-masclista-en-negar-el-terme-en-el-ple-i-definir-lo-nomes-com-a-violencia-contra-la-dona\/#primaryimage\",\"url\":\"https:\/\/agrupacionespsoe.es\/castello\/wp-content\/uploads\/sites\/45\/2023\/09\/20230915-El-PSPV-acusa-a-Begona-Carrasco-de-asumir-las-tesis-de-Vox-sobre-la-violencia-machista-al-negar-el-termino-en-el-pleno-y-definirlo-solo-como-\u2018violencia-contra-la-mujer-scaled.jpg\",\"contentUrl\":\"https:\/\/agrupacionespsoe.es\/castello\/wp-content\/uploads\/sites\/45\/2023\/09\/20230915-El-PSPV-acusa-a-Begona-Carrasco-de-asumir-las-tesis-de-Vox-sobre-la-violencia-machista-al-negar-el-termino-en-el-pleno-y-definirlo-solo-como-\u2018violencia-contra-la-mujer-scaled.jpg\",\"width\":2560,\"height\":1707},{\"@type\":\"BreadcrumbList\",\"@id\":\"https:\/\/agrupacionespsoe.es\/castello\/va\/el-pspv-acusa-a-begona-carrasco-dassumir-les-tesis-de-vox-sobre-la-violencia-masclista-en-negar-el-terme-en-el-ple-i-definir-lo-nomes-com-a-violencia-contra-la-dona\/#breadcrumb\",\"itemListElement\":[{\"@type\":\"ListItem\",\"position\":1,\"name\":\"Portada\",\"item\":\"https:\/\/agrupacionespsoe.es\/castello\/\"},{\"@type\":\"ListItem\",\"position\":2,\"name\":\"El PSPV acusa a Bego\u00f1a Carrasco d&#8217;assumir les tesis de Vox sobre la viol\u00e8ncia masclista en negar el terme en el ple i definir-lo nom\u00e9s com a \u2018viol\u00e8ncia contra la dona\u2019\"}]},{\"@type\":\"WebSite\",\"@id\":\"https:\/\/agrupacionespsoe.es\/castello\/#website\",\"url\":\"https:\/\/agrupacionespsoe.es\/castello\/\",\"name\":\"PSPV-PSOE CASTELL\u00d3\",\"description\":\"PSPV-PSOE | Agrupaci\u00f3 de Castell\u00f3\",\"publisher\":{\"@id\":\"https:\/\/agrupacionespsoe.es\/castello\/#organization\"},\"potentialAction\":[{\"@type\":\"SearchAction\",\"target\":{\"@type\":\"EntryPoint\",\"urlTemplate\":\"https:\/\/agrupacionespsoe.es\/castello\/?s={search_term_string}\"},\"query-input\":{\"@type\":\"PropertyValueSpecification\",\"valueRequired\":true,\"valueName\":\"search_term_string\"}}],\"inLanguage\":\"es\"},{\"@type\":\"Organization\",\"@id\":\"https:\/\/agrupacionespsoe.es\/castello\/#organization\",\"name\":\"PSPV-PSOE Castell\u00f3\",\"url\":\"https:\/\/agrupacionespsoe.es\/castello\/\",\"logo\":{\"@type\":\"ImageObject\",\"inLanguage\":\"es\",\"@id\":\"https:\/\/agrupacionespsoe.es\/castello\/#\/schema\/logo\/image\/\",\"url\":\"https:\/\/agrupacionespsoe.es\/castello\/wp-content\/uploads\/sites\/45\/2023\/04\/PORTADA-PSOE-CASTELLO.jpg\",\"contentUrl\":\"https:\/\/agrupacionespsoe.es\/castello\/wp-content\/uploads\/sites\/45\/2023\/04\/PORTADA-PSOE-CASTELLO.jpg\",\"width\":2500,\"height\":2500,\"caption\":\"PSPV-PSOE Castell\u00f3\"},\"image\":{\"@id\":\"https:\/\/agrupacionespsoe.es\/castello\/#\/schema\/logo\/image\/\"},\"sameAs\":[\"https:\/\/www.facebook.com\/pspv.castellodelaplana\",\"https:\/\/x.com\/pspv_cs\",\"https:\/\/www.instagram.com\/pspvpsoecastello\/\"]},{\"@type\":\"Person\",\"@id\":\"https:\/\/agrupacionespsoe.es\/castello\/#\/schema\/person\/f3bc5b2f9dc6a399e9e98596ae24a20a\",\"name\":\"castello1\",\"image\":{\"@type\":\"ImageObject\",\"inLanguage\":\"es\",\"@id\":\"https:\/\/agrupacionespsoe.es\/castello\/#\/schema\/person\/image\/\",\"url\":\"https:\/\/secure.gravatar.com\/avatar\/5f1da428d6479d1127419c0b58796865?s=96&d=mm&r=g\",\"contentUrl\":\"https:\/\/secure.gravatar.com\/avatar\/5f1da428d6479d1127419c0b58796865?s=96&d=mm&r=g\",\"caption\":\"castello1\"},\"url\":\"https:\/\/agrupacionespsoe.es\/castello\/author\/castello1\/\"}]}<\/script>\n<!-- \/ Yoast SEO plugin. -->","yoast_head_json":{"title":"El PSPV acusa a Bego\u00f1a Carrasco d'assumir les tesis de Vox sobre la viol\u00e8ncia masclista en negar el terme en el ple i definir-lo nom\u00e9s com a \u2018viol\u00e8ncia contra la dona\u2019 - PSPV-PSOE CASTELL\u00d3","robots":{"index":"index","follow":"follow","max-snippet":"max-snippet:-1","max-image-preview":"max-image-preview:large","max-video-preview":"max-video-preview:-1"},"canonical":"https:\/\/agrupacionespsoe.es\/castello\/va\/el-pspv-acusa-a-begona-carrasco-dassumir-les-tesis-de-vox-sobre-la-violencia-masclista-en-negar-el-terme-en-el-ple-i-definir-lo-nomes-com-a-violencia-contra-la-dona\/","og_locale":"es_ES","og_type":"article","og_title":"El PSPV acusa a Bego\u00f1a Carrasco d'assumir les tesis de Vox sobre la viol\u00e8ncia masclista en negar el terme en el ple i definir-lo nom\u00e9s com a \u2018viol\u00e8ncia contra la dona\u2019 - PSPV-PSOE CASTELL\u00d3","og_description":"El grup municipal socialista a l&#8217;Ajuntament de Castell\u00f3 ha qualificat de \u201cinacceptable\u201d que l&#8217;alcaldessa, Bego\u00f1a Carrasco, \u201cs&#8217;haja plegat al negacionisme dels seus amics de la ultradreta per a evitar utilitzar el terme de viol\u00e8ncia masclista\u2019 i deixar-lo en un gen\u00e8ric \u2018viol\u00e8ncia contra la dona\u2019 que reflecteix el seu menyspreu per tot el que est\u00e0 lluitant ...","og_url":"https:\/\/agrupacionespsoe.es\/castello\/va\/el-pspv-acusa-a-begona-carrasco-dassumir-les-tesis-de-vox-sobre-la-violencia-masclista-en-negar-el-terme-en-el-ple-i-definir-lo-nomes-com-a-violencia-contra-la-dona\/","og_site_name":"PSPV-PSOE CASTELL\u00d3","article_publisher":"https:\/\/www.facebook.com\/pspv.castellodelaplana","article_published_time":"2023-09-15T11:59:43+00:00","article_modified_time":"2024-06-19T09:21:14+00:00","og_image":[{"width":2560,"height":1707,"url":"https:\/\/agrupacionespsoe.es\/castello\/wp-content\/uploads\/sites\/45\/2023\/09\/20230915-El-PSPV-acusa-a-Begona-Carrasco-de-asumir-las-tesis-de-Vox-sobre-la-violencia-machista-al-negar-el-termino-en-el-pleno-y-definirlo-solo-como-\u2018violencia-contra-la-mujer-scaled.jpg","type":"image\/jpeg"}],"author":"castello1","twitter_card":"summary_large_image","twitter_creator":"@pspv_cs","twitter_site":"@pspv_cs","twitter_misc":{"Escrito por":"castello1","Tiempo de lectura":"2 minutos"},"schema":{"@context":"https:\/\/schema.org","@graph":[{"@type":"Article","@id":"https:\/\/agrupacionespsoe.es\/castello\/va\/el-pspv-acusa-a-begona-carrasco-dassumir-les-tesis-de-vox-sobre-la-violencia-masclista-en-negar-el-terme-en-el-ple-i-definir-lo-nomes-com-a-violencia-contra-la-dona\/#article","isPartOf":{"@id":"https:\/\/agrupacionespsoe.es\/castello\/va\/el-pspv-acusa-a-begona-carrasco-dassumir-les-tesis-de-vox-sobre-la-violencia-masclista-en-negar-el-terme-en-el-ple-i-definir-lo-nomes-com-a-violencia-contra-la-dona\/"},"author":{"name":"castello1","@id":"https:\/\/agrupacionespsoe.es\/castello\/#\/schema\/person\/f3bc5b2f9dc6a399e9e98596ae24a20a"},"headline":"El PSPV acusa a Bego\u00f1a Carrasco d&#8217;assumir les tesis de Vox sobre la viol\u00e8ncia masclista en negar el terme en el ple i definir-lo nom\u00e9s com a \u2018viol\u00e8ncia contra la dona\u2019","datePublished":"2023-09-15T11:59:43+00:00","dateModified":"2024-06-19T09:21:14+00:00","mainEntityOfPage":{"@id":"https:\/\/agrupacionespsoe.es\/castello\/va\/el-pspv-acusa-a-begona-carrasco-dassumir-les-tesis-de-vox-sobre-la-violencia-masclista-en-negar-el-terme-en-el-ple-i-definir-lo-nomes-com-a-violencia-contra-la-dona\/"},"wordCount":370,"commentCount":0,"publisher":{"@id":"https:\/\/agrupacionespsoe.es\/castello\/#organization"},"image":{"@id":"https:\/\/agrupacionespsoe.es\/castello\/va\/el-pspv-acusa-a-begona-carrasco-dassumir-les-tesis-de-vox-sobre-la-violencia-masclista-en-negar-el-terme-en-el-ple-i-definir-lo-nomes-com-a-violencia-contra-la-dona\/#primaryimage"},"thumbnailUrl":"https:\/\/agrupacionespsoe.es\/castello\/wp-content\/uploads\/sites\/45\/2023\/09\/20230915-El-PSPV-acusa-a-Begona-Carrasco-de-asumir-las-tesis-de-Vox-sobre-la-violencia-machista-al-negar-el-termino-en-el-pleno-y-definirlo-solo-como-\u2018violencia-contra-la-mujer-scaled.jpg","keywords":["M\u00f3nica Barab\u00e1s"],"articleSection":["Grup Municipal Socialista"],"inLanguage":"es","potentialAction":[{"@type":"CommentAction","name":"Comment","target":["https:\/\/agrupacionespsoe.es\/castello\/va\/el-pspv-acusa-a-begona-carrasco-dassumir-les-tesis-de-vox-sobre-la-violencia-masclista-en-negar-el-terme-en-el-ple-i-definir-lo-nomes-com-a-violencia-contra-la-dona\/#respond"]}]},{"@type":"WebPage","@id":"https:\/\/agrupacionespsoe.es\/castello\/va\/el-pspv-acusa-a-begona-carrasco-dassumir-les-tesis-de-vox-sobre-la-violencia-masclista-en-negar-el-terme-en-el-ple-i-definir-lo-nomes-com-a-violencia-contra-la-dona\/","url":"https:\/\/agrupacionespsoe.es\/castello\/va\/el-pspv-acusa-a-begona-carrasco-dassumir-les-tesis-de-vox-sobre-la-violencia-masclista-en-negar-el-terme-en-el-ple-i-definir-lo-nomes-com-a-violencia-contra-la-dona\/","name":"El PSPV acusa a Bego\u00f1a Carrasco d'assumir les tesis de Vox sobre la viol\u00e8ncia masclista en negar el terme en el ple i definir-lo nom\u00e9s com a \u2018viol\u00e8ncia contra la dona\u2019 - PSPV-PSOE CASTELL\u00d3","isPartOf":{"@id":"https:\/\/agrupacionespsoe.es\/castello\/#website"},"primaryImageOfPage":{"@id":"https:\/\/agrupacionespsoe.es\/castello\/va\/el-pspv-acusa-a-begona-carrasco-dassumir-les-tesis-de-vox-sobre-la-violencia-masclista-en-negar-el-terme-en-el-ple-i-definir-lo-nomes-com-a-violencia-contra-la-dona\/#primaryimage"},"image":{"@id":"https:\/\/agrupacionespsoe.es\/castello\/va\/el-pspv-acusa-a-begona-carrasco-dassumir-les-tesis-de-vox-sobre-la-violencia-masclista-en-negar-el-terme-en-el-ple-i-definir-lo-nomes-com-a-violencia-contra-la-dona\/#primaryimage"},"thumbnailUrl":"https:\/\/agrupacionespsoe.es\/castello\/wp-content\/uploads\/sites\/45\/2023\/09\/20230915-El-PSPV-acusa-a-Begona-Carrasco-de-asumir-las-tesis-de-Vox-sobre-la-violencia-machista-al-negar-el-termino-en-el-pleno-y-definirlo-solo-como-\u2018violencia-contra-la-mujer-scaled.jpg","datePublished":"2023-09-15T11:59:43+00:00","dateModified":"2024-06-19T09:21:14+00:00","breadcrumb":{"@id":"https:\/\/agrupacionespsoe.es\/castello\/va\/el-pspv-acusa-a-begona-carrasco-dassumir-les-tesis-de-vox-sobre-la-violencia-masclista-en-negar-el-terme-en-el-ple-i-definir-lo-nomes-com-a-violencia-contra-la-dona\/#breadcrumb"},"inLanguage":"es","potentialAction":[{"@type":"ReadAction","target":["https:\/\/agrupacionespsoe.es\/castello\/va\/el-pspv-acusa-a-begona-carrasco-dassumir-les-tesis-de-vox-sobre-la-violencia-masclista-en-negar-el-terme-en-el-ple-i-definir-lo-nomes-com-a-violencia-contra-la-dona\/"]}]},{"@type":"ImageObject","inLanguage":"es","@id":"https:\/\/agrupacionespsoe.es\/castello\/va\/el-pspv-acusa-a-begona-carrasco-dassumir-les-tesis-de-vox-sobre-la-violencia-masclista-en-negar-el-terme-en-el-ple-i-definir-lo-nomes-com-a-violencia-contra-la-dona\/#primaryimage","url":"https:\/\/agrupacionespsoe.es\/castello\/wp-content\/uploads\/sites\/45\/2023\/09\/20230915-El-PSPV-acusa-a-Begona-Carrasco-de-asumir-las-tesis-de-Vox-sobre-la-violencia-machista-al-negar-el-termino-en-el-pleno-y-definirlo-solo-como-\u2018violencia-contra-la-mujer-scaled.jpg","contentUrl":"https:\/\/agrupacionespsoe.es\/castello\/wp-content\/uploads\/sites\/45\/2023\/09\/20230915-El-PSPV-acusa-a-Begona-Carrasco-de-asumir-las-tesis-de-Vox-sobre-la-violencia-machista-al-negar-el-termino-en-el-pleno-y-definirlo-solo-como-\u2018violencia-contra-la-mujer-scaled.jpg","width":2560,"height":1707},{"@type":"BreadcrumbList","@id":"https:\/\/agrupacionespsoe.es\/castello\/va\/el-pspv-acusa-a-begona-carrasco-dassumir-les-tesis-de-vox-sobre-la-violencia-masclista-en-negar-el-terme-en-el-ple-i-definir-lo-nomes-com-a-violencia-contra-la-dona\/#breadcrumb","itemListElement":[{"@type":"ListItem","position":1,"name":"Portada","item":"https:\/\/agrupacionespsoe.es\/castello\/"},{"@type":"ListItem","position":2,"name":"El PSPV acusa a Bego\u00f1a Carrasco d&#8217;assumir les tesis de Vox sobre la viol\u00e8ncia masclista en negar el terme en el ple i definir-lo nom\u00e9s com a \u2018viol\u00e8ncia contra la dona\u2019"}]},{"@type":"WebSite","@id":"https:\/\/agrupacionespsoe.es\/castello\/#website","url":"https:\/\/agrupacionespsoe.es\/castello\/","name":"PSPV-PSOE CASTELL\u00d3","description":"PSPV-PSOE | Agrupaci\u00f3 de Castell\u00f3","publisher":{"@id":"https:\/\/agrupacionespsoe.es\/castello\/#organization"},"potentialAction":[{"@type":"SearchAction","target":{"@type":"EntryPoint","urlTemplate":"https:\/\/agrupacionespsoe.es\/castello\/?s={search_term_string}"},"query-input":{"@type":"PropertyValueSpecification","valueRequired":true,"valueName":"search_term_string"}}],"inLanguage":"es"},{"@type":"Organization","@id":"https:\/\/agrupacionespsoe.es\/castello\/#organization","name":"PSPV-PSOE Castell\u00f3","url":"https:\/\/agrupacionespsoe.es\/castello\/","logo":{"@type":"ImageObject","inLanguage":"es","@id":"https:\/\/agrupacionespsoe.es\/castello\/#\/schema\/logo\/image\/","url":"https:\/\/agrupacionespsoe.es\/castello\/wp-content\/uploads\/sites\/45\/2023\/04\/PORTADA-PSOE-CASTELLO.jpg","contentUrl":"https:\/\/agrupacionespsoe.es\/castello\/wp-content\/uploads\/sites\/45\/2023\/04\/PORTADA-PSOE-CASTELLO.jpg","width":2500,"height":2500,"caption":"PSPV-PSOE Castell\u00f3"},"image":{"@id":"https:\/\/agrupacionespsoe.es\/castello\/#\/schema\/logo\/image\/"},"sameAs":["https:\/\/www.facebook.com\/pspv.castellodelaplana","https:\/\/x.com\/pspv_cs","https:\/\/www.instagram.com\/pspvpsoecastello\/"]},{"@type":"Person","@id":"https:\/\/agrupacionespsoe.es\/castello\/#\/schema\/person\/f3bc5b2f9dc6a399e9e98596ae24a20a","name":"castello1","image":{"@type":"ImageObject","inLanguage":"es","@id":"https:\/\/agrupacionespsoe.es\/castello\/#\/schema\/person\/image\/","url":"https:\/\/secure.gravatar.com\/avatar\/5f1da428d6479d1127419c0b58796865?s=96&d=mm&r=g","contentUrl":"https:\/\/secure.gravatar.com\/avatar\/5f1da428d6479d1127419c0b58796865?s=96&d=mm&r=g","caption":"castello1"},"url":"https:\/\/agrupacionespsoe.es\/castello\/author\/castello1\/"}]}},"jetpack_publicize_connections":[],"jetpack_featured_media_url":"https:\/\/agrupacionespsoe.es\/castello\/wp-content\/uploads\/sites\/45\/2023\/09\/20230915-El-PSPV-acusa-a-Begona-Carrasco-de-asumir-las-tesis-de-Vox-sobre-la-violencia-machista-al-negar-el-termino-en-el-pleno-y-definirlo-solo-como-\u2018violencia-contra-la-mujer-scaled.jpg","jetpack_sharing_enabled":true,"_links":{"self":[{"href":"https:\/\/agrupacionespsoe.es\/castello\/wp-json\/wp\/v2\/posts\/2537","targetHints":{"allow":["GET"]}}],"collection":[{"href":"https:\/\/agrupacionespsoe.es\/castello\/wp-json\/wp\/v2\/posts"}],"about":[{"href":"https:\/\/agrupacionespsoe.es\/castello\/wp-json\/wp\/v2\/types\/post"}],"author":[{"embeddable":true,"href":"https:\/\/agrupacionespsoe.es\/castello\/wp-json\/wp\/v2\/users\/48"}],"replies":[{"embeddable":true,"href":"https:\/\/agrupacionespsoe.es\/castello\/wp-json\/wp\/v2\/comments?post=2537"}],"version-history":[{"count":4,"href":"https:\/\/agrupacionespsoe.es\/castello\/wp-json\/wp\/v2\/posts\/2537\/revisions"}],"predecessor-version":[{"id":2605,"href":"https:\/\/agrupacionespsoe.es\/castello\/wp-json\/wp\/v2\/posts\/2537\/revisions\/2605"}],"wp:featuredmedia":[{"embeddable":true,"href":"https:\/\/agrupacionespsoe.es\/castello\/wp-json\/wp\/v2\/media\/2527"}],"wp:attachment":[{"href":"https:\/\/agrupacionespsoe.es\/castello\/wp-json\/wp\/v2\/media?parent=2537"}],"wp:term":[{"taxonomy":"category","embeddable":true,"href":"https:\/\/agrupacionespsoe.es\/castello\/wp-json\/wp\/v2\/categories?post=2537"},{"taxonomy":"post_tag","embeddable":true,"href":"https:\/\/agrupacionespsoe.es\/castello\/wp-json\/wp\/v2\/tags?post=2537"}],"curies":[{"name":"wp","href":"https:\/\/api.w.org\/{rel}","templated":true}]}}