{"id":2524,"date":"2023-09-15T13:44:33","date_gmt":"2023-09-15T11:44:33","guid":{"rendered":"https:\/\/agrupacionespsoe.es\/castello\/?p=2524"},"modified":"2023-09-16T10:20:06","modified_gmt":"2023-09-16T08:20:06","slug":"pp-y-vox-tal-para-cual","status":"publish","type":"post","link":"https:\/\/agrupacionespsoe.es\/castello\/pp-y-vox-tal-para-cual\/","title":{"rendered":"PP y Vox, tal para cual"},"content":{"rendered":"\n<p>Castell\u00f3 amaneci\u00f3 esta semana con un titular que no pas\u00f3 desapercibido.<em>&nbsp;\u2018Vox abre las puertas del Ayuntamiento de Castell\u00f3 a los activistas contra el aborto<\/em><strong>\u2019.&nbsp;<\/strong>No es que Vox sea un lobo con la piel de cordero, sino que m\u00e1s bien deja al descubierto a un Partido Popular que ha recibido con alfombra roja a la extrema derecha en los consistorios, diputaciones y comunidades donde gobiernan.<\/p>\n\n\n\n<p>\u00bfQu\u00e9 nos esper\u00e1bamos de los pactos de la verg\u00fcenza? \u00bfQue sigan con las pol\u00edticas sociales? \u00bfQue sigan con las pol\u00edticas de igualdad?<\/p>\n\n\n\n<p>PP y Vox son tal para cual, con la \u00fanica diferencia de que Vox hace lo que dice, mientras que el PP, menos valiente, act\u00faa por detr\u00e1s. Ser\u00e1 porque son de ideolog\u00edas parecidas, pero el peso de la experiencia pol\u00edtica, o la cobard\u00eda, modera m\u00e1s a los populares.<\/p>\n\n\n\n<p>Vox y PP han abierto las puertas del ayuntamiento a los antiabortistas, no les duele anunciarlo con satisfacci\u00f3n, pero quiero recordar aqu\u00ed dos hechos aparentemente no relacionados pero que eran premonitorios.<\/p>\n\n\n\n<p>El primero, el constante acoso organizado ante una cl\u00ednica de interrupci\u00f3n del embarazo en Valencia de octubre de 2022. El segundo, la Proposici\u00f3n No de Ley registrada por Vox en febrero de este a\u00f1o en la que demandaba la derogaci\u00f3n de la Ley de Aborto.<\/p>\n\n\n\n<p>Son dos escenarios que se van a repetir, porque Vox Castell\u00f3, con la bendici\u00f3n del Partido Popular, ser\u00e1 el promotor de acosos parecidos al de Valencia.\u00a0Y la Sra.<strong>\u00a0Carrasco<\/strong>\u00a0ser\u00e1 la m\u00e1xima responsable por permitirlo. Por eso,\u00a0<strong>desde el PSPV exigimos ya a la alcaldesa que se pronuncie p\u00fablicamente sobre si va a permitir que se repitan episodios de acosos como el de Valencia y qu\u00e9 va a hacer al respecto.<\/strong><\/p>\n\n\n\n<p>En clave nacional, que nadie dude de que la Ley del aborto estar\u00e1 derogada si el PP gobierna con Vox. Ya hay un precedente en Estados Unidos y Espa\u00f1a podr\u00eda ser la siguiente.<\/p>\n\n\n\n<p>Recordemos que el ala m\u00e1s rancia del PP ya plant\u00f3 cara con el aborto en el pasado. Es cuesti\u00f3n de tiempo que esta ley peligre, dado que Vox ser\u00e1 el brazo ejecutor del partido popular.<\/p>\n\n\n\n<p>Que no te enga\u00f1en, PP y Vox son iguales.<\/p>\n\n\n\n<p class=\"has-text-align-right\"><strong><em>M\u00f3nica Barab\u00e1s<\/em><br><\/strong><em>Concejala del Grupo Municipal Socialista<\/em> <em>en el Ayuntamiento de Castell\u00f3<\/em><\/p>\n","protected":false},"excerpt":{"rendered":"<p>Castell\u00f3 amaneci\u00f3 esta semana con un titular que no pas\u00f3 desapercibido.&nbsp;\u2018Vox abre las puertas del Ayuntamiento de Castell\u00f3 a los activistas contra el aborto\u2019.&nbsp;No es que Vox sea un lobo con la piel de cordero, sino que m\u00e1s bien deja al descubierto a un Partido Popular que ha recibido con alfombra roja a la extrema &#8230;<\/p>\n","protected":false},"author":48,"featured_media":511,"comment_status":"open","ping_status":"open","sticky":false,"template":"","format":"standard","meta":{"_jetpack_memberships_contains_paid_content":false,"footnotes":"","jetpack_publicize_message":"","jetpack_publicize_feature_enabled":true,"jetpack_social_post_already_shared":false,"jetpack_social_options":{"image_generator_settings":{"template":"highway","default_image_id":0,"font":"","enabled":false},"version":2}},"categories":[33,50],"tags":[107],"class_list":["post-2524","post","type-post","status-publish","format-standard","has-post-thumbnail","hentry","category-gms","category-opinion","tag-monica-barabas"],"yoast_head":"<!-- This site is optimized with the Yoast SEO plugin v24.0 - https:\/\/yoast.com\/wordpress\/plugins\/seo\/ -->\n<title>PP y Vox, tal para cual - PSPV-PSOE CASTELL\u00d3<\/title>\n<meta name=\"robots\" content=\"index, follow, max-snippet:-1, max-image-preview:large, max-video-preview:-1\" \/>\n<link rel=\"canonical\" href=\"https:\/\/agrupacionespsoe.es\/castello\/pp-y-vox-tal-para-cual\/\" \/>\n<meta property=\"og:locale\" content=\"es_ES\" \/>\n<meta property=\"og:type\" content=\"article\" \/>\n<meta property=\"og:title\" content=\"PP y Vox, tal para cual - PSPV-PSOE CASTELL\u00d3\" \/>\n<meta property=\"og:description\" content=\"Castell\u00f3 amaneci\u00f3 esta semana con un titular que no pas\u00f3 desapercibido.&nbsp;\u2018Vox abre las puertas del Ayuntamiento de Castell\u00f3 a los activistas contra el aborto\u2019.&nbsp;No es que Vox sea un lobo con la piel de cordero, sino que m\u00e1s bien deja al descubierto a un Partido Popular que ha recibido con alfombra roja a la extrema ...\" \/>\n<meta property=\"og:url\" content=\"https:\/\/agrupacionespsoe.es\/castello\/pp-y-vox-tal-para-cual\/\" \/>\n<meta property=\"og:site_name\" content=\"PSPV-PSOE CASTELL\u00d3\" \/>\n<meta property=\"article:publisher\" content=\"https:\/\/www.facebook.com\/pspv.castellodelaplana\" \/>\n<meta property=\"article:published_time\" content=\"2023-09-15T11:44:33+00:00\" \/>\n<meta property=\"article:modified_time\" content=\"2023-09-16T08:20:06+00:00\" \/>\n<meta property=\"og:image\" content=\"https:\/\/agrupacionespsoe.es\/castello\/wp-content\/uploads\/sites\/45\/2023\/04\/9.-MONICA-BARABAS-2-scaled.jpg\" \/>\n\t<meta property=\"og:image:width\" content=\"2560\" \/>\n\t<meta property=\"og:image:height\" content=\"2560\" \/>\n\t<meta property=\"og:image:type\" content=\"image\/jpeg\" \/>\n<meta name=\"author\" content=\"castello1\" \/>\n<meta name=\"twitter:card\" content=\"summary_large_image\" \/>\n<meta name=\"twitter:creator\" content=\"@pspv_cs\" \/>\n<meta name=\"twitter:site\" content=\"@pspv_cs\" \/>\n<meta name=\"twitter:label1\" content=\"Escrito por\" \/>\n\t<meta name=\"twitter:data1\" content=\"castello1\" \/>\n\t<meta name=\"twitter:label2\" content=\"Tiempo de lectura\" \/>\n\t<meta name=\"twitter:data2\" content=\"2 minutos\" \/>\n<script type=\"application\/ld+json\" class=\"yoast-schema-graph\">{\"@context\":\"https:\/\/schema.org\",\"@graph\":[{\"@type\":\"Article\",\"@id\":\"https:\/\/agrupacionespsoe.es\/castello\/pp-y-vox-tal-para-cual\/#article\",\"isPartOf\":{\"@id\":\"https:\/\/agrupacionespsoe.es\/castello\/pp-y-vox-tal-para-cual\/\"},\"author\":{\"name\":\"castello1\",\"@id\":\"https:\/\/agrupacionespsoe.es\/castello\/#\/schema\/person\/f3bc5b2f9dc6a399e9e98596ae24a20a\"},\"headline\":\"PP y Vox, tal para cual\",\"datePublished\":\"2023-09-15T11:44:33+00:00\",\"dateModified\":\"2023-09-16T08:20:06+00:00\",\"mainEntityOfPage\":{\"@id\":\"https:\/\/agrupacionespsoe.es\/castello\/pp-y-vox-tal-para-cual\/\"},\"wordCount\":407,\"commentCount\":0,\"publisher\":{\"@id\":\"https:\/\/agrupacionespsoe.es\/castello\/#organization\"},\"image\":{\"@id\":\"https:\/\/agrupacionespsoe.es\/castello\/pp-y-vox-tal-para-cual\/#primaryimage\"},\"thumbnailUrl\":\"https:\/\/agrupacionespsoe.es\/castello\/wp-content\/uploads\/sites\/45\/2023\/04\/9.-MONICA-BARABAS-2-scaled.jpg\",\"keywords\":[\"M\u00f3nica Barab\u00e1s\"],\"articleSection\":[\"Grupo Municipal Socialista\",\"Opini\u00f3n\"],\"inLanguage\":\"es\",\"potentialAction\":[{\"@type\":\"CommentAction\",\"name\":\"Comment\",\"target\":[\"https:\/\/agrupacionespsoe.es\/castello\/pp-y-vox-tal-para-cual\/#respond\"]}]},{\"@type\":\"WebPage\",\"@id\":\"https:\/\/agrupacionespsoe.es\/castello\/pp-y-vox-tal-para-cual\/\",\"url\":\"https:\/\/agrupacionespsoe.es\/castello\/pp-y-vox-tal-para-cual\/\",\"name\":\"PP y Vox, tal para cual - PSPV-PSOE CASTELL\u00d3\",\"isPartOf\":{\"@id\":\"https:\/\/agrupacionespsoe.es\/castello\/#website\"},\"primaryImageOfPage\":{\"@id\":\"https:\/\/agrupacionespsoe.es\/castello\/pp-y-vox-tal-para-cual\/#primaryimage\"},\"image\":{\"@id\":\"https:\/\/agrupacionespsoe.es\/castello\/pp-y-vox-tal-para-cual\/#primaryimage\"},\"thumbnailUrl\":\"https:\/\/agrupacionespsoe.es\/castello\/wp-content\/uploads\/sites\/45\/2023\/04\/9.-MONICA-BARABAS-2-scaled.jpg\",\"datePublished\":\"2023-09-15T11:44:33+00:00\",\"dateModified\":\"2023-09-16T08:20:06+00:00\",\"breadcrumb\":{\"@id\":\"https:\/\/agrupacionespsoe.es\/castello\/pp-y-vox-tal-para-cual\/#breadcrumb\"},\"inLanguage\":\"es\",\"potentialAction\":[{\"@type\":\"ReadAction\",\"target\":[\"https:\/\/agrupacionespsoe.es\/castello\/pp-y-vox-tal-para-cual\/\"]}]},{\"@type\":\"ImageObject\",\"inLanguage\":\"es\",\"@id\":\"https:\/\/agrupacionespsoe.es\/castello\/pp-y-vox-tal-para-cual\/#primaryimage\",\"url\":\"https:\/\/agrupacionespsoe.es\/castello\/wp-content\/uploads\/sites\/45\/2023\/04\/9.-MONICA-BARABAS-2-scaled.jpg\",\"contentUrl\":\"https:\/\/agrupacionespsoe.es\/castello\/wp-content\/uploads\/sites\/45\/2023\/04\/9.-MONICA-BARABAS-2-scaled.jpg\",\"width\":2560,\"height\":2560},{\"@type\":\"BreadcrumbList\",\"@id\":\"https:\/\/agrupacionespsoe.es\/castello\/pp-y-vox-tal-para-cual\/#breadcrumb\",\"itemListElement\":[{\"@type\":\"ListItem\",\"position\":1,\"name\":\"Portada\",\"item\":\"https:\/\/agrupacionespsoe.es\/castello\/\"},{\"@type\":\"ListItem\",\"position\":2,\"name\":\"PP y Vox, tal para cual\"}]},{\"@type\":\"WebSite\",\"@id\":\"https:\/\/agrupacionespsoe.es\/castello\/#website\",\"url\":\"https:\/\/agrupacionespsoe.es\/castello\/\",\"name\":\"PSPV-PSOE CASTELL\u00d3\",\"description\":\"PSPV-PSOE | Agrupaci\u00f3 de Castell\u00f3\",\"publisher\":{\"@id\":\"https:\/\/agrupacionespsoe.es\/castello\/#organization\"},\"potentialAction\":[{\"@type\":\"SearchAction\",\"target\":{\"@type\":\"EntryPoint\",\"urlTemplate\":\"https:\/\/agrupacionespsoe.es\/castello\/?s={search_term_string}\"},\"query-input\":{\"@type\":\"PropertyValueSpecification\",\"valueRequired\":true,\"valueName\":\"search_term_string\"}}],\"inLanguage\":\"es\"},{\"@type\":\"Organization\",\"@id\":\"https:\/\/agrupacionespsoe.es\/castello\/#organization\",\"name\":\"PSPV-PSOE Castell\u00f3\",\"url\":\"https:\/\/agrupacionespsoe.es\/castello\/\",\"logo\":{\"@type\":\"ImageObject\",\"inLanguage\":\"es\",\"@id\":\"https:\/\/agrupacionespsoe.es\/castello\/#\/schema\/logo\/image\/\",\"url\":\"https:\/\/agrupacionespsoe.es\/castello\/wp-content\/uploads\/sites\/45\/2023\/04\/PORTADA-PSOE-CASTELLO.jpg\",\"contentUrl\":\"https:\/\/agrupacionespsoe.es\/castello\/wp-content\/uploads\/sites\/45\/2023\/04\/PORTADA-PSOE-CASTELLO.jpg\",\"width\":2500,\"height\":2500,\"caption\":\"PSPV-PSOE Castell\u00f3\"},\"image\":{\"@id\":\"https:\/\/agrupacionespsoe.es\/castello\/#\/schema\/logo\/image\/\"},\"sameAs\":[\"https:\/\/www.facebook.com\/pspv.castellodelaplana\",\"https:\/\/x.com\/pspv_cs\",\"https:\/\/www.instagram.com\/pspvpsoecastello\/\"]},{\"@type\":\"Person\",\"@id\":\"https:\/\/agrupacionespsoe.es\/castello\/#\/schema\/person\/f3bc5b2f9dc6a399e9e98596ae24a20a\",\"name\":\"castello1\",\"image\":{\"@type\":\"ImageObject\",\"inLanguage\":\"es\",\"@id\":\"https:\/\/agrupacionespsoe.es\/castello\/#\/schema\/person\/image\/\",\"url\":\"https:\/\/secure.gravatar.com\/avatar\/5f1da428d6479d1127419c0b58796865?s=96&d=mm&r=g\",\"contentUrl\":\"https:\/\/secure.gravatar.com\/avatar\/5f1da428d6479d1127419c0b58796865?s=96&d=mm&r=g\",\"caption\":\"castello1\"},\"url\":\"https:\/\/agrupacionespsoe.es\/castello\/author\/castello1\/\"}]}<\/script>\n<!-- \/ Yoast SEO plugin. -->","yoast_head_json":{"title":"PP y Vox, tal para cual - PSPV-PSOE CASTELL\u00d3","robots":{"index":"index","follow":"follow","max-snippet":"max-snippet:-1","max-image-preview":"max-image-preview:large","max-video-preview":"max-video-preview:-1"},"canonical":"https:\/\/agrupacionespsoe.es\/castello\/pp-y-vox-tal-para-cual\/","og_locale":"es_ES","og_type":"article","og_title":"PP y Vox, tal para cual - PSPV-PSOE CASTELL\u00d3","og_description":"Castell\u00f3 amaneci\u00f3 esta semana con un titular que no pas\u00f3 desapercibido.&nbsp;\u2018Vox abre las puertas del Ayuntamiento de Castell\u00f3 a los activistas contra el aborto\u2019.&nbsp;No es que Vox sea un lobo con la piel de cordero, sino que m\u00e1s bien deja al descubierto a un Partido Popular que ha recibido con alfombra roja a la extrema ...","og_url":"https:\/\/agrupacionespsoe.es\/castello\/pp-y-vox-tal-para-cual\/","og_site_name":"PSPV-PSOE CASTELL\u00d3","article_publisher":"https:\/\/www.facebook.com\/pspv.castellodelaplana","article_published_time":"2023-09-15T11:44:33+00:00","article_modified_time":"2023-09-16T08:20:06+00:00","og_image":[{"width":2560,"height":2560,"url":"https:\/\/agrupacionespsoe.es\/castello\/wp-content\/uploads\/sites\/45\/2023\/04\/9.-MONICA-BARABAS-2-scaled.jpg","type":"image\/jpeg"}],"author":"castello1","twitter_card":"summary_large_image","twitter_creator":"@pspv_cs","twitter_site":"@pspv_cs","twitter_misc":{"Escrito por":"castello1","Tiempo de lectura":"2 minutos"},"schema":{"@context":"https:\/\/schema.org","@graph":[{"@type":"Article","@id":"https:\/\/agrupacionespsoe.es\/castello\/pp-y-vox-tal-para-cual\/#article","isPartOf":{"@id":"https:\/\/agrupacionespsoe.es\/castello\/pp-y-vox-tal-para-cual\/"},"author":{"name":"castello1","@id":"https:\/\/agrupacionespsoe.es\/castello\/#\/schema\/person\/f3bc5b2f9dc6a399e9e98596ae24a20a"},"headline":"PP y Vox, tal para cual","datePublished":"2023-09-15T11:44:33+00:00","dateModified":"2023-09-16T08:20:06+00:00","mainEntityOfPage":{"@id":"https:\/\/agrupacionespsoe.es\/castello\/pp-y-vox-tal-para-cual\/"},"wordCount":407,"commentCount":0,"publisher":{"@id":"https:\/\/agrupacionespsoe.es\/castello\/#organization"},"image":{"@id":"https:\/\/agrupacionespsoe.es\/castello\/pp-y-vox-tal-para-cual\/#primaryimage"},"thumbnailUrl":"https:\/\/agrupacionespsoe.es\/castello\/wp-content\/uploads\/sites\/45\/2023\/04\/9.-MONICA-BARABAS-2-scaled.jpg","keywords":["M\u00f3nica Barab\u00e1s"],"articleSection":["Grupo Municipal Socialista","Opini\u00f3n"],"inLanguage":"es","potentialAction":[{"@type":"CommentAction","name":"Comment","target":["https:\/\/agrupacionespsoe.es\/castello\/pp-y-vox-tal-para-cual\/#respond"]}]},{"@type":"WebPage","@id":"https:\/\/agrupacionespsoe.es\/castello\/pp-y-vox-tal-para-cual\/","url":"https:\/\/agrupacionespsoe.es\/castello\/pp-y-vox-tal-para-cual\/","name":"PP y Vox, tal para cual - PSPV-PSOE CASTELL\u00d3","isPartOf":{"@id":"https:\/\/agrupacionespsoe.es\/castello\/#website"},"primaryImageOfPage":{"@id":"https:\/\/agrupacionespsoe.es\/castello\/pp-y-vox-tal-para-cual\/#primaryimage"},"image":{"@id":"https:\/\/agrupacionespsoe.es\/castello\/pp-y-vox-tal-para-cual\/#primaryimage"},"thumbnailUrl":"https:\/\/agrupacionespsoe.es\/castello\/wp-content\/uploads\/sites\/45\/2023\/04\/9.-MONICA-BARABAS-2-scaled.jpg","datePublished":"2023-09-15T11:44:33+00:00","dateModified":"2023-09-16T08:20:06+00:00","breadcrumb":{"@id":"https:\/\/agrupacionespsoe.es\/castello\/pp-y-vox-tal-para-cual\/#breadcrumb"},"inLanguage":"es","potentialAction":[{"@type":"ReadAction","target":["https:\/\/agrupacionespsoe.es\/castello\/pp-y-vox-tal-para-cual\/"]}]},{"@type":"ImageObject","inLanguage":"es","@id":"https:\/\/agrupacionespsoe.es\/castello\/pp-y-vox-tal-para-cual\/#primaryimage","url":"https:\/\/agrupacionespsoe.es\/castello\/wp-content\/uploads\/sites\/45\/2023\/04\/9.-MONICA-BARABAS-2-scaled.jpg","contentUrl":"https:\/\/agrupacionespsoe.es\/castello\/wp-content\/uploads\/sites\/45\/2023\/04\/9.-MONICA-BARABAS-2-scaled.jpg","width":2560,"height":2560},{"@type":"BreadcrumbList","@id":"https:\/\/agrupacionespsoe.es\/castello\/pp-y-vox-tal-para-cual\/#breadcrumb","itemListElement":[{"@type":"ListItem","position":1,"name":"Portada","item":"https:\/\/agrupacionespsoe.es\/castello\/"},{"@type":"ListItem","position":2,"name":"PP y Vox, tal para cual"}]},{"@type":"WebSite","@id":"https:\/\/agrupacionespsoe.es\/castello\/#website","url":"https:\/\/agrupacionespsoe.es\/castello\/","name":"PSPV-PSOE CASTELL\u00d3","description":"PSPV-PSOE | Agrupaci\u00f3 de Castell\u00f3","publisher":{"@id":"https:\/\/agrupacionespsoe.es\/castello\/#organization"},"potentialAction":[{"@type":"SearchAction","target":{"@type":"EntryPoint","urlTemplate":"https:\/\/agrupacionespsoe.es\/castello\/?s={search_term_string}"},"query-input":{"@type":"PropertyValueSpecification","valueRequired":true,"valueName":"search_term_string"}}],"inLanguage":"es"},{"@type":"Organization","@id":"https:\/\/agrupacionespsoe.es\/castello\/#organization","name":"PSPV-PSOE Castell\u00f3","url":"https:\/\/agrupacionespsoe.es\/castello\/","logo":{"@type":"ImageObject","inLanguage":"es","@id":"https:\/\/agrupacionespsoe.es\/castello\/#\/schema\/logo\/image\/","url":"https:\/\/agrupacionespsoe.es\/castello\/wp-content\/uploads\/sites\/45\/2023\/04\/PORTADA-PSOE-CASTELLO.jpg","contentUrl":"https:\/\/agrupacionespsoe.es\/castello\/wp-content\/uploads\/sites\/45\/2023\/04\/PORTADA-PSOE-CASTELLO.jpg","width":2500,"height":2500,"caption":"PSPV-PSOE Castell\u00f3"},"image":{"@id":"https:\/\/agrupacionespsoe.es\/castello\/#\/schema\/logo\/image\/"},"sameAs":["https:\/\/www.facebook.com\/pspv.castellodelaplana","https:\/\/x.com\/pspv_cs","https:\/\/www.instagram.com\/pspvpsoecastello\/"]},{"@type":"Person","@id":"https:\/\/agrupacionespsoe.es\/castello\/#\/schema\/person\/f3bc5b2f9dc6a399e9e98596ae24a20a","name":"castello1","image":{"@type":"ImageObject","inLanguage":"es","@id":"https:\/\/agrupacionespsoe.es\/castello\/#\/schema\/person\/image\/","url":"https:\/\/secure.gravatar.com\/avatar\/5f1da428d6479d1127419c0b58796865?s=96&d=mm&r=g","contentUrl":"https:\/\/secure.gravatar.com\/avatar\/5f1da428d6479d1127419c0b58796865?s=96&d=mm&r=g","caption":"castello1"},"url":"https:\/\/agrupacionespsoe.es\/castello\/author\/castello1\/"}]}},"jetpack_publicize_connections":[],"jetpack_featured_media_url":"https:\/\/agrupacionespsoe.es\/castello\/wp-content\/uploads\/sites\/45\/2023\/04\/9.-MONICA-BARABAS-2-scaled.jpg","jetpack_sharing_enabled":true,"_links":{"self":[{"href":"https:\/\/agrupacionespsoe.es\/castello\/wp-json\/wp\/v2\/posts\/2524","targetHints":{"allow":["GET"]}}],"collection":[{"href":"https:\/\/agrupacionespsoe.es\/castello\/wp-json\/wp\/v2\/posts"}],"about":[{"href":"https:\/\/agrupacionespsoe.es\/castello\/wp-json\/wp\/v2\/types\/post"}],"author":[{"embeddable":true,"href":"https:\/\/agrupacionespsoe.es\/castello\/wp-json\/wp\/v2\/users\/48"}],"replies":[{"embeddable":true,"href":"https:\/\/agrupacionespsoe.es\/castello\/wp-json\/wp\/v2\/comments?post=2524"}],"version-history":[{"count":3,"href":"https:\/\/agrupacionespsoe.es\/castello\/wp-json\/wp\/v2\/posts\/2524\/revisions"}],"predecessor-version":[{"id":2543,"href":"https:\/\/agrupacionespsoe.es\/castello\/wp-json\/wp\/v2\/posts\/2524\/revisions\/2543"}],"wp:featuredmedia":[{"embeddable":true,"href":"https:\/\/agrupacionespsoe.es\/castello\/wp-json\/wp\/v2\/media\/511"}],"wp:attachment":[{"href":"https:\/\/agrupacionespsoe.es\/castello\/wp-json\/wp\/v2\/media?parent=2524"}],"wp:term":[{"taxonomy":"category","embeddable":true,"href":"https:\/\/agrupacionespsoe.es\/castello\/wp-json\/wp\/v2\/categories?post=2524"},{"taxonomy":"post_tag","embeddable":true,"href":"https:\/\/agrupacionespsoe.es\/castello\/wp-json\/wp\/v2\/tags?post=2524"}],"curies":[{"name":"wp","href":"https:\/\/api.w.org\/{rel}","templated":true}]}}