{"id":2271,"date":"2023-08-18T13:07:04","date_gmt":"2023-08-18T11:07:04","guid":{"rendered":"https:\/\/agrupacionespsoe.es\/castello\/?p=2271"},"modified":"2024-06-19T11:21:23","modified_gmt":"2024-06-19T09:21:23","slug":"el-pspv-qualifica-de-fum-el-balanc-de-carrasco-dels-seus-dos-mesos-com-a-alcaldessa-i-subratlla-que-els-unics-projectes-en-marxa-son-de-lacord-del-fadrell","status":"publish","type":"post","link":"https:\/\/agrupacionespsoe.es\/castello\/va\/el-pspv-qualifica-de-fum-el-balanc-de-carrasco-dels-seus-dos-mesos-com-a-alcaldessa-i-subratlla-que-els-unics-projectes-en-marxa-son-de-lacord-del-fadrell\/","title":{"rendered":"El PSPV qualifica de \u2018fum\u2019 el balan\u00e7 de Carrasco dels seus dos mesos com a alcaldessa i subratlla que els \u00fanics projectes en marxa s\u00f3n de l\u2019Acord del Fadrell"},"content":{"rendered":"\n<p><em><em>La portaveu del grup socialista, Patricia Puerta, assenyala que el poc que es pot atribuir a l&#8217;alcaldessa del PP \u201c\u00e9s ficar a la ultradreta en el govern municipal\u201d<\/em><\/em><\/p>\n\n\n\n<figure class=\"wp-block-audio\"><audio controls src=\"https:\/\/agrupacionespsoe.es\/castello\/wp-content\/uploads\/sites\/45\/2023\/08\/20230818-La-portavoz-del-grupo-socialista-Patricia-Puerta-senala-que-lo-poco-que-se-puede-atribuir-a-la-alcaldesa-del-PP-es-meter-a-la-ultraderecha-en-el-gobierno-municipal.mp3\"><\/audio><\/figure>\n\n\n\n<p>Dos mesos de bloqueig, sense idees, promeses a l&#8217;aire i apropiaci\u00f3 de projectes de l\u2019Acord del Fadrell. Aqueix \u00e9s, tal com destaca la portaveu del grup municipal socialista, Patricia Puerta, el vertader balan\u00e7 dels primers 60 dies de la popular Bego\u00f1a Carrasco com a alcaldessa de Castell\u00f3, \u201cque l&#8217;\u00fanica cosa que ha fet en aquest temps \u00e9s signar el pacte de la vergonya amb Vox, ficant a la ultradreta en el govern municipal\u201d.<\/p>\n\n\n\n<p>Una an\u00e0lisi del comunicat em\u00e9s per l&#8217;alcaldessa \u201cper a vanagloriar-se de la seua p\u00e8ssima gesti\u00f3\u201d reflecteix que \u201criuen dels i les castellonenques, perqu\u00e8 el que de veritat ha passat en tot aquest temps \u00e9s que s&#8217;han dedicat a repartir-se sous i butaques, a reorganitzar ja per tercera vegada l&#8217;equip de govern i a bloquejar l&#8217;inici de les comissions informatives perqu\u00e8 l&#8217;oposici\u00f3 no puga fiscalitzar al govern local\u201d.<\/p>\n\n\n\n<p><strong>Impostos<\/strong><br>Sobre la cont\u00ednua promesa que baixaran els impostos, Patricia Puerta qualifica a Bego\u00f1a Carrasco de \u201cimprudent\u201d, perqu\u00e8 \u201cs&#8217;ompli la boca amb un tema sobre el qual encara no existeix res sobre el paper i t\u00e9 uns comptes que dissenyar de cara a 2024, comptes que necessiten d&#8217;uns ingressos adequats a trav\u00e9s dels impostos amb els quals tota la ciutadania participa perqu\u00e8 la ciutat avance\u201d. La portaveu socialista es pregunta en aquest sentit \u201cquins serveis p\u00fablics retallaran per a baixar-los\u201d.<\/p>\n\n\n\n<p><strong>Urbanisme<\/strong><br>M\u00e9s promeses a l&#8217;aire respecte a la zona de baixes emissions i li necessitat de limitar l&#8217;entrada de vehicles al centre. \u201cEuropa marca el cam\u00ed a seguir i al PP i Vox no els importa res posar en risc els fons europeus per a anar en contra de les actuacions globals que hi ha per a lluitar contra el canvi clim\u00e0tic\u201d, destaca la portaveu socialista, qui assegura que \u201cdes del PSPV estarem vigilants davant possibles canvis\u201d.<\/p>\n\n\n\n<p><strong>Neteja<\/strong><br>Respecte al pla de xoc de neteja, \u201canuncia a so de bombo i platerets la utilitzaci\u00f3 de drons per a dur a terme tasques de vigil\u00e0ncia i frenar els abocadors il\u00b7legals, per\u00f2 se li oblida dir que aqueixos drons ja els havia posats en marxa el PSPV i els seus socis de govern a principis de 2022\u201d, comenta.<\/p>\n\n\n\n<p><strong>Comer\u00e7 i mercats<\/strong><br>Apunta en el seu balan\u00e7 Bego\u00f1a Carrasco a l&#8217;activaci\u00f3 de projectes com la digitalitzaci\u00f3 dels mercats municipals o la reforma del Mercat de Prove\u00efments, \u201cabsolutament tot preparat i iniciat per l&#8217;anterior govern progressista i, per descomptat, parlat i consensuat amb el sector\u201d.<\/p>\n\n\n\n<p><strong>Factures<\/strong><br>La portaveu socialista, aix\u00ed mateix, critica les paraules de Carrasco sobre les factures pendents de pagament a prove\u00efdors, \u201cperqu\u00e8 totes elles comptaven amb el pressupost adequat per a anar abonant-les\u201d. Per aix\u00f2, \u201cque una alcaldessa fa\u00e7a de \u2018hooligan\u2019 del PP parlant de \u2018empastres\u2019 que no existeixen denota el seu poc nivell per a representar a tota la ciutadania\u201d.<\/p>\n\n\n\n<p><strong>Atenci\u00f3 social<\/strong><br>Bego\u00f1a Carrasco, d&#8217;altra banda, \u201cesmente\u201d quan parla de demora en el pagament previst en el conveni amb C\u00e0ritas, \u201cperqu\u00e8 tots els anys s&#8217;han seguit els mateixos passos, que inclouen la necessitat d&#8217;anar justificant les subvencions per a poder liquidar els comptes\u201d. A m\u00e9s, recorda Patricia Puerta que amb el PSPV en el govern municipal aquest conveni ha incrementat la seua partida.<\/p>\n\n\n\n<p>Segons la portaveu socialista, en el tema d&#8217;habitatge social, \u201cque tamb\u00e9 embene com a assoliment, l&#8217;\u00fanica cosa que havia de fer, i cal veure el que li va costar, era signar la recepci\u00f3 dels 12 pisos que es van adquirir gr\u00e0cies a l&#8217;esfor\u00e7 dels partits que integrem l\u2019Acord del Fadrell. \u201cMedalles en aquest tema, cap\u201d, ha recalcat.<\/p>\n\n\n\n<p><strong>Festes<\/strong><br>En tot just unes setmanes l&#8217;alcaldessa i la seua regidora de Festes, Noelia Selma, \u201cens han demostrat la seua absoluta incapacitat i la seua menystinc al \u2018m\u00f3n de la festa\u2019. Tant Carrasco com l&#8217;edil \u201cs&#8217;han omplit la boca de donar tota l&#8217;autonomia als ens festers, per\u00f2 el primer que han fet \u00e9s nomenar una Junta de Festes a dit i fins i tot menystindre a les comissions de sector en una cosa tan senzilla com \u00e9s la redacci\u00f3 de les bases del concurs de gaiates de m\u00e0 en deixar-les fora de la selecci\u00f3 del jurat. Pitjor no es pot fer\u201d, afig Puerta.<\/p>\n\n\n\n<p><strong>Viol\u00e8ncia<\/strong><br>Per a acabar, la portaveu del grup municipal socialista espera que l&#8217;anunciat espai p\u00fablic dedicat a la consci\u00e8ncia social contra el terrorisme i les v\u00edctimes de la viol\u00e8ncia \u201cno amague un ardit per a demostrar-nos de nou la seua nost\u00e0lgia respecte al monument franquista que l\u2019Acord del Fadrell va eliminar del parc Ribalta\u201d. I al costat d&#8217;aix\u00f2, \u201cdenunciar per descomptat el menystinc de PP i Vox al terme viol\u00e8ncia masclista i a la desaparici\u00f3 de les \u00e0rees de Feminisme i LGTBI, Mem\u00f2ria Democr\u00e0tica, Cooperaci\u00f3 al Desenvolupament, l&#8217;Agenda 2030 o Transici\u00f3 Ecol\u00f2gica.<\/p>\n","protected":false},"excerpt":{"rendered":"<p>La portaveu del grup socialista, Patricia Puerta, assenyala que el poc que es pot atribuir a l&#8217;alcaldessa del PP \u201c\u00e9s ficar a la ultradreta en el govern municipal\u201d Dos mesos de bloqueig, sense idees, promeses a l&#8217;aire i apropiaci\u00f3 de projectes de l\u2019Acord del Fadrell. Aqueix \u00e9s, tal com destaca la portaveu del grup municipal &#8230;<\/p>\n","protected":false},"author":48,"featured_media":2229,"comment_status":"open","ping_status":"open","sticky":false,"template":"","format":"standard","meta":{"_jetpack_memberships_contains_paid_content":false,"footnotes":"","jetpack_publicize_message":"","jetpack_publicize_feature_enabled":true,"jetpack_social_post_already_shared":false,"jetpack_social_options":{"image_generator_settings":{"template":"highway","default_image_id":0,"font":"","enabled":false},"version":2}},"categories":[22],"tags":[83],"class_list":["post-2271","post","type-post","status-publish","format-standard","has-post-thumbnail","hentry","category-gms-va","tag-patricia-puerta-va"],"yoast_head":"<!-- This site is optimized with the Yoast SEO plugin v24.0 - https:\/\/yoast.com\/wordpress\/plugins\/seo\/ -->\n<title>El PSPV qualifica de \u2018fum\u2019 el balan\u00e7 de Carrasco dels seus dos mesos com a alcaldessa i subratlla que els \u00fanics projectes en marxa s\u00f3n de l\u2019Acord del Fadrell - PSPV-PSOE CASTELL\u00d3<\/title>\n<meta name=\"robots\" content=\"index, follow, max-snippet:-1, max-image-preview:large, max-video-preview:-1\" \/>\n<link rel=\"canonical\" href=\"https:\/\/agrupacionespsoe.es\/castello\/va\/el-pspv-qualifica-de-fum-el-balanc-de-carrasco-dels-seus-dos-mesos-com-a-alcaldessa-i-subratlla-que-els-unics-projectes-en-marxa-son-de-lacord-del-fadrell\/\" \/>\n<meta property=\"og:locale\" content=\"es_ES\" \/>\n<meta property=\"og:type\" content=\"article\" \/>\n<meta property=\"og:title\" content=\"El PSPV qualifica de \u2018fum\u2019 el balan\u00e7 de Carrasco dels seus dos mesos com a alcaldessa i subratlla que els \u00fanics projectes en marxa s\u00f3n de l\u2019Acord del Fadrell - PSPV-PSOE CASTELL\u00d3\" \/>\n<meta property=\"og:description\" content=\"La portaveu del grup socialista, Patricia Puerta, assenyala que el poc que es pot atribuir a l&#8217;alcaldessa del PP \u201c\u00e9s ficar a la ultradreta en el govern municipal\u201d Dos mesos de bloqueig, sense idees, promeses a l&#8217;aire i apropiaci\u00f3 de projectes de l\u2019Acord del Fadrell. Aqueix \u00e9s, tal com destaca la portaveu del grup municipal ...\" \/>\n<meta property=\"og:url\" content=\"https:\/\/agrupacionespsoe.es\/castello\/va\/el-pspv-qualifica-de-fum-el-balanc-de-carrasco-dels-seus-dos-mesos-com-a-alcaldessa-i-subratlla-que-els-unics-projectes-en-marxa-son-de-lacord-del-fadrell\/\" \/>\n<meta property=\"og:site_name\" content=\"PSPV-PSOE CASTELL\u00d3\" \/>\n<meta property=\"article:publisher\" content=\"https:\/\/www.facebook.com\/pspv.castellodelaplana\" \/>\n<meta property=\"article:published_time\" content=\"2023-08-18T11:07:04+00:00\" \/>\n<meta property=\"article:modified_time\" content=\"2024-06-19T09:21:23+00:00\" \/>\n<meta property=\"og:image\" content=\"https:\/\/agrupacionespsoe.es\/castello\/wp-content\/uploads\/sites\/45\/2023\/08\/20230816-El-PSPV-acusa-a-Begona-Carrasco-de-reirse-de-la-ciudadania-de-Castello-al-afrontar-ya-la-tercera-remodelacion-del-equipo-de-gobierno-en-dos-meses-scaled.jpg\" \/>\n\t<meta property=\"og:image:width\" content=\"2560\" \/>\n\t<meta property=\"og:image:height\" content=\"1707\" \/>\n\t<meta property=\"og:image:type\" content=\"image\/jpeg\" \/>\n<meta name=\"author\" content=\"castello1\" \/>\n<meta name=\"twitter:card\" content=\"summary_large_image\" \/>\n<meta name=\"twitter:creator\" content=\"@pspv_cs\" \/>\n<meta name=\"twitter:site\" content=\"@pspv_cs\" \/>\n<meta name=\"twitter:label1\" content=\"Escrito por\" \/>\n\t<meta name=\"twitter:data1\" content=\"castello1\" \/>\n\t<meta name=\"twitter:label2\" content=\"Tiempo de lectura\" \/>\n\t<meta name=\"twitter:data2\" content=\"4 minutos\" \/>\n<script type=\"application\/ld+json\" class=\"yoast-schema-graph\">{\"@context\":\"https:\/\/schema.org\",\"@graph\":[{\"@type\":\"Article\",\"@id\":\"https:\/\/agrupacionespsoe.es\/castello\/va\/el-pspv-qualifica-de-fum-el-balanc-de-carrasco-dels-seus-dos-mesos-com-a-alcaldessa-i-subratlla-que-els-unics-projectes-en-marxa-son-de-lacord-del-fadrell\/#article\",\"isPartOf\":{\"@id\":\"https:\/\/agrupacionespsoe.es\/castello\/va\/el-pspv-qualifica-de-fum-el-balanc-de-carrasco-dels-seus-dos-mesos-com-a-alcaldessa-i-subratlla-que-els-unics-projectes-en-marxa-son-de-lacord-del-fadrell\/\"},\"author\":{\"name\":\"castello1\",\"@id\":\"https:\/\/agrupacionespsoe.es\/castello\/#\/schema\/person\/f3bc5b2f9dc6a399e9e98596ae24a20a\"},\"headline\":\"El PSPV qualifica de \u2018fum\u2019 el balan\u00e7 de Carrasco dels seus dos mesos com a alcaldessa i subratlla que els \u00fanics projectes en marxa s\u00f3n de l\u2019Acord del Fadrell\",\"datePublished\":\"2023-08-18T11:07:04+00:00\",\"dateModified\":\"2024-06-19T09:21:23+00:00\",\"mainEntityOfPage\":{\"@id\":\"https:\/\/agrupacionespsoe.es\/castello\/va\/el-pspv-qualifica-de-fum-el-balanc-de-carrasco-dels-seus-dos-mesos-com-a-alcaldessa-i-subratlla-que-els-unics-projectes-en-marxa-son-de-lacord-del-fadrell\/\"},\"wordCount\":865,\"commentCount\":0,\"publisher\":{\"@id\":\"https:\/\/agrupacionespsoe.es\/castello\/#organization\"},\"image\":{\"@id\":\"https:\/\/agrupacionespsoe.es\/castello\/va\/el-pspv-qualifica-de-fum-el-balanc-de-carrasco-dels-seus-dos-mesos-com-a-alcaldessa-i-subratlla-que-els-unics-projectes-en-marxa-son-de-lacord-del-fadrell\/#primaryimage\"},\"thumbnailUrl\":\"https:\/\/agrupacionespsoe.es\/castello\/wp-content\/uploads\/sites\/45\/2023\/08\/20230816-El-PSPV-acusa-a-Begona-Carrasco-de-reirse-de-la-ciudadania-de-Castello-al-afrontar-ya-la-tercera-remodelacion-del-equipo-de-gobierno-en-dos-meses-scaled.jpg\",\"keywords\":[\"Patricia Puerta\"],\"articleSection\":[\"Grup Municipal Socialista\"],\"inLanguage\":\"es\",\"potentialAction\":[{\"@type\":\"CommentAction\",\"name\":\"Comment\",\"target\":[\"https:\/\/agrupacionespsoe.es\/castello\/va\/el-pspv-qualifica-de-fum-el-balanc-de-carrasco-dels-seus-dos-mesos-com-a-alcaldessa-i-subratlla-que-els-unics-projectes-en-marxa-son-de-lacord-del-fadrell\/#respond\"]}]},{\"@type\":\"WebPage\",\"@id\":\"https:\/\/agrupacionespsoe.es\/castello\/va\/el-pspv-qualifica-de-fum-el-balanc-de-carrasco-dels-seus-dos-mesos-com-a-alcaldessa-i-subratlla-que-els-unics-projectes-en-marxa-son-de-lacord-del-fadrell\/\",\"url\":\"https:\/\/agrupacionespsoe.es\/castello\/va\/el-pspv-qualifica-de-fum-el-balanc-de-carrasco-dels-seus-dos-mesos-com-a-alcaldessa-i-subratlla-que-els-unics-projectes-en-marxa-son-de-lacord-del-fadrell\/\",\"name\":\"El PSPV qualifica de \u2018fum\u2019 el balan\u00e7 de Carrasco dels seus dos mesos com a alcaldessa i subratlla que els \u00fanics projectes en marxa s\u00f3n de l\u2019Acord del Fadrell - PSPV-PSOE CASTELL\u00d3\",\"isPartOf\":{\"@id\":\"https:\/\/agrupacionespsoe.es\/castello\/#website\"},\"primaryImageOfPage\":{\"@id\":\"https:\/\/agrupacionespsoe.es\/castello\/va\/el-pspv-qualifica-de-fum-el-balanc-de-carrasco-dels-seus-dos-mesos-com-a-alcaldessa-i-subratlla-que-els-unics-projectes-en-marxa-son-de-lacord-del-fadrell\/#primaryimage\"},\"image\":{\"@id\":\"https:\/\/agrupacionespsoe.es\/castello\/va\/el-pspv-qualifica-de-fum-el-balanc-de-carrasco-dels-seus-dos-mesos-com-a-alcaldessa-i-subratlla-que-els-unics-projectes-en-marxa-son-de-lacord-del-fadrell\/#primaryimage\"},\"thumbnailUrl\":\"https:\/\/agrupacionespsoe.es\/castello\/wp-content\/uploads\/sites\/45\/2023\/08\/20230816-El-PSPV-acusa-a-Begona-Carrasco-de-reirse-de-la-ciudadania-de-Castello-al-afrontar-ya-la-tercera-remodelacion-del-equipo-de-gobierno-en-dos-meses-scaled.jpg\",\"datePublished\":\"2023-08-18T11:07:04+00:00\",\"dateModified\":\"2024-06-19T09:21:23+00:00\",\"breadcrumb\":{\"@id\":\"https:\/\/agrupacionespsoe.es\/castello\/va\/el-pspv-qualifica-de-fum-el-balanc-de-carrasco-dels-seus-dos-mesos-com-a-alcaldessa-i-subratlla-que-els-unics-projectes-en-marxa-son-de-lacord-del-fadrell\/#breadcrumb\"},\"inLanguage\":\"es\",\"potentialAction\":[{\"@type\":\"ReadAction\",\"target\":[\"https:\/\/agrupacionespsoe.es\/castello\/va\/el-pspv-qualifica-de-fum-el-balanc-de-carrasco-dels-seus-dos-mesos-com-a-alcaldessa-i-subratlla-que-els-unics-projectes-en-marxa-son-de-lacord-del-fadrell\/\"]}]},{\"@type\":\"ImageObject\",\"inLanguage\":\"es\",\"@id\":\"https:\/\/agrupacionespsoe.es\/castello\/va\/el-pspv-qualifica-de-fum-el-balanc-de-carrasco-dels-seus-dos-mesos-com-a-alcaldessa-i-subratlla-que-els-unics-projectes-en-marxa-son-de-lacord-del-fadrell\/#primaryimage\",\"url\":\"https:\/\/agrupacionespsoe.es\/castello\/wp-content\/uploads\/sites\/45\/2023\/08\/20230816-El-PSPV-acusa-a-Begona-Carrasco-de-reirse-de-la-ciudadania-de-Castello-al-afrontar-ya-la-tercera-remodelacion-del-equipo-de-gobierno-en-dos-meses-scaled.jpg\",\"contentUrl\":\"https:\/\/agrupacionespsoe.es\/castello\/wp-content\/uploads\/sites\/45\/2023\/08\/20230816-El-PSPV-acusa-a-Begona-Carrasco-de-reirse-de-la-ciudadania-de-Castello-al-afrontar-ya-la-tercera-remodelacion-del-equipo-de-gobierno-en-dos-meses-scaled.jpg\",\"width\":2560,\"height\":1707},{\"@type\":\"BreadcrumbList\",\"@id\":\"https:\/\/agrupacionespsoe.es\/castello\/va\/el-pspv-qualifica-de-fum-el-balanc-de-carrasco-dels-seus-dos-mesos-com-a-alcaldessa-i-subratlla-que-els-unics-projectes-en-marxa-son-de-lacord-del-fadrell\/#breadcrumb\",\"itemListElement\":[{\"@type\":\"ListItem\",\"position\":1,\"name\":\"Portada\",\"item\":\"https:\/\/agrupacionespsoe.es\/castello\/\"},{\"@type\":\"ListItem\",\"position\":2,\"name\":\"El PSPV qualifica de \u2018fum\u2019 el balan\u00e7 de Carrasco dels seus dos mesos com a alcaldessa i subratlla que els \u00fanics projectes en marxa s\u00f3n de l\u2019Acord del Fadrell\"}]},{\"@type\":\"WebSite\",\"@id\":\"https:\/\/agrupacionespsoe.es\/castello\/#website\",\"url\":\"https:\/\/agrupacionespsoe.es\/castello\/\",\"name\":\"PSPV-PSOE CASTELL\u00d3\",\"description\":\"PSPV-PSOE | Agrupaci\u00f3 de Castell\u00f3\",\"publisher\":{\"@id\":\"https:\/\/agrupacionespsoe.es\/castello\/#organization\"},\"potentialAction\":[{\"@type\":\"SearchAction\",\"target\":{\"@type\":\"EntryPoint\",\"urlTemplate\":\"https:\/\/agrupacionespsoe.es\/castello\/?s={search_term_string}\"},\"query-input\":{\"@type\":\"PropertyValueSpecification\",\"valueRequired\":true,\"valueName\":\"search_term_string\"}}],\"inLanguage\":\"es\"},{\"@type\":\"Organization\",\"@id\":\"https:\/\/agrupacionespsoe.es\/castello\/#organization\",\"name\":\"PSPV-PSOE Castell\u00f3\",\"url\":\"https:\/\/agrupacionespsoe.es\/castello\/\",\"logo\":{\"@type\":\"ImageObject\",\"inLanguage\":\"es\",\"@id\":\"https:\/\/agrupacionespsoe.es\/castello\/#\/schema\/logo\/image\/\",\"url\":\"https:\/\/agrupacionespsoe.es\/castello\/wp-content\/uploads\/sites\/45\/2023\/04\/PORTADA-PSOE-CASTELLO.jpg\",\"contentUrl\":\"https:\/\/agrupacionespsoe.es\/castello\/wp-content\/uploads\/sites\/45\/2023\/04\/PORTADA-PSOE-CASTELLO.jpg\",\"width\":2500,\"height\":2500,\"caption\":\"PSPV-PSOE Castell\u00f3\"},\"image\":{\"@id\":\"https:\/\/agrupacionespsoe.es\/castello\/#\/schema\/logo\/image\/\"},\"sameAs\":[\"https:\/\/www.facebook.com\/pspv.castellodelaplana\",\"https:\/\/x.com\/pspv_cs\",\"https:\/\/www.instagram.com\/pspvpsoecastello\/\"]},{\"@type\":\"Person\",\"@id\":\"https:\/\/agrupacionespsoe.es\/castello\/#\/schema\/person\/f3bc5b2f9dc6a399e9e98596ae24a20a\",\"name\":\"castello1\",\"image\":{\"@type\":\"ImageObject\",\"inLanguage\":\"es\",\"@id\":\"https:\/\/agrupacionespsoe.es\/castello\/#\/schema\/person\/image\/\",\"url\":\"https:\/\/secure.gravatar.com\/avatar\/5f1da428d6479d1127419c0b58796865?s=96&d=mm&r=g\",\"contentUrl\":\"https:\/\/secure.gravatar.com\/avatar\/5f1da428d6479d1127419c0b58796865?s=96&d=mm&r=g\",\"caption\":\"castello1\"},\"url\":\"https:\/\/agrupacionespsoe.es\/castello\/author\/castello1\/\"}]}<\/script>\n<!-- \/ Yoast SEO plugin. -->","yoast_head_json":{"title":"El PSPV qualifica de \u2018fum\u2019 el balan\u00e7 de Carrasco dels seus dos mesos com a alcaldessa i subratlla que els \u00fanics projectes en marxa s\u00f3n de l\u2019Acord del Fadrell - PSPV-PSOE CASTELL\u00d3","robots":{"index":"index","follow":"follow","max-snippet":"max-snippet:-1","max-image-preview":"max-image-preview:large","max-video-preview":"max-video-preview:-1"},"canonical":"https:\/\/agrupacionespsoe.es\/castello\/va\/el-pspv-qualifica-de-fum-el-balanc-de-carrasco-dels-seus-dos-mesos-com-a-alcaldessa-i-subratlla-que-els-unics-projectes-en-marxa-son-de-lacord-del-fadrell\/","og_locale":"es_ES","og_type":"article","og_title":"El PSPV qualifica de \u2018fum\u2019 el balan\u00e7 de Carrasco dels seus dos mesos com a alcaldessa i subratlla que els \u00fanics projectes en marxa s\u00f3n de l\u2019Acord del Fadrell - PSPV-PSOE CASTELL\u00d3","og_description":"La portaveu del grup socialista, Patricia Puerta, assenyala que el poc que es pot atribuir a l&#8217;alcaldessa del PP \u201c\u00e9s ficar a la ultradreta en el govern municipal\u201d Dos mesos de bloqueig, sense idees, promeses a l&#8217;aire i apropiaci\u00f3 de projectes de l\u2019Acord del Fadrell. Aqueix \u00e9s, tal com destaca la portaveu del grup municipal ...","og_url":"https:\/\/agrupacionespsoe.es\/castello\/va\/el-pspv-qualifica-de-fum-el-balanc-de-carrasco-dels-seus-dos-mesos-com-a-alcaldessa-i-subratlla-que-els-unics-projectes-en-marxa-son-de-lacord-del-fadrell\/","og_site_name":"PSPV-PSOE CASTELL\u00d3","article_publisher":"https:\/\/www.facebook.com\/pspv.castellodelaplana","article_published_time":"2023-08-18T11:07:04+00:00","article_modified_time":"2024-06-19T09:21:23+00:00","og_image":[{"width":2560,"height":1707,"url":"https:\/\/agrupacionespsoe.es\/castello\/wp-content\/uploads\/sites\/45\/2023\/08\/20230816-El-PSPV-acusa-a-Begona-Carrasco-de-reirse-de-la-ciudadania-de-Castello-al-afrontar-ya-la-tercera-remodelacion-del-equipo-de-gobierno-en-dos-meses-scaled.jpg","type":"image\/jpeg"}],"author":"castello1","twitter_card":"summary_large_image","twitter_creator":"@pspv_cs","twitter_site":"@pspv_cs","twitter_misc":{"Escrito por":"castello1","Tiempo de lectura":"4 minutos"},"schema":{"@context":"https:\/\/schema.org","@graph":[{"@type":"Article","@id":"https:\/\/agrupacionespsoe.es\/castello\/va\/el-pspv-qualifica-de-fum-el-balanc-de-carrasco-dels-seus-dos-mesos-com-a-alcaldessa-i-subratlla-que-els-unics-projectes-en-marxa-son-de-lacord-del-fadrell\/#article","isPartOf":{"@id":"https:\/\/agrupacionespsoe.es\/castello\/va\/el-pspv-qualifica-de-fum-el-balanc-de-carrasco-dels-seus-dos-mesos-com-a-alcaldessa-i-subratlla-que-els-unics-projectes-en-marxa-son-de-lacord-del-fadrell\/"},"author":{"name":"castello1","@id":"https:\/\/agrupacionespsoe.es\/castello\/#\/schema\/person\/f3bc5b2f9dc6a399e9e98596ae24a20a"},"headline":"El PSPV qualifica de \u2018fum\u2019 el balan\u00e7 de Carrasco dels seus dos mesos com a alcaldessa i subratlla que els \u00fanics projectes en marxa s\u00f3n de l\u2019Acord del Fadrell","datePublished":"2023-08-18T11:07:04+00:00","dateModified":"2024-06-19T09:21:23+00:00","mainEntityOfPage":{"@id":"https:\/\/agrupacionespsoe.es\/castello\/va\/el-pspv-qualifica-de-fum-el-balanc-de-carrasco-dels-seus-dos-mesos-com-a-alcaldessa-i-subratlla-que-els-unics-projectes-en-marxa-son-de-lacord-del-fadrell\/"},"wordCount":865,"commentCount":0,"publisher":{"@id":"https:\/\/agrupacionespsoe.es\/castello\/#organization"},"image":{"@id":"https:\/\/agrupacionespsoe.es\/castello\/va\/el-pspv-qualifica-de-fum-el-balanc-de-carrasco-dels-seus-dos-mesos-com-a-alcaldessa-i-subratlla-que-els-unics-projectes-en-marxa-son-de-lacord-del-fadrell\/#primaryimage"},"thumbnailUrl":"https:\/\/agrupacionespsoe.es\/castello\/wp-content\/uploads\/sites\/45\/2023\/08\/20230816-El-PSPV-acusa-a-Begona-Carrasco-de-reirse-de-la-ciudadania-de-Castello-al-afrontar-ya-la-tercera-remodelacion-del-equipo-de-gobierno-en-dos-meses-scaled.jpg","keywords":["Patricia Puerta"],"articleSection":["Grup Municipal Socialista"],"inLanguage":"es","potentialAction":[{"@type":"CommentAction","name":"Comment","target":["https:\/\/agrupacionespsoe.es\/castello\/va\/el-pspv-qualifica-de-fum-el-balanc-de-carrasco-dels-seus-dos-mesos-com-a-alcaldessa-i-subratlla-que-els-unics-projectes-en-marxa-son-de-lacord-del-fadrell\/#respond"]}]},{"@type":"WebPage","@id":"https:\/\/agrupacionespsoe.es\/castello\/va\/el-pspv-qualifica-de-fum-el-balanc-de-carrasco-dels-seus-dos-mesos-com-a-alcaldessa-i-subratlla-que-els-unics-projectes-en-marxa-son-de-lacord-del-fadrell\/","url":"https:\/\/agrupacionespsoe.es\/castello\/va\/el-pspv-qualifica-de-fum-el-balanc-de-carrasco-dels-seus-dos-mesos-com-a-alcaldessa-i-subratlla-que-els-unics-projectes-en-marxa-son-de-lacord-del-fadrell\/","name":"El PSPV qualifica de \u2018fum\u2019 el balan\u00e7 de Carrasco dels seus dos mesos com a alcaldessa i subratlla que els \u00fanics projectes en marxa s\u00f3n de l\u2019Acord del Fadrell - PSPV-PSOE CASTELL\u00d3","isPartOf":{"@id":"https:\/\/agrupacionespsoe.es\/castello\/#website"},"primaryImageOfPage":{"@id":"https:\/\/agrupacionespsoe.es\/castello\/va\/el-pspv-qualifica-de-fum-el-balanc-de-carrasco-dels-seus-dos-mesos-com-a-alcaldessa-i-subratlla-que-els-unics-projectes-en-marxa-son-de-lacord-del-fadrell\/#primaryimage"},"image":{"@id":"https:\/\/agrupacionespsoe.es\/castello\/va\/el-pspv-qualifica-de-fum-el-balanc-de-carrasco-dels-seus-dos-mesos-com-a-alcaldessa-i-subratlla-que-els-unics-projectes-en-marxa-son-de-lacord-del-fadrell\/#primaryimage"},"thumbnailUrl":"https:\/\/agrupacionespsoe.es\/castello\/wp-content\/uploads\/sites\/45\/2023\/08\/20230816-El-PSPV-acusa-a-Begona-Carrasco-de-reirse-de-la-ciudadania-de-Castello-al-afrontar-ya-la-tercera-remodelacion-del-equipo-de-gobierno-en-dos-meses-scaled.jpg","datePublished":"2023-08-18T11:07:04+00:00","dateModified":"2024-06-19T09:21:23+00:00","breadcrumb":{"@id":"https:\/\/agrupacionespsoe.es\/castello\/va\/el-pspv-qualifica-de-fum-el-balanc-de-carrasco-dels-seus-dos-mesos-com-a-alcaldessa-i-subratlla-que-els-unics-projectes-en-marxa-son-de-lacord-del-fadrell\/#breadcrumb"},"inLanguage":"es","potentialAction":[{"@type":"ReadAction","target":["https:\/\/agrupacionespsoe.es\/castello\/va\/el-pspv-qualifica-de-fum-el-balanc-de-carrasco-dels-seus-dos-mesos-com-a-alcaldessa-i-subratlla-que-els-unics-projectes-en-marxa-son-de-lacord-del-fadrell\/"]}]},{"@type":"ImageObject","inLanguage":"es","@id":"https:\/\/agrupacionespsoe.es\/castello\/va\/el-pspv-qualifica-de-fum-el-balanc-de-carrasco-dels-seus-dos-mesos-com-a-alcaldessa-i-subratlla-que-els-unics-projectes-en-marxa-son-de-lacord-del-fadrell\/#primaryimage","url":"https:\/\/agrupacionespsoe.es\/castello\/wp-content\/uploads\/sites\/45\/2023\/08\/20230816-El-PSPV-acusa-a-Begona-Carrasco-de-reirse-de-la-ciudadania-de-Castello-al-afrontar-ya-la-tercera-remodelacion-del-equipo-de-gobierno-en-dos-meses-scaled.jpg","contentUrl":"https:\/\/agrupacionespsoe.es\/castello\/wp-content\/uploads\/sites\/45\/2023\/08\/20230816-El-PSPV-acusa-a-Begona-Carrasco-de-reirse-de-la-ciudadania-de-Castello-al-afrontar-ya-la-tercera-remodelacion-del-equipo-de-gobierno-en-dos-meses-scaled.jpg","width":2560,"height":1707},{"@type":"BreadcrumbList","@id":"https:\/\/agrupacionespsoe.es\/castello\/va\/el-pspv-qualifica-de-fum-el-balanc-de-carrasco-dels-seus-dos-mesos-com-a-alcaldessa-i-subratlla-que-els-unics-projectes-en-marxa-son-de-lacord-del-fadrell\/#breadcrumb","itemListElement":[{"@type":"ListItem","position":1,"name":"Portada","item":"https:\/\/agrupacionespsoe.es\/castello\/"},{"@type":"ListItem","position":2,"name":"El PSPV qualifica de \u2018fum\u2019 el balan\u00e7 de Carrasco dels seus dos mesos com a alcaldessa i subratlla que els \u00fanics projectes en marxa s\u00f3n de l\u2019Acord del Fadrell"}]},{"@type":"WebSite","@id":"https:\/\/agrupacionespsoe.es\/castello\/#website","url":"https:\/\/agrupacionespsoe.es\/castello\/","name":"PSPV-PSOE CASTELL\u00d3","description":"PSPV-PSOE | Agrupaci\u00f3 de Castell\u00f3","publisher":{"@id":"https:\/\/agrupacionespsoe.es\/castello\/#organization"},"potentialAction":[{"@type":"SearchAction","target":{"@type":"EntryPoint","urlTemplate":"https:\/\/agrupacionespsoe.es\/castello\/?s={search_term_string}"},"query-input":{"@type":"PropertyValueSpecification","valueRequired":true,"valueName":"search_term_string"}}],"inLanguage":"es"},{"@type":"Organization","@id":"https:\/\/agrupacionespsoe.es\/castello\/#organization","name":"PSPV-PSOE Castell\u00f3","url":"https:\/\/agrupacionespsoe.es\/castello\/","logo":{"@type":"ImageObject","inLanguage":"es","@id":"https:\/\/agrupacionespsoe.es\/castello\/#\/schema\/logo\/image\/","url":"https:\/\/agrupacionespsoe.es\/castello\/wp-content\/uploads\/sites\/45\/2023\/04\/PORTADA-PSOE-CASTELLO.jpg","contentUrl":"https:\/\/agrupacionespsoe.es\/castello\/wp-content\/uploads\/sites\/45\/2023\/04\/PORTADA-PSOE-CASTELLO.jpg","width":2500,"height":2500,"caption":"PSPV-PSOE Castell\u00f3"},"image":{"@id":"https:\/\/agrupacionespsoe.es\/castello\/#\/schema\/logo\/image\/"},"sameAs":["https:\/\/www.facebook.com\/pspv.castellodelaplana","https:\/\/x.com\/pspv_cs","https:\/\/www.instagram.com\/pspvpsoecastello\/"]},{"@type":"Person","@id":"https:\/\/agrupacionespsoe.es\/castello\/#\/schema\/person\/f3bc5b2f9dc6a399e9e98596ae24a20a","name":"castello1","image":{"@type":"ImageObject","inLanguage":"es","@id":"https:\/\/agrupacionespsoe.es\/castello\/#\/schema\/person\/image\/","url":"https:\/\/secure.gravatar.com\/avatar\/5f1da428d6479d1127419c0b58796865?s=96&d=mm&r=g","contentUrl":"https:\/\/secure.gravatar.com\/avatar\/5f1da428d6479d1127419c0b58796865?s=96&d=mm&r=g","caption":"castello1"},"url":"https:\/\/agrupacionespsoe.es\/castello\/author\/castello1\/"}]}},"jetpack_publicize_connections":[],"jetpack_featured_media_url":"https:\/\/agrupacionespsoe.es\/castello\/wp-content\/uploads\/sites\/45\/2023\/08\/20230816-El-PSPV-acusa-a-Begona-Carrasco-de-reirse-de-la-ciudadania-de-Castello-al-afrontar-ya-la-tercera-remodelacion-del-equipo-de-gobierno-en-dos-meses-scaled.jpg","jetpack_sharing_enabled":true,"_links":{"self":[{"href":"https:\/\/agrupacionespsoe.es\/castello\/wp-json\/wp\/v2\/posts\/2271","targetHints":{"allow":["GET"]}}],"collection":[{"href":"https:\/\/agrupacionespsoe.es\/castello\/wp-json\/wp\/v2\/posts"}],"about":[{"href":"https:\/\/agrupacionespsoe.es\/castello\/wp-json\/wp\/v2\/types\/post"}],"author":[{"embeddable":true,"href":"https:\/\/agrupacionespsoe.es\/castello\/wp-json\/wp\/v2\/users\/48"}],"replies":[{"embeddable":true,"href":"https:\/\/agrupacionespsoe.es\/castello\/wp-json\/wp\/v2\/comments?post=2271"}],"version-history":[{"count":3,"href":"https:\/\/agrupacionespsoe.es\/castello\/wp-json\/wp\/v2\/posts\/2271\/revisions"}],"predecessor-version":[{"id":2404,"href":"https:\/\/agrupacionespsoe.es\/castello\/wp-json\/wp\/v2\/posts\/2271\/revisions\/2404"}],"wp:featuredmedia":[{"embeddable":true,"href":"https:\/\/agrupacionespsoe.es\/castello\/wp-json\/wp\/v2\/media\/2229"}],"wp:attachment":[{"href":"https:\/\/agrupacionespsoe.es\/castello\/wp-json\/wp\/v2\/media?parent=2271"}],"wp:term":[{"taxonomy":"category","embeddable":true,"href":"https:\/\/agrupacionespsoe.es\/castello\/wp-json\/wp\/v2\/categories?post=2271"},{"taxonomy":"post_tag","embeddable":true,"href":"https:\/\/agrupacionespsoe.es\/castello\/wp-json\/wp\/v2\/tags?post=2271"}],"curies":[{"name":"wp","href":"https:\/\/api.w.org\/{rel}","templated":true}]}}