{"id":2256,"date":"2023-08-18T12:36:14","date_gmt":"2023-08-18T10:36:14","guid":{"rendered":"https:\/\/agrupacionespsoe.es\/castello\/?p=2256"},"modified":"2023-09-05T12:04:36","modified_gmt":"2023-09-05T10:04:36","slug":"no-hay-dos-sin-tres","status":"publish","type":"post","link":"https:\/\/agrupacionespsoe.es\/castello\/no-hay-dos-sin-tres\/","title":{"rendered":"No hay dos sin tres"},"content":{"rendered":"\n<p>La pasada semana Maz\u00f3n nombraba a su \u201cgran amiga\u201d, Susana Fabregat, delegada del Consell en Castell\u00f3n. Curioso nombramiento que hace que el PP vuelva a las andadas y retome sus estrategias de toda la vida. Y es que para ostentar dicho cargo es imprescindible ser funcionaria de carrera, grupo A, requisito que Fabregat, mira t\u00fa por d\u00f3nde, no cumple.<\/p>\n\n\n\n<p>\u00bfEso es un problema para el PP de Maz\u00f3n? Cr\u00e9anme: ninguno. \u00bfQu\u00e9 hay que inventarse una f\u00f3rmula? Pues lo hacemos. Cambiamos la categor\u00eda profesional del puesto y ya est\u00e1.&nbsp; Ahora la nueva delegada del Consell ya no ser\u00e1 directora territorial sino, por primera vez en la historia, directora general, una forma de eludir el requisito de ser funcionaria de carrera y de paso que el bolsillo de Fabregat engorde con respecto al de su antecesora. Todo un traje a medida, el regalo del \u201csastre\u201d Maz\u00f3n a su \u201camiga del alma\u201d Fabregat.<\/p>\n\n\n\n<p>Todo esto provoca a su vez la tercera reorganizaci\u00f3n del gobierno de Carrasco en tan solo 60 d\u00edas. De traca. La primera, con la salida de Pradas del consistorio al mes de tomar posesi\u00f3n; la segunda, al mes y medio, con el pacto de la verg\u00fcenza con el que Carrasco dio cabida a Vox en el gobierno municipal, y la tercera, a los 55 d\u00edas de la toma de posesi\u00f3n con el adi\u00f3s a Fabregat.<\/p>\n\n\n\n<p>Como dice el refranero espa\u00f1ol, \u201cno hay dos sin tres\u201d. \u00bfSer\u00e1 esta la \u00faltima reestructuraci\u00f3n de Carrasco? Desde luego su equipo no brilla por su estabilidad.<\/p>\n\n\n\n<p>Una inestabilidad que est\u00e1 repercutiendo en la ciudad de Castell\u00f3, pues la gesti\u00f3n ni est\u00e1 ni se la espera, con un ir y venir de concejalas que impide que las competencias est\u00e9n adjudicadas a una responsable definitiva.<\/p>\n\n\n\n<p>\u00c1reas como Bienestar Social contin\u00faan en el limbo, sin saber qui\u00e9n asumir\u00e1 la concejal\u00eda. Esto es lo que le importa a la nueva alcaldesa las vecinas y vecinos de Castell\u00f3, centrada \u00fanicamente en pactar sueldos y sillones con la extrema derecha.<\/p>\n\n\n\n<p>Carrasco ha demostrado ya su incapacidad para poner en marcha el ayuntamiento y ahora ha delegado la alcald\u00eda en sus tres \u201cpesos pesados\u201d para irse de vacaciones, porque poco parece importarle que la gesti\u00f3n municipal est\u00e9 aletargada.<\/p>\n\n\n\n<p class=\"has-text-align-right\"><strong>Patricia Puerta<\/strong><br>Portavoz del Grupo Municipal Socialista en el Ayuntamiento de Castell\u00f3<\/p>\n","protected":false},"excerpt":{"rendered":"<p>La pasada semana Maz\u00f3n nombraba a su \u201cgran amiga\u201d, Susana Fabregat, delegada del Consell en Castell\u00f3n. Curioso nombramiento que hace que el PP vuelva a las andadas y retome sus estrategias de toda la vida. Y es que para ostentar dicho cargo es imprescindible ser funcionaria de carrera, grupo A, requisito que Fabregat, mira t\u00fa &#8230;<\/p>\n","protected":false},"author":48,"featured_media":841,"comment_status":"open","ping_status":"open","sticky":false,"template":"","format":"standard","meta":{"_jetpack_memberships_contains_paid_content":false,"footnotes":"","jetpack_publicize_message":"","jetpack_publicize_feature_enabled":true,"jetpack_social_post_already_shared":false,"jetpack_social_options":{"image_generator_settings":{"template":"highway","default_image_id":0,"font":"","enabled":false},"version":2}},"categories":[33,50],"tags":[81],"class_list":["post-2256","post","type-post","status-publish","format-standard","has-post-thumbnail","hentry","category-gms","category-opinion","tag-patricia-puerta"],"yoast_head":"<!-- This site is optimized with the Yoast SEO plugin v24.0 - https:\/\/yoast.com\/wordpress\/plugins\/seo\/ -->\n<title>No hay dos sin tres - PSPV-PSOE CASTELL\u00d3<\/title>\n<meta name=\"robots\" content=\"index, follow, max-snippet:-1, max-image-preview:large, max-video-preview:-1\" \/>\n<link rel=\"canonical\" href=\"https:\/\/agrupacionespsoe.es\/castello\/no-hay-dos-sin-tres\/\" \/>\n<meta property=\"og:locale\" content=\"es_ES\" \/>\n<meta property=\"og:type\" content=\"article\" \/>\n<meta property=\"og:title\" content=\"No hay dos sin tres - PSPV-PSOE CASTELL\u00d3\" \/>\n<meta property=\"og:description\" content=\"La pasada semana Maz\u00f3n nombraba a su \u201cgran amiga\u201d, Susana Fabregat, delegada del Consell en Castell\u00f3n. Curioso nombramiento que hace que el PP vuelva a las andadas y retome sus estrategias de toda la vida. Y es que para ostentar dicho cargo es imprescindible ser funcionaria de carrera, grupo A, requisito que Fabregat, mira t\u00fa ...\" \/>\n<meta property=\"og:url\" content=\"https:\/\/agrupacionespsoe.es\/castello\/no-hay-dos-sin-tres\/\" \/>\n<meta property=\"og:site_name\" content=\"PSPV-PSOE CASTELL\u00d3\" \/>\n<meta property=\"article:publisher\" content=\"https:\/\/www.facebook.com\/pspv.castellodelaplana\" \/>\n<meta property=\"article:published_time\" content=\"2023-08-18T10:36:14+00:00\" \/>\n<meta property=\"article:modified_time\" content=\"2023-09-05T10:04:36+00:00\" \/>\n<meta property=\"og:image\" content=\"https:\/\/agrupacionespsoe.es\/castello\/wp-content\/uploads\/sites\/45\/2023\/04\/3.-PATRICIA-PUERTA-BARBERA-1-1-scaled.jpg\" \/>\n\t<meta property=\"og:image:width\" content=\"2560\" \/>\n\t<meta property=\"og:image:height\" content=\"2560\" \/>\n\t<meta property=\"og:image:type\" content=\"image\/jpeg\" \/>\n<meta name=\"author\" content=\"castello1\" \/>\n<meta name=\"twitter:card\" content=\"summary_large_image\" \/>\n<meta name=\"twitter:creator\" content=\"@pspv_cs\" \/>\n<meta name=\"twitter:site\" content=\"@pspv_cs\" \/>\n<meta name=\"twitter:label1\" content=\"Escrito por\" \/>\n\t<meta name=\"twitter:data1\" content=\"castello1\" \/>\n\t<meta name=\"twitter:label2\" content=\"Tiempo de lectura\" \/>\n\t<meta name=\"twitter:data2\" content=\"2 minutos\" \/>\n<script type=\"application\/ld+json\" class=\"yoast-schema-graph\">{\"@context\":\"https:\/\/schema.org\",\"@graph\":[{\"@type\":\"Article\",\"@id\":\"https:\/\/agrupacionespsoe.es\/castello\/no-hay-dos-sin-tres\/#article\",\"isPartOf\":{\"@id\":\"https:\/\/agrupacionespsoe.es\/castello\/no-hay-dos-sin-tres\/\"},\"author\":{\"name\":\"castello1\",\"@id\":\"https:\/\/agrupacionespsoe.es\/castello\/#\/schema\/person\/f3bc5b2f9dc6a399e9e98596ae24a20a\"},\"headline\":\"No hay dos sin tres\",\"datePublished\":\"2023-08-18T10:36:14+00:00\",\"dateModified\":\"2023-09-05T10:04:36+00:00\",\"mainEntityOfPage\":{\"@id\":\"https:\/\/agrupacionespsoe.es\/castello\/no-hay-dos-sin-tres\/\"},\"wordCount\":406,\"commentCount\":0,\"publisher\":{\"@id\":\"https:\/\/agrupacionespsoe.es\/castello\/#organization\"},\"image\":{\"@id\":\"https:\/\/agrupacionespsoe.es\/castello\/no-hay-dos-sin-tres\/#primaryimage\"},\"thumbnailUrl\":\"https:\/\/agrupacionespsoe.es\/castello\/wp-content\/uploads\/sites\/45\/2023\/04\/3.-PATRICIA-PUERTA-BARBERA-1-1-scaled.jpg\",\"keywords\":[\"Patricia Puerta\"],\"articleSection\":[\"Grupo Municipal Socialista\",\"Opini\u00f3n\"],\"inLanguage\":\"es\",\"potentialAction\":[{\"@type\":\"CommentAction\",\"name\":\"Comment\",\"target\":[\"https:\/\/agrupacionespsoe.es\/castello\/no-hay-dos-sin-tres\/#respond\"]}]},{\"@type\":\"WebPage\",\"@id\":\"https:\/\/agrupacionespsoe.es\/castello\/no-hay-dos-sin-tres\/\",\"url\":\"https:\/\/agrupacionespsoe.es\/castello\/no-hay-dos-sin-tres\/\",\"name\":\"No hay dos sin tres - PSPV-PSOE CASTELL\u00d3\",\"isPartOf\":{\"@id\":\"https:\/\/agrupacionespsoe.es\/castello\/#website\"},\"primaryImageOfPage\":{\"@id\":\"https:\/\/agrupacionespsoe.es\/castello\/no-hay-dos-sin-tres\/#primaryimage\"},\"image\":{\"@id\":\"https:\/\/agrupacionespsoe.es\/castello\/no-hay-dos-sin-tres\/#primaryimage\"},\"thumbnailUrl\":\"https:\/\/agrupacionespsoe.es\/castello\/wp-content\/uploads\/sites\/45\/2023\/04\/3.-PATRICIA-PUERTA-BARBERA-1-1-scaled.jpg\",\"datePublished\":\"2023-08-18T10:36:14+00:00\",\"dateModified\":\"2023-09-05T10:04:36+00:00\",\"breadcrumb\":{\"@id\":\"https:\/\/agrupacionespsoe.es\/castello\/no-hay-dos-sin-tres\/#breadcrumb\"},\"inLanguage\":\"es\",\"potentialAction\":[{\"@type\":\"ReadAction\",\"target\":[\"https:\/\/agrupacionespsoe.es\/castello\/no-hay-dos-sin-tres\/\"]}]},{\"@type\":\"ImageObject\",\"inLanguage\":\"es\",\"@id\":\"https:\/\/agrupacionespsoe.es\/castello\/no-hay-dos-sin-tres\/#primaryimage\",\"url\":\"https:\/\/agrupacionespsoe.es\/castello\/wp-content\/uploads\/sites\/45\/2023\/04\/3.-PATRICIA-PUERTA-BARBERA-1-1-scaled.jpg\",\"contentUrl\":\"https:\/\/agrupacionespsoe.es\/castello\/wp-content\/uploads\/sites\/45\/2023\/04\/3.-PATRICIA-PUERTA-BARBERA-1-1-scaled.jpg\",\"width\":2560,\"height\":2560},{\"@type\":\"BreadcrumbList\",\"@id\":\"https:\/\/agrupacionespsoe.es\/castello\/no-hay-dos-sin-tres\/#breadcrumb\",\"itemListElement\":[{\"@type\":\"ListItem\",\"position\":1,\"name\":\"Portada\",\"item\":\"https:\/\/agrupacionespsoe.es\/castello\/\"},{\"@type\":\"ListItem\",\"position\":2,\"name\":\"No hay dos sin tres\"}]},{\"@type\":\"WebSite\",\"@id\":\"https:\/\/agrupacionespsoe.es\/castello\/#website\",\"url\":\"https:\/\/agrupacionespsoe.es\/castello\/\",\"name\":\"PSPV-PSOE CASTELL\u00d3\",\"description\":\"PSPV-PSOE | Agrupaci\u00f3 de Castell\u00f3\",\"publisher\":{\"@id\":\"https:\/\/agrupacionespsoe.es\/castello\/#organization\"},\"potentialAction\":[{\"@type\":\"SearchAction\",\"target\":{\"@type\":\"EntryPoint\",\"urlTemplate\":\"https:\/\/agrupacionespsoe.es\/castello\/?s={search_term_string}\"},\"query-input\":{\"@type\":\"PropertyValueSpecification\",\"valueRequired\":true,\"valueName\":\"search_term_string\"}}],\"inLanguage\":\"es\"},{\"@type\":\"Organization\",\"@id\":\"https:\/\/agrupacionespsoe.es\/castello\/#organization\",\"name\":\"PSPV-PSOE Castell\u00f3\",\"url\":\"https:\/\/agrupacionespsoe.es\/castello\/\",\"logo\":{\"@type\":\"ImageObject\",\"inLanguage\":\"es\",\"@id\":\"https:\/\/agrupacionespsoe.es\/castello\/#\/schema\/logo\/image\/\",\"url\":\"https:\/\/agrupacionespsoe.es\/castello\/wp-content\/uploads\/sites\/45\/2023\/04\/PORTADA-PSOE-CASTELLO.jpg\",\"contentUrl\":\"https:\/\/agrupacionespsoe.es\/castello\/wp-content\/uploads\/sites\/45\/2023\/04\/PORTADA-PSOE-CASTELLO.jpg\",\"width\":2500,\"height\":2500,\"caption\":\"PSPV-PSOE Castell\u00f3\"},\"image\":{\"@id\":\"https:\/\/agrupacionespsoe.es\/castello\/#\/schema\/logo\/image\/\"},\"sameAs\":[\"https:\/\/www.facebook.com\/pspv.castellodelaplana\",\"https:\/\/x.com\/pspv_cs\",\"https:\/\/www.instagram.com\/pspvpsoecastello\/\"]},{\"@type\":\"Person\",\"@id\":\"https:\/\/agrupacionespsoe.es\/castello\/#\/schema\/person\/f3bc5b2f9dc6a399e9e98596ae24a20a\",\"name\":\"castello1\",\"image\":{\"@type\":\"ImageObject\",\"inLanguage\":\"es\",\"@id\":\"https:\/\/agrupacionespsoe.es\/castello\/#\/schema\/person\/image\/\",\"url\":\"https:\/\/secure.gravatar.com\/avatar\/5f1da428d6479d1127419c0b58796865?s=96&d=mm&r=g\",\"contentUrl\":\"https:\/\/secure.gravatar.com\/avatar\/5f1da428d6479d1127419c0b58796865?s=96&d=mm&r=g\",\"caption\":\"castello1\"},\"url\":\"https:\/\/agrupacionespsoe.es\/castello\/author\/castello1\/\"}]}<\/script>\n<!-- \/ Yoast SEO plugin. -->","yoast_head_json":{"title":"No hay dos sin tres - PSPV-PSOE CASTELL\u00d3","robots":{"index":"index","follow":"follow","max-snippet":"max-snippet:-1","max-image-preview":"max-image-preview:large","max-video-preview":"max-video-preview:-1"},"canonical":"https:\/\/agrupacionespsoe.es\/castello\/no-hay-dos-sin-tres\/","og_locale":"es_ES","og_type":"article","og_title":"No hay dos sin tres - PSPV-PSOE CASTELL\u00d3","og_description":"La pasada semana Maz\u00f3n nombraba a su \u201cgran amiga\u201d, Susana Fabregat, delegada del Consell en Castell\u00f3n. Curioso nombramiento que hace que el PP vuelva a las andadas y retome sus estrategias de toda la vida. Y es que para ostentar dicho cargo es imprescindible ser funcionaria de carrera, grupo A, requisito que Fabregat, mira t\u00fa ...","og_url":"https:\/\/agrupacionespsoe.es\/castello\/no-hay-dos-sin-tres\/","og_site_name":"PSPV-PSOE CASTELL\u00d3","article_publisher":"https:\/\/www.facebook.com\/pspv.castellodelaplana","article_published_time":"2023-08-18T10:36:14+00:00","article_modified_time":"2023-09-05T10:04:36+00:00","og_image":[{"width":2560,"height":2560,"url":"https:\/\/agrupacionespsoe.es\/castello\/wp-content\/uploads\/sites\/45\/2023\/04\/3.-PATRICIA-PUERTA-BARBERA-1-1-scaled.jpg","type":"image\/jpeg"}],"author":"castello1","twitter_card":"summary_large_image","twitter_creator":"@pspv_cs","twitter_site":"@pspv_cs","twitter_misc":{"Escrito por":"castello1","Tiempo de lectura":"2 minutos"},"schema":{"@context":"https:\/\/schema.org","@graph":[{"@type":"Article","@id":"https:\/\/agrupacionespsoe.es\/castello\/no-hay-dos-sin-tres\/#article","isPartOf":{"@id":"https:\/\/agrupacionespsoe.es\/castello\/no-hay-dos-sin-tres\/"},"author":{"name":"castello1","@id":"https:\/\/agrupacionespsoe.es\/castello\/#\/schema\/person\/f3bc5b2f9dc6a399e9e98596ae24a20a"},"headline":"No hay dos sin tres","datePublished":"2023-08-18T10:36:14+00:00","dateModified":"2023-09-05T10:04:36+00:00","mainEntityOfPage":{"@id":"https:\/\/agrupacionespsoe.es\/castello\/no-hay-dos-sin-tres\/"},"wordCount":406,"commentCount":0,"publisher":{"@id":"https:\/\/agrupacionespsoe.es\/castello\/#organization"},"image":{"@id":"https:\/\/agrupacionespsoe.es\/castello\/no-hay-dos-sin-tres\/#primaryimage"},"thumbnailUrl":"https:\/\/agrupacionespsoe.es\/castello\/wp-content\/uploads\/sites\/45\/2023\/04\/3.-PATRICIA-PUERTA-BARBERA-1-1-scaled.jpg","keywords":["Patricia Puerta"],"articleSection":["Grupo Municipal Socialista","Opini\u00f3n"],"inLanguage":"es","potentialAction":[{"@type":"CommentAction","name":"Comment","target":["https:\/\/agrupacionespsoe.es\/castello\/no-hay-dos-sin-tres\/#respond"]}]},{"@type":"WebPage","@id":"https:\/\/agrupacionespsoe.es\/castello\/no-hay-dos-sin-tres\/","url":"https:\/\/agrupacionespsoe.es\/castello\/no-hay-dos-sin-tres\/","name":"No hay dos sin tres - PSPV-PSOE CASTELL\u00d3","isPartOf":{"@id":"https:\/\/agrupacionespsoe.es\/castello\/#website"},"primaryImageOfPage":{"@id":"https:\/\/agrupacionespsoe.es\/castello\/no-hay-dos-sin-tres\/#primaryimage"},"image":{"@id":"https:\/\/agrupacionespsoe.es\/castello\/no-hay-dos-sin-tres\/#primaryimage"},"thumbnailUrl":"https:\/\/agrupacionespsoe.es\/castello\/wp-content\/uploads\/sites\/45\/2023\/04\/3.-PATRICIA-PUERTA-BARBERA-1-1-scaled.jpg","datePublished":"2023-08-18T10:36:14+00:00","dateModified":"2023-09-05T10:04:36+00:00","breadcrumb":{"@id":"https:\/\/agrupacionespsoe.es\/castello\/no-hay-dos-sin-tres\/#breadcrumb"},"inLanguage":"es","potentialAction":[{"@type":"ReadAction","target":["https:\/\/agrupacionespsoe.es\/castello\/no-hay-dos-sin-tres\/"]}]},{"@type":"ImageObject","inLanguage":"es","@id":"https:\/\/agrupacionespsoe.es\/castello\/no-hay-dos-sin-tres\/#primaryimage","url":"https:\/\/agrupacionespsoe.es\/castello\/wp-content\/uploads\/sites\/45\/2023\/04\/3.-PATRICIA-PUERTA-BARBERA-1-1-scaled.jpg","contentUrl":"https:\/\/agrupacionespsoe.es\/castello\/wp-content\/uploads\/sites\/45\/2023\/04\/3.-PATRICIA-PUERTA-BARBERA-1-1-scaled.jpg","width":2560,"height":2560},{"@type":"BreadcrumbList","@id":"https:\/\/agrupacionespsoe.es\/castello\/no-hay-dos-sin-tres\/#breadcrumb","itemListElement":[{"@type":"ListItem","position":1,"name":"Portada","item":"https:\/\/agrupacionespsoe.es\/castello\/"},{"@type":"ListItem","position":2,"name":"No hay dos sin tres"}]},{"@type":"WebSite","@id":"https:\/\/agrupacionespsoe.es\/castello\/#website","url":"https:\/\/agrupacionespsoe.es\/castello\/","name":"PSPV-PSOE CASTELL\u00d3","description":"PSPV-PSOE | Agrupaci\u00f3 de Castell\u00f3","publisher":{"@id":"https:\/\/agrupacionespsoe.es\/castello\/#organization"},"potentialAction":[{"@type":"SearchAction","target":{"@type":"EntryPoint","urlTemplate":"https:\/\/agrupacionespsoe.es\/castello\/?s={search_term_string}"},"query-input":{"@type":"PropertyValueSpecification","valueRequired":true,"valueName":"search_term_string"}}],"inLanguage":"es"},{"@type":"Organization","@id":"https:\/\/agrupacionespsoe.es\/castello\/#organization","name":"PSPV-PSOE Castell\u00f3","url":"https:\/\/agrupacionespsoe.es\/castello\/","logo":{"@type":"ImageObject","inLanguage":"es","@id":"https:\/\/agrupacionespsoe.es\/castello\/#\/schema\/logo\/image\/","url":"https:\/\/agrupacionespsoe.es\/castello\/wp-content\/uploads\/sites\/45\/2023\/04\/PORTADA-PSOE-CASTELLO.jpg","contentUrl":"https:\/\/agrupacionespsoe.es\/castello\/wp-content\/uploads\/sites\/45\/2023\/04\/PORTADA-PSOE-CASTELLO.jpg","width":2500,"height":2500,"caption":"PSPV-PSOE Castell\u00f3"},"image":{"@id":"https:\/\/agrupacionespsoe.es\/castello\/#\/schema\/logo\/image\/"},"sameAs":["https:\/\/www.facebook.com\/pspv.castellodelaplana","https:\/\/x.com\/pspv_cs","https:\/\/www.instagram.com\/pspvpsoecastello\/"]},{"@type":"Person","@id":"https:\/\/agrupacionespsoe.es\/castello\/#\/schema\/person\/f3bc5b2f9dc6a399e9e98596ae24a20a","name":"castello1","image":{"@type":"ImageObject","inLanguage":"es","@id":"https:\/\/agrupacionespsoe.es\/castello\/#\/schema\/person\/image\/","url":"https:\/\/secure.gravatar.com\/avatar\/5f1da428d6479d1127419c0b58796865?s=96&d=mm&r=g","contentUrl":"https:\/\/secure.gravatar.com\/avatar\/5f1da428d6479d1127419c0b58796865?s=96&d=mm&r=g","caption":"castello1"},"url":"https:\/\/agrupacionespsoe.es\/castello\/author\/castello1\/"}]}},"jetpack_publicize_connections":[],"jetpack_featured_media_url":"https:\/\/agrupacionespsoe.es\/castello\/wp-content\/uploads\/sites\/45\/2023\/04\/3.-PATRICIA-PUERTA-BARBERA-1-1-scaled.jpg","jetpack_sharing_enabled":true,"_links":{"self":[{"href":"https:\/\/agrupacionespsoe.es\/castello\/wp-json\/wp\/v2\/posts\/2256","targetHints":{"allow":["GET"]}}],"collection":[{"href":"https:\/\/agrupacionespsoe.es\/castello\/wp-json\/wp\/v2\/posts"}],"about":[{"href":"https:\/\/agrupacionespsoe.es\/castello\/wp-json\/wp\/v2\/types\/post"}],"author":[{"embeddable":true,"href":"https:\/\/agrupacionespsoe.es\/castello\/wp-json\/wp\/v2\/users\/48"}],"replies":[{"embeddable":true,"href":"https:\/\/agrupacionespsoe.es\/castello\/wp-json\/wp\/v2\/comments?post=2256"}],"version-history":[{"count":7,"href":"https:\/\/agrupacionespsoe.es\/castello\/wp-json\/wp\/v2\/posts\/2256\/revisions"}],"predecessor-version":[{"id":2281,"href":"https:\/\/agrupacionespsoe.es\/castello\/wp-json\/wp\/v2\/posts\/2256\/revisions\/2281"}],"wp:featuredmedia":[{"embeddable":true,"href":"https:\/\/agrupacionespsoe.es\/castello\/wp-json\/wp\/v2\/media\/841"}],"wp:attachment":[{"href":"https:\/\/agrupacionespsoe.es\/castello\/wp-json\/wp\/v2\/media?parent=2256"}],"wp:term":[{"taxonomy":"category","embeddable":true,"href":"https:\/\/agrupacionespsoe.es\/castello\/wp-json\/wp\/v2\/categories?post=2256"},{"taxonomy":"post_tag","embeddable":true,"href":"https:\/\/agrupacionespsoe.es\/castello\/wp-json\/wp\/v2\/tags?post=2256"}],"curies":[{"name":"wp","href":"https:\/\/api.w.org\/{rel}","templated":true}]}}