{"id":2037,"date":"2023-08-04T14:27:32","date_gmt":"2023-08-04T14:27:32","guid":{"rendered":"https:\/\/agrupacionespsoe.es\/castello\/?p=2037"},"modified":"2024-06-19T11:21:39","modified_gmt":"2024-06-19T09:21:39","slug":"el-pp-i-vox-deixen-a-la-dona-fora-de-la-coordinacio-de-les-quatre-arees-de-govern-de-lajuntament-de-castello-i-la-relega-a-3-de-les-9-tinences-dalcaldia","status":"publish","type":"post","link":"https:\/\/agrupacionespsoe.es\/castello\/va\/el-pp-i-vox-deixen-a-la-dona-fora-de-la-coordinacio-de-les-quatre-arees-de-govern-de-lajuntament-de-castello-i-la-relega-a-3-de-les-9-tinences-dalcaldia\/","title":{"rendered":"El PP i Vox deixen a la dona fora de la coordinaci\u00f3 de les quatre \u00e0rees de govern de l&#8217;Ajuntament de Castell\u00f3 i la relega a 3 de les 9 tinences d&#8217;alcaldia"},"content":{"rendered":"\n<p><em><em>La regidora socialista M\u00f3nica Barab\u00e1s assegura que \u201cel pacte de la vergonya de la dreta i la ultradreta deixa clar que, al marge de l&#8217;alcaldessa, no comptar\u00e0 amb les dones en els llocs de rellev\u00e0ncia de les \u00e0rees de de Ciutadania, Urbanisme, Economia i Seguretat<\/em><\/em><\/p>\n\n\n\n<p><em><em>De nou tinences d&#8217;alcaldia, sis estaran copades per homes i nom\u00e9s tres per dones. D&#8217;elles destaca Ester Giner, regidora del Grau, que cobrar\u00e0 61.843 euros sense haver de manejar cap pressupost municipal<\/em><\/em><\/p>\n\n\n\n<figure class=\"wp-block-audio\"><audio controls src=\"https:\/\/agrupacionespsoe.es\/castello\/wp-content\/uploads\/sites\/45\/2023\/08\/20230804-El-PP-y-Vox-dejan-a-la-mujer-fuera-de-la-coordinacion-de-las-cuatro-areas-de-gobierno-del-Ayuntamiento-de-Castello-y-la-relega-a-3-de-las-9-tenencias-de-alcaldia.mp3\"><\/audio><\/figure>\n\n\n\n<p>El \u201cpacte de la vergonya\u201d de PP i Vox han relegat de qualsevol labor de coordinaci\u00f3 en la gesti\u00f3 de l&#8217;Ajuntament de Castell\u00f3 a les dones que integren l&#8217;equip de govern de la dreta i la ultradreta. Per a M\u00f3nica Barab\u00e1s, la regidora responsable de fiscalitzar l&#8217;\u00e0rea d&#8217;Igualtat des del grup municipal socialista, \u201cestem davant un clar s\u00edmptoma del poc que li importen les dones a aquest govern municipal\u201d.<\/p>\n\n\n\n<p>L&#8217;alcaldessa de Castell\u00f3, Bego\u00f1a Carrasco, \u201csembla no confiar en la v\u00e0lua de les regidores que formen part de la seua candidatura, a les quals relega dels llocs que han d&#8217;encarregar-se de desenvolupar les pol\u00edtiques municipals per als pr\u00f2xims quatre anys i a algunes, com la regidora Ester Giner, a un lloc, regidora del Grau, sense cap capacitat de gesti\u00f3\u201d, ha lamentat Barab\u00e1s.<\/p>\n\n\n\n<p>Despr\u00e9s del pacte de la dreta i la ultradreta \u201camagat durant aquestes setmanes, per\u00f2 que tots i totes sab\u00edem que s&#8217;estava cuinant a esquena de la ciutadania\u201d, s&#8217;ha confirmat que els quatre primers tinents d&#8217;alcalde del consistori s\u00f3n homes: Vicent Sales, en l&#8217;\u00e0rea de Ciutadania i Participaci\u00f3; Sergio Toledo, en la d&#8217;Urbanisme i Serveis P\u00fablics; Juan Carlos Redondo, en la d&#8217;Impuls Econ\u00f2mic, Ocupaci\u00f3 i Capital Hum\u00e0; i Antonio Ortol\u00e1, en la de Seguretat Ciutadana, Emerg\u00e8ncies i Salut P\u00fablica.<\/p>\n\n\n\n<p>Cal arribar fins a la cinquena tinenta d&#8217;alcalde per a, al marge de l&#8217;alcaldessa, arribar a la primera dona: Ester Giner, regidora \u00fanicament del Grau, un c\u00e0rrec pel qual cobrar\u00e0 ni m\u00e9s ni menys que 61.843 euros malgrat no haver de gestionar cap pressupost, ni signar cap factura\u201d, ha remarcat M\u00f3nica Barab\u00e1s.<\/p>\n\n\n\n<p>El nou organigrama de l&#8217;ajuntament, \u201cdespr\u00e9s de la decisi\u00f3 lamentable de l&#8217;alcaldessa de ficar a la ultradreta en el govern municipal\u201d, deixa a les regidores amb nom\u00e9s tres de les nou tinences d&#8217;alcaldia, \u201cun clar reflex del que li importa a la senyora Bego\u00f1a Carrasco la Igualtat, \u00e0rea que, cal recordar-lo assumeix ella de manera directa\u201d.<\/p>\n","protected":false},"excerpt":{"rendered":"<p>La regidora socialista M\u00f3nica Barab\u00e1s assegura que \u201cel pacte de la vergonya de la dreta i la ultradreta deixa clar que, al marge de l&#8217;alcaldessa, no comptar\u00e0 amb les dones en els llocs de rellev\u00e0ncia de les \u00e0rees de de Ciutadania, Urbanisme, Economia i Seguretat De nou tinences d&#8217;alcaldia, sis estaran copades per homes i &#8230;<\/p>\n","protected":false},"author":48,"featured_media":2034,"comment_status":"open","ping_status":"open","sticky":false,"template":"","format":"standard","meta":{"_jetpack_memberships_contains_paid_content":false,"footnotes":"","jetpack_publicize_message":"","jetpack_publicize_feature_enabled":true,"jetpack_social_post_already_shared":false,"jetpack_social_options":{"image_generator_settings":{"template":"highway","default_image_id":0,"font":"","enabled":false},"version":2}},"categories":[22],"tags":[109],"class_list":["post-2037","post","type-post","status-publish","format-standard","has-post-thumbnail","hentry","category-gms-va","tag-monica-barabas-va"],"yoast_head":"<!-- This site is optimized with the Yoast SEO plugin v24.0 - https:\/\/yoast.com\/wordpress\/plugins\/seo\/ -->\n<title>El PP i Vox deixen a la dona fora de la coordinaci\u00f3 de les quatre \u00e0rees de govern de l&#039;Ajuntament de Castell\u00f3 i la relega a 3 de les 9 tinences d&#039;alcaldia - PSPV-PSOE CASTELL\u00d3<\/title>\n<meta name=\"robots\" content=\"index, follow, max-snippet:-1, max-image-preview:large, max-video-preview:-1\" \/>\n<link rel=\"canonical\" href=\"https:\/\/agrupacionespsoe.es\/castello\/va\/el-pp-i-vox-deixen-a-la-dona-fora-de-la-coordinacio-de-les-quatre-arees-de-govern-de-lajuntament-de-castello-i-la-relega-a-3-de-les-9-tinences-dalcaldia\/\" \/>\n<meta property=\"og:locale\" content=\"es_ES\" \/>\n<meta property=\"og:type\" content=\"article\" \/>\n<meta property=\"og:title\" content=\"El PP i Vox deixen a la dona fora de la coordinaci\u00f3 de les quatre \u00e0rees de govern de l&#039;Ajuntament de Castell\u00f3 i la relega a 3 de les 9 tinences d&#039;alcaldia - PSPV-PSOE CASTELL\u00d3\" \/>\n<meta property=\"og:description\" content=\"La regidora socialista M\u00f3nica Barab\u00e1s assegura que \u201cel pacte de la vergonya de la dreta i la ultradreta deixa clar que, al marge de l&#8217;alcaldessa, no comptar\u00e0 amb les dones en els llocs de rellev\u00e0ncia de les \u00e0rees de de Ciutadania, Urbanisme, Economia i Seguretat De nou tinences d&#8217;alcaldia, sis estaran copades per homes i ...\" \/>\n<meta property=\"og:url\" content=\"https:\/\/agrupacionespsoe.es\/castello\/va\/el-pp-i-vox-deixen-a-la-dona-fora-de-la-coordinacio-de-les-quatre-arees-de-govern-de-lajuntament-de-castello-i-la-relega-a-3-de-les-9-tinences-dalcaldia\/\" \/>\n<meta property=\"og:site_name\" content=\"PSPV-PSOE CASTELL\u00d3\" \/>\n<meta property=\"article:publisher\" content=\"https:\/\/www.facebook.com\/pspv.castellodelaplana\" \/>\n<meta property=\"article:published_time\" content=\"2023-08-04T14:27:32+00:00\" \/>\n<meta property=\"article:modified_time\" content=\"2024-06-19T09:21:39+00:00\" \/>\n<meta property=\"og:image\" content=\"https:\/\/agrupacionespsoe.es\/castello\/wp-content\/uploads\/sites\/45\/2023\/08\/20230804-El-PP-y-Vox-dejan-a-la-mujer-fuera-de-la-coordinacion-de-las-cuatro-areas-de-gobierno-del-Ayuntamiento-de-Castello-y-la-relega-a-3-de-las-9-tenencias-de-alcaldia-scaled.jpg\" \/>\n\t<meta property=\"og:image:width\" content=\"2560\" \/>\n\t<meta property=\"og:image:height\" content=\"1707\" \/>\n\t<meta property=\"og:image:type\" content=\"image\/jpeg\" \/>\n<meta name=\"author\" content=\"castello1\" \/>\n<meta name=\"twitter:card\" content=\"summary_large_image\" \/>\n<meta name=\"twitter:creator\" content=\"@pspv_cs\" \/>\n<meta name=\"twitter:site\" content=\"@pspv_cs\" \/>\n<meta name=\"twitter:label1\" content=\"Escrito por\" \/>\n\t<meta name=\"twitter:data1\" content=\"castello1\" \/>\n\t<meta name=\"twitter:label2\" content=\"Tiempo de lectura\" \/>\n\t<meta name=\"twitter:data2\" content=\"2 minutos\" \/>\n<script type=\"application\/ld+json\" class=\"yoast-schema-graph\">{\"@context\":\"https:\/\/schema.org\",\"@graph\":[{\"@type\":\"Article\",\"@id\":\"https:\/\/agrupacionespsoe.es\/castello\/va\/el-pp-i-vox-deixen-a-la-dona-fora-de-la-coordinacio-de-les-quatre-arees-de-govern-de-lajuntament-de-castello-i-la-relega-a-3-de-les-9-tinences-dalcaldia\/#article\",\"isPartOf\":{\"@id\":\"https:\/\/agrupacionespsoe.es\/castello\/va\/el-pp-i-vox-deixen-a-la-dona-fora-de-la-coordinacio-de-les-quatre-arees-de-govern-de-lajuntament-de-castello-i-la-relega-a-3-de-les-9-tinences-dalcaldia\/\"},\"author\":{\"name\":\"castello1\",\"@id\":\"https:\/\/agrupacionespsoe.es\/castello\/#\/schema\/person\/f3bc5b2f9dc6a399e9e98596ae24a20a\"},\"headline\":\"El PP i Vox deixen a la dona fora de la coordinaci\u00f3 de les quatre \u00e0rees de govern de l&#8217;Ajuntament de Castell\u00f3 i la relega a 3 de les 9 tinences d&#8217;alcaldia\",\"datePublished\":\"2023-08-04T14:27:32+00:00\",\"dateModified\":\"2024-06-19T09:21:39+00:00\",\"mainEntityOfPage\":{\"@id\":\"https:\/\/agrupacionespsoe.es\/castello\/va\/el-pp-i-vox-deixen-a-la-dona-fora-de-la-coordinacio-de-les-quatre-arees-de-govern-de-lajuntament-de-castello-i-la-relega-a-3-de-les-9-tinences-dalcaldia\/\"},\"wordCount\":450,\"commentCount\":0,\"publisher\":{\"@id\":\"https:\/\/agrupacionespsoe.es\/castello\/#organization\"},\"image\":{\"@id\":\"https:\/\/agrupacionespsoe.es\/castello\/va\/el-pp-i-vox-deixen-a-la-dona-fora-de-la-coordinacio-de-les-quatre-arees-de-govern-de-lajuntament-de-castello-i-la-relega-a-3-de-les-9-tinences-dalcaldia\/#primaryimage\"},\"thumbnailUrl\":\"https:\/\/agrupacionespsoe.es\/castello\/wp-content\/uploads\/sites\/45\/2023\/08\/20230804-El-PP-y-Vox-dejan-a-la-mujer-fuera-de-la-coordinacion-de-las-cuatro-areas-de-gobierno-del-Ayuntamiento-de-Castello-y-la-relega-a-3-de-las-9-tenencias-de-alcaldia-scaled.jpg\",\"keywords\":[\"M\u00f3nica Barab\u00e1s\"],\"articleSection\":[\"Grup Municipal Socialista\"],\"inLanguage\":\"es\",\"potentialAction\":[{\"@type\":\"CommentAction\",\"name\":\"Comment\",\"target\":[\"https:\/\/agrupacionespsoe.es\/castello\/va\/el-pp-i-vox-deixen-a-la-dona-fora-de-la-coordinacio-de-les-quatre-arees-de-govern-de-lajuntament-de-castello-i-la-relega-a-3-de-les-9-tinences-dalcaldia\/#respond\"]}]},{\"@type\":\"WebPage\",\"@id\":\"https:\/\/agrupacionespsoe.es\/castello\/va\/el-pp-i-vox-deixen-a-la-dona-fora-de-la-coordinacio-de-les-quatre-arees-de-govern-de-lajuntament-de-castello-i-la-relega-a-3-de-les-9-tinences-dalcaldia\/\",\"url\":\"https:\/\/agrupacionespsoe.es\/castello\/va\/el-pp-i-vox-deixen-a-la-dona-fora-de-la-coordinacio-de-les-quatre-arees-de-govern-de-lajuntament-de-castello-i-la-relega-a-3-de-les-9-tinences-dalcaldia\/\",\"name\":\"El PP i Vox deixen a la dona fora de la coordinaci\u00f3 de les quatre \u00e0rees de govern de l'Ajuntament de Castell\u00f3 i la relega a 3 de les 9 tinences d'alcaldia - PSPV-PSOE CASTELL\u00d3\",\"isPartOf\":{\"@id\":\"https:\/\/agrupacionespsoe.es\/castello\/#website\"},\"primaryImageOfPage\":{\"@id\":\"https:\/\/agrupacionespsoe.es\/castello\/va\/el-pp-i-vox-deixen-a-la-dona-fora-de-la-coordinacio-de-les-quatre-arees-de-govern-de-lajuntament-de-castello-i-la-relega-a-3-de-les-9-tinences-dalcaldia\/#primaryimage\"},\"image\":{\"@id\":\"https:\/\/agrupacionespsoe.es\/castello\/va\/el-pp-i-vox-deixen-a-la-dona-fora-de-la-coordinacio-de-les-quatre-arees-de-govern-de-lajuntament-de-castello-i-la-relega-a-3-de-les-9-tinences-dalcaldia\/#primaryimage\"},\"thumbnailUrl\":\"https:\/\/agrupacionespsoe.es\/castello\/wp-content\/uploads\/sites\/45\/2023\/08\/20230804-El-PP-y-Vox-dejan-a-la-mujer-fuera-de-la-coordinacion-de-las-cuatro-areas-de-gobierno-del-Ayuntamiento-de-Castello-y-la-relega-a-3-de-las-9-tenencias-de-alcaldia-scaled.jpg\",\"datePublished\":\"2023-08-04T14:27:32+00:00\",\"dateModified\":\"2024-06-19T09:21:39+00:00\",\"breadcrumb\":{\"@id\":\"https:\/\/agrupacionespsoe.es\/castello\/va\/el-pp-i-vox-deixen-a-la-dona-fora-de-la-coordinacio-de-les-quatre-arees-de-govern-de-lajuntament-de-castello-i-la-relega-a-3-de-les-9-tinences-dalcaldia\/#breadcrumb\"},\"inLanguage\":\"es\",\"potentialAction\":[{\"@type\":\"ReadAction\",\"target\":[\"https:\/\/agrupacionespsoe.es\/castello\/va\/el-pp-i-vox-deixen-a-la-dona-fora-de-la-coordinacio-de-les-quatre-arees-de-govern-de-lajuntament-de-castello-i-la-relega-a-3-de-les-9-tinences-dalcaldia\/\"]}]},{\"@type\":\"ImageObject\",\"inLanguage\":\"es\",\"@id\":\"https:\/\/agrupacionespsoe.es\/castello\/va\/el-pp-i-vox-deixen-a-la-dona-fora-de-la-coordinacio-de-les-quatre-arees-de-govern-de-lajuntament-de-castello-i-la-relega-a-3-de-les-9-tinences-dalcaldia\/#primaryimage\",\"url\":\"https:\/\/agrupacionespsoe.es\/castello\/wp-content\/uploads\/sites\/45\/2023\/08\/20230804-El-PP-y-Vox-dejan-a-la-mujer-fuera-de-la-coordinacion-de-las-cuatro-areas-de-gobierno-del-Ayuntamiento-de-Castello-y-la-relega-a-3-de-las-9-tenencias-de-alcaldia-scaled.jpg\",\"contentUrl\":\"https:\/\/agrupacionespsoe.es\/castello\/wp-content\/uploads\/sites\/45\/2023\/08\/20230804-El-PP-y-Vox-dejan-a-la-mujer-fuera-de-la-coordinacion-de-las-cuatro-areas-de-gobierno-del-Ayuntamiento-de-Castello-y-la-relega-a-3-de-las-9-tenencias-de-alcaldia-scaled.jpg\",\"width\":2560,\"height\":1707},{\"@type\":\"BreadcrumbList\",\"@id\":\"https:\/\/agrupacionespsoe.es\/castello\/va\/el-pp-i-vox-deixen-a-la-dona-fora-de-la-coordinacio-de-les-quatre-arees-de-govern-de-lajuntament-de-castello-i-la-relega-a-3-de-les-9-tinences-dalcaldia\/#breadcrumb\",\"itemListElement\":[{\"@type\":\"ListItem\",\"position\":1,\"name\":\"Portada\",\"item\":\"https:\/\/agrupacionespsoe.es\/castello\/\"},{\"@type\":\"ListItem\",\"position\":2,\"name\":\"El PP i Vox deixen a la dona fora de la coordinaci\u00f3 de les quatre \u00e0rees de govern de l&#8217;Ajuntament de Castell\u00f3 i la relega a 3 de les 9 tinences d&#8217;alcaldia\"}]},{\"@type\":\"WebSite\",\"@id\":\"https:\/\/agrupacionespsoe.es\/castello\/#website\",\"url\":\"https:\/\/agrupacionespsoe.es\/castello\/\",\"name\":\"PSPV-PSOE CASTELL\u00d3\",\"description\":\"PSPV-PSOE | Agrupaci\u00f3 de Castell\u00f3\",\"publisher\":{\"@id\":\"https:\/\/agrupacionespsoe.es\/castello\/#organization\"},\"potentialAction\":[{\"@type\":\"SearchAction\",\"target\":{\"@type\":\"EntryPoint\",\"urlTemplate\":\"https:\/\/agrupacionespsoe.es\/castello\/?s={search_term_string}\"},\"query-input\":{\"@type\":\"PropertyValueSpecification\",\"valueRequired\":true,\"valueName\":\"search_term_string\"}}],\"inLanguage\":\"es\"},{\"@type\":\"Organization\",\"@id\":\"https:\/\/agrupacionespsoe.es\/castello\/#organization\",\"name\":\"PSPV-PSOE Castell\u00f3\",\"url\":\"https:\/\/agrupacionespsoe.es\/castello\/\",\"logo\":{\"@type\":\"ImageObject\",\"inLanguage\":\"es\",\"@id\":\"https:\/\/agrupacionespsoe.es\/castello\/#\/schema\/logo\/image\/\",\"url\":\"https:\/\/agrupacionespsoe.es\/castello\/wp-content\/uploads\/sites\/45\/2023\/04\/PORTADA-PSOE-CASTELLO.jpg\",\"contentUrl\":\"https:\/\/agrupacionespsoe.es\/castello\/wp-content\/uploads\/sites\/45\/2023\/04\/PORTADA-PSOE-CASTELLO.jpg\",\"width\":2500,\"height\":2500,\"caption\":\"PSPV-PSOE Castell\u00f3\"},\"image\":{\"@id\":\"https:\/\/agrupacionespsoe.es\/castello\/#\/schema\/logo\/image\/\"},\"sameAs\":[\"https:\/\/www.facebook.com\/pspv.castellodelaplana\",\"https:\/\/x.com\/pspv_cs\",\"https:\/\/www.instagram.com\/pspvpsoecastello\/\"]},{\"@type\":\"Person\",\"@id\":\"https:\/\/agrupacionespsoe.es\/castello\/#\/schema\/person\/f3bc5b2f9dc6a399e9e98596ae24a20a\",\"name\":\"castello1\",\"image\":{\"@type\":\"ImageObject\",\"inLanguage\":\"es\",\"@id\":\"https:\/\/agrupacionespsoe.es\/castello\/#\/schema\/person\/image\/\",\"url\":\"https:\/\/secure.gravatar.com\/avatar\/5f1da428d6479d1127419c0b58796865?s=96&d=mm&r=g\",\"contentUrl\":\"https:\/\/secure.gravatar.com\/avatar\/5f1da428d6479d1127419c0b58796865?s=96&d=mm&r=g\",\"caption\":\"castello1\"},\"url\":\"https:\/\/agrupacionespsoe.es\/castello\/author\/castello1\/\"}]}<\/script>\n<!-- \/ Yoast SEO plugin. -->","yoast_head_json":{"title":"El PP i Vox deixen a la dona fora de la coordinaci\u00f3 de les quatre \u00e0rees de govern de l'Ajuntament de Castell\u00f3 i la relega a 3 de les 9 tinences d'alcaldia - PSPV-PSOE CASTELL\u00d3","robots":{"index":"index","follow":"follow","max-snippet":"max-snippet:-1","max-image-preview":"max-image-preview:large","max-video-preview":"max-video-preview:-1"},"canonical":"https:\/\/agrupacionespsoe.es\/castello\/va\/el-pp-i-vox-deixen-a-la-dona-fora-de-la-coordinacio-de-les-quatre-arees-de-govern-de-lajuntament-de-castello-i-la-relega-a-3-de-les-9-tinences-dalcaldia\/","og_locale":"es_ES","og_type":"article","og_title":"El PP i Vox deixen a la dona fora de la coordinaci\u00f3 de les quatre \u00e0rees de govern de l'Ajuntament de Castell\u00f3 i la relega a 3 de les 9 tinences d'alcaldia - PSPV-PSOE CASTELL\u00d3","og_description":"La regidora socialista M\u00f3nica Barab\u00e1s assegura que \u201cel pacte de la vergonya de la dreta i la ultradreta deixa clar que, al marge de l&#8217;alcaldessa, no comptar\u00e0 amb les dones en els llocs de rellev\u00e0ncia de les \u00e0rees de de Ciutadania, Urbanisme, Economia i Seguretat De nou tinences d&#8217;alcaldia, sis estaran copades per homes i ...","og_url":"https:\/\/agrupacionespsoe.es\/castello\/va\/el-pp-i-vox-deixen-a-la-dona-fora-de-la-coordinacio-de-les-quatre-arees-de-govern-de-lajuntament-de-castello-i-la-relega-a-3-de-les-9-tinences-dalcaldia\/","og_site_name":"PSPV-PSOE CASTELL\u00d3","article_publisher":"https:\/\/www.facebook.com\/pspv.castellodelaplana","article_published_time":"2023-08-04T14:27:32+00:00","article_modified_time":"2024-06-19T09:21:39+00:00","og_image":[{"width":2560,"height":1707,"url":"https:\/\/agrupacionespsoe.es\/castello\/wp-content\/uploads\/sites\/45\/2023\/08\/20230804-El-PP-y-Vox-dejan-a-la-mujer-fuera-de-la-coordinacion-de-las-cuatro-areas-de-gobierno-del-Ayuntamiento-de-Castello-y-la-relega-a-3-de-las-9-tenencias-de-alcaldia-scaled.jpg","type":"image\/jpeg"}],"author":"castello1","twitter_card":"summary_large_image","twitter_creator":"@pspv_cs","twitter_site":"@pspv_cs","twitter_misc":{"Escrito por":"castello1","Tiempo de lectura":"2 minutos"},"schema":{"@context":"https:\/\/schema.org","@graph":[{"@type":"Article","@id":"https:\/\/agrupacionespsoe.es\/castello\/va\/el-pp-i-vox-deixen-a-la-dona-fora-de-la-coordinacio-de-les-quatre-arees-de-govern-de-lajuntament-de-castello-i-la-relega-a-3-de-les-9-tinences-dalcaldia\/#article","isPartOf":{"@id":"https:\/\/agrupacionespsoe.es\/castello\/va\/el-pp-i-vox-deixen-a-la-dona-fora-de-la-coordinacio-de-les-quatre-arees-de-govern-de-lajuntament-de-castello-i-la-relega-a-3-de-les-9-tinences-dalcaldia\/"},"author":{"name":"castello1","@id":"https:\/\/agrupacionespsoe.es\/castello\/#\/schema\/person\/f3bc5b2f9dc6a399e9e98596ae24a20a"},"headline":"El PP i Vox deixen a la dona fora de la coordinaci\u00f3 de les quatre \u00e0rees de govern de l&#8217;Ajuntament de Castell\u00f3 i la relega a 3 de les 9 tinences d&#8217;alcaldia","datePublished":"2023-08-04T14:27:32+00:00","dateModified":"2024-06-19T09:21:39+00:00","mainEntityOfPage":{"@id":"https:\/\/agrupacionespsoe.es\/castello\/va\/el-pp-i-vox-deixen-a-la-dona-fora-de-la-coordinacio-de-les-quatre-arees-de-govern-de-lajuntament-de-castello-i-la-relega-a-3-de-les-9-tinences-dalcaldia\/"},"wordCount":450,"commentCount":0,"publisher":{"@id":"https:\/\/agrupacionespsoe.es\/castello\/#organization"},"image":{"@id":"https:\/\/agrupacionespsoe.es\/castello\/va\/el-pp-i-vox-deixen-a-la-dona-fora-de-la-coordinacio-de-les-quatre-arees-de-govern-de-lajuntament-de-castello-i-la-relega-a-3-de-les-9-tinences-dalcaldia\/#primaryimage"},"thumbnailUrl":"https:\/\/agrupacionespsoe.es\/castello\/wp-content\/uploads\/sites\/45\/2023\/08\/20230804-El-PP-y-Vox-dejan-a-la-mujer-fuera-de-la-coordinacion-de-las-cuatro-areas-de-gobierno-del-Ayuntamiento-de-Castello-y-la-relega-a-3-de-las-9-tenencias-de-alcaldia-scaled.jpg","keywords":["M\u00f3nica Barab\u00e1s"],"articleSection":["Grup Municipal Socialista"],"inLanguage":"es","potentialAction":[{"@type":"CommentAction","name":"Comment","target":["https:\/\/agrupacionespsoe.es\/castello\/va\/el-pp-i-vox-deixen-a-la-dona-fora-de-la-coordinacio-de-les-quatre-arees-de-govern-de-lajuntament-de-castello-i-la-relega-a-3-de-les-9-tinences-dalcaldia\/#respond"]}]},{"@type":"WebPage","@id":"https:\/\/agrupacionespsoe.es\/castello\/va\/el-pp-i-vox-deixen-a-la-dona-fora-de-la-coordinacio-de-les-quatre-arees-de-govern-de-lajuntament-de-castello-i-la-relega-a-3-de-les-9-tinences-dalcaldia\/","url":"https:\/\/agrupacionespsoe.es\/castello\/va\/el-pp-i-vox-deixen-a-la-dona-fora-de-la-coordinacio-de-les-quatre-arees-de-govern-de-lajuntament-de-castello-i-la-relega-a-3-de-les-9-tinences-dalcaldia\/","name":"El PP i Vox deixen a la dona fora de la coordinaci\u00f3 de les quatre \u00e0rees de govern de l'Ajuntament de Castell\u00f3 i la relega a 3 de les 9 tinences d'alcaldia - PSPV-PSOE CASTELL\u00d3","isPartOf":{"@id":"https:\/\/agrupacionespsoe.es\/castello\/#website"},"primaryImageOfPage":{"@id":"https:\/\/agrupacionespsoe.es\/castello\/va\/el-pp-i-vox-deixen-a-la-dona-fora-de-la-coordinacio-de-les-quatre-arees-de-govern-de-lajuntament-de-castello-i-la-relega-a-3-de-les-9-tinences-dalcaldia\/#primaryimage"},"image":{"@id":"https:\/\/agrupacionespsoe.es\/castello\/va\/el-pp-i-vox-deixen-a-la-dona-fora-de-la-coordinacio-de-les-quatre-arees-de-govern-de-lajuntament-de-castello-i-la-relega-a-3-de-les-9-tinences-dalcaldia\/#primaryimage"},"thumbnailUrl":"https:\/\/agrupacionespsoe.es\/castello\/wp-content\/uploads\/sites\/45\/2023\/08\/20230804-El-PP-y-Vox-dejan-a-la-mujer-fuera-de-la-coordinacion-de-las-cuatro-areas-de-gobierno-del-Ayuntamiento-de-Castello-y-la-relega-a-3-de-las-9-tenencias-de-alcaldia-scaled.jpg","datePublished":"2023-08-04T14:27:32+00:00","dateModified":"2024-06-19T09:21:39+00:00","breadcrumb":{"@id":"https:\/\/agrupacionespsoe.es\/castello\/va\/el-pp-i-vox-deixen-a-la-dona-fora-de-la-coordinacio-de-les-quatre-arees-de-govern-de-lajuntament-de-castello-i-la-relega-a-3-de-les-9-tinences-dalcaldia\/#breadcrumb"},"inLanguage":"es","potentialAction":[{"@type":"ReadAction","target":["https:\/\/agrupacionespsoe.es\/castello\/va\/el-pp-i-vox-deixen-a-la-dona-fora-de-la-coordinacio-de-les-quatre-arees-de-govern-de-lajuntament-de-castello-i-la-relega-a-3-de-les-9-tinences-dalcaldia\/"]}]},{"@type":"ImageObject","inLanguage":"es","@id":"https:\/\/agrupacionespsoe.es\/castello\/va\/el-pp-i-vox-deixen-a-la-dona-fora-de-la-coordinacio-de-les-quatre-arees-de-govern-de-lajuntament-de-castello-i-la-relega-a-3-de-les-9-tinences-dalcaldia\/#primaryimage","url":"https:\/\/agrupacionespsoe.es\/castello\/wp-content\/uploads\/sites\/45\/2023\/08\/20230804-El-PP-y-Vox-dejan-a-la-mujer-fuera-de-la-coordinacion-de-las-cuatro-areas-de-gobierno-del-Ayuntamiento-de-Castello-y-la-relega-a-3-de-las-9-tenencias-de-alcaldia-scaled.jpg","contentUrl":"https:\/\/agrupacionespsoe.es\/castello\/wp-content\/uploads\/sites\/45\/2023\/08\/20230804-El-PP-y-Vox-dejan-a-la-mujer-fuera-de-la-coordinacion-de-las-cuatro-areas-de-gobierno-del-Ayuntamiento-de-Castello-y-la-relega-a-3-de-las-9-tenencias-de-alcaldia-scaled.jpg","width":2560,"height":1707},{"@type":"BreadcrumbList","@id":"https:\/\/agrupacionespsoe.es\/castello\/va\/el-pp-i-vox-deixen-a-la-dona-fora-de-la-coordinacio-de-les-quatre-arees-de-govern-de-lajuntament-de-castello-i-la-relega-a-3-de-les-9-tinences-dalcaldia\/#breadcrumb","itemListElement":[{"@type":"ListItem","position":1,"name":"Portada","item":"https:\/\/agrupacionespsoe.es\/castello\/"},{"@type":"ListItem","position":2,"name":"El PP i Vox deixen a la dona fora de la coordinaci\u00f3 de les quatre \u00e0rees de govern de l&#8217;Ajuntament de Castell\u00f3 i la relega a 3 de les 9 tinences d&#8217;alcaldia"}]},{"@type":"WebSite","@id":"https:\/\/agrupacionespsoe.es\/castello\/#website","url":"https:\/\/agrupacionespsoe.es\/castello\/","name":"PSPV-PSOE CASTELL\u00d3","description":"PSPV-PSOE | Agrupaci\u00f3 de Castell\u00f3","publisher":{"@id":"https:\/\/agrupacionespsoe.es\/castello\/#organization"},"potentialAction":[{"@type":"SearchAction","target":{"@type":"EntryPoint","urlTemplate":"https:\/\/agrupacionespsoe.es\/castello\/?s={search_term_string}"},"query-input":{"@type":"PropertyValueSpecification","valueRequired":true,"valueName":"search_term_string"}}],"inLanguage":"es"},{"@type":"Organization","@id":"https:\/\/agrupacionespsoe.es\/castello\/#organization","name":"PSPV-PSOE Castell\u00f3","url":"https:\/\/agrupacionespsoe.es\/castello\/","logo":{"@type":"ImageObject","inLanguage":"es","@id":"https:\/\/agrupacionespsoe.es\/castello\/#\/schema\/logo\/image\/","url":"https:\/\/agrupacionespsoe.es\/castello\/wp-content\/uploads\/sites\/45\/2023\/04\/PORTADA-PSOE-CASTELLO.jpg","contentUrl":"https:\/\/agrupacionespsoe.es\/castello\/wp-content\/uploads\/sites\/45\/2023\/04\/PORTADA-PSOE-CASTELLO.jpg","width":2500,"height":2500,"caption":"PSPV-PSOE Castell\u00f3"},"image":{"@id":"https:\/\/agrupacionespsoe.es\/castello\/#\/schema\/logo\/image\/"},"sameAs":["https:\/\/www.facebook.com\/pspv.castellodelaplana","https:\/\/x.com\/pspv_cs","https:\/\/www.instagram.com\/pspvpsoecastello\/"]},{"@type":"Person","@id":"https:\/\/agrupacionespsoe.es\/castello\/#\/schema\/person\/f3bc5b2f9dc6a399e9e98596ae24a20a","name":"castello1","image":{"@type":"ImageObject","inLanguage":"es","@id":"https:\/\/agrupacionespsoe.es\/castello\/#\/schema\/person\/image\/","url":"https:\/\/secure.gravatar.com\/avatar\/5f1da428d6479d1127419c0b58796865?s=96&d=mm&r=g","contentUrl":"https:\/\/secure.gravatar.com\/avatar\/5f1da428d6479d1127419c0b58796865?s=96&d=mm&r=g","caption":"castello1"},"url":"https:\/\/agrupacionespsoe.es\/castello\/author\/castello1\/"}]}},"jetpack_publicize_connections":[],"jetpack_featured_media_url":"https:\/\/agrupacionespsoe.es\/castello\/wp-content\/uploads\/sites\/45\/2023\/08\/20230804-El-PP-y-Vox-dejan-a-la-mujer-fuera-de-la-coordinacion-de-las-cuatro-areas-de-gobierno-del-Ayuntamiento-de-Castello-y-la-relega-a-3-de-las-9-tenencias-de-alcaldia-scaled.jpg","jetpack_sharing_enabled":true,"_links":{"self":[{"href":"https:\/\/agrupacionespsoe.es\/castello\/wp-json\/wp\/v2\/posts\/2037","targetHints":{"allow":["GET"]}}],"collection":[{"href":"https:\/\/agrupacionespsoe.es\/castello\/wp-json\/wp\/v2\/posts"}],"about":[{"href":"https:\/\/agrupacionespsoe.es\/castello\/wp-json\/wp\/v2\/types\/post"}],"author":[{"embeddable":true,"href":"https:\/\/agrupacionespsoe.es\/castello\/wp-json\/wp\/v2\/users\/48"}],"replies":[{"embeddable":true,"href":"https:\/\/agrupacionespsoe.es\/castello\/wp-json\/wp\/v2\/comments?post=2037"}],"version-history":[{"count":3,"href":"https:\/\/agrupacionespsoe.es\/castello\/wp-json\/wp\/v2\/posts\/2037\/revisions"}],"predecessor-version":[{"id":2045,"href":"https:\/\/agrupacionespsoe.es\/castello\/wp-json\/wp\/v2\/posts\/2037\/revisions\/2045"}],"wp:featuredmedia":[{"embeddable":true,"href":"https:\/\/agrupacionespsoe.es\/castello\/wp-json\/wp\/v2\/media\/2034"}],"wp:attachment":[{"href":"https:\/\/agrupacionespsoe.es\/castello\/wp-json\/wp\/v2\/media?parent=2037"}],"wp:term":[{"taxonomy":"category","embeddable":true,"href":"https:\/\/agrupacionespsoe.es\/castello\/wp-json\/wp\/v2\/categories?post=2037"},{"taxonomy":"post_tag","embeddable":true,"href":"https:\/\/agrupacionespsoe.es\/castello\/wp-json\/wp\/v2\/tags?post=2037"}],"curies":[{"name":"wp","href":"https:\/\/api.w.org\/{rel}","templated":true}]}}