{"id":2032,"date":"2023-08-04T14:25:23","date_gmt":"2023-08-04T14:25:23","guid":{"rendered":"https:\/\/agrupacionespsoe.es\/castello\/?p=2032"},"modified":"2023-08-17T09:57:27","modified_gmt":"2023-08-17T07:57:27","slug":"el-pp-y-vox-dejan-a-la-mujer-fuera-de-la-coordinacion-de-las-cuatro-areas-de-gobierno-del-ayuntamiento-de-castello-y-la-relega-a-3-de-las-9-tenencias-de-alcaldia","status":"publish","type":"post","link":"https:\/\/agrupacionespsoe.es\/castello\/el-pp-y-vox-dejan-a-la-mujer-fuera-de-la-coordinacion-de-las-cuatro-areas-de-gobierno-del-ayuntamiento-de-castello-y-la-relega-a-3-de-las-9-tenencias-de-alcaldia\/","title":{"rendered":"El PP y Vox dejan a la mujer fuera de la coordinaci\u00f3n de las cuatro \u00e1reas de gobierno del Ayuntamiento de Castell\u00f3 y la relega a 3 de las 9 tenencias de alcald\u00eda"},"content":{"rendered":"\n<p><em>La concejala socialista M\u00f3nica Barab\u00e1s asegura que \u201cel pacto de la verg\u00fcenza de la derecha y la ultraderecha deja claro que, al margen de la alcaldesa, no va a contar con las mujeres en los puestos de relevancia de las \u00e1reas de de Ciudadan\u00eda, Urbanismo, Econom\u00eda y Seguridad<\/em><\/p>\n\n\n\n<p><em>De nueve tenencias de alcald\u00eda, seis estar\u00e1n copadas por hombres y solo tres por mujeres. De ellas destaca Ester Giner, concejala del Grau, que cobrar\u00e1 61.843 euros sin tener que manejar ning\u00fan presupuesto municipal<\/em><\/p>\n\n\n\n<figure class=\"wp-block-audio\"><audio controls src=\"https:\/\/agrupacionespsoe.es\/castello\/wp-content\/uploads\/sites\/45\/2023\/08\/20230804-El-PP-y-Vox-dejan-a-la-mujer-fuera-de-la-coordinacion-de-las-cuatro-areas-de-gobierno-del-Ayuntamiento-de-Castello-y-la-relega-a-3-de-las-9-tenencias-de-alcaldia.mp3\"><\/audio><\/figure>\n\n\n\n<p>El \u201cpacto de la verg\u00fcenza\u201d de PP y Vox han relegado de cualquier labor de coordinaci\u00f3n en la gesti\u00f3n del Ayuntamiento de Castell\u00f3 a las mujeres que integran el equipo de gobierno de la derecha y la ultraderecha. Para M\u00f3nica Barab\u00e1s, la concejala responsable de fiscalizar el \u00e1rea de Igualdad desde el grupo municipal socialista, \u201cestamos ante un claro s\u00edntoma de lo poco que le importan las mujeres a este gobierno municipal\u201d.<\/p>\n\n\n\n<p>La alcaldesa de Castell\u00f3, Bego\u00f1a Carrasco, \u201cparece no confiar en la val\u00eda de las concejalas que forman parte de su candidatura, a las que relega de los puestos que deben encargarse de desarrollar las pol\u00edticas municipales para los pr\u00f3ximos cuatro a\u00f1os y a algunas, como la concejala Ester Giner, a un puesto, concejala del Grau, sin ninguna capacidad de gesti\u00f3n\u201d, ha lamentado Barab\u00e1s.<\/p>\n\n\n\n<p>Tras el pacto de la derecha y la ultraderecha \u201cescondido durante estas semanas, pero que todos y todas sab\u00edamos que se estaba cocinando a espaldas de la ciudadan\u00eda\u201d, se ha confirmado que los cuatro primeros tenientes de alcalde del consistorio son hombres: Vicent Sales, en el \u00e1rea de Ciudadan\u00eda y Participaci\u00f3n; Sergio Toledo, en la de Urbanismo y Servicios P\u00fablicos; Juan Carlos Redondo, en la de Impulso Econ\u00f3mico, Empleo y Capital Humano; y Antonio Ortol\u00e1, en la de Seguridad Ciudadana, Emergencias y Salud P\u00fablica.<\/p>\n\n\n\n<p>Hay que llegar hasta la quinta teniente de alcalde para, al margen de la alcaldesa, llegar a la primera mujer: Ester Giner, concejala \u00fanicamente del Grau, un cargo por el que cobrar\u00e1 nada menos que 61.843 euros pese a no tener que gestionar presupuesto alguno, ni firmar factura alguna\u201d, ha remarcado M\u00f3nica Barab\u00e1s.<\/p>\n\n\n\n<p>El nuevo organigrama del ayuntamiento, \u201ctras la decisi\u00f3n lamentable de la alcaldesa de meter a la ultraderecha en el gobierno municipal\u201d, deja a las concejalas con solo tres de las nueve tenencias de alcald\u00eda, \u201cun claro reflejo de lo que le importa a la se\u00f1ora Bego\u00f1a Carrasco la Igualdad, \u00e1rea que, hay que recordarlo asume ella de forma directa\u201d.<\/p>\n","protected":false},"excerpt":{"rendered":"<p>La concejala socialista M\u00f3nica Barab\u00e1s asegura que \u201cel pacto de la verg\u00fcenza de la derecha y la ultraderecha deja claro que, al margen de la alcaldesa, no va a contar con las mujeres en los puestos de relevancia de las \u00e1reas de de Ciudadan\u00eda, Urbanismo, Econom\u00eda y Seguridad De nueve tenencias de alcald\u00eda, seis estar\u00e1n &#8230;<\/p>\n","protected":false},"author":48,"featured_media":2034,"comment_status":"open","ping_status":"open","sticky":false,"template":"","format":"standard","meta":{"_jetpack_memberships_contains_paid_content":false,"footnotes":"","jetpack_publicize_message":"","jetpack_publicize_feature_enabled":true,"jetpack_social_post_already_shared":false,"jetpack_social_options":{"image_generator_settings":{"template":"highway","default_image_id":0,"font":"","enabled":false},"version":2}},"categories":[33],"tags":[107],"class_list":["post-2032","post","type-post","status-publish","format-standard","has-post-thumbnail","hentry","category-gms","tag-monica-barabas"],"yoast_head":"<!-- This site is optimized with the Yoast SEO plugin v24.0 - https:\/\/yoast.com\/wordpress\/plugins\/seo\/ -->\n<title>El PP y Vox dejan a la mujer fuera de la coordinaci\u00f3n de las cuatro \u00e1reas de gobierno del Ayuntamiento de Castell\u00f3 y la relega a 3 de las 9 tenencias de alcald\u00eda - PSPV-PSOE CASTELL\u00d3<\/title>\n<meta name=\"robots\" content=\"index, follow, max-snippet:-1, max-image-preview:large, max-video-preview:-1\" \/>\n<link rel=\"canonical\" href=\"https:\/\/agrupacionespsoe.es\/castello\/el-pp-y-vox-dejan-a-la-mujer-fuera-de-la-coordinacion-de-las-cuatro-areas-de-gobierno-del-ayuntamiento-de-castello-y-la-relega-a-3-de-las-9-tenencias-de-alcaldia\/\" \/>\n<meta property=\"og:locale\" content=\"es_ES\" \/>\n<meta property=\"og:type\" content=\"article\" \/>\n<meta property=\"og:title\" content=\"El PP y Vox dejan a la mujer fuera de la coordinaci\u00f3n de las cuatro \u00e1reas de gobierno del Ayuntamiento de Castell\u00f3 y la relega a 3 de las 9 tenencias de alcald\u00eda - PSPV-PSOE CASTELL\u00d3\" \/>\n<meta property=\"og:description\" content=\"La concejala socialista M\u00f3nica Barab\u00e1s asegura que \u201cel pacto de la verg\u00fcenza de la derecha y la ultraderecha deja claro que, al margen de la alcaldesa, no va a contar con las mujeres en los puestos de relevancia de las \u00e1reas de de Ciudadan\u00eda, Urbanismo, Econom\u00eda y Seguridad De nueve tenencias de alcald\u00eda, seis estar\u00e1n ...\" \/>\n<meta property=\"og:url\" content=\"https:\/\/agrupacionespsoe.es\/castello\/el-pp-y-vox-dejan-a-la-mujer-fuera-de-la-coordinacion-de-las-cuatro-areas-de-gobierno-del-ayuntamiento-de-castello-y-la-relega-a-3-de-las-9-tenencias-de-alcaldia\/\" \/>\n<meta property=\"og:site_name\" content=\"PSPV-PSOE CASTELL\u00d3\" \/>\n<meta property=\"article:publisher\" content=\"https:\/\/www.facebook.com\/pspv.castellodelaplana\" \/>\n<meta property=\"article:published_time\" content=\"2023-08-04T14:25:23+00:00\" \/>\n<meta property=\"article:modified_time\" content=\"2023-08-17T07:57:27+00:00\" \/>\n<meta property=\"og:image\" content=\"https:\/\/agrupacionespsoe.es\/castello\/wp-content\/uploads\/sites\/45\/2023\/08\/20230804-El-PP-y-Vox-dejan-a-la-mujer-fuera-de-la-coordinacion-de-las-cuatro-areas-de-gobierno-del-Ayuntamiento-de-Castello-y-la-relega-a-3-de-las-9-tenencias-de-alcaldia-scaled.jpg\" \/>\n\t<meta property=\"og:image:width\" content=\"2560\" \/>\n\t<meta property=\"og:image:height\" content=\"1707\" \/>\n\t<meta property=\"og:image:type\" content=\"image\/jpeg\" \/>\n<meta name=\"author\" content=\"castello1\" \/>\n<meta name=\"twitter:card\" content=\"summary_large_image\" \/>\n<meta name=\"twitter:creator\" content=\"@pspv_cs\" \/>\n<meta name=\"twitter:site\" content=\"@pspv_cs\" \/>\n<meta name=\"twitter:label1\" content=\"Escrito por\" \/>\n\t<meta name=\"twitter:data1\" content=\"castello1\" \/>\n\t<meta name=\"twitter:label2\" content=\"Tiempo de lectura\" \/>\n\t<meta name=\"twitter:data2\" content=\"2 minutos\" \/>\n<script type=\"application\/ld+json\" class=\"yoast-schema-graph\">{\"@context\":\"https:\/\/schema.org\",\"@graph\":[{\"@type\":\"Article\",\"@id\":\"https:\/\/agrupacionespsoe.es\/castello\/el-pp-y-vox-dejan-a-la-mujer-fuera-de-la-coordinacion-de-las-cuatro-areas-de-gobierno-del-ayuntamiento-de-castello-y-la-relega-a-3-de-las-9-tenencias-de-alcaldia\/#article\",\"isPartOf\":{\"@id\":\"https:\/\/agrupacionespsoe.es\/castello\/el-pp-y-vox-dejan-a-la-mujer-fuera-de-la-coordinacion-de-las-cuatro-areas-de-gobierno-del-ayuntamiento-de-castello-y-la-relega-a-3-de-las-9-tenencias-de-alcaldia\/\"},\"author\":{\"name\":\"castello1\",\"@id\":\"https:\/\/agrupacionespsoe.es\/castello\/#\/schema\/person\/f3bc5b2f9dc6a399e9e98596ae24a20a\"},\"headline\":\"El PP y Vox dejan a la mujer fuera de la coordinaci\u00f3n de las cuatro \u00e1reas de gobierno del Ayuntamiento de Castell\u00f3 y la relega a 3 de las 9 tenencias de alcald\u00eda\",\"datePublished\":\"2023-08-04T14:25:23+00:00\",\"dateModified\":\"2023-08-17T07:57:27+00:00\",\"mainEntityOfPage\":{\"@id\":\"https:\/\/agrupacionespsoe.es\/castello\/el-pp-y-vox-dejan-a-la-mujer-fuera-de-la-coordinacion-de-las-cuatro-areas-de-gobierno-del-ayuntamiento-de-castello-y-la-relega-a-3-de-las-9-tenencias-de-alcaldia\/\"},\"wordCount\":478,\"commentCount\":0,\"publisher\":{\"@id\":\"https:\/\/agrupacionespsoe.es\/castello\/#organization\"},\"image\":{\"@id\":\"https:\/\/agrupacionespsoe.es\/castello\/el-pp-y-vox-dejan-a-la-mujer-fuera-de-la-coordinacion-de-las-cuatro-areas-de-gobierno-del-ayuntamiento-de-castello-y-la-relega-a-3-de-las-9-tenencias-de-alcaldia\/#primaryimage\"},\"thumbnailUrl\":\"https:\/\/agrupacionespsoe.es\/castello\/wp-content\/uploads\/sites\/45\/2023\/08\/20230804-El-PP-y-Vox-dejan-a-la-mujer-fuera-de-la-coordinacion-de-las-cuatro-areas-de-gobierno-del-Ayuntamiento-de-Castello-y-la-relega-a-3-de-las-9-tenencias-de-alcaldia-scaled.jpg\",\"keywords\":[\"M\u00f3nica Barab\u00e1s\"],\"articleSection\":[\"Grupo Municipal Socialista\"],\"inLanguage\":\"es\",\"potentialAction\":[{\"@type\":\"CommentAction\",\"name\":\"Comment\",\"target\":[\"https:\/\/agrupacionespsoe.es\/castello\/el-pp-y-vox-dejan-a-la-mujer-fuera-de-la-coordinacion-de-las-cuatro-areas-de-gobierno-del-ayuntamiento-de-castello-y-la-relega-a-3-de-las-9-tenencias-de-alcaldia\/#respond\"]}]},{\"@type\":\"WebPage\",\"@id\":\"https:\/\/agrupacionespsoe.es\/castello\/el-pp-y-vox-dejan-a-la-mujer-fuera-de-la-coordinacion-de-las-cuatro-areas-de-gobierno-del-ayuntamiento-de-castello-y-la-relega-a-3-de-las-9-tenencias-de-alcaldia\/\",\"url\":\"https:\/\/agrupacionespsoe.es\/castello\/el-pp-y-vox-dejan-a-la-mujer-fuera-de-la-coordinacion-de-las-cuatro-areas-de-gobierno-del-ayuntamiento-de-castello-y-la-relega-a-3-de-las-9-tenencias-de-alcaldia\/\",\"name\":\"El PP y Vox dejan a la mujer fuera de la coordinaci\u00f3n de las cuatro \u00e1reas de gobierno del Ayuntamiento de Castell\u00f3 y la relega a 3 de las 9 tenencias de alcald\u00eda - PSPV-PSOE CASTELL\u00d3\",\"isPartOf\":{\"@id\":\"https:\/\/agrupacionespsoe.es\/castello\/#website\"},\"primaryImageOfPage\":{\"@id\":\"https:\/\/agrupacionespsoe.es\/castello\/el-pp-y-vox-dejan-a-la-mujer-fuera-de-la-coordinacion-de-las-cuatro-areas-de-gobierno-del-ayuntamiento-de-castello-y-la-relega-a-3-de-las-9-tenencias-de-alcaldia\/#primaryimage\"},\"image\":{\"@id\":\"https:\/\/agrupacionespsoe.es\/castello\/el-pp-y-vox-dejan-a-la-mujer-fuera-de-la-coordinacion-de-las-cuatro-areas-de-gobierno-del-ayuntamiento-de-castello-y-la-relega-a-3-de-las-9-tenencias-de-alcaldia\/#primaryimage\"},\"thumbnailUrl\":\"https:\/\/agrupacionespsoe.es\/castello\/wp-content\/uploads\/sites\/45\/2023\/08\/20230804-El-PP-y-Vox-dejan-a-la-mujer-fuera-de-la-coordinacion-de-las-cuatro-areas-de-gobierno-del-Ayuntamiento-de-Castello-y-la-relega-a-3-de-las-9-tenencias-de-alcaldia-scaled.jpg\",\"datePublished\":\"2023-08-04T14:25:23+00:00\",\"dateModified\":\"2023-08-17T07:57:27+00:00\",\"breadcrumb\":{\"@id\":\"https:\/\/agrupacionespsoe.es\/castello\/el-pp-y-vox-dejan-a-la-mujer-fuera-de-la-coordinacion-de-las-cuatro-areas-de-gobierno-del-ayuntamiento-de-castello-y-la-relega-a-3-de-las-9-tenencias-de-alcaldia\/#breadcrumb\"},\"inLanguage\":\"es\",\"potentialAction\":[{\"@type\":\"ReadAction\",\"target\":[\"https:\/\/agrupacionespsoe.es\/castello\/el-pp-y-vox-dejan-a-la-mujer-fuera-de-la-coordinacion-de-las-cuatro-areas-de-gobierno-del-ayuntamiento-de-castello-y-la-relega-a-3-de-las-9-tenencias-de-alcaldia\/\"]}]},{\"@type\":\"ImageObject\",\"inLanguage\":\"es\",\"@id\":\"https:\/\/agrupacionespsoe.es\/castello\/el-pp-y-vox-dejan-a-la-mujer-fuera-de-la-coordinacion-de-las-cuatro-areas-de-gobierno-del-ayuntamiento-de-castello-y-la-relega-a-3-de-las-9-tenencias-de-alcaldia\/#primaryimage\",\"url\":\"https:\/\/agrupacionespsoe.es\/castello\/wp-content\/uploads\/sites\/45\/2023\/08\/20230804-El-PP-y-Vox-dejan-a-la-mujer-fuera-de-la-coordinacion-de-las-cuatro-areas-de-gobierno-del-Ayuntamiento-de-Castello-y-la-relega-a-3-de-las-9-tenencias-de-alcaldia-scaled.jpg\",\"contentUrl\":\"https:\/\/agrupacionespsoe.es\/castello\/wp-content\/uploads\/sites\/45\/2023\/08\/20230804-El-PP-y-Vox-dejan-a-la-mujer-fuera-de-la-coordinacion-de-las-cuatro-areas-de-gobierno-del-Ayuntamiento-de-Castello-y-la-relega-a-3-de-las-9-tenencias-de-alcaldia-scaled.jpg\",\"width\":2560,\"height\":1707},{\"@type\":\"BreadcrumbList\",\"@id\":\"https:\/\/agrupacionespsoe.es\/castello\/el-pp-y-vox-dejan-a-la-mujer-fuera-de-la-coordinacion-de-las-cuatro-areas-de-gobierno-del-ayuntamiento-de-castello-y-la-relega-a-3-de-las-9-tenencias-de-alcaldia\/#breadcrumb\",\"itemListElement\":[{\"@type\":\"ListItem\",\"position\":1,\"name\":\"Portada\",\"item\":\"https:\/\/agrupacionespsoe.es\/castello\/\"},{\"@type\":\"ListItem\",\"position\":2,\"name\":\"El PP y Vox dejan a la mujer fuera de la coordinaci\u00f3n de las cuatro \u00e1reas de gobierno del Ayuntamiento de Castell\u00f3 y la relega a 3 de las 9 tenencias de alcald\u00eda\"}]},{\"@type\":\"WebSite\",\"@id\":\"https:\/\/agrupacionespsoe.es\/castello\/#website\",\"url\":\"https:\/\/agrupacionespsoe.es\/castello\/\",\"name\":\"PSPV-PSOE CASTELL\u00d3\",\"description\":\"PSPV-PSOE | Agrupaci\u00f3 de Castell\u00f3\",\"publisher\":{\"@id\":\"https:\/\/agrupacionespsoe.es\/castello\/#organization\"},\"potentialAction\":[{\"@type\":\"SearchAction\",\"target\":{\"@type\":\"EntryPoint\",\"urlTemplate\":\"https:\/\/agrupacionespsoe.es\/castello\/?s={search_term_string}\"},\"query-input\":{\"@type\":\"PropertyValueSpecification\",\"valueRequired\":true,\"valueName\":\"search_term_string\"}}],\"inLanguage\":\"es\"},{\"@type\":\"Organization\",\"@id\":\"https:\/\/agrupacionespsoe.es\/castello\/#organization\",\"name\":\"PSPV-PSOE Castell\u00f3\",\"url\":\"https:\/\/agrupacionespsoe.es\/castello\/\",\"logo\":{\"@type\":\"ImageObject\",\"inLanguage\":\"es\",\"@id\":\"https:\/\/agrupacionespsoe.es\/castello\/#\/schema\/logo\/image\/\",\"url\":\"https:\/\/agrupacionespsoe.es\/castello\/wp-content\/uploads\/sites\/45\/2023\/04\/PORTADA-PSOE-CASTELLO.jpg\",\"contentUrl\":\"https:\/\/agrupacionespsoe.es\/castello\/wp-content\/uploads\/sites\/45\/2023\/04\/PORTADA-PSOE-CASTELLO.jpg\",\"width\":2500,\"height\":2500,\"caption\":\"PSPV-PSOE Castell\u00f3\"},\"image\":{\"@id\":\"https:\/\/agrupacionespsoe.es\/castello\/#\/schema\/logo\/image\/\"},\"sameAs\":[\"https:\/\/www.facebook.com\/pspv.castellodelaplana\",\"https:\/\/x.com\/pspv_cs\",\"https:\/\/www.instagram.com\/pspvpsoecastello\/\"]},{\"@type\":\"Person\",\"@id\":\"https:\/\/agrupacionespsoe.es\/castello\/#\/schema\/person\/f3bc5b2f9dc6a399e9e98596ae24a20a\",\"name\":\"castello1\",\"image\":{\"@type\":\"ImageObject\",\"inLanguage\":\"es\",\"@id\":\"https:\/\/agrupacionespsoe.es\/castello\/#\/schema\/person\/image\/\",\"url\":\"https:\/\/secure.gravatar.com\/avatar\/5f1da428d6479d1127419c0b58796865?s=96&d=mm&r=g\",\"contentUrl\":\"https:\/\/secure.gravatar.com\/avatar\/5f1da428d6479d1127419c0b58796865?s=96&d=mm&r=g\",\"caption\":\"castello1\"},\"url\":\"https:\/\/agrupacionespsoe.es\/castello\/author\/castello1\/\"}]}<\/script>\n<!-- \/ Yoast SEO plugin. -->","yoast_head_json":{"title":"El PP y Vox dejan a la mujer fuera de la coordinaci\u00f3n de las cuatro \u00e1reas de gobierno del Ayuntamiento de Castell\u00f3 y la relega a 3 de las 9 tenencias de alcald\u00eda - PSPV-PSOE CASTELL\u00d3","robots":{"index":"index","follow":"follow","max-snippet":"max-snippet:-1","max-image-preview":"max-image-preview:large","max-video-preview":"max-video-preview:-1"},"canonical":"https:\/\/agrupacionespsoe.es\/castello\/el-pp-y-vox-dejan-a-la-mujer-fuera-de-la-coordinacion-de-las-cuatro-areas-de-gobierno-del-ayuntamiento-de-castello-y-la-relega-a-3-de-las-9-tenencias-de-alcaldia\/","og_locale":"es_ES","og_type":"article","og_title":"El PP y Vox dejan a la mujer fuera de la coordinaci\u00f3n de las cuatro \u00e1reas de gobierno del Ayuntamiento de Castell\u00f3 y la relega a 3 de las 9 tenencias de alcald\u00eda - PSPV-PSOE CASTELL\u00d3","og_description":"La concejala socialista M\u00f3nica Barab\u00e1s asegura que \u201cel pacto de la verg\u00fcenza de la derecha y la ultraderecha deja claro que, al margen de la alcaldesa, no va a contar con las mujeres en los puestos de relevancia de las \u00e1reas de de Ciudadan\u00eda, Urbanismo, Econom\u00eda y Seguridad De nueve tenencias de alcald\u00eda, seis estar\u00e1n ...","og_url":"https:\/\/agrupacionespsoe.es\/castello\/el-pp-y-vox-dejan-a-la-mujer-fuera-de-la-coordinacion-de-las-cuatro-areas-de-gobierno-del-ayuntamiento-de-castello-y-la-relega-a-3-de-las-9-tenencias-de-alcaldia\/","og_site_name":"PSPV-PSOE CASTELL\u00d3","article_publisher":"https:\/\/www.facebook.com\/pspv.castellodelaplana","article_published_time":"2023-08-04T14:25:23+00:00","article_modified_time":"2023-08-17T07:57:27+00:00","og_image":[{"width":2560,"height":1707,"url":"https:\/\/agrupacionespsoe.es\/castello\/wp-content\/uploads\/sites\/45\/2023\/08\/20230804-El-PP-y-Vox-dejan-a-la-mujer-fuera-de-la-coordinacion-de-las-cuatro-areas-de-gobierno-del-Ayuntamiento-de-Castello-y-la-relega-a-3-de-las-9-tenencias-de-alcaldia-scaled.jpg","type":"image\/jpeg"}],"author":"castello1","twitter_card":"summary_large_image","twitter_creator":"@pspv_cs","twitter_site":"@pspv_cs","twitter_misc":{"Escrito por":"castello1","Tiempo de lectura":"2 minutos"},"schema":{"@context":"https:\/\/schema.org","@graph":[{"@type":"Article","@id":"https:\/\/agrupacionespsoe.es\/castello\/el-pp-y-vox-dejan-a-la-mujer-fuera-de-la-coordinacion-de-las-cuatro-areas-de-gobierno-del-ayuntamiento-de-castello-y-la-relega-a-3-de-las-9-tenencias-de-alcaldia\/#article","isPartOf":{"@id":"https:\/\/agrupacionespsoe.es\/castello\/el-pp-y-vox-dejan-a-la-mujer-fuera-de-la-coordinacion-de-las-cuatro-areas-de-gobierno-del-ayuntamiento-de-castello-y-la-relega-a-3-de-las-9-tenencias-de-alcaldia\/"},"author":{"name":"castello1","@id":"https:\/\/agrupacionespsoe.es\/castello\/#\/schema\/person\/f3bc5b2f9dc6a399e9e98596ae24a20a"},"headline":"El PP y Vox dejan a la mujer fuera de la coordinaci\u00f3n de las cuatro \u00e1reas de gobierno del Ayuntamiento de Castell\u00f3 y la relega a 3 de las 9 tenencias de alcald\u00eda","datePublished":"2023-08-04T14:25:23+00:00","dateModified":"2023-08-17T07:57:27+00:00","mainEntityOfPage":{"@id":"https:\/\/agrupacionespsoe.es\/castello\/el-pp-y-vox-dejan-a-la-mujer-fuera-de-la-coordinacion-de-las-cuatro-areas-de-gobierno-del-ayuntamiento-de-castello-y-la-relega-a-3-de-las-9-tenencias-de-alcaldia\/"},"wordCount":478,"commentCount":0,"publisher":{"@id":"https:\/\/agrupacionespsoe.es\/castello\/#organization"},"image":{"@id":"https:\/\/agrupacionespsoe.es\/castello\/el-pp-y-vox-dejan-a-la-mujer-fuera-de-la-coordinacion-de-las-cuatro-areas-de-gobierno-del-ayuntamiento-de-castello-y-la-relega-a-3-de-las-9-tenencias-de-alcaldia\/#primaryimage"},"thumbnailUrl":"https:\/\/agrupacionespsoe.es\/castello\/wp-content\/uploads\/sites\/45\/2023\/08\/20230804-El-PP-y-Vox-dejan-a-la-mujer-fuera-de-la-coordinacion-de-las-cuatro-areas-de-gobierno-del-Ayuntamiento-de-Castello-y-la-relega-a-3-de-las-9-tenencias-de-alcaldia-scaled.jpg","keywords":["M\u00f3nica Barab\u00e1s"],"articleSection":["Grupo Municipal Socialista"],"inLanguage":"es","potentialAction":[{"@type":"CommentAction","name":"Comment","target":["https:\/\/agrupacionespsoe.es\/castello\/el-pp-y-vox-dejan-a-la-mujer-fuera-de-la-coordinacion-de-las-cuatro-areas-de-gobierno-del-ayuntamiento-de-castello-y-la-relega-a-3-de-las-9-tenencias-de-alcaldia\/#respond"]}]},{"@type":"WebPage","@id":"https:\/\/agrupacionespsoe.es\/castello\/el-pp-y-vox-dejan-a-la-mujer-fuera-de-la-coordinacion-de-las-cuatro-areas-de-gobierno-del-ayuntamiento-de-castello-y-la-relega-a-3-de-las-9-tenencias-de-alcaldia\/","url":"https:\/\/agrupacionespsoe.es\/castello\/el-pp-y-vox-dejan-a-la-mujer-fuera-de-la-coordinacion-de-las-cuatro-areas-de-gobierno-del-ayuntamiento-de-castello-y-la-relega-a-3-de-las-9-tenencias-de-alcaldia\/","name":"El PP y Vox dejan a la mujer fuera de la coordinaci\u00f3n de las cuatro \u00e1reas de gobierno del Ayuntamiento de Castell\u00f3 y la relega a 3 de las 9 tenencias de alcald\u00eda - PSPV-PSOE CASTELL\u00d3","isPartOf":{"@id":"https:\/\/agrupacionespsoe.es\/castello\/#website"},"primaryImageOfPage":{"@id":"https:\/\/agrupacionespsoe.es\/castello\/el-pp-y-vox-dejan-a-la-mujer-fuera-de-la-coordinacion-de-las-cuatro-areas-de-gobierno-del-ayuntamiento-de-castello-y-la-relega-a-3-de-las-9-tenencias-de-alcaldia\/#primaryimage"},"image":{"@id":"https:\/\/agrupacionespsoe.es\/castello\/el-pp-y-vox-dejan-a-la-mujer-fuera-de-la-coordinacion-de-las-cuatro-areas-de-gobierno-del-ayuntamiento-de-castello-y-la-relega-a-3-de-las-9-tenencias-de-alcaldia\/#primaryimage"},"thumbnailUrl":"https:\/\/agrupacionespsoe.es\/castello\/wp-content\/uploads\/sites\/45\/2023\/08\/20230804-El-PP-y-Vox-dejan-a-la-mujer-fuera-de-la-coordinacion-de-las-cuatro-areas-de-gobierno-del-Ayuntamiento-de-Castello-y-la-relega-a-3-de-las-9-tenencias-de-alcaldia-scaled.jpg","datePublished":"2023-08-04T14:25:23+00:00","dateModified":"2023-08-17T07:57:27+00:00","breadcrumb":{"@id":"https:\/\/agrupacionespsoe.es\/castello\/el-pp-y-vox-dejan-a-la-mujer-fuera-de-la-coordinacion-de-las-cuatro-areas-de-gobierno-del-ayuntamiento-de-castello-y-la-relega-a-3-de-las-9-tenencias-de-alcaldia\/#breadcrumb"},"inLanguage":"es","potentialAction":[{"@type":"ReadAction","target":["https:\/\/agrupacionespsoe.es\/castello\/el-pp-y-vox-dejan-a-la-mujer-fuera-de-la-coordinacion-de-las-cuatro-areas-de-gobierno-del-ayuntamiento-de-castello-y-la-relega-a-3-de-las-9-tenencias-de-alcaldia\/"]}]},{"@type":"ImageObject","inLanguage":"es","@id":"https:\/\/agrupacionespsoe.es\/castello\/el-pp-y-vox-dejan-a-la-mujer-fuera-de-la-coordinacion-de-las-cuatro-areas-de-gobierno-del-ayuntamiento-de-castello-y-la-relega-a-3-de-las-9-tenencias-de-alcaldia\/#primaryimage","url":"https:\/\/agrupacionespsoe.es\/castello\/wp-content\/uploads\/sites\/45\/2023\/08\/20230804-El-PP-y-Vox-dejan-a-la-mujer-fuera-de-la-coordinacion-de-las-cuatro-areas-de-gobierno-del-Ayuntamiento-de-Castello-y-la-relega-a-3-de-las-9-tenencias-de-alcaldia-scaled.jpg","contentUrl":"https:\/\/agrupacionespsoe.es\/castello\/wp-content\/uploads\/sites\/45\/2023\/08\/20230804-El-PP-y-Vox-dejan-a-la-mujer-fuera-de-la-coordinacion-de-las-cuatro-areas-de-gobierno-del-Ayuntamiento-de-Castello-y-la-relega-a-3-de-las-9-tenencias-de-alcaldia-scaled.jpg","width":2560,"height":1707},{"@type":"BreadcrumbList","@id":"https:\/\/agrupacionespsoe.es\/castello\/el-pp-y-vox-dejan-a-la-mujer-fuera-de-la-coordinacion-de-las-cuatro-areas-de-gobierno-del-ayuntamiento-de-castello-y-la-relega-a-3-de-las-9-tenencias-de-alcaldia\/#breadcrumb","itemListElement":[{"@type":"ListItem","position":1,"name":"Portada","item":"https:\/\/agrupacionespsoe.es\/castello\/"},{"@type":"ListItem","position":2,"name":"El PP y Vox dejan a la mujer fuera de la coordinaci\u00f3n de las cuatro \u00e1reas de gobierno del Ayuntamiento de Castell\u00f3 y la relega a 3 de las 9 tenencias de alcald\u00eda"}]},{"@type":"WebSite","@id":"https:\/\/agrupacionespsoe.es\/castello\/#website","url":"https:\/\/agrupacionespsoe.es\/castello\/","name":"PSPV-PSOE CASTELL\u00d3","description":"PSPV-PSOE | Agrupaci\u00f3 de Castell\u00f3","publisher":{"@id":"https:\/\/agrupacionespsoe.es\/castello\/#organization"},"potentialAction":[{"@type":"SearchAction","target":{"@type":"EntryPoint","urlTemplate":"https:\/\/agrupacionespsoe.es\/castello\/?s={search_term_string}"},"query-input":{"@type":"PropertyValueSpecification","valueRequired":true,"valueName":"search_term_string"}}],"inLanguage":"es"},{"@type":"Organization","@id":"https:\/\/agrupacionespsoe.es\/castello\/#organization","name":"PSPV-PSOE Castell\u00f3","url":"https:\/\/agrupacionespsoe.es\/castello\/","logo":{"@type":"ImageObject","inLanguage":"es","@id":"https:\/\/agrupacionespsoe.es\/castello\/#\/schema\/logo\/image\/","url":"https:\/\/agrupacionespsoe.es\/castello\/wp-content\/uploads\/sites\/45\/2023\/04\/PORTADA-PSOE-CASTELLO.jpg","contentUrl":"https:\/\/agrupacionespsoe.es\/castello\/wp-content\/uploads\/sites\/45\/2023\/04\/PORTADA-PSOE-CASTELLO.jpg","width":2500,"height":2500,"caption":"PSPV-PSOE Castell\u00f3"},"image":{"@id":"https:\/\/agrupacionespsoe.es\/castello\/#\/schema\/logo\/image\/"},"sameAs":["https:\/\/www.facebook.com\/pspv.castellodelaplana","https:\/\/x.com\/pspv_cs","https:\/\/www.instagram.com\/pspvpsoecastello\/"]},{"@type":"Person","@id":"https:\/\/agrupacionespsoe.es\/castello\/#\/schema\/person\/f3bc5b2f9dc6a399e9e98596ae24a20a","name":"castello1","image":{"@type":"ImageObject","inLanguage":"es","@id":"https:\/\/agrupacionespsoe.es\/castello\/#\/schema\/person\/image\/","url":"https:\/\/secure.gravatar.com\/avatar\/5f1da428d6479d1127419c0b58796865?s=96&d=mm&r=g","contentUrl":"https:\/\/secure.gravatar.com\/avatar\/5f1da428d6479d1127419c0b58796865?s=96&d=mm&r=g","caption":"castello1"},"url":"https:\/\/agrupacionespsoe.es\/castello\/author\/castello1\/"}]}},"jetpack_publicize_connections":[],"jetpack_featured_media_url":"https:\/\/agrupacionespsoe.es\/castello\/wp-content\/uploads\/sites\/45\/2023\/08\/20230804-El-PP-y-Vox-dejan-a-la-mujer-fuera-de-la-coordinacion-de-las-cuatro-areas-de-gobierno-del-Ayuntamiento-de-Castello-y-la-relega-a-3-de-las-9-tenencias-de-alcaldia-scaled.jpg","jetpack_sharing_enabled":true,"_links":{"self":[{"href":"https:\/\/agrupacionespsoe.es\/castello\/wp-json\/wp\/v2\/posts\/2032","targetHints":{"allow":["GET"]}}],"collection":[{"href":"https:\/\/agrupacionespsoe.es\/castello\/wp-json\/wp\/v2\/posts"}],"about":[{"href":"https:\/\/agrupacionespsoe.es\/castello\/wp-json\/wp\/v2\/types\/post"}],"author":[{"embeddable":true,"href":"https:\/\/agrupacionespsoe.es\/castello\/wp-json\/wp\/v2\/users\/48"}],"replies":[{"embeddable":true,"href":"https:\/\/agrupacionespsoe.es\/castello\/wp-json\/wp\/v2\/comments?post=2032"}],"version-history":[{"count":3,"href":"https:\/\/agrupacionespsoe.es\/castello\/wp-json\/wp\/v2\/posts\/2032\/revisions"}],"predecessor-version":[{"id":2046,"href":"https:\/\/agrupacionespsoe.es\/castello\/wp-json\/wp\/v2\/posts\/2032\/revisions\/2046"}],"wp:featuredmedia":[{"embeddable":true,"href":"https:\/\/agrupacionespsoe.es\/castello\/wp-json\/wp\/v2\/media\/2034"}],"wp:attachment":[{"href":"https:\/\/agrupacionespsoe.es\/castello\/wp-json\/wp\/v2\/media?parent=2032"}],"wp:term":[{"taxonomy":"category","embeddable":true,"href":"https:\/\/agrupacionespsoe.es\/castello\/wp-json\/wp\/v2\/categories?post=2032"},{"taxonomy":"post_tag","embeddable":true,"href":"https:\/\/agrupacionespsoe.es\/castello\/wp-json\/wp\/v2\/tags?post=2032"}],"curies":[{"name":"wp","href":"https:\/\/api.w.org\/{rel}","templated":true}]}}