{"id":2025,"date":"2023-08-04T11:02:34","date_gmt":"2023-08-04T11:02:34","guid":{"rendered":"https:\/\/agrupacionespsoe.es\/castello\/?p=2025"},"modified":"2023-09-05T12:04:37","modified_gmt":"2023-09-05T10:04:37","slug":"el-mas-chulo-del-barrio","status":"publish","type":"post","link":"https:\/\/agrupacionespsoe.es\/castello\/el-mas-chulo-del-barrio\/","title":{"rendered":"El m\u00e1s chulo del barrio"},"content":{"rendered":"\n<p>La trilog\u00eda del d\u00f3lar llev\u00f3 a Sergio Leone a pasar a la historia del cine por sus famosos \u2018spaghetti western\u2019, que no ser\u00edan lo mismo sin la m\u00fasica de Ennio Morricone. Hab\u00eda buenos, malos y feos, pero le faltaba el chulo del barrio.<\/p>\n\n\n\n<p>En Castell\u00f3 no tenemos el r\u00edo Bravo, pero tenemos el r\u00edo Seco. Y junto a \u00e9l habita al mat\u00f3n m\u00e1s letal del poblado: el vaquero Vicent Sales, el de la lengua m\u00e1s r\u00e1pida y viperina de la capital de la Plana.<\/p>\n\n\n\n<p>Sales se gusta. Defenestrado por los suyos estos \u00faltimos a\u00f1os, el PP lo recupera para atizar a la oposici\u00f3n. Quiz\u00e1s solo vale para eso. Ahora est\u00e1 en su salsa. Ostenta poder, y desconoce que, el que no sabe controlar el poder, puede asomarse al abuso.<\/p>\n\n\n\n<p>El portavoz del PP es soberbio y prepotente. En el \u00faltimo pleno, con su adjunto Toledo ri\u00e9ndole cual buf\u00f3n las lindezas que le lanz\u00f3 a la oposici\u00f3n, interpret\u00f3 a la perfecci\u00f3n el papel de pendenciero.<\/p>\n\n\n\n<p>Para vender las mentiras del gobierno de la derecha, insult\u00f3 a la oposici\u00f3n. Para tapar la infamia de meter a la ultraderecha en la gesti\u00f3n municipal, se las dio de intelectual ocultando con el lat\u00edn un lenguaje soez. Para replicar nuestras intervenciones, puso en duda nuestra \u2018cualificaci\u00f3n y competencia\u2019. Para mostrarnos su nostalgia de \u00e9pocas dictatoriales, nos afe\u00f3 que planteemos propuestas para la ciudad \u2018porque no gobernamos\u2019. Lo siento, seguiremos haci\u00e9ndolas.<\/p>\n\n\n\n<p>Claro, se\u00f1or Sales. La corporaci\u00f3n municipal est\u00e1 llena de idiotas e incapacitados. Menos mal que est\u00e1 usted, el \u2018bon xiquet\u2019 del barrio, para equilibrarlo. As\u00ed nos lo mostr\u00f3 en el pleno del 31 de julio -invito a la ciudadan\u00eda a verlo <a href=\"https:\/\/www.youtube.com\/watch?v=W9XseVqKmws\" target=\"_blank\" rel=\"noreferrer noopener\">https:\/\/www.youtube.com\/watch?v=W9XseVqKmws<\/a> -, donde dej\u00f3 claro que no hay nadie m\u00e1s bravo en la Plana que usted, el cowboy del otro lado del r\u00edo Seco.<\/p>\n\n\n\n<p>Ded\u00edquese a gobernar, se\u00f1or Sales, y a respetar. Las ideas y los proyectos se pueden defender sin insultar. Eso le har\u00e1 mejor persona, h\u00e1game caso.<\/p>\n\n\n\n<p>Sabemos que le gustan las citas. Le recuerdo una del Nobel Camilo Jos\u00e9 Cela: \u201cLo malo de los que se creen en posesi\u00f3n de la verdad es que cuando tienen que demostrarlo no aciertan ni una.\u201d<\/p>\n\n\n\n<p class=\"has-text-align-right\"><strong>Patricia Puerta<br><\/strong>Portavoz del Grupo Municipal Socialista en el Ayuntamiento de Castell\u00f3<\/p>\n","protected":false},"excerpt":{"rendered":"<p>La trilog\u00eda del d\u00f3lar llev\u00f3 a Sergio Leone a pasar a la historia del cine por sus famosos \u2018spaghetti western\u2019, que no ser\u00edan lo mismo sin la m\u00fasica de Ennio Morricone. Hab\u00eda buenos, malos y feos, pero le faltaba el chulo del barrio. En Castell\u00f3 no tenemos el r\u00edo Bravo, pero tenemos el r\u00edo Seco. &#8230;<\/p>\n","protected":false},"author":48,"featured_media":499,"comment_status":"open","ping_status":"open","sticky":false,"template":"","format":"standard","meta":{"_jetpack_memberships_contains_paid_content":false,"footnotes":"","jetpack_publicize_message":"","jetpack_publicize_feature_enabled":true,"jetpack_social_post_already_shared":false,"jetpack_social_options":{"image_generator_settings":{"template":"highway","default_image_id":0,"font":"","enabled":false},"version":2}},"categories":[33,50],"tags":[81],"class_list":["post-2025","post","type-post","status-publish","format-standard","has-post-thumbnail","hentry","category-gms","category-opinion","tag-patricia-puerta"],"yoast_head":"<!-- This site is optimized with the Yoast SEO plugin v24.0 - https:\/\/yoast.com\/wordpress\/plugins\/seo\/ -->\n<title>El m\u00e1s chulo del barrio - PSPV-PSOE CASTELL\u00d3<\/title>\n<meta name=\"robots\" content=\"index, follow, max-snippet:-1, max-image-preview:large, max-video-preview:-1\" \/>\n<link rel=\"canonical\" href=\"https:\/\/agrupacionespsoe.es\/castello\/el-mas-chulo-del-barrio\/\" \/>\n<meta property=\"og:locale\" content=\"es_ES\" \/>\n<meta property=\"og:type\" content=\"article\" \/>\n<meta property=\"og:title\" content=\"El m\u00e1s chulo del barrio - PSPV-PSOE CASTELL\u00d3\" \/>\n<meta property=\"og:description\" content=\"La trilog\u00eda del d\u00f3lar llev\u00f3 a Sergio Leone a pasar a la historia del cine por sus famosos \u2018spaghetti western\u2019, que no ser\u00edan lo mismo sin la m\u00fasica de Ennio Morricone. Hab\u00eda buenos, malos y feos, pero le faltaba el chulo del barrio. En Castell\u00f3 no tenemos el r\u00edo Bravo, pero tenemos el r\u00edo Seco. ...\" \/>\n<meta property=\"og:url\" content=\"https:\/\/agrupacionespsoe.es\/castello\/el-mas-chulo-del-barrio\/\" \/>\n<meta property=\"og:site_name\" content=\"PSPV-PSOE CASTELL\u00d3\" \/>\n<meta property=\"article:publisher\" content=\"https:\/\/www.facebook.com\/pspv.castellodelaplana\" \/>\n<meta property=\"article:published_time\" content=\"2023-08-04T11:02:34+00:00\" \/>\n<meta property=\"article:modified_time\" content=\"2023-09-05T10:04:37+00:00\" \/>\n<meta property=\"og:image\" content=\"https:\/\/agrupacionespsoe.es\/castello\/wp-content\/uploads\/sites\/45\/2023\/04\/3.-PATRICIA-PUERTA-BARBERA-2-scaled.jpg\" \/>\n\t<meta property=\"og:image:width\" content=\"2560\" \/>\n\t<meta property=\"og:image:height\" content=\"2560\" \/>\n\t<meta property=\"og:image:type\" content=\"image\/jpeg\" \/>\n<meta name=\"author\" content=\"castello1\" \/>\n<meta name=\"twitter:card\" content=\"summary_large_image\" \/>\n<meta name=\"twitter:creator\" content=\"@pspv_cs\" \/>\n<meta name=\"twitter:site\" content=\"@pspv_cs\" \/>\n<meta name=\"twitter:label1\" content=\"Escrito por\" \/>\n\t<meta name=\"twitter:data1\" content=\"castello1\" \/>\n\t<meta name=\"twitter:label2\" content=\"Tiempo de lectura\" \/>\n\t<meta name=\"twitter:data2\" content=\"2 minutos\" \/>\n<script type=\"application\/ld+json\" class=\"yoast-schema-graph\">{\"@context\":\"https:\/\/schema.org\",\"@graph\":[{\"@type\":\"Article\",\"@id\":\"https:\/\/agrupacionespsoe.es\/castello\/el-mas-chulo-del-barrio\/#article\",\"isPartOf\":{\"@id\":\"https:\/\/agrupacionespsoe.es\/castello\/el-mas-chulo-del-barrio\/\"},\"author\":{\"name\":\"castello1\",\"@id\":\"https:\/\/agrupacionespsoe.es\/castello\/#\/schema\/person\/f3bc5b2f9dc6a399e9e98596ae24a20a\"},\"headline\":\"El m\u00e1s chulo del barrio\",\"datePublished\":\"2023-08-04T11:02:34+00:00\",\"dateModified\":\"2023-09-05T10:04:37+00:00\",\"mainEntityOfPage\":{\"@id\":\"https:\/\/agrupacionespsoe.es\/castello\/el-mas-chulo-del-barrio\/\"},\"wordCount\":417,\"commentCount\":0,\"publisher\":{\"@id\":\"https:\/\/agrupacionespsoe.es\/castello\/#organization\"},\"image\":{\"@id\":\"https:\/\/agrupacionespsoe.es\/castello\/el-mas-chulo-del-barrio\/#primaryimage\"},\"thumbnailUrl\":\"https:\/\/agrupacionespsoe.es\/castello\/wp-content\/uploads\/sites\/45\/2023\/04\/3.-PATRICIA-PUERTA-BARBERA-2-scaled.jpg\",\"keywords\":[\"Patricia Puerta\"],\"articleSection\":[\"Grupo Municipal Socialista\",\"Opini\u00f3n\"],\"inLanguage\":\"es\",\"potentialAction\":[{\"@type\":\"CommentAction\",\"name\":\"Comment\",\"target\":[\"https:\/\/agrupacionespsoe.es\/castello\/el-mas-chulo-del-barrio\/#respond\"]}]},{\"@type\":\"WebPage\",\"@id\":\"https:\/\/agrupacionespsoe.es\/castello\/el-mas-chulo-del-barrio\/\",\"url\":\"https:\/\/agrupacionespsoe.es\/castello\/el-mas-chulo-del-barrio\/\",\"name\":\"El m\u00e1s chulo del barrio - PSPV-PSOE CASTELL\u00d3\",\"isPartOf\":{\"@id\":\"https:\/\/agrupacionespsoe.es\/castello\/#website\"},\"primaryImageOfPage\":{\"@id\":\"https:\/\/agrupacionespsoe.es\/castello\/el-mas-chulo-del-barrio\/#primaryimage\"},\"image\":{\"@id\":\"https:\/\/agrupacionespsoe.es\/castello\/el-mas-chulo-del-barrio\/#primaryimage\"},\"thumbnailUrl\":\"https:\/\/agrupacionespsoe.es\/castello\/wp-content\/uploads\/sites\/45\/2023\/04\/3.-PATRICIA-PUERTA-BARBERA-2-scaled.jpg\",\"datePublished\":\"2023-08-04T11:02:34+00:00\",\"dateModified\":\"2023-09-05T10:04:37+00:00\",\"breadcrumb\":{\"@id\":\"https:\/\/agrupacionespsoe.es\/castello\/el-mas-chulo-del-barrio\/#breadcrumb\"},\"inLanguage\":\"es\",\"potentialAction\":[{\"@type\":\"ReadAction\",\"target\":[\"https:\/\/agrupacionespsoe.es\/castello\/el-mas-chulo-del-barrio\/\"]}]},{\"@type\":\"ImageObject\",\"inLanguage\":\"es\",\"@id\":\"https:\/\/agrupacionespsoe.es\/castello\/el-mas-chulo-del-barrio\/#primaryimage\",\"url\":\"https:\/\/agrupacionespsoe.es\/castello\/wp-content\/uploads\/sites\/45\/2023\/04\/3.-PATRICIA-PUERTA-BARBERA-2-scaled.jpg\",\"contentUrl\":\"https:\/\/agrupacionespsoe.es\/castello\/wp-content\/uploads\/sites\/45\/2023\/04\/3.-PATRICIA-PUERTA-BARBERA-2-scaled.jpg\",\"width\":2560,\"height\":2560},{\"@type\":\"BreadcrumbList\",\"@id\":\"https:\/\/agrupacionespsoe.es\/castello\/el-mas-chulo-del-barrio\/#breadcrumb\",\"itemListElement\":[{\"@type\":\"ListItem\",\"position\":1,\"name\":\"Portada\",\"item\":\"https:\/\/agrupacionespsoe.es\/castello\/\"},{\"@type\":\"ListItem\",\"position\":2,\"name\":\"El m\u00e1s chulo del barrio\"}]},{\"@type\":\"WebSite\",\"@id\":\"https:\/\/agrupacionespsoe.es\/castello\/#website\",\"url\":\"https:\/\/agrupacionespsoe.es\/castello\/\",\"name\":\"PSPV-PSOE CASTELL\u00d3\",\"description\":\"PSPV-PSOE | Agrupaci\u00f3 de Castell\u00f3\",\"publisher\":{\"@id\":\"https:\/\/agrupacionespsoe.es\/castello\/#organization\"},\"potentialAction\":[{\"@type\":\"SearchAction\",\"target\":{\"@type\":\"EntryPoint\",\"urlTemplate\":\"https:\/\/agrupacionespsoe.es\/castello\/?s={search_term_string}\"},\"query-input\":{\"@type\":\"PropertyValueSpecification\",\"valueRequired\":true,\"valueName\":\"search_term_string\"}}],\"inLanguage\":\"es\"},{\"@type\":\"Organization\",\"@id\":\"https:\/\/agrupacionespsoe.es\/castello\/#organization\",\"name\":\"PSPV-PSOE Castell\u00f3\",\"url\":\"https:\/\/agrupacionespsoe.es\/castello\/\",\"logo\":{\"@type\":\"ImageObject\",\"inLanguage\":\"es\",\"@id\":\"https:\/\/agrupacionespsoe.es\/castello\/#\/schema\/logo\/image\/\",\"url\":\"https:\/\/agrupacionespsoe.es\/castello\/wp-content\/uploads\/sites\/45\/2023\/04\/PORTADA-PSOE-CASTELLO.jpg\",\"contentUrl\":\"https:\/\/agrupacionespsoe.es\/castello\/wp-content\/uploads\/sites\/45\/2023\/04\/PORTADA-PSOE-CASTELLO.jpg\",\"width\":2500,\"height\":2500,\"caption\":\"PSPV-PSOE Castell\u00f3\"},\"image\":{\"@id\":\"https:\/\/agrupacionespsoe.es\/castello\/#\/schema\/logo\/image\/\"},\"sameAs\":[\"https:\/\/www.facebook.com\/pspv.castellodelaplana\",\"https:\/\/x.com\/pspv_cs\",\"https:\/\/www.instagram.com\/pspvpsoecastello\/\"]},{\"@type\":\"Person\",\"@id\":\"https:\/\/agrupacionespsoe.es\/castello\/#\/schema\/person\/f3bc5b2f9dc6a399e9e98596ae24a20a\",\"name\":\"castello1\",\"image\":{\"@type\":\"ImageObject\",\"inLanguage\":\"es\",\"@id\":\"https:\/\/agrupacionespsoe.es\/castello\/#\/schema\/person\/image\/\",\"url\":\"https:\/\/secure.gravatar.com\/avatar\/5f1da428d6479d1127419c0b58796865?s=96&d=mm&r=g\",\"contentUrl\":\"https:\/\/secure.gravatar.com\/avatar\/5f1da428d6479d1127419c0b58796865?s=96&d=mm&r=g\",\"caption\":\"castello1\"},\"url\":\"https:\/\/agrupacionespsoe.es\/castello\/author\/castello1\/\"}]}<\/script>\n<!-- \/ Yoast SEO plugin. -->","yoast_head_json":{"title":"El m\u00e1s chulo del barrio - PSPV-PSOE CASTELL\u00d3","robots":{"index":"index","follow":"follow","max-snippet":"max-snippet:-1","max-image-preview":"max-image-preview:large","max-video-preview":"max-video-preview:-1"},"canonical":"https:\/\/agrupacionespsoe.es\/castello\/el-mas-chulo-del-barrio\/","og_locale":"es_ES","og_type":"article","og_title":"El m\u00e1s chulo del barrio - PSPV-PSOE CASTELL\u00d3","og_description":"La trilog\u00eda del d\u00f3lar llev\u00f3 a Sergio Leone a pasar a la historia del cine por sus famosos \u2018spaghetti western\u2019, que no ser\u00edan lo mismo sin la m\u00fasica de Ennio Morricone. Hab\u00eda buenos, malos y feos, pero le faltaba el chulo del barrio. En Castell\u00f3 no tenemos el r\u00edo Bravo, pero tenemos el r\u00edo Seco. ...","og_url":"https:\/\/agrupacionespsoe.es\/castello\/el-mas-chulo-del-barrio\/","og_site_name":"PSPV-PSOE CASTELL\u00d3","article_publisher":"https:\/\/www.facebook.com\/pspv.castellodelaplana","article_published_time":"2023-08-04T11:02:34+00:00","article_modified_time":"2023-09-05T10:04:37+00:00","og_image":[{"width":2560,"height":2560,"url":"https:\/\/agrupacionespsoe.es\/castello\/wp-content\/uploads\/sites\/45\/2023\/04\/3.-PATRICIA-PUERTA-BARBERA-2-scaled.jpg","type":"image\/jpeg"}],"author":"castello1","twitter_card":"summary_large_image","twitter_creator":"@pspv_cs","twitter_site":"@pspv_cs","twitter_misc":{"Escrito por":"castello1","Tiempo de lectura":"2 minutos"},"schema":{"@context":"https:\/\/schema.org","@graph":[{"@type":"Article","@id":"https:\/\/agrupacionespsoe.es\/castello\/el-mas-chulo-del-barrio\/#article","isPartOf":{"@id":"https:\/\/agrupacionespsoe.es\/castello\/el-mas-chulo-del-barrio\/"},"author":{"name":"castello1","@id":"https:\/\/agrupacionespsoe.es\/castello\/#\/schema\/person\/f3bc5b2f9dc6a399e9e98596ae24a20a"},"headline":"El m\u00e1s chulo del barrio","datePublished":"2023-08-04T11:02:34+00:00","dateModified":"2023-09-05T10:04:37+00:00","mainEntityOfPage":{"@id":"https:\/\/agrupacionespsoe.es\/castello\/el-mas-chulo-del-barrio\/"},"wordCount":417,"commentCount":0,"publisher":{"@id":"https:\/\/agrupacionespsoe.es\/castello\/#organization"},"image":{"@id":"https:\/\/agrupacionespsoe.es\/castello\/el-mas-chulo-del-barrio\/#primaryimage"},"thumbnailUrl":"https:\/\/agrupacionespsoe.es\/castello\/wp-content\/uploads\/sites\/45\/2023\/04\/3.-PATRICIA-PUERTA-BARBERA-2-scaled.jpg","keywords":["Patricia Puerta"],"articleSection":["Grupo Municipal Socialista","Opini\u00f3n"],"inLanguage":"es","potentialAction":[{"@type":"CommentAction","name":"Comment","target":["https:\/\/agrupacionespsoe.es\/castello\/el-mas-chulo-del-barrio\/#respond"]}]},{"@type":"WebPage","@id":"https:\/\/agrupacionespsoe.es\/castello\/el-mas-chulo-del-barrio\/","url":"https:\/\/agrupacionespsoe.es\/castello\/el-mas-chulo-del-barrio\/","name":"El m\u00e1s chulo del barrio - PSPV-PSOE CASTELL\u00d3","isPartOf":{"@id":"https:\/\/agrupacionespsoe.es\/castello\/#website"},"primaryImageOfPage":{"@id":"https:\/\/agrupacionespsoe.es\/castello\/el-mas-chulo-del-barrio\/#primaryimage"},"image":{"@id":"https:\/\/agrupacionespsoe.es\/castello\/el-mas-chulo-del-barrio\/#primaryimage"},"thumbnailUrl":"https:\/\/agrupacionespsoe.es\/castello\/wp-content\/uploads\/sites\/45\/2023\/04\/3.-PATRICIA-PUERTA-BARBERA-2-scaled.jpg","datePublished":"2023-08-04T11:02:34+00:00","dateModified":"2023-09-05T10:04:37+00:00","breadcrumb":{"@id":"https:\/\/agrupacionespsoe.es\/castello\/el-mas-chulo-del-barrio\/#breadcrumb"},"inLanguage":"es","potentialAction":[{"@type":"ReadAction","target":["https:\/\/agrupacionespsoe.es\/castello\/el-mas-chulo-del-barrio\/"]}]},{"@type":"ImageObject","inLanguage":"es","@id":"https:\/\/agrupacionespsoe.es\/castello\/el-mas-chulo-del-barrio\/#primaryimage","url":"https:\/\/agrupacionespsoe.es\/castello\/wp-content\/uploads\/sites\/45\/2023\/04\/3.-PATRICIA-PUERTA-BARBERA-2-scaled.jpg","contentUrl":"https:\/\/agrupacionespsoe.es\/castello\/wp-content\/uploads\/sites\/45\/2023\/04\/3.-PATRICIA-PUERTA-BARBERA-2-scaled.jpg","width":2560,"height":2560},{"@type":"BreadcrumbList","@id":"https:\/\/agrupacionespsoe.es\/castello\/el-mas-chulo-del-barrio\/#breadcrumb","itemListElement":[{"@type":"ListItem","position":1,"name":"Portada","item":"https:\/\/agrupacionespsoe.es\/castello\/"},{"@type":"ListItem","position":2,"name":"El m\u00e1s chulo del barrio"}]},{"@type":"WebSite","@id":"https:\/\/agrupacionespsoe.es\/castello\/#website","url":"https:\/\/agrupacionespsoe.es\/castello\/","name":"PSPV-PSOE CASTELL\u00d3","description":"PSPV-PSOE | Agrupaci\u00f3 de Castell\u00f3","publisher":{"@id":"https:\/\/agrupacionespsoe.es\/castello\/#organization"},"potentialAction":[{"@type":"SearchAction","target":{"@type":"EntryPoint","urlTemplate":"https:\/\/agrupacionespsoe.es\/castello\/?s={search_term_string}"},"query-input":{"@type":"PropertyValueSpecification","valueRequired":true,"valueName":"search_term_string"}}],"inLanguage":"es"},{"@type":"Organization","@id":"https:\/\/agrupacionespsoe.es\/castello\/#organization","name":"PSPV-PSOE Castell\u00f3","url":"https:\/\/agrupacionespsoe.es\/castello\/","logo":{"@type":"ImageObject","inLanguage":"es","@id":"https:\/\/agrupacionespsoe.es\/castello\/#\/schema\/logo\/image\/","url":"https:\/\/agrupacionespsoe.es\/castello\/wp-content\/uploads\/sites\/45\/2023\/04\/PORTADA-PSOE-CASTELLO.jpg","contentUrl":"https:\/\/agrupacionespsoe.es\/castello\/wp-content\/uploads\/sites\/45\/2023\/04\/PORTADA-PSOE-CASTELLO.jpg","width":2500,"height":2500,"caption":"PSPV-PSOE Castell\u00f3"},"image":{"@id":"https:\/\/agrupacionespsoe.es\/castello\/#\/schema\/logo\/image\/"},"sameAs":["https:\/\/www.facebook.com\/pspv.castellodelaplana","https:\/\/x.com\/pspv_cs","https:\/\/www.instagram.com\/pspvpsoecastello\/"]},{"@type":"Person","@id":"https:\/\/agrupacionespsoe.es\/castello\/#\/schema\/person\/f3bc5b2f9dc6a399e9e98596ae24a20a","name":"castello1","image":{"@type":"ImageObject","inLanguage":"es","@id":"https:\/\/agrupacionespsoe.es\/castello\/#\/schema\/person\/image\/","url":"https:\/\/secure.gravatar.com\/avatar\/5f1da428d6479d1127419c0b58796865?s=96&d=mm&r=g","contentUrl":"https:\/\/secure.gravatar.com\/avatar\/5f1da428d6479d1127419c0b58796865?s=96&d=mm&r=g","caption":"castello1"},"url":"https:\/\/agrupacionespsoe.es\/castello\/author\/castello1\/"}]}},"jetpack_publicize_connections":[],"jetpack_featured_media_url":"https:\/\/agrupacionespsoe.es\/castello\/wp-content\/uploads\/sites\/45\/2023\/04\/3.-PATRICIA-PUERTA-BARBERA-2-scaled.jpg","jetpack_sharing_enabled":true,"_links":{"self":[{"href":"https:\/\/agrupacionespsoe.es\/castello\/wp-json\/wp\/v2\/posts\/2025","targetHints":{"allow":["GET"]}}],"collection":[{"href":"https:\/\/agrupacionespsoe.es\/castello\/wp-json\/wp\/v2\/posts"}],"about":[{"href":"https:\/\/agrupacionespsoe.es\/castello\/wp-json\/wp\/v2\/types\/post"}],"author":[{"embeddable":true,"href":"https:\/\/agrupacionespsoe.es\/castello\/wp-json\/wp\/v2\/users\/48"}],"replies":[{"embeddable":true,"href":"https:\/\/agrupacionespsoe.es\/castello\/wp-json\/wp\/v2\/comments?post=2025"}],"version-history":[{"count":3,"href":"https:\/\/agrupacionespsoe.es\/castello\/wp-json\/wp\/v2\/posts\/2025\/revisions"}],"predecessor-version":[{"id":2031,"href":"https:\/\/agrupacionespsoe.es\/castello\/wp-json\/wp\/v2\/posts\/2025\/revisions\/2031"}],"wp:featuredmedia":[{"embeddable":true,"href":"https:\/\/agrupacionespsoe.es\/castello\/wp-json\/wp\/v2\/media\/499"}],"wp:attachment":[{"href":"https:\/\/agrupacionespsoe.es\/castello\/wp-json\/wp\/v2\/media?parent=2025"}],"wp:term":[{"taxonomy":"category","embeddable":true,"href":"https:\/\/agrupacionespsoe.es\/castello\/wp-json\/wp\/v2\/categories?post=2025"},{"taxonomy":"post_tag","embeddable":true,"href":"https:\/\/agrupacionespsoe.es\/castello\/wp-json\/wp\/v2\/tags?post=2025"}],"curies":[{"name":"wp","href":"https:\/\/api.w.org\/{rel}","templated":true}]}}