{"id":1770,"date":"2023-05-26T16:20:29","date_gmt":"2023-05-26T16:20:29","guid":{"rendered":"https:\/\/agrupacionespsoe.es\/castello\/?p=1770"},"modified":"2026-03-24T09:10:10","modified_gmt":"2026-03-24T08:10:10","slug":"marco-tanca-una-campanya-que-constata-el-progres-de-castello-amb-bona-gestio-i-honradesa","status":"publish","type":"post","link":"https:\/\/agrupacionespsoe.es\/castello\/va\/marco-tanca-una-campanya-que-constata-el-progres-de-castello-amb-bona-gestio-i-honradesa\/","title":{"rendered":"Marco tanca una campanya que constata el progr\u00e9s de Castell\u00f3 amb \u201cbona gesti\u00f3 i honradesa\u201d"},"content":{"rendered":"\n<p><strong><em>La candidata a revalidar l&#8217;alcaldia crida a la mobilitzaci\u00f3 del vot progressista per a \u201ccontinuar construint un Castell\u00f3 millor\u201d i evitar la reculada de la dreta<\/em><\/strong><\/p>\n\n\n\n<figure class=\"wp-block-audio\"><audio controls src=\"https:\/\/agrupacionespsoe.es\/castello\/wp-content\/uploads\/sites\/45\/2023\/05\/20230526-Marco-tanca-una-campanya-que-constata-el-progres-de-Castello-amb-bona-gestio-i-honradesa.mp3\"><\/audio><\/figure>\n\n\n\n<p>La candidata a la reelecci\u00f3 a l&#8217;alcaldia de Castell\u00f3, Amparo Marco, tanca la campanya electoral per a les municipals del 28-M amb un acte que se celebrar\u00e0 en la seu del PSPV-PSOE local a partir de les 19.00 hores. Es posa fi aix\u00ed a unes setmanes d&#8217;intens treball en les quals s&#8217;ha posat el focus en la bona gesti\u00f3 del govern socialista que ha transformat Castell\u00f3 en una ciutat m\u00e9s verda, m\u00e9s justa i amb m\u00e9s oportunitats.<\/p>\n\n\n\n<p>Una campanya en la qual el Partit Socialista s&#8217;ha erigit com la garantia per a continuar progressant i afermar els avan\u00e7os socials i econ\u00f2mics que milloren la vida de les persones. En aquest sentit, Marco crida al vot progressista \u201cper a continuar construint un Castell\u00f3 millor, un Castell\u00f3 en positiu i evitar la reculada social i econ\u00f2mica al qual porten els governs de la dreta\u201d. \u201cTenim l&#8217;experi\u00e8ncia en la gesti\u00f3, l&#8217;aval de l&#8217;honradesa i m\u00e9s il\u00b7lusi\u00f3 que mai per a continuar fent de Castell\u00f3 una ciutat millor\u201d, ha manifestat.<\/p>\n\n\n\n<p>La candidatura d&#8217;Amparo Marco ha desenvolupat una campanya en la qual s&#8217;han exposat els principals avan\u00e7os de Castell\u00f3 i el canvi experimentat en aquests huit anys de govern que ha obtingut els millors indicadors socials i econ\u00f2mics.<\/p>\n\n\n\n<p>Des de 2015, el govern d&#8217;Amparo Marco ha rebaixat el nivell d&#8217;endeutament del 80% al 16% i aconseguit eixir del pla d&#8217;ajust; s&#8217;ha redu\u00eft l&#8217;IBI del 0,83 al 0,69% i&nbsp; l\u2019ICIO del 4% al 3%; la desocupaci\u00f3 ha baixat en m\u00e9s de 6.000 persones situant-se en el nivell d&#8217;atur m\u00e9s baix dels \u00faltims 13 anys i s&#8217;han aconseguit xifres r\u00e8cord d&#8217;afiliaci\u00f3 a la Seguretat Social amb quasi 21.000 persones m\u00e9s que en 2015. A m\u00e9s, Castell\u00f3 compta amb 1.200 empreses m\u00e9s de les que tenia en 2015 i la contractaci\u00f3 fixa ha passat del 9% al 58% en aquest per\u00edode. \u201cDades reals que constaten la bona gesti\u00f3 dels governs socialistes\u201d, ha indicat.<\/p>\n\n\n\n<p>Una campanya en la qual tamb\u00e9 es destacat el gran pas donat pel govern d&#8217;Amparo Marco en aprovar un Pla General i eixir dels llimbs legals urban\u00edstics que va deixar el PP. Un Pla General que ha retornat a Castell\u00f3 la seguretat jur\u00eddica necess\u00e0ria per a ser focus d&#8217;atracci\u00f3 d&#8217;inversions com s&#8217;ha demostrat amb l&#8217;anunci de la implantaci\u00f3 de la multinacional espanyola Ignis a Castell\u00f3 que suposar\u00e0 una inversi\u00f3 de mil milions i la creaci\u00f3 de m\u00e9s de 1.200 llocs de treball. Un Pla General que tamb\u00e9 aporta les eines necess\u00e0ries per a posar soluci\u00f3 a d\u00e8cades de descontrol i falses expectatives i que per primera vegada obri la porta a la preservaci\u00f3 de l&#8217;entorn, a la dotaci\u00f3 de serveis p\u00fablics i a la regularitzaci\u00f3 d&#8217;habitatges.<\/p>\n\n\n\n<p>Marco tamb\u00e9 ha defensat que donar\u00e0 continu\u00eftat als projectes amb inversi\u00f3 europea, l&#8217;impuls de la qual va prioritzar en arribar al govern municipal en 2015 i que, hui dia, han aconseguit la xifra hist\u00f2rica de 86,5 milions en actuacions que estan transformant la ciutat.<\/p>\n\n\n\n<p>Aix\u00ed mateix, la candidata recorda l&#8217;impuls donat a les pol\u00edtiques socials, duplicant la inversi\u00f3 respecte als governs del PP, que ha perm\u00e9s construir un escut social i revertir les retallades del PP amb m\u00e9s serveis per a les fam\u00edlies. En aquest sentit, destaquen fites recents com l&#8217;obertura de La Pineda com a centre de dia per a persones amb Alzheimer i l&#8217;adjudicaci\u00f3 del futur nou centre de dia per a persones amb Parkinson.<br><br><strong>Escolta ciutadana i programa<\/strong><br>La candidata a revalidar l&#8217;alcaldia de Castell\u00f3 ha portat el seu projecte a tots els districtes de la ciutat, en els quals tamb\u00e9 s&#8217;han recollit propostes ciutadanes per a incorporar les seues idees al nou programa de govern que compta amb un total de 160 propostes distribu\u00efdes en sis blocs perqu\u00e8 Castell\u00f3 continue avan\u00e7ant de la m\u00e0 dels socialistes.<br><br>Amparo Marco i els membres de la seua candidatura han mantingut desenes de trobades amb representants de diferents \u00e0mbits socials i econ\u00f2mics. Aix\u00ed, s&#8217;han celebrat reunions amb empreses, sector de la innovaci\u00f3, representants de l&#8217;\u00e0mbit social com amb el Col\u00b7legi Oficial de Graduats Socials, ONGD\u2019s o l&#8217;ONCE i altres organitzacions socials. Tamb\u00e9 ha mantingut trobades ve\u00efnals, amb el sector del turisme, els col\u00b7lectius festers i representants de l&#8217;esport i comer\u00e7, entre altres.<\/p>\n\n\n\n<p><strong>Una campanya que transcendeix Castell\u00f3<\/strong><br>L&#8217;alcaldessa i candidata ha comptat amb el suport del president del Govern, Pedro S\u00e1nchez; i l&#8217;expresident Jos\u00e9 Luis Rodr\u00edguez Zapatero, aix\u00ed com les ministres Raquel S\u00e1nchez i Diana Morant; el president de la Generalitat, Ximo Puig; i el portaveu del grup socialista en el Congr\u00e9s dels Diputats i membre de la Comissi\u00f3 Executiva Federal del PSOE, Patxi L\u00f3pez.<\/p>\n\n\n\n<p>\u201cHa sigut una campanya que ha transcendit la ciutat de Castell\u00f3 perqu\u00e8 estem en l&#8217;agenda del govern de Pedro S\u00e1nchez i de Ximo Puig, i gr\u00e0cies a l&#8217;alineaci\u00f3 de forces es materialitzaran grans inversions socials i econ\u00f2mics en aquesta ciutat com el futur Hospital General i els accessos sud al Port, amb 241 milions i 335 milions, respectivament\u201d, ha recalcat.<\/p>\n\n\n\n<p>Per a visibilitzar la gesti\u00f3 de huit anys de govern, la campanya ha transcorregut en escenaris emblem\u00e0tics de la ciutat com la nova avinguda Lled\u00f3, el parc Rafalafena i el parc de la Panderola del Grau, que va albergar l&#8217;acte de presentaci\u00f3 de candidatura. Una candidatura que conjumina experi\u00e8ncia, renovaci\u00f3, traject\u00f2ria i joventut amb regidors de govern, perfils independents i la major pres\u00e8ncia de candidats joves d&#8217;entre totes les llistes municipals a Castell\u00f3.<\/p>\n\n\n\n<p class=\"has-text-align-right\">Castell\u00f3, 26 de maig de 2023<\/p>\n\n\n\n<p class=\"has-large-font-size\"><strong>Marco cierra una campa\u00f1a que constata el progreso de Castell\u00f3 con \u201cbuena gesti\u00f3n y honradez\u201d<\/strong><\/p>\n\n\n\n<p>La candidata a revalidar la alcald\u00eda llama a la movilizaci\u00f3n del voto progresista para \u201cseguir construyendo un Castell\u00f3 mejor\u201d y evitar el retroceso de la derecha<\/p>\n\n\n\n<p>La candidata a la reelecci\u00f3n a la alcald\u00eda de Castell\u00f3, Amparo Marco, cierra la campa\u00f1a electoral para las municipales del 28-M con un acto que se celebrar\u00e1 en la sede del PSPV-PSOE local a partir de las 19.00 horas. Se pone fin as\u00ed a unas semanas de intenso trabajo en las que se ha puesto el foco en la buena gesti\u00f3n del gobierno socialista que ha transformado Castell\u00f3 en una ciudad m\u00e1s verde, m\u00e1s justa y con m\u00e1s oportunidades.<\/p>\n\n\n\n<p>Una campa\u00f1a en la que el Partido Socialista se ha erigido como la garant\u00eda para seguir progresando y afianzar los avances sociales y econ\u00f3micos que mejoran la vida de las personas. En este sentido, Marco llama al voto progresista \u201cpara seguir construyendo un Castell\u00f3 mejor, un Castell\u00f3 en positivo y evitar el retroceso social y econ\u00f3mico al que llevan los gobiernos de la derecha\u201d.&nbsp;\u201cTenemos la experiencia en la gesti\u00f3n, el aval de la honradez y m\u00e1s ilusi\u00f3n que nunca para seguir haciendo de Castell\u00f3 una ciudad mejor\u201d, ha manifestado.<\/p>\n\n\n\n<p>La candidatura de Amparo Marco ha desarrollado una campa\u00f1a en la que se han expuesto los principales avances de Castell\u00f3 y el cambio experimentado en estos ocho a\u00f1os de gobierno que ha obtenido los mejores indicadores sociales y econ\u00f3micos.<\/p>\n\n\n\n<p>Desde 2015, el gobierno de Amparo Marco ha rebajado el nivel de endeudamiento del 80% al 16% y conseguido salir del plan de ajuste; se ha reducido el IBI del 0,83 al 0,69% y el ICIO del 4% al 3%; el desempleo ha bajado en m\u00e1s de 6.000 personas situ\u00e1ndose en el nivel de paro m\u00e1s bajo de los \u00faltimos 13 a\u00f1os y se han alcanzado cifras r\u00e9cord de afiliaci\u00f3n a la Seguridad Social con casi 21.000 personas m\u00e1s que en 2015. Adem\u00e1s, Castell\u00f3 cuenta con 1.200 empresas m\u00e1s de las que ten\u00eda en 2015 y la contrataci\u00f3n fija ha pasado del 9% al 58% en este periodo. \u201cDatos reales que constatan la buena gesti\u00f3n de los gobiernos socialistas\u201d, ha indicado.<\/p>\n\n\n\n<p>Una campa\u00f1a en la que tambi\u00e9n se destacado el gran paso dado por el gobierno de Amparo Marco al aprobar un Plan General y salir del limbo legal urban\u00edstico que dej\u00f3 el PP. Un Plan General que ha devuelto a Castell\u00f3 la seguridad jur\u00eddica necesaria para ser foco de atracci\u00f3n de inversiones como se ha demostrado con el anuncio de la implantaci\u00f3n&nbsp;de la multinacional espa\u00f1ola Ignis en Castell\u00f3 que supondr\u00e1 una inversi\u00f3n de mil millones y la creaci\u00f3n de m\u00e1s de 1.200 puestos de trabajo. Un Plan General que tambi\u00e9n aporta las herramientas necesarias para poner soluci\u00f3n a d\u00e9cadas de descontrol y falsas expectativas y que por primera vez abre la puerta a la preservaci\u00f3n del entorno, a la dotaci\u00f3n de servicios p\u00fablicos y a la regularizaci\u00f3n de viviendas.<\/p>\n\n\n\n<p>Marco tambi\u00e9n ha defendido que dar\u00e1 continuidad a los proyectos con inversi\u00f3n&nbsp;europea, cuyo impulso prioriz\u00f3 al llegar al gobierno municipal en 2015 y que, a d\u00eda de hoy, han alcanzado la cifra hist\u00f3rica de 86,5 millones en actuaciones que est\u00e1n transformando la ciudad.<\/p>\n\n\n\n<p>Asimismo, la candidata recuerda el impulso dado a las pol\u00edticas sociales, duplicando la inversi\u00f3n respecto a los gobiernos del PP, que ha permitido construir un escudo social y revertir los recortes del PP con m\u00e1s servicios para las familias.&nbsp; En este sentido, destacan hitos recientes como la apertura de La Pineda como centro de d\u00eda para personas con Alzheimer y la adjudicaci\u00f3n del futuro nuevo centro de d\u00eda para personas con Parkinson.<\/p>\n\n\n\n<p><strong>Escucha ciudadana y programa<\/strong><br>La candidata a revalidar la alcald\u00eda de Castell\u00f3 ha llevado su proyecto a todos los distritos de la ciudad, en los que tambi\u00e9n se han recogido propuestas ciudadanas para incorporar sus ideas al nuevo programa de gobierno que cuenta con un total de 160 propuestas distribuidas en seis bloques para que Castell\u00f3 siga avanzando de la mano de los socialistas.<\/p>\n\n\n\n<p>Amparo Marco y los miembros de su candidatura han mantenido decenas de encuentros con representantes de diferentes \u00e1mbitos sociales y econ\u00f3micos. As\u00ed, se han celebrado reuniones con empresas, sector de la innovaci\u00f3n, representantes del \u00e1mbito social como con el Colegio Oficial de Graduados Sociales, ONGD\u2019s o la ONCE y otras organizaciones sociales. Tambi\u00e9n ha mantenido encuentros vecinales, con el sector del turismo, los colectivos festeros y representantes del deporte y comercio, entre otros.<\/p>\n\n\n\n<p><strong>Una campa\u00f1a que trasciende Castell\u00f3<\/strong><br>La alcaldesa y candidata ha contado con el respaldo del presidente del Gobierno, Pedro S\u00e1nchez; y el expresidente Jos\u00e9 Luis Rodr\u00edguez Zapatero, as\u00ed como las ministras Raquel S\u00e1nchez y Diana Morant; el presidente de la Generalitat, Ximo Puig; y el&nbsp;portavoz del grupo socialista en el Congreso de los Diputados y miembro de la Comisi\u00f3n Ejecutiva Federal del PSOE, Patxi L\u00f3pez.<\/p>\n\n\n\n<p>\u201cHa sido una campa\u00f1a que ha trascendido la ciudad de Castell\u00f3 porque estamos en la agenda del gobierno de Pedro S\u00e1nchez y de Ximo Puig, y gracias a la alineaci\u00f3n de fuerzas se van a materializar grandes inversiones sociales y econ\u00f3micos en esta ciudad como el futuro Hospital General y los accesos sur al Puerto, con 241 millones y 335 millones, respectivamente\u201d, ha recalcado.<\/p>\n\n\n\n<p>Para visibilizar la gesti\u00f3n de ocho a\u00f1os de gobierno, la campa\u00f1a ha transcurrido en escenarios emblem\u00e1ticos de la ciudad como la nueva avenida Lid\u00f3n, el parque Rafalafena y el parque de la Panderola del Grau, que alberg\u00f3 el acto de presentaci\u00f3n de candidatura. Una candidatura que a\u00fana&nbsp;experiencia, renovaci\u00f3n, trayectoria y juventud&nbsp;con concejales de gobierno, perfiles independientes y la mayor presencia de candidatos j\u00f3venes de entre todas las listas municipales en Castell\u00f3.<\/p>\n\n\n\n<p class=\"has-text-align-right\">Castell\u00f3, 26 de mayo de 2023<\/p>\n","protected":false},"excerpt":{"rendered":"<p>La candidata a la reelecci\u00f3 a l\u00b4alcaldia de Castell\u00f3, Amparo Marco, tanca la campanya electoral per a les municipals del 28-M amb un acte que se celebrar\u00e0 en la seu del PSPV-PSOE local a partir de les 19.00 hores. Es posa fi aix\u00ed a unes setmanes d\u00b4intens treball en les quals s\u00b4ha posat el focus en la bona gesti\u00f3 del govern socialista que ha transformat Castell\u00f3 en una ciutat m\u00e9s verda, m\u00e9s justa i amb m\u00e9s oportunitats.<\/p>\n","protected":false},"author":48,"featured_media":1772,"comment_status":"open","ping_status":"open","sticky":false,"template":"","format":"standard","meta":{"_jetpack_memberships_contains_paid_content":false,"footnotes":"","jetpack_publicize_message":"","jetpack_publicize_feature_enabled":true,"jetpack_social_post_already_shared":false,"jetpack_social_options":{"image_generator_settings":{"template":"highway","default_image_id":0,"font":"","enabled":false},"version":2}},"categories":[22],"tags":[1157],"class_list":["post-1770","post","type-post","status-publish","format-standard","has-post-thumbnail","hentry","category-gms-va","tag-multes"],"yoast_head":"<!-- This site is optimized with the Yoast SEO plugin v24.0 - https:\/\/yoast.com\/wordpress\/plugins\/seo\/ -->\n<title>Marco tanca una campanya que constata el progr\u00e9s de Castell\u00f3 amb \u201cbona gesti\u00f3 i honradesa\u201d - PSPV-PSOE CASTELL\u00d3<\/title>\n<meta name=\"robots\" content=\"index, follow, max-snippet:-1, max-image-preview:large, max-video-preview:-1\" \/>\n<link rel=\"canonical\" href=\"https:\/\/agrupacionespsoe.es\/castello\/va\/marco-tanca-una-campanya-que-constata-el-progres-de-castello-amb-bona-gestio-i-honradesa\/\" \/>\n<meta property=\"og:locale\" content=\"es_ES\" \/>\n<meta property=\"og:type\" content=\"article\" \/>\n<meta property=\"og:title\" content=\"Marco tanca una campanya que constata el progr\u00e9s de Castell\u00f3 amb \u201cbona gesti\u00f3 i honradesa\u201d - PSPV-PSOE CASTELL\u00d3\" \/>\n<meta property=\"og:description\" content=\"La candidata a la reelecci\u00f3 a l\u00b4alcaldia de Castell\u00f3, Amparo Marco, tanca la campanya electoral per a les municipals del 28-M amb un acte que se celebrar\u00e0 en la seu del PSPV-PSOE local a partir de les 19.00 hores. Es posa fi aix\u00ed a unes setmanes d\u00b4intens treball en les quals s\u00b4ha posat el focus en la bona gesti\u00f3 del govern socialista que ha transformat Castell\u00f3 en una ciutat m\u00e9s verda, m\u00e9s justa i amb m\u00e9s oportunitats.\" \/>\n<meta property=\"og:url\" content=\"https:\/\/agrupacionespsoe.es\/castello\/va\/marco-tanca-una-campanya-que-constata-el-progres-de-castello-amb-bona-gestio-i-honradesa\/\" \/>\n<meta property=\"og:site_name\" content=\"PSPV-PSOE CASTELL\u00d3\" \/>\n<meta property=\"article:publisher\" content=\"https:\/\/www.facebook.com\/pspv.castellodelaplana\" \/>\n<meta property=\"article:published_time\" content=\"2023-05-26T16:20:29+00:00\" \/>\n<meta property=\"article:modified_time\" content=\"2026-03-24T08:10:10+00:00\" \/>\n<meta property=\"og:image\" content=\"https:\/\/agrupacionespsoe.es\/castello\/wp-content\/uploads\/sites\/45\/2023\/05\/20230526-Marco-tanca-una-campanya-que-constata-el-progres-de-Castello-amb-bona-gestio-i-honradesa.jpg\" \/>\n\t<meta property=\"og:image:width\" content=\"2048\" \/>\n\t<meta property=\"og:image:height\" content=\"1152\" \/>\n\t<meta property=\"og:image:type\" content=\"image\/jpeg\" \/>\n<meta name=\"author\" content=\"castello1\" \/>\n<meta name=\"twitter:card\" content=\"summary_large_image\" \/>\n<meta name=\"twitter:creator\" content=\"@pspv_cs\" \/>\n<meta name=\"twitter:site\" content=\"@pspv_cs\" \/>\n<meta name=\"twitter:label1\" content=\"Escrito por\" \/>\n\t<meta name=\"twitter:data1\" content=\"castello1\" \/>\n\t<meta name=\"twitter:label2\" content=\"Tiempo de lectura\" \/>\n\t<meta name=\"twitter:data2\" content=\"9 minutos\" \/>\n<script type=\"application\/ld+json\" class=\"yoast-schema-graph\">{\"@context\":\"https:\/\/schema.org\",\"@graph\":[{\"@type\":\"Article\",\"@id\":\"https:\/\/agrupacionespsoe.es\/castello\/va\/marco-tanca-una-campanya-que-constata-el-progres-de-castello-amb-bona-gestio-i-honradesa\/#article\",\"isPartOf\":{\"@id\":\"https:\/\/agrupacionespsoe.es\/castello\/va\/marco-tanca-una-campanya-que-constata-el-progres-de-castello-amb-bona-gestio-i-honradesa\/\"},\"author\":{\"name\":\"castello1\",\"@id\":\"https:\/\/agrupacionespsoe.es\/castello\/#\/schema\/person\/f3bc5b2f9dc6a399e9e98596ae24a20a\"},\"headline\":\"Marco tanca una campanya que constata el progr\u00e9s de Castell\u00f3 amb \u201cbona gesti\u00f3 i honradesa\u201d\",\"datePublished\":\"2023-05-26T16:20:29+00:00\",\"dateModified\":\"2026-03-24T08:10:10+00:00\",\"mainEntityOfPage\":{\"@id\":\"https:\/\/agrupacionespsoe.es\/castello\/va\/marco-tanca-una-campanya-que-constata-el-progres-de-castello-amb-bona-gestio-i-honradesa\/\"},\"wordCount\":1998,\"commentCount\":0,\"publisher\":{\"@id\":\"https:\/\/agrupacionespsoe.es\/castello\/#organization\"},\"image\":{\"@id\":\"https:\/\/agrupacionespsoe.es\/castello\/va\/marco-tanca-una-campanya-que-constata-el-progres-de-castello-amb-bona-gestio-i-honradesa\/#primaryimage\"},\"thumbnailUrl\":\"https:\/\/agrupacionespsoe.es\/castello\/wp-content\/uploads\/sites\/45\/2023\/05\/20230526-Marco-tanca-una-campanya-que-constata-el-progres-de-Castello-amb-bona-gestio-i-honradesa.jpg\",\"keywords\":[\"Multes\"],\"articleSection\":[\"Grup Municipal Socialista\"],\"inLanguage\":\"es\",\"potentialAction\":[{\"@type\":\"CommentAction\",\"name\":\"Comment\",\"target\":[\"https:\/\/agrupacionespsoe.es\/castello\/va\/marco-tanca-una-campanya-que-constata-el-progres-de-castello-amb-bona-gestio-i-honradesa\/#respond\"]}]},{\"@type\":\"WebPage\",\"@id\":\"https:\/\/agrupacionespsoe.es\/castello\/va\/marco-tanca-una-campanya-que-constata-el-progres-de-castello-amb-bona-gestio-i-honradesa\/\",\"url\":\"https:\/\/agrupacionespsoe.es\/castello\/va\/marco-tanca-una-campanya-que-constata-el-progres-de-castello-amb-bona-gestio-i-honradesa\/\",\"name\":\"Marco tanca una campanya que constata el progr\u00e9s de Castell\u00f3 amb \u201cbona gesti\u00f3 i honradesa\u201d - PSPV-PSOE CASTELL\u00d3\",\"isPartOf\":{\"@id\":\"https:\/\/agrupacionespsoe.es\/castello\/#website\"},\"primaryImageOfPage\":{\"@id\":\"https:\/\/agrupacionespsoe.es\/castello\/va\/marco-tanca-una-campanya-que-constata-el-progres-de-castello-amb-bona-gestio-i-honradesa\/#primaryimage\"},\"image\":{\"@id\":\"https:\/\/agrupacionespsoe.es\/castello\/va\/marco-tanca-una-campanya-que-constata-el-progres-de-castello-amb-bona-gestio-i-honradesa\/#primaryimage\"},\"thumbnailUrl\":\"https:\/\/agrupacionespsoe.es\/castello\/wp-content\/uploads\/sites\/45\/2023\/05\/20230526-Marco-tanca-una-campanya-que-constata-el-progres-de-Castello-amb-bona-gestio-i-honradesa.jpg\",\"datePublished\":\"2023-05-26T16:20:29+00:00\",\"dateModified\":\"2026-03-24T08:10:10+00:00\",\"breadcrumb\":{\"@id\":\"https:\/\/agrupacionespsoe.es\/castello\/va\/marco-tanca-una-campanya-que-constata-el-progres-de-castello-amb-bona-gestio-i-honradesa\/#breadcrumb\"},\"inLanguage\":\"es\",\"potentialAction\":[{\"@type\":\"ReadAction\",\"target\":[\"https:\/\/agrupacionespsoe.es\/castello\/va\/marco-tanca-una-campanya-que-constata-el-progres-de-castello-amb-bona-gestio-i-honradesa\/\"]}]},{\"@type\":\"ImageObject\",\"inLanguage\":\"es\",\"@id\":\"https:\/\/agrupacionespsoe.es\/castello\/va\/marco-tanca-una-campanya-que-constata-el-progres-de-castello-amb-bona-gestio-i-honradesa\/#primaryimage\",\"url\":\"https:\/\/agrupacionespsoe.es\/castello\/wp-content\/uploads\/sites\/45\/2023\/05\/20230526-Marco-tanca-una-campanya-que-constata-el-progres-de-Castello-amb-bona-gestio-i-honradesa.jpg\",\"contentUrl\":\"https:\/\/agrupacionespsoe.es\/castello\/wp-content\/uploads\/sites\/45\/2023\/05\/20230526-Marco-tanca-una-campanya-que-constata-el-progres-de-Castello-amb-bona-gestio-i-honradesa.jpg\",\"width\":2048,\"height\":1152},{\"@type\":\"BreadcrumbList\",\"@id\":\"https:\/\/agrupacionespsoe.es\/castello\/va\/marco-tanca-una-campanya-que-constata-el-progres-de-castello-amb-bona-gestio-i-honradesa\/#breadcrumb\",\"itemListElement\":[{\"@type\":\"ListItem\",\"position\":1,\"name\":\"Portada\",\"item\":\"https:\/\/agrupacionespsoe.es\/castello\/\"},{\"@type\":\"ListItem\",\"position\":2,\"name\":\"Marco tanca una campanya que constata el progr\u00e9s de Castell\u00f3 amb \u201cbona gesti\u00f3 i honradesa\u201d\"}]},{\"@type\":\"WebSite\",\"@id\":\"https:\/\/agrupacionespsoe.es\/castello\/#website\",\"url\":\"https:\/\/agrupacionespsoe.es\/castello\/\",\"name\":\"PSPV-PSOE CASTELL\u00d3\",\"description\":\"PSPV-PSOE | Agrupaci\u00f3 de Castell\u00f3\",\"publisher\":{\"@id\":\"https:\/\/agrupacionespsoe.es\/castello\/#organization\"},\"potentialAction\":[{\"@type\":\"SearchAction\",\"target\":{\"@type\":\"EntryPoint\",\"urlTemplate\":\"https:\/\/agrupacionespsoe.es\/castello\/?s={search_term_string}\"},\"query-input\":{\"@type\":\"PropertyValueSpecification\",\"valueRequired\":true,\"valueName\":\"search_term_string\"}}],\"inLanguage\":\"es\"},{\"@type\":\"Organization\",\"@id\":\"https:\/\/agrupacionespsoe.es\/castello\/#organization\",\"name\":\"PSPV-PSOE Castell\u00f3\",\"url\":\"https:\/\/agrupacionespsoe.es\/castello\/\",\"logo\":{\"@type\":\"ImageObject\",\"inLanguage\":\"es\",\"@id\":\"https:\/\/agrupacionespsoe.es\/castello\/#\/schema\/logo\/image\/\",\"url\":\"https:\/\/agrupacionespsoe.es\/castello\/wp-content\/uploads\/sites\/45\/2023\/04\/PORTADA-PSOE-CASTELLO.jpg\",\"contentUrl\":\"https:\/\/agrupacionespsoe.es\/castello\/wp-content\/uploads\/sites\/45\/2023\/04\/PORTADA-PSOE-CASTELLO.jpg\",\"width\":2500,\"height\":2500,\"caption\":\"PSPV-PSOE Castell\u00f3\"},\"image\":{\"@id\":\"https:\/\/agrupacionespsoe.es\/castello\/#\/schema\/logo\/image\/\"},\"sameAs\":[\"https:\/\/www.facebook.com\/pspv.castellodelaplana\",\"https:\/\/x.com\/pspv_cs\",\"https:\/\/www.instagram.com\/pspvpsoecastello\/\"]},{\"@type\":\"Person\",\"@id\":\"https:\/\/agrupacionespsoe.es\/castello\/#\/schema\/person\/f3bc5b2f9dc6a399e9e98596ae24a20a\",\"name\":\"castello1\",\"image\":{\"@type\":\"ImageObject\",\"inLanguage\":\"es\",\"@id\":\"https:\/\/agrupacionespsoe.es\/castello\/#\/schema\/person\/image\/\",\"url\":\"https:\/\/secure.gravatar.com\/avatar\/5f1da428d6479d1127419c0b58796865?s=96&d=mm&r=g\",\"contentUrl\":\"https:\/\/secure.gravatar.com\/avatar\/5f1da428d6479d1127419c0b58796865?s=96&d=mm&r=g\",\"caption\":\"castello1\"},\"url\":\"https:\/\/agrupacionespsoe.es\/castello\/author\/castello1\/\"}]}<\/script>\n<!-- \/ Yoast SEO plugin. -->","yoast_head_json":{"title":"Marco tanca una campanya que constata el progr\u00e9s de Castell\u00f3 amb \u201cbona gesti\u00f3 i honradesa\u201d - PSPV-PSOE CASTELL\u00d3","robots":{"index":"index","follow":"follow","max-snippet":"max-snippet:-1","max-image-preview":"max-image-preview:large","max-video-preview":"max-video-preview:-1"},"canonical":"https:\/\/agrupacionespsoe.es\/castello\/va\/marco-tanca-una-campanya-que-constata-el-progres-de-castello-amb-bona-gestio-i-honradesa\/","og_locale":"es_ES","og_type":"article","og_title":"Marco tanca una campanya que constata el progr\u00e9s de Castell\u00f3 amb \u201cbona gesti\u00f3 i honradesa\u201d - PSPV-PSOE CASTELL\u00d3","og_description":"La candidata a la reelecci\u00f3 a l\u00b4alcaldia de Castell\u00f3, Amparo Marco, tanca la campanya electoral per a les municipals del 28-M amb un acte que se celebrar\u00e0 en la seu del PSPV-PSOE local a partir de les 19.00 hores. Es posa fi aix\u00ed a unes setmanes d\u00b4intens treball en les quals s\u00b4ha posat el focus en la bona gesti\u00f3 del govern socialista que ha transformat Castell\u00f3 en una ciutat m\u00e9s verda, m\u00e9s justa i amb m\u00e9s oportunitats.","og_url":"https:\/\/agrupacionespsoe.es\/castello\/va\/marco-tanca-una-campanya-que-constata-el-progres-de-castello-amb-bona-gestio-i-honradesa\/","og_site_name":"PSPV-PSOE CASTELL\u00d3","article_publisher":"https:\/\/www.facebook.com\/pspv.castellodelaplana","article_published_time":"2023-05-26T16:20:29+00:00","article_modified_time":"2026-03-24T08:10:10+00:00","og_image":[{"width":2048,"height":1152,"url":"https:\/\/agrupacionespsoe.es\/castello\/wp-content\/uploads\/sites\/45\/2023\/05\/20230526-Marco-tanca-una-campanya-que-constata-el-progres-de-Castello-amb-bona-gestio-i-honradesa.jpg","type":"image\/jpeg"}],"author":"castello1","twitter_card":"summary_large_image","twitter_creator":"@pspv_cs","twitter_site":"@pspv_cs","twitter_misc":{"Escrito por":"castello1","Tiempo de lectura":"9 minutos"},"schema":{"@context":"https:\/\/schema.org","@graph":[{"@type":"Article","@id":"https:\/\/agrupacionespsoe.es\/castello\/va\/marco-tanca-una-campanya-que-constata-el-progres-de-castello-amb-bona-gestio-i-honradesa\/#article","isPartOf":{"@id":"https:\/\/agrupacionespsoe.es\/castello\/va\/marco-tanca-una-campanya-que-constata-el-progres-de-castello-amb-bona-gestio-i-honradesa\/"},"author":{"name":"castello1","@id":"https:\/\/agrupacionespsoe.es\/castello\/#\/schema\/person\/f3bc5b2f9dc6a399e9e98596ae24a20a"},"headline":"Marco tanca una campanya que constata el progr\u00e9s de Castell\u00f3 amb \u201cbona gesti\u00f3 i honradesa\u201d","datePublished":"2023-05-26T16:20:29+00:00","dateModified":"2026-03-24T08:10:10+00:00","mainEntityOfPage":{"@id":"https:\/\/agrupacionespsoe.es\/castello\/va\/marco-tanca-una-campanya-que-constata-el-progres-de-castello-amb-bona-gestio-i-honradesa\/"},"wordCount":1998,"commentCount":0,"publisher":{"@id":"https:\/\/agrupacionespsoe.es\/castello\/#organization"},"image":{"@id":"https:\/\/agrupacionespsoe.es\/castello\/va\/marco-tanca-una-campanya-que-constata-el-progres-de-castello-amb-bona-gestio-i-honradesa\/#primaryimage"},"thumbnailUrl":"https:\/\/agrupacionespsoe.es\/castello\/wp-content\/uploads\/sites\/45\/2023\/05\/20230526-Marco-tanca-una-campanya-que-constata-el-progres-de-Castello-amb-bona-gestio-i-honradesa.jpg","keywords":["Multes"],"articleSection":["Grup Municipal Socialista"],"inLanguage":"es","potentialAction":[{"@type":"CommentAction","name":"Comment","target":["https:\/\/agrupacionespsoe.es\/castello\/va\/marco-tanca-una-campanya-que-constata-el-progres-de-castello-amb-bona-gestio-i-honradesa\/#respond"]}]},{"@type":"WebPage","@id":"https:\/\/agrupacionespsoe.es\/castello\/va\/marco-tanca-una-campanya-que-constata-el-progres-de-castello-amb-bona-gestio-i-honradesa\/","url":"https:\/\/agrupacionespsoe.es\/castello\/va\/marco-tanca-una-campanya-que-constata-el-progres-de-castello-amb-bona-gestio-i-honradesa\/","name":"Marco tanca una campanya que constata el progr\u00e9s de Castell\u00f3 amb \u201cbona gesti\u00f3 i honradesa\u201d - PSPV-PSOE CASTELL\u00d3","isPartOf":{"@id":"https:\/\/agrupacionespsoe.es\/castello\/#website"},"primaryImageOfPage":{"@id":"https:\/\/agrupacionespsoe.es\/castello\/va\/marco-tanca-una-campanya-que-constata-el-progres-de-castello-amb-bona-gestio-i-honradesa\/#primaryimage"},"image":{"@id":"https:\/\/agrupacionespsoe.es\/castello\/va\/marco-tanca-una-campanya-que-constata-el-progres-de-castello-amb-bona-gestio-i-honradesa\/#primaryimage"},"thumbnailUrl":"https:\/\/agrupacionespsoe.es\/castello\/wp-content\/uploads\/sites\/45\/2023\/05\/20230526-Marco-tanca-una-campanya-que-constata-el-progres-de-Castello-amb-bona-gestio-i-honradesa.jpg","datePublished":"2023-05-26T16:20:29+00:00","dateModified":"2026-03-24T08:10:10+00:00","breadcrumb":{"@id":"https:\/\/agrupacionespsoe.es\/castello\/va\/marco-tanca-una-campanya-que-constata-el-progres-de-castello-amb-bona-gestio-i-honradesa\/#breadcrumb"},"inLanguage":"es","potentialAction":[{"@type":"ReadAction","target":["https:\/\/agrupacionespsoe.es\/castello\/va\/marco-tanca-una-campanya-que-constata-el-progres-de-castello-amb-bona-gestio-i-honradesa\/"]}]},{"@type":"ImageObject","inLanguage":"es","@id":"https:\/\/agrupacionespsoe.es\/castello\/va\/marco-tanca-una-campanya-que-constata-el-progres-de-castello-amb-bona-gestio-i-honradesa\/#primaryimage","url":"https:\/\/agrupacionespsoe.es\/castello\/wp-content\/uploads\/sites\/45\/2023\/05\/20230526-Marco-tanca-una-campanya-que-constata-el-progres-de-Castello-amb-bona-gestio-i-honradesa.jpg","contentUrl":"https:\/\/agrupacionespsoe.es\/castello\/wp-content\/uploads\/sites\/45\/2023\/05\/20230526-Marco-tanca-una-campanya-que-constata-el-progres-de-Castello-amb-bona-gestio-i-honradesa.jpg","width":2048,"height":1152},{"@type":"BreadcrumbList","@id":"https:\/\/agrupacionespsoe.es\/castello\/va\/marco-tanca-una-campanya-que-constata-el-progres-de-castello-amb-bona-gestio-i-honradesa\/#breadcrumb","itemListElement":[{"@type":"ListItem","position":1,"name":"Portada","item":"https:\/\/agrupacionespsoe.es\/castello\/"},{"@type":"ListItem","position":2,"name":"Marco tanca una campanya que constata el progr\u00e9s de Castell\u00f3 amb \u201cbona gesti\u00f3 i honradesa\u201d"}]},{"@type":"WebSite","@id":"https:\/\/agrupacionespsoe.es\/castello\/#website","url":"https:\/\/agrupacionespsoe.es\/castello\/","name":"PSPV-PSOE CASTELL\u00d3","description":"PSPV-PSOE | Agrupaci\u00f3 de Castell\u00f3","publisher":{"@id":"https:\/\/agrupacionespsoe.es\/castello\/#organization"},"potentialAction":[{"@type":"SearchAction","target":{"@type":"EntryPoint","urlTemplate":"https:\/\/agrupacionespsoe.es\/castello\/?s={search_term_string}"},"query-input":{"@type":"PropertyValueSpecification","valueRequired":true,"valueName":"search_term_string"}}],"inLanguage":"es"},{"@type":"Organization","@id":"https:\/\/agrupacionespsoe.es\/castello\/#organization","name":"PSPV-PSOE Castell\u00f3","url":"https:\/\/agrupacionespsoe.es\/castello\/","logo":{"@type":"ImageObject","inLanguage":"es","@id":"https:\/\/agrupacionespsoe.es\/castello\/#\/schema\/logo\/image\/","url":"https:\/\/agrupacionespsoe.es\/castello\/wp-content\/uploads\/sites\/45\/2023\/04\/PORTADA-PSOE-CASTELLO.jpg","contentUrl":"https:\/\/agrupacionespsoe.es\/castello\/wp-content\/uploads\/sites\/45\/2023\/04\/PORTADA-PSOE-CASTELLO.jpg","width":2500,"height":2500,"caption":"PSPV-PSOE Castell\u00f3"},"image":{"@id":"https:\/\/agrupacionespsoe.es\/castello\/#\/schema\/logo\/image\/"},"sameAs":["https:\/\/www.facebook.com\/pspv.castellodelaplana","https:\/\/x.com\/pspv_cs","https:\/\/www.instagram.com\/pspvpsoecastello\/"]},{"@type":"Person","@id":"https:\/\/agrupacionespsoe.es\/castello\/#\/schema\/person\/f3bc5b2f9dc6a399e9e98596ae24a20a","name":"castello1","image":{"@type":"ImageObject","inLanguage":"es","@id":"https:\/\/agrupacionespsoe.es\/castello\/#\/schema\/person\/image\/","url":"https:\/\/secure.gravatar.com\/avatar\/5f1da428d6479d1127419c0b58796865?s=96&d=mm&r=g","contentUrl":"https:\/\/secure.gravatar.com\/avatar\/5f1da428d6479d1127419c0b58796865?s=96&d=mm&r=g","caption":"castello1"},"url":"https:\/\/agrupacionespsoe.es\/castello\/author\/castello1\/"}]}},"jetpack_publicize_connections":[],"jetpack_featured_media_url":"https:\/\/agrupacionespsoe.es\/castello\/wp-content\/uploads\/sites\/45\/2023\/05\/20230526-Marco-tanca-una-campanya-que-constata-el-progres-de-Castello-amb-bona-gestio-i-honradesa.jpg","jetpack_sharing_enabled":true,"_links":{"self":[{"href":"https:\/\/agrupacionespsoe.es\/castello\/wp-json\/wp\/v2\/posts\/1770","targetHints":{"allow":["GET"]}}],"collection":[{"href":"https:\/\/agrupacionespsoe.es\/castello\/wp-json\/wp\/v2\/posts"}],"about":[{"href":"https:\/\/agrupacionespsoe.es\/castello\/wp-json\/wp\/v2\/types\/post"}],"author":[{"embeddable":true,"href":"https:\/\/agrupacionespsoe.es\/castello\/wp-json\/wp\/v2\/users\/48"}],"replies":[{"embeddable":true,"href":"https:\/\/agrupacionespsoe.es\/castello\/wp-json\/wp\/v2\/comments?post=1770"}],"version-history":[{"count":7,"href":"https:\/\/agrupacionespsoe.es\/castello\/wp-json\/wp\/v2\/posts\/1770\/revisions"}],"predecessor-version":[{"id":6357,"href":"https:\/\/agrupacionespsoe.es\/castello\/wp-json\/wp\/v2\/posts\/1770\/revisions\/6357"}],"wp:featuredmedia":[{"embeddable":true,"href":"https:\/\/agrupacionespsoe.es\/castello\/wp-json\/wp\/v2\/media\/1772"}],"wp:attachment":[{"href":"https:\/\/agrupacionespsoe.es\/castello\/wp-json\/wp\/v2\/media?parent=1770"}],"wp:term":[{"taxonomy":"category","embeddable":true,"href":"https:\/\/agrupacionespsoe.es\/castello\/wp-json\/wp\/v2\/categories?post=1770"},{"taxonomy":"post_tag","embeddable":true,"href":"https:\/\/agrupacionespsoe.es\/castello\/wp-json\/wp\/v2\/tags?post=1770"}],"curies":[{"name":"wp","href":"https:\/\/api.w.org\/{rel}","templated":true}]}}