{"id":12049,"date":"2026-09-05T12:46:50","date_gmt":"2026-09-05T10:46:50","guid":{"rendered":"https:\/\/agrupacionespsoe.es\/castello\/?p=12049"},"modified":"2026-09-05T12:47:03","modified_gmt":"2026-09-05T10:47:03","slug":"simo-denuncia-tres-anys-denganys-amb-lhospital-general","status":"publish","type":"post","link":"https:\/\/agrupacionespsoe.es\/castello\/va\/simo-denuncia-tres-anys-denganys-amb-lhospital-general\/","title":{"rendered":"Sim\u00f3 denuncia \u201ctres anys d&#8217;enganys\u201d amb l&#8217;Hospital General"},"content":{"rendered":"\n<ul class=\"wp-block-list\">\n<li><em><em><em>El nou Hospital General arribar\u00e0 a 2027 sense l&#8217;obra iniciada<\/em><\/em><\/em><\/li>\n<\/ul>\n\n\n\n<figure class=\"wp-block-audio\"><audio controls src=\"https:\/\/agrupacionespsoe.es\/castello\/wp-content\/uploads\/sites\/45\/2026\/09\/20260905-Simo-denuncia-tres-anys-denganys-amb-lHospital-General.mp3\" autoplay><\/audio><\/figure>\n\n\n\n<p>El secretari general del PSPV-PSOE de Castell\u00f3, <a href=\"https:\/\/agrupacionespsoe.es\/castello\/va\/tag\/rafa-simo-va\/\">Rafa Sim\u00f3<\/a>, ha denunciat que les \u00faltimes declaracions del conseller de Sanitat, <a href=\"https:\/\/agrupacionespsoe.es\/castello\/va\/tag\/marciano-gomez-va\/\">Marciano G\u00f3mez<\/a>, confirmen que el nou Hospital General arribar\u00e0 pr\u00e0cticament al final de la legislatura sense que hagen comen\u00e7at les obres. G\u00f3mez ha assegurat que \u201cen un breu espai de temps\u201d s&#8217;informar\u00e0 sobre el seu inici i que ser\u00e0 \u201cabans que finalitze l&#8217;any\u201d. \u201cVan arribar prometent velocitat i acabarem 2026 esperant encara que ens diguen quan comencen. Castell\u00f3 necessitava un hospital, no tres anys d&#8217;anuncis sobre l&#8217;hospital\u201d, segons el secretari general.<\/p>\n\n\n\n<p>Sim\u00f3 ha criticat la \u201csuccessi\u00f3 de versions\u201d del PP. \u201cPrimer van dir que no hi havia res, despr\u00e9s van presumir que els terrenys estaven adquirits quan encara quedaven parcel\u00b7les per resoldre i ara asseguren que \u2018els tr\u00e0mits van extremadament b\u00e9\u2019 malgrat que les obres es van a 2027. Han passat de negar el projecte a vendre&#8217;l com a fet i finalment a demanar-nos que continuem esperant\u201d.<\/p>\n\n\n\n<p>El dirigent socialista ha advertit que el retard \u00e9s encara m\u00e9s greu per la situaci\u00f3 de l&#8217;actual Hospital General. \u201cDurant bona part d&#8217;aquesta legislatura ha estat al capdavant de les llistes d&#8217;espera quir\u00fargiques de la Comunitat i segueix entre els hospitals amb majors demores. Mentre els pacients esperen, el PP tamb\u00e9 fa esperar a Castell\u00f3 per l&#8217;hospital que necessita\u201d, ha apuntat.<\/p>\n\n\n\n<p>Sim\u00f3 tamb\u00e9 ha retret el canvi d&#8217;actitud de <a href=\"https:\/\/agrupacionespsoe.es\/castello\/va\/tag\/begona-carrasco-va\/\">Bego\u00f1a Carrasco<\/a>. \u201cEn 2023 prometia \u2018un nou Hospital General que ser\u00e0 realitat dins del termini i en la forma corresponent\u2019. Llavors encap\u00e7alava reivindicacions; ara calla i mira cap a un altre costat. I no em sorprendria que acabem veient una m\u00e0quina sobre el terreny just a temps per a la foto electoral. Per\u00f2 una foto no pot esborrar una legislatura: si les obres no comencen fins a 2027, haurem perdut quatre anys\u201d, ha concl\u00f2s.<\/p>\n","protected":false},"excerpt":{"rendered":"<p>El secretari general del PSPV-PSOE de Castell\u00f3, Rafa Sim\u00f3, ha denunciat que les \u00faltimes declaracions del conseller de Sanitat, Marciano G\u00f3mez, confirmen que el nou Hospital General arribar\u00e0 pr\u00e0cticament al final de la legislatura sense que hagen comen\u00e7at les obres. G\u00f3mez ha assegurat que \u201cen un breu espai de temps\u201d s&#8217;informar\u00e0 sobre el seu inici &#8230;<\/p>\n","protected":false},"author":48,"featured_media":12043,"comment_status":"open","ping_status":"open","sticky":false,"template":"","format":"standard","meta":{"jetpack_post_was_ever_published":false,"_jetpack_newsletter_access":"","_jetpack_dont_email_post_to_subs":false,"_jetpack_newsletter_tier_id":0,"_jetpack_memberships_contains_paywalled_content":false,"_jetpack_memberships_contains_paid_content":false,"footnotes":"","jetpack_publicize_message":"","jetpack_publicize_feature_enabled":true,"jetpack_social_post_already_shared":true,"jetpack_social_options":{"image_generator_settings":{"template":"highway","default_image_id":0,"font":"","enabled":false},"version":2}},"categories":[72],"tags":[741,761,426,446],"class_list":["post-12049","post","type-post","status-publish","format-standard","has-post-thumbnail","hentry","category-agrupacio-municipal-va","tag-begona-carrasco-va","tag-marciano-gomez-va","tag-rafa-simo-va","tag-todos-va"],"yoast_head":"<!-- This site is optimized with the Yoast SEO plugin v24.0 - https:\/\/yoast.com\/wordpress\/plugins\/seo\/ -->\n<title>Sim\u00f3 denuncia \u201ctres anys d&#039;enganys\u201d amb l&#039;Hospital General - PSPV-PSOE CASTELL\u00d3<\/title>\n<meta name=\"robots\" content=\"index, follow, max-snippet:-1, max-image-preview:large, max-video-preview:-1\" \/>\n<link rel=\"canonical\" href=\"https:\/\/agrupacionespsoe.es\/castello\/va\/simo-denuncia-tres-anys-denganys-amb-lhospital-general\/\" \/>\n<meta property=\"og:locale\" content=\"es_ES\" \/>\n<meta property=\"og:type\" content=\"article\" \/>\n<meta property=\"og:title\" content=\"Sim\u00f3 denuncia \u201ctres anys d&#039;enganys\u201d amb l&#039;Hospital General - PSPV-PSOE CASTELL\u00d3\" \/>\n<meta property=\"og:description\" content=\"El secretari general del PSPV-PSOE de Castell\u00f3, Rafa Sim\u00f3, ha denunciat que les \u00faltimes declaracions del conseller de Sanitat, Marciano G\u00f3mez, confirmen que el nou Hospital General arribar\u00e0 pr\u00e0cticament al final de la legislatura sense que hagen comen\u00e7at les obres. G\u00f3mez ha assegurat que \u201cen un breu espai de temps\u201d s&#8217;informar\u00e0 sobre el seu inici ...\" \/>\n<meta property=\"og:url\" content=\"https:\/\/agrupacionespsoe.es\/castello\/va\/simo-denuncia-tres-anys-denganys-amb-lhospital-general\/\" \/>\n<meta property=\"og:site_name\" content=\"PSPV-PSOE CASTELL\u00d3\" \/>\n<meta property=\"article:publisher\" content=\"https:\/\/www.facebook.com\/pspv.castellodelaplana\" \/>\n<meta property=\"article:published_time\" content=\"2026-09-05T10:46:50+00:00\" \/>\n<meta property=\"article:modified_time\" content=\"2026-09-05T10:47:03+00:00\" \/>\n<meta property=\"og:image\" content=\"https:\/\/agrupacionespsoe.es\/castello\/wp-content\/uploads\/sites\/45\/2026\/09\/20260905-Simo-denuncia-tres-anys-denganys-amb-lHospital-General.jpeg\" \/>\n\t<meta property=\"og:image:width\" content=\"1614\" \/>\n\t<meta property=\"og:image:height\" content=\"2162\" \/>\n\t<meta property=\"og:image:type\" content=\"image\/jpeg\" \/>\n<meta name=\"author\" content=\"castello1\" \/>\n<meta name=\"twitter:card\" content=\"summary_large_image\" \/>\n<meta name=\"twitter:creator\" content=\"@pspv_cs\" \/>\n<meta name=\"twitter:site\" content=\"@pspv_cs\" \/>\n<meta name=\"twitter:label1\" content=\"Escrito por\" \/>\n\t<meta name=\"twitter:data1\" content=\"castello1\" \/>\n\t<meta name=\"twitter:label2\" content=\"Tiempo de lectura\" \/>\n\t<meta name=\"twitter:data2\" content=\"2 minutos\" \/>\n<script type=\"application\/ld+json\" class=\"yoast-schema-graph\">{\"@context\":\"https:\/\/schema.org\",\"@graph\":[{\"@type\":\"Article\",\"@id\":\"https:\/\/agrupacionespsoe.es\/castello\/va\/simo-denuncia-tres-anys-denganys-amb-lhospital-general\/#article\",\"isPartOf\":{\"@id\":\"https:\/\/agrupacionespsoe.es\/castello\/va\/simo-denuncia-tres-anys-denganys-amb-lhospital-general\/\"},\"author\":{\"name\":\"castello1\",\"@id\":\"https:\/\/agrupacionespsoe.es\/castello\/#\/schema\/person\/f3bc5b2f9dc6a399e9e98596ae24a20a\"},\"headline\":\"Sim\u00f3 denuncia \u201ctres anys d&#8217;enganys\u201d amb l&#8217;Hospital General\",\"datePublished\":\"2026-09-05T10:46:50+00:00\",\"dateModified\":\"2026-09-05T10:47:03+00:00\",\"mainEntityOfPage\":{\"@id\":\"https:\/\/agrupacionespsoe.es\/castello\/va\/simo-denuncia-tres-anys-denganys-amb-lhospital-general\/\"},\"wordCount\":325,\"commentCount\":0,\"publisher\":{\"@id\":\"https:\/\/agrupacionespsoe.es\/castello\/#organization\"},\"image\":{\"@id\":\"https:\/\/agrupacionespsoe.es\/castello\/va\/simo-denuncia-tres-anys-denganys-amb-lhospital-general\/#primaryimage\"},\"thumbnailUrl\":\"https:\/\/i0.wp.com\/agrupacionespsoe.es\/castello\/wp-content\/uploads\/sites\/45\/2026\/09\/20260905-Simo-denuncia-tres-anys-denganys-amb-lHospital-General.jpeg?fit=1614%2C2162&ssl=1\",\"keywords\":[\"Bego\u00f1a Carrasco\",\"Marciano G\u00f3mez\",\"Rafa Sim\u00f3\",\"Todos\"],\"articleSection\":[\"Agrupaci\u00f3 Municipal\"],\"inLanguage\":\"es\",\"potentialAction\":[{\"@type\":\"CommentAction\",\"name\":\"Comment\",\"target\":[\"https:\/\/agrupacionespsoe.es\/castello\/va\/simo-denuncia-tres-anys-denganys-amb-lhospital-general\/#respond\"]}]},{\"@type\":\"WebPage\",\"@id\":\"https:\/\/agrupacionespsoe.es\/castello\/va\/simo-denuncia-tres-anys-denganys-amb-lhospital-general\/\",\"url\":\"https:\/\/agrupacionespsoe.es\/castello\/va\/simo-denuncia-tres-anys-denganys-amb-lhospital-general\/\",\"name\":\"Sim\u00f3 denuncia \u201ctres anys d'enganys\u201d amb l'Hospital General - PSPV-PSOE CASTELL\u00d3\",\"isPartOf\":{\"@id\":\"https:\/\/agrupacionespsoe.es\/castello\/#website\"},\"primaryImageOfPage\":{\"@id\":\"https:\/\/agrupacionespsoe.es\/castello\/va\/simo-denuncia-tres-anys-denganys-amb-lhospital-general\/#primaryimage\"},\"image\":{\"@id\":\"https:\/\/agrupacionespsoe.es\/castello\/va\/simo-denuncia-tres-anys-denganys-amb-lhospital-general\/#primaryimage\"},\"thumbnailUrl\":\"https:\/\/i0.wp.com\/agrupacionespsoe.es\/castello\/wp-content\/uploads\/sites\/45\/2026\/09\/20260905-Simo-denuncia-tres-anys-denganys-amb-lHospital-General.jpeg?fit=1614%2C2162&ssl=1\",\"datePublished\":\"2026-09-05T10:46:50+00:00\",\"dateModified\":\"2026-09-05T10:47:03+00:00\",\"breadcrumb\":{\"@id\":\"https:\/\/agrupacionespsoe.es\/castello\/va\/simo-denuncia-tres-anys-denganys-amb-lhospital-general\/#breadcrumb\"},\"inLanguage\":\"es\",\"potentialAction\":[{\"@type\":\"ReadAction\",\"target\":[\"https:\/\/agrupacionespsoe.es\/castello\/va\/simo-denuncia-tres-anys-denganys-amb-lhospital-general\/\"]}]},{\"@type\":\"ImageObject\",\"inLanguage\":\"es\",\"@id\":\"https:\/\/agrupacionespsoe.es\/castello\/va\/simo-denuncia-tres-anys-denganys-amb-lhospital-general\/#primaryimage\",\"url\":\"https:\/\/i0.wp.com\/agrupacionespsoe.es\/castello\/wp-content\/uploads\/sites\/45\/2026\/09\/20260905-Simo-denuncia-tres-anys-denganys-amb-lHospital-General.jpeg?fit=1614%2C2162&ssl=1\",\"contentUrl\":\"https:\/\/i0.wp.com\/agrupacionespsoe.es\/castello\/wp-content\/uploads\/sites\/45\/2026\/09\/20260905-Simo-denuncia-tres-anys-denganys-amb-lHospital-General.jpeg?fit=1614%2C2162&ssl=1\",\"width\":1614,\"height\":2162},{\"@type\":\"BreadcrumbList\",\"@id\":\"https:\/\/agrupacionespsoe.es\/castello\/va\/simo-denuncia-tres-anys-denganys-amb-lhospital-general\/#breadcrumb\",\"itemListElement\":[{\"@type\":\"ListItem\",\"position\":1,\"name\":\"Portada\",\"item\":\"https:\/\/agrupacionespsoe.es\/castello\/\"},{\"@type\":\"ListItem\",\"position\":2,\"name\":\"Sim\u00f3 denuncia \u201ctres anys d&#8217;enganys\u201d amb l&#8217;Hospital General\"}]},{\"@type\":\"WebSite\",\"@id\":\"https:\/\/agrupacionespsoe.es\/castello\/#website\",\"url\":\"https:\/\/agrupacionespsoe.es\/castello\/\",\"name\":\"PSPV-PSOE CASTELL\u00d3\",\"description\":\"PSPV-PSOE | Agrupaci\u00f3 de Castell\u00f3\",\"publisher\":{\"@id\":\"https:\/\/agrupacionespsoe.es\/castello\/#organization\"},\"potentialAction\":[{\"@type\":\"SearchAction\",\"target\":{\"@type\":\"EntryPoint\",\"urlTemplate\":\"https:\/\/agrupacionespsoe.es\/castello\/?s={search_term_string}\"},\"query-input\":{\"@type\":\"PropertyValueSpecification\",\"valueRequired\":true,\"valueName\":\"search_term_string\"}}],\"inLanguage\":\"es\"},{\"@type\":\"Organization\",\"@id\":\"https:\/\/agrupacionespsoe.es\/castello\/#organization\",\"name\":\"PSPV-PSOE Castell\u00f3\",\"url\":\"https:\/\/agrupacionespsoe.es\/castello\/\",\"logo\":{\"@type\":\"ImageObject\",\"inLanguage\":\"es\",\"@id\":\"https:\/\/agrupacionespsoe.es\/castello\/#\/schema\/logo\/image\/\",\"url\":\"https:\/\/agrupacionespsoe.es\/castello\/wp-content\/uploads\/sites\/45\/2023\/04\/PORTADA-PSOE-CASTELLO.jpg\",\"contentUrl\":\"https:\/\/agrupacionespsoe.es\/castello\/wp-content\/uploads\/sites\/45\/2023\/04\/PORTADA-PSOE-CASTELLO.jpg\",\"width\":2500,\"height\":2500,\"caption\":\"PSPV-PSOE Castell\u00f3\"},\"image\":{\"@id\":\"https:\/\/agrupacionespsoe.es\/castello\/#\/schema\/logo\/image\/\"},\"sameAs\":[\"https:\/\/www.facebook.com\/pspv.castellodelaplana\",\"https:\/\/x.com\/pspv_cs\",\"https:\/\/www.instagram.com\/pspvpsoecastello\/\"]},{\"@type\":\"Person\",\"@id\":\"https:\/\/agrupacionespsoe.es\/castello\/#\/schema\/person\/f3bc5b2f9dc6a399e9e98596ae24a20a\",\"name\":\"castello1\",\"image\":{\"@type\":\"ImageObject\",\"inLanguage\":\"es\",\"@id\":\"https:\/\/agrupacionespsoe.es\/castello\/#\/schema\/person\/image\/\",\"url\":\"https:\/\/secure.gravatar.com\/avatar\/5f1da428d6479d1127419c0b58796865?s=96&d=mm&r=g\",\"contentUrl\":\"https:\/\/secure.gravatar.com\/avatar\/5f1da428d6479d1127419c0b58796865?s=96&d=mm&r=g\",\"caption\":\"castello1\"},\"url\":\"https:\/\/agrupacionespsoe.es\/castello\/author\/castello1\/\"}]}<\/script>\n<!-- \/ Yoast SEO plugin. -->","yoast_head_json":{"title":"Sim\u00f3 denuncia \u201ctres anys d'enganys\u201d amb l'Hospital General - PSPV-PSOE CASTELL\u00d3","robots":{"index":"index","follow":"follow","max-snippet":"max-snippet:-1","max-image-preview":"max-image-preview:large","max-video-preview":"max-video-preview:-1"},"canonical":"https:\/\/agrupacionespsoe.es\/castello\/va\/simo-denuncia-tres-anys-denganys-amb-lhospital-general\/","og_locale":"es_ES","og_type":"article","og_title":"Sim\u00f3 denuncia \u201ctres anys d'enganys\u201d amb l'Hospital General - PSPV-PSOE CASTELL\u00d3","og_description":"El secretari general del PSPV-PSOE de Castell\u00f3, Rafa Sim\u00f3, ha denunciat que les \u00faltimes declaracions del conseller de Sanitat, Marciano G\u00f3mez, confirmen que el nou Hospital General arribar\u00e0 pr\u00e0cticament al final de la legislatura sense que hagen comen\u00e7at les obres. G\u00f3mez ha assegurat que \u201cen un breu espai de temps\u201d s&#8217;informar\u00e0 sobre el seu inici ...","og_url":"https:\/\/agrupacionespsoe.es\/castello\/va\/simo-denuncia-tres-anys-denganys-amb-lhospital-general\/","og_site_name":"PSPV-PSOE CASTELL\u00d3","article_publisher":"https:\/\/www.facebook.com\/pspv.castellodelaplana","article_published_time":"2026-09-05T10:46:50+00:00","article_modified_time":"2026-09-05T10:47:03+00:00","og_image":[{"width":1614,"height":2162,"url":"https:\/\/agrupacionespsoe.es\/castello\/wp-content\/uploads\/sites\/45\/2026\/09\/20260905-Simo-denuncia-tres-anys-denganys-amb-lHospital-General.jpeg","type":"image\/jpeg"}],"author":"castello1","twitter_card":"summary_large_image","twitter_creator":"@pspv_cs","twitter_site":"@pspv_cs","twitter_misc":{"Escrito por":"castello1","Tiempo de lectura":"2 minutos"},"schema":{"@context":"https:\/\/schema.org","@graph":[{"@type":"Article","@id":"https:\/\/agrupacionespsoe.es\/castello\/va\/simo-denuncia-tres-anys-denganys-amb-lhospital-general\/#article","isPartOf":{"@id":"https:\/\/agrupacionespsoe.es\/castello\/va\/simo-denuncia-tres-anys-denganys-amb-lhospital-general\/"},"author":{"name":"castello1","@id":"https:\/\/agrupacionespsoe.es\/castello\/#\/schema\/person\/f3bc5b2f9dc6a399e9e98596ae24a20a"},"headline":"Sim\u00f3 denuncia \u201ctres anys d&#8217;enganys\u201d amb l&#8217;Hospital General","datePublished":"2026-09-05T10:46:50+00:00","dateModified":"2026-09-05T10:47:03+00:00","mainEntityOfPage":{"@id":"https:\/\/agrupacionespsoe.es\/castello\/va\/simo-denuncia-tres-anys-denganys-amb-lhospital-general\/"},"wordCount":325,"commentCount":0,"publisher":{"@id":"https:\/\/agrupacionespsoe.es\/castello\/#organization"},"image":{"@id":"https:\/\/agrupacionespsoe.es\/castello\/va\/simo-denuncia-tres-anys-denganys-amb-lhospital-general\/#primaryimage"},"thumbnailUrl":"https:\/\/i0.wp.com\/agrupacionespsoe.es\/castello\/wp-content\/uploads\/sites\/45\/2026\/09\/20260905-Simo-denuncia-tres-anys-denganys-amb-lHospital-General.jpeg?fit=1614%2C2162&ssl=1","keywords":["Bego\u00f1a Carrasco","Marciano G\u00f3mez","Rafa Sim\u00f3","Todos"],"articleSection":["Agrupaci\u00f3 Municipal"],"inLanguage":"es","potentialAction":[{"@type":"CommentAction","name":"Comment","target":["https:\/\/agrupacionespsoe.es\/castello\/va\/simo-denuncia-tres-anys-denganys-amb-lhospital-general\/#respond"]}]},{"@type":"WebPage","@id":"https:\/\/agrupacionespsoe.es\/castello\/va\/simo-denuncia-tres-anys-denganys-amb-lhospital-general\/","url":"https:\/\/agrupacionespsoe.es\/castello\/va\/simo-denuncia-tres-anys-denganys-amb-lhospital-general\/","name":"Sim\u00f3 denuncia \u201ctres anys d'enganys\u201d amb l'Hospital General - PSPV-PSOE CASTELL\u00d3","isPartOf":{"@id":"https:\/\/agrupacionespsoe.es\/castello\/#website"},"primaryImageOfPage":{"@id":"https:\/\/agrupacionespsoe.es\/castello\/va\/simo-denuncia-tres-anys-denganys-amb-lhospital-general\/#primaryimage"},"image":{"@id":"https:\/\/agrupacionespsoe.es\/castello\/va\/simo-denuncia-tres-anys-denganys-amb-lhospital-general\/#primaryimage"},"thumbnailUrl":"https:\/\/i0.wp.com\/agrupacionespsoe.es\/castello\/wp-content\/uploads\/sites\/45\/2026\/09\/20260905-Simo-denuncia-tres-anys-denganys-amb-lHospital-General.jpeg?fit=1614%2C2162&ssl=1","datePublished":"2026-09-05T10:46:50+00:00","dateModified":"2026-09-05T10:47:03+00:00","breadcrumb":{"@id":"https:\/\/agrupacionespsoe.es\/castello\/va\/simo-denuncia-tres-anys-denganys-amb-lhospital-general\/#breadcrumb"},"inLanguage":"es","potentialAction":[{"@type":"ReadAction","target":["https:\/\/agrupacionespsoe.es\/castello\/va\/simo-denuncia-tres-anys-denganys-amb-lhospital-general\/"]}]},{"@type":"ImageObject","inLanguage":"es","@id":"https:\/\/agrupacionespsoe.es\/castello\/va\/simo-denuncia-tres-anys-denganys-amb-lhospital-general\/#primaryimage","url":"https:\/\/i0.wp.com\/agrupacionespsoe.es\/castello\/wp-content\/uploads\/sites\/45\/2026\/09\/20260905-Simo-denuncia-tres-anys-denganys-amb-lHospital-General.jpeg?fit=1614%2C2162&ssl=1","contentUrl":"https:\/\/i0.wp.com\/agrupacionespsoe.es\/castello\/wp-content\/uploads\/sites\/45\/2026\/09\/20260905-Simo-denuncia-tres-anys-denganys-amb-lHospital-General.jpeg?fit=1614%2C2162&ssl=1","width":1614,"height":2162},{"@type":"BreadcrumbList","@id":"https:\/\/agrupacionespsoe.es\/castello\/va\/simo-denuncia-tres-anys-denganys-amb-lhospital-general\/#breadcrumb","itemListElement":[{"@type":"ListItem","position":1,"name":"Portada","item":"https:\/\/agrupacionespsoe.es\/castello\/"},{"@type":"ListItem","position":2,"name":"Sim\u00f3 denuncia \u201ctres anys d&#8217;enganys\u201d amb l&#8217;Hospital General"}]},{"@type":"WebSite","@id":"https:\/\/agrupacionespsoe.es\/castello\/#website","url":"https:\/\/agrupacionespsoe.es\/castello\/","name":"PSPV-PSOE CASTELL\u00d3","description":"PSPV-PSOE | Agrupaci\u00f3 de Castell\u00f3","publisher":{"@id":"https:\/\/agrupacionespsoe.es\/castello\/#organization"},"potentialAction":[{"@type":"SearchAction","target":{"@type":"EntryPoint","urlTemplate":"https:\/\/agrupacionespsoe.es\/castello\/?s={search_term_string}"},"query-input":{"@type":"PropertyValueSpecification","valueRequired":true,"valueName":"search_term_string"}}],"inLanguage":"es"},{"@type":"Organization","@id":"https:\/\/agrupacionespsoe.es\/castello\/#organization","name":"PSPV-PSOE Castell\u00f3","url":"https:\/\/agrupacionespsoe.es\/castello\/","logo":{"@type":"ImageObject","inLanguage":"es","@id":"https:\/\/agrupacionespsoe.es\/castello\/#\/schema\/logo\/image\/","url":"https:\/\/agrupacionespsoe.es\/castello\/wp-content\/uploads\/sites\/45\/2023\/04\/PORTADA-PSOE-CASTELLO.jpg","contentUrl":"https:\/\/agrupacionespsoe.es\/castello\/wp-content\/uploads\/sites\/45\/2023\/04\/PORTADA-PSOE-CASTELLO.jpg","width":2500,"height":2500,"caption":"PSPV-PSOE Castell\u00f3"},"image":{"@id":"https:\/\/agrupacionespsoe.es\/castello\/#\/schema\/logo\/image\/"},"sameAs":["https:\/\/www.facebook.com\/pspv.castellodelaplana","https:\/\/x.com\/pspv_cs","https:\/\/www.instagram.com\/pspvpsoecastello\/"]},{"@type":"Person","@id":"https:\/\/agrupacionespsoe.es\/castello\/#\/schema\/person\/f3bc5b2f9dc6a399e9e98596ae24a20a","name":"castello1","image":{"@type":"ImageObject","inLanguage":"es","@id":"https:\/\/agrupacionespsoe.es\/castello\/#\/schema\/person\/image\/","url":"https:\/\/secure.gravatar.com\/avatar\/5f1da428d6479d1127419c0b58796865?s=96&d=mm&r=g","contentUrl":"https:\/\/secure.gravatar.com\/avatar\/5f1da428d6479d1127419c0b58796865?s=96&d=mm&r=g","caption":"castello1"},"url":"https:\/\/agrupacionespsoe.es\/castello\/author\/castello1\/"}]}},"jetpack_publicize_connections":[],"jetpack_featured_media_url":"https:\/\/i0.wp.com\/agrupacionespsoe.es\/castello\/wp-content\/uploads\/sites\/45\/2026\/09\/20260905-Simo-denuncia-tres-anys-denganys-amb-lHospital-General.jpeg?fit=1614%2C2162&ssl=1","jetpack_sharing_enabled":true,"jetpack_shortlink":"https:\/\/wp.me\/pgSzTX-38l","_links":{"self":[{"href":"https:\/\/agrupacionespsoe.es\/castello\/wp-json\/wp\/v2\/posts\/12049","targetHints":{"allow":["GET"]}}],"collection":[{"href":"https:\/\/agrupacionespsoe.es\/castello\/wp-json\/wp\/v2\/posts"}],"about":[{"href":"https:\/\/agrupacionespsoe.es\/castello\/wp-json\/wp\/v2\/types\/post"}],"author":[{"embeddable":true,"href":"https:\/\/agrupacionespsoe.es\/castello\/wp-json\/wp\/v2\/users\/48"}],"replies":[{"embeddable":true,"href":"https:\/\/agrupacionespsoe.es\/castello\/wp-json\/wp\/v2\/comments?post=12049"}],"version-history":[{"count":3,"href":"https:\/\/agrupacionespsoe.es\/castello\/wp-json\/wp\/v2\/posts\/12049\/revisions"}],"predecessor-version":[{"id":12052,"href":"https:\/\/agrupacionespsoe.es\/castello\/wp-json\/wp\/v2\/posts\/12049\/revisions\/12052"}],"wp:featuredmedia":[{"embeddable":true,"href":"https:\/\/agrupacionespsoe.es\/castello\/wp-json\/wp\/v2\/media\/12043"}],"wp:attachment":[{"href":"https:\/\/agrupacionespsoe.es\/castello\/wp-json\/wp\/v2\/media?parent=12049"}],"wp:term":[{"taxonomy":"category","embeddable":true,"href":"https:\/\/agrupacionespsoe.es\/castello\/wp-json\/wp\/v2\/categories?post=12049"},{"taxonomy":"post_tag","embeddable":true,"href":"https:\/\/agrupacionespsoe.es\/castello\/wp-json\/wp\/v2\/tags?post=12049"}],"curies":[{"name":"wp","href":"https:\/\/api.w.org\/{rel}","templated":true}]}}