{"id":12042,"date":"2026-09-05T12:44:34","date_gmt":"2026-09-05T10:44:34","guid":{"rendered":"https:\/\/agrupacionespsoe.es\/castello\/?p=12042"},"modified":"2026-09-05T12:45:19","modified_gmt":"2026-09-05T10:45:19","slug":"simo-denuncia-tres-anos-de-enganos-con-el-hospital-general","status":"publish","type":"post","link":"https:\/\/agrupacionespsoe.es\/castello\/simo-denuncia-tres-anos-de-enganos-con-el-hospital-general\/","title":{"rendered":"Sim\u00f3 denuncia \u201ctres a\u00f1os de enga\u00f1os\u201d con el Hospital General"},"content":{"rendered":"\n<ul class=\"wp-block-list\">\n<li><em>El nuevo Hospital General llegar\u00e1 a 2027 sin la obra iniciada<\/em><\/li>\n<\/ul>\n\n\n\n<figure class=\"wp-block-audio\"><audio controls src=\"https:\/\/agrupacionespsoe.es\/castello\/wp-content\/uploads\/sites\/45\/2026\/09\/20260905-Simo-denuncia-tres-anys-denganys-amb-lHospital-General.mp3\" autoplay><\/audio><\/figure>\n\n\n\n<p>El secretario general del PSPV-PSOE de Castell\u00f3, <a href=\"https:\/\/agrupacionespsoe.es\/castello\/tag\/rafa-simo\/\">Rafa Sim\u00f3<\/a>, ha denunciado que las \u00faltimas declaraciones del conseller de Sanidad, <a href=\"https:\/\/agrupacionespsoe.es\/castello\/tag\/marciano-gomez\/\">Marciano G\u00f3mez<\/a>, confirman que el nuevo Hospital General llegar\u00e1 pr\u00e1cticamente al final de la legislatura sin que hayan comenzado las obras. G\u00f3mez ha asegurado que \u201cen un breve espacio de tiempo\u201d se informar\u00e1 sobre su inicio y que ser\u00e1 \u201cantes de que finalice el a\u00f1o\u201d. \u201cLlegaron prometiendo velocidad y acabaremos 2026 esperando todav\u00eda que nos digan cu\u00e1ndo empiezan. Castell\u00f3 necesitaba un hospital, no tres a\u00f1os de anuncios sobre el hospital\u201d, seg\u00fan el secretario general.<\/p>\n\n\n\n<p>Sim\u00f3 ha criticado la \u201csucesi\u00f3n de versiones\u201d del PP. \u201cPrimero dijeron que no hab\u00eda nada, despu\u00e9s presumieron de que los terrenos estaban adquiridos cuando todav\u00eda quedaban parcelas por resolver y ahora aseguran que \u2018los tr\u00e1mites van extremadamente bien\u2019 pese a que las obras se van a 2027. Han pasado de negar el proyecto a venderlo como hecho y finalmente a pedirnos que sigamos esperando\u201d.<\/p>\n\n\n\n<p>El dirigente socialista ha advertido de que el retraso es todav\u00eda m\u00e1s grave por la situaci\u00f3n del actual Hospital General. \u201cDurante buena parte de esta legislatura ha estado a la cabeza de las listas de espera quir\u00fargicas de la Comunitat y sigue entre los hospitales con mayores demoras. Mientras los pacientes esperan, el PP tambi\u00e9n hace esperar a Castell\u00f3 por el hospital que necesita\u201d, ha apuntado.<\/p>\n\n\n\n<p>Sim\u00f3 tambi\u00e9n ha reprochado el cambio de actitud de <a href=\"https:\/\/agrupacionespsoe.es\/castello\/tag\/begona-carrasco\/\">Bego\u00f1a Carrasco<\/a>. \u201cEn 2023 promet\u00eda \u2018un nuevo Hospital General que ser\u00e1 realidad en tiempo y forma\u2019. Entonces encabezaba reivindicaciones; ahora calla y mira hacia otro lado. Y no me sorprender\u00eda que acabemos viendo una m\u00e1quina sobre el terreno justo a tiempo para la foto electoral. Pero una foto no puede borrar una legislatura: si las obras no empiezan hasta 2027, habremos perdido cuatro a\u00f1os\u201d, ha conclu\u00eddo.<\/p>\n","protected":false},"excerpt":{"rendered":"<p>El secretario general del PSPV-PSOE de Castell\u00f3, Rafa Sim\u00f3, ha denunciado que las \u00faltimas declaraciones del conseller de Sanidad, Marciano G\u00f3mez, confirman que el nuevo Hospital General llegar\u00e1 pr\u00e1cticamente al final de la legislatura sin que hayan comenzado las obras. G\u00f3mez ha asegurado que \u201cen un breve espacio de tiempo\u201d se informar\u00e1 sobre su inicio &#8230;<\/p>\n","protected":false},"author":48,"featured_media":12043,"comment_status":"open","ping_status":"open","sticky":false,"template":"","format":"standard","meta":{"jetpack_post_was_ever_published":false,"_jetpack_newsletter_access":"","_jetpack_dont_email_post_to_subs":false,"_jetpack_newsletter_tier_id":0,"_jetpack_memberships_contains_paywalled_content":false,"_jetpack_memberships_contains_paid_content":false,"footnotes":"","jetpack_publicize_message":"","jetpack_publicize_feature_enabled":true,"jetpack_social_post_already_shared":true,"jetpack_social_options":{"image_generator_settings":{"template":"highway","default_image_id":0,"font":"","enabled":false},"version":2}},"categories":[35],"tags":[733,759,423,448],"class_list":["post-12042","post","type-post","status-publish","format-standard","has-post-thumbnail","hentry","category-agrupacio-municipal","tag-begona-carrasco","tag-marciano-gomez","tag-rafa-simo","tag-todos-es"],"yoast_head":"<!-- This site is optimized with the Yoast SEO plugin v24.0 - https:\/\/yoast.com\/wordpress\/plugins\/seo\/ -->\n<title>Sim\u00f3 denuncia \u201ctres a\u00f1os de enga\u00f1os\u201d con el Hospital General - PSPV-PSOE CASTELL\u00d3<\/title>\n<meta name=\"robots\" content=\"index, follow, max-snippet:-1, max-image-preview:large, max-video-preview:-1\" \/>\n<link rel=\"canonical\" href=\"https:\/\/agrupacionespsoe.es\/castello\/simo-denuncia-tres-anos-de-enganos-con-el-hospital-general\/\" \/>\n<meta property=\"og:locale\" content=\"es_ES\" \/>\n<meta property=\"og:type\" content=\"article\" \/>\n<meta property=\"og:title\" content=\"Sim\u00f3 denuncia \u201ctres a\u00f1os de enga\u00f1os\u201d con el Hospital General - PSPV-PSOE CASTELL\u00d3\" \/>\n<meta property=\"og:description\" content=\"El secretario general del PSPV-PSOE de Castell\u00f3, Rafa Sim\u00f3, ha denunciado que las \u00faltimas declaraciones del conseller de Sanidad, Marciano G\u00f3mez, confirman que el nuevo Hospital General llegar\u00e1 pr\u00e1cticamente al final de la legislatura sin que hayan comenzado las obras. G\u00f3mez ha asegurado que \u201cen un breve espacio de tiempo\u201d se informar\u00e1 sobre su inicio ...\" \/>\n<meta property=\"og:url\" content=\"https:\/\/agrupacionespsoe.es\/castello\/simo-denuncia-tres-anos-de-enganos-con-el-hospital-general\/\" \/>\n<meta property=\"og:site_name\" content=\"PSPV-PSOE CASTELL\u00d3\" \/>\n<meta property=\"article:publisher\" content=\"https:\/\/www.facebook.com\/pspv.castellodelaplana\" \/>\n<meta property=\"article:published_time\" content=\"2026-09-05T10:44:34+00:00\" \/>\n<meta property=\"article:modified_time\" content=\"2026-09-05T10:45:19+00:00\" \/>\n<meta property=\"og:image\" content=\"https:\/\/agrupacionespsoe.es\/castello\/wp-content\/uploads\/sites\/45\/2026\/09\/20260905-Simo-denuncia-tres-anys-denganys-amb-lHospital-General.jpeg\" \/>\n\t<meta property=\"og:image:width\" content=\"1614\" \/>\n\t<meta property=\"og:image:height\" content=\"2162\" \/>\n\t<meta property=\"og:image:type\" content=\"image\/jpeg\" \/>\n<meta name=\"author\" content=\"castello1\" \/>\n<meta name=\"twitter:card\" content=\"summary_large_image\" \/>\n<meta name=\"twitter:creator\" content=\"@pspv_cs\" \/>\n<meta name=\"twitter:site\" content=\"@pspv_cs\" \/>\n<meta name=\"twitter:label1\" content=\"Escrito por\" \/>\n\t<meta name=\"twitter:data1\" content=\"castello1\" \/>\n\t<meta name=\"twitter:label2\" content=\"Tiempo de lectura\" \/>\n\t<meta name=\"twitter:data2\" content=\"2 minutos\" \/>\n<script type=\"application\/ld+json\" class=\"yoast-schema-graph\">{\"@context\":\"https:\/\/schema.org\",\"@graph\":[{\"@type\":\"Article\",\"@id\":\"https:\/\/agrupacionespsoe.es\/castello\/simo-denuncia-tres-anos-de-enganos-con-el-hospital-general\/#article\",\"isPartOf\":{\"@id\":\"https:\/\/agrupacionespsoe.es\/castello\/simo-denuncia-tres-anos-de-enganos-con-el-hospital-general\/\"},\"author\":{\"name\":\"castello1\",\"@id\":\"https:\/\/agrupacionespsoe.es\/castello\/#\/schema\/person\/f3bc5b2f9dc6a399e9e98596ae24a20a\"},\"headline\":\"Sim\u00f3 denuncia \u201ctres a\u00f1os de enga\u00f1os\u201d con el Hospital General\",\"datePublished\":\"2026-09-05T10:44:34+00:00\",\"dateModified\":\"2026-09-05T10:45:19+00:00\",\"mainEntityOfPage\":{\"@id\":\"https:\/\/agrupacionespsoe.es\/castello\/simo-denuncia-tres-anos-de-enganos-con-el-hospital-general\/\"},\"wordCount\":341,\"commentCount\":0,\"publisher\":{\"@id\":\"https:\/\/agrupacionespsoe.es\/castello\/#organization\"},\"image\":{\"@id\":\"https:\/\/agrupacionespsoe.es\/castello\/simo-denuncia-tres-anos-de-enganos-con-el-hospital-general\/#primaryimage\"},\"thumbnailUrl\":\"https:\/\/i0.wp.com\/agrupacionespsoe.es\/castello\/wp-content\/uploads\/sites\/45\/2026\/09\/20260905-Simo-denuncia-tres-anys-denganys-amb-lHospital-General.jpeg?fit=1614%2C2162&ssl=1\",\"keywords\":[\"Bego\u00f1a Carrasco\",\"Marciano G\u00f3mez\",\"Rafa Sim\u00f3\",\"Todos\"],\"articleSection\":[\"Agrupaci\u00f3n Municipal\"],\"inLanguage\":\"es\",\"potentialAction\":[{\"@type\":\"CommentAction\",\"name\":\"Comment\",\"target\":[\"https:\/\/agrupacionespsoe.es\/castello\/simo-denuncia-tres-anos-de-enganos-con-el-hospital-general\/#respond\"]}]},{\"@type\":\"WebPage\",\"@id\":\"https:\/\/agrupacionespsoe.es\/castello\/simo-denuncia-tres-anos-de-enganos-con-el-hospital-general\/\",\"url\":\"https:\/\/agrupacionespsoe.es\/castello\/simo-denuncia-tres-anos-de-enganos-con-el-hospital-general\/\",\"name\":\"Sim\u00f3 denuncia \u201ctres a\u00f1os de enga\u00f1os\u201d con el Hospital General - PSPV-PSOE CASTELL\u00d3\",\"isPartOf\":{\"@id\":\"https:\/\/agrupacionespsoe.es\/castello\/#website\"},\"primaryImageOfPage\":{\"@id\":\"https:\/\/agrupacionespsoe.es\/castello\/simo-denuncia-tres-anos-de-enganos-con-el-hospital-general\/#primaryimage\"},\"image\":{\"@id\":\"https:\/\/agrupacionespsoe.es\/castello\/simo-denuncia-tres-anos-de-enganos-con-el-hospital-general\/#primaryimage\"},\"thumbnailUrl\":\"https:\/\/i0.wp.com\/agrupacionespsoe.es\/castello\/wp-content\/uploads\/sites\/45\/2026\/09\/20260905-Simo-denuncia-tres-anys-denganys-amb-lHospital-General.jpeg?fit=1614%2C2162&ssl=1\",\"datePublished\":\"2026-09-05T10:44:34+00:00\",\"dateModified\":\"2026-09-05T10:45:19+00:00\",\"breadcrumb\":{\"@id\":\"https:\/\/agrupacionespsoe.es\/castello\/simo-denuncia-tres-anos-de-enganos-con-el-hospital-general\/#breadcrumb\"},\"inLanguage\":\"es\",\"potentialAction\":[{\"@type\":\"ReadAction\",\"target\":[\"https:\/\/agrupacionespsoe.es\/castello\/simo-denuncia-tres-anos-de-enganos-con-el-hospital-general\/\"]}]},{\"@type\":\"ImageObject\",\"inLanguage\":\"es\",\"@id\":\"https:\/\/agrupacionespsoe.es\/castello\/simo-denuncia-tres-anos-de-enganos-con-el-hospital-general\/#primaryimage\",\"url\":\"https:\/\/i0.wp.com\/agrupacionespsoe.es\/castello\/wp-content\/uploads\/sites\/45\/2026\/09\/20260905-Simo-denuncia-tres-anys-denganys-amb-lHospital-General.jpeg?fit=1614%2C2162&ssl=1\",\"contentUrl\":\"https:\/\/i0.wp.com\/agrupacionespsoe.es\/castello\/wp-content\/uploads\/sites\/45\/2026\/09\/20260905-Simo-denuncia-tres-anys-denganys-amb-lHospital-General.jpeg?fit=1614%2C2162&ssl=1\",\"width\":1614,\"height\":2162},{\"@type\":\"BreadcrumbList\",\"@id\":\"https:\/\/agrupacionespsoe.es\/castello\/simo-denuncia-tres-anos-de-enganos-con-el-hospital-general\/#breadcrumb\",\"itemListElement\":[{\"@type\":\"ListItem\",\"position\":1,\"name\":\"Portada\",\"item\":\"https:\/\/agrupacionespsoe.es\/castello\/\"},{\"@type\":\"ListItem\",\"position\":2,\"name\":\"Sim\u00f3 denuncia \u201ctres a\u00f1os de enga\u00f1os\u201d con el Hospital General\"}]},{\"@type\":\"WebSite\",\"@id\":\"https:\/\/agrupacionespsoe.es\/castello\/#website\",\"url\":\"https:\/\/agrupacionespsoe.es\/castello\/\",\"name\":\"PSPV-PSOE CASTELL\u00d3\",\"description\":\"PSPV-PSOE | Agrupaci\u00f3 de Castell\u00f3\",\"publisher\":{\"@id\":\"https:\/\/agrupacionespsoe.es\/castello\/#organization\"},\"potentialAction\":[{\"@type\":\"SearchAction\",\"target\":{\"@type\":\"EntryPoint\",\"urlTemplate\":\"https:\/\/agrupacionespsoe.es\/castello\/?s={search_term_string}\"},\"query-input\":{\"@type\":\"PropertyValueSpecification\",\"valueRequired\":true,\"valueName\":\"search_term_string\"}}],\"inLanguage\":\"es\"},{\"@type\":\"Organization\",\"@id\":\"https:\/\/agrupacionespsoe.es\/castello\/#organization\",\"name\":\"PSPV-PSOE Castell\u00f3\",\"url\":\"https:\/\/agrupacionespsoe.es\/castello\/\",\"logo\":{\"@type\":\"ImageObject\",\"inLanguage\":\"es\",\"@id\":\"https:\/\/agrupacionespsoe.es\/castello\/#\/schema\/logo\/image\/\",\"url\":\"https:\/\/agrupacionespsoe.es\/castello\/wp-content\/uploads\/sites\/45\/2023\/04\/PORTADA-PSOE-CASTELLO.jpg\",\"contentUrl\":\"https:\/\/agrupacionespsoe.es\/castello\/wp-content\/uploads\/sites\/45\/2023\/04\/PORTADA-PSOE-CASTELLO.jpg\",\"width\":2500,\"height\":2500,\"caption\":\"PSPV-PSOE Castell\u00f3\"},\"image\":{\"@id\":\"https:\/\/agrupacionespsoe.es\/castello\/#\/schema\/logo\/image\/\"},\"sameAs\":[\"https:\/\/www.facebook.com\/pspv.castellodelaplana\",\"https:\/\/x.com\/pspv_cs\",\"https:\/\/www.instagram.com\/pspvpsoecastello\/\"]},{\"@type\":\"Person\",\"@id\":\"https:\/\/agrupacionespsoe.es\/castello\/#\/schema\/person\/f3bc5b2f9dc6a399e9e98596ae24a20a\",\"name\":\"castello1\",\"image\":{\"@type\":\"ImageObject\",\"inLanguage\":\"es\",\"@id\":\"https:\/\/agrupacionespsoe.es\/castello\/#\/schema\/person\/image\/\",\"url\":\"https:\/\/secure.gravatar.com\/avatar\/5f1da428d6479d1127419c0b58796865?s=96&d=mm&r=g\",\"contentUrl\":\"https:\/\/secure.gravatar.com\/avatar\/5f1da428d6479d1127419c0b58796865?s=96&d=mm&r=g\",\"caption\":\"castello1\"},\"url\":\"https:\/\/agrupacionespsoe.es\/castello\/author\/castello1\/\"}]}<\/script>\n<!-- \/ Yoast SEO plugin. -->","yoast_head_json":{"title":"Sim\u00f3 denuncia \u201ctres a\u00f1os de enga\u00f1os\u201d con el Hospital General - PSPV-PSOE CASTELL\u00d3","robots":{"index":"index","follow":"follow","max-snippet":"max-snippet:-1","max-image-preview":"max-image-preview:large","max-video-preview":"max-video-preview:-1"},"canonical":"https:\/\/agrupacionespsoe.es\/castello\/simo-denuncia-tres-anos-de-enganos-con-el-hospital-general\/","og_locale":"es_ES","og_type":"article","og_title":"Sim\u00f3 denuncia \u201ctres a\u00f1os de enga\u00f1os\u201d con el Hospital General - PSPV-PSOE CASTELL\u00d3","og_description":"El secretario general del PSPV-PSOE de Castell\u00f3, Rafa Sim\u00f3, ha denunciado que las \u00faltimas declaraciones del conseller de Sanidad, Marciano G\u00f3mez, confirman que el nuevo Hospital General llegar\u00e1 pr\u00e1cticamente al final de la legislatura sin que hayan comenzado las obras. G\u00f3mez ha asegurado que \u201cen un breve espacio de tiempo\u201d se informar\u00e1 sobre su inicio ...","og_url":"https:\/\/agrupacionespsoe.es\/castello\/simo-denuncia-tres-anos-de-enganos-con-el-hospital-general\/","og_site_name":"PSPV-PSOE CASTELL\u00d3","article_publisher":"https:\/\/www.facebook.com\/pspv.castellodelaplana","article_published_time":"2026-09-05T10:44:34+00:00","article_modified_time":"2026-09-05T10:45:19+00:00","og_image":[{"width":1614,"height":2162,"url":"https:\/\/agrupacionespsoe.es\/castello\/wp-content\/uploads\/sites\/45\/2026\/09\/20260905-Simo-denuncia-tres-anys-denganys-amb-lHospital-General.jpeg","type":"image\/jpeg"}],"author":"castello1","twitter_card":"summary_large_image","twitter_creator":"@pspv_cs","twitter_site":"@pspv_cs","twitter_misc":{"Escrito por":"castello1","Tiempo de lectura":"2 minutos"},"schema":{"@context":"https:\/\/schema.org","@graph":[{"@type":"Article","@id":"https:\/\/agrupacionespsoe.es\/castello\/simo-denuncia-tres-anos-de-enganos-con-el-hospital-general\/#article","isPartOf":{"@id":"https:\/\/agrupacionespsoe.es\/castello\/simo-denuncia-tres-anos-de-enganos-con-el-hospital-general\/"},"author":{"name":"castello1","@id":"https:\/\/agrupacionespsoe.es\/castello\/#\/schema\/person\/f3bc5b2f9dc6a399e9e98596ae24a20a"},"headline":"Sim\u00f3 denuncia \u201ctres a\u00f1os de enga\u00f1os\u201d con el Hospital General","datePublished":"2026-09-05T10:44:34+00:00","dateModified":"2026-09-05T10:45:19+00:00","mainEntityOfPage":{"@id":"https:\/\/agrupacionespsoe.es\/castello\/simo-denuncia-tres-anos-de-enganos-con-el-hospital-general\/"},"wordCount":341,"commentCount":0,"publisher":{"@id":"https:\/\/agrupacionespsoe.es\/castello\/#organization"},"image":{"@id":"https:\/\/agrupacionespsoe.es\/castello\/simo-denuncia-tres-anos-de-enganos-con-el-hospital-general\/#primaryimage"},"thumbnailUrl":"https:\/\/i0.wp.com\/agrupacionespsoe.es\/castello\/wp-content\/uploads\/sites\/45\/2026\/09\/20260905-Simo-denuncia-tres-anys-denganys-amb-lHospital-General.jpeg?fit=1614%2C2162&ssl=1","keywords":["Bego\u00f1a Carrasco","Marciano G\u00f3mez","Rafa Sim\u00f3","Todos"],"articleSection":["Agrupaci\u00f3n Municipal"],"inLanguage":"es","potentialAction":[{"@type":"CommentAction","name":"Comment","target":["https:\/\/agrupacionespsoe.es\/castello\/simo-denuncia-tres-anos-de-enganos-con-el-hospital-general\/#respond"]}]},{"@type":"WebPage","@id":"https:\/\/agrupacionespsoe.es\/castello\/simo-denuncia-tres-anos-de-enganos-con-el-hospital-general\/","url":"https:\/\/agrupacionespsoe.es\/castello\/simo-denuncia-tres-anos-de-enganos-con-el-hospital-general\/","name":"Sim\u00f3 denuncia \u201ctres a\u00f1os de enga\u00f1os\u201d con el Hospital General - PSPV-PSOE CASTELL\u00d3","isPartOf":{"@id":"https:\/\/agrupacionespsoe.es\/castello\/#website"},"primaryImageOfPage":{"@id":"https:\/\/agrupacionespsoe.es\/castello\/simo-denuncia-tres-anos-de-enganos-con-el-hospital-general\/#primaryimage"},"image":{"@id":"https:\/\/agrupacionespsoe.es\/castello\/simo-denuncia-tres-anos-de-enganos-con-el-hospital-general\/#primaryimage"},"thumbnailUrl":"https:\/\/i0.wp.com\/agrupacionespsoe.es\/castello\/wp-content\/uploads\/sites\/45\/2026\/09\/20260905-Simo-denuncia-tres-anys-denganys-amb-lHospital-General.jpeg?fit=1614%2C2162&ssl=1","datePublished":"2026-09-05T10:44:34+00:00","dateModified":"2026-09-05T10:45:19+00:00","breadcrumb":{"@id":"https:\/\/agrupacionespsoe.es\/castello\/simo-denuncia-tres-anos-de-enganos-con-el-hospital-general\/#breadcrumb"},"inLanguage":"es","potentialAction":[{"@type":"ReadAction","target":["https:\/\/agrupacionespsoe.es\/castello\/simo-denuncia-tres-anos-de-enganos-con-el-hospital-general\/"]}]},{"@type":"ImageObject","inLanguage":"es","@id":"https:\/\/agrupacionespsoe.es\/castello\/simo-denuncia-tres-anos-de-enganos-con-el-hospital-general\/#primaryimage","url":"https:\/\/i0.wp.com\/agrupacionespsoe.es\/castello\/wp-content\/uploads\/sites\/45\/2026\/09\/20260905-Simo-denuncia-tres-anys-denganys-amb-lHospital-General.jpeg?fit=1614%2C2162&ssl=1","contentUrl":"https:\/\/i0.wp.com\/agrupacionespsoe.es\/castello\/wp-content\/uploads\/sites\/45\/2026\/09\/20260905-Simo-denuncia-tres-anys-denganys-amb-lHospital-General.jpeg?fit=1614%2C2162&ssl=1","width":1614,"height":2162},{"@type":"BreadcrumbList","@id":"https:\/\/agrupacionespsoe.es\/castello\/simo-denuncia-tres-anos-de-enganos-con-el-hospital-general\/#breadcrumb","itemListElement":[{"@type":"ListItem","position":1,"name":"Portada","item":"https:\/\/agrupacionespsoe.es\/castello\/"},{"@type":"ListItem","position":2,"name":"Sim\u00f3 denuncia \u201ctres a\u00f1os de enga\u00f1os\u201d con el Hospital General"}]},{"@type":"WebSite","@id":"https:\/\/agrupacionespsoe.es\/castello\/#website","url":"https:\/\/agrupacionespsoe.es\/castello\/","name":"PSPV-PSOE CASTELL\u00d3","description":"PSPV-PSOE | Agrupaci\u00f3 de Castell\u00f3","publisher":{"@id":"https:\/\/agrupacionespsoe.es\/castello\/#organization"},"potentialAction":[{"@type":"SearchAction","target":{"@type":"EntryPoint","urlTemplate":"https:\/\/agrupacionespsoe.es\/castello\/?s={search_term_string}"},"query-input":{"@type":"PropertyValueSpecification","valueRequired":true,"valueName":"search_term_string"}}],"inLanguage":"es"},{"@type":"Organization","@id":"https:\/\/agrupacionespsoe.es\/castello\/#organization","name":"PSPV-PSOE Castell\u00f3","url":"https:\/\/agrupacionespsoe.es\/castello\/","logo":{"@type":"ImageObject","inLanguage":"es","@id":"https:\/\/agrupacionespsoe.es\/castello\/#\/schema\/logo\/image\/","url":"https:\/\/agrupacionespsoe.es\/castello\/wp-content\/uploads\/sites\/45\/2023\/04\/PORTADA-PSOE-CASTELLO.jpg","contentUrl":"https:\/\/agrupacionespsoe.es\/castello\/wp-content\/uploads\/sites\/45\/2023\/04\/PORTADA-PSOE-CASTELLO.jpg","width":2500,"height":2500,"caption":"PSPV-PSOE Castell\u00f3"},"image":{"@id":"https:\/\/agrupacionespsoe.es\/castello\/#\/schema\/logo\/image\/"},"sameAs":["https:\/\/www.facebook.com\/pspv.castellodelaplana","https:\/\/x.com\/pspv_cs","https:\/\/www.instagram.com\/pspvpsoecastello\/"]},{"@type":"Person","@id":"https:\/\/agrupacionespsoe.es\/castello\/#\/schema\/person\/f3bc5b2f9dc6a399e9e98596ae24a20a","name":"castello1","image":{"@type":"ImageObject","inLanguage":"es","@id":"https:\/\/agrupacionespsoe.es\/castello\/#\/schema\/person\/image\/","url":"https:\/\/secure.gravatar.com\/avatar\/5f1da428d6479d1127419c0b58796865?s=96&d=mm&r=g","contentUrl":"https:\/\/secure.gravatar.com\/avatar\/5f1da428d6479d1127419c0b58796865?s=96&d=mm&r=g","caption":"castello1"},"url":"https:\/\/agrupacionespsoe.es\/castello\/author\/castello1\/"}]}},"jetpack_publicize_connections":[],"jetpack_featured_media_url":"https:\/\/i0.wp.com\/agrupacionespsoe.es\/castello\/wp-content\/uploads\/sites\/45\/2026\/09\/20260905-Simo-denuncia-tres-anys-denganys-amb-lHospital-General.jpeg?fit=1614%2C2162&ssl=1","jetpack_sharing_enabled":true,"jetpack_shortlink":"https:\/\/wp.me\/pgSzTX-38e","_links":{"self":[{"href":"https:\/\/agrupacionespsoe.es\/castello\/wp-json\/wp\/v2\/posts\/12042","targetHints":{"allow":["GET"]}}],"collection":[{"href":"https:\/\/agrupacionespsoe.es\/castello\/wp-json\/wp\/v2\/posts"}],"about":[{"href":"https:\/\/agrupacionespsoe.es\/castello\/wp-json\/wp\/v2\/types\/post"}],"author":[{"embeddable":true,"href":"https:\/\/agrupacionespsoe.es\/castello\/wp-json\/wp\/v2\/users\/48"}],"replies":[{"embeddable":true,"href":"https:\/\/agrupacionespsoe.es\/castello\/wp-json\/wp\/v2\/comments?post=12042"}],"version-history":[{"count":3,"href":"https:\/\/agrupacionespsoe.es\/castello\/wp-json\/wp\/v2\/posts\/12042\/revisions"}],"predecessor-version":[{"id":12048,"href":"https:\/\/agrupacionespsoe.es\/castello\/wp-json\/wp\/v2\/posts\/12042\/revisions\/12048"}],"wp:featuredmedia":[{"embeddable":true,"href":"https:\/\/agrupacionespsoe.es\/castello\/wp-json\/wp\/v2\/media\/12043"}],"wp:attachment":[{"href":"https:\/\/agrupacionespsoe.es\/castello\/wp-json\/wp\/v2\/media?parent=12042"}],"wp:term":[{"taxonomy":"category","embeddable":true,"href":"https:\/\/agrupacionespsoe.es\/castello\/wp-json\/wp\/v2\/categories?post=12042"},{"taxonomy":"post_tag","embeddable":true,"href":"https:\/\/agrupacionespsoe.es\/castello\/wp-json\/wp\/v2\/tags?post=12042"}],"curies":[{"name":"wp","href":"https:\/\/api.w.org\/{rel}","templated":true}]}}